{"id":58125,"date":"2025-03-31T15:52:09","date_gmt":"2025-03-31T18:52:09","guid":{"rendered":"https:\/\/jornalfatosenoticias.com.br\/?p=58125"},"modified":"2025-03-31T15:52:10","modified_gmt":"2025-03-31T18:52:10","slug":"desde-2001-festival-da-pororoca-reune-atletas-do-surf-e-curiosos-em-sao-domingos-do-capim","status":"publish","type":"post","link":"https:\/\/jornalfatosenoticias.com.br\/index.php\/2025\/03\/31\/desde-2001-festival-da-pororoca-reune-atletas-do-surf-e-curiosos-em-sao-domingos-do-capim\/","title":{"rendered":"Desde 2001, Festival da Pororoca re\u00fane atletas do surf e curiosos em S\u00e3o Domingos do Capim"},"content":{"rendered":"\n<p><em><span class=\"has-inline-color has-black-color\">As \u00e1guas do Rio Capim, famosas por suas ondas intensas, voltaram a ser palco de manobras radicais, colocando novamente o munic\u00edpio como refer\u00eancia da modalidade esportiva na Amaz\u00f4nia<\/span><\/em><\/p>\n\n\n\n<div class=\"wp-block-image\"><figure class=\"aligncenter size-large\"><a href=\"https:\/\/mizu.com.br\/\"><img loading=\"lazy\" decoding=\"async\" width=\"729\" height=\"90\" src=\"https:\/\/jornalfatosenoticias.com.br\/wp-content\/uploads\/2020\/02\/Logo_Mizu.png\" alt=\"\" class=\"wp-image-1441\" srcset=\"https:\/\/jornalfatosenoticias.com.br\/wp-content\/uploads\/2020\/02\/Logo_Mizu.png 729w, https:\/\/jornalfatosenoticias.com.br\/wp-content\/uploads\/2020\/02\/Logo_Mizu-300x37.png 300w\" sizes=\"auto, (max-width: 729px) 100vw, 729px\" \/><\/a><\/figure><\/div>\n\n\n\n<p>Um espet\u00e1culo sonoro e visual. A <a href=\"https:\/\/portalamazonia.com\/amazonia-de-a-a-z\/p\/pororoca\/\">pororoca,<\/a> fen\u00f4meno natural provocado pelo encontro entre as \u00e1guas de rio e do mar, h\u00e1 anos encanta surfistas, moradores e visitantes em S\u00e3o Domingos do Capim, nordeste do Par\u00e1. Origin\u00e1ria do Tupi, a palavra pororoca significa \u201cestrondo\u201d.<br>O <a href=\"https:\/\/www.instagram.com\/festivaldapororoca\/\">Festival Internacional da Pororoca,<\/a> que ocorre anualmente desde 2001, re\u00fane atletas nacionais e internacionais do surf. As \u00e1guas do Rio Capim, famosas por suas ondas intensas, voltaram a ser palco de manobras radicais, colocando novamente o munic\u00edpio como refer\u00eancia da modalidade esportiva na Amaz\u00f4nia. Assista <a href=\"https:\/\/www.instagram.com\/reel\/DHw7MoWvbWc\/?utm_source=ig_web_copy_link\">AQUI.<\/a><\/p>\n\n\n\n<div class=\"wp-block-image\"><figure class=\"aligncenter size-large is-resized\"><a href=\"https:\/\/www.instagram.com\/rcradiadores\/\"><img loading=\"lazy\" decoding=\"async\" src=\"https:\/\/jornalfatosenoticias.com.br\/wp-content\/uploads\/2022\/10\/RC_800x750_page-0001.jpg\" alt=\"\" class=\"wp-image-35338\" width=\"316\" height=\"296\" srcset=\"https:\/\/jornalfatosenoticias.com.br\/wp-content\/uploads\/2022\/10\/RC_800x750_page-0001.jpg 400w, https:\/\/jornalfatosenoticias.com.br\/wp-content\/uploads\/2022\/10\/RC_800x750_page-0001-300x281.jpg 300w\" sizes=\"auto, (max-width: 316px) 100vw, 316px\" \/><\/a><\/figure><\/div>\n\n\n\n<p>Este ano, al\u00e9m do torneio de surf, S\u00e3o Domingos do Capim \u2014 h\u00e1 mais de 135 km de Bel\u00e9m \u2014 tamb\u00e9m se prepara para sediar um festival cultural e gastron\u00f4mico, que destacar\u00e1 a culin\u00e1ria paraense e as tradi\u00e7\u00f5es art\u00edsticas da regi\u00e3o.<\/p>\n\n\n\n<div class=\"wp-block-image\"><figure class=\"aligncenter size-large is-resized\"><a href=\"https:\/\/www.legisjuris.com.br\/\"><img loading=\"lazy\" decoding=\"async\" src=\"https:\/\/jornalfatosenoticias.com.br\/wp-content\/uploads\/2024\/09\/Legis-Juris-Consultoria_logo.jpg\" alt=\"\" class=\"wp-image-53915\" width=\"473\" height=\"198\" srcset=\"https:\/\/jornalfatosenoticias.com.br\/wp-content\/uploads\/2024\/09\/Legis-Juris-Consultoria_logo.jpg 969w, https:\/\/jornalfatosenoticias.com.br\/wp-content\/uploads\/2024\/09\/Legis-Juris-Consultoria_logo-300x126.jpg 300w, https:\/\/jornalfatosenoticias.com.br\/wp-content\/uploads\/2024\/09\/Legis-Juris-Consultoria_logo-768x322.jpg 768w\" sizes=\"auto, (max-width: 473px) 100vw, 473px\" \/><\/a><\/figure><\/div>\n\n\n\n<p>O p\u00fablico ter\u00e1 a oportunidade de experimentar pratos t\u00edpicos da culin\u00e1ria paraense, como mani\u00e7oba, tacac\u00e1 e peixe assado, enquanto assiste a apresenta\u00e7\u00f5es de carimb\u00f3, outras dan\u00e7as folcl\u00f3ricas e shows de artistas locais. Com \u00eanfase na sustentabilidade, o munic\u00edpio investe em trilhas ecol\u00f3gicas, passeios de barco pelo Rio Capim e iniciativas que conectam os visitantes \u00e0 biodiversidade amaz\u00f4nica.<\/p>\n\n\n\n<div class=\"wp-block-image\"><figure class=\"aligncenter size-large\"><a href=\"https:\/\/www.cesconetto.com.br\/\"><img loading=\"lazy\" decoding=\"async\" width=\"300\" height=\"250\" src=\"https:\/\/jornalfatosenoticias.com.br\/wp-content\/uploads\/2020\/02\/Banner-2.png\" alt=\"\" class=\"wp-image-43787\"\/><\/a><\/figure><\/div>\n\n\n\n<p>Deisy Reis saiu do munic\u00edpio de Moju, na Regi\u00e3o de Integra\u00e7\u00e3o Tocantins, para ver a pororoca pela primeira vez in loco. \u201cEu vi na televis\u00e3o, mas a experi\u00eancia tem que ser ao vivo, porque o nosso Par\u00e1 \u00e9 \u00fanico em rela\u00e7\u00e3o \u00e0s nossas comidas, ao nossos fen\u00f4menos. \u00c9 muito interessante a gente ver o crescimento do turismo no Par\u00e1\u201d, disse a visitante.<\/p>\n\n\n\n<div class=\"wp-block-image\"><figure class=\"aligncenter size-large is-resized\"><a href=\"https:\/\/panper.com.br\/\"><img loading=\"lazy\" decoding=\"async\" src=\"https:\/\/jornalfatosenoticias.com.br\/wp-content\/uploads\/2023\/03\/logo-Panper_portal.jpg\" alt=\"\" class=\"wp-image-40208\" width=\"267\" height=\"185\" srcset=\"https:\/\/jornalfatosenoticias.com.br\/wp-content\/uploads\/2023\/03\/logo-Panper_portal.jpg 400w, https:\/\/jornalfatosenoticias.com.br\/wp-content\/uploads\/2023\/03\/logo-Panper_portal-300x208.jpg 300w\" sizes=\"auto, (max-width: 267px) 100vw, 267px\" \/><\/a><\/figure><\/div>\n\n\n\n<p>Segundo o prefeito de S\u00e3o Domingos, Orivaldo das Neves Oliveira (Orivaldo Bateria), o evento em 2025 oferece diversas atra\u00e7\u00f5es regionais e nacionais, incluindo aparelhagens e competi\u00e7\u00f5es de surf, futebol de areia, nata\u00e7\u00e3o, triathlon, canoagem e boxe (a \u2018Pororoca Fight\u2019).<\/p>\n\n\n\n<p><strong>Fonte: <a href=\"https:\/\/portalamazonia.com\/cultura\/festival-pororoca-sao-domingos-do-capim\/\">Portal Amaz\u00f4nia<\/a><\/strong><\/p>\n","protected":false},"excerpt":{"rendered":"<p>As \u00e1guas do Rio Capim, famosas por suas ondas intensas, voltaram a ser palco de manobras radicais, colocando novamente o munic\u00edpio como refer\u00eancia da modalidade esportiva na Amaz\u00f4nia Um espet\u00e1culo sonoro e visual. A pororoca, fen\u00f4meno natural provocado pelo encontro entre as \u00e1guas de rio e do mar, h\u00e1 anos encanta surfistas, moradores e visitantes [&hellip;]<\/p>\n","protected":false},"author":2,"featured_media":58126,"comment_status":"open","ping_status":"open","sticky":false,"template":"","format":"standard","meta":{"footnotes":""},"categories":[4,746],"tags":[713,241,940,26501,1853],"class_list":["post-58125","post","type-post","status-publish","format-standard","has-post-thumbnail","hentry","category-cultura","category-turismo","tag-cultura","tag-esporte","tag-para","tag-surf-na-pororoca","tag-turismo"],"yoast_head":"<!-- This site is optimized with the Yoast SEO plugin v26.5 - https:\/\/yoast.com\/wordpress\/plugins\/seo\/ -->\n<title>Desde 2001, Festival da Pororoca re\u00fane atletas do surf e curiosos em S\u00e3o Domingos do Capim - Jornal Fatos e Not\u00edcias<\/title>\n<meta name=\"robots\" content=\"index, follow, max-snippet:-1, max-image-preview:large, max-video-preview:-1\" \/>\n<link rel=\"canonical\" href=\"https:\/\/jornalfatosenoticias.com.br\/index.php\/2025\/03\/31\/desde-2001-festival-da-pororoca-reune-atletas-do-surf-e-curiosos-em-sao-domingos-do-capim\/\" \/>\n<meta property=\"og:locale\" content=\"pt_BR\" \/>\n<meta property=\"og:type\" content=\"article\" \/>\n<meta property=\"og:title\" content=\"Desde 2001, Festival da Pororoca re\u00fane atletas do surf e curiosos em S\u00e3o Domingos do Capim - Jornal Fatos e Not\u00edcias\" \/>\n<meta property=\"og:description\" content=\"As \u00e1guas do Rio Capim, famosas por suas ondas intensas, voltaram a ser palco de manobras radicais, colocando novamente o munic\u00edpio como refer\u00eancia da modalidade esportiva na Amaz\u00f4nia Um espet\u00e1culo sonoro e visual. A pororoca, fen\u00f4meno natural provocado pelo encontro entre as \u00e1guas de rio e do mar, h\u00e1 anos encanta surfistas, moradores e visitantes [&hellip;]\" \/>\n<meta property=\"og:url\" content=\"https:\/\/jornalfatosenoticias.com.br\/index.php\/2025\/03\/31\/desde-2001-festival-da-pororoca-reune-atletas-do-surf-e-curiosos-em-sao-domingos-do-capim\/\" \/>\n<meta property=\"og:site_name\" content=\"Jornal Fatos e Not\u00edcias\" \/>\n<meta property=\"article:published_time\" content=\"2025-03-31T18:52:09+00:00\" \/>\n<meta property=\"article:modified_time\" content=\"2025-03-31T18:52:10+00:00\" \/>\n<meta property=\"og:image\" content=\"https:\/\/jornalfatosenoticias.com.br\/wp-content\/uploads\/2025\/03\/festival-da-pororoca_divulgacao.jpg\" \/>\n\t<meta property=\"og:image:width\" content=\"665\" \/>\n\t<meta property=\"og:image:height\" content=\"443\" \/>\n\t<meta property=\"og:image:type\" content=\"image\/jpeg\" \/>\n<meta name=\"author\" content=\"Luzimara Fernandes\" \/>\n<meta name=\"twitter:card\" content=\"summary_large_image\" \/>\n<meta name=\"twitter:label1\" content=\"Escrito por\" \/>\n\t<meta name=\"twitter:data1\" content=\"Luzimara Fernandes\" \/>\n\t<meta name=\"twitter:label2\" content=\"Est. tempo de leitura\" \/>\n\t<meta name=\"twitter:data2\" content=\"2 minutos\" \/>\n<script type=\"application\/ld+json\" class=\"yoast-schema-graph\">{\"@context\":\"https:\/\/schema.org\",\"@graph\":[{\"@type\":\"Article\",\"@id\":\"https:\/\/jornalfatosenoticias.com.br\/index.php\/2025\/03\/31\/desde-2001-festival-da-pororoca-reune-atletas-do-surf-e-curiosos-em-sao-domingos-do-capim\/#article\",\"isPartOf\":{\"@id\":\"https:\/\/jornalfatosenoticias.com.br\/index.php\/2025\/03\/31\/desde-2001-festival-da-pororoca-reune-atletas-do-surf-e-curiosos-em-sao-domingos-do-capim\/\"},\"author\":{\"name\":\"Luzimara Fernandes\",\"@id\":\"https:\/\/jornalfatosenoticias.com.br\/#\/schema\/person\/d63837fa13ac8666eb9e74e0985d6f81\"},\"headline\":\"Desde 2001, Festival da Pororoca re\u00fane atletas do surf e curiosos em S\u00e3o Domingos do Capim\",\"datePublished\":\"2025-03-31T18:52:09+00:00\",\"dateModified\":\"2025-03-31T18:52:10+00:00\",\"mainEntityOfPage\":{\"@id\":\"https:\/\/jornalfatosenoticias.com.br\/index.php\/2025\/03\/31\/desde-2001-festival-da-pororoca-reune-atletas-do-surf-e-curiosos-em-sao-domingos-do-capim\/\"},\"wordCount\":371,\"commentCount\":0,\"publisher\":{\"@id\":\"https:\/\/jornalfatosenoticias.com.br\/#organization\"},\"image\":{\"@id\":\"https:\/\/jornalfatosenoticias.com.br\/index.php\/2025\/03\/31\/desde-2001-festival-da-pororoca-reune-atletas-do-surf-e-curiosos-em-sao-domingos-do-capim\/#primaryimage\"},\"thumbnailUrl\":\"https:\/\/jornalfatosenoticias.com.br\/wp-content\/uploads\/2025\/03\/festival-da-pororoca_divulgacao.jpg\",\"keywords\":[\"cultura\",\"esporte\",\"Par\u00e1\",\"surf na pororoca\",\"Turismo\"],\"articleSection\":[\"Cultura\",\"Turismo\"],\"inLanguage\":\"pt-BR\",\"potentialAction\":[{\"@type\":\"CommentAction\",\"name\":\"Comment\",\"target\":[\"https:\/\/jornalfatosenoticias.com.br\/index.php\/2025\/03\/31\/desde-2001-festival-da-pororoca-reune-atletas-do-surf-e-curiosos-em-sao-domingos-do-capim\/#respond\"]}]},{\"@type\":\"WebPage\",\"@id\":\"https:\/\/jornalfatosenoticias.com.br\/index.php\/2025\/03\/31\/desde-2001-festival-da-pororoca-reune-atletas-do-surf-e-curiosos-em-sao-domingos-do-capim\/\",\"url\":\"https:\/\/jornalfatosenoticias.com.br\/index.php\/2025\/03\/31\/desde-2001-festival-da-pororoca-reune-atletas-do-surf-e-curiosos-em-sao-domingos-do-capim\/\",\"name\":\"Desde 2001, Festival da Pororoca re\u00fane atletas do surf e curiosos em S\u00e3o Domingos do Capim - Jornal Fatos e Not\u00edcias\",\"isPartOf\":{\"@id\":\"https:\/\/jornalfatosenoticias.com.br\/#website\"},\"primaryImageOfPage\":{\"@id\":\"https:\/\/jornalfatosenoticias.com.br\/index.php\/2025\/03\/31\/desde-2001-festival-da-pororoca-reune-atletas-do-surf-e-curiosos-em-sao-domingos-do-capim\/#primaryimage\"},\"image\":{\"@id\":\"https:\/\/jornalfatosenoticias.com.br\/index.php\/2025\/03\/31\/desde-2001-festival-da-pororoca-reune-atletas-do-surf-e-curiosos-em-sao-domingos-do-capim\/#primaryimage\"},\"thumbnailUrl\":\"https:\/\/jornalfatosenoticias.com.br\/wp-content\/uploads\/2025\/03\/festival-da-pororoca_divulgacao.jpg\",\"datePublished\":\"2025-03-31T18:52:09+00:00\",\"dateModified\":\"2025-03-31T18:52:10+00:00\",\"breadcrumb\":{\"@id\":\"https:\/\/jornalfatosenoticias.com.br\/index.php\/2025\/03\/31\/desde-2001-festival-da-pororoca-reune-atletas-do-surf-e-curiosos-em-sao-domingos-do-capim\/#breadcrumb\"},\"inLanguage\":\"pt-BR\",\"potentialAction\":[{\"@type\":\"ReadAction\",\"target\":[\"https:\/\/jornalfatosenoticias.com.br\/index.php\/2025\/03\/31\/desde-2001-festival-da-pororoca-reune-atletas-do-surf-e-curiosos-em-sao-domingos-do-capim\/\"]}]},{\"@type\":\"ImageObject\",\"inLanguage\":\"pt-BR\",\"@id\":\"https:\/\/jornalfatosenoticias.com.br\/index.php\/2025\/03\/31\/desde-2001-festival-da-pororoca-reune-atletas-do-surf-e-curiosos-em-sao-domingos-do-capim\/#primaryimage\",\"url\":\"https:\/\/jornalfatosenoticias.com.br\/wp-content\/uploads\/2025\/03\/festival-da-pororoca_divulgacao.jpg\",\"contentUrl\":\"https:\/\/jornalfatosenoticias.com.br\/wp-content\/uploads\/2025\/03\/festival-da-pororoca_divulgacao.jpg\",\"width\":665,\"height\":443},{\"@type\":\"BreadcrumbList\",\"@id\":\"https:\/\/jornalfatosenoticias.com.br\/index.php\/2025\/03\/31\/desde-2001-festival-da-pororoca-reune-atletas-do-surf-e-curiosos-em-sao-domingos-do-capim\/#breadcrumb\",\"itemListElement\":[{\"@type\":\"ListItem\",\"position\":1,\"name\":\"In\u00edcio\",\"item\":\"https:\/\/jornalfatosenoticias.com.br\/\"},{\"@type\":\"ListItem\",\"position\":2,\"name\":\"Desde 2001, Festival da Pororoca re\u00fane atletas do surf e curiosos em S\u00e3o Domingos do Capim\"}]},{\"@type\":\"WebSite\",\"@id\":\"https:\/\/jornalfatosenoticias.com.br\/#website\",\"url\":\"https:\/\/jornalfatosenoticias.com.br\/\",\"name\":\"Jornal Fatos e Not\u00edcias\",\"description\":\"Not\u00edcias em geral\",\"publisher\":{\"@id\":\"https:\/\/jornalfatosenoticias.com.br\/#organization\"},\"potentialAction\":[{\"@type\":\"SearchAction\",\"target\":{\"@type\":\"EntryPoint\",\"urlTemplate\":\"https:\/\/jornalfatosenoticias.com.br\/?s={search_term_string}\"},\"query-input\":{\"@type\":\"PropertyValueSpecification\",\"valueRequired\":true,\"valueName\":\"search_term_string\"}}],\"inLanguage\":\"pt-BR\"},{\"@type\":\"Organization\",\"@id\":\"https:\/\/jornalfatosenoticias.com.br\/#organization\",\"name\":\"Jornal Fatos e Not\u00edcias\",\"url\":\"https:\/\/jornalfatosenoticias.com.br\/\",\"logo\":{\"@type\":\"ImageObject\",\"inLanguage\":\"pt-BR\",\"@id\":\"https:\/\/jornalfatosenoticias.com.br\/#\/schema\/logo\/image\/\",\"url\":\"https:\/\/jornalfatosenoticias.com.br\/wp-content\/uploads\/2020\/02\/logo120.png\",\"contentUrl\":\"https:\/\/jornalfatosenoticias.com.br\/wp-content\/uploads\/2020\/02\/logo120.png\",\"width\":1227,\"height\":120,\"caption\":\"Jornal Fatos e Not\u00edcias\"},\"image\":{\"@id\":\"https:\/\/jornalfatosenoticias.com.br\/#\/schema\/logo\/image\/\"}},{\"@type\":\"Person\",\"@id\":\"https:\/\/jornalfatosenoticias.com.br\/#\/schema\/person\/d63837fa13ac8666eb9e74e0985d6f81\",\"name\":\"Luzimara Fernandes\",\"image\":{\"@type\":\"ImageObject\",\"inLanguage\":\"pt-BR\",\"@id\":\"https:\/\/jornalfatosenoticias.com.br\/#\/schema\/person\/image\/\",\"url\":\"https:\/\/jornalfatosenoticias.com.br\/wp-content\/uploads\/2025\/05\/EU_portal.jpg\",\"contentUrl\":\"https:\/\/jornalfatosenoticias.com.br\/wp-content\/uploads\/2025\/05\/EU_portal.jpg\",\"caption\":\"Luzimara Fernandes\"},\"description\":\"Jornalista MTB 2358-ES\",\"sameAs\":[\"https:\/\/jornalfatosenoticias.com.br\"],\"url\":\"https:\/\/jornalfatosenoticias.com.br\/index.php\/author\/luzimara\/\"}]}<\/script>\n<!-- \/ Yoast SEO plugin. -->","yoast_head_json":{"title":"Desde 2001, Festival da Pororoca re\u00fane atletas do surf e curiosos em S\u00e3o Domingos do Capim - Jornal Fatos e Not\u00edcias","robots":{"index":"index","follow":"follow","max-snippet":"max-snippet:-1","max-image-preview":"max-image-preview:large","max-video-preview":"max-video-preview:-1"},"canonical":"https:\/\/jornalfatosenoticias.com.br\/index.php\/2025\/03\/31\/desde-2001-festival-da-pororoca-reune-atletas-do-surf-e-curiosos-em-sao-domingos-do-capim\/","og_locale":"pt_BR","og_type":"article","og_title":"Desde 2001, Festival da Pororoca re\u00fane atletas do surf e curiosos em S\u00e3o Domingos do Capim - Jornal Fatos e Not\u00edcias","og_description":"As \u00e1guas do Rio Capim, famosas por suas ondas intensas, voltaram a ser palco de manobras radicais, colocando novamente o munic\u00edpio como refer\u00eancia da modalidade esportiva na Amaz\u00f4nia Um espet\u00e1culo sonoro e visual. A pororoca, fen\u00f4meno natural provocado pelo encontro entre as \u00e1guas de rio e do mar, h\u00e1 anos encanta surfistas, moradores e visitantes [&hellip;]","og_url":"https:\/\/jornalfatosenoticias.com.br\/index.php\/2025\/03\/31\/desde-2001-festival-da-pororoca-reune-atletas-do-surf-e-curiosos-em-sao-domingos-do-capim\/","og_site_name":"Jornal Fatos e Not\u00edcias","article_published_time":"2025-03-31T18:52:09+00:00","article_modified_time":"2025-03-31T18:52:10+00:00","og_image":[{"width":665,"height":443,"url":"https:\/\/jornalfatosenoticias.com.br\/wp-content\/uploads\/2025\/03\/festival-da-pororoca_divulgacao.jpg","type":"image\/jpeg"}],"author":"Luzimara Fernandes","twitter_card":"summary_large_image","twitter_misc":{"Escrito por":"Luzimara Fernandes","Est. tempo de leitura":"2 minutos"},"schema":{"@context":"https:\/\/schema.org","@graph":[{"@type":"Article","@id":"https:\/\/jornalfatosenoticias.com.br\/index.php\/2025\/03\/31\/desde-2001-festival-da-pororoca-reune-atletas-do-surf-e-curiosos-em-sao-domingos-do-capim\/#article","isPartOf":{"@id":"https:\/\/jornalfatosenoticias.com.br\/index.php\/2025\/03\/31\/desde-2001-festival-da-pororoca-reune-atletas-do-surf-e-curiosos-em-sao-domingos-do-capim\/"},"author":{"name":"Luzimara Fernandes","@id":"https:\/\/jornalfatosenoticias.com.br\/#\/schema\/person\/d63837fa13ac8666eb9e74e0985d6f81"},"headline":"Desde 2001, Festival da Pororoca re\u00fane atletas do surf e curiosos em S\u00e3o Domingos do Capim","datePublished":"2025-03-31T18:52:09+00:00","dateModified":"2025-03-31T18:52:10+00:00","mainEntityOfPage":{"@id":"https:\/\/jornalfatosenoticias.com.br\/index.php\/2025\/03\/31\/desde-2001-festival-da-pororoca-reune-atletas-do-surf-e-curiosos-em-sao-domingos-do-capim\/"},"wordCount":371,"commentCount":0,"publisher":{"@id":"https:\/\/jornalfatosenoticias.com.br\/#organization"},"image":{"@id":"https:\/\/jornalfatosenoticias.com.br\/index.php\/2025\/03\/31\/desde-2001-festival-da-pororoca-reune-atletas-do-surf-e-curiosos-em-sao-domingos-do-capim\/#primaryimage"},"thumbnailUrl":"https:\/\/jornalfatosenoticias.com.br\/wp-content\/uploads\/2025\/03\/festival-da-pororoca_divulgacao.jpg","keywords":["cultura","esporte","Par\u00e1","surf na pororoca","Turismo"],"articleSection":["Cultura","Turismo"],"inLanguage":"pt-BR","potentialAction":[{"@type":"CommentAction","name":"Comment","target":["https:\/\/jornalfatosenoticias.com.br\/index.php\/2025\/03\/31\/desde-2001-festival-da-pororoca-reune-atletas-do-surf-e-curiosos-em-sao-domingos-do-capim\/#respond"]}]},{"@type":"WebPage","@id":"https:\/\/jornalfatosenoticias.com.br\/index.php\/2025\/03\/31\/desde-2001-festival-da-pororoca-reune-atletas-do-surf-e-curiosos-em-sao-domingos-do-capim\/","url":"https:\/\/jornalfatosenoticias.com.br\/index.php\/2025\/03\/31\/desde-2001-festival-da-pororoca-reune-atletas-do-surf-e-curiosos-em-sao-domingos-do-capim\/","name":"Desde 2001, Festival da Pororoca re\u00fane atletas do surf e curiosos em S\u00e3o Domingos do Capim - Jornal Fatos e Not\u00edcias","isPartOf":{"@id":"https:\/\/jornalfatosenoticias.com.br\/#website"},"primaryImageOfPage":{"@id":"https:\/\/jornalfatosenoticias.com.br\/index.php\/2025\/03\/31\/desde-2001-festival-da-pororoca-reune-atletas-do-surf-e-curiosos-em-sao-domingos-do-capim\/#primaryimage"},"image":{"@id":"https:\/\/jornalfatosenoticias.com.br\/index.php\/2025\/03\/31\/desde-2001-festival-da-pororoca-reune-atletas-do-surf-e-curiosos-em-sao-domingos-do-capim\/#primaryimage"},"thumbnailUrl":"https:\/\/jornalfatosenoticias.com.br\/wp-content\/uploads\/2025\/03\/festival-da-pororoca_divulgacao.jpg","datePublished":"2025-03-31T18:52:09+00:00","dateModified":"2025-03-31T18:52:10+00:00","breadcrumb":{"@id":"https:\/\/jornalfatosenoticias.com.br\/index.php\/2025\/03\/31\/desde-2001-festival-da-pororoca-reune-atletas-do-surf-e-curiosos-em-sao-domingos-do-capim\/#breadcrumb"},"inLanguage":"pt-BR","potentialAction":[{"@type":"ReadAction","target":["https:\/\/jornalfatosenoticias.com.br\/index.php\/2025\/03\/31\/desde-2001-festival-da-pororoca-reune-atletas-do-surf-e-curiosos-em-sao-domingos-do-capim\/"]}]},{"@type":"ImageObject","inLanguage":"pt-BR","@id":"https:\/\/jornalfatosenoticias.com.br\/index.php\/2025\/03\/31\/desde-2001-festival-da-pororoca-reune-atletas-do-surf-e-curiosos-em-sao-domingos-do-capim\/#primaryimage","url":"https:\/\/jornalfatosenoticias.com.br\/wp-content\/uploads\/2025\/03\/festival-da-pororoca_divulgacao.jpg","contentUrl":"https:\/\/jornalfatosenoticias.com.br\/wp-content\/uploads\/2025\/03\/festival-da-pororoca_divulgacao.jpg","width":665,"height":443},{"@type":"BreadcrumbList","@id":"https:\/\/jornalfatosenoticias.com.br\/index.php\/2025\/03\/31\/desde-2001-festival-da-pororoca-reune-atletas-do-surf-e-curiosos-em-sao-domingos-do-capim\/#breadcrumb","itemListElement":[{"@type":"ListItem","position":1,"name":"In\u00edcio","item":"https:\/\/jornalfatosenoticias.com.br\/"},{"@type":"ListItem","position":2,"name":"Desde 2001, Festival da Pororoca re\u00fane atletas do surf e curiosos em S\u00e3o Domingos do Capim"}]},{"@type":"WebSite","@id":"https:\/\/jornalfatosenoticias.com.br\/#website","url":"https:\/\/jornalfatosenoticias.com.br\/","name":"Jornal Fatos e Not\u00edcias","description":"Not\u00edcias em geral","publisher":{"@id":"https:\/\/jornalfatosenoticias.com.br\/#organization"},"potentialAction":[{"@type":"SearchAction","target":{"@type":"EntryPoint","urlTemplate":"https:\/\/jornalfatosenoticias.com.br\/?s={search_term_string}"},"query-input":{"@type":"PropertyValueSpecification","valueRequired":true,"valueName":"search_term_string"}}],"inLanguage":"pt-BR"},{"@type":"Organization","@id":"https:\/\/jornalfatosenoticias.com.br\/#organization","name":"Jornal Fatos e Not\u00edcias","url":"https:\/\/jornalfatosenoticias.com.br\/","logo":{"@type":"ImageObject","inLanguage":"pt-BR","@id":"https:\/\/jornalfatosenoticias.com.br\/#\/schema\/logo\/image\/","url":"https:\/\/jornalfatosenoticias.com.br\/wp-content\/uploads\/2020\/02\/logo120.png","contentUrl":"https:\/\/jornalfatosenoticias.com.br\/wp-content\/uploads\/2020\/02\/logo120.png","width":1227,"height":120,"caption":"Jornal Fatos e Not\u00edcias"},"image":{"@id":"https:\/\/jornalfatosenoticias.com.br\/#\/schema\/logo\/image\/"}},{"@type":"Person","@id":"https:\/\/jornalfatosenoticias.com.br\/#\/schema\/person\/d63837fa13ac8666eb9e74e0985d6f81","name":"Luzimara Fernandes","image":{"@type":"ImageObject","inLanguage":"pt-BR","@id":"https:\/\/jornalfatosenoticias.com.br\/#\/schema\/person\/image\/","url":"https:\/\/jornalfatosenoticias.com.br\/wp-content\/uploads\/2025\/05\/EU_portal.jpg","contentUrl":"https:\/\/jornalfatosenoticias.com.br\/wp-content\/uploads\/2025\/05\/EU_portal.jpg","caption":"Luzimara Fernandes"},"description":"Jornalista MTB 2358-ES","sameAs":["https:\/\/jornalfatosenoticias.com.br"],"url":"https:\/\/jornalfatosenoticias.com.br\/index.php\/author\/luzimara\/"}]}},"cc_featured_image_caption":{"caption_text":"(Foto: Divulga\u00e7\u00e3o)","source_text":"","source_url":""},"jetpack_featured_media_url":"https:\/\/jornalfatosenoticias.com.br\/wp-content\/uploads\/2025\/03\/festival-da-pororoca_divulgacao.jpg","_links":{"self":[{"href":"https:\/\/jornalfatosenoticias.com.br\/index.php\/wp-json\/wp\/v2\/posts\/58125","targetHints":{"allow":["GET"]}}],"collection":[{"href":"https:\/\/jornalfatosenoticias.com.br\/index.php\/wp-json\/wp\/v2\/posts"}],"about":[{"href":"https:\/\/jornalfatosenoticias.com.br\/index.php\/wp-json\/wp\/v2\/types\/post"}],"author":[{"embeddable":true,"href":"https:\/\/jornalfatosenoticias.com.br\/index.php\/wp-json\/wp\/v2\/users\/2"}],"replies":[{"embeddable":true,"href":"https:\/\/jornalfatosenoticias.com.br\/index.php\/wp-json\/wp\/v2\/comments?post=58125"}],"version-history":[{"count":0,"href":"https:\/\/jornalfatosenoticias.com.br\/index.php\/wp-json\/wp\/v2\/posts\/58125\/revisions"}],"wp:featuredmedia":[{"embeddable":true,"href":"https:\/\/jornalfatosenoticias.com.br\/index.php\/wp-json\/wp\/v2\/media\/58126"}],"wp:attachment":[{"href":"https:\/\/jornalfatosenoticias.com.br\/index.php\/wp-json\/wp\/v2\/media?parent=58125"}],"wp:term":[{"taxonomy":"category","embeddable":true,"href":"https:\/\/jornalfatosenoticias.com.br\/index.php\/wp-json\/wp\/v2\/categories?post=58125"},{"taxonomy":"post_tag","embeddable":true,"href":"https:\/\/jornalfatosenoticias.com.br\/index.php\/wp-json\/wp\/v2\/tags?post=58125"}],"curies":[{"name":"wp","href":"https:\/\/api.w.org\/{rel}","templated":true}]}}