{"id":58143,"date":"2025-04-01T10:11:47","date_gmt":"2025-04-01T13:11:47","guid":{"rendered":"https:\/\/jornalfatosenoticias.com.br\/?p=58143"},"modified":"2025-04-01T10:11:49","modified_gmt":"2025-04-01T13:11:49","slug":"romanos-ja-tinham-comedia-ha-milhares-de-anos","status":"publish","type":"post","link":"https:\/\/jornalfatosenoticias.com.br\/index.php\/2025\/04\/01\/romanos-ja-tinham-comedia-ha-milhares-de-anos\/","title":{"rendered":"Romanos j\u00e1 tinham com\u00e9dia h\u00e1 milhares de anos"},"content":{"rendered":"\n<p><em><span class=\"has-inline-color has-black-color\">Escava\u00e7\u00f5es recentes em Pompeia (It\u00e1lia) mostraram a comicidade romana<\/span><\/em><\/p>\n\n\n\n<p><span class=\"has-inline-color has-black-color\">Por <strong><a href=\"https:\/\/olhardigital.com.br\/author\/rodrigo-mozelli\/\">Rodrigo Mozelli<\/a><\/strong><\/span><\/p>\n\n\n\n<div class=\"wp-block-image\"><figure class=\"aligncenter size-large is-resized\"><a href=\"https:\/\/www.facebook.com\/vetor.vix\/\"><img loading=\"lazy\" decoding=\"async\" src=\"https:\/\/jornalfatosenoticias.com.br\/wp-content\/uploads\/2023\/09\/vetorvix1024_1.jpg\" alt=\"\" class=\"wp-image-44868\" width=\"516\" height=\"137\" srcset=\"https:\/\/jornalfatosenoticias.com.br\/wp-content\/uploads\/2023\/09\/vetorvix1024_1.jpg 1024w, https:\/\/jornalfatosenoticias.com.br\/wp-content\/uploads\/2023\/09\/vetorvix1024_1-300x80.jpg 300w, https:\/\/jornalfatosenoticias.com.br\/wp-content\/uploads\/2023\/09\/vetorvix1024_1-768x205.jpg 768w\" sizes=\"auto, (max-width: 516px) 100vw, 516px\" \/><\/a><\/figure><\/div>\n\n\n\n<p>Escava\u00e7\u00f5es recentes no s\u00edtio arqueol\u00f3gico de <strong><a href=\"https:\/\/olhardigital.com.br\/tag\/pompeia\/\" target=\"_blank\" rel=\"noreferrer noopener\">Pompeia<\/a><\/strong> (It\u00e1lia) \u2014 cidade imortalizada pela erup\u00e7\u00e3o do Monte <strong><a href=\"https:\/\/olhardigital.com.br\/tag\/vesuvio\/\" target=\"_blank\" rel=\"noreferrer noopener\">Ves\u00favio<\/a><\/strong> em 79 d.C., que, ao encerrar o tempo, preservou in\u00fameros vest\u00edgios hist\u00f3ricos \u2014 desenterraram <strong>murais e afrescos romanos<\/strong> que <strong>revelam aspectos do cotidiano e das cren\u00e7as da \u00e9poca.<\/strong><br>Em abril de 2024, pesquisadores da Universidade Open de Artes e Humanidades <strong>investigaram nova \u00e1rea de escava\u00e7\u00e3o na cidade italiana<\/strong>, ampliando o conjunto de afrescos j\u00e1 conhecidos e resgatando outras descobertas inusitadas do passado. Entre elas, destaca-se uma achada na\u00a0<strong><a href=\"https:\/\/olhardigital.com.br\/tag\/jordania\/\" target=\"_blank\" rel=\"noreferrer noopener\">Jord\u00e2nia<\/a>, <\/strong>realizada em 2016, onde\u00a0<strong>pinturas do s\u00e9culo I d.C. incorporavam bal\u00f5es de fala escritos em aramaico<\/strong>.<\/p>\n\n\n\n<div class=\"wp-block-image\"><figure class=\"aligncenter size-large\"><a href=\"https:\/\/www.cesconetto.com.br\/\"><img loading=\"lazy\" decoding=\"async\" width=\"300\" height=\"250\" src=\"https:\/\/jornalfatosenoticias.com.br\/wp-content\/uploads\/2022\/02\/Banner-2.png\" alt=\"\" class=\"wp-image-27877\"\/><\/a><\/figure><\/div>\n\n\n\n<p>Contrariando a ideia de que as artes milenares eram sempre formais e solenes, esses vest\u00edgios demonstram que, frequentemente, a arte refletia o cotidiano de forma descontra\u00edda. Nos \u201cquadrinhos\u201d encontrados na Jord\u00e2nia \u2014 datados da \u00e9poca em que a regi\u00e3o integrava a prov\u00edncia da Judeia, na cidade de Capitolias \u2014 os textos dos bal\u00f5es trazem express\u00f5es, como \u201cEstou cortando [pedra]\u201d e \u201cAi de mim! Estou morto!\u201d.<\/p>\n\n\n\n<div class=\"wp-block-image\"><figure class=\"aligncenter size-large\"><img loading=\"lazy\" decoding=\"async\" width=\"1000\" height=\"667\" src=\"https:\/\/jornalfatosenoticias.com.br\/wp-content\/uploads\/2025\/04\/quadrinhos_roma-2-olhardigital.jpg\" alt=\"\" class=\"wp-image-58144\" srcset=\"https:\/\/jornalfatosenoticias.com.br\/wp-content\/uploads\/2025\/04\/quadrinhos_roma-2-olhardigital.jpg 1000w, https:\/\/jornalfatosenoticias.com.br\/wp-content\/uploads\/2025\/04\/quadrinhos_roma-2-olhardigital-300x200.jpg 300w, https:\/\/jornalfatosenoticias.com.br\/wp-content\/uploads\/2025\/04\/quadrinhos_roma-2-olhardigital-768x512.jpg 768w\" sizes=\"auto, (max-width: 1000px) 100vw, 1000px\" \/><figcaption><em><span class=\"has-inline-color has-black-color\">Achado na Jord\u00e2nia, em 2016, pinturas do s\u00e9culo I d.C. incorporavam bal\u00f5es de fala escritos em aramaico (Foto: Olhar Digital\/Reprodu\u00e7\u00e3o)<\/span><\/em><\/figcaption><\/figure><\/div>\n\n\n\n<p>A preserva\u00e7\u00e3o desses afrescos depende de condi\u00e7\u00f5es naturais ideais. No caso de Pompeia, as cinzas vulc\u00e2nicas atuaram como selo protetor, isolando as pinturas por mais de 1,5 mil anos, enquanto, na Jord\u00e2nia, a aridez do deserto cobriu o basalto repleto de arte com uma camada que o protegeu do tempo.<br>Al\u00e9m disso, os grafites encontrados em Pompeia e Herculano \u2014 esta \u00faltima tamb\u00e9m atingida pelo Ves\u00favio \u2014 est\u00e3o reunidos no s\u00edtio Ancient Graffiti Project, oferecendo vislumbre da vida romana durante a dinastia Flaviana, por volta de 79 d.C.<\/p>\n\n\n\n<div class=\"wp-block-image\"><figure class=\"aligncenter size-large\"><img loading=\"lazy\" decoding=\"async\" width=\"1000\" height=\"479\" src=\"https:\/\/jornalfatosenoticias.com.br\/wp-content\/uploads\/2025\/04\/quadrinhos_roma-3-olhardigital.jpeg\" alt=\"\" class=\"wp-image-58145\" srcset=\"https:\/\/jornalfatosenoticias.com.br\/wp-content\/uploads\/2025\/04\/quadrinhos_roma-3-olhardigital.jpeg 1000w, https:\/\/jornalfatosenoticias.com.br\/wp-content\/uploads\/2025\/04\/quadrinhos_roma-3-olhardigital-300x144.jpeg 300w, https:\/\/jornalfatosenoticias.com.br\/wp-content\/uploads\/2025\/04\/quadrinhos_roma-3-olhardigital-768x368.jpeg 768w\" sizes=\"auto, (max-width: 1000px) 100vw, 1000px\" \/><figcaption><em><span class=\"has-inline-color has-black-color\">Limpeza do local de Capitolias, com a ajuda de Dion\u00edsio e outros deuses (Foto: Olhar Digital\/Reprodu\u00e7\u00e3o)<\/span><\/em><\/figcaption><\/figure><\/div>\n\n\n\n<p>Entre as pinturas mais irreverentes, destacam-se representa\u00e7\u00f5es de figuras mitol\u00f3gicas nuas, cenas sugestivas e uma curiosa fixa\u00e7\u00e3o por s\u00edmbolos f\u00e1licos. Algumas inscri\u00e7\u00f5es chamativas evidenciam que, em muitos aspectos, o comportamento humano se mant\u00e9m surpreendentemente similar ao de antigamente:<\/p>\n\n\n\n<div class=\"wp-block-image\"><figure class=\"aligncenter size-large is-resized\"><a href=\"https:\/\/www.legisjuris.com.br\/\"><img loading=\"lazy\" decoding=\"async\" src=\"https:\/\/jornalfatosenoticias.com.br\/wp-content\/uploads\/2024\/09\/Legis-Juris-Consultoria_logo.jpg\" alt=\"\" class=\"wp-image-53915\" width=\"516\" height=\"216\" srcset=\"https:\/\/jornalfatosenoticias.com.br\/wp-content\/uploads\/2024\/09\/Legis-Juris-Consultoria_logo.jpg 969w, https:\/\/jornalfatosenoticias.com.br\/wp-content\/uploads\/2024\/09\/Legis-Juris-Consultoria_logo-300x126.jpg 300w, https:\/\/jornalfatosenoticias.com.br\/wp-content\/uploads\/2024\/09\/Legis-Juris-Consultoria_logo-768x322.jpg 768w\" sizes=\"auto, (max-width: 516px) 100vw, 516px\" \/><\/a><\/figure><\/div>\n\n\n\n<p>\u2705<strong> \u201cSanius a Cornelius: v\u00e1 se enforcar\u201d \u2014<\/strong> registro de uma disputa particularmente acalorada;<br>\u2705 <strong>\u201cLucilla fez dinheiro com seu corpo\u201d \u2014<\/strong> frase esculpida na fachada de uma bas\u00edlica, cujo contraste enfatiza a irrever\u00eancia;<br>\u2705 <strong>\u201cAmplicatus, sei que Icarus est\u00e1 infernizando voc\u00ea. Salvius escreveu isso\u201d \u2014<\/strong> acompanhada do desenho de um homem de nariz proeminente;<br>\u2705 <strong>\u201cO oficial de finan\u00e7as do imperador Nero diz que esta comida \u00e9 veneno\u201d \u2014<\/strong> provavelmente um coment\u00e1rio sat\u00edrico sobre a m\u00e1 qualidade dos alimentos;<br>\u2705 <strong>\u201cRestituta, tire sua t\u00fanica, por favor, e nos mostre suas partes privadas cabeludas\u201d \u2014<\/strong> inscri\u00e7\u00e3o na parte externa de uma taverna, evidenciando que a irrever\u00eancia sempre foi caracter\u00edstica humana.<\/p>\n\n\n\n<div class=\"wp-block-image\"><figure class=\"aligncenter size-large\"><a href=\"http:\/\/www.ferrarimaquinas.com.br\/\"><img loading=\"lazy\" decoding=\"async\" width=\"300\" height=\"250\" src=\"https:\/\/jornalfatosenoticias.com.br\/wp-content\/uploads\/2022\/02\/FERRARI_MAQUINAS-E-FERRAMENTAS2.jpg\" alt=\"\" class=\"wp-image-27860\"\/><\/a><\/figure><\/div>\n\n\n\n<p>Essa reinterpreta\u00e7\u00e3o dos vest\u00edgios hist\u00f3ricos n\u00e3o s\u00f3 amplia o conhecimento sobre a arte e a cultura da Antiguidade, mas, tamb\u00e9m, refor\u00e7a que o humor e a irrever\u00eancia s\u00e3o tra\u00e7os atemporais da humanidade.<\/p>\n\n\n\n<p><strong>Fonte: <a href=\"https:\/\/olhardigital.com.br\/2025\/03\/27\/ciencia-e-espaco\/romanos-ja-tinham-comedia-ha-milhares-de-anos\/\">Olhar Digital<\/a><\/strong><\/p>\n","protected":false},"excerpt":{"rendered":"<p>Escava\u00e7\u00f5es recentes em Pompeia (It\u00e1lia) mostraram a comicidade romana Por Rodrigo Mozelli Escava\u00e7\u00f5es recentes no s\u00edtio arqueol\u00f3gico de Pompeia (It\u00e1lia) \u2014 cidade imortalizada pela erup\u00e7\u00e3o do Monte Ves\u00favio em 79 d.C., que, ao encerrar o tempo, preservou in\u00fameros vest\u00edgios hist\u00f3ricos \u2014 desenterraram murais e afrescos romanos que revelam aspectos do cotidiano e das cren\u00e7as da [&hellip;]<\/p>\n","protected":false},"author":2,"featured_media":58146,"comment_status":"open","ping_status":"open","sticky":false,"template":"","format":"standard","meta":{"footnotes":""},"categories":[4,9808],"tags":[2304,4703,5238,13941],"class_list":["post-58143","post","type-post","status-publish","format-standard","has-post-thumbnail","hentry","category-cultura","category-paleo-arqueologia","tag-comedia","tag-pintura","tag-pompeia","tag-romanos"],"yoast_head":"<!-- This site is optimized with the Yoast SEO plugin v26.5 - https:\/\/yoast.com\/wordpress\/plugins\/seo\/ -->\n<title>Romanos j\u00e1 tinham com\u00e9dia h\u00e1 milhares de anos - Jornal Fatos e Not\u00edcias<\/title>\n<meta name=\"robots\" content=\"index, follow, max-snippet:-1, max-image-preview:large, max-video-preview:-1\" \/>\n<link rel=\"canonical\" href=\"https:\/\/jornalfatosenoticias.com.br\/index.php\/2025\/04\/01\/romanos-ja-tinham-comedia-ha-milhares-de-anos\/\" \/>\n<meta property=\"og:locale\" content=\"pt_BR\" \/>\n<meta property=\"og:type\" content=\"article\" \/>\n<meta property=\"og:title\" content=\"Romanos j\u00e1 tinham com\u00e9dia h\u00e1 milhares de anos - Jornal Fatos e Not\u00edcias\" \/>\n<meta property=\"og:description\" content=\"Escava\u00e7\u00f5es recentes em Pompeia (It\u00e1lia) mostraram a comicidade romana Por Rodrigo Mozelli Escava\u00e7\u00f5es recentes no s\u00edtio arqueol\u00f3gico de Pompeia (It\u00e1lia) \u2014 cidade imortalizada pela erup\u00e7\u00e3o do Monte Ves\u00favio em 79 d.C., que, ao encerrar o tempo, preservou in\u00fameros vest\u00edgios hist\u00f3ricos \u2014 desenterraram murais e afrescos romanos que revelam aspectos do cotidiano e das cren\u00e7as da [&hellip;]\" \/>\n<meta property=\"og:url\" content=\"https:\/\/jornalfatosenoticias.com.br\/index.php\/2025\/04\/01\/romanos-ja-tinham-comedia-ha-milhares-de-anos\/\" \/>\n<meta property=\"og:site_name\" content=\"Jornal Fatos e Not\u00edcias\" \/>\n<meta property=\"article:published_time\" content=\"2025-04-01T13:11:47+00:00\" \/>\n<meta property=\"article:modified_time\" content=\"2025-04-01T13:11:49+00:00\" \/>\n<meta property=\"og:image\" content=\"https:\/\/jornalfatosenoticias.com.br\/wp-content\/uploads\/2025\/04\/quadrinhos_roma-1-olhardigital.jpeg\" \/>\n\t<meta property=\"og:image:width\" content=\"1000\" \/>\n\t<meta property=\"og:image:height\" content=\"562\" \/>\n\t<meta property=\"og:image:type\" content=\"image\/jpeg\" \/>\n<meta name=\"author\" content=\"Luzimara Fernandes\" \/>\n<meta name=\"twitter:card\" content=\"summary_large_image\" \/>\n<meta name=\"twitter:label1\" content=\"Escrito por\" \/>\n\t<meta name=\"twitter:data1\" content=\"Luzimara Fernandes\" \/>\n\t<meta name=\"twitter:label2\" content=\"Est. tempo de leitura\" \/>\n\t<meta name=\"twitter:data2\" content=\"3 minutos\" \/>\n<script type=\"application\/ld+json\" class=\"yoast-schema-graph\">{\"@context\":\"https:\/\/schema.org\",\"@graph\":[{\"@type\":\"Article\",\"@id\":\"https:\/\/jornalfatosenoticias.com.br\/index.php\/2025\/04\/01\/romanos-ja-tinham-comedia-ha-milhares-de-anos\/#article\",\"isPartOf\":{\"@id\":\"https:\/\/jornalfatosenoticias.com.br\/index.php\/2025\/04\/01\/romanos-ja-tinham-comedia-ha-milhares-de-anos\/\"},\"author\":{\"name\":\"Luzimara Fernandes\",\"@id\":\"https:\/\/jornalfatosenoticias.com.br\/#\/schema\/person\/d63837fa13ac8666eb9e74e0985d6f81\"},\"headline\":\"Romanos j\u00e1 tinham com\u00e9dia h\u00e1 milhares de anos\",\"datePublished\":\"2025-04-01T13:11:47+00:00\",\"dateModified\":\"2025-04-01T13:11:49+00:00\",\"mainEntityOfPage\":{\"@id\":\"https:\/\/jornalfatosenoticias.com.br\/index.php\/2025\/04\/01\/romanos-ja-tinham-comedia-ha-milhares-de-anos\/\"},\"wordCount\":540,\"commentCount\":0,\"publisher\":{\"@id\":\"https:\/\/jornalfatosenoticias.com.br\/#organization\"},\"image\":{\"@id\":\"https:\/\/jornalfatosenoticias.com.br\/index.php\/2025\/04\/01\/romanos-ja-tinham-comedia-ha-milhares-de-anos\/#primaryimage\"},\"thumbnailUrl\":\"https:\/\/jornalfatosenoticias.com.br\/wp-content\/uploads\/2025\/04\/quadrinhos_roma-1-olhardigital.jpeg\",\"keywords\":[\"com\u00e9dia\",\"pintura\",\"Pompeia\",\"romanos\"],\"articleSection\":[\"Cultura\",\"Paleo &amp; Arqueologia\"],\"inLanguage\":\"pt-BR\",\"potentialAction\":[{\"@type\":\"CommentAction\",\"name\":\"Comment\",\"target\":[\"https:\/\/jornalfatosenoticias.com.br\/index.php\/2025\/04\/01\/romanos-ja-tinham-comedia-ha-milhares-de-anos\/#respond\"]}]},{\"@type\":\"WebPage\",\"@id\":\"https:\/\/jornalfatosenoticias.com.br\/index.php\/2025\/04\/01\/romanos-ja-tinham-comedia-ha-milhares-de-anos\/\",\"url\":\"https:\/\/jornalfatosenoticias.com.br\/index.php\/2025\/04\/01\/romanos-ja-tinham-comedia-ha-milhares-de-anos\/\",\"name\":\"Romanos j\u00e1 tinham com\u00e9dia h\u00e1 milhares de anos - Jornal Fatos e Not\u00edcias\",\"isPartOf\":{\"@id\":\"https:\/\/jornalfatosenoticias.com.br\/#website\"},\"primaryImageOfPage\":{\"@id\":\"https:\/\/jornalfatosenoticias.com.br\/index.php\/2025\/04\/01\/romanos-ja-tinham-comedia-ha-milhares-de-anos\/#primaryimage\"},\"image\":{\"@id\":\"https:\/\/jornalfatosenoticias.com.br\/index.php\/2025\/04\/01\/romanos-ja-tinham-comedia-ha-milhares-de-anos\/#primaryimage\"},\"thumbnailUrl\":\"https:\/\/jornalfatosenoticias.com.br\/wp-content\/uploads\/2025\/04\/quadrinhos_roma-1-olhardigital.jpeg\",\"datePublished\":\"2025-04-01T13:11:47+00:00\",\"dateModified\":\"2025-04-01T13:11:49+00:00\",\"breadcrumb\":{\"@id\":\"https:\/\/jornalfatosenoticias.com.br\/index.php\/2025\/04\/01\/romanos-ja-tinham-comedia-ha-milhares-de-anos\/#breadcrumb\"},\"inLanguage\":\"pt-BR\",\"potentialAction\":[{\"@type\":\"ReadAction\",\"target\":[\"https:\/\/jornalfatosenoticias.com.br\/index.php\/2025\/04\/01\/romanos-ja-tinham-comedia-ha-milhares-de-anos\/\"]}]},{\"@type\":\"ImageObject\",\"inLanguage\":\"pt-BR\",\"@id\":\"https:\/\/jornalfatosenoticias.com.br\/index.php\/2025\/04\/01\/romanos-ja-tinham-comedia-ha-milhares-de-anos\/#primaryimage\",\"url\":\"https:\/\/jornalfatosenoticias.com.br\/wp-content\/uploads\/2025\/04\/quadrinhos_roma-1-olhardigital.jpeg\",\"contentUrl\":\"https:\/\/jornalfatosenoticias.com.br\/wp-content\/uploads\/2025\/04\/quadrinhos_roma-1-olhardigital.jpeg\",\"width\":1000,\"height\":562},{\"@type\":\"BreadcrumbList\",\"@id\":\"https:\/\/jornalfatosenoticias.com.br\/index.php\/2025\/04\/01\/romanos-ja-tinham-comedia-ha-milhares-de-anos\/#breadcrumb\",\"itemListElement\":[{\"@type\":\"ListItem\",\"position\":1,\"name\":\"In\u00edcio\",\"item\":\"https:\/\/jornalfatosenoticias.com.br\/\"},{\"@type\":\"ListItem\",\"position\":2,\"name\":\"Romanos j\u00e1 tinham com\u00e9dia h\u00e1 milhares de anos\"}]},{\"@type\":\"WebSite\",\"@id\":\"https:\/\/jornalfatosenoticias.com.br\/#website\",\"url\":\"https:\/\/jornalfatosenoticias.com.br\/\",\"name\":\"Jornal Fatos e Not\u00edcias\",\"description\":\"Not\u00edcias em geral\",\"publisher\":{\"@id\":\"https:\/\/jornalfatosenoticias.com.br\/#organization\"},\"potentialAction\":[{\"@type\":\"SearchAction\",\"target\":{\"@type\":\"EntryPoint\",\"urlTemplate\":\"https:\/\/jornalfatosenoticias.com.br\/?s={search_term_string}\"},\"query-input\":{\"@type\":\"PropertyValueSpecification\",\"valueRequired\":true,\"valueName\":\"search_term_string\"}}],\"inLanguage\":\"pt-BR\"},{\"@type\":\"Organization\",\"@id\":\"https:\/\/jornalfatosenoticias.com.br\/#organization\",\"name\":\"Jornal Fatos e Not\u00edcias\",\"url\":\"https:\/\/jornalfatosenoticias.com.br\/\",\"logo\":{\"@type\":\"ImageObject\",\"inLanguage\":\"pt-BR\",\"@id\":\"https:\/\/jornalfatosenoticias.com.br\/#\/schema\/logo\/image\/\",\"url\":\"https:\/\/jornalfatosenoticias.com.br\/wp-content\/uploads\/2020\/02\/logo120.png\",\"contentUrl\":\"https:\/\/jornalfatosenoticias.com.br\/wp-content\/uploads\/2020\/02\/logo120.png\",\"width\":1227,\"height\":120,\"caption\":\"Jornal Fatos e Not\u00edcias\"},\"image\":{\"@id\":\"https:\/\/jornalfatosenoticias.com.br\/#\/schema\/logo\/image\/\"}},{\"@type\":\"Person\",\"@id\":\"https:\/\/jornalfatosenoticias.com.br\/#\/schema\/person\/d63837fa13ac8666eb9e74e0985d6f81\",\"name\":\"Luzimara Fernandes\",\"image\":{\"@type\":\"ImageObject\",\"inLanguage\":\"pt-BR\",\"@id\":\"https:\/\/jornalfatosenoticias.com.br\/#\/schema\/person\/image\/\",\"url\":\"https:\/\/jornalfatosenoticias.com.br\/wp-content\/uploads\/2025\/05\/EU_portal.jpg\",\"contentUrl\":\"https:\/\/jornalfatosenoticias.com.br\/wp-content\/uploads\/2025\/05\/EU_portal.jpg\",\"caption\":\"Luzimara Fernandes\"},\"description\":\"Jornalista MTB 2358-ES\",\"sameAs\":[\"https:\/\/jornalfatosenoticias.com.br\"],\"url\":\"https:\/\/jornalfatosenoticias.com.br\/index.php\/author\/luzimara\/\"}]}<\/script>\n<!-- \/ Yoast SEO plugin. -->","yoast_head_json":{"title":"Romanos j\u00e1 tinham com\u00e9dia h\u00e1 milhares de anos - Jornal Fatos e Not\u00edcias","robots":{"index":"index","follow":"follow","max-snippet":"max-snippet:-1","max-image-preview":"max-image-preview:large","max-video-preview":"max-video-preview:-1"},"canonical":"https:\/\/jornalfatosenoticias.com.br\/index.php\/2025\/04\/01\/romanos-ja-tinham-comedia-ha-milhares-de-anos\/","og_locale":"pt_BR","og_type":"article","og_title":"Romanos j\u00e1 tinham com\u00e9dia h\u00e1 milhares de anos - Jornal Fatos e Not\u00edcias","og_description":"Escava\u00e7\u00f5es recentes em Pompeia (It\u00e1lia) mostraram a comicidade romana Por Rodrigo Mozelli Escava\u00e7\u00f5es recentes no s\u00edtio arqueol\u00f3gico de Pompeia (It\u00e1lia) \u2014 cidade imortalizada pela erup\u00e7\u00e3o do Monte Ves\u00favio em 79 d.C., que, ao encerrar o tempo, preservou in\u00fameros vest\u00edgios hist\u00f3ricos \u2014 desenterraram murais e afrescos romanos que revelam aspectos do cotidiano e das cren\u00e7as da [&hellip;]","og_url":"https:\/\/jornalfatosenoticias.com.br\/index.php\/2025\/04\/01\/romanos-ja-tinham-comedia-ha-milhares-de-anos\/","og_site_name":"Jornal Fatos e Not\u00edcias","article_published_time":"2025-04-01T13:11:47+00:00","article_modified_time":"2025-04-01T13:11:49+00:00","og_image":[{"width":1000,"height":562,"url":"https:\/\/jornalfatosenoticias.com.br\/wp-content\/uploads\/2025\/04\/quadrinhos_roma-1-olhardigital.jpeg","type":"image\/jpeg"}],"author":"Luzimara Fernandes","twitter_card":"summary_large_image","twitter_misc":{"Escrito por":"Luzimara Fernandes","Est. tempo de leitura":"3 minutos"},"schema":{"@context":"https:\/\/schema.org","@graph":[{"@type":"Article","@id":"https:\/\/jornalfatosenoticias.com.br\/index.php\/2025\/04\/01\/romanos-ja-tinham-comedia-ha-milhares-de-anos\/#article","isPartOf":{"@id":"https:\/\/jornalfatosenoticias.com.br\/index.php\/2025\/04\/01\/romanos-ja-tinham-comedia-ha-milhares-de-anos\/"},"author":{"name":"Luzimara Fernandes","@id":"https:\/\/jornalfatosenoticias.com.br\/#\/schema\/person\/d63837fa13ac8666eb9e74e0985d6f81"},"headline":"Romanos j\u00e1 tinham com\u00e9dia h\u00e1 milhares de anos","datePublished":"2025-04-01T13:11:47+00:00","dateModified":"2025-04-01T13:11:49+00:00","mainEntityOfPage":{"@id":"https:\/\/jornalfatosenoticias.com.br\/index.php\/2025\/04\/01\/romanos-ja-tinham-comedia-ha-milhares-de-anos\/"},"wordCount":540,"commentCount":0,"publisher":{"@id":"https:\/\/jornalfatosenoticias.com.br\/#organization"},"image":{"@id":"https:\/\/jornalfatosenoticias.com.br\/index.php\/2025\/04\/01\/romanos-ja-tinham-comedia-ha-milhares-de-anos\/#primaryimage"},"thumbnailUrl":"https:\/\/jornalfatosenoticias.com.br\/wp-content\/uploads\/2025\/04\/quadrinhos_roma-1-olhardigital.jpeg","keywords":["com\u00e9dia","pintura","Pompeia","romanos"],"articleSection":["Cultura","Paleo &amp; Arqueologia"],"inLanguage":"pt-BR","potentialAction":[{"@type":"CommentAction","name":"Comment","target":["https:\/\/jornalfatosenoticias.com.br\/index.php\/2025\/04\/01\/romanos-ja-tinham-comedia-ha-milhares-de-anos\/#respond"]}]},{"@type":"WebPage","@id":"https:\/\/jornalfatosenoticias.com.br\/index.php\/2025\/04\/01\/romanos-ja-tinham-comedia-ha-milhares-de-anos\/","url":"https:\/\/jornalfatosenoticias.com.br\/index.php\/2025\/04\/01\/romanos-ja-tinham-comedia-ha-milhares-de-anos\/","name":"Romanos j\u00e1 tinham com\u00e9dia h\u00e1 milhares de anos - Jornal Fatos e Not\u00edcias","isPartOf":{"@id":"https:\/\/jornalfatosenoticias.com.br\/#website"},"primaryImageOfPage":{"@id":"https:\/\/jornalfatosenoticias.com.br\/index.php\/2025\/04\/01\/romanos-ja-tinham-comedia-ha-milhares-de-anos\/#primaryimage"},"image":{"@id":"https:\/\/jornalfatosenoticias.com.br\/index.php\/2025\/04\/01\/romanos-ja-tinham-comedia-ha-milhares-de-anos\/#primaryimage"},"thumbnailUrl":"https:\/\/jornalfatosenoticias.com.br\/wp-content\/uploads\/2025\/04\/quadrinhos_roma-1-olhardigital.jpeg","datePublished":"2025-04-01T13:11:47+00:00","dateModified":"2025-04-01T13:11:49+00:00","breadcrumb":{"@id":"https:\/\/jornalfatosenoticias.com.br\/index.php\/2025\/04\/01\/romanos-ja-tinham-comedia-ha-milhares-de-anos\/#breadcrumb"},"inLanguage":"pt-BR","potentialAction":[{"@type":"ReadAction","target":["https:\/\/jornalfatosenoticias.com.br\/index.php\/2025\/04\/01\/romanos-ja-tinham-comedia-ha-milhares-de-anos\/"]}]},{"@type":"ImageObject","inLanguage":"pt-BR","@id":"https:\/\/jornalfatosenoticias.com.br\/index.php\/2025\/04\/01\/romanos-ja-tinham-comedia-ha-milhares-de-anos\/#primaryimage","url":"https:\/\/jornalfatosenoticias.com.br\/wp-content\/uploads\/2025\/04\/quadrinhos_roma-1-olhardigital.jpeg","contentUrl":"https:\/\/jornalfatosenoticias.com.br\/wp-content\/uploads\/2025\/04\/quadrinhos_roma-1-olhardigital.jpeg","width":1000,"height":562},{"@type":"BreadcrumbList","@id":"https:\/\/jornalfatosenoticias.com.br\/index.php\/2025\/04\/01\/romanos-ja-tinham-comedia-ha-milhares-de-anos\/#breadcrumb","itemListElement":[{"@type":"ListItem","position":1,"name":"In\u00edcio","item":"https:\/\/jornalfatosenoticias.com.br\/"},{"@type":"ListItem","position":2,"name":"Romanos j\u00e1 tinham com\u00e9dia h\u00e1 milhares de anos"}]},{"@type":"WebSite","@id":"https:\/\/jornalfatosenoticias.com.br\/#website","url":"https:\/\/jornalfatosenoticias.com.br\/","name":"Jornal Fatos e Not\u00edcias","description":"Not\u00edcias em geral","publisher":{"@id":"https:\/\/jornalfatosenoticias.com.br\/#organization"},"potentialAction":[{"@type":"SearchAction","target":{"@type":"EntryPoint","urlTemplate":"https:\/\/jornalfatosenoticias.com.br\/?s={search_term_string}"},"query-input":{"@type":"PropertyValueSpecification","valueRequired":true,"valueName":"search_term_string"}}],"inLanguage":"pt-BR"},{"@type":"Organization","@id":"https:\/\/jornalfatosenoticias.com.br\/#organization","name":"Jornal Fatos e Not\u00edcias","url":"https:\/\/jornalfatosenoticias.com.br\/","logo":{"@type":"ImageObject","inLanguage":"pt-BR","@id":"https:\/\/jornalfatosenoticias.com.br\/#\/schema\/logo\/image\/","url":"https:\/\/jornalfatosenoticias.com.br\/wp-content\/uploads\/2020\/02\/logo120.png","contentUrl":"https:\/\/jornalfatosenoticias.com.br\/wp-content\/uploads\/2020\/02\/logo120.png","width":1227,"height":120,"caption":"Jornal Fatos e Not\u00edcias"},"image":{"@id":"https:\/\/jornalfatosenoticias.com.br\/#\/schema\/logo\/image\/"}},{"@type":"Person","@id":"https:\/\/jornalfatosenoticias.com.br\/#\/schema\/person\/d63837fa13ac8666eb9e74e0985d6f81","name":"Luzimara Fernandes","image":{"@type":"ImageObject","inLanguage":"pt-BR","@id":"https:\/\/jornalfatosenoticias.com.br\/#\/schema\/person\/image\/","url":"https:\/\/jornalfatosenoticias.com.br\/wp-content\/uploads\/2025\/05\/EU_portal.jpg","contentUrl":"https:\/\/jornalfatosenoticias.com.br\/wp-content\/uploads\/2025\/05\/EU_portal.jpg","caption":"Luzimara Fernandes"},"description":"Jornalista MTB 2358-ES","sameAs":["https:\/\/jornalfatosenoticias.com.br"],"url":"https:\/\/jornalfatosenoticias.com.br\/index.php\/author\/luzimara\/"}]}},"cc_featured_image_caption":{"caption_text":"(Foto: Olhar Digital\/Reprodu\u00e7\u00e3o) ","source_text":"","source_url":""},"jetpack_featured_media_url":"https:\/\/jornalfatosenoticias.com.br\/wp-content\/uploads\/2025\/04\/quadrinhos_roma-1-olhardigital.jpeg","_links":{"self":[{"href":"https:\/\/jornalfatosenoticias.com.br\/index.php\/wp-json\/wp\/v2\/posts\/58143","targetHints":{"allow":["GET"]}}],"collection":[{"href":"https:\/\/jornalfatosenoticias.com.br\/index.php\/wp-json\/wp\/v2\/posts"}],"about":[{"href":"https:\/\/jornalfatosenoticias.com.br\/index.php\/wp-json\/wp\/v2\/types\/post"}],"author":[{"embeddable":true,"href":"https:\/\/jornalfatosenoticias.com.br\/index.php\/wp-json\/wp\/v2\/users\/2"}],"replies":[{"embeddable":true,"href":"https:\/\/jornalfatosenoticias.com.br\/index.php\/wp-json\/wp\/v2\/comments?post=58143"}],"version-history":[{"count":0,"href":"https:\/\/jornalfatosenoticias.com.br\/index.php\/wp-json\/wp\/v2\/posts\/58143\/revisions"}],"wp:featuredmedia":[{"embeddable":true,"href":"https:\/\/jornalfatosenoticias.com.br\/index.php\/wp-json\/wp\/v2\/media\/58146"}],"wp:attachment":[{"href":"https:\/\/jornalfatosenoticias.com.br\/index.php\/wp-json\/wp\/v2\/media?parent=58143"}],"wp:term":[{"taxonomy":"category","embeddable":true,"href":"https:\/\/jornalfatosenoticias.com.br\/index.php\/wp-json\/wp\/v2\/categories?post=58143"},{"taxonomy":"post_tag","embeddable":true,"href":"https:\/\/jornalfatosenoticias.com.br\/index.php\/wp-json\/wp\/v2\/tags?post=58143"}],"curies":[{"name":"wp","href":"https:\/\/api.w.org\/{rel}","templated":true}]}}