{"id":58157,"date":"2025-04-01T13:44:10","date_gmt":"2025-04-01T16:44:10","guid":{"rendered":"https:\/\/jornalfatosenoticias.com.br\/?p=58157"},"modified":"2025-04-01T13:44:11","modified_gmt":"2025-04-01T16:44:11","slug":"russia-rejeita-plano-de-paz-de-trump-por-nao-incluir-preocupacoes-do-kremlin","status":"publish","type":"post","link":"https:\/\/jornalfatosenoticias.com.br\/index.php\/2025\/04\/01\/russia-rejeita-plano-de-paz-de-trump-por-nao-incluir-preocupacoes-do-kremlin\/","title":{"rendered":"R\u00fassia rejeita plano de paz de Trump por n\u00e3o incluir \u201cpreocupa\u00e7\u00f5es\u201d do Kremlin"},"content":{"rendered":"\n<p><em><span class=\"has-inline-color has-black-color\">O regime russo liderado por Putin mant\u00e9m conversas com o governo americano, de Donald Trump, sobre a guerra na Ucr\u00e2nia<\/span><\/em><\/p>\n\n\n\n<p><span class=\"has-inline-color has-black-color\">Por <strong><a href=\"https:\/\/www.gazetadopovo.com.br\/autor\/isabella-de-paula\/\">Isabella de Paula<\/a><\/strong><\/span><\/p>\n\n\n\n<div class=\"wp-block-image\"><figure class=\"aligncenter size-large\"><a href=\"https:\/\/mizu.com.br\/\"><img loading=\"lazy\" decoding=\"async\" width=\"729\" height=\"90\" src=\"https:\/\/jornalfatosenoticias.com.br\/wp-content\/uploads\/2020\/02\/Logo_Mizu.png\" alt=\"\" class=\"wp-image-1441\" srcset=\"https:\/\/jornalfatosenoticias.com.br\/wp-content\/uploads\/2020\/02\/Logo_Mizu.png 729w, https:\/\/jornalfatosenoticias.com.br\/wp-content\/uploads\/2020\/02\/Logo_Mizu-300x37.png 300w\" sizes=\"auto, (max-width: 729px) 100vw, 729px\" \/><\/a><\/figure><\/div>\n\n\n\n<p>A R\u00fassia criticou, nesta ter\u00e7a-feira (1), pela primeira vez, o plano de paz sugerido pelo presidente dos EUA, Donald Trump, para a Ucr\u00e2nia e advertiu que, a partir de hoje, n\u00e3o pode aceit\u00e1-lo por n\u00e3o incluir as principais &#8220;preocupa\u00e7\u00f5es&#8221; do Kremlin.<\/p>\n\n\n\n<blockquote class=\"wp-block-quote is-layout-flow wp-block-quote-is-layout-flow\"><p><span class=\"has-inline-color has-luminous-vivid-orange-color\">Levamos muito a s\u00e9rio os modelos e as solu\u00e7\u00f5es propostas pelos americanos, mas tamb\u00e9m n\u00e3o podemos aceitar tudo isso da forma como est\u00e1&#8221;, disse o vice-ministro das Rela\u00e7\u00f5es Exteriores, Sergey Ryabkov, \u00e0 revista International Life.<\/span><\/p><\/blockquote>\n\n\n\n<div class=\"wp-block-image\"><figure class=\"aligncenter size-large\"><a href=\"http:\/\/www.ferrarimaquinas.com.br\/\"><img loading=\"lazy\" decoding=\"async\" width=\"300\" height=\"250\" src=\"https:\/\/jornalfatosenoticias.com.br\/wp-content\/uploads\/2022\/02\/FERRARI_MAQUINAS-E-FERRAMENTAS2.jpg\" alt=\"\" class=\"wp-image-27860\"\/><\/a><\/figure><\/div>\n\n\n\n<p>Ryabkov enfatizou que, at\u00e9 o momento, &#8220;tudo o que existe \u00e9 uma tentativa de encontrar algum tipo de plano que primeiro possibilite um cessar-fogo, como imaginado pelos americanos&#8221;.<\/p>\n\n\n\n<blockquote class=\"wp-block-quote is-layout-flow wp-block-quote-is-layout-flow\"><p><span class=\"has-inline-color has-luminous-vivid-orange-color\">E ent\u00e3o passaremos a outros tipos de modelos e planos nos quais, at\u00e9 onde podemos julgar, n\u00e3o h\u00e1 lugar hoje para nossa principal demanda, que \u00e9 a solu\u00e7\u00e3o dos problemas ligados \u00e0s causas originais do conflito. Isso \u00e9 algo que est\u00e1 completamente ausente e que precisa ser superado&#8221;, afirmou.<\/span><\/p><\/blockquote>\n\n\n\n<div class=\"wp-block-image\"><figure class=\"aligncenter size-large is-resized\"><a href=\"https:\/\/www.facebook.com\/vetor.vix\/\"><img loading=\"lazy\" decoding=\"async\" src=\"https:\/\/jornalfatosenoticias.com.br\/wp-content\/uploads\/2023\/09\/vetorvix1024_1.jpg\" alt=\"\" class=\"wp-image-44868\" width=\"505\" height=\"134\" srcset=\"https:\/\/jornalfatosenoticias.com.br\/wp-content\/uploads\/2023\/09\/vetorvix1024_1.jpg 1024w, https:\/\/jornalfatosenoticias.com.br\/wp-content\/uploads\/2023\/09\/vetorvix1024_1-300x80.jpg 300w, https:\/\/jornalfatosenoticias.com.br\/wp-content\/uploads\/2023\/09\/vetorvix1024_1-768x205.jpg 768w\" sizes=\"auto, (max-width: 505px) 100vw, 505px\" \/><\/a><\/figure><\/div>\n\n\n\n<p>O vice-ministro tamb\u00e9m lamentou que Moscou n\u00e3o tenha ouvido da boca de Trump &#8220;sinais para Kiev sobre o fim da guerra&#8221;. O diplomata lembrou \u00e0 revista ligada ao Minist\u00e9rio das Rela\u00e7\u00f5es Exteriores da R\u00fassia que Moscou tem um conjunto de prioridades, incluindo algumas que surgiram durante as negocia\u00e7\u00f5es com os EUA na capital saudita, Riad.<\/p>\n\n\n\n<div class=\"wp-block-image\"><figure class=\"aligncenter size-large is-resized\"><a href=\"https:\/\/www.instagram.com\/restaurantepegoretti\/\"><img loading=\"lazy\" decoding=\"async\" src=\"https:\/\/jornalfatosenoticias.com.br\/wp-content\/uploads\/2023\/12\/pegoretti-logo-pdf-1024x389.jpg\" alt=\"\" class=\"wp-image-47536\" width=\"501\" height=\"190\" srcset=\"https:\/\/jornalfatosenoticias.com.br\/wp-content\/uploads\/2023\/12\/pegoretti-logo-pdf-1024x389.jpg 1024w, https:\/\/jornalfatosenoticias.com.br\/wp-content\/uploads\/2023\/12\/pegoretti-logo-pdf-300x114.jpg 300w, https:\/\/jornalfatosenoticias.com.br\/wp-content\/uploads\/2023\/12\/pegoretti-logo-pdf-768x291.jpg 768w, https:\/\/jornalfatosenoticias.com.br\/wp-content\/uploads\/2023\/12\/pegoretti-logo-pdf.jpg 1120w\" sizes=\"auto, (max-width: 501px) 100vw, 501px\" \/><\/a><\/figure><\/div>\n\n\n\n<p>O ditador russo, Vladimir Putin, prop\u00f4s na semana passada a substitui\u00e7\u00e3o do presidente ucraniano Volodymyr Zelensky por uma gest\u00e3o interina externa para realizar elei\u00e7\u00f5es na Ucr\u00e2nia e, por fim, &#8220;come\u00e7ar a negociar um acordo de paz&#8221;.<\/p>\n\n\n\n<div class=\"wp-block-image\"><figure class=\"aligncenter size-large is-resized\"><a href=\"https:\/\/www.instagram.com\/esteiochurrascaria\/\"><img loading=\"lazy\" decoding=\"async\" src=\"https:\/\/jornalfatosenoticias.com.br\/wp-content\/uploads\/2022\/02\/LOGO-ESTEIO-1024x730.png\" alt=\"\" class=\"wp-image-27942\" width=\"311\" height=\"221\" srcset=\"https:\/\/jornalfatosenoticias.com.br\/wp-content\/uploads\/2022\/02\/LOGO-ESTEIO-1024x730.png 1024w, https:\/\/jornalfatosenoticias.com.br\/wp-content\/uploads\/2022\/02\/LOGO-ESTEIO-300x214.png 300w, https:\/\/jornalfatosenoticias.com.br\/wp-content\/uploads\/2022\/02\/LOGO-ESTEIO-768x548.png 768w, https:\/\/jornalfatosenoticias.com.br\/wp-content\/uploads\/2022\/02\/LOGO-ESTEIO.png 1123w\" sizes=\"auto, (max-width: 311px) 100vw, 311px\" \/><\/a><\/figure><\/div>\n\n\n\n<blockquote class=\"wp-block-quote is-layout-flow wp-block-quote-is-layout-flow\"><p><span class=\"has-inline-color has-luminous-vivid-orange-color\">Um governo interino poderia ser introduzido na Ucr\u00e2nia sob os ausp\u00edcios da ONU, dos EUA, dos pa\u00edses europeus e de outros parceiros&#8221;, sugeriu na ocasi\u00e3o.<\/span><\/p><\/blockquote>\n\n\n\n<div class=\"wp-block-image\"><figure class=\"aligncenter size-large is-resized\"><a href=\"https:\/\/hotelmarquetti.com.br\/\"><img loading=\"lazy\" decoding=\"async\" src=\"https:\/\/jornalfatosenoticias.com.br\/wp-content\/uploads\/2023\/03\/nova-logo-Marquetti.jpg\" alt=\"\" class=\"wp-image-40207\" width=\"283\" height=\"190\" srcset=\"https:\/\/jornalfatosenoticias.com.br\/wp-content\/uploads\/2023\/03\/nova-logo-Marquetti.jpg 643w, https:\/\/jornalfatosenoticias.com.br\/wp-content\/uploads\/2023\/03\/nova-logo-Marquetti-300x202.jpg 300w\" sizes=\"auto, (max-width: 283px) 100vw, 283px\" \/><\/a><\/figure><\/div>\n\n\n\n<p>Putin rejeitou a tr\u00e9gua de 30 dias proposta pelos EUA e pela Ucr\u00e2nia e s\u00f3 aceitou o fim dos ataques \u00e0 infraestrutura do setor de energia inimigo. Trump insistiu nesta segunda-feira (31) que quer que o ditador russo &#8220;chegue a um acordo&#8221; para acabar com a guerra e reiterou que est\u00e1 pronto para impor san\u00e7\u00f5es a Moscou.<\/p>\n\n\n\n<div class=\"wp-block-image\"><figure class=\"aligncenter size-large\"><a href=\"https:\/\/www.cesconetto.com.br\/\"><img loading=\"lazy\" decoding=\"async\" width=\"300\" height=\"250\" src=\"https:\/\/jornalfatosenoticias.com.br\/wp-content\/uploads\/2020\/02\/Banner-2.png\" alt=\"\" class=\"wp-image-43787\"\/><\/a><\/figure><\/div>\n\n\n\n<blockquote class=\"wp-block-quote is-layout-flow wp-block-quote-is-layout-flow\"><p><span class=\"has-inline-color has-luminous-vivid-orange-color\">Acho que ele far\u00e1 isso. N\u00e3o quero ter que impor tarifas secund\u00e1rias sobre o petr\u00f3leo deles&#8221;, acrescentou o l\u00edder republicano, que lembrou que j\u00e1 fez isso com a Venezuela, impondo san\u00e7\u00f5es aos compradores de petr\u00f3leo do pa\u00eds sul-americano.<\/span><\/p><\/blockquote>\n\n\n\n<div class=\"wp-block-image\"><figure class=\"aligncenter size-large is-resized\"><a href=\"https:\/\/www.facebook.com\/postobkr\/?locale=pt_BR\"><img loading=\"lazy\" decoding=\"async\" src=\"https:\/\/jornalfatosenoticias.com.br\/wp-content\/uploads\/2023\/08\/BKR-1024x1021.jpg\" alt=\"\" class=\"wp-image-44494\" width=\"261\" height=\"260\" srcset=\"https:\/\/jornalfatosenoticias.com.br\/wp-content\/uploads\/2023\/08\/BKR-1024x1021.jpg 1024w, https:\/\/jornalfatosenoticias.com.br\/wp-content\/uploads\/2023\/08\/BKR-300x300.jpg 300w, https:\/\/jornalfatosenoticias.com.br\/wp-content\/uploads\/2023\/08\/BKR-150x150.jpg 150w, https:\/\/jornalfatosenoticias.com.br\/wp-content\/uploads\/2023\/08\/BKR-768x766.jpg 768w, https:\/\/jornalfatosenoticias.com.br\/wp-content\/uploads\/2023\/08\/BKR.jpg 1080w\" sizes=\"auto, (max-width: 261px) 100vw, 261px\" \/><\/a><\/figure><\/div>\n\n\n\n<p><strong>Fonte: <a href=\"https:\/\/www.gazetadopovo.com.br\/mundo\/russia-rejeita-plano-paz-trump-por-nao-incluir-preocupacoes-kremlin\/\">Gazeta do Povo<\/a><\/strong><\/p>\n","protected":false},"excerpt":{"rendered":"<p>O regime russo liderado por Putin mant\u00e9m conversas com o governo americano, de Donald Trump, sobre a guerra na Ucr\u00e2nia Por Isabella de Paula A R\u00fassia criticou, nesta ter\u00e7a-feira (1), pela primeira vez, o plano de paz sugerido pelo presidente dos EUA, Donald Trump, para a Ucr\u00e2nia e advertiu que, a partir de hoje, n\u00e3o [&hellip;]<\/p>\n","protected":false},"author":2,"featured_media":58158,"comment_status":"open","ping_status":"open","sticky":false,"template":"","format":"standard","meta":{"footnotes":""},"categories":[41],"tags":[2147,159,15049,24310,5370,10577,1920,19652],"class_list":["post-58157","post","type-post","status-publish","format-standard","has-post-thumbnail","hentry","category-internacional","tag-donald-trump","tag-eua","tag-guerra-na-ucrania","tag-kremlin","tag-sancoes","tag-ucrania","tag-vladimir-putin","tag-volodymyr-zelensky"],"yoast_head":"<!-- This site is optimized with the Yoast SEO plugin v26.5 - https:\/\/yoast.com\/wordpress\/plugins\/seo\/ -->\n<title>R\u00fassia rejeita plano de paz de Trump por n\u00e3o incluir \u201cpreocupa\u00e7\u00f5es\u201d do Kremlin - Jornal Fatos e Not\u00edcias<\/title>\n<meta name=\"robots\" content=\"index, follow, max-snippet:-1, max-image-preview:large, max-video-preview:-1\" \/>\n<link rel=\"canonical\" href=\"https:\/\/jornalfatosenoticias.com.br\/index.php\/2025\/04\/01\/russia-rejeita-plano-de-paz-de-trump-por-nao-incluir-preocupacoes-do-kremlin\/\" \/>\n<meta property=\"og:locale\" content=\"pt_BR\" \/>\n<meta property=\"og:type\" content=\"article\" \/>\n<meta property=\"og:title\" content=\"R\u00fassia rejeita plano de paz de Trump por n\u00e3o incluir \u201cpreocupa\u00e7\u00f5es\u201d do Kremlin - Jornal Fatos e Not\u00edcias\" \/>\n<meta property=\"og:description\" content=\"O regime russo liderado por Putin mant\u00e9m conversas com o governo americano, de Donald Trump, sobre a guerra na Ucr\u00e2nia Por Isabella de Paula A R\u00fassia criticou, nesta ter\u00e7a-feira (1), pela primeira vez, o plano de paz sugerido pelo presidente dos EUA, Donald Trump, para a Ucr\u00e2nia e advertiu que, a partir de hoje, n\u00e3o [&hellip;]\" \/>\n<meta property=\"og:url\" content=\"https:\/\/jornalfatosenoticias.com.br\/index.php\/2025\/04\/01\/russia-rejeita-plano-de-paz-de-trump-por-nao-incluir-preocupacoes-do-kremlin\/\" \/>\n<meta property=\"og:site_name\" content=\"Jornal Fatos e Not\u00edcias\" \/>\n<meta property=\"article:published_time\" content=\"2025-04-01T16:44:10+00:00\" \/>\n<meta property=\"article:modified_time\" content=\"2025-04-01T16:44:11+00:00\" \/>\n<meta property=\"og:image\" content=\"https:\/\/jornalfatosenoticias.com.br\/wp-content\/uploads\/2025\/04\/Trump-e-Putin_gettyimages.jpg\" \/>\n\t<meta property=\"og:image:width\" content=\"612\" \/>\n\t<meta property=\"og:image:height\" content=\"459\" \/>\n\t<meta property=\"og:image:type\" content=\"image\/jpeg\" \/>\n<meta name=\"author\" content=\"Luzimara Fernandes\" \/>\n<meta name=\"twitter:card\" content=\"summary_large_image\" \/>\n<meta name=\"twitter:label1\" content=\"Escrito por\" \/>\n\t<meta name=\"twitter:data1\" content=\"Luzimara Fernandes\" \/>\n\t<meta name=\"twitter:label2\" content=\"Est. tempo de leitura\" \/>\n\t<meta name=\"twitter:data2\" content=\"2 minutos\" \/>\n<script type=\"application\/ld+json\" class=\"yoast-schema-graph\">{\"@context\":\"https:\/\/schema.org\",\"@graph\":[{\"@type\":\"Article\",\"@id\":\"https:\/\/jornalfatosenoticias.com.br\/index.php\/2025\/04\/01\/russia-rejeita-plano-de-paz-de-trump-por-nao-incluir-preocupacoes-do-kremlin\/#article\",\"isPartOf\":{\"@id\":\"https:\/\/jornalfatosenoticias.com.br\/index.php\/2025\/04\/01\/russia-rejeita-plano-de-paz-de-trump-por-nao-incluir-preocupacoes-do-kremlin\/\"},\"author\":{\"name\":\"Luzimara Fernandes\",\"@id\":\"https:\/\/jornalfatosenoticias.com.br\/#\/schema\/person\/d63837fa13ac8666eb9e74e0985d6f81\"},\"headline\":\"R\u00fassia rejeita plano de paz de Trump por n\u00e3o incluir \u201cpreocupa\u00e7\u00f5es\u201d do Kremlin\",\"datePublished\":\"2025-04-01T16:44:10+00:00\",\"dateModified\":\"2025-04-01T16:44:11+00:00\",\"mainEntityOfPage\":{\"@id\":\"https:\/\/jornalfatosenoticias.com.br\/index.php\/2025\/04\/01\/russia-rejeita-plano-de-paz-de-trump-por-nao-incluir-preocupacoes-do-kremlin\/\"},\"wordCount\":442,\"commentCount\":0,\"publisher\":{\"@id\":\"https:\/\/jornalfatosenoticias.com.br\/#organization\"},\"image\":{\"@id\":\"https:\/\/jornalfatosenoticias.com.br\/index.php\/2025\/04\/01\/russia-rejeita-plano-de-paz-de-trump-por-nao-incluir-preocupacoes-do-kremlin\/#primaryimage\"},\"thumbnailUrl\":\"https:\/\/jornalfatosenoticias.com.br\/wp-content\/uploads\/2025\/04\/Trump-e-Putin_gettyimages.jpg\",\"keywords\":[\"Donald Trump\",\"EUA\",\"Guerra na Ucr\u00e2nia\",\"Kremlin\",\"san\u00e7\u00f5es\",\"Ucr\u00e2nia\",\"Vladimir Putin\",\"Volodymyr Zelensky\"],\"articleSection\":[\"Internacional\"],\"inLanguage\":\"pt-BR\",\"potentialAction\":[{\"@type\":\"CommentAction\",\"name\":\"Comment\",\"target\":[\"https:\/\/jornalfatosenoticias.com.br\/index.php\/2025\/04\/01\/russia-rejeita-plano-de-paz-de-trump-por-nao-incluir-preocupacoes-do-kremlin\/#respond\"]}]},{\"@type\":\"WebPage\",\"@id\":\"https:\/\/jornalfatosenoticias.com.br\/index.php\/2025\/04\/01\/russia-rejeita-plano-de-paz-de-trump-por-nao-incluir-preocupacoes-do-kremlin\/\",\"url\":\"https:\/\/jornalfatosenoticias.com.br\/index.php\/2025\/04\/01\/russia-rejeita-plano-de-paz-de-trump-por-nao-incluir-preocupacoes-do-kremlin\/\",\"name\":\"R\u00fassia rejeita plano de paz de Trump por n\u00e3o incluir \u201cpreocupa\u00e7\u00f5es\u201d do Kremlin - Jornal Fatos e Not\u00edcias\",\"isPartOf\":{\"@id\":\"https:\/\/jornalfatosenoticias.com.br\/#website\"},\"primaryImageOfPage\":{\"@id\":\"https:\/\/jornalfatosenoticias.com.br\/index.php\/2025\/04\/01\/russia-rejeita-plano-de-paz-de-trump-por-nao-incluir-preocupacoes-do-kremlin\/#primaryimage\"},\"image\":{\"@id\":\"https:\/\/jornalfatosenoticias.com.br\/index.php\/2025\/04\/01\/russia-rejeita-plano-de-paz-de-trump-por-nao-incluir-preocupacoes-do-kremlin\/#primaryimage\"},\"thumbnailUrl\":\"https:\/\/jornalfatosenoticias.com.br\/wp-content\/uploads\/2025\/04\/Trump-e-Putin_gettyimages.jpg\",\"datePublished\":\"2025-04-01T16:44:10+00:00\",\"dateModified\":\"2025-04-01T16:44:11+00:00\",\"breadcrumb\":{\"@id\":\"https:\/\/jornalfatosenoticias.com.br\/index.php\/2025\/04\/01\/russia-rejeita-plano-de-paz-de-trump-por-nao-incluir-preocupacoes-do-kremlin\/#breadcrumb\"},\"inLanguage\":\"pt-BR\",\"potentialAction\":[{\"@type\":\"ReadAction\",\"target\":[\"https:\/\/jornalfatosenoticias.com.br\/index.php\/2025\/04\/01\/russia-rejeita-plano-de-paz-de-trump-por-nao-incluir-preocupacoes-do-kremlin\/\"]}]},{\"@type\":\"ImageObject\",\"inLanguage\":\"pt-BR\",\"@id\":\"https:\/\/jornalfatosenoticias.com.br\/index.php\/2025\/04\/01\/russia-rejeita-plano-de-paz-de-trump-por-nao-incluir-preocupacoes-do-kremlin\/#primaryimage\",\"url\":\"https:\/\/jornalfatosenoticias.com.br\/wp-content\/uploads\/2025\/04\/Trump-e-Putin_gettyimages.jpg\",\"contentUrl\":\"https:\/\/jornalfatosenoticias.com.br\/wp-content\/uploads\/2025\/04\/Trump-e-Putin_gettyimages.jpg\",\"width\":612,\"height\":459,\"caption\":\"(COMBO) This combination of pictures created on February 21, 2020 shows US President Donald Trump delivers remarks at a Keep America Great rally in Phoenix, Arizona, on February 19, 2020. Russian President Vladimir Putin delivers a speech during a ceremony in Jerusalem on January 23, 2020 commemorating the people of Leningrad during the Second World War Nazi siege on the city. - President Donald Trump on february 21, 2020 dismissed reported warnings by US intelligence that Russia is meddling in this year's elections as a \\\"hoax\\\" planted by his Democratic rivals. \\\"Another misinformation campaign is being launched by Democrats in Congress saying that Russia prefers me to any of the Do Nothing Democrat candidates who still have been unable to, after two weeks, count their votes in Iowa,\\\" Trump wrote on Twitter. (Photo by JIM WATSON and EMMANUEL DUNAND \/ AFP) (Photo by JIM WATSON,EMMANUEL DUNAND\/AFP via Getty Images)\"},{\"@type\":\"BreadcrumbList\",\"@id\":\"https:\/\/jornalfatosenoticias.com.br\/index.php\/2025\/04\/01\/russia-rejeita-plano-de-paz-de-trump-por-nao-incluir-preocupacoes-do-kremlin\/#breadcrumb\",\"itemListElement\":[{\"@type\":\"ListItem\",\"position\":1,\"name\":\"In\u00edcio\",\"item\":\"https:\/\/jornalfatosenoticias.com.br\/\"},{\"@type\":\"ListItem\",\"position\":2,\"name\":\"R\u00fassia rejeita plano de paz de Trump por n\u00e3o incluir \u201cpreocupa\u00e7\u00f5es\u201d do Kremlin\"}]},{\"@type\":\"WebSite\",\"@id\":\"https:\/\/jornalfatosenoticias.com.br\/#website\",\"url\":\"https:\/\/jornalfatosenoticias.com.br\/\",\"name\":\"Jornal Fatos e Not\u00edcias\",\"description\":\"Not\u00edcias em geral\",\"publisher\":{\"@id\":\"https:\/\/jornalfatosenoticias.com.br\/#organization\"},\"potentialAction\":[{\"@type\":\"SearchAction\",\"target\":{\"@type\":\"EntryPoint\",\"urlTemplate\":\"https:\/\/jornalfatosenoticias.com.br\/?s={search_term_string}\"},\"query-input\":{\"@type\":\"PropertyValueSpecification\",\"valueRequired\":true,\"valueName\":\"search_term_string\"}}],\"inLanguage\":\"pt-BR\"},{\"@type\":\"Organization\",\"@id\":\"https:\/\/jornalfatosenoticias.com.br\/#organization\",\"name\":\"Jornal Fatos e Not\u00edcias\",\"url\":\"https:\/\/jornalfatosenoticias.com.br\/\",\"logo\":{\"@type\":\"ImageObject\",\"inLanguage\":\"pt-BR\",\"@id\":\"https:\/\/jornalfatosenoticias.com.br\/#\/schema\/logo\/image\/\",\"url\":\"https:\/\/jornalfatosenoticias.com.br\/wp-content\/uploads\/2020\/02\/logo120.png\",\"contentUrl\":\"https:\/\/jornalfatosenoticias.com.br\/wp-content\/uploads\/2020\/02\/logo120.png\",\"width\":1227,\"height\":120,\"caption\":\"Jornal Fatos e Not\u00edcias\"},\"image\":{\"@id\":\"https:\/\/jornalfatosenoticias.com.br\/#\/schema\/logo\/image\/\"}},{\"@type\":\"Person\",\"@id\":\"https:\/\/jornalfatosenoticias.com.br\/#\/schema\/person\/d63837fa13ac8666eb9e74e0985d6f81\",\"name\":\"Luzimara Fernandes\",\"image\":{\"@type\":\"ImageObject\",\"inLanguage\":\"pt-BR\",\"@id\":\"https:\/\/jornalfatosenoticias.com.br\/#\/schema\/person\/image\/\",\"url\":\"https:\/\/jornalfatosenoticias.com.br\/wp-content\/uploads\/2025\/05\/EU_portal.jpg\",\"contentUrl\":\"https:\/\/jornalfatosenoticias.com.br\/wp-content\/uploads\/2025\/05\/EU_portal.jpg\",\"caption\":\"Luzimara Fernandes\"},\"description\":\"Jornalista MTB 2358-ES\",\"sameAs\":[\"https:\/\/jornalfatosenoticias.com.br\"],\"url\":\"https:\/\/jornalfatosenoticias.com.br\/index.php\/author\/luzimara\/\"}]}<\/script>\n<!-- \/ Yoast SEO plugin. -->","yoast_head_json":{"title":"R\u00fassia rejeita plano de paz de Trump por n\u00e3o incluir \u201cpreocupa\u00e7\u00f5es\u201d do Kremlin - Jornal Fatos e Not\u00edcias","robots":{"index":"index","follow":"follow","max-snippet":"max-snippet:-1","max-image-preview":"max-image-preview:large","max-video-preview":"max-video-preview:-1"},"canonical":"https:\/\/jornalfatosenoticias.com.br\/index.php\/2025\/04\/01\/russia-rejeita-plano-de-paz-de-trump-por-nao-incluir-preocupacoes-do-kremlin\/","og_locale":"pt_BR","og_type":"article","og_title":"R\u00fassia rejeita plano de paz de Trump por n\u00e3o incluir \u201cpreocupa\u00e7\u00f5es\u201d do Kremlin - Jornal Fatos e Not\u00edcias","og_description":"O regime russo liderado por Putin mant\u00e9m conversas com o governo americano, de Donald Trump, sobre a guerra na Ucr\u00e2nia Por Isabella de Paula A R\u00fassia criticou, nesta ter\u00e7a-feira (1), pela primeira vez, o plano de paz sugerido pelo presidente dos EUA, Donald Trump, para a Ucr\u00e2nia e advertiu que, a partir de hoje, n\u00e3o [&hellip;]","og_url":"https:\/\/jornalfatosenoticias.com.br\/index.php\/2025\/04\/01\/russia-rejeita-plano-de-paz-de-trump-por-nao-incluir-preocupacoes-do-kremlin\/","og_site_name":"Jornal Fatos e Not\u00edcias","article_published_time":"2025-04-01T16:44:10+00:00","article_modified_time":"2025-04-01T16:44:11+00:00","og_image":[{"width":612,"height":459,"url":"https:\/\/jornalfatosenoticias.com.br\/wp-content\/uploads\/2025\/04\/Trump-e-Putin_gettyimages.jpg","type":"image\/jpeg"}],"author":"Luzimara Fernandes","twitter_card":"summary_large_image","twitter_misc":{"Escrito por":"Luzimara Fernandes","Est. tempo de leitura":"2 minutos"},"schema":{"@context":"https:\/\/schema.org","@graph":[{"@type":"Article","@id":"https:\/\/jornalfatosenoticias.com.br\/index.php\/2025\/04\/01\/russia-rejeita-plano-de-paz-de-trump-por-nao-incluir-preocupacoes-do-kremlin\/#article","isPartOf":{"@id":"https:\/\/jornalfatosenoticias.com.br\/index.php\/2025\/04\/01\/russia-rejeita-plano-de-paz-de-trump-por-nao-incluir-preocupacoes-do-kremlin\/"},"author":{"name":"Luzimara Fernandes","@id":"https:\/\/jornalfatosenoticias.com.br\/#\/schema\/person\/d63837fa13ac8666eb9e74e0985d6f81"},"headline":"R\u00fassia rejeita plano de paz de Trump por n\u00e3o incluir \u201cpreocupa\u00e7\u00f5es\u201d do Kremlin","datePublished":"2025-04-01T16:44:10+00:00","dateModified":"2025-04-01T16:44:11+00:00","mainEntityOfPage":{"@id":"https:\/\/jornalfatosenoticias.com.br\/index.php\/2025\/04\/01\/russia-rejeita-plano-de-paz-de-trump-por-nao-incluir-preocupacoes-do-kremlin\/"},"wordCount":442,"commentCount":0,"publisher":{"@id":"https:\/\/jornalfatosenoticias.com.br\/#organization"},"image":{"@id":"https:\/\/jornalfatosenoticias.com.br\/index.php\/2025\/04\/01\/russia-rejeita-plano-de-paz-de-trump-por-nao-incluir-preocupacoes-do-kremlin\/#primaryimage"},"thumbnailUrl":"https:\/\/jornalfatosenoticias.com.br\/wp-content\/uploads\/2025\/04\/Trump-e-Putin_gettyimages.jpg","keywords":["Donald Trump","EUA","Guerra na Ucr\u00e2nia","Kremlin","san\u00e7\u00f5es","Ucr\u00e2nia","Vladimir Putin","Volodymyr Zelensky"],"articleSection":["Internacional"],"inLanguage":"pt-BR","potentialAction":[{"@type":"CommentAction","name":"Comment","target":["https:\/\/jornalfatosenoticias.com.br\/index.php\/2025\/04\/01\/russia-rejeita-plano-de-paz-de-trump-por-nao-incluir-preocupacoes-do-kremlin\/#respond"]}]},{"@type":"WebPage","@id":"https:\/\/jornalfatosenoticias.com.br\/index.php\/2025\/04\/01\/russia-rejeita-plano-de-paz-de-trump-por-nao-incluir-preocupacoes-do-kremlin\/","url":"https:\/\/jornalfatosenoticias.com.br\/index.php\/2025\/04\/01\/russia-rejeita-plano-de-paz-de-trump-por-nao-incluir-preocupacoes-do-kremlin\/","name":"R\u00fassia rejeita plano de paz de Trump por n\u00e3o incluir \u201cpreocupa\u00e7\u00f5es\u201d do Kremlin - Jornal Fatos e Not\u00edcias","isPartOf":{"@id":"https:\/\/jornalfatosenoticias.com.br\/#website"},"primaryImageOfPage":{"@id":"https:\/\/jornalfatosenoticias.com.br\/index.php\/2025\/04\/01\/russia-rejeita-plano-de-paz-de-trump-por-nao-incluir-preocupacoes-do-kremlin\/#primaryimage"},"image":{"@id":"https:\/\/jornalfatosenoticias.com.br\/index.php\/2025\/04\/01\/russia-rejeita-plano-de-paz-de-trump-por-nao-incluir-preocupacoes-do-kremlin\/#primaryimage"},"thumbnailUrl":"https:\/\/jornalfatosenoticias.com.br\/wp-content\/uploads\/2025\/04\/Trump-e-Putin_gettyimages.jpg","datePublished":"2025-04-01T16:44:10+00:00","dateModified":"2025-04-01T16:44:11+00:00","breadcrumb":{"@id":"https:\/\/jornalfatosenoticias.com.br\/index.php\/2025\/04\/01\/russia-rejeita-plano-de-paz-de-trump-por-nao-incluir-preocupacoes-do-kremlin\/#breadcrumb"},"inLanguage":"pt-BR","potentialAction":[{"@type":"ReadAction","target":["https:\/\/jornalfatosenoticias.com.br\/index.php\/2025\/04\/01\/russia-rejeita-plano-de-paz-de-trump-por-nao-incluir-preocupacoes-do-kremlin\/"]}]},{"@type":"ImageObject","inLanguage":"pt-BR","@id":"https:\/\/jornalfatosenoticias.com.br\/index.php\/2025\/04\/01\/russia-rejeita-plano-de-paz-de-trump-por-nao-incluir-preocupacoes-do-kremlin\/#primaryimage","url":"https:\/\/jornalfatosenoticias.com.br\/wp-content\/uploads\/2025\/04\/Trump-e-Putin_gettyimages.jpg","contentUrl":"https:\/\/jornalfatosenoticias.com.br\/wp-content\/uploads\/2025\/04\/Trump-e-Putin_gettyimages.jpg","width":612,"height":459,"caption":"(COMBO) This combination of pictures created on February 21, 2020 shows US President Donald Trump delivers remarks at a Keep America Great rally in Phoenix, Arizona, on February 19, 2020. Russian President Vladimir Putin delivers a speech during a ceremony in Jerusalem on January 23, 2020 commemorating the people of Leningrad during the Second World War Nazi siege on the city. - President Donald Trump on february 21, 2020 dismissed reported warnings by US intelligence that Russia is meddling in this year's elections as a \"hoax\" planted by his Democratic rivals. \"Another misinformation campaign is being launched by Democrats in Congress saying that Russia prefers me to any of the Do Nothing Democrat candidates who still have been unable to, after two weeks, count their votes in Iowa,\" Trump wrote on Twitter. (Photo by JIM WATSON and EMMANUEL DUNAND \/ AFP) (Photo by JIM WATSON,EMMANUEL DUNAND\/AFP via Getty Images)"},{"@type":"BreadcrumbList","@id":"https:\/\/jornalfatosenoticias.com.br\/index.php\/2025\/04\/01\/russia-rejeita-plano-de-paz-de-trump-por-nao-incluir-preocupacoes-do-kremlin\/#breadcrumb","itemListElement":[{"@type":"ListItem","position":1,"name":"In\u00edcio","item":"https:\/\/jornalfatosenoticias.com.br\/"},{"@type":"ListItem","position":2,"name":"R\u00fassia rejeita plano de paz de Trump por n\u00e3o incluir \u201cpreocupa\u00e7\u00f5es\u201d do Kremlin"}]},{"@type":"WebSite","@id":"https:\/\/jornalfatosenoticias.com.br\/#website","url":"https:\/\/jornalfatosenoticias.com.br\/","name":"Jornal Fatos e Not\u00edcias","description":"Not\u00edcias em geral","publisher":{"@id":"https:\/\/jornalfatosenoticias.com.br\/#organization"},"potentialAction":[{"@type":"SearchAction","target":{"@type":"EntryPoint","urlTemplate":"https:\/\/jornalfatosenoticias.com.br\/?s={search_term_string}"},"query-input":{"@type":"PropertyValueSpecification","valueRequired":true,"valueName":"search_term_string"}}],"inLanguage":"pt-BR"},{"@type":"Organization","@id":"https:\/\/jornalfatosenoticias.com.br\/#organization","name":"Jornal Fatos e Not\u00edcias","url":"https:\/\/jornalfatosenoticias.com.br\/","logo":{"@type":"ImageObject","inLanguage":"pt-BR","@id":"https:\/\/jornalfatosenoticias.com.br\/#\/schema\/logo\/image\/","url":"https:\/\/jornalfatosenoticias.com.br\/wp-content\/uploads\/2020\/02\/logo120.png","contentUrl":"https:\/\/jornalfatosenoticias.com.br\/wp-content\/uploads\/2020\/02\/logo120.png","width":1227,"height":120,"caption":"Jornal Fatos e Not\u00edcias"},"image":{"@id":"https:\/\/jornalfatosenoticias.com.br\/#\/schema\/logo\/image\/"}},{"@type":"Person","@id":"https:\/\/jornalfatosenoticias.com.br\/#\/schema\/person\/d63837fa13ac8666eb9e74e0985d6f81","name":"Luzimara Fernandes","image":{"@type":"ImageObject","inLanguage":"pt-BR","@id":"https:\/\/jornalfatosenoticias.com.br\/#\/schema\/person\/image\/","url":"https:\/\/jornalfatosenoticias.com.br\/wp-content\/uploads\/2025\/05\/EU_portal.jpg","contentUrl":"https:\/\/jornalfatosenoticias.com.br\/wp-content\/uploads\/2025\/05\/EU_portal.jpg","caption":"Luzimara Fernandes"},"description":"Jornalista MTB 2358-ES","sameAs":["https:\/\/jornalfatosenoticias.com.br"],"url":"https:\/\/jornalfatosenoticias.com.br\/index.php\/author\/luzimara\/"}]}},"cc_featured_image_caption":{"caption_text":"(Foto: Getty Images) ","source_text":"","source_url":""},"jetpack_featured_media_url":"https:\/\/jornalfatosenoticias.com.br\/wp-content\/uploads\/2025\/04\/Trump-e-Putin_gettyimages.jpg","_links":{"self":[{"href":"https:\/\/jornalfatosenoticias.com.br\/index.php\/wp-json\/wp\/v2\/posts\/58157","targetHints":{"allow":["GET"]}}],"collection":[{"href":"https:\/\/jornalfatosenoticias.com.br\/index.php\/wp-json\/wp\/v2\/posts"}],"about":[{"href":"https:\/\/jornalfatosenoticias.com.br\/index.php\/wp-json\/wp\/v2\/types\/post"}],"author":[{"embeddable":true,"href":"https:\/\/jornalfatosenoticias.com.br\/index.php\/wp-json\/wp\/v2\/users\/2"}],"replies":[{"embeddable":true,"href":"https:\/\/jornalfatosenoticias.com.br\/index.php\/wp-json\/wp\/v2\/comments?post=58157"}],"version-history":[{"count":0,"href":"https:\/\/jornalfatosenoticias.com.br\/index.php\/wp-json\/wp\/v2\/posts\/58157\/revisions"}],"wp:featuredmedia":[{"embeddable":true,"href":"https:\/\/jornalfatosenoticias.com.br\/index.php\/wp-json\/wp\/v2\/media\/58158"}],"wp:attachment":[{"href":"https:\/\/jornalfatosenoticias.com.br\/index.php\/wp-json\/wp\/v2\/media?parent=58157"}],"wp:term":[{"taxonomy":"category","embeddable":true,"href":"https:\/\/jornalfatosenoticias.com.br\/index.php\/wp-json\/wp\/v2\/categories?post=58157"},{"taxonomy":"post_tag","embeddable":true,"href":"https:\/\/jornalfatosenoticias.com.br\/index.php\/wp-json\/wp\/v2\/tags?post=58157"}],"curies":[{"name":"wp","href":"https:\/\/api.w.org\/{rel}","templated":true}]}}