{"id":58160,"date":"2025-04-01T13:57:34","date_gmt":"2025-04-01T16:57:34","guid":{"rendered":"https:\/\/jornalfatosenoticias.com.br\/?p=58160"},"modified":"2025-04-01T13:57:35","modified_gmt":"2025-04-01T16:57:35","slug":"desaprovacao-a-lula-segue-em-alta-por-preocupacao-com-economia-e-responsabilidade-fiscal","status":"publish","type":"post","link":"https:\/\/jornalfatosenoticias.com.br\/index.php\/2025\/04\/01\/desaprovacao-a-lula-segue-em-alta-por-preocupacao-com-economia-e-responsabilidade-fiscal\/","title":{"rendered":"Desaprova\u00e7\u00e3o a Lula segue em alta por preocupa\u00e7\u00e3o com economia e responsabilidade fiscal"},"content":{"rendered":"\n<p><em><span class=\"has-inline-color has-black-color\">A responsabilidade fiscal tamb\u00e9m \u00e9 apontada como preocupa\u00e7\u00e3o da popula\u00e7\u00e3o, o que reflete na confian\u00e7a do governo<\/span><\/em><\/p>\n\n\n\n<p><span class=\"has-inline-color has-black-color\">Por <strong><a href=\"https:\/\/www.gazetadopovo.com.br\/autor\/guilherme-grandi\/\">Guilherme Grandi<\/a><\/strong><\/span><\/p>\n\n\n\n<div class=\"wp-block-image\"><figure class=\"aligncenter size-large is-resized\"><a href=\"https:\/\/www.facebook.com\/vetor.vix\/\"><img loading=\"lazy\" decoding=\"async\" src=\"https:\/\/jornalfatosenoticias.com.br\/wp-content\/uploads\/2023\/09\/vetorvix1024_1.jpg\" alt=\"\" class=\"wp-image-44868\" width=\"535\" height=\"142\" srcset=\"https:\/\/jornalfatosenoticias.com.br\/wp-content\/uploads\/2023\/09\/vetorvix1024_1.jpg 1024w, https:\/\/jornalfatosenoticias.com.br\/wp-content\/uploads\/2023\/09\/vetorvix1024_1-300x80.jpg 300w, https:\/\/jornalfatosenoticias.com.br\/wp-content\/uploads\/2023\/09\/vetorvix1024_1-768x205.jpg 768w\" sizes=\"auto, (max-width: 535px) 100vw, 535px\" \/><\/a><\/figure><\/div>\n\n\n\n<p>A desaprova\u00e7\u00e3o ao governo de Luiz In\u00e1cio Lula da Silva (PT) segue em alta por preocupa\u00e7\u00f5es da popula\u00e7\u00e3o com a economia e a responsabilidade fiscal. A nova rodada da pesquisa AtlasIntel e Bloomberg divulgada nesta ter\u00e7a (1\u00ba) mostra a aprova\u00e7\u00e3o ao petista ainda em queda, mesmo com o an\u00fancio de medidas para tentar reverter a perda de popularidade. Segundo o levantamento, a desaprova\u00e7\u00e3o a Lula j\u00e1 chega a 53,6% dos entrevistados, enquanto que a aprova\u00e7\u00e3o \u00e9 de 44,9%. Veja abaixo a popularidade do petista desde janeiro de 2024:<\/p>\n\n\n\n<div class=\"wp-block-image\"><figure class=\"aligncenter size-large\"><img loading=\"lazy\" decoding=\"async\" width=\"1000\" height=\"535\" src=\"https:\/\/jornalfatosenoticias.com.br\/wp-content\/uploads\/2025\/04\/pesquisa-atlasintel-1.jpg\" alt=\"\" class=\"wp-image-58163\" srcset=\"https:\/\/jornalfatosenoticias.com.br\/wp-content\/uploads\/2025\/04\/pesquisa-atlasintel-1.jpg 1000w, https:\/\/jornalfatosenoticias.com.br\/wp-content\/uploads\/2025\/04\/pesquisa-atlasintel-1-300x161.jpg 300w, https:\/\/jornalfatosenoticias.com.br\/wp-content\/uploads\/2025\/04\/pesquisa-atlasintel-1-768x411.jpg 768w\" sizes=\"auto, (max-width: 1000px) 100vw, 1000px\" \/><\/figure><\/div>\n\n\n\n<p>A AtlasIntel ouviu 4.659 pessoas entre os dias 20 e 24 de mar\u00e7o por meio digital, com margem de erro de 1 ponto percentual e grau de confian\u00e7a de 95%. No detalhamento da avalia\u00e7\u00e3o do governo Lula, 49,6% dos entrevistados o consideram como ruim\/p\u00e9ssimo, com uma leve melhora de 1,2 ponto percentual na compara\u00e7\u00e3o com a pesquisa do m\u00eas passado. J\u00e1 outros 37,4% avaliaram como \u00f3timo\/bom, uma estabilidade dentro da margem de erro, e 12,5% como regular \u2014 eram 11,3% em fevereiro:<\/p>\n\n\n\n<div class=\"wp-block-image\"><figure class=\"aligncenter size-large\"><img loading=\"lazy\" decoding=\"async\" width=\"1000\" height=\"531\" src=\"https:\/\/jornalfatosenoticias.com.br\/wp-content\/uploads\/2025\/04\/pesquisa-atlasintel-2.jpg\" alt=\"\" class=\"wp-image-58162\" srcset=\"https:\/\/jornalfatosenoticias.com.br\/wp-content\/uploads\/2025\/04\/pesquisa-atlasintel-2.jpg 1000w, https:\/\/jornalfatosenoticias.com.br\/wp-content\/uploads\/2025\/04\/pesquisa-atlasintel-2-300x159.jpg 300w, https:\/\/jornalfatosenoticias.com.br\/wp-content\/uploads\/2025\/04\/pesquisa-atlasintel-2-768x408.jpg 768w\" sizes=\"auto, (max-width: 1000px) 100vw, 1000px\" \/><\/figure><\/div>\n\n\n\n<p>Segundo apurou a AtlasIntel com a Bloomberg, a preocupa\u00e7\u00e3o com responsabilidade fiscal do governo \u00e9 disparada a maior entre todas, com um desempenho p\u00e9ssimo do governo para 54% dos entrevistados. O mesmo se v\u00ea na compara\u00e7\u00e3o com a gest\u00e3o de Jair Bolsonaro (PL), com uma atua\u00e7\u00e3o 59% pior.<\/p>\n\n\n\n<div class=\"wp-block-image\"><figure class=\"aligncenter size-large is-resized\"><a href=\"https:\/\/www.controlsystems.com.br\/\"><img loading=\"lazy\" decoding=\"async\" src=\"https:\/\/jornalfatosenoticias.com.br\/wp-content\/uploads\/2020\/02\/CONTROL-CS.jpg\" alt=\"\" class=\"wp-image-44991\" width=\"238\" height=\"286\" srcset=\"https:\/\/jornalfatosenoticias.com.br\/wp-content\/uploads\/2020\/02\/CONTROL-CS.jpg 834w, https:\/\/jornalfatosenoticias.com.br\/wp-content\/uploads\/2020\/02\/CONTROL-CS-250x300.jpg 250w, https:\/\/jornalfatosenoticias.com.br\/wp-content\/uploads\/2020\/02\/CONTROL-CS-768x921.jpg 768w\" sizes=\"auto, (max-width: 238px) 100vw, 238px\" \/><\/a><\/figure><\/div>\n\n\n\n<p><strong><span class=\"has-inline-color has-black-color\">Piora na economia<br><\/span><\/strong>Para 55% dos entrevistados, a situa\u00e7\u00e3o econ\u00f4mica do Brasil est\u00e1 ruim neste momento com expectativa de piora nos pr\u00f3ximos seis meses para 45% dos entrevistados. Isso se reflete tamb\u00e9m na preocupa\u00e7\u00e3o com a infla\u00e7\u00e3o no pa\u00eds (86,6%), com 75% dos entrevistados dizendo que a renda n\u00e3o est\u00e1 acompanhando o aumento dos pre\u00e7os.<\/p>\n\n\n\n<div class=\"wp-block-image\"><figure class=\"aligncenter size-large is-resized\"><a href=\"https:\/\/panper.com.br\/\"><img loading=\"lazy\" decoding=\"async\" src=\"https:\/\/jornalfatosenoticias.com.br\/wp-content\/uploads\/2023\/03\/logo-Panper_portal.jpg\" alt=\"\" class=\"wp-image-40208\" width=\"299\" height=\"207\" srcset=\"https:\/\/jornalfatosenoticias.com.br\/wp-content\/uploads\/2023\/03\/logo-Panper_portal.jpg 400w, https:\/\/jornalfatosenoticias.com.br\/wp-content\/uploads\/2023\/03\/logo-Panper_portal-300x208.jpg 300w\" sizes=\"auto, (max-width: 299px) 100vw, 299px\" \/><\/a><\/figure><\/div>\n\n\n\n<p>A grande causa disso, dizem 56,9%, \u00e9 a pol\u00edtica econ\u00f4mica falha do governo, em que a equipe de Lula n\u00e3o est\u00e1 tomando as medidas corretas para conter a infla\u00e7\u00e3o para 62,5% dos entrevistados. A pesquisa apontou, ainda, que 46,6% veem uma inten\u00e7\u00e3o de compra menor para este ano, enquanto 30,8% acreditam numa melhora.<\/p>\n\n\n\n<div class=\"wp-block-image\"><figure class=\"aligncenter size-large is-resized\"><a href=\"https:\/\/www.instagram.com\/serra4x4cambioautomatico\/\"><img loading=\"lazy\" decoding=\"async\" src=\"https:\/\/jornalfatosenoticias.com.br\/wp-content\/uploads\/2024\/08\/Serra-4x4-1-886x1024.jpg\" alt=\"\" class=\"wp-image-53632\" width=\"248\" height=\"287\" srcset=\"https:\/\/jornalfatosenoticias.com.br\/wp-content\/uploads\/2024\/08\/Serra-4x4-1-886x1024.jpg 886w, https:\/\/jornalfatosenoticias.com.br\/wp-content\/uploads\/2024\/08\/Serra-4x4-1-260x300.jpg 260w, https:\/\/jornalfatosenoticias.com.br\/wp-content\/uploads\/2024\/08\/Serra-4x4-1-768x888.jpg 768w, https:\/\/jornalfatosenoticias.com.br\/wp-content\/uploads\/2024\/08\/Serra-4x4-1.jpg 1181w\" sizes=\"auto, (max-width: 248px) 100vw, 248px\" \/><\/a><\/figure><\/div>\n\n\n\n<p>Por outro lado, a pesquisa mostra uma alta desconfian\u00e7a sobre qual institui\u00e7\u00e3o p\u00fablica ou privada poderia ajudar a reduzir a infla\u00e7\u00e3o. O Congresso n\u00e3o tem nenhuma confian\u00e7a para 47% dos entrevistados, enquanto que 27% acreditam no Minist\u00e9rio da Fazenda:<\/p>\n\n\n\n<div class=\"wp-block-image\"><figure class=\"aligncenter size-large\"><img loading=\"lazy\" decoding=\"async\" width=\"1000\" height=\"527\" src=\"https:\/\/jornalfatosenoticias.com.br\/wp-content\/uploads\/2025\/04\/pesquisa-atlasintel-3.jpg\" alt=\"\" class=\"wp-image-58161\" srcset=\"https:\/\/jornalfatosenoticias.com.br\/wp-content\/uploads\/2025\/04\/pesquisa-atlasintel-3.jpg 1000w, https:\/\/jornalfatosenoticias.com.br\/wp-content\/uploads\/2025\/04\/pesquisa-atlasintel-3-300x158.jpg 300w, https:\/\/jornalfatosenoticias.com.br\/wp-content\/uploads\/2025\/04\/pesquisa-atlasintel-3-768x405.jpg 768w\" sizes=\"auto, (max-width: 1000px) 100vw, 1000px\" \/><\/figure><\/div>\n\n\n\n<p>Os entrevistados pela AtlasIntel afirmaram, ainda, acreditar que os pre\u00e7os ir\u00e3o diminuir \u201cum pouco\u201d (32,9%) com a recente medida anunciada pelo governo para eliminar os impostos de importa\u00e7\u00e3o sobre certos produtos aliment\u00edcios, como azeite, carne, a\u00e7\u00facar e milho. Outros 26,3% acreditam que ficar\u00e3o iguais.<\/p>\n\n\n\n<div class=\"wp-block-image\"><figure class=\"aligncenter size-large is-resized\"><a href=\"https:\/\/www.legisjuris.com.br\/\"><img loading=\"lazy\" decoding=\"async\" src=\"https:\/\/jornalfatosenoticias.com.br\/wp-content\/uploads\/2024\/09\/Legis-Juris-Consultoria_logo.jpg\" alt=\"\" class=\"wp-image-53915\" width=\"518\" height=\"217\" srcset=\"https:\/\/jornalfatosenoticias.com.br\/wp-content\/uploads\/2024\/09\/Legis-Juris-Consultoria_logo.jpg 969w, https:\/\/jornalfatosenoticias.com.br\/wp-content\/uploads\/2024\/09\/Legis-Juris-Consultoria_logo-300x126.jpg 300w, https:\/\/jornalfatosenoticias.com.br\/wp-content\/uploads\/2024\/09\/Legis-Juris-Consultoria_logo-768x322.jpg 768w\" sizes=\"auto, (max-width: 518px) 100vw, 518px\" \/><\/a><\/figure><\/div>\n\n\n\n<p>A pesquisa ainda apontou que 35% dos entrevistados acreditam que os pre\u00e7os no geral ficar\u00e3o iguais ou podem at\u00e9 mesmo diminuir nos pr\u00f3ximos seis meses; 95,8% sentiram a conta ficar mais cara nos supermercados; e 55,8% trocou produtos por op\u00e7\u00f5es mais baratas, como a carne pelo frango e a manteiga pela margarina.<\/p>\n\n\n\n<div class=\"wp-block-image\"><figure class=\"aligncenter size-large is-resized\"><a href=\"https:\/\/www.facebook.com\/profile.php?id=100069289606145\"><img loading=\"lazy\" decoding=\"async\" src=\"https:\/\/jornalfatosenoticias.com.br\/wp-content\/uploads\/2024\/11\/Guaitolini-Contabilidade-1024x714.jpeg\" alt=\"\" class=\"wp-image-55808\" width=\"272\" height=\"190\" srcset=\"https:\/\/jornalfatosenoticias.com.br\/wp-content\/uploads\/2024\/11\/Guaitolini-Contabilidade-1024x714.jpeg 1024w, https:\/\/jornalfatosenoticias.com.br\/wp-content\/uploads\/2024\/11\/Guaitolini-Contabilidade-300x209.jpeg 300w, https:\/\/jornalfatosenoticias.com.br\/wp-content\/uploads\/2024\/11\/Guaitolini-Contabilidade-768x535.jpeg 768w, https:\/\/jornalfatosenoticias.com.br\/wp-content\/uploads\/2024\/11\/Guaitolini-Contabilidade.jpeg 1280w\" sizes=\"auto, (max-width: 272px) 100vw, 272px\" \/><\/a><\/figure><\/div>\n\n\n\n<p>Outros 59,9% apontaram de o aumento da taxa b\u00e1sica de juros pelo Banco Central \u00e9 um dos respons\u00e1veis pelo aumento da infla\u00e7\u00e3o. A Selic est\u00e1 em 14,25% com expectativa de uma nova subida em maio.<\/p>\n\n\n\n<p><strong>Fonte: <a href=\"https:\/\/www.gazetadopovo.com.br\/republica\/desaprovacao-lula-acima-aprovacao-economia\/\">Gazeta do Povo<\/a><\/strong><\/p>\n","protected":false},"excerpt":{"rendered":"<p>A responsabilidade fiscal tamb\u00e9m \u00e9 apontada como preocupa\u00e7\u00e3o da popula\u00e7\u00e3o, o que reflete na confian\u00e7a do governo Por Guilherme Grandi A desaprova\u00e7\u00e3o ao governo de Luiz In\u00e1cio Lula da Silva (PT) segue em alta por preocupa\u00e7\u00f5es da popula\u00e7\u00e3o com a economia e a responsabilidade fiscal. A nova rodada da pesquisa AtlasIntel e Bloomberg divulgada nesta [&hellip;]<\/p>\n","protected":false},"author":2,"featured_media":58164,"comment_status":"open","ping_status":"open","sticky":false,"template":"","format":"standard","meta":{"footnotes":""},"categories":[9],"tags":[19882,4182,7580,26516],"class_list":["post-58160","post","type-post","status-publish","format-standard","has-post-thumbnail","hentry","category-economia","tag-desaprovacao","tag-inflacao","tag-lula","tag-piora-na-economia"],"yoast_head":"<!-- This site is optimized with the Yoast SEO plugin v26.5 - https:\/\/yoast.com\/wordpress\/plugins\/seo\/ -->\n<title>Desaprova\u00e7\u00e3o a Lula segue em alta por preocupa\u00e7\u00e3o com economia e responsabilidade fiscal - Jornal Fatos e Not\u00edcias<\/title>\n<meta name=\"robots\" content=\"index, follow, max-snippet:-1, max-image-preview:large, max-video-preview:-1\" \/>\n<link rel=\"canonical\" href=\"https:\/\/jornalfatosenoticias.com.br\/index.php\/2025\/04\/01\/desaprovacao-a-lula-segue-em-alta-por-preocupacao-com-economia-e-responsabilidade-fiscal\/\" \/>\n<meta property=\"og:locale\" content=\"pt_BR\" \/>\n<meta property=\"og:type\" content=\"article\" \/>\n<meta property=\"og:title\" content=\"Desaprova\u00e7\u00e3o a Lula segue em alta por preocupa\u00e7\u00e3o com economia e responsabilidade fiscal - Jornal Fatos e Not\u00edcias\" \/>\n<meta property=\"og:description\" content=\"A responsabilidade fiscal tamb\u00e9m \u00e9 apontada como preocupa\u00e7\u00e3o da popula\u00e7\u00e3o, o que reflete na confian\u00e7a do governo Por Guilherme Grandi A desaprova\u00e7\u00e3o ao governo de Luiz In\u00e1cio Lula da Silva (PT) segue em alta por preocupa\u00e7\u00f5es da popula\u00e7\u00e3o com a economia e a responsabilidade fiscal. A nova rodada da pesquisa AtlasIntel e Bloomberg divulgada nesta [&hellip;]\" \/>\n<meta property=\"og:url\" content=\"https:\/\/jornalfatosenoticias.com.br\/index.php\/2025\/04\/01\/desaprovacao-a-lula-segue-em-alta-por-preocupacao-com-economia-e-responsabilidade-fiscal\/\" \/>\n<meta property=\"og:site_name\" content=\"Jornal Fatos e Not\u00edcias\" \/>\n<meta property=\"article:published_time\" content=\"2025-04-01T16:57:34+00:00\" \/>\n<meta property=\"article:modified_time\" content=\"2025-04-01T16:57:35+00:00\" \/>\n<meta property=\"og:image\" content=\"https:\/\/jornalfatosenoticias.com.br\/wp-content\/uploads\/2025\/04\/desaprovacao-ao-molusco_gettyimages.jpg\" \/>\n\t<meta property=\"og:image:width\" content=\"612\" \/>\n\t<meta property=\"og:image:height\" content=\"408\" \/>\n\t<meta property=\"og:image:type\" content=\"image\/jpeg\" \/>\n<meta name=\"author\" content=\"Luzimara Fernandes\" \/>\n<meta name=\"twitter:card\" content=\"summary_large_image\" \/>\n<meta name=\"twitter:label1\" content=\"Escrito por\" \/>\n\t<meta name=\"twitter:data1\" content=\"Luzimara Fernandes\" \/>\n\t<meta name=\"twitter:label2\" content=\"Est. tempo de leitura\" \/>\n\t<meta name=\"twitter:data2\" content=\"3 minutos\" \/>\n<script type=\"application\/ld+json\" class=\"yoast-schema-graph\">{\"@context\":\"https:\/\/schema.org\",\"@graph\":[{\"@type\":\"Article\",\"@id\":\"https:\/\/jornalfatosenoticias.com.br\/index.php\/2025\/04\/01\/desaprovacao-a-lula-segue-em-alta-por-preocupacao-com-economia-e-responsabilidade-fiscal\/#article\",\"isPartOf\":{\"@id\":\"https:\/\/jornalfatosenoticias.com.br\/index.php\/2025\/04\/01\/desaprovacao-a-lula-segue-em-alta-por-preocupacao-com-economia-e-responsabilidade-fiscal\/\"},\"author\":{\"name\":\"Luzimara Fernandes\",\"@id\":\"https:\/\/jornalfatosenoticias.com.br\/#\/schema\/person\/d63837fa13ac8666eb9e74e0985d6f81\"},\"headline\":\"Desaprova\u00e7\u00e3o a Lula segue em alta por preocupa\u00e7\u00e3o com economia e responsabilidade fiscal\",\"datePublished\":\"2025-04-01T16:57:34+00:00\",\"dateModified\":\"2025-04-01T16:57:35+00:00\",\"mainEntityOfPage\":{\"@id\":\"https:\/\/jornalfatosenoticias.com.br\/index.php\/2025\/04\/01\/desaprovacao-a-lula-segue-em-alta-por-preocupacao-com-economia-e-responsabilidade-fiscal\/\"},\"wordCount\":556,\"commentCount\":0,\"publisher\":{\"@id\":\"https:\/\/jornalfatosenoticias.com.br\/#organization\"},\"image\":{\"@id\":\"https:\/\/jornalfatosenoticias.com.br\/index.php\/2025\/04\/01\/desaprovacao-a-lula-segue-em-alta-por-preocupacao-com-economia-e-responsabilidade-fiscal\/#primaryimage\"},\"thumbnailUrl\":\"https:\/\/jornalfatosenoticias.com.br\/wp-content\/uploads\/2025\/04\/desaprovacao-ao-molusco_gettyimages.jpg\",\"keywords\":[\"desaprova\u00e7\u00e3o\",\"infla\u00e7\u00e3o\",\"Lula\",\"piora na economia\"],\"articleSection\":[\"Economia\"],\"inLanguage\":\"pt-BR\",\"potentialAction\":[{\"@type\":\"CommentAction\",\"name\":\"Comment\",\"target\":[\"https:\/\/jornalfatosenoticias.com.br\/index.php\/2025\/04\/01\/desaprovacao-a-lula-segue-em-alta-por-preocupacao-com-economia-e-responsabilidade-fiscal\/#respond\"]}]},{\"@type\":\"WebPage\",\"@id\":\"https:\/\/jornalfatosenoticias.com.br\/index.php\/2025\/04\/01\/desaprovacao-a-lula-segue-em-alta-por-preocupacao-com-economia-e-responsabilidade-fiscal\/\",\"url\":\"https:\/\/jornalfatosenoticias.com.br\/index.php\/2025\/04\/01\/desaprovacao-a-lula-segue-em-alta-por-preocupacao-com-economia-e-responsabilidade-fiscal\/\",\"name\":\"Desaprova\u00e7\u00e3o a Lula segue em alta por preocupa\u00e7\u00e3o com economia e responsabilidade fiscal - Jornal Fatos e Not\u00edcias\",\"isPartOf\":{\"@id\":\"https:\/\/jornalfatosenoticias.com.br\/#website\"},\"primaryImageOfPage\":{\"@id\":\"https:\/\/jornalfatosenoticias.com.br\/index.php\/2025\/04\/01\/desaprovacao-a-lula-segue-em-alta-por-preocupacao-com-economia-e-responsabilidade-fiscal\/#primaryimage\"},\"image\":{\"@id\":\"https:\/\/jornalfatosenoticias.com.br\/index.php\/2025\/04\/01\/desaprovacao-a-lula-segue-em-alta-por-preocupacao-com-economia-e-responsabilidade-fiscal\/#primaryimage\"},\"thumbnailUrl\":\"https:\/\/jornalfatosenoticias.com.br\/wp-content\/uploads\/2025\/04\/desaprovacao-ao-molusco_gettyimages.jpg\",\"datePublished\":\"2025-04-01T16:57:34+00:00\",\"dateModified\":\"2025-04-01T16:57:35+00:00\",\"breadcrumb\":{\"@id\":\"https:\/\/jornalfatosenoticias.com.br\/index.php\/2025\/04\/01\/desaprovacao-a-lula-segue-em-alta-por-preocupacao-com-economia-e-responsabilidade-fiscal\/#breadcrumb\"},\"inLanguage\":\"pt-BR\",\"potentialAction\":[{\"@type\":\"ReadAction\",\"target\":[\"https:\/\/jornalfatosenoticias.com.br\/index.php\/2025\/04\/01\/desaprovacao-a-lula-segue-em-alta-por-preocupacao-com-economia-e-responsabilidade-fiscal\/\"]}]},{\"@type\":\"ImageObject\",\"inLanguage\":\"pt-BR\",\"@id\":\"https:\/\/jornalfatosenoticias.com.br\/index.php\/2025\/04\/01\/desaprovacao-a-lula-segue-em-alta-por-preocupacao-com-economia-e-responsabilidade-fiscal\/#primaryimage\",\"url\":\"https:\/\/jornalfatosenoticias.com.br\/wp-content\/uploads\/2025\/04\/desaprovacao-ao-molusco_gettyimages.jpg\",\"contentUrl\":\"https:\/\/jornalfatosenoticias.com.br\/wp-content\/uploads\/2025\/04\/desaprovacao-ao-molusco_gettyimages.jpg\",\"width\":612,\"height\":408,\"caption\":\"TOPSHOT - Brazil's President Luiz Inacio Lula da Silva thinks before going to his press conference in Tokyo on March 27, 2025. (Photo by Kazuhiro NOGI \/ AFP) (Photo by KAZUHIRO NOGI\/AFP via Getty Images)\"},{\"@type\":\"BreadcrumbList\",\"@id\":\"https:\/\/jornalfatosenoticias.com.br\/index.php\/2025\/04\/01\/desaprovacao-a-lula-segue-em-alta-por-preocupacao-com-economia-e-responsabilidade-fiscal\/#breadcrumb\",\"itemListElement\":[{\"@type\":\"ListItem\",\"position\":1,\"name\":\"In\u00edcio\",\"item\":\"https:\/\/jornalfatosenoticias.com.br\/\"},{\"@type\":\"ListItem\",\"position\":2,\"name\":\"Desaprova\u00e7\u00e3o a Lula segue em alta por preocupa\u00e7\u00e3o com economia e responsabilidade fiscal\"}]},{\"@type\":\"WebSite\",\"@id\":\"https:\/\/jornalfatosenoticias.com.br\/#website\",\"url\":\"https:\/\/jornalfatosenoticias.com.br\/\",\"name\":\"Jornal Fatos e Not\u00edcias\",\"description\":\"Not\u00edcias em geral\",\"publisher\":{\"@id\":\"https:\/\/jornalfatosenoticias.com.br\/#organization\"},\"potentialAction\":[{\"@type\":\"SearchAction\",\"target\":{\"@type\":\"EntryPoint\",\"urlTemplate\":\"https:\/\/jornalfatosenoticias.com.br\/?s={search_term_string}\"},\"query-input\":{\"@type\":\"PropertyValueSpecification\",\"valueRequired\":true,\"valueName\":\"search_term_string\"}}],\"inLanguage\":\"pt-BR\"},{\"@type\":\"Organization\",\"@id\":\"https:\/\/jornalfatosenoticias.com.br\/#organization\",\"name\":\"Jornal Fatos e Not\u00edcias\",\"url\":\"https:\/\/jornalfatosenoticias.com.br\/\",\"logo\":{\"@type\":\"ImageObject\",\"inLanguage\":\"pt-BR\",\"@id\":\"https:\/\/jornalfatosenoticias.com.br\/#\/schema\/logo\/image\/\",\"url\":\"https:\/\/jornalfatosenoticias.com.br\/wp-content\/uploads\/2020\/02\/logo120.png\",\"contentUrl\":\"https:\/\/jornalfatosenoticias.com.br\/wp-content\/uploads\/2020\/02\/logo120.png\",\"width\":1227,\"height\":120,\"caption\":\"Jornal Fatos e Not\u00edcias\"},\"image\":{\"@id\":\"https:\/\/jornalfatosenoticias.com.br\/#\/schema\/logo\/image\/\"}},{\"@type\":\"Person\",\"@id\":\"https:\/\/jornalfatosenoticias.com.br\/#\/schema\/person\/d63837fa13ac8666eb9e74e0985d6f81\",\"name\":\"Luzimara Fernandes\",\"image\":{\"@type\":\"ImageObject\",\"inLanguage\":\"pt-BR\",\"@id\":\"https:\/\/jornalfatosenoticias.com.br\/#\/schema\/person\/image\/\",\"url\":\"https:\/\/jornalfatosenoticias.com.br\/wp-content\/uploads\/2025\/05\/EU_portal.jpg\",\"contentUrl\":\"https:\/\/jornalfatosenoticias.com.br\/wp-content\/uploads\/2025\/05\/EU_portal.jpg\",\"caption\":\"Luzimara Fernandes\"},\"description\":\"Jornalista MTB 2358-ES\",\"sameAs\":[\"https:\/\/jornalfatosenoticias.com.br\"],\"url\":\"https:\/\/jornalfatosenoticias.com.br\/index.php\/author\/luzimara\/\"}]}<\/script>\n<!-- \/ Yoast SEO plugin. -->","yoast_head_json":{"title":"Desaprova\u00e7\u00e3o a Lula segue em alta por preocupa\u00e7\u00e3o com economia e responsabilidade fiscal - Jornal Fatos e Not\u00edcias","robots":{"index":"index","follow":"follow","max-snippet":"max-snippet:-1","max-image-preview":"max-image-preview:large","max-video-preview":"max-video-preview:-1"},"canonical":"https:\/\/jornalfatosenoticias.com.br\/index.php\/2025\/04\/01\/desaprovacao-a-lula-segue-em-alta-por-preocupacao-com-economia-e-responsabilidade-fiscal\/","og_locale":"pt_BR","og_type":"article","og_title":"Desaprova\u00e7\u00e3o a Lula segue em alta por preocupa\u00e7\u00e3o com economia e responsabilidade fiscal - Jornal Fatos e Not\u00edcias","og_description":"A responsabilidade fiscal tamb\u00e9m \u00e9 apontada como preocupa\u00e7\u00e3o da popula\u00e7\u00e3o, o que reflete na confian\u00e7a do governo Por Guilherme Grandi A desaprova\u00e7\u00e3o ao governo de Luiz In\u00e1cio Lula da Silva (PT) segue em alta por preocupa\u00e7\u00f5es da popula\u00e7\u00e3o com a economia e a responsabilidade fiscal. A nova rodada da pesquisa AtlasIntel e Bloomberg divulgada nesta [&hellip;]","og_url":"https:\/\/jornalfatosenoticias.com.br\/index.php\/2025\/04\/01\/desaprovacao-a-lula-segue-em-alta-por-preocupacao-com-economia-e-responsabilidade-fiscal\/","og_site_name":"Jornal Fatos e Not\u00edcias","article_published_time":"2025-04-01T16:57:34+00:00","article_modified_time":"2025-04-01T16:57:35+00:00","og_image":[{"width":612,"height":408,"url":"https:\/\/jornalfatosenoticias.com.br\/wp-content\/uploads\/2025\/04\/desaprovacao-ao-molusco_gettyimages.jpg","type":"image\/jpeg"}],"author":"Luzimara Fernandes","twitter_card":"summary_large_image","twitter_misc":{"Escrito por":"Luzimara Fernandes","Est. tempo de leitura":"3 minutos"},"schema":{"@context":"https:\/\/schema.org","@graph":[{"@type":"Article","@id":"https:\/\/jornalfatosenoticias.com.br\/index.php\/2025\/04\/01\/desaprovacao-a-lula-segue-em-alta-por-preocupacao-com-economia-e-responsabilidade-fiscal\/#article","isPartOf":{"@id":"https:\/\/jornalfatosenoticias.com.br\/index.php\/2025\/04\/01\/desaprovacao-a-lula-segue-em-alta-por-preocupacao-com-economia-e-responsabilidade-fiscal\/"},"author":{"name":"Luzimara Fernandes","@id":"https:\/\/jornalfatosenoticias.com.br\/#\/schema\/person\/d63837fa13ac8666eb9e74e0985d6f81"},"headline":"Desaprova\u00e7\u00e3o a Lula segue em alta por preocupa\u00e7\u00e3o com economia e responsabilidade fiscal","datePublished":"2025-04-01T16:57:34+00:00","dateModified":"2025-04-01T16:57:35+00:00","mainEntityOfPage":{"@id":"https:\/\/jornalfatosenoticias.com.br\/index.php\/2025\/04\/01\/desaprovacao-a-lula-segue-em-alta-por-preocupacao-com-economia-e-responsabilidade-fiscal\/"},"wordCount":556,"commentCount":0,"publisher":{"@id":"https:\/\/jornalfatosenoticias.com.br\/#organization"},"image":{"@id":"https:\/\/jornalfatosenoticias.com.br\/index.php\/2025\/04\/01\/desaprovacao-a-lula-segue-em-alta-por-preocupacao-com-economia-e-responsabilidade-fiscal\/#primaryimage"},"thumbnailUrl":"https:\/\/jornalfatosenoticias.com.br\/wp-content\/uploads\/2025\/04\/desaprovacao-ao-molusco_gettyimages.jpg","keywords":["desaprova\u00e7\u00e3o","infla\u00e7\u00e3o","Lula","piora na economia"],"articleSection":["Economia"],"inLanguage":"pt-BR","potentialAction":[{"@type":"CommentAction","name":"Comment","target":["https:\/\/jornalfatosenoticias.com.br\/index.php\/2025\/04\/01\/desaprovacao-a-lula-segue-em-alta-por-preocupacao-com-economia-e-responsabilidade-fiscal\/#respond"]}]},{"@type":"WebPage","@id":"https:\/\/jornalfatosenoticias.com.br\/index.php\/2025\/04\/01\/desaprovacao-a-lula-segue-em-alta-por-preocupacao-com-economia-e-responsabilidade-fiscal\/","url":"https:\/\/jornalfatosenoticias.com.br\/index.php\/2025\/04\/01\/desaprovacao-a-lula-segue-em-alta-por-preocupacao-com-economia-e-responsabilidade-fiscal\/","name":"Desaprova\u00e7\u00e3o a Lula segue em alta por preocupa\u00e7\u00e3o com economia e responsabilidade fiscal - Jornal Fatos e Not\u00edcias","isPartOf":{"@id":"https:\/\/jornalfatosenoticias.com.br\/#website"},"primaryImageOfPage":{"@id":"https:\/\/jornalfatosenoticias.com.br\/index.php\/2025\/04\/01\/desaprovacao-a-lula-segue-em-alta-por-preocupacao-com-economia-e-responsabilidade-fiscal\/#primaryimage"},"image":{"@id":"https:\/\/jornalfatosenoticias.com.br\/index.php\/2025\/04\/01\/desaprovacao-a-lula-segue-em-alta-por-preocupacao-com-economia-e-responsabilidade-fiscal\/#primaryimage"},"thumbnailUrl":"https:\/\/jornalfatosenoticias.com.br\/wp-content\/uploads\/2025\/04\/desaprovacao-ao-molusco_gettyimages.jpg","datePublished":"2025-04-01T16:57:34+00:00","dateModified":"2025-04-01T16:57:35+00:00","breadcrumb":{"@id":"https:\/\/jornalfatosenoticias.com.br\/index.php\/2025\/04\/01\/desaprovacao-a-lula-segue-em-alta-por-preocupacao-com-economia-e-responsabilidade-fiscal\/#breadcrumb"},"inLanguage":"pt-BR","potentialAction":[{"@type":"ReadAction","target":["https:\/\/jornalfatosenoticias.com.br\/index.php\/2025\/04\/01\/desaprovacao-a-lula-segue-em-alta-por-preocupacao-com-economia-e-responsabilidade-fiscal\/"]}]},{"@type":"ImageObject","inLanguage":"pt-BR","@id":"https:\/\/jornalfatosenoticias.com.br\/index.php\/2025\/04\/01\/desaprovacao-a-lula-segue-em-alta-por-preocupacao-com-economia-e-responsabilidade-fiscal\/#primaryimage","url":"https:\/\/jornalfatosenoticias.com.br\/wp-content\/uploads\/2025\/04\/desaprovacao-ao-molusco_gettyimages.jpg","contentUrl":"https:\/\/jornalfatosenoticias.com.br\/wp-content\/uploads\/2025\/04\/desaprovacao-ao-molusco_gettyimages.jpg","width":612,"height":408,"caption":"TOPSHOT - Brazil's President Luiz Inacio Lula da Silva thinks before going to his press conference in Tokyo on March 27, 2025. (Photo by Kazuhiro NOGI \/ AFP) (Photo by KAZUHIRO NOGI\/AFP via Getty Images)"},{"@type":"BreadcrumbList","@id":"https:\/\/jornalfatosenoticias.com.br\/index.php\/2025\/04\/01\/desaprovacao-a-lula-segue-em-alta-por-preocupacao-com-economia-e-responsabilidade-fiscal\/#breadcrumb","itemListElement":[{"@type":"ListItem","position":1,"name":"In\u00edcio","item":"https:\/\/jornalfatosenoticias.com.br\/"},{"@type":"ListItem","position":2,"name":"Desaprova\u00e7\u00e3o a Lula segue em alta por preocupa\u00e7\u00e3o com economia e responsabilidade fiscal"}]},{"@type":"WebSite","@id":"https:\/\/jornalfatosenoticias.com.br\/#website","url":"https:\/\/jornalfatosenoticias.com.br\/","name":"Jornal Fatos e Not\u00edcias","description":"Not\u00edcias em geral","publisher":{"@id":"https:\/\/jornalfatosenoticias.com.br\/#organization"},"potentialAction":[{"@type":"SearchAction","target":{"@type":"EntryPoint","urlTemplate":"https:\/\/jornalfatosenoticias.com.br\/?s={search_term_string}"},"query-input":{"@type":"PropertyValueSpecification","valueRequired":true,"valueName":"search_term_string"}}],"inLanguage":"pt-BR"},{"@type":"Organization","@id":"https:\/\/jornalfatosenoticias.com.br\/#organization","name":"Jornal Fatos e Not\u00edcias","url":"https:\/\/jornalfatosenoticias.com.br\/","logo":{"@type":"ImageObject","inLanguage":"pt-BR","@id":"https:\/\/jornalfatosenoticias.com.br\/#\/schema\/logo\/image\/","url":"https:\/\/jornalfatosenoticias.com.br\/wp-content\/uploads\/2020\/02\/logo120.png","contentUrl":"https:\/\/jornalfatosenoticias.com.br\/wp-content\/uploads\/2020\/02\/logo120.png","width":1227,"height":120,"caption":"Jornal Fatos e Not\u00edcias"},"image":{"@id":"https:\/\/jornalfatosenoticias.com.br\/#\/schema\/logo\/image\/"}},{"@type":"Person","@id":"https:\/\/jornalfatosenoticias.com.br\/#\/schema\/person\/d63837fa13ac8666eb9e74e0985d6f81","name":"Luzimara Fernandes","image":{"@type":"ImageObject","inLanguage":"pt-BR","@id":"https:\/\/jornalfatosenoticias.com.br\/#\/schema\/person\/image\/","url":"https:\/\/jornalfatosenoticias.com.br\/wp-content\/uploads\/2025\/05\/EU_portal.jpg","contentUrl":"https:\/\/jornalfatosenoticias.com.br\/wp-content\/uploads\/2025\/05\/EU_portal.jpg","caption":"Luzimara Fernandes"},"description":"Jornalista MTB 2358-ES","sameAs":["https:\/\/jornalfatosenoticias.com.br"],"url":"https:\/\/jornalfatosenoticias.com.br\/index.php\/author\/luzimara\/"}]}},"cc_featured_image_caption":{"caption_text":"(Foto: Getty Images) ","source_text":"","source_url":""},"jetpack_featured_media_url":"https:\/\/jornalfatosenoticias.com.br\/wp-content\/uploads\/2025\/04\/desaprovacao-ao-molusco_gettyimages.jpg","_links":{"self":[{"href":"https:\/\/jornalfatosenoticias.com.br\/index.php\/wp-json\/wp\/v2\/posts\/58160","targetHints":{"allow":["GET"]}}],"collection":[{"href":"https:\/\/jornalfatosenoticias.com.br\/index.php\/wp-json\/wp\/v2\/posts"}],"about":[{"href":"https:\/\/jornalfatosenoticias.com.br\/index.php\/wp-json\/wp\/v2\/types\/post"}],"author":[{"embeddable":true,"href":"https:\/\/jornalfatosenoticias.com.br\/index.php\/wp-json\/wp\/v2\/users\/2"}],"replies":[{"embeddable":true,"href":"https:\/\/jornalfatosenoticias.com.br\/index.php\/wp-json\/wp\/v2\/comments?post=58160"}],"version-history":[{"count":0,"href":"https:\/\/jornalfatosenoticias.com.br\/index.php\/wp-json\/wp\/v2\/posts\/58160\/revisions"}],"wp:featuredmedia":[{"embeddable":true,"href":"https:\/\/jornalfatosenoticias.com.br\/index.php\/wp-json\/wp\/v2\/media\/58164"}],"wp:attachment":[{"href":"https:\/\/jornalfatosenoticias.com.br\/index.php\/wp-json\/wp\/v2\/media?parent=58160"}],"wp:term":[{"taxonomy":"category","embeddable":true,"href":"https:\/\/jornalfatosenoticias.com.br\/index.php\/wp-json\/wp\/v2\/categories?post=58160"},{"taxonomy":"post_tag","embeddable":true,"href":"https:\/\/jornalfatosenoticias.com.br\/index.php\/wp-json\/wp\/v2\/tags?post=58160"}],"curies":[{"name":"wp","href":"https:\/\/api.w.org\/{rel}","templated":true}]}}