{"id":58174,"date":"2025-04-02T11:01:35","date_gmt":"2025-04-02T14:01:35","guid":{"rendered":"https:\/\/jornalfatosenoticias.com.br\/?p=58174"},"modified":"2025-04-02T11:01:36","modified_gmt":"2025-04-02T14:01:36","slug":"ansiedade-ou-pressao-alta-saiba-como-identificar-e-o-que-fazer","status":"publish","type":"post","link":"https:\/\/jornalfatosenoticias.com.br\/index.php\/2025\/04\/02\/ansiedade-ou-pressao-alta-saiba-como-identificar-e-o-que-fazer\/","title":{"rendered":"Ansiedade ou press\u00e3o alta? Saiba como identificar e o que fazer"},"content":{"rendered":"\n<p><em><span class=\"has-inline-color has-black-color\">Os sintomas da ansiedade e da depress\u00e3o costumam ser distintos, mas podem se confundir em alguns pacientes<\/span><\/em><\/p>\n\n\n\n<div class=\"wp-block-image\"><figure class=\"aligncenter size-large\"><a href=\"https:\/\/mizu.com.br\/\"><img loading=\"lazy\" decoding=\"async\" width=\"729\" height=\"90\" src=\"https:\/\/jornalfatosenoticias.com.br\/wp-content\/uploads\/2020\/02\/Logo_Mizu.png\" alt=\"\" class=\"wp-image-1441\" srcset=\"https:\/\/jornalfatosenoticias.com.br\/wp-content\/uploads\/2020\/02\/Logo_Mizu.png 729w, https:\/\/jornalfatosenoticias.com.br\/wp-content\/uploads\/2020\/02\/Logo_Mizu-300x37.png 300w\" sizes=\"auto, (max-width: 729px) 100vw, 729px\" \/><\/a><\/figure><\/div>\n\n\n\n<p>As emo\u00e7\u00f5es podem ter um impacto direto na sa\u00fade do cora\u00e7\u00e3o, levando a problemas cr\u00f4nicos que causam danos em todo o organismo. Press\u00e3o alta, tamb\u00e9m conhecida como hipertens\u00e3o arterial, e ansiedade, s\u00e3o duas condi\u00e7\u00f5es cl\u00ednicas distintas que, frequentemente, caminham lado a lado e podem afetar significativamente o bem-estar das pessoas.<br>A press\u00e3o alta \u00e9 uma doen\u00e7a cr\u00f4nica caracterizada pelo aumento da press\u00e3o sangu\u00ednea nas art\u00e9rias. Esse aumento pode resultar em problemas cardiovasculares graves, como infarto, AVC e insufici\u00eancia card\u00edaca, alerta o coordenador do curso de Farm\u00e1cia da Faculdade Anhanguera, Lincoln Cardoso.<\/p>\n\n\n\n<div class=\"wp-block-image\"><figure class=\"aligncenter size-large is-resized\"><a href=\"https:\/\/www.facebook.com\/postobkr\/?locale=pt_BR\"><img loading=\"lazy\" decoding=\"async\" src=\"https:\/\/jornalfatosenoticias.com.br\/wp-content\/uploads\/2023\/08\/BKR-1024x1021.jpg\" alt=\"\" class=\"wp-image-44494\" width=\"252\" height=\"251\" srcset=\"https:\/\/jornalfatosenoticias.com.br\/wp-content\/uploads\/2023\/08\/BKR-1024x1021.jpg 1024w, https:\/\/jornalfatosenoticias.com.br\/wp-content\/uploads\/2023\/08\/BKR-300x300.jpg 300w, https:\/\/jornalfatosenoticias.com.br\/wp-content\/uploads\/2023\/08\/BKR-150x150.jpg 150w, https:\/\/jornalfatosenoticias.com.br\/wp-content\/uploads\/2023\/08\/BKR-768x766.jpg 768w, https:\/\/jornalfatosenoticias.com.br\/wp-content\/uploads\/2023\/08\/BKR.jpg 1080w\" sizes=\"auto, (max-width: 252px) 100vw, 252px\" \/><\/a><\/figure><\/div>\n\n\n\n<p>A ansiedade, por outro lado, \u00e9 uma resposta emocional a diversas condi\u00e7\u00f5es do comportamento humano, incluindo ang\u00fastia, afli\u00e7\u00e3o, incerteza, sensa\u00e7\u00e3o de perigo e inseguran\u00e7a. O que muitos n\u00e3o sabem \u00e9 que essas duas condi\u00e7\u00f5es podem estar interligadas. Lincoln explica que a ansiedade cr\u00f4nica pode desencadear respostas fisiol\u00f3gicas que afetam diretamente o sistema cardiovascular, temporariamente elevando a press\u00e3o arterial. J\u00e1 a press\u00e3o alta pode agravar os sintomas de ansiedade, criando um ciclo cont\u00ednuo de influ\u00eancia m\u00fatua.<\/p>\n\n\n\n<div class=\"wp-block-image\"><figure class=\"aligncenter size-large is-resized\"><a href=\"https:\/\/hotelmarquetti.com.br\/\"><img loading=\"lazy\" decoding=\"async\" src=\"https:\/\/jornalfatosenoticias.com.br\/wp-content\/uploads\/2023\/03\/nova-logo-Marquetti.jpg\" alt=\"\" class=\"wp-image-40207\" width=\"280\" height=\"188\" srcset=\"https:\/\/jornalfatosenoticias.com.br\/wp-content\/uploads\/2023\/03\/nova-logo-Marquetti.jpg 643w, https:\/\/jornalfatosenoticias.com.br\/wp-content\/uploads\/2023\/03\/nova-logo-Marquetti-300x202.jpg 300w\" sizes=\"auto, (max-width: 280px) 100vw, 280px\" \/><\/a><\/figure><\/div>\n\n\n\n<p><strong><span class=\"has-inline-color has-black-color\">Os fatores de risco de cada um<br><\/span><\/strong>Entre os fatores de risco para hipertens\u00e3o arterial est\u00e3o idade avan\u00e7ada, hist\u00f3rico familiar, obesidade, sedentarismo, m\u00e1 alimenta\u00e7\u00e3o, consumo de \u00e1lcool e tabaco, estresse cr\u00f4nico, diabetes, hipercolesterolemia, apneia do sono, doen\u00e7as renais e uso de certos medicamentos.<\/p>\n\n\n\n<div class=\"wp-block-image\"><figure class=\"aligncenter size-large\"><a href=\"https:\/\/www.cesconetto.com.br\/\"><img loading=\"lazy\" decoding=\"async\" width=\"300\" height=\"250\" src=\"https:\/\/jornalfatosenoticias.com.br\/wp-content\/uploads\/2020\/02\/Banner-2.png\" alt=\"\" class=\"wp-image-43787\"\/><\/a><\/figure><\/div>\n\n\n\n<p>J\u00e1 para ansiedade, destacam-se traumas ou eventos estressantes, personalidade suscet\u00edvel, doen\u00e7as f\u00edsicas ou cr\u00f4nicas, uso de subst\u00e2ncias, desequil\u00edbrios qu\u00edmicos no c\u00e9rebro, hist\u00f3rico de outras doen\u00e7as mentais, estresse cr\u00f4nico no trabalho ou vida pessoal, fatores socioecon\u00f4micos e tra\u00e7os de personalidade espec\u00edficos.<\/p>\n\n\n\n<div class=\"wp-block-image\"><figure class=\"aligncenter size-large is-resized\"><a href=\"https:\/\/www.instagram.com\/restaurantepegoretti\/\"><img loading=\"lazy\" decoding=\"async\" src=\"https:\/\/jornalfatosenoticias.com.br\/wp-content\/uploads\/2023\/12\/pegoretti-logo-pdf-1024x389.jpg\" alt=\"\" class=\"wp-image-47536\" width=\"475\" height=\"180\" srcset=\"https:\/\/jornalfatosenoticias.com.br\/wp-content\/uploads\/2023\/12\/pegoretti-logo-pdf-1024x389.jpg 1024w, https:\/\/jornalfatosenoticias.com.br\/wp-content\/uploads\/2023\/12\/pegoretti-logo-pdf-300x114.jpg 300w, https:\/\/jornalfatosenoticias.com.br\/wp-content\/uploads\/2023\/12\/pegoretti-logo-pdf-768x291.jpg 768w, https:\/\/jornalfatosenoticias.com.br\/wp-content\/uploads\/2023\/12\/pegoretti-logo-pdf.jpg 1120w\" sizes=\"auto, (max-width: 475px) 100vw, 475px\" \/><\/a><\/figure><\/div>\n\n\n\n<p><strong><span class=\"has-inline-color has-black-color\">Ansiedade ou press\u00e3o alta? Saiba diferenciar<br><\/span><\/strong>Identificar se a press\u00e3o alta \u00e9 emocional ou fruto de outros fatores requer aten\u00e7\u00e3o. Segundo Lincoln, os sintomas da press\u00e3o alta incluem dores de cabe\u00e7a, tonturas, vis\u00e3o emba\u00e7ada e palpita\u00e7\u00f5es no cora\u00e7\u00e3o. J\u00e1 a ansiedade pode apresentar agita\u00e7\u00e3o, sudorese, tremores, irritabilidade e dificuldade em dormir. Por\u00e9m, em algumas pessoas, a ansiedade intensa pode temporariamente elevar a press\u00e3o arterial, tornando dif\u00edcil identificar a causa raiz.<\/p>\n\n\n\n<div class=\"wp-block-image\"><figure class=\"aligncenter size-large is-resized\"><a href=\"https:\/\/www.instagram.com\/esteiochurrascaria\/\"><img loading=\"lazy\" decoding=\"async\" src=\"https:\/\/jornalfatosenoticias.com.br\/wp-content\/uploads\/2022\/02\/LOGO-ESTEIO-1024x730.png\" alt=\"\" class=\"wp-image-27942\" width=\"299\" height=\"213\" srcset=\"https:\/\/jornalfatosenoticias.com.br\/wp-content\/uploads\/2022\/02\/LOGO-ESTEIO-1024x730.png 1024w, https:\/\/jornalfatosenoticias.com.br\/wp-content\/uploads\/2022\/02\/LOGO-ESTEIO-300x214.png 300w, https:\/\/jornalfatosenoticias.com.br\/wp-content\/uploads\/2022\/02\/LOGO-ESTEIO-768x548.png 768w, https:\/\/jornalfatosenoticias.com.br\/wp-content\/uploads\/2022\/02\/LOGO-ESTEIO.png 1123w\" sizes=\"auto, (max-width: 299px) 100vw, 299px\" \/><\/a><\/figure><\/div>\n\n\n\n<blockquote class=\"wp-block-quote is-layout-flow wp-block-quote-is-layout-flow\"><p><span class=\"has-inline-color has-luminous-vivid-orange-color\">Para um diagn\u00f3stico adequado de press\u00e3o alta e ansiedade, \u00e9 essencial acompanhamento especializado. M\u00e9dicos e farmac\u00eauticos s\u00e3o profissionais preparados para ajudar nessa jornada de cuidado, realizando monitoramentos da press\u00e3o arterial ao longo do dia, inclusive em momentos de estresse ou ansiedade, para identificar poss\u00edveis liga\u00e7\u00f5es emocionais&#8221;, alerta o professor.<\/span><\/p><\/blockquote>\n\n\n\n<div class=\"wp-block-image\"><figure class=\"aligncenter size-large is-resized\"><a href=\"https:\/\/www.legisjuris.com.br\/\"><img loading=\"lazy\" decoding=\"async\" src=\"https:\/\/jornalfatosenoticias.com.br\/wp-content\/uploads\/2024\/09\/Legis-Juris-Consultoria_logo.jpg\" alt=\"\" class=\"wp-image-53915\" width=\"492\" height=\"206\" srcset=\"https:\/\/jornalfatosenoticias.com.br\/wp-content\/uploads\/2024\/09\/Legis-Juris-Consultoria_logo.jpg 969w, https:\/\/jornalfatosenoticias.com.br\/wp-content\/uploads\/2024\/09\/Legis-Juris-Consultoria_logo-300x126.jpg 300w, https:\/\/jornalfatosenoticias.com.br\/wp-content\/uploads\/2024\/09\/Legis-Juris-Consultoria_logo-768x322.jpg 768w\" sizes=\"auto, (max-width: 492px) 100vw, 492px\" \/><\/a><\/figure><\/div>\n\n\n\n<p>Exames adicionais, como monitoramento ambulatorial da press\u00e3o arterial (Mapa) e testes de estresse, podem avaliar a influ\u00eancia das emo\u00e7\u00f5es na press\u00e3o arterial. Al\u00e9m disso, a avalia\u00e7\u00e3o psicol\u00f3gica pode fornecer insights sobre a rela\u00e7\u00e3o entre a ansiedade e a press\u00e3o alta, conforme recomenda Lincoln.<\/p>\n\n\n\n<div class=\"wp-block-image\"><figure class=\"aligncenter size-large is-resized\"><a href=\"https:\/\/www.controlsystems.com.br\/\"><img loading=\"lazy\" decoding=\"async\" src=\"https:\/\/jornalfatosenoticias.com.br\/wp-content\/uploads\/2020\/02\/CONTROL-CS.jpg\" alt=\"\" class=\"wp-image-44991\" width=\"255\" height=\"305\" srcset=\"https:\/\/jornalfatosenoticias.com.br\/wp-content\/uploads\/2020\/02\/CONTROL-CS.jpg 834w, https:\/\/jornalfatosenoticias.com.br\/wp-content\/uploads\/2020\/02\/CONTROL-CS-250x300.jpg 250w, https:\/\/jornalfatosenoticias.com.br\/wp-content\/uploads\/2020\/02\/CONTROL-CS-768x921.jpg 768w\" sizes=\"auto, (max-width: 255px) 100vw, 255px\" \/><\/a><\/figure><\/div>\n\n\n\n<p><strong><span class=\"has-inline-color has-black-color\">Tratamento<br><\/span><\/strong>O profissional aponta ainda que a hipertens\u00e3o arterial geralmente tem causas multifatoriais, envolvendo combina\u00e7\u00f5es de fatores gen\u00e9ticos, comportamentais e ambientais. Portanto, o tratamento deve ser conduzido por um profissional de sa\u00fade qualificado, considerando os aspectos cl\u00ednicos e emocionais. Durante a terapia, mudan\u00e7as no estilo de vida, como dieta saud\u00e1vel, exerc\u00edcios f\u00edsicos e redu\u00e7\u00e3o do estresse, s\u00e3o fundamentais. Em alguns casos pode ser necess\u00e1rio o uso de medica\u00e7\u00e3o.<\/p>\n\n\n\n<div class=\"wp-block-image\"><figure class=\"aligncenter size-large\"><a href=\"http:\/\/www.ferrarimaquinas.com.br\/\"><img loading=\"lazy\" decoding=\"async\" width=\"300\" height=\"250\" src=\"https:\/\/jornalfatosenoticias.com.br\/wp-content\/uploads\/2022\/02\/FERRARI_MAQUINAS-E-FERRAMENTAS2.jpg\" alt=\"\" class=\"wp-image-27860\"\/><\/a><\/figure><\/div>\n\n\n\n<blockquote class=\"wp-block-quote is-layout-flow wp-block-quote-is-layout-flow\"><p><span class=\"has-inline-color has-luminous-vivid-orange-color\">O tratamento adequado da press\u00e3o alta relacionada \u00e0 ansiedade requer abordagem integrada. Mudan\u00e7as no estilo de vida, como pr\u00e1tica regular de exerc\u00edcios f\u00edsicos, alimenta\u00e7\u00e3o balanceada e controle do estresse, s\u00e3o fundamentais. A terapia cognitivo-comportamental (TCC) pode auxiliar no controle da ansiedade, promovendo pensamentos e comportamentos adaptativos. Em alguns casos, a medica\u00e7\u00e3o tamb\u00e9m pode ser necess\u00e1ria, seguindo orienta\u00e7\u00f5es de profissionais de sa\u00fade&#8221;, recomenda.<\/span><\/p><\/blockquote>\n\n\n\n<div class=\"wp-block-image\"><figure class=\"aligncenter size-large is-resized\"><a href=\"https:\/\/www.instagram.com\/serra4x4cambioautomatico\/\"><img loading=\"lazy\" decoding=\"async\" src=\"https:\/\/jornalfatosenoticias.com.br\/wp-content\/uploads\/2024\/08\/Serra-4x4-1-886x1024.jpg\" alt=\"\" class=\"wp-image-53632\" width=\"291\" height=\"336\" srcset=\"https:\/\/jornalfatosenoticias.com.br\/wp-content\/uploads\/2024\/08\/Serra-4x4-1-886x1024.jpg 886w, https:\/\/jornalfatosenoticias.com.br\/wp-content\/uploads\/2024\/08\/Serra-4x4-1-260x300.jpg 260w, https:\/\/jornalfatosenoticias.com.br\/wp-content\/uploads\/2024\/08\/Serra-4x4-1-768x888.jpg 768w, https:\/\/jornalfatosenoticias.com.br\/wp-content\/uploads\/2024\/08\/Serra-4x4-1.jpg 1181w\" sizes=\"auto, (max-width: 291px) 100vw, 291px\" \/><\/a><\/figure><\/div>\n\n\n\n<p><strong><span class=\"has-inline-color has-black-color\">Um problema pode agravar o outro<br><\/span><\/strong>O professor alerta ainda que o estresse e a ansiedade podem afetar os n\u00edveis de press\u00e3o arterial de v\u00e1rias maneiras. Ativa\u00e7\u00e3o do sistema nervoso simp\u00e1tico, contra\u00e7\u00e3o dos vasos sangu\u00edneos, libera\u00e7\u00e3o de horm\u00f4nios do estresse, reten\u00e7\u00e3o de s\u00f3dio e \u00e1gua, padr\u00f5es alimentares pouco saud\u00e1veis e falta de sono adequado s\u00e3o alguns exemplos.<\/p>\n\n\n\n<div class=\"wp-block-image\"><figure class=\"aligncenter size-large is-resized\"><a href=\"https:\/\/panper.com.br\/\"><img loading=\"lazy\" decoding=\"async\" src=\"https:\/\/jornalfatosenoticias.com.br\/wp-content\/uploads\/2023\/03\/logo-Panper_portal.jpg\" alt=\"\" class=\"wp-image-40208\" width=\"273\" height=\"189\" srcset=\"https:\/\/jornalfatosenoticias.com.br\/wp-content\/uploads\/2023\/03\/logo-Panper_portal.jpg 400w, https:\/\/jornalfatosenoticias.com.br\/wp-content\/uploads\/2023\/03\/logo-Panper_portal-300x208.jpg 300w\" sizes=\"auto, (max-width: 273px) 100vw, 273px\" \/><\/a><\/figure><\/div>\n\n\n\n<p>O farmac\u00eautico explica que a press\u00e3o alta n\u00e3o tratada pode levar a graves consequ\u00eancias a longo prazo, como doen\u00e7as cardiovasculares, danos aos \u00f3rg\u00e3os, insufici\u00eancia renal, problemas visuais, cognitivos, complica\u00e7\u00f5es na gravidez, vasculares e aumento do risco de morte. <\/p>\n\n\n\n<div class=\"wp-block-image\"><figure class=\"aligncenter size-large is-resized\"><a href=\"https:\/\/www.instagram.com\/rcradiadores\/\"><img loading=\"lazy\" decoding=\"async\" src=\"https:\/\/jornalfatosenoticias.com.br\/wp-content\/uploads\/2022\/10\/RC_800x750_page-0001.jpg\" alt=\"\" class=\"wp-image-35338\" width=\"305\" height=\"286\" srcset=\"https:\/\/jornalfatosenoticias.com.br\/wp-content\/uploads\/2022\/10\/RC_800x750_page-0001.jpg 400w, https:\/\/jornalfatosenoticias.com.br\/wp-content\/uploads\/2022\/10\/RC_800x750_page-0001-300x281.jpg 300w\" sizes=\"auto, (max-width: 305px) 100vw, 305px\" \/><\/a><\/figure><\/div>\n\n\n\n<blockquote class=\"wp-block-quote is-layout-flow wp-block-quote-is-layout-flow\"><p><span class=\"has-inline-color has-luminous-vivid-orange-color\">Buscar diagn\u00f3stico precoce e tratamento adequado \u00e9 essencial para melhorar a qualidade de vida&#8221;, destaca.<\/span><\/p><\/blockquote>\n\n\n\n<div class=\"wp-block-image\"><figure class=\"aligncenter size-large is-resized\"><a href=\"https:\/\/www.facebook.com\/profile.php?id=100069289606145\"><img loading=\"lazy\" decoding=\"async\" src=\"https:\/\/jornalfatosenoticias.com.br\/wp-content\/uploads\/2024\/11\/Guaitolini-Contabilidade-1024x714.jpeg\" alt=\"\" class=\"wp-image-55808\" width=\"290\" height=\"202\" srcset=\"https:\/\/jornalfatosenoticias.com.br\/wp-content\/uploads\/2024\/11\/Guaitolini-Contabilidade-1024x714.jpeg 1024w, https:\/\/jornalfatosenoticias.com.br\/wp-content\/uploads\/2024\/11\/Guaitolini-Contabilidade-300x209.jpeg 300w, https:\/\/jornalfatosenoticias.com.br\/wp-content\/uploads\/2024\/11\/Guaitolini-Contabilidade-768x535.jpeg 768w, https:\/\/jornalfatosenoticias.com.br\/wp-content\/uploads\/2024\/11\/Guaitolini-Contabilidade.jpeg 1280w\" sizes=\"auto, (max-width: 290px) 100vw, 290px\" \/><\/a><\/figure><\/div>\n\n\n\n<p>Por fim, o professor da Faculdade Anhanguera ressalta a import\u00e2ncia de cuidar da sa\u00fade do cora\u00e7\u00e3o, n\u00e3o se limitando a medir a press\u00e3o arterial. Atentar-se \u00e0 sa\u00fade emocional e buscar formas saud\u00e1veis de lidar com estresse e ansiedade \u00e9 o primeiro passo para uma jornada rumo a um cora\u00e7\u00e3o mais saud\u00e1vel e uma vida plena de bem-estar.<\/p>\n\n\n\n<div class=\"wp-block-image\"><figure class=\"aligncenter size-large is-resized\"><a href=\"https:\/\/www.facebook.com\/vetor.vix\/\"><img loading=\"lazy\" decoding=\"async\" src=\"https:\/\/jornalfatosenoticias.com.br\/wp-content\/uploads\/2023\/09\/vetorvix1024_1.jpg\" alt=\"\" class=\"wp-image-44868\" width=\"513\" height=\"136\" srcset=\"https:\/\/jornalfatosenoticias.com.br\/wp-content\/uploads\/2023\/09\/vetorvix1024_1.jpg 1024w, https:\/\/jornalfatosenoticias.com.br\/wp-content\/uploads\/2023\/09\/vetorvix1024_1-300x80.jpg 300w, https:\/\/jornalfatosenoticias.com.br\/wp-content\/uploads\/2023\/09\/vetorvix1024_1-768x205.jpg 768w\" sizes=\"auto, (max-width: 513px) 100vw, 513px\" \/><\/a><\/figure><\/div>\n\n\n\n<p><strong>Fonte: <a href=\"https:\/\/www.terra.com.br\/vida-e-estilo\/saude\/ansiedade-ou-pressao-alta-saiba-como-identificar-e-o-que-fazer,f1d11419fc035e7ad5c104bffe55c5f1j2rdx48v.html\">Terra<\/a><\/strong><\/p>\n","protected":false},"excerpt":{"rendered":"<p>Os sintomas da ansiedade e da depress\u00e3o costumam ser distintos, mas podem se confundir em alguns pacientes As emo\u00e7\u00f5es podem ter um impacto direto na sa\u00fade do cora\u00e7\u00e3o, levando a problemas cr\u00f4nicos que causam danos em todo o organismo. Press\u00e3o alta, tamb\u00e9m conhecida como hipertens\u00e3o arterial, e ansiedade, s\u00e3o duas condi\u00e7\u00f5es cl\u00ednicas distintas que, frequentemente, [&hellip;]<\/p>\n","protected":false},"author":2,"featured_media":58175,"comment_status":"open","ping_status":"open","sticky":false,"template":"","format":"standard","meta":{"footnotes":""},"categories":[11],"tags":[2279,2375,5096,6492,4474,26519],"class_list":["post-58174","post","type-post","status-publish","format-standard","has-post-thumbnail","hentry","category-saude","tag-ansiedade","tag-depressao","tag-emocoes","tag-hipertensao-arterial","tag-pressao-alta","tag-problemas-cardiovasculares"],"yoast_head":"<!-- This site is optimized with the Yoast SEO plugin v26.5 - https:\/\/yoast.com\/wordpress\/plugins\/seo\/ -->\n<title>Ansiedade ou press\u00e3o alta? Saiba como identificar e o que fazer - Jornal Fatos e Not\u00edcias<\/title>\n<meta name=\"robots\" content=\"index, follow, max-snippet:-1, max-image-preview:large, max-video-preview:-1\" \/>\n<link rel=\"canonical\" href=\"https:\/\/jornalfatosenoticias.com.br\/index.php\/2025\/04\/02\/ansiedade-ou-pressao-alta-saiba-como-identificar-e-o-que-fazer\/\" \/>\n<meta property=\"og:locale\" content=\"pt_BR\" \/>\n<meta property=\"og:type\" content=\"article\" \/>\n<meta property=\"og:title\" content=\"Ansiedade ou press\u00e3o alta? Saiba como identificar e o que fazer - Jornal Fatos e Not\u00edcias\" \/>\n<meta property=\"og:description\" content=\"Os sintomas da ansiedade e da depress\u00e3o costumam ser distintos, mas podem se confundir em alguns pacientes As emo\u00e7\u00f5es podem ter um impacto direto na sa\u00fade do cora\u00e7\u00e3o, levando a problemas cr\u00f4nicos que causam danos em todo o organismo. Press\u00e3o alta, tamb\u00e9m conhecida como hipertens\u00e3o arterial, e ansiedade, s\u00e3o duas condi\u00e7\u00f5es cl\u00ednicas distintas que, frequentemente, [&hellip;]\" \/>\n<meta property=\"og:url\" content=\"https:\/\/jornalfatosenoticias.com.br\/index.php\/2025\/04\/02\/ansiedade-ou-pressao-alta-saiba-como-identificar-e-o-que-fazer\/\" \/>\n<meta property=\"og:site_name\" content=\"Jornal Fatos e Not\u00edcias\" \/>\n<meta property=\"article:published_time\" content=\"2025-04-02T14:01:35+00:00\" \/>\n<meta property=\"article:modified_time\" content=\"2025-04-02T14:01:36+00:00\" \/>\n<meta property=\"og:image\" content=\"https:\/\/jornalfatosenoticias.com.br\/wp-content\/uploads\/2025\/04\/pressao-alta-ansiedade_freepik.jpg\" \/>\n\t<meta property=\"og:image:width\" content=\"996\" \/>\n\t<meta property=\"og:image:height\" content=\"664\" \/>\n\t<meta property=\"og:image:type\" content=\"image\/jpeg\" \/>\n<meta name=\"author\" content=\"Luzimara Fernandes\" \/>\n<meta name=\"twitter:card\" content=\"summary_large_image\" \/>\n<meta name=\"twitter:label1\" content=\"Escrito por\" \/>\n\t<meta name=\"twitter:data1\" content=\"Luzimara Fernandes\" \/>\n\t<meta name=\"twitter:label2\" content=\"Est. tempo de leitura\" \/>\n\t<meta name=\"twitter:data2\" content=\"4 minutos\" \/>\n<script type=\"application\/ld+json\" class=\"yoast-schema-graph\">{\"@context\":\"https:\/\/schema.org\",\"@graph\":[{\"@type\":\"Article\",\"@id\":\"https:\/\/jornalfatosenoticias.com.br\/index.php\/2025\/04\/02\/ansiedade-ou-pressao-alta-saiba-como-identificar-e-o-que-fazer\/#article\",\"isPartOf\":{\"@id\":\"https:\/\/jornalfatosenoticias.com.br\/index.php\/2025\/04\/02\/ansiedade-ou-pressao-alta-saiba-como-identificar-e-o-que-fazer\/\"},\"author\":{\"name\":\"Luzimara Fernandes\",\"@id\":\"https:\/\/jornalfatosenoticias.com.br\/#\/schema\/person\/d63837fa13ac8666eb9e74e0985d6f81\"},\"headline\":\"Ansiedade ou press\u00e3o alta? Saiba como identificar e o que fazer\",\"datePublished\":\"2025-04-02T14:01:35+00:00\",\"dateModified\":\"2025-04-02T14:01:36+00:00\",\"mainEntityOfPage\":{\"@id\":\"https:\/\/jornalfatosenoticias.com.br\/index.php\/2025\/04\/02\/ansiedade-ou-pressao-alta-saiba-como-identificar-e-o-que-fazer\/\"},\"wordCount\":872,\"commentCount\":0,\"publisher\":{\"@id\":\"https:\/\/jornalfatosenoticias.com.br\/#organization\"},\"image\":{\"@id\":\"https:\/\/jornalfatosenoticias.com.br\/index.php\/2025\/04\/02\/ansiedade-ou-pressao-alta-saiba-como-identificar-e-o-que-fazer\/#primaryimage\"},\"thumbnailUrl\":\"https:\/\/jornalfatosenoticias.com.br\/wp-content\/uploads\/2025\/04\/pressao-alta-ansiedade_freepik.jpg\",\"keywords\":[\"ansiedade\",\"depress\u00e3o\",\"emo\u00e7\u00f5es\",\"hipertens\u00e3o arterial\",\"press\u00e3o alta\",\"problemas cardiovasculares\"],\"articleSection\":[\"Sa\u00fade\"],\"inLanguage\":\"pt-BR\",\"potentialAction\":[{\"@type\":\"CommentAction\",\"name\":\"Comment\",\"target\":[\"https:\/\/jornalfatosenoticias.com.br\/index.php\/2025\/04\/02\/ansiedade-ou-pressao-alta-saiba-como-identificar-e-o-que-fazer\/#respond\"]}]},{\"@type\":\"WebPage\",\"@id\":\"https:\/\/jornalfatosenoticias.com.br\/index.php\/2025\/04\/02\/ansiedade-ou-pressao-alta-saiba-como-identificar-e-o-que-fazer\/\",\"url\":\"https:\/\/jornalfatosenoticias.com.br\/index.php\/2025\/04\/02\/ansiedade-ou-pressao-alta-saiba-como-identificar-e-o-que-fazer\/\",\"name\":\"Ansiedade ou press\u00e3o alta? Saiba como identificar e o que fazer - Jornal Fatos e Not\u00edcias\",\"isPartOf\":{\"@id\":\"https:\/\/jornalfatosenoticias.com.br\/#website\"},\"primaryImageOfPage\":{\"@id\":\"https:\/\/jornalfatosenoticias.com.br\/index.php\/2025\/04\/02\/ansiedade-ou-pressao-alta-saiba-como-identificar-e-o-que-fazer\/#primaryimage\"},\"image\":{\"@id\":\"https:\/\/jornalfatosenoticias.com.br\/index.php\/2025\/04\/02\/ansiedade-ou-pressao-alta-saiba-como-identificar-e-o-que-fazer\/#primaryimage\"},\"thumbnailUrl\":\"https:\/\/jornalfatosenoticias.com.br\/wp-content\/uploads\/2025\/04\/pressao-alta-ansiedade_freepik.jpg\",\"datePublished\":\"2025-04-02T14:01:35+00:00\",\"dateModified\":\"2025-04-02T14:01:36+00:00\",\"breadcrumb\":{\"@id\":\"https:\/\/jornalfatosenoticias.com.br\/index.php\/2025\/04\/02\/ansiedade-ou-pressao-alta-saiba-como-identificar-e-o-que-fazer\/#breadcrumb\"},\"inLanguage\":\"pt-BR\",\"potentialAction\":[{\"@type\":\"ReadAction\",\"target\":[\"https:\/\/jornalfatosenoticias.com.br\/index.php\/2025\/04\/02\/ansiedade-ou-pressao-alta-saiba-como-identificar-e-o-que-fazer\/\"]}]},{\"@type\":\"ImageObject\",\"inLanguage\":\"pt-BR\",\"@id\":\"https:\/\/jornalfatosenoticias.com.br\/index.php\/2025\/04\/02\/ansiedade-ou-pressao-alta-saiba-como-identificar-e-o-que-fazer\/#primaryimage\",\"url\":\"https:\/\/jornalfatosenoticias.com.br\/wp-content\/uploads\/2025\/04\/pressao-alta-ansiedade_freepik.jpg\",\"contentUrl\":\"https:\/\/jornalfatosenoticias.com.br\/wp-content\/uploads\/2025\/04\/pressao-alta-ansiedade_freepik.jpg\",\"width\":996,\"height\":664},{\"@type\":\"BreadcrumbList\",\"@id\":\"https:\/\/jornalfatosenoticias.com.br\/index.php\/2025\/04\/02\/ansiedade-ou-pressao-alta-saiba-como-identificar-e-o-que-fazer\/#breadcrumb\",\"itemListElement\":[{\"@type\":\"ListItem\",\"position\":1,\"name\":\"In\u00edcio\",\"item\":\"https:\/\/jornalfatosenoticias.com.br\/\"},{\"@type\":\"ListItem\",\"position\":2,\"name\":\"Ansiedade ou press\u00e3o alta? Saiba como identificar e o que fazer\"}]},{\"@type\":\"WebSite\",\"@id\":\"https:\/\/jornalfatosenoticias.com.br\/#website\",\"url\":\"https:\/\/jornalfatosenoticias.com.br\/\",\"name\":\"Jornal Fatos e Not\u00edcias\",\"description\":\"Not\u00edcias em geral\",\"publisher\":{\"@id\":\"https:\/\/jornalfatosenoticias.com.br\/#organization\"},\"potentialAction\":[{\"@type\":\"SearchAction\",\"target\":{\"@type\":\"EntryPoint\",\"urlTemplate\":\"https:\/\/jornalfatosenoticias.com.br\/?s={search_term_string}\"},\"query-input\":{\"@type\":\"PropertyValueSpecification\",\"valueRequired\":true,\"valueName\":\"search_term_string\"}}],\"inLanguage\":\"pt-BR\"},{\"@type\":\"Organization\",\"@id\":\"https:\/\/jornalfatosenoticias.com.br\/#organization\",\"name\":\"Jornal Fatos e Not\u00edcias\",\"url\":\"https:\/\/jornalfatosenoticias.com.br\/\",\"logo\":{\"@type\":\"ImageObject\",\"inLanguage\":\"pt-BR\",\"@id\":\"https:\/\/jornalfatosenoticias.com.br\/#\/schema\/logo\/image\/\",\"url\":\"https:\/\/jornalfatosenoticias.com.br\/wp-content\/uploads\/2020\/02\/logo120.png\",\"contentUrl\":\"https:\/\/jornalfatosenoticias.com.br\/wp-content\/uploads\/2020\/02\/logo120.png\",\"width\":1227,\"height\":120,\"caption\":\"Jornal Fatos e Not\u00edcias\"},\"image\":{\"@id\":\"https:\/\/jornalfatosenoticias.com.br\/#\/schema\/logo\/image\/\"}},{\"@type\":\"Person\",\"@id\":\"https:\/\/jornalfatosenoticias.com.br\/#\/schema\/person\/d63837fa13ac8666eb9e74e0985d6f81\",\"name\":\"Luzimara Fernandes\",\"image\":{\"@type\":\"ImageObject\",\"inLanguage\":\"pt-BR\",\"@id\":\"https:\/\/jornalfatosenoticias.com.br\/#\/schema\/person\/image\/\",\"url\":\"https:\/\/jornalfatosenoticias.com.br\/wp-content\/uploads\/2025\/05\/EU_portal.jpg\",\"contentUrl\":\"https:\/\/jornalfatosenoticias.com.br\/wp-content\/uploads\/2025\/05\/EU_portal.jpg\",\"caption\":\"Luzimara Fernandes\"},\"description\":\"Jornalista MTB 2358-ES\",\"sameAs\":[\"https:\/\/jornalfatosenoticias.com.br\"],\"url\":\"https:\/\/jornalfatosenoticias.com.br\/index.php\/author\/luzimara\/\"}]}<\/script>\n<!-- \/ Yoast SEO plugin. -->","yoast_head_json":{"title":"Ansiedade ou press\u00e3o alta? Saiba como identificar e o que fazer - Jornal Fatos e Not\u00edcias","robots":{"index":"index","follow":"follow","max-snippet":"max-snippet:-1","max-image-preview":"max-image-preview:large","max-video-preview":"max-video-preview:-1"},"canonical":"https:\/\/jornalfatosenoticias.com.br\/index.php\/2025\/04\/02\/ansiedade-ou-pressao-alta-saiba-como-identificar-e-o-que-fazer\/","og_locale":"pt_BR","og_type":"article","og_title":"Ansiedade ou press\u00e3o alta? Saiba como identificar e o que fazer - Jornal Fatos e Not\u00edcias","og_description":"Os sintomas da ansiedade e da depress\u00e3o costumam ser distintos, mas podem se confundir em alguns pacientes As emo\u00e7\u00f5es podem ter um impacto direto na sa\u00fade do cora\u00e7\u00e3o, levando a problemas cr\u00f4nicos que causam danos em todo o organismo. Press\u00e3o alta, tamb\u00e9m conhecida como hipertens\u00e3o arterial, e ansiedade, s\u00e3o duas condi\u00e7\u00f5es cl\u00ednicas distintas que, frequentemente, [&hellip;]","og_url":"https:\/\/jornalfatosenoticias.com.br\/index.php\/2025\/04\/02\/ansiedade-ou-pressao-alta-saiba-como-identificar-e-o-que-fazer\/","og_site_name":"Jornal Fatos e Not\u00edcias","article_published_time":"2025-04-02T14:01:35+00:00","article_modified_time":"2025-04-02T14:01:36+00:00","og_image":[{"width":996,"height":664,"url":"https:\/\/jornalfatosenoticias.com.br\/wp-content\/uploads\/2025\/04\/pressao-alta-ansiedade_freepik.jpg","type":"image\/jpeg"}],"author":"Luzimara Fernandes","twitter_card":"summary_large_image","twitter_misc":{"Escrito por":"Luzimara Fernandes","Est. tempo de leitura":"4 minutos"},"schema":{"@context":"https:\/\/schema.org","@graph":[{"@type":"Article","@id":"https:\/\/jornalfatosenoticias.com.br\/index.php\/2025\/04\/02\/ansiedade-ou-pressao-alta-saiba-como-identificar-e-o-que-fazer\/#article","isPartOf":{"@id":"https:\/\/jornalfatosenoticias.com.br\/index.php\/2025\/04\/02\/ansiedade-ou-pressao-alta-saiba-como-identificar-e-o-que-fazer\/"},"author":{"name":"Luzimara Fernandes","@id":"https:\/\/jornalfatosenoticias.com.br\/#\/schema\/person\/d63837fa13ac8666eb9e74e0985d6f81"},"headline":"Ansiedade ou press\u00e3o alta? Saiba como identificar e o que fazer","datePublished":"2025-04-02T14:01:35+00:00","dateModified":"2025-04-02T14:01:36+00:00","mainEntityOfPage":{"@id":"https:\/\/jornalfatosenoticias.com.br\/index.php\/2025\/04\/02\/ansiedade-ou-pressao-alta-saiba-como-identificar-e-o-que-fazer\/"},"wordCount":872,"commentCount":0,"publisher":{"@id":"https:\/\/jornalfatosenoticias.com.br\/#organization"},"image":{"@id":"https:\/\/jornalfatosenoticias.com.br\/index.php\/2025\/04\/02\/ansiedade-ou-pressao-alta-saiba-como-identificar-e-o-que-fazer\/#primaryimage"},"thumbnailUrl":"https:\/\/jornalfatosenoticias.com.br\/wp-content\/uploads\/2025\/04\/pressao-alta-ansiedade_freepik.jpg","keywords":["ansiedade","depress\u00e3o","emo\u00e7\u00f5es","hipertens\u00e3o arterial","press\u00e3o alta","problemas cardiovasculares"],"articleSection":["Sa\u00fade"],"inLanguage":"pt-BR","potentialAction":[{"@type":"CommentAction","name":"Comment","target":["https:\/\/jornalfatosenoticias.com.br\/index.php\/2025\/04\/02\/ansiedade-ou-pressao-alta-saiba-como-identificar-e-o-que-fazer\/#respond"]}]},{"@type":"WebPage","@id":"https:\/\/jornalfatosenoticias.com.br\/index.php\/2025\/04\/02\/ansiedade-ou-pressao-alta-saiba-como-identificar-e-o-que-fazer\/","url":"https:\/\/jornalfatosenoticias.com.br\/index.php\/2025\/04\/02\/ansiedade-ou-pressao-alta-saiba-como-identificar-e-o-que-fazer\/","name":"Ansiedade ou press\u00e3o alta? Saiba como identificar e o que fazer - Jornal Fatos e Not\u00edcias","isPartOf":{"@id":"https:\/\/jornalfatosenoticias.com.br\/#website"},"primaryImageOfPage":{"@id":"https:\/\/jornalfatosenoticias.com.br\/index.php\/2025\/04\/02\/ansiedade-ou-pressao-alta-saiba-como-identificar-e-o-que-fazer\/#primaryimage"},"image":{"@id":"https:\/\/jornalfatosenoticias.com.br\/index.php\/2025\/04\/02\/ansiedade-ou-pressao-alta-saiba-como-identificar-e-o-que-fazer\/#primaryimage"},"thumbnailUrl":"https:\/\/jornalfatosenoticias.com.br\/wp-content\/uploads\/2025\/04\/pressao-alta-ansiedade_freepik.jpg","datePublished":"2025-04-02T14:01:35+00:00","dateModified":"2025-04-02T14:01:36+00:00","breadcrumb":{"@id":"https:\/\/jornalfatosenoticias.com.br\/index.php\/2025\/04\/02\/ansiedade-ou-pressao-alta-saiba-como-identificar-e-o-que-fazer\/#breadcrumb"},"inLanguage":"pt-BR","potentialAction":[{"@type":"ReadAction","target":["https:\/\/jornalfatosenoticias.com.br\/index.php\/2025\/04\/02\/ansiedade-ou-pressao-alta-saiba-como-identificar-e-o-que-fazer\/"]}]},{"@type":"ImageObject","inLanguage":"pt-BR","@id":"https:\/\/jornalfatosenoticias.com.br\/index.php\/2025\/04\/02\/ansiedade-ou-pressao-alta-saiba-como-identificar-e-o-que-fazer\/#primaryimage","url":"https:\/\/jornalfatosenoticias.com.br\/wp-content\/uploads\/2025\/04\/pressao-alta-ansiedade_freepik.jpg","contentUrl":"https:\/\/jornalfatosenoticias.com.br\/wp-content\/uploads\/2025\/04\/pressao-alta-ansiedade_freepik.jpg","width":996,"height":664},{"@type":"BreadcrumbList","@id":"https:\/\/jornalfatosenoticias.com.br\/index.php\/2025\/04\/02\/ansiedade-ou-pressao-alta-saiba-como-identificar-e-o-que-fazer\/#breadcrumb","itemListElement":[{"@type":"ListItem","position":1,"name":"In\u00edcio","item":"https:\/\/jornalfatosenoticias.com.br\/"},{"@type":"ListItem","position":2,"name":"Ansiedade ou press\u00e3o alta? Saiba como identificar e o que fazer"}]},{"@type":"WebSite","@id":"https:\/\/jornalfatosenoticias.com.br\/#website","url":"https:\/\/jornalfatosenoticias.com.br\/","name":"Jornal Fatos e Not\u00edcias","description":"Not\u00edcias em geral","publisher":{"@id":"https:\/\/jornalfatosenoticias.com.br\/#organization"},"potentialAction":[{"@type":"SearchAction","target":{"@type":"EntryPoint","urlTemplate":"https:\/\/jornalfatosenoticias.com.br\/?s={search_term_string}"},"query-input":{"@type":"PropertyValueSpecification","valueRequired":true,"valueName":"search_term_string"}}],"inLanguage":"pt-BR"},{"@type":"Organization","@id":"https:\/\/jornalfatosenoticias.com.br\/#organization","name":"Jornal Fatos e Not\u00edcias","url":"https:\/\/jornalfatosenoticias.com.br\/","logo":{"@type":"ImageObject","inLanguage":"pt-BR","@id":"https:\/\/jornalfatosenoticias.com.br\/#\/schema\/logo\/image\/","url":"https:\/\/jornalfatosenoticias.com.br\/wp-content\/uploads\/2020\/02\/logo120.png","contentUrl":"https:\/\/jornalfatosenoticias.com.br\/wp-content\/uploads\/2020\/02\/logo120.png","width":1227,"height":120,"caption":"Jornal Fatos e Not\u00edcias"},"image":{"@id":"https:\/\/jornalfatosenoticias.com.br\/#\/schema\/logo\/image\/"}},{"@type":"Person","@id":"https:\/\/jornalfatosenoticias.com.br\/#\/schema\/person\/d63837fa13ac8666eb9e74e0985d6f81","name":"Luzimara Fernandes","image":{"@type":"ImageObject","inLanguage":"pt-BR","@id":"https:\/\/jornalfatosenoticias.com.br\/#\/schema\/person\/image\/","url":"https:\/\/jornalfatosenoticias.com.br\/wp-content\/uploads\/2025\/05\/EU_portal.jpg","contentUrl":"https:\/\/jornalfatosenoticias.com.br\/wp-content\/uploads\/2025\/05\/EU_portal.jpg","caption":"Luzimara Fernandes"},"description":"Jornalista MTB 2358-ES","sameAs":["https:\/\/jornalfatosenoticias.com.br"],"url":"https:\/\/jornalfatosenoticias.com.br\/index.php\/author\/luzimara\/"}]}},"cc_featured_image_caption":{"caption_text":"(Foto: Freepik) ","source_text":"","source_url":""},"jetpack_featured_media_url":"https:\/\/jornalfatosenoticias.com.br\/wp-content\/uploads\/2025\/04\/pressao-alta-ansiedade_freepik.jpg","_links":{"self":[{"href":"https:\/\/jornalfatosenoticias.com.br\/index.php\/wp-json\/wp\/v2\/posts\/58174","targetHints":{"allow":["GET"]}}],"collection":[{"href":"https:\/\/jornalfatosenoticias.com.br\/index.php\/wp-json\/wp\/v2\/posts"}],"about":[{"href":"https:\/\/jornalfatosenoticias.com.br\/index.php\/wp-json\/wp\/v2\/types\/post"}],"author":[{"embeddable":true,"href":"https:\/\/jornalfatosenoticias.com.br\/index.php\/wp-json\/wp\/v2\/users\/2"}],"replies":[{"embeddable":true,"href":"https:\/\/jornalfatosenoticias.com.br\/index.php\/wp-json\/wp\/v2\/comments?post=58174"}],"version-history":[{"count":0,"href":"https:\/\/jornalfatosenoticias.com.br\/index.php\/wp-json\/wp\/v2\/posts\/58174\/revisions"}],"wp:featuredmedia":[{"embeddable":true,"href":"https:\/\/jornalfatosenoticias.com.br\/index.php\/wp-json\/wp\/v2\/media\/58175"}],"wp:attachment":[{"href":"https:\/\/jornalfatosenoticias.com.br\/index.php\/wp-json\/wp\/v2\/media?parent=58174"}],"wp:term":[{"taxonomy":"category","embeddable":true,"href":"https:\/\/jornalfatosenoticias.com.br\/index.php\/wp-json\/wp\/v2\/categories?post=58174"},{"taxonomy":"post_tag","embeddable":true,"href":"https:\/\/jornalfatosenoticias.com.br\/index.php\/wp-json\/wp\/v2\/tags?post=58174"}],"curies":[{"name":"wp","href":"https:\/\/api.w.org\/{rel}","templated":true}]}}