{"id":58199,"date":"2025-04-02T14:33:59","date_gmt":"2025-04-02T17:33:59","guid":{"rendered":"https:\/\/jornalfatosenoticias.com.br\/?p=58199"},"modified":"2025-04-02T14:34:00","modified_gmt":"2025-04-02T17:34:00","slug":"industria-brasileira-rejeita-reducao-de-taxa-sobre-eua-para-acalmar-trump","status":"publish","type":"post","link":"https:\/\/jornalfatosenoticias.com.br\/index.php\/2025\/04\/02\/industria-brasileira-rejeita-reducao-de-taxa-sobre-eua-para-acalmar-trump\/","title":{"rendered":"Ind\u00fastria brasileira rejeita redu\u00e7\u00e3o de taxa sobre EUA para \u201cacalmar\u201d Trump"},"content":{"rendered":"\n<p><em><span class=\"has-inline-color has-black-color\">O etanol do Brasil est\u00e1 na mira das tarifas rec\u00edprocas de Trump. Mas a ind\u00fastria de cana-de-a\u00e7\u00facar \u00e9 contra reduzir taxa sobre combust\u00edvel que vem dos EUA<\/span><\/em><\/p>\n\n\n\n<p><span class=\"has-inline-color has-black-color\">Por <strong><a href=\"https:\/\/www.gazetadopovo.com.br\/autor\/celio-yano\/\" rel=\"sponsored nofollow\">C\u00e9lio Yano<\/a><\/strong><\/span><\/p>\n\n\n\n<div class=\"wp-block-image\"><figure class=\"aligncenter size-large is-resized\"><a href=\"https:\/\/www.facebook.com\/vetor.vix\/\"><img loading=\"lazy\" decoding=\"async\" src=\"https:\/\/jornalfatosenoticias.com.br\/wp-content\/uploads\/2023\/09\/vetorvix1024_1.jpg\" alt=\"\" class=\"wp-image-44868\" width=\"566\" height=\"150\" srcset=\"https:\/\/jornalfatosenoticias.com.br\/wp-content\/uploads\/2023\/09\/vetorvix1024_1.jpg 1024w, https:\/\/jornalfatosenoticias.com.br\/wp-content\/uploads\/2023\/09\/vetorvix1024_1-300x80.jpg 300w, https:\/\/jornalfatosenoticias.com.br\/wp-content\/uploads\/2023\/09\/vetorvix1024_1-768x205.jpg 768w\" sizes=\"auto, (max-width: 566px) 100vw, 566px\" \/><\/a><\/figure><\/div>\n\n\n\n<p>Representantes dos setores de cana-de-a\u00e7\u00facar e etanol s\u00e3o contra a possibilidade de redu\u00e7\u00e3o na al\u00edquota do imposto de importa\u00e7\u00e3o sobre o biocombust\u00edvel dos Estados Unidos. O governo de Luiz In\u00e1cio Lula da Silva (PT) estuda a medida como forma de amenizar os impactos das chamadas tarifas rec\u00edprocas que o governo norte-americano promete anunciar nesta quarta-feira (2).<br>Hoje o Brasil aplica uma tarifa de 18% sobre o etanol importado dos Estados Unidos, enquanto sobre o produto brasileiro incide em m\u00e9dia 2,5% de imposto na entrada em territ\u00f3rio norte-americano.\u00a0A discrep\u00e2ncia no tratamento da troca comercial do biocombust\u00edvel entre os dois pa\u00edses foi citada diretamente pelo presidente dos Estados Unidos, Donald Trump, em fevereiro, quando foi assinado o memorando determinando a imposi\u00e7\u00e3o das tarifas rec\u00edprocas.\u00a0<\/p>\n\n\n\n<div class=\"wp-block-image\"><figure class=\"aligncenter size-large is-resized\"><a href=\"https:\/\/www.facebook.com\/postobkr\/?locale=pt_BR\"><img loading=\"lazy\" decoding=\"async\" src=\"https:\/\/jornalfatosenoticias.com.br\/wp-content\/uploads\/2023\/08\/BKR-1024x1021.jpg\" alt=\"\" class=\"wp-image-44494\" width=\"293\" height=\"292\" srcset=\"https:\/\/jornalfatosenoticias.com.br\/wp-content\/uploads\/2023\/08\/BKR-1024x1021.jpg 1024w, https:\/\/jornalfatosenoticias.com.br\/wp-content\/uploads\/2023\/08\/BKR-300x300.jpg 300w, https:\/\/jornalfatosenoticias.com.br\/wp-content\/uploads\/2023\/08\/BKR-150x150.jpg 150w, https:\/\/jornalfatosenoticias.com.br\/wp-content\/uploads\/2023\/08\/BKR-768x766.jpg 768w, https:\/\/jornalfatosenoticias.com.br\/wp-content\/uploads\/2023\/08\/BKR.jpg 1080w\" sizes=\"auto, (max-width: 293px) 100vw, 293px\" \/><\/a><\/figure><\/div>\n\n\n\n<p>Na segunda-feira (31), o Escrit\u00f3rio do Representante Comercial dos EUA (USTR, na sigla em ingl\u00eas) voltou a citar a taxa\u00e7\u00e3o brasileira sobre o etanol norte-americano em um relat\u00f3rio em que analisa barreiras e pol\u00edticas comerciais de mais de 40 pa\u00edses, al\u00e9m de blocos econ\u00f4micos, como a Uni\u00e3o Europeia e o Mercosul.<\/p>\n\n\n\n<div class=\"wp-block-image\"><figure class=\"aligncenter size-large is-resized\"><a href=\"https:\/\/www.legisjuris.com.br\/\"><img loading=\"lazy\" decoding=\"async\" src=\"https:\/\/jornalfatosenoticias.com.br\/wp-content\/uploads\/2024\/09\/Legis-Juris-Consultoria_logo.jpg\" alt=\"\" class=\"wp-image-53915\" width=\"480\" height=\"201\" srcset=\"https:\/\/jornalfatosenoticias.com.br\/wp-content\/uploads\/2024\/09\/Legis-Juris-Consultoria_logo.jpg 969w, https:\/\/jornalfatosenoticias.com.br\/wp-content\/uploads\/2024\/09\/Legis-Juris-Consultoria_logo-300x126.jpg 300w, https:\/\/jornalfatosenoticias.com.br\/wp-content\/uploads\/2024\/09\/Legis-Juris-Consultoria_logo-768x322.jpg 768w\" sizes=\"auto, (max-width: 480px) 100vw, 480px\" \/><\/a><\/figure><\/div>\n\n\n\n<p>Para evitar o aumento abrupto sobre o etanol exportado para os Estados Unidos, o governo brasileiro negocia reduzir a tarifa de importa\u00e7\u00e3o do biocombust\u00edvel norte-americano, fabricado a partir do milho, diferentemente da produ\u00e7\u00e3o brasileira, majoritariamente derivada da cana-de-a\u00e7\u00facar.<\/p>\n\n\n\n<div class=\"wp-block-image\"><figure class=\"aligncenter size-large\"><a href=\"http:\/\/www.ferrarimaquinas.com.br\/\"><img loading=\"lazy\" decoding=\"async\" width=\"300\" height=\"250\" src=\"https:\/\/jornalfatosenoticias.com.br\/wp-content\/uploads\/2022\/02\/FERRARI_MAQUINAS-E-FERRAMENTAS2.jpg\" alt=\"\" class=\"wp-image-27860\"\/><\/a><\/figure><\/div>\n\n\n\n<p>A medida ainda poderia for\u00e7ar uma queda de pre\u00e7os no mercado brasileiro, inclusive da gasolina, em raz\u00e3o da mistura obrigat\u00f3ria de etanol anidro, em um momento de infla\u00e7\u00e3o de alimentos e combust\u00edveis, que afeta diretamente a popularidade do chefe do Executivo.\u00a0A iniciativa, contudo, \u00e9 rejeitada pelo setor sucroenerg\u00e9tico.<\/p>\n\n\n\n<div class=\"wp-block-image\"><figure class=\"aligncenter size-large is-resized\"><a href=\"https:\/\/www.controlsystems.com.br\/\"><img loading=\"lazy\" decoding=\"async\" src=\"https:\/\/jornalfatosenoticias.com.br\/wp-content\/uploads\/2020\/02\/CONTROL-CS.jpg\" alt=\"\" class=\"wp-image-44991\" width=\"292\" height=\"350\" srcset=\"https:\/\/jornalfatosenoticias.com.br\/wp-content\/uploads\/2020\/02\/CONTROL-CS.jpg 834w, https:\/\/jornalfatosenoticias.com.br\/wp-content\/uploads\/2020\/02\/CONTROL-CS-250x300.jpg 250w, https:\/\/jornalfatosenoticias.com.br\/wp-content\/uploads\/2020\/02\/CONTROL-CS-768x921.jpg 768w\" sizes=\"auto, (max-width: 292px) 100vw, 292px\" \/><\/a><\/figure><\/div>\n\n\n\n<p>\u00c0 Gazeta do Povo, a Uni\u00e3o da Ind\u00fastria de Cana-de-A\u00e7\u00facar e Bioenergia (Unica) informou estar \u201cacompanhando as discuss\u00f5es em andamento\u201d e que compartilhar\u00e1 sua avalia\u00e7\u00e3o do tema \u201cassim que houver defini\u00e7\u00f5es concretas\u201d.<br>Alguns dias atr\u00e1s, no entanto, o presidente da entidade, Evandro Gussi, se disse contra\u00a0a hip\u00f3tese de uma redu\u00e7\u00e3o na tarifa sobre o etanol dos Estados Unidos. Para o setor, n\u00e3o h\u00e1 raz\u00e3o para estimular a entrada do bicombust\u00edvel americano, produzido a partir do milho e com maior emiss\u00e3o de carbono.\u00a0<\/p>\n\n\n\n<div class=\"wp-block-image\"><figure class=\"aligncenter size-large is-resized\"><a href=\"https:\/\/www.instagram.com\/esteiochurrascaria\/\"><img loading=\"lazy\" decoding=\"async\" src=\"https:\/\/jornalfatosenoticias.com.br\/wp-content\/uploads\/2022\/02\/LOGO-ESTEIO-1024x730.png\" alt=\"\" class=\"wp-image-27942\" width=\"371\" height=\"264\" srcset=\"https:\/\/jornalfatosenoticias.com.br\/wp-content\/uploads\/2022\/02\/LOGO-ESTEIO-1024x730.png 1024w, https:\/\/jornalfatosenoticias.com.br\/wp-content\/uploads\/2022\/02\/LOGO-ESTEIO-300x214.png 300w, https:\/\/jornalfatosenoticias.com.br\/wp-content\/uploads\/2022\/02\/LOGO-ESTEIO-768x548.png 768w, https:\/\/jornalfatosenoticias.com.br\/wp-content\/uploads\/2022\/02\/LOGO-ESTEIO.png 1123w\" sizes=\"auto, (max-width: 371px) 100vw, 371px\" \/><\/a><\/figure><\/div>\n\n\n\n<blockquote class=\"wp-block-quote is-layout-flow wp-block-quote-is-layout-flow\"><p><span class=\"has-inline-color has-luminous-vivid-orange-color\">N\u00e3o est\u00e1 faltando etanol no Brasil. Resolvemos o problema da entressafra [de cana] com etanol de milho\u201d, afirmou Gussi na 9.\u00aa edi\u00e7\u00e3o do evento Abertura de Safra de Cana, A\u00e7\u00facar e Etanol.<\/span><\/p><\/blockquote>\n\n\n\n<div class=\"wp-block-image\"><figure class=\"aligncenter size-large is-resized\"><a href=\"https:\/\/www.instagram.com\/restaurantepegoretti\/\"><img loading=\"lazy\" decoding=\"async\" src=\"https:\/\/jornalfatosenoticias.com.br\/wp-content\/uploads\/2023\/12\/pegoretti-logo-pdf-1024x389.jpg\" alt=\"\" class=\"wp-image-47536\" width=\"504\" height=\"191\" srcset=\"https:\/\/jornalfatosenoticias.com.br\/wp-content\/uploads\/2023\/12\/pegoretti-logo-pdf-1024x389.jpg 1024w, https:\/\/jornalfatosenoticias.com.br\/wp-content\/uploads\/2023\/12\/pegoretti-logo-pdf-300x114.jpg 300w, https:\/\/jornalfatosenoticias.com.br\/wp-content\/uploads\/2023\/12\/pegoretti-logo-pdf-768x291.jpg 768w, https:\/\/jornalfatosenoticias.com.br\/wp-content\/uploads\/2023\/12\/pegoretti-logo-pdf.jpg 1120w\" sizes=\"auto, (max-width: 504px) 100vw, 504px\" \/><\/a><\/figure><\/div>\n\n\n\n<p>O presidente da Organiza\u00e7\u00e3o de Associa\u00e7\u00f5es de Produtores de Cana do Brasil (Orplana), Jos\u00e9 Guilherme Nogueira, segue o mesmo discurso, contr\u00e1rio \u00e0 redu\u00e7\u00e3o da tarifa.<\/p>\n\n\n\n<blockquote class=\"wp-block-quote is-layout-flow wp-block-quote-is-layout-flow\"><p><span class=\"has-inline-color has-luminous-vivid-orange-color\">O setor n\u00e3o quer ser moeda de troca para fazer qualquer tipo de negocia\u00e7\u00e3o\u201d, disse, em entrevista \u00e0 Exame. \u201cA gente sabe que os negociadores, ao negociarem tarifas de importa\u00e7\u00e3o, podem fazer alguma coisa que pode impactar algum setor. \u00c9 importante proteger os acordos que j\u00e1 existem\u201d, acrescentou.<\/span><\/p><\/blockquote>\n\n\n\n<div class=\"wp-block-image\"><figure class=\"aligncenter size-large is-resized\"><a href=\"https:\/\/www.instagram.com\/serra4x4cambioautomatico\/\"><img loading=\"lazy\" decoding=\"async\" src=\"https:\/\/jornalfatosenoticias.com.br\/wp-content\/uploads\/2024\/08\/Serra-4x4-1-886x1024.jpg\" alt=\"\" class=\"wp-image-53632\" width=\"316\" height=\"365\" srcset=\"https:\/\/jornalfatosenoticias.com.br\/wp-content\/uploads\/2024\/08\/Serra-4x4-1-886x1024.jpg 886w, https:\/\/jornalfatosenoticias.com.br\/wp-content\/uploads\/2024\/08\/Serra-4x4-1-260x300.jpg 260w, https:\/\/jornalfatosenoticias.com.br\/wp-content\/uploads\/2024\/08\/Serra-4x4-1-768x888.jpg 768w, https:\/\/jornalfatosenoticias.com.br\/wp-content\/uploads\/2024\/08\/Serra-4x4-1.jpg 1181w\" sizes=\"auto, (max-width: 316px) 100vw, 316px\" \/><\/a><\/figure><\/div>\n\n\n\n<p>Apesar de estar no centro da discuss\u00e3o sobre a imposi\u00e7\u00e3o das tarifas rec\u00edprocas pelos Estados Unidos, a exporta\u00e7\u00e3o de etanol para o mercado norte-americano representa pouco mais de 1% da produ\u00e7\u00e3o brasileira. De acordo com a Unica, foram produzidos 35,8 bilh\u00f5es de litros de etanol na safra 2023\/2024 de cana-de-a\u00e7\u00facar. Desse total, cerca de 440 milh\u00f5es tiveram como destino os Estados Unidos.<\/p>\n\n\n\n<div class=\"wp-block-image\"><figure class=\"aligncenter size-large is-resized\"><a href=\"https:\/\/www.facebook.com\/profile.php?id=100069289606145\"><img loading=\"lazy\" decoding=\"async\" src=\"https:\/\/jornalfatosenoticias.com.br\/wp-content\/uploads\/2024\/11\/Guaitolini-Contabilidade-1024x714.jpeg\" alt=\"\" class=\"wp-image-55808\" width=\"326\" height=\"227\" srcset=\"https:\/\/jornalfatosenoticias.com.br\/wp-content\/uploads\/2024\/11\/Guaitolini-Contabilidade-1024x714.jpeg 1024w, https:\/\/jornalfatosenoticias.com.br\/wp-content\/uploads\/2024\/11\/Guaitolini-Contabilidade-300x209.jpeg 300w, https:\/\/jornalfatosenoticias.com.br\/wp-content\/uploads\/2024\/11\/Guaitolini-Contabilidade-768x535.jpeg 768w, https:\/\/jornalfatosenoticias.com.br\/wp-content\/uploads\/2024\/11\/Guaitolini-Contabilidade.jpeg 1280w\" sizes=\"auto, (max-width: 326px) 100vw, 326px\" \/><\/a><\/figure><\/div>\n\n\n\n<p>Para Gussi, caso a Casa Branca aplique de fato a tarifa de 18% sobre o etanol brasileiro, a consequ\u00eancia ser\u00e1 um aumento dos custos internos dos Estados Unidos, sem impacto imediato aos produtores brasileiros.\u00a0O principal destino do etanol exportado pelo Brasil em territ\u00f3rio norte-americano \u00e9 o estado da Calif\u00f3rnia, em raz\u00e3o de compromissos de redu\u00e7\u00e3o de gases do California Air Resources Board, ag\u00eancia governamental local destinada ao controle da polui\u00e7\u00e3o do ar e do combate a mudan\u00e7as clim\u00e1ticas.\u00a0<\/p>\n\n\n\n<div class=\"wp-block-image\"><figure class=\"aligncenter size-large\"><a href=\"https:\/\/www.cesconetto.com.br\/\"><img loading=\"lazy\" decoding=\"async\" width=\"300\" height=\"250\" src=\"https:\/\/jornalfatosenoticias.com.br\/wp-content\/uploads\/2022\/02\/Banner-2.png\" alt=\"\" class=\"wp-image-27877\"\/><\/a><\/figure><\/div>\n\n\n\n<blockquote class=\"wp-block-quote is-layout-flow wp-block-quote-is-layout-flow\"><p><span class=\"has-inline-color has-luminous-vivid-orange-color\">O americano chega a ter o triplo de emiss\u00f5es do que o etanol brasileiro. N\u00e3o teria l\u00f3gica essa tarifa de equival\u00eancia, j\u00e1 que os produtos s\u00e3o diferentes. Ent\u00e3o, para cumprir as metas de redu\u00e7\u00e3o de emiss\u00f5es l\u00e1 na Calif\u00f3rnia, eles precisam do etanol brasileiro\u201d, afirmou Gussi, ao jornal \u201cO Estado de S.Paulo\u201d.<\/span><\/p><\/blockquote>\n\n\n\n<div class=\"wp-block-image\"><figure class=\"aligncenter size-large is-resized\"><a href=\"https:\/\/hotelmarquetti.com.br\/\"><img loading=\"lazy\" decoding=\"async\" src=\"https:\/\/jornalfatosenoticias.com.br\/wp-content\/uploads\/2023\/03\/nova-logo-Marquetti.jpg\" alt=\"\" class=\"wp-image-40207\" width=\"339\" height=\"228\" srcset=\"https:\/\/jornalfatosenoticias.com.br\/wp-content\/uploads\/2023\/03\/nova-logo-Marquetti.jpg 643w, https:\/\/jornalfatosenoticias.com.br\/wp-content\/uploads\/2023\/03\/nova-logo-Marquetti-300x202.jpg 300w\" sizes=\"auto, (max-width: 339px) 100vw, 339px\" \/><\/a><\/figure><\/div>\n\n\n\n<p><strong>Fonte: <a href=\"https:\/\/www.gazetadopovo.com.br\/agronegocio\/industria-brasil-rejeita-reducao-de-taxa-sobre-etanol-dos-eua-para-acalmar-trump\/\">Gazeta do Povo<\/a><\/strong><\/p>\n","protected":false},"excerpt":{"rendered":"<p>O etanol do Brasil est\u00e1 na mira das tarifas rec\u00edprocas de Trump. Mas a ind\u00fastria de cana-de-a\u00e7\u00facar \u00e9 contra reduzir taxa sobre combust\u00edvel que vem dos EUA Por C\u00e9lio Yano Representantes dos setores de cana-de-a\u00e7\u00facar e etanol s\u00e3o contra a possibilidade de redu\u00e7\u00e3o na al\u00edquota do imposto de importa\u00e7\u00e3o sobre o biocombust\u00edvel dos Estados Unidos. [&hellip;]<\/p>\n","protected":false},"author":2,"featured_media":57199,"comment_status":"open","ping_status":"open","sticky":false,"template":"","format":"standard","meta":{"footnotes":""},"categories":[9],"tags":[16252,2147,2430,1751,6682,6750,7580,360],"class_list":["post-58199","post","type-post","status-publish","format-standard","has-post-thumbnail","hentry","category-economia","tag-combustiveis","tag-donald-trump","tag-emissao-de-carbono","tag-estados-unidos","tag-gasolina","tag-importacao","tag-lula","tag-mudancas-climaticas"],"yoast_head":"<!-- This site is optimized with the Yoast SEO plugin v26.5 - https:\/\/yoast.com\/wordpress\/plugins\/seo\/ -->\n<title>Ind\u00fastria brasileira rejeita redu\u00e7\u00e3o de taxa sobre EUA para \u201cacalmar\u201d Trump - Jornal Fatos e Not\u00edcias<\/title>\n<meta name=\"robots\" content=\"index, follow, max-snippet:-1, max-image-preview:large, max-video-preview:-1\" \/>\n<link rel=\"canonical\" href=\"https:\/\/jornalfatosenoticias.com.br\/index.php\/2025\/04\/02\/industria-brasileira-rejeita-reducao-de-taxa-sobre-eua-para-acalmar-trump\/\" \/>\n<meta property=\"og:locale\" content=\"pt_BR\" \/>\n<meta property=\"og:type\" content=\"article\" \/>\n<meta property=\"og:title\" content=\"Ind\u00fastria brasileira rejeita redu\u00e7\u00e3o de taxa sobre EUA para \u201cacalmar\u201d Trump - Jornal Fatos e Not\u00edcias\" \/>\n<meta property=\"og:description\" content=\"O etanol do Brasil est\u00e1 na mira das tarifas rec\u00edprocas de Trump. Mas a ind\u00fastria de cana-de-a\u00e7\u00facar \u00e9 contra reduzir taxa sobre combust\u00edvel que vem dos EUA Por C\u00e9lio Yano Representantes dos setores de cana-de-a\u00e7\u00facar e etanol s\u00e3o contra a possibilidade de redu\u00e7\u00e3o na al\u00edquota do imposto de importa\u00e7\u00e3o sobre o biocombust\u00edvel dos Estados Unidos. [&hellip;]\" \/>\n<meta property=\"og:url\" content=\"https:\/\/jornalfatosenoticias.com.br\/index.php\/2025\/04\/02\/industria-brasileira-rejeita-reducao-de-taxa-sobre-eua-para-acalmar-trump\/\" \/>\n<meta property=\"og:site_name\" content=\"Jornal Fatos e Not\u00edcias\" \/>\n<meta property=\"article:published_time\" content=\"2025-04-02T17:33:59+00:00\" \/>\n<meta property=\"article:modified_time\" content=\"2025-04-02T17:34:00+00:00\" \/>\n<meta property=\"og:image\" content=\"https:\/\/jornalfatosenoticias.com.br\/wp-content\/uploads\/2025\/01\/Trump_gettyimages.jpg\" \/>\n\t<meta property=\"og:image:width\" content=\"612\" \/>\n\t<meta property=\"og:image:height\" content=\"408\" \/>\n\t<meta property=\"og:image:type\" content=\"image\/jpeg\" \/>\n<meta name=\"author\" content=\"Luzimara Fernandes\" \/>\n<meta name=\"twitter:card\" content=\"summary_large_image\" \/>\n<meta name=\"twitter:label1\" content=\"Escrito por\" \/>\n\t<meta name=\"twitter:data1\" content=\"Luzimara Fernandes\" \/>\n\t<meta name=\"twitter:label2\" content=\"Est. tempo de leitura\" \/>\n\t<meta name=\"twitter:data2\" content=\"4 minutos\" \/>\n<script type=\"application\/ld+json\" class=\"yoast-schema-graph\">{\"@context\":\"https:\/\/schema.org\",\"@graph\":[{\"@type\":\"Article\",\"@id\":\"https:\/\/jornalfatosenoticias.com.br\/index.php\/2025\/04\/02\/industria-brasileira-rejeita-reducao-de-taxa-sobre-eua-para-acalmar-trump\/#article\",\"isPartOf\":{\"@id\":\"https:\/\/jornalfatosenoticias.com.br\/index.php\/2025\/04\/02\/industria-brasileira-rejeita-reducao-de-taxa-sobre-eua-para-acalmar-trump\/\"},\"author\":{\"name\":\"Luzimara Fernandes\",\"@id\":\"https:\/\/jornalfatosenoticias.com.br\/#\/schema\/person\/d63837fa13ac8666eb9e74e0985d6f81\"},\"headline\":\"Ind\u00fastria brasileira rejeita redu\u00e7\u00e3o de taxa sobre EUA para \u201cacalmar\u201d Trump\",\"datePublished\":\"2025-04-02T17:33:59+00:00\",\"dateModified\":\"2025-04-02T17:34:00+00:00\",\"mainEntityOfPage\":{\"@id\":\"https:\/\/jornalfatosenoticias.com.br\/index.php\/2025\/04\/02\/industria-brasileira-rejeita-reducao-de-taxa-sobre-eua-para-acalmar-trump\/\"},\"wordCount\":761,\"commentCount\":0,\"publisher\":{\"@id\":\"https:\/\/jornalfatosenoticias.com.br\/#organization\"},\"image\":{\"@id\":\"https:\/\/jornalfatosenoticias.com.br\/index.php\/2025\/04\/02\/industria-brasileira-rejeita-reducao-de-taxa-sobre-eua-para-acalmar-trump\/#primaryimage\"},\"thumbnailUrl\":\"https:\/\/jornalfatosenoticias.com.br\/wp-content\/uploads\/2025\/01\/Trump_gettyimages.jpg\",\"keywords\":[\"Combust\u00edveis\",\"Donald Trump\",\"emiss\u00e3o de carbono\",\"Estados Unidos\",\"gasolina\",\"importa\u00e7\u00e3o\",\"Lula\",\"mudan\u00e7as clim\u00e1ticas\"],\"articleSection\":[\"Economia\"],\"inLanguage\":\"pt-BR\",\"potentialAction\":[{\"@type\":\"CommentAction\",\"name\":\"Comment\",\"target\":[\"https:\/\/jornalfatosenoticias.com.br\/index.php\/2025\/04\/02\/industria-brasileira-rejeita-reducao-de-taxa-sobre-eua-para-acalmar-trump\/#respond\"]}]},{\"@type\":\"WebPage\",\"@id\":\"https:\/\/jornalfatosenoticias.com.br\/index.php\/2025\/04\/02\/industria-brasileira-rejeita-reducao-de-taxa-sobre-eua-para-acalmar-trump\/\",\"url\":\"https:\/\/jornalfatosenoticias.com.br\/index.php\/2025\/04\/02\/industria-brasileira-rejeita-reducao-de-taxa-sobre-eua-para-acalmar-trump\/\",\"name\":\"Ind\u00fastria brasileira rejeita redu\u00e7\u00e3o de taxa sobre EUA para \u201cacalmar\u201d Trump - Jornal Fatos e Not\u00edcias\",\"isPartOf\":{\"@id\":\"https:\/\/jornalfatosenoticias.com.br\/#website\"},\"primaryImageOfPage\":{\"@id\":\"https:\/\/jornalfatosenoticias.com.br\/index.php\/2025\/04\/02\/industria-brasileira-rejeita-reducao-de-taxa-sobre-eua-para-acalmar-trump\/#primaryimage\"},\"image\":{\"@id\":\"https:\/\/jornalfatosenoticias.com.br\/index.php\/2025\/04\/02\/industria-brasileira-rejeita-reducao-de-taxa-sobre-eua-para-acalmar-trump\/#primaryimage\"},\"thumbnailUrl\":\"https:\/\/jornalfatosenoticias.com.br\/wp-content\/uploads\/2025\/01\/Trump_gettyimages.jpg\",\"datePublished\":\"2025-04-02T17:33:59+00:00\",\"dateModified\":\"2025-04-02T17:34:00+00:00\",\"breadcrumb\":{\"@id\":\"https:\/\/jornalfatosenoticias.com.br\/index.php\/2025\/04\/02\/industria-brasileira-rejeita-reducao-de-taxa-sobre-eua-para-acalmar-trump\/#breadcrumb\"},\"inLanguage\":\"pt-BR\",\"potentialAction\":[{\"@type\":\"ReadAction\",\"target\":[\"https:\/\/jornalfatosenoticias.com.br\/index.php\/2025\/04\/02\/industria-brasileira-rejeita-reducao-de-taxa-sobre-eua-para-acalmar-trump\/\"]}]},{\"@type\":\"ImageObject\",\"inLanguage\":\"pt-BR\",\"@id\":\"https:\/\/jornalfatosenoticias.com.br\/index.php\/2025\/04\/02\/industria-brasileira-rejeita-reducao-de-taxa-sobre-eua-para-acalmar-trump\/#primaryimage\",\"url\":\"https:\/\/jornalfatosenoticias.com.br\/wp-content\/uploads\/2025\/01\/Trump_gettyimages.jpg\",\"contentUrl\":\"https:\/\/jornalfatosenoticias.com.br\/wp-content\/uploads\/2025\/01\/Trump_gettyimages.jpg\",\"width\":612,\"height\":408,\"caption\":\"WASHINGTON, DC - JANUARY 21: U.S. President Donald Trump takes a question from a reporter during a news conference in the Roosevelt Room of the White House on January 21, 2025 in Washington, DC. Trump announced an investment in artificial intelligence (AI) infrastructure and took questions on a range of topics including his presidential pardons of Jan. 6 defendants, the war in Ukraine, cryptocurrencies and other topics. (Photo by Andrew Harnik\/Getty Images)\"},{\"@type\":\"BreadcrumbList\",\"@id\":\"https:\/\/jornalfatosenoticias.com.br\/index.php\/2025\/04\/02\/industria-brasileira-rejeita-reducao-de-taxa-sobre-eua-para-acalmar-trump\/#breadcrumb\",\"itemListElement\":[{\"@type\":\"ListItem\",\"position\":1,\"name\":\"In\u00edcio\",\"item\":\"https:\/\/jornalfatosenoticias.com.br\/\"},{\"@type\":\"ListItem\",\"position\":2,\"name\":\"Ind\u00fastria brasileira rejeita redu\u00e7\u00e3o de taxa sobre EUA para \u201cacalmar\u201d Trump\"}]},{\"@type\":\"WebSite\",\"@id\":\"https:\/\/jornalfatosenoticias.com.br\/#website\",\"url\":\"https:\/\/jornalfatosenoticias.com.br\/\",\"name\":\"Jornal Fatos e Not\u00edcias\",\"description\":\"Not\u00edcias em geral\",\"publisher\":{\"@id\":\"https:\/\/jornalfatosenoticias.com.br\/#organization\"},\"potentialAction\":[{\"@type\":\"SearchAction\",\"target\":{\"@type\":\"EntryPoint\",\"urlTemplate\":\"https:\/\/jornalfatosenoticias.com.br\/?s={search_term_string}\"},\"query-input\":{\"@type\":\"PropertyValueSpecification\",\"valueRequired\":true,\"valueName\":\"search_term_string\"}}],\"inLanguage\":\"pt-BR\"},{\"@type\":\"Organization\",\"@id\":\"https:\/\/jornalfatosenoticias.com.br\/#organization\",\"name\":\"Jornal Fatos e Not\u00edcias\",\"url\":\"https:\/\/jornalfatosenoticias.com.br\/\",\"logo\":{\"@type\":\"ImageObject\",\"inLanguage\":\"pt-BR\",\"@id\":\"https:\/\/jornalfatosenoticias.com.br\/#\/schema\/logo\/image\/\",\"url\":\"https:\/\/jornalfatosenoticias.com.br\/wp-content\/uploads\/2020\/02\/logo120.png\",\"contentUrl\":\"https:\/\/jornalfatosenoticias.com.br\/wp-content\/uploads\/2020\/02\/logo120.png\",\"width\":1227,\"height\":120,\"caption\":\"Jornal Fatos e Not\u00edcias\"},\"image\":{\"@id\":\"https:\/\/jornalfatosenoticias.com.br\/#\/schema\/logo\/image\/\"}},{\"@type\":\"Person\",\"@id\":\"https:\/\/jornalfatosenoticias.com.br\/#\/schema\/person\/d63837fa13ac8666eb9e74e0985d6f81\",\"name\":\"Luzimara Fernandes\",\"image\":{\"@type\":\"ImageObject\",\"inLanguage\":\"pt-BR\",\"@id\":\"https:\/\/jornalfatosenoticias.com.br\/#\/schema\/person\/image\/\",\"url\":\"https:\/\/jornalfatosenoticias.com.br\/wp-content\/uploads\/2025\/05\/EU_portal.jpg\",\"contentUrl\":\"https:\/\/jornalfatosenoticias.com.br\/wp-content\/uploads\/2025\/05\/EU_portal.jpg\",\"caption\":\"Luzimara Fernandes\"},\"description\":\"Jornalista MTB 2358-ES\",\"sameAs\":[\"https:\/\/jornalfatosenoticias.com.br\"],\"url\":\"https:\/\/jornalfatosenoticias.com.br\/index.php\/author\/luzimara\/\"}]}<\/script>\n<!-- \/ Yoast SEO plugin. -->","yoast_head_json":{"title":"Ind\u00fastria brasileira rejeita redu\u00e7\u00e3o de taxa sobre EUA para \u201cacalmar\u201d Trump - Jornal Fatos e Not\u00edcias","robots":{"index":"index","follow":"follow","max-snippet":"max-snippet:-1","max-image-preview":"max-image-preview:large","max-video-preview":"max-video-preview:-1"},"canonical":"https:\/\/jornalfatosenoticias.com.br\/index.php\/2025\/04\/02\/industria-brasileira-rejeita-reducao-de-taxa-sobre-eua-para-acalmar-trump\/","og_locale":"pt_BR","og_type":"article","og_title":"Ind\u00fastria brasileira rejeita redu\u00e7\u00e3o de taxa sobre EUA para \u201cacalmar\u201d Trump - Jornal Fatos e Not\u00edcias","og_description":"O etanol do Brasil est\u00e1 na mira das tarifas rec\u00edprocas de Trump. Mas a ind\u00fastria de cana-de-a\u00e7\u00facar \u00e9 contra reduzir taxa sobre combust\u00edvel que vem dos EUA Por C\u00e9lio Yano Representantes dos setores de cana-de-a\u00e7\u00facar e etanol s\u00e3o contra a possibilidade de redu\u00e7\u00e3o na al\u00edquota do imposto de importa\u00e7\u00e3o sobre o biocombust\u00edvel dos Estados Unidos. [&hellip;]","og_url":"https:\/\/jornalfatosenoticias.com.br\/index.php\/2025\/04\/02\/industria-brasileira-rejeita-reducao-de-taxa-sobre-eua-para-acalmar-trump\/","og_site_name":"Jornal Fatos e Not\u00edcias","article_published_time":"2025-04-02T17:33:59+00:00","article_modified_time":"2025-04-02T17:34:00+00:00","og_image":[{"width":612,"height":408,"url":"https:\/\/jornalfatosenoticias.com.br\/wp-content\/uploads\/2025\/01\/Trump_gettyimages.jpg","type":"image\/jpeg"}],"author":"Luzimara Fernandes","twitter_card":"summary_large_image","twitter_misc":{"Escrito por":"Luzimara Fernandes","Est. tempo de leitura":"4 minutos"},"schema":{"@context":"https:\/\/schema.org","@graph":[{"@type":"Article","@id":"https:\/\/jornalfatosenoticias.com.br\/index.php\/2025\/04\/02\/industria-brasileira-rejeita-reducao-de-taxa-sobre-eua-para-acalmar-trump\/#article","isPartOf":{"@id":"https:\/\/jornalfatosenoticias.com.br\/index.php\/2025\/04\/02\/industria-brasileira-rejeita-reducao-de-taxa-sobre-eua-para-acalmar-trump\/"},"author":{"name":"Luzimara Fernandes","@id":"https:\/\/jornalfatosenoticias.com.br\/#\/schema\/person\/d63837fa13ac8666eb9e74e0985d6f81"},"headline":"Ind\u00fastria brasileira rejeita redu\u00e7\u00e3o de taxa sobre EUA para \u201cacalmar\u201d Trump","datePublished":"2025-04-02T17:33:59+00:00","dateModified":"2025-04-02T17:34:00+00:00","mainEntityOfPage":{"@id":"https:\/\/jornalfatosenoticias.com.br\/index.php\/2025\/04\/02\/industria-brasileira-rejeita-reducao-de-taxa-sobre-eua-para-acalmar-trump\/"},"wordCount":761,"commentCount":0,"publisher":{"@id":"https:\/\/jornalfatosenoticias.com.br\/#organization"},"image":{"@id":"https:\/\/jornalfatosenoticias.com.br\/index.php\/2025\/04\/02\/industria-brasileira-rejeita-reducao-de-taxa-sobre-eua-para-acalmar-trump\/#primaryimage"},"thumbnailUrl":"https:\/\/jornalfatosenoticias.com.br\/wp-content\/uploads\/2025\/01\/Trump_gettyimages.jpg","keywords":["Combust\u00edveis","Donald Trump","emiss\u00e3o de carbono","Estados Unidos","gasolina","importa\u00e7\u00e3o","Lula","mudan\u00e7as clim\u00e1ticas"],"articleSection":["Economia"],"inLanguage":"pt-BR","potentialAction":[{"@type":"CommentAction","name":"Comment","target":["https:\/\/jornalfatosenoticias.com.br\/index.php\/2025\/04\/02\/industria-brasileira-rejeita-reducao-de-taxa-sobre-eua-para-acalmar-trump\/#respond"]}]},{"@type":"WebPage","@id":"https:\/\/jornalfatosenoticias.com.br\/index.php\/2025\/04\/02\/industria-brasileira-rejeita-reducao-de-taxa-sobre-eua-para-acalmar-trump\/","url":"https:\/\/jornalfatosenoticias.com.br\/index.php\/2025\/04\/02\/industria-brasileira-rejeita-reducao-de-taxa-sobre-eua-para-acalmar-trump\/","name":"Ind\u00fastria brasileira rejeita redu\u00e7\u00e3o de taxa sobre EUA para \u201cacalmar\u201d Trump - Jornal Fatos e Not\u00edcias","isPartOf":{"@id":"https:\/\/jornalfatosenoticias.com.br\/#website"},"primaryImageOfPage":{"@id":"https:\/\/jornalfatosenoticias.com.br\/index.php\/2025\/04\/02\/industria-brasileira-rejeita-reducao-de-taxa-sobre-eua-para-acalmar-trump\/#primaryimage"},"image":{"@id":"https:\/\/jornalfatosenoticias.com.br\/index.php\/2025\/04\/02\/industria-brasileira-rejeita-reducao-de-taxa-sobre-eua-para-acalmar-trump\/#primaryimage"},"thumbnailUrl":"https:\/\/jornalfatosenoticias.com.br\/wp-content\/uploads\/2025\/01\/Trump_gettyimages.jpg","datePublished":"2025-04-02T17:33:59+00:00","dateModified":"2025-04-02T17:34:00+00:00","breadcrumb":{"@id":"https:\/\/jornalfatosenoticias.com.br\/index.php\/2025\/04\/02\/industria-brasileira-rejeita-reducao-de-taxa-sobre-eua-para-acalmar-trump\/#breadcrumb"},"inLanguage":"pt-BR","potentialAction":[{"@type":"ReadAction","target":["https:\/\/jornalfatosenoticias.com.br\/index.php\/2025\/04\/02\/industria-brasileira-rejeita-reducao-de-taxa-sobre-eua-para-acalmar-trump\/"]}]},{"@type":"ImageObject","inLanguage":"pt-BR","@id":"https:\/\/jornalfatosenoticias.com.br\/index.php\/2025\/04\/02\/industria-brasileira-rejeita-reducao-de-taxa-sobre-eua-para-acalmar-trump\/#primaryimage","url":"https:\/\/jornalfatosenoticias.com.br\/wp-content\/uploads\/2025\/01\/Trump_gettyimages.jpg","contentUrl":"https:\/\/jornalfatosenoticias.com.br\/wp-content\/uploads\/2025\/01\/Trump_gettyimages.jpg","width":612,"height":408,"caption":"WASHINGTON, DC - JANUARY 21: U.S. President Donald Trump takes a question from a reporter during a news conference in the Roosevelt Room of the White House on January 21, 2025 in Washington, DC. Trump announced an investment in artificial intelligence (AI) infrastructure and took questions on a range of topics including his presidential pardons of Jan. 6 defendants, the war in Ukraine, cryptocurrencies and other topics. (Photo by Andrew Harnik\/Getty Images)"},{"@type":"BreadcrumbList","@id":"https:\/\/jornalfatosenoticias.com.br\/index.php\/2025\/04\/02\/industria-brasileira-rejeita-reducao-de-taxa-sobre-eua-para-acalmar-trump\/#breadcrumb","itemListElement":[{"@type":"ListItem","position":1,"name":"In\u00edcio","item":"https:\/\/jornalfatosenoticias.com.br\/"},{"@type":"ListItem","position":2,"name":"Ind\u00fastria brasileira rejeita redu\u00e7\u00e3o de taxa sobre EUA para \u201cacalmar\u201d Trump"}]},{"@type":"WebSite","@id":"https:\/\/jornalfatosenoticias.com.br\/#website","url":"https:\/\/jornalfatosenoticias.com.br\/","name":"Jornal Fatos e Not\u00edcias","description":"Not\u00edcias em geral","publisher":{"@id":"https:\/\/jornalfatosenoticias.com.br\/#organization"},"potentialAction":[{"@type":"SearchAction","target":{"@type":"EntryPoint","urlTemplate":"https:\/\/jornalfatosenoticias.com.br\/?s={search_term_string}"},"query-input":{"@type":"PropertyValueSpecification","valueRequired":true,"valueName":"search_term_string"}}],"inLanguage":"pt-BR"},{"@type":"Organization","@id":"https:\/\/jornalfatosenoticias.com.br\/#organization","name":"Jornal Fatos e Not\u00edcias","url":"https:\/\/jornalfatosenoticias.com.br\/","logo":{"@type":"ImageObject","inLanguage":"pt-BR","@id":"https:\/\/jornalfatosenoticias.com.br\/#\/schema\/logo\/image\/","url":"https:\/\/jornalfatosenoticias.com.br\/wp-content\/uploads\/2020\/02\/logo120.png","contentUrl":"https:\/\/jornalfatosenoticias.com.br\/wp-content\/uploads\/2020\/02\/logo120.png","width":1227,"height":120,"caption":"Jornal Fatos e Not\u00edcias"},"image":{"@id":"https:\/\/jornalfatosenoticias.com.br\/#\/schema\/logo\/image\/"}},{"@type":"Person","@id":"https:\/\/jornalfatosenoticias.com.br\/#\/schema\/person\/d63837fa13ac8666eb9e74e0985d6f81","name":"Luzimara Fernandes","image":{"@type":"ImageObject","inLanguage":"pt-BR","@id":"https:\/\/jornalfatosenoticias.com.br\/#\/schema\/person\/image\/","url":"https:\/\/jornalfatosenoticias.com.br\/wp-content\/uploads\/2025\/05\/EU_portal.jpg","contentUrl":"https:\/\/jornalfatosenoticias.com.br\/wp-content\/uploads\/2025\/05\/EU_portal.jpg","caption":"Luzimara Fernandes"},"description":"Jornalista MTB 2358-ES","sameAs":["https:\/\/jornalfatosenoticias.com.br"],"url":"https:\/\/jornalfatosenoticias.com.br\/index.php\/author\/luzimara\/"}]}},"cc_featured_image_caption":{"caption_text":"(Foto: Getty Images) ","source_text":"","source_url":""},"jetpack_featured_media_url":"https:\/\/jornalfatosenoticias.com.br\/wp-content\/uploads\/2025\/01\/Trump_gettyimages.jpg","_links":{"self":[{"href":"https:\/\/jornalfatosenoticias.com.br\/index.php\/wp-json\/wp\/v2\/posts\/58199","targetHints":{"allow":["GET"]}}],"collection":[{"href":"https:\/\/jornalfatosenoticias.com.br\/index.php\/wp-json\/wp\/v2\/posts"}],"about":[{"href":"https:\/\/jornalfatosenoticias.com.br\/index.php\/wp-json\/wp\/v2\/types\/post"}],"author":[{"embeddable":true,"href":"https:\/\/jornalfatosenoticias.com.br\/index.php\/wp-json\/wp\/v2\/users\/2"}],"replies":[{"embeddable":true,"href":"https:\/\/jornalfatosenoticias.com.br\/index.php\/wp-json\/wp\/v2\/comments?post=58199"}],"version-history":[{"count":0,"href":"https:\/\/jornalfatosenoticias.com.br\/index.php\/wp-json\/wp\/v2\/posts\/58199\/revisions"}],"wp:featuredmedia":[{"embeddable":true,"href":"https:\/\/jornalfatosenoticias.com.br\/index.php\/wp-json\/wp\/v2\/media\/57199"}],"wp:attachment":[{"href":"https:\/\/jornalfatosenoticias.com.br\/index.php\/wp-json\/wp\/v2\/media?parent=58199"}],"wp:term":[{"taxonomy":"category","embeddable":true,"href":"https:\/\/jornalfatosenoticias.com.br\/index.php\/wp-json\/wp\/v2\/categories?post=58199"},{"taxonomy":"post_tag","embeddable":true,"href":"https:\/\/jornalfatosenoticias.com.br\/index.php\/wp-json\/wp\/v2\/tags?post=58199"}],"curies":[{"name":"wp","href":"https:\/\/api.w.org\/{rel}","templated":true}]}}