{"id":58209,"date":"2025-04-02T15:15:25","date_gmt":"2025-04-02T18:15:25","guid":{"rendered":"https:\/\/jornalfatosenoticias.com.br\/?p=58209"},"modified":"2025-04-02T15:15:26","modified_gmt":"2025-04-02T18:15:26","slug":"regime-de-putin-ordena-maior-convocacao-militar-em-mais-de-uma-decada","status":"publish","type":"post","link":"https:\/\/jornalfatosenoticias.com.br\/index.php\/2025\/04\/02\/regime-de-putin-ordena-maior-convocacao-militar-em-mais-de-uma-decada\/","title":{"rendered":"Regime de Putin ordena maior convoca\u00e7\u00e3o militar em mais de uma d\u00e9cada"},"content":{"rendered":"\n<p><em><span class=\"has-inline-color has-black-color\">O ditador Vladimir Putin rejeitou segunda proposta dos EUA de acordo para encerrar a guerra na Ucr\u00e2nia<\/span><\/em><\/p>\n\n\n\n<p><span class=\"has-inline-color has-black-color\">Por <strong><a href=\"https:\/\/www.gazetadopovo.com.br\/autor\/isabella-de-paula\/\" rel=\"sponsored nofollow\">Isabella de Paula<\/a><\/strong><\/span><\/p>\n\n\n\n<div class=\"wp-block-image\"><figure class=\"aligncenter size-large\"><a href=\"https:\/\/www.instagram.com\/rcradiadores\/\"><img loading=\"lazy\" decoding=\"async\" width=\"560\" height=\"60\" src=\"https:\/\/jornalfatosenoticias.com.br\/wp-content\/uploads\/2022\/10\/Propaganda-RC-Radiadores-Jornal_page-0001.jpg\" alt=\"\" class=\"wp-image-35270\" srcset=\"https:\/\/jornalfatosenoticias.com.br\/wp-content\/uploads\/2022\/10\/Propaganda-RC-Radiadores-Jornal_page-0001.jpg 560w, https:\/\/jornalfatosenoticias.com.br\/wp-content\/uploads\/2022\/10\/Propaganda-RC-Radiadores-Jornal_page-0001-300x32.jpg 300w\" sizes=\"auto, (max-width: 560px) 100vw, 560px\" \/><\/a><\/figure><\/div>\n\n\n\n<p>O ditador da R\u00fassia, Vladimir Putin, ordenou nesta semana a maior\u00a0convoca\u00e7\u00e3o\u00a0militar do pa\u00eds desde 2011. Ao todo, cerca de 160 mil homens com idade entre 18 e 30 anos ser\u00e3o obrigados a integrar o Ex\u00e9rcito nacional at\u00e9 julho. A ordem de Putin foi publicada no site do governo. Segundo o documento, \u201csoldados, marinheiros, sargentos e suboficiais cujo servi\u00e7o militar obrigat\u00f3rio tenha expirado\u201d ser\u00e3o dispensados.<br>No ano passado, o Kremlin j\u00e1 havia ampliado o limite de idade para recrutamento, passando de 27 para 30 anos. Segundo a imprensa russa, atualmente as for\u00e7as armadas possuem quase 2,4 milh\u00f5es de recrutados. Em 2011, cerca de 200 mil homens foram convocados pelo regime para integrar o Ex\u00e9rcito nacional.<\/p>\n\n\n\n<div class=\"wp-block-image\"><figure class=\"aligncenter size-large is-resized\"><a href=\"https:\/\/www.controlsystems.com.br\/\"><img loading=\"lazy\" decoding=\"async\" src=\"https:\/\/jornalfatosenoticias.com.br\/wp-content\/uploads\/2020\/02\/CONTROL-CS.jpg\" alt=\"\" class=\"wp-image-44991\" width=\"290\" height=\"347\" srcset=\"https:\/\/jornalfatosenoticias.com.br\/wp-content\/uploads\/2020\/02\/CONTROL-CS.jpg 834w, https:\/\/jornalfatosenoticias.com.br\/wp-content\/uploads\/2020\/02\/CONTROL-CS-250x300.jpg 250w, https:\/\/jornalfatosenoticias.com.br\/wp-content\/uploads\/2020\/02\/CONTROL-CS-768x921.jpg 768w\" sizes=\"auto, (max-width: 290px) 100vw, 290px\" \/><\/a><\/figure><\/div>\n\n\n\n<p>O novo documento surge em meio \u00e0s negocia\u00e7\u00f5es mediadas pelos EUA para encerrar a invas\u00e3o que j\u00e1 dura tr\u00eas anos na Ucr\u00e2nia. Desde o in\u00edcio do conflito, em 2022, milhares de russos fugiram do pa\u00eds\u00a0para evitar o recrutamento obrigat\u00f3rio. Uma alternativa para conseguir mais alistados foi a mobiliza\u00e7\u00e3o de homens estrangeiros que foram contratados como soldados com promessas de cidadania e altos sal\u00e1rios.<\/p>\n\n\n\n<div class=\"wp-block-image\"><figure class=\"aligncenter size-large is-resized\"><a href=\"https:\/\/www.legisjuris.com.br\/\"><img loading=\"lazy\" decoding=\"async\" src=\"https:\/\/jornalfatosenoticias.com.br\/wp-content\/uploads\/2024\/09\/Legis-Juris-Consultoria_logo.jpg\" alt=\"\" class=\"wp-image-53915\" width=\"496\" height=\"208\" srcset=\"https:\/\/jornalfatosenoticias.com.br\/wp-content\/uploads\/2024\/09\/Legis-Juris-Consultoria_logo.jpg 969w, https:\/\/jornalfatosenoticias.com.br\/wp-content\/uploads\/2024\/09\/Legis-Juris-Consultoria_logo-300x126.jpg 300w, https:\/\/jornalfatosenoticias.com.br\/wp-content\/uploads\/2024\/09\/Legis-Juris-Consultoria_logo-768x322.jpg 768w\" sizes=\"auto, (max-width: 496px) 100vw, 496px\" \/><\/a><\/figure><\/div>\n\n\n\n<p><strong>Fonte: <a href=\"https:\/\/www.gazetadopovo.com.br\/mundo\/regime-putin-faz-maior-convocacao-militar-mais-decada\/\">Gazeta do Povo<\/a><\/strong><\/p>\n","protected":false},"excerpt":{"rendered":"<p>O ditador Vladimir Putin rejeitou segunda proposta dos EUA de acordo para encerrar a guerra na Ucr\u00e2nia Por Isabella de Paula O ditador da R\u00fassia, Vladimir Putin, ordenou nesta semana a maior\u00a0convoca\u00e7\u00e3o\u00a0militar do pa\u00eds desde 2011. Ao todo, cerca de 160 mil homens com idade entre 18 e 30 anos ser\u00e3o obrigados a integrar o [&hellip;]<\/p>\n","protected":false},"author":2,"featured_media":58210,"comment_status":"open","ping_status":"open","sticky":false,"template":"","format":"standard","meta":{"footnotes":""},"categories":[41],"tags":[26532,4491,24310,991,1920],"class_list":["post-58209","post","type-post","status-publish","format-standard","has-post-thumbnail","hentry","category-internacional","tag-convocacao-militar","tag-guerra","tag-kremlin","tag-russia","tag-vladimir-putin"],"yoast_head":"<!-- This site is optimized with the Yoast SEO plugin v26.5 - https:\/\/yoast.com\/wordpress\/plugins\/seo\/ -->\n<title>Regime de Putin ordena maior convoca\u00e7\u00e3o militar em mais de uma d\u00e9cada - Jornal Fatos e Not\u00edcias<\/title>\n<meta name=\"robots\" content=\"index, follow, max-snippet:-1, max-image-preview:large, max-video-preview:-1\" \/>\n<link rel=\"canonical\" href=\"https:\/\/jornalfatosenoticias.com.br\/index.php\/2025\/04\/02\/regime-de-putin-ordena-maior-convocacao-militar-em-mais-de-uma-decada\/\" \/>\n<meta property=\"og:locale\" content=\"pt_BR\" \/>\n<meta property=\"og:type\" content=\"article\" \/>\n<meta property=\"og:title\" content=\"Regime de Putin ordena maior convoca\u00e7\u00e3o militar em mais de uma d\u00e9cada - Jornal Fatos e Not\u00edcias\" \/>\n<meta property=\"og:description\" content=\"O ditador Vladimir Putin rejeitou segunda proposta dos EUA de acordo para encerrar a guerra na Ucr\u00e2nia Por Isabella de Paula O ditador da R\u00fassia, Vladimir Putin, ordenou nesta semana a maior\u00a0convoca\u00e7\u00e3o\u00a0militar do pa\u00eds desde 2011. Ao todo, cerca de 160 mil homens com idade entre 18 e 30 anos ser\u00e3o obrigados a integrar o [&hellip;]\" \/>\n<meta property=\"og:url\" content=\"https:\/\/jornalfatosenoticias.com.br\/index.php\/2025\/04\/02\/regime-de-putin-ordena-maior-convocacao-militar-em-mais-de-uma-decada\/\" \/>\n<meta property=\"og:site_name\" content=\"Jornal Fatos e Not\u00edcias\" \/>\n<meta property=\"article:published_time\" content=\"2025-04-02T18:15:25+00:00\" \/>\n<meta property=\"article:modified_time\" content=\"2025-04-02T18:15:26+00:00\" \/>\n<meta property=\"og:image\" content=\"https:\/\/jornalfatosenoticias.com.br\/wp-content\/uploads\/2025\/04\/Kremlin-Putin_gettyimages.jpg\" \/>\n\t<meta property=\"og:image:width\" content=\"612\" \/>\n\t<meta property=\"og:image:height\" content=\"344\" \/>\n\t<meta property=\"og:image:type\" content=\"image\/jpeg\" \/>\n<meta name=\"author\" content=\"Luzimara Fernandes\" \/>\n<meta name=\"twitter:card\" content=\"summary_large_image\" \/>\n<meta name=\"twitter:label1\" content=\"Escrito por\" \/>\n\t<meta name=\"twitter:data1\" content=\"Luzimara Fernandes\" \/>\n\t<meta name=\"twitter:label2\" content=\"Est. tempo de leitura\" \/>\n\t<meta name=\"twitter:data2\" content=\"1 minuto\" \/>\n<script type=\"application\/ld+json\" class=\"yoast-schema-graph\">{\"@context\":\"https:\/\/schema.org\",\"@graph\":[{\"@type\":\"Article\",\"@id\":\"https:\/\/jornalfatosenoticias.com.br\/index.php\/2025\/04\/02\/regime-de-putin-ordena-maior-convocacao-militar-em-mais-de-uma-decada\/#article\",\"isPartOf\":{\"@id\":\"https:\/\/jornalfatosenoticias.com.br\/index.php\/2025\/04\/02\/regime-de-putin-ordena-maior-convocacao-militar-em-mais-de-uma-decada\/\"},\"author\":{\"name\":\"Luzimara Fernandes\",\"@id\":\"https:\/\/jornalfatosenoticias.com.br\/#\/schema\/person\/d63837fa13ac8666eb9e74e0985d6f81\"},\"headline\":\"Regime de Putin ordena maior convoca\u00e7\u00e3o militar em mais de uma d\u00e9cada\",\"datePublished\":\"2025-04-02T18:15:25+00:00\",\"dateModified\":\"2025-04-02T18:15:26+00:00\",\"mainEntityOfPage\":{\"@id\":\"https:\/\/jornalfatosenoticias.com.br\/index.php\/2025\/04\/02\/regime-de-putin-ordena-maior-convocacao-militar-em-mais-de-uma-decada\/\"},\"wordCount\":230,\"commentCount\":0,\"publisher\":{\"@id\":\"https:\/\/jornalfatosenoticias.com.br\/#organization\"},\"image\":{\"@id\":\"https:\/\/jornalfatosenoticias.com.br\/index.php\/2025\/04\/02\/regime-de-putin-ordena-maior-convocacao-militar-em-mais-de-uma-decada\/#primaryimage\"},\"thumbnailUrl\":\"https:\/\/jornalfatosenoticias.com.br\/wp-content\/uploads\/2025\/04\/Kremlin-Putin_gettyimages.jpg\",\"keywords\":[\"convoca\u00e7\u00e3o militar\",\"guerra\",\"Kremlin\",\"R\u00fassia\",\"Vladimir Putin\"],\"articleSection\":[\"Internacional\"],\"inLanguage\":\"pt-BR\",\"potentialAction\":[{\"@type\":\"CommentAction\",\"name\":\"Comment\",\"target\":[\"https:\/\/jornalfatosenoticias.com.br\/index.php\/2025\/04\/02\/regime-de-putin-ordena-maior-convocacao-militar-em-mais-de-uma-decada\/#respond\"]}]},{\"@type\":\"WebPage\",\"@id\":\"https:\/\/jornalfatosenoticias.com.br\/index.php\/2025\/04\/02\/regime-de-putin-ordena-maior-convocacao-militar-em-mais-de-uma-decada\/\",\"url\":\"https:\/\/jornalfatosenoticias.com.br\/index.php\/2025\/04\/02\/regime-de-putin-ordena-maior-convocacao-militar-em-mais-de-uma-decada\/\",\"name\":\"Regime de Putin ordena maior convoca\u00e7\u00e3o militar em mais de uma d\u00e9cada - Jornal Fatos e Not\u00edcias\",\"isPartOf\":{\"@id\":\"https:\/\/jornalfatosenoticias.com.br\/#website\"},\"primaryImageOfPage\":{\"@id\":\"https:\/\/jornalfatosenoticias.com.br\/index.php\/2025\/04\/02\/regime-de-putin-ordena-maior-convocacao-militar-em-mais-de-uma-decada\/#primaryimage\"},\"image\":{\"@id\":\"https:\/\/jornalfatosenoticias.com.br\/index.php\/2025\/04\/02\/regime-de-putin-ordena-maior-convocacao-militar-em-mais-de-uma-decada\/#primaryimage\"},\"thumbnailUrl\":\"https:\/\/jornalfatosenoticias.com.br\/wp-content\/uploads\/2025\/04\/Kremlin-Putin_gettyimages.jpg\",\"datePublished\":\"2025-04-02T18:15:25+00:00\",\"dateModified\":\"2025-04-02T18:15:26+00:00\",\"breadcrumb\":{\"@id\":\"https:\/\/jornalfatosenoticias.com.br\/index.php\/2025\/04\/02\/regime-de-putin-ordena-maior-convocacao-militar-em-mais-de-uma-decada\/#breadcrumb\"},\"inLanguage\":\"pt-BR\",\"potentialAction\":[{\"@type\":\"ReadAction\",\"target\":[\"https:\/\/jornalfatosenoticias.com.br\/index.php\/2025\/04\/02\/regime-de-putin-ordena-maior-convocacao-militar-em-mais-de-uma-decada\/\"]}]},{\"@type\":\"ImageObject\",\"inLanguage\":\"pt-BR\",\"@id\":\"https:\/\/jornalfatosenoticias.com.br\/index.php\/2025\/04\/02\/regime-de-putin-ordena-maior-convocacao-militar-em-mais-de-uma-decada\/#primaryimage\",\"url\":\"https:\/\/jornalfatosenoticias.com.br\/wp-content\/uploads\/2025\/04\/Kremlin-Putin_gettyimages.jpg\",\"contentUrl\":\"https:\/\/jornalfatosenoticias.com.br\/wp-content\/uploads\/2025\/04\/Kremlin-Putin_gettyimages.jpg\",\"width\":612,\"height\":344,\"caption\":\"KURSK, RUSSIA - MARCH 12: (----EDITORIAL USE ONLY - MANDATORY CREDIT - 'KREMLIN PRESS OFFICE \/ HANDOUT' - NO MARKETING NO ADVERTISING CAMPAIGNS - DISTRIBUTED AS A SERVICE TO CLIENTS----) A screen grab from a video shows Russian President Vladimir Putin, dressed in military uniform, visited a command post in Kursk, Russia on March 12, 2025. (Photo by Kremlin Press Office\/Anadolu via Getty Images)\"},{\"@type\":\"BreadcrumbList\",\"@id\":\"https:\/\/jornalfatosenoticias.com.br\/index.php\/2025\/04\/02\/regime-de-putin-ordena-maior-convocacao-militar-em-mais-de-uma-decada\/#breadcrumb\",\"itemListElement\":[{\"@type\":\"ListItem\",\"position\":1,\"name\":\"In\u00edcio\",\"item\":\"https:\/\/jornalfatosenoticias.com.br\/\"},{\"@type\":\"ListItem\",\"position\":2,\"name\":\"Regime de Putin ordena maior convoca\u00e7\u00e3o militar em mais de uma d\u00e9cada\"}]},{\"@type\":\"WebSite\",\"@id\":\"https:\/\/jornalfatosenoticias.com.br\/#website\",\"url\":\"https:\/\/jornalfatosenoticias.com.br\/\",\"name\":\"Jornal Fatos e Not\u00edcias\",\"description\":\"Not\u00edcias em geral\",\"publisher\":{\"@id\":\"https:\/\/jornalfatosenoticias.com.br\/#organization\"},\"potentialAction\":[{\"@type\":\"SearchAction\",\"target\":{\"@type\":\"EntryPoint\",\"urlTemplate\":\"https:\/\/jornalfatosenoticias.com.br\/?s={search_term_string}\"},\"query-input\":{\"@type\":\"PropertyValueSpecification\",\"valueRequired\":true,\"valueName\":\"search_term_string\"}}],\"inLanguage\":\"pt-BR\"},{\"@type\":\"Organization\",\"@id\":\"https:\/\/jornalfatosenoticias.com.br\/#organization\",\"name\":\"Jornal Fatos e Not\u00edcias\",\"url\":\"https:\/\/jornalfatosenoticias.com.br\/\",\"logo\":{\"@type\":\"ImageObject\",\"inLanguage\":\"pt-BR\",\"@id\":\"https:\/\/jornalfatosenoticias.com.br\/#\/schema\/logo\/image\/\",\"url\":\"https:\/\/jornalfatosenoticias.com.br\/wp-content\/uploads\/2020\/02\/logo120.png\",\"contentUrl\":\"https:\/\/jornalfatosenoticias.com.br\/wp-content\/uploads\/2020\/02\/logo120.png\",\"width\":1227,\"height\":120,\"caption\":\"Jornal Fatos e Not\u00edcias\"},\"image\":{\"@id\":\"https:\/\/jornalfatosenoticias.com.br\/#\/schema\/logo\/image\/\"}},{\"@type\":\"Person\",\"@id\":\"https:\/\/jornalfatosenoticias.com.br\/#\/schema\/person\/d63837fa13ac8666eb9e74e0985d6f81\",\"name\":\"Luzimara Fernandes\",\"image\":{\"@type\":\"ImageObject\",\"inLanguage\":\"pt-BR\",\"@id\":\"https:\/\/jornalfatosenoticias.com.br\/#\/schema\/person\/image\/\",\"url\":\"https:\/\/jornalfatosenoticias.com.br\/wp-content\/uploads\/2025\/05\/EU_portal.jpg\",\"contentUrl\":\"https:\/\/jornalfatosenoticias.com.br\/wp-content\/uploads\/2025\/05\/EU_portal.jpg\",\"caption\":\"Luzimara Fernandes\"},\"description\":\"Jornalista MTB 2358-ES\",\"sameAs\":[\"https:\/\/jornalfatosenoticias.com.br\"],\"url\":\"https:\/\/jornalfatosenoticias.com.br\/index.php\/author\/luzimara\/\"}]}<\/script>\n<!-- \/ Yoast SEO plugin. -->","yoast_head_json":{"title":"Regime de Putin ordena maior convoca\u00e7\u00e3o militar em mais de uma d\u00e9cada - Jornal Fatos e Not\u00edcias","robots":{"index":"index","follow":"follow","max-snippet":"max-snippet:-1","max-image-preview":"max-image-preview:large","max-video-preview":"max-video-preview:-1"},"canonical":"https:\/\/jornalfatosenoticias.com.br\/index.php\/2025\/04\/02\/regime-de-putin-ordena-maior-convocacao-militar-em-mais-de-uma-decada\/","og_locale":"pt_BR","og_type":"article","og_title":"Regime de Putin ordena maior convoca\u00e7\u00e3o militar em mais de uma d\u00e9cada - Jornal Fatos e Not\u00edcias","og_description":"O ditador Vladimir Putin rejeitou segunda proposta dos EUA de acordo para encerrar a guerra na Ucr\u00e2nia Por Isabella de Paula O ditador da R\u00fassia, Vladimir Putin, ordenou nesta semana a maior\u00a0convoca\u00e7\u00e3o\u00a0militar do pa\u00eds desde 2011. Ao todo, cerca de 160 mil homens com idade entre 18 e 30 anos ser\u00e3o obrigados a integrar o [&hellip;]","og_url":"https:\/\/jornalfatosenoticias.com.br\/index.php\/2025\/04\/02\/regime-de-putin-ordena-maior-convocacao-militar-em-mais-de-uma-decada\/","og_site_name":"Jornal Fatos e Not\u00edcias","article_published_time":"2025-04-02T18:15:25+00:00","article_modified_time":"2025-04-02T18:15:26+00:00","og_image":[{"width":612,"height":344,"url":"https:\/\/jornalfatosenoticias.com.br\/wp-content\/uploads\/2025\/04\/Kremlin-Putin_gettyimages.jpg","type":"image\/jpeg"}],"author":"Luzimara Fernandes","twitter_card":"summary_large_image","twitter_misc":{"Escrito por":"Luzimara Fernandes","Est. tempo de leitura":"1 minuto"},"schema":{"@context":"https:\/\/schema.org","@graph":[{"@type":"Article","@id":"https:\/\/jornalfatosenoticias.com.br\/index.php\/2025\/04\/02\/regime-de-putin-ordena-maior-convocacao-militar-em-mais-de-uma-decada\/#article","isPartOf":{"@id":"https:\/\/jornalfatosenoticias.com.br\/index.php\/2025\/04\/02\/regime-de-putin-ordena-maior-convocacao-militar-em-mais-de-uma-decada\/"},"author":{"name":"Luzimara Fernandes","@id":"https:\/\/jornalfatosenoticias.com.br\/#\/schema\/person\/d63837fa13ac8666eb9e74e0985d6f81"},"headline":"Regime de Putin ordena maior convoca\u00e7\u00e3o militar em mais de uma d\u00e9cada","datePublished":"2025-04-02T18:15:25+00:00","dateModified":"2025-04-02T18:15:26+00:00","mainEntityOfPage":{"@id":"https:\/\/jornalfatosenoticias.com.br\/index.php\/2025\/04\/02\/regime-de-putin-ordena-maior-convocacao-militar-em-mais-de-uma-decada\/"},"wordCount":230,"commentCount":0,"publisher":{"@id":"https:\/\/jornalfatosenoticias.com.br\/#organization"},"image":{"@id":"https:\/\/jornalfatosenoticias.com.br\/index.php\/2025\/04\/02\/regime-de-putin-ordena-maior-convocacao-militar-em-mais-de-uma-decada\/#primaryimage"},"thumbnailUrl":"https:\/\/jornalfatosenoticias.com.br\/wp-content\/uploads\/2025\/04\/Kremlin-Putin_gettyimages.jpg","keywords":["convoca\u00e7\u00e3o militar","guerra","Kremlin","R\u00fassia","Vladimir Putin"],"articleSection":["Internacional"],"inLanguage":"pt-BR","potentialAction":[{"@type":"CommentAction","name":"Comment","target":["https:\/\/jornalfatosenoticias.com.br\/index.php\/2025\/04\/02\/regime-de-putin-ordena-maior-convocacao-militar-em-mais-de-uma-decada\/#respond"]}]},{"@type":"WebPage","@id":"https:\/\/jornalfatosenoticias.com.br\/index.php\/2025\/04\/02\/regime-de-putin-ordena-maior-convocacao-militar-em-mais-de-uma-decada\/","url":"https:\/\/jornalfatosenoticias.com.br\/index.php\/2025\/04\/02\/regime-de-putin-ordena-maior-convocacao-militar-em-mais-de-uma-decada\/","name":"Regime de Putin ordena maior convoca\u00e7\u00e3o militar em mais de uma d\u00e9cada - Jornal Fatos e Not\u00edcias","isPartOf":{"@id":"https:\/\/jornalfatosenoticias.com.br\/#website"},"primaryImageOfPage":{"@id":"https:\/\/jornalfatosenoticias.com.br\/index.php\/2025\/04\/02\/regime-de-putin-ordena-maior-convocacao-militar-em-mais-de-uma-decada\/#primaryimage"},"image":{"@id":"https:\/\/jornalfatosenoticias.com.br\/index.php\/2025\/04\/02\/regime-de-putin-ordena-maior-convocacao-militar-em-mais-de-uma-decada\/#primaryimage"},"thumbnailUrl":"https:\/\/jornalfatosenoticias.com.br\/wp-content\/uploads\/2025\/04\/Kremlin-Putin_gettyimages.jpg","datePublished":"2025-04-02T18:15:25+00:00","dateModified":"2025-04-02T18:15:26+00:00","breadcrumb":{"@id":"https:\/\/jornalfatosenoticias.com.br\/index.php\/2025\/04\/02\/regime-de-putin-ordena-maior-convocacao-militar-em-mais-de-uma-decada\/#breadcrumb"},"inLanguage":"pt-BR","potentialAction":[{"@type":"ReadAction","target":["https:\/\/jornalfatosenoticias.com.br\/index.php\/2025\/04\/02\/regime-de-putin-ordena-maior-convocacao-militar-em-mais-de-uma-decada\/"]}]},{"@type":"ImageObject","inLanguage":"pt-BR","@id":"https:\/\/jornalfatosenoticias.com.br\/index.php\/2025\/04\/02\/regime-de-putin-ordena-maior-convocacao-militar-em-mais-de-uma-decada\/#primaryimage","url":"https:\/\/jornalfatosenoticias.com.br\/wp-content\/uploads\/2025\/04\/Kremlin-Putin_gettyimages.jpg","contentUrl":"https:\/\/jornalfatosenoticias.com.br\/wp-content\/uploads\/2025\/04\/Kremlin-Putin_gettyimages.jpg","width":612,"height":344,"caption":"KURSK, RUSSIA - MARCH 12: (----EDITORIAL USE ONLY - MANDATORY CREDIT - 'KREMLIN PRESS OFFICE \/ HANDOUT' - NO MARKETING NO ADVERTISING CAMPAIGNS - DISTRIBUTED AS A SERVICE TO CLIENTS----) A screen grab from a video shows Russian President Vladimir Putin, dressed in military uniform, visited a command post in Kursk, Russia on March 12, 2025. (Photo by Kremlin Press Office\/Anadolu via Getty Images)"},{"@type":"BreadcrumbList","@id":"https:\/\/jornalfatosenoticias.com.br\/index.php\/2025\/04\/02\/regime-de-putin-ordena-maior-convocacao-militar-em-mais-de-uma-decada\/#breadcrumb","itemListElement":[{"@type":"ListItem","position":1,"name":"In\u00edcio","item":"https:\/\/jornalfatosenoticias.com.br\/"},{"@type":"ListItem","position":2,"name":"Regime de Putin ordena maior convoca\u00e7\u00e3o militar em mais de uma d\u00e9cada"}]},{"@type":"WebSite","@id":"https:\/\/jornalfatosenoticias.com.br\/#website","url":"https:\/\/jornalfatosenoticias.com.br\/","name":"Jornal Fatos e Not\u00edcias","description":"Not\u00edcias em geral","publisher":{"@id":"https:\/\/jornalfatosenoticias.com.br\/#organization"},"potentialAction":[{"@type":"SearchAction","target":{"@type":"EntryPoint","urlTemplate":"https:\/\/jornalfatosenoticias.com.br\/?s={search_term_string}"},"query-input":{"@type":"PropertyValueSpecification","valueRequired":true,"valueName":"search_term_string"}}],"inLanguage":"pt-BR"},{"@type":"Organization","@id":"https:\/\/jornalfatosenoticias.com.br\/#organization","name":"Jornal Fatos e Not\u00edcias","url":"https:\/\/jornalfatosenoticias.com.br\/","logo":{"@type":"ImageObject","inLanguage":"pt-BR","@id":"https:\/\/jornalfatosenoticias.com.br\/#\/schema\/logo\/image\/","url":"https:\/\/jornalfatosenoticias.com.br\/wp-content\/uploads\/2020\/02\/logo120.png","contentUrl":"https:\/\/jornalfatosenoticias.com.br\/wp-content\/uploads\/2020\/02\/logo120.png","width":1227,"height":120,"caption":"Jornal Fatos e Not\u00edcias"},"image":{"@id":"https:\/\/jornalfatosenoticias.com.br\/#\/schema\/logo\/image\/"}},{"@type":"Person","@id":"https:\/\/jornalfatosenoticias.com.br\/#\/schema\/person\/d63837fa13ac8666eb9e74e0985d6f81","name":"Luzimara Fernandes","image":{"@type":"ImageObject","inLanguage":"pt-BR","@id":"https:\/\/jornalfatosenoticias.com.br\/#\/schema\/person\/image\/","url":"https:\/\/jornalfatosenoticias.com.br\/wp-content\/uploads\/2025\/05\/EU_portal.jpg","contentUrl":"https:\/\/jornalfatosenoticias.com.br\/wp-content\/uploads\/2025\/05\/EU_portal.jpg","caption":"Luzimara Fernandes"},"description":"Jornalista MTB 2358-ES","sameAs":["https:\/\/jornalfatosenoticias.com.br"],"url":"https:\/\/jornalfatosenoticias.com.br\/index.php\/author\/luzimara\/"}]}},"cc_featured_image_caption":{"caption_text":"(Foto: Getty Images)\r\n","source_text":"","source_url":""},"jetpack_featured_media_url":"https:\/\/jornalfatosenoticias.com.br\/wp-content\/uploads\/2025\/04\/Kremlin-Putin_gettyimages.jpg","_links":{"self":[{"href":"https:\/\/jornalfatosenoticias.com.br\/index.php\/wp-json\/wp\/v2\/posts\/58209","targetHints":{"allow":["GET"]}}],"collection":[{"href":"https:\/\/jornalfatosenoticias.com.br\/index.php\/wp-json\/wp\/v2\/posts"}],"about":[{"href":"https:\/\/jornalfatosenoticias.com.br\/index.php\/wp-json\/wp\/v2\/types\/post"}],"author":[{"embeddable":true,"href":"https:\/\/jornalfatosenoticias.com.br\/index.php\/wp-json\/wp\/v2\/users\/2"}],"replies":[{"embeddable":true,"href":"https:\/\/jornalfatosenoticias.com.br\/index.php\/wp-json\/wp\/v2\/comments?post=58209"}],"version-history":[{"count":0,"href":"https:\/\/jornalfatosenoticias.com.br\/index.php\/wp-json\/wp\/v2\/posts\/58209\/revisions"}],"wp:featuredmedia":[{"embeddable":true,"href":"https:\/\/jornalfatosenoticias.com.br\/index.php\/wp-json\/wp\/v2\/media\/58210"}],"wp:attachment":[{"href":"https:\/\/jornalfatosenoticias.com.br\/index.php\/wp-json\/wp\/v2\/media?parent=58209"}],"wp:term":[{"taxonomy":"category","embeddable":true,"href":"https:\/\/jornalfatosenoticias.com.br\/index.php\/wp-json\/wp\/v2\/categories?post=58209"},{"taxonomy":"post_tag","embeddable":true,"href":"https:\/\/jornalfatosenoticias.com.br\/index.php\/wp-json\/wp\/v2\/tags?post=58209"}],"curies":[{"name":"wp","href":"https:\/\/api.w.org\/{rel}","templated":true}]}}