{"id":5823,"date":"2020-06-23T14:39:14","date_gmt":"2020-06-23T17:39:14","guid":{"rendered":"https:\/\/jornalfatosenoticias.com.br\/?p=5823"},"modified":"2020-06-23T14:39:21","modified_gmt":"2020-06-23T17:39:21","slug":"sopas-e-caldos-para-espantar-o-frio-e-a-gripe","status":"publish","type":"post","link":"https:\/\/jornalfatosenoticias.com.br\/index.php\/2020\/06\/23\/sopas-e-caldos-para-espantar-o-frio-e-a-gripe\/","title":{"rendered":"Sopas e caldos para espantar o frio e a gripe"},"content":{"rendered":"\n<h6 class=\"wp-block-heading\"><em>Com temperaturas baixas as chances de uma gripe aumentam. Alimentos que fortalecem o sistema imunol\u00f3gico s\u00e3o \u00f3timos aliados nestes dias<\/em><\/h6>\n\n\n\n<p>\u00c9 na \u00e9poca mais fria do ano que muita gente fica resfriada ou pega uma gripe forte. Com as quedas nas temperaturas e os ambientes com pouca circula\u00e7\u00e3o de ar, a contamina\u00e7\u00e3o fica ainda mais comum. Sendo assim, para se proteger ou aliviar o mal-estar, a febre e os espirros causados pela queda da imunidade, \u00e9 bom combinar os rem\u00e9dios com sopas e caldinhos, que podem ser feitos em casa, at\u00e9 mesmo com sobras de refei\u00e7\u00f5es.<br>Al\u00e9m de protegerem o corpo, as sopas costumam trazer sensa\u00e7\u00e3o de bem-estar no preparo \u2013 quando quem cozinha entra em contato com o sabor, o cheiro e a textura dos ingredientes \u2013 e no consumo: servido na mesa, o prato pode incentivar uma reuni\u00e3o de fam\u00edlia ou simplesmente uma longa pausa para abastecer os nutrientes do corpo.<br>Abaixo, demos tr\u00eas receitas de alguns pratos que espantam o frio e combatem os sintomas da gripe e do resfriado:<\/p>\n\n\n\n<h5 class=\"wp-block-heading\">Sopa de alho com agri\u00e3o (rende seis por\u00e7\u00f5es) <\/h5>\n\n\n\n<figure class=\"wp-block-image size-large\"><img loading=\"lazy\" decoding=\"async\" width=\"1000\" height=\"662\" src=\"https:\/\/jornalfatosenoticias.com.br\/wp-content\/uploads\/2020\/06\/sopa-de-alho-com-agriao.jpg\" alt=\"\" class=\"wp-image-5826\" srcset=\"https:\/\/jornalfatosenoticias.com.br\/wp-content\/uploads\/2020\/06\/sopa-de-alho-com-agriao.jpg 1000w, https:\/\/jornalfatosenoticias.com.br\/wp-content\/uploads\/2020\/06\/sopa-de-alho-com-agriao-300x199.jpg 300w, https:\/\/jornalfatosenoticias.com.br\/wp-content\/uploads\/2020\/06\/sopa-de-alho-com-agriao-768x508.jpg 768w\" sizes=\"auto, (max-width: 1000px) 100vw, 1000px\" \/><figcaption><em>(Foto:\u00a0<a rel=\"noreferrer noopener\" href=\"https:\/\/www.flickr.com\/photos\/foodfootballandababy\/7018568833\" target=\"_blank\">Flickr\/Michele Pitters<\/a>)<\/em><\/figcaption><\/figure>\n\n\n\n<p><strong>Ingredientes<br><\/strong>6 x\u00edcaras de ch\u00e1 de \u00e1gua<br>6 fatias ou 150 g de p\u00e3o branco amanhecido e sem casca<br>2 colheres de sopa de azeite de oliva<br>6 dentes de alho cortados em l\u00e2minas<br>1 colher de sopa de p\u00e1prica defumada picante (ou p\u00e1prica comum)<br>1 colher de ch\u00e1 de sal a gosto<br>6 ovos (opcionais)<\/p>\n\n\n\n<p><strong>Para o agri\u00e3o:<br><\/strong>1 colher de sopa de azeite<br>2 dentes de alho bem socados<br>6 x\u00edcaras de ch\u00e1 de agri\u00e3o picado<br>Sal e pimenta-do-reino a gosto<\/p>\n\n\n\n<h5 class=\"wp-block-heading\">Modo de preparo<\/h5>\n\n\n\n<ol class=\"wp-block-list\"><li>Leve a \u00e1gua para aquecer. Enquanto isso, corte o p\u00e3o em cubinhos e reserve.<\/li><li>Numa panela, aque\u00e7a o azeite com as fatias de alho. Quando come\u00e7arem a dourar, junte o p\u00e3o e mexa bem.<\/li><li>Junte a p\u00e1prica e o sal, mexa e despeje a \u00e1gua quente. Misture e deixe ferver por cerca de cinco minutos (ou at\u00e9 o p\u00e3o se desmanchar). Se ficar grossa, adicione \u00e1gua quente.<\/li><li>Experimente a quantidade de sal.<\/li><li>Para o agri\u00e3o, aque\u00e7a o azeite com o alho socado. Quando dourar ligeiramente, junte o agri\u00e3o e refogue s\u00f3 at\u00e9 murchar. Junte sal e pimenta-do-reino a gosto.<\/li><li>Na hora de servir, se quiser, coloque um ovo cru em cada prato fundo, despeje por cima a sopa bem quente e espere cinco minutos. Se n\u00e3o, apenas arrume por cima da sopa uma pequena por\u00e7\u00e3o de agri\u00e3o refogado bem quente.<\/li><\/ol>\n\n\n\n<h5 class=\"wp-block-heading\">Sopa de mandioquinha (rende tr\u00eas por\u00e7\u00f5es) <\/h5>\n\n\n\n<figure class=\"wp-block-image size-large\"><img loading=\"lazy\" decoding=\"async\" width=\"1000\" height=\"665\" src=\"https:\/\/jornalfatosenoticias.com.br\/wp-content\/uploads\/2020\/06\/sopa-de-mandioquinha.jpg\" alt=\"\" class=\"wp-image-5825\" srcset=\"https:\/\/jornalfatosenoticias.com.br\/wp-content\/uploads\/2020\/06\/sopa-de-mandioquinha.jpg 1000w, https:\/\/jornalfatosenoticias.com.br\/wp-content\/uploads\/2020\/06\/sopa-de-mandioquinha-300x200.jpg 300w, https:\/\/jornalfatosenoticias.com.br\/wp-content\/uploads\/2020\/06\/sopa-de-mandioquinha-768x511.jpg 768w\" sizes=\"auto, (max-width: 1000px) 100vw, 1000px\" \/><figcaption><em>(Foto:\u00a0<a rel=\"noreferrer noopener\" href=\"https:\/\/www.facebook.com\/media\/set\/?set=a.111585215678340.1073741828.111037885733073&amp;type=3\" target=\"_blank\">Facebook\/Festival de Sopas da Ceagesp<\/a>)<\/em><\/figcaption><\/figure>\n\n\n\n<p><strong>Ingredientes<br><\/strong>1 colher (sopa) de margarina<br>1 cebola picada<br>1 dente de alho amassado<br>400 g de mandioquinha cortada em peda\u00e7os<br>5 x\u00edcaras (ch\u00e1) de caldo de galinha<br>Sal e pimenta-do-reino a gosto<br>Salsinha (para polvilhar)<\/p>\n\n\n\n<h5 class=\"wp-block-heading\">Modo de preparo<\/h5>\n\n\n\n<ol class=\"wp-block-list\"><li>Derreta a margarina e refogue a cebola at\u00e9 ficar transparente. Junte o alho e deixe-o dourar. Acrescente a mandioquinha e mexa por tr\u00eas minutos.<\/li><li>Adicione o caldo, o sal e a pimenta, e espere levantar fervura. Depois disso, abaixe o fogo, e cozinhe por 20 minutos aproximadamente ou at\u00e9 que a mandioquinha esteja macia.<\/li><li>Deixe a mistura ficar morna e transfira para um liquidificador. Bata at\u00e9 ficar homog\u00eaneo e devolva \u00e0 panela.<\/li><li>Aque\u00e7a novamente e polvilhe a salsinha. Sirva com cubinhos de p\u00e3o torrados no azeite.<\/li><\/ol>\n\n\n\n<h5 class=\"wp-block-heading\">Caldinho de feij\u00e3o incrementado (rende quatro por\u00e7\u00f5es) <\/h5>\n\n\n\n<figure class=\"wp-block-image size-large\"><img loading=\"lazy\" decoding=\"async\" width=\"1000\" height=\"665\" src=\"https:\/\/jornalfatosenoticias.com.br\/wp-content\/uploads\/2020\/06\/caldinho-de-feijao.jpg\" alt=\"\" class=\"wp-image-5824\" srcset=\"https:\/\/jornalfatosenoticias.com.br\/wp-content\/uploads\/2020\/06\/caldinho-de-feijao.jpg 1000w, https:\/\/jornalfatosenoticias.com.br\/wp-content\/uploads\/2020\/06\/caldinho-de-feijao-300x200.jpg 300w, https:\/\/jornalfatosenoticias.com.br\/wp-content\/uploads\/2020\/06\/caldinho-de-feijao-768x511.jpg 768w\" sizes=\"auto, (max-width: 1000px) 100vw, 1000px\" \/><figcaption><em>(Foto:\u00a0<a rel=\"noreferrer noopener\" href=\"https:\/\/www.flickr.com\/photos\/rrenomeron\/6513701597\" target=\"_blank\">Rich Renomeron\/Flickr<\/a>)<\/em><\/figcaption><\/figure>\n\n\n\n<p><strong>Ingredientes<\/strong><br>1 x\u00edcara de feij\u00e3o jalo ou preto<br>4 x\u00edcaras de ch\u00e1 de \u00e1gua<br>4 colheres de sopa de azeite<br>2 cebolas finamente picadas<br>3 dentes de alho amassados<br>Sal e pimenta-do-reino a gosto<br>Cebolinha picada a gosto<\/p>\n\n\n\n<h5 class=\"wp-block-heading\">Modo de preparo<\/h5>\n\n\n\n<ol class=\"wp-block-list\"><li>Na panela de press\u00e3o, coloque o feij\u00e3o e a \u00e1gua e deixe cozinhar por aproximadamente 25 minutos depois que come\u00e7ar a press\u00e3o ou at\u00e9 ficar macio. Coe e reserve o caldo.<\/li><li>Passe o feij\u00e3o no amassador de legumes ou rapidamente no processador.<\/li><li>Em uma panela, aque\u00e7a o azeite, refogue a cebola e o alho.<\/li><li>Acrescente o feij\u00e3o amassado e o caldo reservado.<\/li><li>Tempere com o sal e a pimenta-do-reino. Salpique a cebolinha picada e sirva em seguida.<\/li><\/ol>\n\n\n\n<p><strong><em>Fonte: <a href=\"https:\/\/ciclovivo.com.br\/vida-sustentavel\/alimentacao\/3-sopas-e-caldos-para-espantar-o-frio-e-a-gripe\/\">CicloVivo<\/a><\/em><\/strong><\/p>\n","protected":false},"excerpt":{"rendered":"<p>Com temperaturas baixas as chances de uma gripe aumentam. Alimentos que fortalecem o sistema imunol\u00f3gico s\u00e3o \u00f3timos aliados nestes dias \u00c9 na \u00e9poca mais fria do ano que muita gente fica resfriada ou pega uma gripe forte. Com as quedas nas temperaturas e os ambientes com pouca circula\u00e7\u00e3o de ar, a contamina\u00e7\u00e3o fica ainda mais [&hellip;]<\/p>\n","protected":false},"author":2,"featured_media":5827,"comment_status":"open","ping_status":"open","sticky":false,"template":"","format":"standard","meta":{"footnotes":""},"categories":[42],"tags":[385,3494,2877,1531,3453,2996,3493],"class_list":["post-5823","post","type-post","status-publish","format-standard","has-post-thumbnail","hentry","category-bem-estar","tag-bem-estar","tag-caldos","tag-frio","tag-imunidade","tag-inverno","tag-sabor","tag-sopas"],"yoast_head":"<!-- This site is optimized with the Yoast SEO plugin v26.5 - https:\/\/yoast.com\/wordpress\/plugins\/seo\/ -->\n<title>Sopas e caldos para espantar o frio e a gripe - Jornal Fatos e Not\u00edcias<\/title>\n<meta name=\"robots\" content=\"index, follow, max-snippet:-1, max-image-preview:large, max-video-preview:-1\" \/>\n<link rel=\"canonical\" href=\"https:\/\/jornalfatosenoticias.com.br\/index.php\/2020\/06\/23\/sopas-e-caldos-para-espantar-o-frio-e-a-gripe\/\" \/>\n<meta property=\"og:locale\" content=\"pt_BR\" \/>\n<meta property=\"og:type\" content=\"article\" \/>\n<meta property=\"og:title\" content=\"Sopas e caldos para espantar o frio e a gripe - Jornal Fatos e Not\u00edcias\" \/>\n<meta property=\"og:description\" content=\"Com temperaturas baixas as chances de uma gripe aumentam. Alimentos que fortalecem o sistema imunol\u00f3gico s\u00e3o \u00f3timos aliados nestes dias \u00c9 na \u00e9poca mais fria do ano que muita gente fica resfriada ou pega uma gripe forte. Com as quedas nas temperaturas e os ambientes com pouca circula\u00e7\u00e3o de ar, a contamina\u00e7\u00e3o fica ainda mais [&hellip;]\" \/>\n<meta property=\"og:url\" content=\"https:\/\/jornalfatosenoticias.com.br\/index.php\/2020\/06\/23\/sopas-e-caldos-para-espantar-o-frio-e-a-gripe\/\" \/>\n<meta property=\"og:site_name\" content=\"Jornal Fatos e Not\u00edcias\" \/>\n<meta property=\"article:published_time\" content=\"2020-06-23T17:39:14+00:00\" \/>\n<meta property=\"article:modified_time\" content=\"2020-06-23T17:39:21+00:00\" \/>\n<meta property=\"og:image\" content=\"https:\/\/jornalfatosenoticias.com.br\/wp-content\/uploads\/2020\/06\/iStock-sopas-e-caldos.jpg\" \/>\n\t<meta property=\"og:image:width\" content=\"1000\" \/>\n\t<meta property=\"og:image:height\" content=\"665\" \/>\n\t<meta property=\"og:image:type\" content=\"image\/jpeg\" \/>\n<meta name=\"author\" content=\"Luzimara Fernandes\" \/>\n<meta name=\"twitter:card\" content=\"summary_large_image\" \/>\n<meta name=\"twitter:label1\" content=\"Escrito por\" \/>\n\t<meta name=\"twitter:data1\" content=\"Luzimara Fernandes\" \/>\n\t<meta name=\"twitter:label2\" content=\"Est. tempo de leitura\" \/>\n\t<meta name=\"twitter:data2\" content=\"4 minutos\" \/>\n<script type=\"application\/ld+json\" class=\"yoast-schema-graph\">{\"@context\":\"https:\/\/schema.org\",\"@graph\":[{\"@type\":\"Article\",\"@id\":\"https:\/\/jornalfatosenoticias.com.br\/index.php\/2020\/06\/23\/sopas-e-caldos-para-espantar-o-frio-e-a-gripe\/#article\",\"isPartOf\":{\"@id\":\"https:\/\/jornalfatosenoticias.com.br\/index.php\/2020\/06\/23\/sopas-e-caldos-para-espantar-o-frio-e-a-gripe\/\"},\"author\":{\"name\":\"Luzimara Fernandes\",\"@id\":\"https:\/\/jornalfatosenoticias.com.br\/#\/schema\/person\/d63837fa13ac8666eb9e74e0985d6f81\"},\"headline\":\"Sopas e caldos para espantar o frio e a gripe\",\"datePublished\":\"2020-06-23T17:39:14+00:00\",\"dateModified\":\"2020-06-23T17:39:21+00:00\",\"mainEntityOfPage\":{\"@id\":\"https:\/\/jornalfatosenoticias.com.br\/index.php\/2020\/06\/23\/sopas-e-caldos-para-espantar-o-frio-e-a-gripe\/\"},\"wordCount\":710,\"commentCount\":0,\"publisher\":{\"@id\":\"https:\/\/jornalfatosenoticias.com.br\/#organization\"},\"image\":{\"@id\":\"https:\/\/jornalfatosenoticias.com.br\/index.php\/2020\/06\/23\/sopas-e-caldos-para-espantar-o-frio-e-a-gripe\/#primaryimage\"},\"thumbnailUrl\":\"https:\/\/jornalfatosenoticias.com.br\/wp-content\/uploads\/2020\/06\/iStock-sopas-e-caldos.jpg\",\"keywords\":[\"bem-estar\",\"caldos\",\"frio\",\"imunidade\",\"inverno\",\"sabor\",\"sopas\"],\"articleSection\":[\"Bem-estar\"],\"inLanguage\":\"pt-BR\",\"potentialAction\":[{\"@type\":\"CommentAction\",\"name\":\"Comment\",\"target\":[\"https:\/\/jornalfatosenoticias.com.br\/index.php\/2020\/06\/23\/sopas-e-caldos-para-espantar-o-frio-e-a-gripe\/#respond\"]}]},{\"@type\":\"WebPage\",\"@id\":\"https:\/\/jornalfatosenoticias.com.br\/index.php\/2020\/06\/23\/sopas-e-caldos-para-espantar-o-frio-e-a-gripe\/\",\"url\":\"https:\/\/jornalfatosenoticias.com.br\/index.php\/2020\/06\/23\/sopas-e-caldos-para-espantar-o-frio-e-a-gripe\/\",\"name\":\"Sopas e caldos para espantar o frio e a gripe - Jornal Fatos e Not\u00edcias\",\"isPartOf\":{\"@id\":\"https:\/\/jornalfatosenoticias.com.br\/#website\"},\"primaryImageOfPage\":{\"@id\":\"https:\/\/jornalfatosenoticias.com.br\/index.php\/2020\/06\/23\/sopas-e-caldos-para-espantar-o-frio-e-a-gripe\/#primaryimage\"},\"image\":{\"@id\":\"https:\/\/jornalfatosenoticias.com.br\/index.php\/2020\/06\/23\/sopas-e-caldos-para-espantar-o-frio-e-a-gripe\/#primaryimage\"},\"thumbnailUrl\":\"https:\/\/jornalfatosenoticias.com.br\/wp-content\/uploads\/2020\/06\/iStock-sopas-e-caldos.jpg\",\"datePublished\":\"2020-06-23T17:39:14+00:00\",\"dateModified\":\"2020-06-23T17:39:21+00:00\",\"breadcrumb\":{\"@id\":\"https:\/\/jornalfatosenoticias.com.br\/index.php\/2020\/06\/23\/sopas-e-caldos-para-espantar-o-frio-e-a-gripe\/#breadcrumb\"},\"inLanguage\":\"pt-BR\",\"potentialAction\":[{\"@type\":\"ReadAction\",\"target\":[\"https:\/\/jornalfatosenoticias.com.br\/index.php\/2020\/06\/23\/sopas-e-caldos-para-espantar-o-frio-e-a-gripe\/\"]}]},{\"@type\":\"ImageObject\",\"inLanguage\":\"pt-BR\",\"@id\":\"https:\/\/jornalfatosenoticias.com.br\/index.php\/2020\/06\/23\/sopas-e-caldos-para-espantar-o-frio-e-a-gripe\/#primaryimage\",\"url\":\"https:\/\/jornalfatosenoticias.com.br\/wp-content\/uploads\/2020\/06\/iStock-sopas-e-caldos.jpg\",\"contentUrl\":\"https:\/\/jornalfatosenoticias.com.br\/wp-content\/uploads\/2020\/06\/iStock-sopas-e-caldos.jpg\",\"width\":1000,\"height\":665},{\"@type\":\"BreadcrumbList\",\"@id\":\"https:\/\/jornalfatosenoticias.com.br\/index.php\/2020\/06\/23\/sopas-e-caldos-para-espantar-o-frio-e-a-gripe\/#breadcrumb\",\"itemListElement\":[{\"@type\":\"ListItem\",\"position\":1,\"name\":\"In\u00edcio\",\"item\":\"https:\/\/jornalfatosenoticias.com.br\/\"},{\"@type\":\"ListItem\",\"position\":2,\"name\":\"Sopas e caldos para espantar o frio e a gripe\"}]},{\"@type\":\"WebSite\",\"@id\":\"https:\/\/jornalfatosenoticias.com.br\/#website\",\"url\":\"https:\/\/jornalfatosenoticias.com.br\/\",\"name\":\"Jornal Fatos e Not\u00edcias\",\"description\":\"Not\u00edcias em geral\",\"publisher\":{\"@id\":\"https:\/\/jornalfatosenoticias.com.br\/#organization\"},\"potentialAction\":[{\"@type\":\"SearchAction\",\"target\":{\"@type\":\"EntryPoint\",\"urlTemplate\":\"https:\/\/jornalfatosenoticias.com.br\/?s={search_term_string}\"},\"query-input\":{\"@type\":\"PropertyValueSpecification\",\"valueRequired\":true,\"valueName\":\"search_term_string\"}}],\"inLanguage\":\"pt-BR\"},{\"@type\":\"Organization\",\"@id\":\"https:\/\/jornalfatosenoticias.com.br\/#organization\",\"name\":\"Jornal Fatos e Not\u00edcias\",\"url\":\"https:\/\/jornalfatosenoticias.com.br\/\",\"logo\":{\"@type\":\"ImageObject\",\"inLanguage\":\"pt-BR\",\"@id\":\"https:\/\/jornalfatosenoticias.com.br\/#\/schema\/logo\/image\/\",\"url\":\"https:\/\/jornalfatosenoticias.com.br\/wp-content\/uploads\/2020\/02\/logo120.png\",\"contentUrl\":\"https:\/\/jornalfatosenoticias.com.br\/wp-content\/uploads\/2020\/02\/logo120.png\",\"width\":1227,\"height\":120,\"caption\":\"Jornal Fatos e Not\u00edcias\"},\"image\":{\"@id\":\"https:\/\/jornalfatosenoticias.com.br\/#\/schema\/logo\/image\/\"}},{\"@type\":\"Person\",\"@id\":\"https:\/\/jornalfatosenoticias.com.br\/#\/schema\/person\/d63837fa13ac8666eb9e74e0985d6f81\",\"name\":\"Luzimara Fernandes\",\"image\":{\"@type\":\"ImageObject\",\"inLanguage\":\"pt-BR\",\"@id\":\"https:\/\/jornalfatosenoticias.com.br\/#\/schema\/person\/image\/\",\"url\":\"https:\/\/jornalfatosenoticias.com.br\/wp-content\/uploads\/2025\/05\/EU_portal.jpg\",\"contentUrl\":\"https:\/\/jornalfatosenoticias.com.br\/wp-content\/uploads\/2025\/05\/EU_portal.jpg\",\"caption\":\"Luzimara Fernandes\"},\"description\":\"Jornalista MTB 2358-ES\",\"sameAs\":[\"https:\/\/jornalfatosenoticias.com.br\"],\"url\":\"https:\/\/jornalfatosenoticias.com.br\/index.php\/author\/luzimara\/\"}]}<\/script>\n<!-- \/ Yoast SEO plugin. -->","yoast_head_json":{"title":"Sopas e caldos para espantar o frio e a gripe - Jornal Fatos e Not\u00edcias","robots":{"index":"index","follow":"follow","max-snippet":"max-snippet:-1","max-image-preview":"max-image-preview:large","max-video-preview":"max-video-preview:-1"},"canonical":"https:\/\/jornalfatosenoticias.com.br\/index.php\/2020\/06\/23\/sopas-e-caldos-para-espantar-o-frio-e-a-gripe\/","og_locale":"pt_BR","og_type":"article","og_title":"Sopas e caldos para espantar o frio e a gripe - Jornal Fatos e Not\u00edcias","og_description":"Com temperaturas baixas as chances de uma gripe aumentam. Alimentos que fortalecem o sistema imunol\u00f3gico s\u00e3o \u00f3timos aliados nestes dias \u00c9 na \u00e9poca mais fria do ano que muita gente fica resfriada ou pega uma gripe forte. Com as quedas nas temperaturas e os ambientes com pouca circula\u00e7\u00e3o de ar, a contamina\u00e7\u00e3o fica ainda mais [&hellip;]","og_url":"https:\/\/jornalfatosenoticias.com.br\/index.php\/2020\/06\/23\/sopas-e-caldos-para-espantar-o-frio-e-a-gripe\/","og_site_name":"Jornal Fatos e Not\u00edcias","article_published_time":"2020-06-23T17:39:14+00:00","article_modified_time":"2020-06-23T17:39:21+00:00","og_image":[{"width":1000,"height":665,"url":"https:\/\/jornalfatosenoticias.com.br\/wp-content\/uploads\/2020\/06\/iStock-sopas-e-caldos.jpg","type":"image\/jpeg"}],"author":"Luzimara Fernandes","twitter_card":"summary_large_image","twitter_misc":{"Escrito por":"Luzimara Fernandes","Est. tempo de leitura":"4 minutos"},"schema":{"@context":"https:\/\/schema.org","@graph":[{"@type":"Article","@id":"https:\/\/jornalfatosenoticias.com.br\/index.php\/2020\/06\/23\/sopas-e-caldos-para-espantar-o-frio-e-a-gripe\/#article","isPartOf":{"@id":"https:\/\/jornalfatosenoticias.com.br\/index.php\/2020\/06\/23\/sopas-e-caldos-para-espantar-o-frio-e-a-gripe\/"},"author":{"name":"Luzimara Fernandes","@id":"https:\/\/jornalfatosenoticias.com.br\/#\/schema\/person\/d63837fa13ac8666eb9e74e0985d6f81"},"headline":"Sopas e caldos para espantar o frio e a gripe","datePublished":"2020-06-23T17:39:14+00:00","dateModified":"2020-06-23T17:39:21+00:00","mainEntityOfPage":{"@id":"https:\/\/jornalfatosenoticias.com.br\/index.php\/2020\/06\/23\/sopas-e-caldos-para-espantar-o-frio-e-a-gripe\/"},"wordCount":710,"commentCount":0,"publisher":{"@id":"https:\/\/jornalfatosenoticias.com.br\/#organization"},"image":{"@id":"https:\/\/jornalfatosenoticias.com.br\/index.php\/2020\/06\/23\/sopas-e-caldos-para-espantar-o-frio-e-a-gripe\/#primaryimage"},"thumbnailUrl":"https:\/\/jornalfatosenoticias.com.br\/wp-content\/uploads\/2020\/06\/iStock-sopas-e-caldos.jpg","keywords":["bem-estar","caldos","frio","imunidade","inverno","sabor","sopas"],"articleSection":["Bem-estar"],"inLanguage":"pt-BR","potentialAction":[{"@type":"CommentAction","name":"Comment","target":["https:\/\/jornalfatosenoticias.com.br\/index.php\/2020\/06\/23\/sopas-e-caldos-para-espantar-o-frio-e-a-gripe\/#respond"]}]},{"@type":"WebPage","@id":"https:\/\/jornalfatosenoticias.com.br\/index.php\/2020\/06\/23\/sopas-e-caldos-para-espantar-o-frio-e-a-gripe\/","url":"https:\/\/jornalfatosenoticias.com.br\/index.php\/2020\/06\/23\/sopas-e-caldos-para-espantar-o-frio-e-a-gripe\/","name":"Sopas e caldos para espantar o frio e a gripe - Jornal Fatos e Not\u00edcias","isPartOf":{"@id":"https:\/\/jornalfatosenoticias.com.br\/#website"},"primaryImageOfPage":{"@id":"https:\/\/jornalfatosenoticias.com.br\/index.php\/2020\/06\/23\/sopas-e-caldos-para-espantar-o-frio-e-a-gripe\/#primaryimage"},"image":{"@id":"https:\/\/jornalfatosenoticias.com.br\/index.php\/2020\/06\/23\/sopas-e-caldos-para-espantar-o-frio-e-a-gripe\/#primaryimage"},"thumbnailUrl":"https:\/\/jornalfatosenoticias.com.br\/wp-content\/uploads\/2020\/06\/iStock-sopas-e-caldos.jpg","datePublished":"2020-06-23T17:39:14+00:00","dateModified":"2020-06-23T17:39:21+00:00","breadcrumb":{"@id":"https:\/\/jornalfatosenoticias.com.br\/index.php\/2020\/06\/23\/sopas-e-caldos-para-espantar-o-frio-e-a-gripe\/#breadcrumb"},"inLanguage":"pt-BR","potentialAction":[{"@type":"ReadAction","target":["https:\/\/jornalfatosenoticias.com.br\/index.php\/2020\/06\/23\/sopas-e-caldos-para-espantar-o-frio-e-a-gripe\/"]}]},{"@type":"ImageObject","inLanguage":"pt-BR","@id":"https:\/\/jornalfatosenoticias.com.br\/index.php\/2020\/06\/23\/sopas-e-caldos-para-espantar-o-frio-e-a-gripe\/#primaryimage","url":"https:\/\/jornalfatosenoticias.com.br\/wp-content\/uploads\/2020\/06\/iStock-sopas-e-caldos.jpg","contentUrl":"https:\/\/jornalfatosenoticias.com.br\/wp-content\/uploads\/2020\/06\/iStock-sopas-e-caldos.jpg","width":1000,"height":665},{"@type":"BreadcrumbList","@id":"https:\/\/jornalfatosenoticias.com.br\/index.php\/2020\/06\/23\/sopas-e-caldos-para-espantar-o-frio-e-a-gripe\/#breadcrumb","itemListElement":[{"@type":"ListItem","position":1,"name":"In\u00edcio","item":"https:\/\/jornalfatosenoticias.com.br\/"},{"@type":"ListItem","position":2,"name":"Sopas e caldos para espantar o frio e a gripe"}]},{"@type":"WebSite","@id":"https:\/\/jornalfatosenoticias.com.br\/#website","url":"https:\/\/jornalfatosenoticias.com.br\/","name":"Jornal Fatos e Not\u00edcias","description":"Not\u00edcias em geral","publisher":{"@id":"https:\/\/jornalfatosenoticias.com.br\/#organization"},"potentialAction":[{"@type":"SearchAction","target":{"@type":"EntryPoint","urlTemplate":"https:\/\/jornalfatosenoticias.com.br\/?s={search_term_string}"},"query-input":{"@type":"PropertyValueSpecification","valueRequired":true,"valueName":"search_term_string"}}],"inLanguage":"pt-BR"},{"@type":"Organization","@id":"https:\/\/jornalfatosenoticias.com.br\/#organization","name":"Jornal Fatos e Not\u00edcias","url":"https:\/\/jornalfatosenoticias.com.br\/","logo":{"@type":"ImageObject","inLanguage":"pt-BR","@id":"https:\/\/jornalfatosenoticias.com.br\/#\/schema\/logo\/image\/","url":"https:\/\/jornalfatosenoticias.com.br\/wp-content\/uploads\/2020\/02\/logo120.png","contentUrl":"https:\/\/jornalfatosenoticias.com.br\/wp-content\/uploads\/2020\/02\/logo120.png","width":1227,"height":120,"caption":"Jornal Fatos e Not\u00edcias"},"image":{"@id":"https:\/\/jornalfatosenoticias.com.br\/#\/schema\/logo\/image\/"}},{"@type":"Person","@id":"https:\/\/jornalfatosenoticias.com.br\/#\/schema\/person\/d63837fa13ac8666eb9e74e0985d6f81","name":"Luzimara Fernandes","image":{"@type":"ImageObject","inLanguage":"pt-BR","@id":"https:\/\/jornalfatosenoticias.com.br\/#\/schema\/person\/image\/","url":"https:\/\/jornalfatosenoticias.com.br\/wp-content\/uploads\/2025\/05\/EU_portal.jpg","contentUrl":"https:\/\/jornalfatosenoticias.com.br\/wp-content\/uploads\/2025\/05\/EU_portal.jpg","caption":"Luzimara Fernandes"},"description":"Jornalista MTB 2358-ES","sameAs":["https:\/\/jornalfatosenoticias.com.br"],"url":"https:\/\/jornalfatosenoticias.com.br\/index.php\/author\/luzimara\/"}]}},"cc_featured_image_caption":{"caption_text":"Sopas e caldos (Foto: iStock)","source_text":"","source_url":""},"jetpack_featured_media_url":"https:\/\/jornalfatosenoticias.com.br\/wp-content\/uploads\/2020\/06\/iStock-sopas-e-caldos.jpg","_links":{"self":[{"href":"https:\/\/jornalfatosenoticias.com.br\/index.php\/wp-json\/wp\/v2\/posts\/5823","targetHints":{"allow":["GET"]}}],"collection":[{"href":"https:\/\/jornalfatosenoticias.com.br\/index.php\/wp-json\/wp\/v2\/posts"}],"about":[{"href":"https:\/\/jornalfatosenoticias.com.br\/index.php\/wp-json\/wp\/v2\/types\/post"}],"author":[{"embeddable":true,"href":"https:\/\/jornalfatosenoticias.com.br\/index.php\/wp-json\/wp\/v2\/users\/2"}],"replies":[{"embeddable":true,"href":"https:\/\/jornalfatosenoticias.com.br\/index.php\/wp-json\/wp\/v2\/comments?post=5823"}],"version-history":[{"count":0,"href":"https:\/\/jornalfatosenoticias.com.br\/index.php\/wp-json\/wp\/v2\/posts\/5823\/revisions"}],"wp:featuredmedia":[{"embeddable":true,"href":"https:\/\/jornalfatosenoticias.com.br\/index.php\/wp-json\/wp\/v2\/media\/5827"}],"wp:attachment":[{"href":"https:\/\/jornalfatosenoticias.com.br\/index.php\/wp-json\/wp\/v2\/media?parent=5823"}],"wp:term":[{"taxonomy":"category","embeddable":true,"href":"https:\/\/jornalfatosenoticias.com.br\/index.php\/wp-json\/wp\/v2\/categories?post=5823"},{"taxonomy":"post_tag","embeddable":true,"href":"https:\/\/jornalfatosenoticias.com.br\/index.php\/wp-json\/wp\/v2\/tags?post=5823"}],"curies":[{"name":"wp","href":"https:\/\/api.w.org\/{rel}","templated":true}]}}