{"id":58230,"date":"2025-04-03T11:38:05","date_gmt":"2025-04-03T14:38:05","guid":{"rendered":"https:\/\/jornalfatosenoticias.com.br\/?p=58230"},"modified":"2025-04-03T11:38:06","modified_gmt":"2025-04-03T14:38:06","slug":"ao-menos-tres-cidades-tem-mais-pessoas-recebendo-valores-do-pe-de-meia-do-que-alunos-matriculados","status":"publish","type":"post","link":"https:\/\/jornalfatosenoticias.com.br\/index.php\/2025\/04\/03\/ao-menos-tres-cidades-tem-mais-pessoas-recebendo-valores-do-pe-de-meia-do-que-alunos-matriculados\/","title":{"rendered":"Ao menos tr\u00eas cidades t\u00eam mais pessoas recebendo valores do P\u00e9-de-Meia do que alunos matriculados"},"content":{"rendered":"\n<div class=\"wp-block-image\"><figure class=\"aligncenter size-large\"><a href=\"https:\/\/mizu.com.br\/\"><img loading=\"lazy\" decoding=\"async\" width=\"729\" height=\"90\" src=\"https:\/\/jornalfatosenoticias.com.br\/wp-content\/uploads\/2020\/02\/Logo_Mizu.png\" alt=\"\" class=\"wp-image-1441\" srcset=\"https:\/\/jornalfatosenoticias.com.br\/wp-content\/uploads\/2020\/02\/Logo_Mizu.png 729w, https:\/\/jornalfatosenoticias.com.br\/wp-content\/uploads\/2020\/02\/Logo_Mizu-300x37.png 300w\" sizes=\"auto, (max-width: 729px) 100vw, 729px\" \/><\/a><\/figure><\/div>\n\n\n\n<p><span class=\"has-inline-color has-black-color\">Por<strong> Carinne Souza<\/strong><br><\/span>O programa P\u00e9-de-Meia, lan\u00e7ado pelo governo Luiz In\u00e1cio Lula da Silva (PT) no \u00faltimo ano para alunos de baixa renda que est\u00e3o matriculados no ensino m\u00e9dio da rede p\u00fablica, j\u00e1 encontra percal\u00e7os. Conforme revelou o Estad\u00e3o, na segunda-feira (31), h\u00e1 munic\u00edpios que t\u00eam mais pessoas como benefici\u00e1rias do programa do que alunos matriculados.<br>De acordo com levantamento, em ao menos tr\u00eas cidades localizadas na Bahia, Par\u00e1 e Minas Gerais, ficou comprovada a diferen\u00e7a entre benefici\u00e1rios e matriculados. Al\u00e9m disso, ficou constatado que o benef\u00edcio foi pago para 90% dos alunos do ensino m\u00e9dio em ao menos 15 cidades de cinco estados brasileiros. Em meio \u00e0s incongru\u00eancias, tamb\u00e9m foram realizados pagamentos para benefici\u00e1rios que n\u00e3o se encaixam nos crit\u00e9rios de renda m\u00ednima do programa.<\/p>\n\n\n\n<div class=\"wp-block-image\"><figure class=\"aligncenter size-large\"><a href=\"http:\/\/www.ferrarimaquinas.com.br\/\"><img loading=\"lazy\" decoding=\"async\" width=\"300\" height=\"250\" src=\"https:\/\/jornalfatosenoticias.com.br\/wp-content\/uploads\/2022\/02\/FERRARI_MAQUINAS-E-FERRAMENTAS2.jpg\" alt=\"\" class=\"wp-image-27860\"\/><\/a><\/figure><\/div>\n\n\n\n<p>O P\u00e9-de-Meia \u00e9 um dos programas de repasse de renda que se tornou uma das apostas de Lula. A iniciativa tem a inten\u00e7\u00e3o de reduzir a evas\u00e3o escolar atrav\u00e9s de repasses financeiros mensais para alunos que comprovarem a matr\u00edcula e a frequ\u00eancia na rede p\u00fablica de ensino m\u00e9dio. Em cidades ao redor do pa\u00eds, contudo, foram encontradas incongru\u00eancias nos repasses. Ainda ao Estad\u00e3o, o MEC informou &#8220;que a responsabilidade pelas informa\u00e7\u00f5es prestadas \u00e9 das secretarias estaduais de Educa\u00e7\u00e3o&#8221; e que trabalha com os estados para corrigir eventuais problemas relacionados ao programa. <strong>(Fonte: Gazeta do Povo)<\/strong><\/p>\n\n\n\n<div class=\"wp-block-image\"><figure class=\"aligncenter size-large is-resized\"><a href=\"https:\/\/www.legisjuris.com.br\/\"><img loading=\"lazy\" decoding=\"async\" src=\"https:\/\/jornalfatosenoticias.com.br\/wp-content\/uploads\/2024\/09\/Legis-Juris-Consultoria_logo.jpg\" alt=\"\" class=\"wp-image-53915\" width=\"501\" height=\"210\" srcset=\"https:\/\/jornalfatosenoticias.com.br\/wp-content\/uploads\/2024\/09\/Legis-Juris-Consultoria_logo.jpg 969w, https:\/\/jornalfatosenoticias.com.br\/wp-content\/uploads\/2024\/09\/Legis-Juris-Consultoria_logo-300x126.jpg 300w, https:\/\/jornalfatosenoticias.com.br\/wp-content\/uploads\/2024\/09\/Legis-Juris-Consultoria_logo-768x322.jpg 768w\" sizes=\"auto, (max-width: 501px) 100vw, 501px\" \/><\/a><\/figure><\/div>\n\n\n\n<hr class=\"wp-block-separator\"\/>\n\n\n\n<h3 class=\"wp-block-heading\"><span class=\"has-inline-color has-black-color\">Paraguai convoca embaixador do Brasil para explicar suposto ataque hacker da Abin<\/span><\/h3>\n\n\n\n<div class=\"wp-block-image\"><figure class=\"aligncenter size-large\"><img loading=\"lazy\" decoding=\"async\" width=\"888\" height=\"582\" src=\"https:\/\/jornalfatosenoticias.com.br\/wp-content\/uploads\/2025\/04\/lula-e-santiago-paraguai.jpeg\" alt=\"\" class=\"wp-image-58234\" srcset=\"https:\/\/jornalfatosenoticias.com.br\/wp-content\/uploads\/2025\/04\/lula-e-santiago-paraguai.jpeg 888w, https:\/\/jornalfatosenoticias.com.br\/wp-content\/uploads\/2025\/04\/lula-e-santiago-paraguai-300x197.jpeg 300w, https:\/\/jornalfatosenoticias.com.br\/wp-content\/uploads\/2025\/04\/lula-e-santiago-paraguai-768x503.jpeg 768w\" sizes=\"auto, (max-width: 888px) 100vw, 888px\" \/><figcaption><em><span class=\"has-inline-color has-black-color\">(Foto: Reprodu\u00e7\u00e3o internet)<\/span><\/em><\/figcaption><\/figure><\/div>\n\n\n\n<p>O governo do Paraguai convocou, nesta ter\u00e7a-feira (1.\u00ba), o embaixador do Brasil em Assun\u00e7\u00e3o, Jos\u00e9 Ant\u00f4nio Marcondes, para prestar esclarecimentos formais sobre a opera\u00e7\u00e3o hacker da Ag\u00eancia Brasileira de Intelig\u00eancia (Abin), que teria invadido sistemas do governo paraguaio com o objetivo de obter informa\u00e7\u00f5es sobre as negocia\u00e7\u00f5es envolvendo a Usina de Itaipu.<\/p>\n\n\n\n<div class=\"wp-block-image\"><figure class=\"aligncenter size-large is-resized\"><a href=\"https:\/\/www.facebook.com\/postobkr\/?locale=pt_BR\"><img loading=\"lazy\" decoding=\"async\" src=\"https:\/\/jornalfatosenoticias.com.br\/wp-content\/uploads\/2023\/08\/BKR-1024x1021.jpg\" alt=\"\" class=\"wp-image-44494\" width=\"317\" height=\"316\" srcset=\"https:\/\/jornalfatosenoticias.com.br\/wp-content\/uploads\/2023\/08\/BKR-1024x1021.jpg 1024w, https:\/\/jornalfatosenoticias.com.br\/wp-content\/uploads\/2023\/08\/BKR-300x300.jpg 300w, https:\/\/jornalfatosenoticias.com.br\/wp-content\/uploads\/2023\/08\/BKR-150x150.jpg 150w, https:\/\/jornalfatosenoticias.com.br\/wp-content\/uploads\/2023\/08\/BKR-768x766.jpg 768w, https:\/\/jornalfatosenoticias.com.br\/wp-content\/uploads\/2023\/08\/BKR.jpg 1080w\" sizes=\"auto, (max-width: 317px) 100vw, 317px\" \/><\/a><\/figure><\/div>\n\n\n\n<p>O chanceler paraguaio Rub\u00e9n Ram\u00edrez Lezcano anunciou a convoca\u00e7\u00e3o em coletiva de imprensa e afirmou que ser\u00e1 entregue ao diplomata uma nota oficial solicitando detalhes sobre a a\u00e7\u00e3o de intelig\u00eancia. \u201cConvocamos o embaixador do Brasil no Paraguai para que ele ofere\u00e7a explica\u00e7\u00f5es detalhadas sobre a a\u00e7\u00e3o de intelig\u00eancia conduzida pelo Brasil\u201d, declarou o ministro.<\/p>\n\n\n\n<div class=\"wp-block-image\"><figure class=\"aligncenter size-large is-resized\"><a href=\"https:\/\/hotelmarquetti.com.br\/\"><img loading=\"lazy\" decoding=\"async\" src=\"https:\/\/jornalfatosenoticias.com.br\/wp-content\/uploads\/2023\/03\/nova-logo-Marquetti.jpg\" alt=\"\" class=\"wp-image-40207\" width=\"296\" height=\"199\" srcset=\"https:\/\/jornalfatosenoticias.com.br\/wp-content\/uploads\/2023\/03\/nova-logo-Marquetti.jpg 643w, https:\/\/jornalfatosenoticias.com.br\/wp-content\/uploads\/2023\/03\/nova-logo-Marquetti-300x202.jpg 300w\" sizes=\"auto, (max-width: 296px) 100vw, 296px\" \/><\/a><\/figure><\/div>\n\n\n\n<p>Al\u00e9m da convoca\u00e7\u00e3o de Marcondes, o embaixador paraguaio no Brasil, Juan \u00c1ngel Delgadillo, tamb\u00e9m foi chamado a consultas em Assun\u00e7\u00e3o. Como resposta imediata ao caso, o governo paraguaio suspendeu as negocia\u00e7\u00f5es sobre o Anexo C do Tratado de Itaipu, que define as bases para a comercializa\u00e7\u00e3o da energia gerada pela usina binacional.<\/p>\n\n\n\n<div class=\"wp-block-image\"><figure class=\"aligncenter size-large\"><a href=\"https:\/\/www.cesconetto.com.br\/\"><img loading=\"lazy\" decoding=\"async\" width=\"300\" height=\"250\" src=\"https:\/\/jornalfatosenoticias.com.br\/wp-content\/uploads\/2022\/02\/Banner-2.png\" alt=\"\" class=\"wp-image-27877\"\/><\/a><\/figure><\/div>\n\n\n\n<p>A den\u00fancia foi revelada pelo portal UOL, com base em investiga\u00e7\u00f5es da Pol\u00edcia Federal, e aponta que a opera\u00e7\u00e3o da Abin foi planejada ainda no governo Jair Bolsonaro (PL), mas teria sido executada em 2023, j\u00e1 sob o comando da gest\u00e3o de Luiz In\u00e1cio Lula da Silva (PT). Segundo o depoimento de um agente da pr\u00f3pria Abin \u00e0 PF, a a\u00e7\u00e3o foi autorizada por integrantes da atual diretoria da ag\u00eancia.<\/p>\n\n\n\n<div class=\"wp-block-image\"><figure class=\"aligncenter size-large is-resized\"><a href=\"https:\/\/www.instagram.com\/restaurantepegoretti\/\"><img loading=\"lazy\" decoding=\"async\" src=\"https:\/\/jornalfatosenoticias.com.br\/wp-content\/uploads\/2023\/12\/pegoretti-logo-pdf-1024x389.jpg\" alt=\"\" class=\"wp-image-47536\" width=\"509\" height=\"193\" srcset=\"https:\/\/jornalfatosenoticias.com.br\/wp-content\/uploads\/2023\/12\/pegoretti-logo-pdf-1024x389.jpg 1024w, https:\/\/jornalfatosenoticias.com.br\/wp-content\/uploads\/2023\/12\/pegoretti-logo-pdf-300x114.jpg 300w, https:\/\/jornalfatosenoticias.com.br\/wp-content\/uploads\/2023\/12\/pegoretti-logo-pdf-768x291.jpg 768w, https:\/\/jornalfatosenoticias.com.br\/wp-content\/uploads\/2023\/12\/pegoretti-logo-pdf.jpg 1120w\" sizes=\"auto, (max-width: 509px) 100vw, 509px\" \/><\/a><\/figure><\/div>\n\n\n\n<p>O governo brasileiro, por meio do Minist\u00e9rio das Rela\u00e7\u00f5es Exteriores, afirmou na segunda-feira (31) que a opera\u00e7\u00e3o foi iniciada na gest\u00e3o anterior e posteriormente desativada, em mar\u00e7o de 2023, pela administra\u00e7\u00e3o de Lula. At\u00e9 o momento, o Itamaraty n\u00e3o se pronunciou oficialmente sobre a convoca\u00e7\u00e3o do embaixador Marcondes. <strong>(Fonte: Hora Bras\u00edlia)<\/strong><\/p>\n\n\n\n<div class=\"wp-block-image\"><figure class=\"aligncenter size-large is-resized\"><a href=\"https:\/\/www.facebook.com\/profile.php?id=100069289606145\"><img loading=\"lazy\" decoding=\"async\" src=\"https:\/\/jornalfatosenoticias.com.br\/wp-content\/uploads\/2024\/11\/Guaitolini-Contabilidade-1024x714.jpeg\" alt=\"\" class=\"wp-image-55808\" width=\"303\" height=\"211\" srcset=\"https:\/\/jornalfatosenoticias.com.br\/wp-content\/uploads\/2024\/11\/Guaitolini-Contabilidade-1024x714.jpeg 1024w, https:\/\/jornalfatosenoticias.com.br\/wp-content\/uploads\/2024\/11\/Guaitolini-Contabilidade-300x209.jpeg 300w, https:\/\/jornalfatosenoticias.com.br\/wp-content\/uploads\/2024\/11\/Guaitolini-Contabilidade-768x535.jpeg 768w, https:\/\/jornalfatosenoticias.com.br\/wp-content\/uploads\/2024\/11\/Guaitolini-Contabilidade.jpeg 1280w\" sizes=\"auto, (max-width: 303px) 100vw, 303px\" \/><\/a><\/figure><\/div>\n\n\n\n<hr class=\"wp-block-separator\"\/>\n\n\n\n<h3 class=\"wp-block-heading\"><span class=\"has-inline-color has-black-color\">Ex-procurador de Dirceu aconselhou coronel da PM no 8\/1 e prometeu cargo no governo Lula, diz Estad\u00e3o<\/span><\/h3>\n\n\n\n<div class=\"wp-block-image\"><figure class=\"aligncenter size-large\"><img loading=\"lazy\" decoding=\"async\" width=\"550\" height=\"300\" src=\"https:\/\/jornalfatosenoticias.com.br\/wp-content\/uploads\/2025\/04\/Coronel-Jorge-Eduardo-Naime.jpg\" alt=\"\" class=\"wp-image-58233\" srcset=\"https:\/\/jornalfatosenoticias.com.br\/wp-content\/uploads\/2025\/04\/Coronel-Jorge-Eduardo-Naime.jpg 550w, https:\/\/jornalfatosenoticias.com.br\/wp-content\/uploads\/2025\/04\/Coronel-Jorge-Eduardo-Naime-300x164.jpg 300w\" sizes=\"auto, (max-width: 550px) 100vw, 550px\" \/><figcaption><em><span class=\"has-inline-color has-black-color\">(Foto: Waldemir Barreto\/Ag\u00eancia Senado)<\/span><\/em><\/figcaption><\/figure><\/div>\n\n\n\n<p>O empres\u00e1rio Fernando Nascimento Silva Neto, dirigente do PT de Bras\u00edlia e ex-procurador de Jos\u00e9 Dirceu, orientou e acompanhou em tempo real o coronel Jorge Eduardo Naime durante os ataques de 8 de janeiro de 2023 em Bras\u00edlia. As mensagens trocadas entre os dois, reveladas em relat\u00f3rio da Pol\u00edcia Federal, mostram que Neto chegou a ditar o que o militar deveria dizer ao ent\u00e3o interventor federal na seguran\u00e7a p\u00fablica, Ricardo Cappelli, e prometeu um cargo no governo de Luiz In\u00e1cio Lula da Silva (PT). A informa\u00e7\u00e3o foi divulgada pelo Estad\u00e3o.<\/p>\n\n\n\n<div class=\"wp-block-image\"><figure class=\"aligncenter size-large is-resized\"><a href=\"https:\/\/www.controlsystems.com.br\/\"><img loading=\"lazy\" decoding=\"async\" src=\"https:\/\/jornalfatosenoticias.com.br\/wp-content\/uploads\/2020\/02\/CONTROL-CS.jpg\" alt=\"\" class=\"wp-image-44991\" width=\"293\" height=\"351\" srcset=\"https:\/\/jornalfatosenoticias.com.br\/wp-content\/uploads\/2020\/02\/CONTROL-CS.jpg 834w, https:\/\/jornalfatosenoticias.com.br\/wp-content\/uploads\/2020\/02\/CONTROL-CS-250x300.jpg 250w, https:\/\/jornalfatosenoticias.com.br\/wp-content\/uploads\/2020\/02\/CONTROL-CS-768x921.jpg 768w\" sizes=\"auto, (max-width: 293px) 100vw, 293px\" \/><\/a><\/figure><\/div>\n\n\n\n<p>Naime, \u00e0 \u00e9poca chefe do Departamento de Opera\u00e7\u00f5es da Pol\u00edcia Militar do Distrito Federal, estava de f\u00e9rias, mas foi convencido por Fernando Neto a retornar e assumir as a\u00e7\u00f5es na Esplanada dos Minist\u00e9rios. Pouco ap\u00f3s o in\u00edcio das invas\u00f5es, o coronel buscou orienta\u00e7\u00e3o do empres\u00e1rio, salvo em seu celular como \u201cFernando Neto PT\u201d. Neto, ent\u00e3o, ditou a mensagem que Naime deveria enviar ao interventor: <em>\u201cse coloca \u00e0 disposi\u00e7\u00e3o dele e fala que voc\u00ea est\u00e1 integralmente \u00e0 disposi\u00e7\u00e3o\u2026 tira do teu colo pelo amor de Deus\u201d, disse, em \u00e1udio.<\/em><\/p>\n\n\n\n<div class=\"wp-block-image\"><figure class=\"aligncenter size-large is-resized\"><a href=\"https:\/\/panper.com.br\/\"><img loading=\"lazy\" decoding=\"async\" src=\"https:\/\/jornalfatosenoticias.com.br\/wp-content\/uploads\/2023\/03\/logo-Panper_portal.jpg\" alt=\"\" class=\"wp-image-40208\" width=\"328\" height=\"227\" srcset=\"https:\/\/jornalfatosenoticias.com.br\/wp-content\/uploads\/2023\/03\/logo-Panper_portal.jpg 400w, https:\/\/jornalfatosenoticias.com.br\/wp-content\/uploads\/2023\/03\/logo-Panper_portal-300x208.jpg 300w\" sizes=\"auto, (max-width: 328px) 100vw, 328px\" \/><\/a><\/figure><\/div>\n\n\n\n<p>Al\u00e9m disso, Neto prometeu que, caso Naime n\u00e3o fosse nomeado ao comando da PMDF, \u201ciria mand\u00e1-lo para o governo federal\u201d. Quatro dias ap\u00f3s os ataques, o coronel refor\u00e7ou a Fernando que havia sido preterido. A resposta foi clara: \u201cse n\u00e3o voltar pro comando-geral com a Celina [Le\u00e3o], vou te mandar pro Gov (sic) Federal\u201d.<\/p>\n\n\n\n<div class=\"wp-block-image\"><figure class=\"aligncenter size-large is-resized\"><a href=\"https:\/\/www.facebook.com\/vetor.vix\/\"><img loading=\"lazy\" decoding=\"async\" src=\"https:\/\/jornalfatosenoticias.com.br\/wp-content\/uploads\/2023\/09\/vetorvix1024_1.jpg\" alt=\"\" class=\"wp-image-44868\" width=\"550\" height=\"146\" srcset=\"https:\/\/jornalfatosenoticias.com.br\/wp-content\/uploads\/2023\/09\/vetorvix1024_1.jpg 1024w, https:\/\/jornalfatosenoticias.com.br\/wp-content\/uploads\/2023\/09\/vetorvix1024_1-300x80.jpg 300w, https:\/\/jornalfatosenoticias.com.br\/wp-content\/uploads\/2023\/09\/vetorvix1024_1-768x205.jpg 768w\" sizes=\"auto, (max-width: 550px) 100vw, 550px\" \/><\/a><\/figure><\/div>\n\n\n\n<p>A PF considerou \u201cestranha\u201d a comunica\u00e7\u00e3o constante entre ambos durante um cen\u00e1rio descrito como \u201cquase de guerra\u201d. Em uma das mensagens, o coronel \u2014 que pouco antes fora ferido na opera\u00e7\u00e3o \u2014 relatou que j\u00e1 havia \u201climpado o Congresso, o Planalto e o STF\u201d. O empres\u00e1rio respondeu orientando a interceptar \u00f4nibus com manifestantes: \u201cpede pra segurar os \u00f4nibus\u2026 a AGU j\u00e1 pediu a pris\u00e3o deles aqui\u201d.<\/p>\n\n\n\n<div class=\"wp-block-image\"><figure class=\"aligncenter size-large is-resized\"><a href=\"https:\/\/www.instagram.com\/serra4x4cambioautomatico\/\"><img loading=\"lazy\" decoding=\"async\" src=\"https:\/\/jornalfatosenoticias.com.br\/wp-content\/uploads\/2024\/08\/Serra-4x4-1-886x1024.jpg\" alt=\"\" class=\"wp-image-53632\" width=\"284\" height=\"328\" srcset=\"https:\/\/jornalfatosenoticias.com.br\/wp-content\/uploads\/2024\/08\/Serra-4x4-1-886x1024.jpg 886w, https:\/\/jornalfatosenoticias.com.br\/wp-content\/uploads\/2024\/08\/Serra-4x4-1-260x300.jpg 260w, https:\/\/jornalfatosenoticias.com.br\/wp-content\/uploads\/2024\/08\/Serra-4x4-1-768x888.jpg 768w, https:\/\/jornalfatosenoticias.com.br\/wp-content\/uploads\/2024\/08\/Serra-4x4-1.jpg 1181w\" sizes=\"auto, (max-width: 284px) 100vw, 284px\" \/><\/a><\/figure><\/div>\n\n\n\n<p>Embora n\u00e3o investigado no caso, Fernando Neto foi inclu\u00eddo como testemunha de defesa do coronel Naime no processo no Supremo Tribunal Federal. Em seu depoimento, negou v\u00ednculo bolsonarista do militar e afirmou que tentava apenas ajudar \u201cde forma voluntariosa\u201d.<\/p>\n\n\n\n<div class=\"wp-block-image\"><figure class=\"aligncenter size-large is-resized\"><a href=\"https:\/\/www.instagram.com\/rcradiadores\/\"><img loading=\"lazy\" decoding=\"async\" src=\"https:\/\/jornalfatosenoticias.com.br\/wp-content\/uploads\/2022\/10\/RC_800x750_page-0001.jpg\" alt=\"\" class=\"wp-image-35338\" width=\"282\" height=\"265\" srcset=\"https:\/\/jornalfatosenoticias.com.br\/wp-content\/uploads\/2022\/10\/RC_800x750_page-0001.jpg 400w, https:\/\/jornalfatosenoticias.com.br\/wp-content\/uploads\/2022\/10\/RC_800x750_page-0001-300x281.jpg 300w\" sizes=\"auto, (max-width: 282px) 100vw, 282px\" \/><\/a><\/figure><\/div>\n\n\n\n<p>A defesa do coronel confirmou que Fernando Neto se apresentava como articulador pol\u00edtico e membro da equipe de transi\u00e7\u00e3o do governo Lula. \u201cNaime n\u00e3o tinha como verificar a veracidade dessa informa\u00e7\u00e3o, mas sempre se comprometeu a atender todas as demandas apresentadas\u201d, declarou.<\/p>\n\n\n\n<div class=\"wp-block-image\"><figure class=\"aligncenter size-large is-resized\"><a href=\"https:\/\/www.instagram.com\/esteiochurrascaria\/\"><img loading=\"lazy\" decoding=\"async\" src=\"https:\/\/jornalfatosenoticias.com.br\/wp-content\/uploads\/2022\/02\/LOGO-ESTEIO-1024x730.png\" alt=\"\" class=\"wp-image-27942\" width=\"341\" height=\"243\" srcset=\"https:\/\/jornalfatosenoticias.com.br\/wp-content\/uploads\/2022\/02\/LOGO-ESTEIO-1024x730.png 1024w, https:\/\/jornalfatosenoticias.com.br\/wp-content\/uploads\/2022\/02\/LOGO-ESTEIO-300x214.png 300w, https:\/\/jornalfatosenoticias.com.br\/wp-content\/uploads\/2022\/02\/LOGO-ESTEIO-768x548.png 768w, https:\/\/jornalfatosenoticias.com.br\/wp-content\/uploads\/2022\/02\/LOGO-ESTEIO.png 1123w\" sizes=\"auto, (max-width: 341px) 100vw, 341px\" \/><\/a><\/figure><\/div>\n\n\n\n<p>O Pal\u00e1cio do Planalto, por sua vez, afirmou que Fernando Neto \u201cn\u00e3o se encontrou com o presidente da Rep\u00fablica, com nenhum servidor do Gabinete da Presid\u00eancia, assim como da Secretaria de Comunica\u00e7\u00e3o Social\u201d. Procurado, o empres\u00e1rio n\u00e3o quis comentar.<\/p>\n\n\n\n<div class=\"wp-block-image\"><figure class=\"aligncenter size-large is-resized\"><a href=\"https:\/\/www.ithbrasil.com.br\/\"><img loading=\"lazy\" decoding=\"async\" src=\"https:\/\/jornalfatosenoticias.com.br\/wp-content\/uploads\/2023\/08\/ITH.jpeg\" alt=\"\" class=\"wp-image-44638\" width=\"312\" height=\"253\" srcset=\"https:\/\/jornalfatosenoticias.com.br\/wp-content\/uploads\/2023\/08\/ITH.jpeg 800w, https:\/\/jornalfatosenoticias.com.br\/wp-content\/uploads\/2023\/08\/ITH-300x244.jpeg 300w, https:\/\/jornalfatosenoticias.com.br\/wp-content\/uploads\/2023\/08\/ITH-768x624.jpeg 768w\" sizes=\"auto, (max-width: 312px) 100vw, 312px\" \/><\/a><\/figure><\/div>\n\n\n\n<p>Jos\u00e9 Dirceu tamb\u00e9m se manifestou, por meio de sua assessoria, reafirmando o rompimento com Fernando Neto ap\u00f3s saber que o empres\u00e1rio usava seu nome indevidamente. Atualmente, Fernando Neto \u00e9 alvo de investiga\u00e7\u00f5es por operar um banco com lastro falso de R$ 8,5 bilh\u00f5es e por tentar acesso a \u00f3rg\u00e3os do governo usando estrutura empresarial e influ\u00eancia pol\u00edtica. <strong>(Fonte: Hora Bras\u00edlia)<\/strong><\/p>\n\n\n\n<div class=\"wp-block-image\"><figure class=\"aligncenter size-large is-resized\"><a href=\"https:\/\/www.legisjuris.com.br\/\"><img loading=\"lazy\" decoding=\"async\" src=\"https:\/\/jornalfatosenoticias.com.br\/wp-content\/uploads\/2024\/09\/Legis-Juris-Consultoria_logo.jpg\" alt=\"\" class=\"wp-image-53915\" width=\"523\" height=\"219\" srcset=\"https:\/\/jornalfatosenoticias.com.br\/wp-content\/uploads\/2024\/09\/Legis-Juris-Consultoria_logo.jpg 969w, https:\/\/jornalfatosenoticias.com.br\/wp-content\/uploads\/2024\/09\/Legis-Juris-Consultoria_logo-300x126.jpg 300w, https:\/\/jornalfatosenoticias.com.br\/wp-content\/uploads\/2024\/09\/Legis-Juris-Consultoria_logo-768x322.jpg 768w\" sizes=\"auto, (max-width: 523px) 100vw, 523px\" \/><\/a><\/figure><\/div>\n\n\n\n<hr class=\"wp-block-separator\"\/>\n\n\n\n<h3 class=\"wp-block-heading\"><span class=\"has-inline-color has-black-color\">Pobreza na Argentina cai a 38,1% no fim de 2024 sob governo Milei, segundo Indec<\/span><\/h3>\n\n\n\n<div class=\"wp-block-image\"><figure class=\"aligncenter size-large\"><img loading=\"lazy\" decoding=\"async\" width=\"612\" height=\"408\" src=\"https:\/\/jornalfatosenoticias.com.br\/wp-content\/uploads\/2025\/04\/JAVIER-MILEI-POBREZA_gettyimages.jpg\" alt=\"\" class=\"wp-image-58232\" srcset=\"https:\/\/jornalfatosenoticias.com.br\/wp-content\/uploads\/2025\/04\/JAVIER-MILEI-POBREZA_gettyimages.jpg 612w, https:\/\/jornalfatosenoticias.com.br\/wp-content\/uploads\/2025\/04\/JAVIER-MILEI-POBREZA_gettyimages-300x200.jpg 300w\" sizes=\"auto, (max-width: 612px) 100vw, 612px\" \/><figcaption><span class=\"has-inline-color has-black-color\"><em>(Foto: Getty Images)<\/em><\/span><\/figcaption><\/figure><\/div>\n\n\n\n<p>A pobreza na Argentina recuou para 38,1% da popula\u00e7\u00e3o no segundo semestre de 2024, segundo dados divulgados na segunda-feira (31) pelo Instituto Nacional de Estat\u00edsticas e Censos (Indec). O \u00edndice representa uma queda de 14 pontos percentuais em rela\u00e7\u00e3o ao pico de 52,9% registrado no primeiro semestre do mesmo ano.<\/p>\n\n\n\n<div class=\"wp-block-image\"><figure class=\"aligncenter size-large\"><a href=\"http:\/\/www.ferrarimaquinas.com.br\/\"><img loading=\"lazy\" decoding=\"async\" width=\"300\" height=\"250\" src=\"https:\/\/jornalfatosenoticias.com.br\/wp-content\/uploads\/2022\/02\/FERRARI_MAQUINAS-E-FERRAMENTAS2.jpg\" alt=\"\" class=\"wp-image-27860\"\/><\/a><\/figure><\/div>\n\n\n\n<p>A Presid\u00eancia argentina atribuiu a melhora ao impacto direto das pol\u00edticas do presidente Javier Milei, incluindo o combate \u00e0 infla\u00e7\u00e3o, a estabiliza\u00e7\u00e3o macroecon\u00f4mica e o fim de restri\u00e7\u00f5es econ\u00f4micas herdadas de administra\u00e7\u00f5es anteriores. \u201cA atual administra\u00e7\u00e3o demonstra que o caminho da liberdade econ\u00f4mica e da responsabilidade fiscal \u00e9 o caminho para reduzir a pobreza a longo prazo\u201d, declarou o governo em nota oficial.<\/p>\n\n\n\n<div class=\"wp-block-image\"><figure class=\"aligncenter size-large is-resized\"><a href=\"https:\/\/hotelmarquetti.com.br\/\"><img loading=\"lazy\" decoding=\"async\" src=\"https:\/\/jornalfatosenoticias.com.br\/wp-content\/uploads\/2023\/03\/nova-logo-Marquetti.jpg\" alt=\"\" class=\"wp-image-40207\" width=\"306\" height=\"205\" srcset=\"https:\/\/jornalfatosenoticias.com.br\/wp-content\/uploads\/2023\/03\/nova-logo-Marquetti.jpg 643w, https:\/\/jornalfatosenoticias.com.br\/wp-content\/uploads\/2023\/03\/nova-logo-Marquetti-300x202.jpg 300w\" sizes=\"auto, (max-width: 306px) 100vw, 306px\" \/><\/a><\/figure><\/div>\n\n\n\n<p>A taxa de pobreza extrema \u2014 referente \u00e0 popula\u00e7\u00e3o que n\u00e3o consegue cobrir nem os custos da cesta b\u00e1sica \u2014 tamb\u00e9m apresentou forte queda: passou de 18,1% no in\u00edcio de 2024 para 8,2% no final do ano. Estima-se que 6,9 milh\u00f5es de argentinos sa\u00edram da condi\u00e7\u00e3o de pobreza no segundo semestre, dos quais 4,64 milh\u00f5es deixaram a linha da indig\u00eancia.<\/p>\n\n\n\n<div class=\"wp-block-image\"><figure class=\"aligncenter size-large is-resized\"><a href=\"https:\/\/www.controlsystems.com.br\/\"><img loading=\"lazy\" decoding=\"async\" src=\"https:\/\/jornalfatosenoticias.com.br\/wp-content\/uploads\/2020\/02\/CONTROL-CS.jpg\" alt=\"\" class=\"wp-image-44991\" width=\"280\" height=\"335\" srcset=\"https:\/\/jornalfatosenoticias.com.br\/wp-content\/uploads\/2020\/02\/CONTROL-CS.jpg 834w, https:\/\/jornalfatosenoticias.com.br\/wp-content\/uploads\/2020\/02\/CONTROL-CS-250x300.jpg 250w, https:\/\/jornalfatosenoticias.com.br\/wp-content\/uploads\/2020\/02\/CONTROL-CS-768x921.jpg 768w\" sizes=\"auto, (max-width: 280px) 100vw, 280px\" \/><\/a><\/figure><\/div>\n\n\n\n<p>Este \u00e9 o menor \u00edndice de pobreza registrado no pa\u00eds desde o primeiro semestre de 2022. A queda foi favorecida pelo controle da infla\u00e7\u00e3o \u2014 que atingiu os n\u00edveis mais baixos dos \u00faltimos tr\u00eas anos \u2014 pela recupera\u00e7\u00e3o dos sal\u00e1rios no setor privado e pela expans\u00e3o de programas sociais, como o Aux\u00edlio Universal por Filho (AUH) e o Cart\u00e3o-Alimenta\u00e7\u00e3o. Proje\u00e7\u00f5es independentes, como as da Universidade Torcuato Di Tella, estimam taxa semelhante, apontando para 36,8% de pobreza no segundo semestre, com tend\u00eancia de queda mais acentuada no \u00faltimo trimestre de 2024. <strong>(Fonte: Hora Bras\u00edlia)<\/strong><\/p>\n\n\n\n<div class=\"wp-block-image\"><figure class=\"aligncenter size-large is-resized\"><a href=\"https:\/\/www.facebook.com\/vetor.vix\/\"><img loading=\"lazy\" decoding=\"async\" src=\"https:\/\/jornalfatosenoticias.com.br\/wp-content\/uploads\/2023\/09\/vetorvix1024_1.jpg\" alt=\"\" class=\"wp-image-44868\" width=\"546\" height=\"145\" srcset=\"https:\/\/jornalfatosenoticias.com.br\/wp-content\/uploads\/2023\/09\/vetorvix1024_1.jpg 1024w, https:\/\/jornalfatosenoticias.com.br\/wp-content\/uploads\/2023\/09\/vetorvix1024_1-300x80.jpg 300w, https:\/\/jornalfatosenoticias.com.br\/wp-content\/uploads\/2023\/09\/vetorvix1024_1-768x205.jpg 768w\" sizes=\"auto, (max-width: 546px) 100vw, 546px\" \/><\/a><\/figure><\/div>\n\n\n\n<hr class=\"wp-block-separator\"\/>\n\n\n\n<h3 class=\"wp-block-heading\"><span class=\"has-inline-color has-black-color\">PGR segura h\u00e1 cinco meses inqu\u00e9rito contra ministro de Lula suspeito de corrup\u00e7\u00e3o<\/span><\/h3>\n\n\n\n<div class=\"wp-block-image\"><figure class=\"aligncenter size-large\"><img loading=\"lazy\" decoding=\"async\" width=\"612\" height=\"408\" src=\"https:\/\/jornalfatosenoticias.com.br\/wp-content\/uploads\/2025\/04\/PAULO-GONET_gettyimages.jpg\" alt=\"\" class=\"wp-image-58231\" srcset=\"https:\/\/jornalfatosenoticias.com.br\/wp-content\/uploads\/2025\/04\/PAULO-GONET_gettyimages.jpg 612w, https:\/\/jornalfatosenoticias.com.br\/wp-content\/uploads\/2025\/04\/PAULO-GONET_gettyimages-300x200.jpg 300w\" sizes=\"auto, (max-width: 612px) 100vw, 612px\" \/><figcaption><span class=\"has-inline-color has-black-color\"><em>(Foto: Getty Images)<\/em><\/span><\/figcaption><\/figure><\/div>\n\n\n\n<p>O procurador-geral da Rep\u00fablica, Paulo Gonet, mant\u00e9m parado h\u00e1 pelo menos cinco meses o inqu\u00e9rito que investiga o ministro das Comunica\u00e7\u00f5es do governo Lula, Juscelino Filho (Uni\u00e3o Brasil), por suspeitas de corrup\u00e7\u00e3o. Apesar do indiciamento da Pol\u00edcia Federal, ocorrido em 12 de junho de 2024, a Procuradoria-Geral da Rep\u00fablica (PGR) ainda n\u00e3o apresentou den\u00fancia ao Supremo Tribunal Federal (STF).<\/p>\n\n\n\n<div class=\"wp-block-image\"><figure class=\"aligncenter size-large is-resized\"><a href=\"https:\/\/www.facebook.com\/postobkr\/?locale=pt_BR\"><img loading=\"lazy\" decoding=\"async\" src=\"https:\/\/jornalfatosenoticias.com.br\/wp-content\/uploads\/2023\/08\/BKR-1024x1021.jpg\" alt=\"\" class=\"wp-image-44494\" width=\"282\" height=\"281\" srcset=\"https:\/\/jornalfatosenoticias.com.br\/wp-content\/uploads\/2023\/08\/BKR-1024x1021.jpg 1024w, https:\/\/jornalfatosenoticias.com.br\/wp-content\/uploads\/2023\/08\/BKR-300x300.jpg 300w, https:\/\/jornalfatosenoticias.com.br\/wp-content\/uploads\/2023\/08\/BKR-150x150.jpg 150w, https:\/\/jornalfatosenoticias.com.br\/wp-content\/uploads\/2023\/08\/BKR-768x766.jpg 768w, https:\/\/jornalfatosenoticias.com.br\/wp-content\/uploads\/2023\/08\/BKR.jpg 1080w\" sizes=\"auto, (max-width: 282px) 100vw, 282px\" \/><\/a><\/figure><\/div>\n\n\n\n<p>Juscelino foi indiciado por suspeita de organiza\u00e7\u00e3o criminosa, lavagem de dinheiro, corrup\u00e7\u00e3o passiva, falsidade ideol\u00f3gica e fraude em licita\u00e7\u00e3o de obras p\u00fablicas. A PGR alega ter recebido oficialmente os autos apenas em 15 de outubro, quatro meses ap\u00f3s o fim da investiga\u00e7\u00e3o, porque o STF solicitou novamente o material em 21 de junho.<\/p>\n\n\n\n<div class=\"wp-block-image\"><figure class=\"aligncenter size-large is-resized\"><a href=\"https:\/\/www.instagram.com\/restaurantepegoretti\/\"><img loading=\"lazy\" decoding=\"async\" src=\"https:\/\/jornalfatosenoticias.com.br\/wp-content\/uploads\/2023\/12\/pegoretti-logo-pdf-1024x389.jpg\" alt=\"\" class=\"wp-image-47536\" width=\"535\" height=\"203\" srcset=\"https:\/\/jornalfatosenoticias.com.br\/wp-content\/uploads\/2023\/12\/pegoretti-logo-pdf-1024x389.jpg 1024w, https:\/\/jornalfatosenoticias.com.br\/wp-content\/uploads\/2023\/12\/pegoretti-logo-pdf-300x114.jpg 300w, https:\/\/jornalfatosenoticias.com.br\/wp-content\/uploads\/2023\/12\/pegoretti-logo-pdf-768x291.jpg 768w, https:\/\/jornalfatosenoticias.com.br\/wp-content\/uploads\/2023\/12\/pegoretti-logo-pdf.jpg 1120w\" sizes=\"auto, (max-width: 535px) 100vw, 535px\" \/><\/a><\/figure><\/div>\n\n\n\n<p>A demora na an\u00e1lise do caso tem gerado cr\u00edticas, principalmente de lideran\u00e7as da oposi\u00e7\u00e3o, que comparam o ritmo do processo contra o ministro ao da den\u00fancia apresentada contra o ex-presidente Jair Bolsonaro e aliados, no \u00e2mbito do inqu\u00e9rito do golpe. Na ocasi\u00e3o, a PGR levou tr\u00eas meses para formalizar a acusa\u00e7\u00e3o, enquanto o caso de Juscelino j\u00e1 acumula cinco meses sem despacho. Paulo Gonet, segundo interlocutores, tem justificado que o caso do ministro n\u00e3o envolve investigados presos preventivamente, o que o tornaria menos urgente. <strong>(Fonte: Hora Bras\u00edlia)<\/strong><\/p>\n\n\n\n<div class=\"wp-block-image\"><figure class=\"aligncenter size-large\"><a href=\"https:\/\/www.cesconetto.com.br\/\"><img loading=\"lazy\" decoding=\"async\" width=\"300\" height=\"250\" src=\"https:\/\/jornalfatosenoticias.com.br\/wp-content\/uploads\/2020\/02\/Banner-2.png\" alt=\"\" class=\"wp-image-43787\"\/><\/a><\/figure><\/div>\n\n\n\n<hr class=\"wp-block-separator\"\/>\n\n\n\n<h3 class=\"wp-block-heading\"><span class=\"has-inline-color has-black-color\">Trump solicita pesquisa sobre pol\u00edtica brasileira e v\u00ea Bolsonaro \u00e0 frente de Lula<\/span><\/h3>\n\n\n\n<div class=\"wp-block-image\"><figure class=\"aligncenter size-large\"><img loading=\"lazy\" decoding=\"async\" width=\"612\" height=\"408\" src=\"https:\/\/jornalfatosenoticias.com.br\/wp-content\/uploads\/2024\/11\/trump-e-bolsonaro_gettyimages.jpg\" alt=\"\" class=\"wp-image-55550\" srcset=\"https:\/\/jornalfatosenoticias.com.br\/wp-content\/uploads\/2024\/11\/trump-e-bolsonaro_gettyimages.jpg 612w, https:\/\/jornalfatosenoticias.com.br\/wp-content\/uploads\/2024\/11\/trump-e-bolsonaro_gettyimages-300x200.jpg 300w\" sizes=\"auto, (max-width: 612px) 100vw, 612px\" \/><figcaption><em><span class=\"has-inline-color has-black-color\">(Foto: Getty Images)<\/span><\/em><\/figcaption><\/figure><\/div>\n\n\n\n<p><em><span class=\"has-inline-color has-black-color\">Levantamento circula na Casa Branca e avalia percep\u00e7\u00e3o de brasileiros sobre Lula, Bolsonaro, Moraes, Musk e Eduardo Bolsonaro<\/span><\/em><\/p>\n\n\n\n<p>Segundo o colunista Paulo Cappelli, do site Metr\u00f3poles, o presidente dos Estados Unidos, Donald Trump, solicitou uma pesquisa para avaliar o cen\u00e1rio pol\u00edtico do Brasil. O levantamento, feito por um pesquisador de sua confian\u00e7a que atuou em sua \u00faltima campanha eleitoral, tem circulado internamente na Casa Branca e busca medir a percep\u00e7\u00e3o dos brasileiros sobre temas e figuras p\u00fablicas centrais no debate pol\u00edtico nacional, como Lula, Jair Bolsonaro, Alexandre de Moraes, Elon Musk e Eduardo Bolsonaro.<\/p>\n\n\n\n<div class=\"wp-block-image\"><figure class=\"aligncenter size-large is-resized\"><a href=\"https:\/\/www.instagram.com\/serra4x4cambioautomatico\/\"><img loading=\"lazy\" decoding=\"async\" src=\"https:\/\/jornalfatosenoticias.com.br\/wp-content\/uploads\/2024\/08\/Serra-4x4-1-886x1024.jpg\" alt=\"\" class=\"wp-image-53632\" width=\"281\" height=\"325\" srcset=\"https:\/\/jornalfatosenoticias.com.br\/wp-content\/uploads\/2024\/08\/Serra-4x4-1-886x1024.jpg 886w, https:\/\/jornalfatosenoticias.com.br\/wp-content\/uploads\/2024\/08\/Serra-4x4-1-260x300.jpg 260w, https:\/\/jornalfatosenoticias.com.br\/wp-content\/uploads\/2024\/08\/Serra-4x4-1-768x888.jpg 768w, https:\/\/jornalfatosenoticias.com.br\/wp-content\/uploads\/2024\/08\/Serra-4x4-1.jpg 1181w\" sizes=\"auto, (max-width: 281px) 100vw, 281px\" \/><\/a><\/figure><\/div>\n\n\n\n<p>Famoso por se munir de dados antes de tomar decis\u00f5es estrat\u00e9gicas, Trump recebeu n\u00fameros que mostram vantagem de Bolsonaro sobre Lula em uma eventual disputa presidencial: 43% a 40%. Em um cen\u00e1rio alternativo, diante da inelegibilidade do ex-presidente, seu filho Eduardo Bolsonaro tamb\u00e9m venceria Lula por margem apertada (41% a 40%), indicando forte capacidade de transfer\u00eancia de votos no campo bolsonarista.<\/p>\n\n\n\n<div class=\"wp-block-image\"><figure class=\"aligncenter size-large is-resized\"><a href=\"https:\/\/www.instagram.com\/rcradiadores\/\"><img loading=\"lazy\" decoding=\"async\" src=\"https:\/\/jornalfatosenoticias.com.br\/wp-content\/uploads\/2022\/10\/RC_800x750_page-0001.jpg\" alt=\"\" class=\"wp-image-35338\" width=\"321\" height=\"301\" srcset=\"https:\/\/jornalfatosenoticias.com.br\/wp-content\/uploads\/2022\/10\/RC_800x750_page-0001.jpg 400w, https:\/\/jornalfatosenoticias.com.br\/wp-content\/uploads\/2022\/10\/RC_800x750_page-0001-300x281.jpg 300w\" sizes=\"auto, (max-width: 321px) 100vw, 321px\" \/><\/a><\/figure><\/div>\n\n\n\n<p>A sondagem tamb\u00e9m buscou entender a avalia\u00e7\u00e3o dos brasileiros sobre as acusa\u00e7\u00f5es que pesam contra Bolsonaro. Para 29% dos entrevistados, o ex-presidente violou a lei; 31% afirmam que ele n\u00e3o cometeu ilegalidades. Outros 22% n\u00e3o souberam responder, mas consideraram que uma eventual pris\u00e3o seria \u201cexagerada\u201d. J\u00e1 18% preferiram n\u00e3o opinar.<\/p>\n\n\n\n<div class=\"wp-block-image\"><figure class=\"aligncenter size-large is-resized\"><a href=\"https:\/\/panper.com.br\/\"><img loading=\"lazy\" decoding=\"async\" src=\"https:\/\/jornalfatosenoticias.com.br\/wp-content\/uploads\/2023\/03\/logo-Panper_portal.jpg\" alt=\"\" class=\"wp-image-40208\" width=\"326\" height=\"226\" srcset=\"https:\/\/jornalfatosenoticias.com.br\/wp-content\/uploads\/2023\/03\/logo-Panper_portal.jpg 400w, https:\/\/jornalfatosenoticias.com.br\/wp-content\/uploads\/2023\/03\/logo-Panper_portal-300x208.jpg 300w\" sizes=\"auto, (max-width: 326px) 100vw, 326px\" \/><\/a><\/figure><\/div>\n\n\n\n<p>No quesito rejei\u00e7\u00e3o, o ministro Alexandre de Moraes aparece com 47% de desaprova\u00e7\u00e3o, seguido por Elon Musk, rejeitado por 38% dos entrevistados. O levantamento aponta ainda um alto \u00edndice de pessimismo entre os brasileiros: 74% acreditam que o Brasil \u201cest\u00e1 na dire\u00e7\u00e3o errada\u201d. <strong>(Fonte: Hora Bras\u00edlia)<\/strong><\/p>\n\n\n\n<div class=\"wp-block-image\"><figure class=\"aligncenter size-large is-resized\"><a href=\"https:\/\/www.facebook.com\/profile.php?id=100069289606145\"><img loading=\"lazy\" decoding=\"async\" src=\"https:\/\/jornalfatosenoticias.com.br\/wp-content\/uploads\/2024\/11\/Guaitolini-Contabilidade-1024x714.jpeg\" alt=\"\" class=\"wp-image-55808\" width=\"313\" height=\"218\" srcset=\"https:\/\/jornalfatosenoticias.com.br\/wp-content\/uploads\/2024\/11\/Guaitolini-Contabilidade-1024x714.jpeg 1024w, https:\/\/jornalfatosenoticias.com.br\/wp-content\/uploads\/2024\/11\/Guaitolini-Contabilidade-300x209.jpeg 300w, https:\/\/jornalfatosenoticias.com.br\/wp-content\/uploads\/2024\/11\/Guaitolini-Contabilidade-768x535.jpeg 768w, https:\/\/jornalfatosenoticias.com.br\/wp-content\/uploads\/2024\/11\/Guaitolini-Contabilidade.jpeg 1280w\" sizes=\"auto, (max-width: 313px) 100vw, 313px\" \/><\/a><\/figure><\/div>\n\n\n\n<hr class=\"wp-block-separator\"\/>\n","protected":false},"excerpt":{"rendered":"<p>Por Carinne SouzaO programa P\u00e9-de-Meia, lan\u00e7ado pelo governo Luiz In\u00e1cio Lula da Silva (PT) no \u00faltimo ano para alunos de baixa renda que est\u00e3o matriculados no ensino m\u00e9dio da rede p\u00fablica, j\u00e1 encontra percal\u00e7os. Conforme revelou o Estad\u00e3o, na segunda-feira (31), h\u00e1 munic\u00edpios que t\u00eam mais pessoas como benefici\u00e1rias do programa do que alunos matriculados.De [&hellip;]<\/p>\n","protected":false},"author":3,"featured_media":58235,"comment_status":"open","ping_status":"open","sticky":false,"template":"","format":"standard","meta":{"footnotes":""},"categories":[10],"tags":[2141,5995,26545,2129,2147,18343,1795,18616,22345,26066,301,1202,13186],"class_list":["post-58230","post","type-post","status-publish","format-standard","has-post-thumbnail","hentry","category-politica","tag-abin","tag-argentina","tag-ataque-hacker-da-abin","tag-corrupcao","tag-donald-trump","tag-governo-lula","tag-jair-bolsonaro","tag-javier-milei","tag-paulo-gonet","tag-pe-de-meia","tag-pgr","tag-pobreza","tag-pt"],"yoast_head":"<!-- This site is optimized with the Yoast SEO plugin v26.5 - https:\/\/yoast.com\/wordpress\/plugins\/seo\/ -->\n<title>Ao menos tr\u00eas cidades t\u00eam mais pessoas recebendo valores do P\u00e9-de-Meia do que alunos matriculados - Jornal Fatos e Not\u00edcias<\/title>\n<meta name=\"robots\" content=\"index, follow, max-snippet:-1, max-image-preview:large, max-video-preview:-1\" \/>\n<link rel=\"canonical\" href=\"https:\/\/jornalfatosenoticias.com.br\/index.php\/2025\/04\/03\/ao-menos-tres-cidades-tem-mais-pessoas-recebendo-valores-do-pe-de-meia-do-que-alunos-matriculados\/\" \/>\n<meta property=\"og:locale\" content=\"pt_BR\" \/>\n<meta property=\"og:type\" content=\"article\" \/>\n<meta property=\"og:title\" content=\"Ao menos tr\u00eas cidades t\u00eam mais pessoas recebendo valores do P\u00e9-de-Meia do que alunos matriculados - Jornal Fatos e Not\u00edcias\" \/>\n<meta property=\"og:description\" content=\"Por Carinne SouzaO programa P\u00e9-de-Meia, lan\u00e7ado pelo governo Luiz In\u00e1cio Lula da Silva (PT) no \u00faltimo ano para alunos de baixa renda que est\u00e3o matriculados no ensino m\u00e9dio da rede p\u00fablica, j\u00e1 encontra percal\u00e7os. Conforme revelou o Estad\u00e3o, na segunda-feira (31), h\u00e1 munic\u00edpios que t\u00eam mais pessoas como benefici\u00e1rias do programa do que alunos matriculados.De [&hellip;]\" \/>\n<meta property=\"og:url\" content=\"https:\/\/jornalfatosenoticias.com.br\/index.php\/2025\/04\/03\/ao-menos-tres-cidades-tem-mais-pessoas-recebendo-valores-do-pe-de-meia-do-que-alunos-matriculados\/\" \/>\n<meta property=\"og:site_name\" content=\"Jornal Fatos e Not\u00edcias\" \/>\n<meta property=\"article:published_time\" content=\"2025-04-03T14:38:05+00:00\" \/>\n<meta property=\"article:modified_time\" content=\"2025-04-03T14:38:06+00:00\" \/>\n<meta property=\"og:image\" content=\"https:\/\/jornalfatosenoticias.com.br\/wp-content\/uploads\/2025\/04\/programa-Pe-de-Meia-foto-RicardoStuckert.jpg\" \/>\n\t<meta property=\"og:image:width\" content=\"1000\" \/>\n\t<meta property=\"og:image:height\" content=\"644\" \/>\n\t<meta property=\"og:image:type\" content=\"image\/jpeg\" \/>\n<meta name=\"author\" content=\"Haroldo Filho\" \/>\n<meta name=\"twitter:card\" content=\"summary_large_image\" \/>\n<meta name=\"twitter:label1\" content=\"Escrito por\" \/>\n\t<meta name=\"twitter:data1\" content=\"Haroldo Filho\" \/>\n\t<meta name=\"twitter:label2\" content=\"Est. tempo de leitura\" \/>\n\t<meta name=\"twitter:data2\" content=\"10 minutos\" \/>\n<script type=\"application\/ld+json\" class=\"yoast-schema-graph\">{\"@context\":\"https:\/\/schema.org\",\"@graph\":[{\"@type\":\"Article\",\"@id\":\"https:\/\/jornalfatosenoticias.com.br\/index.php\/2025\/04\/03\/ao-menos-tres-cidades-tem-mais-pessoas-recebendo-valores-do-pe-de-meia-do-que-alunos-matriculados\/#article\",\"isPartOf\":{\"@id\":\"https:\/\/jornalfatosenoticias.com.br\/index.php\/2025\/04\/03\/ao-menos-tres-cidades-tem-mais-pessoas-recebendo-valores-do-pe-de-meia-do-que-alunos-matriculados\/\"},\"author\":{\"name\":\"Haroldo Filho\",\"@id\":\"https:\/\/jornalfatosenoticias.com.br\/#\/schema\/person\/05c46cc25b42a5c27e004fb0fa6b4965\"},\"headline\":\"Ao menos tr\u00eas cidades t\u00eam mais pessoas recebendo valores do P\u00e9-de-Meia do que alunos matriculados\",\"datePublished\":\"2025-04-03T14:38:05+00:00\",\"dateModified\":\"2025-04-03T14:38:06+00:00\",\"mainEntityOfPage\":{\"@id\":\"https:\/\/jornalfatosenoticias.com.br\/index.php\/2025\/04\/03\/ao-menos-tres-cidades-tem-mais-pessoas-recebendo-valores-do-pe-de-meia-do-que-alunos-matriculados\/\"},\"wordCount\":1971,\"commentCount\":0,\"publisher\":{\"@id\":\"https:\/\/jornalfatosenoticias.com.br\/#organization\"},\"image\":{\"@id\":\"https:\/\/jornalfatosenoticias.com.br\/index.php\/2025\/04\/03\/ao-menos-tres-cidades-tem-mais-pessoas-recebendo-valores-do-pe-de-meia-do-que-alunos-matriculados\/#primaryimage\"},\"thumbnailUrl\":\"https:\/\/jornalfatosenoticias.com.br\/wp-content\/uploads\/2025\/04\/programa-Pe-de-Meia-foto-RicardoStuckert.jpg\",\"keywords\":[\"Abin\",\"Argentina\",\"ataque hacker da Abin\",\"corrup\u00e7\u00e3o\",\"Donald Trump\",\"governo Lula\",\"Jair Bolsonaro\",\"Javier Milei\",\"Paulo Gonet\",\"P\u00e9-de-Meia\",\"PGR\",\"pobreza\",\"PT\"],\"articleSection\":[\"Pol\u00edtica\"],\"inLanguage\":\"pt-BR\",\"potentialAction\":[{\"@type\":\"CommentAction\",\"name\":\"Comment\",\"target\":[\"https:\/\/jornalfatosenoticias.com.br\/index.php\/2025\/04\/03\/ao-menos-tres-cidades-tem-mais-pessoas-recebendo-valores-do-pe-de-meia-do-que-alunos-matriculados\/#respond\"]}]},{\"@type\":\"WebPage\",\"@id\":\"https:\/\/jornalfatosenoticias.com.br\/index.php\/2025\/04\/03\/ao-menos-tres-cidades-tem-mais-pessoas-recebendo-valores-do-pe-de-meia-do-que-alunos-matriculados\/\",\"url\":\"https:\/\/jornalfatosenoticias.com.br\/index.php\/2025\/04\/03\/ao-menos-tres-cidades-tem-mais-pessoas-recebendo-valores-do-pe-de-meia-do-que-alunos-matriculados\/\",\"name\":\"Ao menos tr\u00eas cidades t\u00eam mais pessoas recebendo valores do P\u00e9-de-Meia do que alunos matriculados - Jornal Fatos e Not\u00edcias\",\"isPartOf\":{\"@id\":\"https:\/\/jornalfatosenoticias.com.br\/#website\"},\"primaryImageOfPage\":{\"@id\":\"https:\/\/jornalfatosenoticias.com.br\/index.php\/2025\/04\/03\/ao-menos-tres-cidades-tem-mais-pessoas-recebendo-valores-do-pe-de-meia-do-que-alunos-matriculados\/#primaryimage\"},\"image\":{\"@id\":\"https:\/\/jornalfatosenoticias.com.br\/index.php\/2025\/04\/03\/ao-menos-tres-cidades-tem-mais-pessoas-recebendo-valores-do-pe-de-meia-do-que-alunos-matriculados\/#primaryimage\"},\"thumbnailUrl\":\"https:\/\/jornalfatosenoticias.com.br\/wp-content\/uploads\/2025\/04\/programa-Pe-de-Meia-foto-RicardoStuckert.jpg\",\"datePublished\":\"2025-04-03T14:38:05+00:00\",\"dateModified\":\"2025-04-03T14:38:06+00:00\",\"breadcrumb\":{\"@id\":\"https:\/\/jornalfatosenoticias.com.br\/index.php\/2025\/04\/03\/ao-menos-tres-cidades-tem-mais-pessoas-recebendo-valores-do-pe-de-meia-do-que-alunos-matriculados\/#breadcrumb\"},\"inLanguage\":\"pt-BR\",\"potentialAction\":[{\"@type\":\"ReadAction\",\"target\":[\"https:\/\/jornalfatosenoticias.com.br\/index.php\/2025\/04\/03\/ao-menos-tres-cidades-tem-mais-pessoas-recebendo-valores-do-pe-de-meia-do-que-alunos-matriculados\/\"]}]},{\"@type\":\"ImageObject\",\"inLanguage\":\"pt-BR\",\"@id\":\"https:\/\/jornalfatosenoticias.com.br\/index.php\/2025\/04\/03\/ao-menos-tres-cidades-tem-mais-pessoas-recebendo-valores-do-pe-de-meia-do-que-alunos-matriculados\/#primaryimage\",\"url\":\"https:\/\/jornalfatosenoticias.com.br\/wp-content\/uploads\/2025\/04\/programa-Pe-de-Meia-foto-RicardoStuckert.jpg\",\"contentUrl\":\"https:\/\/jornalfatosenoticias.com.br\/wp-content\/uploads\/2025\/04\/programa-Pe-de-Meia-foto-RicardoStuckert.jpg\",\"width\":1000,\"height\":644},{\"@type\":\"BreadcrumbList\",\"@id\":\"https:\/\/jornalfatosenoticias.com.br\/index.php\/2025\/04\/03\/ao-menos-tres-cidades-tem-mais-pessoas-recebendo-valores-do-pe-de-meia-do-que-alunos-matriculados\/#breadcrumb\",\"itemListElement\":[{\"@type\":\"ListItem\",\"position\":1,\"name\":\"In\u00edcio\",\"item\":\"https:\/\/jornalfatosenoticias.com.br\/\"},{\"@type\":\"ListItem\",\"position\":2,\"name\":\"Ao menos tr\u00eas cidades t\u00eam mais pessoas recebendo valores do P\u00e9-de-Meia do que alunos matriculados\"}]},{\"@type\":\"WebSite\",\"@id\":\"https:\/\/jornalfatosenoticias.com.br\/#website\",\"url\":\"https:\/\/jornalfatosenoticias.com.br\/\",\"name\":\"Jornal Fatos e Not\u00edcias\",\"description\":\"Not\u00edcias em geral\",\"publisher\":{\"@id\":\"https:\/\/jornalfatosenoticias.com.br\/#organization\"},\"potentialAction\":[{\"@type\":\"SearchAction\",\"target\":{\"@type\":\"EntryPoint\",\"urlTemplate\":\"https:\/\/jornalfatosenoticias.com.br\/?s={search_term_string}\"},\"query-input\":{\"@type\":\"PropertyValueSpecification\",\"valueRequired\":true,\"valueName\":\"search_term_string\"}}],\"inLanguage\":\"pt-BR\"},{\"@type\":\"Organization\",\"@id\":\"https:\/\/jornalfatosenoticias.com.br\/#organization\",\"name\":\"Jornal Fatos e Not\u00edcias\",\"url\":\"https:\/\/jornalfatosenoticias.com.br\/\",\"logo\":{\"@type\":\"ImageObject\",\"inLanguage\":\"pt-BR\",\"@id\":\"https:\/\/jornalfatosenoticias.com.br\/#\/schema\/logo\/image\/\",\"url\":\"https:\/\/jornalfatosenoticias.com.br\/wp-content\/uploads\/2020\/02\/logo120.png\",\"contentUrl\":\"https:\/\/jornalfatosenoticias.com.br\/wp-content\/uploads\/2020\/02\/logo120.png\",\"width\":1227,\"height\":120,\"caption\":\"Jornal Fatos e Not\u00edcias\"},\"image\":{\"@id\":\"https:\/\/jornalfatosenoticias.com.br\/#\/schema\/logo\/image\/\"}},{\"@type\":\"Person\",\"@id\":\"https:\/\/jornalfatosenoticias.com.br\/#\/schema\/person\/05c46cc25b42a5c27e004fb0fa6b4965\",\"name\":\"Haroldo Filho\",\"image\":{\"@type\":\"ImageObject\",\"inLanguage\":\"pt-BR\",\"@id\":\"https:\/\/jornalfatosenoticias.com.br\/#\/schema\/person\/image\/\",\"url\":\"https:\/\/jornalfatosenoticias.com.br\/wp-content\/uploads\/2025\/08\/WhatsApp-Image-2025-08-18-at-15.30.28-150x150.jpeg\",\"contentUrl\":\"https:\/\/jornalfatosenoticias.com.br\/wp-content\/uploads\/2025\/08\/WhatsApp-Image-2025-08-18-at-15.30.28-150x150.jpeg\",\"caption\":\"Haroldo Filho\"},\"description\":\"Jornalista \u2013 DRT: 0003818\/ES Coordenador-geral da ONG Educar para Crescer\",\"url\":\"https:\/\/jornalfatosenoticias.com.br\/index.php\/author\/haroldo\/\"}]}<\/script>\n<!-- \/ Yoast SEO plugin. -->","yoast_head_json":{"title":"Ao menos tr\u00eas cidades t\u00eam mais pessoas recebendo valores do P\u00e9-de-Meia do que alunos matriculados - Jornal Fatos e Not\u00edcias","robots":{"index":"index","follow":"follow","max-snippet":"max-snippet:-1","max-image-preview":"max-image-preview:large","max-video-preview":"max-video-preview:-1"},"canonical":"https:\/\/jornalfatosenoticias.com.br\/index.php\/2025\/04\/03\/ao-menos-tres-cidades-tem-mais-pessoas-recebendo-valores-do-pe-de-meia-do-que-alunos-matriculados\/","og_locale":"pt_BR","og_type":"article","og_title":"Ao menos tr\u00eas cidades t\u00eam mais pessoas recebendo valores do P\u00e9-de-Meia do que alunos matriculados - Jornal Fatos e Not\u00edcias","og_description":"Por Carinne SouzaO programa P\u00e9-de-Meia, lan\u00e7ado pelo governo Luiz In\u00e1cio Lula da Silva (PT) no \u00faltimo ano para alunos de baixa renda que est\u00e3o matriculados no ensino m\u00e9dio da rede p\u00fablica, j\u00e1 encontra percal\u00e7os. Conforme revelou o Estad\u00e3o, na segunda-feira (31), h\u00e1 munic\u00edpios que t\u00eam mais pessoas como benefici\u00e1rias do programa do que alunos matriculados.De [&hellip;]","og_url":"https:\/\/jornalfatosenoticias.com.br\/index.php\/2025\/04\/03\/ao-menos-tres-cidades-tem-mais-pessoas-recebendo-valores-do-pe-de-meia-do-que-alunos-matriculados\/","og_site_name":"Jornal Fatos e Not\u00edcias","article_published_time":"2025-04-03T14:38:05+00:00","article_modified_time":"2025-04-03T14:38:06+00:00","og_image":[{"width":1000,"height":644,"url":"https:\/\/jornalfatosenoticias.com.br\/wp-content\/uploads\/2025\/04\/programa-Pe-de-Meia-foto-RicardoStuckert.jpg","type":"image\/jpeg"}],"author":"Haroldo Filho","twitter_card":"summary_large_image","twitter_misc":{"Escrito por":"Haroldo Filho","Est. tempo de leitura":"10 minutos"},"schema":{"@context":"https:\/\/schema.org","@graph":[{"@type":"Article","@id":"https:\/\/jornalfatosenoticias.com.br\/index.php\/2025\/04\/03\/ao-menos-tres-cidades-tem-mais-pessoas-recebendo-valores-do-pe-de-meia-do-que-alunos-matriculados\/#article","isPartOf":{"@id":"https:\/\/jornalfatosenoticias.com.br\/index.php\/2025\/04\/03\/ao-menos-tres-cidades-tem-mais-pessoas-recebendo-valores-do-pe-de-meia-do-que-alunos-matriculados\/"},"author":{"name":"Haroldo Filho","@id":"https:\/\/jornalfatosenoticias.com.br\/#\/schema\/person\/05c46cc25b42a5c27e004fb0fa6b4965"},"headline":"Ao menos tr\u00eas cidades t\u00eam mais pessoas recebendo valores do P\u00e9-de-Meia do que alunos matriculados","datePublished":"2025-04-03T14:38:05+00:00","dateModified":"2025-04-03T14:38:06+00:00","mainEntityOfPage":{"@id":"https:\/\/jornalfatosenoticias.com.br\/index.php\/2025\/04\/03\/ao-menos-tres-cidades-tem-mais-pessoas-recebendo-valores-do-pe-de-meia-do-que-alunos-matriculados\/"},"wordCount":1971,"commentCount":0,"publisher":{"@id":"https:\/\/jornalfatosenoticias.com.br\/#organization"},"image":{"@id":"https:\/\/jornalfatosenoticias.com.br\/index.php\/2025\/04\/03\/ao-menos-tres-cidades-tem-mais-pessoas-recebendo-valores-do-pe-de-meia-do-que-alunos-matriculados\/#primaryimage"},"thumbnailUrl":"https:\/\/jornalfatosenoticias.com.br\/wp-content\/uploads\/2025\/04\/programa-Pe-de-Meia-foto-RicardoStuckert.jpg","keywords":["Abin","Argentina","ataque hacker da Abin","corrup\u00e7\u00e3o","Donald Trump","governo Lula","Jair Bolsonaro","Javier Milei","Paulo Gonet","P\u00e9-de-Meia","PGR","pobreza","PT"],"articleSection":["Pol\u00edtica"],"inLanguage":"pt-BR","potentialAction":[{"@type":"CommentAction","name":"Comment","target":["https:\/\/jornalfatosenoticias.com.br\/index.php\/2025\/04\/03\/ao-menos-tres-cidades-tem-mais-pessoas-recebendo-valores-do-pe-de-meia-do-que-alunos-matriculados\/#respond"]}]},{"@type":"WebPage","@id":"https:\/\/jornalfatosenoticias.com.br\/index.php\/2025\/04\/03\/ao-menos-tres-cidades-tem-mais-pessoas-recebendo-valores-do-pe-de-meia-do-que-alunos-matriculados\/","url":"https:\/\/jornalfatosenoticias.com.br\/index.php\/2025\/04\/03\/ao-menos-tres-cidades-tem-mais-pessoas-recebendo-valores-do-pe-de-meia-do-que-alunos-matriculados\/","name":"Ao menos tr\u00eas cidades t\u00eam mais pessoas recebendo valores do P\u00e9-de-Meia do que alunos matriculados - Jornal Fatos e Not\u00edcias","isPartOf":{"@id":"https:\/\/jornalfatosenoticias.com.br\/#website"},"primaryImageOfPage":{"@id":"https:\/\/jornalfatosenoticias.com.br\/index.php\/2025\/04\/03\/ao-menos-tres-cidades-tem-mais-pessoas-recebendo-valores-do-pe-de-meia-do-que-alunos-matriculados\/#primaryimage"},"image":{"@id":"https:\/\/jornalfatosenoticias.com.br\/index.php\/2025\/04\/03\/ao-menos-tres-cidades-tem-mais-pessoas-recebendo-valores-do-pe-de-meia-do-que-alunos-matriculados\/#primaryimage"},"thumbnailUrl":"https:\/\/jornalfatosenoticias.com.br\/wp-content\/uploads\/2025\/04\/programa-Pe-de-Meia-foto-RicardoStuckert.jpg","datePublished":"2025-04-03T14:38:05+00:00","dateModified":"2025-04-03T14:38:06+00:00","breadcrumb":{"@id":"https:\/\/jornalfatosenoticias.com.br\/index.php\/2025\/04\/03\/ao-menos-tres-cidades-tem-mais-pessoas-recebendo-valores-do-pe-de-meia-do-que-alunos-matriculados\/#breadcrumb"},"inLanguage":"pt-BR","potentialAction":[{"@type":"ReadAction","target":["https:\/\/jornalfatosenoticias.com.br\/index.php\/2025\/04\/03\/ao-menos-tres-cidades-tem-mais-pessoas-recebendo-valores-do-pe-de-meia-do-que-alunos-matriculados\/"]}]},{"@type":"ImageObject","inLanguage":"pt-BR","@id":"https:\/\/jornalfatosenoticias.com.br\/index.php\/2025\/04\/03\/ao-menos-tres-cidades-tem-mais-pessoas-recebendo-valores-do-pe-de-meia-do-que-alunos-matriculados\/#primaryimage","url":"https:\/\/jornalfatosenoticias.com.br\/wp-content\/uploads\/2025\/04\/programa-Pe-de-Meia-foto-RicardoStuckert.jpg","contentUrl":"https:\/\/jornalfatosenoticias.com.br\/wp-content\/uploads\/2025\/04\/programa-Pe-de-Meia-foto-RicardoStuckert.jpg","width":1000,"height":644},{"@type":"BreadcrumbList","@id":"https:\/\/jornalfatosenoticias.com.br\/index.php\/2025\/04\/03\/ao-menos-tres-cidades-tem-mais-pessoas-recebendo-valores-do-pe-de-meia-do-que-alunos-matriculados\/#breadcrumb","itemListElement":[{"@type":"ListItem","position":1,"name":"In\u00edcio","item":"https:\/\/jornalfatosenoticias.com.br\/"},{"@type":"ListItem","position":2,"name":"Ao menos tr\u00eas cidades t\u00eam mais pessoas recebendo valores do P\u00e9-de-Meia do que alunos matriculados"}]},{"@type":"WebSite","@id":"https:\/\/jornalfatosenoticias.com.br\/#website","url":"https:\/\/jornalfatosenoticias.com.br\/","name":"Jornal Fatos e Not\u00edcias","description":"Not\u00edcias em geral","publisher":{"@id":"https:\/\/jornalfatosenoticias.com.br\/#organization"},"potentialAction":[{"@type":"SearchAction","target":{"@type":"EntryPoint","urlTemplate":"https:\/\/jornalfatosenoticias.com.br\/?s={search_term_string}"},"query-input":{"@type":"PropertyValueSpecification","valueRequired":true,"valueName":"search_term_string"}}],"inLanguage":"pt-BR"},{"@type":"Organization","@id":"https:\/\/jornalfatosenoticias.com.br\/#organization","name":"Jornal Fatos e Not\u00edcias","url":"https:\/\/jornalfatosenoticias.com.br\/","logo":{"@type":"ImageObject","inLanguage":"pt-BR","@id":"https:\/\/jornalfatosenoticias.com.br\/#\/schema\/logo\/image\/","url":"https:\/\/jornalfatosenoticias.com.br\/wp-content\/uploads\/2020\/02\/logo120.png","contentUrl":"https:\/\/jornalfatosenoticias.com.br\/wp-content\/uploads\/2020\/02\/logo120.png","width":1227,"height":120,"caption":"Jornal Fatos e Not\u00edcias"},"image":{"@id":"https:\/\/jornalfatosenoticias.com.br\/#\/schema\/logo\/image\/"}},{"@type":"Person","@id":"https:\/\/jornalfatosenoticias.com.br\/#\/schema\/person\/05c46cc25b42a5c27e004fb0fa6b4965","name":"Haroldo Filho","image":{"@type":"ImageObject","inLanguage":"pt-BR","@id":"https:\/\/jornalfatosenoticias.com.br\/#\/schema\/person\/image\/","url":"https:\/\/jornalfatosenoticias.com.br\/wp-content\/uploads\/2025\/08\/WhatsApp-Image-2025-08-18-at-15.30.28-150x150.jpeg","contentUrl":"https:\/\/jornalfatosenoticias.com.br\/wp-content\/uploads\/2025\/08\/WhatsApp-Image-2025-08-18-at-15.30.28-150x150.jpeg","caption":"Haroldo Filho"},"description":"Jornalista \u2013 DRT: 0003818\/ES Coordenador-geral da ONG Educar para Crescer","url":"https:\/\/jornalfatosenoticias.com.br\/index.php\/author\/haroldo\/"}]}},"cc_featured_image_caption":{"caption_text":"(Foto: Ricardo Stuckert) ","source_text":"","source_url":""},"jetpack_featured_media_url":"https:\/\/jornalfatosenoticias.com.br\/wp-content\/uploads\/2025\/04\/programa-Pe-de-Meia-foto-RicardoStuckert.jpg","_links":{"self":[{"href":"https:\/\/jornalfatosenoticias.com.br\/index.php\/wp-json\/wp\/v2\/posts\/58230","targetHints":{"allow":["GET"]}}],"collection":[{"href":"https:\/\/jornalfatosenoticias.com.br\/index.php\/wp-json\/wp\/v2\/posts"}],"about":[{"href":"https:\/\/jornalfatosenoticias.com.br\/index.php\/wp-json\/wp\/v2\/types\/post"}],"author":[{"embeddable":true,"href":"https:\/\/jornalfatosenoticias.com.br\/index.php\/wp-json\/wp\/v2\/users\/3"}],"replies":[{"embeddable":true,"href":"https:\/\/jornalfatosenoticias.com.br\/index.php\/wp-json\/wp\/v2\/comments?post=58230"}],"version-history":[{"count":0,"href":"https:\/\/jornalfatosenoticias.com.br\/index.php\/wp-json\/wp\/v2\/posts\/58230\/revisions"}],"wp:featuredmedia":[{"embeddable":true,"href":"https:\/\/jornalfatosenoticias.com.br\/index.php\/wp-json\/wp\/v2\/media\/58235"}],"wp:attachment":[{"href":"https:\/\/jornalfatosenoticias.com.br\/index.php\/wp-json\/wp\/v2\/media?parent=58230"}],"wp:term":[{"taxonomy":"category","embeddable":true,"href":"https:\/\/jornalfatosenoticias.com.br\/index.php\/wp-json\/wp\/v2\/categories?post=58230"},{"taxonomy":"post_tag","embeddable":true,"href":"https:\/\/jornalfatosenoticias.com.br\/index.php\/wp-json\/wp\/v2\/tags?post=58230"}],"curies":[{"name":"wp","href":"https:\/\/api.w.org\/{rel}","templated":true}]}}