{"id":58242,"date":"2025-04-03T14:23:09","date_gmt":"2025-04-03T17:23:09","guid":{"rendered":"https:\/\/jornalfatosenoticias.com.br\/?p=58242"},"modified":"2025-04-03T14:55:30","modified_gmt":"2025-04-03T17:55:30","slug":"jardim-limoeiro-e-a-inseguranca-publica","status":"publish","type":"post","link":"https:\/\/jornalfatosenoticias.com.br\/index.php\/2025\/04\/03\/jardim-limoeiro-e-a-inseguranca-publica\/","title":{"rendered":"Jardim Limoeiro e a (in)seguran\u00e7a p\u00fablica"},"content":{"rendered":"\n<p><span class=\"has-inline-color has-black-color\"><em>Um dos maiores arrecadadores do munic\u00edpio, o bairro sofre com obras ineficientes, n\u00fameros elevados de assaltos e o crescimento exponencial de moradores de rua<\/em><\/span><\/p>\n\n\n\n<div class=\"wp-block-image\"><figure class=\"aligncenter size-large\"><a href=\"https:\/\/www.controlsystems.com.br\/\"><img loading=\"lazy\" decoding=\"async\" width=\"1024\" height=\"109\" src=\"https:\/\/jornalfatosenoticias.com.br\/wp-content\/uploads\/2020\/02\/CONTROL-CS2-1024x109.jpg\" alt=\"\" class=\"wp-image-44989\" srcset=\"https:\/\/jornalfatosenoticias.com.br\/wp-content\/uploads\/2020\/02\/CONTROL-CS2-1024x109.jpg 1024w, https:\/\/jornalfatosenoticias.com.br\/wp-content\/uploads\/2020\/02\/CONTROL-CS2-300x32.jpg 300w, https:\/\/jornalfatosenoticias.com.br\/wp-content\/uploads\/2020\/02\/CONTROL-CS2-768x82.jpg 768w, https:\/\/jornalfatosenoticias.com.br\/wp-content\/uploads\/2020\/02\/CONTROL-CS2.jpg 1120w\" sizes=\"auto, (max-width: 1024px) 100vw, 1024px\" \/><\/a><\/figure><\/div>\n\n\n\n<p>Se n\u00e3o o primeiro, certamente o bairro Jardim Limoeiro est\u00e1 entre os tr\u00eas maiores arrecadadores do munic\u00edpio da Serra, mas quem pensa que isso reflete de maneira positiva nos servi\u00e7os prestados pelo poder p\u00fablico, est\u00e1 completamente enganado. Nos \u00faltimos anos, a regi\u00e3o teve um desenvolvimento avassalador, gra\u00e7as ao grande n\u00famero de empresas instaladas na comunidade. Crescimento n\u00e3o acompanhado pelo poder p\u00fablico.<br>Hoje, a regi\u00e3o sofre com assaltos di\u00e1rios; ve\u00edculos transitando em alta velocidade; motociclistas equilibrando motos sobre uma roda; v\u00e1rias cal\u00e7adas sem nenhum plano de inclus\u00e3o (acessibilidade); grande n\u00famero de moradores de rua; falta de placas que identifiquem as vias e orientem percursos e destinos, al\u00e9m da falta de vagas de estacionamento nas principais avenidas.<\/p>\n\n\n\n<div class=\"wp-block-image\"><figure class=\"aligncenter size-large\"><img loading=\"lazy\" decoding=\"async\" width=\"1000\" height=\"939\" src=\"https:\/\/jornalfatosenoticias.com.br\/wp-content\/uploads\/2025\/04\/VANDERLEI-FERREIRA_J.-LIMOEIRO.jpg\" alt=\"\" class=\"wp-image-58243\" srcset=\"https:\/\/jornalfatosenoticias.com.br\/wp-content\/uploads\/2025\/04\/VANDERLEI-FERREIRA_J.-LIMOEIRO.jpg 1000w, https:\/\/jornalfatosenoticias.com.br\/wp-content\/uploads\/2025\/04\/VANDERLEI-FERREIRA_J.-LIMOEIRO-300x282.jpg 300w, https:\/\/jornalfatosenoticias.com.br\/wp-content\/uploads\/2025\/04\/VANDERLEI-FERREIRA_J.-LIMOEIRO-768x721.jpg 768w\" sizes=\"auto, (max-width: 1000px) 100vw, 1000px\" \/><figcaption><em><span class=\"has-inline-color has-black-color\">Vanderlei Lopes Ferreira (Foto: Arquivo pessoal)<\/span><\/em><\/figcaption><\/figure><\/div>\n\n\n\n<p>Para o presidente da comunidade, Vanderlei Lopes Ferreira, que est\u00e1 no seu segundo ano de mandato, a situa\u00e7\u00e3o \u00e9 preocupante e muito desconfort\u00e1vel, tanto para moradores como para a classe empresarial. \u201cO bin\u00e1rio era uma obra necess\u00e1ria, mas, hoje, vimos que faltou \u201csensibilidade\u201d t\u00e9cnica aos engenheiros que a projetaram. Teve o objetivo \u00fanico de dar fluxo ao tr\u00e2nsito e esqueceram de humanizar o tr\u00e2nsito. Fomos pouco ouvidos. Temos cadeirantes na comunidade que v\u00edamos quase que diariamente e, hoje, n\u00e3o sabemos se mudaram do bairro ou se n\u00e3o conseguem sair de casa, que \u00e9 o mais prov\u00e1vel. As cal\u00e7adas s\u00e3o irregulares, dificultam muito a vida desses cidad\u00e3os que precisam de um olhar mais atencioso do munic\u00edpio\u201d, pontuou Vanderlei.<\/p>\n\n\n\n<div class=\"wp-block-image\"><figure class=\"aligncenter size-large is-resized\"><a href=\"https:\/\/www.instagram.com\/rcradiadores\/\"><img loading=\"lazy\" decoding=\"async\" src=\"https:\/\/jornalfatosenoticias.com.br\/wp-content\/uploads\/2022\/10\/RC_800x750_page-0001.jpg\" alt=\"\" class=\"wp-image-35338\" width=\"268\" height=\"251\" srcset=\"https:\/\/jornalfatosenoticias.com.br\/wp-content\/uploads\/2022\/10\/RC_800x750_page-0001.jpg 400w, https:\/\/jornalfatosenoticias.com.br\/wp-content\/uploads\/2022\/10\/RC_800x750_page-0001-300x281.jpg 300w\" sizes=\"auto, (max-width: 268px) 100vw, 268px\" \/><\/a><\/figure><\/div>\n\n\n\n<p>De acordo com o presidente comunit\u00e1rio, os moradores se sentem inseguros para transitar, principalmente nas avenidas Lourival Nunes e Norte Sul, onde os ve\u00edculos transitam em alta velocidade. O bairro \u00e9 antigo, e tem muitos moradores idosos. Outra queixa, segundo Vanderlei, \u00e9 a falta de faixas de pedestres, pois as existentes s\u00e3o insuficientes e, algumas, mal colocadas, como \u00e9 o caso da bifurca\u00e7\u00e3o da Lourival Nunes com a rua S\u00e3o Pedro, que ficou perigosa para os transeuntes.<\/p>\n\n\n\n<div class=\"wp-block-image\"><figure class=\"aligncenter size-large is-resized\"><a href=\"https:\/\/www.instagram.com\/esteiochurrascaria\/\"><img loading=\"lazy\" decoding=\"async\" src=\"https:\/\/jornalfatosenoticias.com.br\/wp-content\/uploads\/2022\/02\/LOGO-ESTEIO-1024x730.png\" alt=\"\" class=\"wp-image-27942\" width=\"347\" height=\"247\" srcset=\"https:\/\/jornalfatosenoticias.com.br\/wp-content\/uploads\/2022\/02\/LOGO-ESTEIO-1024x730.png 1024w, https:\/\/jornalfatosenoticias.com.br\/wp-content\/uploads\/2022\/02\/LOGO-ESTEIO-300x214.png 300w, https:\/\/jornalfatosenoticias.com.br\/wp-content\/uploads\/2022\/02\/LOGO-ESTEIO-768x548.png 768w, https:\/\/jornalfatosenoticias.com.br\/wp-content\/uploads\/2022\/02\/LOGO-ESTEIO.png 1123w\" sizes=\"auto, (max-width: 347px) 100vw, 347px\" \/><\/a><\/figure><\/div>\n\n\n\n<blockquote class=\"wp-block-quote is-layout-flow wp-block-quote-is-layout-flow\"><p><span class=\"has-inline-color has-luminous-vivid-orange-color\">O pedido de redutores de velocidade foi feito \u00e0 prefeitura no ano passado para as avenidas de maior movimento (Lourival Nunes e Norte Sul). O processo n.\u00ba 75418 est\u00e1 desde o ano passado na Secretaria de Desenvolvimento de Tr\u00e2nsito\u201d, critica Vanderlei.<\/span><\/p><\/blockquote>\n\n\n\n<div class=\"wp-block-image\"><figure class=\"aligncenter size-large is-resized\"><a href=\"https:\/\/hotelmarquetti.com.br\/\"><img loading=\"lazy\" decoding=\"async\" src=\"https:\/\/jornalfatosenoticias.com.br\/wp-content\/uploads\/2023\/03\/nova-logo-Marquetti.jpg\" alt=\"\" class=\"wp-image-40207\" width=\"323\" height=\"217\" srcset=\"https:\/\/jornalfatosenoticias.com.br\/wp-content\/uploads\/2023\/03\/nova-logo-Marquetti.jpg 643w, https:\/\/jornalfatosenoticias.com.br\/wp-content\/uploads\/2023\/03\/nova-logo-Marquetti-300x202.jpg 300w\" sizes=\"auto, (max-width: 323px) 100vw, 323px\" \/><\/a><\/figure><\/div>\n\n\n\n<p>Outra situa\u00e7\u00e3o cr\u00edtica \u00e9 a falta de vagas de estacionamento. \u201cMuitos com\u00e9rcios fecharam as portas e os que persistem sofrem com essa a\u00e7\u00e3o desastrosa do munic\u00edpio, amargando uma queda de mais de 30% no faturamento. Imagina voc\u00ea, temos uma das cargas tribut\u00e1rias mais altas do mundo e o munic\u00edpio age dessa forma, estou falando de mais de 30% da receita, isso \u00e9 um tiro de miseric\u00f3rdia\u201d, lamenta o l\u00edder comunit\u00e1rio.<\/p>\n\n\n\n<div class=\"wp-block-image\"><figure class=\"aligncenter size-large\"><img loading=\"lazy\" decoding=\"async\" width=\"690\" height=\"920\" src=\"https:\/\/jornalfatosenoticias.com.br\/wp-content\/uploads\/2025\/04\/JARDIM-LIMOEIRO2-rotated.jpg\" alt=\"\" class=\"wp-image-58244\" srcset=\"https:\/\/jornalfatosenoticias.com.br\/wp-content\/uploads\/2025\/04\/JARDIM-LIMOEIRO2-rotated.jpg 690w, https:\/\/jornalfatosenoticias.com.br\/wp-content\/uploads\/2025\/04\/JARDIM-LIMOEIRO2-225x300.jpg 225w\" sizes=\"auto, (max-width: 690px) 100vw, 690px\" \/><figcaption><em><span class=\"has-inline-color has-black-color\">(Foto: Arquivo pessoal)<\/span><\/em><\/figcaption><\/figure><\/div>\n\n\n\n<p>Segundo Vanderlei, para reverter esse quadro, \u00e9 necess\u00e1ria a volta dos estacionamentos. \u201cA sugest\u00e3o que temos s\u00e3o as vagas em 45 graus, nos dois lados das avenidas Lourival Nunes e Norte Sul, que s\u00e3o largas e n\u00e3o comprometeriam em nada o tr\u00e2nsito. Discutimos isso em reuni\u00e3o com os empres\u00e1rios e, por unanimidade, foi pedida, com urg\u00eancia, a implanta\u00e7\u00e3o desse modelo. Muitos propriet\u00e1rios de im\u00f3veis est\u00e3o com dificuldade de loca\u00e7\u00e3o e os comerciantes tamb\u00e9m se sentem prejudicados, pois, sem vagas para estacionar, onde o cliente vai parar o carro para efetuar uma compra se n\u00e3o h\u00e1 vaga?\u201d, queixa-se.<\/p>\n\n\n\n<div class=\"wp-block-image\"><figure class=\"aligncenter size-large\"><a href=\"http:\/\/www.ferrarimaquinas.com.br\/\"><img loading=\"lazy\" decoding=\"async\" width=\"300\" height=\"250\" src=\"https:\/\/jornalfatosenoticias.com.br\/wp-content\/uploads\/2022\/02\/FERRARI_MAQUINAS-E-FERRAMENTAS2.jpg\" alt=\"\" class=\"wp-image-27860\"\/><\/a><\/figure><\/div>\n\n\n\n<p>A associa\u00e7\u00e3o de moradores pretende apresentar \u00e0 prefeitura um documento para que seja feito um projeto igual ao da Avenida Princesa Isabel, em Vit\u00f3ria, em que durante um per\u00edodo do dia, entre os hor\u00e1rios de pico, o estacionamento \u00e9 liberado para ajudar o com\u00e9rcio local. \u201cNa Avenida Jer\u00f4nimo Monteiro, aos s\u00e1bados, o estacionamento tamb\u00e9m \u00e9 liberado entre \u00e0s 9h e 16h. Precisamos de alternativas, da maneira como est\u00e1 n\u00e3o podemos continuar. Com queda no faturamento das empresas o munic\u00edpio arrecada menos. A regi\u00e3o \u00e9 op\u00e7\u00e3o para o com\u00e9rcio de autope\u00e7as, de ferramentas, de compra e venda de ve\u00edculos, hot\u00e9is, restaurantes, churrascarias e in\u00fameras empresas de grande, m\u00e9dio e pequeno portes, s\u00e3o milhares de trabalhadores, a gest\u00e3o foi muito amadora, at\u00e9 infeliz\u201d.<\/p>\n\n\n\n<div class=\"wp-block-image\"><figure class=\"aligncenter size-large is-resized\"><a href=\"https:\/\/www.facebook.com\/profile.php?id=100069289606145\"><img loading=\"lazy\" decoding=\"async\" src=\"https:\/\/jornalfatosenoticias.com.br\/wp-content\/uploads\/2024\/11\/Guaitolini-Contabilidade-1024x714.jpeg\" alt=\"\" class=\"wp-image-55808\" width=\"306\" height=\"213\" srcset=\"https:\/\/jornalfatosenoticias.com.br\/wp-content\/uploads\/2024\/11\/Guaitolini-Contabilidade-1024x714.jpeg 1024w, https:\/\/jornalfatosenoticias.com.br\/wp-content\/uploads\/2024\/11\/Guaitolini-Contabilidade-300x209.jpeg 300w, https:\/\/jornalfatosenoticias.com.br\/wp-content\/uploads\/2024\/11\/Guaitolini-Contabilidade-768x535.jpeg 768w, https:\/\/jornalfatosenoticias.com.br\/wp-content\/uploads\/2024\/11\/Guaitolini-Contabilidade.jpeg 1280w\" sizes=\"auto, (max-width: 306px) 100vw, 306px\" \/><\/a><\/figure><\/div>\n\n\n\n<p>Para prevenir acidentes e atropelamento, Vanderlei defende a instala\u00e7\u00e3o de faixas elevadas como aconteceu nas avenidas Jos\u00e9 Rato, em Bairro de F\u00e1tima e Abido Saad, em Jacara\u00edpe. \u201cFizemos o pedido, mas a administra\u00e7\u00e3o alegou que traria riscos aos pedestres. Mais uma vez est\u00e3o enganados, porque n\u00e3o foi isso que aconteceu em Bairro de F\u00e1tima e muito menos em Jacara\u00edpe, pelo contr\u00e1rio, houve uma redu\u00e7\u00e3o dr\u00e1stica nos incidentes\u201d, afirma.<\/p>\n\n\n\n<div class=\"wp-block-image\"><figure class=\"aligncenter size-large is-resized\"><a href=\"https:\/\/www.instagram.com\/serra4x4cambioautomatico\/\"><img loading=\"lazy\" decoding=\"async\" src=\"https:\/\/jornalfatosenoticias.com.br\/wp-content\/uploads\/2024\/08\/Serra-4x4-1-886x1024.jpg\" alt=\"\" class=\"wp-image-53632\" width=\"247\" height=\"285\" srcset=\"https:\/\/jornalfatosenoticias.com.br\/wp-content\/uploads\/2024\/08\/Serra-4x4-1-886x1024.jpg 886w, https:\/\/jornalfatosenoticias.com.br\/wp-content\/uploads\/2024\/08\/Serra-4x4-1-260x300.jpg 260w, https:\/\/jornalfatosenoticias.com.br\/wp-content\/uploads\/2024\/08\/Serra-4x4-1-768x888.jpg 768w, https:\/\/jornalfatosenoticias.com.br\/wp-content\/uploads\/2024\/08\/Serra-4x4-1.jpg 1181w\" sizes=\"auto, (max-width: 247px) 100vw, 247px\" \/><\/a><\/figure><\/div>\n\n\n\n<p>Quanto \u00e0 acessibilidade, deve-se garantir o acesso de tudo a todos, o que n\u00e3o acontece em Jardim Limoeiro, onde as cal\u00e7adas s\u00e3o quase intransit\u00e1veis, em fun\u00e7\u00e3o das irregularidades e obst\u00e1culos existentes no piso, algumas delas ainda est\u00e3o no ch\u00e3o batido, denuncia Vanderlei.<\/p>\n\n\n\n<div class=\"wp-block-image\"><figure class=\"aligncenter size-large\"><img loading=\"lazy\" decoding=\"async\" width=\"934\" height=\"702\" src=\"https:\/\/jornalfatosenoticias.com.br\/wp-content\/uploads\/2025\/04\/JARDIM-LIMOEIRO.jpg\" alt=\"\" class=\"wp-image-58245\" srcset=\"https:\/\/jornalfatosenoticias.com.br\/wp-content\/uploads\/2025\/04\/JARDIM-LIMOEIRO.jpg 934w, https:\/\/jornalfatosenoticias.com.br\/wp-content\/uploads\/2025\/04\/JARDIM-LIMOEIRO-300x225.jpg 300w, https:\/\/jornalfatosenoticias.com.br\/wp-content\/uploads\/2025\/04\/JARDIM-LIMOEIRO-768x577.jpg 768w\" sizes=\"auto, (max-width: 934px) 100vw, 934px\" \/><figcaption><em><span class=\"has-inline-color has-black-color\">Jardim Limoeiro (Foto: Arquivo pessoal)<\/span><\/em><\/figcaption><\/figure><\/div>\n\n\n\n<p>Outro ponto que tem deixado moradores e empres\u00e1rios em estado de alerta s\u00e3o os assaltos constantes e a inseguran\u00e7a provocados pela prolifera\u00e7\u00e3o em massa de moradores em situa\u00e7\u00e3o de rua. \u201cTemos um grupo de moradores e empres\u00e1rios no WhatsApp que mostra bem as dificuldades enfrentadas por todos n\u00f3s no quesito seguran\u00e7a. Basta acompanhar as postagens para ver que contra fatos n\u00e3o h\u00e1 argumento. Diariamente, v\u00eddeos s\u00e3o postados flagrando a\u00e7\u00f5es de criminosos e de moradores de rua, que n\u00e3o s\u00e3o poucos, furtando em plena luz do dia. \u00c9 dever da administra\u00e7\u00e3o p\u00fablica ouvir mais as comunidades e, como l\u00edder de uma pujante e produtiva, continuarei trabalhando de maneira independente e contribuindo ao m\u00e1ximo, sempre que for acionado, por moradores, empres\u00e1rios e pelo poder p\u00fablico, para buscar o bem comum de todos, sem exce\u00e7\u00e3o. Acredito que, a partir do momento que priorizarmos o ser humano nos projetos urbanos, promoveremos seguran\u00e7a e tranquilidade para todos\u201d, conclui.<\/p>\n\n\n\n<div class=\"wp-block-image\"><figure class=\"aligncenter size-large is-resized\"><a href=\"https:\/\/www.facebook.com\/postobkr\/?locale=pt_BR\"><img loading=\"lazy\" decoding=\"async\" src=\"https:\/\/jornalfatosenoticias.com.br\/wp-content\/uploads\/2023\/08\/BKR-1024x1021.jpg\" alt=\"\" class=\"wp-image-44494\" width=\"266\" height=\"265\" srcset=\"https:\/\/jornalfatosenoticias.com.br\/wp-content\/uploads\/2023\/08\/BKR-1024x1021.jpg 1024w, https:\/\/jornalfatosenoticias.com.br\/wp-content\/uploads\/2023\/08\/BKR-300x300.jpg 300w, https:\/\/jornalfatosenoticias.com.br\/wp-content\/uploads\/2023\/08\/BKR-150x150.jpg 150w, https:\/\/jornalfatosenoticias.com.br\/wp-content\/uploads\/2023\/08\/BKR-768x766.jpg 768w, https:\/\/jornalfatosenoticias.com.br\/wp-content\/uploads\/2023\/08\/BKR.jpg 1080w\" sizes=\"auto, (max-width: 266px) 100vw, 266px\" \/><\/a><\/figure><\/div>\n\n\n\n<p>\u2705 <strong>Nota da coluna: <\/strong>solicitamos, por e-mail, \u00e0 secretaria de Comunica\u00e7\u00e3o (serraonline@serra.gov.br) uma resposta oficial das secretarias respons\u00e1veis pelas demandas da comunidade, mas n\u00e3o fomos atendidos at\u00e9 a publica\u00e7\u00e3o dessa mat\u00e9ria.<\/p>\n","protected":false},"excerpt":{"rendered":"<p>Um dos maiores arrecadadores do munic\u00edpio, o bairro sofre com obras ineficientes, n\u00fameros elevados de assaltos e o crescimento exponencial de moradores de rua Se n\u00e3o o primeiro, certamente o bairro Jardim Limoeiro est\u00e1 entre os tr\u00eas maiores arrecadadores do munic\u00edpio da Serra, mas quem pensa que isso reflete de maneira positiva nos servi\u00e7os prestados [&hellip;]<\/p>\n","protected":false},"author":3,"featured_media":58245,"comment_status":"open","ping_status":"open","sticky":false,"template":"","format":"standard","meta":{"footnotes":""},"categories":[5],"tags":[7270,21540,9882,956,26547],"class_list":["post-58242","post","type-post","status-publish","format-standard","has-post-thumbnail","hentry","category-geral","tag-inseguranca","tag-inseguranca-publica","tag-jardim-limoeiro","tag-transito","tag-vanderlei-lopes-ferreira"],"yoast_head":"<!-- This site is optimized with the Yoast SEO plugin v26.5 - https:\/\/yoast.com\/wordpress\/plugins\/seo\/ -->\n<title>Jardim Limoeiro e a (in)seguran\u00e7a p\u00fablica - Jornal Fatos e Not\u00edcias<\/title>\n<meta name=\"robots\" content=\"index, follow, max-snippet:-1, max-image-preview:large, max-video-preview:-1\" \/>\n<link rel=\"canonical\" href=\"https:\/\/jornalfatosenoticias.com.br\/index.php\/2025\/04\/03\/jardim-limoeiro-e-a-inseguranca-publica\/\" \/>\n<meta property=\"og:locale\" content=\"pt_BR\" \/>\n<meta property=\"og:type\" content=\"article\" \/>\n<meta property=\"og:title\" content=\"Jardim Limoeiro e a (in)seguran\u00e7a p\u00fablica - Jornal Fatos e Not\u00edcias\" \/>\n<meta property=\"og:description\" content=\"Um dos maiores arrecadadores do munic\u00edpio, o bairro sofre com obras ineficientes, n\u00fameros elevados de assaltos e o crescimento exponencial de moradores de rua Se n\u00e3o o primeiro, certamente o bairro Jardim Limoeiro est\u00e1 entre os tr\u00eas maiores arrecadadores do munic\u00edpio da Serra, mas quem pensa que isso reflete de maneira positiva nos servi\u00e7os prestados [&hellip;]\" \/>\n<meta property=\"og:url\" content=\"https:\/\/jornalfatosenoticias.com.br\/index.php\/2025\/04\/03\/jardim-limoeiro-e-a-inseguranca-publica\/\" \/>\n<meta property=\"og:site_name\" content=\"Jornal Fatos e Not\u00edcias\" \/>\n<meta property=\"article:published_time\" content=\"2025-04-03T17:23:09+00:00\" \/>\n<meta property=\"article:modified_time\" content=\"2025-04-03T17:55:30+00:00\" \/>\n<meta property=\"og:image\" content=\"https:\/\/jornalfatosenoticias.com.br\/wp-content\/uploads\/2025\/04\/JARDIM-LIMOEIRO.jpg\" \/>\n\t<meta property=\"og:image:width\" content=\"934\" \/>\n\t<meta property=\"og:image:height\" content=\"702\" \/>\n\t<meta property=\"og:image:type\" content=\"image\/jpeg\" \/>\n<meta name=\"author\" content=\"Haroldo Filho\" \/>\n<meta name=\"twitter:card\" content=\"summary_large_image\" \/>\n<meta name=\"twitter:label1\" content=\"Escrito por\" \/>\n\t<meta name=\"twitter:data1\" content=\"Haroldo Filho\" \/>\n\t<meta name=\"twitter:label2\" content=\"Est. tempo de leitura\" \/>\n\t<meta name=\"twitter:data2\" content=\"5 minutos\" \/>\n<script type=\"application\/ld+json\" class=\"yoast-schema-graph\">{\"@context\":\"https:\/\/schema.org\",\"@graph\":[{\"@type\":\"Article\",\"@id\":\"https:\/\/jornalfatosenoticias.com.br\/index.php\/2025\/04\/03\/jardim-limoeiro-e-a-inseguranca-publica\/#article\",\"isPartOf\":{\"@id\":\"https:\/\/jornalfatosenoticias.com.br\/index.php\/2025\/04\/03\/jardim-limoeiro-e-a-inseguranca-publica\/\"},\"author\":{\"name\":\"Haroldo Filho\",\"@id\":\"https:\/\/jornalfatosenoticias.com.br\/#\/schema\/person\/05c46cc25b42a5c27e004fb0fa6b4965\"},\"headline\":\"Jardim Limoeiro e a (in)seguran\u00e7a p\u00fablica\",\"datePublished\":\"2025-04-03T17:23:09+00:00\",\"dateModified\":\"2025-04-03T17:55:30+00:00\",\"mainEntityOfPage\":{\"@id\":\"https:\/\/jornalfatosenoticias.com.br\/index.php\/2025\/04\/03\/jardim-limoeiro-e-a-inseguranca-publica\/\"},\"wordCount\":1094,\"commentCount\":0,\"publisher\":{\"@id\":\"https:\/\/jornalfatosenoticias.com.br\/#organization\"},\"image\":{\"@id\":\"https:\/\/jornalfatosenoticias.com.br\/index.php\/2025\/04\/03\/jardim-limoeiro-e-a-inseguranca-publica\/#primaryimage\"},\"thumbnailUrl\":\"https:\/\/jornalfatosenoticias.com.br\/wp-content\/uploads\/2025\/04\/JARDIM-LIMOEIRO.jpg\",\"keywords\":[\"inseguran\u00e7a\",\"inseguran\u00e7a p\u00fablica\",\"Jardim Limoeiro\",\"tr\u00e2nsito\",\"Vanderlei Lopes Ferreira\"],\"articleSection\":[\"Geral\"],\"inLanguage\":\"pt-BR\",\"potentialAction\":[{\"@type\":\"CommentAction\",\"name\":\"Comment\",\"target\":[\"https:\/\/jornalfatosenoticias.com.br\/index.php\/2025\/04\/03\/jardim-limoeiro-e-a-inseguranca-publica\/#respond\"]}]},{\"@type\":\"WebPage\",\"@id\":\"https:\/\/jornalfatosenoticias.com.br\/index.php\/2025\/04\/03\/jardim-limoeiro-e-a-inseguranca-publica\/\",\"url\":\"https:\/\/jornalfatosenoticias.com.br\/index.php\/2025\/04\/03\/jardim-limoeiro-e-a-inseguranca-publica\/\",\"name\":\"Jardim Limoeiro e a (in)seguran\u00e7a p\u00fablica - Jornal Fatos e Not\u00edcias\",\"isPartOf\":{\"@id\":\"https:\/\/jornalfatosenoticias.com.br\/#website\"},\"primaryImageOfPage\":{\"@id\":\"https:\/\/jornalfatosenoticias.com.br\/index.php\/2025\/04\/03\/jardim-limoeiro-e-a-inseguranca-publica\/#primaryimage\"},\"image\":{\"@id\":\"https:\/\/jornalfatosenoticias.com.br\/index.php\/2025\/04\/03\/jardim-limoeiro-e-a-inseguranca-publica\/#primaryimage\"},\"thumbnailUrl\":\"https:\/\/jornalfatosenoticias.com.br\/wp-content\/uploads\/2025\/04\/JARDIM-LIMOEIRO.jpg\",\"datePublished\":\"2025-04-03T17:23:09+00:00\",\"dateModified\":\"2025-04-03T17:55:30+00:00\",\"breadcrumb\":{\"@id\":\"https:\/\/jornalfatosenoticias.com.br\/index.php\/2025\/04\/03\/jardim-limoeiro-e-a-inseguranca-publica\/#breadcrumb\"},\"inLanguage\":\"pt-BR\",\"potentialAction\":[{\"@type\":\"ReadAction\",\"target\":[\"https:\/\/jornalfatosenoticias.com.br\/index.php\/2025\/04\/03\/jardim-limoeiro-e-a-inseguranca-publica\/\"]}]},{\"@type\":\"ImageObject\",\"inLanguage\":\"pt-BR\",\"@id\":\"https:\/\/jornalfatosenoticias.com.br\/index.php\/2025\/04\/03\/jardim-limoeiro-e-a-inseguranca-publica\/#primaryimage\",\"url\":\"https:\/\/jornalfatosenoticias.com.br\/wp-content\/uploads\/2025\/04\/JARDIM-LIMOEIRO.jpg\",\"contentUrl\":\"https:\/\/jornalfatosenoticias.com.br\/wp-content\/uploads\/2025\/04\/JARDIM-LIMOEIRO.jpg\",\"width\":934,\"height\":702},{\"@type\":\"BreadcrumbList\",\"@id\":\"https:\/\/jornalfatosenoticias.com.br\/index.php\/2025\/04\/03\/jardim-limoeiro-e-a-inseguranca-publica\/#breadcrumb\",\"itemListElement\":[{\"@type\":\"ListItem\",\"position\":1,\"name\":\"In\u00edcio\",\"item\":\"https:\/\/jornalfatosenoticias.com.br\/\"},{\"@type\":\"ListItem\",\"position\":2,\"name\":\"Jardim Limoeiro e a (in)seguran\u00e7a p\u00fablica\"}]},{\"@type\":\"WebSite\",\"@id\":\"https:\/\/jornalfatosenoticias.com.br\/#website\",\"url\":\"https:\/\/jornalfatosenoticias.com.br\/\",\"name\":\"Jornal Fatos e Not\u00edcias\",\"description\":\"Not\u00edcias em geral\",\"publisher\":{\"@id\":\"https:\/\/jornalfatosenoticias.com.br\/#organization\"},\"potentialAction\":[{\"@type\":\"SearchAction\",\"target\":{\"@type\":\"EntryPoint\",\"urlTemplate\":\"https:\/\/jornalfatosenoticias.com.br\/?s={search_term_string}\"},\"query-input\":{\"@type\":\"PropertyValueSpecification\",\"valueRequired\":true,\"valueName\":\"search_term_string\"}}],\"inLanguage\":\"pt-BR\"},{\"@type\":\"Organization\",\"@id\":\"https:\/\/jornalfatosenoticias.com.br\/#organization\",\"name\":\"Jornal Fatos e Not\u00edcias\",\"url\":\"https:\/\/jornalfatosenoticias.com.br\/\",\"logo\":{\"@type\":\"ImageObject\",\"inLanguage\":\"pt-BR\",\"@id\":\"https:\/\/jornalfatosenoticias.com.br\/#\/schema\/logo\/image\/\",\"url\":\"https:\/\/jornalfatosenoticias.com.br\/wp-content\/uploads\/2020\/02\/logo120.png\",\"contentUrl\":\"https:\/\/jornalfatosenoticias.com.br\/wp-content\/uploads\/2020\/02\/logo120.png\",\"width\":1227,\"height\":120,\"caption\":\"Jornal Fatos e Not\u00edcias\"},\"image\":{\"@id\":\"https:\/\/jornalfatosenoticias.com.br\/#\/schema\/logo\/image\/\"}},{\"@type\":\"Person\",\"@id\":\"https:\/\/jornalfatosenoticias.com.br\/#\/schema\/person\/05c46cc25b42a5c27e004fb0fa6b4965\",\"name\":\"Haroldo Filho\",\"image\":{\"@type\":\"ImageObject\",\"inLanguage\":\"pt-BR\",\"@id\":\"https:\/\/jornalfatosenoticias.com.br\/#\/schema\/person\/image\/\",\"url\":\"https:\/\/jornalfatosenoticias.com.br\/wp-content\/uploads\/2025\/08\/WhatsApp-Image-2025-08-18-at-15.30.28-150x150.jpeg\",\"contentUrl\":\"https:\/\/jornalfatosenoticias.com.br\/wp-content\/uploads\/2025\/08\/WhatsApp-Image-2025-08-18-at-15.30.28-150x150.jpeg\",\"caption\":\"Haroldo Filho\"},\"description\":\"Jornalista \u2013 DRT: 0003818\/ES Coordenador-geral da ONG Educar para Crescer\",\"url\":\"https:\/\/jornalfatosenoticias.com.br\/index.php\/author\/haroldo\/\"}]}<\/script>\n<!-- \/ Yoast SEO plugin. -->","yoast_head_json":{"title":"Jardim Limoeiro e a (in)seguran\u00e7a p\u00fablica - Jornal Fatos e Not\u00edcias","robots":{"index":"index","follow":"follow","max-snippet":"max-snippet:-1","max-image-preview":"max-image-preview:large","max-video-preview":"max-video-preview:-1"},"canonical":"https:\/\/jornalfatosenoticias.com.br\/index.php\/2025\/04\/03\/jardim-limoeiro-e-a-inseguranca-publica\/","og_locale":"pt_BR","og_type":"article","og_title":"Jardim Limoeiro e a (in)seguran\u00e7a p\u00fablica - Jornal Fatos e Not\u00edcias","og_description":"Um dos maiores arrecadadores do munic\u00edpio, o bairro sofre com obras ineficientes, n\u00fameros elevados de assaltos e o crescimento exponencial de moradores de rua Se n\u00e3o o primeiro, certamente o bairro Jardim Limoeiro est\u00e1 entre os tr\u00eas maiores arrecadadores do munic\u00edpio da Serra, mas quem pensa que isso reflete de maneira positiva nos servi\u00e7os prestados [&hellip;]","og_url":"https:\/\/jornalfatosenoticias.com.br\/index.php\/2025\/04\/03\/jardim-limoeiro-e-a-inseguranca-publica\/","og_site_name":"Jornal Fatos e Not\u00edcias","article_published_time":"2025-04-03T17:23:09+00:00","article_modified_time":"2025-04-03T17:55:30+00:00","og_image":[{"width":934,"height":702,"url":"https:\/\/jornalfatosenoticias.com.br\/wp-content\/uploads\/2025\/04\/JARDIM-LIMOEIRO.jpg","type":"image\/jpeg"}],"author":"Haroldo Filho","twitter_card":"summary_large_image","twitter_misc":{"Escrito por":"Haroldo Filho","Est. tempo de leitura":"5 minutos"},"schema":{"@context":"https:\/\/schema.org","@graph":[{"@type":"Article","@id":"https:\/\/jornalfatosenoticias.com.br\/index.php\/2025\/04\/03\/jardim-limoeiro-e-a-inseguranca-publica\/#article","isPartOf":{"@id":"https:\/\/jornalfatosenoticias.com.br\/index.php\/2025\/04\/03\/jardim-limoeiro-e-a-inseguranca-publica\/"},"author":{"name":"Haroldo Filho","@id":"https:\/\/jornalfatosenoticias.com.br\/#\/schema\/person\/05c46cc25b42a5c27e004fb0fa6b4965"},"headline":"Jardim Limoeiro e a (in)seguran\u00e7a p\u00fablica","datePublished":"2025-04-03T17:23:09+00:00","dateModified":"2025-04-03T17:55:30+00:00","mainEntityOfPage":{"@id":"https:\/\/jornalfatosenoticias.com.br\/index.php\/2025\/04\/03\/jardim-limoeiro-e-a-inseguranca-publica\/"},"wordCount":1094,"commentCount":0,"publisher":{"@id":"https:\/\/jornalfatosenoticias.com.br\/#organization"},"image":{"@id":"https:\/\/jornalfatosenoticias.com.br\/index.php\/2025\/04\/03\/jardim-limoeiro-e-a-inseguranca-publica\/#primaryimage"},"thumbnailUrl":"https:\/\/jornalfatosenoticias.com.br\/wp-content\/uploads\/2025\/04\/JARDIM-LIMOEIRO.jpg","keywords":["inseguran\u00e7a","inseguran\u00e7a p\u00fablica","Jardim Limoeiro","tr\u00e2nsito","Vanderlei Lopes Ferreira"],"articleSection":["Geral"],"inLanguage":"pt-BR","potentialAction":[{"@type":"CommentAction","name":"Comment","target":["https:\/\/jornalfatosenoticias.com.br\/index.php\/2025\/04\/03\/jardim-limoeiro-e-a-inseguranca-publica\/#respond"]}]},{"@type":"WebPage","@id":"https:\/\/jornalfatosenoticias.com.br\/index.php\/2025\/04\/03\/jardim-limoeiro-e-a-inseguranca-publica\/","url":"https:\/\/jornalfatosenoticias.com.br\/index.php\/2025\/04\/03\/jardim-limoeiro-e-a-inseguranca-publica\/","name":"Jardim Limoeiro e a (in)seguran\u00e7a p\u00fablica - Jornal Fatos e Not\u00edcias","isPartOf":{"@id":"https:\/\/jornalfatosenoticias.com.br\/#website"},"primaryImageOfPage":{"@id":"https:\/\/jornalfatosenoticias.com.br\/index.php\/2025\/04\/03\/jardim-limoeiro-e-a-inseguranca-publica\/#primaryimage"},"image":{"@id":"https:\/\/jornalfatosenoticias.com.br\/index.php\/2025\/04\/03\/jardim-limoeiro-e-a-inseguranca-publica\/#primaryimage"},"thumbnailUrl":"https:\/\/jornalfatosenoticias.com.br\/wp-content\/uploads\/2025\/04\/JARDIM-LIMOEIRO.jpg","datePublished":"2025-04-03T17:23:09+00:00","dateModified":"2025-04-03T17:55:30+00:00","breadcrumb":{"@id":"https:\/\/jornalfatosenoticias.com.br\/index.php\/2025\/04\/03\/jardim-limoeiro-e-a-inseguranca-publica\/#breadcrumb"},"inLanguage":"pt-BR","potentialAction":[{"@type":"ReadAction","target":["https:\/\/jornalfatosenoticias.com.br\/index.php\/2025\/04\/03\/jardim-limoeiro-e-a-inseguranca-publica\/"]}]},{"@type":"ImageObject","inLanguage":"pt-BR","@id":"https:\/\/jornalfatosenoticias.com.br\/index.php\/2025\/04\/03\/jardim-limoeiro-e-a-inseguranca-publica\/#primaryimage","url":"https:\/\/jornalfatosenoticias.com.br\/wp-content\/uploads\/2025\/04\/JARDIM-LIMOEIRO.jpg","contentUrl":"https:\/\/jornalfatosenoticias.com.br\/wp-content\/uploads\/2025\/04\/JARDIM-LIMOEIRO.jpg","width":934,"height":702},{"@type":"BreadcrumbList","@id":"https:\/\/jornalfatosenoticias.com.br\/index.php\/2025\/04\/03\/jardim-limoeiro-e-a-inseguranca-publica\/#breadcrumb","itemListElement":[{"@type":"ListItem","position":1,"name":"In\u00edcio","item":"https:\/\/jornalfatosenoticias.com.br\/"},{"@type":"ListItem","position":2,"name":"Jardim Limoeiro e a (in)seguran\u00e7a p\u00fablica"}]},{"@type":"WebSite","@id":"https:\/\/jornalfatosenoticias.com.br\/#website","url":"https:\/\/jornalfatosenoticias.com.br\/","name":"Jornal Fatos e Not\u00edcias","description":"Not\u00edcias em geral","publisher":{"@id":"https:\/\/jornalfatosenoticias.com.br\/#organization"},"potentialAction":[{"@type":"SearchAction","target":{"@type":"EntryPoint","urlTemplate":"https:\/\/jornalfatosenoticias.com.br\/?s={search_term_string}"},"query-input":{"@type":"PropertyValueSpecification","valueRequired":true,"valueName":"search_term_string"}}],"inLanguage":"pt-BR"},{"@type":"Organization","@id":"https:\/\/jornalfatosenoticias.com.br\/#organization","name":"Jornal Fatos e Not\u00edcias","url":"https:\/\/jornalfatosenoticias.com.br\/","logo":{"@type":"ImageObject","inLanguage":"pt-BR","@id":"https:\/\/jornalfatosenoticias.com.br\/#\/schema\/logo\/image\/","url":"https:\/\/jornalfatosenoticias.com.br\/wp-content\/uploads\/2020\/02\/logo120.png","contentUrl":"https:\/\/jornalfatosenoticias.com.br\/wp-content\/uploads\/2020\/02\/logo120.png","width":1227,"height":120,"caption":"Jornal Fatos e Not\u00edcias"},"image":{"@id":"https:\/\/jornalfatosenoticias.com.br\/#\/schema\/logo\/image\/"}},{"@type":"Person","@id":"https:\/\/jornalfatosenoticias.com.br\/#\/schema\/person\/05c46cc25b42a5c27e004fb0fa6b4965","name":"Haroldo Filho","image":{"@type":"ImageObject","inLanguage":"pt-BR","@id":"https:\/\/jornalfatosenoticias.com.br\/#\/schema\/person\/image\/","url":"https:\/\/jornalfatosenoticias.com.br\/wp-content\/uploads\/2025\/08\/WhatsApp-Image-2025-08-18-at-15.30.28-150x150.jpeg","contentUrl":"https:\/\/jornalfatosenoticias.com.br\/wp-content\/uploads\/2025\/08\/WhatsApp-Image-2025-08-18-at-15.30.28-150x150.jpeg","caption":"Haroldo Filho"},"description":"Jornalista \u2013 DRT: 0003818\/ES Coordenador-geral da ONG Educar para Crescer","url":"https:\/\/jornalfatosenoticias.com.br\/index.php\/author\/haroldo\/"}]}},"cc_featured_image_caption":{"caption_text":"(Foto: Arquivo pessoal) ","source_text":"","source_url":""},"jetpack_featured_media_url":"https:\/\/jornalfatosenoticias.com.br\/wp-content\/uploads\/2025\/04\/JARDIM-LIMOEIRO.jpg","_links":{"self":[{"href":"https:\/\/jornalfatosenoticias.com.br\/index.php\/wp-json\/wp\/v2\/posts\/58242","targetHints":{"allow":["GET"]}}],"collection":[{"href":"https:\/\/jornalfatosenoticias.com.br\/index.php\/wp-json\/wp\/v2\/posts"}],"about":[{"href":"https:\/\/jornalfatosenoticias.com.br\/index.php\/wp-json\/wp\/v2\/types\/post"}],"author":[{"embeddable":true,"href":"https:\/\/jornalfatosenoticias.com.br\/index.php\/wp-json\/wp\/v2\/users\/3"}],"replies":[{"embeddable":true,"href":"https:\/\/jornalfatosenoticias.com.br\/index.php\/wp-json\/wp\/v2\/comments?post=58242"}],"version-history":[{"count":0,"href":"https:\/\/jornalfatosenoticias.com.br\/index.php\/wp-json\/wp\/v2\/posts\/58242\/revisions"}],"wp:featuredmedia":[{"embeddable":true,"href":"https:\/\/jornalfatosenoticias.com.br\/index.php\/wp-json\/wp\/v2\/media\/58245"}],"wp:attachment":[{"href":"https:\/\/jornalfatosenoticias.com.br\/index.php\/wp-json\/wp\/v2\/media?parent=58242"}],"wp:term":[{"taxonomy":"category","embeddable":true,"href":"https:\/\/jornalfatosenoticias.com.br\/index.php\/wp-json\/wp\/v2\/categories?post=58242"},{"taxonomy":"post_tag","embeddable":true,"href":"https:\/\/jornalfatosenoticias.com.br\/index.php\/wp-json\/wp\/v2\/tags?post=58242"}],"curies":[{"name":"wp","href":"https:\/\/api.w.org\/{rel}","templated":true}]}}