{"id":58248,"date":"2025-04-03T14:53:04","date_gmt":"2025-04-03T17:53:04","guid":{"rendered":"https:\/\/jornalfatosenoticias.com.br\/?p=58248"},"modified":"2025-04-03T14:53:26","modified_gmt":"2025-04-03T17:53:26","slug":"stj-x-o-leao-da-rfb-e-como-ficam-os-contribuintes","status":"publish","type":"post","link":"https:\/\/jornalfatosenoticias.com.br\/index.php\/2025\/04\/03\/stj-x-o-leao-da-rfb-e-como-ficam-os-contribuintes\/","title":{"rendered":"STJ x O Le\u00e3o da RFB \u2014 e como ficam os contribuintes?"},"content":{"rendered":"\n<p><span class=\"has-inline-color has-black-color\">Por<\/span>\u00a0<strong><a href=\"https:\/\/jornalfatosenoticias.com.br\/index.php\/2024\/11\/07\/empresas-de-transporte-coletivo-de-passageiros-creditos-cofins-e-pis-o-novo-incentivo\/\">Rogerio Fernandes da Silva &amp; Kalyne Calais<\/a><\/strong><\/p>\n\n\n\n<div class=\"wp-block-image\"><figure class=\"aligncenter size-large\"><a href=\"https:\/\/mizu.com.br\/\"><img loading=\"lazy\" decoding=\"async\" width=\"729\" height=\"90\" src=\"https:\/\/jornalfatosenoticias.com.br\/wp-content\/uploads\/2020\/02\/Logo_Mizu.png\" alt=\"\" class=\"wp-image-1441\" srcset=\"https:\/\/jornalfatosenoticias.com.br\/wp-content\/uploads\/2020\/02\/Logo_Mizu.png 729w, https:\/\/jornalfatosenoticias.com.br\/wp-content\/uploads\/2020\/02\/Logo_Mizu-300x37.png 300w\" sizes=\"auto, (max-width: 729px) 100vw, 729px\" \/><\/a><\/figure><\/div>\n\n\n\n<div class=\"wp-block-image is-style-rounded\"><figure class=\"alignleft size-large\"><img loading=\"lazy\" decoding=\"async\" width=\"120\" height=\"60\" src=\"https:\/\/jornalfatosenoticias.com.br\/wp-content\/uploads\/2024\/09\/Legis_Juris_Consultoria_Rogerio_e_Kalyne-Portal.jpg\" alt=\"\" class=\"wp-image-53912\"\/><\/figure><\/div>\n\n\n\n<p>Indo direto ao ponto: a exclus\u00e3o do ICMS-ST da base de c\u00e1lculo do PIS e da Cofins \u00e9 um tema de grande relev\u00e2ncia para as empresas que adotam o regime fiscal do Lucro Real. Essas empresas est\u00e3o sujeitas \u00e0 n\u00e3o cumulatividade na apura\u00e7\u00e3o de cr\u00e9ditos e exclus\u00f5es na base de c\u00e1lculo dessas contribui\u00e7\u00f5es.<br>No final de 2024, o Superior Tribunal de Justi\u00e7a (STJ), ao julgar um recurso repetitivo \u2014 que orienta varas e tribunais em todo o pa\u00eds \u2014, decidiu favoravelmente aos contribuintes, permitindo a dedu\u00e7\u00e3o desses tributos federais. No entanto, a Receita Federal do Brasil (RFB) vinha dificultando administrativamente a aplica\u00e7\u00e3o dessa exclus\u00e3o, o que gerava inseguran\u00e7a para as empresas.<\/p>\n\n\n\n<div class=\"wp-block-image\"><figure class=\"aligncenter size-large is-resized\"><a href=\"https:\/\/www.legisjuris.com.br\/\"><img loading=\"lazy\" decoding=\"async\" src=\"https:\/\/jornalfatosenoticias.com.br\/wp-content\/uploads\/2024\/09\/Legis-Juris-Consultoria_logo.jpg\" alt=\"\" class=\"wp-image-53915\" width=\"504\" height=\"211\" srcset=\"https:\/\/jornalfatosenoticias.com.br\/wp-content\/uploads\/2024\/09\/Legis-Juris-Consultoria_logo.jpg 969w, https:\/\/jornalfatosenoticias.com.br\/wp-content\/uploads\/2024\/09\/Legis-Juris-Consultoria_logo-300x126.jpg 300w, https:\/\/jornalfatosenoticias.com.br\/wp-content\/uploads\/2024\/09\/Legis-Juris-Consultoria_logo-768x322.jpg 768w\" sizes=\"auto, (max-width: 504px) 100vw, 504px\" \/><\/a><\/figure><\/div>\n\n\n\n<p>O julgamento do STJ foi un\u00e2nime (Tema 1125 ou REsps 1.896.678 e 1.958.265). Essa tese segue a mesma linha da decis\u00e3o do Supremo Tribunal Federal (STF), que, em mar\u00e7o de 2017 (Tema 69 ou RE 574.706), determinou a exclus\u00e3o do ICMS da base das contribui\u00e7\u00f5es federais. O fundamento utilizado pelo STJ foi o mesmo do STF: o imposto estadual n\u00e3o constitui receita das empresas e, portanto, n\u00e3o pode ser considerado faturamento. A \u00fanica diferen\u00e7a, no caso do ICMS-ST, est\u00e1 na forma de recolhimento, pois, no regime de substitui\u00e7\u00e3o tribut\u00e1ria, a cobran\u00e7a ocorre antecipadamente na cadeia produtiva, ficando a cargo do chamado \u201ccontribuinte substituto\u201d.<\/p>\n\n\n\n<div class=\"wp-block-image\"><figure class=\"aligncenter size-large is-resized\"><a href=\"https:\/\/www.ithbrasil.com.br\/\"><img loading=\"lazy\" decoding=\"async\" src=\"https:\/\/jornalfatosenoticias.com.br\/wp-content\/uploads\/2023\/08\/ITH.jpeg\" alt=\"\" class=\"wp-image-44638\" width=\"279\" height=\"227\" srcset=\"https:\/\/jornalfatosenoticias.com.br\/wp-content\/uploads\/2023\/08\/ITH.jpeg 800w, https:\/\/jornalfatosenoticias.com.br\/wp-content\/uploads\/2023\/08\/ITH-300x244.jpeg 300w, https:\/\/jornalfatosenoticias.com.br\/wp-content\/uploads\/2023\/08\/ITH-768x624.jpeg 768w\" sizes=\"auto, (max-width: 279px) 100vw, 279px\" \/><\/a><\/figure><\/div>\n\n\n\n<p>A diverg\u00eancia entre o entendimento judicial e o administrativo ficou evidente nas Solu\u00e7\u00f5es de Consulta n.\u00ba 4046, 4047 e 4048\/2024, emitidas pela Divis\u00e3o de Tributa\u00e7\u00e3o (Disit) da Superintend\u00eancia Regional da Receita Federal da 4.\u00aa Regi\u00e3o Fiscal. Esses pareceres determinavam que \u201ca exclus\u00e3o somente pode ser aproveitada pelo substituto tribut\u00e1rio, n\u00e3o servindo, em qualquer hip\u00f3tese, ao substitu\u00eddo na obriga\u00e7\u00e3o tribut\u00e1ria correlata\u201d. Esse entendimento j\u00e1 havia sido manifestado anteriormente na Solu\u00e7\u00e3o de Consulta Cosit n.\u00ba 104\/2017, que possu\u00eda efeito vinculante para a administra\u00e7\u00e3o tribut\u00e1ria.<\/p>\n\n\n\n<div class=\"wp-block-image\"><figure class=\"aligncenter size-large is-resized\"><a href=\"https:\/\/www.instagram.com\/restaurantepegoretti\/\"><img loading=\"lazy\" decoding=\"async\" src=\"https:\/\/jornalfatosenoticias.com.br\/wp-content\/uploads\/2023\/12\/pegoretti-logo-pdf-1024x389.jpg\" alt=\"\" class=\"wp-image-47536\" width=\"498\" height=\"189\" srcset=\"https:\/\/jornalfatosenoticias.com.br\/wp-content\/uploads\/2023\/12\/pegoretti-logo-pdf-1024x389.jpg 1024w, https:\/\/jornalfatosenoticias.com.br\/wp-content\/uploads\/2023\/12\/pegoretti-logo-pdf-300x114.jpg 300w, https:\/\/jornalfatosenoticias.com.br\/wp-content\/uploads\/2023\/12\/pegoretti-logo-pdf-768x291.jpg 768w, https:\/\/jornalfatosenoticias.com.br\/wp-content\/uploads\/2023\/12\/pegoretti-logo-pdf.jpg 1120w\" sizes=\"auto, (max-width: 498px) 100vw, 498px\" \/><\/a><\/figure><\/div>\n\n\n\n<p><strong><span class=\"has-inline-color has-black-color\">Parecer da PGFN SEI N\u00ba 4090\/2024\/MF e a possibilidade de exclus\u00e3o administrativa<br><\/span><\/strong>Em 16 de dezembro de 2024, a Procuradoria-Geral da Fazenda Nacional (PGFN) emitiu o Parecer SEI n.\u00ba 4090\/2024\/MF, formalizando a dispensa de contesta\u00e7\u00e3o e recursos nos processos judiciais e delimitando a extens\u00e3o e o alcance da decis\u00e3o do STJ. Com isso, a Receita Federal deve observar corretamente a orienta\u00e7\u00e3o da Corte e permitir a exclus\u00e3o do ICMS-ST diretamente na esfera administrativa, sem a necessidade de recorrer ao Judici\u00e1rio.<\/p>\n\n\n\n<div class=\"wp-block-image\"><figure class=\"aligncenter size-large is-resized\"><a href=\"https:\/\/www.facebook.com\/profile.php?id=100069289606145\"><img loading=\"lazy\" decoding=\"async\" src=\"https:\/\/jornalfatosenoticias.com.br\/wp-content\/uploads\/2024\/11\/Guaitolini-Contabilidade-1024x714.jpeg\" alt=\"\" class=\"wp-image-55808\" width=\"309\" height=\"215\" srcset=\"https:\/\/jornalfatosenoticias.com.br\/wp-content\/uploads\/2024\/11\/Guaitolini-Contabilidade-1024x714.jpeg 1024w, https:\/\/jornalfatosenoticias.com.br\/wp-content\/uploads\/2024\/11\/Guaitolini-Contabilidade-300x209.jpeg 300w, https:\/\/jornalfatosenoticias.com.br\/wp-content\/uploads\/2024\/11\/Guaitolini-Contabilidade-768x535.jpeg 768w, https:\/\/jornalfatosenoticias.com.br\/wp-content\/uploads\/2024\/11\/Guaitolini-Contabilidade.jpeg 1280w\" sizes=\"auto, (max-width: 309px) 100vw, 309px\" \/><\/a><\/figure><\/div>\n\n\n\n<p><strong><span class=\"has-inline-color has-black-color\">No parecer, a PGFN reconhece expressamente:<br><\/span><\/strong><\/p>\n\n\n\n<blockquote class=\"wp-block-quote is-layout-flow wp-block-quote-is-layout-flow\"><p><span class=\"has-inline-color has-luminous-vivid-orange-color\">O ICMS-ST n\u00e3o deve ser inclu\u00eddo na base de c\u00e1lculo das contribui\u00e7\u00f5es ao PIS\/Cofins devidas pelo contribuinte substitu\u00eddo no regime de substitui\u00e7\u00e3o tribut\u00e1ria progressiva\u201d.<\/span><\/p><\/blockquote>\n\n\n\n<div class=\"wp-block-image\"><figure class=\"aligncenter size-large is-resized\"><a href=\"https:\/\/www.facebook.com\/vetor.vix\/\"><img loading=\"lazy\" decoding=\"async\" src=\"https:\/\/jornalfatosenoticias.com.br\/wp-content\/uploads\/2023\/09\/vetorvix1024_1.jpg\" alt=\"\" class=\"wp-image-44868\" width=\"520\" height=\"138\" srcset=\"https:\/\/jornalfatosenoticias.com.br\/wp-content\/uploads\/2023\/09\/vetorvix1024_1.jpg 1024w, https:\/\/jornalfatosenoticias.com.br\/wp-content\/uploads\/2023\/09\/vetorvix1024_1-300x80.jpg 300w, https:\/\/jornalfatosenoticias.com.br\/wp-content\/uploads\/2023\/09\/vetorvix1024_1-768x205.jpg 768w\" sizes=\"auto, (max-width: 520px) 100vw, 520px\" \/><\/a><\/figure><\/div>\n\n\n\n<p>Al\u00e9m disso, o parecer estabelece que a exclus\u00e3o do ICMS-ST deve ser aplicada retroativamente a partir de 15 de mar\u00e7o de 2017, data do julgamento do Tema 69 pelo STF, conhecido como a \u201ctese do s\u00e9culo\u201d. Com essa decis\u00e3o, os contribuintes substitu\u00eddos \u2014 aqueles que adquirem mercadorias com o ICMS j\u00e1 recolhido pelo fornecedor \u2014 t\u00eam respaldo para realizar a exclus\u00e3o do ICMS-ST na esfera administrativa, sem necessidade de a\u00e7\u00e3o judicial. Isso abre caminho para a compensa\u00e7\u00e3o de valores pagos indevidamente nos \u00faltimos anos, utilizando-se dos pr\u00f3prios mecanismos da Receita Federal, como a PER\/DCOMP.<\/p>\n\n\n\n<div class=\"wp-block-image\"><figure class=\"aligncenter size-large\"><a href=\"http:\/\/www.ferrarimaquinas.com.br\/\"><img loading=\"lazy\" decoding=\"async\" width=\"300\" height=\"250\" src=\"https:\/\/jornalfatosenoticias.com.br\/wp-content\/uploads\/2022\/02\/FERRARI_MAQUINAS-E-FERRAMENTAS2.jpg\" alt=\"\" class=\"wp-image-27860\"\/><\/a><\/figure><\/div>\n\n\n\n<p>Aten\u00e7\u00e3o deve ser dada a quest\u00e3o de que o Parecer SEI 4090\/2024 afasta em parte a inseguran\u00e7a jur\u00eddica mas h\u00e1 alguns pontos vagos, pois a pr\u00f3pria RFB n\u00e3o se pronunciou corroborando o mesmo entendimento, somente se pronunciou sobre o direito do contribuinte substituto, gerando d\u00favidas quanto a necessidade de eventual adicional judicializa\u00e7\u00e3o. Entendemos que um parecer conjunto RFB e PGFN, se faz necess\u00e1rio, resolver\u00e1 definitivamente o problema.<\/p>\n\n\n\n<div class=\"wp-block-image\"><figure class=\"aligncenter size-large is-resized\"><a href=\"https:\/\/www.controlsystems.com.br\/\"><img loading=\"lazy\" decoding=\"async\" src=\"https:\/\/jornalfatosenoticias.com.br\/wp-content\/uploads\/2020\/02\/CONTROL-CS.jpg\" alt=\"\" class=\"wp-image-44991\" width=\"252\" height=\"302\" srcset=\"https:\/\/jornalfatosenoticias.com.br\/wp-content\/uploads\/2020\/02\/CONTROL-CS.jpg 834w, https:\/\/jornalfatosenoticias.com.br\/wp-content\/uploads\/2020\/02\/CONTROL-CS-250x300.jpg 250w, https:\/\/jornalfatosenoticias.com.br\/wp-content\/uploads\/2020\/02\/CONTROL-CS-768x921.jpg 768w\" sizes=\"auto, (max-width: 252px) 100vw, 252px\" \/><\/a><\/figure><\/div>\n\n\n\n<p><strong><span class=\"has-inline-color has-black-color\">Conclus\u00e3o<br><\/span><\/strong>Ap\u00f3s anos de disputa entre contribuintes e a Receita Federal, o STJ e a PGFN consolidaram um entendimento definitivo: a exclus\u00e3o do ICMS-ST da base do PIS e da Cofins \u00e9 um direito garantido, que pode ser exercido administrativamente, sem a necessidade de a\u00e7\u00e3o judicial, apesar da RFB n\u00e3o se pronunciar, mesmo com o parecer da PGFN, o que \u00e9 dif\u00edcil de compreender onde o contribuinte se coloca dentro deste ambiente.<\/p>\n\n\n\n<div class=\"wp-block-image\"><figure class=\"aligncenter size-large is-resized\"><a href=\"https:\/\/www.instagram.com\/rcradiadores\/\"><img loading=\"lazy\" decoding=\"async\" src=\"https:\/\/jornalfatosenoticias.com.br\/wp-content\/uploads\/2022\/10\/RC_800x750_page-0001.jpg\" alt=\"\" class=\"wp-image-35338\" width=\"267\" height=\"251\" srcset=\"https:\/\/jornalfatosenoticias.com.br\/wp-content\/uploads\/2022\/10\/RC_800x750_page-0001.jpg 400w, https:\/\/jornalfatosenoticias.com.br\/wp-content\/uploads\/2022\/10\/RC_800x750_page-0001-300x281.jpg 300w\" sizes=\"auto, (max-width: 267px) 100vw, 267px\" \/><\/a><\/figure><\/div>\n\n\n\n<p>Cabe assim, \u00e0s empresas aplicarem essa decis\u00e3o em suas apura\u00e7\u00f5es fiscais e, se for o caso, utilizarem os instrumentos dispon\u00edveis para recuperar valores pagos indevidamente. O Le\u00e3o da RFB pode rugir, mas os contribuintes t\u00eam, finalmente, a lei ao seu lado.<\/p>\n\n\n\n<div class=\"wp-block-image\"><figure class=\"alignleft size-large is-resized\"><img decoding=\"async\" src=\"https:\/\/jornalfatosenoticias.com.br\/wp-content\/uploads\/2024\/10\/rogerio-fernandes-e-kalyne-calais_PORTAL.jpg\" alt=\"\" class=\"wp-image-55150\" width=\"-86\" height=\"-42\" srcset=\"https:\/\/jornalfatosenoticias.com.br\/wp-content\/uploads\/2024\/10\/rogerio-fernandes-e-kalyne-calais_PORTAL.jpg 755w, https:\/\/jornalfatosenoticias.com.br\/wp-content\/uploads\/2024\/10\/rogerio-fernandes-e-kalyne-calais_PORTAL-300x149.jpg 300w\" sizes=\"(max-width: 755px) 100vw, 755px\" \/><\/figure><\/div>\n","protected":false},"excerpt":{"rendered":"<p>Por\u00a0Rogerio Fernandes da Silva &amp; Kalyne Calais Indo direto ao ponto: a exclus\u00e3o do ICMS-ST da base de c\u00e1lculo do PIS e da Cofins \u00e9 um tema de grande relev\u00e2ncia para as empresas que adotam o regime fiscal do Lucro Real. Essas empresas est\u00e3o sujeitas \u00e0 n\u00e3o cumulatividade na apura\u00e7\u00e3o de cr\u00e9ditos e exclus\u00f5es na [&hellip;]<\/p>\n","protected":false},"author":2,"featured_media":58249,"comment_status":"open","ping_status":"open","sticky":false,"template":"","format":"standard","meta":{"footnotes":""},"categories":[9],"tags":[26550,26551,26548,26549,294,14905],"class_list":["post-58248","post","type-post","status-publish","format-standard","has-post-thumbnail","hentry","category-economia","tag-administracao-tributaria","tag-base-de-calculo","tag-pgfn","tag-receita-federal-do-brasil","tag-stf","tag-stj"],"yoast_head":"<!-- This site is optimized with the Yoast SEO plugin v26.5 - https:\/\/yoast.com\/wordpress\/plugins\/seo\/ -->\n<title>STJ x O Le\u00e3o da RFB \u2014 e como ficam os contribuintes? - Jornal Fatos e Not\u00edcias<\/title>\n<meta name=\"robots\" content=\"index, follow, max-snippet:-1, max-image-preview:large, max-video-preview:-1\" \/>\n<link rel=\"canonical\" href=\"https:\/\/jornalfatosenoticias.com.br\/index.php\/2025\/04\/03\/stj-x-o-leao-da-rfb-e-como-ficam-os-contribuintes\/\" \/>\n<meta property=\"og:locale\" content=\"pt_BR\" \/>\n<meta property=\"og:type\" content=\"article\" \/>\n<meta property=\"og:title\" content=\"STJ x O Le\u00e3o da RFB \u2014 e como ficam os contribuintes? - Jornal Fatos e Not\u00edcias\" \/>\n<meta property=\"og:description\" content=\"Por\u00a0Rogerio Fernandes da Silva &amp; Kalyne Calais Indo direto ao ponto: a exclus\u00e3o do ICMS-ST da base de c\u00e1lculo do PIS e da Cofins \u00e9 um tema de grande relev\u00e2ncia para as empresas que adotam o regime fiscal do Lucro Real. Essas empresas est\u00e3o sujeitas \u00e0 n\u00e3o cumulatividade na apura\u00e7\u00e3o de cr\u00e9ditos e exclus\u00f5es na [&hellip;]\" \/>\n<meta property=\"og:url\" content=\"https:\/\/jornalfatosenoticias.com.br\/index.php\/2025\/04\/03\/stj-x-o-leao-da-rfb-e-como-ficam-os-contribuintes\/\" \/>\n<meta property=\"og:site_name\" content=\"Jornal Fatos e Not\u00edcias\" \/>\n<meta property=\"article:published_time\" content=\"2025-04-03T17:53:04+00:00\" \/>\n<meta property=\"article:modified_time\" content=\"2025-04-03T17:53:26+00:00\" \/>\n<meta property=\"og:image\" content=\"https:\/\/jornalfatosenoticias.com.br\/wp-content\/uploads\/2025\/04\/receita-federal-brasil.jpeg\" \/>\n\t<meta property=\"og:image:width\" content=\"996\" \/>\n\t<meta property=\"og:image:height\" content=\"664\" \/>\n\t<meta property=\"og:image:type\" content=\"image\/jpeg\" \/>\n<meta name=\"author\" content=\"Luzimara Fernandes\" \/>\n<meta name=\"twitter:card\" content=\"summary_large_image\" \/>\n<meta name=\"twitter:label1\" content=\"Escrito por\" \/>\n\t<meta name=\"twitter:data1\" content=\"Luzimara Fernandes\" \/>\n\t<meta name=\"twitter:label2\" content=\"Est. tempo de leitura\" \/>\n\t<meta name=\"twitter:data2\" content=\"4 minutos\" \/>\n<script type=\"application\/ld+json\" class=\"yoast-schema-graph\">{\"@context\":\"https:\/\/schema.org\",\"@graph\":[{\"@type\":\"Article\",\"@id\":\"https:\/\/jornalfatosenoticias.com.br\/index.php\/2025\/04\/03\/stj-x-o-leao-da-rfb-e-como-ficam-os-contribuintes\/#article\",\"isPartOf\":{\"@id\":\"https:\/\/jornalfatosenoticias.com.br\/index.php\/2025\/04\/03\/stj-x-o-leao-da-rfb-e-como-ficam-os-contribuintes\/\"},\"author\":{\"name\":\"Luzimara Fernandes\",\"@id\":\"https:\/\/jornalfatosenoticias.com.br\/#\/schema\/person\/d63837fa13ac8666eb9e74e0985d6f81\"},\"headline\":\"STJ x O Le\u00e3o da RFB \u2014 e como ficam os contribuintes?\",\"datePublished\":\"2025-04-03T17:53:04+00:00\",\"dateModified\":\"2025-04-03T17:53:26+00:00\",\"mainEntityOfPage\":{\"@id\":\"https:\/\/jornalfatosenoticias.com.br\/index.php\/2025\/04\/03\/stj-x-o-leao-da-rfb-e-como-ficam-os-contribuintes\/\"},\"wordCount\":765,\"commentCount\":0,\"publisher\":{\"@id\":\"https:\/\/jornalfatosenoticias.com.br\/#organization\"},\"image\":{\"@id\":\"https:\/\/jornalfatosenoticias.com.br\/index.php\/2025\/04\/03\/stj-x-o-leao-da-rfb-e-como-ficam-os-contribuintes\/#primaryimage\"},\"thumbnailUrl\":\"https:\/\/jornalfatosenoticias.com.br\/wp-content\/uploads\/2025\/04\/receita-federal-brasil.jpeg\",\"keywords\":[\"administra\u00e7\u00e3o tribut\u00e1ria\",\"base de c\u00e1lculo\",\"PGFN\",\"Receita Federal do Brasil\",\"STF\",\"STJ\"],\"articleSection\":[\"Economia\"],\"inLanguage\":\"pt-BR\",\"potentialAction\":[{\"@type\":\"CommentAction\",\"name\":\"Comment\",\"target\":[\"https:\/\/jornalfatosenoticias.com.br\/index.php\/2025\/04\/03\/stj-x-o-leao-da-rfb-e-como-ficam-os-contribuintes\/#respond\"]}]},{\"@type\":\"WebPage\",\"@id\":\"https:\/\/jornalfatosenoticias.com.br\/index.php\/2025\/04\/03\/stj-x-o-leao-da-rfb-e-como-ficam-os-contribuintes\/\",\"url\":\"https:\/\/jornalfatosenoticias.com.br\/index.php\/2025\/04\/03\/stj-x-o-leao-da-rfb-e-como-ficam-os-contribuintes\/\",\"name\":\"STJ x O Le\u00e3o da RFB \u2014 e como ficam os contribuintes? - Jornal Fatos e Not\u00edcias\",\"isPartOf\":{\"@id\":\"https:\/\/jornalfatosenoticias.com.br\/#website\"},\"primaryImageOfPage\":{\"@id\":\"https:\/\/jornalfatosenoticias.com.br\/index.php\/2025\/04\/03\/stj-x-o-leao-da-rfb-e-como-ficam-os-contribuintes\/#primaryimage\"},\"image\":{\"@id\":\"https:\/\/jornalfatosenoticias.com.br\/index.php\/2025\/04\/03\/stj-x-o-leao-da-rfb-e-como-ficam-os-contribuintes\/#primaryimage\"},\"thumbnailUrl\":\"https:\/\/jornalfatosenoticias.com.br\/wp-content\/uploads\/2025\/04\/receita-federal-brasil.jpeg\",\"datePublished\":\"2025-04-03T17:53:04+00:00\",\"dateModified\":\"2025-04-03T17:53:26+00:00\",\"breadcrumb\":{\"@id\":\"https:\/\/jornalfatosenoticias.com.br\/index.php\/2025\/04\/03\/stj-x-o-leao-da-rfb-e-como-ficam-os-contribuintes\/#breadcrumb\"},\"inLanguage\":\"pt-BR\",\"potentialAction\":[{\"@type\":\"ReadAction\",\"target\":[\"https:\/\/jornalfatosenoticias.com.br\/index.php\/2025\/04\/03\/stj-x-o-leao-da-rfb-e-como-ficam-os-contribuintes\/\"]}]},{\"@type\":\"ImageObject\",\"inLanguage\":\"pt-BR\",\"@id\":\"https:\/\/jornalfatosenoticias.com.br\/index.php\/2025\/04\/03\/stj-x-o-leao-da-rfb-e-como-ficam-os-contribuintes\/#primaryimage\",\"url\":\"https:\/\/jornalfatosenoticias.com.br\/wp-content\/uploads\/2025\/04\/receita-federal-brasil.jpeg\",\"contentUrl\":\"https:\/\/jornalfatosenoticias.com.br\/wp-content\/uploads\/2025\/04\/receita-federal-brasil.jpeg\",\"width\":996,\"height\":664},{\"@type\":\"BreadcrumbList\",\"@id\":\"https:\/\/jornalfatosenoticias.com.br\/index.php\/2025\/04\/03\/stj-x-o-leao-da-rfb-e-como-ficam-os-contribuintes\/#breadcrumb\",\"itemListElement\":[{\"@type\":\"ListItem\",\"position\":1,\"name\":\"In\u00edcio\",\"item\":\"https:\/\/jornalfatosenoticias.com.br\/\"},{\"@type\":\"ListItem\",\"position\":2,\"name\":\"STJ x O Le\u00e3o da RFB \u2014 e como ficam os contribuintes?\"}]},{\"@type\":\"WebSite\",\"@id\":\"https:\/\/jornalfatosenoticias.com.br\/#website\",\"url\":\"https:\/\/jornalfatosenoticias.com.br\/\",\"name\":\"Jornal Fatos e Not\u00edcias\",\"description\":\"Not\u00edcias em geral\",\"publisher\":{\"@id\":\"https:\/\/jornalfatosenoticias.com.br\/#organization\"},\"potentialAction\":[{\"@type\":\"SearchAction\",\"target\":{\"@type\":\"EntryPoint\",\"urlTemplate\":\"https:\/\/jornalfatosenoticias.com.br\/?s={search_term_string}\"},\"query-input\":{\"@type\":\"PropertyValueSpecification\",\"valueRequired\":true,\"valueName\":\"search_term_string\"}}],\"inLanguage\":\"pt-BR\"},{\"@type\":\"Organization\",\"@id\":\"https:\/\/jornalfatosenoticias.com.br\/#organization\",\"name\":\"Jornal Fatos e Not\u00edcias\",\"url\":\"https:\/\/jornalfatosenoticias.com.br\/\",\"logo\":{\"@type\":\"ImageObject\",\"inLanguage\":\"pt-BR\",\"@id\":\"https:\/\/jornalfatosenoticias.com.br\/#\/schema\/logo\/image\/\",\"url\":\"https:\/\/jornalfatosenoticias.com.br\/wp-content\/uploads\/2020\/02\/logo120.png\",\"contentUrl\":\"https:\/\/jornalfatosenoticias.com.br\/wp-content\/uploads\/2020\/02\/logo120.png\",\"width\":1227,\"height\":120,\"caption\":\"Jornal Fatos e Not\u00edcias\"},\"image\":{\"@id\":\"https:\/\/jornalfatosenoticias.com.br\/#\/schema\/logo\/image\/\"}},{\"@type\":\"Person\",\"@id\":\"https:\/\/jornalfatosenoticias.com.br\/#\/schema\/person\/d63837fa13ac8666eb9e74e0985d6f81\",\"name\":\"Luzimara Fernandes\",\"image\":{\"@type\":\"ImageObject\",\"inLanguage\":\"pt-BR\",\"@id\":\"https:\/\/jornalfatosenoticias.com.br\/#\/schema\/person\/image\/\",\"url\":\"https:\/\/jornalfatosenoticias.com.br\/wp-content\/uploads\/2025\/05\/EU_portal.jpg\",\"contentUrl\":\"https:\/\/jornalfatosenoticias.com.br\/wp-content\/uploads\/2025\/05\/EU_portal.jpg\",\"caption\":\"Luzimara Fernandes\"},\"description\":\"Jornalista MTB 2358-ES\",\"sameAs\":[\"https:\/\/jornalfatosenoticias.com.br\"],\"url\":\"https:\/\/jornalfatosenoticias.com.br\/index.php\/author\/luzimara\/\"}]}<\/script>\n<!-- \/ Yoast SEO plugin. -->","yoast_head_json":{"title":"STJ x O Le\u00e3o da RFB \u2014 e como ficam os contribuintes? - Jornal Fatos e Not\u00edcias","robots":{"index":"index","follow":"follow","max-snippet":"max-snippet:-1","max-image-preview":"max-image-preview:large","max-video-preview":"max-video-preview:-1"},"canonical":"https:\/\/jornalfatosenoticias.com.br\/index.php\/2025\/04\/03\/stj-x-o-leao-da-rfb-e-como-ficam-os-contribuintes\/","og_locale":"pt_BR","og_type":"article","og_title":"STJ x O Le\u00e3o da RFB \u2014 e como ficam os contribuintes? - Jornal Fatos e Not\u00edcias","og_description":"Por\u00a0Rogerio Fernandes da Silva &amp; Kalyne Calais Indo direto ao ponto: a exclus\u00e3o do ICMS-ST da base de c\u00e1lculo do PIS e da Cofins \u00e9 um tema de grande relev\u00e2ncia para as empresas que adotam o regime fiscal do Lucro Real. Essas empresas est\u00e3o sujeitas \u00e0 n\u00e3o cumulatividade na apura\u00e7\u00e3o de cr\u00e9ditos e exclus\u00f5es na [&hellip;]","og_url":"https:\/\/jornalfatosenoticias.com.br\/index.php\/2025\/04\/03\/stj-x-o-leao-da-rfb-e-como-ficam-os-contribuintes\/","og_site_name":"Jornal Fatos e Not\u00edcias","article_published_time":"2025-04-03T17:53:04+00:00","article_modified_time":"2025-04-03T17:53:26+00:00","og_image":[{"width":996,"height":664,"url":"https:\/\/jornalfatosenoticias.com.br\/wp-content\/uploads\/2025\/04\/receita-federal-brasil.jpeg","type":"image\/jpeg"}],"author":"Luzimara Fernandes","twitter_card":"summary_large_image","twitter_misc":{"Escrito por":"Luzimara Fernandes","Est. tempo de leitura":"4 minutos"},"schema":{"@context":"https:\/\/schema.org","@graph":[{"@type":"Article","@id":"https:\/\/jornalfatosenoticias.com.br\/index.php\/2025\/04\/03\/stj-x-o-leao-da-rfb-e-como-ficam-os-contribuintes\/#article","isPartOf":{"@id":"https:\/\/jornalfatosenoticias.com.br\/index.php\/2025\/04\/03\/stj-x-o-leao-da-rfb-e-como-ficam-os-contribuintes\/"},"author":{"name":"Luzimara Fernandes","@id":"https:\/\/jornalfatosenoticias.com.br\/#\/schema\/person\/d63837fa13ac8666eb9e74e0985d6f81"},"headline":"STJ x O Le\u00e3o da RFB \u2014 e como ficam os contribuintes?","datePublished":"2025-04-03T17:53:04+00:00","dateModified":"2025-04-03T17:53:26+00:00","mainEntityOfPage":{"@id":"https:\/\/jornalfatosenoticias.com.br\/index.php\/2025\/04\/03\/stj-x-o-leao-da-rfb-e-como-ficam-os-contribuintes\/"},"wordCount":765,"commentCount":0,"publisher":{"@id":"https:\/\/jornalfatosenoticias.com.br\/#organization"},"image":{"@id":"https:\/\/jornalfatosenoticias.com.br\/index.php\/2025\/04\/03\/stj-x-o-leao-da-rfb-e-como-ficam-os-contribuintes\/#primaryimage"},"thumbnailUrl":"https:\/\/jornalfatosenoticias.com.br\/wp-content\/uploads\/2025\/04\/receita-federal-brasil.jpeg","keywords":["administra\u00e7\u00e3o tribut\u00e1ria","base de c\u00e1lculo","PGFN","Receita Federal do Brasil","STF","STJ"],"articleSection":["Economia"],"inLanguage":"pt-BR","potentialAction":[{"@type":"CommentAction","name":"Comment","target":["https:\/\/jornalfatosenoticias.com.br\/index.php\/2025\/04\/03\/stj-x-o-leao-da-rfb-e-como-ficam-os-contribuintes\/#respond"]}]},{"@type":"WebPage","@id":"https:\/\/jornalfatosenoticias.com.br\/index.php\/2025\/04\/03\/stj-x-o-leao-da-rfb-e-como-ficam-os-contribuintes\/","url":"https:\/\/jornalfatosenoticias.com.br\/index.php\/2025\/04\/03\/stj-x-o-leao-da-rfb-e-como-ficam-os-contribuintes\/","name":"STJ x O Le\u00e3o da RFB \u2014 e como ficam os contribuintes? - Jornal Fatos e Not\u00edcias","isPartOf":{"@id":"https:\/\/jornalfatosenoticias.com.br\/#website"},"primaryImageOfPage":{"@id":"https:\/\/jornalfatosenoticias.com.br\/index.php\/2025\/04\/03\/stj-x-o-leao-da-rfb-e-como-ficam-os-contribuintes\/#primaryimage"},"image":{"@id":"https:\/\/jornalfatosenoticias.com.br\/index.php\/2025\/04\/03\/stj-x-o-leao-da-rfb-e-como-ficam-os-contribuintes\/#primaryimage"},"thumbnailUrl":"https:\/\/jornalfatosenoticias.com.br\/wp-content\/uploads\/2025\/04\/receita-federal-brasil.jpeg","datePublished":"2025-04-03T17:53:04+00:00","dateModified":"2025-04-03T17:53:26+00:00","breadcrumb":{"@id":"https:\/\/jornalfatosenoticias.com.br\/index.php\/2025\/04\/03\/stj-x-o-leao-da-rfb-e-como-ficam-os-contribuintes\/#breadcrumb"},"inLanguage":"pt-BR","potentialAction":[{"@type":"ReadAction","target":["https:\/\/jornalfatosenoticias.com.br\/index.php\/2025\/04\/03\/stj-x-o-leao-da-rfb-e-como-ficam-os-contribuintes\/"]}]},{"@type":"ImageObject","inLanguage":"pt-BR","@id":"https:\/\/jornalfatosenoticias.com.br\/index.php\/2025\/04\/03\/stj-x-o-leao-da-rfb-e-como-ficam-os-contribuintes\/#primaryimage","url":"https:\/\/jornalfatosenoticias.com.br\/wp-content\/uploads\/2025\/04\/receita-federal-brasil.jpeg","contentUrl":"https:\/\/jornalfatosenoticias.com.br\/wp-content\/uploads\/2025\/04\/receita-federal-brasil.jpeg","width":996,"height":664},{"@type":"BreadcrumbList","@id":"https:\/\/jornalfatosenoticias.com.br\/index.php\/2025\/04\/03\/stj-x-o-leao-da-rfb-e-como-ficam-os-contribuintes\/#breadcrumb","itemListElement":[{"@type":"ListItem","position":1,"name":"In\u00edcio","item":"https:\/\/jornalfatosenoticias.com.br\/"},{"@type":"ListItem","position":2,"name":"STJ x O Le\u00e3o da RFB \u2014 e como ficam os contribuintes?"}]},{"@type":"WebSite","@id":"https:\/\/jornalfatosenoticias.com.br\/#website","url":"https:\/\/jornalfatosenoticias.com.br\/","name":"Jornal Fatos e Not\u00edcias","description":"Not\u00edcias em geral","publisher":{"@id":"https:\/\/jornalfatosenoticias.com.br\/#organization"},"potentialAction":[{"@type":"SearchAction","target":{"@type":"EntryPoint","urlTemplate":"https:\/\/jornalfatosenoticias.com.br\/?s={search_term_string}"},"query-input":{"@type":"PropertyValueSpecification","valueRequired":true,"valueName":"search_term_string"}}],"inLanguage":"pt-BR"},{"@type":"Organization","@id":"https:\/\/jornalfatosenoticias.com.br\/#organization","name":"Jornal Fatos e Not\u00edcias","url":"https:\/\/jornalfatosenoticias.com.br\/","logo":{"@type":"ImageObject","inLanguage":"pt-BR","@id":"https:\/\/jornalfatosenoticias.com.br\/#\/schema\/logo\/image\/","url":"https:\/\/jornalfatosenoticias.com.br\/wp-content\/uploads\/2020\/02\/logo120.png","contentUrl":"https:\/\/jornalfatosenoticias.com.br\/wp-content\/uploads\/2020\/02\/logo120.png","width":1227,"height":120,"caption":"Jornal Fatos e Not\u00edcias"},"image":{"@id":"https:\/\/jornalfatosenoticias.com.br\/#\/schema\/logo\/image\/"}},{"@type":"Person","@id":"https:\/\/jornalfatosenoticias.com.br\/#\/schema\/person\/d63837fa13ac8666eb9e74e0985d6f81","name":"Luzimara Fernandes","image":{"@type":"ImageObject","inLanguage":"pt-BR","@id":"https:\/\/jornalfatosenoticias.com.br\/#\/schema\/person\/image\/","url":"https:\/\/jornalfatosenoticias.com.br\/wp-content\/uploads\/2025\/05\/EU_portal.jpg","contentUrl":"https:\/\/jornalfatosenoticias.com.br\/wp-content\/uploads\/2025\/05\/EU_portal.jpg","caption":"Luzimara Fernandes"},"description":"Jornalista MTB 2358-ES","sameAs":["https:\/\/jornalfatosenoticias.com.br"],"url":"https:\/\/jornalfatosenoticias.com.br\/index.php\/author\/luzimara\/"}]}},"cc_featured_image_caption":{"caption_text":"(Foto: Freepik) ","source_text":"","source_url":""},"jetpack_featured_media_url":"https:\/\/jornalfatosenoticias.com.br\/wp-content\/uploads\/2025\/04\/receita-federal-brasil.jpeg","_links":{"self":[{"href":"https:\/\/jornalfatosenoticias.com.br\/index.php\/wp-json\/wp\/v2\/posts\/58248","targetHints":{"allow":["GET"]}}],"collection":[{"href":"https:\/\/jornalfatosenoticias.com.br\/index.php\/wp-json\/wp\/v2\/posts"}],"about":[{"href":"https:\/\/jornalfatosenoticias.com.br\/index.php\/wp-json\/wp\/v2\/types\/post"}],"author":[{"embeddable":true,"href":"https:\/\/jornalfatosenoticias.com.br\/index.php\/wp-json\/wp\/v2\/users\/2"}],"replies":[{"embeddable":true,"href":"https:\/\/jornalfatosenoticias.com.br\/index.php\/wp-json\/wp\/v2\/comments?post=58248"}],"version-history":[{"count":0,"href":"https:\/\/jornalfatosenoticias.com.br\/index.php\/wp-json\/wp\/v2\/posts\/58248\/revisions"}],"wp:featuredmedia":[{"embeddable":true,"href":"https:\/\/jornalfatosenoticias.com.br\/index.php\/wp-json\/wp\/v2\/media\/58249"}],"wp:attachment":[{"href":"https:\/\/jornalfatosenoticias.com.br\/index.php\/wp-json\/wp\/v2\/media?parent=58248"}],"wp:term":[{"taxonomy":"category","embeddable":true,"href":"https:\/\/jornalfatosenoticias.com.br\/index.php\/wp-json\/wp\/v2\/categories?post=58248"},{"taxonomy":"post_tag","embeddable":true,"href":"https:\/\/jornalfatosenoticias.com.br\/index.php\/wp-json\/wp\/v2\/tags?post=58248"}],"curies":[{"name":"wp","href":"https:\/\/api.w.org\/{rel}","templated":true}]}}