{"id":5829,"date":"2020-06-24T09:10:29","date_gmt":"2020-06-24T12:10:29","guid":{"rendered":"https:\/\/jornalfatosenoticias.com.br\/?p=5829"},"modified":"2020-06-24T09:10:35","modified_gmt":"2020-06-24T12:10:35","slug":"onu-estuda-relatos-preocupantes-sobre-calor-recorde-no-artico","status":"publish","type":"post","link":"https:\/\/jornalfatosenoticias.com.br\/index.php\/2020\/06\/24\/onu-estuda-relatos-preocupantes-sobre-calor-recorde-no-artico\/","title":{"rendered":"ONU estuda relatos &#8220;preocupantes&#8221; sobre calor recorde no \u00c1rtico"},"content":{"rendered":"\n<h6 class=\"wp-block-heading\"><em>Temperatura teria chegado a 38 graus Celsius na Sib\u00e9ria<\/em><\/h6>\n\n\n\n<p>A Organiza\u00e7\u00e3o Meteorol\u00f3gica Mundial (OMM) informou, nessa ter\u00e7a-feira (23), que est\u00e1 tentando confirmar relatos sobre uma medi\u00e7\u00e3o de temperatura recorde de mais de 38 graus Celsius na Sib\u00e9ria, dizendo que s\u00e3o &#8220;preocupantes&#8221;, mas que parecem condizer com as tend\u00eancias de aquecimento.<br>A OMM pediu \u00e0s autoridades da R\u00fassia que confirmem a medi\u00e7\u00e3o de 38 graus Celsius relatada na cidade russa de Verkhoyansk, ao norte do C\u00edrculo Polar \u00c1rtico, no dia 21 de junho.<br>&#8220;Vimos imagens de sat\u00e9lite e \u00e9 s\u00f3 uma massa vermelha. \u00c9 impressionante e preocupante&#8221;, disse a porta-voz da OMM, Clare Nullis, em entrevista coletiva em Genebra.<br>O \u00c1rtico est\u00e1 se aquecendo duas vezes mais r\u00e1pido do que a m\u00e9dia global, e neste ano uma primavera siberiana com temperatura fora do normal derreteu gelo de superf\u00edcie e rompeu o gelo de rios mais cedo que o usual.<br>O professor Randall Cerveny, relator de clima e eventos clim\u00e1ticos extremos da OMM, disse que uma equipe &#8220;reconheceu provisoriamente essa observa\u00e7\u00e3o como leg\u00edtima&#8221;, o que para ele \u00e9 condizente com outros dados regionais.<br>A Sib\u00e9ria testemunhou um &#8220;calor excepcional&#8221; nas \u00faltimas semanas, acrescentou a OMM.<br>A ag\u00eancia das Na\u00e7\u00f5es Unidas sediada em Genebra espera receber not\u00edcias da ag\u00eancia meteorol\u00f3gica russa dentro de dias, e ent\u00e3o iniciar\u00e1 seu pr\u00f3prio processo de verifica\u00e7\u00e3o para descobrir se a medi\u00e7\u00e3o \u00e9 um recorde hist\u00f3rico.<br>Em fevereiro, a organiza\u00e7\u00e3o informou que uma base de pesquisa da Ant\u00e1rtida registrou a temperatura mais elevada de todos os tempos no continente. &#8220;M\u00eas ap\u00f3s m\u00eas nos surpreendemos, preocupados com as medi\u00e7\u00f5es de temperatura que vemos&#8221;, disse Nullis.<\/p>\n\n\n\n<p><strong><em>Fonte: <a href=\"https:\/\/agenciabrasil.ebc.com.br\/internacional\/noticia\/2020-06\/onu-estuda-relatos-preocupantes-sobre-calor-recorde-no-artico\">Ag\u00eancia Brasil<\/a><\/em><\/strong><\/p>\n","protected":false},"excerpt":{"rendered":"<p>Temperatura teria chegado a 38 graus Celsius na Sib\u00e9ria A Organiza\u00e7\u00e3o Meteorol\u00f3gica Mundial (OMM) informou, nessa ter\u00e7a-feira (23), que est\u00e1 tentando confirmar relatos sobre uma medi\u00e7\u00e3o de temperatura recorde de mais de 38 graus Celsius na Sib\u00e9ria, dizendo que s\u00e3o &#8220;preocupantes&#8221;, mas que parecem condizer com as tend\u00eancias de aquecimento.A OMM pediu \u00e0s autoridades da [&hellip;]<\/p>\n","protected":false},"author":2,"featured_media":5830,"comment_status":"open","ping_status":"open","sticky":false,"template":"","format":"standard","meta":{"footnotes":""},"categories":[8],"tags":[3495,368,3496,3497,648,3484],"class_list":["post-5829","post","type-post","status-publish","format-standard","has-post-thumbnail","hentry","category-meio-ambiente","tag-artico","tag-calor","tag-meteorologia","tag-omm","tag-onu","tag-siberia"],"yoast_head":"<!-- This site is optimized with the Yoast SEO plugin v26.5 - https:\/\/yoast.com\/wordpress\/plugins\/seo\/ -->\n<title>ONU estuda relatos &quot;preocupantes&quot; sobre calor recorde no \u00c1rtico - Jornal Fatos e Not\u00edcias<\/title>\n<meta name=\"robots\" content=\"index, follow, max-snippet:-1, max-image-preview:large, max-video-preview:-1\" \/>\n<link rel=\"canonical\" href=\"https:\/\/jornalfatosenoticias.com.br\/index.php\/2020\/06\/24\/onu-estuda-relatos-preocupantes-sobre-calor-recorde-no-artico\/\" \/>\n<meta property=\"og:locale\" content=\"pt_BR\" \/>\n<meta property=\"og:type\" content=\"article\" \/>\n<meta property=\"og:title\" content=\"ONU estuda relatos &quot;preocupantes&quot; sobre calor recorde no \u00c1rtico - Jornal Fatos e Not\u00edcias\" \/>\n<meta property=\"og:description\" content=\"Temperatura teria chegado a 38 graus Celsius na Sib\u00e9ria A Organiza\u00e7\u00e3o Meteorol\u00f3gica Mundial (OMM) informou, nessa ter\u00e7a-feira (23), que est\u00e1 tentando confirmar relatos sobre uma medi\u00e7\u00e3o de temperatura recorde de mais de 38 graus Celsius na Sib\u00e9ria, dizendo que s\u00e3o &#8220;preocupantes&#8221;, mas que parecem condizer com as tend\u00eancias de aquecimento.A OMM pediu \u00e0s autoridades da [&hellip;]\" \/>\n<meta property=\"og:url\" content=\"https:\/\/jornalfatosenoticias.com.br\/index.php\/2020\/06\/24\/onu-estuda-relatos-preocupantes-sobre-calor-recorde-no-artico\/\" \/>\n<meta property=\"og:site_name\" content=\"Jornal Fatos e Not\u00edcias\" \/>\n<meta property=\"article:published_time\" content=\"2020-06-24T12:10:29+00:00\" \/>\n<meta property=\"article:modified_time\" content=\"2020-06-24T12:10:35+00:00\" \/>\n<meta property=\"og:image\" content=\"https:\/\/jornalfatosenoticias.com.br\/wp-content\/uploads\/2020\/06\/calor-na-siberia.jpg\" \/>\n\t<meta property=\"og:image:width\" content=\"1000\" \/>\n\t<meta property=\"og:image:height\" content=\"598\" \/>\n\t<meta property=\"og:image:type\" content=\"image\/jpeg\" \/>\n<meta name=\"author\" content=\"Luzimara Fernandes\" \/>\n<meta name=\"twitter:card\" content=\"summary_large_image\" \/>\n<meta name=\"twitter:label1\" content=\"Escrito por\" \/>\n\t<meta name=\"twitter:data1\" content=\"Luzimara Fernandes\" \/>\n\t<meta name=\"twitter:label2\" content=\"Est. tempo de leitura\" \/>\n\t<meta name=\"twitter:data2\" content=\"1 minuto\" \/>\n<script type=\"application\/ld+json\" class=\"yoast-schema-graph\">{\"@context\":\"https:\/\/schema.org\",\"@graph\":[{\"@type\":\"Article\",\"@id\":\"https:\/\/jornalfatosenoticias.com.br\/index.php\/2020\/06\/24\/onu-estuda-relatos-preocupantes-sobre-calor-recorde-no-artico\/#article\",\"isPartOf\":{\"@id\":\"https:\/\/jornalfatosenoticias.com.br\/index.php\/2020\/06\/24\/onu-estuda-relatos-preocupantes-sobre-calor-recorde-no-artico\/\"},\"author\":{\"name\":\"Luzimara Fernandes\",\"@id\":\"https:\/\/jornalfatosenoticias.com.br\/#\/schema\/person\/d63837fa13ac8666eb9e74e0985d6f81\"},\"headline\":\"ONU estuda relatos &#8220;preocupantes&#8221; sobre calor recorde no \u00c1rtico\",\"datePublished\":\"2020-06-24T12:10:29+00:00\",\"dateModified\":\"2020-06-24T12:10:35+00:00\",\"mainEntityOfPage\":{\"@id\":\"https:\/\/jornalfatosenoticias.com.br\/index.php\/2020\/06\/24\/onu-estuda-relatos-preocupantes-sobre-calor-recorde-no-artico\/\"},\"wordCount\":305,\"commentCount\":0,\"publisher\":{\"@id\":\"https:\/\/jornalfatosenoticias.com.br\/#organization\"},\"image\":{\"@id\":\"https:\/\/jornalfatosenoticias.com.br\/index.php\/2020\/06\/24\/onu-estuda-relatos-preocupantes-sobre-calor-recorde-no-artico\/#primaryimage\"},\"thumbnailUrl\":\"https:\/\/jornalfatosenoticias.com.br\/wp-content\/uploads\/2020\/06\/calor-na-siberia.jpg\",\"keywords\":[\"\u00c1rtico\",\"calor\",\"meteorologia\",\"OMM\",\"ONU\",\"Sib\u00e9ria\"],\"articleSection\":[\"Meio ambiente\"],\"inLanguage\":\"pt-BR\",\"potentialAction\":[{\"@type\":\"CommentAction\",\"name\":\"Comment\",\"target\":[\"https:\/\/jornalfatosenoticias.com.br\/index.php\/2020\/06\/24\/onu-estuda-relatos-preocupantes-sobre-calor-recorde-no-artico\/#respond\"]}]},{\"@type\":\"WebPage\",\"@id\":\"https:\/\/jornalfatosenoticias.com.br\/index.php\/2020\/06\/24\/onu-estuda-relatos-preocupantes-sobre-calor-recorde-no-artico\/\",\"url\":\"https:\/\/jornalfatosenoticias.com.br\/index.php\/2020\/06\/24\/onu-estuda-relatos-preocupantes-sobre-calor-recorde-no-artico\/\",\"name\":\"ONU estuda relatos \\\"preocupantes\\\" sobre calor recorde no \u00c1rtico - Jornal Fatos e Not\u00edcias\",\"isPartOf\":{\"@id\":\"https:\/\/jornalfatosenoticias.com.br\/#website\"},\"primaryImageOfPage\":{\"@id\":\"https:\/\/jornalfatosenoticias.com.br\/index.php\/2020\/06\/24\/onu-estuda-relatos-preocupantes-sobre-calor-recorde-no-artico\/#primaryimage\"},\"image\":{\"@id\":\"https:\/\/jornalfatosenoticias.com.br\/index.php\/2020\/06\/24\/onu-estuda-relatos-preocupantes-sobre-calor-recorde-no-artico\/#primaryimage\"},\"thumbnailUrl\":\"https:\/\/jornalfatosenoticias.com.br\/wp-content\/uploads\/2020\/06\/calor-na-siberia.jpg\",\"datePublished\":\"2020-06-24T12:10:29+00:00\",\"dateModified\":\"2020-06-24T12:10:35+00:00\",\"breadcrumb\":{\"@id\":\"https:\/\/jornalfatosenoticias.com.br\/index.php\/2020\/06\/24\/onu-estuda-relatos-preocupantes-sobre-calor-recorde-no-artico\/#breadcrumb\"},\"inLanguage\":\"pt-BR\",\"potentialAction\":[{\"@type\":\"ReadAction\",\"target\":[\"https:\/\/jornalfatosenoticias.com.br\/index.php\/2020\/06\/24\/onu-estuda-relatos-preocupantes-sobre-calor-recorde-no-artico\/\"]}]},{\"@type\":\"ImageObject\",\"inLanguage\":\"pt-BR\",\"@id\":\"https:\/\/jornalfatosenoticias.com.br\/index.php\/2020\/06\/24\/onu-estuda-relatos-preocupantes-sobre-calor-recorde-no-artico\/#primaryimage\",\"url\":\"https:\/\/jornalfatosenoticias.com.br\/wp-content\/uploads\/2020\/06\/calor-na-siberia.jpg\",\"contentUrl\":\"https:\/\/jornalfatosenoticias.com.br\/wp-content\/uploads\/2020\/06\/calor-na-siberia.jpg\",\"width\":1000,\"height\":598},{\"@type\":\"BreadcrumbList\",\"@id\":\"https:\/\/jornalfatosenoticias.com.br\/index.php\/2020\/06\/24\/onu-estuda-relatos-preocupantes-sobre-calor-recorde-no-artico\/#breadcrumb\",\"itemListElement\":[{\"@type\":\"ListItem\",\"position\":1,\"name\":\"In\u00edcio\",\"item\":\"https:\/\/jornalfatosenoticias.com.br\/\"},{\"@type\":\"ListItem\",\"position\":2,\"name\":\"ONU estuda relatos &#8220;preocupantes&#8221; sobre calor recorde no \u00c1rtico\"}]},{\"@type\":\"WebSite\",\"@id\":\"https:\/\/jornalfatosenoticias.com.br\/#website\",\"url\":\"https:\/\/jornalfatosenoticias.com.br\/\",\"name\":\"Jornal Fatos e Not\u00edcias\",\"description\":\"Not\u00edcias em geral\",\"publisher\":{\"@id\":\"https:\/\/jornalfatosenoticias.com.br\/#organization\"},\"potentialAction\":[{\"@type\":\"SearchAction\",\"target\":{\"@type\":\"EntryPoint\",\"urlTemplate\":\"https:\/\/jornalfatosenoticias.com.br\/?s={search_term_string}\"},\"query-input\":{\"@type\":\"PropertyValueSpecification\",\"valueRequired\":true,\"valueName\":\"search_term_string\"}}],\"inLanguage\":\"pt-BR\"},{\"@type\":\"Organization\",\"@id\":\"https:\/\/jornalfatosenoticias.com.br\/#organization\",\"name\":\"Jornal Fatos e Not\u00edcias\",\"url\":\"https:\/\/jornalfatosenoticias.com.br\/\",\"logo\":{\"@type\":\"ImageObject\",\"inLanguage\":\"pt-BR\",\"@id\":\"https:\/\/jornalfatosenoticias.com.br\/#\/schema\/logo\/image\/\",\"url\":\"https:\/\/jornalfatosenoticias.com.br\/wp-content\/uploads\/2020\/02\/logo120.png\",\"contentUrl\":\"https:\/\/jornalfatosenoticias.com.br\/wp-content\/uploads\/2020\/02\/logo120.png\",\"width\":1227,\"height\":120,\"caption\":\"Jornal Fatos e Not\u00edcias\"},\"image\":{\"@id\":\"https:\/\/jornalfatosenoticias.com.br\/#\/schema\/logo\/image\/\"}},{\"@type\":\"Person\",\"@id\":\"https:\/\/jornalfatosenoticias.com.br\/#\/schema\/person\/d63837fa13ac8666eb9e74e0985d6f81\",\"name\":\"Luzimara Fernandes\",\"image\":{\"@type\":\"ImageObject\",\"inLanguage\":\"pt-BR\",\"@id\":\"https:\/\/jornalfatosenoticias.com.br\/#\/schema\/person\/image\/\",\"url\":\"https:\/\/jornalfatosenoticias.com.br\/wp-content\/uploads\/2025\/05\/EU_portal.jpg\",\"contentUrl\":\"https:\/\/jornalfatosenoticias.com.br\/wp-content\/uploads\/2025\/05\/EU_portal.jpg\",\"caption\":\"Luzimara Fernandes\"},\"description\":\"Jornalista MTB 2358-ES\",\"sameAs\":[\"https:\/\/jornalfatosenoticias.com.br\"],\"url\":\"https:\/\/jornalfatosenoticias.com.br\/index.php\/author\/luzimara\/\"}]}<\/script>\n<!-- \/ Yoast SEO plugin. -->","yoast_head_json":{"title":"ONU estuda relatos \"preocupantes\" sobre calor recorde no \u00c1rtico - Jornal Fatos e Not\u00edcias","robots":{"index":"index","follow":"follow","max-snippet":"max-snippet:-1","max-image-preview":"max-image-preview:large","max-video-preview":"max-video-preview:-1"},"canonical":"https:\/\/jornalfatosenoticias.com.br\/index.php\/2020\/06\/24\/onu-estuda-relatos-preocupantes-sobre-calor-recorde-no-artico\/","og_locale":"pt_BR","og_type":"article","og_title":"ONU estuda relatos \"preocupantes\" sobre calor recorde no \u00c1rtico - Jornal Fatos e Not\u00edcias","og_description":"Temperatura teria chegado a 38 graus Celsius na Sib\u00e9ria A Organiza\u00e7\u00e3o Meteorol\u00f3gica Mundial (OMM) informou, nessa ter\u00e7a-feira (23), que est\u00e1 tentando confirmar relatos sobre uma medi\u00e7\u00e3o de temperatura recorde de mais de 38 graus Celsius na Sib\u00e9ria, dizendo que s\u00e3o &#8220;preocupantes&#8221;, mas que parecem condizer com as tend\u00eancias de aquecimento.A OMM pediu \u00e0s autoridades da [&hellip;]","og_url":"https:\/\/jornalfatosenoticias.com.br\/index.php\/2020\/06\/24\/onu-estuda-relatos-preocupantes-sobre-calor-recorde-no-artico\/","og_site_name":"Jornal Fatos e Not\u00edcias","article_published_time":"2020-06-24T12:10:29+00:00","article_modified_time":"2020-06-24T12:10:35+00:00","og_image":[{"width":1000,"height":598,"url":"https:\/\/jornalfatosenoticias.com.br\/wp-content\/uploads\/2020\/06\/calor-na-siberia.jpg","type":"image\/jpeg"}],"author":"Luzimara Fernandes","twitter_card":"summary_large_image","twitter_misc":{"Escrito por":"Luzimara Fernandes","Est. tempo de leitura":"1 minuto"},"schema":{"@context":"https:\/\/schema.org","@graph":[{"@type":"Article","@id":"https:\/\/jornalfatosenoticias.com.br\/index.php\/2020\/06\/24\/onu-estuda-relatos-preocupantes-sobre-calor-recorde-no-artico\/#article","isPartOf":{"@id":"https:\/\/jornalfatosenoticias.com.br\/index.php\/2020\/06\/24\/onu-estuda-relatos-preocupantes-sobre-calor-recorde-no-artico\/"},"author":{"name":"Luzimara Fernandes","@id":"https:\/\/jornalfatosenoticias.com.br\/#\/schema\/person\/d63837fa13ac8666eb9e74e0985d6f81"},"headline":"ONU estuda relatos &#8220;preocupantes&#8221; sobre calor recorde no \u00c1rtico","datePublished":"2020-06-24T12:10:29+00:00","dateModified":"2020-06-24T12:10:35+00:00","mainEntityOfPage":{"@id":"https:\/\/jornalfatosenoticias.com.br\/index.php\/2020\/06\/24\/onu-estuda-relatos-preocupantes-sobre-calor-recorde-no-artico\/"},"wordCount":305,"commentCount":0,"publisher":{"@id":"https:\/\/jornalfatosenoticias.com.br\/#organization"},"image":{"@id":"https:\/\/jornalfatosenoticias.com.br\/index.php\/2020\/06\/24\/onu-estuda-relatos-preocupantes-sobre-calor-recorde-no-artico\/#primaryimage"},"thumbnailUrl":"https:\/\/jornalfatosenoticias.com.br\/wp-content\/uploads\/2020\/06\/calor-na-siberia.jpg","keywords":["\u00c1rtico","calor","meteorologia","OMM","ONU","Sib\u00e9ria"],"articleSection":["Meio ambiente"],"inLanguage":"pt-BR","potentialAction":[{"@type":"CommentAction","name":"Comment","target":["https:\/\/jornalfatosenoticias.com.br\/index.php\/2020\/06\/24\/onu-estuda-relatos-preocupantes-sobre-calor-recorde-no-artico\/#respond"]}]},{"@type":"WebPage","@id":"https:\/\/jornalfatosenoticias.com.br\/index.php\/2020\/06\/24\/onu-estuda-relatos-preocupantes-sobre-calor-recorde-no-artico\/","url":"https:\/\/jornalfatosenoticias.com.br\/index.php\/2020\/06\/24\/onu-estuda-relatos-preocupantes-sobre-calor-recorde-no-artico\/","name":"ONU estuda relatos \"preocupantes\" sobre calor recorde no \u00c1rtico - Jornal Fatos e Not\u00edcias","isPartOf":{"@id":"https:\/\/jornalfatosenoticias.com.br\/#website"},"primaryImageOfPage":{"@id":"https:\/\/jornalfatosenoticias.com.br\/index.php\/2020\/06\/24\/onu-estuda-relatos-preocupantes-sobre-calor-recorde-no-artico\/#primaryimage"},"image":{"@id":"https:\/\/jornalfatosenoticias.com.br\/index.php\/2020\/06\/24\/onu-estuda-relatos-preocupantes-sobre-calor-recorde-no-artico\/#primaryimage"},"thumbnailUrl":"https:\/\/jornalfatosenoticias.com.br\/wp-content\/uploads\/2020\/06\/calor-na-siberia.jpg","datePublished":"2020-06-24T12:10:29+00:00","dateModified":"2020-06-24T12:10:35+00:00","breadcrumb":{"@id":"https:\/\/jornalfatosenoticias.com.br\/index.php\/2020\/06\/24\/onu-estuda-relatos-preocupantes-sobre-calor-recorde-no-artico\/#breadcrumb"},"inLanguage":"pt-BR","potentialAction":[{"@type":"ReadAction","target":["https:\/\/jornalfatosenoticias.com.br\/index.php\/2020\/06\/24\/onu-estuda-relatos-preocupantes-sobre-calor-recorde-no-artico\/"]}]},{"@type":"ImageObject","inLanguage":"pt-BR","@id":"https:\/\/jornalfatosenoticias.com.br\/index.php\/2020\/06\/24\/onu-estuda-relatos-preocupantes-sobre-calor-recorde-no-artico\/#primaryimage","url":"https:\/\/jornalfatosenoticias.com.br\/wp-content\/uploads\/2020\/06\/calor-na-siberia.jpg","contentUrl":"https:\/\/jornalfatosenoticias.com.br\/wp-content\/uploads\/2020\/06\/calor-na-siberia.jpg","width":1000,"height":598},{"@type":"BreadcrumbList","@id":"https:\/\/jornalfatosenoticias.com.br\/index.php\/2020\/06\/24\/onu-estuda-relatos-preocupantes-sobre-calor-recorde-no-artico\/#breadcrumb","itemListElement":[{"@type":"ListItem","position":1,"name":"In\u00edcio","item":"https:\/\/jornalfatosenoticias.com.br\/"},{"@type":"ListItem","position":2,"name":"ONU estuda relatos &#8220;preocupantes&#8221; sobre calor recorde no \u00c1rtico"}]},{"@type":"WebSite","@id":"https:\/\/jornalfatosenoticias.com.br\/#website","url":"https:\/\/jornalfatosenoticias.com.br\/","name":"Jornal Fatos e Not\u00edcias","description":"Not\u00edcias em geral","publisher":{"@id":"https:\/\/jornalfatosenoticias.com.br\/#organization"},"potentialAction":[{"@type":"SearchAction","target":{"@type":"EntryPoint","urlTemplate":"https:\/\/jornalfatosenoticias.com.br\/?s={search_term_string}"},"query-input":{"@type":"PropertyValueSpecification","valueRequired":true,"valueName":"search_term_string"}}],"inLanguage":"pt-BR"},{"@type":"Organization","@id":"https:\/\/jornalfatosenoticias.com.br\/#organization","name":"Jornal Fatos e Not\u00edcias","url":"https:\/\/jornalfatosenoticias.com.br\/","logo":{"@type":"ImageObject","inLanguage":"pt-BR","@id":"https:\/\/jornalfatosenoticias.com.br\/#\/schema\/logo\/image\/","url":"https:\/\/jornalfatosenoticias.com.br\/wp-content\/uploads\/2020\/02\/logo120.png","contentUrl":"https:\/\/jornalfatosenoticias.com.br\/wp-content\/uploads\/2020\/02\/logo120.png","width":1227,"height":120,"caption":"Jornal Fatos e Not\u00edcias"},"image":{"@id":"https:\/\/jornalfatosenoticias.com.br\/#\/schema\/logo\/image\/"}},{"@type":"Person","@id":"https:\/\/jornalfatosenoticias.com.br\/#\/schema\/person\/d63837fa13ac8666eb9e74e0985d6f81","name":"Luzimara Fernandes","image":{"@type":"ImageObject","inLanguage":"pt-BR","@id":"https:\/\/jornalfatosenoticias.com.br\/#\/schema\/person\/image\/","url":"https:\/\/jornalfatosenoticias.com.br\/wp-content\/uploads\/2025\/05\/EU_portal.jpg","contentUrl":"https:\/\/jornalfatosenoticias.com.br\/wp-content\/uploads\/2025\/05\/EU_portal.jpg","caption":"Luzimara Fernandes"},"description":"Jornalista MTB 2358-ES","sameAs":["https:\/\/jornalfatosenoticias.com.br"],"url":"https:\/\/jornalfatosenoticias.com.br\/index.php\/author\/luzimara\/"}]}},"cc_featured_image_caption":{"caption_text":"Calor recorde na Sib\u00e9ria","source_text":"","source_url":""},"jetpack_featured_media_url":"https:\/\/jornalfatosenoticias.com.br\/wp-content\/uploads\/2020\/06\/calor-na-siberia.jpg","_links":{"self":[{"href":"https:\/\/jornalfatosenoticias.com.br\/index.php\/wp-json\/wp\/v2\/posts\/5829","targetHints":{"allow":["GET"]}}],"collection":[{"href":"https:\/\/jornalfatosenoticias.com.br\/index.php\/wp-json\/wp\/v2\/posts"}],"about":[{"href":"https:\/\/jornalfatosenoticias.com.br\/index.php\/wp-json\/wp\/v2\/types\/post"}],"author":[{"embeddable":true,"href":"https:\/\/jornalfatosenoticias.com.br\/index.php\/wp-json\/wp\/v2\/users\/2"}],"replies":[{"embeddable":true,"href":"https:\/\/jornalfatosenoticias.com.br\/index.php\/wp-json\/wp\/v2\/comments?post=5829"}],"version-history":[{"count":0,"href":"https:\/\/jornalfatosenoticias.com.br\/index.php\/wp-json\/wp\/v2\/posts\/5829\/revisions"}],"wp:featuredmedia":[{"embeddable":true,"href":"https:\/\/jornalfatosenoticias.com.br\/index.php\/wp-json\/wp\/v2\/media\/5830"}],"wp:attachment":[{"href":"https:\/\/jornalfatosenoticias.com.br\/index.php\/wp-json\/wp\/v2\/media?parent=5829"}],"wp:term":[{"taxonomy":"category","embeddable":true,"href":"https:\/\/jornalfatosenoticias.com.br\/index.php\/wp-json\/wp\/v2\/categories?post=5829"},{"taxonomy":"post_tag","embeddable":true,"href":"https:\/\/jornalfatosenoticias.com.br\/index.php\/wp-json\/wp\/v2\/tags?post=5829"}],"curies":[{"name":"wp","href":"https:\/\/api.w.org\/{rel}","templated":true}]}}