{"id":58319,"date":"2025-04-07T14:23:15","date_gmt":"2025-04-07T17:23:15","guid":{"rendered":"https:\/\/jornalfatosenoticias.com.br\/?p=58319"},"modified":"2025-04-07T14:23:16","modified_gmt":"2025-04-07T17:23:16","slug":"governo-lula-compra-carteiras-escolares-por-mais-de-50-acima-do-preco-estimado-pela-cgu-segundo-uol","status":"publish","type":"post","link":"https:\/\/jornalfatosenoticias.com.br\/index.php\/2025\/04\/07\/governo-lula-compra-carteiras-escolares-por-mais-de-50-acima-do-preco-estimado-pela-cgu-segundo-uol\/","title":{"rendered":"Governo Lula compra carteiras escolares por mais de 50% acima do pre\u00e7o estimado pela CGU, segundo UOL"},"content":{"rendered":"\n<div class=\"wp-block-image\"><figure class=\"aligncenter size-large\"><a href=\"https:\/\/panper.com.br\/\"><img loading=\"lazy\" decoding=\"async\" width=\"1024\" height=\"111\" src=\"https:\/\/jornalfatosenoticias.com.br\/wp-content\/uploads\/2020\/02\/WhatsApp-Image-2022-09-23-at-12.09.18-1024x111.jpeg\" alt=\"\" class=\"wp-image-34527\" srcset=\"https:\/\/jornalfatosenoticias.com.br\/wp-content\/uploads\/2020\/02\/WhatsApp-Image-2022-09-23-at-12.09.18-1024x111.jpeg 1024w, https:\/\/jornalfatosenoticias.com.br\/wp-content\/uploads\/2020\/02\/WhatsApp-Image-2022-09-23-at-12.09.18-300x32.jpeg 300w, https:\/\/jornalfatosenoticias.com.br\/wp-content\/uploads\/2020\/02\/WhatsApp-Image-2022-09-23-at-12.09.18-768x83.jpeg 768w, https:\/\/jornalfatosenoticias.com.br\/wp-content\/uploads\/2020\/02\/WhatsApp-Image-2022-09-23-at-12.09.18.jpeg 1121w\" sizes=\"auto, (max-width: 1024px) 100vw, 1024px\" \/><\/a><\/figure><\/div>\n\n\n\n<p>O governo federal, por meio do Fundo Nacional de Desenvolvimento da Educa\u00e7\u00e3o (FNDE), aprovou um pacote de compras de m\u00f3veis escolares em que algumas unidades foram adquiridas por mais 50% acima da estimativa da Controladoria-Geral da Uni\u00e3o (CGU). O gasto total pode chegar a R$ 3 bilh\u00f5es, sendo R$ 1 bilh\u00e3o acima do que o pr\u00f3prio \u00f3rg\u00e3o de controle previa como aceit\u00e1vel. A informa\u00e7\u00e3o \u00e9 do portal UOL.<br>Entre os exemplos mais gritantes est\u00e1 o conjunto de mesa para professor, que custava R$ 368,88 em 2022 (corrigido para R$ 387,55 com infla\u00e7\u00e3o), mas foi contratado por at\u00e9 R$ 1.072 \u2014 176%, na verdade. Ou seja, voc\u00ea poderia comprar uma mesa para cada aluno com o valor de uma s\u00f3, segundo a tabela do governo.<\/p>\n\n\n\n<div class=\"wp-block-image\"><figure class=\"aligncenter size-large\"><a href=\"https:\/\/www.cesconetto.com.br\/\"><img loading=\"lazy\" decoding=\"async\" width=\"300\" height=\"250\" src=\"https:\/\/jornalfatosenoticias.com.br\/wp-content\/uploads\/2022\/02\/Banner-2.png\" alt=\"\" class=\"wp-image-27877\"\/><\/a><\/figure><\/div>\n\n\n\n<p>A cereja no bolo? A pesquisa de pre\u00e7os foi mantida em sigilo. E as regras do edital afastaram parte dos fornecedores, segundo relatos das empresas que n\u00e3o conseguiram participar. As exig\u00eancias inclu\u00edam certifica\u00e7\u00f5es t\u00e9cnicas que nem o Inmetro pede, prazos curtos para apresentar documentos e condi\u00e7\u00f5es que, na pr\u00e1tica, deixaram o campo livre para poucos vencedores \u2014 muitos deles, curiosamente, ligados \u00e0 associa\u00e7\u00e3o j\u00e1 criticada pela CGU.<\/p>\n\n\n\n<div class=\"wp-block-image\"><figure class=\"aligncenter size-large is-resized\"><a href=\"https:\/\/www.facebook.com\/postobkr\/?locale=pt_BR\"><img loading=\"lazy\" decoding=\"async\" src=\"https:\/\/jornalfatosenoticias.com.br\/wp-content\/uploads\/2023\/08\/BKR-1024x1021.jpg\" alt=\"\" class=\"wp-image-44494\" width=\"268\" height=\"267\" srcset=\"https:\/\/jornalfatosenoticias.com.br\/wp-content\/uploads\/2023\/08\/BKR-1024x1021.jpg 1024w, https:\/\/jornalfatosenoticias.com.br\/wp-content\/uploads\/2023\/08\/BKR-300x300.jpg 300w, https:\/\/jornalfatosenoticias.com.br\/wp-content\/uploads\/2023\/08\/BKR-150x150.jpg 150w, https:\/\/jornalfatosenoticias.com.br\/wp-content\/uploads\/2023\/08\/BKR-768x766.jpg 768w, https:\/\/jornalfatosenoticias.com.br\/wp-content\/uploads\/2023\/08\/BKR.jpg 1080w\" sizes=\"auto, (max-width: 268px) 100vw, 268px\" \/><\/a><\/figure><\/div>\n\n\n\n<blockquote class=\"wp-block-quote is-layout-flow wp-block-quote-is-layout-flow\"><p><span class=\"has-inline-color has-luminous-vivid-orange-color\">As exig\u00eancias n\u00e3o podiam ser atendidas pela maioria dos fornecedores\u201d, disse a MC Ind\u00fastria e Com\u00e9rcio de M\u00f3veis, uma das empresas exclu\u00eddas do processo.<\/span><\/p><\/blockquote>\n\n\n\n<div class=\"wp-block-image\"><figure class=\"aligncenter size-large is-resized\"><a href=\"https:\/\/www.controlsystems.com.br\/\"><img loading=\"lazy\" decoding=\"async\" src=\"https:\/\/jornalfatosenoticias.com.br\/wp-content\/uploads\/2020\/02\/CONTROL-CS.jpg\" alt=\"\" class=\"wp-image-44991\" width=\"274\" height=\"328\" srcset=\"https:\/\/jornalfatosenoticias.com.br\/wp-content\/uploads\/2020\/02\/CONTROL-CS.jpg 834w, https:\/\/jornalfatosenoticias.com.br\/wp-content\/uploads\/2020\/02\/CONTROL-CS-250x300.jpg 250w, https:\/\/jornalfatosenoticias.com.br\/wp-content\/uploads\/2020\/02\/CONTROL-CS-768x921.jpg 768w\" sizes=\"auto, (max-width: 274px) 100vw, 274px\" \/><\/a><\/figure><\/div>\n\n\n\n<p>O resultado? Uma licita\u00e7\u00e3o p\u00fablica com cara de clube fechado. Tudo isso para entregar m\u00f3veis que, segundo o pr\u00f3prio FNDE, s\u00e3o \u201cmelhores\u201d e \u201cmais seguros\u201d \u2014 o tipo de argumento que serve tanto para justificar padr\u00f5es de qualidade quanto para camuflar favoritismo disfar\u00e7ado de zelo t\u00e9cnico.<\/p>\n\n\n\n<div class=\"wp-block-image\"><figure class=\"aligncenter size-large is-resized\"><a href=\"https:\/\/www.facebook.com\/profile.php?id=100069289606145\"><img loading=\"lazy\" decoding=\"async\" src=\"https:\/\/jornalfatosenoticias.com.br\/wp-content\/uploads\/2024\/11\/Guaitolini-Contabilidade-1024x714.jpeg\" alt=\"\" class=\"wp-image-55808\" width=\"286\" height=\"199\" srcset=\"https:\/\/jornalfatosenoticias.com.br\/wp-content\/uploads\/2024\/11\/Guaitolini-Contabilidade-1024x714.jpeg 1024w, https:\/\/jornalfatosenoticias.com.br\/wp-content\/uploads\/2024\/11\/Guaitolini-Contabilidade-300x209.jpeg 300w, https:\/\/jornalfatosenoticias.com.br\/wp-content\/uploads\/2024\/11\/Guaitolini-Contabilidade-768x535.jpeg 768w, https:\/\/jornalfatosenoticias.com.br\/wp-content\/uploads\/2024\/11\/Guaitolini-Contabilidade.jpeg 1280w\" sizes=\"auto, (max-width: 286px) 100vw, 286px\" \/><\/a><\/figure><\/div>\n\n\n\n<p>Entre as empresas que sa\u00edram com contratos est\u00e3o Maqm\u00f3veis, Delta Produtos e Servi\u00e7os e Incomel \u2014 todas ligadas \u00e0 Abime, entidade que j\u00e1 teve seus pre\u00e7os questionados pela CGU em fiscaliza\u00e7\u00f5es anteriores. A Associa\u00e7\u00e3o Brasileira das Ind\u00fastrias de M\u00f3veis Escolares (Abime), quando procurada, disse n\u00e3o saber de nada. J\u00e1 a Maqm\u00f3veis afirmou que vendeu abaixo do pre\u00e7o de outros concorrentes e que cumpriu o edital \u201cna \u00edntegra\u201d. Claro. Quando o pre\u00e7o de refer\u00eancia est\u00e1 inflado, qualquer valor abaixo dele parece um desconto.<\/p>\n\n\n\n<div class=\"wp-block-image\"><figure class=\"aligncenter size-large is-resized\"><a href=\"https:\/\/www.instagram.com\/serra4x4cambioautomatico\/\"><img loading=\"lazy\" decoding=\"async\" src=\"https:\/\/jornalfatosenoticias.com.br\/wp-content\/uploads\/2024\/08\/Serra-4x4-1-886x1024.jpg\" alt=\"\" class=\"wp-image-53632\" width=\"243\" height=\"281\" srcset=\"https:\/\/jornalfatosenoticias.com.br\/wp-content\/uploads\/2024\/08\/Serra-4x4-1-886x1024.jpg 886w, https:\/\/jornalfatosenoticias.com.br\/wp-content\/uploads\/2024\/08\/Serra-4x4-1-260x300.jpg 260w, https:\/\/jornalfatosenoticias.com.br\/wp-content\/uploads\/2024\/08\/Serra-4x4-1-768x888.jpg 768w, https:\/\/jornalfatosenoticias.com.br\/wp-content\/uploads\/2024\/08\/Serra-4x4-1.jpg 1181w\" sizes=\"auto, (max-width: 243px) 100vw, 243px\" \/><\/a><\/figure><\/div>\n\n\n\n<p>O FNDE, presidido por Fernanda Pacobahyba, nome ligada ao ministro Camilo Santana (Educa\u00e7\u00e3o), diz que todas as exig\u00eancias do edital foram feitas \u201cpara garantir ergonomia e seguran\u00e7a\u201d. E que a culpa \u00e9 do edital antigo, feito no governo Bolsonaro.<\/p>\n\n\n\n<div class=\"wp-block-image\"><figure class=\"aligncenter size-large is-resized\"><a href=\"https:\/\/hotelmarquetti.com.br\/\"><img loading=\"lazy\" decoding=\"async\" src=\"https:\/\/jornalfatosenoticias.com.br\/wp-content\/uploads\/2020\/02\/LOGO-MQ-1024x680.jpg\" alt=\"\" class=\"wp-image-58299\" width=\"286\" height=\"190\" srcset=\"https:\/\/jornalfatosenoticias.com.br\/wp-content\/uploads\/2020\/02\/LOGO-MQ-1024x680.jpg 1024w, https:\/\/jornalfatosenoticias.com.br\/wp-content\/uploads\/2020\/02\/LOGO-MQ-300x199.jpg 300w, https:\/\/jornalfatosenoticias.com.br\/wp-content\/uploads\/2020\/02\/LOGO-MQ-768x510.jpg 768w, https:\/\/jornalfatosenoticias.com.br\/wp-content\/uploads\/2020\/02\/LOGO-MQ-1536x1020.jpg 1536w, https:\/\/jornalfatosenoticias.com.br\/wp-content\/uploads\/2020\/02\/LOGO-MQ-2048x1360.jpg 2048w\" sizes=\"auto, (max-width: 286px) 100vw, 286px\" \/><\/a><\/figure><\/div>\n\n\n\n<p>Mas as atas com os pre\u00e7os inflacionados foram validadas em 2024, pela atual gest\u00e3o Lula. O discurso de ruptura com os erros do passado vai ficando cada vez mais simb\u00f3lico. Ou ret\u00f3rico. Enquanto o governo Lula busca apoio entre prefeitos e parlamentares com promessas de mais escolas e inclus\u00e3o, o esc\u00e2ndalo das carteiras escolares mostra como a velha pol\u00edtica de licita\u00e7\u00e3o turbinada sobrevive com roupa nova.<\/p>\n\n\n\n<div class=\"wp-block-image\"><figure class=\"aligncenter size-large is-resized\"><a href=\"https:\/\/www.instagram.com\/restaurantepegoretti\/\"><img loading=\"lazy\" decoding=\"async\" src=\"https:\/\/jornalfatosenoticias.com.br\/wp-content\/uploads\/2023\/12\/pegoretti-logo-pdf-1024x389.jpg\" alt=\"\" class=\"wp-image-47536\" width=\"506\" height=\"192\" srcset=\"https:\/\/jornalfatosenoticias.com.br\/wp-content\/uploads\/2023\/12\/pegoretti-logo-pdf-1024x389.jpg 1024w, https:\/\/jornalfatosenoticias.com.br\/wp-content\/uploads\/2023\/12\/pegoretti-logo-pdf-300x114.jpg 300w, https:\/\/jornalfatosenoticias.com.br\/wp-content\/uploads\/2023\/12\/pegoretti-logo-pdf-768x291.jpg 768w, https:\/\/jornalfatosenoticias.com.br\/wp-content\/uploads\/2023\/12\/pegoretti-logo-pdf.jpg 1120w\" sizes=\"auto, (max-width: 506px) 100vw, 506px\" \/><\/a><\/figure><\/div>\n\n\n\n<p>A CGU j\u00e1 havia alertado para o risco de R$ 1,6 bilh\u00e3o de sobrepre\u00e7o. O governo, em vez de revisar tudo, ajustou a quantidade de carteiras e manteve os valores \u2014 como quem troca o pneu, mas deixa o carro sem freio.<\/p>\n\n\n\n<p><strong>Fonte: <a href=\"https:\/\/horabrasilia.com.br\/2025\/04\/governo-lula-compra-carteiras-escolares-por-mais-de-50-acima-do-preco-estimado-pela-cgu-segundo-uol\/\">Hora Bras\u00edlia<\/a><\/strong><\/p>\n","protected":false},"excerpt":{"rendered":"<p>O governo federal, por meio do Fundo Nacional de Desenvolvimento da Educa\u00e7\u00e3o (FNDE), aprovou um pacote de compras de m\u00f3veis escolares em que algumas unidades foram adquiridas por mais 50% acima da estimativa da Controladoria-Geral da Uni\u00e3o (CGU). O gasto total pode chegar a R$ 3 bilh\u00f5es, sendo R$ 1 bilh\u00e3o acima do que o [&hellip;]<\/p>\n","protected":false},"author":2,"featured_media":58320,"comment_status":"open","ping_status":"open","sticky":false,"template":"","format":"standard","meta":{"footnotes":""},"categories":[10],"tags":[26575,23117,26574,15650,26573,702,18343,26571,26572,17044],"class_list":["post-58319","post","type-post","status-publish","format-standard","has-post-thumbnail","hentry","category-politica","tag-abime","tag-camilo-santana","tag-carteiras-escolares","tag-cgu","tag-escandalo-das-carteiras-escolares","tag-fnde","tag-governo-lula","tag-preco-superfaturado","tag-sobrepreco","tag-superfaturamento"],"yoast_head":"<!-- This site is optimized with the Yoast SEO plugin v26.5 - https:\/\/yoast.com\/wordpress\/plugins\/seo\/ -->\n<title>Governo Lula compra carteiras escolares por mais de 50% acima do pre\u00e7o estimado pela CGU, segundo UOL - Jornal Fatos e Not\u00edcias<\/title>\n<meta name=\"robots\" content=\"index, follow, max-snippet:-1, max-image-preview:large, max-video-preview:-1\" \/>\n<link rel=\"canonical\" href=\"https:\/\/jornalfatosenoticias.com.br\/index.php\/2025\/04\/07\/governo-lula-compra-carteiras-escolares-por-mais-de-50-acima-do-preco-estimado-pela-cgu-segundo-uol\/\" \/>\n<meta property=\"og:locale\" content=\"pt_BR\" \/>\n<meta property=\"og:type\" content=\"article\" \/>\n<meta property=\"og:title\" content=\"Governo Lula compra carteiras escolares por mais de 50% acima do pre\u00e7o estimado pela CGU, segundo UOL - Jornal Fatos e Not\u00edcias\" \/>\n<meta property=\"og:description\" content=\"O governo federal, por meio do Fundo Nacional de Desenvolvimento da Educa\u00e7\u00e3o (FNDE), aprovou um pacote de compras de m\u00f3veis escolares em que algumas unidades foram adquiridas por mais 50% acima da estimativa da Controladoria-Geral da Uni\u00e3o (CGU). O gasto total pode chegar a R$ 3 bilh\u00f5es, sendo R$ 1 bilh\u00e3o acima do que o [&hellip;]\" \/>\n<meta property=\"og:url\" content=\"https:\/\/jornalfatosenoticias.com.br\/index.php\/2025\/04\/07\/governo-lula-compra-carteiras-escolares-por-mais-de-50-acima-do-preco-estimado-pela-cgu-segundo-uol\/\" \/>\n<meta property=\"og:site_name\" content=\"Jornal Fatos e Not\u00edcias\" \/>\n<meta property=\"article:published_time\" content=\"2025-04-07T17:23:15+00:00\" \/>\n<meta property=\"article:modified_time\" content=\"2025-04-07T17:23:16+00:00\" \/>\n<meta property=\"og:image\" content=\"https:\/\/jornalfatosenoticias.com.br\/wp-content\/uploads\/2025\/04\/carteiras-escolares-superfaturadas-governo-Lula_freepik.jpg\" \/>\n\t<meta property=\"og:image:width\" content=\"996\" \/>\n\t<meta property=\"og:image:height\" content=\"664\" \/>\n\t<meta property=\"og:image:type\" content=\"image\/jpeg\" \/>\n<meta name=\"author\" content=\"Luzimara Fernandes\" \/>\n<meta name=\"twitter:card\" content=\"summary_large_image\" \/>\n<meta name=\"twitter:label1\" content=\"Escrito por\" \/>\n\t<meta name=\"twitter:data1\" content=\"Luzimara Fernandes\" \/>\n\t<meta name=\"twitter:label2\" content=\"Est. tempo de leitura\" \/>\n\t<meta name=\"twitter:data2\" content=\"3 minutos\" \/>\n<script type=\"application\/ld+json\" class=\"yoast-schema-graph\">{\"@context\":\"https:\/\/schema.org\",\"@graph\":[{\"@type\":\"Article\",\"@id\":\"https:\/\/jornalfatosenoticias.com.br\/index.php\/2025\/04\/07\/governo-lula-compra-carteiras-escolares-por-mais-de-50-acima-do-preco-estimado-pela-cgu-segundo-uol\/#article\",\"isPartOf\":{\"@id\":\"https:\/\/jornalfatosenoticias.com.br\/index.php\/2025\/04\/07\/governo-lula-compra-carteiras-escolares-por-mais-de-50-acima-do-preco-estimado-pela-cgu-segundo-uol\/\"},\"author\":{\"name\":\"Luzimara Fernandes\",\"@id\":\"https:\/\/jornalfatosenoticias.com.br\/#\/schema\/person\/d63837fa13ac8666eb9e74e0985d6f81\"},\"headline\":\"Governo Lula compra carteiras escolares por mais de 50% acima do pre\u00e7o estimado pela CGU, segundo UOL\",\"datePublished\":\"2025-04-07T17:23:15+00:00\",\"dateModified\":\"2025-04-07T17:23:16+00:00\",\"mainEntityOfPage\":{\"@id\":\"https:\/\/jornalfatosenoticias.com.br\/index.php\/2025\/04\/07\/governo-lula-compra-carteiras-escolares-por-mais-de-50-acima-do-preco-estimado-pela-cgu-segundo-uol\/\"},\"wordCount\":552,\"commentCount\":0,\"publisher\":{\"@id\":\"https:\/\/jornalfatosenoticias.com.br\/#organization\"},\"image\":{\"@id\":\"https:\/\/jornalfatosenoticias.com.br\/index.php\/2025\/04\/07\/governo-lula-compra-carteiras-escolares-por-mais-de-50-acima-do-preco-estimado-pela-cgu-segundo-uol\/#primaryimage\"},\"thumbnailUrl\":\"https:\/\/jornalfatosenoticias.com.br\/wp-content\/uploads\/2025\/04\/carteiras-escolares-superfaturadas-governo-Lula_freepik.jpg\",\"keywords\":[\"Abime\",\"Camilo Santana\",\"carteiras escolares\",\"CGU\",\"esc\u00e2ndalo das carteiras escolares\",\"FNDE\",\"governo Lula\",\"pre\u00e7o superfaturado\",\"sobrepre\u00e7o\",\"superfaturamento\"],\"articleSection\":[\"Pol\u00edtica\"],\"inLanguage\":\"pt-BR\",\"potentialAction\":[{\"@type\":\"CommentAction\",\"name\":\"Comment\",\"target\":[\"https:\/\/jornalfatosenoticias.com.br\/index.php\/2025\/04\/07\/governo-lula-compra-carteiras-escolares-por-mais-de-50-acima-do-preco-estimado-pela-cgu-segundo-uol\/#respond\"]}]},{\"@type\":\"WebPage\",\"@id\":\"https:\/\/jornalfatosenoticias.com.br\/index.php\/2025\/04\/07\/governo-lula-compra-carteiras-escolares-por-mais-de-50-acima-do-preco-estimado-pela-cgu-segundo-uol\/\",\"url\":\"https:\/\/jornalfatosenoticias.com.br\/index.php\/2025\/04\/07\/governo-lula-compra-carteiras-escolares-por-mais-de-50-acima-do-preco-estimado-pela-cgu-segundo-uol\/\",\"name\":\"Governo Lula compra carteiras escolares por mais de 50% acima do pre\u00e7o estimado pela CGU, segundo UOL - Jornal Fatos e Not\u00edcias\",\"isPartOf\":{\"@id\":\"https:\/\/jornalfatosenoticias.com.br\/#website\"},\"primaryImageOfPage\":{\"@id\":\"https:\/\/jornalfatosenoticias.com.br\/index.php\/2025\/04\/07\/governo-lula-compra-carteiras-escolares-por-mais-de-50-acima-do-preco-estimado-pela-cgu-segundo-uol\/#primaryimage\"},\"image\":{\"@id\":\"https:\/\/jornalfatosenoticias.com.br\/index.php\/2025\/04\/07\/governo-lula-compra-carteiras-escolares-por-mais-de-50-acima-do-preco-estimado-pela-cgu-segundo-uol\/#primaryimage\"},\"thumbnailUrl\":\"https:\/\/jornalfatosenoticias.com.br\/wp-content\/uploads\/2025\/04\/carteiras-escolares-superfaturadas-governo-Lula_freepik.jpg\",\"datePublished\":\"2025-04-07T17:23:15+00:00\",\"dateModified\":\"2025-04-07T17:23:16+00:00\",\"breadcrumb\":{\"@id\":\"https:\/\/jornalfatosenoticias.com.br\/index.php\/2025\/04\/07\/governo-lula-compra-carteiras-escolares-por-mais-de-50-acima-do-preco-estimado-pela-cgu-segundo-uol\/#breadcrumb\"},\"inLanguage\":\"pt-BR\",\"potentialAction\":[{\"@type\":\"ReadAction\",\"target\":[\"https:\/\/jornalfatosenoticias.com.br\/index.php\/2025\/04\/07\/governo-lula-compra-carteiras-escolares-por-mais-de-50-acima-do-preco-estimado-pela-cgu-segundo-uol\/\"]}]},{\"@type\":\"ImageObject\",\"inLanguage\":\"pt-BR\",\"@id\":\"https:\/\/jornalfatosenoticias.com.br\/index.php\/2025\/04\/07\/governo-lula-compra-carteiras-escolares-por-mais-de-50-acima-do-preco-estimado-pela-cgu-segundo-uol\/#primaryimage\",\"url\":\"https:\/\/jornalfatosenoticias.com.br\/wp-content\/uploads\/2025\/04\/carteiras-escolares-superfaturadas-governo-Lula_freepik.jpg\",\"contentUrl\":\"https:\/\/jornalfatosenoticias.com.br\/wp-content\/uploads\/2025\/04\/carteiras-escolares-superfaturadas-governo-Lula_freepik.jpg\",\"width\":996,\"height\":664},{\"@type\":\"BreadcrumbList\",\"@id\":\"https:\/\/jornalfatosenoticias.com.br\/index.php\/2025\/04\/07\/governo-lula-compra-carteiras-escolares-por-mais-de-50-acima-do-preco-estimado-pela-cgu-segundo-uol\/#breadcrumb\",\"itemListElement\":[{\"@type\":\"ListItem\",\"position\":1,\"name\":\"In\u00edcio\",\"item\":\"https:\/\/jornalfatosenoticias.com.br\/\"},{\"@type\":\"ListItem\",\"position\":2,\"name\":\"Governo Lula compra carteiras escolares por mais de 50% acima do pre\u00e7o estimado pela CGU, segundo UOL\"}]},{\"@type\":\"WebSite\",\"@id\":\"https:\/\/jornalfatosenoticias.com.br\/#website\",\"url\":\"https:\/\/jornalfatosenoticias.com.br\/\",\"name\":\"Jornal Fatos e Not\u00edcias\",\"description\":\"Not\u00edcias em geral\",\"publisher\":{\"@id\":\"https:\/\/jornalfatosenoticias.com.br\/#organization\"},\"potentialAction\":[{\"@type\":\"SearchAction\",\"target\":{\"@type\":\"EntryPoint\",\"urlTemplate\":\"https:\/\/jornalfatosenoticias.com.br\/?s={search_term_string}\"},\"query-input\":{\"@type\":\"PropertyValueSpecification\",\"valueRequired\":true,\"valueName\":\"search_term_string\"}}],\"inLanguage\":\"pt-BR\"},{\"@type\":\"Organization\",\"@id\":\"https:\/\/jornalfatosenoticias.com.br\/#organization\",\"name\":\"Jornal Fatos e Not\u00edcias\",\"url\":\"https:\/\/jornalfatosenoticias.com.br\/\",\"logo\":{\"@type\":\"ImageObject\",\"inLanguage\":\"pt-BR\",\"@id\":\"https:\/\/jornalfatosenoticias.com.br\/#\/schema\/logo\/image\/\",\"url\":\"https:\/\/jornalfatosenoticias.com.br\/wp-content\/uploads\/2020\/02\/logo120.png\",\"contentUrl\":\"https:\/\/jornalfatosenoticias.com.br\/wp-content\/uploads\/2020\/02\/logo120.png\",\"width\":1227,\"height\":120,\"caption\":\"Jornal Fatos e Not\u00edcias\"},\"image\":{\"@id\":\"https:\/\/jornalfatosenoticias.com.br\/#\/schema\/logo\/image\/\"}},{\"@type\":\"Person\",\"@id\":\"https:\/\/jornalfatosenoticias.com.br\/#\/schema\/person\/d63837fa13ac8666eb9e74e0985d6f81\",\"name\":\"Luzimara Fernandes\",\"image\":{\"@type\":\"ImageObject\",\"inLanguage\":\"pt-BR\",\"@id\":\"https:\/\/jornalfatosenoticias.com.br\/#\/schema\/person\/image\/\",\"url\":\"https:\/\/jornalfatosenoticias.com.br\/wp-content\/uploads\/2025\/05\/EU_portal.jpg\",\"contentUrl\":\"https:\/\/jornalfatosenoticias.com.br\/wp-content\/uploads\/2025\/05\/EU_portal.jpg\",\"caption\":\"Luzimara Fernandes\"},\"description\":\"Jornalista MTB 2358-ES\",\"sameAs\":[\"https:\/\/jornalfatosenoticias.com.br\"],\"url\":\"https:\/\/jornalfatosenoticias.com.br\/index.php\/author\/luzimara\/\"}]}<\/script>\n<!-- \/ Yoast SEO plugin. -->","yoast_head_json":{"title":"Governo Lula compra carteiras escolares por mais de 50% acima do pre\u00e7o estimado pela CGU, segundo UOL - Jornal Fatos e Not\u00edcias","robots":{"index":"index","follow":"follow","max-snippet":"max-snippet:-1","max-image-preview":"max-image-preview:large","max-video-preview":"max-video-preview:-1"},"canonical":"https:\/\/jornalfatosenoticias.com.br\/index.php\/2025\/04\/07\/governo-lula-compra-carteiras-escolares-por-mais-de-50-acima-do-preco-estimado-pela-cgu-segundo-uol\/","og_locale":"pt_BR","og_type":"article","og_title":"Governo Lula compra carteiras escolares por mais de 50% acima do pre\u00e7o estimado pela CGU, segundo UOL - Jornal Fatos e Not\u00edcias","og_description":"O governo federal, por meio do Fundo Nacional de Desenvolvimento da Educa\u00e7\u00e3o (FNDE), aprovou um pacote de compras de m\u00f3veis escolares em que algumas unidades foram adquiridas por mais 50% acima da estimativa da Controladoria-Geral da Uni\u00e3o (CGU). O gasto total pode chegar a R$ 3 bilh\u00f5es, sendo R$ 1 bilh\u00e3o acima do que o [&hellip;]","og_url":"https:\/\/jornalfatosenoticias.com.br\/index.php\/2025\/04\/07\/governo-lula-compra-carteiras-escolares-por-mais-de-50-acima-do-preco-estimado-pela-cgu-segundo-uol\/","og_site_name":"Jornal Fatos e Not\u00edcias","article_published_time":"2025-04-07T17:23:15+00:00","article_modified_time":"2025-04-07T17:23:16+00:00","og_image":[{"width":996,"height":664,"url":"https:\/\/jornalfatosenoticias.com.br\/wp-content\/uploads\/2025\/04\/carteiras-escolares-superfaturadas-governo-Lula_freepik.jpg","type":"image\/jpeg"}],"author":"Luzimara Fernandes","twitter_card":"summary_large_image","twitter_misc":{"Escrito por":"Luzimara Fernandes","Est. tempo de leitura":"3 minutos"},"schema":{"@context":"https:\/\/schema.org","@graph":[{"@type":"Article","@id":"https:\/\/jornalfatosenoticias.com.br\/index.php\/2025\/04\/07\/governo-lula-compra-carteiras-escolares-por-mais-de-50-acima-do-preco-estimado-pela-cgu-segundo-uol\/#article","isPartOf":{"@id":"https:\/\/jornalfatosenoticias.com.br\/index.php\/2025\/04\/07\/governo-lula-compra-carteiras-escolares-por-mais-de-50-acima-do-preco-estimado-pela-cgu-segundo-uol\/"},"author":{"name":"Luzimara Fernandes","@id":"https:\/\/jornalfatosenoticias.com.br\/#\/schema\/person\/d63837fa13ac8666eb9e74e0985d6f81"},"headline":"Governo Lula compra carteiras escolares por mais de 50% acima do pre\u00e7o estimado pela CGU, segundo UOL","datePublished":"2025-04-07T17:23:15+00:00","dateModified":"2025-04-07T17:23:16+00:00","mainEntityOfPage":{"@id":"https:\/\/jornalfatosenoticias.com.br\/index.php\/2025\/04\/07\/governo-lula-compra-carteiras-escolares-por-mais-de-50-acima-do-preco-estimado-pela-cgu-segundo-uol\/"},"wordCount":552,"commentCount":0,"publisher":{"@id":"https:\/\/jornalfatosenoticias.com.br\/#organization"},"image":{"@id":"https:\/\/jornalfatosenoticias.com.br\/index.php\/2025\/04\/07\/governo-lula-compra-carteiras-escolares-por-mais-de-50-acima-do-preco-estimado-pela-cgu-segundo-uol\/#primaryimage"},"thumbnailUrl":"https:\/\/jornalfatosenoticias.com.br\/wp-content\/uploads\/2025\/04\/carteiras-escolares-superfaturadas-governo-Lula_freepik.jpg","keywords":["Abime","Camilo Santana","carteiras escolares","CGU","esc\u00e2ndalo das carteiras escolares","FNDE","governo Lula","pre\u00e7o superfaturado","sobrepre\u00e7o","superfaturamento"],"articleSection":["Pol\u00edtica"],"inLanguage":"pt-BR","potentialAction":[{"@type":"CommentAction","name":"Comment","target":["https:\/\/jornalfatosenoticias.com.br\/index.php\/2025\/04\/07\/governo-lula-compra-carteiras-escolares-por-mais-de-50-acima-do-preco-estimado-pela-cgu-segundo-uol\/#respond"]}]},{"@type":"WebPage","@id":"https:\/\/jornalfatosenoticias.com.br\/index.php\/2025\/04\/07\/governo-lula-compra-carteiras-escolares-por-mais-de-50-acima-do-preco-estimado-pela-cgu-segundo-uol\/","url":"https:\/\/jornalfatosenoticias.com.br\/index.php\/2025\/04\/07\/governo-lula-compra-carteiras-escolares-por-mais-de-50-acima-do-preco-estimado-pela-cgu-segundo-uol\/","name":"Governo Lula compra carteiras escolares por mais de 50% acima do pre\u00e7o estimado pela CGU, segundo UOL - Jornal Fatos e Not\u00edcias","isPartOf":{"@id":"https:\/\/jornalfatosenoticias.com.br\/#website"},"primaryImageOfPage":{"@id":"https:\/\/jornalfatosenoticias.com.br\/index.php\/2025\/04\/07\/governo-lula-compra-carteiras-escolares-por-mais-de-50-acima-do-preco-estimado-pela-cgu-segundo-uol\/#primaryimage"},"image":{"@id":"https:\/\/jornalfatosenoticias.com.br\/index.php\/2025\/04\/07\/governo-lula-compra-carteiras-escolares-por-mais-de-50-acima-do-preco-estimado-pela-cgu-segundo-uol\/#primaryimage"},"thumbnailUrl":"https:\/\/jornalfatosenoticias.com.br\/wp-content\/uploads\/2025\/04\/carteiras-escolares-superfaturadas-governo-Lula_freepik.jpg","datePublished":"2025-04-07T17:23:15+00:00","dateModified":"2025-04-07T17:23:16+00:00","breadcrumb":{"@id":"https:\/\/jornalfatosenoticias.com.br\/index.php\/2025\/04\/07\/governo-lula-compra-carteiras-escolares-por-mais-de-50-acima-do-preco-estimado-pela-cgu-segundo-uol\/#breadcrumb"},"inLanguage":"pt-BR","potentialAction":[{"@type":"ReadAction","target":["https:\/\/jornalfatosenoticias.com.br\/index.php\/2025\/04\/07\/governo-lula-compra-carteiras-escolares-por-mais-de-50-acima-do-preco-estimado-pela-cgu-segundo-uol\/"]}]},{"@type":"ImageObject","inLanguage":"pt-BR","@id":"https:\/\/jornalfatosenoticias.com.br\/index.php\/2025\/04\/07\/governo-lula-compra-carteiras-escolares-por-mais-de-50-acima-do-preco-estimado-pela-cgu-segundo-uol\/#primaryimage","url":"https:\/\/jornalfatosenoticias.com.br\/wp-content\/uploads\/2025\/04\/carteiras-escolares-superfaturadas-governo-Lula_freepik.jpg","contentUrl":"https:\/\/jornalfatosenoticias.com.br\/wp-content\/uploads\/2025\/04\/carteiras-escolares-superfaturadas-governo-Lula_freepik.jpg","width":996,"height":664},{"@type":"BreadcrumbList","@id":"https:\/\/jornalfatosenoticias.com.br\/index.php\/2025\/04\/07\/governo-lula-compra-carteiras-escolares-por-mais-de-50-acima-do-preco-estimado-pela-cgu-segundo-uol\/#breadcrumb","itemListElement":[{"@type":"ListItem","position":1,"name":"In\u00edcio","item":"https:\/\/jornalfatosenoticias.com.br\/"},{"@type":"ListItem","position":2,"name":"Governo Lula compra carteiras escolares por mais de 50% acima do pre\u00e7o estimado pela CGU, segundo UOL"}]},{"@type":"WebSite","@id":"https:\/\/jornalfatosenoticias.com.br\/#website","url":"https:\/\/jornalfatosenoticias.com.br\/","name":"Jornal Fatos e Not\u00edcias","description":"Not\u00edcias em geral","publisher":{"@id":"https:\/\/jornalfatosenoticias.com.br\/#organization"},"potentialAction":[{"@type":"SearchAction","target":{"@type":"EntryPoint","urlTemplate":"https:\/\/jornalfatosenoticias.com.br\/?s={search_term_string}"},"query-input":{"@type":"PropertyValueSpecification","valueRequired":true,"valueName":"search_term_string"}}],"inLanguage":"pt-BR"},{"@type":"Organization","@id":"https:\/\/jornalfatosenoticias.com.br\/#organization","name":"Jornal Fatos e Not\u00edcias","url":"https:\/\/jornalfatosenoticias.com.br\/","logo":{"@type":"ImageObject","inLanguage":"pt-BR","@id":"https:\/\/jornalfatosenoticias.com.br\/#\/schema\/logo\/image\/","url":"https:\/\/jornalfatosenoticias.com.br\/wp-content\/uploads\/2020\/02\/logo120.png","contentUrl":"https:\/\/jornalfatosenoticias.com.br\/wp-content\/uploads\/2020\/02\/logo120.png","width":1227,"height":120,"caption":"Jornal Fatos e Not\u00edcias"},"image":{"@id":"https:\/\/jornalfatosenoticias.com.br\/#\/schema\/logo\/image\/"}},{"@type":"Person","@id":"https:\/\/jornalfatosenoticias.com.br\/#\/schema\/person\/d63837fa13ac8666eb9e74e0985d6f81","name":"Luzimara Fernandes","image":{"@type":"ImageObject","inLanguage":"pt-BR","@id":"https:\/\/jornalfatosenoticias.com.br\/#\/schema\/person\/image\/","url":"https:\/\/jornalfatosenoticias.com.br\/wp-content\/uploads\/2025\/05\/EU_portal.jpg","contentUrl":"https:\/\/jornalfatosenoticias.com.br\/wp-content\/uploads\/2025\/05\/EU_portal.jpg","caption":"Luzimara Fernandes"},"description":"Jornalista MTB 2358-ES","sameAs":["https:\/\/jornalfatosenoticias.com.br"],"url":"https:\/\/jornalfatosenoticias.com.br\/index.php\/author\/luzimara\/"}]}},"cc_featured_image_caption":{"caption_text":"(Foto: Freepik)","source_text":"","source_url":""},"jetpack_featured_media_url":"https:\/\/jornalfatosenoticias.com.br\/wp-content\/uploads\/2025\/04\/carteiras-escolares-superfaturadas-governo-Lula_freepik.jpg","_links":{"self":[{"href":"https:\/\/jornalfatosenoticias.com.br\/index.php\/wp-json\/wp\/v2\/posts\/58319","targetHints":{"allow":["GET"]}}],"collection":[{"href":"https:\/\/jornalfatosenoticias.com.br\/index.php\/wp-json\/wp\/v2\/posts"}],"about":[{"href":"https:\/\/jornalfatosenoticias.com.br\/index.php\/wp-json\/wp\/v2\/types\/post"}],"author":[{"embeddable":true,"href":"https:\/\/jornalfatosenoticias.com.br\/index.php\/wp-json\/wp\/v2\/users\/2"}],"replies":[{"embeddable":true,"href":"https:\/\/jornalfatosenoticias.com.br\/index.php\/wp-json\/wp\/v2\/comments?post=58319"}],"version-history":[{"count":0,"href":"https:\/\/jornalfatosenoticias.com.br\/index.php\/wp-json\/wp\/v2\/posts\/58319\/revisions"}],"wp:featuredmedia":[{"embeddable":true,"href":"https:\/\/jornalfatosenoticias.com.br\/index.php\/wp-json\/wp\/v2\/media\/58320"}],"wp:attachment":[{"href":"https:\/\/jornalfatosenoticias.com.br\/index.php\/wp-json\/wp\/v2\/media?parent=58319"}],"wp:term":[{"taxonomy":"category","embeddable":true,"href":"https:\/\/jornalfatosenoticias.com.br\/index.php\/wp-json\/wp\/v2\/categories?post=58319"},{"taxonomy":"post_tag","embeddable":true,"href":"https:\/\/jornalfatosenoticias.com.br\/index.php\/wp-json\/wp\/v2\/tags?post=58319"}],"curies":[{"name":"wp","href":"https:\/\/api.w.org\/{rel}","templated":true}]}}