{"id":58327,"date":"2025-04-07T16:06:43","date_gmt":"2025-04-07T19:06:43","guid":{"rendered":"https:\/\/jornalfatosenoticias.com.br\/?p=58327"},"modified":"2025-04-07T16:06:44","modified_gmt":"2025-04-07T19:06:44","slug":"medo-de-recessao-global-aumenta-e-provoca-nova-onda-de-liquidacoes-nas-bolsas","status":"publish","type":"post","link":"https:\/\/jornalfatosenoticias.com.br\/index.php\/2025\/04\/07\/medo-de-recessao-global-aumenta-e-provoca-nova-onda-de-liquidacoes-nas-bolsas\/","title":{"rendered":"Medo de recess\u00e3o global aumenta e provoca nova onda de liquida\u00e7\u00f5es nas bolsas"},"content":{"rendered":"\n<p><em><span class=\"has-inline-color has-black-color\">Na bolsa de T\u00f3quio, o \u00edndice Nikkei fechou em queda de quase 8%. Cresce o temor de que a pol\u00edtica comercial americana cause uma recess\u00e3o global<\/span><\/em><\/p>\n\n\n\n<p><span class=\"has-inline-color has-black-color\">Por <strong><a href=\"https:\/\/www.gazetadopovo.com.br\/autor\/vandre-kramer\/\">Vandr\u00e9 Kramer<\/a><\/strong><\/span><\/p>\n\n\n\n<div class=\"wp-block-image\"><figure class=\"aligncenter size-large\"><a href=\"https:\/\/mizu.com.br\/\"><img loading=\"lazy\" decoding=\"async\" width=\"729\" height=\"90\" src=\"https:\/\/jornalfatosenoticias.com.br\/wp-content\/uploads\/2020\/02\/Logo_Mizu.png\" alt=\"\" class=\"wp-image-1441\" srcset=\"https:\/\/jornalfatosenoticias.com.br\/wp-content\/uploads\/2020\/02\/Logo_Mizu.png 729w, https:\/\/jornalfatosenoticias.com.br\/wp-content\/uploads\/2020\/02\/Logo_Mizu-300x37.png 300w\" sizes=\"auto, (max-width: 729px) 100vw, 729px\" \/><\/a><\/figure><\/div>\n\n\n\n<p>Os principais mercados mundiais operam com forte instabilidade nesta segunda-feira (7), reagindo \u00e0 pol\u00edtica comercial do presidente dos Estados Unidos, Donald Trump, que recentemente imp\u00f4s o que chamou de &#8220;tarifas rec\u00edprocas&#8221; de no m\u00ednimo 10% sobre todos os parceiros comerciais dos EUA.<br>A nova onda de liquida\u00e7\u00f5es de posi\u00e7\u00f5es, que d\u00e1 sequ\u00eancia ao movimento iniciado na semana passada, se deve ao aumento do temor de recess\u00e3o econ\u00f4mica. Bolsas despencaram na \u00c1sia e na Europa, e h\u00e1 perdas tamb\u00e9m nos EUA e no Brasil. As perdas j\u00e1 chegam a US$ 10 trilh\u00f5es.<\/p>\n\n\n\n<div class=\"wp-block-image\"><figure class=\"aligncenter size-large is-resized\"><a href=\"https:\/\/www.facebook.com\/profile.php?id=100069289606145\"><img loading=\"lazy\" decoding=\"async\" src=\"https:\/\/jornalfatosenoticias.com.br\/wp-content\/uploads\/2024\/11\/Guaitolini-Contabilidade-1024x714.jpeg\" alt=\"\" class=\"wp-image-55808\" width=\"308\" height=\"214\" srcset=\"https:\/\/jornalfatosenoticias.com.br\/wp-content\/uploads\/2024\/11\/Guaitolini-Contabilidade-1024x714.jpeg 1024w, https:\/\/jornalfatosenoticias.com.br\/wp-content\/uploads\/2024\/11\/Guaitolini-Contabilidade-300x209.jpeg 300w, https:\/\/jornalfatosenoticias.com.br\/wp-content\/uploads\/2024\/11\/Guaitolini-Contabilidade-768x535.jpeg 768w, https:\/\/jornalfatosenoticias.com.br\/wp-content\/uploads\/2024\/11\/Guaitolini-Contabilidade.jpeg 1280w\" sizes=\"auto, (max-width: 308px) 100vw, 308px\" \/><\/a><\/figure><\/div>\n\n\n\n<p>Em Frankfurt, o \u00edndice chegou a cair 10%; em Londres, 6%; Xangai, na China, perdeu 8%, enquanto Hong Kong despencou 13%. Em T\u00f3quio, o circuit-breaker \u2014 mecanismo que interrompe os neg\u00f3cios \u2014 foi acionado para conter as perdas. O \u00edndice Nikkei fechou em baixa de 7,83%.<\/p>\n\n\n\n<div class=\"wp-block-image\"><figure class=\"aligncenter size-large is-resized\"><a href=\"https:\/\/www.ithbrasil.com.br\/\"><img loading=\"lazy\" decoding=\"async\" src=\"https:\/\/jornalfatosenoticias.com.br\/wp-content\/uploads\/2023\/08\/ITH.jpeg\" alt=\"\" class=\"wp-image-44638\" width=\"288\" height=\"234\" srcset=\"https:\/\/jornalfatosenoticias.com.br\/wp-content\/uploads\/2023\/08\/ITH.jpeg 800w, https:\/\/jornalfatosenoticias.com.br\/wp-content\/uploads\/2023\/08\/ITH-300x244.jpeg 300w, https:\/\/jornalfatosenoticias.com.br\/wp-content\/uploads\/2023\/08\/ITH-768x624.jpeg 768w\" sizes=\"auto, (max-width: 288px) 100vw, 288px\" \/><\/a><\/figure><\/div>\n\n\n\n<p>Nos EUA, os principais \u00edndices \u2014 Nasdaq, S&amp;P 500 e Dow Jones \u2014 operavam em baixa de mais de 1% por volta das 12h30 de Bras\u00edlia. No mesmo hor\u00e1rio, o Ibovespa, o principal \u00edndice da bolsa brasileira, registrava queda de 1,25%. O d\u00f3lar comercial era negociado a R$ 5,92, 1,5% acima do fechamento de sexta-feira (4).<\/p>\n\n\n\n<div class=\"wp-block-image\"><figure class=\"aligncenter size-large is-resized\"><a href=\"https:\/\/www.legisjuris.com.br\/\"><img loading=\"lazy\" decoding=\"async\" src=\"https:\/\/jornalfatosenoticias.com.br\/wp-content\/uploads\/2024\/09\/Legis-Juris-Consultoria_logo.jpg\" alt=\"\" class=\"wp-image-53915\" width=\"492\" height=\"206\" srcset=\"https:\/\/jornalfatosenoticias.com.br\/wp-content\/uploads\/2024\/09\/Legis-Juris-Consultoria_logo.jpg 969w, https:\/\/jornalfatosenoticias.com.br\/wp-content\/uploads\/2024\/09\/Legis-Juris-Consultoria_logo-300x126.jpg 300w, https:\/\/jornalfatosenoticias.com.br\/wp-content\/uploads\/2024\/09\/Legis-Juris-Consultoria_logo-768x322.jpg 768w\" sizes=\"auto, (max-width: 492px) 100vw, 492px\" \/><\/a><\/figure><\/div>\n\n\n\n<p>O presidente do Banco Central, Gabriel Gal\u00edpolo, disse que as perdas da madrugada e da manh\u00e3 desta segunda mostram que a volatilidade e incerteza sobre o mercado n\u00e3o est\u00e3o restritos ao Brasil e podem atingir outros mercados do mundo, inclusive os das principais economias.<\/p>\n\n\n\n<div class=\"wp-block-image\"><figure class=\"aligncenter size-large is-resized\"><a href=\"https:\/\/www.instagram.com\/esteiochurrascaria\/\"><img loading=\"lazy\" decoding=\"async\" src=\"https:\/\/jornalfatosenoticias.com.br\/wp-content\/uploads\/2022\/02\/LOGO-ESTEIO-1024x730.png\" alt=\"\" class=\"wp-image-27942\" width=\"310\" height=\"221\" srcset=\"https:\/\/jornalfatosenoticias.com.br\/wp-content\/uploads\/2022\/02\/LOGO-ESTEIO-1024x730.png 1024w, https:\/\/jornalfatosenoticias.com.br\/wp-content\/uploads\/2022\/02\/LOGO-ESTEIO-300x214.png 300w, https:\/\/jornalfatosenoticias.com.br\/wp-content\/uploads\/2022\/02\/LOGO-ESTEIO-768x548.png 768w, https:\/\/jornalfatosenoticias.com.br\/wp-content\/uploads\/2022\/02\/LOGO-ESTEIO.png 1123w\" sizes=\"auto, (max-width: 310px) 100vw, 310px\" \/><\/a><\/figure><\/div>\n\n\n\n<blockquote class=\"wp-block-quote is-layout-flow wp-block-quote-is-layout-flow\"><p><span class=\"has-inline-color has-luminous-vivid-orange-color\">J\u00e1 dizia um dos pais da f\u00edsica qu\u00e2ntica que fazer proje\u00e7\u00f5es sobre o futuro \u00e9 especialmente dif\u00edcil. No Brasil, esse \u00e9 um ditado que valeria com alguma \u00eanfase maior, mas o dia de hoje est\u00e1 mostrando que talvez n\u00e3o seja s\u00f3 no Brasil\u201d, afirmou.<\/span><\/p><\/blockquote>\n\n\n\n<div class=\"wp-block-image\"><figure class=\"aligncenter size-large is-resized\"><a href=\"https:\/\/hotelmarquetti.com.br\/\"><img loading=\"lazy\" decoding=\"async\" src=\"https:\/\/jornalfatosenoticias.com.br\/wp-content\/uploads\/2020\/02\/LOGO-MQ-1024x680.jpg\" alt=\"\" class=\"wp-image-58299\" width=\"315\" height=\"209\" srcset=\"https:\/\/jornalfatosenoticias.com.br\/wp-content\/uploads\/2020\/02\/LOGO-MQ-1024x680.jpg 1024w, https:\/\/jornalfatosenoticias.com.br\/wp-content\/uploads\/2020\/02\/LOGO-MQ-300x199.jpg 300w, https:\/\/jornalfatosenoticias.com.br\/wp-content\/uploads\/2020\/02\/LOGO-MQ-768x510.jpg 768w, https:\/\/jornalfatosenoticias.com.br\/wp-content\/uploads\/2020\/02\/LOGO-MQ-1536x1020.jpg 1536w, https:\/\/jornalfatosenoticias.com.br\/wp-content\/uploads\/2020\/02\/LOGO-MQ-2048x1360.jpg 2048w\" sizes=\"auto, (max-width: 315px) 100vw, 315px\" \/><\/a><\/figure><\/div>\n\n\n\n<p>Nos Estados Unidos, a perspectiva para o mercado financeiro tamb\u00e9m \u00e9 pessimista. Os \u00edndices futuros apontam quedas acentuadas, enquanto o banco de investimento Goldman Sachs elevou a probabilidade de uma recess\u00e3o na economia americana. O temor de uma desacelera\u00e7\u00e3o econ\u00f4mica global tamb\u00e9m afetou os mercados de commodities, com o petr\u00f3leo registrando queda nos pre\u00e7os.<\/p>\n\n\n\n<div class=\"wp-block-image\"><figure class=\"aligncenter size-large\"><a href=\"http:\/\/www.ferrarimaquinas.com.br\/\"><img loading=\"lazy\" decoding=\"async\" width=\"300\" height=\"250\" src=\"https:\/\/jornalfatosenoticias.com.br\/wp-content\/uploads\/2022\/02\/FERRARI_MAQUINAS-E-FERRAMENTAS2.jpg\" alt=\"\" class=\"wp-image-27860\"\/><\/a><\/figure><\/div>\n\n\n\n<p><strong><span class=\"has-inline-color has-black-color\">Trump reafirmou pol\u00edtica comercial no fim de semana<br><\/span><\/strong>Trump e integrantes de seu gabinete reafirmaram, durante o fim de semana, que a pol\u00edtica tarif\u00e1ria ser\u00e1 mantida. O presidente americano justificou as medidas alegando d\u00e9ficits comerciais elevados, especialmente com a China, que ele estimou em US$ 1 trilh\u00e3o.<\/p>\n\n\n\n<div class=\"wp-block-image\"><figure class=\"aligncenter size-large\"><a href=\"https:\/\/www.cesconetto.com.br\/\"><img loading=\"lazy\" decoding=\"async\" width=\"300\" height=\"250\" src=\"https:\/\/jornalfatosenoticias.com.br\/wp-content\/uploads\/2020\/02\/Banner-2.png\" alt=\"\" class=\"wp-image-43787\"\/><\/a><\/figure><\/div>\n\n\n\n<blockquote class=\"wp-block-quote is-layout-flow wp-block-quote-is-layout-flow\"><p><span class=\"has-inline-color has-luminous-vivid-orange-color\">N\u00e3o vamos mais perder US$ 1 trilh\u00e3o pelo privil\u00e9gio de comprar l\u00e1pis da China&#8221;, declarou a jornalistas. Nesta segunda, ele escreveu em sua rede social que os Estados Unidos t\u00eam a oportunidade de realizar &#8220;algo que deveria ter sido feito d\u00e9cadas atr\u00e1s&#8221;. &#8220;Grandeza ser\u00e1 o resultado&#8221;, afirmou.<\/span><\/p><\/blockquote>\n\n\n\n<div class=\"wp-block-image\"><figure class=\"aligncenter size-large is-resized\"><a href=\"https:\/\/www.facebook.com\/vetor.vix\/\"><img loading=\"lazy\" decoding=\"async\" src=\"https:\/\/jornalfatosenoticias.com.br\/wp-content\/uploads\/2023\/09\/vetorvix1024_1.jpg\" alt=\"\" class=\"wp-image-44868\" width=\"550\" height=\"146\" srcset=\"https:\/\/jornalfatosenoticias.com.br\/wp-content\/uploads\/2023\/09\/vetorvix1024_1.jpg 1024w, https:\/\/jornalfatosenoticias.com.br\/wp-content\/uploads\/2023\/09\/vetorvix1024_1-300x80.jpg 300w, https:\/\/jornalfatosenoticias.com.br\/wp-content\/uploads\/2023\/09\/vetorvix1024_1-768x205.jpg 768w\" sizes=\"auto, (max-width: 550px) 100vw, 550px\" \/><\/a><\/figure><\/div>\n\n\n\n<p>Autoridades como o conselheiro Peter Navarro e o secret\u00e1rio do Tesouro, Scott Bessent, minimizaram os riscos, pedindo calma \u00e0 popula\u00e7\u00e3o e aos investidores. Analistas e economistas, por\u00e9m, apontaram para um cen\u00e1rio de maior volatilidade e incerteza.<\/p>\n\n\n\n<div class=\"wp-block-image\"><figure class=\"aligncenter size-large is-resized\"><a href=\"https:\/\/www.instagram.com\/rcradiadores\/\"><img loading=\"lazy\" decoding=\"async\" src=\"https:\/\/jornalfatosenoticias.com.br\/wp-content\/uploads\/2022\/10\/RC_800x750_page-0001.jpg\" alt=\"\" class=\"wp-image-35338\" width=\"283\" height=\"265\" srcset=\"https:\/\/jornalfatosenoticias.com.br\/wp-content\/uploads\/2022\/10\/RC_800x750_page-0001.jpg 400w, https:\/\/jornalfatosenoticias.com.br\/wp-content\/uploads\/2022\/10\/RC_800x750_page-0001-300x281.jpg 300w\" sizes=\"auto, (max-width: 283px) 100vw, 283px\" \/><\/a><\/figure><\/div>\n\n\n\n<p><strong><span class=\"has-inline-color has-black-color\">Medidas sinalizam para incertezas globais<br><\/span><\/strong>As tarifas impostas pelos EUA t\u00eam gerado preocupa\u00e7\u00f5es quanto ao impacto nos lucros das empresas, nas cadeias de suprimentos globais e no crescimento econ\u00f4mico mundial. Investidores buscam ref\u00fagio em ativos mais seguros, como t\u00edtulos do governo americano, pressionando os rendimentos para baixo.<\/p>\n\n\n\n<div class=\"wp-block-image\"><figure class=\"aligncenter size-large is-resized\"><a href=\"https:\/\/www.instagram.com\/gruposei\/\"><img loading=\"lazy\" decoding=\"async\" src=\"https:\/\/jornalfatosenoticias.com.br\/wp-content\/uploads\/2022\/07\/Logo-Grupo-SEI.jpg\" alt=\"\" class=\"wp-image-31973\" width=\"396\" height=\"208\" srcset=\"https:\/\/jornalfatosenoticias.com.br\/wp-content\/uploads\/2022\/07\/Logo-Grupo-SEI.jpg 713w, https:\/\/jornalfatosenoticias.com.br\/wp-content\/uploads\/2022\/07\/Logo-Grupo-SEI-300x158.jpg 300w\" sizes=\"auto, (max-width: 396px) 100vw, 396px\" \/><\/a><\/figure><\/div>\n\n\n\n<p>Segundo o banco franc\u00eas Cr\u00e9dit Agricole, a imprevisibilidade das pol\u00edticas comerciais dificulta o planejamento das empresas, postergando decis\u00f5es de investimento e aumentando a incerteza. A volatilidade nos mercados \u00e9 exacerbada pelo que se v\u00ea como &#8220;risco institucional&#8221; crescente nos EUA.<\/p>\n\n\n\n<div class=\"wp-block-image\"><figure class=\"aligncenter size-large is-resized\"><a href=\"https:\/\/www.controlsystems.com.br\/\"><img loading=\"lazy\" decoding=\"async\" src=\"https:\/\/jornalfatosenoticias.com.br\/wp-content\/uploads\/2020\/02\/CONTROL-CS.jpg\" alt=\"\" class=\"wp-image-44991\" width=\"248\" height=\"298\" srcset=\"https:\/\/jornalfatosenoticias.com.br\/wp-content\/uploads\/2020\/02\/CONTROL-CS.jpg 834w, https:\/\/jornalfatosenoticias.com.br\/wp-content\/uploads\/2020\/02\/CONTROL-CS-250x300.jpg 250w, https:\/\/jornalfatosenoticias.com.br\/wp-content\/uploads\/2020\/02\/CONTROL-CS-768x921.jpg 768w\" sizes=\"auto, (max-width: 248px) 100vw, 248px\" \/><\/a><\/figure><\/div>\n\n\n\n<p>Analistas do Barclays, um dos maiores bancos brit\u00e2nicos, destacam que o aumento das tarifas deve desacelerar o crescimento global. Caso as tens\u00f5es comerciais se agravem, uma recess\u00e3o nas principais economias pode se tornar inevit\u00e1vel. O economista-chefe do Citi, Nathan Sheets, prev\u00ea que a tarifa m\u00e9dia sobre importa\u00e7\u00f5es americanas pode subir de 10% para 15% at\u00e9 o final do ano, com impactos significativos no consumo e nos investimentos norte-americanos.<\/p>\n\n\n\n<div class=\"wp-block-image\"><figure class=\"aligncenter size-large is-resized\"><a href=\"https:\/\/www.facebook.com\/postobkr\/?locale=pt_BR\"><img loading=\"lazy\" decoding=\"async\" src=\"https:\/\/jornalfatosenoticias.com.br\/wp-content\/uploads\/2023\/08\/BKR-1024x1021.jpg\" alt=\"\" class=\"wp-image-44494\" width=\"258\" height=\"257\" srcset=\"https:\/\/jornalfatosenoticias.com.br\/wp-content\/uploads\/2023\/08\/BKR-1024x1021.jpg 1024w, https:\/\/jornalfatosenoticias.com.br\/wp-content\/uploads\/2023\/08\/BKR-300x300.jpg 300w, https:\/\/jornalfatosenoticias.com.br\/wp-content\/uploads\/2023\/08\/BKR-150x150.jpg 150w, https:\/\/jornalfatosenoticias.com.br\/wp-content\/uploads\/2023\/08\/BKR-768x766.jpg 768w, https:\/\/jornalfatosenoticias.com.br\/wp-content\/uploads\/2023\/08\/BKR.jpg 1080w\" sizes=\"auto, (max-width: 258px) 100vw, 258px\" \/><\/a><\/figure><\/div>\n\n\n\n<blockquote class=\"wp-block-quote is-layout-flow wp-block-quote-is-layout-flow\"><p><span class=\"has-inline-color has-luminous-vivid-orange-color\">O programa dever\u00e1 gerar uma disrup\u00e7\u00e3o importante das cadeias produtivas, algo similar ao que ocorreu com a pandemia do covid 19. O resultado ser\u00e1 uma desacelera\u00e7\u00e3o da economia americana. Em outras palavras, no curto prazo, teremos mais infla\u00e7\u00e3o e menos crescimento&#8221;, diz o economista-chefe da Genial Investimentos, Jos\u00e9 M\u00e1rcio Camargo<\/span><\/p><\/blockquote>\n\n\n\n<div class=\"wp-block-image\"><figure class=\"aligncenter size-large is-resized\"><a href=\"https:\/\/panper.com.br\/\"><img loading=\"lazy\" decoding=\"async\" src=\"https:\/\/jornalfatosenoticias.com.br\/wp-content\/uploads\/2023\/03\/logo-Panper_portal.jpg\" alt=\"\" class=\"wp-image-40208\" width=\"300\" height=\"208\" srcset=\"https:\/\/jornalfatosenoticias.com.br\/wp-content\/uploads\/2023\/03\/logo-Panper_portal.jpg 400w, https:\/\/jornalfatosenoticias.com.br\/wp-content\/uploads\/2023\/03\/logo-Panper_portal-300x208.jpg 300w\" sizes=\"auto, (max-width: 300px) 100vw, 300px\" \/><\/a><\/figure><\/div>\n\n\n\n<p><strong><span class=\"has-inline-color has-black-color\">Perspectivas para as economias globais<br><\/span><\/strong>As tarifas elevam custos de importa\u00e7\u00e3o e produ\u00e7\u00e3o, pressionando os pre\u00e7os ao consumidor e reduzindo o poder de compra. Institui\u00e7\u00f5es como Goldman Sachs e JPMorgan Chase j\u00e1 revisaram para baixo suas proje\u00e7\u00f5es de crescimento para os EUA, alertando para o aumento da infla\u00e7\u00e3o e o risco de recess\u00e3o.<\/p>\n\n\n\n<div class=\"wp-block-image\"><figure class=\"aligncenter size-large is-resized\"><a href=\"https:\/\/www.instagram.com\/restaurantepegoretti\/\"><img loading=\"lazy\" decoding=\"async\" src=\"https:\/\/jornalfatosenoticias.com.br\/wp-content\/uploads\/2023\/12\/pegoretti-logo-pdf-1024x389.jpg\" alt=\"\" class=\"wp-image-47536\" width=\"498\" height=\"189\" srcset=\"https:\/\/jornalfatosenoticias.com.br\/wp-content\/uploads\/2023\/12\/pegoretti-logo-pdf-1024x389.jpg 1024w, https:\/\/jornalfatosenoticias.com.br\/wp-content\/uploads\/2023\/12\/pegoretti-logo-pdf-300x114.jpg 300w, https:\/\/jornalfatosenoticias.com.br\/wp-content\/uploads\/2023\/12\/pegoretti-logo-pdf-768x291.jpg 768w, https:\/\/jornalfatosenoticias.com.br\/wp-content\/uploads\/2023\/12\/pegoretti-logo-pdf.jpg 1120w\" sizes=\"auto, (max-width: 498px) 100vw, 498px\" \/><\/a><\/figure><\/div>\n\n\n\n<p>Jamie Dimon, CEO do JPMorgan Chase, destacou que as tarifas podem prejudicar alian\u00e7as econ\u00f4micas de longo prazo e aumentar o isolamento dos EUA no cen\u00e1rio global. Para a Uni\u00e3o Europeia, o confronto comercial representa um risco adicional, mesmo com est\u00edmulos fiscais, como o pacote alem\u00e3o, impulsionando levemente o crescimento da zona do euro.<\/p>\n\n\n\n<div class=\"wp-block-image\"><figure class=\"aligncenter size-large is-resized\"><a href=\"https:\/\/www.instagram.com\/serra4x4cambioautomatico\/\"><img loading=\"lazy\" decoding=\"async\" src=\"https:\/\/jornalfatosenoticias.com.br\/wp-content\/uploads\/2024\/08\/Serra-4x4-1-886x1024.jpg\" alt=\"\" class=\"wp-image-53632\" width=\"271\" height=\"313\" srcset=\"https:\/\/jornalfatosenoticias.com.br\/wp-content\/uploads\/2024\/08\/Serra-4x4-1-886x1024.jpg 886w, https:\/\/jornalfatosenoticias.com.br\/wp-content\/uploads\/2024\/08\/Serra-4x4-1-260x300.jpg 260w, https:\/\/jornalfatosenoticias.com.br\/wp-content\/uploads\/2024\/08\/Serra-4x4-1-768x888.jpg 768w, https:\/\/jornalfatosenoticias.com.br\/wp-content\/uploads\/2024\/08\/Serra-4x4-1.jpg 1181w\" sizes=\"auto, (max-width: 271px) 100vw, 271px\" \/><\/a><\/figure><\/div>\n\n\n\n<p>Na \u00c1sia, a China enfrenta dificuldades crescentes para manter suas exporta\u00e7\u00f5es competitivas, enquanto o Jap\u00e3o e a Coreia do Sul observam os desdobramentos com cautela. O Brasil, embora menos exposto, j\u00e1 sofre com tarifas sobre a\u00e7o e alum\u00ednio, enquanto a \u00cdndia, com sua economia voltada ao consumo dom\u00e9stico, pode se beneficiar do cen\u00e1rio atual.<\/p>\n\n\n\n<div class=\"wp-block-image\"><figure class=\"aligncenter size-large is-resized\"><a href=\"https:\/\/www.legisjuris.com.br\/\"><img loading=\"lazy\" decoding=\"async\" src=\"https:\/\/jornalfatosenoticias.com.br\/wp-content\/uploads\/2024\/09\/Legis-Juris-Consultoria_logo.jpg\" alt=\"\" class=\"wp-image-53915\" width=\"475\" height=\"199\" srcset=\"https:\/\/jornalfatosenoticias.com.br\/wp-content\/uploads\/2024\/09\/Legis-Juris-Consultoria_logo.jpg 969w, https:\/\/jornalfatosenoticias.com.br\/wp-content\/uploads\/2024\/09\/Legis-Juris-Consultoria_logo-300x126.jpg 300w, https:\/\/jornalfatosenoticias.com.br\/wp-content\/uploads\/2024\/09\/Legis-Juris-Consultoria_logo-768x322.jpg 768w\" sizes=\"auto, (max-width: 475px) 100vw, 475px\" \/><\/a><\/figure><\/div>\n\n\n\n<p><strong><span class=\"has-inline-color has-black-color\">Tens\u00f5es devem ter efeitos geopol\u00edticos<br><\/span><\/strong>As tens\u00f5es comerciais est\u00e3o acelerando mudan\u00e7as nas rela\u00e7\u00f5es econ\u00f4micas e geopol\u00edticas. Pa\u00edses como China, Jap\u00e3o e Coreia do Sul est\u00e3o retomando negocia\u00e7\u00f5es de acordos de livre com\u00e9rcio. No entanto, a desconfian\u00e7a em rela\u00e7\u00e3o \u00e0 China permanece elevada, conforme apontado por especialistas do Cr\u00e9dit Agricole. A Uni\u00e3o Europeia busca diversificar suas parcerias comerciais.<\/p>\n\n\n\n<div class=\"wp-block-image\"><figure class=\"aligncenter size-large is-resized\"><a href=\"https:\/\/hotelmarquetti.com.br\/\"><img loading=\"lazy\" decoding=\"async\" src=\"https:\/\/jornalfatosenoticias.com.br\/wp-content\/uploads\/2020\/02\/LOGO-MQ-1024x680.jpg\" alt=\"\" class=\"wp-image-58299\" width=\"316\" height=\"210\" srcset=\"https:\/\/jornalfatosenoticias.com.br\/wp-content\/uploads\/2020\/02\/LOGO-MQ-1024x680.jpg 1024w, https:\/\/jornalfatosenoticias.com.br\/wp-content\/uploads\/2020\/02\/LOGO-MQ-300x199.jpg 300w, https:\/\/jornalfatosenoticias.com.br\/wp-content\/uploads\/2020\/02\/LOGO-MQ-768x510.jpg 768w, https:\/\/jornalfatosenoticias.com.br\/wp-content\/uploads\/2020\/02\/LOGO-MQ-1536x1020.jpg 1536w, https:\/\/jornalfatosenoticias.com.br\/wp-content\/uploads\/2020\/02\/LOGO-MQ-2048x1360.jpg 2048w\" sizes=\"auto, (max-width: 316px) 100vw, 316px\" \/><\/a><\/figure><\/div>\n\n\n\n<p>O protecionismo dos EUA tamb\u00e9m est\u00e1 estimulando revis\u00f5es estrat\u00e9gicas em setores como transporte mar\u00edtimo e cadeias de suprimentos, com impactos no com\u00e9rcio internacional. Segundo o New York Times, as exporta\u00e7\u00f5es chinesas continuam crescendo, mas a redistribui\u00e7\u00e3o de fluxos comerciais amea\u00e7a economias aliadas dos EUA, como Coreia do Sul e Uni\u00e3o Europeia.<\/p>\n\n\n\n<div class=\"wp-block-image\"><figure class=\"aligncenter size-large is-resized\"><a href=\"https:\/\/www.facebook.com\/profile.php?id=100069289606145\"><img loading=\"lazy\" decoding=\"async\" src=\"https:\/\/jornalfatosenoticias.com.br\/wp-content\/uploads\/2024\/11\/Guaitolini-Contabilidade-1024x714.jpeg\" alt=\"\" class=\"wp-image-55808\" width=\"306\" height=\"213\" srcset=\"https:\/\/jornalfatosenoticias.com.br\/wp-content\/uploads\/2024\/11\/Guaitolini-Contabilidade-1024x714.jpeg 1024w, https:\/\/jornalfatosenoticias.com.br\/wp-content\/uploads\/2024\/11\/Guaitolini-Contabilidade-300x209.jpeg 300w, https:\/\/jornalfatosenoticias.com.br\/wp-content\/uploads\/2024\/11\/Guaitolini-Contabilidade-768x535.jpeg 768w, https:\/\/jornalfatosenoticias.com.br\/wp-content\/uploads\/2024\/11\/Guaitolini-Contabilidade.jpeg 1280w\" sizes=\"auto, (max-width: 306px) 100vw, 306px\" \/><\/a><\/figure><\/div>\n\n\n\n<p>Os fluxos de investimento estrangeiro direto est\u00e3o mudando, com investidores como o multibilion\u00e1rio Bill Ackman expressando preocupa\u00e7\u00e3o sobre os efeitos das tarifas na confian\u00e7a internacional. A avalia\u00e7\u00e3o \u00e9 de que a pol\u00edtica comercial americana, descrita pelo banco franc\u00eas como uma &#8220;domina\u00e7\u00e3o pela for\u00e7a&#8221;, pode levar \u00e0 fragmenta\u00e7\u00e3o dos fluxos comerciais e ao enfraquecimento de institui\u00e7\u00f5es multilaterais.<\/p>\n\n\n\n<div class=\"wp-block-image\"><figure class=\"aligncenter size-large is-resized\"><a href=\"https:\/\/www.ithbrasil.com.br\/\"><img loading=\"lazy\" decoding=\"async\" src=\"https:\/\/jornalfatosenoticias.com.br\/wp-content\/uploads\/2023\/08\/ITH.jpeg\" alt=\"\" class=\"wp-image-44638\" width=\"289\" height=\"235\" srcset=\"https:\/\/jornalfatosenoticias.com.br\/wp-content\/uploads\/2023\/08\/ITH.jpeg 800w, https:\/\/jornalfatosenoticias.com.br\/wp-content\/uploads\/2023\/08\/ITH-300x244.jpeg 300w, https:\/\/jornalfatosenoticias.com.br\/wp-content\/uploads\/2023\/08\/ITH-768x624.jpeg 768w\" sizes=\"auto, (max-width: 289px) 100vw, 289px\" \/><\/a><\/figure><\/div>\n\n\n\n<p>O Cr\u00e9dit Agricole alerta que as medidas protecionistas dos EUA, al\u00e9m de distorcerem o com\u00e9rcio global, aumentam o risco de tens\u00f5es geopol\u00edticas. A guerra comercial est\u00e1 remodelando o cen\u00e1rio econ\u00f4mico, com os EUA se tornando menos centrais nas cadeias globais de valor.<\/p>\n\n\n\n<p><strong>Fonte: <a href=\"https:\/\/www.gazetadopovo.com.br\/economia\/medo-de-recessao-global-dispara-nova-onda-de-perdas-nos-mercados\/\">Gazeta do Povo<\/a><\/strong><\/p>\n","protected":false},"excerpt":{"rendered":"<p>Na bolsa de T\u00f3quio, o \u00edndice Nikkei fechou em queda de quase 8%. Cresce o temor de que a pol\u00edtica comercial americana cause uma recess\u00e3o global Por Vandr\u00e9 Kramer Os principais mercados mundiais operam com forte instabilidade nesta segunda-feira (7), reagindo \u00e0 pol\u00edtica comercial do presidente dos Estados Unidos, Donald Trump, que recentemente imp\u00f4s o [&hellip;]<\/p>\n","protected":false},"author":2,"featured_media":58328,"comment_status":"open","ping_status":"open","sticky":false,"template":"","format":"standard","meta":{"footnotes":""},"categories":[9],"tags":[26577,85,2147,159,23214,26579,26578,26580],"class_list":["post-58327","post","type-post","status-publish","format-standard","has-post-thumbnail","hentry","category-economia","tag-bolsa-de-toquio","tag-china","tag-donald-trump","tag-eua","tag-guerra-comercial","tag-indice-nikkei","tag-jpmorgan-chase","tag-medidas-protecionistas-dos-eua"],"yoast_head":"<!-- This site is optimized with the Yoast SEO plugin v26.5 - https:\/\/yoast.com\/wordpress\/plugins\/seo\/ -->\n<title>Medo de recess\u00e3o global aumenta e provoca nova onda de liquida\u00e7\u00f5es nas bolsas - Jornal Fatos e Not\u00edcias<\/title>\n<meta name=\"robots\" content=\"index, follow, max-snippet:-1, max-image-preview:large, max-video-preview:-1\" \/>\n<link rel=\"canonical\" href=\"https:\/\/jornalfatosenoticias.com.br\/index.php\/2025\/04\/07\/medo-de-recessao-global-aumenta-e-provoca-nova-onda-de-liquidacoes-nas-bolsas\/\" \/>\n<meta property=\"og:locale\" content=\"pt_BR\" \/>\n<meta property=\"og:type\" content=\"article\" \/>\n<meta property=\"og:title\" content=\"Medo de recess\u00e3o global aumenta e provoca nova onda de liquida\u00e7\u00f5es nas bolsas - Jornal Fatos e Not\u00edcias\" \/>\n<meta property=\"og:description\" content=\"Na bolsa de T\u00f3quio, o \u00edndice Nikkei fechou em queda de quase 8%. Cresce o temor de que a pol\u00edtica comercial americana cause uma recess\u00e3o global Por Vandr\u00e9 Kramer Os principais mercados mundiais operam com forte instabilidade nesta segunda-feira (7), reagindo \u00e0 pol\u00edtica comercial do presidente dos Estados Unidos, Donald Trump, que recentemente imp\u00f4s o [&hellip;]\" \/>\n<meta property=\"og:url\" content=\"https:\/\/jornalfatosenoticias.com.br\/index.php\/2025\/04\/07\/medo-de-recessao-global-aumenta-e-provoca-nova-onda-de-liquidacoes-nas-bolsas\/\" \/>\n<meta property=\"og:site_name\" content=\"Jornal Fatos e Not\u00edcias\" \/>\n<meta property=\"article:published_time\" content=\"2025-04-07T19:06:43+00:00\" \/>\n<meta property=\"article:modified_time\" content=\"2025-04-07T19:06:44+00:00\" \/>\n<meta property=\"og:image\" content=\"https:\/\/jornalfatosenoticias.com.br\/wp-content\/uploads\/2025\/04\/bolsa-de-valores-Toquio.jpg\" \/>\n\t<meta property=\"og:image:width\" content=\"800\" \/>\n\t<meta property=\"og:image:height\" content=\"533\" \/>\n\t<meta property=\"og:image:type\" content=\"image\/jpeg\" \/>\n<meta name=\"author\" content=\"Luzimara Fernandes\" \/>\n<meta name=\"twitter:card\" content=\"summary_large_image\" \/>\n<meta name=\"twitter:label1\" content=\"Escrito por\" \/>\n\t<meta name=\"twitter:data1\" content=\"Luzimara Fernandes\" \/>\n\t<meta name=\"twitter:label2\" content=\"Est. tempo de leitura\" \/>\n\t<meta name=\"twitter:data2\" content=\"6 minutos\" \/>\n<script type=\"application\/ld+json\" class=\"yoast-schema-graph\">{\"@context\":\"https:\/\/schema.org\",\"@graph\":[{\"@type\":\"Article\",\"@id\":\"https:\/\/jornalfatosenoticias.com.br\/index.php\/2025\/04\/07\/medo-de-recessao-global-aumenta-e-provoca-nova-onda-de-liquidacoes-nas-bolsas\/#article\",\"isPartOf\":{\"@id\":\"https:\/\/jornalfatosenoticias.com.br\/index.php\/2025\/04\/07\/medo-de-recessao-global-aumenta-e-provoca-nova-onda-de-liquidacoes-nas-bolsas\/\"},\"author\":{\"name\":\"Luzimara Fernandes\",\"@id\":\"https:\/\/jornalfatosenoticias.com.br\/#\/schema\/person\/d63837fa13ac8666eb9e74e0985d6f81\"},\"headline\":\"Medo de recess\u00e3o global aumenta e provoca nova onda de liquida\u00e7\u00f5es nas bolsas\",\"datePublished\":\"2025-04-07T19:06:43+00:00\",\"dateModified\":\"2025-04-07T19:06:44+00:00\",\"mainEntityOfPage\":{\"@id\":\"https:\/\/jornalfatosenoticias.com.br\/index.php\/2025\/04\/07\/medo-de-recessao-global-aumenta-e-provoca-nova-onda-de-liquidacoes-nas-bolsas\/\"},\"wordCount\":1185,\"commentCount\":0,\"publisher\":{\"@id\":\"https:\/\/jornalfatosenoticias.com.br\/#organization\"},\"image\":{\"@id\":\"https:\/\/jornalfatosenoticias.com.br\/index.php\/2025\/04\/07\/medo-de-recessao-global-aumenta-e-provoca-nova-onda-de-liquidacoes-nas-bolsas\/#primaryimage\"},\"thumbnailUrl\":\"https:\/\/jornalfatosenoticias.com.br\/wp-content\/uploads\/2025\/04\/bolsa-de-valores-Toquio.jpg\",\"keywords\":[\"bolsa de T\u00f3quio\",\"china\",\"Donald Trump\",\"EUA\",\"guerra comercial\",\"\u00edndice Nikkei\",\"JPMorgan Chase\",\"medidas protecionistas dos EUA\"],\"articleSection\":[\"Economia\"],\"inLanguage\":\"pt-BR\",\"potentialAction\":[{\"@type\":\"CommentAction\",\"name\":\"Comment\",\"target\":[\"https:\/\/jornalfatosenoticias.com.br\/index.php\/2025\/04\/07\/medo-de-recessao-global-aumenta-e-provoca-nova-onda-de-liquidacoes-nas-bolsas\/#respond\"]}]},{\"@type\":\"WebPage\",\"@id\":\"https:\/\/jornalfatosenoticias.com.br\/index.php\/2025\/04\/07\/medo-de-recessao-global-aumenta-e-provoca-nova-onda-de-liquidacoes-nas-bolsas\/\",\"url\":\"https:\/\/jornalfatosenoticias.com.br\/index.php\/2025\/04\/07\/medo-de-recessao-global-aumenta-e-provoca-nova-onda-de-liquidacoes-nas-bolsas\/\",\"name\":\"Medo de recess\u00e3o global aumenta e provoca nova onda de liquida\u00e7\u00f5es nas bolsas - Jornal Fatos e Not\u00edcias\",\"isPartOf\":{\"@id\":\"https:\/\/jornalfatosenoticias.com.br\/#website\"},\"primaryImageOfPage\":{\"@id\":\"https:\/\/jornalfatosenoticias.com.br\/index.php\/2025\/04\/07\/medo-de-recessao-global-aumenta-e-provoca-nova-onda-de-liquidacoes-nas-bolsas\/#primaryimage\"},\"image\":{\"@id\":\"https:\/\/jornalfatosenoticias.com.br\/index.php\/2025\/04\/07\/medo-de-recessao-global-aumenta-e-provoca-nova-onda-de-liquidacoes-nas-bolsas\/#primaryimage\"},\"thumbnailUrl\":\"https:\/\/jornalfatosenoticias.com.br\/wp-content\/uploads\/2025\/04\/bolsa-de-valores-Toquio.jpg\",\"datePublished\":\"2025-04-07T19:06:43+00:00\",\"dateModified\":\"2025-04-07T19:06:44+00:00\",\"breadcrumb\":{\"@id\":\"https:\/\/jornalfatosenoticias.com.br\/index.php\/2025\/04\/07\/medo-de-recessao-global-aumenta-e-provoca-nova-onda-de-liquidacoes-nas-bolsas\/#breadcrumb\"},\"inLanguage\":\"pt-BR\",\"potentialAction\":[{\"@type\":\"ReadAction\",\"target\":[\"https:\/\/jornalfatosenoticias.com.br\/index.php\/2025\/04\/07\/medo-de-recessao-global-aumenta-e-provoca-nova-onda-de-liquidacoes-nas-bolsas\/\"]}]},{\"@type\":\"ImageObject\",\"inLanguage\":\"pt-BR\",\"@id\":\"https:\/\/jornalfatosenoticias.com.br\/index.php\/2025\/04\/07\/medo-de-recessao-global-aumenta-e-provoca-nova-onda-de-liquidacoes-nas-bolsas\/#primaryimage\",\"url\":\"https:\/\/jornalfatosenoticias.com.br\/wp-content\/uploads\/2025\/04\/bolsa-de-valores-Toquio.jpg\",\"contentUrl\":\"https:\/\/jornalfatosenoticias.com.br\/wp-content\/uploads\/2025\/04\/bolsa-de-valores-Toquio.jpg\",\"width\":800,\"height\":533},{\"@type\":\"BreadcrumbList\",\"@id\":\"https:\/\/jornalfatosenoticias.com.br\/index.php\/2025\/04\/07\/medo-de-recessao-global-aumenta-e-provoca-nova-onda-de-liquidacoes-nas-bolsas\/#breadcrumb\",\"itemListElement\":[{\"@type\":\"ListItem\",\"position\":1,\"name\":\"In\u00edcio\",\"item\":\"https:\/\/jornalfatosenoticias.com.br\/\"},{\"@type\":\"ListItem\",\"position\":2,\"name\":\"Medo de recess\u00e3o global aumenta e provoca nova onda de liquida\u00e7\u00f5es nas bolsas\"}]},{\"@type\":\"WebSite\",\"@id\":\"https:\/\/jornalfatosenoticias.com.br\/#website\",\"url\":\"https:\/\/jornalfatosenoticias.com.br\/\",\"name\":\"Jornal Fatos e Not\u00edcias\",\"description\":\"Not\u00edcias em geral\",\"publisher\":{\"@id\":\"https:\/\/jornalfatosenoticias.com.br\/#organization\"},\"potentialAction\":[{\"@type\":\"SearchAction\",\"target\":{\"@type\":\"EntryPoint\",\"urlTemplate\":\"https:\/\/jornalfatosenoticias.com.br\/?s={search_term_string}\"},\"query-input\":{\"@type\":\"PropertyValueSpecification\",\"valueRequired\":true,\"valueName\":\"search_term_string\"}}],\"inLanguage\":\"pt-BR\"},{\"@type\":\"Organization\",\"@id\":\"https:\/\/jornalfatosenoticias.com.br\/#organization\",\"name\":\"Jornal Fatos e Not\u00edcias\",\"url\":\"https:\/\/jornalfatosenoticias.com.br\/\",\"logo\":{\"@type\":\"ImageObject\",\"inLanguage\":\"pt-BR\",\"@id\":\"https:\/\/jornalfatosenoticias.com.br\/#\/schema\/logo\/image\/\",\"url\":\"https:\/\/jornalfatosenoticias.com.br\/wp-content\/uploads\/2020\/02\/logo120.png\",\"contentUrl\":\"https:\/\/jornalfatosenoticias.com.br\/wp-content\/uploads\/2020\/02\/logo120.png\",\"width\":1227,\"height\":120,\"caption\":\"Jornal Fatos e Not\u00edcias\"},\"image\":{\"@id\":\"https:\/\/jornalfatosenoticias.com.br\/#\/schema\/logo\/image\/\"}},{\"@type\":\"Person\",\"@id\":\"https:\/\/jornalfatosenoticias.com.br\/#\/schema\/person\/d63837fa13ac8666eb9e74e0985d6f81\",\"name\":\"Luzimara Fernandes\",\"image\":{\"@type\":\"ImageObject\",\"inLanguage\":\"pt-BR\",\"@id\":\"https:\/\/jornalfatosenoticias.com.br\/#\/schema\/person\/image\/\",\"url\":\"https:\/\/jornalfatosenoticias.com.br\/wp-content\/uploads\/2025\/05\/EU_portal.jpg\",\"contentUrl\":\"https:\/\/jornalfatosenoticias.com.br\/wp-content\/uploads\/2025\/05\/EU_portal.jpg\",\"caption\":\"Luzimara Fernandes\"},\"description\":\"Jornalista MTB 2358-ES\",\"sameAs\":[\"https:\/\/jornalfatosenoticias.com.br\"],\"url\":\"https:\/\/jornalfatosenoticias.com.br\/index.php\/author\/luzimara\/\"}]}<\/script>\n<!-- \/ Yoast SEO plugin. -->","yoast_head_json":{"title":"Medo de recess\u00e3o global aumenta e provoca nova onda de liquida\u00e7\u00f5es nas bolsas - Jornal Fatos e Not\u00edcias","robots":{"index":"index","follow":"follow","max-snippet":"max-snippet:-1","max-image-preview":"max-image-preview:large","max-video-preview":"max-video-preview:-1"},"canonical":"https:\/\/jornalfatosenoticias.com.br\/index.php\/2025\/04\/07\/medo-de-recessao-global-aumenta-e-provoca-nova-onda-de-liquidacoes-nas-bolsas\/","og_locale":"pt_BR","og_type":"article","og_title":"Medo de recess\u00e3o global aumenta e provoca nova onda de liquida\u00e7\u00f5es nas bolsas - Jornal Fatos e Not\u00edcias","og_description":"Na bolsa de T\u00f3quio, o \u00edndice Nikkei fechou em queda de quase 8%. Cresce o temor de que a pol\u00edtica comercial americana cause uma recess\u00e3o global Por Vandr\u00e9 Kramer Os principais mercados mundiais operam com forte instabilidade nesta segunda-feira (7), reagindo \u00e0 pol\u00edtica comercial do presidente dos Estados Unidos, Donald Trump, que recentemente imp\u00f4s o [&hellip;]","og_url":"https:\/\/jornalfatosenoticias.com.br\/index.php\/2025\/04\/07\/medo-de-recessao-global-aumenta-e-provoca-nova-onda-de-liquidacoes-nas-bolsas\/","og_site_name":"Jornal Fatos e Not\u00edcias","article_published_time":"2025-04-07T19:06:43+00:00","article_modified_time":"2025-04-07T19:06:44+00:00","og_image":[{"width":800,"height":533,"url":"https:\/\/jornalfatosenoticias.com.br\/wp-content\/uploads\/2025\/04\/bolsa-de-valores-Toquio.jpg","type":"image\/jpeg"}],"author":"Luzimara Fernandes","twitter_card":"summary_large_image","twitter_misc":{"Escrito por":"Luzimara Fernandes","Est. tempo de leitura":"6 minutos"},"schema":{"@context":"https:\/\/schema.org","@graph":[{"@type":"Article","@id":"https:\/\/jornalfatosenoticias.com.br\/index.php\/2025\/04\/07\/medo-de-recessao-global-aumenta-e-provoca-nova-onda-de-liquidacoes-nas-bolsas\/#article","isPartOf":{"@id":"https:\/\/jornalfatosenoticias.com.br\/index.php\/2025\/04\/07\/medo-de-recessao-global-aumenta-e-provoca-nova-onda-de-liquidacoes-nas-bolsas\/"},"author":{"name":"Luzimara Fernandes","@id":"https:\/\/jornalfatosenoticias.com.br\/#\/schema\/person\/d63837fa13ac8666eb9e74e0985d6f81"},"headline":"Medo de recess\u00e3o global aumenta e provoca nova onda de liquida\u00e7\u00f5es nas bolsas","datePublished":"2025-04-07T19:06:43+00:00","dateModified":"2025-04-07T19:06:44+00:00","mainEntityOfPage":{"@id":"https:\/\/jornalfatosenoticias.com.br\/index.php\/2025\/04\/07\/medo-de-recessao-global-aumenta-e-provoca-nova-onda-de-liquidacoes-nas-bolsas\/"},"wordCount":1185,"commentCount":0,"publisher":{"@id":"https:\/\/jornalfatosenoticias.com.br\/#organization"},"image":{"@id":"https:\/\/jornalfatosenoticias.com.br\/index.php\/2025\/04\/07\/medo-de-recessao-global-aumenta-e-provoca-nova-onda-de-liquidacoes-nas-bolsas\/#primaryimage"},"thumbnailUrl":"https:\/\/jornalfatosenoticias.com.br\/wp-content\/uploads\/2025\/04\/bolsa-de-valores-Toquio.jpg","keywords":["bolsa de T\u00f3quio","china","Donald Trump","EUA","guerra comercial","\u00edndice Nikkei","JPMorgan Chase","medidas protecionistas dos EUA"],"articleSection":["Economia"],"inLanguage":"pt-BR","potentialAction":[{"@type":"CommentAction","name":"Comment","target":["https:\/\/jornalfatosenoticias.com.br\/index.php\/2025\/04\/07\/medo-de-recessao-global-aumenta-e-provoca-nova-onda-de-liquidacoes-nas-bolsas\/#respond"]}]},{"@type":"WebPage","@id":"https:\/\/jornalfatosenoticias.com.br\/index.php\/2025\/04\/07\/medo-de-recessao-global-aumenta-e-provoca-nova-onda-de-liquidacoes-nas-bolsas\/","url":"https:\/\/jornalfatosenoticias.com.br\/index.php\/2025\/04\/07\/medo-de-recessao-global-aumenta-e-provoca-nova-onda-de-liquidacoes-nas-bolsas\/","name":"Medo de recess\u00e3o global aumenta e provoca nova onda de liquida\u00e7\u00f5es nas bolsas - Jornal Fatos e Not\u00edcias","isPartOf":{"@id":"https:\/\/jornalfatosenoticias.com.br\/#website"},"primaryImageOfPage":{"@id":"https:\/\/jornalfatosenoticias.com.br\/index.php\/2025\/04\/07\/medo-de-recessao-global-aumenta-e-provoca-nova-onda-de-liquidacoes-nas-bolsas\/#primaryimage"},"image":{"@id":"https:\/\/jornalfatosenoticias.com.br\/index.php\/2025\/04\/07\/medo-de-recessao-global-aumenta-e-provoca-nova-onda-de-liquidacoes-nas-bolsas\/#primaryimage"},"thumbnailUrl":"https:\/\/jornalfatosenoticias.com.br\/wp-content\/uploads\/2025\/04\/bolsa-de-valores-Toquio.jpg","datePublished":"2025-04-07T19:06:43+00:00","dateModified":"2025-04-07T19:06:44+00:00","breadcrumb":{"@id":"https:\/\/jornalfatosenoticias.com.br\/index.php\/2025\/04\/07\/medo-de-recessao-global-aumenta-e-provoca-nova-onda-de-liquidacoes-nas-bolsas\/#breadcrumb"},"inLanguage":"pt-BR","potentialAction":[{"@type":"ReadAction","target":["https:\/\/jornalfatosenoticias.com.br\/index.php\/2025\/04\/07\/medo-de-recessao-global-aumenta-e-provoca-nova-onda-de-liquidacoes-nas-bolsas\/"]}]},{"@type":"ImageObject","inLanguage":"pt-BR","@id":"https:\/\/jornalfatosenoticias.com.br\/index.php\/2025\/04\/07\/medo-de-recessao-global-aumenta-e-provoca-nova-onda-de-liquidacoes-nas-bolsas\/#primaryimage","url":"https:\/\/jornalfatosenoticias.com.br\/wp-content\/uploads\/2025\/04\/bolsa-de-valores-Toquio.jpg","contentUrl":"https:\/\/jornalfatosenoticias.com.br\/wp-content\/uploads\/2025\/04\/bolsa-de-valores-Toquio.jpg","width":800,"height":533},{"@type":"BreadcrumbList","@id":"https:\/\/jornalfatosenoticias.com.br\/index.php\/2025\/04\/07\/medo-de-recessao-global-aumenta-e-provoca-nova-onda-de-liquidacoes-nas-bolsas\/#breadcrumb","itemListElement":[{"@type":"ListItem","position":1,"name":"In\u00edcio","item":"https:\/\/jornalfatosenoticias.com.br\/"},{"@type":"ListItem","position":2,"name":"Medo de recess\u00e3o global aumenta e provoca nova onda de liquida\u00e7\u00f5es nas bolsas"}]},{"@type":"WebSite","@id":"https:\/\/jornalfatosenoticias.com.br\/#website","url":"https:\/\/jornalfatosenoticias.com.br\/","name":"Jornal Fatos e Not\u00edcias","description":"Not\u00edcias em geral","publisher":{"@id":"https:\/\/jornalfatosenoticias.com.br\/#organization"},"potentialAction":[{"@type":"SearchAction","target":{"@type":"EntryPoint","urlTemplate":"https:\/\/jornalfatosenoticias.com.br\/?s={search_term_string}"},"query-input":{"@type":"PropertyValueSpecification","valueRequired":true,"valueName":"search_term_string"}}],"inLanguage":"pt-BR"},{"@type":"Organization","@id":"https:\/\/jornalfatosenoticias.com.br\/#organization","name":"Jornal Fatos e Not\u00edcias","url":"https:\/\/jornalfatosenoticias.com.br\/","logo":{"@type":"ImageObject","inLanguage":"pt-BR","@id":"https:\/\/jornalfatosenoticias.com.br\/#\/schema\/logo\/image\/","url":"https:\/\/jornalfatosenoticias.com.br\/wp-content\/uploads\/2020\/02\/logo120.png","contentUrl":"https:\/\/jornalfatosenoticias.com.br\/wp-content\/uploads\/2020\/02\/logo120.png","width":1227,"height":120,"caption":"Jornal Fatos e Not\u00edcias"},"image":{"@id":"https:\/\/jornalfatosenoticias.com.br\/#\/schema\/logo\/image\/"}},{"@type":"Person","@id":"https:\/\/jornalfatosenoticias.com.br\/#\/schema\/person\/d63837fa13ac8666eb9e74e0985d6f81","name":"Luzimara Fernandes","image":{"@type":"ImageObject","inLanguage":"pt-BR","@id":"https:\/\/jornalfatosenoticias.com.br\/#\/schema\/person\/image\/","url":"https:\/\/jornalfatosenoticias.com.br\/wp-content\/uploads\/2025\/05\/EU_portal.jpg","contentUrl":"https:\/\/jornalfatosenoticias.com.br\/wp-content\/uploads\/2025\/05\/EU_portal.jpg","caption":"Luzimara Fernandes"},"description":"Jornalista MTB 2358-ES","sameAs":["https:\/\/jornalfatosenoticias.com.br"],"url":"https:\/\/jornalfatosenoticias.com.br\/index.php\/author\/luzimara\/"}]}},"cc_featured_image_caption":{"caption_text":"(Foto: Reprodu\u00e7\u00e3o internet)","source_text":"","source_url":""},"jetpack_featured_media_url":"https:\/\/jornalfatosenoticias.com.br\/wp-content\/uploads\/2025\/04\/bolsa-de-valores-Toquio.jpg","_links":{"self":[{"href":"https:\/\/jornalfatosenoticias.com.br\/index.php\/wp-json\/wp\/v2\/posts\/58327","targetHints":{"allow":["GET"]}}],"collection":[{"href":"https:\/\/jornalfatosenoticias.com.br\/index.php\/wp-json\/wp\/v2\/posts"}],"about":[{"href":"https:\/\/jornalfatosenoticias.com.br\/index.php\/wp-json\/wp\/v2\/types\/post"}],"author":[{"embeddable":true,"href":"https:\/\/jornalfatosenoticias.com.br\/index.php\/wp-json\/wp\/v2\/users\/2"}],"replies":[{"embeddable":true,"href":"https:\/\/jornalfatosenoticias.com.br\/index.php\/wp-json\/wp\/v2\/comments?post=58327"}],"version-history":[{"count":0,"href":"https:\/\/jornalfatosenoticias.com.br\/index.php\/wp-json\/wp\/v2\/posts\/58327\/revisions"}],"wp:featuredmedia":[{"embeddable":true,"href":"https:\/\/jornalfatosenoticias.com.br\/index.php\/wp-json\/wp\/v2\/media\/58328"}],"wp:attachment":[{"href":"https:\/\/jornalfatosenoticias.com.br\/index.php\/wp-json\/wp\/v2\/media?parent=58327"}],"wp:term":[{"taxonomy":"category","embeddable":true,"href":"https:\/\/jornalfatosenoticias.com.br\/index.php\/wp-json\/wp\/v2\/categories?post=58327"},{"taxonomy":"post_tag","embeddable":true,"href":"https:\/\/jornalfatosenoticias.com.br\/index.php\/wp-json\/wp\/v2\/tags?post=58327"}],"curies":[{"name":"wp","href":"https:\/\/api.w.org\/{rel}","templated":true}]}}