{"id":58333,"date":"2025-04-07T16:49:29","date_gmt":"2025-04-07T19:49:29","guid":{"rendered":"https:\/\/jornalfatosenoticias.com.br\/?p=58333"},"modified":"2025-04-07T16:49:32","modified_gmt":"2025-04-07T19:49:32","slug":"estadao-detona-programa-pe-de-meia-e-acusa-governo-lula-de-inflar-projeto-com-fins-eleitorais","status":"publish","type":"post","link":"https:\/\/jornalfatosenoticias.com.br\/index.php\/2025\/04\/07\/estadao-detona-programa-pe-de-meia-e-acusa-governo-lula-de-inflar-projeto-com-fins-eleitorais\/","title":{"rendered":"Estad\u00e3o detona programa P\u00e9-de-Meia e acusa governo Lula de inflar projeto com fins eleitorais"},"content":{"rendered":"\n<div class=\"wp-block-image\"><figure class=\"aligncenter size-large\"><a href=\"https:\/\/mizu.com.br\/\"><img loading=\"lazy\" decoding=\"async\" width=\"729\" height=\"90\" src=\"https:\/\/jornalfatosenoticias.com.br\/wp-content\/uploads\/2020\/02\/Logo_Mizu.png\" alt=\"\" class=\"wp-image-1441\" srcset=\"https:\/\/jornalfatosenoticias.com.br\/wp-content\/uploads\/2020\/02\/Logo_Mizu.png 729w, https:\/\/jornalfatosenoticias.com.br\/wp-content\/uploads\/2020\/02\/Logo_Mizu-300x37.png 300w\" sizes=\"auto, (max-width: 729px) 100vw, 729px\" \/><\/a><\/figure><\/div>\n\n\n\n<p>Em editorial publicado nesta segunda-feira (7), o jornal O <em>Estado de S. Paulo<\/em> fez duras cr\u00edticas ao programa P\u00e9-de-Meia, apontando que o governo inchou a proposta original com finalidade eleitoreira. O jornal acusa o Pal\u00e1cio do Planalto de usar o programa estudantil como vitrine de campanha antecipada, ignorando limites or\u00e7ament\u00e1rios e crit\u00e9rios t\u00e9cnicos.<br>O projeto, originalmente proposto pela deputada Tabata Amaral (PSB-SP), foi concebido para beneficiar estudantes regulares da rede p\u00fablica pertencentes a fam\u00edlias cadastradas no Bolsa Fam\u00edlia. No entanto, segundo o Estad\u00e3o, uma portaria do Minist\u00e9rio da Educa\u00e7\u00e3o \u2014 tratada pelo jornal como uma \u201ccanetada\u201d \u2014 ampliou o p\u00fablico-alvo para incluir alunos da Educa\u00e7\u00e3o de Jovens e Adultos (EJA) e estudantes de fam\u00edlias com renda per capita inferior a meio sal\u00e1rio m\u00ednimo.<\/p>\n\n\n\n<div class=\"wp-block-image\"><figure class=\"aligncenter size-large is-resized\"><a href=\"https:\/\/www.facebook.com\/postobkr\/?locale=pt_BR\"><img loading=\"lazy\" decoding=\"async\" src=\"https:\/\/jornalfatosenoticias.com.br\/wp-content\/uploads\/2023\/08\/BKR-1024x1021.jpg\" alt=\"\" class=\"wp-image-44494\" width=\"259\" height=\"258\" srcset=\"https:\/\/jornalfatosenoticias.com.br\/wp-content\/uploads\/2023\/08\/BKR-1024x1021.jpg 1024w, https:\/\/jornalfatosenoticias.com.br\/wp-content\/uploads\/2023\/08\/BKR-300x300.jpg 300w, https:\/\/jornalfatosenoticias.com.br\/wp-content\/uploads\/2023\/08\/BKR-150x150.jpg 150w, https:\/\/jornalfatosenoticias.com.br\/wp-content\/uploads\/2023\/08\/BKR-768x766.jpg 768w, https:\/\/jornalfatosenoticias.com.br\/wp-content\/uploads\/2023\/08\/BKR.jpg 1080w\" sizes=\"auto, (max-width: 259px) 100vw, 259px\" \/><\/a><\/figure><\/div>\n\n\n\n<p>Com isso, os custos do programa dispararam. A previs\u00e3o inicial era de R$ 7,1 bilh\u00f5es por ano, mas com a amplia\u00e7\u00e3o, o valor estimado passou dos R$ 12,5 bilh\u00f5es \u2014 um salto de mais de R$ 5 bilh\u00f5es, sem que, segundo o jornal, houvesse justificativa t\u00e9cnica clara para a expans\u00e3o.<\/p>\n\n\n\n<div class=\"wp-block-image\"><figure class=\"aligncenter size-large is-resized\"><a href=\"https:\/\/www.instagram.com\/esteiochurrascaria\/\"><img loading=\"lazy\" decoding=\"async\" src=\"https:\/\/jornalfatosenoticias.com.br\/wp-content\/uploads\/2022\/02\/LOGO-ESTEIO-1024x730.png\" alt=\"\" class=\"wp-image-27942\" width=\"314\" height=\"224\" srcset=\"https:\/\/jornalfatosenoticias.com.br\/wp-content\/uploads\/2022\/02\/LOGO-ESTEIO-1024x730.png 1024w, https:\/\/jornalfatosenoticias.com.br\/wp-content\/uploads\/2022\/02\/LOGO-ESTEIO-300x214.png 300w, https:\/\/jornalfatosenoticias.com.br\/wp-content\/uploads\/2022\/02\/LOGO-ESTEIO-768x548.png 768w, https:\/\/jornalfatosenoticias.com.br\/wp-content\/uploads\/2022\/02\/LOGO-ESTEIO.png 1123w\" sizes=\"auto, (max-width: 314px) 100vw, 314px\" \/><\/a><\/figure><\/div>\n\n\n\n<blockquote class=\"wp-block-quote is-layout-flow wp-block-quote-is-layout-flow\"><p><span class=\"has-inline-color has-luminous-vivid-orange-color\">O programa \u00e9 daquelas boas ideias que o PT se esfor\u00e7a para estragar\u201d, escreveu o editorial. \u201cA decis\u00e3o do governo Lula de ampli\u00e1-lo suscita questionamentos. \u00c9 de perguntar quais os crit\u00e9rios que justificaram o seu incha\u00e7o, se j\u00e1 houve uma avalia\u00e7\u00e3o da sua efetividade e se h\u00e1 recursos no Or\u00e7amento de modo que sua expans\u00e3o n\u00e3o afete outras pol\u00edticas p\u00fablicas\u201d.<\/span><\/p><\/blockquote>\n\n\n\n<div class=\"wp-block-image\"><figure class=\"aligncenter size-large is-resized\"><a href=\"https:\/\/www.instagram.com\/restaurantepegoretti\/\"><img loading=\"lazy\" decoding=\"async\" src=\"https:\/\/jornalfatosenoticias.com.br\/wp-content\/uploads\/2023\/12\/pegoretti-logo-pdf-1024x389.jpg\" alt=\"\" class=\"wp-image-47536\" width=\"519\" height=\"197\" srcset=\"https:\/\/jornalfatosenoticias.com.br\/wp-content\/uploads\/2023\/12\/pegoretti-logo-pdf-1024x389.jpg 1024w, https:\/\/jornalfatosenoticias.com.br\/wp-content\/uploads\/2023\/12\/pegoretti-logo-pdf-300x114.jpg 300w, https:\/\/jornalfatosenoticias.com.br\/wp-content\/uploads\/2023\/12\/pegoretti-logo-pdf-768x291.jpg 768w, https:\/\/jornalfatosenoticias.com.br\/wp-content\/uploads\/2023\/12\/pegoretti-logo-pdf.jpg 1120w\" sizes=\"auto, (max-width: 519px) 100vw, 519px\" \/><\/a><\/figure><\/div>\n\n\n\n<p>A cr\u00edtica central do jornal gira em torno do uso pol\u00edtico do programa. Para o Estad\u00e3o, o governo est\u00e1 mais interessado em colher dividendos eleitorais do que em medir o impacto real da pol\u00edtica p\u00fablica na redu\u00e7\u00e3o da evas\u00e3o escolar.<\/p>\n\n\n\n<div class=\"wp-block-image\"><figure class=\"aligncenter size-large is-resized\"><a href=\"https:\/\/www.facebook.com\/profile.php?id=100069289606145\"><img loading=\"lazy\" decoding=\"async\" src=\"https:\/\/jornalfatosenoticias.com.br\/wp-content\/uploads\/2024\/11\/Guaitolini-Contabilidade-1024x714.jpeg\" alt=\"\" class=\"wp-image-55808\" width=\"323\" height=\"225\" srcset=\"https:\/\/jornalfatosenoticias.com.br\/wp-content\/uploads\/2024\/11\/Guaitolini-Contabilidade-1024x714.jpeg 1024w, https:\/\/jornalfatosenoticias.com.br\/wp-content\/uploads\/2024\/11\/Guaitolini-Contabilidade-300x209.jpeg 300w, https:\/\/jornalfatosenoticias.com.br\/wp-content\/uploads\/2024\/11\/Guaitolini-Contabilidade-768x535.jpeg 768w, https:\/\/jornalfatosenoticias.com.br\/wp-content\/uploads\/2024\/11\/Guaitolini-Contabilidade.jpeg 1280w\" sizes=\"auto, (max-width: 323px) 100vw, 323px\" \/><\/a><\/figure><\/div>\n\n\n\n<blockquote class=\"wp-block-quote is-layout-flow wp-block-quote-is-layout-flow\"><p><span class=\"has-inline-color has-luminous-vivid-orange-color\">Por j\u00e1 estar em campanha pela reelei\u00e7\u00e3o e com a popularidade em queda, Lula faz do P\u00e9-de-Meia um trunfo eleitoreiro\u201d, afirma o texto. \u201cO custo das irresponsabilidades de uma gest\u00e3o do PT \u00e9 sempre alto\u201d.<\/span><\/p><\/blockquote>\n\n\n\n<div class=\"wp-block-image\"><figure class=\"aligncenter size-large is-resized\"><a href=\"https:\/\/www.instagram.com\/serra4x4cambioautomatico\/\"><img loading=\"lazy\" decoding=\"async\" src=\"https:\/\/jornalfatosenoticias.com.br\/wp-content\/uploads\/2024\/08\/Serra-4x4-1-886x1024.jpg\" alt=\"\" class=\"wp-image-53632\" width=\"290\" height=\"335\" srcset=\"https:\/\/jornalfatosenoticias.com.br\/wp-content\/uploads\/2024\/08\/Serra-4x4-1-886x1024.jpg 886w, https:\/\/jornalfatosenoticias.com.br\/wp-content\/uploads\/2024\/08\/Serra-4x4-1-260x300.jpg 260w, https:\/\/jornalfatosenoticias.com.br\/wp-content\/uploads\/2024\/08\/Serra-4x4-1-768x888.jpg 768w, https:\/\/jornalfatosenoticias.com.br\/wp-content\/uploads\/2024\/08\/Serra-4x4-1.jpg 1181w\" sizes=\"auto, (max-width: 290px) 100vw, 290px\" \/><\/a><\/figure><\/div>\n\n\n\n<p>Na pr\u00e1tica, o Estad\u00e3o acusa o governo de repetir o velho padr\u00e3o petista: gastar pesado para criar a imagem de inclus\u00e3o social, mas sem avalia\u00e7\u00e3o de impacto, nem compromisso com sustentabilidade fiscal.<\/p>\n\n\n\n<div class=\"wp-block-image\"><figure class=\"aligncenter size-large is-resized\"><a href=\"https:\/\/www.legisjuris.com.br\/\"><img loading=\"lazy\" decoding=\"async\" src=\"https:\/\/jornalfatosenoticias.com.br\/wp-content\/uploads\/2024\/09\/Legis-Juris-Consultoria_logo.jpg\" alt=\"\" class=\"wp-image-53915\" width=\"463\" height=\"194\" srcset=\"https:\/\/jornalfatosenoticias.com.br\/wp-content\/uploads\/2024\/09\/Legis-Juris-Consultoria_logo.jpg 969w, https:\/\/jornalfatosenoticias.com.br\/wp-content\/uploads\/2024\/09\/Legis-Juris-Consultoria_logo-300x126.jpg 300w, https:\/\/jornalfatosenoticias.com.br\/wp-content\/uploads\/2024\/09\/Legis-Juris-Consultoria_logo-768x322.jpg 768w\" sizes=\"auto, (max-width: 463px) 100vw, 463px\" \/><\/a><\/figure><\/div>\n\n\n\n<p>O jornal afirma que ele foi desfigurado pela \u00e2nsia do governo de ampliar sua base de apoio pol\u00edtico. Ao deixar de lado os crit\u00e9rios originais e inflar o n\u00famero de benefici\u00e1rios, o governo estaria tentando transformar um incentivo \u00e0 educa\u00e7\u00e3o em moeda de campanha.<\/p>\n\n\n\n<div class=\"wp-block-image\"><figure class=\"aligncenter size-large is-resized\"><a href=\"https:\/\/www.instagram.com\/rcradiadores\/\"><img loading=\"lazy\" decoding=\"async\" src=\"https:\/\/jornalfatosenoticias.com.br\/wp-content\/uploads\/2022\/10\/RC_800x750_page-0001.jpg\" alt=\"\" class=\"wp-image-35338\" width=\"261\" height=\"245\" srcset=\"https:\/\/jornalfatosenoticias.com.br\/wp-content\/uploads\/2022\/10\/RC_800x750_page-0001.jpg 400w, https:\/\/jornalfatosenoticias.com.br\/wp-content\/uploads\/2022\/10\/RC_800x750_page-0001-300x281.jpg 300w\" sizes=\"auto, (max-width: 261px) 100vw, 261px\" \/><\/a><\/figure><\/div>\n\n\n\n<p>A cr\u00edtica toca em um ponto sens\u00edvel da gest\u00e3o Lula 3: o equil\u00edbrio entre pol\u00edticas sociais e responsabilidade fiscal. Para o Estad\u00e3o, o governo parece mais interessado em fazer barulho do que em apresentar resultados s\u00f3lidos.<br>No fim, o que era para ser um passo a favor da educa\u00e7\u00e3o virou, para os cr\u00edticos, mais um cap\u00edtulo da velha f\u00f3rmula: gastar agora, pensar depois \u2014 e mandar a conta para o pr\u00f3ximo governo.<\/p>\n\n\n\n<div class=\"wp-block-image\"><figure class=\"aligncenter size-large is-resized\"><a href=\"https:\/\/hotelmarquetti.com.br\/\"><img loading=\"lazy\" decoding=\"async\" src=\"https:\/\/jornalfatosenoticias.com.br\/wp-content\/uploads\/2020\/02\/LOGO-MQ-1024x680.jpg\" alt=\"\" class=\"wp-image-58299\" width=\"292\" height=\"194\" srcset=\"https:\/\/jornalfatosenoticias.com.br\/wp-content\/uploads\/2020\/02\/LOGO-MQ-1024x680.jpg 1024w, https:\/\/jornalfatosenoticias.com.br\/wp-content\/uploads\/2020\/02\/LOGO-MQ-300x199.jpg 300w, https:\/\/jornalfatosenoticias.com.br\/wp-content\/uploads\/2020\/02\/LOGO-MQ-768x510.jpg 768w, https:\/\/jornalfatosenoticias.com.br\/wp-content\/uploads\/2020\/02\/LOGO-MQ-1536x1020.jpg 1536w, https:\/\/jornalfatosenoticias.com.br\/wp-content\/uploads\/2020\/02\/LOGO-MQ-2048x1360.jpg 2048w\" sizes=\"auto, (max-width: 292px) 100vw, 292px\" \/><\/a><\/figure><\/div>\n\n\n\n<p><strong>Fonte: <a href=\"https:\/\/horabrasilia.com.br\/2025\/04\/estadao-detona-programa-pe-de-meia-e-acusa-governo-lula-de-inflar-projeto-com-fins-eleitorais\/\">Hora Bras\u00edlia<\/a><\/strong><\/p>\n","protected":false},"excerpt":{"rendered":"<p>Em editorial publicado nesta segunda-feira (7), o jornal O Estado de S. Paulo fez duras cr\u00edticas ao programa P\u00e9-de-Meia, apontando que o governo inchou a proposta original com finalidade eleitoreira. O jornal acusa o Pal\u00e1cio do Planalto de usar o programa estudantil como vitrine de campanha antecipada, ignorando limites or\u00e7ament\u00e1rios e crit\u00e9rios t\u00e9cnicos.O projeto, originalmente [&hellip;]<\/p>\n","protected":false},"author":2,"featured_media":58334,"comment_status":"open","ping_status":"open","sticky":false,"template":"","format":"standard","meta":{"footnotes":""},"categories":[5],"tags":[2129,26582,18343,26066,13186],"class_list":["post-58333","post","type-post","status-publish","format-standard","has-post-thumbnail","hentry","category-geral","tag-corrupcao","tag-fins-eleitorais","tag-governo-lula","tag-pe-de-meia","tag-pt"],"yoast_head":"<!-- This site is optimized with the Yoast SEO plugin v26.5 - https:\/\/yoast.com\/wordpress\/plugins\/seo\/ -->\n<title>Estad\u00e3o detona programa P\u00e9-de-Meia e acusa governo Lula de inflar projeto com fins eleitorais - Jornal Fatos e Not\u00edcias<\/title>\n<meta name=\"robots\" content=\"index, follow, max-snippet:-1, max-image-preview:large, max-video-preview:-1\" \/>\n<link rel=\"canonical\" href=\"https:\/\/jornalfatosenoticias.com.br\/index.php\/2025\/04\/07\/estadao-detona-programa-pe-de-meia-e-acusa-governo-lula-de-inflar-projeto-com-fins-eleitorais\/\" \/>\n<meta property=\"og:locale\" content=\"pt_BR\" \/>\n<meta property=\"og:type\" content=\"article\" \/>\n<meta property=\"og:title\" content=\"Estad\u00e3o detona programa P\u00e9-de-Meia e acusa governo Lula de inflar projeto com fins eleitorais - Jornal Fatos e Not\u00edcias\" \/>\n<meta property=\"og:description\" content=\"Em editorial publicado nesta segunda-feira (7), o jornal O Estado de S. Paulo fez duras cr\u00edticas ao programa P\u00e9-de-Meia, apontando que o governo inchou a proposta original com finalidade eleitoreira. O jornal acusa o Pal\u00e1cio do Planalto de usar o programa estudantil como vitrine de campanha antecipada, ignorando limites or\u00e7ament\u00e1rios e crit\u00e9rios t\u00e9cnicos.O projeto, originalmente [&hellip;]\" \/>\n<meta property=\"og:url\" content=\"https:\/\/jornalfatosenoticias.com.br\/index.php\/2025\/04\/07\/estadao-detona-programa-pe-de-meia-e-acusa-governo-lula-de-inflar-projeto-com-fins-eleitorais\/\" \/>\n<meta property=\"og:site_name\" content=\"Jornal Fatos e Not\u00edcias\" \/>\n<meta property=\"article:published_time\" content=\"2025-04-07T19:49:29+00:00\" \/>\n<meta property=\"article:modified_time\" content=\"2025-04-07T19:49:32+00:00\" \/>\n<meta property=\"og:image\" content=\"https:\/\/jornalfatosenoticias.com.br\/wp-content\/uploads\/2025\/04\/Pe-de-Meia.jpg\" \/>\n\t<meta property=\"og:image:width\" content=\"750\" \/>\n\t<meta property=\"og:image:height\" content=\"500\" \/>\n\t<meta property=\"og:image:type\" content=\"image\/jpeg\" \/>\n<meta name=\"author\" content=\"Luzimara Fernandes\" \/>\n<meta name=\"twitter:card\" content=\"summary_large_image\" \/>\n<meta name=\"twitter:label1\" content=\"Escrito por\" \/>\n\t<meta name=\"twitter:data1\" content=\"Luzimara Fernandes\" \/>\n\t<meta name=\"twitter:label2\" content=\"Est. tempo de leitura\" \/>\n\t<meta name=\"twitter:data2\" content=\"3 minutos\" \/>\n<script type=\"application\/ld+json\" class=\"yoast-schema-graph\">{\"@context\":\"https:\/\/schema.org\",\"@graph\":[{\"@type\":\"Article\",\"@id\":\"https:\/\/jornalfatosenoticias.com.br\/index.php\/2025\/04\/07\/estadao-detona-programa-pe-de-meia-e-acusa-governo-lula-de-inflar-projeto-com-fins-eleitorais\/#article\",\"isPartOf\":{\"@id\":\"https:\/\/jornalfatosenoticias.com.br\/index.php\/2025\/04\/07\/estadao-detona-programa-pe-de-meia-e-acusa-governo-lula-de-inflar-projeto-com-fins-eleitorais\/\"},\"author\":{\"name\":\"Luzimara Fernandes\",\"@id\":\"https:\/\/jornalfatosenoticias.com.br\/#\/schema\/person\/d63837fa13ac8666eb9e74e0985d6f81\"},\"headline\":\"Estad\u00e3o detona programa P\u00e9-de-Meia e acusa governo Lula de inflar projeto com fins eleitorais\",\"datePublished\":\"2025-04-07T19:49:29+00:00\",\"dateModified\":\"2025-04-07T19:49:32+00:00\",\"mainEntityOfPage\":{\"@id\":\"https:\/\/jornalfatosenoticias.com.br\/index.php\/2025\/04\/07\/estadao-detona-programa-pe-de-meia-e-acusa-governo-lula-de-inflar-projeto-com-fins-eleitorais\/\"},\"wordCount\":531,\"commentCount\":0,\"publisher\":{\"@id\":\"https:\/\/jornalfatosenoticias.com.br\/#organization\"},\"image\":{\"@id\":\"https:\/\/jornalfatosenoticias.com.br\/index.php\/2025\/04\/07\/estadao-detona-programa-pe-de-meia-e-acusa-governo-lula-de-inflar-projeto-com-fins-eleitorais\/#primaryimage\"},\"thumbnailUrl\":\"https:\/\/jornalfatosenoticias.com.br\/wp-content\/uploads\/2025\/04\/Pe-de-Meia.jpg\",\"keywords\":[\"corrup\u00e7\u00e3o\",\"fins eleitorais\",\"governo Lula\",\"P\u00e9-de-Meia\",\"PT\"],\"articleSection\":[\"Geral\"],\"inLanguage\":\"pt-BR\",\"potentialAction\":[{\"@type\":\"CommentAction\",\"name\":\"Comment\",\"target\":[\"https:\/\/jornalfatosenoticias.com.br\/index.php\/2025\/04\/07\/estadao-detona-programa-pe-de-meia-e-acusa-governo-lula-de-inflar-projeto-com-fins-eleitorais\/#respond\"]}]},{\"@type\":\"WebPage\",\"@id\":\"https:\/\/jornalfatosenoticias.com.br\/index.php\/2025\/04\/07\/estadao-detona-programa-pe-de-meia-e-acusa-governo-lula-de-inflar-projeto-com-fins-eleitorais\/\",\"url\":\"https:\/\/jornalfatosenoticias.com.br\/index.php\/2025\/04\/07\/estadao-detona-programa-pe-de-meia-e-acusa-governo-lula-de-inflar-projeto-com-fins-eleitorais\/\",\"name\":\"Estad\u00e3o detona programa P\u00e9-de-Meia e acusa governo Lula de inflar projeto com fins eleitorais - Jornal Fatos e Not\u00edcias\",\"isPartOf\":{\"@id\":\"https:\/\/jornalfatosenoticias.com.br\/#website\"},\"primaryImageOfPage\":{\"@id\":\"https:\/\/jornalfatosenoticias.com.br\/index.php\/2025\/04\/07\/estadao-detona-programa-pe-de-meia-e-acusa-governo-lula-de-inflar-projeto-com-fins-eleitorais\/#primaryimage\"},\"image\":{\"@id\":\"https:\/\/jornalfatosenoticias.com.br\/index.php\/2025\/04\/07\/estadao-detona-programa-pe-de-meia-e-acusa-governo-lula-de-inflar-projeto-com-fins-eleitorais\/#primaryimage\"},\"thumbnailUrl\":\"https:\/\/jornalfatosenoticias.com.br\/wp-content\/uploads\/2025\/04\/Pe-de-Meia.jpg\",\"datePublished\":\"2025-04-07T19:49:29+00:00\",\"dateModified\":\"2025-04-07T19:49:32+00:00\",\"breadcrumb\":{\"@id\":\"https:\/\/jornalfatosenoticias.com.br\/index.php\/2025\/04\/07\/estadao-detona-programa-pe-de-meia-e-acusa-governo-lula-de-inflar-projeto-com-fins-eleitorais\/#breadcrumb\"},\"inLanguage\":\"pt-BR\",\"potentialAction\":[{\"@type\":\"ReadAction\",\"target\":[\"https:\/\/jornalfatosenoticias.com.br\/index.php\/2025\/04\/07\/estadao-detona-programa-pe-de-meia-e-acusa-governo-lula-de-inflar-projeto-com-fins-eleitorais\/\"]}]},{\"@type\":\"ImageObject\",\"inLanguage\":\"pt-BR\",\"@id\":\"https:\/\/jornalfatosenoticias.com.br\/index.php\/2025\/04\/07\/estadao-detona-programa-pe-de-meia-e-acusa-governo-lula-de-inflar-projeto-com-fins-eleitorais\/#primaryimage\",\"url\":\"https:\/\/jornalfatosenoticias.com.br\/wp-content\/uploads\/2025\/04\/Pe-de-Meia.jpg\",\"contentUrl\":\"https:\/\/jornalfatosenoticias.com.br\/wp-content\/uploads\/2025\/04\/Pe-de-Meia.jpg\",\"width\":750,\"height\":500},{\"@type\":\"BreadcrumbList\",\"@id\":\"https:\/\/jornalfatosenoticias.com.br\/index.php\/2025\/04\/07\/estadao-detona-programa-pe-de-meia-e-acusa-governo-lula-de-inflar-projeto-com-fins-eleitorais\/#breadcrumb\",\"itemListElement\":[{\"@type\":\"ListItem\",\"position\":1,\"name\":\"In\u00edcio\",\"item\":\"https:\/\/jornalfatosenoticias.com.br\/\"},{\"@type\":\"ListItem\",\"position\":2,\"name\":\"Estad\u00e3o detona programa P\u00e9-de-Meia e acusa governo Lula de inflar projeto com fins eleitorais\"}]},{\"@type\":\"WebSite\",\"@id\":\"https:\/\/jornalfatosenoticias.com.br\/#website\",\"url\":\"https:\/\/jornalfatosenoticias.com.br\/\",\"name\":\"Jornal Fatos e Not\u00edcias\",\"description\":\"Not\u00edcias em geral\",\"publisher\":{\"@id\":\"https:\/\/jornalfatosenoticias.com.br\/#organization\"},\"potentialAction\":[{\"@type\":\"SearchAction\",\"target\":{\"@type\":\"EntryPoint\",\"urlTemplate\":\"https:\/\/jornalfatosenoticias.com.br\/?s={search_term_string}\"},\"query-input\":{\"@type\":\"PropertyValueSpecification\",\"valueRequired\":true,\"valueName\":\"search_term_string\"}}],\"inLanguage\":\"pt-BR\"},{\"@type\":\"Organization\",\"@id\":\"https:\/\/jornalfatosenoticias.com.br\/#organization\",\"name\":\"Jornal Fatos e Not\u00edcias\",\"url\":\"https:\/\/jornalfatosenoticias.com.br\/\",\"logo\":{\"@type\":\"ImageObject\",\"inLanguage\":\"pt-BR\",\"@id\":\"https:\/\/jornalfatosenoticias.com.br\/#\/schema\/logo\/image\/\",\"url\":\"https:\/\/jornalfatosenoticias.com.br\/wp-content\/uploads\/2020\/02\/logo120.png\",\"contentUrl\":\"https:\/\/jornalfatosenoticias.com.br\/wp-content\/uploads\/2020\/02\/logo120.png\",\"width\":1227,\"height\":120,\"caption\":\"Jornal Fatos e Not\u00edcias\"},\"image\":{\"@id\":\"https:\/\/jornalfatosenoticias.com.br\/#\/schema\/logo\/image\/\"}},{\"@type\":\"Person\",\"@id\":\"https:\/\/jornalfatosenoticias.com.br\/#\/schema\/person\/d63837fa13ac8666eb9e74e0985d6f81\",\"name\":\"Luzimara Fernandes\",\"image\":{\"@type\":\"ImageObject\",\"inLanguage\":\"pt-BR\",\"@id\":\"https:\/\/jornalfatosenoticias.com.br\/#\/schema\/person\/image\/\",\"url\":\"https:\/\/jornalfatosenoticias.com.br\/wp-content\/uploads\/2025\/05\/EU_portal.jpg\",\"contentUrl\":\"https:\/\/jornalfatosenoticias.com.br\/wp-content\/uploads\/2025\/05\/EU_portal.jpg\",\"caption\":\"Luzimara Fernandes\"},\"description\":\"Jornalista MTB 2358-ES\",\"sameAs\":[\"https:\/\/jornalfatosenoticias.com.br\"],\"url\":\"https:\/\/jornalfatosenoticias.com.br\/index.php\/author\/luzimara\/\"}]}<\/script>\n<!-- \/ Yoast SEO plugin. -->","yoast_head_json":{"title":"Estad\u00e3o detona programa P\u00e9-de-Meia e acusa governo Lula de inflar projeto com fins eleitorais - Jornal Fatos e Not\u00edcias","robots":{"index":"index","follow":"follow","max-snippet":"max-snippet:-1","max-image-preview":"max-image-preview:large","max-video-preview":"max-video-preview:-1"},"canonical":"https:\/\/jornalfatosenoticias.com.br\/index.php\/2025\/04\/07\/estadao-detona-programa-pe-de-meia-e-acusa-governo-lula-de-inflar-projeto-com-fins-eleitorais\/","og_locale":"pt_BR","og_type":"article","og_title":"Estad\u00e3o detona programa P\u00e9-de-Meia e acusa governo Lula de inflar projeto com fins eleitorais - Jornal Fatos e Not\u00edcias","og_description":"Em editorial publicado nesta segunda-feira (7), o jornal O Estado de S. Paulo fez duras cr\u00edticas ao programa P\u00e9-de-Meia, apontando que o governo inchou a proposta original com finalidade eleitoreira. O jornal acusa o Pal\u00e1cio do Planalto de usar o programa estudantil como vitrine de campanha antecipada, ignorando limites or\u00e7ament\u00e1rios e crit\u00e9rios t\u00e9cnicos.O projeto, originalmente [&hellip;]","og_url":"https:\/\/jornalfatosenoticias.com.br\/index.php\/2025\/04\/07\/estadao-detona-programa-pe-de-meia-e-acusa-governo-lula-de-inflar-projeto-com-fins-eleitorais\/","og_site_name":"Jornal Fatos e Not\u00edcias","article_published_time":"2025-04-07T19:49:29+00:00","article_modified_time":"2025-04-07T19:49:32+00:00","og_image":[{"width":750,"height":500,"url":"https:\/\/jornalfatosenoticias.com.br\/wp-content\/uploads\/2025\/04\/Pe-de-Meia.jpg","type":"image\/jpeg"}],"author":"Luzimara Fernandes","twitter_card":"summary_large_image","twitter_misc":{"Escrito por":"Luzimara Fernandes","Est. tempo de leitura":"3 minutos"},"schema":{"@context":"https:\/\/schema.org","@graph":[{"@type":"Article","@id":"https:\/\/jornalfatosenoticias.com.br\/index.php\/2025\/04\/07\/estadao-detona-programa-pe-de-meia-e-acusa-governo-lula-de-inflar-projeto-com-fins-eleitorais\/#article","isPartOf":{"@id":"https:\/\/jornalfatosenoticias.com.br\/index.php\/2025\/04\/07\/estadao-detona-programa-pe-de-meia-e-acusa-governo-lula-de-inflar-projeto-com-fins-eleitorais\/"},"author":{"name":"Luzimara Fernandes","@id":"https:\/\/jornalfatosenoticias.com.br\/#\/schema\/person\/d63837fa13ac8666eb9e74e0985d6f81"},"headline":"Estad\u00e3o detona programa P\u00e9-de-Meia e acusa governo Lula de inflar projeto com fins eleitorais","datePublished":"2025-04-07T19:49:29+00:00","dateModified":"2025-04-07T19:49:32+00:00","mainEntityOfPage":{"@id":"https:\/\/jornalfatosenoticias.com.br\/index.php\/2025\/04\/07\/estadao-detona-programa-pe-de-meia-e-acusa-governo-lula-de-inflar-projeto-com-fins-eleitorais\/"},"wordCount":531,"commentCount":0,"publisher":{"@id":"https:\/\/jornalfatosenoticias.com.br\/#organization"},"image":{"@id":"https:\/\/jornalfatosenoticias.com.br\/index.php\/2025\/04\/07\/estadao-detona-programa-pe-de-meia-e-acusa-governo-lula-de-inflar-projeto-com-fins-eleitorais\/#primaryimage"},"thumbnailUrl":"https:\/\/jornalfatosenoticias.com.br\/wp-content\/uploads\/2025\/04\/Pe-de-Meia.jpg","keywords":["corrup\u00e7\u00e3o","fins eleitorais","governo Lula","P\u00e9-de-Meia","PT"],"articleSection":["Geral"],"inLanguage":"pt-BR","potentialAction":[{"@type":"CommentAction","name":"Comment","target":["https:\/\/jornalfatosenoticias.com.br\/index.php\/2025\/04\/07\/estadao-detona-programa-pe-de-meia-e-acusa-governo-lula-de-inflar-projeto-com-fins-eleitorais\/#respond"]}]},{"@type":"WebPage","@id":"https:\/\/jornalfatosenoticias.com.br\/index.php\/2025\/04\/07\/estadao-detona-programa-pe-de-meia-e-acusa-governo-lula-de-inflar-projeto-com-fins-eleitorais\/","url":"https:\/\/jornalfatosenoticias.com.br\/index.php\/2025\/04\/07\/estadao-detona-programa-pe-de-meia-e-acusa-governo-lula-de-inflar-projeto-com-fins-eleitorais\/","name":"Estad\u00e3o detona programa P\u00e9-de-Meia e acusa governo Lula de inflar projeto com fins eleitorais - Jornal Fatos e Not\u00edcias","isPartOf":{"@id":"https:\/\/jornalfatosenoticias.com.br\/#website"},"primaryImageOfPage":{"@id":"https:\/\/jornalfatosenoticias.com.br\/index.php\/2025\/04\/07\/estadao-detona-programa-pe-de-meia-e-acusa-governo-lula-de-inflar-projeto-com-fins-eleitorais\/#primaryimage"},"image":{"@id":"https:\/\/jornalfatosenoticias.com.br\/index.php\/2025\/04\/07\/estadao-detona-programa-pe-de-meia-e-acusa-governo-lula-de-inflar-projeto-com-fins-eleitorais\/#primaryimage"},"thumbnailUrl":"https:\/\/jornalfatosenoticias.com.br\/wp-content\/uploads\/2025\/04\/Pe-de-Meia.jpg","datePublished":"2025-04-07T19:49:29+00:00","dateModified":"2025-04-07T19:49:32+00:00","breadcrumb":{"@id":"https:\/\/jornalfatosenoticias.com.br\/index.php\/2025\/04\/07\/estadao-detona-programa-pe-de-meia-e-acusa-governo-lula-de-inflar-projeto-com-fins-eleitorais\/#breadcrumb"},"inLanguage":"pt-BR","potentialAction":[{"@type":"ReadAction","target":["https:\/\/jornalfatosenoticias.com.br\/index.php\/2025\/04\/07\/estadao-detona-programa-pe-de-meia-e-acusa-governo-lula-de-inflar-projeto-com-fins-eleitorais\/"]}]},{"@type":"ImageObject","inLanguage":"pt-BR","@id":"https:\/\/jornalfatosenoticias.com.br\/index.php\/2025\/04\/07\/estadao-detona-programa-pe-de-meia-e-acusa-governo-lula-de-inflar-projeto-com-fins-eleitorais\/#primaryimage","url":"https:\/\/jornalfatosenoticias.com.br\/wp-content\/uploads\/2025\/04\/Pe-de-Meia.jpg","contentUrl":"https:\/\/jornalfatosenoticias.com.br\/wp-content\/uploads\/2025\/04\/Pe-de-Meia.jpg","width":750,"height":500},{"@type":"BreadcrumbList","@id":"https:\/\/jornalfatosenoticias.com.br\/index.php\/2025\/04\/07\/estadao-detona-programa-pe-de-meia-e-acusa-governo-lula-de-inflar-projeto-com-fins-eleitorais\/#breadcrumb","itemListElement":[{"@type":"ListItem","position":1,"name":"In\u00edcio","item":"https:\/\/jornalfatosenoticias.com.br\/"},{"@type":"ListItem","position":2,"name":"Estad\u00e3o detona programa P\u00e9-de-Meia e acusa governo Lula de inflar projeto com fins eleitorais"}]},{"@type":"WebSite","@id":"https:\/\/jornalfatosenoticias.com.br\/#website","url":"https:\/\/jornalfatosenoticias.com.br\/","name":"Jornal Fatos e Not\u00edcias","description":"Not\u00edcias em geral","publisher":{"@id":"https:\/\/jornalfatosenoticias.com.br\/#organization"},"potentialAction":[{"@type":"SearchAction","target":{"@type":"EntryPoint","urlTemplate":"https:\/\/jornalfatosenoticias.com.br\/?s={search_term_string}"},"query-input":{"@type":"PropertyValueSpecification","valueRequired":true,"valueName":"search_term_string"}}],"inLanguage":"pt-BR"},{"@type":"Organization","@id":"https:\/\/jornalfatosenoticias.com.br\/#organization","name":"Jornal Fatos e Not\u00edcias","url":"https:\/\/jornalfatosenoticias.com.br\/","logo":{"@type":"ImageObject","inLanguage":"pt-BR","@id":"https:\/\/jornalfatosenoticias.com.br\/#\/schema\/logo\/image\/","url":"https:\/\/jornalfatosenoticias.com.br\/wp-content\/uploads\/2020\/02\/logo120.png","contentUrl":"https:\/\/jornalfatosenoticias.com.br\/wp-content\/uploads\/2020\/02\/logo120.png","width":1227,"height":120,"caption":"Jornal Fatos e Not\u00edcias"},"image":{"@id":"https:\/\/jornalfatosenoticias.com.br\/#\/schema\/logo\/image\/"}},{"@type":"Person","@id":"https:\/\/jornalfatosenoticias.com.br\/#\/schema\/person\/d63837fa13ac8666eb9e74e0985d6f81","name":"Luzimara Fernandes","image":{"@type":"ImageObject","inLanguage":"pt-BR","@id":"https:\/\/jornalfatosenoticias.com.br\/#\/schema\/person\/image\/","url":"https:\/\/jornalfatosenoticias.com.br\/wp-content\/uploads\/2025\/05\/EU_portal.jpg","contentUrl":"https:\/\/jornalfatosenoticias.com.br\/wp-content\/uploads\/2025\/05\/EU_portal.jpg","caption":"Luzimara Fernandes"},"description":"Jornalista MTB 2358-ES","sameAs":["https:\/\/jornalfatosenoticias.com.br"],"url":"https:\/\/jornalfatosenoticias.com.br\/index.php\/author\/luzimara\/"}]}},"cc_featured_image_caption":{"caption_text":"(Foto: Marcelo Camargo\/Ag\u00eancia Brasil)","source_text":"","source_url":""},"jetpack_featured_media_url":"https:\/\/jornalfatosenoticias.com.br\/wp-content\/uploads\/2025\/04\/Pe-de-Meia.jpg","_links":{"self":[{"href":"https:\/\/jornalfatosenoticias.com.br\/index.php\/wp-json\/wp\/v2\/posts\/58333","targetHints":{"allow":["GET"]}}],"collection":[{"href":"https:\/\/jornalfatosenoticias.com.br\/index.php\/wp-json\/wp\/v2\/posts"}],"about":[{"href":"https:\/\/jornalfatosenoticias.com.br\/index.php\/wp-json\/wp\/v2\/types\/post"}],"author":[{"embeddable":true,"href":"https:\/\/jornalfatosenoticias.com.br\/index.php\/wp-json\/wp\/v2\/users\/2"}],"replies":[{"embeddable":true,"href":"https:\/\/jornalfatosenoticias.com.br\/index.php\/wp-json\/wp\/v2\/comments?post=58333"}],"version-history":[{"count":0,"href":"https:\/\/jornalfatosenoticias.com.br\/index.php\/wp-json\/wp\/v2\/posts\/58333\/revisions"}],"wp:featuredmedia":[{"embeddable":true,"href":"https:\/\/jornalfatosenoticias.com.br\/index.php\/wp-json\/wp\/v2\/media\/58334"}],"wp:attachment":[{"href":"https:\/\/jornalfatosenoticias.com.br\/index.php\/wp-json\/wp\/v2\/media?parent=58333"}],"wp:term":[{"taxonomy":"category","embeddable":true,"href":"https:\/\/jornalfatosenoticias.com.br\/index.php\/wp-json\/wp\/v2\/categories?post=58333"},{"taxonomy":"post_tag","embeddable":true,"href":"https:\/\/jornalfatosenoticias.com.br\/index.php\/wp-json\/wp\/v2\/tags?post=58333"}],"curies":[{"name":"wp","href":"https:\/\/api.w.org\/{rel}","templated":true}]}}