{"id":58336,"date":"2025-04-07T17:17:06","date_gmt":"2025-04-07T20:17:06","guid":{"rendered":"https:\/\/jornalfatosenoticias.com.br\/?p=58336"},"modified":"2025-04-07T17:17:07","modified_gmt":"2025-04-07T20:17:07","slug":"governo-lula-lanca-campanha-publicitaria-de-r-50-milhoes-para-conter-queda-de-popularidade","status":"publish","type":"post","link":"https:\/\/jornalfatosenoticias.com.br\/index.php\/2025\/04\/07\/governo-lula-lanca-campanha-publicitaria-de-r-50-milhoes-para-conter-queda-de-popularidade\/","title":{"rendered":"Governo Lula lan\u00e7a campanha publicit\u00e1ria de R$ 50 milh\u00f5es para conter queda de popularidade"},"content":{"rendered":"\n<div class=\"wp-block-image\"><figure class=\"aligncenter size-large\"><a href=\"https:\/\/panper.com.br\/\"><img loading=\"lazy\" decoding=\"async\" width=\"1024\" height=\"111\" src=\"https:\/\/jornalfatosenoticias.com.br\/wp-content\/uploads\/2020\/02\/WhatsApp-Image-2022-09-23-at-12.09.18-1024x111.jpeg\" alt=\"\" class=\"wp-image-34527\" srcset=\"https:\/\/jornalfatosenoticias.com.br\/wp-content\/uploads\/2020\/02\/WhatsApp-Image-2022-09-23-at-12.09.18-1024x111.jpeg 1024w, https:\/\/jornalfatosenoticias.com.br\/wp-content\/uploads\/2020\/02\/WhatsApp-Image-2022-09-23-at-12.09.18-300x32.jpeg 300w, https:\/\/jornalfatosenoticias.com.br\/wp-content\/uploads\/2020\/02\/WhatsApp-Image-2022-09-23-at-12.09.18-768x83.jpeg 768w, https:\/\/jornalfatosenoticias.com.br\/wp-content\/uploads\/2020\/02\/WhatsApp-Image-2022-09-23-at-12.09.18.jpeg 1121w\" sizes=\"auto, (max-width: 1024px) 100vw, 1024px\" \/><\/a><\/figure><\/div>\n\n\n\n<p>Em meio \u00e0 queda de popularidade e cr\u00edticas crescentes \u00e0 condu\u00e7\u00e3o do governo, Luiz In\u00e1cio Lula da Silva (PT) lan\u00e7ou a campanha publicit\u00e1ria \u201cBrasil dos Brasileiros\u201d, com um custo estimado em R$ 50 milh\u00f5es \u2014 tudo para convencer a popula\u00e7\u00e3o de que o pa\u00eds est\u00e1 \u201cdando a volta por cima\u201d. O primeiro v\u00eddeo foi exibido em hor\u00e1rio nobre, durante o intervalo do Jornal Nacional, em um espa\u00e7o comercial que custa caro e n\u00e3o aceita falhas de audi\u00eancia.<br>Idealizada pela Secretaria de Comunica\u00e7\u00e3o Social da Presid\u00eancia (Secom), sob dire\u00e7\u00e3o do marqueteiro Sid\u00f4nio Palmeira, a campanha tenta vender uma imagem de otimismo num cen\u00e1rio em que 56% da popula\u00e7\u00e3o desaprova o governo, segundo a mais recente pesquisa Genial\/Quaest, divulgada na v\u00e9spera. Em vez de encarar os dados, o Planalto decidiu que era hora de lan\u00e7ar m\u00e3o de uma velha aliada: a publicidade institucional com est\u00e9tica de propaganda eleitoral disfar\u00e7ada.<\/p>\n\n\n\n<div class=\"wp-block-image\"><figure class=\"aligncenter size-large is-resized\"><a href=\"https:\/\/www.instagram.com\/gruposei\/\"><img loading=\"lazy\" decoding=\"async\" src=\"https:\/\/jornalfatosenoticias.com.br\/wp-content\/uploads\/2022\/07\/Logo-Grupo-SEI.jpg\" alt=\"\" class=\"wp-image-31973\" width=\"368\" height=\"193\" srcset=\"https:\/\/jornalfatosenoticias.com.br\/wp-content\/uploads\/2022\/07\/Logo-Grupo-SEI.jpg 713w, https:\/\/jornalfatosenoticias.com.br\/wp-content\/uploads\/2022\/07\/Logo-Grupo-SEI-300x158.jpg 300w\" sizes=\"auto, (max-width: 368px) 100vw, 368px\" \/><\/a><\/figure><\/div>\n\n\n\n<p>O v\u00eddeo mistura imagens de brasileiros \u201csuperando dificuldades\u201d, com men\u00e7\u00f5es ao \u201cmenor desemprego da hist\u00f3ria\u201d, ao retorno do Brasil ao grupo das dez maiores economias do mundo e a hist\u00f3rias inspiradoras de cidad\u00e3os que teriam deixado o Bolsa Fam\u00edlia e aumentado a renda. Tudo com trilha emocional, frases gen\u00e9ricas e, claro, a mensagem central: \u201co Brasil \u00e9 seu, \u00e9 meu, \u00e9 nosso. O Brasil \u00e9 dos brasileiros\u201d. Uma tentativa de apropria\u00e7\u00e3o simb\u00f3lica do pa\u00eds, como se o descontentamento popular fosse apenas falta de comunica\u00e7\u00e3o, e n\u00e3o reflexo de problemas reais.<\/p>\n\n\n\n<div class=\"wp-block-image\"><figure class=\"aligncenter size-large\"><a href=\"http:\/\/www.ferrarimaquinas.com.br\/\"><img loading=\"lazy\" decoding=\"async\" width=\"300\" height=\"250\" src=\"https:\/\/jornalfatosenoticias.com.br\/wp-content\/uploads\/2022\/02\/FERRARI_MAQUINAS-E-FERRAMENTAS2.jpg\" alt=\"\" class=\"wp-image-27860\"\/><\/a><\/figure><\/div>\n\n\n\n<p>A escolha do slogan \u201cBrasil dos Brasileiros\u201d tamb\u00e9m n\u00e3o \u00e9 inocente: busca confrontar diretamente o discurso da direita \u2014 especialmente o de Donald Trump. A ideia \u00e9 clara: construir uma narrativa emocional e nacionalista que fa\u00e7a frente \u00e0 ret\u00f3rica bolsonarista, mas sem precisar lidar com os desgastes da gest\u00e3o real.<\/p>\n\n\n\n<div class=\"wp-block-image\"><figure class=\"aligncenter size-large is-resized\"><a href=\"https:\/\/www.controlsystems.com.br\/\"><img loading=\"lazy\" decoding=\"async\" src=\"https:\/\/jornalfatosenoticias.com.br\/wp-content\/uploads\/2020\/02\/CONTROL-CS.jpg\" alt=\"\" class=\"wp-image-44991\" width=\"254\" height=\"304\" srcset=\"https:\/\/jornalfatosenoticias.com.br\/wp-content\/uploads\/2020\/02\/CONTROL-CS.jpg 834w, https:\/\/jornalfatosenoticias.com.br\/wp-content\/uploads\/2020\/02\/CONTROL-CS-250x300.jpg 250w, https:\/\/jornalfatosenoticias.com.br\/wp-content\/uploads\/2020\/02\/CONTROL-CS-768x921.jpg 768w\" sizes=\"auto, (max-width: 254px) 100vw, 254px\" \/><\/a><\/figure><\/div>\n\n\n\n<p>Nos pr\u00f3ximos dias, o governo vai despejar nas emissoras mais quatro v\u00eddeos, exaltando programas como P\u00e9-de-Meia, Farm\u00e1cia Popular, Mais M\u00e9dicos e o novo PAC. As pe\u00e7as foram pensadas para circular r\u00e1pido, com vers\u00f5es curtas \u2014 f\u00e1ceis de consumir, f\u00e1ceis de esquecer.<\/p>\n\n\n\n<div class=\"wp-block-image\"><figure class=\"aligncenter size-large is-resized\"><a href=\"https:\/\/www.facebook.com\/vetor.vix\/\"><img loading=\"lazy\" decoding=\"async\" src=\"https:\/\/jornalfatosenoticias.com.br\/wp-content\/uploads\/2023\/09\/vetorvix1024_1.jpg\" alt=\"\" class=\"wp-image-44868\" width=\"509\" height=\"135\" srcset=\"https:\/\/jornalfatosenoticias.com.br\/wp-content\/uploads\/2023\/09\/vetorvix1024_1.jpg 1024w, https:\/\/jornalfatosenoticias.com.br\/wp-content\/uploads\/2023\/09\/vetorvix1024_1-300x80.jpg 300w, https:\/\/jornalfatosenoticias.com.br\/wp-content\/uploads\/2023\/09\/vetorvix1024_1-768x205.jpg 768w\" sizes=\"auto, (max-width: 509px) 100vw, 509px\" \/><\/a><\/figure><\/div>\n\n\n\n<p>Com Lula cada vez mais presente nas redes e nos palanques simb\u00f3licos, o governo come\u00e7a a flertar com o marketing de campanha em plena metade do mandato. E, ao que tudo indica, est\u00e1 disposto a gastar pesado para transformar a insatisfa\u00e7\u00e3o popular em uma quest\u00e3o de \u201cm\u00e1 comunica\u00e7\u00e3o\u201d.<\/p>\n\n\n\n<div class=\"wp-block-image\"><figure class=\"aligncenter size-large is-resized\"><a href=\"https:\/\/www.instagram.com\/rcradiadores\/\"><img loading=\"lazy\" decoding=\"async\" src=\"https:\/\/jornalfatosenoticias.com.br\/wp-content\/uploads\/2022\/10\/RC_800x750_page-0001.jpg\" alt=\"\" class=\"wp-image-35338\" width=\"284\" height=\"266\" srcset=\"https:\/\/jornalfatosenoticias.com.br\/wp-content\/uploads\/2022\/10\/RC_800x750_page-0001.jpg 400w, https:\/\/jornalfatosenoticias.com.br\/wp-content\/uploads\/2022\/10\/RC_800x750_page-0001-300x281.jpg 300w\" sizes=\"auto, (max-width: 284px) 100vw, 284px\" \/><\/a><\/figure><\/div>\n\n\n\n<blockquote class=\"wp-block-quote is-layout-flow wp-block-quote-is-layout-flow\"><p><span class=\"has-inline-color has-luminous-vivid-orange-color\">A pergunta que fica \u00e9 simples: em um pa\u00eds com desigualdades hist\u00f3ricas e servi\u00e7os p\u00fablicos fragilizados, quanto vale gastar R$ 50 milh\u00f5es para se autopromover em rede nacional? Se a ideia \u00e9 mostrar supera\u00e7\u00e3o, talvez fosse melhor come\u00e7ar superando o impulso de usar dinheiro p\u00fablico para convencer o brasileiro de que est\u00e1 tudo bem \u2014 quando claramente n\u00e3o est\u00e1.<\/span><\/p><\/blockquote>\n\n\n\n<div class=\"wp-block-image\"><figure class=\"aligncenter size-large is-resized\"><a href=\"https:\/\/www.legisjuris.com.br\/\"><img loading=\"lazy\" decoding=\"async\" src=\"https:\/\/jornalfatosenoticias.com.br\/wp-content\/uploads\/2024\/09\/Legis-Juris-Consultoria_logo.jpg\" alt=\"\" class=\"wp-image-53915\" width=\"494\" height=\"207\" srcset=\"https:\/\/jornalfatosenoticias.com.br\/wp-content\/uploads\/2024\/09\/Legis-Juris-Consultoria_logo.jpg 969w, https:\/\/jornalfatosenoticias.com.br\/wp-content\/uploads\/2024\/09\/Legis-Juris-Consultoria_logo-300x126.jpg 300w, https:\/\/jornalfatosenoticias.com.br\/wp-content\/uploads\/2024\/09\/Legis-Juris-Consultoria_logo-768x322.jpg 768w\" sizes=\"auto, (max-width: 494px) 100vw, 494px\" \/><\/a><\/figure><\/div>\n\n\n\n<p><strong>Fonte: <a href=\"https:\/\/horabrasilia.com.br\/2025\/04\/governo-lula-lanca-campanha-publicitaria-de-r-50-milhoes-para-conter-queda-de-popularidade\/\">Hora Bras\u00edlia<\/a><\/strong><\/p>\n","protected":false},"excerpt":{"rendered":"<p>Em meio \u00e0 queda de popularidade e cr\u00edticas crescentes \u00e0 condu\u00e7\u00e3o do governo, Luiz In\u00e1cio Lula da Silva (PT) lan\u00e7ou a campanha publicit\u00e1ria \u201cBrasil dos Brasileiros\u201d, com um custo estimado em R$ 50 milh\u00f5es \u2014 tudo para convencer a popula\u00e7\u00e3o de que o pa\u00eds est\u00e1 \u201cdando a volta por cima\u201d. O primeiro v\u00eddeo foi exibido [&hellip;]<\/p>\n","protected":false},"author":2,"featured_media":58337,"comment_status":"open","ping_status":"open","sticky":false,"template":"","format":"standard","meta":{"footnotes":""},"categories":[10],"tags":[1309,18343,26583,24083],"class_list":["post-58336","post","type-post","status-publish","format-standard","has-post-thumbnail","hentry","category-politica","tag-dinheiro-publico","tag-governo-lula","tag-marqueteiro-sidonio-palmeira","tag-queda-de-popularidade"],"yoast_head":"<!-- This site is optimized with the Yoast SEO plugin v26.5 - https:\/\/yoast.com\/wordpress\/plugins\/seo\/ -->\n<title>Governo Lula lan\u00e7a campanha publicit\u00e1ria de R$ 50 milh\u00f5es para conter queda de popularidade - Jornal Fatos e Not\u00edcias<\/title>\n<meta name=\"robots\" content=\"index, follow, max-snippet:-1, max-image-preview:large, max-video-preview:-1\" \/>\n<link rel=\"canonical\" href=\"https:\/\/jornalfatosenoticias.com.br\/index.php\/2025\/04\/07\/governo-lula-lanca-campanha-publicitaria-de-r-50-milhoes-para-conter-queda-de-popularidade\/\" \/>\n<meta property=\"og:locale\" content=\"pt_BR\" \/>\n<meta property=\"og:type\" content=\"article\" \/>\n<meta property=\"og:title\" content=\"Governo Lula lan\u00e7a campanha publicit\u00e1ria de R$ 50 milh\u00f5es para conter queda de popularidade - Jornal Fatos e Not\u00edcias\" \/>\n<meta property=\"og:description\" content=\"Em meio \u00e0 queda de popularidade e cr\u00edticas crescentes \u00e0 condu\u00e7\u00e3o do governo, Luiz In\u00e1cio Lula da Silva (PT) lan\u00e7ou a campanha publicit\u00e1ria \u201cBrasil dos Brasileiros\u201d, com um custo estimado em R$ 50 milh\u00f5es \u2014 tudo para convencer a popula\u00e7\u00e3o de que o pa\u00eds est\u00e1 \u201cdando a volta por cima\u201d. O primeiro v\u00eddeo foi exibido [&hellip;]\" \/>\n<meta property=\"og:url\" content=\"https:\/\/jornalfatosenoticias.com.br\/index.php\/2025\/04\/07\/governo-lula-lanca-campanha-publicitaria-de-r-50-milhoes-para-conter-queda-de-popularidade\/\" \/>\n<meta property=\"og:site_name\" content=\"Jornal Fatos e Not\u00edcias\" \/>\n<meta property=\"article:published_time\" content=\"2025-04-07T20:17:06+00:00\" \/>\n<meta property=\"article:modified_time\" content=\"2025-04-07T20:17:07+00:00\" \/>\n<meta property=\"og:image\" content=\"https:\/\/jornalfatosenoticias.com.br\/wp-content\/uploads\/2025\/04\/lula-sidonio.jpg\" \/>\n\t<meta property=\"og:image:width\" content=\"780\" \/>\n\t<meta property=\"og:image:height\" content=\"470\" \/>\n\t<meta property=\"og:image:type\" content=\"image\/jpeg\" \/>\n<meta name=\"author\" content=\"Luzimara Fernandes\" \/>\n<meta name=\"twitter:card\" content=\"summary_large_image\" \/>\n<meta name=\"twitter:label1\" content=\"Escrito por\" \/>\n\t<meta name=\"twitter:data1\" content=\"Luzimara Fernandes\" \/>\n\t<meta name=\"twitter:label2\" content=\"Est. tempo de leitura\" \/>\n\t<meta name=\"twitter:data2\" content=\"2 minutos\" \/>\n<script type=\"application\/ld+json\" class=\"yoast-schema-graph\">{\"@context\":\"https:\/\/schema.org\",\"@graph\":[{\"@type\":\"Article\",\"@id\":\"https:\/\/jornalfatosenoticias.com.br\/index.php\/2025\/04\/07\/governo-lula-lanca-campanha-publicitaria-de-r-50-milhoes-para-conter-queda-de-popularidade\/#article\",\"isPartOf\":{\"@id\":\"https:\/\/jornalfatosenoticias.com.br\/index.php\/2025\/04\/07\/governo-lula-lanca-campanha-publicitaria-de-r-50-milhoes-para-conter-queda-de-popularidade\/\"},\"author\":{\"name\":\"Luzimara Fernandes\",\"@id\":\"https:\/\/jornalfatosenoticias.com.br\/#\/schema\/person\/d63837fa13ac8666eb9e74e0985d6f81\"},\"headline\":\"Governo Lula lan\u00e7a campanha publicit\u00e1ria de R$ 50 milh\u00f5es para conter queda de popularidade\",\"datePublished\":\"2025-04-07T20:17:06+00:00\",\"dateModified\":\"2025-04-07T20:17:07+00:00\",\"mainEntityOfPage\":{\"@id\":\"https:\/\/jornalfatosenoticias.com.br\/index.php\/2025\/04\/07\/governo-lula-lanca-campanha-publicitaria-de-r-50-milhoes-para-conter-queda-de-popularidade\/\"},\"wordCount\":503,\"commentCount\":0,\"publisher\":{\"@id\":\"https:\/\/jornalfatosenoticias.com.br\/#organization\"},\"image\":{\"@id\":\"https:\/\/jornalfatosenoticias.com.br\/index.php\/2025\/04\/07\/governo-lula-lanca-campanha-publicitaria-de-r-50-milhoes-para-conter-queda-de-popularidade\/#primaryimage\"},\"thumbnailUrl\":\"https:\/\/jornalfatosenoticias.com.br\/wp-content\/uploads\/2025\/04\/lula-sidonio.jpg\",\"keywords\":[\"dinheiro p\u00fablico\",\"governo Lula\",\"marqueteiro Sid\u00f4nio Palmeira\",\"queda de popularidade\"],\"articleSection\":[\"Pol\u00edtica\"],\"inLanguage\":\"pt-BR\",\"potentialAction\":[{\"@type\":\"CommentAction\",\"name\":\"Comment\",\"target\":[\"https:\/\/jornalfatosenoticias.com.br\/index.php\/2025\/04\/07\/governo-lula-lanca-campanha-publicitaria-de-r-50-milhoes-para-conter-queda-de-popularidade\/#respond\"]}]},{\"@type\":\"WebPage\",\"@id\":\"https:\/\/jornalfatosenoticias.com.br\/index.php\/2025\/04\/07\/governo-lula-lanca-campanha-publicitaria-de-r-50-milhoes-para-conter-queda-de-popularidade\/\",\"url\":\"https:\/\/jornalfatosenoticias.com.br\/index.php\/2025\/04\/07\/governo-lula-lanca-campanha-publicitaria-de-r-50-milhoes-para-conter-queda-de-popularidade\/\",\"name\":\"Governo Lula lan\u00e7a campanha publicit\u00e1ria de R$ 50 milh\u00f5es para conter queda de popularidade - Jornal Fatos e Not\u00edcias\",\"isPartOf\":{\"@id\":\"https:\/\/jornalfatosenoticias.com.br\/#website\"},\"primaryImageOfPage\":{\"@id\":\"https:\/\/jornalfatosenoticias.com.br\/index.php\/2025\/04\/07\/governo-lula-lanca-campanha-publicitaria-de-r-50-milhoes-para-conter-queda-de-popularidade\/#primaryimage\"},\"image\":{\"@id\":\"https:\/\/jornalfatosenoticias.com.br\/index.php\/2025\/04\/07\/governo-lula-lanca-campanha-publicitaria-de-r-50-milhoes-para-conter-queda-de-popularidade\/#primaryimage\"},\"thumbnailUrl\":\"https:\/\/jornalfatosenoticias.com.br\/wp-content\/uploads\/2025\/04\/lula-sidonio.jpg\",\"datePublished\":\"2025-04-07T20:17:06+00:00\",\"dateModified\":\"2025-04-07T20:17:07+00:00\",\"breadcrumb\":{\"@id\":\"https:\/\/jornalfatosenoticias.com.br\/index.php\/2025\/04\/07\/governo-lula-lanca-campanha-publicitaria-de-r-50-milhoes-para-conter-queda-de-popularidade\/#breadcrumb\"},\"inLanguage\":\"pt-BR\",\"potentialAction\":[{\"@type\":\"ReadAction\",\"target\":[\"https:\/\/jornalfatosenoticias.com.br\/index.php\/2025\/04\/07\/governo-lula-lanca-campanha-publicitaria-de-r-50-milhoes-para-conter-queda-de-popularidade\/\"]}]},{\"@type\":\"ImageObject\",\"inLanguage\":\"pt-BR\",\"@id\":\"https:\/\/jornalfatosenoticias.com.br\/index.php\/2025\/04\/07\/governo-lula-lanca-campanha-publicitaria-de-r-50-milhoes-para-conter-queda-de-popularidade\/#primaryimage\",\"url\":\"https:\/\/jornalfatosenoticias.com.br\/wp-content\/uploads\/2025\/04\/lula-sidonio.jpg\",\"contentUrl\":\"https:\/\/jornalfatosenoticias.com.br\/wp-content\/uploads\/2025\/04\/lula-sidonio.jpg\",\"width\":780,\"height\":470},{\"@type\":\"BreadcrumbList\",\"@id\":\"https:\/\/jornalfatosenoticias.com.br\/index.php\/2025\/04\/07\/governo-lula-lanca-campanha-publicitaria-de-r-50-milhoes-para-conter-queda-de-popularidade\/#breadcrumb\",\"itemListElement\":[{\"@type\":\"ListItem\",\"position\":1,\"name\":\"In\u00edcio\",\"item\":\"https:\/\/jornalfatosenoticias.com.br\/\"},{\"@type\":\"ListItem\",\"position\":2,\"name\":\"Governo Lula lan\u00e7a campanha publicit\u00e1ria de R$ 50 milh\u00f5es para conter queda de popularidade\"}]},{\"@type\":\"WebSite\",\"@id\":\"https:\/\/jornalfatosenoticias.com.br\/#website\",\"url\":\"https:\/\/jornalfatosenoticias.com.br\/\",\"name\":\"Jornal Fatos e Not\u00edcias\",\"description\":\"Not\u00edcias em geral\",\"publisher\":{\"@id\":\"https:\/\/jornalfatosenoticias.com.br\/#organization\"},\"potentialAction\":[{\"@type\":\"SearchAction\",\"target\":{\"@type\":\"EntryPoint\",\"urlTemplate\":\"https:\/\/jornalfatosenoticias.com.br\/?s={search_term_string}\"},\"query-input\":{\"@type\":\"PropertyValueSpecification\",\"valueRequired\":true,\"valueName\":\"search_term_string\"}}],\"inLanguage\":\"pt-BR\"},{\"@type\":\"Organization\",\"@id\":\"https:\/\/jornalfatosenoticias.com.br\/#organization\",\"name\":\"Jornal Fatos e Not\u00edcias\",\"url\":\"https:\/\/jornalfatosenoticias.com.br\/\",\"logo\":{\"@type\":\"ImageObject\",\"inLanguage\":\"pt-BR\",\"@id\":\"https:\/\/jornalfatosenoticias.com.br\/#\/schema\/logo\/image\/\",\"url\":\"https:\/\/jornalfatosenoticias.com.br\/wp-content\/uploads\/2020\/02\/logo120.png\",\"contentUrl\":\"https:\/\/jornalfatosenoticias.com.br\/wp-content\/uploads\/2020\/02\/logo120.png\",\"width\":1227,\"height\":120,\"caption\":\"Jornal Fatos e Not\u00edcias\"},\"image\":{\"@id\":\"https:\/\/jornalfatosenoticias.com.br\/#\/schema\/logo\/image\/\"}},{\"@type\":\"Person\",\"@id\":\"https:\/\/jornalfatosenoticias.com.br\/#\/schema\/person\/d63837fa13ac8666eb9e74e0985d6f81\",\"name\":\"Luzimara Fernandes\",\"image\":{\"@type\":\"ImageObject\",\"inLanguage\":\"pt-BR\",\"@id\":\"https:\/\/jornalfatosenoticias.com.br\/#\/schema\/person\/image\/\",\"url\":\"https:\/\/jornalfatosenoticias.com.br\/wp-content\/uploads\/2025\/05\/EU_portal.jpg\",\"contentUrl\":\"https:\/\/jornalfatosenoticias.com.br\/wp-content\/uploads\/2025\/05\/EU_portal.jpg\",\"caption\":\"Luzimara Fernandes\"},\"description\":\"Jornalista MTB 2358-ES\",\"sameAs\":[\"https:\/\/jornalfatosenoticias.com.br\"],\"url\":\"https:\/\/jornalfatosenoticias.com.br\/index.php\/author\/luzimara\/\"}]}<\/script>\n<!-- \/ Yoast SEO plugin. -->","yoast_head_json":{"title":"Governo Lula lan\u00e7a campanha publicit\u00e1ria de R$ 50 milh\u00f5es para conter queda de popularidade - Jornal Fatos e Not\u00edcias","robots":{"index":"index","follow":"follow","max-snippet":"max-snippet:-1","max-image-preview":"max-image-preview:large","max-video-preview":"max-video-preview:-1"},"canonical":"https:\/\/jornalfatosenoticias.com.br\/index.php\/2025\/04\/07\/governo-lula-lanca-campanha-publicitaria-de-r-50-milhoes-para-conter-queda-de-popularidade\/","og_locale":"pt_BR","og_type":"article","og_title":"Governo Lula lan\u00e7a campanha publicit\u00e1ria de R$ 50 milh\u00f5es para conter queda de popularidade - Jornal Fatos e Not\u00edcias","og_description":"Em meio \u00e0 queda de popularidade e cr\u00edticas crescentes \u00e0 condu\u00e7\u00e3o do governo, Luiz In\u00e1cio Lula da Silva (PT) lan\u00e7ou a campanha publicit\u00e1ria \u201cBrasil dos Brasileiros\u201d, com um custo estimado em R$ 50 milh\u00f5es \u2014 tudo para convencer a popula\u00e7\u00e3o de que o pa\u00eds est\u00e1 \u201cdando a volta por cima\u201d. O primeiro v\u00eddeo foi exibido [&hellip;]","og_url":"https:\/\/jornalfatosenoticias.com.br\/index.php\/2025\/04\/07\/governo-lula-lanca-campanha-publicitaria-de-r-50-milhoes-para-conter-queda-de-popularidade\/","og_site_name":"Jornal Fatos e Not\u00edcias","article_published_time":"2025-04-07T20:17:06+00:00","article_modified_time":"2025-04-07T20:17:07+00:00","og_image":[{"width":780,"height":470,"url":"https:\/\/jornalfatosenoticias.com.br\/wp-content\/uploads\/2025\/04\/lula-sidonio.jpg","type":"image\/jpeg"}],"author":"Luzimara Fernandes","twitter_card":"summary_large_image","twitter_misc":{"Escrito por":"Luzimara Fernandes","Est. tempo de leitura":"2 minutos"},"schema":{"@context":"https:\/\/schema.org","@graph":[{"@type":"Article","@id":"https:\/\/jornalfatosenoticias.com.br\/index.php\/2025\/04\/07\/governo-lula-lanca-campanha-publicitaria-de-r-50-milhoes-para-conter-queda-de-popularidade\/#article","isPartOf":{"@id":"https:\/\/jornalfatosenoticias.com.br\/index.php\/2025\/04\/07\/governo-lula-lanca-campanha-publicitaria-de-r-50-milhoes-para-conter-queda-de-popularidade\/"},"author":{"name":"Luzimara Fernandes","@id":"https:\/\/jornalfatosenoticias.com.br\/#\/schema\/person\/d63837fa13ac8666eb9e74e0985d6f81"},"headline":"Governo Lula lan\u00e7a campanha publicit\u00e1ria de R$ 50 milh\u00f5es para conter queda de popularidade","datePublished":"2025-04-07T20:17:06+00:00","dateModified":"2025-04-07T20:17:07+00:00","mainEntityOfPage":{"@id":"https:\/\/jornalfatosenoticias.com.br\/index.php\/2025\/04\/07\/governo-lula-lanca-campanha-publicitaria-de-r-50-milhoes-para-conter-queda-de-popularidade\/"},"wordCount":503,"commentCount":0,"publisher":{"@id":"https:\/\/jornalfatosenoticias.com.br\/#organization"},"image":{"@id":"https:\/\/jornalfatosenoticias.com.br\/index.php\/2025\/04\/07\/governo-lula-lanca-campanha-publicitaria-de-r-50-milhoes-para-conter-queda-de-popularidade\/#primaryimage"},"thumbnailUrl":"https:\/\/jornalfatosenoticias.com.br\/wp-content\/uploads\/2025\/04\/lula-sidonio.jpg","keywords":["dinheiro p\u00fablico","governo Lula","marqueteiro Sid\u00f4nio Palmeira","queda de popularidade"],"articleSection":["Pol\u00edtica"],"inLanguage":"pt-BR","potentialAction":[{"@type":"CommentAction","name":"Comment","target":["https:\/\/jornalfatosenoticias.com.br\/index.php\/2025\/04\/07\/governo-lula-lanca-campanha-publicitaria-de-r-50-milhoes-para-conter-queda-de-popularidade\/#respond"]}]},{"@type":"WebPage","@id":"https:\/\/jornalfatosenoticias.com.br\/index.php\/2025\/04\/07\/governo-lula-lanca-campanha-publicitaria-de-r-50-milhoes-para-conter-queda-de-popularidade\/","url":"https:\/\/jornalfatosenoticias.com.br\/index.php\/2025\/04\/07\/governo-lula-lanca-campanha-publicitaria-de-r-50-milhoes-para-conter-queda-de-popularidade\/","name":"Governo Lula lan\u00e7a campanha publicit\u00e1ria de R$ 50 milh\u00f5es para conter queda de popularidade - Jornal Fatos e Not\u00edcias","isPartOf":{"@id":"https:\/\/jornalfatosenoticias.com.br\/#website"},"primaryImageOfPage":{"@id":"https:\/\/jornalfatosenoticias.com.br\/index.php\/2025\/04\/07\/governo-lula-lanca-campanha-publicitaria-de-r-50-milhoes-para-conter-queda-de-popularidade\/#primaryimage"},"image":{"@id":"https:\/\/jornalfatosenoticias.com.br\/index.php\/2025\/04\/07\/governo-lula-lanca-campanha-publicitaria-de-r-50-milhoes-para-conter-queda-de-popularidade\/#primaryimage"},"thumbnailUrl":"https:\/\/jornalfatosenoticias.com.br\/wp-content\/uploads\/2025\/04\/lula-sidonio.jpg","datePublished":"2025-04-07T20:17:06+00:00","dateModified":"2025-04-07T20:17:07+00:00","breadcrumb":{"@id":"https:\/\/jornalfatosenoticias.com.br\/index.php\/2025\/04\/07\/governo-lula-lanca-campanha-publicitaria-de-r-50-milhoes-para-conter-queda-de-popularidade\/#breadcrumb"},"inLanguage":"pt-BR","potentialAction":[{"@type":"ReadAction","target":["https:\/\/jornalfatosenoticias.com.br\/index.php\/2025\/04\/07\/governo-lula-lanca-campanha-publicitaria-de-r-50-milhoes-para-conter-queda-de-popularidade\/"]}]},{"@type":"ImageObject","inLanguage":"pt-BR","@id":"https:\/\/jornalfatosenoticias.com.br\/index.php\/2025\/04\/07\/governo-lula-lanca-campanha-publicitaria-de-r-50-milhoes-para-conter-queda-de-popularidade\/#primaryimage","url":"https:\/\/jornalfatosenoticias.com.br\/wp-content\/uploads\/2025\/04\/lula-sidonio.jpg","contentUrl":"https:\/\/jornalfatosenoticias.com.br\/wp-content\/uploads\/2025\/04\/lula-sidonio.jpg","width":780,"height":470},{"@type":"BreadcrumbList","@id":"https:\/\/jornalfatosenoticias.com.br\/index.php\/2025\/04\/07\/governo-lula-lanca-campanha-publicitaria-de-r-50-milhoes-para-conter-queda-de-popularidade\/#breadcrumb","itemListElement":[{"@type":"ListItem","position":1,"name":"In\u00edcio","item":"https:\/\/jornalfatosenoticias.com.br\/"},{"@type":"ListItem","position":2,"name":"Governo Lula lan\u00e7a campanha publicit\u00e1ria de R$ 50 milh\u00f5es para conter queda de popularidade"}]},{"@type":"WebSite","@id":"https:\/\/jornalfatosenoticias.com.br\/#website","url":"https:\/\/jornalfatosenoticias.com.br\/","name":"Jornal Fatos e Not\u00edcias","description":"Not\u00edcias em geral","publisher":{"@id":"https:\/\/jornalfatosenoticias.com.br\/#organization"},"potentialAction":[{"@type":"SearchAction","target":{"@type":"EntryPoint","urlTemplate":"https:\/\/jornalfatosenoticias.com.br\/?s={search_term_string}"},"query-input":{"@type":"PropertyValueSpecification","valueRequired":true,"valueName":"search_term_string"}}],"inLanguage":"pt-BR"},{"@type":"Organization","@id":"https:\/\/jornalfatosenoticias.com.br\/#organization","name":"Jornal Fatos e Not\u00edcias","url":"https:\/\/jornalfatosenoticias.com.br\/","logo":{"@type":"ImageObject","inLanguage":"pt-BR","@id":"https:\/\/jornalfatosenoticias.com.br\/#\/schema\/logo\/image\/","url":"https:\/\/jornalfatosenoticias.com.br\/wp-content\/uploads\/2020\/02\/logo120.png","contentUrl":"https:\/\/jornalfatosenoticias.com.br\/wp-content\/uploads\/2020\/02\/logo120.png","width":1227,"height":120,"caption":"Jornal Fatos e Not\u00edcias"},"image":{"@id":"https:\/\/jornalfatosenoticias.com.br\/#\/schema\/logo\/image\/"}},{"@type":"Person","@id":"https:\/\/jornalfatosenoticias.com.br\/#\/schema\/person\/d63837fa13ac8666eb9e74e0985d6f81","name":"Luzimara Fernandes","image":{"@type":"ImageObject","inLanguage":"pt-BR","@id":"https:\/\/jornalfatosenoticias.com.br\/#\/schema\/person\/image\/","url":"https:\/\/jornalfatosenoticias.com.br\/wp-content\/uploads\/2025\/05\/EU_portal.jpg","contentUrl":"https:\/\/jornalfatosenoticias.com.br\/wp-content\/uploads\/2025\/05\/EU_portal.jpg","caption":"Luzimara Fernandes"},"description":"Jornalista MTB 2358-ES","sameAs":["https:\/\/jornalfatosenoticias.com.br"],"url":"https:\/\/jornalfatosenoticias.com.br\/index.php\/author\/luzimara\/"}]}},"cc_featured_image_caption":{"caption_text":"(Foto: Ag\u00eancia Brasil)","source_text":"","source_url":""},"jetpack_featured_media_url":"https:\/\/jornalfatosenoticias.com.br\/wp-content\/uploads\/2025\/04\/lula-sidonio.jpg","_links":{"self":[{"href":"https:\/\/jornalfatosenoticias.com.br\/index.php\/wp-json\/wp\/v2\/posts\/58336","targetHints":{"allow":["GET"]}}],"collection":[{"href":"https:\/\/jornalfatosenoticias.com.br\/index.php\/wp-json\/wp\/v2\/posts"}],"about":[{"href":"https:\/\/jornalfatosenoticias.com.br\/index.php\/wp-json\/wp\/v2\/types\/post"}],"author":[{"embeddable":true,"href":"https:\/\/jornalfatosenoticias.com.br\/index.php\/wp-json\/wp\/v2\/users\/2"}],"replies":[{"embeddable":true,"href":"https:\/\/jornalfatosenoticias.com.br\/index.php\/wp-json\/wp\/v2\/comments?post=58336"}],"version-history":[{"count":0,"href":"https:\/\/jornalfatosenoticias.com.br\/index.php\/wp-json\/wp\/v2\/posts\/58336\/revisions"}],"wp:featuredmedia":[{"embeddable":true,"href":"https:\/\/jornalfatosenoticias.com.br\/index.php\/wp-json\/wp\/v2\/media\/58337"}],"wp:attachment":[{"href":"https:\/\/jornalfatosenoticias.com.br\/index.php\/wp-json\/wp\/v2\/media?parent=58336"}],"wp:term":[{"taxonomy":"category","embeddable":true,"href":"https:\/\/jornalfatosenoticias.com.br\/index.php\/wp-json\/wp\/v2\/categories?post=58336"},{"taxonomy":"post_tag","embeddable":true,"href":"https:\/\/jornalfatosenoticias.com.br\/index.php\/wp-json\/wp\/v2\/tags?post=58336"}],"curies":[{"name":"wp","href":"https:\/\/api.w.org\/{rel}","templated":true}]}}