{"id":58339,"date":"2025-04-07T17:59:28","date_gmt":"2025-04-07T20:59:28","guid":{"rendered":"https:\/\/jornalfatosenoticias.com.br\/?p=58339"},"modified":"2025-04-07T17:59:29","modified_gmt":"2025-04-07T20:59:29","slug":"aves-ficam-mais-agressivas-por-conta-do-barulho-do-transito-aponta-estudo","status":"publish","type":"post","link":"https:\/\/jornalfatosenoticias.com.br\/index.php\/2025\/04\/07\/aves-ficam-mais-agressivas-por-conta-do-barulho-do-transito-aponta-estudo\/","title":{"rendered":"Aves ficam mais agressivas por conta do barulho do tr\u00e2nsito, aponta estudo"},"content":{"rendered":"\n<p><em><span class=\"has-inline-color has-black-color\">Uma toutinegras-amarela (Setophaga petechia aureola) em Puerto Ayora, Santa Cruz, Ilhas Gal\u00e1pagos<\/span><\/em><\/p>\n\n\n\n<div class=\"wp-block-image\"><figure class=\"aligncenter size-large\"><a href=\"https:\/\/mizu.com.br\/\"><img loading=\"lazy\" decoding=\"async\" width=\"729\" height=\"90\" src=\"https:\/\/jornalfatosenoticias.com.br\/wp-content\/uploads\/2020\/02\/Logo_Mizu.png\" alt=\"\" class=\"wp-image-1441\" srcset=\"https:\/\/jornalfatosenoticias.com.br\/wp-content\/uploads\/2020\/02\/Logo_Mizu.png 729w, https:\/\/jornalfatosenoticias.com.br\/wp-content\/uploads\/2020\/02\/Logo_Mizu-300x37.png 300w\" sizes=\"auto, (max-width: 729px) 100vw, 729px\" \/><\/a><\/figure><\/div>\n\n\n\n<p>O barulho do tr\u00e2nsito est\u00e1 fazendo com que as aves mudem seu comportamento e se tornem mais agressivas. A constata\u00e7\u00e3o \u00e9 de um estudo liderado por especialistas da Universidade Anglia Ruskin (ARU), do Reino Unido, e do Centro de Pesquisa Konrad Lorenz da Universidade de Viena, da \u00c1ustria.<br>Esse trabalho examinou o impacto da polui\u00e7\u00e3o sonora de ve\u00edculos em toutinegras-amarelas (<em>Setophaga petechia aureola<\/em>) nas Ilhas Gal\u00e1pagos. O local, considerado um laborat\u00f3rio vivo natural devido ao grande n\u00famero de esp\u00e9cies, registrou crescimento populacional humano significativo nas \u00faltimas d\u00e9cadas, o que aumentou o n\u00famero de carros nas ruas.<\/p>\n\n\n\n<div class=\"wp-block-image\"><figure class=\"aligncenter size-large\"><a href=\"https:\/\/www.cesconetto.com.br\/\"><img loading=\"lazy\" decoding=\"async\" width=\"300\" height=\"250\" src=\"https:\/\/jornalfatosenoticias.com.br\/wp-content\/uploads\/2022\/02\/Banner-2.png\" alt=\"\" class=\"wp-image-27877\"\/><\/a><\/figure><\/div>\n\n\n\n<p>Na pesquisa, os cientistas tocaram cantos de p\u00e1ssaros em um alto-falante, simulando um intruso, acompanhados por ru\u00eddos de tr\u00e1fego gravado em 38 locais povoados por toutinegras amarelas nas ilhas de Floreana e Santa Cruz \u2014 20 locais estavam a 50 metros da estrada mais pr\u00f3xima e 18 estavam a mais de 100 metros de dist\u00e2ncia.<\/p>\n\n\n\n<div class=\"wp-block-image\"><figure class=\"aligncenter size-large is-resized\"><a href=\"https:\/\/hotelmarquetti.com.br\/\"><img loading=\"lazy\" decoding=\"async\" src=\"https:\/\/jornalfatosenoticias.com.br\/wp-content\/uploads\/2020\/02\/LOGO-MQ-1024x680.jpg\" alt=\"\" class=\"wp-image-58299\" width=\"311\" height=\"206\" srcset=\"https:\/\/jornalfatosenoticias.com.br\/wp-content\/uploads\/2020\/02\/LOGO-MQ-1024x680.jpg 1024w, https:\/\/jornalfatosenoticias.com.br\/wp-content\/uploads\/2020\/02\/LOGO-MQ-300x199.jpg 300w, https:\/\/jornalfatosenoticias.com.br\/wp-content\/uploads\/2020\/02\/LOGO-MQ-768x510.jpg 768w, https:\/\/jornalfatosenoticias.com.br\/wp-content\/uploads\/2020\/02\/LOGO-MQ-1536x1020.jpg 1536w, https:\/\/jornalfatosenoticias.com.br\/wp-content\/uploads\/2020\/02\/LOGO-MQ-2048x1360.jpg 2048w\" sizes=\"auto, (max-width: 311px) 100vw, 311px\" \/><\/a><\/figure><\/div>\n\n\n\n<p>Eles, ent\u00e3o, mediram nas aves expostas ao experimento o volume dos seus cantos, normalmente usada para afastar intrusos, e tamb\u00e9m poss\u00edveis comportamentos f\u00edsicos agressivos, como se aproximar do alto-falante e fazer voos repetidos sobre ele. Os resultados mostraram que as toutinegras amarelas que vivem em territ\u00f3rios \u00e0 beira da estrada apresentaram maior agressividade em rela\u00e7\u00e3o \u00e0s que vivem em locais mais silenciosos.<\/p>\n\n\n\n<div class=\"wp-block-image\"><figure class=\"aligncenter size-large is-resized\"><a href=\"https:\/\/www.instagram.com\/restaurantepegoretti\/\"><img loading=\"lazy\" decoding=\"async\" src=\"https:\/\/jornalfatosenoticias.com.br\/wp-content\/uploads\/2023\/12\/pegoretti-logo-pdf-1024x389.jpg\" alt=\"\" class=\"wp-image-47536\" width=\"451\" height=\"171\" srcset=\"https:\/\/jornalfatosenoticias.com.br\/wp-content\/uploads\/2023\/12\/pegoretti-logo-pdf-1024x389.jpg 1024w, https:\/\/jornalfatosenoticias.com.br\/wp-content\/uploads\/2023\/12\/pegoretti-logo-pdf-300x114.jpg 300w, https:\/\/jornalfatosenoticias.com.br\/wp-content\/uploads\/2023\/12\/pegoretti-logo-pdf-768x291.jpg 768w, https:\/\/jornalfatosenoticias.com.br\/wp-content\/uploads\/2023\/12\/pegoretti-logo-pdf.jpg 1120w\" sizes=\"auto, (max-width: 451px) 100vw, 451px\" \/><\/a><\/figure><\/div>\n\n\n\n<p>Tamb\u00e9m foi descoberto que mesmo uma experi\u00eancia m\u00ednima de tr\u00e1fego afeta as respostas das aves ao ru\u00eddo, e que, na ilha mais populosa de Santa Cruz, os animais aumentaram a dura\u00e7\u00e3o de seu canto quando confrontados com barulho de tr\u00e1fego.<\/p>\n\n\n\n<div class=\"wp-block-image\"><figure class=\"aligncenter size-large is-resized\"><a href=\"https:\/\/www.instagram.com\/esteiochurrascaria\/\"><img loading=\"lazy\" decoding=\"async\" src=\"https:\/\/jornalfatosenoticias.com.br\/wp-content\/uploads\/2022\/02\/LOGO-ESTEIO-1024x730.png\" alt=\"\" class=\"wp-image-27942\" width=\"324\" height=\"231\" srcset=\"https:\/\/jornalfatosenoticias.com.br\/wp-content\/uploads\/2022\/02\/LOGO-ESTEIO-1024x730.png 1024w, https:\/\/jornalfatosenoticias.com.br\/wp-content\/uploads\/2022\/02\/LOGO-ESTEIO-300x214.png 300w, https:\/\/jornalfatosenoticias.com.br\/wp-content\/uploads\/2022\/02\/LOGO-ESTEIO-768x548.png 768w, https:\/\/jornalfatosenoticias.com.br\/wp-content\/uploads\/2022\/02\/LOGO-ESTEIO.png 1123w\" sizes=\"auto, (max-width: 324px) 100vw, 324px\" \/><\/a><\/figure><\/div>\n\n\n\n<blockquote class=\"wp-block-quote is-layout-flow wp-block-quote-is-layout-flow\"><p><span class=\"has-inline-color has-luminous-vivid-orange-color\">Os p\u00e1ssaros usam o canto durante a defesa territorial como um sinal agressivo. No entanto, se o ru\u00eddo externo, como o tr\u00e1fego, interferir na sinaliza\u00e7\u00e3o, bloqueando efetivamente esse canal de comunica\u00e7\u00e3o, aumentar a agress\u00e3o f\u00edsica seria uma resposta apropriada\u201d, disse Caglar Akcay, professor s\u00eanior da ARU, <strong><a class=\"\" href=\"https:\/\/www.aru.ac.uk\/news\/galapagos-birds-exhibit-road-rage-due-to-noise\" target=\"_blank\" rel=\"noreferrer noopener\">em comunicado.<\/a><\/strong><\/span><\/p><\/blockquote>\n\n\n\n<div class=\"wp-block-image\"><figure class=\"aligncenter size-large is-resized\"><a href=\"https:\/\/www.instagram.com\/serra4x4cambioautomatico\/\"><img loading=\"lazy\" decoding=\"async\" src=\"https:\/\/jornalfatosenoticias.com.br\/wp-content\/uploads\/2024\/08\/Serra-4x4-1-886x1024.jpg\" alt=\"\" class=\"wp-image-53632\" width=\"268\" height=\"309\" srcset=\"https:\/\/jornalfatosenoticias.com.br\/wp-content\/uploads\/2024\/08\/Serra-4x4-1-886x1024.jpg 886w, https:\/\/jornalfatosenoticias.com.br\/wp-content\/uploads\/2024\/08\/Serra-4x4-1-260x300.jpg 260w, https:\/\/jornalfatosenoticias.com.br\/wp-content\/uploads\/2024\/08\/Serra-4x4-1-768x888.jpg 768w, https:\/\/jornalfatosenoticias.com.br\/wp-content\/uploads\/2024\/08\/Serra-4x4-1.jpg 1181w\" sizes=\"auto, (max-width: 268px) 100vw, 268px\" \/><\/a><\/figure><\/div>\n\n\n\n<p>E ele completou: \u201cnosso estudo mostra a import\u00e2ncia de considerar a plasticidade comportamental em esfor\u00e7os de conserva\u00e7\u00e3o e desenvolver estrat\u00e9gias para mitigar os efeitos da polui\u00e7\u00e3o sonora na vida selvagem. Ele tamb\u00e9m destaca o impacto significativo das atividades humanas no comportamento da vida selvagem, mesmo em locais relativamente remotos, como as Ilhas Gal\u00e1pagos\u201d.<\/p>\n\n\n\n<div class=\"wp-block-image\"><figure class=\"aligncenter size-large is-resized\"><a href=\"https:\/\/panper.com.br\/\"><img loading=\"lazy\" decoding=\"async\" src=\"https:\/\/jornalfatosenoticias.com.br\/wp-content\/uploads\/2023\/03\/logo-Panper_portal.jpg\" alt=\"\" class=\"wp-image-40208\" width=\"283\" height=\"196\" srcset=\"https:\/\/jornalfatosenoticias.com.br\/wp-content\/uploads\/2023\/03\/logo-Panper_portal.jpg 400w, https:\/\/jornalfatosenoticias.com.br\/wp-content\/uploads\/2023\/03\/logo-Panper_portal-300x208.jpg 300w\" sizes=\"auto, (max-width: 283px) 100vw, 283px\" \/><\/a><\/figure><\/div>\n\n\n\n<p><strong>Fonte: <a href=\"https:\/\/umsoplaneta.globo.com\/biodiversidade\/noticia\/2025\/03\/25\/aves-ficam-mais-agressivas-por-conta-do-barulho-do-transito-aponta-estudo.ghtml\">Um S\u00f3 Planeta<\/a><\/strong><\/p>\n","protected":false},"excerpt":{"rendered":"<p>Uma toutinegras-amarela (Setophaga petechia aureola) em Puerto Ayora, Santa Cruz, Ilhas Gal\u00e1pagos O barulho do tr\u00e2nsito est\u00e1 fazendo com que as aves mudem seu comportamento e se tornem mais agressivas. A constata\u00e7\u00e3o \u00e9 de um estudo liderado por especialistas da Universidade Anglia Ruskin (ARU), do Reino Unido, e do Centro de Pesquisa Konrad Lorenz da [&hellip;]<\/p>\n","protected":false},"author":2,"featured_media":58340,"comment_status":"open","ping_status":"open","sticky":false,"template":"","format":"standard","meta":{"footnotes":""},"categories":[8],"tags":[321,6779,26584,714,13136],"class_list":["post-58339","post","type-post","status-publish","format-standard","has-post-thumbnail","hentry","category-meio-ambiente","tag-aves","tag-barulho","tag-barulho-do-transito","tag-estudo","tag-ilhas-galapagos"],"yoast_head":"<!-- This site is optimized with the Yoast SEO plugin v26.5 - https:\/\/yoast.com\/wordpress\/plugins\/seo\/ -->\n<title>Aves ficam mais agressivas por conta do barulho do tr\u00e2nsito, aponta estudo - Jornal Fatos e Not\u00edcias<\/title>\n<meta name=\"robots\" content=\"index, follow, max-snippet:-1, max-image-preview:large, max-video-preview:-1\" \/>\n<link rel=\"canonical\" href=\"https:\/\/jornalfatosenoticias.com.br\/index.php\/2025\/04\/07\/aves-ficam-mais-agressivas-por-conta-do-barulho-do-transito-aponta-estudo\/\" \/>\n<meta property=\"og:locale\" content=\"pt_BR\" \/>\n<meta property=\"og:type\" content=\"article\" \/>\n<meta property=\"og:title\" content=\"Aves ficam mais agressivas por conta do barulho do tr\u00e2nsito, aponta estudo - Jornal Fatos e Not\u00edcias\" \/>\n<meta property=\"og:description\" content=\"Uma toutinegras-amarela (Setophaga petechia aureola) em Puerto Ayora, Santa Cruz, Ilhas Gal\u00e1pagos O barulho do tr\u00e2nsito est\u00e1 fazendo com que as aves mudem seu comportamento e se tornem mais agressivas. A constata\u00e7\u00e3o \u00e9 de um estudo liderado por especialistas da Universidade Anglia Ruskin (ARU), do Reino Unido, e do Centro de Pesquisa Konrad Lorenz da [&hellip;]\" \/>\n<meta property=\"og:url\" content=\"https:\/\/jornalfatosenoticias.com.br\/index.php\/2025\/04\/07\/aves-ficam-mais-agressivas-por-conta-do-barulho-do-transito-aponta-estudo\/\" \/>\n<meta property=\"og:site_name\" content=\"Jornal Fatos e Not\u00edcias\" \/>\n<meta property=\"article:published_time\" content=\"2025-04-07T20:59:28+00:00\" \/>\n<meta property=\"article:modified_time\" content=\"2025-04-07T20:59:29+00:00\" \/>\n<meta property=\"og:image\" content=\"https:\/\/jornalfatosenoticias.com.br\/wp-content\/uploads\/2025\/04\/passaros-estressados_freepik.jpg\" \/>\n\t<meta property=\"og:image:width\" content=\"1000\" \/>\n\t<meta property=\"og:image:height\" content=\"616\" \/>\n\t<meta property=\"og:image:type\" content=\"image\/jpeg\" \/>\n<meta name=\"author\" content=\"Luzimara Fernandes\" \/>\n<meta name=\"twitter:card\" content=\"summary_large_image\" \/>\n<meta name=\"twitter:label1\" content=\"Escrito por\" \/>\n\t<meta name=\"twitter:data1\" content=\"Luzimara Fernandes\" \/>\n\t<meta name=\"twitter:label2\" content=\"Est. tempo de leitura\" \/>\n\t<meta name=\"twitter:data2\" content=\"2 minutos\" \/>\n<script type=\"application\/ld+json\" class=\"yoast-schema-graph\">{\"@context\":\"https:\/\/schema.org\",\"@graph\":[{\"@type\":\"Article\",\"@id\":\"https:\/\/jornalfatosenoticias.com.br\/index.php\/2025\/04\/07\/aves-ficam-mais-agressivas-por-conta-do-barulho-do-transito-aponta-estudo\/#article\",\"isPartOf\":{\"@id\":\"https:\/\/jornalfatosenoticias.com.br\/index.php\/2025\/04\/07\/aves-ficam-mais-agressivas-por-conta-do-barulho-do-transito-aponta-estudo\/\"},\"author\":{\"name\":\"Luzimara Fernandes\",\"@id\":\"https:\/\/jornalfatosenoticias.com.br\/#\/schema\/person\/d63837fa13ac8666eb9e74e0985d6f81\"},\"headline\":\"Aves ficam mais agressivas por conta do barulho do tr\u00e2nsito, aponta estudo\",\"datePublished\":\"2025-04-07T20:59:28+00:00\",\"dateModified\":\"2025-04-07T20:59:29+00:00\",\"mainEntityOfPage\":{\"@id\":\"https:\/\/jornalfatosenoticias.com.br\/index.php\/2025\/04\/07\/aves-ficam-mais-agressivas-por-conta-do-barulho-do-transito-aponta-estudo\/\"},\"wordCount\":419,\"commentCount\":0,\"publisher\":{\"@id\":\"https:\/\/jornalfatosenoticias.com.br\/#organization\"},\"image\":{\"@id\":\"https:\/\/jornalfatosenoticias.com.br\/index.php\/2025\/04\/07\/aves-ficam-mais-agressivas-por-conta-do-barulho-do-transito-aponta-estudo\/#primaryimage\"},\"thumbnailUrl\":\"https:\/\/jornalfatosenoticias.com.br\/wp-content\/uploads\/2025\/04\/passaros-estressados_freepik.jpg\",\"keywords\":[\"aves\",\"barulho\",\"barulho do tr\u00e2nsito\",\"Estudo\",\"Ilhas Gal\u00e1pagos\"],\"articleSection\":[\"Meio ambiente\"],\"inLanguage\":\"pt-BR\",\"potentialAction\":[{\"@type\":\"CommentAction\",\"name\":\"Comment\",\"target\":[\"https:\/\/jornalfatosenoticias.com.br\/index.php\/2025\/04\/07\/aves-ficam-mais-agressivas-por-conta-do-barulho-do-transito-aponta-estudo\/#respond\"]}]},{\"@type\":\"WebPage\",\"@id\":\"https:\/\/jornalfatosenoticias.com.br\/index.php\/2025\/04\/07\/aves-ficam-mais-agressivas-por-conta-do-barulho-do-transito-aponta-estudo\/\",\"url\":\"https:\/\/jornalfatosenoticias.com.br\/index.php\/2025\/04\/07\/aves-ficam-mais-agressivas-por-conta-do-barulho-do-transito-aponta-estudo\/\",\"name\":\"Aves ficam mais agressivas por conta do barulho do tr\u00e2nsito, aponta estudo - Jornal Fatos e Not\u00edcias\",\"isPartOf\":{\"@id\":\"https:\/\/jornalfatosenoticias.com.br\/#website\"},\"primaryImageOfPage\":{\"@id\":\"https:\/\/jornalfatosenoticias.com.br\/index.php\/2025\/04\/07\/aves-ficam-mais-agressivas-por-conta-do-barulho-do-transito-aponta-estudo\/#primaryimage\"},\"image\":{\"@id\":\"https:\/\/jornalfatosenoticias.com.br\/index.php\/2025\/04\/07\/aves-ficam-mais-agressivas-por-conta-do-barulho-do-transito-aponta-estudo\/#primaryimage\"},\"thumbnailUrl\":\"https:\/\/jornalfatosenoticias.com.br\/wp-content\/uploads\/2025\/04\/passaros-estressados_freepik.jpg\",\"datePublished\":\"2025-04-07T20:59:28+00:00\",\"dateModified\":\"2025-04-07T20:59:29+00:00\",\"breadcrumb\":{\"@id\":\"https:\/\/jornalfatosenoticias.com.br\/index.php\/2025\/04\/07\/aves-ficam-mais-agressivas-por-conta-do-barulho-do-transito-aponta-estudo\/#breadcrumb\"},\"inLanguage\":\"pt-BR\",\"potentialAction\":[{\"@type\":\"ReadAction\",\"target\":[\"https:\/\/jornalfatosenoticias.com.br\/index.php\/2025\/04\/07\/aves-ficam-mais-agressivas-por-conta-do-barulho-do-transito-aponta-estudo\/\"]}]},{\"@type\":\"ImageObject\",\"inLanguage\":\"pt-BR\",\"@id\":\"https:\/\/jornalfatosenoticias.com.br\/index.php\/2025\/04\/07\/aves-ficam-mais-agressivas-por-conta-do-barulho-do-transito-aponta-estudo\/#primaryimage\",\"url\":\"https:\/\/jornalfatosenoticias.com.br\/wp-content\/uploads\/2025\/04\/passaros-estressados_freepik.jpg\",\"contentUrl\":\"https:\/\/jornalfatosenoticias.com.br\/wp-content\/uploads\/2025\/04\/passaros-estressados_freepik.jpg\",\"width\":1000,\"height\":616,\"caption\":\"Yellow warbler (Setophaga petechia) shot off the Boardwalk during Spring migration at Magee Marsh Wildlife Area in Oak Harbor, Oh\"},{\"@type\":\"BreadcrumbList\",\"@id\":\"https:\/\/jornalfatosenoticias.com.br\/index.php\/2025\/04\/07\/aves-ficam-mais-agressivas-por-conta-do-barulho-do-transito-aponta-estudo\/#breadcrumb\",\"itemListElement\":[{\"@type\":\"ListItem\",\"position\":1,\"name\":\"In\u00edcio\",\"item\":\"https:\/\/jornalfatosenoticias.com.br\/\"},{\"@type\":\"ListItem\",\"position\":2,\"name\":\"Aves ficam mais agressivas por conta do barulho do tr\u00e2nsito, aponta estudo\"}]},{\"@type\":\"WebSite\",\"@id\":\"https:\/\/jornalfatosenoticias.com.br\/#website\",\"url\":\"https:\/\/jornalfatosenoticias.com.br\/\",\"name\":\"Jornal Fatos e Not\u00edcias\",\"description\":\"Not\u00edcias em geral\",\"publisher\":{\"@id\":\"https:\/\/jornalfatosenoticias.com.br\/#organization\"},\"potentialAction\":[{\"@type\":\"SearchAction\",\"target\":{\"@type\":\"EntryPoint\",\"urlTemplate\":\"https:\/\/jornalfatosenoticias.com.br\/?s={search_term_string}\"},\"query-input\":{\"@type\":\"PropertyValueSpecification\",\"valueRequired\":true,\"valueName\":\"search_term_string\"}}],\"inLanguage\":\"pt-BR\"},{\"@type\":\"Organization\",\"@id\":\"https:\/\/jornalfatosenoticias.com.br\/#organization\",\"name\":\"Jornal Fatos e Not\u00edcias\",\"url\":\"https:\/\/jornalfatosenoticias.com.br\/\",\"logo\":{\"@type\":\"ImageObject\",\"inLanguage\":\"pt-BR\",\"@id\":\"https:\/\/jornalfatosenoticias.com.br\/#\/schema\/logo\/image\/\",\"url\":\"https:\/\/jornalfatosenoticias.com.br\/wp-content\/uploads\/2020\/02\/logo120.png\",\"contentUrl\":\"https:\/\/jornalfatosenoticias.com.br\/wp-content\/uploads\/2020\/02\/logo120.png\",\"width\":1227,\"height\":120,\"caption\":\"Jornal Fatos e Not\u00edcias\"},\"image\":{\"@id\":\"https:\/\/jornalfatosenoticias.com.br\/#\/schema\/logo\/image\/\"}},{\"@type\":\"Person\",\"@id\":\"https:\/\/jornalfatosenoticias.com.br\/#\/schema\/person\/d63837fa13ac8666eb9e74e0985d6f81\",\"name\":\"Luzimara Fernandes\",\"image\":{\"@type\":\"ImageObject\",\"inLanguage\":\"pt-BR\",\"@id\":\"https:\/\/jornalfatosenoticias.com.br\/#\/schema\/person\/image\/\",\"url\":\"https:\/\/jornalfatosenoticias.com.br\/wp-content\/uploads\/2025\/05\/EU_portal.jpg\",\"contentUrl\":\"https:\/\/jornalfatosenoticias.com.br\/wp-content\/uploads\/2025\/05\/EU_portal.jpg\",\"caption\":\"Luzimara Fernandes\"},\"description\":\"Jornalista MTB 2358-ES\",\"sameAs\":[\"https:\/\/jornalfatosenoticias.com.br\"],\"url\":\"https:\/\/jornalfatosenoticias.com.br\/index.php\/author\/luzimara\/\"}]}<\/script>\n<!-- \/ Yoast SEO plugin. -->","yoast_head_json":{"title":"Aves ficam mais agressivas por conta do barulho do tr\u00e2nsito, aponta estudo - Jornal Fatos e Not\u00edcias","robots":{"index":"index","follow":"follow","max-snippet":"max-snippet:-1","max-image-preview":"max-image-preview:large","max-video-preview":"max-video-preview:-1"},"canonical":"https:\/\/jornalfatosenoticias.com.br\/index.php\/2025\/04\/07\/aves-ficam-mais-agressivas-por-conta-do-barulho-do-transito-aponta-estudo\/","og_locale":"pt_BR","og_type":"article","og_title":"Aves ficam mais agressivas por conta do barulho do tr\u00e2nsito, aponta estudo - Jornal Fatos e Not\u00edcias","og_description":"Uma toutinegras-amarela (Setophaga petechia aureola) em Puerto Ayora, Santa Cruz, Ilhas Gal\u00e1pagos O barulho do tr\u00e2nsito est\u00e1 fazendo com que as aves mudem seu comportamento e se tornem mais agressivas. A constata\u00e7\u00e3o \u00e9 de um estudo liderado por especialistas da Universidade Anglia Ruskin (ARU), do Reino Unido, e do Centro de Pesquisa Konrad Lorenz da [&hellip;]","og_url":"https:\/\/jornalfatosenoticias.com.br\/index.php\/2025\/04\/07\/aves-ficam-mais-agressivas-por-conta-do-barulho-do-transito-aponta-estudo\/","og_site_name":"Jornal Fatos e Not\u00edcias","article_published_time":"2025-04-07T20:59:28+00:00","article_modified_time":"2025-04-07T20:59:29+00:00","og_image":[{"width":1000,"height":616,"url":"https:\/\/jornalfatosenoticias.com.br\/wp-content\/uploads\/2025\/04\/passaros-estressados_freepik.jpg","type":"image\/jpeg"}],"author":"Luzimara Fernandes","twitter_card":"summary_large_image","twitter_misc":{"Escrito por":"Luzimara Fernandes","Est. tempo de leitura":"2 minutos"},"schema":{"@context":"https:\/\/schema.org","@graph":[{"@type":"Article","@id":"https:\/\/jornalfatosenoticias.com.br\/index.php\/2025\/04\/07\/aves-ficam-mais-agressivas-por-conta-do-barulho-do-transito-aponta-estudo\/#article","isPartOf":{"@id":"https:\/\/jornalfatosenoticias.com.br\/index.php\/2025\/04\/07\/aves-ficam-mais-agressivas-por-conta-do-barulho-do-transito-aponta-estudo\/"},"author":{"name":"Luzimara Fernandes","@id":"https:\/\/jornalfatosenoticias.com.br\/#\/schema\/person\/d63837fa13ac8666eb9e74e0985d6f81"},"headline":"Aves ficam mais agressivas por conta do barulho do tr\u00e2nsito, aponta estudo","datePublished":"2025-04-07T20:59:28+00:00","dateModified":"2025-04-07T20:59:29+00:00","mainEntityOfPage":{"@id":"https:\/\/jornalfatosenoticias.com.br\/index.php\/2025\/04\/07\/aves-ficam-mais-agressivas-por-conta-do-barulho-do-transito-aponta-estudo\/"},"wordCount":419,"commentCount":0,"publisher":{"@id":"https:\/\/jornalfatosenoticias.com.br\/#organization"},"image":{"@id":"https:\/\/jornalfatosenoticias.com.br\/index.php\/2025\/04\/07\/aves-ficam-mais-agressivas-por-conta-do-barulho-do-transito-aponta-estudo\/#primaryimage"},"thumbnailUrl":"https:\/\/jornalfatosenoticias.com.br\/wp-content\/uploads\/2025\/04\/passaros-estressados_freepik.jpg","keywords":["aves","barulho","barulho do tr\u00e2nsito","Estudo","Ilhas Gal\u00e1pagos"],"articleSection":["Meio ambiente"],"inLanguage":"pt-BR","potentialAction":[{"@type":"CommentAction","name":"Comment","target":["https:\/\/jornalfatosenoticias.com.br\/index.php\/2025\/04\/07\/aves-ficam-mais-agressivas-por-conta-do-barulho-do-transito-aponta-estudo\/#respond"]}]},{"@type":"WebPage","@id":"https:\/\/jornalfatosenoticias.com.br\/index.php\/2025\/04\/07\/aves-ficam-mais-agressivas-por-conta-do-barulho-do-transito-aponta-estudo\/","url":"https:\/\/jornalfatosenoticias.com.br\/index.php\/2025\/04\/07\/aves-ficam-mais-agressivas-por-conta-do-barulho-do-transito-aponta-estudo\/","name":"Aves ficam mais agressivas por conta do barulho do tr\u00e2nsito, aponta estudo - Jornal Fatos e Not\u00edcias","isPartOf":{"@id":"https:\/\/jornalfatosenoticias.com.br\/#website"},"primaryImageOfPage":{"@id":"https:\/\/jornalfatosenoticias.com.br\/index.php\/2025\/04\/07\/aves-ficam-mais-agressivas-por-conta-do-barulho-do-transito-aponta-estudo\/#primaryimage"},"image":{"@id":"https:\/\/jornalfatosenoticias.com.br\/index.php\/2025\/04\/07\/aves-ficam-mais-agressivas-por-conta-do-barulho-do-transito-aponta-estudo\/#primaryimage"},"thumbnailUrl":"https:\/\/jornalfatosenoticias.com.br\/wp-content\/uploads\/2025\/04\/passaros-estressados_freepik.jpg","datePublished":"2025-04-07T20:59:28+00:00","dateModified":"2025-04-07T20:59:29+00:00","breadcrumb":{"@id":"https:\/\/jornalfatosenoticias.com.br\/index.php\/2025\/04\/07\/aves-ficam-mais-agressivas-por-conta-do-barulho-do-transito-aponta-estudo\/#breadcrumb"},"inLanguage":"pt-BR","potentialAction":[{"@type":"ReadAction","target":["https:\/\/jornalfatosenoticias.com.br\/index.php\/2025\/04\/07\/aves-ficam-mais-agressivas-por-conta-do-barulho-do-transito-aponta-estudo\/"]}]},{"@type":"ImageObject","inLanguage":"pt-BR","@id":"https:\/\/jornalfatosenoticias.com.br\/index.php\/2025\/04\/07\/aves-ficam-mais-agressivas-por-conta-do-barulho-do-transito-aponta-estudo\/#primaryimage","url":"https:\/\/jornalfatosenoticias.com.br\/wp-content\/uploads\/2025\/04\/passaros-estressados_freepik.jpg","contentUrl":"https:\/\/jornalfatosenoticias.com.br\/wp-content\/uploads\/2025\/04\/passaros-estressados_freepik.jpg","width":1000,"height":616,"caption":"Yellow warbler (Setophaga petechia) shot off the Boardwalk during Spring migration at Magee Marsh Wildlife Area in Oak Harbor, Oh"},{"@type":"BreadcrumbList","@id":"https:\/\/jornalfatosenoticias.com.br\/index.php\/2025\/04\/07\/aves-ficam-mais-agressivas-por-conta-do-barulho-do-transito-aponta-estudo\/#breadcrumb","itemListElement":[{"@type":"ListItem","position":1,"name":"In\u00edcio","item":"https:\/\/jornalfatosenoticias.com.br\/"},{"@type":"ListItem","position":2,"name":"Aves ficam mais agressivas por conta do barulho do tr\u00e2nsito, aponta estudo"}]},{"@type":"WebSite","@id":"https:\/\/jornalfatosenoticias.com.br\/#website","url":"https:\/\/jornalfatosenoticias.com.br\/","name":"Jornal Fatos e Not\u00edcias","description":"Not\u00edcias em geral","publisher":{"@id":"https:\/\/jornalfatosenoticias.com.br\/#organization"},"potentialAction":[{"@type":"SearchAction","target":{"@type":"EntryPoint","urlTemplate":"https:\/\/jornalfatosenoticias.com.br\/?s={search_term_string}"},"query-input":{"@type":"PropertyValueSpecification","valueRequired":true,"valueName":"search_term_string"}}],"inLanguage":"pt-BR"},{"@type":"Organization","@id":"https:\/\/jornalfatosenoticias.com.br\/#organization","name":"Jornal Fatos e Not\u00edcias","url":"https:\/\/jornalfatosenoticias.com.br\/","logo":{"@type":"ImageObject","inLanguage":"pt-BR","@id":"https:\/\/jornalfatosenoticias.com.br\/#\/schema\/logo\/image\/","url":"https:\/\/jornalfatosenoticias.com.br\/wp-content\/uploads\/2020\/02\/logo120.png","contentUrl":"https:\/\/jornalfatosenoticias.com.br\/wp-content\/uploads\/2020\/02\/logo120.png","width":1227,"height":120,"caption":"Jornal Fatos e Not\u00edcias"},"image":{"@id":"https:\/\/jornalfatosenoticias.com.br\/#\/schema\/logo\/image\/"}},{"@type":"Person","@id":"https:\/\/jornalfatosenoticias.com.br\/#\/schema\/person\/d63837fa13ac8666eb9e74e0985d6f81","name":"Luzimara Fernandes","image":{"@type":"ImageObject","inLanguage":"pt-BR","@id":"https:\/\/jornalfatosenoticias.com.br\/#\/schema\/person\/image\/","url":"https:\/\/jornalfatosenoticias.com.br\/wp-content\/uploads\/2025\/05\/EU_portal.jpg","contentUrl":"https:\/\/jornalfatosenoticias.com.br\/wp-content\/uploads\/2025\/05\/EU_portal.jpg","caption":"Luzimara Fernandes"},"description":"Jornalista MTB 2358-ES","sameAs":["https:\/\/jornalfatosenoticias.com.br"],"url":"https:\/\/jornalfatosenoticias.com.br\/index.php\/author\/luzimara\/"}]}},"cc_featured_image_caption":{"caption_text":"(Foto: Freepik)","source_text":"","source_url":""},"jetpack_featured_media_url":"https:\/\/jornalfatosenoticias.com.br\/wp-content\/uploads\/2025\/04\/passaros-estressados_freepik.jpg","_links":{"self":[{"href":"https:\/\/jornalfatosenoticias.com.br\/index.php\/wp-json\/wp\/v2\/posts\/58339","targetHints":{"allow":["GET"]}}],"collection":[{"href":"https:\/\/jornalfatosenoticias.com.br\/index.php\/wp-json\/wp\/v2\/posts"}],"about":[{"href":"https:\/\/jornalfatosenoticias.com.br\/index.php\/wp-json\/wp\/v2\/types\/post"}],"author":[{"embeddable":true,"href":"https:\/\/jornalfatosenoticias.com.br\/index.php\/wp-json\/wp\/v2\/users\/2"}],"replies":[{"embeddable":true,"href":"https:\/\/jornalfatosenoticias.com.br\/index.php\/wp-json\/wp\/v2\/comments?post=58339"}],"version-history":[{"count":0,"href":"https:\/\/jornalfatosenoticias.com.br\/index.php\/wp-json\/wp\/v2\/posts\/58339\/revisions"}],"wp:featuredmedia":[{"embeddable":true,"href":"https:\/\/jornalfatosenoticias.com.br\/index.php\/wp-json\/wp\/v2\/media\/58340"}],"wp:attachment":[{"href":"https:\/\/jornalfatosenoticias.com.br\/index.php\/wp-json\/wp\/v2\/media?parent=58339"}],"wp:term":[{"taxonomy":"category","embeddable":true,"href":"https:\/\/jornalfatosenoticias.com.br\/index.php\/wp-json\/wp\/v2\/categories?post=58339"},{"taxonomy":"post_tag","embeddable":true,"href":"https:\/\/jornalfatosenoticias.com.br\/index.php\/wp-json\/wp\/v2\/tags?post=58339"}],"curies":[{"name":"wp","href":"https:\/\/api.w.org\/{rel}","templated":true}]}}