{"id":5835,"date":"2020-06-24T12:00:13","date_gmt":"2020-06-24T15:00:13","guid":{"rendered":"https:\/\/jornalfatosenoticias.com.br\/?p=5835"},"modified":"2020-06-24T12:00:15","modified_gmt":"2020-06-24T15:00:15","slug":"bolsonaro-sanciona-lei-que-permite-doacao-de-refeicoes-nao-vendidas","status":"publish","type":"post","link":"https:\/\/jornalfatosenoticias.com.br\/index.php\/2020\/06\/24\/bolsonaro-sanciona-lei-que-permite-doacao-de-refeicoes-nao-vendidas\/","title":{"rendered":"Bolsonaro sanciona lei que permite doa\u00e7\u00e3o de refei\u00e7\u00f5es n\u00e3o vendidas"},"content":{"rendered":"\n<h6 class=\"wp-block-heading\"><em>A doa\u00e7\u00e3o dever\u00e1 ser gratuita e n\u00e3o configurar\u00e1 rela\u00e7\u00e3o de consumo<\/em><\/h6>\n\n\n\n<p>O presidente Jair Bolsonaro sancionou a <a rel=\"noreferrer noopener\" href=\"http:\/\/www.in.gov.br\/en\/web\/dou\/-\/lei-n-14.016-de-23-de-junho-de-2020-263187111\" target=\"_blank\">Lei n\u00ba 14.016\/2020<\/a> que autoriza a doa\u00e7\u00e3o de alimentos e refei\u00e7\u00f5es n\u00e3o comercializados por parte de supermercados, restaurantes e outros estabelecimentos. A <a rel=\"noreferrer noopener\" href=\"https:\/\/agenciabrasil.ebc.com.br\/geral\/noticia\/2020-06\/senado-aprova-em-definitivo-projeto-de-doacao-de-refeicoes-nao-vendida\" target=\"_blank\">medida foi aprovada no in\u00edcio do m\u00eas pelo Congresso<\/a>\u00a0e publicada hoje (24) no Di\u00e1rio Oficial da Uni\u00e3o.<br>A lei estabelece que a doa\u00e7\u00e3o pode ser de alimentos in natura, produtos industrializados e refei\u00e7\u00f5es prontas, todos ainda pr\u00f3prios para o consumo humano; que os itens devem estar dentro do prazo de validade e em condi\u00e7\u00f5es de conserva\u00e7\u00e3o especificadas pelo fabricante, quando aplic\u00e1vel, e a integridade e seguran\u00e7a sanit\u00e1ria n\u00e3o podem ter sido comprometidas, mesmo que haja danos \u00e0 sua embalagem.<br>Ainda segundo a lei, para serem doados, as propriedades nutricionais dos alimentos devem ter sido mantidas, ainda que tenham sofrido dano parcial ou apresentem aspecto comercialmente indesej\u00e1vel.<br>A medida abrange empresas, hospitais, supermercados, cooperativas, restaurantes, lanchonetes e todos os estabelecimentos que forne\u00e7am alimentos prontos para o consumo de trabalhadores, de empregados, de colaboradores, de parceiros, de pacientes e de clientes em geral.<br>A doa\u00e7\u00e3o dever\u00e1 ser gratuita e, em nenhuma hip\u00f3tese, configurar\u00e1 rela\u00e7\u00e3o de consumo. A lei prev\u00ea que sejam beneficiadas pessoas, fam\u00edlias ou grupos em situa\u00e7\u00e3o de vulnerabilidade ou de risco alimentar ou nutricional. Pelo texto, essa doa\u00e7\u00e3o poder\u00e1 ser feita diretamente, em colabora\u00e7\u00e3o com o poder p\u00fablico, ou por meio de bancos de alimentos, de outras entidades beneficentes de assist\u00eancia social certificadas ou de entidades religiosas.<br>A lei estabelece ainda que, caso os alimentos doados causem danos, tanto o doador como o intermedi\u00e1rio somente ser\u00e3o responsabilizados, nas esferas civil e administrativa, se tiverem agido com essa inten\u00e7\u00e3o. J\u00e1 na esfera penal, eles ser\u00e3o responsabilizados somente se comprovado, no momento da primeira entrega, ainda que esta n\u00e3o seja feita ao consumidor final, a inten\u00e7\u00e3o espec\u00edfica de causar danos \u00e0 sa\u00fade de outros.<br>De acordo com a lei, durante a pandemia da covid-19 o governo federal dever\u00e1 comprar alimentos preferencialmente de agricultores familiares e pescadores artesanais que n\u00e3o podem vender sua produ\u00e7\u00e3o de forma direta em raz\u00e3o da suspens\u00e3o de funcionamento de feiras e outros equipamentos de comercializa\u00e7\u00e3o.<br>Em nota, a Secretaria-Geral da Presid\u00eancia da Rep\u00fablica explicou que, al\u00e9m de combater o desperd\u00edcio de alimentos, a medida tem o objetivo de \u201ccombater a fome e a desnutri\u00e7\u00e3o, valorizar a responsabilidade social e a solidariedade entre os brasileiros e auxiliar a supera\u00e7\u00e3o da crise econ\u00f4mica e social gerada pela atual pandemia\u201d.<\/p>\n\n\n\n<p><strong><em>Fonte: <a href=\"https:\/\/agenciabrasil.ebc.com.br\/geral\/noticia\/2020-06\/bolsonaro-sanciona-lei-que-permite-doacao-de-refeicoes-nao-vendidas\">Ag\u00eancia Brasil<\/a><\/em><\/strong><\/p>\n","protected":false},"excerpt":{"rendered":"<p>A doa\u00e7\u00e3o dever\u00e1 ser gratuita e n\u00e3o configurar\u00e1 rela\u00e7\u00e3o de consumo O presidente Jair Bolsonaro sancionou a Lei n\u00ba 14.016\/2020 que autoriza a doa\u00e7\u00e3o de alimentos e refei\u00e7\u00f5es n\u00e3o comercializados por parte de supermercados, restaurantes e outros estabelecimentos. A medida foi aprovada no in\u00edcio do m\u00eas pelo Congresso\u00a0e publicada hoje (24) no Di\u00e1rio Oficial da [&hellip;]<\/p>\n","protected":false},"author":2,"featured_media":5836,"comment_status":"open","ping_status":"open","sticky":false,"template":"","format":"standard","meta":{"footnotes":""},"categories":[5],"tags":[3502,1795,3503],"class_list":["post-5835","post","type-post","status-publish","format-standard","has-post-thumbnail","hentry","category-geral","tag-doacao-de-alimentos","tag-jair-bolsonaro","tag-restaurantes"],"yoast_head":"<!-- This site is optimized with the Yoast SEO plugin v26.5 - https:\/\/yoast.com\/wordpress\/plugins\/seo\/ -->\n<title>Bolsonaro sanciona lei que permite doa\u00e7\u00e3o de refei\u00e7\u00f5es n\u00e3o vendidas - Jornal Fatos e Not\u00edcias<\/title>\n<meta name=\"robots\" content=\"index, follow, max-snippet:-1, max-image-preview:large, max-video-preview:-1\" \/>\n<link rel=\"canonical\" href=\"https:\/\/jornalfatosenoticias.com.br\/index.php\/2020\/06\/24\/bolsonaro-sanciona-lei-que-permite-doacao-de-refeicoes-nao-vendidas\/\" \/>\n<meta property=\"og:locale\" content=\"pt_BR\" \/>\n<meta property=\"og:type\" content=\"article\" \/>\n<meta property=\"og:title\" content=\"Bolsonaro sanciona lei que permite doa\u00e7\u00e3o de refei\u00e7\u00f5es n\u00e3o vendidas - Jornal Fatos e Not\u00edcias\" \/>\n<meta property=\"og:description\" content=\"A doa\u00e7\u00e3o dever\u00e1 ser gratuita e n\u00e3o configurar\u00e1 rela\u00e7\u00e3o de consumo O presidente Jair Bolsonaro sancionou a Lei n\u00ba 14.016\/2020 que autoriza a doa\u00e7\u00e3o de alimentos e refei\u00e7\u00f5es n\u00e3o comercializados por parte de supermercados, restaurantes e outros estabelecimentos. A medida foi aprovada no in\u00edcio do m\u00eas pelo Congresso\u00a0e publicada hoje (24) no Di\u00e1rio Oficial da [&hellip;]\" \/>\n<meta property=\"og:url\" content=\"https:\/\/jornalfatosenoticias.com.br\/index.php\/2020\/06\/24\/bolsonaro-sanciona-lei-que-permite-doacao-de-refeicoes-nao-vendidas\/\" \/>\n<meta property=\"og:site_name\" content=\"Jornal Fatos e Not\u00edcias\" \/>\n<meta property=\"article:published_time\" content=\"2020-06-24T15:00:13+00:00\" \/>\n<meta property=\"article:modified_time\" content=\"2020-06-24T15:00:15+00:00\" \/>\n<meta property=\"og:image\" content=\"https:\/\/jornalfatosenoticias.com.br\/wp-content\/uploads\/2020\/06\/feijao.jpg\" \/>\n\t<meta property=\"og:image:width\" content=\"1000\" \/>\n\t<meta property=\"og:image:height\" content=\"598\" \/>\n\t<meta property=\"og:image:type\" content=\"image\/jpeg\" \/>\n<meta name=\"author\" content=\"Luzimara Fernandes\" \/>\n<meta name=\"twitter:card\" content=\"summary_large_image\" \/>\n<meta name=\"twitter:label1\" content=\"Escrito por\" \/>\n\t<meta name=\"twitter:data1\" content=\"Luzimara Fernandes\" \/>\n\t<meta name=\"twitter:label2\" content=\"Est. tempo de leitura\" \/>\n\t<meta name=\"twitter:data2\" content=\"2 minutos\" \/>\n<script type=\"application\/ld+json\" class=\"yoast-schema-graph\">{\"@context\":\"https:\/\/schema.org\",\"@graph\":[{\"@type\":\"Article\",\"@id\":\"https:\/\/jornalfatosenoticias.com.br\/index.php\/2020\/06\/24\/bolsonaro-sanciona-lei-que-permite-doacao-de-refeicoes-nao-vendidas\/#article\",\"isPartOf\":{\"@id\":\"https:\/\/jornalfatosenoticias.com.br\/index.php\/2020\/06\/24\/bolsonaro-sanciona-lei-que-permite-doacao-de-refeicoes-nao-vendidas\/\"},\"author\":{\"name\":\"Luzimara Fernandes\",\"@id\":\"https:\/\/jornalfatosenoticias.com.br\/#\/schema\/person\/d63837fa13ac8666eb9e74e0985d6f81\"},\"headline\":\"Bolsonaro sanciona lei que permite doa\u00e7\u00e3o de refei\u00e7\u00f5es n\u00e3o vendidas\",\"datePublished\":\"2020-06-24T15:00:13+00:00\",\"dateModified\":\"2020-06-24T15:00:15+00:00\",\"mainEntityOfPage\":{\"@id\":\"https:\/\/jornalfatosenoticias.com.br\/index.php\/2020\/06\/24\/bolsonaro-sanciona-lei-que-permite-doacao-de-refeicoes-nao-vendidas\/\"},\"wordCount\":472,\"commentCount\":0,\"publisher\":{\"@id\":\"https:\/\/jornalfatosenoticias.com.br\/#organization\"},\"image\":{\"@id\":\"https:\/\/jornalfatosenoticias.com.br\/index.php\/2020\/06\/24\/bolsonaro-sanciona-lei-que-permite-doacao-de-refeicoes-nao-vendidas\/#primaryimage\"},\"thumbnailUrl\":\"https:\/\/jornalfatosenoticias.com.br\/wp-content\/uploads\/2020\/06\/feijao.jpg\",\"keywords\":[\"doa\u00e7\u00e3o de alimentos\",\"Jair Bolsonaro\",\"restaurantes\"],\"articleSection\":[\"Geral\"],\"inLanguage\":\"pt-BR\",\"potentialAction\":[{\"@type\":\"CommentAction\",\"name\":\"Comment\",\"target\":[\"https:\/\/jornalfatosenoticias.com.br\/index.php\/2020\/06\/24\/bolsonaro-sanciona-lei-que-permite-doacao-de-refeicoes-nao-vendidas\/#respond\"]}]},{\"@type\":\"WebPage\",\"@id\":\"https:\/\/jornalfatosenoticias.com.br\/index.php\/2020\/06\/24\/bolsonaro-sanciona-lei-que-permite-doacao-de-refeicoes-nao-vendidas\/\",\"url\":\"https:\/\/jornalfatosenoticias.com.br\/index.php\/2020\/06\/24\/bolsonaro-sanciona-lei-que-permite-doacao-de-refeicoes-nao-vendidas\/\",\"name\":\"Bolsonaro sanciona lei que permite doa\u00e7\u00e3o de refei\u00e7\u00f5es n\u00e3o vendidas - Jornal Fatos e Not\u00edcias\",\"isPartOf\":{\"@id\":\"https:\/\/jornalfatosenoticias.com.br\/#website\"},\"primaryImageOfPage\":{\"@id\":\"https:\/\/jornalfatosenoticias.com.br\/index.php\/2020\/06\/24\/bolsonaro-sanciona-lei-que-permite-doacao-de-refeicoes-nao-vendidas\/#primaryimage\"},\"image\":{\"@id\":\"https:\/\/jornalfatosenoticias.com.br\/index.php\/2020\/06\/24\/bolsonaro-sanciona-lei-que-permite-doacao-de-refeicoes-nao-vendidas\/#primaryimage\"},\"thumbnailUrl\":\"https:\/\/jornalfatosenoticias.com.br\/wp-content\/uploads\/2020\/06\/feijao.jpg\",\"datePublished\":\"2020-06-24T15:00:13+00:00\",\"dateModified\":\"2020-06-24T15:00:15+00:00\",\"breadcrumb\":{\"@id\":\"https:\/\/jornalfatosenoticias.com.br\/index.php\/2020\/06\/24\/bolsonaro-sanciona-lei-que-permite-doacao-de-refeicoes-nao-vendidas\/#breadcrumb\"},\"inLanguage\":\"pt-BR\",\"potentialAction\":[{\"@type\":\"ReadAction\",\"target\":[\"https:\/\/jornalfatosenoticias.com.br\/index.php\/2020\/06\/24\/bolsonaro-sanciona-lei-que-permite-doacao-de-refeicoes-nao-vendidas\/\"]}]},{\"@type\":\"ImageObject\",\"inLanguage\":\"pt-BR\",\"@id\":\"https:\/\/jornalfatosenoticias.com.br\/index.php\/2020\/06\/24\/bolsonaro-sanciona-lei-que-permite-doacao-de-refeicoes-nao-vendidas\/#primaryimage\",\"url\":\"https:\/\/jornalfatosenoticias.com.br\/wp-content\/uploads\/2020\/06\/feijao.jpg\",\"contentUrl\":\"https:\/\/jornalfatosenoticias.com.br\/wp-content\/uploads\/2020\/06\/feijao.jpg\",\"width\":1000,\"height\":598},{\"@type\":\"BreadcrumbList\",\"@id\":\"https:\/\/jornalfatosenoticias.com.br\/index.php\/2020\/06\/24\/bolsonaro-sanciona-lei-que-permite-doacao-de-refeicoes-nao-vendidas\/#breadcrumb\",\"itemListElement\":[{\"@type\":\"ListItem\",\"position\":1,\"name\":\"In\u00edcio\",\"item\":\"https:\/\/jornalfatosenoticias.com.br\/\"},{\"@type\":\"ListItem\",\"position\":2,\"name\":\"Bolsonaro sanciona lei que permite doa\u00e7\u00e3o de refei\u00e7\u00f5es n\u00e3o vendidas\"}]},{\"@type\":\"WebSite\",\"@id\":\"https:\/\/jornalfatosenoticias.com.br\/#website\",\"url\":\"https:\/\/jornalfatosenoticias.com.br\/\",\"name\":\"Jornal Fatos e Not\u00edcias\",\"description\":\"Not\u00edcias em geral\",\"publisher\":{\"@id\":\"https:\/\/jornalfatosenoticias.com.br\/#organization\"},\"potentialAction\":[{\"@type\":\"SearchAction\",\"target\":{\"@type\":\"EntryPoint\",\"urlTemplate\":\"https:\/\/jornalfatosenoticias.com.br\/?s={search_term_string}\"},\"query-input\":{\"@type\":\"PropertyValueSpecification\",\"valueRequired\":true,\"valueName\":\"search_term_string\"}}],\"inLanguage\":\"pt-BR\"},{\"@type\":\"Organization\",\"@id\":\"https:\/\/jornalfatosenoticias.com.br\/#organization\",\"name\":\"Jornal Fatos e Not\u00edcias\",\"url\":\"https:\/\/jornalfatosenoticias.com.br\/\",\"logo\":{\"@type\":\"ImageObject\",\"inLanguage\":\"pt-BR\",\"@id\":\"https:\/\/jornalfatosenoticias.com.br\/#\/schema\/logo\/image\/\",\"url\":\"https:\/\/jornalfatosenoticias.com.br\/wp-content\/uploads\/2020\/02\/logo120.png\",\"contentUrl\":\"https:\/\/jornalfatosenoticias.com.br\/wp-content\/uploads\/2020\/02\/logo120.png\",\"width\":1227,\"height\":120,\"caption\":\"Jornal Fatos e Not\u00edcias\"},\"image\":{\"@id\":\"https:\/\/jornalfatosenoticias.com.br\/#\/schema\/logo\/image\/\"}},{\"@type\":\"Person\",\"@id\":\"https:\/\/jornalfatosenoticias.com.br\/#\/schema\/person\/d63837fa13ac8666eb9e74e0985d6f81\",\"name\":\"Luzimara Fernandes\",\"image\":{\"@type\":\"ImageObject\",\"inLanguage\":\"pt-BR\",\"@id\":\"https:\/\/jornalfatosenoticias.com.br\/#\/schema\/person\/image\/\",\"url\":\"https:\/\/jornalfatosenoticias.com.br\/wp-content\/uploads\/2025\/05\/EU_portal.jpg\",\"contentUrl\":\"https:\/\/jornalfatosenoticias.com.br\/wp-content\/uploads\/2025\/05\/EU_portal.jpg\",\"caption\":\"Luzimara Fernandes\"},\"description\":\"Jornalista MTB 2358-ES\",\"sameAs\":[\"https:\/\/jornalfatosenoticias.com.br\"],\"url\":\"https:\/\/jornalfatosenoticias.com.br\/index.php\/author\/luzimara\/\"}]}<\/script>\n<!-- \/ Yoast SEO plugin. -->","yoast_head_json":{"title":"Bolsonaro sanciona lei que permite doa\u00e7\u00e3o de refei\u00e7\u00f5es n\u00e3o vendidas - Jornal Fatos e Not\u00edcias","robots":{"index":"index","follow":"follow","max-snippet":"max-snippet:-1","max-image-preview":"max-image-preview:large","max-video-preview":"max-video-preview:-1"},"canonical":"https:\/\/jornalfatosenoticias.com.br\/index.php\/2020\/06\/24\/bolsonaro-sanciona-lei-que-permite-doacao-de-refeicoes-nao-vendidas\/","og_locale":"pt_BR","og_type":"article","og_title":"Bolsonaro sanciona lei que permite doa\u00e7\u00e3o de refei\u00e7\u00f5es n\u00e3o vendidas - Jornal Fatos e Not\u00edcias","og_description":"A doa\u00e7\u00e3o dever\u00e1 ser gratuita e n\u00e3o configurar\u00e1 rela\u00e7\u00e3o de consumo O presidente Jair Bolsonaro sancionou a Lei n\u00ba 14.016\/2020 que autoriza a doa\u00e7\u00e3o de alimentos e refei\u00e7\u00f5es n\u00e3o comercializados por parte de supermercados, restaurantes e outros estabelecimentos. A medida foi aprovada no in\u00edcio do m\u00eas pelo Congresso\u00a0e publicada hoje (24) no Di\u00e1rio Oficial da [&hellip;]","og_url":"https:\/\/jornalfatosenoticias.com.br\/index.php\/2020\/06\/24\/bolsonaro-sanciona-lei-que-permite-doacao-de-refeicoes-nao-vendidas\/","og_site_name":"Jornal Fatos e Not\u00edcias","article_published_time":"2020-06-24T15:00:13+00:00","article_modified_time":"2020-06-24T15:00:15+00:00","og_image":[{"width":1000,"height":598,"url":"https:\/\/jornalfatosenoticias.com.br\/wp-content\/uploads\/2020\/06\/feijao.jpg","type":"image\/jpeg"}],"author":"Luzimara Fernandes","twitter_card":"summary_large_image","twitter_misc":{"Escrito por":"Luzimara Fernandes","Est. tempo de leitura":"2 minutos"},"schema":{"@context":"https:\/\/schema.org","@graph":[{"@type":"Article","@id":"https:\/\/jornalfatosenoticias.com.br\/index.php\/2020\/06\/24\/bolsonaro-sanciona-lei-que-permite-doacao-de-refeicoes-nao-vendidas\/#article","isPartOf":{"@id":"https:\/\/jornalfatosenoticias.com.br\/index.php\/2020\/06\/24\/bolsonaro-sanciona-lei-que-permite-doacao-de-refeicoes-nao-vendidas\/"},"author":{"name":"Luzimara Fernandes","@id":"https:\/\/jornalfatosenoticias.com.br\/#\/schema\/person\/d63837fa13ac8666eb9e74e0985d6f81"},"headline":"Bolsonaro sanciona lei que permite doa\u00e7\u00e3o de refei\u00e7\u00f5es n\u00e3o vendidas","datePublished":"2020-06-24T15:00:13+00:00","dateModified":"2020-06-24T15:00:15+00:00","mainEntityOfPage":{"@id":"https:\/\/jornalfatosenoticias.com.br\/index.php\/2020\/06\/24\/bolsonaro-sanciona-lei-que-permite-doacao-de-refeicoes-nao-vendidas\/"},"wordCount":472,"commentCount":0,"publisher":{"@id":"https:\/\/jornalfatosenoticias.com.br\/#organization"},"image":{"@id":"https:\/\/jornalfatosenoticias.com.br\/index.php\/2020\/06\/24\/bolsonaro-sanciona-lei-que-permite-doacao-de-refeicoes-nao-vendidas\/#primaryimage"},"thumbnailUrl":"https:\/\/jornalfatosenoticias.com.br\/wp-content\/uploads\/2020\/06\/feijao.jpg","keywords":["doa\u00e7\u00e3o de alimentos","Jair Bolsonaro","restaurantes"],"articleSection":["Geral"],"inLanguage":"pt-BR","potentialAction":[{"@type":"CommentAction","name":"Comment","target":["https:\/\/jornalfatosenoticias.com.br\/index.php\/2020\/06\/24\/bolsonaro-sanciona-lei-que-permite-doacao-de-refeicoes-nao-vendidas\/#respond"]}]},{"@type":"WebPage","@id":"https:\/\/jornalfatosenoticias.com.br\/index.php\/2020\/06\/24\/bolsonaro-sanciona-lei-que-permite-doacao-de-refeicoes-nao-vendidas\/","url":"https:\/\/jornalfatosenoticias.com.br\/index.php\/2020\/06\/24\/bolsonaro-sanciona-lei-que-permite-doacao-de-refeicoes-nao-vendidas\/","name":"Bolsonaro sanciona lei que permite doa\u00e7\u00e3o de refei\u00e7\u00f5es n\u00e3o vendidas - Jornal Fatos e Not\u00edcias","isPartOf":{"@id":"https:\/\/jornalfatosenoticias.com.br\/#website"},"primaryImageOfPage":{"@id":"https:\/\/jornalfatosenoticias.com.br\/index.php\/2020\/06\/24\/bolsonaro-sanciona-lei-que-permite-doacao-de-refeicoes-nao-vendidas\/#primaryimage"},"image":{"@id":"https:\/\/jornalfatosenoticias.com.br\/index.php\/2020\/06\/24\/bolsonaro-sanciona-lei-que-permite-doacao-de-refeicoes-nao-vendidas\/#primaryimage"},"thumbnailUrl":"https:\/\/jornalfatosenoticias.com.br\/wp-content\/uploads\/2020\/06\/feijao.jpg","datePublished":"2020-06-24T15:00:13+00:00","dateModified":"2020-06-24T15:00:15+00:00","breadcrumb":{"@id":"https:\/\/jornalfatosenoticias.com.br\/index.php\/2020\/06\/24\/bolsonaro-sanciona-lei-que-permite-doacao-de-refeicoes-nao-vendidas\/#breadcrumb"},"inLanguage":"pt-BR","potentialAction":[{"@type":"ReadAction","target":["https:\/\/jornalfatosenoticias.com.br\/index.php\/2020\/06\/24\/bolsonaro-sanciona-lei-que-permite-doacao-de-refeicoes-nao-vendidas\/"]}]},{"@type":"ImageObject","inLanguage":"pt-BR","@id":"https:\/\/jornalfatosenoticias.com.br\/index.php\/2020\/06\/24\/bolsonaro-sanciona-lei-que-permite-doacao-de-refeicoes-nao-vendidas\/#primaryimage","url":"https:\/\/jornalfatosenoticias.com.br\/wp-content\/uploads\/2020\/06\/feijao.jpg","contentUrl":"https:\/\/jornalfatosenoticias.com.br\/wp-content\/uploads\/2020\/06\/feijao.jpg","width":1000,"height":598},{"@type":"BreadcrumbList","@id":"https:\/\/jornalfatosenoticias.com.br\/index.php\/2020\/06\/24\/bolsonaro-sanciona-lei-que-permite-doacao-de-refeicoes-nao-vendidas\/#breadcrumb","itemListElement":[{"@type":"ListItem","position":1,"name":"In\u00edcio","item":"https:\/\/jornalfatosenoticias.com.br\/"},{"@type":"ListItem","position":2,"name":"Bolsonaro sanciona lei que permite doa\u00e7\u00e3o de refei\u00e7\u00f5es n\u00e3o vendidas"}]},{"@type":"WebSite","@id":"https:\/\/jornalfatosenoticias.com.br\/#website","url":"https:\/\/jornalfatosenoticias.com.br\/","name":"Jornal Fatos e Not\u00edcias","description":"Not\u00edcias em geral","publisher":{"@id":"https:\/\/jornalfatosenoticias.com.br\/#organization"},"potentialAction":[{"@type":"SearchAction","target":{"@type":"EntryPoint","urlTemplate":"https:\/\/jornalfatosenoticias.com.br\/?s={search_term_string}"},"query-input":{"@type":"PropertyValueSpecification","valueRequired":true,"valueName":"search_term_string"}}],"inLanguage":"pt-BR"},{"@type":"Organization","@id":"https:\/\/jornalfatosenoticias.com.br\/#organization","name":"Jornal Fatos e Not\u00edcias","url":"https:\/\/jornalfatosenoticias.com.br\/","logo":{"@type":"ImageObject","inLanguage":"pt-BR","@id":"https:\/\/jornalfatosenoticias.com.br\/#\/schema\/logo\/image\/","url":"https:\/\/jornalfatosenoticias.com.br\/wp-content\/uploads\/2020\/02\/logo120.png","contentUrl":"https:\/\/jornalfatosenoticias.com.br\/wp-content\/uploads\/2020\/02\/logo120.png","width":1227,"height":120,"caption":"Jornal Fatos e Not\u00edcias"},"image":{"@id":"https:\/\/jornalfatosenoticias.com.br\/#\/schema\/logo\/image\/"}},{"@type":"Person","@id":"https:\/\/jornalfatosenoticias.com.br\/#\/schema\/person\/d63837fa13ac8666eb9e74e0985d6f81","name":"Luzimara Fernandes","image":{"@type":"ImageObject","inLanguage":"pt-BR","@id":"https:\/\/jornalfatosenoticias.com.br\/#\/schema\/person\/image\/","url":"https:\/\/jornalfatosenoticias.com.br\/wp-content\/uploads\/2025\/05\/EU_portal.jpg","contentUrl":"https:\/\/jornalfatosenoticias.com.br\/wp-content\/uploads\/2025\/05\/EU_portal.jpg","caption":"Luzimara Fernandes"},"description":"Jornalista MTB 2358-ES","sameAs":["https:\/\/jornalfatosenoticias.com.br"],"url":"https:\/\/jornalfatosenoticias.com.br\/index.php\/author\/luzimara\/"}]}},"cc_featured_image_caption":{"caption_text":"(Foto: Ant\u00f4nio Cruz\/Ag\u00eancia Brasil)","source_text":"","source_url":""},"jetpack_featured_media_url":"https:\/\/jornalfatosenoticias.com.br\/wp-content\/uploads\/2020\/06\/feijao.jpg","_links":{"self":[{"href":"https:\/\/jornalfatosenoticias.com.br\/index.php\/wp-json\/wp\/v2\/posts\/5835","targetHints":{"allow":["GET"]}}],"collection":[{"href":"https:\/\/jornalfatosenoticias.com.br\/index.php\/wp-json\/wp\/v2\/posts"}],"about":[{"href":"https:\/\/jornalfatosenoticias.com.br\/index.php\/wp-json\/wp\/v2\/types\/post"}],"author":[{"embeddable":true,"href":"https:\/\/jornalfatosenoticias.com.br\/index.php\/wp-json\/wp\/v2\/users\/2"}],"replies":[{"embeddable":true,"href":"https:\/\/jornalfatosenoticias.com.br\/index.php\/wp-json\/wp\/v2\/comments?post=5835"}],"version-history":[{"count":0,"href":"https:\/\/jornalfatosenoticias.com.br\/index.php\/wp-json\/wp\/v2\/posts\/5835\/revisions"}],"wp:featuredmedia":[{"embeddable":true,"href":"https:\/\/jornalfatosenoticias.com.br\/index.php\/wp-json\/wp\/v2\/media\/5836"}],"wp:attachment":[{"href":"https:\/\/jornalfatosenoticias.com.br\/index.php\/wp-json\/wp\/v2\/media?parent=5835"}],"wp:term":[{"taxonomy":"category","embeddable":true,"href":"https:\/\/jornalfatosenoticias.com.br\/index.php\/wp-json\/wp\/v2\/categories?post=5835"},{"taxonomy":"post_tag","embeddable":true,"href":"https:\/\/jornalfatosenoticias.com.br\/index.php\/wp-json\/wp\/v2\/tags?post=5835"}],"curies":[{"name":"wp","href":"https:\/\/api.w.org\/{rel}","templated":true}]}}