{"id":58360,"date":"2025-04-08T10:39:34","date_gmt":"2025-04-08T13:39:34","guid":{"rendered":"https:\/\/jornalfatosenoticias.com.br\/?p=58360"},"modified":"2025-04-08T10:39:36","modified_gmt":"2025-04-08T13:39:36","slug":"lobo-terrivel-sofre-processo-de-desextincao-e-e-revivido-apos-10-mil-anos","status":"publish","type":"post","link":"https:\/\/jornalfatosenoticias.com.br\/index.php\/2025\/04\/08\/lobo-terrivel-sofre-processo-de-desextincao-e-e-revivido-apos-10-mil-anos\/","title":{"rendered":"Lobo-terr\u00edvel sofre processo de &#8216;desextin\u00e7\u00e3o&#8217; e \u00e9 revivido ap\u00f3s 10 mil anos"},"content":{"rendered":"\n<p><em><span class=\"has-inline-color has-black-color\">Esp\u00e9cie nativa da Am\u00e9rica do Norte, coexistiu com os primeiros humanos e desapareceu h\u00e1 cerca de 10 mil anos<\/span><\/em><\/p>\n\n\n\n<p><span class=\"has-inline-color has-black-color\">Por <strong>Felipe Sales Gomes<\/strong><\/span><\/p>\n\n\n\n<div class=\"wp-block-image\"><figure class=\"aligncenter size-large\"><a href=\"https:\/\/mizu.com.br\/\"><img loading=\"lazy\" decoding=\"async\" width=\"729\" height=\"90\" src=\"https:\/\/jornalfatosenoticias.com.br\/wp-content\/uploads\/2020\/02\/Logo_Mizu.png\" alt=\"\" class=\"wp-image-1441\" srcset=\"https:\/\/jornalfatosenoticias.com.br\/wp-content\/uploads\/2020\/02\/Logo_Mizu.png 729w, https:\/\/jornalfatosenoticias.com.br\/wp-content\/uploads\/2020\/02\/Logo_Mizu-300x37.png 300w\" sizes=\"auto, (max-width: 729px) 100vw, 729px\" \/><\/a><\/figure><\/div>\n\n\n\n<p>A Colossal Biosciences, empresa conhecida por sua ambiciosa meta de <strong><a href=\"https:\/\/aventurasnahistoria.com.br\/noticias\/historia-hoje\/bebe-mamute-de-130000-anos-tem-cheiro-de-terra-e-carne-fermentada-revela-necropsia.phtml\" rel=\"noreferrer noopener\" target=\"_blank\">ressuscitar esp\u00e9cies extintas<\/a>,<\/strong> anunciou, nesta segunda-feira (7), um feito in\u00e9dito: o nascimento dos primeiros\u00a0<mark>lobos-terr\u00edveis (dire wolves)<\/mark> em mais de 10 mil anos. Segundo a companhia, esta \u00e9 a primeira <strong><a href=\"https:\/\/aventurasnahistoria.com.br\/noticias\/historia-hoje\/cientistas-criam-ratos-peludos-modificados-semelhantes-mamutes.phtml\" rel=\"noreferrer noopener\" target=\"_blank\">desextin\u00e7\u00e3o<\/a><\/strong> bem-sucedida da hist\u00f3ria.<br>Os tr\u00eas filhotes, geneticamente recriados a partir de<a href=\"https:\/\/aventurasnahistoria.com.br\/noticias\/historia-hoje\/descoberta-genetica-aponta-linhagem-humana-desconhecida-no-norte-da-africa.phtml\" rel=\"noreferrer noopener\" target=\"_blank\">\u00a0<strong>DNA<\/strong><\/a>\u00a0antigo\u00a0<mark>extra\u00eddo de f\u00f3sseis<\/mark>, foram batizados de\u00a0<strong>R\u00f4mulo<\/strong>,\u00a0<strong>Remo<\/strong>\u00a0e\u00a0<strong>Khaleesi<\/strong>. Os dois primeiros nasceram em 1.\u00ba de outubro de 2024, enquanto\u00a0<strong>Khaleesi<\/strong> chegou em 31 de janeiro de 2025. Atualmente, <strong>R\u00f4mulo<\/strong>\u00a0e\u00a0<strong>Remo<\/strong>\u00a0est\u00e3o com cinco meses e vivem em um centro de preserva\u00e7\u00e3o da vida selvagem nos\u00a0<strong><a href=\"https:\/\/aventurasnahistoria.com.br\/noticias\/reportagem\/o-polemico-livro-de-stephen-king-que-ele-proprio-decidiu-banir.phtml\" rel=\"noreferrer noopener\" target=\"_blank\">Estados Unidos<\/a>.<\/strong> <\/p>\n\n\n\n<div class=\"wp-block-image\"><figure class=\"aligncenter size-large\"><a href=\"https:\/\/www.cesconetto.com.br\/\"><img loading=\"lazy\" decoding=\"async\" width=\"300\" height=\"250\" src=\"https:\/\/jornalfatosenoticias.com.br\/wp-content\/uploads\/2022\/02\/Banner-2.png\" alt=\"\" class=\"wp-image-27877\"\/><\/a><\/figure><\/div>\n\n\n\n<blockquote class=\"wp-block-quote is-layout-flow wp-block-quote-is-layout-flow\"><p><span class=\"has-inline-color has-luminous-vivid-orange-color\">Este momento marca n\u00e3o apenas um marco para n\u00f3s como empresa, mas tamb\u00e9m um salto para a ci\u00eancia, a conserva\u00e7\u00e3o e a humanidade&#8221;, declarou a Colossal em postagem nas redes sociais.<\/span><\/p><\/blockquote>\n\n\n\n<div class=\"wp-block-image\"><figure class=\"aligncenter size-large is-resized\"><a href=\"https:\/\/www.instagram.com\/gruposei\/\"><img loading=\"lazy\" decoding=\"async\" src=\"https:\/\/jornalfatosenoticias.com.br\/wp-content\/uploads\/2022\/07\/Logo-Grupo-SEI.jpg\" alt=\"\" class=\"wp-image-31973\" width=\"405\" height=\"213\" srcset=\"https:\/\/jornalfatosenoticias.com.br\/wp-content\/uploads\/2022\/07\/Logo-Grupo-SEI.jpg 713w, https:\/\/jornalfatosenoticias.com.br\/wp-content\/uploads\/2022\/07\/Logo-Grupo-SEI-300x158.jpg 300w\" sizes=\"auto, (max-width: 405px) 100vw, 405px\" \/><\/a><\/figure><\/div>\n\n\n\n<p><strong><span class=\"has-inline-color has-vivid-green-cyan-color\">Sobre o animal<br><\/span><\/strong>O lobo-terr\u00edvel, esp\u00e9cie nativa da Am\u00e9rica do Norte, <mark>coexistiu com os primeiros humanos<\/mark>\u00a0e desapareceu h\u00e1 cerca de 10 mil anos. Embora visualmente semelhante ao lobo-cinzento e ao chacal, o animal possu\u00eda uma linhagem gen\u00e9tica distinta. Os registros mais antigos da esp\u00e9cie remontam a 250 mil anos atr\u00e1s.<\/p>\n\n\n\n<div class=\"wp-block-image\"><figure class=\"aligncenter size-large is-resized\"><a href=\"https:\/\/panper.com.br\/\"><img loading=\"lazy\" decoding=\"async\" src=\"https:\/\/jornalfatosenoticias.com.br\/wp-content\/uploads\/2023\/03\/logo-Panper_portal.jpg\" alt=\"\" class=\"wp-image-40208\" width=\"339\" height=\"235\" srcset=\"https:\/\/jornalfatosenoticias.com.br\/wp-content\/uploads\/2023\/03\/logo-Panper_portal.jpg 400w, https:\/\/jornalfatosenoticias.com.br\/wp-content\/uploads\/2023\/03\/logo-Panper_portal-300x208.jpg 300w\" sizes=\"auto, (max-width: 339px) 100vw, 339px\" \/><\/a><\/figure><\/div>\n\n\n\n<p>Para traz\u00ea-los de volta, a Colossal utilizou a tecnologia Crispr, conhecida como\u00a0<mark>&#8220;tesoura gen\u00e9tica&#8221;<\/mark>, que permite a edi\u00e7\u00e3o precisa de trechos do DNA. A partir do genoma completo reconstru\u00eddo com material gen\u00e9tico datado de 11,5 mil a 72 mil anos, a equipe conseguiu realizar as modifica\u00e7\u00f5es necess\u00e1rias para criar c\u00e9lulas compat\u00edveis com a esp\u00e9cie extinta.<\/p>\n\n\n\n<div class=\"wp-block-image\"><figure class=\"aligncenter size-large is-resized\"><a href=\"https:\/\/www.facebook.com\/postobkr\/?locale=pt_BR\"><img loading=\"lazy\" decoding=\"async\" src=\"https:\/\/jornalfatosenoticias.com.br\/wp-content\/uploads\/2023\/08\/BKR-1024x1021.jpg\" alt=\"\" class=\"wp-image-44494\" width=\"306\" height=\"305\" srcset=\"https:\/\/jornalfatosenoticias.com.br\/wp-content\/uploads\/2023\/08\/BKR-1024x1021.jpg 1024w, https:\/\/jornalfatosenoticias.com.br\/wp-content\/uploads\/2023\/08\/BKR-300x300.jpg 300w, https:\/\/jornalfatosenoticias.com.br\/wp-content\/uploads\/2023\/08\/BKR-150x150.jpg 150w, https:\/\/jornalfatosenoticias.com.br\/wp-content\/uploads\/2023\/08\/BKR-768x766.jpg 768w, https:\/\/jornalfatosenoticias.com.br\/wp-content\/uploads\/2023\/08\/BKR.jpg 1080w\" sizes=\"auto, (max-width: 306px) 100vw, 306px\" \/><\/a><\/figure><\/div>\n\n\n\n<p><strong><span class=\"has-inline-color has-vivid-green-cyan-color\">Inova\u00e7\u00e3o gen\u00e9tica<br><\/span><\/strong>A Colossal, fundada em 2021, tem como miss\u00e3o<mark>\u00a0reviver esp\u00e9cies desaparecidas<\/mark>\u00a0como parte de um esfor\u00e7o para restaurar ecossistemas e combater as mudan\u00e7as clim\u00e1ticas. Em mar\u00e7o de 2025, a empresa j\u00e1 havia anunciado outro avan\u00e7o: a cria\u00e7\u00e3o de\u00a0<mark>camundongos geneticamente modificados<\/mark> com pelos semelhantes aos dos mamutes-lanosos.<\/p>\n\n\n\n<div class=\"wp-block-image\"><figure class=\"aligncenter size-large is-resized\"><a href=\"https:\/\/www.instagram.com\/rcradiadores\/\"><img loading=\"lazy\" decoding=\"async\" src=\"https:\/\/jornalfatosenoticias.com.br\/wp-content\/uploads\/2022\/10\/RC_800x750_page-0001.jpg\" alt=\"\" class=\"wp-image-35338\" width=\"296\" height=\"277\" srcset=\"https:\/\/jornalfatosenoticias.com.br\/wp-content\/uploads\/2022\/10\/RC_800x750_page-0001.jpg 400w, https:\/\/jornalfatosenoticias.com.br\/wp-content\/uploads\/2022\/10\/RC_800x750_page-0001-300x281.jpg 300w\" sizes=\"auto, (max-width: 296px) 100vw, 296px\" \/><\/a><\/figure><\/div>\n\n\n\n<p>Diferente dos experimentos anteriores, o nascimento dos lobos-terr\u00edveis marca a\u00a0<mark>primeira vez que uma esp\u00e9cie extinta retorna<\/mark> com todas as suas caracter\u00edsticas originais. Segundo os cientistas da empresa, o objetivo vai al\u00e9m da inova\u00e7\u00e3o cient\u00edfica: trata-se de uma estrat\u00e9gia para reequilibrar o meio ambiente.<\/p>\n\n\n\n<div class=\"wp-block-image\"><figure class=\"aligncenter size-large is-resized\"><a href=\"https:\/\/www.legisjuris.com.br\/\"><img loading=\"lazy\" decoding=\"async\" src=\"https:\/\/jornalfatosenoticias.com.br\/wp-content\/uploads\/2024\/09\/Legis-Juris-Consultoria_logo.jpg\" alt=\"\" class=\"wp-image-53915\" width=\"494\" height=\"207\" srcset=\"https:\/\/jornalfatosenoticias.com.br\/wp-content\/uploads\/2024\/09\/Legis-Juris-Consultoria_logo.jpg 969w, https:\/\/jornalfatosenoticias.com.br\/wp-content\/uploads\/2024\/09\/Legis-Juris-Consultoria_logo-300x126.jpg 300w, https:\/\/jornalfatosenoticias.com.br\/wp-content\/uploads\/2024\/09\/Legis-Juris-Consultoria_logo-768x322.jpg 768w\" sizes=\"auto, (max-width: 494px) 100vw, 494px\" \/><\/a><\/figure><\/div>\n\n\n\n<p>Com o aquecimento global acelerando o degelo do permafrost na tundra da Sib\u00e9ria e da Am\u00e9rica do Norte \u2014 e, com isso, liberando grandes volumes de di\u00f3xido de carbono \u2014 a Colossal acredita que esp\u00e9cies como o mamute podem ajudar a restaurar pastagens, remover musgo, derrubar \u00e1rvores e fertilizar o solo, contribuindo para a\u00a0<mark>reten\u00e7\u00e3o de carbono<\/mark>.<\/p>\n\n\n\n<div class=\"wp-block-image\"><figure class=\"aligncenter size-large is-resized\"><a href=\"https:\/\/www.instagram.com\/serra4x4cambioautomatico\/\"><img loading=\"lazy\" decoding=\"async\" src=\"https:\/\/jornalfatosenoticias.com.br\/wp-content\/uploads\/2024\/08\/Serra-4x4-1-886x1024.jpg\" alt=\"\" class=\"wp-image-53632\" width=\"274\" height=\"316\" srcset=\"https:\/\/jornalfatosenoticias.com.br\/wp-content\/uploads\/2024\/08\/Serra-4x4-1-886x1024.jpg 886w, https:\/\/jornalfatosenoticias.com.br\/wp-content\/uploads\/2024\/08\/Serra-4x4-1-260x300.jpg 260w, https:\/\/jornalfatosenoticias.com.br\/wp-content\/uploads\/2024\/08\/Serra-4x4-1-768x888.jpg 768w, https:\/\/jornalfatosenoticias.com.br\/wp-content\/uploads\/2024\/08\/Serra-4x4-1.jpg 1181w\" sizes=\"auto, (max-width: 274px) 100vw, 274px\" \/><\/a><\/figure><\/div>\n\n\n\n<p>O projeto j\u00e1 atraiu bilh\u00f5es de d\u00f3lares em investimentos. Atualmente, a empresa est\u00e1 avaliada em cerca de US$ 10 bilh\u00f5es (aproximadamente R$ 58 bilh\u00f5es na cota\u00e7\u00e3o atual), sinal de que a desextin\u00e7\u00e3o n\u00e3o \u00e9 apenas uma fantasia cient\u00edfica, mas um\u00a0<mark>setor em expans\u00e3o<\/mark> com ambi\u00e7\u00f5es reais de impacto ambiental e econ\u00f4mico.<\/p>\n\n\n\n<p><strong>Fonte: <a href=\"https:\/\/aventurasnahistoria.com.br\/noticias\/historia-hoje\/lobo-terrivel-sofre-processo-de-desextincao-e-e-revivido-apos-10-mil-anos.phtml\">Aventuras na Hist\u00f3ria<\/a><\/strong><\/p>\n","protected":false},"excerpt":{"rendered":"<p>Esp\u00e9cie nativa da Am\u00e9rica do Norte, coexistiu com os primeiros humanos e desapareceu h\u00e1 cerca de 10 mil anos Por Felipe Sales Gomes A Colossal Biosciences, empresa conhecida por sua ambiciosa meta de ressuscitar esp\u00e9cies extintas, anunciou, nesta segunda-feira (7), um feito in\u00e9dito: o nascimento dos primeiros\u00a0lobos-terr\u00edveis (dire wolves) em mais de 10 mil anos. [&hellip;]<\/p>\n","protected":false},"author":2,"featured_media":58361,"comment_status":"open","ping_status":"open","sticky":false,"template":"","format":"standard","meta":{"footnotes":""},"categories":[8],"tags":[2442,2445,26590,2044,714,219,663,26589,11774],"class_list":["post-58360","post","type-post","status-publish","format-standard","has-post-thumbnail","hentry","category-meio-ambiente","tag-animal","tag-biologia","tag-desextincao","tag-dna","tag-estudo","tag-extincao","tag-fossil","tag-lobo-terrivel","tag-lobos"],"yoast_head":"<!-- This site is optimized with the Yoast SEO plugin v26.5 - https:\/\/yoast.com\/wordpress\/plugins\/seo\/ -->\n<title>Lobo-terr\u00edvel sofre processo de &#039;desextin\u00e7\u00e3o&#039; e \u00e9 revivido ap\u00f3s 10 mil anos - Jornal Fatos e Not\u00edcias<\/title>\n<meta name=\"robots\" content=\"index, follow, max-snippet:-1, max-image-preview:large, max-video-preview:-1\" \/>\n<link rel=\"canonical\" href=\"https:\/\/jornalfatosenoticias.com.br\/index.php\/2025\/04\/08\/lobo-terrivel-sofre-processo-de-desextincao-e-e-revivido-apos-10-mil-anos\/\" \/>\n<meta property=\"og:locale\" content=\"pt_BR\" \/>\n<meta property=\"og:type\" content=\"article\" \/>\n<meta property=\"og:title\" content=\"Lobo-terr\u00edvel sofre processo de &#039;desextin\u00e7\u00e3o&#039; e \u00e9 revivido ap\u00f3s 10 mil anos - Jornal Fatos e Not\u00edcias\" \/>\n<meta property=\"og:description\" content=\"Esp\u00e9cie nativa da Am\u00e9rica do Norte, coexistiu com os primeiros humanos e desapareceu h\u00e1 cerca de 10 mil anos Por Felipe Sales Gomes A Colossal Biosciences, empresa conhecida por sua ambiciosa meta de ressuscitar esp\u00e9cies extintas, anunciou, nesta segunda-feira (7), um feito in\u00e9dito: o nascimento dos primeiros\u00a0lobos-terr\u00edveis (dire wolves) em mais de 10 mil anos. [&hellip;]\" \/>\n<meta property=\"og:url\" content=\"https:\/\/jornalfatosenoticias.com.br\/index.php\/2025\/04\/08\/lobo-terrivel-sofre-processo-de-desextincao-e-e-revivido-apos-10-mil-anos\/\" \/>\n<meta property=\"og:site_name\" content=\"Jornal Fatos e Not\u00edcias\" \/>\n<meta property=\"article:published_time\" content=\"2025-04-08T13:39:34+00:00\" \/>\n<meta property=\"article:modified_time\" content=\"2025-04-08T13:39:36+00:00\" \/>\n<meta property=\"og:image\" content=\"https:\/\/jornalfatosenoticias.com.br\/wp-content\/uploads\/2025\/04\/lobo-terrivel_reproducao.jpg\" \/>\n\t<meta property=\"og:image:width\" content=\"800\" \/>\n\t<meta property=\"og:image:height\" content=\"450\" \/>\n\t<meta property=\"og:image:type\" content=\"image\/jpeg\" \/>\n<meta name=\"author\" content=\"Luzimara Fernandes\" \/>\n<meta name=\"twitter:card\" content=\"summary_large_image\" \/>\n<meta name=\"twitter:label1\" content=\"Escrito por\" \/>\n\t<meta name=\"twitter:data1\" content=\"Luzimara Fernandes\" \/>\n\t<meta name=\"twitter:label2\" content=\"Est. tempo de leitura\" \/>\n\t<meta name=\"twitter:data2\" content=\"3 minutos\" \/>\n<script type=\"application\/ld+json\" class=\"yoast-schema-graph\">{\"@context\":\"https:\/\/schema.org\",\"@graph\":[{\"@type\":\"Article\",\"@id\":\"https:\/\/jornalfatosenoticias.com.br\/index.php\/2025\/04\/08\/lobo-terrivel-sofre-processo-de-desextincao-e-e-revivido-apos-10-mil-anos\/#article\",\"isPartOf\":{\"@id\":\"https:\/\/jornalfatosenoticias.com.br\/index.php\/2025\/04\/08\/lobo-terrivel-sofre-processo-de-desextincao-e-e-revivido-apos-10-mil-anos\/\"},\"author\":{\"name\":\"Luzimara Fernandes\",\"@id\":\"https:\/\/jornalfatosenoticias.com.br\/#\/schema\/person\/d63837fa13ac8666eb9e74e0985d6f81\"},\"headline\":\"Lobo-terr\u00edvel sofre processo de &#8216;desextin\u00e7\u00e3o&#8217; e \u00e9 revivido ap\u00f3s 10 mil anos\",\"datePublished\":\"2025-04-08T13:39:34+00:00\",\"dateModified\":\"2025-04-08T13:39:36+00:00\",\"mainEntityOfPage\":{\"@id\":\"https:\/\/jornalfatosenoticias.com.br\/index.php\/2025\/04\/08\/lobo-terrivel-sofre-processo-de-desextincao-e-e-revivido-apos-10-mil-anos\/\"},\"wordCount\":533,\"commentCount\":0,\"publisher\":{\"@id\":\"https:\/\/jornalfatosenoticias.com.br\/#organization\"},\"image\":{\"@id\":\"https:\/\/jornalfatosenoticias.com.br\/index.php\/2025\/04\/08\/lobo-terrivel-sofre-processo-de-desextincao-e-e-revivido-apos-10-mil-anos\/#primaryimage\"},\"thumbnailUrl\":\"https:\/\/jornalfatosenoticias.com.br\/wp-content\/uploads\/2025\/04\/lobo-terrivel_reproducao.jpg\",\"keywords\":[\"Animal\",\"biologia\",\"desextin\u00e7\u00e3o\",\"DNA\",\"Estudo\",\"extin\u00e7\u00e3o\",\"f\u00f3ssil\",\"lobo-terr\u00edvel\",\"lobos\"],\"articleSection\":[\"Meio ambiente\"],\"inLanguage\":\"pt-BR\",\"potentialAction\":[{\"@type\":\"CommentAction\",\"name\":\"Comment\",\"target\":[\"https:\/\/jornalfatosenoticias.com.br\/index.php\/2025\/04\/08\/lobo-terrivel-sofre-processo-de-desextincao-e-e-revivido-apos-10-mil-anos\/#respond\"]}]},{\"@type\":\"WebPage\",\"@id\":\"https:\/\/jornalfatosenoticias.com.br\/index.php\/2025\/04\/08\/lobo-terrivel-sofre-processo-de-desextincao-e-e-revivido-apos-10-mil-anos\/\",\"url\":\"https:\/\/jornalfatosenoticias.com.br\/index.php\/2025\/04\/08\/lobo-terrivel-sofre-processo-de-desextincao-e-e-revivido-apos-10-mil-anos\/\",\"name\":\"Lobo-terr\u00edvel sofre processo de 'desextin\u00e7\u00e3o' e \u00e9 revivido ap\u00f3s 10 mil anos - Jornal Fatos e Not\u00edcias\",\"isPartOf\":{\"@id\":\"https:\/\/jornalfatosenoticias.com.br\/#website\"},\"primaryImageOfPage\":{\"@id\":\"https:\/\/jornalfatosenoticias.com.br\/index.php\/2025\/04\/08\/lobo-terrivel-sofre-processo-de-desextincao-e-e-revivido-apos-10-mil-anos\/#primaryimage\"},\"image\":{\"@id\":\"https:\/\/jornalfatosenoticias.com.br\/index.php\/2025\/04\/08\/lobo-terrivel-sofre-processo-de-desextincao-e-e-revivido-apos-10-mil-anos\/#primaryimage\"},\"thumbnailUrl\":\"https:\/\/jornalfatosenoticias.com.br\/wp-content\/uploads\/2025\/04\/lobo-terrivel_reproducao.jpg\",\"datePublished\":\"2025-04-08T13:39:34+00:00\",\"dateModified\":\"2025-04-08T13:39:36+00:00\",\"breadcrumb\":{\"@id\":\"https:\/\/jornalfatosenoticias.com.br\/index.php\/2025\/04\/08\/lobo-terrivel-sofre-processo-de-desextincao-e-e-revivido-apos-10-mil-anos\/#breadcrumb\"},\"inLanguage\":\"pt-BR\",\"potentialAction\":[{\"@type\":\"ReadAction\",\"target\":[\"https:\/\/jornalfatosenoticias.com.br\/index.php\/2025\/04\/08\/lobo-terrivel-sofre-processo-de-desextincao-e-e-revivido-apos-10-mil-anos\/\"]}]},{\"@type\":\"ImageObject\",\"inLanguage\":\"pt-BR\",\"@id\":\"https:\/\/jornalfatosenoticias.com.br\/index.php\/2025\/04\/08\/lobo-terrivel-sofre-processo-de-desextincao-e-e-revivido-apos-10-mil-anos\/#primaryimage\",\"url\":\"https:\/\/jornalfatosenoticias.com.br\/wp-content\/uploads\/2025\/04\/lobo-terrivel_reproducao.jpg\",\"contentUrl\":\"https:\/\/jornalfatosenoticias.com.br\/wp-content\/uploads\/2025\/04\/lobo-terrivel_reproducao.jpg\",\"width\":800,\"height\":450},{\"@type\":\"BreadcrumbList\",\"@id\":\"https:\/\/jornalfatosenoticias.com.br\/index.php\/2025\/04\/08\/lobo-terrivel-sofre-processo-de-desextincao-e-e-revivido-apos-10-mil-anos\/#breadcrumb\",\"itemListElement\":[{\"@type\":\"ListItem\",\"position\":1,\"name\":\"In\u00edcio\",\"item\":\"https:\/\/jornalfatosenoticias.com.br\/\"},{\"@type\":\"ListItem\",\"position\":2,\"name\":\"Lobo-terr\u00edvel sofre processo de &#8216;desextin\u00e7\u00e3o&#8217; e \u00e9 revivido ap\u00f3s 10 mil anos\"}]},{\"@type\":\"WebSite\",\"@id\":\"https:\/\/jornalfatosenoticias.com.br\/#website\",\"url\":\"https:\/\/jornalfatosenoticias.com.br\/\",\"name\":\"Jornal Fatos e Not\u00edcias\",\"description\":\"Not\u00edcias em geral\",\"publisher\":{\"@id\":\"https:\/\/jornalfatosenoticias.com.br\/#organization\"},\"potentialAction\":[{\"@type\":\"SearchAction\",\"target\":{\"@type\":\"EntryPoint\",\"urlTemplate\":\"https:\/\/jornalfatosenoticias.com.br\/?s={search_term_string}\"},\"query-input\":{\"@type\":\"PropertyValueSpecification\",\"valueRequired\":true,\"valueName\":\"search_term_string\"}}],\"inLanguage\":\"pt-BR\"},{\"@type\":\"Organization\",\"@id\":\"https:\/\/jornalfatosenoticias.com.br\/#organization\",\"name\":\"Jornal Fatos e Not\u00edcias\",\"url\":\"https:\/\/jornalfatosenoticias.com.br\/\",\"logo\":{\"@type\":\"ImageObject\",\"inLanguage\":\"pt-BR\",\"@id\":\"https:\/\/jornalfatosenoticias.com.br\/#\/schema\/logo\/image\/\",\"url\":\"https:\/\/jornalfatosenoticias.com.br\/wp-content\/uploads\/2020\/02\/logo120.png\",\"contentUrl\":\"https:\/\/jornalfatosenoticias.com.br\/wp-content\/uploads\/2020\/02\/logo120.png\",\"width\":1227,\"height\":120,\"caption\":\"Jornal Fatos e Not\u00edcias\"},\"image\":{\"@id\":\"https:\/\/jornalfatosenoticias.com.br\/#\/schema\/logo\/image\/\"}},{\"@type\":\"Person\",\"@id\":\"https:\/\/jornalfatosenoticias.com.br\/#\/schema\/person\/d63837fa13ac8666eb9e74e0985d6f81\",\"name\":\"Luzimara Fernandes\",\"image\":{\"@type\":\"ImageObject\",\"inLanguage\":\"pt-BR\",\"@id\":\"https:\/\/jornalfatosenoticias.com.br\/#\/schema\/person\/image\/\",\"url\":\"https:\/\/jornalfatosenoticias.com.br\/wp-content\/uploads\/2025\/05\/EU_portal.jpg\",\"contentUrl\":\"https:\/\/jornalfatosenoticias.com.br\/wp-content\/uploads\/2025\/05\/EU_portal.jpg\",\"caption\":\"Luzimara Fernandes\"},\"description\":\"Jornalista MTB 2358-ES\",\"sameAs\":[\"https:\/\/jornalfatosenoticias.com.br\"],\"url\":\"https:\/\/jornalfatosenoticias.com.br\/index.php\/author\/luzimara\/\"}]}<\/script>\n<!-- \/ Yoast SEO plugin. -->","yoast_head_json":{"title":"Lobo-terr\u00edvel sofre processo de 'desextin\u00e7\u00e3o' e \u00e9 revivido ap\u00f3s 10 mil anos - Jornal Fatos e Not\u00edcias","robots":{"index":"index","follow":"follow","max-snippet":"max-snippet:-1","max-image-preview":"max-image-preview:large","max-video-preview":"max-video-preview:-1"},"canonical":"https:\/\/jornalfatosenoticias.com.br\/index.php\/2025\/04\/08\/lobo-terrivel-sofre-processo-de-desextincao-e-e-revivido-apos-10-mil-anos\/","og_locale":"pt_BR","og_type":"article","og_title":"Lobo-terr\u00edvel sofre processo de 'desextin\u00e7\u00e3o' e \u00e9 revivido ap\u00f3s 10 mil anos - Jornal Fatos e Not\u00edcias","og_description":"Esp\u00e9cie nativa da Am\u00e9rica do Norte, coexistiu com os primeiros humanos e desapareceu h\u00e1 cerca de 10 mil anos Por Felipe Sales Gomes A Colossal Biosciences, empresa conhecida por sua ambiciosa meta de ressuscitar esp\u00e9cies extintas, anunciou, nesta segunda-feira (7), um feito in\u00e9dito: o nascimento dos primeiros\u00a0lobos-terr\u00edveis (dire wolves) em mais de 10 mil anos. [&hellip;]","og_url":"https:\/\/jornalfatosenoticias.com.br\/index.php\/2025\/04\/08\/lobo-terrivel-sofre-processo-de-desextincao-e-e-revivido-apos-10-mil-anos\/","og_site_name":"Jornal Fatos e Not\u00edcias","article_published_time":"2025-04-08T13:39:34+00:00","article_modified_time":"2025-04-08T13:39:36+00:00","og_image":[{"width":800,"height":450,"url":"https:\/\/jornalfatosenoticias.com.br\/wp-content\/uploads\/2025\/04\/lobo-terrivel_reproducao.jpg","type":"image\/jpeg"}],"author":"Luzimara Fernandes","twitter_card":"summary_large_image","twitter_misc":{"Escrito por":"Luzimara Fernandes","Est. tempo de leitura":"3 minutos"},"schema":{"@context":"https:\/\/schema.org","@graph":[{"@type":"Article","@id":"https:\/\/jornalfatosenoticias.com.br\/index.php\/2025\/04\/08\/lobo-terrivel-sofre-processo-de-desextincao-e-e-revivido-apos-10-mil-anos\/#article","isPartOf":{"@id":"https:\/\/jornalfatosenoticias.com.br\/index.php\/2025\/04\/08\/lobo-terrivel-sofre-processo-de-desextincao-e-e-revivido-apos-10-mil-anos\/"},"author":{"name":"Luzimara Fernandes","@id":"https:\/\/jornalfatosenoticias.com.br\/#\/schema\/person\/d63837fa13ac8666eb9e74e0985d6f81"},"headline":"Lobo-terr\u00edvel sofre processo de &#8216;desextin\u00e7\u00e3o&#8217; e \u00e9 revivido ap\u00f3s 10 mil anos","datePublished":"2025-04-08T13:39:34+00:00","dateModified":"2025-04-08T13:39:36+00:00","mainEntityOfPage":{"@id":"https:\/\/jornalfatosenoticias.com.br\/index.php\/2025\/04\/08\/lobo-terrivel-sofre-processo-de-desextincao-e-e-revivido-apos-10-mil-anos\/"},"wordCount":533,"commentCount":0,"publisher":{"@id":"https:\/\/jornalfatosenoticias.com.br\/#organization"},"image":{"@id":"https:\/\/jornalfatosenoticias.com.br\/index.php\/2025\/04\/08\/lobo-terrivel-sofre-processo-de-desextincao-e-e-revivido-apos-10-mil-anos\/#primaryimage"},"thumbnailUrl":"https:\/\/jornalfatosenoticias.com.br\/wp-content\/uploads\/2025\/04\/lobo-terrivel_reproducao.jpg","keywords":["Animal","biologia","desextin\u00e7\u00e3o","DNA","Estudo","extin\u00e7\u00e3o","f\u00f3ssil","lobo-terr\u00edvel","lobos"],"articleSection":["Meio ambiente"],"inLanguage":"pt-BR","potentialAction":[{"@type":"CommentAction","name":"Comment","target":["https:\/\/jornalfatosenoticias.com.br\/index.php\/2025\/04\/08\/lobo-terrivel-sofre-processo-de-desextincao-e-e-revivido-apos-10-mil-anos\/#respond"]}]},{"@type":"WebPage","@id":"https:\/\/jornalfatosenoticias.com.br\/index.php\/2025\/04\/08\/lobo-terrivel-sofre-processo-de-desextincao-e-e-revivido-apos-10-mil-anos\/","url":"https:\/\/jornalfatosenoticias.com.br\/index.php\/2025\/04\/08\/lobo-terrivel-sofre-processo-de-desextincao-e-e-revivido-apos-10-mil-anos\/","name":"Lobo-terr\u00edvel sofre processo de 'desextin\u00e7\u00e3o' e \u00e9 revivido ap\u00f3s 10 mil anos - Jornal Fatos e Not\u00edcias","isPartOf":{"@id":"https:\/\/jornalfatosenoticias.com.br\/#website"},"primaryImageOfPage":{"@id":"https:\/\/jornalfatosenoticias.com.br\/index.php\/2025\/04\/08\/lobo-terrivel-sofre-processo-de-desextincao-e-e-revivido-apos-10-mil-anos\/#primaryimage"},"image":{"@id":"https:\/\/jornalfatosenoticias.com.br\/index.php\/2025\/04\/08\/lobo-terrivel-sofre-processo-de-desextincao-e-e-revivido-apos-10-mil-anos\/#primaryimage"},"thumbnailUrl":"https:\/\/jornalfatosenoticias.com.br\/wp-content\/uploads\/2025\/04\/lobo-terrivel_reproducao.jpg","datePublished":"2025-04-08T13:39:34+00:00","dateModified":"2025-04-08T13:39:36+00:00","breadcrumb":{"@id":"https:\/\/jornalfatosenoticias.com.br\/index.php\/2025\/04\/08\/lobo-terrivel-sofre-processo-de-desextincao-e-e-revivido-apos-10-mil-anos\/#breadcrumb"},"inLanguage":"pt-BR","potentialAction":[{"@type":"ReadAction","target":["https:\/\/jornalfatosenoticias.com.br\/index.php\/2025\/04\/08\/lobo-terrivel-sofre-processo-de-desextincao-e-e-revivido-apos-10-mil-anos\/"]}]},{"@type":"ImageObject","inLanguage":"pt-BR","@id":"https:\/\/jornalfatosenoticias.com.br\/index.php\/2025\/04\/08\/lobo-terrivel-sofre-processo-de-desextincao-e-e-revivido-apos-10-mil-anos\/#primaryimage","url":"https:\/\/jornalfatosenoticias.com.br\/wp-content\/uploads\/2025\/04\/lobo-terrivel_reproducao.jpg","contentUrl":"https:\/\/jornalfatosenoticias.com.br\/wp-content\/uploads\/2025\/04\/lobo-terrivel_reproducao.jpg","width":800,"height":450},{"@type":"BreadcrumbList","@id":"https:\/\/jornalfatosenoticias.com.br\/index.php\/2025\/04\/08\/lobo-terrivel-sofre-processo-de-desextincao-e-e-revivido-apos-10-mil-anos\/#breadcrumb","itemListElement":[{"@type":"ListItem","position":1,"name":"In\u00edcio","item":"https:\/\/jornalfatosenoticias.com.br\/"},{"@type":"ListItem","position":2,"name":"Lobo-terr\u00edvel sofre processo de &#8216;desextin\u00e7\u00e3o&#8217; e \u00e9 revivido ap\u00f3s 10 mil anos"}]},{"@type":"WebSite","@id":"https:\/\/jornalfatosenoticias.com.br\/#website","url":"https:\/\/jornalfatosenoticias.com.br\/","name":"Jornal Fatos e Not\u00edcias","description":"Not\u00edcias em geral","publisher":{"@id":"https:\/\/jornalfatosenoticias.com.br\/#organization"},"potentialAction":[{"@type":"SearchAction","target":{"@type":"EntryPoint","urlTemplate":"https:\/\/jornalfatosenoticias.com.br\/?s={search_term_string}"},"query-input":{"@type":"PropertyValueSpecification","valueRequired":true,"valueName":"search_term_string"}}],"inLanguage":"pt-BR"},{"@type":"Organization","@id":"https:\/\/jornalfatosenoticias.com.br\/#organization","name":"Jornal Fatos e Not\u00edcias","url":"https:\/\/jornalfatosenoticias.com.br\/","logo":{"@type":"ImageObject","inLanguage":"pt-BR","@id":"https:\/\/jornalfatosenoticias.com.br\/#\/schema\/logo\/image\/","url":"https:\/\/jornalfatosenoticias.com.br\/wp-content\/uploads\/2020\/02\/logo120.png","contentUrl":"https:\/\/jornalfatosenoticias.com.br\/wp-content\/uploads\/2020\/02\/logo120.png","width":1227,"height":120,"caption":"Jornal Fatos e Not\u00edcias"},"image":{"@id":"https:\/\/jornalfatosenoticias.com.br\/#\/schema\/logo\/image\/"}},{"@type":"Person","@id":"https:\/\/jornalfatosenoticias.com.br\/#\/schema\/person\/d63837fa13ac8666eb9e74e0985d6f81","name":"Luzimara Fernandes","image":{"@type":"ImageObject","inLanguage":"pt-BR","@id":"https:\/\/jornalfatosenoticias.com.br\/#\/schema\/person\/image\/","url":"https:\/\/jornalfatosenoticias.com.br\/wp-content\/uploads\/2025\/05\/EU_portal.jpg","contentUrl":"https:\/\/jornalfatosenoticias.com.br\/wp-content\/uploads\/2025\/05\/EU_portal.jpg","caption":"Luzimara Fernandes"},"description":"Jornalista MTB 2358-ES","sameAs":["https:\/\/jornalfatosenoticias.com.br"],"url":"https:\/\/jornalfatosenoticias.com.br\/index.php\/author\/luzimara\/"}]}},"cc_featured_image_caption":{"caption_text":"(Foto: Colossal Biosciences\/Reprodu\u00e7\u00e3o) ","source_text":"","source_url":""},"jetpack_featured_media_url":"https:\/\/jornalfatosenoticias.com.br\/wp-content\/uploads\/2025\/04\/lobo-terrivel_reproducao.jpg","_links":{"self":[{"href":"https:\/\/jornalfatosenoticias.com.br\/index.php\/wp-json\/wp\/v2\/posts\/58360","targetHints":{"allow":["GET"]}}],"collection":[{"href":"https:\/\/jornalfatosenoticias.com.br\/index.php\/wp-json\/wp\/v2\/posts"}],"about":[{"href":"https:\/\/jornalfatosenoticias.com.br\/index.php\/wp-json\/wp\/v2\/types\/post"}],"author":[{"embeddable":true,"href":"https:\/\/jornalfatosenoticias.com.br\/index.php\/wp-json\/wp\/v2\/users\/2"}],"replies":[{"embeddable":true,"href":"https:\/\/jornalfatosenoticias.com.br\/index.php\/wp-json\/wp\/v2\/comments?post=58360"}],"version-history":[{"count":0,"href":"https:\/\/jornalfatosenoticias.com.br\/index.php\/wp-json\/wp\/v2\/posts\/58360\/revisions"}],"wp:featuredmedia":[{"embeddable":true,"href":"https:\/\/jornalfatosenoticias.com.br\/index.php\/wp-json\/wp\/v2\/media\/58361"}],"wp:attachment":[{"href":"https:\/\/jornalfatosenoticias.com.br\/index.php\/wp-json\/wp\/v2\/media?parent=58360"}],"wp:term":[{"taxonomy":"category","embeddable":true,"href":"https:\/\/jornalfatosenoticias.com.br\/index.php\/wp-json\/wp\/v2\/categories?post=58360"},{"taxonomy":"post_tag","embeddable":true,"href":"https:\/\/jornalfatosenoticias.com.br\/index.php\/wp-json\/wp\/v2\/tags?post=58360"}],"curies":[{"name":"wp","href":"https:\/\/api.w.org\/{rel}","templated":true}]}}