{"id":58363,"date":"2025-04-08T10:49:17","date_gmt":"2025-04-08T13:49:17","guid":{"rendered":"https:\/\/jornalfatosenoticias.com.br\/?p=58363"},"modified":"2025-04-08T10:49:19","modified_gmt":"2025-04-08T13:49:19","slug":"vida-feliz-impulsiona-satisfacao-no-trabalho-aponta-estudo","status":"publish","type":"post","link":"https:\/\/jornalfatosenoticias.com.br\/index.php\/2025\/04\/08\/vida-feliz-impulsiona-satisfacao-no-trabalho-aponta-estudo\/","title":{"rendered":"Vida feliz impulsiona satisfa\u00e7\u00e3o no trabalho, aponta estudo"},"content":{"rendered":"\n<p><em><span class=\"has-inline-color has-black-color\">Investir no bem-estar mais amplo dos funcion\u00e1rios pode ser a chave para melhorar o ambiente profissional<\/span><\/em><\/p>\n\n\n\n<p><span class=\"has-inline-color has-black-color\">Por <strong><a href=\"https:\/\/ciclovivo.com.br\/author\/marcia-sousa\/\">Marcia Sousa<\/a><\/strong><\/span><\/p>\n\n\n\n<div class=\"wp-block-image\"><figure class=\"aligncenter size-large\"><a href=\"https:\/\/mizu.com.br\/\"><img loading=\"lazy\" decoding=\"async\" width=\"729\" height=\"90\" src=\"https:\/\/jornalfatosenoticias.com.br\/wp-content\/uploads\/2020\/02\/Logo_Mizu.png\" alt=\"\" class=\"wp-image-1441\" srcset=\"https:\/\/jornalfatosenoticias.com.br\/wp-content\/uploads\/2020\/02\/Logo_Mizu.png 729w, https:\/\/jornalfatosenoticias.com.br\/wp-content\/uploads\/2020\/02\/Logo_Mizu-300x37.png 300w\" sizes=\"auto, (max-width: 729px) 100vw, 729px\" \/><\/a><\/figure><\/div>\n\n\n\n<p>Trabalhar com prop\u00f3sito, encontrando satisfa\u00e7\u00e3o no trabalho \u00e9 considerado um dos caminhos para a realiza\u00e7\u00e3o pessoal \u2014 uma vez que boa parte do dia \u00e9 gasto no emprego. Diversos estudos tamb\u00e9m afirmam a import\u00e2ncia do assunto. Entretanto, uma pesquisa recente aponta para uma nova dire\u00e7\u00e3o, ou ao menos joga luz para novas possibilidades: a felicidade pessoal \u00e9 o principal impulsionador de uma vida profissional satisfat\u00f3ria, e n\u00e3o o contr\u00e1rio.<br>A conclus\u00e3o acima \u00e9 de uma descoberta, publicada no <a href=\"https:\/\/onlinelibrary.wiley.com\/doi\/10.1002\/job.2861\" target=\"_blank\" rel=\"noreferrer noopener\"><em>Journal of Organizational Behavior<\/em><\/a>, de pesquisadores dos EUA, Alemanha e Austr\u00e1lia do Sul. O novo estudo internacional explora a rela\u00e7\u00e3o de longo prazo entre satisfa\u00e7\u00e3o no trabalho e na vida \u2014 tamb\u00e9m fornece insights cruciais para os empregadores.<\/p>\n\n\n\n<div class=\"wp-block-image\"><figure class=\"aligncenter size-large is-resized\"><a href=\"https:\/\/www.facebook.com\/profile.php?id=100069289606145\"><img loading=\"lazy\" decoding=\"async\" src=\"https:\/\/jornalfatosenoticias.com.br\/wp-content\/uploads\/2024\/11\/Guaitolini-Contabilidade-1024x714.jpeg\" alt=\"\" class=\"wp-image-55808\" width=\"310\" height=\"216\" srcset=\"https:\/\/jornalfatosenoticias.com.br\/wp-content\/uploads\/2024\/11\/Guaitolini-Contabilidade-1024x714.jpeg 1024w, https:\/\/jornalfatosenoticias.com.br\/wp-content\/uploads\/2024\/11\/Guaitolini-Contabilidade-300x209.jpeg 300w, https:\/\/jornalfatosenoticias.com.br\/wp-content\/uploads\/2024\/11\/Guaitolini-Contabilidade-768x535.jpeg 768w, https:\/\/jornalfatosenoticias.com.br\/wp-content\/uploads\/2024\/11\/Guaitolini-Contabilidade.jpeg 1280w\" sizes=\"auto, (max-width: 310px) 100vw, 310px\" \/><\/a><\/figure><\/div>\n\n\n\n<p>Analisando dados de mais de 160 mil pessoas em v\u00e1rios estudos globais, o estudo descobriu que <strong>indiv\u00edduos com maior\u00a0<a href=\"https:\/\/ciclovivo.com.br\/vida-sustentavel\/equilibrio\/somos-seres-de-insatisfacao\/\" target=\"_blank\" rel=\"noreferrer noopener\">satisfa\u00e7\u00e3o<\/a>\u00a0com a vida tinham 32% mais probabilidade de experimentar maior satisfa\u00e7\u00e3o no trabalho ao longo do tempo.<\/strong> Embora a satisfa\u00e7\u00e3o no trabalho tenha um efeito positivo na satisfa\u00e7\u00e3o com a vida futura, ela \u00e9 comparativamente mais fraca e diminui ao longo do tempo.<\/p>\n\n\n\n<div class=\"wp-block-image\"><figure class=\"aligncenter size-large is-resized\"><a href=\"https:\/\/hotelmarquetti.com.br\/\"><img loading=\"lazy\" decoding=\"async\" src=\"https:\/\/jornalfatosenoticias.com.br\/wp-content\/uploads\/2020\/02\/LOGO-MQ-1024x680.jpg\" alt=\"\" class=\"wp-image-58299\" width=\"357\" height=\"237\" srcset=\"https:\/\/jornalfatosenoticias.com.br\/wp-content\/uploads\/2020\/02\/LOGO-MQ-1024x680.jpg 1024w, https:\/\/jornalfatosenoticias.com.br\/wp-content\/uploads\/2020\/02\/LOGO-MQ-300x199.jpg 300w, https:\/\/jornalfatosenoticias.com.br\/wp-content\/uploads\/2020\/02\/LOGO-MQ-768x510.jpg 768w, https:\/\/jornalfatosenoticias.com.br\/wp-content\/uploads\/2020\/02\/LOGO-MQ-1536x1020.jpg 1536w, https:\/\/jornalfatosenoticias.com.br\/wp-content\/uploads\/2020\/02\/LOGO-MQ-2048x1360.jpg 2048w\" sizes=\"auto, (max-width: 357px) 100vw, 357px\" \/><\/a><\/figure><\/div>\n\n\n\n<p>\u201cOrganiza\u00e7\u00f5es que se concentram apenas em iniciativas de satisfa\u00e7\u00e3o no trabalho podem estar perdendo um componente fundamental da <a href=\"https:\/\/ciclovivo.com.br\/vida-sustentavel\/bem-estar\/9-erros-comuns-que-atrapalham-a-busca-pela-felicidade\/\" target=\"_blank\" rel=\"noreferrer noopener\">felicidade<\/a> dos funcion\u00e1rios\u201d, diz o primeiro autor, Christopher Wiese, professor assistente de psicologia no Instituto de Tecnologia da Ge\u00f3rgia. <\/p>\n\n\n\n<blockquote class=\"wp-block-quote is-layout-flow wp-block-quote-is-layout-flow\"><p><span class=\"has-inline-color has-luminous-vivid-orange-color\">Ao priorizar estrat\u00e9gias gerais de bem-estar \u2014 <strong>incluindo suporte \u00e0 sa\u00fade mental, iniciativas de equil\u00edbrio entre vida pessoal e profissional e desenvolvimento pessoal<\/strong> \u2014 as organiza\u00e7\u00f5es podem promover uma for\u00e7a de trabalho mais engajada e satisfeita\u201d.<\/span><\/p><\/blockquote>\n\n\n\n<div class=\"wp-block-image\"><figure class=\"aligncenter size-large is-resized\"><a href=\"https:\/\/www.instagram.com\/restaurantepegoretti\/\"><img loading=\"lazy\" decoding=\"async\" src=\"https:\/\/jornalfatosenoticias.com.br\/wp-content\/uploads\/2023\/12\/pegoretti-logo-pdf-1024x389.jpg\" alt=\"\" class=\"wp-image-47536\" width=\"522\" height=\"198\" srcset=\"https:\/\/jornalfatosenoticias.com.br\/wp-content\/uploads\/2023\/12\/pegoretti-logo-pdf-1024x389.jpg 1024w, https:\/\/jornalfatosenoticias.com.br\/wp-content\/uploads\/2023\/12\/pegoretti-logo-pdf-300x114.jpg 300w, https:\/\/jornalfatosenoticias.com.br\/wp-content\/uploads\/2023\/12\/pegoretti-logo-pdf-768x291.jpg 768w, https:\/\/jornalfatosenoticias.com.br\/wp-content\/uploads\/2023\/12\/pegoretti-logo-pdf.jpg 1120w\" sizes=\"auto, (max-width: 522px) 100vw, 522px\" \/><\/a><\/figure><\/div>\n\n\n\n<p>Christian Dormann, professor de educa\u00e7\u00e3o empresarial e gest\u00e3o da Universidade Johannes Gutenberg de Mainz, na Alemanha, e professor adjunto de pesquisa na Universidade da Austr\u00e1lia do Sul, diz que os psic\u00f3logos h\u00e1 muito presumem que a satisfa\u00e7\u00e3o no trabalho impulsiona a felicidade geral. \u201cNo entanto, nossa pesquisa mostra que o oposto \u00e9 mais poderoso\u201d, diz o Prof. Dormann. \u201cSe os empregadores realmente querem aumentar a satisfa\u00e7\u00e3o no local de trabalho, eles precisam investir no bem-estar mais amplo dos funcion\u00e1rios\u201d.<\/p>\n\n\n\n<div class=\"wp-block-image\"><figure class=\"aligncenter size-large is-resized\"><a href=\"https:\/\/www.instagram.com\/gruposei\/\"><img loading=\"lazy\" decoding=\"async\" src=\"https:\/\/jornalfatosenoticias.com.br\/wp-content\/uploads\/2022\/07\/Logo-Grupo-SEI.jpg\" alt=\"\" class=\"wp-image-31973\" width=\"354\" height=\"186\" srcset=\"https:\/\/jornalfatosenoticias.com.br\/wp-content\/uploads\/2022\/07\/Logo-Grupo-SEI.jpg 713w, https:\/\/jornalfatosenoticias.com.br\/wp-content\/uploads\/2022\/07\/Logo-Grupo-SEI-300x158.jpg 300w\" sizes=\"auto, (max-width: 354px) 100vw, 354px\" \/><\/a><\/figure><\/div>\n\n\n\n<p><strong><span class=\"has-inline-color has-vivid-cyan-blue-color\">Mudan\u00e7a nas empresas<br><\/span><\/strong>Muito se fala sobre a import\u00e2ncia de buscar <a href=\"https:\/\/ciclovivo.com.br\/vida-sustentavel\/equilibrio\/fim-da-escala-6x1-o-caminho-para-o-equilibrio-entre-vida-e-trabalho\/\" target=\"_blank\" rel=\"noreferrer noopener\">equil\u00edbrio<\/a> entre vida pessoal e profissional, mas e se a responsabilidade pudesse ser compartilhada com os pr\u00f3prios empregadores? <\/p>\n\n\n\n<blockquote class=\"wp-block-quote is-layout-flow wp-block-quote-is-layout-flow\"><p><span class=\"has-inline-color has-luminous-vivid-orange-color\">Este estudo fornece um caso convincente para que as empresas adotem uma abordagem que coloque as pessoas em primeiro lugar. Se os funcion\u00e1rios est\u00e3o felizes em suas vidas pessoais, eles trazem essa positividade para o trabalho. \u00c9 um ciclo que as organiza\u00e7\u00f5es podem ajudar a nutrir\u201d, acredita Dormann.<\/span><\/p><\/blockquote>\n\n\n\n<div class=\"wp-block-image\"><figure class=\"aligncenter size-large is-resized\"><a href=\"https:\/\/www.facebook.com\/vetor.vix\/\"><img loading=\"lazy\" decoding=\"async\" src=\"https:\/\/jornalfatosenoticias.com.br\/wp-content\/uploads\/2023\/09\/vetorvix1024_1.jpg\" alt=\"\" class=\"wp-image-44868\" width=\"561\" height=\"149\" srcset=\"https:\/\/jornalfatosenoticias.com.br\/wp-content\/uploads\/2023\/09\/vetorvix1024_1.jpg 1024w, https:\/\/jornalfatosenoticias.com.br\/wp-content\/uploads\/2023\/09\/vetorvix1024_1-300x80.jpg 300w, https:\/\/jornalfatosenoticias.com.br\/wp-content\/uploads\/2023\/09\/vetorvix1024_1-768x205.jpg 768w\" sizes=\"auto, (max-width: 561px) 100vw, 561px\" \/><\/a><\/figure><\/div>\n\n\n\n<p><strong><span class=\"has-inline-color has-vivid-cyan-blue-color\">Os pesquisadores fizeram v\u00e1rias recomenda\u00e7\u00f5es com base nos resultados do estudo:<br><\/span><\/strong>\u27a1 Implementar acordos de trabalho flex\u00edveis para apoiar os compromissos pessoais dos funcion\u00e1rios<br>\u27a1 Incentivar programas de sa\u00fade mental e bem-estar para melhorar a satisfa\u00e7\u00e3o geral com a vida<br>\u27a1 Oferecer oportunidades de crescimento pessoal e profissional que v\u00e3o al\u00e9m das tarefas relacionadas ao trabalho<br>\u27a1 Promover uma cultura no local de trabalho que valorize a vida dos funcion\u00e1rios fora do trabalho.<\/p>\n\n\n\n<div class=\"wp-block-image\"><figure class=\"aligncenter size-large is-resized\"><a href=\"https:\/\/www.ithbrasil.com.br\/\"><img loading=\"lazy\" decoding=\"async\" src=\"https:\/\/jornalfatosenoticias.com.br\/wp-content\/uploads\/2023\/08\/ITH.jpeg\" alt=\"\" class=\"wp-image-44638\" width=\"294\" height=\"239\" srcset=\"https:\/\/jornalfatosenoticias.com.br\/wp-content\/uploads\/2023\/08\/ITH.jpeg 800w, https:\/\/jornalfatosenoticias.com.br\/wp-content\/uploads\/2023\/08\/ITH-300x244.jpeg 300w, https:\/\/jornalfatosenoticias.com.br\/wp-content\/uploads\/2023\/08\/ITH-768x624.jpeg 768w\" sizes=\"auto, (max-width: 294px) 100vw, 294px\" \/><\/a><\/figure><\/div>\n\n\n\n<p><strong>Fonte: <a href=\"https:\/\/ciclovivo.com.br\/vida-sustentavel\/equilibrio\/vida-feliz-impulsiona-satisfacao-no-trabalho-aponta-estudo\/\">CicloVivo<\/a><\/strong><\/p>\n","protected":false},"excerpt":{"rendered":"<p>Investir no bem-estar mais amplo dos funcion\u00e1rios pode ser a chave para melhorar o ambiente profissional Por Marcia Sousa Trabalhar com prop\u00f3sito, encontrando satisfa\u00e7\u00e3o no trabalho \u00e9 considerado um dos caminhos para a realiza\u00e7\u00e3o pessoal \u2014 uma vez que boa parte do dia \u00e9 gasto no emprego. Diversos estudos tamb\u00e9m afirmam a import\u00e2ncia do assunto. [&hellip;]<\/p>\n","protected":false},"author":2,"featured_media":58364,"comment_status":"open","ping_status":"open","sticky":false,"template":"","format":"standard","meta":{"footnotes":""},"categories":[2522],"tags":[26591,386,1357,13006,245,23831],"class_list":["post-58363","post","type-post","status-publish","format-standard","has-post-thumbnail","hentry","category-comportamento","tag-ambiente-profissional","tag-equilibrio","tag-felicidade","tag-funcionarios","tag-trabalho","tag-vida-feliz"],"yoast_head":"<!-- This site is optimized with the Yoast SEO plugin v26.5 - https:\/\/yoast.com\/wordpress\/plugins\/seo\/ -->\n<title>Vida feliz impulsiona satisfa\u00e7\u00e3o no trabalho, aponta estudo - Jornal Fatos e Not\u00edcias<\/title>\n<meta name=\"robots\" content=\"index, follow, max-snippet:-1, max-image-preview:large, max-video-preview:-1\" \/>\n<link rel=\"canonical\" href=\"https:\/\/jornalfatosenoticias.com.br\/index.php\/2025\/04\/08\/vida-feliz-impulsiona-satisfacao-no-trabalho-aponta-estudo\/\" \/>\n<meta property=\"og:locale\" content=\"pt_BR\" \/>\n<meta property=\"og:type\" content=\"article\" \/>\n<meta property=\"og:title\" content=\"Vida feliz impulsiona satisfa\u00e7\u00e3o no trabalho, aponta estudo - Jornal Fatos e Not\u00edcias\" \/>\n<meta property=\"og:description\" content=\"Investir no bem-estar mais amplo dos funcion\u00e1rios pode ser a chave para melhorar o ambiente profissional Por Marcia Sousa Trabalhar com prop\u00f3sito, encontrando satisfa\u00e7\u00e3o no trabalho \u00e9 considerado um dos caminhos para a realiza\u00e7\u00e3o pessoal \u2014 uma vez que boa parte do dia \u00e9 gasto no emprego. Diversos estudos tamb\u00e9m afirmam a import\u00e2ncia do assunto. [&hellip;]\" \/>\n<meta property=\"og:url\" content=\"https:\/\/jornalfatosenoticias.com.br\/index.php\/2025\/04\/08\/vida-feliz-impulsiona-satisfacao-no-trabalho-aponta-estudo\/\" \/>\n<meta property=\"og:site_name\" content=\"Jornal Fatos e Not\u00edcias\" \/>\n<meta property=\"article:published_time\" content=\"2025-04-08T13:49:17+00:00\" \/>\n<meta property=\"article:modified_time\" content=\"2025-04-08T13:49:19+00:00\" \/>\n<meta property=\"og:image\" content=\"https:\/\/jornalfatosenoticias.com.br\/wp-content\/uploads\/2025\/04\/vida-feliz-no-trabalho_freepik.jpg\" \/>\n\t<meta property=\"og:image:width\" content=\"1000\" \/>\n\t<meta property=\"og:image:height\" content=\"666\" \/>\n\t<meta property=\"og:image:type\" content=\"image\/jpeg\" \/>\n<meta name=\"author\" content=\"Luzimara Fernandes\" \/>\n<meta name=\"twitter:card\" content=\"summary_large_image\" \/>\n<meta name=\"twitter:label1\" content=\"Escrito por\" \/>\n\t<meta name=\"twitter:data1\" content=\"Luzimara Fernandes\" \/>\n\t<meta name=\"twitter:label2\" content=\"Est. tempo de leitura\" \/>\n\t<meta name=\"twitter:data2\" content=\"3 minutos\" \/>\n<script type=\"application\/ld+json\" class=\"yoast-schema-graph\">{\"@context\":\"https:\/\/schema.org\",\"@graph\":[{\"@type\":\"Article\",\"@id\":\"https:\/\/jornalfatosenoticias.com.br\/index.php\/2025\/04\/08\/vida-feliz-impulsiona-satisfacao-no-trabalho-aponta-estudo\/#article\",\"isPartOf\":{\"@id\":\"https:\/\/jornalfatosenoticias.com.br\/index.php\/2025\/04\/08\/vida-feliz-impulsiona-satisfacao-no-trabalho-aponta-estudo\/\"},\"author\":{\"name\":\"Luzimara Fernandes\",\"@id\":\"https:\/\/jornalfatosenoticias.com.br\/#\/schema\/person\/d63837fa13ac8666eb9e74e0985d6f81\"},\"headline\":\"Vida feliz impulsiona satisfa\u00e7\u00e3o no trabalho, aponta estudo\",\"datePublished\":\"2025-04-08T13:49:17+00:00\",\"dateModified\":\"2025-04-08T13:49:19+00:00\",\"mainEntityOfPage\":{\"@id\":\"https:\/\/jornalfatosenoticias.com.br\/index.php\/2025\/04\/08\/vida-feliz-impulsiona-satisfacao-no-trabalho-aponta-estudo\/\"},\"wordCount\":546,\"commentCount\":0,\"publisher\":{\"@id\":\"https:\/\/jornalfatosenoticias.com.br\/#organization\"},\"image\":{\"@id\":\"https:\/\/jornalfatosenoticias.com.br\/index.php\/2025\/04\/08\/vida-feliz-impulsiona-satisfacao-no-trabalho-aponta-estudo\/#primaryimage\"},\"thumbnailUrl\":\"https:\/\/jornalfatosenoticias.com.br\/wp-content\/uploads\/2025\/04\/vida-feliz-no-trabalho_freepik.jpg\",\"keywords\":[\"ambiente profissional\",\"equil\u00edbrio\",\"felicidade\",\"funcion\u00e1rios\",\"trabalho\",\"vida feliz\"],\"articleSection\":[\"Comportamento &amp; Equil\u00edbrio\"],\"inLanguage\":\"pt-BR\",\"potentialAction\":[{\"@type\":\"CommentAction\",\"name\":\"Comment\",\"target\":[\"https:\/\/jornalfatosenoticias.com.br\/index.php\/2025\/04\/08\/vida-feliz-impulsiona-satisfacao-no-trabalho-aponta-estudo\/#respond\"]}]},{\"@type\":\"WebPage\",\"@id\":\"https:\/\/jornalfatosenoticias.com.br\/index.php\/2025\/04\/08\/vida-feliz-impulsiona-satisfacao-no-trabalho-aponta-estudo\/\",\"url\":\"https:\/\/jornalfatosenoticias.com.br\/index.php\/2025\/04\/08\/vida-feliz-impulsiona-satisfacao-no-trabalho-aponta-estudo\/\",\"name\":\"Vida feliz impulsiona satisfa\u00e7\u00e3o no trabalho, aponta estudo - Jornal Fatos e Not\u00edcias\",\"isPartOf\":{\"@id\":\"https:\/\/jornalfatosenoticias.com.br\/#website\"},\"primaryImageOfPage\":{\"@id\":\"https:\/\/jornalfatosenoticias.com.br\/index.php\/2025\/04\/08\/vida-feliz-impulsiona-satisfacao-no-trabalho-aponta-estudo\/#primaryimage\"},\"image\":{\"@id\":\"https:\/\/jornalfatosenoticias.com.br\/index.php\/2025\/04\/08\/vida-feliz-impulsiona-satisfacao-no-trabalho-aponta-estudo\/#primaryimage\"},\"thumbnailUrl\":\"https:\/\/jornalfatosenoticias.com.br\/wp-content\/uploads\/2025\/04\/vida-feliz-no-trabalho_freepik.jpg\",\"datePublished\":\"2025-04-08T13:49:17+00:00\",\"dateModified\":\"2025-04-08T13:49:19+00:00\",\"breadcrumb\":{\"@id\":\"https:\/\/jornalfatosenoticias.com.br\/index.php\/2025\/04\/08\/vida-feliz-impulsiona-satisfacao-no-trabalho-aponta-estudo\/#breadcrumb\"},\"inLanguage\":\"pt-BR\",\"potentialAction\":[{\"@type\":\"ReadAction\",\"target\":[\"https:\/\/jornalfatosenoticias.com.br\/index.php\/2025\/04\/08\/vida-feliz-impulsiona-satisfacao-no-trabalho-aponta-estudo\/\"]}]},{\"@type\":\"ImageObject\",\"inLanguage\":\"pt-BR\",\"@id\":\"https:\/\/jornalfatosenoticias.com.br\/index.php\/2025\/04\/08\/vida-feliz-impulsiona-satisfacao-no-trabalho-aponta-estudo\/#primaryimage\",\"url\":\"https:\/\/jornalfatosenoticias.com.br\/wp-content\/uploads\/2025\/04\/vida-feliz-no-trabalho_freepik.jpg\",\"contentUrl\":\"https:\/\/jornalfatosenoticias.com.br\/wp-content\/uploads\/2025\/04\/vida-feliz-no-trabalho_freepik.jpg\",\"width\":1000,\"height\":666,\"caption\":\"Young cheerful entrepreneurs having fun while working together in the office.\"},{\"@type\":\"BreadcrumbList\",\"@id\":\"https:\/\/jornalfatosenoticias.com.br\/index.php\/2025\/04\/08\/vida-feliz-impulsiona-satisfacao-no-trabalho-aponta-estudo\/#breadcrumb\",\"itemListElement\":[{\"@type\":\"ListItem\",\"position\":1,\"name\":\"In\u00edcio\",\"item\":\"https:\/\/jornalfatosenoticias.com.br\/\"},{\"@type\":\"ListItem\",\"position\":2,\"name\":\"Vida feliz impulsiona satisfa\u00e7\u00e3o no trabalho, aponta estudo\"}]},{\"@type\":\"WebSite\",\"@id\":\"https:\/\/jornalfatosenoticias.com.br\/#website\",\"url\":\"https:\/\/jornalfatosenoticias.com.br\/\",\"name\":\"Jornal Fatos e Not\u00edcias\",\"description\":\"Not\u00edcias em geral\",\"publisher\":{\"@id\":\"https:\/\/jornalfatosenoticias.com.br\/#organization\"},\"potentialAction\":[{\"@type\":\"SearchAction\",\"target\":{\"@type\":\"EntryPoint\",\"urlTemplate\":\"https:\/\/jornalfatosenoticias.com.br\/?s={search_term_string}\"},\"query-input\":{\"@type\":\"PropertyValueSpecification\",\"valueRequired\":true,\"valueName\":\"search_term_string\"}}],\"inLanguage\":\"pt-BR\"},{\"@type\":\"Organization\",\"@id\":\"https:\/\/jornalfatosenoticias.com.br\/#organization\",\"name\":\"Jornal Fatos e Not\u00edcias\",\"url\":\"https:\/\/jornalfatosenoticias.com.br\/\",\"logo\":{\"@type\":\"ImageObject\",\"inLanguage\":\"pt-BR\",\"@id\":\"https:\/\/jornalfatosenoticias.com.br\/#\/schema\/logo\/image\/\",\"url\":\"https:\/\/jornalfatosenoticias.com.br\/wp-content\/uploads\/2020\/02\/logo120.png\",\"contentUrl\":\"https:\/\/jornalfatosenoticias.com.br\/wp-content\/uploads\/2020\/02\/logo120.png\",\"width\":1227,\"height\":120,\"caption\":\"Jornal Fatos e Not\u00edcias\"},\"image\":{\"@id\":\"https:\/\/jornalfatosenoticias.com.br\/#\/schema\/logo\/image\/\"}},{\"@type\":\"Person\",\"@id\":\"https:\/\/jornalfatosenoticias.com.br\/#\/schema\/person\/d63837fa13ac8666eb9e74e0985d6f81\",\"name\":\"Luzimara Fernandes\",\"image\":{\"@type\":\"ImageObject\",\"inLanguage\":\"pt-BR\",\"@id\":\"https:\/\/jornalfatosenoticias.com.br\/#\/schema\/person\/image\/\",\"url\":\"https:\/\/jornalfatosenoticias.com.br\/wp-content\/uploads\/2025\/05\/EU_portal.jpg\",\"contentUrl\":\"https:\/\/jornalfatosenoticias.com.br\/wp-content\/uploads\/2025\/05\/EU_portal.jpg\",\"caption\":\"Luzimara Fernandes\"},\"description\":\"Jornalista MTB 2358-ES\",\"sameAs\":[\"https:\/\/jornalfatosenoticias.com.br\"],\"url\":\"https:\/\/jornalfatosenoticias.com.br\/index.php\/author\/luzimara\/\"}]}<\/script>\n<!-- \/ Yoast SEO plugin. -->","yoast_head_json":{"title":"Vida feliz impulsiona satisfa\u00e7\u00e3o no trabalho, aponta estudo - Jornal Fatos e Not\u00edcias","robots":{"index":"index","follow":"follow","max-snippet":"max-snippet:-1","max-image-preview":"max-image-preview:large","max-video-preview":"max-video-preview:-1"},"canonical":"https:\/\/jornalfatosenoticias.com.br\/index.php\/2025\/04\/08\/vida-feliz-impulsiona-satisfacao-no-trabalho-aponta-estudo\/","og_locale":"pt_BR","og_type":"article","og_title":"Vida feliz impulsiona satisfa\u00e7\u00e3o no trabalho, aponta estudo - Jornal Fatos e Not\u00edcias","og_description":"Investir no bem-estar mais amplo dos funcion\u00e1rios pode ser a chave para melhorar o ambiente profissional Por Marcia Sousa Trabalhar com prop\u00f3sito, encontrando satisfa\u00e7\u00e3o no trabalho \u00e9 considerado um dos caminhos para a realiza\u00e7\u00e3o pessoal \u2014 uma vez que boa parte do dia \u00e9 gasto no emprego. Diversos estudos tamb\u00e9m afirmam a import\u00e2ncia do assunto. [&hellip;]","og_url":"https:\/\/jornalfatosenoticias.com.br\/index.php\/2025\/04\/08\/vida-feliz-impulsiona-satisfacao-no-trabalho-aponta-estudo\/","og_site_name":"Jornal Fatos e Not\u00edcias","article_published_time":"2025-04-08T13:49:17+00:00","article_modified_time":"2025-04-08T13:49:19+00:00","og_image":[{"width":1000,"height":666,"url":"https:\/\/jornalfatosenoticias.com.br\/wp-content\/uploads\/2025\/04\/vida-feliz-no-trabalho_freepik.jpg","type":"image\/jpeg"}],"author":"Luzimara Fernandes","twitter_card":"summary_large_image","twitter_misc":{"Escrito por":"Luzimara Fernandes","Est. tempo de leitura":"3 minutos"},"schema":{"@context":"https:\/\/schema.org","@graph":[{"@type":"Article","@id":"https:\/\/jornalfatosenoticias.com.br\/index.php\/2025\/04\/08\/vida-feliz-impulsiona-satisfacao-no-trabalho-aponta-estudo\/#article","isPartOf":{"@id":"https:\/\/jornalfatosenoticias.com.br\/index.php\/2025\/04\/08\/vida-feliz-impulsiona-satisfacao-no-trabalho-aponta-estudo\/"},"author":{"name":"Luzimara Fernandes","@id":"https:\/\/jornalfatosenoticias.com.br\/#\/schema\/person\/d63837fa13ac8666eb9e74e0985d6f81"},"headline":"Vida feliz impulsiona satisfa\u00e7\u00e3o no trabalho, aponta estudo","datePublished":"2025-04-08T13:49:17+00:00","dateModified":"2025-04-08T13:49:19+00:00","mainEntityOfPage":{"@id":"https:\/\/jornalfatosenoticias.com.br\/index.php\/2025\/04\/08\/vida-feliz-impulsiona-satisfacao-no-trabalho-aponta-estudo\/"},"wordCount":546,"commentCount":0,"publisher":{"@id":"https:\/\/jornalfatosenoticias.com.br\/#organization"},"image":{"@id":"https:\/\/jornalfatosenoticias.com.br\/index.php\/2025\/04\/08\/vida-feliz-impulsiona-satisfacao-no-trabalho-aponta-estudo\/#primaryimage"},"thumbnailUrl":"https:\/\/jornalfatosenoticias.com.br\/wp-content\/uploads\/2025\/04\/vida-feliz-no-trabalho_freepik.jpg","keywords":["ambiente profissional","equil\u00edbrio","felicidade","funcion\u00e1rios","trabalho","vida feliz"],"articleSection":["Comportamento &amp; Equil\u00edbrio"],"inLanguage":"pt-BR","potentialAction":[{"@type":"CommentAction","name":"Comment","target":["https:\/\/jornalfatosenoticias.com.br\/index.php\/2025\/04\/08\/vida-feliz-impulsiona-satisfacao-no-trabalho-aponta-estudo\/#respond"]}]},{"@type":"WebPage","@id":"https:\/\/jornalfatosenoticias.com.br\/index.php\/2025\/04\/08\/vida-feliz-impulsiona-satisfacao-no-trabalho-aponta-estudo\/","url":"https:\/\/jornalfatosenoticias.com.br\/index.php\/2025\/04\/08\/vida-feliz-impulsiona-satisfacao-no-trabalho-aponta-estudo\/","name":"Vida feliz impulsiona satisfa\u00e7\u00e3o no trabalho, aponta estudo - Jornal Fatos e Not\u00edcias","isPartOf":{"@id":"https:\/\/jornalfatosenoticias.com.br\/#website"},"primaryImageOfPage":{"@id":"https:\/\/jornalfatosenoticias.com.br\/index.php\/2025\/04\/08\/vida-feliz-impulsiona-satisfacao-no-trabalho-aponta-estudo\/#primaryimage"},"image":{"@id":"https:\/\/jornalfatosenoticias.com.br\/index.php\/2025\/04\/08\/vida-feliz-impulsiona-satisfacao-no-trabalho-aponta-estudo\/#primaryimage"},"thumbnailUrl":"https:\/\/jornalfatosenoticias.com.br\/wp-content\/uploads\/2025\/04\/vida-feliz-no-trabalho_freepik.jpg","datePublished":"2025-04-08T13:49:17+00:00","dateModified":"2025-04-08T13:49:19+00:00","breadcrumb":{"@id":"https:\/\/jornalfatosenoticias.com.br\/index.php\/2025\/04\/08\/vida-feliz-impulsiona-satisfacao-no-trabalho-aponta-estudo\/#breadcrumb"},"inLanguage":"pt-BR","potentialAction":[{"@type":"ReadAction","target":["https:\/\/jornalfatosenoticias.com.br\/index.php\/2025\/04\/08\/vida-feliz-impulsiona-satisfacao-no-trabalho-aponta-estudo\/"]}]},{"@type":"ImageObject","inLanguage":"pt-BR","@id":"https:\/\/jornalfatosenoticias.com.br\/index.php\/2025\/04\/08\/vida-feliz-impulsiona-satisfacao-no-trabalho-aponta-estudo\/#primaryimage","url":"https:\/\/jornalfatosenoticias.com.br\/wp-content\/uploads\/2025\/04\/vida-feliz-no-trabalho_freepik.jpg","contentUrl":"https:\/\/jornalfatosenoticias.com.br\/wp-content\/uploads\/2025\/04\/vida-feliz-no-trabalho_freepik.jpg","width":1000,"height":666,"caption":"Young cheerful entrepreneurs having fun while working together in the office."},{"@type":"BreadcrumbList","@id":"https:\/\/jornalfatosenoticias.com.br\/index.php\/2025\/04\/08\/vida-feliz-impulsiona-satisfacao-no-trabalho-aponta-estudo\/#breadcrumb","itemListElement":[{"@type":"ListItem","position":1,"name":"In\u00edcio","item":"https:\/\/jornalfatosenoticias.com.br\/"},{"@type":"ListItem","position":2,"name":"Vida feliz impulsiona satisfa\u00e7\u00e3o no trabalho, aponta estudo"}]},{"@type":"WebSite","@id":"https:\/\/jornalfatosenoticias.com.br\/#website","url":"https:\/\/jornalfatosenoticias.com.br\/","name":"Jornal Fatos e Not\u00edcias","description":"Not\u00edcias em geral","publisher":{"@id":"https:\/\/jornalfatosenoticias.com.br\/#organization"},"potentialAction":[{"@type":"SearchAction","target":{"@type":"EntryPoint","urlTemplate":"https:\/\/jornalfatosenoticias.com.br\/?s={search_term_string}"},"query-input":{"@type":"PropertyValueSpecification","valueRequired":true,"valueName":"search_term_string"}}],"inLanguage":"pt-BR"},{"@type":"Organization","@id":"https:\/\/jornalfatosenoticias.com.br\/#organization","name":"Jornal Fatos e Not\u00edcias","url":"https:\/\/jornalfatosenoticias.com.br\/","logo":{"@type":"ImageObject","inLanguage":"pt-BR","@id":"https:\/\/jornalfatosenoticias.com.br\/#\/schema\/logo\/image\/","url":"https:\/\/jornalfatosenoticias.com.br\/wp-content\/uploads\/2020\/02\/logo120.png","contentUrl":"https:\/\/jornalfatosenoticias.com.br\/wp-content\/uploads\/2020\/02\/logo120.png","width":1227,"height":120,"caption":"Jornal Fatos e Not\u00edcias"},"image":{"@id":"https:\/\/jornalfatosenoticias.com.br\/#\/schema\/logo\/image\/"}},{"@type":"Person","@id":"https:\/\/jornalfatosenoticias.com.br\/#\/schema\/person\/d63837fa13ac8666eb9e74e0985d6f81","name":"Luzimara Fernandes","image":{"@type":"ImageObject","inLanguage":"pt-BR","@id":"https:\/\/jornalfatosenoticias.com.br\/#\/schema\/person\/image\/","url":"https:\/\/jornalfatosenoticias.com.br\/wp-content\/uploads\/2025\/05\/EU_portal.jpg","contentUrl":"https:\/\/jornalfatosenoticias.com.br\/wp-content\/uploads\/2025\/05\/EU_portal.jpg","caption":"Luzimara Fernandes"},"description":"Jornalista MTB 2358-ES","sameAs":["https:\/\/jornalfatosenoticias.com.br"],"url":"https:\/\/jornalfatosenoticias.com.br\/index.php\/author\/luzimara\/"}]}},"cc_featured_image_caption":{"caption_text":"(Foto: Freepik) ","source_text":"","source_url":""},"jetpack_featured_media_url":"https:\/\/jornalfatosenoticias.com.br\/wp-content\/uploads\/2025\/04\/vida-feliz-no-trabalho_freepik.jpg","_links":{"self":[{"href":"https:\/\/jornalfatosenoticias.com.br\/index.php\/wp-json\/wp\/v2\/posts\/58363","targetHints":{"allow":["GET"]}}],"collection":[{"href":"https:\/\/jornalfatosenoticias.com.br\/index.php\/wp-json\/wp\/v2\/posts"}],"about":[{"href":"https:\/\/jornalfatosenoticias.com.br\/index.php\/wp-json\/wp\/v2\/types\/post"}],"author":[{"embeddable":true,"href":"https:\/\/jornalfatosenoticias.com.br\/index.php\/wp-json\/wp\/v2\/users\/2"}],"replies":[{"embeddable":true,"href":"https:\/\/jornalfatosenoticias.com.br\/index.php\/wp-json\/wp\/v2\/comments?post=58363"}],"version-history":[{"count":0,"href":"https:\/\/jornalfatosenoticias.com.br\/index.php\/wp-json\/wp\/v2\/posts\/58363\/revisions"}],"wp:featuredmedia":[{"embeddable":true,"href":"https:\/\/jornalfatosenoticias.com.br\/index.php\/wp-json\/wp\/v2\/media\/58364"}],"wp:attachment":[{"href":"https:\/\/jornalfatosenoticias.com.br\/index.php\/wp-json\/wp\/v2\/media?parent=58363"}],"wp:term":[{"taxonomy":"category","embeddable":true,"href":"https:\/\/jornalfatosenoticias.com.br\/index.php\/wp-json\/wp\/v2\/categories?post=58363"},{"taxonomy":"post_tag","embeddable":true,"href":"https:\/\/jornalfatosenoticias.com.br\/index.php\/wp-json\/wp\/v2\/tags?post=58363"}],"curies":[{"name":"wp","href":"https:\/\/api.w.org\/{rel}","templated":true}]}}