{"id":58369,"date":"2025-04-08T12:59:41","date_gmt":"2025-04-08T15:59:41","guid":{"rendered":"https:\/\/jornalfatosenoticias.com.br\/?p=58369"},"modified":"2025-04-08T12:59:42","modified_gmt":"2025-04-08T15:59:42","slug":"racha-politico-no-maranhao-chega-ao-stf-com-suspeitas-sobre-assessores-de-dino","status":"publish","type":"post","link":"https:\/\/jornalfatosenoticias.com.br\/index.php\/2025\/04\/08\/racha-politico-no-maranhao-chega-ao-stf-com-suspeitas-sobre-assessores-de-dino\/","title":{"rendered":"Racha pol\u00edtico no Maranh\u00e3o chega ao STF com suspeitas sobre assessores de Dino"},"content":{"rendered":"\n<p><em><span class=\"has-inline-color has-black-color\">Assessores de Fl\u00e1vio Dino no STF negam atua\u00e7\u00e3o il\u00edcita<\/span><\/em><\/p>\n\n\n\n<p><span class=\"has-inline-color has-black-color\">Por <strong><a href=\"https:\/\/www.gazetadopovo.com.br\/autor\/renan-ramalho\/\" rel=\"nofollow\">Renan Ramalho<\/a><\/strong><\/span><\/p>\n\n\n\n<div class=\"wp-block-image\"><figure class=\"aligncenter size-large is-resized\"><a href=\"https:\/\/www.facebook.com\/vetor.vix\/\"><img loading=\"lazy\" decoding=\"async\" src=\"https:\/\/jornalfatosenoticias.com.br\/wp-content\/uploads\/2023\/09\/vetorvix1024_1.jpg\" alt=\"\" class=\"wp-image-44868\" width=\"546\" height=\"145\" srcset=\"https:\/\/jornalfatosenoticias.com.br\/wp-content\/uploads\/2023\/09\/vetorvix1024_1.jpg 1024w, https:\/\/jornalfatosenoticias.com.br\/wp-content\/uploads\/2023\/09\/vetorvix1024_1-300x80.jpg 300w, https:\/\/jornalfatosenoticias.com.br\/wp-content\/uploads\/2023\/09\/vetorvix1024_1-768x205.jpg 768w\" sizes=\"auto, (max-width: 546px) 100vw, 546px\" \/><\/a><\/figure><\/div>\n\n\n\n<p>Uma desaven\u00e7a pol\u00edtica no Maranh\u00e3o entre o atual governador, Carlos Brand\u00e3o (PSB), e um ex-aliado pol\u00edtico, o deputado estadual Othelino Neto (Solidariedade), ganhou contornos maiores, que incluem o lan\u00e7amento de suspeitas sobre assessores do ministro Fl\u00e1vio Dino, do Supremo Tribunal Federal (STF), ex-governador do estado.<br>Numa peti\u00e7\u00e3o enviada no \u00faltimo dia 25 de mar\u00e7o ao ministro Alexandre de Moraes, o procurador-geral do estado do Maranh\u00e3o, Valdenio Caminha, que atua em defesa do governo de Brand\u00e3o, pediu uma investiga\u00e7\u00e3o sobre dois auxiliares diretos de Dino no STF por \u201cposs\u00edvel atua\u00e7\u00e3o criminosa\u201d.<\/p>\n\n\n\n<div class=\"wp-block-image\"><figure class=\"aligncenter size-large\"><a href=\"http:\/\/www.ferrarimaquinas.com.br\/\"><img loading=\"lazy\" decoding=\"async\" width=\"300\" height=\"250\" src=\"https:\/\/jornalfatosenoticias.com.br\/wp-content\/uploads\/2022\/02\/FERRARI_MAQUINAS-E-FERRAMENTAS2.jpg\" alt=\"\" class=\"wp-image-27860\"\/><\/a><\/figure><\/div>\n\n\n\n<p>Caminha insinua, sem provas evidentes, que os dois assessores supostamente teriam repassado ao Solidariedade, de Othelino, documentos da Procuradoria-Geral do Maranh\u00e3o, numa a\u00e7\u00e3o que o partido move contra a administra\u00e7\u00e3o Brand\u00e3o no STF. Os dois assessores s\u00e3o procuradores do estado concursados, mas hoje n\u00e3o atuam em defesa do estado, pois est\u00e3o cedidos ao gabinete de Dino no STF, onde trabalham. At\u00e9 o momento, Alexandre de Moraes n\u00e3o despachou sobre o pedido de investiga\u00e7\u00e3o.<\/p>\n\n\n\n<div class=\"wp-block-image\"><figure class=\"aligncenter size-large is-resized\"><a href=\"https:\/\/www.facebook.com\/profile.php?id=100069289606145\"><img loading=\"lazy\" decoding=\"async\" src=\"https:\/\/jornalfatosenoticias.com.br\/wp-content\/uploads\/2024\/11\/Guaitolini-Contabilidade-1024x714.jpeg\" alt=\"\" class=\"wp-image-55808\" width=\"316\" height=\"220\" srcset=\"https:\/\/jornalfatosenoticias.com.br\/wp-content\/uploads\/2024\/11\/Guaitolini-Contabilidade-1024x714.jpeg 1024w, https:\/\/jornalfatosenoticias.com.br\/wp-content\/uploads\/2024\/11\/Guaitolini-Contabilidade-300x209.jpeg 300w, https:\/\/jornalfatosenoticias.com.br\/wp-content\/uploads\/2024\/11\/Guaitolini-Contabilidade-768x535.jpeg 768w, https:\/\/jornalfatosenoticias.com.br\/wp-content\/uploads\/2024\/11\/Guaitolini-Contabilidade.jpeg 1280w\" sizes=\"auto, (max-width: 316px) 100vw, 316px\" \/><\/a><\/figure><\/div>\n\n\n\n<p>A a\u00e7\u00e3o do Solidariedade \u2014 cujo diret\u00f3rio estadual \u00e9 comandado pela irm\u00e3 de Othelino \u2014 foi ajuizada em 2024 no STF para denunciar atos de nepotismo de Brand\u00e3o, com a nomea\u00e7\u00e3o de 14 parentes para cargos de alto escal\u00e3o no governo e no Legislativo. <\/p>\n\n\n\n<div class=\"wp-block-image\"><figure class=\"aligncenter size-large\"><a href=\"https:\/\/www.cesconetto.com.br\/\"><img loading=\"lazy\" decoding=\"async\" width=\"300\" height=\"250\" src=\"https:\/\/jornalfatosenoticias.com.br\/wp-content\/uploads\/2020\/02\/Banner-2.png\" alt=\"\" class=\"wp-image-43787\"\/><\/a><\/figure><\/div>\n\n\n\n<p>Desde o fim do ano passado, Alexandre de Moraes, relator da a\u00e7\u00e3o, j\u00e1 afastou oito parentes de Brand\u00e3o de cargos de chefia em \u00f3rg\u00e3os, estatais estaduais e na Assembleia Legislativa, incluindo um irm\u00e3o de Brand\u00e3o, duas cunhadas, um concunhado, uma sobrinha, o marido de uma sobrinha e a sogra de um sobrinho do governador.<\/p>\n\n\n\n<div class=\"wp-block-image\"><figure class=\"aligncenter size-large is-resized\"><a href=\"https:\/\/www.legisjuris.com.br\/\"><img loading=\"lazy\" decoding=\"async\" src=\"https:\/\/jornalfatosenoticias.com.br\/wp-content\/uploads\/2024\/09\/Legis-Juris-Consultoria_logo.jpg\" alt=\"\" class=\"wp-image-53915\" width=\"532\" height=\"223\" srcset=\"https:\/\/jornalfatosenoticias.com.br\/wp-content\/uploads\/2024\/09\/Legis-Juris-Consultoria_logo.jpg 969w, https:\/\/jornalfatosenoticias.com.br\/wp-content\/uploads\/2024\/09\/Legis-Juris-Consultoria_logo-300x126.jpg 300w, https:\/\/jornalfatosenoticias.com.br\/wp-content\/uploads\/2024\/09\/Legis-Juris-Consultoria_logo-768x322.jpg 768w\" sizes=\"auto, (max-width: 532px) 100vw, 532px\" \/><\/a><\/figure><\/div>\n\n\n\n<p>O procurador-geral, Valdenio Caminha, que acusa os dois assessores de Dino, tamb\u00e9m \u00e9 alvo de um pedido de afastamento do Solidariedade, porque teria autorizado, num parecer sigiloso, a continuidade de pagamento de sal\u00e1rio a um dos parentes de Brand\u00e3o afastados. Caminha, ent\u00e3o, comunicou ao STF que informa\u00e7\u00f5es desse procedimento foram repassadas ao Solidariedade por dois assessores de Dino. Os dois assessores negam e refutam qualquer ato il\u00edcito. Eles pretendem responsabilizar Valdenio Caminha judicialmente por acus\u00e1-los de acessar o sistema interno para auxiliar o Solidariedade.<\/p>\n\n\n\n<div class=\"wp-block-image\"><figure class=\"aligncenter size-large is-resized\"><a href=\"https:\/\/www.controlsystems.com.br\/\"><img loading=\"lazy\" decoding=\"async\" src=\"https:\/\/jornalfatosenoticias.com.br\/wp-content\/uploads\/2020\/02\/CONTROL-CS.jpg\" alt=\"\" class=\"wp-image-44991\" width=\"266\" height=\"319\" srcset=\"https:\/\/jornalfatosenoticias.com.br\/wp-content\/uploads\/2020\/02\/CONTROL-CS.jpg 834w, https:\/\/jornalfatosenoticias.com.br\/wp-content\/uploads\/2020\/02\/CONTROL-CS-250x300.jpg 250w, https:\/\/jornalfatosenoticias.com.br\/wp-content\/uploads\/2020\/02\/CONTROL-CS-768x921.jpg 768w\" sizes=\"auto, (max-width: 266px) 100vw, 266px\" \/><\/a><\/figure><\/div>\n\n\n\n<p>A Alexandre de Moraes, Valdenio Caminha ainda afirmou que o pedido do Solidariedade para afast\u00e1-lo do cargo foi apresentado, em fevereiro, logo ap\u00f3s um pedido para a Procuradoria do Estado reabrir uma investiga\u00e7\u00e3o antiga sobre Othelino, por suposto com\u00e9rcio ilegal de madeira entre 2006 e 2008.<\/p>\n\n\n\n<div class=\"wp-block-image\"><figure class=\"aligncenter size-large is-resized\"><a href=\"https:\/\/hotelmarquetti.com.br\/\"><img loading=\"lazy\" decoding=\"async\" src=\"https:\/\/jornalfatosenoticias.com.br\/wp-content\/uploads\/2020\/02\/LOGO-MQ-1024x680.jpg\" alt=\"\" class=\"wp-image-58299\" width=\"331\" height=\"220\" srcset=\"https:\/\/jornalfatosenoticias.com.br\/wp-content\/uploads\/2020\/02\/LOGO-MQ-1024x680.jpg 1024w, https:\/\/jornalfatosenoticias.com.br\/wp-content\/uploads\/2020\/02\/LOGO-MQ-300x199.jpg 300w, https:\/\/jornalfatosenoticias.com.br\/wp-content\/uploads\/2020\/02\/LOGO-MQ-768x510.jpg 768w, https:\/\/jornalfatosenoticias.com.br\/wp-content\/uploads\/2020\/02\/LOGO-MQ-1536x1020.jpg 1536w, https:\/\/jornalfatosenoticias.com.br\/wp-content\/uploads\/2020\/02\/LOGO-MQ-2048x1360.jpg 2048w\" sizes=\"auto, (max-width: 331px) 100vw, 331px\" \/><\/a><\/figure><\/div>\n\n\n\n<p>Governador do Maranh\u00e3o entre 2015 e 2022, Dino tinha como vice, em seu \u00faltimo mandato, Carlos Brand\u00e3o, que o sucedeu no governo \u2014 o ministro deixou o cargo para concorrer ao Senado \u2014 e foi reeleito naquele ano. Desde ent\u00e3o, os dois se afastaram.<\/p>\n\n\n\n<div class=\"wp-block-image\"><figure class=\"aligncenter size-large is-resized\"><a href=\"https:\/\/www.instagram.com\/serra4x4cambioautomatico\/\"><img loading=\"lazy\" decoding=\"async\" src=\"https:\/\/jornalfatosenoticias.com.br\/wp-content\/uploads\/2024\/08\/Serra-4x4-1-886x1024.jpg\" alt=\"\" class=\"wp-image-53632\" width=\"246\" height=\"284\" srcset=\"https:\/\/jornalfatosenoticias.com.br\/wp-content\/uploads\/2024\/08\/Serra-4x4-1-886x1024.jpg 886w, https:\/\/jornalfatosenoticias.com.br\/wp-content\/uploads\/2024\/08\/Serra-4x4-1-260x300.jpg 260w, https:\/\/jornalfatosenoticias.com.br\/wp-content\/uploads\/2024\/08\/Serra-4x4-1-768x888.jpg 768w, https:\/\/jornalfatosenoticias.com.br\/wp-content\/uploads\/2024\/08\/Serra-4x4-1.jpg 1181w\" sizes=\"auto, (max-width: 246px) 100vw, 246px\" \/><\/a><\/figure><\/div>\n\n\n\n<p>Othelino, por sua vez, era aliado de Brand\u00e3o, mas tamb\u00e9m rompeu com ele. Ele \u00e9 marido da senadora Ana Paula Lobato (PDT-MA), que foi suplente de Dino e herdou sua cadeira no Senado ap\u00f3s ele se licenciar para ser ministro da Justi\u00e7a e depois renunciar ao mandato para ser ministro do STF. Interlocutores afirmam que, depois que assumiu a cadeira na Corte, Dino tamb\u00e9m se afastou de Othelino. O ministro do STF n\u00e3o se manifestou sobre o caso.<\/p>\n\n\n\n<div class=\"wp-block-image\"><figure class=\"aligncenter size-large is-resized\"><a href=\"https:\/\/panper.com.br\/\"><img loading=\"lazy\" decoding=\"async\" src=\"https:\/\/jornalfatosenoticias.com.br\/wp-content\/uploads\/2023\/03\/logo-Panper_portal.jpg\" alt=\"\" class=\"wp-image-40208\" width=\"289\" height=\"200\" srcset=\"https:\/\/jornalfatosenoticias.com.br\/wp-content\/uploads\/2023\/03\/logo-Panper_portal.jpg 400w, https:\/\/jornalfatosenoticias.com.br\/wp-content\/uploads\/2023\/03\/logo-Panper_portal-300x208.jpg 300w\" sizes=\"auto, (max-width: 289px) 100vw, 289px\" \/><\/a><\/figure><\/div>\n\n\n\n<p><strong><span class=\"has-inline-color has-black-color\">O que dizem os assessores de Dino<br><\/span><\/strong>O assessor de Dino T\u00falio Sim\u00f5es poderia ter fornecido um documento da PGE para o Solidariedade, segundo o procurador-geral Valdenio Caminha. A suspeita foi formulada a partir do rastreamento de acessos. Sim\u00f5es diz que \u201ctodas as rela\u00e7\u00f5es e afirma\u00e7\u00f5es falsas ser\u00e3o respondidas, e seus autores ser\u00e3o responsabilizados\u00a0na\u00a0forma\u00a0da\u00a0lei\u201d. Em nota, afirmou que, como procurador concursado do Maranh\u00e3o e cedido temporariamente ao STF, mant\u00e9m senhas de acesso ao sistema do governo estadual.<\/p>\n\n\n\n<div class=\"wp-block-image\"><figure class=\"aligncenter size-large is-resized\"><a href=\"https:\/\/www.instagram.com\/rcradiadores\/\"><img loading=\"lazy\" decoding=\"async\" src=\"https:\/\/jornalfatosenoticias.com.br\/wp-content\/uploads\/2022\/10\/RC_800x750_page-0001.jpg\" alt=\"\" class=\"wp-image-35338\" width=\"321\" height=\"301\" srcset=\"https:\/\/jornalfatosenoticias.com.br\/wp-content\/uploads\/2022\/10\/RC_800x750_page-0001.jpg 400w, https:\/\/jornalfatosenoticias.com.br\/wp-content\/uploads\/2022\/10\/RC_800x750_page-0001-300x281.jpg 300w\" sizes=\"auto, (max-width: 321px) 100vw, 321px\" \/><\/a><\/figure><\/div>\n\n\n\n<p>\u201cSou Procurador concursado do Estado do Maranh\u00e3o e estou cedido temporariamente ao STF. Mantenho senhas individuais no sistema SEI para fins administrativos e funcionais, jamais tendo acessado referido sistema para fins il\u00edcitos. Todos os acessos realizados foram sempre em car\u00e1ter individual, por vontade pr\u00f3pria e em processos p\u00fablicos. Permane\u00e7o \u00e0 disposi\u00e7\u00e3o da Procuradoria-Geral para prestar qualquer esclarecimento adicional porventura ainda necess\u00e1rio\u201d, afirmou na nota.<\/p>\n\n\n\n<div class=\"wp-block-image\"><figure class=\"aligncenter size-large is-resized\"><a href=\"https:\/\/www.instagram.com\/gruposei\/\"><img loading=\"lazy\" decoding=\"async\" src=\"https:\/\/jornalfatosenoticias.com.br\/wp-content\/uploads\/2022\/07\/Logo-Grupo-SEI.jpg\" alt=\"\" class=\"wp-image-31973\" width=\"363\" height=\"190\" srcset=\"https:\/\/jornalfatosenoticias.com.br\/wp-content\/uploads\/2022\/07\/Logo-Grupo-SEI.jpg 713w, https:\/\/jornalfatosenoticias.com.br\/wp-content\/uploads\/2022\/07\/Logo-Grupo-SEI-300x158.jpg 300w\" sizes=\"auto, (max-width: 363px) 100vw, 363px\" \/><\/a><\/figure><\/div>\n\n\n\n<p>O assessor de Dino Lucas Souza teria extra\u00eddo informa\u00e7\u00f5es de documentos da PGE relacionados \u00e0 a\u00e7\u00e3o do nepotismo no governo, segundo Valdenio Caminha. Souza j\u00e1 interpelou Caminha para prestar esclarecimentos sobre as acusa\u00e7\u00f5es feitas ao STF e ressaltou que os documentos citados pelo procurador-geral s\u00e3o p\u00fablicos na internet.<\/p>\n\n\n\n<div class=\"wp-block-image\"><figure class=\"aligncenter size-large is-resized\"><a href=\"https:\/\/www.ithbrasil.com.br\/\"><img loading=\"lazy\" decoding=\"async\" src=\"https:\/\/jornalfatosenoticias.com.br\/wp-content\/uploads\/2023\/08\/ITH.jpeg\" alt=\"\" class=\"wp-image-44638\" width=\"272\" height=\"221\" srcset=\"https:\/\/jornalfatosenoticias.com.br\/wp-content\/uploads\/2023\/08\/ITH.jpeg 800w, https:\/\/jornalfatosenoticias.com.br\/wp-content\/uploads\/2023\/08\/ITH-300x244.jpeg 300w, https:\/\/jornalfatosenoticias.com.br\/wp-content\/uploads\/2023\/08\/ITH-768x624.jpeg 768w\" sizes=\"auto, (max-width: 272px) 100vw, 272px\" \/><\/a><\/figure><\/div>\n\n\n\n<p>\u201cSou servidor de carreira, concursado, e sempre desenvolvi um trabalho t\u00e9cnico dentro da PGE\/MA, hoje cedido temporariamente ao STF, e em todos os cargos que ocupei na minha trajet\u00f3ria profissional. Todos os documentos e processos que a not\u00edcia de fato alega que eu tive contato s\u00e3o p\u00fablicos e acess\u00edveis via consulta p\u00fablica simples na internet por qualquer cidad\u00e3o. Acessei legitimamente o SEI como servidor, utilizando minha senha individual, por ser o \u00fanico meio pelo qual fa\u00e7o requerimentos como Procurador do Estado do Maranh\u00e3o. Estou \u00e0 disposi\u00e7\u00e3o da Procuradoria-Geral do Estado para quaisquer esclarecimentos eventualmente necess\u00e1rios\u201d, disse em nota.<\/p>\n\n\n\n<div class=\"wp-block-image\"><figure class=\"aligncenter size-large is-resized\"><a href=\"https:\/\/www.facebook.com\/postobkr\/?locale=pt_BR\"><img loading=\"lazy\" decoding=\"async\" src=\"https:\/\/jornalfatosenoticias.com.br\/wp-content\/uploads\/2023\/08\/BKR-1024x1021.jpg\" alt=\"\" class=\"wp-image-44494\" width=\"284\" height=\"283\" srcset=\"https:\/\/jornalfatosenoticias.com.br\/wp-content\/uploads\/2023\/08\/BKR-1024x1021.jpg 1024w, https:\/\/jornalfatosenoticias.com.br\/wp-content\/uploads\/2023\/08\/BKR-300x300.jpg 300w, https:\/\/jornalfatosenoticias.com.br\/wp-content\/uploads\/2023\/08\/BKR-150x150.jpg 150w, https:\/\/jornalfatosenoticias.com.br\/wp-content\/uploads\/2023\/08\/BKR-768x766.jpg 768w, https:\/\/jornalfatosenoticias.com.br\/wp-content\/uploads\/2023\/08\/BKR.jpg 1080w\" sizes=\"auto, (max-width: 284px) 100vw, 284px\" \/><\/a><\/figure><\/div>\n\n\n\n<p>\u201cInformo, ainda, que j\u00e1 propus Interpela\u00e7\u00e3o Criminal na justi\u00e7a contra o PGE Valdenio Caminha em raz\u00e3o das falsas acusa\u00e7\u00f5es criminosas que ele me imputou, oportunidade em que requeiro que ele explique do que tem me acusado e por que desconsidera as provas evidentes de que n\u00e3o cometi nenhum tipo\u00a0de\u00a0il\u00edcito\u201d, disse Lucas Souza.<\/p>\n\n\n\n<p><strong>Fonte: <a href=\"https:\/\/www.gazetadopovo.com.br\/republica\/racha-politico-no-maranhao-chega-ao-stf-com-suspeitas-sobre-assessores-de-dino\/\">Gazeta do Povo<\/a><\/strong><\/p>\n","protected":false},"excerpt":{"rendered":"<p>Assessores de Fl\u00e1vio Dino no STF negam atua\u00e7\u00e3o il\u00edcita Por Renan Ramalho Uma desaven\u00e7a pol\u00edtica no Maranh\u00e3o entre o atual governador, Carlos Brand\u00e3o (PSB), e um ex-aliado pol\u00edtico, o deputado estadual Othelino Neto (Solidariedade), ganhou contornos maiores, que incluem o lan\u00e7amento de suspeitas sobre assessores do ministro Fl\u00e1vio Dino, do Supremo Tribunal Federal (STF), ex-governador [&hellip;]<\/p>\n","protected":false},"author":2,"featured_media":58370,"comment_status":"open","ping_status":"open","sticky":false,"template":"","format":"standard","meta":{"footnotes":""},"categories":[5],"tags":[2129,18622,11943,294],"class_list":["post-58369","post","type-post","status-publish","format-standard","has-post-thumbnail","hentry","category-geral","tag-corrupcao","tag-flavio-dino","tag-maranhao","tag-stf"],"yoast_head":"<!-- This site is optimized with the Yoast SEO plugin v26.5 - https:\/\/yoast.com\/wordpress\/plugins\/seo\/ -->\n<title>Racha pol\u00edtico no Maranh\u00e3o chega ao STF com suspeitas sobre assessores de Dino - Jornal Fatos e Not\u00edcias<\/title>\n<meta name=\"robots\" content=\"index, follow, max-snippet:-1, max-image-preview:large, max-video-preview:-1\" \/>\n<link rel=\"canonical\" href=\"https:\/\/jornalfatosenoticias.com.br\/index.php\/2025\/04\/08\/racha-politico-no-maranhao-chega-ao-stf-com-suspeitas-sobre-assessores-de-dino\/\" \/>\n<meta property=\"og:locale\" content=\"pt_BR\" \/>\n<meta property=\"og:type\" content=\"article\" \/>\n<meta property=\"og:title\" content=\"Racha pol\u00edtico no Maranh\u00e3o chega ao STF com suspeitas sobre assessores de Dino - Jornal Fatos e Not\u00edcias\" \/>\n<meta property=\"og:description\" content=\"Assessores de Fl\u00e1vio Dino no STF negam atua\u00e7\u00e3o il\u00edcita Por Renan Ramalho Uma desaven\u00e7a pol\u00edtica no Maranh\u00e3o entre o atual governador, Carlos Brand\u00e3o (PSB), e um ex-aliado pol\u00edtico, o deputado estadual Othelino Neto (Solidariedade), ganhou contornos maiores, que incluem o lan\u00e7amento de suspeitas sobre assessores do ministro Fl\u00e1vio Dino, do Supremo Tribunal Federal (STF), ex-governador [&hellip;]\" \/>\n<meta property=\"og:url\" content=\"https:\/\/jornalfatosenoticias.com.br\/index.php\/2025\/04\/08\/racha-politico-no-maranhao-chega-ao-stf-com-suspeitas-sobre-assessores-de-dino\/\" \/>\n<meta property=\"og:site_name\" content=\"Jornal Fatos e Not\u00edcias\" \/>\n<meta property=\"article:published_time\" content=\"2025-04-08T15:59:41+00:00\" \/>\n<meta property=\"article:modified_time\" content=\"2025-04-08T15:59:42+00:00\" \/>\n<meta property=\"og:image\" content=\"https:\/\/jornalfatosenoticias.com.br\/wp-content\/uploads\/2025\/04\/Flavio-sapo-Dino-gabinete-STF.jpg\" \/>\n\t<meta property=\"og:image:width\" content=\"937\" \/>\n\t<meta property=\"og:image:height\" content=\"527\" \/>\n\t<meta property=\"og:image:type\" content=\"image\/jpeg\" \/>\n<meta name=\"author\" content=\"Luzimara Fernandes\" \/>\n<meta name=\"twitter:card\" content=\"summary_large_image\" \/>\n<meta name=\"twitter:label1\" content=\"Escrito por\" \/>\n\t<meta name=\"twitter:data1\" content=\"Luzimara Fernandes\" \/>\n\t<meta name=\"twitter:label2\" content=\"Est. tempo de leitura\" \/>\n\t<meta name=\"twitter:data2\" content=\"5 minutos\" \/>\n<script type=\"application\/ld+json\" class=\"yoast-schema-graph\">{\"@context\":\"https:\/\/schema.org\",\"@graph\":[{\"@type\":\"Article\",\"@id\":\"https:\/\/jornalfatosenoticias.com.br\/index.php\/2025\/04\/08\/racha-politico-no-maranhao-chega-ao-stf-com-suspeitas-sobre-assessores-de-dino\/#article\",\"isPartOf\":{\"@id\":\"https:\/\/jornalfatosenoticias.com.br\/index.php\/2025\/04\/08\/racha-politico-no-maranhao-chega-ao-stf-com-suspeitas-sobre-assessores-de-dino\/\"},\"author\":{\"name\":\"Luzimara Fernandes\",\"@id\":\"https:\/\/jornalfatosenoticias.com.br\/#\/schema\/person\/d63837fa13ac8666eb9e74e0985d6f81\"},\"headline\":\"Racha pol\u00edtico no Maranh\u00e3o chega ao STF com suspeitas sobre assessores de Dino\",\"datePublished\":\"2025-04-08T15:59:41+00:00\",\"dateModified\":\"2025-04-08T15:59:42+00:00\",\"mainEntityOfPage\":{\"@id\":\"https:\/\/jornalfatosenoticias.com.br\/index.php\/2025\/04\/08\/racha-politico-no-maranhao-chega-ao-stf-com-suspeitas-sobre-assessores-de-dino\/\"},\"wordCount\":970,\"commentCount\":0,\"publisher\":{\"@id\":\"https:\/\/jornalfatosenoticias.com.br\/#organization\"},\"image\":{\"@id\":\"https:\/\/jornalfatosenoticias.com.br\/index.php\/2025\/04\/08\/racha-politico-no-maranhao-chega-ao-stf-com-suspeitas-sobre-assessores-de-dino\/#primaryimage\"},\"thumbnailUrl\":\"https:\/\/jornalfatosenoticias.com.br\/wp-content\/uploads\/2025\/04\/Flavio-sapo-Dino-gabinete-STF.jpg\",\"keywords\":[\"corrup\u00e7\u00e3o\",\"Fl\u00e1vio Dino\",\"Maranh\u00e3o\",\"STF\"],\"articleSection\":[\"Geral\"],\"inLanguage\":\"pt-BR\",\"potentialAction\":[{\"@type\":\"CommentAction\",\"name\":\"Comment\",\"target\":[\"https:\/\/jornalfatosenoticias.com.br\/index.php\/2025\/04\/08\/racha-politico-no-maranhao-chega-ao-stf-com-suspeitas-sobre-assessores-de-dino\/#respond\"]}]},{\"@type\":\"WebPage\",\"@id\":\"https:\/\/jornalfatosenoticias.com.br\/index.php\/2025\/04\/08\/racha-politico-no-maranhao-chega-ao-stf-com-suspeitas-sobre-assessores-de-dino\/\",\"url\":\"https:\/\/jornalfatosenoticias.com.br\/index.php\/2025\/04\/08\/racha-politico-no-maranhao-chega-ao-stf-com-suspeitas-sobre-assessores-de-dino\/\",\"name\":\"Racha pol\u00edtico no Maranh\u00e3o chega ao STF com suspeitas sobre assessores de Dino - Jornal Fatos e Not\u00edcias\",\"isPartOf\":{\"@id\":\"https:\/\/jornalfatosenoticias.com.br\/#website\"},\"primaryImageOfPage\":{\"@id\":\"https:\/\/jornalfatosenoticias.com.br\/index.php\/2025\/04\/08\/racha-politico-no-maranhao-chega-ao-stf-com-suspeitas-sobre-assessores-de-dino\/#primaryimage\"},\"image\":{\"@id\":\"https:\/\/jornalfatosenoticias.com.br\/index.php\/2025\/04\/08\/racha-politico-no-maranhao-chega-ao-stf-com-suspeitas-sobre-assessores-de-dino\/#primaryimage\"},\"thumbnailUrl\":\"https:\/\/jornalfatosenoticias.com.br\/wp-content\/uploads\/2025\/04\/Flavio-sapo-Dino-gabinete-STF.jpg\",\"datePublished\":\"2025-04-08T15:59:41+00:00\",\"dateModified\":\"2025-04-08T15:59:42+00:00\",\"breadcrumb\":{\"@id\":\"https:\/\/jornalfatosenoticias.com.br\/index.php\/2025\/04\/08\/racha-politico-no-maranhao-chega-ao-stf-com-suspeitas-sobre-assessores-de-dino\/#breadcrumb\"},\"inLanguage\":\"pt-BR\",\"potentialAction\":[{\"@type\":\"ReadAction\",\"target\":[\"https:\/\/jornalfatosenoticias.com.br\/index.php\/2025\/04\/08\/racha-politico-no-maranhao-chega-ao-stf-com-suspeitas-sobre-assessores-de-dino\/\"]}]},{\"@type\":\"ImageObject\",\"inLanguage\":\"pt-BR\",\"@id\":\"https:\/\/jornalfatosenoticias.com.br\/index.php\/2025\/04\/08\/racha-politico-no-maranhao-chega-ao-stf-com-suspeitas-sobre-assessores-de-dino\/#primaryimage\",\"url\":\"https:\/\/jornalfatosenoticias.com.br\/wp-content\/uploads\/2025\/04\/Flavio-sapo-Dino-gabinete-STF.jpg\",\"contentUrl\":\"https:\/\/jornalfatosenoticias.com.br\/wp-content\/uploads\/2025\/04\/Flavio-sapo-Dino-gabinete-STF.jpg\",\"width\":937,\"height\":527},{\"@type\":\"BreadcrumbList\",\"@id\":\"https:\/\/jornalfatosenoticias.com.br\/index.php\/2025\/04\/08\/racha-politico-no-maranhao-chega-ao-stf-com-suspeitas-sobre-assessores-de-dino\/#breadcrumb\",\"itemListElement\":[{\"@type\":\"ListItem\",\"position\":1,\"name\":\"In\u00edcio\",\"item\":\"https:\/\/jornalfatosenoticias.com.br\/\"},{\"@type\":\"ListItem\",\"position\":2,\"name\":\"Racha pol\u00edtico no Maranh\u00e3o chega ao STF com suspeitas sobre assessores de Dino\"}]},{\"@type\":\"WebSite\",\"@id\":\"https:\/\/jornalfatosenoticias.com.br\/#website\",\"url\":\"https:\/\/jornalfatosenoticias.com.br\/\",\"name\":\"Jornal Fatos e Not\u00edcias\",\"description\":\"Not\u00edcias em geral\",\"publisher\":{\"@id\":\"https:\/\/jornalfatosenoticias.com.br\/#organization\"},\"potentialAction\":[{\"@type\":\"SearchAction\",\"target\":{\"@type\":\"EntryPoint\",\"urlTemplate\":\"https:\/\/jornalfatosenoticias.com.br\/?s={search_term_string}\"},\"query-input\":{\"@type\":\"PropertyValueSpecification\",\"valueRequired\":true,\"valueName\":\"search_term_string\"}}],\"inLanguage\":\"pt-BR\"},{\"@type\":\"Organization\",\"@id\":\"https:\/\/jornalfatosenoticias.com.br\/#organization\",\"name\":\"Jornal Fatos e Not\u00edcias\",\"url\":\"https:\/\/jornalfatosenoticias.com.br\/\",\"logo\":{\"@type\":\"ImageObject\",\"inLanguage\":\"pt-BR\",\"@id\":\"https:\/\/jornalfatosenoticias.com.br\/#\/schema\/logo\/image\/\",\"url\":\"https:\/\/jornalfatosenoticias.com.br\/wp-content\/uploads\/2020\/02\/logo120.png\",\"contentUrl\":\"https:\/\/jornalfatosenoticias.com.br\/wp-content\/uploads\/2020\/02\/logo120.png\",\"width\":1227,\"height\":120,\"caption\":\"Jornal Fatos e Not\u00edcias\"},\"image\":{\"@id\":\"https:\/\/jornalfatosenoticias.com.br\/#\/schema\/logo\/image\/\"}},{\"@type\":\"Person\",\"@id\":\"https:\/\/jornalfatosenoticias.com.br\/#\/schema\/person\/d63837fa13ac8666eb9e74e0985d6f81\",\"name\":\"Luzimara Fernandes\",\"image\":{\"@type\":\"ImageObject\",\"inLanguage\":\"pt-BR\",\"@id\":\"https:\/\/jornalfatosenoticias.com.br\/#\/schema\/person\/image\/\",\"url\":\"https:\/\/jornalfatosenoticias.com.br\/wp-content\/uploads\/2025\/05\/EU_portal.jpg\",\"contentUrl\":\"https:\/\/jornalfatosenoticias.com.br\/wp-content\/uploads\/2025\/05\/EU_portal.jpg\",\"caption\":\"Luzimara Fernandes\"},\"description\":\"Jornalista MTB 2358-ES\",\"sameAs\":[\"https:\/\/jornalfatosenoticias.com.br\"],\"url\":\"https:\/\/jornalfatosenoticias.com.br\/index.php\/author\/luzimara\/\"}]}<\/script>\n<!-- \/ Yoast SEO plugin. -->","yoast_head_json":{"title":"Racha pol\u00edtico no Maranh\u00e3o chega ao STF com suspeitas sobre assessores de Dino - Jornal Fatos e Not\u00edcias","robots":{"index":"index","follow":"follow","max-snippet":"max-snippet:-1","max-image-preview":"max-image-preview:large","max-video-preview":"max-video-preview:-1"},"canonical":"https:\/\/jornalfatosenoticias.com.br\/index.php\/2025\/04\/08\/racha-politico-no-maranhao-chega-ao-stf-com-suspeitas-sobre-assessores-de-dino\/","og_locale":"pt_BR","og_type":"article","og_title":"Racha pol\u00edtico no Maranh\u00e3o chega ao STF com suspeitas sobre assessores de Dino - Jornal Fatos e Not\u00edcias","og_description":"Assessores de Fl\u00e1vio Dino no STF negam atua\u00e7\u00e3o il\u00edcita Por Renan Ramalho Uma desaven\u00e7a pol\u00edtica no Maranh\u00e3o entre o atual governador, Carlos Brand\u00e3o (PSB), e um ex-aliado pol\u00edtico, o deputado estadual Othelino Neto (Solidariedade), ganhou contornos maiores, que incluem o lan\u00e7amento de suspeitas sobre assessores do ministro Fl\u00e1vio Dino, do Supremo Tribunal Federal (STF), ex-governador [&hellip;]","og_url":"https:\/\/jornalfatosenoticias.com.br\/index.php\/2025\/04\/08\/racha-politico-no-maranhao-chega-ao-stf-com-suspeitas-sobre-assessores-de-dino\/","og_site_name":"Jornal Fatos e Not\u00edcias","article_published_time":"2025-04-08T15:59:41+00:00","article_modified_time":"2025-04-08T15:59:42+00:00","og_image":[{"width":937,"height":527,"url":"https:\/\/jornalfatosenoticias.com.br\/wp-content\/uploads\/2025\/04\/Flavio-sapo-Dino-gabinete-STF.jpg","type":"image\/jpeg"}],"author":"Luzimara Fernandes","twitter_card":"summary_large_image","twitter_misc":{"Escrito por":"Luzimara Fernandes","Est. tempo de leitura":"5 minutos"},"schema":{"@context":"https:\/\/schema.org","@graph":[{"@type":"Article","@id":"https:\/\/jornalfatosenoticias.com.br\/index.php\/2025\/04\/08\/racha-politico-no-maranhao-chega-ao-stf-com-suspeitas-sobre-assessores-de-dino\/#article","isPartOf":{"@id":"https:\/\/jornalfatosenoticias.com.br\/index.php\/2025\/04\/08\/racha-politico-no-maranhao-chega-ao-stf-com-suspeitas-sobre-assessores-de-dino\/"},"author":{"name":"Luzimara Fernandes","@id":"https:\/\/jornalfatosenoticias.com.br\/#\/schema\/person\/d63837fa13ac8666eb9e74e0985d6f81"},"headline":"Racha pol\u00edtico no Maranh\u00e3o chega ao STF com suspeitas sobre assessores de Dino","datePublished":"2025-04-08T15:59:41+00:00","dateModified":"2025-04-08T15:59:42+00:00","mainEntityOfPage":{"@id":"https:\/\/jornalfatosenoticias.com.br\/index.php\/2025\/04\/08\/racha-politico-no-maranhao-chega-ao-stf-com-suspeitas-sobre-assessores-de-dino\/"},"wordCount":970,"commentCount":0,"publisher":{"@id":"https:\/\/jornalfatosenoticias.com.br\/#organization"},"image":{"@id":"https:\/\/jornalfatosenoticias.com.br\/index.php\/2025\/04\/08\/racha-politico-no-maranhao-chega-ao-stf-com-suspeitas-sobre-assessores-de-dino\/#primaryimage"},"thumbnailUrl":"https:\/\/jornalfatosenoticias.com.br\/wp-content\/uploads\/2025\/04\/Flavio-sapo-Dino-gabinete-STF.jpg","keywords":["corrup\u00e7\u00e3o","Fl\u00e1vio Dino","Maranh\u00e3o","STF"],"articleSection":["Geral"],"inLanguage":"pt-BR","potentialAction":[{"@type":"CommentAction","name":"Comment","target":["https:\/\/jornalfatosenoticias.com.br\/index.php\/2025\/04\/08\/racha-politico-no-maranhao-chega-ao-stf-com-suspeitas-sobre-assessores-de-dino\/#respond"]}]},{"@type":"WebPage","@id":"https:\/\/jornalfatosenoticias.com.br\/index.php\/2025\/04\/08\/racha-politico-no-maranhao-chega-ao-stf-com-suspeitas-sobre-assessores-de-dino\/","url":"https:\/\/jornalfatosenoticias.com.br\/index.php\/2025\/04\/08\/racha-politico-no-maranhao-chega-ao-stf-com-suspeitas-sobre-assessores-de-dino\/","name":"Racha pol\u00edtico no Maranh\u00e3o chega ao STF com suspeitas sobre assessores de Dino - Jornal Fatos e Not\u00edcias","isPartOf":{"@id":"https:\/\/jornalfatosenoticias.com.br\/#website"},"primaryImageOfPage":{"@id":"https:\/\/jornalfatosenoticias.com.br\/index.php\/2025\/04\/08\/racha-politico-no-maranhao-chega-ao-stf-com-suspeitas-sobre-assessores-de-dino\/#primaryimage"},"image":{"@id":"https:\/\/jornalfatosenoticias.com.br\/index.php\/2025\/04\/08\/racha-politico-no-maranhao-chega-ao-stf-com-suspeitas-sobre-assessores-de-dino\/#primaryimage"},"thumbnailUrl":"https:\/\/jornalfatosenoticias.com.br\/wp-content\/uploads\/2025\/04\/Flavio-sapo-Dino-gabinete-STF.jpg","datePublished":"2025-04-08T15:59:41+00:00","dateModified":"2025-04-08T15:59:42+00:00","breadcrumb":{"@id":"https:\/\/jornalfatosenoticias.com.br\/index.php\/2025\/04\/08\/racha-politico-no-maranhao-chega-ao-stf-com-suspeitas-sobre-assessores-de-dino\/#breadcrumb"},"inLanguage":"pt-BR","potentialAction":[{"@type":"ReadAction","target":["https:\/\/jornalfatosenoticias.com.br\/index.php\/2025\/04\/08\/racha-politico-no-maranhao-chega-ao-stf-com-suspeitas-sobre-assessores-de-dino\/"]}]},{"@type":"ImageObject","inLanguage":"pt-BR","@id":"https:\/\/jornalfatosenoticias.com.br\/index.php\/2025\/04\/08\/racha-politico-no-maranhao-chega-ao-stf-com-suspeitas-sobre-assessores-de-dino\/#primaryimage","url":"https:\/\/jornalfatosenoticias.com.br\/wp-content\/uploads\/2025\/04\/Flavio-sapo-Dino-gabinete-STF.jpg","contentUrl":"https:\/\/jornalfatosenoticias.com.br\/wp-content\/uploads\/2025\/04\/Flavio-sapo-Dino-gabinete-STF.jpg","width":937,"height":527},{"@type":"BreadcrumbList","@id":"https:\/\/jornalfatosenoticias.com.br\/index.php\/2025\/04\/08\/racha-politico-no-maranhao-chega-ao-stf-com-suspeitas-sobre-assessores-de-dino\/#breadcrumb","itemListElement":[{"@type":"ListItem","position":1,"name":"In\u00edcio","item":"https:\/\/jornalfatosenoticias.com.br\/"},{"@type":"ListItem","position":2,"name":"Racha pol\u00edtico no Maranh\u00e3o chega ao STF com suspeitas sobre assessores de Dino"}]},{"@type":"WebSite","@id":"https:\/\/jornalfatosenoticias.com.br\/#website","url":"https:\/\/jornalfatosenoticias.com.br\/","name":"Jornal Fatos e Not\u00edcias","description":"Not\u00edcias em geral","publisher":{"@id":"https:\/\/jornalfatosenoticias.com.br\/#organization"},"potentialAction":[{"@type":"SearchAction","target":{"@type":"EntryPoint","urlTemplate":"https:\/\/jornalfatosenoticias.com.br\/?s={search_term_string}"},"query-input":{"@type":"PropertyValueSpecification","valueRequired":true,"valueName":"search_term_string"}}],"inLanguage":"pt-BR"},{"@type":"Organization","@id":"https:\/\/jornalfatosenoticias.com.br\/#organization","name":"Jornal Fatos e Not\u00edcias","url":"https:\/\/jornalfatosenoticias.com.br\/","logo":{"@type":"ImageObject","inLanguage":"pt-BR","@id":"https:\/\/jornalfatosenoticias.com.br\/#\/schema\/logo\/image\/","url":"https:\/\/jornalfatosenoticias.com.br\/wp-content\/uploads\/2020\/02\/logo120.png","contentUrl":"https:\/\/jornalfatosenoticias.com.br\/wp-content\/uploads\/2020\/02\/logo120.png","width":1227,"height":120,"caption":"Jornal Fatos e Not\u00edcias"},"image":{"@id":"https:\/\/jornalfatosenoticias.com.br\/#\/schema\/logo\/image\/"}},{"@type":"Person","@id":"https:\/\/jornalfatosenoticias.com.br\/#\/schema\/person\/d63837fa13ac8666eb9e74e0985d6f81","name":"Luzimara Fernandes","image":{"@type":"ImageObject","inLanguage":"pt-BR","@id":"https:\/\/jornalfatosenoticias.com.br\/#\/schema\/person\/image\/","url":"https:\/\/jornalfatosenoticias.com.br\/wp-content\/uploads\/2025\/05\/EU_portal.jpg","contentUrl":"https:\/\/jornalfatosenoticias.com.br\/wp-content\/uploads\/2025\/05\/EU_portal.jpg","caption":"Luzimara Fernandes"},"description":"Jornalista MTB 2358-ES","sameAs":["https:\/\/jornalfatosenoticias.com.br"],"url":"https:\/\/jornalfatosenoticias.com.br\/index.php\/author\/luzimara\/"}]}},"cc_featured_image_caption":{"caption_text":"(Foto: Rosinei Coutinho\/STF)","source_text":"","source_url":""},"jetpack_featured_media_url":"https:\/\/jornalfatosenoticias.com.br\/wp-content\/uploads\/2025\/04\/Flavio-sapo-Dino-gabinete-STF.jpg","_links":{"self":[{"href":"https:\/\/jornalfatosenoticias.com.br\/index.php\/wp-json\/wp\/v2\/posts\/58369","targetHints":{"allow":["GET"]}}],"collection":[{"href":"https:\/\/jornalfatosenoticias.com.br\/index.php\/wp-json\/wp\/v2\/posts"}],"about":[{"href":"https:\/\/jornalfatosenoticias.com.br\/index.php\/wp-json\/wp\/v2\/types\/post"}],"author":[{"embeddable":true,"href":"https:\/\/jornalfatosenoticias.com.br\/index.php\/wp-json\/wp\/v2\/users\/2"}],"replies":[{"embeddable":true,"href":"https:\/\/jornalfatosenoticias.com.br\/index.php\/wp-json\/wp\/v2\/comments?post=58369"}],"version-history":[{"count":0,"href":"https:\/\/jornalfatosenoticias.com.br\/index.php\/wp-json\/wp\/v2\/posts\/58369\/revisions"}],"wp:featuredmedia":[{"embeddable":true,"href":"https:\/\/jornalfatosenoticias.com.br\/index.php\/wp-json\/wp\/v2\/media\/58370"}],"wp:attachment":[{"href":"https:\/\/jornalfatosenoticias.com.br\/index.php\/wp-json\/wp\/v2\/media?parent=58369"}],"wp:term":[{"taxonomy":"category","embeddable":true,"href":"https:\/\/jornalfatosenoticias.com.br\/index.php\/wp-json\/wp\/v2\/categories?post=58369"},{"taxonomy":"post_tag","embeddable":true,"href":"https:\/\/jornalfatosenoticias.com.br\/index.php\/wp-json\/wp\/v2\/tags?post=58369"}],"curies":[{"name":"wp","href":"https:\/\/api.w.org\/{rel}","templated":true}]}}