{"id":5838,"date":"2020-06-24T12:06:43","date_gmt":"2020-06-24T15:06:43","guid":{"rendered":"https:\/\/jornalfatosenoticias.com.br\/?p=5838"},"modified":"2020-06-24T12:06:47","modified_gmt":"2020-06-24T15:06:47","slug":"governo-publica-edital-para-pavimentacao-da-br-319-no-amazonas","status":"publish","type":"post","link":"https:\/\/jornalfatosenoticias.com.br\/index.php\/2020\/06\/24\/governo-publica-edital-para-pavimentacao-da-br-319-no-amazonas\/","title":{"rendered":"Governo publica edital para pavimenta\u00e7\u00e3o da BR-319, no Amazonas"},"content":{"rendered":"\n<h6 class=\"wp-block-heading\"><em>As obras para reconstru\u00e7\u00e3o da rodovia devem iniciar ainda este ano<\/em><\/h6>\n\n\n\n<p>O edital para a contrata\u00e7\u00e3o de empresa que ficar\u00e1 respons\u00e1vel pelas obras de pavimenta\u00e7\u00e3o do lote C da BR-319, no estado do Amazonas, foi publicado no\u00a0<a rel=\"noreferrer noopener\" href=\"http:\/\/www.in.gov.br\/web\/dou\/-\/aviso-de-licitacao-263222480\" target=\"_blank\"><em>Di\u00e1rio Oficial da Uni\u00e3o<\/em><\/a>\u00a0desta quarta-feira (24). Segundo o Minist\u00e9rio da Infraestrutura, ser\u00e3o pavimentados os primeiros 52 quil\u00f4metros, no trecho que vai do quil\u00f4metro 198 ao 250.<br>A pavimenta\u00e7\u00e3o da rodovia, que liga os estados do Amazonas e Rond\u00f4nia, vai facilitar a log\u00edstica do transporte da produ\u00e7\u00e3o agr\u00edcola da Regi\u00e3o Norte. A expectativa \u00e9 que as obras comecem o quanto antes, informou o ministro Tarc\u00edsio Gomes de Freitas.<br>\u201cTodo o trabalho referente ao licenciamento ambiental da rodovia \u2013 estudos, coletas e captura de fauna \u2013 ser\u00e1 feito pelo governo federal nos pr\u00f3ximos meses. Com isso, esperamos que a contrata\u00e7\u00e3o esteja conclu\u00edda ainda em 2020. E, como compromisso do governo do presidente Jair Bolsonaro, n\u00f3s vamos licitar essa obra, que representa um marco para o desenvolvimento destes dois estados\u201d, disse.<br>De acordo com o minist\u00e9rio, a BR-319 \u00e9 fundamental para o transporte de passageiros e a integra\u00e7\u00e3o social dos estados do Amazonas e Rond\u00f4nia. A reconstru\u00e7\u00e3o dos 52 quil\u00f4metros vai garantir maior seguran\u00e7a e redu\u00e7\u00e3o no tempo de viagem. Hoje, as alternativas \u00e0 rodovia s\u00e3o o transporte por barco ou avi\u00e3o.<\/p>\n\n\n\n<p><strong><em>Fonte: <a href=\"https:\/\/agenciabrasil.ebc.com.br\/economia\/noticia\/2020-06\/governo-publica-edital-para-pavimentacao-da-br-319-no-amazonas\">Ag\u00eancia Brasil<\/a><\/em><\/strong><\/p>\n","protected":false},"excerpt":{"rendered":"<p>As obras para reconstru\u00e7\u00e3o da rodovia devem iniciar ainda este ano O edital para a contrata\u00e7\u00e3o de empresa que ficar\u00e1 respons\u00e1vel pelas obras de pavimenta\u00e7\u00e3o do lote C da BR-319, no estado do Amazonas, foi publicado no\u00a0Di\u00e1rio Oficial da Uni\u00e3o\u00a0desta quarta-feira (24). Segundo o Minist\u00e9rio da Infraestrutura, ser\u00e3o pavimentados os primeiros 52 quil\u00f4metros, no trecho [&hellip;]<\/p>\n","protected":false},"author":2,"featured_media":5839,"comment_status":"open","ping_status":"open","sticky":false,"template":"","format":"standard","meta":{"footnotes":""},"categories":[9],"tags":[1068,3504,3505,3506],"class_list":["post-5838","post","type-post","status-publish","format-standard","has-post-thumbnail","hentry","category-economia","tag-amazonas","tag-br-319","tag-dnit","tag-infraestrutura"],"yoast_head":"<!-- This site is optimized with the Yoast SEO plugin v26.5 - https:\/\/yoast.com\/wordpress\/plugins\/seo\/ -->\n<title>Governo publica edital para pavimenta\u00e7\u00e3o da BR-319, no Amazonas - Jornal Fatos e Not\u00edcias<\/title>\n<meta name=\"robots\" content=\"index, follow, max-snippet:-1, max-image-preview:large, max-video-preview:-1\" \/>\n<link rel=\"canonical\" href=\"https:\/\/jornalfatosenoticias.com.br\/index.php\/2020\/06\/24\/governo-publica-edital-para-pavimentacao-da-br-319-no-amazonas\/\" \/>\n<meta property=\"og:locale\" content=\"pt_BR\" \/>\n<meta property=\"og:type\" content=\"article\" \/>\n<meta property=\"og:title\" content=\"Governo publica edital para pavimenta\u00e7\u00e3o da BR-319, no Amazonas - Jornal Fatos e Not\u00edcias\" \/>\n<meta property=\"og:description\" content=\"As obras para reconstru\u00e7\u00e3o da rodovia devem iniciar ainda este ano O edital para a contrata\u00e7\u00e3o de empresa que ficar\u00e1 respons\u00e1vel pelas obras de pavimenta\u00e7\u00e3o do lote C da BR-319, no estado do Amazonas, foi publicado no\u00a0Di\u00e1rio Oficial da Uni\u00e3o\u00a0desta quarta-feira (24). Segundo o Minist\u00e9rio da Infraestrutura, ser\u00e3o pavimentados os primeiros 52 quil\u00f4metros, no trecho [&hellip;]\" \/>\n<meta property=\"og:url\" content=\"https:\/\/jornalfatosenoticias.com.br\/index.php\/2020\/06\/24\/governo-publica-edital-para-pavimentacao-da-br-319-no-amazonas\/\" \/>\n<meta property=\"og:site_name\" content=\"Jornal Fatos e Not\u00edcias\" \/>\n<meta property=\"article:published_time\" content=\"2020-06-24T15:06:43+00:00\" \/>\n<meta property=\"article:modified_time\" content=\"2020-06-24T15:06:47+00:00\" \/>\n<meta property=\"og:image\" content=\"https:\/\/jornalfatosenoticias.com.br\/wp-content\/uploads\/2020\/06\/dnit.jpg\" \/>\n\t<meta property=\"og:image:width\" content=\"1000\" \/>\n\t<meta property=\"og:image:height\" content=\"598\" \/>\n\t<meta property=\"og:image:type\" content=\"image\/jpeg\" \/>\n<meta name=\"author\" content=\"Luzimara Fernandes\" \/>\n<meta name=\"twitter:card\" content=\"summary_large_image\" \/>\n<meta name=\"twitter:label1\" content=\"Escrito por\" \/>\n\t<meta name=\"twitter:data1\" content=\"Luzimara Fernandes\" \/>\n\t<meta name=\"twitter:label2\" content=\"Est. tempo de leitura\" \/>\n\t<meta name=\"twitter:data2\" content=\"1 minuto\" \/>\n<script type=\"application\/ld+json\" class=\"yoast-schema-graph\">{\"@context\":\"https:\/\/schema.org\",\"@graph\":[{\"@type\":\"Article\",\"@id\":\"https:\/\/jornalfatosenoticias.com.br\/index.php\/2020\/06\/24\/governo-publica-edital-para-pavimentacao-da-br-319-no-amazonas\/#article\",\"isPartOf\":{\"@id\":\"https:\/\/jornalfatosenoticias.com.br\/index.php\/2020\/06\/24\/governo-publica-edital-para-pavimentacao-da-br-319-no-amazonas\/\"},\"author\":{\"name\":\"Luzimara Fernandes\",\"@id\":\"https:\/\/jornalfatosenoticias.com.br\/#\/schema\/person\/d63837fa13ac8666eb9e74e0985d6f81\"},\"headline\":\"Governo publica edital para pavimenta\u00e7\u00e3o da BR-319, no Amazonas\",\"datePublished\":\"2020-06-24T15:06:43+00:00\",\"dateModified\":\"2020-06-24T15:06:47+00:00\",\"mainEntityOfPage\":{\"@id\":\"https:\/\/jornalfatosenoticias.com.br\/index.php\/2020\/06\/24\/governo-publica-edital-para-pavimentacao-da-br-319-no-amazonas\/\"},\"wordCount\":250,\"commentCount\":0,\"publisher\":{\"@id\":\"https:\/\/jornalfatosenoticias.com.br\/#organization\"},\"image\":{\"@id\":\"https:\/\/jornalfatosenoticias.com.br\/index.php\/2020\/06\/24\/governo-publica-edital-para-pavimentacao-da-br-319-no-amazonas\/#primaryimage\"},\"thumbnailUrl\":\"https:\/\/jornalfatosenoticias.com.br\/wp-content\/uploads\/2020\/06\/dnit.jpg\",\"keywords\":[\"Amazonas\",\"BR-319\",\"Dnit\",\"Infraestrutura\"],\"articleSection\":[\"Economia\"],\"inLanguage\":\"pt-BR\",\"potentialAction\":[{\"@type\":\"CommentAction\",\"name\":\"Comment\",\"target\":[\"https:\/\/jornalfatosenoticias.com.br\/index.php\/2020\/06\/24\/governo-publica-edital-para-pavimentacao-da-br-319-no-amazonas\/#respond\"]}]},{\"@type\":\"WebPage\",\"@id\":\"https:\/\/jornalfatosenoticias.com.br\/index.php\/2020\/06\/24\/governo-publica-edital-para-pavimentacao-da-br-319-no-amazonas\/\",\"url\":\"https:\/\/jornalfatosenoticias.com.br\/index.php\/2020\/06\/24\/governo-publica-edital-para-pavimentacao-da-br-319-no-amazonas\/\",\"name\":\"Governo publica edital para pavimenta\u00e7\u00e3o da BR-319, no Amazonas - Jornal Fatos e Not\u00edcias\",\"isPartOf\":{\"@id\":\"https:\/\/jornalfatosenoticias.com.br\/#website\"},\"primaryImageOfPage\":{\"@id\":\"https:\/\/jornalfatosenoticias.com.br\/index.php\/2020\/06\/24\/governo-publica-edital-para-pavimentacao-da-br-319-no-amazonas\/#primaryimage\"},\"image\":{\"@id\":\"https:\/\/jornalfatosenoticias.com.br\/index.php\/2020\/06\/24\/governo-publica-edital-para-pavimentacao-da-br-319-no-amazonas\/#primaryimage\"},\"thumbnailUrl\":\"https:\/\/jornalfatosenoticias.com.br\/wp-content\/uploads\/2020\/06\/dnit.jpg\",\"datePublished\":\"2020-06-24T15:06:43+00:00\",\"dateModified\":\"2020-06-24T15:06:47+00:00\",\"breadcrumb\":{\"@id\":\"https:\/\/jornalfatosenoticias.com.br\/index.php\/2020\/06\/24\/governo-publica-edital-para-pavimentacao-da-br-319-no-amazonas\/#breadcrumb\"},\"inLanguage\":\"pt-BR\",\"potentialAction\":[{\"@type\":\"ReadAction\",\"target\":[\"https:\/\/jornalfatosenoticias.com.br\/index.php\/2020\/06\/24\/governo-publica-edital-para-pavimentacao-da-br-319-no-amazonas\/\"]}]},{\"@type\":\"ImageObject\",\"inLanguage\":\"pt-BR\",\"@id\":\"https:\/\/jornalfatosenoticias.com.br\/index.php\/2020\/06\/24\/governo-publica-edital-para-pavimentacao-da-br-319-no-amazonas\/#primaryimage\",\"url\":\"https:\/\/jornalfatosenoticias.com.br\/wp-content\/uploads\/2020\/06\/dnit.jpg\",\"contentUrl\":\"https:\/\/jornalfatosenoticias.com.br\/wp-content\/uploads\/2020\/06\/dnit.jpg\",\"width\":1000,\"height\":598},{\"@type\":\"BreadcrumbList\",\"@id\":\"https:\/\/jornalfatosenoticias.com.br\/index.php\/2020\/06\/24\/governo-publica-edital-para-pavimentacao-da-br-319-no-amazonas\/#breadcrumb\",\"itemListElement\":[{\"@type\":\"ListItem\",\"position\":1,\"name\":\"In\u00edcio\",\"item\":\"https:\/\/jornalfatosenoticias.com.br\/\"},{\"@type\":\"ListItem\",\"position\":2,\"name\":\"Governo publica edital para pavimenta\u00e7\u00e3o da BR-319, no Amazonas\"}]},{\"@type\":\"WebSite\",\"@id\":\"https:\/\/jornalfatosenoticias.com.br\/#website\",\"url\":\"https:\/\/jornalfatosenoticias.com.br\/\",\"name\":\"Jornal Fatos e Not\u00edcias\",\"description\":\"Not\u00edcias em geral\",\"publisher\":{\"@id\":\"https:\/\/jornalfatosenoticias.com.br\/#organization\"},\"potentialAction\":[{\"@type\":\"SearchAction\",\"target\":{\"@type\":\"EntryPoint\",\"urlTemplate\":\"https:\/\/jornalfatosenoticias.com.br\/?s={search_term_string}\"},\"query-input\":{\"@type\":\"PropertyValueSpecification\",\"valueRequired\":true,\"valueName\":\"search_term_string\"}}],\"inLanguage\":\"pt-BR\"},{\"@type\":\"Organization\",\"@id\":\"https:\/\/jornalfatosenoticias.com.br\/#organization\",\"name\":\"Jornal Fatos e Not\u00edcias\",\"url\":\"https:\/\/jornalfatosenoticias.com.br\/\",\"logo\":{\"@type\":\"ImageObject\",\"inLanguage\":\"pt-BR\",\"@id\":\"https:\/\/jornalfatosenoticias.com.br\/#\/schema\/logo\/image\/\",\"url\":\"https:\/\/jornalfatosenoticias.com.br\/wp-content\/uploads\/2020\/02\/logo120.png\",\"contentUrl\":\"https:\/\/jornalfatosenoticias.com.br\/wp-content\/uploads\/2020\/02\/logo120.png\",\"width\":1227,\"height\":120,\"caption\":\"Jornal Fatos e Not\u00edcias\"},\"image\":{\"@id\":\"https:\/\/jornalfatosenoticias.com.br\/#\/schema\/logo\/image\/\"}},{\"@type\":\"Person\",\"@id\":\"https:\/\/jornalfatosenoticias.com.br\/#\/schema\/person\/d63837fa13ac8666eb9e74e0985d6f81\",\"name\":\"Luzimara Fernandes\",\"image\":{\"@type\":\"ImageObject\",\"inLanguage\":\"pt-BR\",\"@id\":\"https:\/\/jornalfatosenoticias.com.br\/#\/schema\/person\/image\/\",\"url\":\"https:\/\/jornalfatosenoticias.com.br\/wp-content\/uploads\/2025\/05\/EU_portal.jpg\",\"contentUrl\":\"https:\/\/jornalfatosenoticias.com.br\/wp-content\/uploads\/2025\/05\/EU_portal.jpg\",\"caption\":\"Luzimara Fernandes\"},\"description\":\"Jornalista MTB 2358-ES\",\"sameAs\":[\"https:\/\/jornalfatosenoticias.com.br\"],\"url\":\"https:\/\/jornalfatosenoticias.com.br\/index.php\/author\/luzimara\/\"}]}<\/script>\n<!-- \/ Yoast SEO plugin. -->","yoast_head_json":{"title":"Governo publica edital para pavimenta\u00e7\u00e3o da BR-319, no Amazonas - Jornal Fatos e Not\u00edcias","robots":{"index":"index","follow":"follow","max-snippet":"max-snippet:-1","max-image-preview":"max-image-preview:large","max-video-preview":"max-video-preview:-1"},"canonical":"https:\/\/jornalfatosenoticias.com.br\/index.php\/2020\/06\/24\/governo-publica-edital-para-pavimentacao-da-br-319-no-amazonas\/","og_locale":"pt_BR","og_type":"article","og_title":"Governo publica edital para pavimenta\u00e7\u00e3o da BR-319, no Amazonas - Jornal Fatos e Not\u00edcias","og_description":"As obras para reconstru\u00e7\u00e3o da rodovia devem iniciar ainda este ano O edital para a contrata\u00e7\u00e3o de empresa que ficar\u00e1 respons\u00e1vel pelas obras de pavimenta\u00e7\u00e3o do lote C da BR-319, no estado do Amazonas, foi publicado no\u00a0Di\u00e1rio Oficial da Uni\u00e3o\u00a0desta quarta-feira (24). Segundo o Minist\u00e9rio da Infraestrutura, ser\u00e3o pavimentados os primeiros 52 quil\u00f4metros, no trecho [&hellip;]","og_url":"https:\/\/jornalfatosenoticias.com.br\/index.php\/2020\/06\/24\/governo-publica-edital-para-pavimentacao-da-br-319-no-amazonas\/","og_site_name":"Jornal Fatos e Not\u00edcias","article_published_time":"2020-06-24T15:06:43+00:00","article_modified_time":"2020-06-24T15:06:47+00:00","og_image":[{"width":1000,"height":598,"url":"https:\/\/jornalfatosenoticias.com.br\/wp-content\/uploads\/2020\/06\/dnit.jpg","type":"image\/jpeg"}],"author":"Luzimara Fernandes","twitter_card":"summary_large_image","twitter_misc":{"Escrito por":"Luzimara Fernandes","Est. tempo de leitura":"1 minuto"},"schema":{"@context":"https:\/\/schema.org","@graph":[{"@type":"Article","@id":"https:\/\/jornalfatosenoticias.com.br\/index.php\/2020\/06\/24\/governo-publica-edital-para-pavimentacao-da-br-319-no-amazonas\/#article","isPartOf":{"@id":"https:\/\/jornalfatosenoticias.com.br\/index.php\/2020\/06\/24\/governo-publica-edital-para-pavimentacao-da-br-319-no-amazonas\/"},"author":{"name":"Luzimara Fernandes","@id":"https:\/\/jornalfatosenoticias.com.br\/#\/schema\/person\/d63837fa13ac8666eb9e74e0985d6f81"},"headline":"Governo publica edital para pavimenta\u00e7\u00e3o da BR-319, no Amazonas","datePublished":"2020-06-24T15:06:43+00:00","dateModified":"2020-06-24T15:06:47+00:00","mainEntityOfPage":{"@id":"https:\/\/jornalfatosenoticias.com.br\/index.php\/2020\/06\/24\/governo-publica-edital-para-pavimentacao-da-br-319-no-amazonas\/"},"wordCount":250,"commentCount":0,"publisher":{"@id":"https:\/\/jornalfatosenoticias.com.br\/#organization"},"image":{"@id":"https:\/\/jornalfatosenoticias.com.br\/index.php\/2020\/06\/24\/governo-publica-edital-para-pavimentacao-da-br-319-no-amazonas\/#primaryimage"},"thumbnailUrl":"https:\/\/jornalfatosenoticias.com.br\/wp-content\/uploads\/2020\/06\/dnit.jpg","keywords":["Amazonas","BR-319","Dnit","Infraestrutura"],"articleSection":["Economia"],"inLanguage":"pt-BR","potentialAction":[{"@type":"CommentAction","name":"Comment","target":["https:\/\/jornalfatosenoticias.com.br\/index.php\/2020\/06\/24\/governo-publica-edital-para-pavimentacao-da-br-319-no-amazonas\/#respond"]}]},{"@type":"WebPage","@id":"https:\/\/jornalfatosenoticias.com.br\/index.php\/2020\/06\/24\/governo-publica-edital-para-pavimentacao-da-br-319-no-amazonas\/","url":"https:\/\/jornalfatosenoticias.com.br\/index.php\/2020\/06\/24\/governo-publica-edital-para-pavimentacao-da-br-319-no-amazonas\/","name":"Governo publica edital para pavimenta\u00e7\u00e3o da BR-319, no Amazonas - Jornal Fatos e Not\u00edcias","isPartOf":{"@id":"https:\/\/jornalfatosenoticias.com.br\/#website"},"primaryImageOfPage":{"@id":"https:\/\/jornalfatosenoticias.com.br\/index.php\/2020\/06\/24\/governo-publica-edital-para-pavimentacao-da-br-319-no-amazonas\/#primaryimage"},"image":{"@id":"https:\/\/jornalfatosenoticias.com.br\/index.php\/2020\/06\/24\/governo-publica-edital-para-pavimentacao-da-br-319-no-amazonas\/#primaryimage"},"thumbnailUrl":"https:\/\/jornalfatosenoticias.com.br\/wp-content\/uploads\/2020\/06\/dnit.jpg","datePublished":"2020-06-24T15:06:43+00:00","dateModified":"2020-06-24T15:06:47+00:00","breadcrumb":{"@id":"https:\/\/jornalfatosenoticias.com.br\/index.php\/2020\/06\/24\/governo-publica-edital-para-pavimentacao-da-br-319-no-amazonas\/#breadcrumb"},"inLanguage":"pt-BR","potentialAction":[{"@type":"ReadAction","target":["https:\/\/jornalfatosenoticias.com.br\/index.php\/2020\/06\/24\/governo-publica-edital-para-pavimentacao-da-br-319-no-amazonas\/"]}]},{"@type":"ImageObject","inLanguage":"pt-BR","@id":"https:\/\/jornalfatosenoticias.com.br\/index.php\/2020\/06\/24\/governo-publica-edital-para-pavimentacao-da-br-319-no-amazonas\/#primaryimage","url":"https:\/\/jornalfatosenoticias.com.br\/wp-content\/uploads\/2020\/06\/dnit.jpg","contentUrl":"https:\/\/jornalfatosenoticias.com.br\/wp-content\/uploads\/2020\/06\/dnit.jpg","width":1000,"height":598},{"@type":"BreadcrumbList","@id":"https:\/\/jornalfatosenoticias.com.br\/index.php\/2020\/06\/24\/governo-publica-edital-para-pavimentacao-da-br-319-no-amazonas\/#breadcrumb","itemListElement":[{"@type":"ListItem","position":1,"name":"In\u00edcio","item":"https:\/\/jornalfatosenoticias.com.br\/"},{"@type":"ListItem","position":2,"name":"Governo publica edital para pavimenta\u00e7\u00e3o da BR-319, no Amazonas"}]},{"@type":"WebSite","@id":"https:\/\/jornalfatosenoticias.com.br\/#website","url":"https:\/\/jornalfatosenoticias.com.br\/","name":"Jornal Fatos e Not\u00edcias","description":"Not\u00edcias em geral","publisher":{"@id":"https:\/\/jornalfatosenoticias.com.br\/#organization"},"potentialAction":[{"@type":"SearchAction","target":{"@type":"EntryPoint","urlTemplate":"https:\/\/jornalfatosenoticias.com.br\/?s={search_term_string}"},"query-input":{"@type":"PropertyValueSpecification","valueRequired":true,"valueName":"search_term_string"}}],"inLanguage":"pt-BR"},{"@type":"Organization","@id":"https:\/\/jornalfatosenoticias.com.br\/#organization","name":"Jornal Fatos e Not\u00edcias","url":"https:\/\/jornalfatosenoticias.com.br\/","logo":{"@type":"ImageObject","inLanguage":"pt-BR","@id":"https:\/\/jornalfatosenoticias.com.br\/#\/schema\/logo\/image\/","url":"https:\/\/jornalfatosenoticias.com.br\/wp-content\/uploads\/2020\/02\/logo120.png","contentUrl":"https:\/\/jornalfatosenoticias.com.br\/wp-content\/uploads\/2020\/02\/logo120.png","width":1227,"height":120,"caption":"Jornal Fatos e Not\u00edcias"},"image":{"@id":"https:\/\/jornalfatosenoticias.com.br\/#\/schema\/logo\/image\/"}},{"@type":"Person","@id":"https:\/\/jornalfatosenoticias.com.br\/#\/schema\/person\/d63837fa13ac8666eb9e74e0985d6f81","name":"Luzimara Fernandes","image":{"@type":"ImageObject","inLanguage":"pt-BR","@id":"https:\/\/jornalfatosenoticias.com.br\/#\/schema\/person\/image\/","url":"https:\/\/jornalfatosenoticias.com.br\/wp-content\/uploads\/2025\/05\/EU_portal.jpg","contentUrl":"https:\/\/jornalfatosenoticias.com.br\/wp-content\/uploads\/2025\/05\/EU_portal.jpg","caption":"Luzimara Fernandes"},"description":"Jornalista MTB 2358-ES","sameAs":["https:\/\/jornalfatosenoticias.com.br"],"url":"https:\/\/jornalfatosenoticias.com.br\/index.php\/author\/luzimara\/"}]}},"cc_featured_image_caption":{"caption_text":"BR-319, Amazonas (Foto: Divulga\u00e7\u00e3o Dnit)","source_text":"","source_url":""},"jetpack_featured_media_url":"https:\/\/jornalfatosenoticias.com.br\/wp-content\/uploads\/2020\/06\/dnit.jpg","_links":{"self":[{"href":"https:\/\/jornalfatosenoticias.com.br\/index.php\/wp-json\/wp\/v2\/posts\/5838","targetHints":{"allow":["GET"]}}],"collection":[{"href":"https:\/\/jornalfatosenoticias.com.br\/index.php\/wp-json\/wp\/v2\/posts"}],"about":[{"href":"https:\/\/jornalfatosenoticias.com.br\/index.php\/wp-json\/wp\/v2\/types\/post"}],"author":[{"embeddable":true,"href":"https:\/\/jornalfatosenoticias.com.br\/index.php\/wp-json\/wp\/v2\/users\/2"}],"replies":[{"embeddable":true,"href":"https:\/\/jornalfatosenoticias.com.br\/index.php\/wp-json\/wp\/v2\/comments?post=5838"}],"version-history":[{"count":0,"href":"https:\/\/jornalfatosenoticias.com.br\/index.php\/wp-json\/wp\/v2\/posts\/5838\/revisions"}],"wp:featuredmedia":[{"embeddable":true,"href":"https:\/\/jornalfatosenoticias.com.br\/index.php\/wp-json\/wp\/v2\/media\/5839"}],"wp:attachment":[{"href":"https:\/\/jornalfatosenoticias.com.br\/index.php\/wp-json\/wp\/v2\/media?parent=5838"}],"wp:term":[{"taxonomy":"category","embeddable":true,"href":"https:\/\/jornalfatosenoticias.com.br\/index.php\/wp-json\/wp\/v2\/categories?post=5838"},{"taxonomy":"post_tag","embeddable":true,"href":"https:\/\/jornalfatosenoticias.com.br\/index.php\/wp-json\/wp\/v2\/tags?post=5838"}],"curies":[{"name":"wp","href":"https:\/\/api.w.org\/{rel}","templated":true}]}}