{"id":58381,"date":"2025-04-08T14:32:20","date_gmt":"2025-04-08T17:32:20","guid":{"rendered":"https:\/\/jornalfatosenoticias.com.br\/?p=58381"},"modified":"2025-04-08T14:32:21","modified_gmt":"2025-04-08T17:32:21","slug":"setor-automotivo-europeu-pede-que-ue-abandone-retaliacoes-e-busque-acordo-com-trump","status":"publish","type":"post","link":"https:\/\/jornalfatosenoticias.com.br\/index.php\/2025\/04\/08\/setor-automotivo-europeu-pede-que-ue-abandone-retaliacoes-e-busque-acordo-com-trump\/","title":{"rendered":"Setor automotivo europeu pede que UE abandone retalia\u00e7\u00f5es e busque acordo com Trump"},"content":{"rendered":"\n<p><em><span class=\"has-inline-color has-black-color\">Presidente da Comiss\u00e3o Europeia, Ursula von der Leyen<\/span><\/em><\/p>\n\n\n\n<p><span class=\"has-inline-color has-black-color\">Por <strong><a href=\"https:\/\/www.gazetadopovo.com.br\/autor\/john-lucas\/\">John Lucas<\/a><\/strong><\/span><\/p>\n\n\n\n<div class=\"wp-block-image\"><figure class=\"aligncenter size-large is-resized\"><a href=\"https:\/\/www.facebook.com\/vetor.vix\/\"><img loading=\"lazy\" decoding=\"async\" src=\"https:\/\/jornalfatosenoticias.com.br\/wp-content\/uploads\/2023\/09\/vetorvix1024_1.jpg\" alt=\"\" class=\"wp-image-44868\" width=\"543\" height=\"144\" srcset=\"https:\/\/jornalfatosenoticias.com.br\/wp-content\/uploads\/2023\/09\/vetorvix1024_1.jpg 1024w, https:\/\/jornalfatosenoticias.com.br\/wp-content\/uploads\/2023\/09\/vetorvix1024_1-300x80.jpg 300w, https:\/\/jornalfatosenoticias.com.br\/wp-content\/uploads\/2023\/09\/vetorvix1024_1-768x205.jpg 768w\" sizes=\"auto, (max-width: 543px) 100vw, 543px\" \/><\/a><\/figure><\/div>\n\n\n\n<p>A Associa\u00e7\u00e3o Europeia de Fabricantes de Autom\u00f3veis (ACEA) pediu nesta segunda-feira (7) \u00e0 Comiss\u00e3o Europeia que busque com os Estados Unidos uma solu\u00e7\u00e3o \u201cconstrutiva e negociada\u201d para a quest\u00e3o das tarifas e evite responder com medidas de retalia\u00e7\u00e3o que possam prejudicar a competitividade da Uni\u00e3o Europeia (UE).<br>A mensagem foi expressada por empresas como BMW, Daimler Trucks, Iveco, Mercedes-Benz, Scania, Stellantis e Volkswagen em uma reuni\u00e3o de \u201calto n\u00edvel\u201d com a presidente da Comiss\u00e3o Europeia, Ursula von der Leyen, informou a ACEA em comunicado.<\/p>\n\n\n\n<div class=\"wp-block-image\"><figure class=\"aligncenter size-large is-resized\"><a href=\"https:\/\/www.instagram.com\/rcradiadores\/\"><img loading=\"lazy\" decoding=\"async\" src=\"https:\/\/jornalfatosenoticias.com.br\/wp-content\/uploads\/2022\/10\/RC_800x750_page-0001.jpg\" alt=\"\" class=\"wp-image-35338\" width=\"282\" height=\"264\" srcset=\"https:\/\/jornalfatosenoticias.com.br\/wp-content\/uploads\/2022\/10\/RC_800x750_page-0001.jpg 400w, https:\/\/jornalfatosenoticias.com.br\/wp-content\/uploads\/2022\/10\/RC_800x750_page-0001-300x281.jpg 300w\" sizes=\"auto, (max-width: 282px) 100vw, 282px\" \/><\/a><\/figure><\/div>\n\n\n\n<blockquote class=\"wp-block-quote is-layout-flow wp-block-quote-is-layout-flow\"><p><span class=\"has-inline-color has-luminous-vivid-orange-color\">A atual volatilidade nos mercados globais apenas aumenta as barreiras comerciais e os custos para as empresas. As tarifas s\u00f3 fazem os pre\u00e7os aumentarem para os consumidores na Europa, nos EUA e em todo o mundo\u201d, declarou a diretora-geral da associa\u00e7\u00e3o, Sigrid de Vries.<\/span><\/p><\/blockquote>\n\n\n\n<div class=\"wp-block-image\"><figure class=\"aligncenter size-large is-resized\"><a href=\"https:\/\/www.instagram.com\/serra4x4cambioautomatico\/\"><img loading=\"lazy\" decoding=\"async\" src=\"https:\/\/jornalfatosenoticias.com.br\/wp-content\/uploads\/2024\/08\/Serra-4x4-1-886x1024.jpg\" alt=\"\" class=\"wp-image-53632\" width=\"296\" height=\"342\" srcset=\"https:\/\/jornalfatosenoticias.com.br\/wp-content\/uploads\/2024\/08\/Serra-4x4-1-886x1024.jpg 886w, https:\/\/jornalfatosenoticias.com.br\/wp-content\/uploads\/2024\/08\/Serra-4x4-1-260x300.jpg 260w, https:\/\/jornalfatosenoticias.com.br\/wp-content\/uploads\/2024\/08\/Serra-4x4-1-768x888.jpg 768w, https:\/\/jornalfatosenoticias.com.br\/wp-content\/uploads\/2024\/08\/Serra-4x4-1.jpg 1181w\" sizes=\"auto, (max-width: 296px) 100vw, 296px\" \/><\/a><\/figure><\/div>\n\n\n\n<p>A ACEA lembrou a \u201cnecessidade urgente\u201d de \u201ccoopera\u00e7\u00e3o transatl\u00e2ntica\u201d para evitar uma escalada da guerra comercial e \u201cdanos de longo prazo para ambas as economias\u201d. A patronal europeia estima que cerca de 67 bilh\u00f5es de euros em exporta\u00e7\u00f5es europeias podem ser afetados pelas tarifas americanas, e a cifra pode chegar a 80 bilh\u00f5es de euros se forem levadas em conta as sobretaxas de 25% sobre carros e componentes automotivos e as chamadas tarifas \u201crec\u00edprocas\u201d de 20% anunciadas na \u00faltima semana.<\/p>\n\n\n\n<div class=\"wp-block-image\"><figure class=\"aligncenter size-large\"><a href=\"http:\/\/www.ferrarimaquinas.com.br\/\"><img loading=\"lazy\" decoding=\"async\" width=\"300\" height=\"250\" src=\"https:\/\/jornalfatosenoticias.com.br\/wp-content\/uploads\/2022\/02\/FERRARI_MAQUINAS-E-FERRAMENTAS2.jpg\" alt=\"\" class=\"wp-image-27860\"\/><\/a><\/figure><\/div>\n\n\n\n<blockquote class=\"wp-block-quote is-layout-flow wp-block-quote-is-layout-flow\"><p><span class=\"has-inline-color has-luminous-vivid-orange-color\">N\u00e3o s\u00f3 \u00e9 essencial que os l\u00edderes europeus e americanos encontrem urgentemente uma solu\u00e7\u00e3o para a atual disputa comercial, como tamb\u00e9m \u00e9 imperativo que as institui\u00e7\u00f5es europeias implementem ativamente o Plano de A\u00e7\u00e3o do Setor Automotivo para refor\u00e7ar a competitividade, reduzir os custos, aliviar os encargos administrativos e fortalecer a fabrica\u00e7\u00e3o europeia\u201d, enfatizou De Vries.<\/span><\/p><\/blockquote>\n\n\n\n<div class=\"wp-block-image\"><figure class=\"aligncenter size-large is-resized\"><a href=\"https:\/\/www.controlsystems.com.br\/\"><img loading=\"lazy\" decoding=\"async\" src=\"https:\/\/jornalfatosenoticias.com.br\/wp-content\/uploads\/2020\/02\/CONTROL-CS.jpg\" alt=\"\" class=\"wp-image-44991\" width=\"289\" height=\"347\" srcset=\"https:\/\/jornalfatosenoticias.com.br\/wp-content\/uploads\/2020\/02\/CONTROL-CS.jpg 834w, https:\/\/jornalfatosenoticias.com.br\/wp-content\/uploads\/2020\/02\/CONTROL-CS-250x300.jpg 250w, https:\/\/jornalfatosenoticias.com.br\/wp-content\/uploads\/2020\/02\/CONTROL-CS-768x921.jpg 768w\" sizes=\"auto, (max-width: 289px) 100vw, 289px\" \/><\/a><\/figure><\/div>\n\n\n\n<p>A solicita\u00e7\u00e3o do setor automotivo europeu foi feita em um dia em que os 27 ministros do Com\u00e9rcio da UE se reuniram para discutir em n\u00edvel pol\u00edtico a resposta do bloco \u00e0s ondas de tarifas decretadas pelo presidente americano, Donald Trump. A UE planeja votar uma primeira lista de produtos sobre os quais impor\u00e1 sobretaxas em resposta \u00e0s tarifas de 25% sobre o a\u00e7o e o alum\u00ednio e continua a refletir sobre a retalia\u00e7\u00e3o contra as tarifas \u201crec\u00edprocas\u201d de 20%, embora a linha de a\u00e7\u00e3o priorit\u00e1ria continue sendo a negocia\u00e7\u00e3o com Washington. Enquanto isso, Von der Leyen ofereceu aos EUA a elimina\u00e7\u00e3o total de maneira rec\u00edproca das tarifas sobre bens industriais como autom\u00f3veis, produtos qu\u00edmicos, produtos farmac\u00eauticos, m\u00e1quinas, borracha e pl\u00e1sticos.<\/p>\n\n\n\n<div class=\"wp-block-image\"><figure class=\"aligncenter size-large is-resized\"><a href=\"https:\/\/www.legisjuris.com.br\/\"><img loading=\"lazy\" decoding=\"async\" src=\"https:\/\/jornalfatosenoticias.com.br\/wp-content\/uploads\/2024\/09\/Legis-Juris-Consultoria_logo.jpg\" alt=\"\" class=\"wp-image-53915\" width=\"527\" height=\"221\" srcset=\"https:\/\/jornalfatosenoticias.com.br\/wp-content\/uploads\/2024\/09\/Legis-Juris-Consultoria_logo.jpg 969w, https:\/\/jornalfatosenoticias.com.br\/wp-content\/uploads\/2024\/09\/Legis-Juris-Consultoria_logo-300x126.jpg 300w, https:\/\/jornalfatosenoticias.com.br\/wp-content\/uploads\/2024\/09\/Legis-Juris-Consultoria_logo-768x322.jpg 768w\" sizes=\"auto, (max-width: 527px) 100vw, 527px\" \/><\/a><\/figure><\/div>\n\n\n\n<p><strong>Fonte: <a href=\"https:\/\/www.gazetadopovo.com.br\/mundo\/tarifas-setor-automotivo-europeu-pede-que-ue-abandone-retaliacoes-e-busque-acordo-com-trump\/\">Gazeta do Povo<\/a><\/strong><\/p>\n","protected":false},"excerpt":{"rendered":"<p>Presidente da Comiss\u00e3o Europeia, Ursula von der Leyen Por John Lucas A Associa\u00e7\u00e3o Europeia de Fabricantes de Autom\u00f3veis (ACEA) pediu nesta segunda-feira (7) \u00e0 Comiss\u00e3o Europeia que busque com os Estados Unidos uma solu\u00e7\u00e3o \u201cconstrutiva e negociada\u201d para a quest\u00e3o das tarifas e evite responder com medidas de retalia\u00e7\u00e3o que possam prejudicar a competitividade da [&hellip;]<\/p>\n","protected":false},"author":2,"featured_media":58382,"comment_status":"open","ping_status":"open","sticky":false,"template":"","format":"standard","meta":{"footnotes":""},"categories":[41],"tags":[26605,5781,26603,2147,159,26600,5134,5019,26604,18745,26602,14378,26601,8344],"class_list":["post-58381","post","type-post","status-publish","format-standard","has-post-thumbnail","hentry","category-internacional","tag-acea","tag-bmw","tag-daimler-trucks","tag-donald-trump","tag-eua","tag-iveco","tag-mercedes-benz","tag-scania","tag-setor-automotivo","tag-stellantis","tag-tarifaco-de-trump","tag-ue","tag-ursula-von-der-leyen","tag-volkswagen"],"yoast_head":"<!-- This site is optimized with the Yoast SEO plugin v26.5 - https:\/\/yoast.com\/wordpress\/plugins\/seo\/ -->\n<title>Setor automotivo europeu pede que UE abandone retalia\u00e7\u00f5es e busque acordo com Trump - Jornal Fatos e Not\u00edcias<\/title>\n<meta name=\"robots\" content=\"index, follow, max-snippet:-1, max-image-preview:large, max-video-preview:-1\" \/>\n<link rel=\"canonical\" href=\"https:\/\/jornalfatosenoticias.com.br\/index.php\/2025\/04\/08\/setor-automotivo-europeu-pede-que-ue-abandone-retaliacoes-e-busque-acordo-com-trump\/\" \/>\n<meta property=\"og:locale\" content=\"pt_BR\" \/>\n<meta property=\"og:type\" content=\"article\" \/>\n<meta property=\"og:title\" content=\"Setor automotivo europeu pede que UE abandone retalia\u00e7\u00f5es e busque acordo com Trump - Jornal Fatos e Not\u00edcias\" \/>\n<meta property=\"og:description\" content=\"Presidente da Comiss\u00e3o Europeia, Ursula von der Leyen Por John Lucas A Associa\u00e7\u00e3o Europeia de Fabricantes de Autom\u00f3veis (ACEA) pediu nesta segunda-feira (7) \u00e0 Comiss\u00e3o Europeia que busque com os Estados Unidos uma solu\u00e7\u00e3o \u201cconstrutiva e negociada\u201d para a quest\u00e3o das tarifas e evite responder com medidas de retalia\u00e7\u00e3o que possam prejudicar a competitividade da [&hellip;]\" \/>\n<meta property=\"og:url\" content=\"https:\/\/jornalfatosenoticias.com.br\/index.php\/2025\/04\/08\/setor-automotivo-europeu-pede-que-ue-abandone-retaliacoes-e-busque-acordo-com-trump\/\" \/>\n<meta property=\"og:site_name\" content=\"Jornal Fatos e Not\u00edcias\" \/>\n<meta property=\"article:published_time\" content=\"2025-04-08T17:32:20+00:00\" \/>\n<meta property=\"article:modified_time\" content=\"2025-04-08T17:32:21+00:00\" \/>\n<meta property=\"og:image\" content=\"https:\/\/jornalfatosenoticias.com.br\/wp-content\/uploads\/2025\/04\/Ursula-von-der-Leyen_gettyimages.jpg\" \/>\n\t<meta property=\"og:image:width\" content=\"612\" \/>\n\t<meta property=\"og:image:height\" content=\"408\" \/>\n\t<meta property=\"og:image:type\" content=\"image\/jpeg\" \/>\n<meta name=\"author\" content=\"Luzimara Fernandes\" \/>\n<meta name=\"twitter:card\" content=\"summary_large_image\" \/>\n<meta name=\"twitter:label1\" content=\"Escrito por\" \/>\n\t<meta name=\"twitter:data1\" content=\"Luzimara Fernandes\" \/>\n\t<meta name=\"twitter:label2\" content=\"Est. tempo de leitura\" \/>\n\t<meta name=\"twitter:data2\" content=\"2 minutos\" \/>\n<script type=\"application\/ld+json\" class=\"yoast-schema-graph\">{\"@context\":\"https:\/\/schema.org\",\"@graph\":[{\"@type\":\"Article\",\"@id\":\"https:\/\/jornalfatosenoticias.com.br\/index.php\/2025\/04\/08\/setor-automotivo-europeu-pede-que-ue-abandone-retaliacoes-e-busque-acordo-com-trump\/#article\",\"isPartOf\":{\"@id\":\"https:\/\/jornalfatosenoticias.com.br\/index.php\/2025\/04\/08\/setor-automotivo-europeu-pede-que-ue-abandone-retaliacoes-e-busque-acordo-com-trump\/\"},\"author\":{\"name\":\"Luzimara Fernandes\",\"@id\":\"https:\/\/jornalfatosenoticias.com.br\/#\/schema\/person\/d63837fa13ac8666eb9e74e0985d6f81\"},\"headline\":\"Setor automotivo europeu pede que UE abandone retalia\u00e7\u00f5es e busque acordo com Trump\",\"datePublished\":\"2025-04-08T17:32:20+00:00\",\"dateModified\":\"2025-04-08T17:32:21+00:00\",\"mainEntityOfPage\":{\"@id\":\"https:\/\/jornalfatosenoticias.com.br\/index.php\/2025\/04\/08\/setor-automotivo-europeu-pede-que-ue-abandone-retaliacoes-e-busque-acordo-com-trump\/\"},\"wordCount\":447,\"commentCount\":0,\"publisher\":{\"@id\":\"https:\/\/jornalfatosenoticias.com.br\/#organization\"},\"image\":{\"@id\":\"https:\/\/jornalfatosenoticias.com.br\/index.php\/2025\/04\/08\/setor-automotivo-europeu-pede-que-ue-abandone-retaliacoes-e-busque-acordo-com-trump\/#primaryimage\"},\"thumbnailUrl\":\"https:\/\/jornalfatosenoticias.com.br\/wp-content\/uploads\/2025\/04\/Ursula-von-der-Leyen_gettyimages.jpg\",\"keywords\":[\"ACEA\",\"BMW\",\"Daimler Trucks\",\"Donald Trump\",\"EUA\",\"Iveco\",\"Mercedes-Benz\",\"Scania\",\"setor automotivo\",\"Stellantis\",\"tarifa\u00e7o de Trump\",\"UE\",\"Ursula von der Leyen\",\"Volkswagen\"],\"articleSection\":[\"Internacional\"],\"inLanguage\":\"pt-BR\",\"potentialAction\":[{\"@type\":\"CommentAction\",\"name\":\"Comment\",\"target\":[\"https:\/\/jornalfatosenoticias.com.br\/index.php\/2025\/04\/08\/setor-automotivo-europeu-pede-que-ue-abandone-retaliacoes-e-busque-acordo-com-trump\/#respond\"]}]},{\"@type\":\"WebPage\",\"@id\":\"https:\/\/jornalfatosenoticias.com.br\/index.php\/2025\/04\/08\/setor-automotivo-europeu-pede-que-ue-abandone-retaliacoes-e-busque-acordo-com-trump\/\",\"url\":\"https:\/\/jornalfatosenoticias.com.br\/index.php\/2025\/04\/08\/setor-automotivo-europeu-pede-que-ue-abandone-retaliacoes-e-busque-acordo-com-trump\/\",\"name\":\"Setor automotivo europeu pede que UE abandone retalia\u00e7\u00f5es e busque acordo com Trump - Jornal Fatos e Not\u00edcias\",\"isPartOf\":{\"@id\":\"https:\/\/jornalfatosenoticias.com.br\/#website\"},\"primaryImageOfPage\":{\"@id\":\"https:\/\/jornalfatosenoticias.com.br\/index.php\/2025\/04\/08\/setor-automotivo-europeu-pede-que-ue-abandone-retaliacoes-e-busque-acordo-com-trump\/#primaryimage\"},\"image\":{\"@id\":\"https:\/\/jornalfatosenoticias.com.br\/index.php\/2025\/04\/08\/setor-automotivo-europeu-pede-que-ue-abandone-retaliacoes-e-busque-acordo-com-trump\/#primaryimage\"},\"thumbnailUrl\":\"https:\/\/jornalfatosenoticias.com.br\/wp-content\/uploads\/2025\/04\/Ursula-von-der-Leyen_gettyimages.jpg\",\"datePublished\":\"2025-04-08T17:32:20+00:00\",\"dateModified\":\"2025-04-08T17:32:21+00:00\",\"breadcrumb\":{\"@id\":\"https:\/\/jornalfatosenoticias.com.br\/index.php\/2025\/04\/08\/setor-automotivo-europeu-pede-que-ue-abandone-retaliacoes-e-busque-acordo-com-trump\/#breadcrumb\"},\"inLanguage\":\"pt-BR\",\"potentialAction\":[{\"@type\":\"ReadAction\",\"target\":[\"https:\/\/jornalfatosenoticias.com.br\/index.php\/2025\/04\/08\/setor-automotivo-europeu-pede-que-ue-abandone-retaliacoes-e-busque-acordo-com-trump\/\"]}]},{\"@type\":\"ImageObject\",\"inLanguage\":\"pt-BR\",\"@id\":\"https:\/\/jornalfatosenoticias.com.br\/index.php\/2025\/04\/08\/setor-automotivo-europeu-pede-que-ue-abandone-retaliacoes-e-busque-acordo-com-trump\/#primaryimage\",\"url\":\"https:\/\/jornalfatosenoticias.com.br\/wp-content\/uploads\/2025\/04\/Ursula-von-der-Leyen_gettyimages.jpg\",\"contentUrl\":\"https:\/\/jornalfatosenoticias.com.br\/wp-content\/uploads\/2025\/04\/Ursula-von-der-Leyen_gettyimages.jpg\",\"width\":612,\"height\":408,\"caption\":\"BRUSSELS, BELGIUM - APRIL 7 : President of the European Commission Ursula von der Leyen and the Prime Minister of Norway (Unseen) talk to the media in the Berlaymont, the EU Commission headquarters on April 7, 2025 in Brussels, Belgium. Prime Minister of Norway Jonas Gahr St\u00f8re is in Brussels, the EU Capital to find solutions after the latest developments in the USA trade tariff policies. (Photo by Thierry Monasse\/Getty Images)\"},{\"@type\":\"BreadcrumbList\",\"@id\":\"https:\/\/jornalfatosenoticias.com.br\/index.php\/2025\/04\/08\/setor-automotivo-europeu-pede-que-ue-abandone-retaliacoes-e-busque-acordo-com-trump\/#breadcrumb\",\"itemListElement\":[{\"@type\":\"ListItem\",\"position\":1,\"name\":\"In\u00edcio\",\"item\":\"https:\/\/jornalfatosenoticias.com.br\/\"},{\"@type\":\"ListItem\",\"position\":2,\"name\":\"Setor automotivo europeu pede que UE abandone retalia\u00e7\u00f5es e busque acordo com Trump\"}]},{\"@type\":\"WebSite\",\"@id\":\"https:\/\/jornalfatosenoticias.com.br\/#website\",\"url\":\"https:\/\/jornalfatosenoticias.com.br\/\",\"name\":\"Jornal Fatos e Not\u00edcias\",\"description\":\"Not\u00edcias em geral\",\"publisher\":{\"@id\":\"https:\/\/jornalfatosenoticias.com.br\/#organization\"},\"potentialAction\":[{\"@type\":\"SearchAction\",\"target\":{\"@type\":\"EntryPoint\",\"urlTemplate\":\"https:\/\/jornalfatosenoticias.com.br\/?s={search_term_string}\"},\"query-input\":{\"@type\":\"PropertyValueSpecification\",\"valueRequired\":true,\"valueName\":\"search_term_string\"}}],\"inLanguage\":\"pt-BR\"},{\"@type\":\"Organization\",\"@id\":\"https:\/\/jornalfatosenoticias.com.br\/#organization\",\"name\":\"Jornal Fatos e Not\u00edcias\",\"url\":\"https:\/\/jornalfatosenoticias.com.br\/\",\"logo\":{\"@type\":\"ImageObject\",\"inLanguage\":\"pt-BR\",\"@id\":\"https:\/\/jornalfatosenoticias.com.br\/#\/schema\/logo\/image\/\",\"url\":\"https:\/\/jornalfatosenoticias.com.br\/wp-content\/uploads\/2020\/02\/logo120.png\",\"contentUrl\":\"https:\/\/jornalfatosenoticias.com.br\/wp-content\/uploads\/2020\/02\/logo120.png\",\"width\":1227,\"height\":120,\"caption\":\"Jornal Fatos e Not\u00edcias\"},\"image\":{\"@id\":\"https:\/\/jornalfatosenoticias.com.br\/#\/schema\/logo\/image\/\"}},{\"@type\":\"Person\",\"@id\":\"https:\/\/jornalfatosenoticias.com.br\/#\/schema\/person\/d63837fa13ac8666eb9e74e0985d6f81\",\"name\":\"Luzimara Fernandes\",\"image\":{\"@type\":\"ImageObject\",\"inLanguage\":\"pt-BR\",\"@id\":\"https:\/\/jornalfatosenoticias.com.br\/#\/schema\/person\/image\/\",\"url\":\"https:\/\/jornalfatosenoticias.com.br\/wp-content\/uploads\/2025\/05\/EU_portal.jpg\",\"contentUrl\":\"https:\/\/jornalfatosenoticias.com.br\/wp-content\/uploads\/2025\/05\/EU_portal.jpg\",\"caption\":\"Luzimara Fernandes\"},\"description\":\"Jornalista MTB 2358-ES\",\"sameAs\":[\"https:\/\/jornalfatosenoticias.com.br\"],\"url\":\"https:\/\/jornalfatosenoticias.com.br\/index.php\/author\/luzimara\/\"}]}<\/script>\n<!-- \/ Yoast SEO plugin. -->","yoast_head_json":{"title":"Setor automotivo europeu pede que UE abandone retalia\u00e7\u00f5es e busque acordo com Trump - Jornal Fatos e Not\u00edcias","robots":{"index":"index","follow":"follow","max-snippet":"max-snippet:-1","max-image-preview":"max-image-preview:large","max-video-preview":"max-video-preview:-1"},"canonical":"https:\/\/jornalfatosenoticias.com.br\/index.php\/2025\/04\/08\/setor-automotivo-europeu-pede-que-ue-abandone-retaliacoes-e-busque-acordo-com-trump\/","og_locale":"pt_BR","og_type":"article","og_title":"Setor automotivo europeu pede que UE abandone retalia\u00e7\u00f5es e busque acordo com Trump - Jornal Fatos e Not\u00edcias","og_description":"Presidente da Comiss\u00e3o Europeia, Ursula von der Leyen Por John Lucas A Associa\u00e7\u00e3o Europeia de Fabricantes de Autom\u00f3veis (ACEA) pediu nesta segunda-feira (7) \u00e0 Comiss\u00e3o Europeia que busque com os Estados Unidos uma solu\u00e7\u00e3o \u201cconstrutiva e negociada\u201d para a quest\u00e3o das tarifas e evite responder com medidas de retalia\u00e7\u00e3o que possam prejudicar a competitividade da [&hellip;]","og_url":"https:\/\/jornalfatosenoticias.com.br\/index.php\/2025\/04\/08\/setor-automotivo-europeu-pede-que-ue-abandone-retaliacoes-e-busque-acordo-com-trump\/","og_site_name":"Jornal Fatos e Not\u00edcias","article_published_time":"2025-04-08T17:32:20+00:00","article_modified_time":"2025-04-08T17:32:21+00:00","og_image":[{"width":612,"height":408,"url":"https:\/\/jornalfatosenoticias.com.br\/wp-content\/uploads\/2025\/04\/Ursula-von-der-Leyen_gettyimages.jpg","type":"image\/jpeg"}],"author":"Luzimara Fernandes","twitter_card":"summary_large_image","twitter_misc":{"Escrito por":"Luzimara Fernandes","Est. tempo de leitura":"2 minutos"},"schema":{"@context":"https:\/\/schema.org","@graph":[{"@type":"Article","@id":"https:\/\/jornalfatosenoticias.com.br\/index.php\/2025\/04\/08\/setor-automotivo-europeu-pede-que-ue-abandone-retaliacoes-e-busque-acordo-com-trump\/#article","isPartOf":{"@id":"https:\/\/jornalfatosenoticias.com.br\/index.php\/2025\/04\/08\/setor-automotivo-europeu-pede-que-ue-abandone-retaliacoes-e-busque-acordo-com-trump\/"},"author":{"name":"Luzimara Fernandes","@id":"https:\/\/jornalfatosenoticias.com.br\/#\/schema\/person\/d63837fa13ac8666eb9e74e0985d6f81"},"headline":"Setor automotivo europeu pede que UE abandone retalia\u00e7\u00f5es e busque acordo com Trump","datePublished":"2025-04-08T17:32:20+00:00","dateModified":"2025-04-08T17:32:21+00:00","mainEntityOfPage":{"@id":"https:\/\/jornalfatosenoticias.com.br\/index.php\/2025\/04\/08\/setor-automotivo-europeu-pede-que-ue-abandone-retaliacoes-e-busque-acordo-com-trump\/"},"wordCount":447,"commentCount":0,"publisher":{"@id":"https:\/\/jornalfatosenoticias.com.br\/#organization"},"image":{"@id":"https:\/\/jornalfatosenoticias.com.br\/index.php\/2025\/04\/08\/setor-automotivo-europeu-pede-que-ue-abandone-retaliacoes-e-busque-acordo-com-trump\/#primaryimage"},"thumbnailUrl":"https:\/\/jornalfatosenoticias.com.br\/wp-content\/uploads\/2025\/04\/Ursula-von-der-Leyen_gettyimages.jpg","keywords":["ACEA","BMW","Daimler Trucks","Donald Trump","EUA","Iveco","Mercedes-Benz","Scania","setor automotivo","Stellantis","tarifa\u00e7o de Trump","UE","Ursula von der Leyen","Volkswagen"],"articleSection":["Internacional"],"inLanguage":"pt-BR","potentialAction":[{"@type":"CommentAction","name":"Comment","target":["https:\/\/jornalfatosenoticias.com.br\/index.php\/2025\/04\/08\/setor-automotivo-europeu-pede-que-ue-abandone-retaliacoes-e-busque-acordo-com-trump\/#respond"]}]},{"@type":"WebPage","@id":"https:\/\/jornalfatosenoticias.com.br\/index.php\/2025\/04\/08\/setor-automotivo-europeu-pede-que-ue-abandone-retaliacoes-e-busque-acordo-com-trump\/","url":"https:\/\/jornalfatosenoticias.com.br\/index.php\/2025\/04\/08\/setor-automotivo-europeu-pede-que-ue-abandone-retaliacoes-e-busque-acordo-com-trump\/","name":"Setor automotivo europeu pede que UE abandone retalia\u00e7\u00f5es e busque acordo com Trump - Jornal Fatos e Not\u00edcias","isPartOf":{"@id":"https:\/\/jornalfatosenoticias.com.br\/#website"},"primaryImageOfPage":{"@id":"https:\/\/jornalfatosenoticias.com.br\/index.php\/2025\/04\/08\/setor-automotivo-europeu-pede-que-ue-abandone-retaliacoes-e-busque-acordo-com-trump\/#primaryimage"},"image":{"@id":"https:\/\/jornalfatosenoticias.com.br\/index.php\/2025\/04\/08\/setor-automotivo-europeu-pede-que-ue-abandone-retaliacoes-e-busque-acordo-com-trump\/#primaryimage"},"thumbnailUrl":"https:\/\/jornalfatosenoticias.com.br\/wp-content\/uploads\/2025\/04\/Ursula-von-der-Leyen_gettyimages.jpg","datePublished":"2025-04-08T17:32:20+00:00","dateModified":"2025-04-08T17:32:21+00:00","breadcrumb":{"@id":"https:\/\/jornalfatosenoticias.com.br\/index.php\/2025\/04\/08\/setor-automotivo-europeu-pede-que-ue-abandone-retaliacoes-e-busque-acordo-com-trump\/#breadcrumb"},"inLanguage":"pt-BR","potentialAction":[{"@type":"ReadAction","target":["https:\/\/jornalfatosenoticias.com.br\/index.php\/2025\/04\/08\/setor-automotivo-europeu-pede-que-ue-abandone-retaliacoes-e-busque-acordo-com-trump\/"]}]},{"@type":"ImageObject","inLanguage":"pt-BR","@id":"https:\/\/jornalfatosenoticias.com.br\/index.php\/2025\/04\/08\/setor-automotivo-europeu-pede-que-ue-abandone-retaliacoes-e-busque-acordo-com-trump\/#primaryimage","url":"https:\/\/jornalfatosenoticias.com.br\/wp-content\/uploads\/2025\/04\/Ursula-von-der-Leyen_gettyimages.jpg","contentUrl":"https:\/\/jornalfatosenoticias.com.br\/wp-content\/uploads\/2025\/04\/Ursula-von-der-Leyen_gettyimages.jpg","width":612,"height":408,"caption":"BRUSSELS, BELGIUM - APRIL 7 : President of the European Commission Ursula von der Leyen and the Prime Minister of Norway (Unseen) talk to the media in the Berlaymont, the EU Commission headquarters on April 7, 2025 in Brussels, Belgium. Prime Minister of Norway Jonas Gahr St\u00f8re is in Brussels, the EU Capital to find solutions after the latest developments in the USA trade tariff policies. (Photo by Thierry Monasse\/Getty Images)"},{"@type":"BreadcrumbList","@id":"https:\/\/jornalfatosenoticias.com.br\/index.php\/2025\/04\/08\/setor-automotivo-europeu-pede-que-ue-abandone-retaliacoes-e-busque-acordo-com-trump\/#breadcrumb","itemListElement":[{"@type":"ListItem","position":1,"name":"In\u00edcio","item":"https:\/\/jornalfatosenoticias.com.br\/"},{"@type":"ListItem","position":2,"name":"Setor automotivo europeu pede que UE abandone retalia\u00e7\u00f5es e busque acordo com Trump"}]},{"@type":"WebSite","@id":"https:\/\/jornalfatosenoticias.com.br\/#website","url":"https:\/\/jornalfatosenoticias.com.br\/","name":"Jornal Fatos e Not\u00edcias","description":"Not\u00edcias em geral","publisher":{"@id":"https:\/\/jornalfatosenoticias.com.br\/#organization"},"potentialAction":[{"@type":"SearchAction","target":{"@type":"EntryPoint","urlTemplate":"https:\/\/jornalfatosenoticias.com.br\/?s={search_term_string}"},"query-input":{"@type":"PropertyValueSpecification","valueRequired":true,"valueName":"search_term_string"}}],"inLanguage":"pt-BR"},{"@type":"Organization","@id":"https:\/\/jornalfatosenoticias.com.br\/#organization","name":"Jornal Fatos e Not\u00edcias","url":"https:\/\/jornalfatosenoticias.com.br\/","logo":{"@type":"ImageObject","inLanguage":"pt-BR","@id":"https:\/\/jornalfatosenoticias.com.br\/#\/schema\/logo\/image\/","url":"https:\/\/jornalfatosenoticias.com.br\/wp-content\/uploads\/2020\/02\/logo120.png","contentUrl":"https:\/\/jornalfatosenoticias.com.br\/wp-content\/uploads\/2020\/02\/logo120.png","width":1227,"height":120,"caption":"Jornal Fatos e Not\u00edcias"},"image":{"@id":"https:\/\/jornalfatosenoticias.com.br\/#\/schema\/logo\/image\/"}},{"@type":"Person","@id":"https:\/\/jornalfatosenoticias.com.br\/#\/schema\/person\/d63837fa13ac8666eb9e74e0985d6f81","name":"Luzimara Fernandes","image":{"@type":"ImageObject","inLanguage":"pt-BR","@id":"https:\/\/jornalfatosenoticias.com.br\/#\/schema\/person\/image\/","url":"https:\/\/jornalfatosenoticias.com.br\/wp-content\/uploads\/2025\/05\/EU_portal.jpg","contentUrl":"https:\/\/jornalfatosenoticias.com.br\/wp-content\/uploads\/2025\/05\/EU_portal.jpg","caption":"Luzimara Fernandes"},"description":"Jornalista MTB 2358-ES","sameAs":["https:\/\/jornalfatosenoticias.com.br"],"url":"https:\/\/jornalfatosenoticias.com.br\/index.php\/author\/luzimara\/"}]}},"cc_featured_image_caption":{"caption_text":"(Foto: Getty Images)","source_text":"","source_url":""},"jetpack_featured_media_url":"https:\/\/jornalfatosenoticias.com.br\/wp-content\/uploads\/2025\/04\/Ursula-von-der-Leyen_gettyimages.jpg","_links":{"self":[{"href":"https:\/\/jornalfatosenoticias.com.br\/index.php\/wp-json\/wp\/v2\/posts\/58381","targetHints":{"allow":["GET"]}}],"collection":[{"href":"https:\/\/jornalfatosenoticias.com.br\/index.php\/wp-json\/wp\/v2\/posts"}],"about":[{"href":"https:\/\/jornalfatosenoticias.com.br\/index.php\/wp-json\/wp\/v2\/types\/post"}],"author":[{"embeddable":true,"href":"https:\/\/jornalfatosenoticias.com.br\/index.php\/wp-json\/wp\/v2\/users\/2"}],"replies":[{"embeddable":true,"href":"https:\/\/jornalfatosenoticias.com.br\/index.php\/wp-json\/wp\/v2\/comments?post=58381"}],"version-history":[{"count":0,"href":"https:\/\/jornalfatosenoticias.com.br\/index.php\/wp-json\/wp\/v2\/posts\/58381\/revisions"}],"wp:featuredmedia":[{"embeddable":true,"href":"https:\/\/jornalfatosenoticias.com.br\/index.php\/wp-json\/wp\/v2\/media\/58382"}],"wp:attachment":[{"href":"https:\/\/jornalfatosenoticias.com.br\/index.php\/wp-json\/wp\/v2\/media?parent=58381"}],"wp:term":[{"taxonomy":"category","embeddable":true,"href":"https:\/\/jornalfatosenoticias.com.br\/index.php\/wp-json\/wp\/v2\/categories?post=58381"},{"taxonomy":"post_tag","embeddable":true,"href":"https:\/\/jornalfatosenoticias.com.br\/index.php\/wp-json\/wp\/v2\/tags?post=58381"}],"curies":[{"name":"wp","href":"https:\/\/api.w.org\/{rel}","templated":true}]}}