{"id":58390,"date":"2025-04-09T12:22:33","date_gmt":"2025-04-09T15:22:33","guid":{"rendered":"https:\/\/jornalfatosenoticias.com.br\/?p=58390"},"modified":"2025-04-09T12:22:35","modified_gmt":"2025-04-09T15:22:35","slug":"itaipu-escandalo-bilionario-abalando-fronteiras","status":"publish","type":"post","link":"https:\/\/jornalfatosenoticias.com.br\/index.php\/2025\/04\/09\/itaipu-escandalo-bilionario-abalando-fronteiras\/","title":{"rendered":"Itaipu: esc\u00e2ndalo bilion\u00e1rio abalando fronteiras!"},"content":{"rendered":"\n<p><em><span class=\"has-inline-color has-black-color\">Desvios e contratos obscuros na usina binacional geram pol\u00eamica e crise internacional<\/span><\/em><\/p>\n\n\n\n<p><span class=\"has-inline-color has-black-color\">Por <strong>Alair de Almeida<\/strong><\/span><\/p>\n\n\n\n<div class=\"wp-block-image\"><figure class=\"aligncenter size-large\"><a href=\"http:\/\/www.ferrarimaquinas.com.br\/\"><img loading=\"lazy\" decoding=\"async\" width=\"1024\" height=\"100\" src=\"https:\/\/jornalfatosenoticias.com.br\/wp-content\/uploads\/2020\/02\/banner_ferramentas-1024x100.jpg\" alt=\"\" class=\"wp-image-1258\" srcset=\"https:\/\/jornalfatosenoticias.com.br\/wp-content\/uploads\/2020\/02\/banner_ferramentas-1024x100.jpg 1024w, https:\/\/jornalfatosenoticias.com.br\/wp-content\/uploads\/2020\/02\/banner_ferramentas-300x29.jpg 300w, https:\/\/jornalfatosenoticias.com.br\/wp-content\/uploads\/2020\/02\/banner_ferramentas-768x75.jpg 768w, https:\/\/jornalfatosenoticias.com.br\/wp-content\/uploads\/2020\/02\/banner_ferramentas.jpg 1227w\" sizes=\"auto, (max-width: 1024px) 100vw, 1024px\" \/><\/a><\/figure><\/div>\n\n\n\n<p>A gest\u00e3o da <a href=\"https:\/\/jornalregiaosul.com.br\/busca\/Itaipu\" target=\"_blank\" rel=\"noreferrer noopener\">Itaipu<\/a> Binacional, gigante hidrel\u00e9trica na fronteira com o Paraguai, est\u00e1 no centro de um turbilh\u00e3o de den\u00fancias que apontam para desvios bilion\u00e1rios e contratos question\u00e1veis desde o retorno do PT ao poder. As acusa\u00e7\u00f5es, detalhadas na edi\u00e7\u00e3o 261 da revista Oeste, sugerem que a usina se tornou um terreno f\u00e9rtil para a m\u00e1 gest\u00e3o e poss\u00edveis atos il\u00edcitos, transformando-se em um potencial problema internacional.<br>Um dos pontos cr\u00edticos \u00e9 a alegada falta de supervis\u00e3o do Tribunal de Contas da Uni\u00e3o (<a href=\"https:\/\/jornalregiaosul.com.br\/busca\/TCU\" target=\"_blank\" rel=\"noreferrer noopener\">TCU<\/a>), devido \u00e0 sua natureza binacional. Essa brecha jur\u00eddica, sustentada por um aval do Supremo Tribunal Federal (STF) que solicitou a cria\u00e7\u00e3o de um comit\u00ea binacional (nunca implementado por Lula), abriu caminho para uma s\u00e9rie de decis\u00f5es controversas.<\/p>\n\n\n\n<div class=\"wp-block-image\"><figure class=\"aligncenter size-large is-resized\"><a href=\"https:\/\/www.facebook.com\/profile.php?id=100069289606145\"><img loading=\"lazy\" decoding=\"async\" src=\"https:\/\/jornalfatosenoticias.com.br\/wp-content\/uploads\/2024\/11\/Guaitolini-Contabilidade-1024x714.jpeg\" alt=\"\" class=\"wp-image-55808\" width=\"297\" height=\"207\" srcset=\"https:\/\/jornalfatosenoticias.com.br\/wp-content\/uploads\/2024\/11\/Guaitolini-Contabilidade-1024x714.jpeg 1024w, https:\/\/jornalfatosenoticias.com.br\/wp-content\/uploads\/2024\/11\/Guaitolini-Contabilidade-300x209.jpeg 300w, https:\/\/jornalfatosenoticias.com.br\/wp-content\/uploads\/2024\/11\/Guaitolini-Contabilidade-768x535.jpeg 768w, https:\/\/jornalfatosenoticias.com.br\/wp-content\/uploads\/2024\/11\/Guaitolini-Contabilidade.jpeg 1280w\" sizes=\"auto, (max-width: 297px) 100vw, 297px\" \/><\/a><\/figure><\/div>\n\n\n\n<p>Entre os contratos sob suspeita, destaca-se o repasse de R$ 200 milh\u00f5es para a constru\u00e7\u00e3o de um hotel de luxo em Bel\u00e9m (PA), palco da confer\u00eancia do clima COP-30, evento que tem Janja da Silva como figura proeminente. A justificativa oficial para o investimento seria a &#8220;miss\u00e3o socioambiental&#8221; da empresa.<\/p>\n\n\n\n<div class=\"wp-block-image\"><figure class=\"aligncenter size-large is-resized\"><a href=\"https:\/\/www.instagram.com\/esteiochurrascaria\/\"><img loading=\"lazy\" decoding=\"async\" src=\"https:\/\/jornalfatosenoticias.com.br\/wp-content\/uploads\/2022\/02\/LOGO-ESTEIO-1024x730.png\" alt=\"\" class=\"wp-image-27942\" width=\"304\" height=\"216\" srcset=\"https:\/\/jornalfatosenoticias.com.br\/wp-content\/uploads\/2022\/02\/LOGO-ESTEIO-1024x730.png 1024w, https:\/\/jornalfatosenoticias.com.br\/wp-content\/uploads\/2022\/02\/LOGO-ESTEIO-300x214.png 300w, https:\/\/jornalfatosenoticias.com.br\/wp-content\/uploads\/2022\/02\/LOGO-ESTEIO-768x548.png 768w, https:\/\/jornalfatosenoticias.com.br\/wp-content\/uploads\/2022\/02\/LOGO-ESTEIO.png 1123w\" sizes=\"auto, (max-width: 304px) 100vw, 304px\" \/><\/a><\/figure><\/div>\n\n\n\n<blockquote class=\"wp-block-quote is-layout-flow wp-block-quote-is-layout-flow\"><p><span class=\"has-inline-color has-luminous-vivid-orange-color\">O hotel proporcionar\u00e1 hospedagem de luxo e conforto para chefes de Estado, dignit\u00e1rios e outros l\u00edderes globais que participar\u00e3o da COP-30, garantindo um ambiente seguro e acolhedor&#8221;, diz o edital de licita\u00e7\u00e3o do governo do Par\u00e1.<\/span><\/p><\/blockquote>\n\n\n\n<div class=\"wp-block-image\"><figure class=\"aligncenter size-large\"><img loading=\"lazy\" decoding=\"async\" width=\"700\" height=\"384\" src=\"https:\/\/jornalfatosenoticias.com.br\/wp-content\/uploads\/2025\/04\/hotel-cop-30-itaipu-binacional.jpg\" alt=\"\" class=\"wp-image-58392\" srcset=\"https:\/\/jornalfatosenoticias.com.br\/wp-content\/uploads\/2025\/04\/hotel-cop-30-itaipu-binacional.jpg 700w, https:\/\/jornalfatosenoticias.com.br\/wp-content\/uploads\/2025\/04\/hotel-cop-30-itaipu-binacional-300x165.jpg 300w\" sizes=\"auto, (max-width: 700px) 100vw, 700px\" \/><figcaption><em><span class=\"has-inline-color has-black-color\">Imagem ilustrativa foi disponibilizada pelo governo do Par\u00e1 durante licita\u00e7\u00e3o (Foto: Governo do Par\u00e1\/Reprodu\u00e7\u00e3o)<\/span><\/em><\/figcaption><\/figure><\/div>\n\n\n\n<p>O complexo hoteleiro planeja oferecer quase 500 quartos de padr\u00e3o cinco estrelas, al\u00e9m de restaurantes, bares, academia e salas de reuni\u00e3o, o que contrasta fortemente com a infraestrutura b\u00e1sica prec\u00e1ria de Bel\u00e9m, uma das capitais brasileiras com os piores indicadores de saneamento b\u00e1sico, pobreza e IDH.<\/p>\n\n\n\n<div class=\"wp-block-image\"><figure class=\"aligncenter size-large is-resized\"><a href=\"https:\/\/www.instagram.com\/serra4x4cambioautomatico\/\"><img loading=\"lazy\" decoding=\"async\" src=\"https:\/\/jornalfatosenoticias.com.br\/wp-content\/uploads\/2024\/08\/Serra-4x4-1-886x1024.jpg\" alt=\"\" class=\"wp-image-53632\" width=\"256\" height=\"296\" srcset=\"https:\/\/jornalfatosenoticias.com.br\/wp-content\/uploads\/2024\/08\/Serra-4x4-1-886x1024.jpg 886w, https:\/\/jornalfatosenoticias.com.br\/wp-content\/uploads\/2024\/08\/Serra-4x4-1-260x300.jpg 260w, https:\/\/jornalfatosenoticias.com.br\/wp-content\/uploads\/2024\/08\/Serra-4x4-1-768x888.jpg 768w, https:\/\/jornalfatosenoticias.com.br\/wp-content\/uploads\/2024\/08\/Serra-4x4-1.jpg 1181w\" sizes=\"auto, (max-width: 256px) 100vw, 256px\" \/><\/a><\/figure><\/div>\n\n\n\n<p>A situa\u00e7\u00e3o em <a href=\"https:\/\/jornalregiaosul.com.br\/busca\/Bel%C3%A9m\" target=\"_blank\" rel=\"noreferrer noopener\">Bel\u00e9m<\/a> agrava o esc\u00e2ndalo. Enquanto milh\u00f5es s\u00e3o destinados a um hotel de luxo, a popula\u00e7\u00e3o local sofre com a falta de saneamento b\u00e1sico e condi\u00e7\u00f5es de vida prec\u00e1rias, conforme reportado na edi\u00e7\u00e3o 256 da revista Oeste. Este cen\u00e1rio alimenta cr\u00edticas sobre as prioridades do governo Lula e a destina\u00e7\u00e3o dos recursos p\u00fablicos.<\/p>\n\n\n\n<div class=\"wp-block-image\"><figure class=\"aligncenter size-large is-resized\"><a href=\"https:\/\/www.instagram.com\/gruposei\/\"><img loading=\"lazy\" decoding=\"async\" src=\"https:\/\/jornalfatosenoticias.com.br\/wp-content\/uploads\/2022\/07\/Logo-Grupo-SEI.jpg\" alt=\"\" class=\"wp-image-31973\" width=\"390\" height=\"205\" srcset=\"https:\/\/jornalfatosenoticias.com.br\/wp-content\/uploads\/2022\/07\/Logo-Grupo-SEI.jpg 713w, https:\/\/jornalfatosenoticias.com.br\/wp-content\/uploads\/2022\/07\/Logo-Grupo-SEI-300x158.jpg 300w\" sizes=\"auto, (max-width: 390px) 100vw, 390px\" \/><\/a><\/figure><\/div>\n\n\n\n<p>A falta de transpar\u00eancia e os ind\u00edcios de irregularidades na gest\u00e3o de Itaipu levantam s\u00e9rias quest\u00f5es sobre a governan\u00e7a e a fiscaliza\u00e7\u00e3o de empresas binacionais no Brasil. A influ\u00eancia de figuras como Janja da Silva, a blindagem do <a href=\"https:\/\/jornalregiaosul.com.br\/busca\/STF\" target=\"_blank\" rel=\"noreferrer noopener\">STF<\/a> e a aus\u00eancia de um controle efetivo abrem espa\u00e7o para desvios e decis\u00f5es que beneficiam interesses particulares em detrimento do bem comum.<\/p>\n\n\n\n<div class=\"wp-block-image\"><figure class=\"aligncenter size-large is-resized\"><a href=\"https:\/\/hotelmarquetti.com.br\/\"><img loading=\"lazy\" decoding=\"async\" src=\"https:\/\/jornalfatosenoticias.com.br\/wp-content\/uploads\/2020\/02\/LOGO-MQ-1024x680.jpg\" alt=\"\" class=\"wp-image-58299\" width=\"318\" height=\"211\" srcset=\"https:\/\/jornalfatosenoticias.com.br\/wp-content\/uploads\/2020\/02\/LOGO-MQ-1024x680.jpg 1024w, https:\/\/jornalfatosenoticias.com.br\/wp-content\/uploads\/2020\/02\/LOGO-MQ-300x199.jpg 300w, https:\/\/jornalfatosenoticias.com.br\/wp-content\/uploads\/2020\/02\/LOGO-MQ-768x510.jpg 768w, https:\/\/jornalfatosenoticias.com.br\/wp-content\/uploads\/2020\/02\/LOGO-MQ-1536x1020.jpg 1536w, https:\/\/jornalfatosenoticias.com.br\/wp-content\/uploads\/2020\/02\/LOGO-MQ-2048x1360.jpg 2048w\" sizes=\"auto, (max-width: 318px) 100vw, 318px\" \/><\/a><\/figure><\/div>\n\n\n\n<p><strong>Fonte: <a href=\"https:\/\/jornalregiaosul.com.br\/noticia\/31161\/itaipu-escandalo-bilionario-abalando-fronteiras.html\">Jornal Regi\u00e3o Sul<\/a><\/strong><\/p>\n","protected":false},"excerpt":{"rendered":"<p>Desvios e contratos obscuros na usina binacional geram pol\u00eamica e crise internacional Por Alair de Almeida A gest\u00e3o da Itaipu Binacional, gigante hidrel\u00e9trica na fronteira com o Paraguai, est\u00e1 no centro de um turbilh\u00e3o de den\u00fancias que apontam para desvios bilion\u00e1rios e contratos question\u00e1veis desde o retorno do PT ao poder. As acusa\u00e7\u00f5es, detalhadas na [&hellip;]<\/p>\n","protected":false},"author":2,"featured_media":58391,"comment_status":"open","ping_status":"open","sticky":false,"template":"","format":"standard","meta":{"footnotes":""},"categories":[5],"tags":[3603,26610,26609,18105,6874,294,7769],"class_list":["post-58390","post","type-post","status-publish","format-standard","has-post-thumbnail","hentry","category-geral","tag-belem","tag-contratos-obscuros","tag-cop-30","tag-escandalo","tag-itaipu","tag-stf","tag-tcu"],"yoast_head":"<!-- This site is optimized with the Yoast SEO plugin v26.5 - https:\/\/yoast.com\/wordpress\/plugins\/seo\/ -->\n<title>Itaipu: esc\u00e2ndalo bilion\u00e1rio abalando fronteiras! - Jornal Fatos e Not\u00edcias<\/title>\n<meta name=\"robots\" content=\"index, follow, max-snippet:-1, max-image-preview:large, max-video-preview:-1\" \/>\n<link rel=\"canonical\" href=\"https:\/\/jornalfatosenoticias.com.br\/index.php\/2025\/04\/09\/itaipu-escandalo-bilionario-abalando-fronteiras\/\" \/>\n<meta property=\"og:locale\" content=\"pt_BR\" \/>\n<meta property=\"og:type\" content=\"article\" \/>\n<meta property=\"og:title\" content=\"Itaipu: esc\u00e2ndalo bilion\u00e1rio abalando fronteiras! - Jornal Fatos e Not\u00edcias\" \/>\n<meta property=\"og:description\" content=\"Desvios e contratos obscuros na usina binacional geram pol\u00eamica e crise internacional Por Alair de Almeida A gest\u00e3o da Itaipu Binacional, gigante hidrel\u00e9trica na fronteira com o Paraguai, est\u00e1 no centro de um turbilh\u00e3o de den\u00fancias que apontam para desvios bilion\u00e1rios e contratos question\u00e1veis desde o retorno do PT ao poder. As acusa\u00e7\u00f5es, detalhadas na [&hellip;]\" \/>\n<meta property=\"og:url\" content=\"https:\/\/jornalfatosenoticias.com.br\/index.php\/2025\/04\/09\/itaipu-escandalo-bilionario-abalando-fronteiras\/\" \/>\n<meta property=\"og:site_name\" content=\"Jornal Fatos e Not\u00edcias\" \/>\n<meta property=\"article:published_time\" content=\"2025-04-09T15:22:33+00:00\" \/>\n<meta property=\"article:modified_time\" content=\"2025-04-09T15:22:35+00:00\" \/>\n<meta property=\"og:image\" content=\"https:\/\/jornalfatosenoticias.com.br\/wp-content\/uploads\/2025\/04\/Itaipu-binacional_gettyimages.jpg\" \/>\n\t<meta property=\"og:image:width\" content=\"612\" \/>\n\t<meta property=\"og:image:height\" content=\"407\" \/>\n\t<meta property=\"og:image:type\" content=\"image\/jpeg\" \/>\n<meta name=\"author\" content=\"Luzimara Fernandes\" \/>\n<meta name=\"twitter:card\" content=\"summary_large_image\" \/>\n<meta name=\"twitter:label1\" content=\"Escrito por\" \/>\n\t<meta name=\"twitter:data1\" content=\"Luzimara Fernandes\" \/>\n\t<meta name=\"twitter:label2\" content=\"Est. tempo de leitura\" \/>\n\t<meta name=\"twitter:data2\" content=\"2 minutos\" \/>\n<script type=\"application\/ld+json\" class=\"yoast-schema-graph\">{\"@context\":\"https:\/\/schema.org\",\"@graph\":[{\"@type\":\"Article\",\"@id\":\"https:\/\/jornalfatosenoticias.com.br\/index.php\/2025\/04\/09\/itaipu-escandalo-bilionario-abalando-fronteiras\/#article\",\"isPartOf\":{\"@id\":\"https:\/\/jornalfatosenoticias.com.br\/index.php\/2025\/04\/09\/itaipu-escandalo-bilionario-abalando-fronteiras\/\"},\"author\":{\"name\":\"Luzimara Fernandes\",\"@id\":\"https:\/\/jornalfatosenoticias.com.br\/#\/schema\/person\/d63837fa13ac8666eb9e74e0985d6f81\"},\"headline\":\"Itaipu: esc\u00e2ndalo bilion\u00e1rio abalando fronteiras!\",\"datePublished\":\"2025-04-09T15:22:33+00:00\",\"dateModified\":\"2025-04-09T15:22:35+00:00\",\"mainEntityOfPage\":{\"@id\":\"https:\/\/jornalfatosenoticias.com.br\/index.php\/2025\/04\/09\/itaipu-escandalo-bilionario-abalando-fronteiras\/\"},\"wordCount\":469,\"commentCount\":0,\"publisher\":{\"@id\":\"https:\/\/jornalfatosenoticias.com.br\/#organization\"},\"image\":{\"@id\":\"https:\/\/jornalfatosenoticias.com.br\/index.php\/2025\/04\/09\/itaipu-escandalo-bilionario-abalando-fronteiras\/#primaryimage\"},\"thumbnailUrl\":\"https:\/\/jornalfatosenoticias.com.br\/wp-content\/uploads\/2025\/04\/Itaipu-binacional_gettyimages.jpg\",\"keywords\":[\"Bel\u00e9m\",\"contratos obscuros\",\"COP-30\",\"esc\u00e2ndalo\",\"Itaipu\",\"STF\",\"TCU\"],\"articleSection\":[\"Geral\"],\"inLanguage\":\"pt-BR\",\"potentialAction\":[{\"@type\":\"CommentAction\",\"name\":\"Comment\",\"target\":[\"https:\/\/jornalfatosenoticias.com.br\/index.php\/2025\/04\/09\/itaipu-escandalo-bilionario-abalando-fronteiras\/#respond\"]}]},{\"@type\":\"WebPage\",\"@id\":\"https:\/\/jornalfatosenoticias.com.br\/index.php\/2025\/04\/09\/itaipu-escandalo-bilionario-abalando-fronteiras\/\",\"url\":\"https:\/\/jornalfatosenoticias.com.br\/index.php\/2025\/04\/09\/itaipu-escandalo-bilionario-abalando-fronteiras\/\",\"name\":\"Itaipu: esc\u00e2ndalo bilion\u00e1rio abalando fronteiras! - Jornal Fatos e Not\u00edcias\",\"isPartOf\":{\"@id\":\"https:\/\/jornalfatosenoticias.com.br\/#website\"},\"primaryImageOfPage\":{\"@id\":\"https:\/\/jornalfatosenoticias.com.br\/index.php\/2025\/04\/09\/itaipu-escandalo-bilionario-abalando-fronteiras\/#primaryimage\"},\"image\":{\"@id\":\"https:\/\/jornalfatosenoticias.com.br\/index.php\/2025\/04\/09\/itaipu-escandalo-bilionario-abalando-fronteiras\/#primaryimage\"},\"thumbnailUrl\":\"https:\/\/jornalfatosenoticias.com.br\/wp-content\/uploads\/2025\/04\/Itaipu-binacional_gettyimages.jpg\",\"datePublished\":\"2025-04-09T15:22:33+00:00\",\"dateModified\":\"2025-04-09T15:22:35+00:00\",\"breadcrumb\":{\"@id\":\"https:\/\/jornalfatosenoticias.com.br\/index.php\/2025\/04\/09\/itaipu-escandalo-bilionario-abalando-fronteiras\/#breadcrumb\"},\"inLanguage\":\"pt-BR\",\"potentialAction\":[{\"@type\":\"ReadAction\",\"target\":[\"https:\/\/jornalfatosenoticias.com.br\/index.php\/2025\/04\/09\/itaipu-escandalo-bilionario-abalando-fronteiras\/\"]}]},{\"@type\":\"ImageObject\",\"inLanguage\":\"pt-BR\",\"@id\":\"https:\/\/jornalfatosenoticias.com.br\/index.php\/2025\/04\/09\/itaipu-escandalo-bilionario-abalando-fronteiras\/#primaryimage\",\"url\":\"https:\/\/jornalfatosenoticias.com.br\/wp-content\/uploads\/2025\/04\/Itaipu-binacional_gettyimages.jpg\",\"contentUrl\":\"https:\/\/jornalfatosenoticias.com.br\/wp-content\/uploads\/2025\/04\/Itaipu-binacional_gettyimages.jpg\",\"width\":612,\"height\":407,\"caption\":\"Itaipu Hydroelectric Power Station at Foz do Iguacu, Parana, Brazil, 07.21.11. (Photo by Paulo Fridman\/Corbis via Getty Images)\"},{\"@type\":\"BreadcrumbList\",\"@id\":\"https:\/\/jornalfatosenoticias.com.br\/index.php\/2025\/04\/09\/itaipu-escandalo-bilionario-abalando-fronteiras\/#breadcrumb\",\"itemListElement\":[{\"@type\":\"ListItem\",\"position\":1,\"name\":\"In\u00edcio\",\"item\":\"https:\/\/jornalfatosenoticias.com.br\/\"},{\"@type\":\"ListItem\",\"position\":2,\"name\":\"Itaipu: esc\u00e2ndalo bilion\u00e1rio abalando fronteiras!\"}]},{\"@type\":\"WebSite\",\"@id\":\"https:\/\/jornalfatosenoticias.com.br\/#website\",\"url\":\"https:\/\/jornalfatosenoticias.com.br\/\",\"name\":\"Jornal Fatos e Not\u00edcias\",\"description\":\"Not\u00edcias em geral\",\"publisher\":{\"@id\":\"https:\/\/jornalfatosenoticias.com.br\/#organization\"},\"potentialAction\":[{\"@type\":\"SearchAction\",\"target\":{\"@type\":\"EntryPoint\",\"urlTemplate\":\"https:\/\/jornalfatosenoticias.com.br\/?s={search_term_string}\"},\"query-input\":{\"@type\":\"PropertyValueSpecification\",\"valueRequired\":true,\"valueName\":\"search_term_string\"}}],\"inLanguage\":\"pt-BR\"},{\"@type\":\"Organization\",\"@id\":\"https:\/\/jornalfatosenoticias.com.br\/#organization\",\"name\":\"Jornal Fatos e Not\u00edcias\",\"url\":\"https:\/\/jornalfatosenoticias.com.br\/\",\"logo\":{\"@type\":\"ImageObject\",\"inLanguage\":\"pt-BR\",\"@id\":\"https:\/\/jornalfatosenoticias.com.br\/#\/schema\/logo\/image\/\",\"url\":\"https:\/\/jornalfatosenoticias.com.br\/wp-content\/uploads\/2020\/02\/logo120.png\",\"contentUrl\":\"https:\/\/jornalfatosenoticias.com.br\/wp-content\/uploads\/2020\/02\/logo120.png\",\"width\":1227,\"height\":120,\"caption\":\"Jornal Fatos e Not\u00edcias\"},\"image\":{\"@id\":\"https:\/\/jornalfatosenoticias.com.br\/#\/schema\/logo\/image\/\"}},{\"@type\":\"Person\",\"@id\":\"https:\/\/jornalfatosenoticias.com.br\/#\/schema\/person\/d63837fa13ac8666eb9e74e0985d6f81\",\"name\":\"Luzimara Fernandes\",\"image\":{\"@type\":\"ImageObject\",\"inLanguage\":\"pt-BR\",\"@id\":\"https:\/\/jornalfatosenoticias.com.br\/#\/schema\/person\/image\/\",\"url\":\"https:\/\/jornalfatosenoticias.com.br\/wp-content\/uploads\/2025\/05\/EU_portal.jpg\",\"contentUrl\":\"https:\/\/jornalfatosenoticias.com.br\/wp-content\/uploads\/2025\/05\/EU_portal.jpg\",\"caption\":\"Luzimara Fernandes\"},\"description\":\"Jornalista MTB 2358-ES\",\"sameAs\":[\"https:\/\/jornalfatosenoticias.com.br\"],\"url\":\"https:\/\/jornalfatosenoticias.com.br\/index.php\/author\/luzimara\/\"}]}<\/script>\n<!-- \/ Yoast SEO plugin. -->","yoast_head_json":{"title":"Itaipu: esc\u00e2ndalo bilion\u00e1rio abalando fronteiras! - Jornal Fatos e Not\u00edcias","robots":{"index":"index","follow":"follow","max-snippet":"max-snippet:-1","max-image-preview":"max-image-preview:large","max-video-preview":"max-video-preview:-1"},"canonical":"https:\/\/jornalfatosenoticias.com.br\/index.php\/2025\/04\/09\/itaipu-escandalo-bilionario-abalando-fronteiras\/","og_locale":"pt_BR","og_type":"article","og_title":"Itaipu: esc\u00e2ndalo bilion\u00e1rio abalando fronteiras! - Jornal Fatos e Not\u00edcias","og_description":"Desvios e contratos obscuros na usina binacional geram pol\u00eamica e crise internacional Por Alair de Almeida A gest\u00e3o da Itaipu Binacional, gigante hidrel\u00e9trica na fronteira com o Paraguai, est\u00e1 no centro de um turbilh\u00e3o de den\u00fancias que apontam para desvios bilion\u00e1rios e contratos question\u00e1veis desde o retorno do PT ao poder. As acusa\u00e7\u00f5es, detalhadas na [&hellip;]","og_url":"https:\/\/jornalfatosenoticias.com.br\/index.php\/2025\/04\/09\/itaipu-escandalo-bilionario-abalando-fronteiras\/","og_site_name":"Jornal Fatos e Not\u00edcias","article_published_time":"2025-04-09T15:22:33+00:00","article_modified_time":"2025-04-09T15:22:35+00:00","og_image":[{"width":612,"height":407,"url":"https:\/\/jornalfatosenoticias.com.br\/wp-content\/uploads\/2025\/04\/Itaipu-binacional_gettyimages.jpg","type":"image\/jpeg"}],"author":"Luzimara Fernandes","twitter_card":"summary_large_image","twitter_misc":{"Escrito por":"Luzimara Fernandes","Est. tempo de leitura":"2 minutos"},"schema":{"@context":"https:\/\/schema.org","@graph":[{"@type":"Article","@id":"https:\/\/jornalfatosenoticias.com.br\/index.php\/2025\/04\/09\/itaipu-escandalo-bilionario-abalando-fronteiras\/#article","isPartOf":{"@id":"https:\/\/jornalfatosenoticias.com.br\/index.php\/2025\/04\/09\/itaipu-escandalo-bilionario-abalando-fronteiras\/"},"author":{"name":"Luzimara Fernandes","@id":"https:\/\/jornalfatosenoticias.com.br\/#\/schema\/person\/d63837fa13ac8666eb9e74e0985d6f81"},"headline":"Itaipu: esc\u00e2ndalo bilion\u00e1rio abalando fronteiras!","datePublished":"2025-04-09T15:22:33+00:00","dateModified":"2025-04-09T15:22:35+00:00","mainEntityOfPage":{"@id":"https:\/\/jornalfatosenoticias.com.br\/index.php\/2025\/04\/09\/itaipu-escandalo-bilionario-abalando-fronteiras\/"},"wordCount":469,"commentCount":0,"publisher":{"@id":"https:\/\/jornalfatosenoticias.com.br\/#organization"},"image":{"@id":"https:\/\/jornalfatosenoticias.com.br\/index.php\/2025\/04\/09\/itaipu-escandalo-bilionario-abalando-fronteiras\/#primaryimage"},"thumbnailUrl":"https:\/\/jornalfatosenoticias.com.br\/wp-content\/uploads\/2025\/04\/Itaipu-binacional_gettyimages.jpg","keywords":["Bel\u00e9m","contratos obscuros","COP-30","esc\u00e2ndalo","Itaipu","STF","TCU"],"articleSection":["Geral"],"inLanguage":"pt-BR","potentialAction":[{"@type":"CommentAction","name":"Comment","target":["https:\/\/jornalfatosenoticias.com.br\/index.php\/2025\/04\/09\/itaipu-escandalo-bilionario-abalando-fronteiras\/#respond"]}]},{"@type":"WebPage","@id":"https:\/\/jornalfatosenoticias.com.br\/index.php\/2025\/04\/09\/itaipu-escandalo-bilionario-abalando-fronteiras\/","url":"https:\/\/jornalfatosenoticias.com.br\/index.php\/2025\/04\/09\/itaipu-escandalo-bilionario-abalando-fronteiras\/","name":"Itaipu: esc\u00e2ndalo bilion\u00e1rio abalando fronteiras! - Jornal Fatos e Not\u00edcias","isPartOf":{"@id":"https:\/\/jornalfatosenoticias.com.br\/#website"},"primaryImageOfPage":{"@id":"https:\/\/jornalfatosenoticias.com.br\/index.php\/2025\/04\/09\/itaipu-escandalo-bilionario-abalando-fronteiras\/#primaryimage"},"image":{"@id":"https:\/\/jornalfatosenoticias.com.br\/index.php\/2025\/04\/09\/itaipu-escandalo-bilionario-abalando-fronteiras\/#primaryimage"},"thumbnailUrl":"https:\/\/jornalfatosenoticias.com.br\/wp-content\/uploads\/2025\/04\/Itaipu-binacional_gettyimages.jpg","datePublished":"2025-04-09T15:22:33+00:00","dateModified":"2025-04-09T15:22:35+00:00","breadcrumb":{"@id":"https:\/\/jornalfatosenoticias.com.br\/index.php\/2025\/04\/09\/itaipu-escandalo-bilionario-abalando-fronteiras\/#breadcrumb"},"inLanguage":"pt-BR","potentialAction":[{"@type":"ReadAction","target":["https:\/\/jornalfatosenoticias.com.br\/index.php\/2025\/04\/09\/itaipu-escandalo-bilionario-abalando-fronteiras\/"]}]},{"@type":"ImageObject","inLanguage":"pt-BR","@id":"https:\/\/jornalfatosenoticias.com.br\/index.php\/2025\/04\/09\/itaipu-escandalo-bilionario-abalando-fronteiras\/#primaryimage","url":"https:\/\/jornalfatosenoticias.com.br\/wp-content\/uploads\/2025\/04\/Itaipu-binacional_gettyimages.jpg","contentUrl":"https:\/\/jornalfatosenoticias.com.br\/wp-content\/uploads\/2025\/04\/Itaipu-binacional_gettyimages.jpg","width":612,"height":407,"caption":"Itaipu Hydroelectric Power Station at Foz do Iguacu, Parana, Brazil, 07.21.11. (Photo by Paulo Fridman\/Corbis via Getty Images)"},{"@type":"BreadcrumbList","@id":"https:\/\/jornalfatosenoticias.com.br\/index.php\/2025\/04\/09\/itaipu-escandalo-bilionario-abalando-fronteiras\/#breadcrumb","itemListElement":[{"@type":"ListItem","position":1,"name":"In\u00edcio","item":"https:\/\/jornalfatosenoticias.com.br\/"},{"@type":"ListItem","position":2,"name":"Itaipu: esc\u00e2ndalo bilion\u00e1rio abalando fronteiras!"}]},{"@type":"WebSite","@id":"https:\/\/jornalfatosenoticias.com.br\/#website","url":"https:\/\/jornalfatosenoticias.com.br\/","name":"Jornal Fatos e Not\u00edcias","description":"Not\u00edcias em geral","publisher":{"@id":"https:\/\/jornalfatosenoticias.com.br\/#organization"},"potentialAction":[{"@type":"SearchAction","target":{"@type":"EntryPoint","urlTemplate":"https:\/\/jornalfatosenoticias.com.br\/?s={search_term_string}"},"query-input":{"@type":"PropertyValueSpecification","valueRequired":true,"valueName":"search_term_string"}}],"inLanguage":"pt-BR"},{"@type":"Organization","@id":"https:\/\/jornalfatosenoticias.com.br\/#organization","name":"Jornal Fatos e Not\u00edcias","url":"https:\/\/jornalfatosenoticias.com.br\/","logo":{"@type":"ImageObject","inLanguage":"pt-BR","@id":"https:\/\/jornalfatosenoticias.com.br\/#\/schema\/logo\/image\/","url":"https:\/\/jornalfatosenoticias.com.br\/wp-content\/uploads\/2020\/02\/logo120.png","contentUrl":"https:\/\/jornalfatosenoticias.com.br\/wp-content\/uploads\/2020\/02\/logo120.png","width":1227,"height":120,"caption":"Jornal Fatos e Not\u00edcias"},"image":{"@id":"https:\/\/jornalfatosenoticias.com.br\/#\/schema\/logo\/image\/"}},{"@type":"Person","@id":"https:\/\/jornalfatosenoticias.com.br\/#\/schema\/person\/d63837fa13ac8666eb9e74e0985d6f81","name":"Luzimara Fernandes","image":{"@type":"ImageObject","inLanguage":"pt-BR","@id":"https:\/\/jornalfatosenoticias.com.br\/#\/schema\/person\/image\/","url":"https:\/\/jornalfatosenoticias.com.br\/wp-content\/uploads\/2025\/05\/EU_portal.jpg","contentUrl":"https:\/\/jornalfatosenoticias.com.br\/wp-content\/uploads\/2025\/05\/EU_portal.jpg","caption":"Luzimara Fernandes"},"description":"Jornalista MTB 2358-ES","sameAs":["https:\/\/jornalfatosenoticias.com.br"],"url":"https:\/\/jornalfatosenoticias.com.br\/index.php\/author\/luzimara\/"}]}},"cc_featured_image_caption":{"caption_text":"(Foto: Getty Images)","source_text":"","source_url":""},"jetpack_featured_media_url":"https:\/\/jornalfatosenoticias.com.br\/wp-content\/uploads\/2025\/04\/Itaipu-binacional_gettyimages.jpg","_links":{"self":[{"href":"https:\/\/jornalfatosenoticias.com.br\/index.php\/wp-json\/wp\/v2\/posts\/58390","targetHints":{"allow":["GET"]}}],"collection":[{"href":"https:\/\/jornalfatosenoticias.com.br\/index.php\/wp-json\/wp\/v2\/posts"}],"about":[{"href":"https:\/\/jornalfatosenoticias.com.br\/index.php\/wp-json\/wp\/v2\/types\/post"}],"author":[{"embeddable":true,"href":"https:\/\/jornalfatosenoticias.com.br\/index.php\/wp-json\/wp\/v2\/users\/2"}],"replies":[{"embeddable":true,"href":"https:\/\/jornalfatosenoticias.com.br\/index.php\/wp-json\/wp\/v2\/comments?post=58390"}],"version-history":[{"count":0,"href":"https:\/\/jornalfatosenoticias.com.br\/index.php\/wp-json\/wp\/v2\/posts\/58390\/revisions"}],"wp:featuredmedia":[{"embeddable":true,"href":"https:\/\/jornalfatosenoticias.com.br\/index.php\/wp-json\/wp\/v2\/media\/58391"}],"wp:attachment":[{"href":"https:\/\/jornalfatosenoticias.com.br\/index.php\/wp-json\/wp\/v2\/media?parent=58390"}],"wp:term":[{"taxonomy":"category","embeddable":true,"href":"https:\/\/jornalfatosenoticias.com.br\/index.php\/wp-json\/wp\/v2\/categories?post=58390"},{"taxonomy":"post_tag","embeddable":true,"href":"https:\/\/jornalfatosenoticias.com.br\/index.php\/wp-json\/wp\/v2\/tags?post=58390"}],"curies":[{"name":"wp","href":"https:\/\/api.w.org\/{rel}","templated":true}]}}