{"id":58434,"date":"2025-04-10T11:16:48","date_gmt":"2025-04-10T14:16:48","guid":{"rendered":"https:\/\/jornalfatosenoticias.com.br\/?p=58434"},"modified":"2025-04-10T11:16:49","modified_gmt":"2025-04-10T14:16:49","slug":"pedofilia-nao-e-sexual-e-o-prazer-do-poder-parte-iii","status":"publish","type":"post","link":"https:\/\/jornalfatosenoticias.com.br\/index.php\/2025\/04\/10\/pedofilia-nao-e-sexual-e-o-prazer-do-poder-parte-iii\/","title":{"rendered":"Pedofilia n\u00e3o \u00e9 sexual. \u00c9 o Prazer do Poder \u2014 Parte III"},"content":{"rendered":"\n<p><em><span class=\"has-inline-color has-black-color\">Sabemos qu\u00e3o dif\u00edcil \u00e9 pensar e mostrar os ind\u00edcios desse tipo de crime intrafamiliar. Principalmente, se falamos de beb\u00eas<\/span><\/em><\/p>\n\n\n\n<div class=\"wp-block-image\"><figure class=\"aligncenter size-large\"><a href=\"https:\/\/www.instagram.com\/rcradiadores\/\"><img loading=\"lazy\" decoding=\"async\" width=\"560\" height=\"60\" src=\"https:\/\/jornalfatosenoticias.com.br\/wp-content\/uploads\/2022\/10\/Propaganda-RC-Radiadores-Jornal_page-0001.jpg\" alt=\"\" class=\"wp-image-35270\" srcset=\"https:\/\/jornalfatosenoticias.com.br\/wp-content\/uploads\/2022\/10\/Propaganda-RC-Radiadores-Jornal_page-0001.jpg 560w, https:\/\/jornalfatosenoticias.com.br\/wp-content\/uploads\/2022\/10\/Propaganda-RC-Radiadores-Jornal_page-0001-300x32.jpg 300w\" sizes=\"auto, (max-width: 560px) 100vw, 560px\" \/><\/a><\/figure><\/div>\n\n\n\n<p>Parece que est\u00e1 sendo operada uma abdu\u00e7\u00e3o dos atos de pedofilia. Uma vez abduzido o abuso sexual intrafamiliar, ele fica \u201cresolvido\u201d. Quando falamos de Pedofilia usando beb\u00eas, a quest\u00e3o \u00e9 olhada como sendo um fen\u00f4meno, praticamente, gal\u00e1ctico. Pela bizarrice de uma imagem que a mente procura para entender as palavras que descrevem um ato de extrema anomalia, temos a tend\u00eancia a descartar o tema como lun\u00e1tico.<br>Diante de uma not\u00edcia dessas, a mente escorrega atr\u00e1s dos argumentos da ordem do imposs\u00edvel. \u201cNingu\u00e9m faria isso\u201d. \u201cO corpo do beb\u00ea n\u00e3o permite por suas dimens\u00f5es diminutas\u201d. \u201cCom um filho? N\u00e3o, nunca\u201d. Essa postura negacionista exp\u00f5e um mecanismo de defesa lan\u00e7ado para se livrar do horror que invade a mente. Assim, joga-se uma camada de cobertura sobre o horror, e toca-se para frente, como se nada tivesse acontecido. O manto do tabu garante que isso seja \u201cesquecido\u201d por mais um tempo. Mas, cada ato de abuso fica inscrito no corpo do beb\u00ea em forma de estresse extremo difuso.<\/p>\n\n\n\n<div class=\"wp-block-image\"><figure class=\"aligncenter size-large\"><img loading=\"lazy\" decoding=\"async\" width=\"996\" height=\"664\" src=\"https:\/\/jornalfatosenoticias.com.br\/wp-content\/uploads\/2025\/04\/abuso-sexual-intrafamiliar3_FREEPIK.jpeg\" alt=\"\" class=\"wp-image-58435\" srcset=\"https:\/\/jornalfatosenoticias.com.br\/wp-content\/uploads\/2025\/04\/abuso-sexual-intrafamiliar3_FREEPIK.jpeg 996w, https:\/\/jornalfatosenoticias.com.br\/wp-content\/uploads\/2025\/04\/abuso-sexual-intrafamiliar3_FREEPIK-300x200.jpeg 300w, https:\/\/jornalfatosenoticias.com.br\/wp-content\/uploads\/2025\/04\/abuso-sexual-intrafamiliar3_FREEPIK-768x512.jpeg 768w\" sizes=\"auto, (max-width: 996px) 100vw, 996px\" \/><figcaption><em><span class=\"has-inline-color has-black-color\">(Foto: Freepik)<\/span><\/em><\/figcaption><\/figure><\/div>\n\n\n\n<p>Entre os profissionais t\u00e9cnicos, n\u00e3o h\u00e1 o conhecimento cient\u00edfico devido. Falta estudo do Desenvolvimento Anat\u00f4mico, do Desenvolvimento Psicomotor, do Desenvolvimento Afetivo, do Desenvolvimento Cognitivo da Crian\u00e7a. Diante de tanta car\u00eancia de Conhecimento, a dogm\u00e1tica sa\u00edda de acusa\u00e7\u00e3o \u00e0 m\u00e3e, louca, o mais frequente adjetivo atribu\u00eddo a ela, misturando a ignor\u00e2ncia do estudo com a inten\u00e7\u00e3o, consciente ou inconsciente, de atacar a mulher. Essa intencionalidade se assemelha a um simulacro do Prazer pelo Poder que \u00e9 a ess\u00eancia da pr\u00e1tica de viol\u00eancias contra vulner\u00e1veis. \u00c9 uma esp\u00e9cie de equa\u00e7\u00e3o entre uns e outros.<\/p>\n\n\n\n<div class=\"wp-block-image\"><figure class=\"aligncenter size-large\"><a href=\"https:\/\/www.cesconetto.com.br\/\"><img loading=\"lazy\" decoding=\"async\" width=\"300\" height=\"250\" src=\"https:\/\/jornalfatosenoticias.com.br\/wp-content\/uploads\/2022\/02\/Banner-2.png\" alt=\"\" class=\"wp-image-27877\"\/><\/a><\/figure><\/div>\n\n\n\n<p>Sabemos qu\u00e3o dif\u00edcil \u00e9 pensar e mostrar os ind\u00edcios desse tipo de crime intrafamiliar. Principalmente, se falamos de beb\u00eas. Mas o com\u00e9rcio na internet, n\u00e3o mais t\u00e3o oculto, das produ\u00e7\u00f5es pornogr\u00e1ficas dom\u00e9sticas, s\u00e3o incontestes. Mas, se nos debru\u00e7amos nos abusos sexuais incestuosos cometidos contra meninas no final da inf\u00e2ncia ou no in\u00edcio da puberdade, tamb\u00e9m encontramos a mesma resist\u00eancia social em reconhecer a responsabiliza\u00e7\u00e3o do predador familiar, protegendo o abusador. Ali\u00e1s, a \u00faltima modinha \u00e9 uma apologia ao perd\u00e3o total do abusador. Qualquer que seja o ato criminoso e o parentesco dele com a crian\u00e7a. Como se o perd\u00e3o fosse uma simples rea\u00e7\u00e3o autom\u00e1tica. O perd\u00e3o \u00e9 um processo complexo que precisa de muito tempo para ser elaborado. N\u00e3o esquecer que, mesmo para as pessoas de boa vontade, existem coisas que s\u00e3o imperdo\u00e1veis. E isso n\u00e3o \u00e9 nenhum dem\u00e9rito. A proposta de perdoar compulsoriamente \u00e9 uma fonte de auto culpabiliza\u00e7\u00e3o da v\u00edtima.<\/p>\n\n\n\n<div class=\"wp-block-image\"><figure class=\"aligncenter size-large\"><img loading=\"lazy\" decoding=\"async\" width=\"1000\" height=\"666\" src=\"https:\/\/jornalfatosenoticias.com.br\/wp-content\/uploads\/2025\/04\/abuso-sexual-intrafamiliar_FREEPIK.jpg\" alt=\"\" class=\"wp-image-58436\" srcset=\"https:\/\/jornalfatosenoticias.com.br\/wp-content\/uploads\/2025\/04\/abuso-sexual-intrafamiliar_FREEPIK.jpg 1000w, https:\/\/jornalfatosenoticias.com.br\/wp-content\/uploads\/2025\/04\/abuso-sexual-intrafamiliar_FREEPIK-300x200.jpg 300w, https:\/\/jornalfatosenoticias.com.br\/wp-content\/uploads\/2025\/04\/abuso-sexual-intrafamiliar_FREEPIK-768x511.jpg 768w\" sizes=\"auto, (max-width: 1000px) 100vw, 1000px\" \/><figcaption><em><span class=\"has-inline-color has-black-color\">(Foto: Freepik)<\/span><\/em><\/figcaption><\/figure><\/div>\n\n\n\n<p>H\u00e1 uma padroniza\u00e7\u00e3o de um comportamento em favor da superficialidade e inconsequ\u00eancia. Tudo tem que ser \u201cleve\u201d. Leve ou leviano? Parece que o imediatismo do mundo virtual invadiu a mente humana, incapacitando os processos de cogni\u00e7\u00e3o, incluindo a reflex\u00e3o, a verifica\u00e7\u00e3o, a cr\u00edtica, a elabora\u00e7\u00e3o, e at\u00e9 o bom senso.<\/p>\n\n\n\n<div class=\"wp-block-image\"><figure class=\"aligncenter size-large is-resized\"><a href=\"https:\/\/hotelmarquetti.com.br\/\"><img loading=\"lazy\" decoding=\"async\" src=\"https:\/\/jornalfatosenoticias.com.br\/wp-content\/uploads\/2020\/02\/LOGO-MQ-1024x680.jpg\" alt=\"\" class=\"wp-image-58299\" width=\"354\" height=\"235\" srcset=\"https:\/\/jornalfatosenoticias.com.br\/wp-content\/uploads\/2020\/02\/LOGO-MQ-1024x680.jpg 1024w, https:\/\/jornalfatosenoticias.com.br\/wp-content\/uploads\/2020\/02\/LOGO-MQ-300x199.jpg 300w, https:\/\/jornalfatosenoticias.com.br\/wp-content\/uploads\/2020\/02\/LOGO-MQ-768x510.jpg 768w, https:\/\/jornalfatosenoticias.com.br\/wp-content\/uploads\/2020\/02\/LOGO-MQ-1536x1020.jpg 1536w, https:\/\/jornalfatosenoticias.com.br\/wp-content\/uploads\/2020\/02\/LOGO-MQ-2048x1360.jpg 2048w\" sizes=\"auto, (max-width: 354px) 100vw, 354px\" \/><\/a><\/figure><\/div>\n\n\n\n<p>Por um lado, os beb\u00eas em trabalho sexual escravo, s\u00f3 visto na ponta da comercializa\u00e7\u00e3o dos v\u00eddeos, quando a Pol\u00edcia Federal descobre o consumidor, nunca o produtor, totalmente impune, por outro lado as 26 meninas de menos de 13 anos que d\u00e3o \u00e0 luz beb\u00eas, diariamente no Brasil, gerados por incesto, h\u00e1 nenhum tra\u00e7o de responsabiliza\u00e7\u00e3o dos autores dessas trag\u00e9dias familiares.<\/p>\n\n\n\n<div class=\"wp-block-image\"><figure class=\"aligncenter size-large is-resized\"><a href=\"https:\/\/panper.com.br\/\"><img loading=\"lazy\" decoding=\"async\" src=\"https:\/\/jornalfatosenoticias.com.br\/wp-content\/uploads\/2023\/03\/logo-Panper_portal.jpg\" alt=\"\" class=\"wp-image-40208\" width=\"323\" height=\"224\" srcset=\"https:\/\/jornalfatosenoticias.com.br\/wp-content\/uploads\/2023\/03\/logo-Panper_portal.jpg 400w, https:\/\/jornalfatosenoticias.com.br\/wp-content\/uploads\/2023\/03\/logo-Panper_portal-300x208.jpg 300w\" sizes=\"auto, (max-width: 323px) 100vw, 323px\" \/><\/a><\/figure><\/div>\n\n\n\n<p>Para aquelas crian\u00e7as maiores, e suas m\u00e3es, que relatam com detalhes e coer\u00eancia os atos libidinosos que sofrem, com abund\u00e2ncia de provas materiais, e que ousem buscar a Lei, resta, somente, o serial estupro. \u00c9 sequencial a viol\u00eancia vic\u00e1ria das mais diferentes esp\u00e9cies. \u00c9 muito comum que o estupro de vulner\u00e1vel, que se iniciou naquele Gozo de Poder Absoluto de um predador da fam\u00edlia, v\u00e1 se sucedendo em viol\u00eancia psicol\u00f3gica, (a louca), viol\u00eancia t\u00e9cnica, (\u201calienadora\u201d), viol\u00eancia moral, (a interesseira), viol\u00eancia patrimonial, (a dilapidada porque quis), e a viol\u00eancia do Estado, (\u201ccala a boca\u201d ou \u201cn\u00e3o chora\u201d). A aniquila\u00e7\u00e3o \u00e9 completa. E a crian\u00e7a vitimada vai de brinde para o seu predador.<br>Provas? Para que servem? N\u00e3o s\u00e3o consideradas, sempre duvidadas. A materialidade \u00e9 interpretada por fal\u00e1cias imposs\u00edveis, escritas em laudos feitos \u00e0 dist\u00e2ncia. A palavra da crian\u00e7a \u00e9 vista como mentirosa, ela \u00e9 um mamulengo da m\u00e3e que manda ela relatar coisas sexuais que n\u00e3o fazem parte de seu conhecimento, de sua cogni\u00e7\u00e3o. Isso n\u00e3o importa. Afinal, mulheres e crian\u00e7as, n\u00e3o importam.<\/p>\n\n\n\n<div class=\"wp-block-image\"><figure class=\"aligncenter size-large is-resized\"><a href=\"https:\/\/www.instagram.com\/serra4x4cambioautomatico\/\"><img loading=\"lazy\" decoding=\"async\" src=\"https:\/\/jornalfatosenoticias.com.br\/wp-content\/uploads\/2024\/08\/Serra-4x4-1-886x1024.jpg\" alt=\"\" class=\"wp-image-53632\" width=\"304\" height=\"351\" srcset=\"https:\/\/jornalfatosenoticias.com.br\/wp-content\/uploads\/2024\/08\/Serra-4x4-1-886x1024.jpg 886w, https:\/\/jornalfatosenoticias.com.br\/wp-content\/uploads\/2024\/08\/Serra-4x4-1-260x300.jpg 260w, https:\/\/jornalfatosenoticias.com.br\/wp-content\/uploads\/2024\/08\/Serra-4x4-1-768x888.jpg 768w, https:\/\/jornalfatosenoticias.com.br\/wp-content\/uploads\/2024\/08\/Serra-4x4-1.jpg 1181w\" sizes=\"auto, (max-width: 304px) 100vw, 304px\" \/><\/a><\/figure><\/div>\n","protected":false},"excerpt":{"rendered":"<p>Sabemos qu\u00e3o dif\u00edcil \u00e9 pensar e mostrar os ind\u00edcios desse tipo de crime intrafamiliar. Principalmente, se falamos de beb\u00eas Parece que est\u00e1 sendo operada uma abdu\u00e7\u00e3o dos atos de pedofilia. Uma vez abduzido o abuso sexual intrafamiliar, ele fica \u201cresolvido\u201d. Quando falamos de Pedofilia usando beb\u00eas, a quest\u00e3o \u00e9 olhada como sendo um fen\u00f4meno, praticamente, [&hellip;]<\/p>\n","protected":false},"author":8,"featured_media":58437,"comment_status":"open","ping_status":"open","sticky":false,"template":"","format":"standard","meta":{"footnotes":""},"categories":[2522],"tags":[26628,3214,12072,3528,26627],"class_list":["post-58434","post","type-post","status-publish","format-standard","has-post-thumbnail","hentry","category-comportamento","tag-abuso-sexual-infnatil","tag-bebes","tag-crime-intrafamiliar","tag-pedofilia","tag-prazer-do-poder"],"yoast_head":"<!-- This site is optimized with the Yoast SEO plugin v26.5 - https:\/\/yoast.com\/wordpress\/plugins\/seo\/ -->\n<title>Pedofilia n\u00e3o \u00e9 sexual. \u00c9 o Prazer do Poder \u2014 Parte III - Jornal Fatos e Not\u00edcias<\/title>\n<meta name=\"robots\" content=\"index, follow, max-snippet:-1, max-image-preview:large, max-video-preview:-1\" \/>\n<link rel=\"canonical\" href=\"https:\/\/jornalfatosenoticias.com.br\/index.php\/2025\/04\/10\/pedofilia-nao-e-sexual-e-o-prazer-do-poder-parte-iii\/\" \/>\n<meta property=\"og:locale\" content=\"pt_BR\" \/>\n<meta property=\"og:type\" content=\"article\" \/>\n<meta property=\"og:title\" content=\"Pedofilia n\u00e3o \u00e9 sexual. \u00c9 o Prazer do Poder \u2014 Parte III - Jornal Fatos e Not\u00edcias\" \/>\n<meta property=\"og:description\" content=\"Sabemos qu\u00e3o dif\u00edcil \u00e9 pensar e mostrar os ind\u00edcios desse tipo de crime intrafamiliar. Principalmente, se falamos de beb\u00eas Parece que est\u00e1 sendo operada uma abdu\u00e7\u00e3o dos atos de pedofilia. Uma vez abduzido o abuso sexual intrafamiliar, ele fica \u201cresolvido\u201d. Quando falamos de Pedofilia usando beb\u00eas, a quest\u00e3o \u00e9 olhada como sendo um fen\u00f4meno, praticamente, [&hellip;]\" \/>\n<meta property=\"og:url\" content=\"https:\/\/jornalfatosenoticias.com.br\/index.php\/2025\/04\/10\/pedofilia-nao-e-sexual-e-o-prazer-do-poder-parte-iii\/\" \/>\n<meta property=\"og:site_name\" content=\"Jornal Fatos e Not\u00edcias\" \/>\n<meta property=\"article:published_time\" content=\"2025-04-10T14:16:48+00:00\" \/>\n<meta property=\"article:modified_time\" content=\"2025-04-10T14:16:49+00:00\" \/>\n<meta property=\"og:image\" content=\"https:\/\/jornalfatosenoticias.com.br\/wp-content\/uploads\/2025\/04\/abuso-sexual-intrafamiliar_Pinterest.jpg\" \/>\n\t<meta property=\"og:image:width\" content=\"640\" \/>\n\t<meta property=\"og:image:height\" content=\"362\" \/>\n\t<meta property=\"og:image:type\" content=\"image\/jpeg\" \/>\n<meta name=\"author\" content=\"Ana Maria Iencarelli\" \/>\n<meta name=\"twitter:card\" content=\"summary_large_image\" \/>\n<meta name=\"twitter:label1\" content=\"Escrito por\" \/>\n\t<meta name=\"twitter:data1\" content=\"Ana Maria Iencarelli\" \/>\n\t<meta name=\"twitter:label2\" content=\"Est. tempo de leitura\" \/>\n\t<meta name=\"twitter:data2\" content=\"4 minutos\" \/>\n<script type=\"application\/ld+json\" class=\"yoast-schema-graph\">{\"@context\":\"https:\/\/schema.org\",\"@graph\":[{\"@type\":\"Article\",\"@id\":\"https:\/\/jornalfatosenoticias.com.br\/index.php\/2025\/04\/10\/pedofilia-nao-e-sexual-e-o-prazer-do-poder-parte-iii\/#article\",\"isPartOf\":{\"@id\":\"https:\/\/jornalfatosenoticias.com.br\/index.php\/2025\/04\/10\/pedofilia-nao-e-sexual-e-o-prazer-do-poder-parte-iii\/\"},\"author\":{\"name\":\"Ana Maria Iencarelli\",\"@id\":\"https:\/\/jornalfatosenoticias.com.br\/#\/schema\/person\/c33fcf5fb02d729d3fec92c6737a22d1\"},\"headline\":\"Pedofilia n\u00e3o \u00e9 sexual. \u00c9 o Prazer do Poder \u2014 Parte III\",\"datePublished\":\"2025-04-10T14:16:48+00:00\",\"dateModified\":\"2025-04-10T14:16:49+00:00\",\"mainEntityOfPage\":{\"@id\":\"https:\/\/jornalfatosenoticias.com.br\/index.php\/2025\/04\/10\/pedofilia-nao-e-sexual-e-o-prazer-do-poder-parte-iii\/\"},\"wordCount\":822,\"commentCount\":0,\"publisher\":{\"@id\":\"https:\/\/jornalfatosenoticias.com.br\/#organization\"},\"image\":{\"@id\":\"https:\/\/jornalfatosenoticias.com.br\/index.php\/2025\/04\/10\/pedofilia-nao-e-sexual-e-o-prazer-do-poder-parte-iii\/#primaryimage\"},\"thumbnailUrl\":\"https:\/\/jornalfatosenoticias.com.br\/wp-content\/uploads\/2025\/04\/abuso-sexual-intrafamiliar_Pinterest.jpg\",\"keywords\":[\"abuso sexual infnatil\",\"beb\u00eas\",\"crime intrafamiliar\",\"pedofilia\",\"prazer do poder\"],\"articleSection\":[\"Comportamento &amp; Equil\u00edbrio\"],\"inLanguage\":\"pt-BR\",\"potentialAction\":[{\"@type\":\"CommentAction\",\"name\":\"Comment\",\"target\":[\"https:\/\/jornalfatosenoticias.com.br\/index.php\/2025\/04\/10\/pedofilia-nao-e-sexual-e-o-prazer-do-poder-parte-iii\/#respond\"]}]},{\"@type\":\"WebPage\",\"@id\":\"https:\/\/jornalfatosenoticias.com.br\/index.php\/2025\/04\/10\/pedofilia-nao-e-sexual-e-o-prazer-do-poder-parte-iii\/\",\"url\":\"https:\/\/jornalfatosenoticias.com.br\/index.php\/2025\/04\/10\/pedofilia-nao-e-sexual-e-o-prazer-do-poder-parte-iii\/\",\"name\":\"Pedofilia n\u00e3o \u00e9 sexual. \u00c9 o Prazer do Poder \u2014 Parte III - Jornal Fatos e Not\u00edcias\",\"isPartOf\":{\"@id\":\"https:\/\/jornalfatosenoticias.com.br\/#website\"},\"primaryImageOfPage\":{\"@id\":\"https:\/\/jornalfatosenoticias.com.br\/index.php\/2025\/04\/10\/pedofilia-nao-e-sexual-e-o-prazer-do-poder-parte-iii\/#primaryimage\"},\"image\":{\"@id\":\"https:\/\/jornalfatosenoticias.com.br\/index.php\/2025\/04\/10\/pedofilia-nao-e-sexual-e-o-prazer-do-poder-parte-iii\/#primaryimage\"},\"thumbnailUrl\":\"https:\/\/jornalfatosenoticias.com.br\/wp-content\/uploads\/2025\/04\/abuso-sexual-intrafamiliar_Pinterest.jpg\",\"datePublished\":\"2025-04-10T14:16:48+00:00\",\"dateModified\":\"2025-04-10T14:16:49+00:00\",\"breadcrumb\":{\"@id\":\"https:\/\/jornalfatosenoticias.com.br\/index.php\/2025\/04\/10\/pedofilia-nao-e-sexual-e-o-prazer-do-poder-parte-iii\/#breadcrumb\"},\"inLanguage\":\"pt-BR\",\"potentialAction\":[{\"@type\":\"ReadAction\",\"target\":[\"https:\/\/jornalfatosenoticias.com.br\/index.php\/2025\/04\/10\/pedofilia-nao-e-sexual-e-o-prazer-do-poder-parte-iii\/\"]}]},{\"@type\":\"ImageObject\",\"inLanguage\":\"pt-BR\",\"@id\":\"https:\/\/jornalfatosenoticias.com.br\/index.php\/2025\/04\/10\/pedofilia-nao-e-sexual-e-o-prazer-do-poder-parte-iii\/#primaryimage\",\"url\":\"https:\/\/jornalfatosenoticias.com.br\/wp-content\/uploads\/2025\/04\/abuso-sexual-intrafamiliar_Pinterest.jpg\",\"contentUrl\":\"https:\/\/jornalfatosenoticias.com.br\/wp-content\/uploads\/2025\/04\/abuso-sexual-intrafamiliar_Pinterest.jpg\",\"width\":640,\"height\":362},{\"@type\":\"BreadcrumbList\",\"@id\":\"https:\/\/jornalfatosenoticias.com.br\/index.php\/2025\/04\/10\/pedofilia-nao-e-sexual-e-o-prazer-do-poder-parte-iii\/#breadcrumb\",\"itemListElement\":[{\"@type\":\"ListItem\",\"position\":1,\"name\":\"In\u00edcio\",\"item\":\"https:\/\/jornalfatosenoticias.com.br\/\"},{\"@type\":\"ListItem\",\"position\":2,\"name\":\"Pedofilia n\u00e3o \u00e9 sexual. \u00c9 o Prazer do Poder \u2014 Parte III\"}]},{\"@type\":\"WebSite\",\"@id\":\"https:\/\/jornalfatosenoticias.com.br\/#website\",\"url\":\"https:\/\/jornalfatosenoticias.com.br\/\",\"name\":\"Jornal Fatos e Not\u00edcias\",\"description\":\"Not\u00edcias em geral\",\"publisher\":{\"@id\":\"https:\/\/jornalfatosenoticias.com.br\/#organization\"},\"potentialAction\":[{\"@type\":\"SearchAction\",\"target\":{\"@type\":\"EntryPoint\",\"urlTemplate\":\"https:\/\/jornalfatosenoticias.com.br\/?s={search_term_string}\"},\"query-input\":{\"@type\":\"PropertyValueSpecification\",\"valueRequired\":true,\"valueName\":\"search_term_string\"}}],\"inLanguage\":\"pt-BR\"},{\"@type\":\"Organization\",\"@id\":\"https:\/\/jornalfatosenoticias.com.br\/#organization\",\"name\":\"Jornal Fatos e Not\u00edcias\",\"url\":\"https:\/\/jornalfatosenoticias.com.br\/\",\"logo\":{\"@type\":\"ImageObject\",\"inLanguage\":\"pt-BR\",\"@id\":\"https:\/\/jornalfatosenoticias.com.br\/#\/schema\/logo\/image\/\",\"url\":\"https:\/\/jornalfatosenoticias.com.br\/wp-content\/uploads\/2020\/02\/logo120.png\",\"contentUrl\":\"https:\/\/jornalfatosenoticias.com.br\/wp-content\/uploads\/2020\/02\/logo120.png\",\"width\":1227,\"height\":120,\"caption\":\"Jornal Fatos e Not\u00edcias\"},\"image\":{\"@id\":\"https:\/\/jornalfatosenoticias.com.br\/#\/schema\/logo\/image\/\"}},{\"@type\":\"Person\",\"@id\":\"https:\/\/jornalfatosenoticias.com.br\/#\/schema\/person\/c33fcf5fb02d729d3fec92c6737a22d1\",\"name\":\"Ana Maria Iencarelli\",\"image\":{\"@type\":\"ImageObject\",\"inLanguage\":\"pt-BR\",\"@id\":\"https:\/\/jornalfatosenoticias.com.br\/#\/schema\/person\/image\/\",\"url\":\"https:\/\/jornalfatosenoticias.com.br\/wp-content\/uploads\/2020\/02\/Ana-Maria-Iencarelli-1-150x150.jpg\",\"contentUrl\":\"https:\/\/jornalfatosenoticias.com.br\/wp-content\/uploads\/2020\/02\/Ana-Maria-Iencarelli-1-150x150.jpg\",\"caption\":\"Ana Maria Iencarelli\"},\"description\":\"Psicanalista Cl\u00ednica, especializada no atendimento a Crian\u00e7as e Adolescentes. Presidente da ONG Vozes de Anjos.\",\"url\":\"https:\/\/jornalfatosenoticias.com.br\/index.php\/author\/anamaria\/\"}]}<\/script>\n<!-- \/ Yoast SEO plugin. -->","yoast_head_json":{"title":"Pedofilia n\u00e3o \u00e9 sexual. \u00c9 o Prazer do Poder \u2014 Parte III - Jornal Fatos e Not\u00edcias","robots":{"index":"index","follow":"follow","max-snippet":"max-snippet:-1","max-image-preview":"max-image-preview:large","max-video-preview":"max-video-preview:-1"},"canonical":"https:\/\/jornalfatosenoticias.com.br\/index.php\/2025\/04\/10\/pedofilia-nao-e-sexual-e-o-prazer-do-poder-parte-iii\/","og_locale":"pt_BR","og_type":"article","og_title":"Pedofilia n\u00e3o \u00e9 sexual. \u00c9 o Prazer do Poder \u2014 Parte III - Jornal Fatos e Not\u00edcias","og_description":"Sabemos qu\u00e3o dif\u00edcil \u00e9 pensar e mostrar os ind\u00edcios desse tipo de crime intrafamiliar. Principalmente, se falamos de beb\u00eas Parece que est\u00e1 sendo operada uma abdu\u00e7\u00e3o dos atos de pedofilia. Uma vez abduzido o abuso sexual intrafamiliar, ele fica \u201cresolvido\u201d. Quando falamos de Pedofilia usando beb\u00eas, a quest\u00e3o \u00e9 olhada como sendo um fen\u00f4meno, praticamente, [&hellip;]","og_url":"https:\/\/jornalfatosenoticias.com.br\/index.php\/2025\/04\/10\/pedofilia-nao-e-sexual-e-o-prazer-do-poder-parte-iii\/","og_site_name":"Jornal Fatos e Not\u00edcias","article_published_time":"2025-04-10T14:16:48+00:00","article_modified_time":"2025-04-10T14:16:49+00:00","og_image":[{"width":640,"height":362,"url":"https:\/\/jornalfatosenoticias.com.br\/wp-content\/uploads\/2025\/04\/abuso-sexual-intrafamiliar_Pinterest.jpg","type":"image\/jpeg"}],"author":"Ana Maria Iencarelli","twitter_card":"summary_large_image","twitter_misc":{"Escrito por":"Ana Maria Iencarelli","Est. tempo de leitura":"4 minutos"},"schema":{"@context":"https:\/\/schema.org","@graph":[{"@type":"Article","@id":"https:\/\/jornalfatosenoticias.com.br\/index.php\/2025\/04\/10\/pedofilia-nao-e-sexual-e-o-prazer-do-poder-parte-iii\/#article","isPartOf":{"@id":"https:\/\/jornalfatosenoticias.com.br\/index.php\/2025\/04\/10\/pedofilia-nao-e-sexual-e-o-prazer-do-poder-parte-iii\/"},"author":{"name":"Ana Maria Iencarelli","@id":"https:\/\/jornalfatosenoticias.com.br\/#\/schema\/person\/c33fcf5fb02d729d3fec92c6737a22d1"},"headline":"Pedofilia n\u00e3o \u00e9 sexual. \u00c9 o Prazer do Poder \u2014 Parte III","datePublished":"2025-04-10T14:16:48+00:00","dateModified":"2025-04-10T14:16:49+00:00","mainEntityOfPage":{"@id":"https:\/\/jornalfatosenoticias.com.br\/index.php\/2025\/04\/10\/pedofilia-nao-e-sexual-e-o-prazer-do-poder-parte-iii\/"},"wordCount":822,"commentCount":0,"publisher":{"@id":"https:\/\/jornalfatosenoticias.com.br\/#organization"},"image":{"@id":"https:\/\/jornalfatosenoticias.com.br\/index.php\/2025\/04\/10\/pedofilia-nao-e-sexual-e-o-prazer-do-poder-parte-iii\/#primaryimage"},"thumbnailUrl":"https:\/\/jornalfatosenoticias.com.br\/wp-content\/uploads\/2025\/04\/abuso-sexual-intrafamiliar_Pinterest.jpg","keywords":["abuso sexual infnatil","beb\u00eas","crime intrafamiliar","pedofilia","prazer do poder"],"articleSection":["Comportamento &amp; Equil\u00edbrio"],"inLanguage":"pt-BR","potentialAction":[{"@type":"CommentAction","name":"Comment","target":["https:\/\/jornalfatosenoticias.com.br\/index.php\/2025\/04\/10\/pedofilia-nao-e-sexual-e-o-prazer-do-poder-parte-iii\/#respond"]}]},{"@type":"WebPage","@id":"https:\/\/jornalfatosenoticias.com.br\/index.php\/2025\/04\/10\/pedofilia-nao-e-sexual-e-o-prazer-do-poder-parte-iii\/","url":"https:\/\/jornalfatosenoticias.com.br\/index.php\/2025\/04\/10\/pedofilia-nao-e-sexual-e-o-prazer-do-poder-parte-iii\/","name":"Pedofilia n\u00e3o \u00e9 sexual. \u00c9 o Prazer do Poder \u2014 Parte III - Jornal Fatos e Not\u00edcias","isPartOf":{"@id":"https:\/\/jornalfatosenoticias.com.br\/#website"},"primaryImageOfPage":{"@id":"https:\/\/jornalfatosenoticias.com.br\/index.php\/2025\/04\/10\/pedofilia-nao-e-sexual-e-o-prazer-do-poder-parte-iii\/#primaryimage"},"image":{"@id":"https:\/\/jornalfatosenoticias.com.br\/index.php\/2025\/04\/10\/pedofilia-nao-e-sexual-e-o-prazer-do-poder-parte-iii\/#primaryimage"},"thumbnailUrl":"https:\/\/jornalfatosenoticias.com.br\/wp-content\/uploads\/2025\/04\/abuso-sexual-intrafamiliar_Pinterest.jpg","datePublished":"2025-04-10T14:16:48+00:00","dateModified":"2025-04-10T14:16:49+00:00","breadcrumb":{"@id":"https:\/\/jornalfatosenoticias.com.br\/index.php\/2025\/04\/10\/pedofilia-nao-e-sexual-e-o-prazer-do-poder-parte-iii\/#breadcrumb"},"inLanguage":"pt-BR","potentialAction":[{"@type":"ReadAction","target":["https:\/\/jornalfatosenoticias.com.br\/index.php\/2025\/04\/10\/pedofilia-nao-e-sexual-e-o-prazer-do-poder-parte-iii\/"]}]},{"@type":"ImageObject","inLanguage":"pt-BR","@id":"https:\/\/jornalfatosenoticias.com.br\/index.php\/2025\/04\/10\/pedofilia-nao-e-sexual-e-o-prazer-do-poder-parte-iii\/#primaryimage","url":"https:\/\/jornalfatosenoticias.com.br\/wp-content\/uploads\/2025\/04\/abuso-sexual-intrafamiliar_Pinterest.jpg","contentUrl":"https:\/\/jornalfatosenoticias.com.br\/wp-content\/uploads\/2025\/04\/abuso-sexual-intrafamiliar_Pinterest.jpg","width":640,"height":362},{"@type":"BreadcrumbList","@id":"https:\/\/jornalfatosenoticias.com.br\/index.php\/2025\/04\/10\/pedofilia-nao-e-sexual-e-o-prazer-do-poder-parte-iii\/#breadcrumb","itemListElement":[{"@type":"ListItem","position":1,"name":"In\u00edcio","item":"https:\/\/jornalfatosenoticias.com.br\/"},{"@type":"ListItem","position":2,"name":"Pedofilia n\u00e3o \u00e9 sexual. \u00c9 o Prazer do Poder \u2014 Parte III"}]},{"@type":"WebSite","@id":"https:\/\/jornalfatosenoticias.com.br\/#website","url":"https:\/\/jornalfatosenoticias.com.br\/","name":"Jornal Fatos e Not\u00edcias","description":"Not\u00edcias em geral","publisher":{"@id":"https:\/\/jornalfatosenoticias.com.br\/#organization"},"potentialAction":[{"@type":"SearchAction","target":{"@type":"EntryPoint","urlTemplate":"https:\/\/jornalfatosenoticias.com.br\/?s={search_term_string}"},"query-input":{"@type":"PropertyValueSpecification","valueRequired":true,"valueName":"search_term_string"}}],"inLanguage":"pt-BR"},{"@type":"Organization","@id":"https:\/\/jornalfatosenoticias.com.br\/#organization","name":"Jornal Fatos e Not\u00edcias","url":"https:\/\/jornalfatosenoticias.com.br\/","logo":{"@type":"ImageObject","inLanguage":"pt-BR","@id":"https:\/\/jornalfatosenoticias.com.br\/#\/schema\/logo\/image\/","url":"https:\/\/jornalfatosenoticias.com.br\/wp-content\/uploads\/2020\/02\/logo120.png","contentUrl":"https:\/\/jornalfatosenoticias.com.br\/wp-content\/uploads\/2020\/02\/logo120.png","width":1227,"height":120,"caption":"Jornal Fatos e Not\u00edcias"},"image":{"@id":"https:\/\/jornalfatosenoticias.com.br\/#\/schema\/logo\/image\/"}},{"@type":"Person","@id":"https:\/\/jornalfatosenoticias.com.br\/#\/schema\/person\/c33fcf5fb02d729d3fec92c6737a22d1","name":"Ana Maria Iencarelli","image":{"@type":"ImageObject","inLanguage":"pt-BR","@id":"https:\/\/jornalfatosenoticias.com.br\/#\/schema\/person\/image\/","url":"https:\/\/jornalfatosenoticias.com.br\/wp-content\/uploads\/2020\/02\/Ana-Maria-Iencarelli-1-150x150.jpg","contentUrl":"https:\/\/jornalfatosenoticias.com.br\/wp-content\/uploads\/2020\/02\/Ana-Maria-Iencarelli-1-150x150.jpg","caption":"Ana Maria Iencarelli"},"description":"Psicanalista Cl\u00ednica, especializada no atendimento a Crian\u00e7as e Adolescentes. Presidente da ONG Vozes de Anjos.","url":"https:\/\/jornalfatosenoticias.com.br\/index.php\/author\/anamaria\/"}]}},"cc_featured_image_caption":{"caption_text":"(Foto: Pinterest) ","source_text":"","source_url":""},"jetpack_featured_media_url":"https:\/\/jornalfatosenoticias.com.br\/wp-content\/uploads\/2025\/04\/abuso-sexual-intrafamiliar_Pinterest.jpg","_links":{"self":[{"href":"https:\/\/jornalfatosenoticias.com.br\/index.php\/wp-json\/wp\/v2\/posts\/58434","targetHints":{"allow":["GET"]}}],"collection":[{"href":"https:\/\/jornalfatosenoticias.com.br\/index.php\/wp-json\/wp\/v2\/posts"}],"about":[{"href":"https:\/\/jornalfatosenoticias.com.br\/index.php\/wp-json\/wp\/v2\/types\/post"}],"author":[{"embeddable":true,"href":"https:\/\/jornalfatosenoticias.com.br\/index.php\/wp-json\/wp\/v2\/users\/8"}],"replies":[{"embeddable":true,"href":"https:\/\/jornalfatosenoticias.com.br\/index.php\/wp-json\/wp\/v2\/comments?post=58434"}],"version-history":[{"count":0,"href":"https:\/\/jornalfatosenoticias.com.br\/index.php\/wp-json\/wp\/v2\/posts\/58434\/revisions"}],"wp:featuredmedia":[{"embeddable":true,"href":"https:\/\/jornalfatosenoticias.com.br\/index.php\/wp-json\/wp\/v2\/media\/58437"}],"wp:attachment":[{"href":"https:\/\/jornalfatosenoticias.com.br\/index.php\/wp-json\/wp\/v2\/media?parent=58434"}],"wp:term":[{"taxonomy":"category","embeddable":true,"href":"https:\/\/jornalfatosenoticias.com.br\/index.php\/wp-json\/wp\/v2\/categories?post=58434"},{"taxonomy":"post_tag","embeddable":true,"href":"https:\/\/jornalfatosenoticias.com.br\/index.php\/wp-json\/wp\/v2\/tags?post=58434"}],"curies":[{"name":"wp","href":"https:\/\/api.w.org\/{rel}","templated":true}]}}