{"id":58448,"date":"2025-04-10T11:56:11","date_gmt":"2025-04-10T14:56:11","guid":{"rendered":"https:\/\/jornalfatosenoticias.com.br\/?p=58448"},"modified":"2025-04-10T11:56:12","modified_gmt":"2025-04-10T14:56:12","slug":"devedor-atencao-seu-patrimonio-esta-mais-visivel-do-que-nunca","status":"publish","type":"post","link":"https:\/\/jornalfatosenoticias.com.br\/index.php\/2025\/04\/10\/devedor-atencao-seu-patrimonio-esta-mais-visivel-do-que-nunca\/","title":{"rendered":"Devedor, aten\u00e7\u00e3o: seu patrim\u00f4nio est\u00e1 mais vis\u00edvel do que nunca"},"content":{"rendered":"\n<p><span class=\"has-inline-color has-black-color\">Por<\/span>\u00a0<strong><a href=\"https:\/\/jornalfatosenoticias.com.br\/index.php\/2024\/11\/07\/empresas-de-transporte-coletivo-de-passageiros-creditos-cofins-e-pis-o-novo-incentivo\/\">Rogerio Fernandes da Silva &amp; Kalyne Calais<\/a><\/strong><\/p>\n\n\n\n<div class=\"wp-block-image\"><figure class=\"aligncenter size-large\"><a href=\"https:\/\/www.controlsystems.com.br\/\"><img loading=\"lazy\" decoding=\"async\" width=\"1024\" height=\"109\" src=\"https:\/\/jornalfatosenoticias.com.br\/wp-content\/uploads\/2020\/02\/CONTROL-CS2-1024x109.jpg\" alt=\"\" class=\"wp-image-44989\" srcset=\"https:\/\/jornalfatosenoticias.com.br\/wp-content\/uploads\/2020\/02\/CONTROL-CS2-1024x109.jpg 1024w, https:\/\/jornalfatosenoticias.com.br\/wp-content\/uploads\/2020\/02\/CONTROL-CS2-300x32.jpg 300w, https:\/\/jornalfatosenoticias.com.br\/wp-content\/uploads\/2020\/02\/CONTROL-CS2-768x82.jpg 768w, https:\/\/jornalfatosenoticias.com.br\/wp-content\/uploads\/2020\/02\/CONTROL-CS2.jpg 1120w\" sizes=\"auto, (max-width: 1024px) 100vw, 1024px\" \/><\/a><\/figure><\/div>\n\n\n\n<div class=\"wp-block-image is-style-rounded\"><figure class=\"alignleft size-large\"><img loading=\"lazy\" decoding=\"async\" width=\"120\" height=\"60\" src=\"https:\/\/jornalfatosenoticias.com.br\/wp-content\/uploads\/2024\/09\/Legis_Juris_Consultoria_Rogerio_e_Kalyne-Portal.jpg\" alt=\"\" class=\"wp-image-53912\"\/><\/figure><\/div>\n\n\n\n<p>Dever tributos nunca foi algo recomend\u00e1vel. No entanto, com o avan\u00e7o das tecnologias \u00e0 disposi\u00e7\u00e3o do Poder Judici\u00e1rio, tornou-se ainda mais dif\u00edcil para os devedores desaparecerem diante de seus credores \u2014 o que vale tamb\u00e9m para seus bens e ativos. Conhe\u00e7a as principais ferramentas que atuam como &#8220;inimigas&#8221; dos devedores e fortalecem o trabalho da Justi\u00e7a na recupera\u00e7\u00e3o de cr\u00e9ditos.<\/p>\n\n\n\n<div class=\"wp-block-image\"><figure class=\"aligncenter size-large is-resized\"><a href=\"https:\/\/www.legisjuris.com.br\/\"><img loading=\"lazy\" decoding=\"async\" src=\"https:\/\/jornalfatosenoticias.com.br\/wp-content\/uploads\/2024\/09\/Legis-Juris-Consultoria_logo.jpg\" alt=\"\" class=\"wp-image-53915\" width=\"513\" height=\"215\" srcset=\"https:\/\/jornalfatosenoticias.com.br\/wp-content\/uploads\/2024\/09\/Legis-Juris-Consultoria_logo.jpg 969w, https:\/\/jornalfatosenoticias.com.br\/wp-content\/uploads\/2024\/09\/Legis-Juris-Consultoria_logo-300x126.jpg 300w, https:\/\/jornalfatosenoticias.com.br\/wp-content\/uploads\/2024\/09\/Legis-Juris-Consultoria_logo-768x322.jpg 768w\" sizes=\"auto, (max-width: 513px) 100vw, 513px\" \/><\/a><\/figure><\/div>\n\n\n\n<p><strong><span class=\"has-inline-color has-black-color\">Sisbajud<br><\/span><\/strong>O Sistema de Busca de Ativos do Poder Judici\u00e1rio (Sisbajud) permite o bloqueio imediato de contas banc\u00e1rias, a transfer\u00eancia de valores e a quebra de sigilo banc\u00e1rio. Ele integra o Judici\u00e1rio \u00e0s institui\u00e7\u00f5es financeiras, por meio do Banco Central. A ferramenta possibilita o bloqueio de contas correntes, poupan\u00e7as, aplica\u00e7\u00f5es financeiras e outros ativos. Al\u00e9m disso, conta com a funcionalidade de reitera\u00e7\u00e3o autom\u00e1tica das ordens de bloqueio, aumentando a efetividade das medidas.<\/p>\n\n\n\n<div class=\"wp-block-image\"><figure class=\"aligncenter size-large is-resized\"><a href=\"https:\/\/www.facebook.com\/profile.php?id=100069289606145\"><img loading=\"lazy\" decoding=\"async\" src=\"https:\/\/jornalfatosenoticias.com.br\/wp-content\/uploads\/2024\/11\/Guaitolini-Contabilidade-1024x714.jpeg\" alt=\"\" class=\"wp-image-55808\" width=\"320\" height=\"223\" srcset=\"https:\/\/jornalfatosenoticias.com.br\/wp-content\/uploads\/2024\/11\/Guaitolini-Contabilidade-1024x714.jpeg 1024w, https:\/\/jornalfatosenoticias.com.br\/wp-content\/uploads\/2024\/11\/Guaitolini-Contabilidade-300x209.jpeg 300w, https:\/\/jornalfatosenoticias.com.br\/wp-content\/uploads\/2024\/11\/Guaitolini-Contabilidade-768x535.jpeg 768w, https:\/\/jornalfatosenoticias.com.br\/wp-content\/uploads\/2024\/11\/Guaitolini-Contabilidade.jpeg 1280w\" sizes=\"auto, (max-width: 320px) 100vw, 320px\" \/><\/a><\/figure><\/div>\n\n\n\n<p><strong><span class=\"has-inline-color has-black-color\">Renajud<br><\/span><\/strong>Desenvolvido pelo Conselho Nacional de Justi\u00e7a (CNJ), o Renajud \u00e9 o sistema que conecta o Judici\u00e1rio ao Departamento Nacional de Tr\u00e2nsito (Denatran), viabilizando a restri\u00e7\u00e3o e penhora de ve\u00edculos diretamente no Registro Nacional de Ve\u00edculos Automotores (Renavam). Com ele, magistrados podem consultar e emitir ordens judiciais de forma eletr\u00f4nica, agilizando o processo de localiza\u00e7\u00e3o e constri\u00e7\u00e3o de bens automotores.<\/p>\n\n\n\n<div class=\"wp-block-image\"><figure class=\"aligncenter size-large\"><a href=\"http:\/\/www.ferrarimaquinas.com.br\/\"><img loading=\"lazy\" decoding=\"async\" width=\"300\" height=\"250\" src=\"https:\/\/jornalfatosenoticias.com.br\/wp-content\/uploads\/2022\/02\/FERRARI_MAQUINAS-E-FERRAMENTAS2.jpg\" alt=\"\" class=\"wp-image-27860\"\/><\/a><\/figure><\/div>\n\n\n\n<p><strong><span class=\"has-inline-color has-black-color\">Infojud<\/span><\/strong><br>O Infojud \u00e9 uma ferramenta de integra\u00e7\u00e3o entre o Judici\u00e1rio e a Receita Federal do Brasil. Por meio dele, \u00e9 poss\u00edvel acessar informa\u00e7\u00f5es fiscais e patrimoniais dos contribuintes, como dados cadastrais e declara\u00e7\u00f5es fiscais. Esse sistema substitui os antigos of\u00edcios f\u00edsicos, tornando mais c\u00e9lere e eficiente o acesso \u00e0s informa\u00e7\u00f5es por parte dos magistrados e servidores autorizados.<\/p>\n\n\n\n<div class=\"wp-block-image\"><figure class=\"aligncenter size-large is-resized\"><a href=\"https:\/\/www.instagram.com\/gruposei\/\"><img loading=\"lazy\" decoding=\"async\" src=\"https:\/\/jornalfatosenoticias.com.br\/wp-content\/uploads\/2022\/07\/Logo-Grupo-SEI.jpg\" alt=\"\" class=\"wp-image-31973\" width=\"415\" height=\"218\" srcset=\"https:\/\/jornalfatosenoticias.com.br\/wp-content\/uploads\/2022\/07\/Logo-Grupo-SEI.jpg 713w, https:\/\/jornalfatosenoticias.com.br\/wp-content\/uploads\/2022\/07\/Logo-Grupo-SEI-300x158.jpg 300w\" sizes=\"auto, (max-width: 415px) 100vw, 415px\" \/><\/a><\/figure><\/div>\n\n\n\n<p><strong><span class=\"has-inline-color has-black-color\">Sniper: o \u201catirador de elite\u201d<br><\/span><\/strong>O Sistema Nacional de Investiga\u00e7\u00e3o Patrimonial e Recupera\u00e7\u00e3o de Ativos (Sniper), apelidado de \u201catirador de elite\u201d, \u00e9 uma das ferramentas mais modernas dispon\u00edveis. Desenvolvido pelo CNJ, o Sniper cruza dados de diversas bases e apresenta, de forma visual (por grafos), as conex\u00f5es entre pessoas f\u00edsicas e jur\u00eddicas, revelando v\u00ednculos patrimoniais, societ\u00e1rios e financeiros. Com acesso restrito a membros do Judici\u00e1rio e mediante decis\u00e3o que autorize a quebra de sigilo, o sistema facilita a identifica\u00e7\u00e3o de bens ocultos e aumenta a efic\u00e1cia das a\u00e7\u00f5es de execu\u00e7\u00e3o de senten\u00e7as.<\/p>\n\n\n\n<div class=\"wp-block-image\"><figure class=\"aligncenter size-large is-resized\"><a href=\"https:\/\/panper.com.br\/\"><img loading=\"lazy\" decoding=\"async\" src=\"https:\/\/jornalfatosenoticias.com.br\/wp-content\/uploads\/2023\/03\/logo-Panper_portal.jpg\" alt=\"\" class=\"wp-image-40208\" width=\"318\" height=\"220\" srcset=\"https:\/\/jornalfatosenoticias.com.br\/wp-content\/uploads\/2023\/03\/logo-Panper_portal.jpg 400w, https:\/\/jornalfatosenoticias.com.br\/wp-content\/uploads\/2023\/03\/logo-Panper_portal-300x208.jpg 300w\" sizes=\"auto, (max-width: 318px) 100vw, 318px\" \/><\/a><\/figure><\/div>\n\n\n\n<p><strong><span class=\"has-inline-color has-black-color\">E qual o caminho para quem deseja se regularizar?<br><\/span><\/strong>Apesar do cen\u00e1rio desafiador, o contribuinte que possui d\u00e9bitos pode \u2014 e deve \u2014 buscar formas legais de se regularizar. Uma das principais alternativas \u00e9 a transa\u00e7\u00e3o tribut\u00e1ria, um instrumento que permite a negocia\u00e7\u00e3o de d\u00edvidas com condi\u00e7\u00f5es diferenciadas.<\/p>\n\n\n\n<div class=\"wp-block-image\"><figure class=\"aligncenter size-large is-resized\"><a href=\"https:\/\/www.instagram.com\/esteiochurrascaria\/\"><img loading=\"lazy\" decoding=\"async\" src=\"https:\/\/jornalfatosenoticias.com.br\/wp-content\/uploads\/2022\/02\/LOGO-ESTEIO-1024x730.png\" alt=\"\" class=\"wp-image-27942\" width=\"312\" height=\"222\" srcset=\"https:\/\/jornalfatosenoticias.com.br\/wp-content\/uploads\/2022\/02\/LOGO-ESTEIO-1024x730.png 1024w, https:\/\/jornalfatosenoticias.com.br\/wp-content\/uploads\/2022\/02\/LOGO-ESTEIO-300x214.png 300w, https:\/\/jornalfatosenoticias.com.br\/wp-content\/uploads\/2022\/02\/LOGO-ESTEIO-768x548.png 768w, https:\/\/jornalfatosenoticias.com.br\/wp-content\/uploads\/2022\/02\/LOGO-ESTEIO.png 1123w\" sizes=\"auto, (max-width: 312px) 100vw, 312px\" \/><\/a><\/figure><\/div>\n\n\n\n<p><strong><span class=\"has-inline-color has-black-color\">A transa\u00e7\u00e3o pode envolver:<br><\/span>\u2022 Descontos em juros, multas e encargos legais;<br>\u2022 Prazos ampliados para pagamento<\/strong> (inclusive com possibilidade de entrada reduzida);<br><strong>\u2022 Uso de precat\u00f3rios ou cr\u00e9ditos de preju\u00edzo fiscal e base negativa da CSLL para abater d\u00edvidas;<br>\u2022 Negocia\u00e7\u00e3o personalizada, conforme a capacidade de pagamento do contribuinte.<\/strong><\/p>\n\n\n\n<div class=\"wp-block-image\"><figure class=\"aligncenter size-large is-resized\"><a href=\"https:\/\/www.instagram.com\/rcradiadores\/\"><img loading=\"lazy\" decoding=\"async\" src=\"https:\/\/jornalfatosenoticias.com.br\/wp-content\/uploads\/2022\/10\/RC_800x750_page-0001.jpg\" alt=\"\" class=\"wp-image-35338\" width=\"270\" height=\"253\" srcset=\"https:\/\/jornalfatosenoticias.com.br\/wp-content\/uploads\/2022\/10\/RC_800x750_page-0001.jpg 400w, https:\/\/jornalfatosenoticias.com.br\/wp-content\/uploads\/2022\/10\/RC_800x750_page-0001-300x281.jpg 300w\" sizes=\"auto, (max-width: 270px) 100vw, 270px\" \/><\/a><\/figure><\/div>\n\n\n\n<p>A Procuradoria-Geral da Fazenda Nacional (PGFN) e a Receita Federal disponibilizam modalidades de transa\u00e7\u00e3o tanto para pessoas f\u00edsicas quanto para empresas \u2014 desde microempreendedores at\u00e9 grandes contribuintes.<br>Mais do que nunca, regularizar-se pode ser mais vantajoso e seguro do que correr o risco de ter seus bens rastreados, bloqueados ou penhorados.<br><strong><em>A melhor forma de proteger seu patrim\u00f4nio \u00e9 manter sua situa\u00e7\u00e3o fiscal em dia, at\u00e9 a pr\u00f3xima semana.<\/em><\/strong><\/p>\n\n\n\n<div class=\"wp-block-image\"><figure class=\"alignleft size-large is-resized\"><img decoding=\"async\" src=\"https:\/\/jornalfatosenoticias.com.br\/wp-content\/uploads\/2024\/10\/rogerio-fernandes-e-kalyne-calais_PORTAL.jpg\" alt=\"\" class=\"wp-image-55150\" width=\"-123\" height=\"-60\" srcset=\"https:\/\/jornalfatosenoticias.com.br\/wp-content\/uploads\/2024\/10\/rogerio-fernandes-e-kalyne-calais_PORTAL.jpg 755w, https:\/\/jornalfatosenoticias.com.br\/wp-content\/uploads\/2024\/10\/rogerio-fernandes-e-kalyne-calais_PORTAL-300x149.jpg 300w\" sizes=\"(max-width: 755px) 100vw, 755px\" \/><\/figure><\/div>\n","protected":false},"excerpt":{"rendered":"<p>Por\u00a0Rogerio Fernandes da Silva &amp; Kalyne Calais Dever tributos nunca foi algo recomend\u00e1vel. No entanto, com o avan\u00e7o das tecnologias \u00e0 disposi\u00e7\u00e3o do Poder Judici\u00e1rio, tornou-se ainda mais dif\u00edcil para os devedores desaparecerem diante de seus credores \u2014 o que vale tamb\u00e9m para seus bens e ativos. Conhe\u00e7a as principais ferramentas que atuam como &#8220;inimigas&#8221; [&hellip;]<\/p>\n","protected":false},"author":2,"featured_media":58449,"comment_status":"open","ping_status":"open","sticky":false,"template":"","format":"standard","meta":{"footnotes":""},"categories":[9],"tags":[295,26637,26548,11336,1404,26639,26638,26640],"class_list":["post-58448","post","type-post","status-publish","format-standard","has-post-thumbnail","hentry","category-economia","tag-cnj","tag-infojud","tag-pgfn","tag-poder-judiciario","tag-receita-federal","tag-renajud","tag-sisbajud","tag-sniper"],"yoast_head":"<!-- This site is optimized with the Yoast SEO plugin v26.5 - https:\/\/yoast.com\/wordpress\/plugins\/seo\/ -->\n<title>Devedor, aten\u00e7\u00e3o: seu patrim\u00f4nio est\u00e1 mais vis\u00edvel do que nunca - Jornal Fatos e Not\u00edcias<\/title>\n<meta name=\"robots\" content=\"index, follow, max-snippet:-1, max-image-preview:large, max-video-preview:-1\" \/>\n<link rel=\"canonical\" href=\"https:\/\/jornalfatosenoticias.com.br\/index.php\/2025\/04\/10\/devedor-atencao-seu-patrimonio-esta-mais-visivel-do-que-nunca\/\" \/>\n<meta property=\"og:locale\" content=\"pt_BR\" \/>\n<meta property=\"og:type\" content=\"article\" \/>\n<meta property=\"og:title\" content=\"Devedor, aten\u00e7\u00e3o: seu patrim\u00f4nio est\u00e1 mais vis\u00edvel do que nunca - Jornal Fatos e Not\u00edcias\" \/>\n<meta property=\"og:description\" content=\"Por\u00a0Rogerio Fernandes da Silva &amp; Kalyne Calais Dever tributos nunca foi algo recomend\u00e1vel. No entanto, com o avan\u00e7o das tecnologias \u00e0 disposi\u00e7\u00e3o do Poder Judici\u00e1rio, tornou-se ainda mais dif\u00edcil para os devedores desaparecerem diante de seus credores \u2014 o que vale tamb\u00e9m para seus bens e ativos. Conhe\u00e7a as principais ferramentas que atuam como &#8220;inimigas&#8221; [&hellip;]\" \/>\n<meta property=\"og:url\" content=\"https:\/\/jornalfatosenoticias.com.br\/index.php\/2025\/04\/10\/devedor-atencao-seu-patrimonio-esta-mais-visivel-do-que-nunca\/\" \/>\n<meta property=\"og:site_name\" content=\"Jornal Fatos e Not\u00edcias\" \/>\n<meta property=\"article:published_time\" content=\"2025-04-10T14:56:11+00:00\" \/>\n<meta property=\"article:modified_time\" content=\"2025-04-10T14:56:12+00:00\" \/>\n<meta property=\"og:image\" content=\"https:\/\/jornalfatosenoticias.com.br\/wp-content\/uploads\/2025\/04\/seu-patrimonio-esta-mais-visivel-do-que-nunca_Freepik.jpeg\" \/>\n\t<meta property=\"og:image:width\" content=\"826\" \/>\n\t<meta property=\"og:image:height\" content=\"620\" \/>\n\t<meta property=\"og:image:type\" content=\"image\/jpeg\" \/>\n<meta name=\"author\" content=\"Luzimara Fernandes\" \/>\n<meta name=\"twitter:card\" content=\"summary_large_image\" \/>\n<meta name=\"twitter:label1\" content=\"Escrito por\" \/>\n\t<meta name=\"twitter:data1\" content=\"Luzimara Fernandes\" \/>\n\t<meta name=\"twitter:label2\" content=\"Est. tempo de leitura\" \/>\n\t<meta name=\"twitter:data2\" content=\"3 minutos\" \/>\n<script type=\"application\/ld+json\" class=\"yoast-schema-graph\">{\"@context\":\"https:\/\/schema.org\",\"@graph\":[{\"@type\":\"Article\",\"@id\":\"https:\/\/jornalfatosenoticias.com.br\/index.php\/2025\/04\/10\/devedor-atencao-seu-patrimonio-esta-mais-visivel-do-que-nunca\/#article\",\"isPartOf\":{\"@id\":\"https:\/\/jornalfatosenoticias.com.br\/index.php\/2025\/04\/10\/devedor-atencao-seu-patrimonio-esta-mais-visivel-do-que-nunca\/\"},\"author\":{\"name\":\"Luzimara Fernandes\",\"@id\":\"https:\/\/jornalfatosenoticias.com.br\/#\/schema\/person\/d63837fa13ac8666eb9e74e0985d6f81\"},\"headline\":\"Devedor, aten\u00e7\u00e3o: seu patrim\u00f4nio est\u00e1 mais vis\u00edvel do que nunca\",\"datePublished\":\"2025-04-10T14:56:11+00:00\",\"dateModified\":\"2025-04-10T14:56:12+00:00\",\"mainEntityOfPage\":{\"@id\":\"https:\/\/jornalfatosenoticias.com.br\/index.php\/2025\/04\/10\/devedor-atencao-seu-patrimonio-esta-mais-visivel-do-que-nunca\/\"},\"wordCount\":587,\"commentCount\":0,\"publisher\":{\"@id\":\"https:\/\/jornalfatosenoticias.com.br\/#organization\"},\"image\":{\"@id\":\"https:\/\/jornalfatosenoticias.com.br\/index.php\/2025\/04\/10\/devedor-atencao-seu-patrimonio-esta-mais-visivel-do-que-nunca\/#primaryimage\"},\"thumbnailUrl\":\"https:\/\/jornalfatosenoticias.com.br\/wp-content\/uploads\/2025\/04\/seu-patrimonio-esta-mais-visivel-do-que-nunca_Freepik.jpeg\",\"keywords\":[\"CNJ\",\"Infojud\",\"PGFN\",\"Poder Judici\u00e1rio\",\"Receita Federal\",\"Renajud\",\"Sisbajud\",\"Sniper\"],\"articleSection\":[\"Economia\"],\"inLanguage\":\"pt-BR\",\"potentialAction\":[{\"@type\":\"CommentAction\",\"name\":\"Comment\",\"target\":[\"https:\/\/jornalfatosenoticias.com.br\/index.php\/2025\/04\/10\/devedor-atencao-seu-patrimonio-esta-mais-visivel-do-que-nunca\/#respond\"]}]},{\"@type\":\"WebPage\",\"@id\":\"https:\/\/jornalfatosenoticias.com.br\/index.php\/2025\/04\/10\/devedor-atencao-seu-patrimonio-esta-mais-visivel-do-que-nunca\/\",\"url\":\"https:\/\/jornalfatosenoticias.com.br\/index.php\/2025\/04\/10\/devedor-atencao-seu-patrimonio-esta-mais-visivel-do-que-nunca\/\",\"name\":\"Devedor, aten\u00e7\u00e3o: seu patrim\u00f4nio est\u00e1 mais vis\u00edvel do que nunca - Jornal Fatos e Not\u00edcias\",\"isPartOf\":{\"@id\":\"https:\/\/jornalfatosenoticias.com.br\/#website\"},\"primaryImageOfPage\":{\"@id\":\"https:\/\/jornalfatosenoticias.com.br\/index.php\/2025\/04\/10\/devedor-atencao-seu-patrimonio-esta-mais-visivel-do-que-nunca\/#primaryimage\"},\"image\":{\"@id\":\"https:\/\/jornalfatosenoticias.com.br\/index.php\/2025\/04\/10\/devedor-atencao-seu-patrimonio-esta-mais-visivel-do-que-nunca\/#primaryimage\"},\"thumbnailUrl\":\"https:\/\/jornalfatosenoticias.com.br\/wp-content\/uploads\/2025\/04\/seu-patrimonio-esta-mais-visivel-do-que-nunca_Freepik.jpeg\",\"datePublished\":\"2025-04-10T14:56:11+00:00\",\"dateModified\":\"2025-04-10T14:56:12+00:00\",\"breadcrumb\":{\"@id\":\"https:\/\/jornalfatosenoticias.com.br\/index.php\/2025\/04\/10\/devedor-atencao-seu-patrimonio-esta-mais-visivel-do-que-nunca\/#breadcrumb\"},\"inLanguage\":\"pt-BR\",\"potentialAction\":[{\"@type\":\"ReadAction\",\"target\":[\"https:\/\/jornalfatosenoticias.com.br\/index.php\/2025\/04\/10\/devedor-atencao-seu-patrimonio-esta-mais-visivel-do-que-nunca\/\"]}]},{\"@type\":\"ImageObject\",\"inLanguage\":\"pt-BR\",\"@id\":\"https:\/\/jornalfatosenoticias.com.br\/index.php\/2025\/04\/10\/devedor-atencao-seu-patrimonio-esta-mais-visivel-do-que-nunca\/#primaryimage\",\"url\":\"https:\/\/jornalfatosenoticias.com.br\/wp-content\/uploads\/2025\/04\/seu-patrimonio-esta-mais-visivel-do-que-nunca_Freepik.jpeg\",\"contentUrl\":\"https:\/\/jornalfatosenoticias.com.br\/wp-content\/uploads\/2025\/04\/seu-patrimonio-esta-mais-visivel-do-que-nunca_Freepik.jpeg\",\"width\":826,\"height\":620},{\"@type\":\"BreadcrumbList\",\"@id\":\"https:\/\/jornalfatosenoticias.com.br\/index.php\/2025\/04\/10\/devedor-atencao-seu-patrimonio-esta-mais-visivel-do-que-nunca\/#breadcrumb\",\"itemListElement\":[{\"@type\":\"ListItem\",\"position\":1,\"name\":\"In\u00edcio\",\"item\":\"https:\/\/jornalfatosenoticias.com.br\/\"},{\"@type\":\"ListItem\",\"position\":2,\"name\":\"Devedor, aten\u00e7\u00e3o: seu patrim\u00f4nio est\u00e1 mais vis\u00edvel do que nunca\"}]},{\"@type\":\"WebSite\",\"@id\":\"https:\/\/jornalfatosenoticias.com.br\/#website\",\"url\":\"https:\/\/jornalfatosenoticias.com.br\/\",\"name\":\"Jornal Fatos e Not\u00edcias\",\"description\":\"Not\u00edcias em geral\",\"publisher\":{\"@id\":\"https:\/\/jornalfatosenoticias.com.br\/#organization\"},\"potentialAction\":[{\"@type\":\"SearchAction\",\"target\":{\"@type\":\"EntryPoint\",\"urlTemplate\":\"https:\/\/jornalfatosenoticias.com.br\/?s={search_term_string}\"},\"query-input\":{\"@type\":\"PropertyValueSpecification\",\"valueRequired\":true,\"valueName\":\"search_term_string\"}}],\"inLanguage\":\"pt-BR\"},{\"@type\":\"Organization\",\"@id\":\"https:\/\/jornalfatosenoticias.com.br\/#organization\",\"name\":\"Jornal Fatos e Not\u00edcias\",\"url\":\"https:\/\/jornalfatosenoticias.com.br\/\",\"logo\":{\"@type\":\"ImageObject\",\"inLanguage\":\"pt-BR\",\"@id\":\"https:\/\/jornalfatosenoticias.com.br\/#\/schema\/logo\/image\/\",\"url\":\"https:\/\/jornalfatosenoticias.com.br\/wp-content\/uploads\/2020\/02\/logo120.png\",\"contentUrl\":\"https:\/\/jornalfatosenoticias.com.br\/wp-content\/uploads\/2020\/02\/logo120.png\",\"width\":1227,\"height\":120,\"caption\":\"Jornal Fatos e Not\u00edcias\"},\"image\":{\"@id\":\"https:\/\/jornalfatosenoticias.com.br\/#\/schema\/logo\/image\/\"}},{\"@type\":\"Person\",\"@id\":\"https:\/\/jornalfatosenoticias.com.br\/#\/schema\/person\/d63837fa13ac8666eb9e74e0985d6f81\",\"name\":\"Luzimara Fernandes\",\"image\":{\"@type\":\"ImageObject\",\"inLanguage\":\"pt-BR\",\"@id\":\"https:\/\/jornalfatosenoticias.com.br\/#\/schema\/person\/image\/\",\"url\":\"https:\/\/jornalfatosenoticias.com.br\/wp-content\/uploads\/2025\/05\/EU_portal.jpg\",\"contentUrl\":\"https:\/\/jornalfatosenoticias.com.br\/wp-content\/uploads\/2025\/05\/EU_portal.jpg\",\"caption\":\"Luzimara Fernandes\"},\"description\":\"Jornalista MTB 2358-ES\",\"sameAs\":[\"https:\/\/jornalfatosenoticias.com.br\"],\"url\":\"https:\/\/jornalfatosenoticias.com.br\/index.php\/author\/luzimara\/\"}]}<\/script>\n<!-- \/ Yoast SEO plugin. -->","yoast_head_json":{"title":"Devedor, aten\u00e7\u00e3o: seu patrim\u00f4nio est\u00e1 mais vis\u00edvel do que nunca - Jornal Fatos e Not\u00edcias","robots":{"index":"index","follow":"follow","max-snippet":"max-snippet:-1","max-image-preview":"max-image-preview:large","max-video-preview":"max-video-preview:-1"},"canonical":"https:\/\/jornalfatosenoticias.com.br\/index.php\/2025\/04\/10\/devedor-atencao-seu-patrimonio-esta-mais-visivel-do-que-nunca\/","og_locale":"pt_BR","og_type":"article","og_title":"Devedor, aten\u00e7\u00e3o: seu patrim\u00f4nio est\u00e1 mais vis\u00edvel do que nunca - Jornal Fatos e Not\u00edcias","og_description":"Por\u00a0Rogerio Fernandes da Silva &amp; Kalyne Calais Dever tributos nunca foi algo recomend\u00e1vel. No entanto, com o avan\u00e7o das tecnologias \u00e0 disposi\u00e7\u00e3o do Poder Judici\u00e1rio, tornou-se ainda mais dif\u00edcil para os devedores desaparecerem diante de seus credores \u2014 o que vale tamb\u00e9m para seus bens e ativos. Conhe\u00e7a as principais ferramentas que atuam como &#8220;inimigas&#8221; [&hellip;]","og_url":"https:\/\/jornalfatosenoticias.com.br\/index.php\/2025\/04\/10\/devedor-atencao-seu-patrimonio-esta-mais-visivel-do-que-nunca\/","og_site_name":"Jornal Fatos e Not\u00edcias","article_published_time":"2025-04-10T14:56:11+00:00","article_modified_time":"2025-04-10T14:56:12+00:00","og_image":[{"width":826,"height":620,"url":"https:\/\/jornalfatosenoticias.com.br\/wp-content\/uploads\/2025\/04\/seu-patrimonio-esta-mais-visivel-do-que-nunca_Freepik.jpeg","type":"image\/jpeg"}],"author":"Luzimara Fernandes","twitter_card":"summary_large_image","twitter_misc":{"Escrito por":"Luzimara Fernandes","Est. tempo de leitura":"3 minutos"},"schema":{"@context":"https:\/\/schema.org","@graph":[{"@type":"Article","@id":"https:\/\/jornalfatosenoticias.com.br\/index.php\/2025\/04\/10\/devedor-atencao-seu-patrimonio-esta-mais-visivel-do-que-nunca\/#article","isPartOf":{"@id":"https:\/\/jornalfatosenoticias.com.br\/index.php\/2025\/04\/10\/devedor-atencao-seu-patrimonio-esta-mais-visivel-do-que-nunca\/"},"author":{"name":"Luzimara Fernandes","@id":"https:\/\/jornalfatosenoticias.com.br\/#\/schema\/person\/d63837fa13ac8666eb9e74e0985d6f81"},"headline":"Devedor, aten\u00e7\u00e3o: seu patrim\u00f4nio est\u00e1 mais vis\u00edvel do que nunca","datePublished":"2025-04-10T14:56:11+00:00","dateModified":"2025-04-10T14:56:12+00:00","mainEntityOfPage":{"@id":"https:\/\/jornalfatosenoticias.com.br\/index.php\/2025\/04\/10\/devedor-atencao-seu-patrimonio-esta-mais-visivel-do-que-nunca\/"},"wordCount":587,"commentCount":0,"publisher":{"@id":"https:\/\/jornalfatosenoticias.com.br\/#organization"},"image":{"@id":"https:\/\/jornalfatosenoticias.com.br\/index.php\/2025\/04\/10\/devedor-atencao-seu-patrimonio-esta-mais-visivel-do-que-nunca\/#primaryimage"},"thumbnailUrl":"https:\/\/jornalfatosenoticias.com.br\/wp-content\/uploads\/2025\/04\/seu-patrimonio-esta-mais-visivel-do-que-nunca_Freepik.jpeg","keywords":["CNJ","Infojud","PGFN","Poder Judici\u00e1rio","Receita Federal","Renajud","Sisbajud","Sniper"],"articleSection":["Economia"],"inLanguage":"pt-BR","potentialAction":[{"@type":"CommentAction","name":"Comment","target":["https:\/\/jornalfatosenoticias.com.br\/index.php\/2025\/04\/10\/devedor-atencao-seu-patrimonio-esta-mais-visivel-do-que-nunca\/#respond"]}]},{"@type":"WebPage","@id":"https:\/\/jornalfatosenoticias.com.br\/index.php\/2025\/04\/10\/devedor-atencao-seu-patrimonio-esta-mais-visivel-do-que-nunca\/","url":"https:\/\/jornalfatosenoticias.com.br\/index.php\/2025\/04\/10\/devedor-atencao-seu-patrimonio-esta-mais-visivel-do-que-nunca\/","name":"Devedor, aten\u00e7\u00e3o: seu patrim\u00f4nio est\u00e1 mais vis\u00edvel do que nunca - Jornal Fatos e Not\u00edcias","isPartOf":{"@id":"https:\/\/jornalfatosenoticias.com.br\/#website"},"primaryImageOfPage":{"@id":"https:\/\/jornalfatosenoticias.com.br\/index.php\/2025\/04\/10\/devedor-atencao-seu-patrimonio-esta-mais-visivel-do-que-nunca\/#primaryimage"},"image":{"@id":"https:\/\/jornalfatosenoticias.com.br\/index.php\/2025\/04\/10\/devedor-atencao-seu-patrimonio-esta-mais-visivel-do-que-nunca\/#primaryimage"},"thumbnailUrl":"https:\/\/jornalfatosenoticias.com.br\/wp-content\/uploads\/2025\/04\/seu-patrimonio-esta-mais-visivel-do-que-nunca_Freepik.jpeg","datePublished":"2025-04-10T14:56:11+00:00","dateModified":"2025-04-10T14:56:12+00:00","breadcrumb":{"@id":"https:\/\/jornalfatosenoticias.com.br\/index.php\/2025\/04\/10\/devedor-atencao-seu-patrimonio-esta-mais-visivel-do-que-nunca\/#breadcrumb"},"inLanguage":"pt-BR","potentialAction":[{"@type":"ReadAction","target":["https:\/\/jornalfatosenoticias.com.br\/index.php\/2025\/04\/10\/devedor-atencao-seu-patrimonio-esta-mais-visivel-do-que-nunca\/"]}]},{"@type":"ImageObject","inLanguage":"pt-BR","@id":"https:\/\/jornalfatosenoticias.com.br\/index.php\/2025\/04\/10\/devedor-atencao-seu-patrimonio-esta-mais-visivel-do-que-nunca\/#primaryimage","url":"https:\/\/jornalfatosenoticias.com.br\/wp-content\/uploads\/2025\/04\/seu-patrimonio-esta-mais-visivel-do-que-nunca_Freepik.jpeg","contentUrl":"https:\/\/jornalfatosenoticias.com.br\/wp-content\/uploads\/2025\/04\/seu-patrimonio-esta-mais-visivel-do-que-nunca_Freepik.jpeg","width":826,"height":620},{"@type":"BreadcrumbList","@id":"https:\/\/jornalfatosenoticias.com.br\/index.php\/2025\/04\/10\/devedor-atencao-seu-patrimonio-esta-mais-visivel-do-que-nunca\/#breadcrumb","itemListElement":[{"@type":"ListItem","position":1,"name":"In\u00edcio","item":"https:\/\/jornalfatosenoticias.com.br\/"},{"@type":"ListItem","position":2,"name":"Devedor, aten\u00e7\u00e3o: seu patrim\u00f4nio est\u00e1 mais vis\u00edvel do que nunca"}]},{"@type":"WebSite","@id":"https:\/\/jornalfatosenoticias.com.br\/#website","url":"https:\/\/jornalfatosenoticias.com.br\/","name":"Jornal Fatos e Not\u00edcias","description":"Not\u00edcias em geral","publisher":{"@id":"https:\/\/jornalfatosenoticias.com.br\/#organization"},"potentialAction":[{"@type":"SearchAction","target":{"@type":"EntryPoint","urlTemplate":"https:\/\/jornalfatosenoticias.com.br\/?s={search_term_string}"},"query-input":{"@type":"PropertyValueSpecification","valueRequired":true,"valueName":"search_term_string"}}],"inLanguage":"pt-BR"},{"@type":"Organization","@id":"https:\/\/jornalfatosenoticias.com.br\/#organization","name":"Jornal Fatos e Not\u00edcias","url":"https:\/\/jornalfatosenoticias.com.br\/","logo":{"@type":"ImageObject","inLanguage":"pt-BR","@id":"https:\/\/jornalfatosenoticias.com.br\/#\/schema\/logo\/image\/","url":"https:\/\/jornalfatosenoticias.com.br\/wp-content\/uploads\/2020\/02\/logo120.png","contentUrl":"https:\/\/jornalfatosenoticias.com.br\/wp-content\/uploads\/2020\/02\/logo120.png","width":1227,"height":120,"caption":"Jornal Fatos e Not\u00edcias"},"image":{"@id":"https:\/\/jornalfatosenoticias.com.br\/#\/schema\/logo\/image\/"}},{"@type":"Person","@id":"https:\/\/jornalfatosenoticias.com.br\/#\/schema\/person\/d63837fa13ac8666eb9e74e0985d6f81","name":"Luzimara Fernandes","image":{"@type":"ImageObject","inLanguage":"pt-BR","@id":"https:\/\/jornalfatosenoticias.com.br\/#\/schema\/person\/image\/","url":"https:\/\/jornalfatosenoticias.com.br\/wp-content\/uploads\/2025\/05\/EU_portal.jpg","contentUrl":"https:\/\/jornalfatosenoticias.com.br\/wp-content\/uploads\/2025\/05\/EU_portal.jpg","caption":"Luzimara Fernandes"},"description":"Jornalista MTB 2358-ES","sameAs":["https:\/\/jornalfatosenoticias.com.br"],"url":"https:\/\/jornalfatosenoticias.com.br\/index.php\/author\/luzimara\/"}]}},"cc_featured_image_caption":{"caption_text":"(Foto: Freepik) ","source_text":"","source_url":""},"jetpack_featured_media_url":"https:\/\/jornalfatosenoticias.com.br\/wp-content\/uploads\/2025\/04\/seu-patrimonio-esta-mais-visivel-do-que-nunca_Freepik.jpeg","_links":{"self":[{"href":"https:\/\/jornalfatosenoticias.com.br\/index.php\/wp-json\/wp\/v2\/posts\/58448","targetHints":{"allow":["GET"]}}],"collection":[{"href":"https:\/\/jornalfatosenoticias.com.br\/index.php\/wp-json\/wp\/v2\/posts"}],"about":[{"href":"https:\/\/jornalfatosenoticias.com.br\/index.php\/wp-json\/wp\/v2\/types\/post"}],"author":[{"embeddable":true,"href":"https:\/\/jornalfatosenoticias.com.br\/index.php\/wp-json\/wp\/v2\/users\/2"}],"replies":[{"embeddable":true,"href":"https:\/\/jornalfatosenoticias.com.br\/index.php\/wp-json\/wp\/v2\/comments?post=58448"}],"version-history":[{"count":0,"href":"https:\/\/jornalfatosenoticias.com.br\/index.php\/wp-json\/wp\/v2\/posts\/58448\/revisions"}],"wp:featuredmedia":[{"embeddable":true,"href":"https:\/\/jornalfatosenoticias.com.br\/index.php\/wp-json\/wp\/v2\/media\/58449"}],"wp:attachment":[{"href":"https:\/\/jornalfatosenoticias.com.br\/index.php\/wp-json\/wp\/v2\/media?parent=58448"}],"wp:term":[{"taxonomy":"category","embeddable":true,"href":"https:\/\/jornalfatosenoticias.com.br\/index.php\/wp-json\/wp\/v2\/categories?post=58448"},{"taxonomy":"post_tag","embeddable":true,"href":"https:\/\/jornalfatosenoticias.com.br\/index.php\/wp-json\/wp\/v2\/tags?post=58448"}],"curies":[{"name":"wp","href":"https:\/\/api.w.org\/{rel}","templated":true}]}}