{"id":58487,"date":"2025-04-11T13:47:00","date_gmt":"2025-04-11T16:47:00","guid":{"rendered":"https:\/\/jornalfatosenoticias.com.br\/?p=58487"},"modified":"2025-04-11T13:47:01","modified_gmt":"2025-04-11T16:47:01","slug":"urgencia-do-pl-da-anistia-avanca-com-apoio-ate-da-base-governo-reage","status":"publish","type":"post","link":"https:\/\/jornalfatosenoticias.com.br\/index.php\/2025\/04\/11\/urgencia-do-pl-da-anistia-avanca-com-apoio-ate-da-base-governo-reage\/","title":{"rendered":"Urg\u00eancia do PL da anistia avan\u00e7a com apoio at\u00e9 da base; governo reage"},"content":{"rendered":"\n<p><em><span class=\"has-inline-color has-black-color\">L\u00edder do PL, S\u00f3stenes Cavalcante, confirma que tem assinaturas suficientes para pautar anistia com urg\u00eancia na C\u00e2mara<\/span><\/em><\/p>\n\n\n\n<p><span class=\"has-inline-color has-black-color\">Por <strong><a href=\"https:\/\/www.gazetadopovo.com.br\/autor\/guilherme-grandi\/\">Guilherme Grandi<\/a><\/strong><\/span><\/p>\n\n\n\n<div class=\"wp-block-image\"><figure class=\"aligncenter size-large\"><a href=\"https:\/\/www.instagram.com\/rcradiadores\/\"><img loading=\"lazy\" decoding=\"async\" width=\"560\" height=\"60\" src=\"https:\/\/jornalfatosenoticias.com.br\/wp-content\/uploads\/2022\/10\/Propaganda-RC-Radiadores-Jornal_page-0001.jpg\" alt=\"\" class=\"wp-image-35270\" srcset=\"https:\/\/jornalfatosenoticias.com.br\/wp-content\/uploads\/2022\/10\/Propaganda-RC-Radiadores-Jornal_page-0001.jpg 560w, https:\/\/jornalfatosenoticias.com.br\/wp-content\/uploads\/2022\/10\/Propaganda-RC-Radiadores-Jornal_page-0001-300x32.jpg 300w\" sizes=\"auto, (max-width: 560px) 100vw, 560px\" \/><\/a><\/figure><\/div>\n\n\n\n<p>O l\u00edder do PL na C\u00e2mara dos Deputados, S\u00f3stenes Cavalcante (PL-RJ), afirmou, nesta sexta (11), que deputados da base governista assinaram o projeto de lei que pretende anistiar os envolvidos nos atos de 8 de janeiro de 2023, e que foram pressionados a retirarem as assinaturas.<br>O deputado confirmou que conseguiu reunir as 257 assinaturas necess\u00e1rias para que a proposta tramite em regime de urg\u00eancia na C\u00e2mara, o que dispensa a an\u00e1lise em comiss\u00f5es e leva a discuss\u00e3o diretamente para o plen\u00e1rio. No entanto, ainda cabe ao presidente da casa, Hugo Motta (Republicanos-PB), determinar quando \u2014 e se \u2014 o projeto ser\u00e1 pautado para an\u00e1lise dos deputados.<\/p>\n\n\n\n<div class=\"wp-block-image\"><figure class=\"aligncenter size-large is-resized\"><a href=\"https:\/\/www.facebook.com\/postobkr\/?locale=pt_BR\"><img loading=\"lazy\" decoding=\"async\" src=\"https:\/\/jornalfatosenoticias.com.br\/wp-content\/uploads\/2023\/08\/BKR-1024x1021.jpg\" alt=\"\" class=\"wp-image-44494\" width=\"265\" height=\"264\" srcset=\"https:\/\/jornalfatosenoticias.com.br\/wp-content\/uploads\/2023\/08\/BKR-1024x1021.jpg 1024w, https:\/\/jornalfatosenoticias.com.br\/wp-content\/uploads\/2023\/08\/BKR-300x300.jpg 300w, https:\/\/jornalfatosenoticias.com.br\/wp-content\/uploads\/2023\/08\/BKR-150x150.jpg 150w, https:\/\/jornalfatosenoticias.com.br\/wp-content\/uploads\/2023\/08\/BKR-768x766.jpg 768w, https:\/\/jornalfatosenoticias.com.br\/wp-content\/uploads\/2023\/08\/BKR.jpg 1080w\" sizes=\"auto, (max-width: 265px) 100vw, 265px\" \/><\/a><\/figure><\/div>\n\n\n\n<blockquote class=\"wp-block-quote is-layout-flow wp-block-quote-is-layout-flow\"><p><span class=\"has-inline-color has-luminous-vivid-orange-color\">Temos algumas assinaturas de deputados de esquerda que assinaram, mas que pediram para n\u00e3o terem os nomes expostos&#8221;, disse S\u00f3stenes durante uma entrevista coletiva mais cedo.<\/span><\/p><\/blockquote>\n\n\n\n<div class=\"wp-block-image\"><figure class=\"aligncenter size-large is-resized\"><a href=\"https:\/\/hotelmarquetti.com.br\/\"><img loading=\"lazy\" decoding=\"async\" src=\"https:\/\/jornalfatosenoticias.com.br\/wp-content\/uploads\/2020\/02\/LOGO-MQ-1024x680.jpg\" alt=\"\" class=\"wp-image-58299\" width=\"344\" height=\"228\" srcset=\"https:\/\/jornalfatosenoticias.com.br\/wp-content\/uploads\/2020\/02\/LOGO-MQ-1024x680.jpg 1024w, https:\/\/jornalfatosenoticias.com.br\/wp-content\/uploads\/2020\/02\/LOGO-MQ-300x199.jpg 300w, https:\/\/jornalfatosenoticias.com.br\/wp-content\/uploads\/2020\/02\/LOGO-MQ-768x510.jpg 768w, https:\/\/jornalfatosenoticias.com.br\/wp-content\/uploads\/2020\/02\/LOGO-MQ-1536x1020.jpg 1536w, https:\/\/jornalfatosenoticias.com.br\/wp-content\/uploads\/2020\/02\/LOGO-MQ-2048x1360.jpg 2048w\" sizes=\"auto, (max-width: 344px) 100vw, 344px\" \/><\/a><\/figure><\/div>\n\n\n\n<p>Segundo o deputado, a lista com os nomes chegou a ser vazada na noite de quinta (10) por uma instabilidade no sistema de inform\u00e1tica da C\u00e2mara dos Deputados, mas que foi corrigido pela manh\u00e3. Isso, diz, fez os nomes ficarem expostos e que quatro deputados governistas foram pressionados a retirarem as assinaturas. Destes, um assinou novamente a proposta nesta sexta (11), mas nenhum ter\u00e1 o nome divulgado at\u00e9 que, diz S\u00f3stenes, haja &#8220;uma margem folgada&#8221; e desde que com a autoriza\u00e7\u00e3o deles.<\/p>\n\n\n\n<div class=\"wp-block-image\"><figure class=\"aligncenter size-large is-resized\"><a href=\"https:\/\/www.instagram.com\/esteiochurrascaria\/\"><img loading=\"lazy\" decoding=\"async\" src=\"https:\/\/jornalfatosenoticias.com.br\/wp-content\/uploads\/2022\/02\/LOGO-ESTEIO-1024x730.png\" alt=\"\" class=\"wp-image-27942\" width=\"311\" height=\"221\" srcset=\"https:\/\/jornalfatosenoticias.com.br\/wp-content\/uploads\/2022\/02\/LOGO-ESTEIO-1024x730.png 1024w, https:\/\/jornalfatosenoticias.com.br\/wp-content\/uploads\/2022\/02\/LOGO-ESTEIO-300x214.png 300w, https:\/\/jornalfatosenoticias.com.br\/wp-content\/uploads\/2022\/02\/LOGO-ESTEIO-768x548.png 768w, https:\/\/jornalfatosenoticias.com.br\/wp-content\/uploads\/2022\/02\/LOGO-ESTEIO.png 1123w\" sizes=\"auto, (max-width: 311px) 100vw, 311px\" \/><\/a><\/figure><\/div>\n\n\n\n<blockquote class=\"wp-block-quote is-layout-flow wp-block-quote-is-layout-flow\"><p><span class=\"has-inline-color has-luminous-vivid-orange-color\">Tenho colegas deputados que est\u00e3o sofrendo press\u00e3o nas redes sociais para divulgarmos [os nomes]. Quando tivermos uma margem folgada, se tivermos autoriza\u00e7\u00e3o, vamos publicar esses nomes. A lista n\u00e3o ser\u00e1 divulgada antes disso, n\u00e3o caiam em fake news&#8221;, completou o deputado por conta de listas que foram publicadas por conta da instabilidade.<\/span><\/p><\/blockquote>\n\n\n\n<div class=\"wp-block-image\"><figure class=\"aligncenter size-large is-resized\"><a href=\"https:\/\/www.facebook.com\/vetor.vix\/\"><img loading=\"lazy\" decoding=\"async\" src=\"https:\/\/jornalfatosenoticias.com.br\/wp-content\/uploads\/2023\/09\/vetorvix1024_1.jpg\" alt=\"\" class=\"wp-image-44868\" width=\"554\" height=\"147\" srcset=\"https:\/\/jornalfatosenoticias.com.br\/wp-content\/uploads\/2023\/09\/vetorvix1024_1.jpg 1024w, https:\/\/jornalfatosenoticias.com.br\/wp-content\/uploads\/2023\/09\/vetorvix1024_1-300x80.jpg 300w, https:\/\/jornalfatosenoticias.com.br\/wp-content\/uploads\/2023\/09\/vetorvix1024_1-768x205.jpg 768w\" sizes=\"auto, (max-width: 554px) 100vw, 554px\" \/><\/a><\/figure><\/div>\n\n\n\n<p>Segundo a lista que chegou a ser publicada por alguns ve\u00edculos, a proposta teria a assinatura de 259 deputados, entre eles da oposi\u00e7\u00e3o \u2014 principalmente PL, Novo e PSDB \u2014 e da base, incluindo os divididos MDB, PSD, Uni\u00e3o Brasil e PP, que possuem minist\u00e9rios no governo de Luiz In\u00e1cio Lula da Silva (PT). S\u00f3stenes precisou ir \u201cao varejo\u201d para conseguir as assinaturas necess\u00e1rias ap\u00f3s Hugo Motta pedir aos l\u00edderes partid\u00e1rios para n\u00e3o assinar o requerimento de urg\u00eancia do projeto. Ele teve de buscar individualmente a ades\u00e3o dos deputados nos \u00faltimos dias.<\/p>\n\n\n\n<div class=\"wp-block-image\"><figure class=\"aligncenter size-large is-resized\"><a href=\"https:\/\/www.instagram.com\/serra4x4cambioautomatico\/\"><img loading=\"lazy\" decoding=\"async\" src=\"https:\/\/jornalfatosenoticias.com.br\/wp-content\/uploads\/2024\/08\/Serra-4x4-1-886x1024.jpg\" alt=\"\" class=\"wp-image-53632\" width=\"295\" height=\"341\" srcset=\"https:\/\/jornalfatosenoticias.com.br\/wp-content\/uploads\/2024\/08\/Serra-4x4-1-886x1024.jpg 886w, https:\/\/jornalfatosenoticias.com.br\/wp-content\/uploads\/2024\/08\/Serra-4x4-1-260x300.jpg 260w, https:\/\/jornalfatosenoticias.com.br\/wp-content\/uploads\/2024\/08\/Serra-4x4-1-768x888.jpg 768w, https:\/\/jornalfatosenoticias.com.br\/wp-content\/uploads\/2024\/08\/Serra-4x4-1.jpg 1181w\" sizes=\"auto, (max-width: 295px) 100vw, 295px\" \/><\/a><\/figure><\/div>\n\n\n\n<blockquote class=\"wp-block-quote is-layout-flow wp-block-quote-is-layout-flow\"><p><span class=\"has-inline-color has-luminous-vivid-orange-color\">Estou confiante que a anistia \u00e9 quest\u00e3o de dias, no m\u00e1ximo semanas, para que possamos virar essa pagina e levarmos para o Senado , para que possam com celeridade apreciar e aprovar&#8221;, disse S\u00f3stenes ao senador Carlos Portinho (PL-RJ), l\u00edder do partido no Senado.<\/span><\/p><\/blockquote>\n\n\n\n<div class=\"wp-block-image\"><figure class=\"aligncenter size-large is-resized\"><a href=\"https:\/\/www.legisjuris.com.br\/\"><img loading=\"lazy\" decoding=\"async\" src=\"https:\/\/jornalfatosenoticias.com.br\/wp-content\/uploads\/2024\/09\/Legis-Juris-Consultoria_logo.jpg\" alt=\"\" class=\"wp-image-53915\" width=\"535\" height=\"224\" srcset=\"https:\/\/jornalfatosenoticias.com.br\/wp-content\/uploads\/2024\/09\/Legis-Juris-Consultoria_logo.jpg 969w, https:\/\/jornalfatosenoticias.com.br\/wp-content\/uploads\/2024\/09\/Legis-Juris-Consultoria_logo-300x126.jpg 300w, https:\/\/jornalfatosenoticias.com.br\/wp-content\/uploads\/2024\/09\/Legis-Juris-Consultoria_logo-768x322.jpg 768w\" sizes=\"auto, (max-width: 535px) 100vw, 535px\" \/><\/a><\/figure><\/div>\n\n\n\n<p><strong><span class=\"has-inline-color has-black-color\">Vota\u00e7\u00e3o no fim do m\u00eas<br><\/span><\/strong>A expectativa, disse o parlamentar, \u00e9 de que o requerimento de urg\u00eancia da proposta seja discutido na reuni\u00e3o de l\u00edderes da C\u00e2mara no dia 24, com vota\u00e7\u00e3o na semana seguinte. Para S\u00f3stenes, este &#8220;\u00e9 um assunto que j\u00e1 est\u00e1 maduro&#8221; e que &#8220;com toda a sinceridade, eu tenho a convic\u00e7\u00e3o de que em chegando no Plen\u00e1rio este texto vai passar com mais de 300 votos&#8221;.<\/p>\n\n\n\n<div class=\"wp-block-image\"><figure class=\"aligncenter size-large is-resized\"><a href=\"https:\/\/www.facebook.com\/profile.php?id=100069289606145\"><img loading=\"lazy\" decoding=\"async\" src=\"https:\/\/jornalfatosenoticias.com.br\/wp-content\/uploads\/2024\/11\/Guaitolini-Contabilidade-1024x714.jpeg\" alt=\"\" class=\"wp-image-55808\" width=\"352\" height=\"245\" srcset=\"https:\/\/jornalfatosenoticias.com.br\/wp-content\/uploads\/2024\/11\/Guaitolini-Contabilidade-1024x714.jpeg 1024w, https:\/\/jornalfatosenoticias.com.br\/wp-content\/uploads\/2024\/11\/Guaitolini-Contabilidade-300x209.jpeg 300w, https:\/\/jornalfatosenoticias.com.br\/wp-content\/uploads\/2024\/11\/Guaitolini-Contabilidade-768x535.jpeg 768w, https:\/\/jornalfatosenoticias.com.br\/wp-content\/uploads\/2024\/11\/Guaitolini-Contabilidade.jpeg 1280w\" sizes=\"auto, (max-width: 352px) 100vw, 352px\" \/><\/a><\/figure><\/div>\n\n\n\n<p>O deputado ainda fez um longo agradecimento ao presidente do PSD, Gilberto Kassab, que teria sido o primeiro a ligar para ele para parabenizar por ter conseguido as assinaturas necess\u00e1rias para a tramita\u00e7\u00e3o com urg\u00eancia da proposta. E tamb\u00e9m ao presidente do MDB, Baleia Rossi, que &#8220;n\u00e3o se envolveu diretamente, mas n\u00e3o atrapalhou&#8221;. S\u00f3stenes afirmou, ainda, que os partidos que mais assinaram foram, nesta ordem, o PL, o Uni\u00e3o Brasil, PP, Republicanos, PSD, Podemos, PSDB, MDB e Novo, que foi o &#8220;primeiro aliado nessa causa&#8221;.<\/p>\n\n\n\n<div class=\"wp-block-image\"><figure class=\"aligncenter size-large\"><a href=\"https:\/\/www.cesconetto.com.br\/\"><img loading=\"lazy\" decoding=\"async\" width=\"300\" height=\"250\" src=\"https:\/\/jornalfatosenoticias.com.br\/wp-content\/uploads\/2022\/02\/Banner-2.png\" alt=\"\" class=\"wp-image-27877\"\/><\/a><\/figure><\/div>\n\n\n\n<p><strong><span class=\"has-inline-color has-black-color\">Sem press\u00e3o sobre Motta<br><\/span><\/strong>S\u00f3stenes Cavalcante afirmou que n\u00e3o h\u00e1 qualquer tipo de press\u00e3o sobre Motta, e que o presidente da C\u00e2mara \u201ctem compromisso com o PL desde sua elei\u00e7\u00e3o\u201d por conta do apoio do dirigente do partido, Valdemar Costa Neto, e do ex-presidente Jair Bolsonaro (PL).<\/p>\n\n\n\n<div class=\"wp-block-image\"><figure class=\"aligncenter size-large is-resized\"><a href=\"https:\/\/www.instagram.com\/restaurantepegoretti\/\"><img loading=\"lazy\" decoding=\"async\" src=\"https:\/\/jornalfatosenoticias.com.br\/wp-content\/uploads\/2023\/12\/pegoretti-logo-pdf-1024x389.jpg\" alt=\"\" class=\"wp-image-47536\" width=\"517\" height=\"196\" srcset=\"https:\/\/jornalfatosenoticias.com.br\/wp-content\/uploads\/2023\/12\/pegoretti-logo-pdf-1024x389.jpg 1024w, https:\/\/jornalfatosenoticias.com.br\/wp-content\/uploads\/2023\/12\/pegoretti-logo-pdf-300x114.jpg 300w, https:\/\/jornalfatosenoticias.com.br\/wp-content\/uploads\/2023\/12\/pegoretti-logo-pdf-768x291.jpg 768w, https:\/\/jornalfatosenoticias.com.br\/wp-content\/uploads\/2023\/12\/pegoretti-logo-pdf.jpg 1120w\" sizes=\"auto, (max-width: 517px) 100vw, 517px\" \/><\/a><\/figure><\/div>\n\n\n\n<p>\u201cFoi o primeiro aliado na elei\u00e7\u00e3o do presidente Hugo Motta. N\u00f3s nunca vamos expor o presidente Hugo Mota, ao contr\u00e1rio, ele \u00e9 nosso aliado. E sabemos das express\u00f5es externas \u00e0 C\u00e2mara, o que lamentamos\u201d, disse logo depois em entrevista \u00e0 CNN Brasil ressaltando que a proposta j\u00e1 tem 263 assinaturas \u2014 seis a mais do que o m\u00ednimo necess\u00e1rio.<\/p>\n\n\n\n<div class=\"wp-block-image\"><figure class=\"aligncenter size-large is-resized\"><a href=\"https:\/\/panper.com.br\/\"><img loading=\"lazy\" decoding=\"async\" src=\"https:\/\/jornalfatosenoticias.com.br\/wp-content\/uploads\/2023\/03\/logo-Panper_portal.jpg\" alt=\"\" class=\"wp-image-40208\" width=\"322\" height=\"223\" srcset=\"https:\/\/jornalfatosenoticias.com.br\/wp-content\/uploads\/2023\/03\/logo-Panper_portal.jpg 400w, https:\/\/jornalfatosenoticias.com.br\/wp-content\/uploads\/2023\/03\/logo-Panper_portal-300x208.jpg 300w\" sizes=\"auto, (max-width: 322px) 100vw, 322px\" \/><\/a><\/figure><\/div>\n\n\n\n<p>O deputado ainda lamentou que Motta esteja supostamente sofrendo \u201cagress\u00f5es de outros poderes para que esse poder n\u00e3o exer\u00e7a sua \u00fanica fun\u00e7\u00e3o, que \u00e9 a de legislar\u201d. S\u00f3stenes ainda mencionou que viajar\u00e1 a Bras\u00edlia no dia 21 para conversar pessoalmente com o presidente da C\u00e2mara para \u201cfinalmente organizar o cronograma dessa vota\u00e7\u00e3o, haja vista alcan\u00e7ada a maioria da C\u00e2mara\u201d. Ele ainda descartou a ideia de criar uma comiss\u00e3o especial no Congresso para discutir a proposta, como havia sido sugerida pelo deputado Arthur Lira (PP-AL).<\/p>\n\n\n\n<div class=\"wp-block-image\"><figure class=\"aligncenter size-large is-resized\"><a href=\"https:\/\/www.controlsystems.com.br\/\"><img loading=\"lazy\" decoding=\"async\" src=\"https:\/\/jornalfatosenoticias.com.br\/wp-content\/uploads\/2020\/02\/CONTROL-CS.jpg\" alt=\"\" class=\"wp-image-44991\" width=\"265\" height=\"317\" srcset=\"https:\/\/jornalfatosenoticias.com.br\/wp-content\/uploads\/2020\/02\/CONTROL-CS.jpg 834w, https:\/\/jornalfatosenoticias.com.br\/wp-content\/uploads\/2020\/02\/CONTROL-CS-250x300.jpg 250w, https:\/\/jornalfatosenoticias.com.br\/wp-content\/uploads\/2020\/02\/CONTROL-CS-768x921.jpg 768w\" sizes=\"auto, (max-width: 265px) 100vw, 265px\" \/><\/a><\/figure><\/div>\n\n\n\n<p><strong><span class=\"has-inline-color has-black-color\">Governo reage<br><\/span><\/strong>A not\u00edcias de que a proposta atingiu as assinaturas necess\u00e1rias n\u00e3o foi bem recebida pelo governo, em que a ministra Gleisi Hoffmann (PT-PR), das Rela\u00e7\u00f5es Institucionais, disse que tem a promessa de Motta de que \u201cque esse projeto n\u00e3o ir\u00e1 a voto\u201d.<\/p>\n\n\n\n<blockquote class=\"wp-block-quote is-layout-flow wp-block-quote-is-layout-flow\"><p><span class=\"has-inline-color has-luminous-vivid-orange-color\">At\u00e9 porque, se for, cria uma crise institucional como ele mesmo disse\u201d, pontuou atacando o ex-presidente Jair Bolsonaro (PL), de que \u201cao exigir \u2018anistia ampla, geral e irrestrita\u2019, o r\u00e9u Jair Bolsonaro deixou cair a m\u00e1scara. \u00c9 para deix\u00e1-lo impune, junto com os comandantes do golpe, que se prestam o projeto da anistia e seu substitutivo\u201d.<\/span><\/p><\/blockquote>\n\n\n\n<div class=\"wp-block-image\"><figure class=\"aligncenter size-large is-resized\"><a href=\"https:\/\/www.ithbrasil.com.br\/\"><img loading=\"lazy\" decoding=\"async\" src=\"https:\/\/jornalfatosenoticias.com.br\/wp-content\/uploads\/2023\/08\/ITH.jpeg\" alt=\"\" class=\"wp-image-44638\" width=\"307\" height=\"249\" srcset=\"https:\/\/jornalfatosenoticias.com.br\/wp-content\/uploads\/2023\/08\/ITH.jpeg 800w, https:\/\/jornalfatosenoticias.com.br\/wp-content\/uploads\/2023\/08\/ITH-300x244.jpeg 300w, https:\/\/jornalfatosenoticias.com.br\/wp-content\/uploads\/2023\/08\/ITH-768x624.jpeg 768w\" sizes=\"auto, (max-width: 307px) 100vw, 307px\" \/><\/a><\/figure><\/div>\n\n\n\n<p>O PSD e o Uni\u00e3o, principalmente, est\u00e3o em conversas com o governo para ampliar a presen\u00e7a na Esplanada dos Minist\u00e9rios e segurar o avan\u00e7o da anistia no Congresso. O Uni\u00e3o j\u00e1 conseguiu uma vit\u00f3ria ao emplacar o deputado Pedro Lucas Fernandes (Uni\u00e3o-MA) na pasta das Comunica\u00e7\u00f5es no lugar de Juscelino Filho (Uni\u00e3o-MA), que caiu ap\u00f3s ser denunciado pela Procuradoria-Geral da Rep\u00fablica (PGR) suspeito de desviar recursos de emendas parlamentares. J\u00e1 o PSD tenta conquistar o Minist\u00e9rio do Turismo para desalojar o atual ministro Celso Sabino (Uni\u00e3o-PA), em uma troca de cadeiras em outras pastas que culminaria com a sa\u00edda de Cida Gon\u00e7alves (PT-SP) da pasta das Mulheres.<\/p>\n\n\n\n<div class=\"wp-block-image\"><figure class=\"aligncenter size-large is-resized\"><a href=\"https:\/\/www.instagram.com\/gruposei\/\"><img loading=\"lazy\" decoding=\"async\" src=\"https:\/\/jornalfatosenoticias.com.br\/wp-content\/uploads\/2022\/07\/Logo-Grupo-SEI.jpg\" alt=\"\" class=\"wp-image-31973\" width=\"373\" height=\"196\" srcset=\"https:\/\/jornalfatosenoticias.com.br\/wp-content\/uploads\/2022\/07\/Logo-Grupo-SEI.jpg 713w, https:\/\/jornalfatosenoticias.com.br\/wp-content\/uploads\/2022\/07\/Logo-Grupo-SEI-300x158.jpg 300w\" sizes=\"auto, (max-width: 373px) 100vw, 373px\" \/><\/a><\/figure><\/div>\n\n\n\n<p><strong>Fonte: <a href=\"https:\/\/www.gazetadopovo.com.br\/republica\/oposicao-pressionar-motta-pautar-anistia-conseguir-assinaturas\/\">Gazeta do Povo<\/a><\/strong><\/p>\n","protected":false},"excerpt":{"rendered":"<p>L\u00edder do PL, S\u00f3stenes Cavalcante, confirma que tem assinaturas suficientes para pautar anistia com urg\u00eancia na C\u00e2mara Por Guilherme Grandi O l\u00edder do PL na C\u00e2mara dos Deputados, S\u00f3stenes Cavalcante (PL-RJ), afirmou, nesta sexta (11), que deputados da base governista assinaram o projeto de lei que pretende anistiar os envolvidos nos atos de 8 de [&hellip;]<\/p>\n","protected":false},"author":2,"featured_media":58488,"comment_status":"open","ping_status":"open","sticky":false,"template":"","format":"standard","meta":{"footnotes":""},"categories":[10],"tags":[18055,1242,982,1795,26150,26598],"class_list":["post-58487","post","type-post","status-publish","format-standard","has-post-thumbnail","hentry","category-politica","tag-8-de-janeiro","tag-anistia","tag-camara-dos-deputados","tag-jair-bolsonaro","tag-partido-liberal-pl","tag-sostenes-cavalcante"],"yoast_head":"<!-- This site is optimized with the Yoast SEO plugin v26.5 - https:\/\/yoast.com\/wordpress\/plugins\/seo\/ -->\n<title>Urg\u00eancia do PL da anistia avan\u00e7a com apoio at\u00e9 da base; governo reage - Jornal Fatos e Not\u00edcias<\/title>\n<meta name=\"robots\" content=\"index, follow, max-snippet:-1, max-image-preview:large, max-video-preview:-1\" \/>\n<link rel=\"canonical\" href=\"https:\/\/jornalfatosenoticias.com.br\/index.php\/2025\/04\/11\/urgencia-do-pl-da-anistia-avanca-com-apoio-ate-da-base-governo-reage\/\" \/>\n<meta property=\"og:locale\" content=\"pt_BR\" \/>\n<meta property=\"og:type\" content=\"article\" \/>\n<meta property=\"og:title\" content=\"Urg\u00eancia do PL da anistia avan\u00e7a com apoio at\u00e9 da base; governo reage - Jornal Fatos e Not\u00edcias\" \/>\n<meta property=\"og:description\" content=\"L\u00edder do PL, S\u00f3stenes Cavalcante, confirma que tem assinaturas suficientes para pautar anistia com urg\u00eancia na C\u00e2mara Por Guilherme Grandi O l\u00edder do PL na C\u00e2mara dos Deputados, S\u00f3stenes Cavalcante (PL-RJ), afirmou, nesta sexta (11), que deputados da base governista assinaram o projeto de lei que pretende anistiar os envolvidos nos atos de 8 de [&hellip;]\" \/>\n<meta property=\"og:url\" content=\"https:\/\/jornalfatosenoticias.com.br\/index.php\/2025\/04\/11\/urgencia-do-pl-da-anistia-avanca-com-apoio-ate-da-base-governo-reage\/\" \/>\n<meta property=\"og:site_name\" content=\"Jornal Fatos e Not\u00edcias\" \/>\n<meta property=\"article:published_time\" content=\"2025-04-11T16:47:00+00:00\" \/>\n<meta property=\"article:modified_time\" content=\"2025-04-11T16:47:01+00:00\" \/>\n<meta property=\"og:image\" content=\"https:\/\/jornalfatosenoticias.com.br\/wp-content\/uploads\/2025\/04\/sostenes-cavalcante-foto-bruno-spada-camara.jpg\" \/>\n\t<meta property=\"og:image:width\" content=\"1000\" \/>\n\t<meta property=\"og:image:height\" content=\"562\" \/>\n\t<meta property=\"og:image:type\" content=\"image\/jpeg\" \/>\n<meta name=\"author\" content=\"Luzimara Fernandes\" \/>\n<meta name=\"twitter:card\" content=\"summary_large_image\" \/>\n<meta name=\"twitter:label1\" content=\"Escrito por\" \/>\n\t<meta name=\"twitter:data1\" content=\"Luzimara Fernandes\" \/>\n\t<meta name=\"twitter:label2\" content=\"Est. tempo de leitura\" \/>\n\t<meta name=\"twitter:data2\" content=\"5 minutos\" \/>\n<script type=\"application\/ld+json\" class=\"yoast-schema-graph\">{\"@context\":\"https:\/\/schema.org\",\"@graph\":[{\"@type\":\"Article\",\"@id\":\"https:\/\/jornalfatosenoticias.com.br\/index.php\/2025\/04\/11\/urgencia-do-pl-da-anistia-avanca-com-apoio-ate-da-base-governo-reage\/#article\",\"isPartOf\":{\"@id\":\"https:\/\/jornalfatosenoticias.com.br\/index.php\/2025\/04\/11\/urgencia-do-pl-da-anistia-avanca-com-apoio-ate-da-base-governo-reage\/\"},\"author\":{\"name\":\"Luzimara Fernandes\",\"@id\":\"https:\/\/jornalfatosenoticias.com.br\/#\/schema\/person\/d63837fa13ac8666eb9e74e0985d6f81\"},\"headline\":\"Urg\u00eancia do PL da anistia avan\u00e7a com apoio at\u00e9 da base; governo reage\",\"datePublished\":\"2025-04-11T16:47:00+00:00\",\"dateModified\":\"2025-04-11T16:47:01+00:00\",\"mainEntityOfPage\":{\"@id\":\"https:\/\/jornalfatosenoticias.com.br\/index.php\/2025\/04\/11\/urgencia-do-pl-da-anistia-avanca-com-apoio-ate-da-base-governo-reage\/\"},\"wordCount\":1078,\"commentCount\":0,\"publisher\":{\"@id\":\"https:\/\/jornalfatosenoticias.com.br\/#organization\"},\"image\":{\"@id\":\"https:\/\/jornalfatosenoticias.com.br\/index.php\/2025\/04\/11\/urgencia-do-pl-da-anistia-avanca-com-apoio-ate-da-base-governo-reage\/#primaryimage\"},\"thumbnailUrl\":\"https:\/\/jornalfatosenoticias.com.br\/wp-content\/uploads\/2025\/04\/sostenes-cavalcante-foto-bruno-spada-camara.jpg\",\"keywords\":[\"8 de janeiro\",\"anistia\",\"C\u00e2mara dos Deputados\",\"Jair Bolsonaro\",\"Partido Liberal (PL)\",\"S\u00f3stenes Cavalcante\"],\"articleSection\":[\"Pol\u00edtica\"],\"inLanguage\":\"pt-BR\",\"potentialAction\":[{\"@type\":\"CommentAction\",\"name\":\"Comment\",\"target\":[\"https:\/\/jornalfatosenoticias.com.br\/index.php\/2025\/04\/11\/urgencia-do-pl-da-anistia-avanca-com-apoio-ate-da-base-governo-reage\/#respond\"]}]},{\"@type\":\"WebPage\",\"@id\":\"https:\/\/jornalfatosenoticias.com.br\/index.php\/2025\/04\/11\/urgencia-do-pl-da-anistia-avanca-com-apoio-ate-da-base-governo-reage\/\",\"url\":\"https:\/\/jornalfatosenoticias.com.br\/index.php\/2025\/04\/11\/urgencia-do-pl-da-anistia-avanca-com-apoio-ate-da-base-governo-reage\/\",\"name\":\"Urg\u00eancia do PL da anistia avan\u00e7a com apoio at\u00e9 da base; governo reage - Jornal Fatos e Not\u00edcias\",\"isPartOf\":{\"@id\":\"https:\/\/jornalfatosenoticias.com.br\/#website\"},\"primaryImageOfPage\":{\"@id\":\"https:\/\/jornalfatosenoticias.com.br\/index.php\/2025\/04\/11\/urgencia-do-pl-da-anistia-avanca-com-apoio-ate-da-base-governo-reage\/#primaryimage\"},\"image\":{\"@id\":\"https:\/\/jornalfatosenoticias.com.br\/index.php\/2025\/04\/11\/urgencia-do-pl-da-anistia-avanca-com-apoio-ate-da-base-governo-reage\/#primaryimage\"},\"thumbnailUrl\":\"https:\/\/jornalfatosenoticias.com.br\/wp-content\/uploads\/2025\/04\/sostenes-cavalcante-foto-bruno-spada-camara.jpg\",\"datePublished\":\"2025-04-11T16:47:00+00:00\",\"dateModified\":\"2025-04-11T16:47:01+00:00\",\"breadcrumb\":{\"@id\":\"https:\/\/jornalfatosenoticias.com.br\/index.php\/2025\/04\/11\/urgencia-do-pl-da-anistia-avanca-com-apoio-ate-da-base-governo-reage\/#breadcrumb\"},\"inLanguage\":\"pt-BR\",\"potentialAction\":[{\"@type\":\"ReadAction\",\"target\":[\"https:\/\/jornalfatosenoticias.com.br\/index.php\/2025\/04\/11\/urgencia-do-pl-da-anistia-avanca-com-apoio-ate-da-base-governo-reage\/\"]}]},{\"@type\":\"ImageObject\",\"inLanguage\":\"pt-BR\",\"@id\":\"https:\/\/jornalfatosenoticias.com.br\/index.php\/2025\/04\/11\/urgencia-do-pl-da-anistia-avanca-com-apoio-ate-da-base-governo-reage\/#primaryimage\",\"url\":\"https:\/\/jornalfatosenoticias.com.br\/wp-content\/uploads\/2025\/04\/sostenes-cavalcante-foto-bruno-spada-camara.jpg\",\"contentUrl\":\"https:\/\/jornalfatosenoticias.com.br\/wp-content\/uploads\/2025\/04\/sostenes-cavalcante-foto-bruno-spada-camara.jpg\",\"width\":1000,\"height\":562},{\"@type\":\"BreadcrumbList\",\"@id\":\"https:\/\/jornalfatosenoticias.com.br\/index.php\/2025\/04\/11\/urgencia-do-pl-da-anistia-avanca-com-apoio-ate-da-base-governo-reage\/#breadcrumb\",\"itemListElement\":[{\"@type\":\"ListItem\",\"position\":1,\"name\":\"In\u00edcio\",\"item\":\"https:\/\/jornalfatosenoticias.com.br\/\"},{\"@type\":\"ListItem\",\"position\":2,\"name\":\"Urg\u00eancia do PL da anistia avan\u00e7a com apoio at\u00e9 da base; governo reage\"}]},{\"@type\":\"WebSite\",\"@id\":\"https:\/\/jornalfatosenoticias.com.br\/#website\",\"url\":\"https:\/\/jornalfatosenoticias.com.br\/\",\"name\":\"Jornal Fatos e Not\u00edcias\",\"description\":\"Not\u00edcias em geral\",\"publisher\":{\"@id\":\"https:\/\/jornalfatosenoticias.com.br\/#organization\"},\"potentialAction\":[{\"@type\":\"SearchAction\",\"target\":{\"@type\":\"EntryPoint\",\"urlTemplate\":\"https:\/\/jornalfatosenoticias.com.br\/?s={search_term_string}\"},\"query-input\":{\"@type\":\"PropertyValueSpecification\",\"valueRequired\":true,\"valueName\":\"search_term_string\"}}],\"inLanguage\":\"pt-BR\"},{\"@type\":\"Organization\",\"@id\":\"https:\/\/jornalfatosenoticias.com.br\/#organization\",\"name\":\"Jornal Fatos e Not\u00edcias\",\"url\":\"https:\/\/jornalfatosenoticias.com.br\/\",\"logo\":{\"@type\":\"ImageObject\",\"inLanguage\":\"pt-BR\",\"@id\":\"https:\/\/jornalfatosenoticias.com.br\/#\/schema\/logo\/image\/\",\"url\":\"https:\/\/jornalfatosenoticias.com.br\/wp-content\/uploads\/2020\/02\/logo120.png\",\"contentUrl\":\"https:\/\/jornalfatosenoticias.com.br\/wp-content\/uploads\/2020\/02\/logo120.png\",\"width\":1227,\"height\":120,\"caption\":\"Jornal Fatos e Not\u00edcias\"},\"image\":{\"@id\":\"https:\/\/jornalfatosenoticias.com.br\/#\/schema\/logo\/image\/\"}},{\"@type\":\"Person\",\"@id\":\"https:\/\/jornalfatosenoticias.com.br\/#\/schema\/person\/d63837fa13ac8666eb9e74e0985d6f81\",\"name\":\"Luzimara Fernandes\",\"image\":{\"@type\":\"ImageObject\",\"inLanguage\":\"pt-BR\",\"@id\":\"https:\/\/jornalfatosenoticias.com.br\/#\/schema\/person\/image\/\",\"url\":\"https:\/\/jornalfatosenoticias.com.br\/wp-content\/uploads\/2025\/05\/EU_portal.jpg\",\"contentUrl\":\"https:\/\/jornalfatosenoticias.com.br\/wp-content\/uploads\/2025\/05\/EU_portal.jpg\",\"caption\":\"Luzimara Fernandes\"},\"description\":\"Jornalista MTB 2358-ES\",\"sameAs\":[\"https:\/\/jornalfatosenoticias.com.br\"],\"url\":\"https:\/\/jornalfatosenoticias.com.br\/index.php\/author\/luzimara\/\"}]}<\/script>\n<!-- \/ Yoast SEO plugin. -->","yoast_head_json":{"title":"Urg\u00eancia do PL da anistia avan\u00e7a com apoio at\u00e9 da base; governo reage - Jornal Fatos e Not\u00edcias","robots":{"index":"index","follow":"follow","max-snippet":"max-snippet:-1","max-image-preview":"max-image-preview:large","max-video-preview":"max-video-preview:-1"},"canonical":"https:\/\/jornalfatosenoticias.com.br\/index.php\/2025\/04\/11\/urgencia-do-pl-da-anistia-avanca-com-apoio-ate-da-base-governo-reage\/","og_locale":"pt_BR","og_type":"article","og_title":"Urg\u00eancia do PL da anistia avan\u00e7a com apoio at\u00e9 da base; governo reage - Jornal Fatos e Not\u00edcias","og_description":"L\u00edder do PL, S\u00f3stenes Cavalcante, confirma que tem assinaturas suficientes para pautar anistia com urg\u00eancia na C\u00e2mara Por Guilherme Grandi O l\u00edder do PL na C\u00e2mara dos Deputados, S\u00f3stenes Cavalcante (PL-RJ), afirmou, nesta sexta (11), que deputados da base governista assinaram o projeto de lei que pretende anistiar os envolvidos nos atos de 8 de [&hellip;]","og_url":"https:\/\/jornalfatosenoticias.com.br\/index.php\/2025\/04\/11\/urgencia-do-pl-da-anistia-avanca-com-apoio-ate-da-base-governo-reage\/","og_site_name":"Jornal Fatos e Not\u00edcias","article_published_time":"2025-04-11T16:47:00+00:00","article_modified_time":"2025-04-11T16:47:01+00:00","og_image":[{"width":1000,"height":562,"url":"https:\/\/jornalfatosenoticias.com.br\/wp-content\/uploads\/2025\/04\/sostenes-cavalcante-foto-bruno-spada-camara.jpg","type":"image\/jpeg"}],"author":"Luzimara Fernandes","twitter_card":"summary_large_image","twitter_misc":{"Escrito por":"Luzimara Fernandes","Est. tempo de leitura":"5 minutos"},"schema":{"@context":"https:\/\/schema.org","@graph":[{"@type":"Article","@id":"https:\/\/jornalfatosenoticias.com.br\/index.php\/2025\/04\/11\/urgencia-do-pl-da-anistia-avanca-com-apoio-ate-da-base-governo-reage\/#article","isPartOf":{"@id":"https:\/\/jornalfatosenoticias.com.br\/index.php\/2025\/04\/11\/urgencia-do-pl-da-anistia-avanca-com-apoio-ate-da-base-governo-reage\/"},"author":{"name":"Luzimara Fernandes","@id":"https:\/\/jornalfatosenoticias.com.br\/#\/schema\/person\/d63837fa13ac8666eb9e74e0985d6f81"},"headline":"Urg\u00eancia do PL da anistia avan\u00e7a com apoio at\u00e9 da base; governo reage","datePublished":"2025-04-11T16:47:00+00:00","dateModified":"2025-04-11T16:47:01+00:00","mainEntityOfPage":{"@id":"https:\/\/jornalfatosenoticias.com.br\/index.php\/2025\/04\/11\/urgencia-do-pl-da-anistia-avanca-com-apoio-ate-da-base-governo-reage\/"},"wordCount":1078,"commentCount":0,"publisher":{"@id":"https:\/\/jornalfatosenoticias.com.br\/#organization"},"image":{"@id":"https:\/\/jornalfatosenoticias.com.br\/index.php\/2025\/04\/11\/urgencia-do-pl-da-anistia-avanca-com-apoio-ate-da-base-governo-reage\/#primaryimage"},"thumbnailUrl":"https:\/\/jornalfatosenoticias.com.br\/wp-content\/uploads\/2025\/04\/sostenes-cavalcante-foto-bruno-spada-camara.jpg","keywords":["8 de janeiro","anistia","C\u00e2mara dos Deputados","Jair Bolsonaro","Partido Liberal (PL)","S\u00f3stenes Cavalcante"],"articleSection":["Pol\u00edtica"],"inLanguage":"pt-BR","potentialAction":[{"@type":"CommentAction","name":"Comment","target":["https:\/\/jornalfatosenoticias.com.br\/index.php\/2025\/04\/11\/urgencia-do-pl-da-anistia-avanca-com-apoio-ate-da-base-governo-reage\/#respond"]}]},{"@type":"WebPage","@id":"https:\/\/jornalfatosenoticias.com.br\/index.php\/2025\/04\/11\/urgencia-do-pl-da-anistia-avanca-com-apoio-ate-da-base-governo-reage\/","url":"https:\/\/jornalfatosenoticias.com.br\/index.php\/2025\/04\/11\/urgencia-do-pl-da-anistia-avanca-com-apoio-ate-da-base-governo-reage\/","name":"Urg\u00eancia do PL da anistia avan\u00e7a com apoio at\u00e9 da base; governo reage - Jornal Fatos e Not\u00edcias","isPartOf":{"@id":"https:\/\/jornalfatosenoticias.com.br\/#website"},"primaryImageOfPage":{"@id":"https:\/\/jornalfatosenoticias.com.br\/index.php\/2025\/04\/11\/urgencia-do-pl-da-anistia-avanca-com-apoio-ate-da-base-governo-reage\/#primaryimage"},"image":{"@id":"https:\/\/jornalfatosenoticias.com.br\/index.php\/2025\/04\/11\/urgencia-do-pl-da-anistia-avanca-com-apoio-ate-da-base-governo-reage\/#primaryimage"},"thumbnailUrl":"https:\/\/jornalfatosenoticias.com.br\/wp-content\/uploads\/2025\/04\/sostenes-cavalcante-foto-bruno-spada-camara.jpg","datePublished":"2025-04-11T16:47:00+00:00","dateModified":"2025-04-11T16:47:01+00:00","breadcrumb":{"@id":"https:\/\/jornalfatosenoticias.com.br\/index.php\/2025\/04\/11\/urgencia-do-pl-da-anistia-avanca-com-apoio-ate-da-base-governo-reage\/#breadcrumb"},"inLanguage":"pt-BR","potentialAction":[{"@type":"ReadAction","target":["https:\/\/jornalfatosenoticias.com.br\/index.php\/2025\/04\/11\/urgencia-do-pl-da-anistia-avanca-com-apoio-ate-da-base-governo-reage\/"]}]},{"@type":"ImageObject","inLanguage":"pt-BR","@id":"https:\/\/jornalfatosenoticias.com.br\/index.php\/2025\/04\/11\/urgencia-do-pl-da-anistia-avanca-com-apoio-ate-da-base-governo-reage\/#primaryimage","url":"https:\/\/jornalfatosenoticias.com.br\/wp-content\/uploads\/2025\/04\/sostenes-cavalcante-foto-bruno-spada-camara.jpg","contentUrl":"https:\/\/jornalfatosenoticias.com.br\/wp-content\/uploads\/2025\/04\/sostenes-cavalcante-foto-bruno-spada-camara.jpg","width":1000,"height":562},{"@type":"BreadcrumbList","@id":"https:\/\/jornalfatosenoticias.com.br\/index.php\/2025\/04\/11\/urgencia-do-pl-da-anistia-avanca-com-apoio-ate-da-base-governo-reage\/#breadcrumb","itemListElement":[{"@type":"ListItem","position":1,"name":"In\u00edcio","item":"https:\/\/jornalfatosenoticias.com.br\/"},{"@type":"ListItem","position":2,"name":"Urg\u00eancia do PL da anistia avan\u00e7a com apoio at\u00e9 da base; governo reage"}]},{"@type":"WebSite","@id":"https:\/\/jornalfatosenoticias.com.br\/#website","url":"https:\/\/jornalfatosenoticias.com.br\/","name":"Jornal Fatos e Not\u00edcias","description":"Not\u00edcias em geral","publisher":{"@id":"https:\/\/jornalfatosenoticias.com.br\/#organization"},"potentialAction":[{"@type":"SearchAction","target":{"@type":"EntryPoint","urlTemplate":"https:\/\/jornalfatosenoticias.com.br\/?s={search_term_string}"},"query-input":{"@type":"PropertyValueSpecification","valueRequired":true,"valueName":"search_term_string"}}],"inLanguage":"pt-BR"},{"@type":"Organization","@id":"https:\/\/jornalfatosenoticias.com.br\/#organization","name":"Jornal Fatos e Not\u00edcias","url":"https:\/\/jornalfatosenoticias.com.br\/","logo":{"@type":"ImageObject","inLanguage":"pt-BR","@id":"https:\/\/jornalfatosenoticias.com.br\/#\/schema\/logo\/image\/","url":"https:\/\/jornalfatosenoticias.com.br\/wp-content\/uploads\/2020\/02\/logo120.png","contentUrl":"https:\/\/jornalfatosenoticias.com.br\/wp-content\/uploads\/2020\/02\/logo120.png","width":1227,"height":120,"caption":"Jornal Fatos e Not\u00edcias"},"image":{"@id":"https:\/\/jornalfatosenoticias.com.br\/#\/schema\/logo\/image\/"}},{"@type":"Person","@id":"https:\/\/jornalfatosenoticias.com.br\/#\/schema\/person\/d63837fa13ac8666eb9e74e0985d6f81","name":"Luzimara Fernandes","image":{"@type":"ImageObject","inLanguage":"pt-BR","@id":"https:\/\/jornalfatosenoticias.com.br\/#\/schema\/person\/image\/","url":"https:\/\/jornalfatosenoticias.com.br\/wp-content\/uploads\/2025\/05\/EU_portal.jpg","contentUrl":"https:\/\/jornalfatosenoticias.com.br\/wp-content\/uploads\/2025\/05\/EU_portal.jpg","caption":"Luzimara Fernandes"},"description":"Jornalista MTB 2358-ES","sameAs":["https:\/\/jornalfatosenoticias.com.br"],"url":"https:\/\/jornalfatosenoticias.com.br\/index.php\/author\/luzimara\/"}]}},"cc_featured_image_caption":{"caption_text":"(Foto: Bruno Spada\/C\u00e2mara dos Deputados)","source_text":"","source_url":""},"jetpack_featured_media_url":"https:\/\/jornalfatosenoticias.com.br\/wp-content\/uploads\/2025\/04\/sostenes-cavalcante-foto-bruno-spada-camara.jpg","_links":{"self":[{"href":"https:\/\/jornalfatosenoticias.com.br\/index.php\/wp-json\/wp\/v2\/posts\/58487","targetHints":{"allow":["GET"]}}],"collection":[{"href":"https:\/\/jornalfatosenoticias.com.br\/index.php\/wp-json\/wp\/v2\/posts"}],"about":[{"href":"https:\/\/jornalfatosenoticias.com.br\/index.php\/wp-json\/wp\/v2\/types\/post"}],"author":[{"embeddable":true,"href":"https:\/\/jornalfatosenoticias.com.br\/index.php\/wp-json\/wp\/v2\/users\/2"}],"replies":[{"embeddable":true,"href":"https:\/\/jornalfatosenoticias.com.br\/index.php\/wp-json\/wp\/v2\/comments?post=58487"}],"version-history":[{"count":0,"href":"https:\/\/jornalfatosenoticias.com.br\/index.php\/wp-json\/wp\/v2\/posts\/58487\/revisions"}],"wp:featuredmedia":[{"embeddable":true,"href":"https:\/\/jornalfatosenoticias.com.br\/index.php\/wp-json\/wp\/v2\/media\/58488"}],"wp:attachment":[{"href":"https:\/\/jornalfatosenoticias.com.br\/index.php\/wp-json\/wp\/v2\/media?parent=58487"}],"wp:term":[{"taxonomy":"category","embeddable":true,"href":"https:\/\/jornalfatosenoticias.com.br\/index.php\/wp-json\/wp\/v2\/categories?post=58487"},{"taxonomy":"post_tag","embeddable":true,"href":"https:\/\/jornalfatosenoticias.com.br\/index.php\/wp-json\/wp\/v2\/tags?post=58487"}],"curies":[{"name":"wp","href":"https:\/\/api.w.org\/{rel}","templated":true}]}}