{"id":58490,"date":"2025-04-11T14:05:46","date_gmt":"2025-04-11T17:05:46","guid":{"rendered":"https:\/\/jornalfatosenoticias.com.br\/?p=58490"},"modified":"2025-04-11T14:05:47","modified_gmt":"2025-04-11T17:05:47","slug":"pcc-e-comando-vermelho-fecham-nova-parceria-em-contrato-e-abrem-empresas-para-lavar-r-6-bilhoes","status":"publish","type":"post","link":"https:\/\/jornalfatosenoticias.com.br\/index.php\/2025\/04\/11\/pcc-e-comando-vermelho-fecham-nova-parceria-em-contrato-e-abrem-empresas-para-lavar-r-6-bilhoes\/","title":{"rendered":"PCC e Comando Vermelho fecham nova parceria em contrato e abrem empresas para \u201clavar\u201d R$ 6 bilh\u00f5es"},"content":{"rendered":"\n<p><em><span class=\"has-inline-color has-black-color\">Parceria estrat\u00e9gica entre PCC e CV impacta no tr\u00e1fico e a lavagem de dinheiro bilion\u00e1ria do crime organizado no Brasil<\/span><\/em><\/p>\n\n\n\n<p><span class=\"has-inline-color has-black-color\">Por <strong><a href=\"https:\/\/www.gazetadopovo.com.br\/autor\/juliet-manfrin\/\">Juliet Manfrin<\/a><\/strong><\/span><\/p>\n\n\n\n<div class=\"wp-block-image\"><figure class=\"aligncenter size-large\"><a href=\"https:\/\/mizu.com.br\/\"><img loading=\"lazy\" decoding=\"async\" width=\"729\" height=\"90\" src=\"https:\/\/jornalfatosenoticias.com.br\/wp-content\/uploads\/2020\/02\/Logo_Mizu.png\" alt=\"\" class=\"wp-image-1441\" srcset=\"https:\/\/jornalfatosenoticias.com.br\/wp-content\/uploads\/2020\/02\/Logo_Mizu.png 729w, https:\/\/jornalfatosenoticias.com.br\/wp-content\/uploads\/2020\/02\/Logo_Mizu-300x37.png 300w\" sizes=\"auto, (max-width: 729px) 100vw, 729px\" \/><\/a><\/figure><\/div>\n\n\n\n<p>As suspeitas sobre uma nova parceria entre o Primeiro Comando da Capital (PCC) e o Comando Vermelho (CV) vinham sendo levantadas desde que um dos envolvidos no assassinato do delator do PCC, Vinicius Gritzbach, havia fugido de S\u00e3o Paulo para uma \u00e1rea dominada pelo CV no Rio de Janeiro no fim do n\u00e3o passado. A confirma\u00e7\u00e3o veio durante uma opera\u00e7\u00e3o das for\u00e7as de seguran\u00e7a fluminenses nesta semana. PCC e CV est\u00e3o juntos em uma parceria comercial estrat\u00e9gica para a lavagem de bilh\u00f5es de reais vindos do tr\u00e1fico e opera\u00e7\u00f5es ilegais.<br>A nova alian\u00e7a est\u00e1 registrada em documento assinado por l\u00edderes do PCC e do CV no dia 25 de fevereiro e que j\u00e1 chegou a faccionados em todos os cantos do pa\u00eds. O comunicado diz que as duas organiza\u00e7\u00f5es criminosas est\u00e3o \u201crefazendo uma nova alian\u00e7a pelo bem comum\u201d e destaca que \u201ctoda guerra tem in\u00edcio, meio e fim\u201d. Os detalhes do caso foram divulgados pela Pol\u00edcia Civil do Rio de Janeiro na quinta-feira (10).<\/p>\n\n\n\n<div class=\"wp-block-image\"><figure class=\"aligncenter size-large is-resized\"><a href=\"https:\/\/www.instagram.com\/esteiochurrascaria\/\"><img loading=\"lazy\" decoding=\"async\" src=\"https:\/\/jornalfatosenoticias.com.br\/wp-content\/uploads\/2022\/02\/LOGO-ESTEIO-1024x730.png\" alt=\"\" class=\"wp-image-27942\" width=\"365\" height=\"260\" srcset=\"https:\/\/jornalfatosenoticias.com.br\/wp-content\/uploads\/2022\/02\/LOGO-ESTEIO-1024x730.png 1024w, https:\/\/jornalfatosenoticias.com.br\/wp-content\/uploads\/2022\/02\/LOGO-ESTEIO-300x214.png 300w, https:\/\/jornalfatosenoticias.com.br\/wp-content\/uploads\/2022\/02\/LOGO-ESTEIO-768x548.png 768w, https:\/\/jornalfatosenoticias.com.br\/wp-content\/uploads\/2022\/02\/LOGO-ESTEIO.png 1123w\" sizes=\"auto, (max-width: 365px) 100vw, 365px\" \/><\/a><\/figure><\/div>\n\n\n\n<blockquote class=\"wp-block-quote is-layout-flow wp-block-quote-is-layout-flow\"><p><span class=\"has-inline-color has-luminous-vivid-orange-color\">Estrategicamente CV e PCC v\u00eam firmando parcerias estrat\u00e9gicas ao longo dos anos, das d\u00e9cadas. Em alguns per\u00edodos s\u00e3o completamente rivais e declaram guerra uns contra os outros, e em outros se unem em a\u00e7\u00f5es pontuais e por temas de consenso, mas sem um interferir nos neg\u00f3cios do outro\u201d, refor\u00e7a o delegado da Pol\u00edcia Federal Marco Smith, que investiga organiza\u00e7\u00f5es criminosas h\u00e1 pelo menos duas d\u00e9cadas.<\/span><\/p><\/blockquote>\n\n\n\n<div class=\"wp-block-image\"><figure class=\"aligncenter size-large is-resized\"><a href=\"https:\/\/www.legisjuris.com.br\/\"><img loading=\"lazy\" decoding=\"async\" src=\"https:\/\/jornalfatosenoticias.com.br\/wp-content\/uploads\/2024\/09\/Legis-Juris-Consultoria_logo.jpg\" alt=\"\" class=\"wp-image-53915\" width=\"532\" height=\"223\" srcset=\"https:\/\/jornalfatosenoticias.com.br\/wp-content\/uploads\/2024\/09\/Legis-Juris-Consultoria_logo.jpg 969w, https:\/\/jornalfatosenoticias.com.br\/wp-content\/uploads\/2024\/09\/Legis-Juris-Consultoria_logo-300x126.jpg 300w, https:\/\/jornalfatosenoticias.com.br\/wp-content\/uploads\/2024\/09\/Legis-Juris-Consultoria_logo-768x322.jpg 768w\" sizes=\"auto, (max-width: 532px) 100vw, 532px\" \/><\/a><\/figure><\/div>\n\n\n\n<p>Na opera\u00e7\u00e3o deflagrada nesta semana, a Pol\u00edcia Civil do Rio de Janeiro identificou que, em apenas um ano, as duas maiores organiza\u00e7\u00f5es criminosas brasileiras lavaram R$ 6 bilh\u00f5es do tr\u00e1fico de drogas e armas, de roubos e outras opera\u00e7\u00f5es ilegais. Para isso, usaram um modus operandi que est\u00e1 ficando cada vez mais comum entre criminosos: empresas de fachada \u2014 ao menos 22 est\u00e3o sob investiga\u00e7\u00e3o h\u00e1 sete meses \u2014 e, mais uma vez, o uso de um banco digital fundado pelo PCC h\u00e1 cinco anos. As investiga\u00e7\u00f5es tamb\u00e9m voltaram a apontar pessoas que recebiam aux\u00edlios do governo federal como operadores de empresas fantasmas com movimenta\u00e7\u00f5es milion\u00e1rias.<\/p>\n\n\n\n<div class=\"wp-block-image\"><figure class=\"aligncenter size-large is-resized\"><a href=\"https:\/\/www.instagram.com\/serra4x4cambioautomatico\/\"><img loading=\"lazy\" decoding=\"async\" src=\"https:\/\/jornalfatosenoticias.com.br\/wp-content\/uploads\/2024\/08\/Serra-4x4-1-886x1024.jpg\" alt=\"\" class=\"wp-image-53632\" width=\"282\" height=\"325\" srcset=\"https:\/\/jornalfatosenoticias.com.br\/wp-content\/uploads\/2024\/08\/Serra-4x4-1-886x1024.jpg 886w, https:\/\/jornalfatosenoticias.com.br\/wp-content\/uploads\/2024\/08\/Serra-4x4-1-260x300.jpg 260w, https:\/\/jornalfatosenoticias.com.br\/wp-content\/uploads\/2024\/08\/Serra-4x4-1-768x888.jpg 768w, https:\/\/jornalfatosenoticias.com.br\/wp-content\/uploads\/2024\/08\/Serra-4x4-1.jpg 1181w\" sizes=\"auto, (max-width: 282px) 100vw, 282px\" \/><\/a><\/figure><\/div>\n\n\n\n<p>A opera\u00e7\u00e3o deflagrada pela Pol\u00edcia Civil do Rio de Janeiro, com o apoio da Pol\u00edcia Civil de S\u00e3o Paulo, nesta quinta, foi a maior com ativos bloqueados do crime organizado na hist\u00f3ria da corpora\u00e7\u00e3o fluminense. O secret\u00e1rio de Pol\u00edcia Civil do estado, Felipe Curi, afirmou que a parceria \u00e9 estrat\u00e9gica e n\u00e3o envolve, em nenhuma circunst\u00e2ncia, a disputa por territ\u00f3rios ou nichos do mercado das drogas e armas. \u201cO PCC n\u00e3o pretende atuar nas comunidades do Rio de Janeiro. A alian\u00e7a \u00e9 puramente estrat\u00e9gica, voltada para a compra de armamentos e entorpecentes\u201d. Dados fiscais e banc\u00e1rios ser\u00e3o cruzados, a partir do material apreendido, em nova etapa da investiga\u00e7\u00e3o para saber quanto dos R$ 6 bilh\u00f5es bloqueados pela Justi\u00e7a pertence a cada organiza\u00e7\u00e3o criminosa.<\/p>\n\n\n\n<div class=\"wp-block-image\"><figure class=\"aligncenter size-large is-resized\"><a href=\"https:\/\/panper.com.br\/\"><img loading=\"lazy\" decoding=\"async\" src=\"https:\/\/jornalfatosenoticias.com.br\/wp-content\/uploads\/2023\/03\/logo-Panper_portal.jpg\" alt=\"\" class=\"wp-image-40208\" width=\"339\" height=\"235\" srcset=\"https:\/\/jornalfatosenoticias.com.br\/wp-content\/uploads\/2023\/03\/logo-Panper_portal.jpg 400w, https:\/\/jornalfatosenoticias.com.br\/wp-content\/uploads\/2023\/03\/logo-Panper_portal-300x208.jpg 300w\" sizes=\"auto, (max-width: 339px) 100vw, 339px\" \/><\/a><\/figure><\/div>\n\n\n\n<p><strong><span class=\"has-inline-color has-black-color\">Como funcionava o esquema de lavagem de dinheiro<br><\/span><\/strong>O esquema passou a chamar a aten\u00e7\u00e3o e chegou \u00e0s for\u00e7as de seguran\u00e7a no ano passado porque operadores financeiros identificaram dep\u00f3sitos semanais vultosos, muitos que se aproximavam dos R$ 750 mil direcionados sempre \u00e0s mesmas empresas. Acendeu o alerta dos operadores que recebiam os dep\u00f3sitos porque se tratavam de notas de baixo valor, variando de R$ 5 a R$ 20, e vinham de regi\u00f5es da Zona Oeste do Rio de Janeiro, em comunidades dominadas pelo CV. Valores assim e em grande volume s\u00e3o caracter\u00edsticos da venda de pequenas por\u00e7\u00f5es de drogas nas chamadas \u201cbiqueiras\u201d.<\/p>\n\n\n\n<div class=\"wp-block-image\"><figure class=\"aligncenter size-large is-resized\"><a href=\"https:\/\/www.facebook.com\/profile.php?id=100069289606145\"><img loading=\"lazy\" decoding=\"async\" src=\"https:\/\/jornalfatosenoticias.com.br\/wp-content\/uploads\/2024\/11\/Guaitolini-Contabilidade-1024x714.jpeg\" alt=\"\" class=\"wp-image-55808\" width=\"312\" height=\"217\" srcset=\"https:\/\/jornalfatosenoticias.com.br\/wp-content\/uploads\/2024\/11\/Guaitolini-Contabilidade-1024x714.jpeg 1024w, https:\/\/jornalfatosenoticias.com.br\/wp-content\/uploads\/2024\/11\/Guaitolini-Contabilidade-300x209.jpeg 300w, https:\/\/jornalfatosenoticias.com.br\/wp-content\/uploads\/2024\/11\/Guaitolini-Contabilidade-768x535.jpeg 768w, https:\/\/jornalfatosenoticias.com.br\/wp-content\/uploads\/2024\/11\/Guaitolini-Contabilidade.jpeg 1280w\" sizes=\"auto, (max-width: 312px) 100vw, 312px\" \/><\/a><\/figure><\/div>\n\n\n\n<p>Uma das 22 empresas usadas para operar o esquema e que recebia esses dep\u00f3sitos tinha sede fict\u00edcia em S\u00e3 Paulo, base operacional do PCC. Ela est\u00e1 entre as que mais se destacam nas investiga\u00e7\u00f5es. Deveria atuar na \u00e1rea de perfumaria e cosm\u00e9ticos, mas jamais funcionou no endere\u00e7o indicado e n\u00e3o h\u00e1 ind\u00edcios que um dia existiu de fato. A s\u00f3cia era uma mulher cadastrada para o recebimento de aux\u00edlio emergencial, ou seja, que se dizia em condi\u00e7\u00f5es de vulnerabilidade social. A Pol\u00edcia ainda busca evid\u00eancias se o CPF dela foi usado de forma fraudulenta para abertura da empresa ou se ela operou como uma laranja do esquema.<\/p>\n\n\n\n<div class=\"wp-block-image\"><figure class=\"aligncenter size-large is-resized\"><a href=\"https:\/\/www.facebook.com\/vetor.vix\/\"><img loading=\"lazy\" decoding=\"async\" src=\"https:\/\/jornalfatosenoticias.com.br\/wp-content\/uploads\/2023\/09\/vetorvix1024_1.jpg\" alt=\"\" class=\"wp-image-44868\" width=\"573\" height=\"152\" srcset=\"https:\/\/jornalfatosenoticias.com.br\/wp-content\/uploads\/2023\/09\/vetorvix1024_1.jpg 1024w, https:\/\/jornalfatosenoticias.com.br\/wp-content\/uploads\/2023\/09\/vetorvix1024_1-300x80.jpg 300w, https:\/\/jornalfatosenoticias.com.br\/wp-content\/uploads\/2023\/09\/vetorvix1024_1-768x205.jpg 768w\" sizes=\"auto, (max-width: 573px) 100vw, 573px\" \/><\/a><\/figure><\/div>\n\n\n\n<p>Os investigadores revelaram que somente essa empresa operou cerca de R$ 200 milh\u00f5es em tr\u00eas meses e os recursos eram pulverizados, repassados a outras empresas, tamb\u00e9m fantasmas, at\u00e9 chegarem ao banco digital, tamb\u00e9m conhecido como fintech. A fintech em quest\u00e3o n\u00e3o tem licen\u00e7a do Banco Central para operar e j\u00e1 apareceu em outras investiga\u00e7\u00f5es do Minist\u00e9rio P\u00fablico de S\u00e3o Paulo (MPSP) e da Pol\u00edcia Federal (PF).<\/p>\n\n\n\n<div class=\"wp-block-image\"><figure class=\"aligncenter size-large\"><a href=\"http:\/\/www.ferrarimaquinas.com.br\/\"><img loading=\"lazy\" decoding=\"async\" width=\"300\" height=\"250\" src=\"https:\/\/jornalfatosenoticias.com.br\/wp-content\/uploads\/2022\/02\/FERRARI_MAQUINAS-E-FERRAMENTAS2.jpg\" alt=\"\" class=\"wp-image-27860\"\/><\/a><\/figure><\/div>\n\n\n\n<blockquote class=\"wp-block-quote is-layout-flow wp-block-quote-is-layout-flow\"><p><span class=\"has-inline-color has-luminous-vivid-orange-color\">Identificamos, ao longo da investiga\u00e7\u00e3o, que cerca de R$ 200 milh\u00f5es foram depositados nessa empresa [a perfumaria]. Ela, no entanto, n\u00e3o existe de fato. Foi configurada como uma empresa de fachada ap\u00f3s mandados de busca e apreens\u00e3o. A suposta s\u00f3cia est\u00e1, inclusive, cadastrada em programas de aux\u00edlio emergencial por condi\u00e7\u00e3o de miserabilidade e movimentou cerca de R$ 200 milh\u00f5es em apenas tr\u00eas meses\u201d, afirmou o delegado Jefferson Ferreira, da Pol\u00edcia Civil do Rio de Janeiro.<\/span><\/p><\/blockquote>\n\n\n\n<div class=\"wp-block-image\"><figure class=\"aligncenter size-large is-resized\"><a href=\"https:\/\/hotelmarquetti.com.br\/\"><img loading=\"lazy\" decoding=\"async\" src=\"https:\/\/jornalfatosenoticias.com.br\/wp-content\/uploads\/2020\/02\/LOGO-MQ-1024x680.jpg\" alt=\"\" class=\"wp-image-58299\" width=\"360\" height=\"239\" srcset=\"https:\/\/jornalfatosenoticias.com.br\/wp-content\/uploads\/2020\/02\/LOGO-MQ-1024x680.jpg 1024w, https:\/\/jornalfatosenoticias.com.br\/wp-content\/uploads\/2020\/02\/LOGO-MQ-300x199.jpg 300w, https:\/\/jornalfatosenoticias.com.br\/wp-content\/uploads\/2020\/02\/LOGO-MQ-768x510.jpg 768w, https:\/\/jornalfatosenoticias.com.br\/wp-content\/uploads\/2020\/02\/LOGO-MQ-1536x1020.jpg 1536w, https:\/\/jornalfatosenoticias.com.br\/wp-content\/uploads\/2020\/02\/LOGO-MQ-2048x1360.jpg 2048w\" sizes=\"auto, (max-width: 360px) 100vw, 360px\" \/><\/a><\/figure><\/div>\n\n\n\n<p><strong><span class=\"has-inline-color has-black-color\">Recursos \u201clavados\u201d eram sacados em esp\u00e9cie, geravam lucro legal \u00e0s fac\u00e7\u00f5es e pagavam fornecedores de drogas e armas<br><\/span><\/strong>A Pol\u00edcia Civil do Rio de Janeiro tamb\u00e9m identificou durante as investiga\u00e7\u00f5es que os recursos circulavam do Brasil para pa\u00edses produtores de drogas na Am\u00e9rica do Sul, o que refor\u00e7a a tese do seu uso para pagamento aos fornecedores, principalmente maconha e coca\u00edna, bem como para abastecer o tr\u00e1fico de armas e muni\u00e7\u00f5es.<\/p>\n\n\n\n<div class=\"wp-block-image\"><figure class=\"aligncenter size-large is-resized\"><a href=\"https:\/\/www.instagram.com\/rcradiadores\/\"><img loading=\"lazy\" decoding=\"async\" src=\"https:\/\/jornalfatosenoticias.com.br\/wp-content\/uploads\/2022\/10\/RC_800x750_page-0001.jpg\" alt=\"\" class=\"wp-image-35338\" width=\"304\" height=\"285\" srcset=\"https:\/\/jornalfatosenoticias.com.br\/wp-content\/uploads\/2022\/10\/RC_800x750_page-0001.jpg 400w, https:\/\/jornalfatosenoticias.com.br\/wp-content\/uploads\/2022\/10\/RC_800x750_page-0001-300x281.jpg 300w\" sizes=\"auto, (max-width: 304px) 100vw, 304px\" \/><\/a><\/figure><\/div>\n\n\n\n<p>O que n\u00e3o seguia para essas opera\u00e7\u00f5es voltava como lucro \u00e0s organiza\u00e7\u00f5es criminosas, tanto para o PCC quanto para o CV a partir de opera\u00e7\u00f5es milion\u00e1rias com saques em dinheiro depois do chamado branqueamento de capitais. As investiga\u00e7\u00f5es mapearam que, para dar um ar de legalidade \u00e0 verba bilion\u00e1ria das organiza\u00e7\u00f5es criminosas, foram criadas empresas de fachada no setor de transportes, floriculturas e at\u00e9 na \u00e1rea de publicidade.<\/p>\n\n\n\n<div class=\"wp-block-image\"><figure class=\"aligncenter size-large is-resized\"><a href=\"https:\/\/www.instagram.com\/restaurantepegoretti\/\"><img loading=\"lazy\" decoding=\"async\" src=\"https:\/\/jornalfatosenoticias.com.br\/wp-content\/uploads\/2023\/12\/pegoretti-logo-pdf-1024x389.jpg\" alt=\"\" class=\"wp-image-47536\" width=\"538\" height=\"204\" srcset=\"https:\/\/jornalfatosenoticias.com.br\/wp-content\/uploads\/2023\/12\/pegoretti-logo-pdf-1024x389.jpg 1024w, https:\/\/jornalfatosenoticias.com.br\/wp-content\/uploads\/2023\/12\/pegoretti-logo-pdf-300x114.jpg 300w, https:\/\/jornalfatosenoticias.com.br\/wp-content\/uploads\/2023\/12\/pegoretti-logo-pdf-768x291.jpg 768w, https:\/\/jornalfatosenoticias.com.br\/wp-content\/uploads\/2023\/12\/pegoretti-logo-pdf.jpg 1120w\" sizes=\"auto, (max-width: 538px) 100vw, 538px\" \/><\/a><\/figure><\/div>\n\n\n\n<p>A Pol\u00edcia Civil do Rio de Janeiro afirmou nesta semana que o foco de opera\u00e7\u00f5es como essa \u00e9 asfixiar financeiramente o crime organizado, atingir sua base log\u00edstica e chegar ao dinheiro que \u00e9 usado para compra de armas e drogas. \u201cEsses recursos tamb\u00e9m financiam as disputas por expans\u00e3o territorial em comunidades da Zona Oeste do Rio&#8221;, alerta a corpora\u00e7\u00e3o.<\/p>\n\n\n\n<div class=\"wp-block-image\"><figure class=\"aligncenter size-large is-resized\"><a href=\"https:\/\/www.facebook.com\/postobkr\/?locale=pt_BR\"><img loading=\"lazy\" decoding=\"async\" src=\"https:\/\/jornalfatosenoticias.com.br\/wp-content\/uploads\/2023\/08\/BKR-1024x1021.jpg\" alt=\"\" class=\"wp-image-44494\" width=\"335\" height=\"334\" srcset=\"https:\/\/jornalfatosenoticias.com.br\/wp-content\/uploads\/2023\/08\/BKR-1024x1021.jpg 1024w, https:\/\/jornalfatosenoticias.com.br\/wp-content\/uploads\/2023\/08\/BKR-300x300.jpg 300w, https:\/\/jornalfatosenoticias.com.br\/wp-content\/uploads\/2023\/08\/BKR-150x150.jpg 150w, https:\/\/jornalfatosenoticias.com.br\/wp-content\/uploads\/2023\/08\/BKR-768x766.jpg 768w, https:\/\/jornalfatosenoticias.com.br\/wp-content\/uploads\/2023\/08\/BKR.jpg 1080w\" sizes=\"auto, (max-width: 335px) 100vw, 335px\" \/><\/a><\/figure><\/div>\n\n\n\n<p>O Rio de Janeiro enfrenta uma nova e intensa crise na seguran\u00e7a p\u00fablica com guerra entre fac\u00e7\u00f5es como o CV e o Terceiro Comando Puro (TCP). Al\u00e9m disso, o estado se v\u00ea em meio ao aumento crescente nos \u00edndices de criminalidade, como roubos, furtos e avan\u00e7o de arrast\u00f5es, principalmente na capital e regi\u00e3o metropolitana.<\/p>\n\n\n\n<div class=\"wp-block-image\"><figure class=\"aligncenter size-large is-resized\"><a href=\"https:\/\/www.ithbrasil.com.br\/\"><img loading=\"lazy\" decoding=\"async\" src=\"https:\/\/jornalfatosenoticias.com.br\/wp-content\/uploads\/2023\/08\/ITH.jpeg\" alt=\"\" class=\"wp-image-44638\" width=\"328\" height=\"267\" srcset=\"https:\/\/jornalfatosenoticias.com.br\/wp-content\/uploads\/2023\/08\/ITH.jpeg 800w, https:\/\/jornalfatosenoticias.com.br\/wp-content\/uploads\/2023\/08\/ITH-300x244.jpeg 300w, https:\/\/jornalfatosenoticias.com.br\/wp-content\/uploads\/2023\/08\/ITH-768x624.jpeg 768w\" sizes=\"auto, (max-width: 328px) 100vw, 328px\" \/><\/a><\/figure><\/div>\n\n\n\n<p>Nesta semana, o STF aprovou, parcialmente, o plano de a\u00e7\u00e3o elaborado pelo governo de Cl\u00e1udio Castro (PL) na a\u00e7\u00e3o ficou conhecida como &#8220;ADPF das Favelas&#8221;, mas determinou que as for\u00e7as de seguran\u00e7a do Rio elaborem uma a\u00e7\u00e3o complementar de retomada de territ\u00f3rios controlados por fac\u00e7\u00f5es e mil\u00edcias.<br>De acordo com relat\u00f3rio do Conselho Nacional de Justi\u00e7a (CNJ), elaborado a pedido do STF h\u00e1 um ano, 1.659 comunidades estavam sob influ\u00eancia de grupos criminosos no estado \u2014 um aumento de quase 17% em quatro anos, comparado \u00e0s 1.413 \u00e1reas identificadas em 2020. O levantamento indicou que o CV dominava 1.028 comunidades (aumento de 24% desde 2020); o TCP atuava em 294 localidades (crescimento de 23,5%); a fac\u00e7\u00e3o Amigos dos Amigos (ADA) controlava 55 \u00e1reas, mas perdeu 20% de territ\u00f3rio no per\u00edodo e as mil\u00edcias permaneciam em 282 comunidades, mantendo o mesmo n\u00famero de territ\u00f3rios desde 2020.<\/p>\n\n\n\n<div class=\"wp-block-image\"><figure class=\"aligncenter size-large is-resized\"><a href=\"https:\/\/www.instagram.com\/gruposei\/\"><img loading=\"lazy\" decoding=\"async\" src=\"https:\/\/jornalfatosenoticias.com.br\/wp-content\/uploads\/2022\/07\/Logo-Grupo-SEI.jpg\" alt=\"\" class=\"wp-image-31973\" width=\"354\" height=\"186\" srcset=\"https:\/\/jornalfatosenoticias.com.br\/wp-content\/uploads\/2022\/07\/Logo-Grupo-SEI.jpg 713w, https:\/\/jornalfatosenoticias.com.br\/wp-content\/uploads\/2022\/07\/Logo-Grupo-SEI-300x158.jpg 300w\" sizes=\"auto, (max-width: 354px) 100vw, 354px\" \/><\/a><\/figure><\/div>\n\n\n\n<p>O PCC n\u00e3o tem atua\u00e7\u00e3o sob o estado, mantendo sua base operacional em 25 unidades da federa\u00e7\u00e3o. As exce\u00e7\u00f5es s\u00e3o Rio de Janeiro e Rio Grande do Sul. O relat\u00f3rio tamb\u00e9m revelou que, em m\u00e9dia, 70 criminosos atuavam em cada localidade dominada no Rio de Janeiro no ano passado.<\/p>\n\n\n\n<p><strong>Fonte: <a href=\"https:\/\/www.gazetadopovo.com.br\/republica\/pcc-e-comando-vermelho-fecham-nova-parceria-em-contrato-e-abrem-empresas-para-lavar-r-6-bi\/\">Gazeta do Povo<\/a><\/strong><\/p>\n","protected":false},"excerpt":{"rendered":"<p>Parceria estrat\u00e9gica entre PCC e CV impacta no tr\u00e1fico e a lavagem de dinheiro bilion\u00e1ria do crime organizado no Brasil Por Juliet Manfrin As suspeitas sobre uma nova parceria entre o Primeiro Comando da Capital (PCC) e o Comando Vermelho (CV) vinham sendo levantadas desde que um dos envolvidos no assassinato do delator do PCC, [&hellip;]<\/p>\n","protected":false},"author":2,"featured_media":58491,"comment_status":"open","ping_status":"open","sticky":false,"template":"","format":"standard","meta":{"footnotes":""},"categories":[5],"tags":[208,4011,489,24030,18557,4100,2770,860,17895,13970,18253,16097,2146,289,305,4101,294,4088,2479],"class_list":["post-58490","post","type-post","status-publish","format-standard","has-post-thumbnail","hentry","category-geral","tag-america-do-sul","tag-armas","tag-banco-central","tag-claudio-castro","tag-crime-organizado","tag-criminalidade","tag-drogas","tag-governo-federal","tag-judiciario","tag-lavagem-de-dinheiro","tag-pcc","tag-policia-civil","tag-policia-federal","tag-rio-de-janeiro","tag-sao-paulo","tag-seguranca-publica","tag-stf","tag-trafico","tag-violencia"],"yoast_head":"<!-- This site is optimized with the Yoast SEO plugin v26.5 - https:\/\/yoast.com\/wordpress\/plugins\/seo\/ -->\n<title>PCC e Comando Vermelho fecham nova parceria em contrato e abrem empresas para \u201clavar\u201d R$ 6 bilh\u00f5es - Jornal Fatos e Not\u00edcias<\/title>\n<meta name=\"robots\" content=\"index, follow, max-snippet:-1, max-image-preview:large, max-video-preview:-1\" \/>\n<link rel=\"canonical\" href=\"https:\/\/jornalfatosenoticias.com.br\/index.php\/2025\/04\/11\/pcc-e-comando-vermelho-fecham-nova-parceria-em-contrato-e-abrem-empresas-para-lavar-r-6-bilhoes\/\" \/>\n<meta property=\"og:locale\" content=\"pt_BR\" \/>\n<meta property=\"og:type\" content=\"article\" \/>\n<meta property=\"og:title\" content=\"PCC e Comando Vermelho fecham nova parceria em contrato e abrem empresas para \u201clavar\u201d R$ 6 bilh\u00f5es - Jornal Fatos e Not\u00edcias\" \/>\n<meta property=\"og:description\" content=\"Parceria estrat\u00e9gica entre PCC e CV impacta no tr\u00e1fico e a lavagem de dinheiro bilion\u00e1ria do crime organizado no Brasil Por Juliet Manfrin As suspeitas sobre uma nova parceria entre o Primeiro Comando da Capital (PCC) e o Comando Vermelho (CV) vinham sendo levantadas desde que um dos envolvidos no assassinato do delator do PCC, [&hellip;]\" \/>\n<meta property=\"og:url\" content=\"https:\/\/jornalfatosenoticias.com.br\/index.php\/2025\/04\/11\/pcc-e-comando-vermelho-fecham-nova-parceria-em-contrato-e-abrem-empresas-para-lavar-r-6-bilhoes\/\" \/>\n<meta property=\"og:site_name\" content=\"Jornal Fatos e Not\u00edcias\" \/>\n<meta property=\"article:published_time\" content=\"2025-04-11T17:05:46+00:00\" \/>\n<meta property=\"article:modified_time\" content=\"2025-04-11T17:05:47+00:00\" \/>\n<meta property=\"og:image\" content=\"https:\/\/jornalfatosenoticias.com.br\/wp-content\/uploads\/2025\/04\/operacao-policia-civil-rio-de-janeiro-pcc-cv.jpg\" \/>\n\t<meta property=\"og:image:width\" content=\"1000\" \/>\n\t<meta property=\"og:image:height\" content=\"549\" \/>\n\t<meta property=\"og:image:type\" content=\"image\/jpeg\" \/>\n<meta name=\"author\" content=\"Luzimara Fernandes\" \/>\n<meta name=\"twitter:card\" content=\"summary_large_image\" \/>\n<meta name=\"twitter:label1\" content=\"Escrito por\" \/>\n\t<meta name=\"twitter:data1\" content=\"Luzimara Fernandes\" \/>\n\t<meta name=\"twitter:label2\" content=\"Est. tempo de leitura\" \/>\n\t<meta name=\"twitter:data2\" content=\"7 minutos\" \/>\n<script type=\"application\/ld+json\" class=\"yoast-schema-graph\">{\"@context\":\"https:\/\/schema.org\",\"@graph\":[{\"@type\":\"Article\",\"@id\":\"https:\/\/jornalfatosenoticias.com.br\/index.php\/2025\/04\/11\/pcc-e-comando-vermelho-fecham-nova-parceria-em-contrato-e-abrem-empresas-para-lavar-r-6-bilhoes\/#article\",\"isPartOf\":{\"@id\":\"https:\/\/jornalfatosenoticias.com.br\/index.php\/2025\/04\/11\/pcc-e-comando-vermelho-fecham-nova-parceria-em-contrato-e-abrem-empresas-para-lavar-r-6-bilhoes\/\"},\"author\":{\"name\":\"Luzimara Fernandes\",\"@id\":\"https:\/\/jornalfatosenoticias.com.br\/#\/schema\/person\/d63837fa13ac8666eb9e74e0985d6f81\"},\"headline\":\"PCC e Comando Vermelho fecham nova parceria em contrato e abrem empresas para \u201clavar\u201d R$ 6 bilh\u00f5es\",\"datePublished\":\"2025-04-11T17:05:46+00:00\",\"dateModified\":\"2025-04-11T17:05:47+00:00\",\"mainEntityOfPage\":{\"@id\":\"https:\/\/jornalfatosenoticias.com.br\/index.php\/2025\/04\/11\/pcc-e-comando-vermelho-fecham-nova-parceria-em-contrato-e-abrem-empresas-para-lavar-r-6-bilhoes\/\"},\"wordCount\":1432,\"commentCount\":0,\"publisher\":{\"@id\":\"https:\/\/jornalfatosenoticias.com.br\/#organization\"},\"image\":{\"@id\":\"https:\/\/jornalfatosenoticias.com.br\/index.php\/2025\/04\/11\/pcc-e-comando-vermelho-fecham-nova-parceria-em-contrato-e-abrem-empresas-para-lavar-r-6-bilhoes\/#primaryimage\"},\"thumbnailUrl\":\"https:\/\/jornalfatosenoticias.com.br\/wp-content\/uploads\/2025\/04\/operacao-policia-civil-rio-de-janeiro-pcc-cv.jpg\",\"keywords\":[\"Am\u00e9rica do Sul\",\"armas\",\"Banco Central\",\"Cl\u00e1udio Castro\",\"crime organizado\",\"criminalidade\",\"drogas\",\"governo federal\",\"Judici\u00e1rio\",\"lavagem de dinheiro\",\"PCC\",\"Pol\u00edcia Civil\",\"Pol\u00edcia Federal\",\"Rio de Janeiro\",\"S\u00e3o Paulo\",\"seguran\u00e7a p\u00fablica\",\"STF\",\"tr\u00e1fico\",\"viol\u00eancia\"],\"articleSection\":[\"Geral\"],\"inLanguage\":\"pt-BR\",\"potentialAction\":[{\"@type\":\"CommentAction\",\"name\":\"Comment\",\"target\":[\"https:\/\/jornalfatosenoticias.com.br\/index.php\/2025\/04\/11\/pcc-e-comando-vermelho-fecham-nova-parceria-em-contrato-e-abrem-empresas-para-lavar-r-6-bilhoes\/#respond\"]}]},{\"@type\":\"WebPage\",\"@id\":\"https:\/\/jornalfatosenoticias.com.br\/index.php\/2025\/04\/11\/pcc-e-comando-vermelho-fecham-nova-parceria-em-contrato-e-abrem-empresas-para-lavar-r-6-bilhoes\/\",\"url\":\"https:\/\/jornalfatosenoticias.com.br\/index.php\/2025\/04\/11\/pcc-e-comando-vermelho-fecham-nova-parceria-em-contrato-e-abrem-empresas-para-lavar-r-6-bilhoes\/\",\"name\":\"PCC e Comando Vermelho fecham nova parceria em contrato e abrem empresas para \u201clavar\u201d R$ 6 bilh\u00f5es - Jornal Fatos e Not\u00edcias\",\"isPartOf\":{\"@id\":\"https:\/\/jornalfatosenoticias.com.br\/#website\"},\"primaryImageOfPage\":{\"@id\":\"https:\/\/jornalfatosenoticias.com.br\/index.php\/2025\/04\/11\/pcc-e-comando-vermelho-fecham-nova-parceria-em-contrato-e-abrem-empresas-para-lavar-r-6-bilhoes\/#primaryimage\"},\"image\":{\"@id\":\"https:\/\/jornalfatosenoticias.com.br\/index.php\/2025\/04\/11\/pcc-e-comando-vermelho-fecham-nova-parceria-em-contrato-e-abrem-empresas-para-lavar-r-6-bilhoes\/#primaryimage\"},\"thumbnailUrl\":\"https:\/\/jornalfatosenoticias.com.br\/wp-content\/uploads\/2025\/04\/operacao-policia-civil-rio-de-janeiro-pcc-cv.jpg\",\"datePublished\":\"2025-04-11T17:05:46+00:00\",\"dateModified\":\"2025-04-11T17:05:47+00:00\",\"breadcrumb\":{\"@id\":\"https:\/\/jornalfatosenoticias.com.br\/index.php\/2025\/04\/11\/pcc-e-comando-vermelho-fecham-nova-parceria-em-contrato-e-abrem-empresas-para-lavar-r-6-bilhoes\/#breadcrumb\"},\"inLanguage\":\"pt-BR\",\"potentialAction\":[{\"@type\":\"ReadAction\",\"target\":[\"https:\/\/jornalfatosenoticias.com.br\/index.php\/2025\/04\/11\/pcc-e-comando-vermelho-fecham-nova-parceria-em-contrato-e-abrem-empresas-para-lavar-r-6-bilhoes\/\"]}]},{\"@type\":\"ImageObject\",\"inLanguage\":\"pt-BR\",\"@id\":\"https:\/\/jornalfatosenoticias.com.br\/index.php\/2025\/04\/11\/pcc-e-comando-vermelho-fecham-nova-parceria-em-contrato-e-abrem-empresas-para-lavar-r-6-bilhoes\/#primaryimage\",\"url\":\"https:\/\/jornalfatosenoticias.com.br\/wp-content\/uploads\/2025\/04\/operacao-policia-civil-rio-de-janeiro-pcc-cv.jpg\",\"contentUrl\":\"https:\/\/jornalfatosenoticias.com.br\/wp-content\/uploads\/2025\/04\/operacao-policia-civil-rio-de-janeiro-pcc-cv.jpg\",\"width\":1000,\"height\":549},{\"@type\":\"BreadcrumbList\",\"@id\":\"https:\/\/jornalfatosenoticias.com.br\/index.php\/2025\/04\/11\/pcc-e-comando-vermelho-fecham-nova-parceria-em-contrato-e-abrem-empresas-para-lavar-r-6-bilhoes\/#breadcrumb\",\"itemListElement\":[{\"@type\":\"ListItem\",\"position\":1,\"name\":\"In\u00edcio\",\"item\":\"https:\/\/jornalfatosenoticias.com.br\/\"},{\"@type\":\"ListItem\",\"position\":2,\"name\":\"PCC e Comando Vermelho fecham nova parceria em contrato e abrem empresas para \u201clavar\u201d R$ 6 bilh\u00f5es\"}]},{\"@type\":\"WebSite\",\"@id\":\"https:\/\/jornalfatosenoticias.com.br\/#website\",\"url\":\"https:\/\/jornalfatosenoticias.com.br\/\",\"name\":\"Jornal Fatos e Not\u00edcias\",\"description\":\"Not\u00edcias em geral\",\"publisher\":{\"@id\":\"https:\/\/jornalfatosenoticias.com.br\/#organization\"},\"potentialAction\":[{\"@type\":\"SearchAction\",\"target\":{\"@type\":\"EntryPoint\",\"urlTemplate\":\"https:\/\/jornalfatosenoticias.com.br\/?s={search_term_string}\"},\"query-input\":{\"@type\":\"PropertyValueSpecification\",\"valueRequired\":true,\"valueName\":\"search_term_string\"}}],\"inLanguage\":\"pt-BR\"},{\"@type\":\"Organization\",\"@id\":\"https:\/\/jornalfatosenoticias.com.br\/#organization\",\"name\":\"Jornal Fatos e Not\u00edcias\",\"url\":\"https:\/\/jornalfatosenoticias.com.br\/\",\"logo\":{\"@type\":\"ImageObject\",\"inLanguage\":\"pt-BR\",\"@id\":\"https:\/\/jornalfatosenoticias.com.br\/#\/schema\/logo\/image\/\",\"url\":\"https:\/\/jornalfatosenoticias.com.br\/wp-content\/uploads\/2020\/02\/logo120.png\",\"contentUrl\":\"https:\/\/jornalfatosenoticias.com.br\/wp-content\/uploads\/2020\/02\/logo120.png\",\"width\":1227,\"height\":120,\"caption\":\"Jornal Fatos e Not\u00edcias\"},\"image\":{\"@id\":\"https:\/\/jornalfatosenoticias.com.br\/#\/schema\/logo\/image\/\"}},{\"@type\":\"Person\",\"@id\":\"https:\/\/jornalfatosenoticias.com.br\/#\/schema\/person\/d63837fa13ac8666eb9e74e0985d6f81\",\"name\":\"Luzimara Fernandes\",\"image\":{\"@type\":\"ImageObject\",\"inLanguage\":\"pt-BR\",\"@id\":\"https:\/\/jornalfatosenoticias.com.br\/#\/schema\/person\/image\/\",\"url\":\"https:\/\/jornalfatosenoticias.com.br\/wp-content\/uploads\/2025\/05\/EU_portal.jpg\",\"contentUrl\":\"https:\/\/jornalfatosenoticias.com.br\/wp-content\/uploads\/2025\/05\/EU_portal.jpg\",\"caption\":\"Luzimara Fernandes\"},\"description\":\"Jornalista MTB 2358-ES\",\"sameAs\":[\"https:\/\/jornalfatosenoticias.com.br\"],\"url\":\"https:\/\/jornalfatosenoticias.com.br\/index.php\/author\/luzimara\/\"}]}<\/script>\n<!-- \/ Yoast SEO plugin. -->","yoast_head_json":{"title":"PCC e Comando Vermelho fecham nova parceria em contrato e abrem empresas para \u201clavar\u201d R$ 6 bilh\u00f5es - Jornal Fatos e Not\u00edcias","robots":{"index":"index","follow":"follow","max-snippet":"max-snippet:-1","max-image-preview":"max-image-preview:large","max-video-preview":"max-video-preview:-1"},"canonical":"https:\/\/jornalfatosenoticias.com.br\/index.php\/2025\/04\/11\/pcc-e-comando-vermelho-fecham-nova-parceria-em-contrato-e-abrem-empresas-para-lavar-r-6-bilhoes\/","og_locale":"pt_BR","og_type":"article","og_title":"PCC e Comando Vermelho fecham nova parceria em contrato e abrem empresas para \u201clavar\u201d R$ 6 bilh\u00f5es - Jornal Fatos e Not\u00edcias","og_description":"Parceria estrat\u00e9gica entre PCC e CV impacta no tr\u00e1fico e a lavagem de dinheiro bilion\u00e1ria do crime organizado no Brasil Por Juliet Manfrin As suspeitas sobre uma nova parceria entre o Primeiro Comando da Capital (PCC) e o Comando Vermelho (CV) vinham sendo levantadas desde que um dos envolvidos no assassinato do delator do PCC, [&hellip;]","og_url":"https:\/\/jornalfatosenoticias.com.br\/index.php\/2025\/04\/11\/pcc-e-comando-vermelho-fecham-nova-parceria-em-contrato-e-abrem-empresas-para-lavar-r-6-bilhoes\/","og_site_name":"Jornal Fatos e Not\u00edcias","article_published_time":"2025-04-11T17:05:46+00:00","article_modified_time":"2025-04-11T17:05:47+00:00","og_image":[{"width":1000,"height":549,"url":"https:\/\/jornalfatosenoticias.com.br\/wp-content\/uploads\/2025\/04\/operacao-policia-civil-rio-de-janeiro-pcc-cv.jpg","type":"image\/jpeg"}],"author":"Luzimara Fernandes","twitter_card":"summary_large_image","twitter_misc":{"Escrito por":"Luzimara Fernandes","Est. tempo de leitura":"7 minutos"},"schema":{"@context":"https:\/\/schema.org","@graph":[{"@type":"Article","@id":"https:\/\/jornalfatosenoticias.com.br\/index.php\/2025\/04\/11\/pcc-e-comando-vermelho-fecham-nova-parceria-em-contrato-e-abrem-empresas-para-lavar-r-6-bilhoes\/#article","isPartOf":{"@id":"https:\/\/jornalfatosenoticias.com.br\/index.php\/2025\/04\/11\/pcc-e-comando-vermelho-fecham-nova-parceria-em-contrato-e-abrem-empresas-para-lavar-r-6-bilhoes\/"},"author":{"name":"Luzimara Fernandes","@id":"https:\/\/jornalfatosenoticias.com.br\/#\/schema\/person\/d63837fa13ac8666eb9e74e0985d6f81"},"headline":"PCC e Comando Vermelho fecham nova parceria em contrato e abrem empresas para \u201clavar\u201d R$ 6 bilh\u00f5es","datePublished":"2025-04-11T17:05:46+00:00","dateModified":"2025-04-11T17:05:47+00:00","mainEntityOfPage":{"@id":"https:\/\/jornalfatosenoticias.com.br\/index.php\/2025\/04\/11\/pcc-e-comando-vermelho-fecham-nova-parceria-em-contrato-e-abrem-empresas-para-lavar-r-6-bilhoes\/"},"wordCount":1432,"commentCount":0,"publisher":{"@id":"https:\/\/jornalfatosenoticias.com.br\/#organization"},"image":{"@id":"https:\/\/jornalfatosenoticias.com.br\/index.php\/2025\/04\/11\/pcc-e-comando-vermelho-fecham-nova-parceria-em-contrato-e-abrem-empresas-para-lavar-r-6-bilhoes\/#primaryimage"},"thumbnailUrl":"https:\/\/jornalfatosenoticias.com.br\/wp-content\/uploads\/2025\/04\/operacao-policia-civil-rio-de-janeiro-pcc-cv.jpg","keywords":["Am\u00e9rica do Sul","armas","Banco Central","Cl\u00e1udio Castro","crime organizado","criminalidade","drogas","governo federal","Judici\u00e1rio","lavagem de dinheiro","PCC","Pol\u00edcia Civil","Pol\u00edcia Federal","Rio de Janeiro","S\u00e3o Paulo","seguran\u00e7a p\u00fablica","STF","tr\u00e1fico","viol\u00eancia"],"articleSection":["Geral"],"inLanguage":"pt-BR","potentialAction":[{"@type":"CommentAction","name":"Comment","target":["https:\/\/jornalfatosenoticias.com.br\/index.php\/2025\/04\/11\/pcc-e-comando-vermelho-fecham-nova-parceria-em-contrato-e-abrem-empresas-para-lavar-r-6-bilhoes\/#respond"]}]},{"@type":"WebPage","@id":"https:\/\/jornalfatosenoticias.com.br\/index.php\/2025\/04\/11\/pcc-e-comando-vermelho-fecham-nova-parceria-em-contrato-e-abrem-empresas-para-lavar-r-6-bilhoes\/","url":"https:\/\/jornalfatosenoticias.com.br\/index.php\/2025\/04\/11\/pcc-e-comando-vermelho-fecham-nova-parceria-em-contrato-e-abrem-empresas-para-lavar-r-6-bilhoes\/","name":"PCC e Comando Vermelho fecham nova parceria em contrato e abrem empresas para \u201clavar\u201d R$ 6 bilh\u00f5es - Jornal Fatos e Not\u00edcias","isPartOf":{"@id":"https:\/\/jornalfatosenoticias.com.br\/#website"},"primaryImageOfPage":{"@id":"https:\/\/jornalfatosenoticias.com.br\/index.php\/2025\/04\/11\/pcc-e-comando-vermelho-fecham-nova-parceria-em-contrato-e-abrem-empresas-para-lavar-r-6-bilhoes\/#primaryimage"},"image":{"@id":"https:\/\/jornalfatosenoticias.com.br\/index.php\/2025\/04\/11\/pcc-e-comando-vermelho-fecham-nova-parceria-em-contrato-e-abrem-empresas-para-lavar-r-6-bilhoes\/#primaryimage"},"thumbnailUrl":"https:\/\/jornalfatosenoticias.com.br\/wp-content\/uploads\/2025\/04\/operacao-policia-civil-rio-de-janeiro-pcc-cv.jpg","datePublished":"2025-04-11T17:05:46+00:00","dateModified":"2025-04-11T17:05:47+00:00","breadcrumb":{"@id":"https:\/\/jornalfatosenoticias.com.br\/index.php\/2025\/04\/11\/pcc-e-comando-vermelho-fecham-nova-parceria-em-contrato-e-abrem-empresas-para-lavar-r-6-bilhoes\/#breadcrumb"},"inLanguage":"pt-BR","potentialAction":[{"@type":"ReadAction","target":["https:\/\/jornalfatosenoticias.com.br\/index.php\/2025\/04\/11\/pcc-e-comando-vermelho-fecham-nova-parceria-em-contrato-e-abrem-empresas-para-lavar-r-6-bilhoes\/"]}]},{"@type":"ImageObject","inLanguage":"pt-BR","@id":"https:\/\/jornalfatosenoticias.com.br\/index.php\/2025\/04\/11\/pcc-e-comando-vermelho-fecham-nova-parceria-em-contrato-e-abrem-empresas-para-lavar-r-6-bilhoes\/#primaryimage","url":"https:\/\/jornalfatosenoticias.com.br\/wp-content\/uploads\/2025\/04\/operacao-policia-civil-rio-de-janeiro-pcc-cv.jpg","contentUrl":"https:\/\/jornalfatosenoticias.com.br\/wp-content\/uploads\/2025\/04\/operacao-policia-civil-rio-de-janeiro-pcc-cv.jpg","width":1000,"height":549},{"@type":"BreadcrumbList","@id":"https:\/\/jornalfatosenoticias.com.br\/index.php\/2025\/04\/11\/pcc-e-comando-vermelho-fecham-nova-parceria-em-contrato-e-abrem-empresas-para-lavar-r-6-bilhoes\/#breadcrumb","itemListElement":[{"@type":"ListItem","position":1,"name":"In\u00edcio","item":"https:\/\/jornalfatosenoticias.com.br\/"},{"@type":"ListItem","position":2,"name":"PCC e Comando Vermelho fecham nova parceria em contrato e abrem empresas para \u201clavar\u201d R$ 6 bilh\u00f5es"}]},{"@type":"WebSite","@id":"https:\/\/jornalfatosenoticias.com.br\/#website","url":"https:\/\/jornalfatosenoticias.com.br\/","name":"Jornal Fatos e Not\u00edcias","description":"Not\u00edcias em geral","publisher":{"@id":"https:\/\/jornalfatosenoticias.com.br\/#organization"},"potentialAction":[{"@type":"SearchAction","target":{"@type":"EntryPoint","urlTemplate":"https:\/\/jornalfatosenoticias.com.br\/?s={search_term_string}"},"query-input":{"@type":"PropertyValueSpecification","valueRequired":true,"valueName":"search_term_string"}}],"inLanguage":"pt-BR"},{"@type":"Organization","@id":"https:\/\/jornalfatosenoticias.com.br\/#organization","name":"Jornal Fatos e Not\u00edcias","url":"https:\/\/jornalfatosenoticias.com.br\/","logo":{"@type":"ImageObject","inLanguage":"pt-BR","@id":"https:\/\/jornalfatosenoticias.com.br\/#\/schema\/logo\/image\/","url":"https:\/\/jornalfatosenoticias.com.br\/wp-content\/uploads\/2020\/02\/logo120.png","contentUrl":"https:\/\/jornalfatosenoticias.com.br\/wp-content\/uploads\/2020\/02\/logo120.png","width":1227,"height":120,"caption":"Jornal Fatos e Not\u00edcias"},"image":{"@id":"https:\/\/jornalfatosenoticias.com.br\/#\/schema\/logo\/image\/"}},{"@type":"Person","@id":"https:\/\/jornalfatosenoticias.com.br\/#\/schema\/person\/d63837fa13ac8666eb9e74e0985d6f81","name":"Luzimara Fernandes","image":{"@type":"ImageObject","inLanguage":"pt-BR","@id":"https:\/\/jornalfatosenoticias.com.br\/#\/schema\/person\/image\/","url":"https:\/\/jornalfatosenoticias.com.br\/wp-content\/uploads\/2025\/05\/EU_portal.jpg","contentUrl":"https:\/\/jornalfatosenoticias.com.br\/wp-content\/uploads\/2025\/05\/EU_portal.jpg","caption":"Luzimara Fernandes"},"description":"Jornalista MTB 2358-ES","sameAs":["https:\/\/jornalfatosenoticias.com.br"],"url":"https:\/\/jornalfatosenoticias.com.br\/index.php\/author\/luzimara\/"}]}},"cc_featured_image_caption":{"caption_text":"(Foto: Pol\u00edcia Civil do Rio de Janeiro\/Divulga\u00e7\u00e3o)","source_text":"","source_url":""},"jetpack_featured_media_url":"https:\/\/jornalfatosenoticias.com.br\/wp-content\/uploads\/2025\/04\/operacao-policia-civil-rio-de-janeiro-pcc-cv.jpg","_links":{"self":[{"href":"https:\/\/jornalfatosenoticias.com.br\/index.php\/wp-json\/wp\/v2\/posts\/58490","targetHints":{"allow":["GET"]}}],"collection":[{"href":"https:\/\/jornalfatosenoticias.com.br\/index.php\/wp-json\/wp\/v2\/posts"}],"about":[{"href":"https:\/\/jornalfatosenoticias.com.br\/index.php\/wp-json\/wp\/v2\/types\/post"}],"author":[{"embeddable":true,"href":"https:\/\/jornalfatosenoticias.com.br\/index.php\/wp-json\/wp\/v2\/users\/2"}],"replies":[{"embeddable":true,"href":"https:\/\/jornalfatosenoticias.com.br\/index.php\/wp-json\/wp\/v2\/comments?post=58490"}],"version-history":[{"count":0,"href":"https:\/\/jornalfatosenoticias.com.br\/index.php\/wp-json\/wp\/v2\/posts\/58490\/revisions"}],"wp:featuredmedia":[{"embeddable":true,"href":"https:\/\/jornalfatosenoticias.com.br\/index.php\/wp-json\/wp\/v2\/media\/58491"}],"wp:attachment":[{"href":"https:\/\/jornalfatosenoticias.com.br\/index.php\/wp-json\/wp\/v2\/media?parent=58490"}],"wp:term":[{"taxonomy":"category","embeddable":true,"href":"https:\/\/jornalfatosenoticias.com.br\/index.php\/wp-json\/wp\/v2\/categories?post=58490"},{"taxonomy":"post_tag","embeddable":true,"href":"https:\/\/jornalfatosenoticias.com.br\/index.php\/wp-json\/wp\/v2\/tags?post=58490"}],"curies":[{"name":"wp","href":"https:\/\/api.w.org\/{rel}","templated":true}]}}