{"id":58496,"date":"2025-04-11T14:28:30","date_gmt":"2025-04-11T17:28:30","guid":{"rendered":"https:\/\/jornalfatosenoticias.com.br\/?p=58496"},"modified":"2025-04-11T14:28:32","modified_gmt":"2025-04-11T17:28:32","slug":"precos-dos-alimentos-disparam-e-pesam-na-inflacao-de-marco","status":"publish","type":"post","link":"https:\/\/jornalfatosenoticias.com.br\/index.php\/2025\/04\/11\/precos-dos-alimentos-disparam-e-pesam-na-inflacao-de-marco\/","title":{"rendered":"Pre\u00e7os dos alimentos disparam e pesam na infla\u00e7\u00e3o de mar\u00e7o"},"content":{"rendered":"\n<p><span class=\"has-inline-color has-black-color\"><em>Infla\u00e7\u00e3o de mar\u00e7o ficou em 0,56% puxada principalmente pelos alimentos e bebidas, que subiram 1,17% no m\u00eas<\/em><\/span><\/p>\n\n\n\n<p><span class=\"has-inline-color has-black-color\">Por <strong><a href=\"https:\/\/www.gazetadopovo.com.br\/autor\/guilherme-grandi\/\" rel=\"nofollow\">Guilherme Grandi<\/a><\/strong><\/span><\/p>\n\n\n\n<div class=\"wp-block-image\"><figure class=\"aligncenter size-large is-resized\"><a href=\"https:\/\/www.legisjuris.com.br\/\"><img loading=\"lazy\" decoding=\"async\" src=\"https:\/\/jornalfatosenoticias.com.br\/wp-content\/uploads\/2024\/09\/Legis-Juris-Consultoria_logo.jpg\" alt=\"\" class=\"wp-image-53915\" width=\"516\" height=\"216\" srcset=\"https:\/\/jornalfatosenoticias.com.br\/wp-content\/uploads\/2024\/09\/Legis-Juris-Consultoria_logo.jpg 969w, https:\/\/jornalfatosenoticias.com.br\/wp-content\/uploads\/2024\/09\/Legis-Juris-Consultoria_logo-300x126.jpg 300w, https:\/\/jornalfatosenoticias.com.br\/wp-content\/uploads\/2024\/09\/Legis-Juris-Consultoria_logo-768x322.jpg 768w\" sizes=\"auto, (max-width: 516px) 100vw, 516px\" \/><\/a><\/figure><\/div>\n\n\n\n<p>A infla\u00e7\u00e3o do m\u00eas de mar\u00e7o foi calculada em 0,56% de acordo com dados do IBGE divulgados nesta sexta (11). Os alimentos foram os maiores vil\u00f5es do \u00cdndice de Pre\u00e7os ao Consumidor Amplo (IPCA), com uma alta de 1,17% no per\u00edodo. Segundo o IBGE, o pre\u00e7o dos alimentos e bebidas quase dobrou na compara\u00e7\u00e3o com fevereiro (0,7%) influenciado pelas altas do tomate (22,55%), do ovo de galinha (13,13%) e do caf\u00e9 mo\u00eddo (8,14%). Ao todo, a alimenta\u00e7\u00e3o em casa teve uma alta de 1,31%. J\u00e1 a alimenta\u00e7\u00e3o fora de casa subiu 0,77% puxada principalmente pelo pre\u00e7o do cafezinho, com uma alta de 3,48%.<\/p>\n\n\n\n<blockquote class=\"wp-block-quote is-layout-flow wp-block-quote-is-layout-flow\"><p><span class=\"has-inline-color has-luminous-vivid-orange-color\">Para o tomate, com o calor dos meses de ver\u00e3o, houve uma acelera\u00e7\u00e3o na matura\u00e7\u00e3o, levando a antecipa\u00e7\u00e3o da colheita em algumas pra\u00e7as. Sem essas \u00e1reas de colheita em mar\u00e7o, houve uma redu\u00e7\u00e3o na oferta, trazendo press\u00e3o de alta sobre os pre\u00e7os. Para os ovos, houve aumento por conta do custo do milho, base da ra\u00e7\u00e3o das aves, al\u00e9m de estarmos no per\u00edodo de quaresma, com maior demanda por essa prote\u00edna\u201d, disse Fernando Gon\u00e7alves, gerente da pesquisa.<\/span><\/p><\/blockquote>\n\n\n\n<div class=\"wp-block-image\"><figure class=\"aligncenter size-large is-resized\"><a href=\"https:\/\/www.facebook.com\/profile.php?id=100069289606145\"><img loading=\"lazy\" decoding=\"async\" src=\"https:\/\/jornalfatosenoticias.com.br\/wp-content\/uploads\/2024\/11\/Guaitolini-Contabilidade-1024x714.jpeg\" alt=\"\" class=\"wp-image-55808\" width=\"306\" height=\"213\" srcset=\"https:\/\/jornalfatosenoticias.com.br\/wp-content\/uploads\/2024\/11\/Guaitolini-Contabilidade-1024x714.jpeg 1024w, https:\/\/jornalfatosenoticias.com.br\/wp-content\/uploads\/2024\/11\/Guaitolini-Contabilidade-300x209.jpeg 300w, https:\/\/jornalfatosenoticias.com.br\/wp-content\/uploads\/2024\/11\/Guaitolini-Contabilidade-768x535.jpeg 768w, https:\/\/jornalfatosenoticias.com.br\/wp-content\/uploads\/2024\/11\/Guaitolini-Contabilidade.jpeg 1280w\" sizes=\"auto, (max-width: 306px) 100vw, 306px\" \/><\/a><\/figure><\/div>\n\n\n\n<p>Apesar da alta dos pre\u00e7os dos alimentos, a infla\u00e7\u00e3o total de mar\u00e7o foi menor do que em fevereiro, quando alcan\u00e7ou 1,31%. No entanto, segundo o IBGE, foi o maior IPCA para o m\u00eas desde 2023 (0,71%) \u2014 inicialmente, havia informado que era desde 2003, mas corrigiu minutos depois. No acumulado do ano, a infla\u00e7\u00e3o j\u00e1 soma 2,04%, e 5,48% nos \u00faltimos 12 meses. Esse quantitativo \u00e9 maior do que o teto da meta de 4,5%.<\/p>\n\n\n\n<div class=\"wp-block-image\"><figure class=\"aligncenter size-large is-resized\"><a href=\"https:\/\/www.instagram.com\/esteiochurrascaria\/\"><img loading=\"lazy\" decoding=\"async\" src=\"https:\/\/jornalfatosenoticias.com.br\/wp-content\/uploads\/2022\/02\/LOGO-ESTEIO-1024x730.png\" alt=\"\" class=\"wp-image-27942\" width=\"304\" height=\"217\" srcset=\"https:\/\/jornalfatosenoticias.com.br\/wp-content\/uploads\/2022\/02\/LOGO-ESTEIO-1024x730.png 1024w, https:\/\/jornalfatosenoticias.com.br\/wp-content\/uploads\/2022\/02\/LOGO-ESTEIO-300x214.png 300w, https:\/\/jornalfatosenoticias.com.br\/wp-content\/uploads\/2022\/02\/LOGO-ESTEIO-768x548.png 768w, https:\/\/jornalfatosenoticias.com.br\/wp-content\/uploads\/2022\/02\/LOGO-ESTEIO.png 1123w\" sizes=\"auto, (max-width: 304px) 100vw, 304px\" \/><\/a><\/figure><\/div>\n\n\n\n<p>O IBGE constatou que a disparada dos pre\u00e7os dos alimentos poderia ter sido maior se n\u00e3o fosse a queda de itens como o \u00f3leo de soja (1,99%), do arroz (1,81%) e das carnes (1,6%). Este \u00faltimo entrou na mira de Luiz In\u00e1cio Lula da Silva (PT) recentemente, em que prometeu uma redu\u00e7\u00e3o para cumprir uma promessa de campanha. \u201cAgora, [o pre\u00e7o] a carne come\u00e7ou a cair, e pode estar certo que vai cair e o povo vai voltar a comer a sua picanha, a sua costela ou outro peda\u00e7o de carne que deseja\u201d, disse Lula em fevereiro.<\/p>\n\n\n\n<div class=\"wp-block-image\"><figure class=\"aligncenter size-large is-resized\"><a href=\"https:\/\/panper.com.br\/\"><img loading=\"lazy\" decoding=\"async\" src=\"https:\/\/jornalfatosenoticias.com.br\/wp-content\/uploads\/2023\/03\/logo-Panper_portal.jpg\" alt=\"\" class=\"wp-image-40208\" width=\"344\" height=\"238\" srcset=\"https:\/\/jornalfatosenoticias.com.br\/wp-content\/uploads\/2023\/03\/logo-Panper_portal.jpg 400w, https:\/\/jornalfatosenoticias.com.br\/wp-content\/uploads\/2023\/03\/logo-Panper_portal-300x208.jpg 300w\" sizes=\"auto, (max-width: 344px) 100vw, 344px\" \/><\/a><\/figure><\/div>\n\n\n\n<p>Nos demais itens calculados pelo IBGE, as despesas pessoais avan\u00e7aram 0,7% em mar\u00e7o, com uma disparada de 7,76% dos pre\u00e7os do cinema, de teatro e concertos. Foi seguido pelo vestu\u00e1rio com uma alta geral de 0,59%. O grupo de Habita\u00e7\u00e3o, que havia registrado uma forte alta de 4,44% em fevereiro, desacelerou para 0,24% em mar\u00e7o. A energia el\u00e9trica residencial, item de maior peso no grupo, subiu apenas 0,12%, contra os 16,80% do m\u00eas anterior. <\/p>\n\n\n\n<div class=\"wp-block-image\"><figure class=\"aligncenter size-large is-resized\"><a href=\"https:\/\/hotelmarquetti.com.br\/\"><img loading=\"lazy\" decoding=\"async\" src=\"https:\/\/jornalfatosenoticias.com.br\/wp-content\/uploads\/2020\/02\/LOGO-MQ-1024x680.jpg\" alt=\"\" class=\"wp-image-58299\" width=\"336\" height=\"223\" srcset=\"https:\/\/jornalfatosenoticias.com.br\/wp-content\/uploads\/2020\/02\/LOGO-MQ-1024x680.jpg 1024w, https:\/\/jornalfatosenoticias.com.br\/wp-content\/uploads\/2020\/02\/LOGO-MQ-300x199.jpg 300w, https:\/\/jornalfatosenoticias.com.br\/wp-content\/uploads\/2020\/02\/LOGO-MQ-768x510.jpg 768w, https:\/\/jornalfatosenoticias.com.br\/wp-content\/uploads\/2020\/02\/LOGO-MQ-1536x1020.jpg 1536w, https:\/\/jornalfatosenoticias.com.br\/wp-content\/uploads\/2020\/02\/LOGO-MQ-2048x1360.jpg 2048w\" sizes=\"auto, (max-width: 336px) 100vw, 336px\" \/><\/a><\/figure><\/div>\n\n\n\n<p>\u201cComp\u00f5em essa varia\u00e7\u00e3o o reajuste em uma das concession\u00e1rias do Rio de Janeiro e altera\u00e7\u00f5es nas al\u00edquotas de PIS\/Cofins\u201d, informou o gerente.<br>Outros grupos tamb\u00e9m desaceleraram em mar\u00e7o: artigos de resid\u00eancia (de 0,44% para 0,13%), sa\u00fade e cuidados pessoais (de 0,49% para 0,43%), educa\u00e7\u00e3o (de 4,70% para 0,10%) e de transportes (de 0,61% para 0,46%). <\/p>\n\n\n\n<div class=\"wp-block-image\"><figure class=\"aligncenter size-large is-resized\"><a href=\"https:\/\/www.instagram.com\/serra4x4cambioautomatico\/\"><img loading=\"lazy\" decoding=\"async\" src=\"https:\/\/jornalfatosenoticias.com.br\/wp-content\/uploads\/2024\/08\/Serra-4x4-1-886x1024.jpg\" alt=\"\" class=\"wp-image-53632\" width=\"259\" height=\"299\" srcset=\"https:\/\/jornalfatosenoticias.com.br\/wp-content\/uploads\/2024\/08\/Serra-4x4-1-886x1024.jpg 886w, https:\/\/jornalfatosenoticias.com.br\/wp-content\/uploads\/2024\/08\/Serra-4x4-1-260x300.jpg 260w, https:\/\/jornalfatosenoticias.com.br\/wp-content\/uploads\/2024\/08\/Serra-4x4-1-768x888.jpg 768w, https:\/\/jornalfatosenoticias.com.br\/wp-content\/uploads\/2024\/08\/Serra-4x4-1.jpg 1181w\" sizes=\"auto, (max-width: 259px) 100vw, 259px\" \/><\/a><\/figure><\/div>\n\n\n\n<p>Quanto \u00e0s varia\u00e7\u00f5es regionais, Curitiba e Porto Alegre lideraram com alta de 0,76%, pressionadas pelo aumento da gasolina (1,84% e 2,43%, respectivamente). Por outro lado, a menor varia\u00e7\u00e3o foi registrada em Rio Branco e Bras\u00edlia, ambas com 0,27%. Na capital do Acre, a queda nas passagens a\u00e9reas (-16,01%) ajudou a conter o \u00edndice, enquanto em Bras\u00edlia a retra\u00e7\u00e3o de 24,18% nas tarifas de \u00f4nibus urbano teve peso decisivo.<\/p>\n\n\n\n<div class=\"wp-block-image\"><figure class=\"aligncenter size-large is-resized\"><a href=\"https:\/\/www.facebook.com\/postobkr\/?locale=pt_BR\"><img loading=\"lazy\" decoding=\"async\" src=\"https:\/\/jornalfatosenoticias.com.br\/wp-content\/uploads\/2023\/08\/BKR-1024x1021.jpg\" alt=\"\" class=\"wp-image-44494\" width=\"287\" height=\"286\" srcset=\"https:\/\/jornalfatosenoticias.com.br\/wp-content\/uploads\/2023\/08\/BKR-1024x1021.jpg 1024w, https:\/\/jornalfatosenoticias.com.br\/wp-content\/uploads\/2023\/08\/BKR-300x300.jpg 300w, https:\/\/jornalfatosenoticias.com.br\/wp-content\/uploads\/2023\/08\/BKR-150x150.jpg 150w, https:\/\/jornalfatosenoticias.com.br\/wp-content\/uploads\/2023\/08\/BKR-768x766.jpg 768w, https:\/\/jornalfatosenoticias.com.br\/wp-content\/uploads\/2023\/08\/BKR.jpg 1080w\" sizes=\"auto, (max-width: 287px) 100vw, 287px\" \/><\/a><\/figure><\/div>\n\n\n\n<p><strong>Fonte: <a href=\"https:\/\/www.gazetadopovo.com.br\/economia\/precos-alimentos-disparam-pesam-inflacao-marco\/\">Gazeta do Povo<\/a><\/strong><\/p>\n","protected":false},"excerpt":{"rendered":"<p>Infla\u00e7\u00e3o de mar\u00e7o ficou em 0,56% puxada principalmente pelos alimentos e bebidas, que subiram 1,17% no m\u00eas Por Guilherme Grandi A infla\u00e7\u00e3o do m\u00eas de mar\u00e7o foi calculada em 0,56% de acordo com dados do IBGE divulgados nesta sexta (11). Os alimentos foram os maiores vil\u00f5es do \u00cdndice de Pre\u00e7os ao Consumidor Amplo (IPCA), com [&hellip;]<\/p>\n","protected":false},"author":2,"featured_media":58497,"comment_status":"open","ping_status":"open","sticky":false,"template":"","format":"standard","meta":{"footnotes":""},"categories":[9],"tags":[70,4182,1169,26663],"class_list":["post-58496","post","type-post","status-publish","format-standard","has-post-thumbnail","hentry","category-economia","tag-alimentos","tag-inflacao","tag-ipca","tag-precos-dos-alimentos"],"yoast_head":"<!-- This site is optimized with the Yoast SEO plugin v26.5 - https:\/\/yoast.com\/wordpress\/plugins\/seo\/ -->\n<title>Pre\u00e7os dos alimentos disparam e pesam na infla\u00e7\u00e3o de mar\u00e7o - Jornal Fatos e Not\u00edcias<\/title>\n<meta name=\"robots\" content=\"index, follow, max-snippet:-1, max-image-preview:large, max-video-preview:-1\" \/>\n<link rel=\"canonical\" href=\"https:\/\/jornalfatosenoticias.com.br\/index.php\/2025\/04\/11\/precos-dos-alimentos-disparam-e-pesam-na-inflacao-de-marco\/\" \/>\n<meta property=\"og:locale\" content=\"pt_BR\" \/>\n<meta property=\"og:type\" content=\"article\" \/>\n<meta property=\"og:title\" content=\"Pre\u00e7os dos alimentos disparam e pesam na infla\u00e7\u00e3o de mar\u00e7o - Jornal Fatos e Not\u00edcias\" \/>\n<meta property=\"og:description\" content=\"Infla\u00e7\u00e3o de mar\u00e7o ficou em 0,56% puxada principalmente pelos alimentos e bebidas, que subiram 1,17% no m\u00eas Por Guilherme Grandi A infla\u00e7\u00e3o do m\u00eas de mar\u00e7o foi calculada em 0,56% de acordo com dados do IBGE divulgados nesta sexta (11). Os alimentos foram os maiores vil\u00f5es do \u00cdndice de Pre\u00e7os ao Consumidor Amplo (IPCA), com [&hellip;]\" \/>\n<meta property=\"og:url\" content=\"https:\/\/jornalfatosenoticias.com.br\/index.php\/2025\/04\/11\/precos-dos-alimentos-disparam-e-pesam-na-inflacao-de-marco\/\" \/>\n<meta property=\"og:site_name\" content=\"Jornal Fatos e Not\u00edcias\" \/>\n<meta property=\"article:published_time\" content=\"2025-04-11T17:28:30+00:00\" \/>\n<meta property=\"article:modified_time\" content=\"2025-04-11T17:28:32+00:00\" \/>\n<meta property=\"og:image\" content=\"https:\/\/jornalfatosenoticias.com.br\/wp-content\/uploads\/2025\/04\/precos-dos-alimentos_gettyimages.jpg\" \/>\n\t<meta property=\"og:image:width\" content=\"612\" \/>\n\t<meta property=\"og:image:height\" content=\"408\" \/>\n\t<meta property=\"og:image:type\" content=\"image\/jpeg\" \/>\n<meta name=\"author\" content=\"Luzimara Fernandes\" \/>\n<meta name=\"twitter:card\" content=\"summary_large_image\" \/>\n<meta name=\"twitter:label1\" content=\"Escrito por\" \/>\n\t<meta name=\"twitter:data1\" content=\"Luzimara Fernandes\" \/>\n\t<meta name=\"twitter:label2\" content=\"Est. tempo de leitura\" \/>\n\t<meta name=\"twitter:data2\" content=\"3 minutos\" \/>\n<script type=\"application\/ld+json\" class=\"yoast-schema-graph\">{\"@context\":\"https:\/\/schema.org\",\"@graph\":[{\"@type\":\"Article\",\"@id\":\"https:\/\/jornalfatosenoticias.com.br\/index.php\/2025\/04\/11\/precos-dos-alimentos-disparam-e-pesam-na-inflacao-de-marco\/#article\",\"isPartOf\":{\"@id\":\"https:\/\/jornalfatosenoticias.com.br\/index.php\/2025\/04\/11\/precos-dos-alimentos-disparam-e-pesam-na-inflacao-de-marco\/\"},\"author\":{\"name\":\"Luzimara Fernandes\",\"@id\":\"https:\/\/jornalfatosenoticias.com.br\/#\/schema\/person\/d63837fa13ac8666eb9e74e0985d6f81\"},\"headline\":\"Pre\u00e7os dos alimentos disparam e pesam na infla\u00e7\u00e3o de mar\u00e7o\",\"datePublished\":\"2025-04-11T17:28:30+00:00\",\"dateModified\":\"2025-04-11T17:28:32+00:00\",\"mainEntityOfPage\":{\"@id\":\"https:\/\/jornalfatosenoticias.com.br\/index.php\/2025\/04\/11\/precos-dos-alimentos-disparam-e-pesam-na-inflacao-de-marco\/\"},\"wordCount\":608,\"commentCount\":0,\"publisher\":{\"@id\":\"https:\/\/jornalfatosenoticias.com.br\/#organization\"},\"image\":{\"@id\":\"https:\/\/jornalfatosenoticias.com.br\/index.php\/2025\/04\/11\/precos-dos-alimentos-disparam-e-pesam-na-inflacao-de-marco\/#primaryimage\"},\"thumbnailUrl\":\"https:\/\/jornalfatosenoticias.com.br\/wp-content\/uploads\/2025\/04\/precos-dos-alimentos_gettyimages.jpg\",\"keywords\":[\"alimentos\",\"infla\u00e7\u00e3o\",\"IPCA\",\"pre\u00e7os dos alimentos\"],\"articleSection\":[\"Economia\"],\"inLanguage\":\"pt-BR\",\"potentialAction\":[{\"@type\":\"CommentAction\",\"name\":\"Comment\",\"target\":[\"https:\/\/jornalfatosenoticias.com.br\/index.php\/2025\/04\/11\/precos-dos-alimentos-disparam-e-pesam-na-inflacao-de-marco\/#respond\"]}]},{\"@type\":\"WebPage\",\"@id\":\"https:\/\/jornalfatosenoticias.com.br\/index.php\/2025\/04\/11\/precos-dos-alimentos-disparam-e-pesam-na-inflacao-de-marco\/\",\"url\":\"https:\/\/jornalfatosenoticias.com.br\/index.php\/2025\/04\/11\/precos-dos-alimentos-disparam-e-pesam-na-inflacao-de-marco\/\",\"name\":\"Pre\u00e7os dos alimentos disparam e pesam na infla\u00e7\u00e3o de mar\u00e7o - Jornal Fatos e Not\u00edcias\",\"isPartOf\":{\"@id\":\"https:\/\/jornalfatosenoticias.com.br\/#website\"},\"primaryImageOfPage\":{\"@id\":\"https:\/\/jornalfatosenoticias.com.br\/index.php\/2025\/04\/11\/precos-dos-alimentos-disparam-e-pesam-na-inflacao-de-marco\/#primaryimage\"},\"image\":{\"@id\":\"https:\/\/jornalfatosenoticias.com.br\/index.php\/2025\/04\/11\/precos-dos-alimentos-disparam-e-pesam-na-inflacao-de-marco\/#primaryimage\"},\"thumbnailUrl\":\"https:\/\/jornalfatosenoticias.com.br\/wp-content\/uploads\/2025\/04\/precos-dos-alimentos_gettyimages.jpg\",\"datePublished\":\"2025-04-11T17:28:30+00:00\",\"dateModified\":\"2025-04-11T17:28:32+00:00\",\"breadcrumb\":{\"@id\":\"https:\/\/jornalfatosenoticias.com.br\/index.php\/2025\/04\/11\/precos-dos-alimentos-disparam-e-pesam-na-inflacao-de-marco\/#breadcrumb\"},\"inLanguage\":\"pt-BR\",\"potentialAction\":[{\"@type\":\"ReadAction\",\"target\":[\"https:\/\/jornalfatosenoticias.com.br\/index.php\/2025\/04\/11\/precos-dos-alimentos-disparam-e-pesam-na-inflacao-de-marco\/\"]}]},{\"@type\":\"ImageObject\",\"inLanguage\":\"pt-BR\",\"@id\":\"https:\/\/jornalfatosenoticias.com.br\/index.php\/2025\/04\/11\/precos-dos-alimentos-disparam-e-pesam-na-inflacao-de-marco\/#primaryimage\",\"url\":\"https:\/\/jornalfatosenoticias.com.br\/wp-content\/uploads\/2025\/04\/precos-dos-alimentos_gettyimages.jpg\",\"contentUrl\":\"https:\/\/jornalfatosenoticias.com.br\/wp-content\/uploads\/2025\/04\/precos-dos-alimentos_gettyimages.jpg\",\"width\":612,\"height\":408,\"caption\":\"A shopper at a Big Box supermarket in Brasilia, Brazil, on Tuesday, June 18, 2024. In Brazil, the central bank on Wednesday may well draw the line under its 325 basis-point easing cycle and keep the benchmark Selic at 10.5% amid unmoored inflation expectations and mounting government spending concerns. Photographer: Gustavo Minas\/Bloomberg via Getty Images\"},{\"@type\":\"BreadcrumbList\",\"@id\":\"https:\/\/jornalfatosenoticias.com.br\/index.php\/2025\/04\/11\/precos-dos-alimentos-disparam-e-pesam-na-inflacao-de-marco\/#breadcrumb\",\"itemListElement\":[{\"@type\":\"ListItem\",\"position\":1,\"name\":\"In\u00edcio\",\"item\":\"https:\/\/jornalfatosenoticias.com.br\/\"},{\"@type\":\"ListItem\",\"position\":2,\"name\":\"Pre\u00e7os dos alimentos disparam e pesam na infla\u00e7\u00e3o de mar\u00e7o\"}]},{\"@type\":\"WebSite\",\"@id\":\"https:\/\/jornalfatosenoticias.com.br\/#website\",\"url\":\"https:\/\/jornalfatosenoticias.com.br\/\",\"name\":\"Jornal Fatos e Not\u00edcias\",\"description\":\"Not\u00edcias em geral\",\"publisher\":{\"@id\":\"https:\/\/jornalfatosenoticias.com.br\/#organization\"},\"potentialAction\":[{\"@type\":\"SearchAction\",\"target\":{\"@type\":\"EntryPoint\",\"urlTemplate\":\"https:\/\/jornalfatosenoticias.com.br\/?s={search_term_string}\"},\"query-input\":{\"@type\":\"PropertyValueSpecification\",\"valueRequired\":true,\"valueName\":\"search_term_string\"}}],\"inLanguage\":\"pt-BR\"},{\"@type\":\"Organization\",\"@id\":\"https:\/\/jornalfatosenoticias.com.br\/#organization\",\"name\":\"Jornal Fatos e Not\u00edcias\",\"url\":\"https:\/\/jornalfatosenoticias.com.br\/\",\"logo\":{\"@type\":\"ImageObject\",\"inLanguage\":\"pt-BR\",\"@id\":\"https:\/\/jornalfatosenoticias.com.br\/#\/schema\/logo\/image\/\",\"url\":\"https:\/\/jornalfatosenoticias.com.br\/wp-content\/uploads\/2020\/02\/logo120.png\",\"contentUrl\":\"https:\/\/jornalfatosenoticias.com.br\/wp-content\/uploads\/2020\/02\/logo120.png\",\"width\":1227,\"height\":120,\"caption\":\"Jornal Fatos e Not\u00edcias\"},\"image\":{\"@id\":\"https:\/\/jornalfatosenoticias.com.br\/#\/schema\/logo\/image\/\"}},{\"@type\":\"Person\",\"@id\":\"https:\/\/jornalfatosenoticias.com.br\/#\/schema\/person\/d63837fa13ac8666eb9e74e0985d6f81\",\"name\":\"Luzimara Fernandes\",\"image\":{\"@type\":\"ImageObject\",\"inLanguage\":\"pt-BR\",\"@id\":\"https:\/\/jornalfatosenoticias.com.br\/#\/schema\/person\/image\/\",\"url\":\"https:\/\/jornalfatosenoticias.com.br\/wp-content\/uploads\/2025\/05\/EU_portal.jpg\",\"contentUrl\":\"https:\/\/jornalfatosenoticias.com.br\/wp-content\/uploads\/2025\/05\/EU_portal.jpg\",\"caption\":\"Luzimara Fernandes\"},\"description\":\"Jornalista MTB 2358-ES\",\"sameAs\":[\"https:\/\/jornalfatosenoticias.com.br\"],\"url\":\"https:\/\/jornalfatosenoticias.com.br\/index.php\/author\/luzimara\/\"}]}<\/script>\n<!-- \/ Yoast SEO plugin. -->","yoast_head_json":{"title":"Pre\u00e7os dos alimentos disparam e pesam na infla\u00e7\u00e3o de mar\u00e7o - Jornal Fatos e Not\u00edcias","robots":{"index":"index","follow":"follow","max-snippet":"max-snippet:-1","max-image-preview":"max-image-preview:large","max-video-preview":"max-video-preview:-1"},"canonical":"https:\/\/jornalfatosenoticias.com.br\/index.php\/2025\/04\/11\/precos-dos-alimentos-disparam-e-pesam-na-inflacao-de-marco\/","og_locale":"pt_BR","og_type":"article","og_title":"Pre\u00e7os dos alimentos disparam e pesam na infla\u00e7\u00e3o de mar\u00e7o - Jornal Fatos e Not\u00edcias","og_description":"Infla\u00e7\u00e3o de mar\u00e7o ficou em 0,56% puxada principalmente pelos alimentos e bebidas, que subiram 1,17% no m\u00eas Por Guilherme Grandi A infla\u00e7\u00e3o do m\u00eas de mar\u00e7o foi calculada em 0,56% de acordo com dados do IBGE divulgados nesta sexta (11). Os alimentos foram os maiores vil\u00f5es do \u00cdndice de Pre\u00e7os ao Consumidor Amplo (IPCA), com [&hellip;]","og_url":"https:\/\/jornalfatosenoticias.com.br\/index.php\/2025\/04\/11\/precos-dos-alimentos-disparam-e-pesam-na-inflacao-de-marco\/","og_site_name":"Jornal Fatos e Not\u00edcias","article_published_time":"2025-04-11T17:28:30+00:00","article_modified_time":"2025-04-11T17:28:32+00:00","og_image":[{"width":612,"height":408,"url":"https:\/\/jornalfatosenoticias.com.br\/wp-content\/uploads\/2025\/04\/precos-dos-alimentos_gettyimages.jpg","type":"image\/jpeg"}],"author":"Luzimara Fernandes","twitter_card":"summary_large_image","twitter_misc":{"Escrito por":"Luzimara Fernandes","Est. tempo de leitura":"3 minutos"},"schema":{"@context":"https:\/\/schema.org","@graph":[{"@type":"Article","@id":"https:\/\/jornalfatosenoticias.com.br\/index.php\/2025\/04\/11\/precos-dos-alimentos-disparam-e-pesam-na-inflacao-de-marco\/#article","isPartOf":{"@id":"https:\/\/jornalfatosenoticias.com.br\/index.php\/2025\/04\/11\/precos-dos-alimentos-disparam-e-pesam-na-inflacao-de-marco\/"},"author":{"name":"Luzimara Fernandes","@id":"https:\/\/jornalfatosenoticias.com.br\/#\/schema\/person\/d63837fa13ac8666eb9e74e0985d6f81"},"headline":"Pre\u00e7os dos alimentos disparam e pesam na infla\u00e7\u00e3o de mar\u00e7o","datePublished":"2025-04-11T17:28:30+00:00","dateModified":"2025-04-11T17:28:32+00:00","mainEntityOfPage":{"@id":"https:\/\/jornalfatosenoticias.com.br\/index.php\/2025\/04\/11\/precos-dos-alimentos-disparam-e-pesam-na-inflacao-de-marco\/"},"wordCount":608,"commentCount":0,"publisher":{"@id":"https:\/\/jornalfatosenoticias.com.br\/#organization"},"image":{"@id":"https:\/\/jornalfatosenoticias.com.br\/index.php\/2025\/04\/11\/precos-dos-alimentos-disparam-e-pesam-na-inflacao-de-marco\/#primaryimage"},"thumbnailUrl":"https:\/\/jornalfatosenoticias.com.br\/wp-content\/uploads\/2025\/04\/precos-dos-alimentos_gettyimages.jpg","keywords":["alimentos","infla\u00e7\u00e3o","IPCA","pre\u00e7os dos alimentos"],"articleSection":["Economia"],"inLanguage":"pt-BR","potentialAction":[{"@type":"CommentAction","name":"Comment","target":["https:\/\/jornalfatosenoticias.com.br\/index.php\/2025\/04\/11\/precos-dos-alimentos-disparam-e-pesam-na-inflacao-de-marco\/#respond"]}]},{"@type":"WebPage","@id":"https:\/\/jornalfatosenoticias.com.br\/index.php\/2025\/04\/11\/precos-dos-alimentos-disparam-e-pesam-na-inflacao-de-marco\/","url":"https:\/\/jornalfatosenoticias.com.br\/index.php\/2025\/04\/11\/precos-dos-alimentos-disparam-e-pesam-na-inflacao-de-marco\/","name":"Pre\u00e7os dos alimentos disparam e pesam na infla\u00e7\u00e3o de mar\u00e7o - Jornal Fatos e Not\u00edcias","isPartOf":{"@id":"https:\/\/jornalfatosenoticias.com.br\/#website"},"primaryImageOfPage":{"@id":"https:\/\/jornalfatosenoticias.com.br\/index.php\/2025\/04\/11\/precos-dos-alimentos-disparam-e-pesam-na-inflacao-de-marco\/#primaryimage"},"image":{"@id":"https:\/\/jornalfatosenoticias.com.br\/index.php\/2025\/04\/11\/precos-dos-alimentos-disparam-e-pesam-na-inflacao-de-marco\/#primaryimage"},"thumbnailUrl":"https:\/\/jornalfatosenoticias.com.br\/wp-content\/uploads\/2025\/04\/precos-dos-alimentos_gettyimages.jpg","datePublished":"2025-04-11T17:28:30+00:00","dateModified":"2025-04-11T17:28:32+00:00","breadcrumb":{"@id":"https:\/\/jornalfatosenoticias.com.br\/index.php\/2025\/04\/11\/precos-dos-alimentos-disparam-e-pesam-na-inflacao-de-marco\/#breadcrumb"},"inLanguage":"pt-BR","potentialAction":[{"@type":"ReadAction","target":["https:\/\/jornalfatosenoticias.com.br\/index.php\/2025\/04\/11\/precos-dos-alimentos-disparam-e-pesam-na-inflacao-de-marco\/"]}]},{"@type":"ImageObject","inLanguage":"pt-BR","@id":"https:\/\/jornalfatosenoticias.com.br\/index.php\/2025\/04\/11\/precos-dos-alimentos-disparam-e-pesam-na-inflacao-de-marco\/#primaryimage","url":"https:\/\/jornalfatosenoticias.com.br\/wp-content\/uploads\/2025\/04\/precos-dos-alimentos_gettyimages.jpg","contentUrl":"https:\/\/jornalfatosenoticias.com.br\/wp-content\/uploads\/2025\/04\/precos-dos-alimentos_gettyimages.jpg","width":612,"height":408,"caption":"A shopper at a Big Box supermarket in Brasilia, Brazil, on Tuesday, June 18, 2024. In Brazil, the central bank on Wednesday may well draw the line under its 325 basis-point easing cycle and keep the benchmark Selic at 10.5% amid unmoored inflation expectations and mounting government spending concerns. Photographer: Gustavo Minas\/Bloomberg via Getty Images"},{"@type":"BreadcrumbList","@id":"https:\/\/jornalfatosenoticias.com.br\/index.php\/2025\/04\/11\/precos-dos-alimentos-disparam-e-pesam-na-inflacao-de-marco\/#breadcrumb","itemListElement":[{"@type":"ListItem","position":1,"name":"In\u00edcio","item":"https:\/\/jornalfatosenoticias.com.br\/"},{"@type":"ListItem","position":2,"name":"Pre\u00e7os dos alimentos disparam e pesam na infla\u00e7\u00e3o de mar\u00e7o"}]},{"@type":"WebSite","@id":"https:\/\/jornalfatosenoticias.com.br\/#website","url":"https:\/\/jornalfatosenoticias.com.br\/","name":"Jornal Fatos e Not\u00edcias","description":"Not\u00edcias em geral","publisher":{"@id":"https:\/\/jornalfatosenoticias.com.br\/#organization"},"potentialAction":[{"@type":"SearchAction","target":{"@type":"EntryPoint","urlTemplate":"https:\/\/jornalfatosenoticias.com.br\/?s={search_term_string}"},"query-input":{"@type":"PropertyValueSpecification","valueRequired":true,"valueName":"search_term_string"}}],"inLanguage":"pt-BR"},{"@type":"Organization","@id":"https:\/\/jornalfatosenoticias.com.br\/#organization","name":"Jornal Fatos e Not\u00edcias","url":"https:\/\/jornalfatosenoticias.com.br\/","logo":{"@type":"ImageObject","inLanguage":"pt-BR","@id":"https:\/\/jornalfatosenoticias.com.br\/#\/schema\/logo\/image\/","url":"https:\/\/jornalfatosenoticias.com.br\/wp-content\/uploads\/2020\/02\/logo120.png","contentUrl":"https:\/\/jornalfatosenoticias.com.br\/wp-content\/uploads\/2020\/02\/logo120.png","width":1227,"height":120,"caption":"Jornal Fatos e Not\u00edcias"},"image":{"@id":"https:\/\/jornalfatosenoticias.com.br\/#\/schema\/logo\/image\/"}},{"@type":"Person","@id":"https:\/\/jornalfatosenoticias.com.br\/#\/schema\/person\/d63837fa13ac8666eb9e74e0985d6f81","name":"Luzimara Fernandes","image":{"@type":"ImageObject","inLanguage":"pt-BR","@id":"https:\/\/jornalfatosenoticias.com.br\/#\/schema\/person\/image\/","url":"https:\/\/jornalfatosenoticias.com.br\/wp-content\/uploads\/2025\/05\/EU_portal.jpg","contentUrl":"https:\/\/jornalfatosenoticias.com.br\/wp-content\/uploads\/2025\/05\/EU_portal.jpg","caption":"Luzimara Fernandes"},"description":"Jornalista MTB 2358-ES","sameAs":["https:\/\/jornalfatosenoticias.com.br"],"url":"https:\/\/jornalfatosenoticias.com.br\/index.php\/author\/luzimara\/"}]}},"cc_featured_image_caption":{"caption_text":"(Foto: Getty Images)","source_text":"","source_url":""},"jetpack_featured_media_url":"https:\/\/jornalfatosenoticias.com.br\/wp-content\/uploads\/2025\/04\/precos-dos-alimentos_gettyimages.jpg","_links":{"self":[{"href":"https:\/\/jornalfatosenoticias.com.br\/index.php\/wp-json\/wp\/v2\/posts\/58496","targetHints":{"allow":["GET"]}}],"collection":[{"href":"https:\/\/jornalfatosenoticias.com.br\/index.php\/wp-json\/wp\/v2\/posts"}],"about":[{"href":"https:\/\/jornalfatosenoticias.com.br\/index.php\/wp-json\/wp\/v2\/types\/post"}],"author":[{"embeddable":true,"href":"https:\/\/jornalfatosenoticias.com.br\/index.php\/wp-json\/wp\/v2\/users\/2"}],"replies":[{"embeddable":true,"href":"https:\/\/jornalfatosenoticias.com.br\/index.php\/wp-json\/wp\/v2\/comments?post=58496"}],"version-history":[{"count":0,"href":"https:\/\/jornalfatosenoticias.com.br\/index.php\/wp-json\/wp\/v2\/posts\/58496\/revisions"}],"wp:featuredmedia":[{"embeddable":true,"href":"https:\/\/jornalfatosenoticias.com.br\/index.php\/wp-json\/wp\/v2\/media\/58497"}],"wp:attachment":[{"href":"https:\/\/jornalfatosenoticias.com.br\/index.php\/wp-json\/wp\/v2\/media?parent=58496"}],"wp:term":[{"taxonomy":"category","embeddable":true,"href":"https:\/\/jornalfatosenoticias.com.br\/index.php\/wp-json\/wp\/v2\/categories?post=58496"},{"taxonomy":"post_tag","embeddable":true,"href":"https:\/\/jornalfatosenoticias.com.br\/index.php\/wp-json\/wp\/v2\/tags?post=58496"}],"curies":[{"name":"wp","href":"https:\/\/api.w.org\/{rel}","templated":true}]}}