{"id":58519,"date":"2025-04-14T15:41:29","date_gmt":"2025-04-14T18:41:29","guid":{"rendered":"https:\/\/jornalfatosenoticias.com.br\/?p=58519"},"modified":"2025-04-14T15:41:32","modified_gmt":"2025-04-14T18:41:32","slug":"o-movimento-cristao-que-conquista-famosos-e-atrai-a-ira-da-esquerda","status":"publish","type":"post","link":"https:\/\/jornalfatosenoticias.com.br\/index.php\/2025\/04\/14\/o-movimento-cristao-que-conquista-famosos-e-atrai-a-ira-da-esquerda\/","title":{"rendered":"O movimento crist\u00e3o que conquista famosos e atrai a ira da esquerda"},"content":{"rendered":"\n<p><em><span class=\"has-inline-color has-black-color\">Com 30 mil \u201clegend\u00e1rios\u201d, Brasil \u00e9 o pa\u00eds com o maior n\u00famero de homens que completaram o desafio<\/span><\/em><\/p>\n\n\n\n<p><span class=\"has-inline-color has-black-color\">Por <strong><a href=\"https:\/\/www.gazetadopovo.com.br\/autor\/gabriel-sestrem\/\">Gabriel Sestrem<\/a><\/strong><\/span><\/p>\n\n\n\n<div class=\"wp-block-image\"><figure class=\"aligncenter size-large\"><a href=\"https:\/\/mizu.com.br\/\"><img loading=\"lazy\" decoding=\"async\" width=\"729\" height=\"90\" src=\"https:\/\/jornalfatosenoticias.com.br\/wp-content\/uploads\/2020\/02\/Logo_Mizu.png\" alt=\"\" class=\"wp-image-1441\" srcset=\"https:\/\/jornalfatosenoticias.com.br\/wp-content\/uploads\/2020\/02\/Logo_Mizu.png 729w, https:\/\/jornalfatosenoticias.com.br\/wp-content\/uploads\/2020\/02\/Logo_Mizu-300x37.png 300w\" sizes=\"auto, (max-width: 729px) 100vw, 729px\" \/><\/a><\/figure><\/div>\n\n\n\n<p>Subir uma montanha, dormir em barracas, lidar com desconfortos e desafios f\u00edsicos com direito apenas a um bast\u00e3o de caminhada e o apoio de outros homens. Tudo isso em meio a momentos de ora\u00e7\u00e3o e prega\u00e7\u00f5es sobre a identidade masculina \u00e0 luz da B\u00edblia. Assim \u00e9 a rotina dos retiros organizados pelo movimento evang\u00e9lico chamado Legend\u00e1rios.<br>Apesar do convite expl\u00edcito a deixar a zona de conforto, quase 50 mil brasileiros j\u00e1 completaram o desafio. Muitos desses homens relatam que o retiro foi um divisor de \u00e1guas em suas vidas pessoais e espirituais, ajudando-os a lidar com feridas do passado, recuperar o senso de prop\u00f3sito e se tornarem mais presentes e amorosos com suas fam\u00edlias.<\/p>\n\n\n\n<div class=\"wp-block-image\"><figure class=\"aligncenter size-large is-resized\"><a href=\"https:\/\/www.ithbrasil.com.br\/\"><img loading=\"lazy\" decoding=\"async\" src=\"https:\/\/jornalfatosenoticias.com.br\/wp-content\/uploads\/2023\/08\/ITH.jpeg\" alt=\"\" class=\"wp-image-44638\" width=\"307\" height=\"249\" srcset=\"https:\/\/jornalfatosenoticias.com.br\/wp-content\/uploads\/2023\/08\/ITH.jpeg 800w, https:\/\/jornalfatosenoticias.com.br\/wp-content\/uploads\/2023\/08\/ITH-300x244.jpeg 300w, https:\/\/jornalfatosenoticias.com.br\/wp-content\/uploads\/2023\/08\/ITH-768x624.jpeg 768w\" sizes=\"auto, (max-width: 307px) 100vw, 307px\" \/><\/a><\/figure><\/div>\n\n\n\n<p>Mas um evento exclusivo para homens, que foca em resgatar valores tradicionais, mira em temas como masculinidade, paternidade e fam\u00edlia e, de quebra, inclui est\u00e9tica e s\u00edmbolos que remetem ao militarismo (como gritos de guerra, uniformes e ins\u00edgnias) naturalmente passou a desagradar setores ditos \u201cprogressistas\u201d da igreja evang\u00e9lica.<\/p>\n\n\n\n<div class=\"wp-block-image\"><figure class=\"aligncenter size-large is-resized\"><a href=\"https:\/\/www.legisjuris.com.br\/\"><img loading=\"lazy\" decoding=\"async\" src=\"https:\/\/jornalfatosenoticias.com.br\/wp-content\/uploads\/2024\/09\/Legis-Juris-Consultoria_logo.jpg\" alt=\"\" class=\"wp-image-53915\" width=\"496\" height=\"208\" srcset=\"https:\/\/jornalfatosenoticias.com.br\/wp-content\/uploads\/2024\/09\/Legis-Juris-Consultoria_logo.jpg 969w, https:\/\/jornalfatosenoticias.com.br\/wp-content\/uploads\/2024\/09\/Legis-Juris-Consultoria_logo-300x126.jpg 300w, https:\/\/jornalfatosenoticias.com.br\/wp-content\/uploads\/2024\/09\/Legis-Juris-Consultoria_logo-768x322.jpg 768w\" sizes=\"auto, (max-width: 496px) 100vw, 496px\" \/><\/a><\/figure><\/div>\n\n\n\n<p>O Legend\u00e1rios n\u00e3o \u00e9 algo novo: foi fundado em 2015 por um pastor da Guatemala e chegou ao Brasil em 2018. O Brasil, ali\u00e1s, registra o maior n\u00famero de legend\u00e1rios \u2014 alcunha dada a homens que completam o desafio. Mas foi a participa\u00e7\u00e3o de brasileiros famosos em uma edi\u00e7\u00e3o recente, realizada nos Estados Unidos, em janeiro deste ano, que direcionou de vez os holofotes para o movimento, j\u00e1 que v\u00e1rios desses participantes compartilharam suas experi\u00eancias nas redes sociais.<\/p>\n\n\n\n<div class=\"wp-block-image\"><figure class=\"aligncenter size-large\"><a href=\"https:\/\/www.cesconetto.com.br\/\"><img loading=\"lazy\" decoding=\"async\" width=\"300\" height=\"250\" src=\"https:\/\/jornalfatosenoticias.com.br\/wp-content\/uploads\/2022\/02\/Banner-2.png\" alt=\"\" class=\"wp-image-27877\"\/><\/a><\/figure><\/div>\n\n\n\n<p>Nomes como Pablo Mar\u00e7al, Joel Jota, Caio Carneiro, Tiago Brunet, Thiago Fonseca, Ronaldo Jacar\u00e9 e outros que, juntos, somam perto de 170 milh\u00f5es de seguidores, tornaram-se \u201clegend\u00e1rios\u201d na edi\u00e7\u00e3o norte-americana. Antes deles, outros empres\u00e1rios, influenciadores e atletas, como Thiago Nigro, Lyoto Machida e Maur\u00edcio Shogun tamb\u00e9m completaram o desafio.<\/p>\n\n\n\n<div class=\"wp-block-image\"><figure class=\"aligncenter size-large is-resized\"><a href=\"https:\/\/www.instagram.com\/gruposei\/\"><img loading=\"lazy\" decoding=\"async\" src=\"https:\/\/jornalfatosenoticias.com.br\/wp-content\/uploads\/2022\/07\/Logo-Grupo-SEI.jpg\" alt=\"\" class=\"wp-image-31973\" width=\"360\" height=\"189\" srcset=\"https:\/\/jornalfatosenoticias.com.br\/wp-content\/uploads\/2022\/07\/Logo-Grupo-SEI.jpg 713w, https:\/\/jornalfatosenoticias.com.br\/wp-content\/uploads\/2022\/07\/Logo-Grupo-SEI-300x158.jpg 300w\" sizes=\"auto, (max-width: 360px) 100vw, 360px\" \/><\/a><\/figure><\/div>\n\n\n\n<p>Pode-se dizer que a recente repercuss\u00e3o fez com que 2025 se tornasse o ano em que o evento finalmente \u201cfurou a bolha\u201d no Brasil \u2014 o que tem atra\u00eddo um n\u00famero de interessados sem precedentes, mas tamb\u00e9m despertado uma onda de cr\u00edticas de opositores.<\/p>\n\n\n\n<div class=\"wp-block-image\"><figure class=\"aligncenter size-large\"><img loading=\"lazy\" decoding=\"async\" width=\"1000\" height=\"562\" src=\"https:\/\/jornalfatosenoticias.com.br\/wp-content\/uploads\/2025\/04\/legendarios-pablo-parcal.jpg\" alt=\"\" class=\"wp-image-58521\" srcset=\"https:\/\/jornalfatosenoticias.com.br\/wp-content\/uploads\/2025\/04\/legendarios-pablo-parcal.jpg 1000w, https:\/\/jornalfatosenoticias.com.br\/wp-content\/uploads\/2025\/04\/legendarios-pablo-parcal-300x169.jpg 300w, https:\/\/jornalfatosenoticias.com.br\/wp-content\/uploads\/2025\/04\/legendarios-pablo-parcal-768x432.jpg 768w\" sizes=\"auto, (max-width: 1000px) 100vw, 1000px\" \/><figcaption><em><span class=\"has-inline-color has-black-color\">Lyoto Machida, Joel Jota e Pablo Mar\u00e7al compartilharam nas redes sociais a experi\u00eancia do Legend\u00e1rios. Os tr\u00eas juntos somam 20 milh\u00f5es de seguidores (Foto: Reprodu\u00e7\u00e3o)<\/span><\/em><\/figcaption><\/figure><\/div>\n\n\n\n<p><strong><span class=\"has-inline-color has-vivid-cyan-blue-color\">Te\u00f3logos de esquerda rotulam Legend\u00e1rios de \u201cmasculinidade t\u00f3xica\u201d<br><\/span><\/strong>Relatos favor\u00e1veis de homens que subiram a montanha s\u00e3o comuns e esperados, mas algo que acabou tamb\u00e9m se tornando rotineiro foram manifesta\u00e7\u00f5es positivas das fam\u00edlias desses homens, em especial suas esposas. Mesmo assim, uma corrente minorit\u00e1ria dentro da igreja evang\u00e9lica, alinhada \u00e0 esquerda pol\u00edtica, passou a combater o Legend\u00e1rios com ironias \u00e1cidas ou mesmo cr\u00edticas contundentes aos organizadores e participantes.<\/p>\n\n\n\n<div class=\"wp-block-image\"><figure class=\"aligncenter size-large is-resized\"><a href=\"https:\/\/www.instagram.com\/rcradiadores\/\"><img loading=\"lazy\" decoding=\"async\" src=\"https:\/\/jornalfatosenoticias.com.br\/wp-content\/uploads\/2022\/10\/RC_800x750_page-0001.jpg\" alt=\"\" class=\"wp-image-35338\" width=\"273\" height=\"256\" srcset=\"https:\/\/jornalfatosenoticias.com.br\/wp-content\/uploads\/2022\/10\/RC_800x750_page-0001.jpg 400w, https:\/\/jornalfatosenoticias.com.br\/wp-content\/uploads\/2022\/10\/RC_800x750_page-0001-300x281.jpg 300w\" sizes=\"auto, (max-width: 273px) 100vw, 273px\" \/><\/a><\/figure><\/div>\n\n\n\n<p>Em menor grau, esses coment\u00e1rios chegam aos p\u00falpitos, mas \u00e9 nas redes sociais que pastores e influenciadores ligados \u00e0 teologia progressista e\/ou inclusiva t\u00eam direcionado esfor\u00e7os. Um dos opositores mais radicais \u00e9 Fillipe Gibran, de 35 anos, que se denomina um \u201cpastor evang\u00e9lico simples e revolucion\u00e1rio\u201d. Em um v\u00eddeo sobre o Legend\u00e1rios publicado no final de mar\u00e7o, ele sugere que homens estariam vindo ao Evangelho \u201ca partir da l\u00f3gica da masculinidade t\u00f3xica\u201d. Misturando<em> fake news<\/em> e acusa\u00e7\u00f5es sem provas de crimes, ele diz que o movimento est\u00e1 preparando homens para serem \u201csoldados de um cristianismo violento e autorit\u00e1rio\u201d.<\/p>\n\n\n\n<div class=\"wp-block-image\"><figure class=\"aligncenter size-large is-resized\"><a href=\"https:\/\/www.facebook.com\/profile.php?id=100069289606145\"><img loading=\"lazy\" decoding=\"async\" src=\"https:\/\/jornalfatosenoticias.com.br\/wp-content\/uploads\/2024\/11\/Guaitolini-Contabilidade-1024x714.jpeg\" alt=\"\" class=\"wp-image-55808\" width=\"306\" height=\"213\" srcset=\"https:\/\/jornalfatosenoticias.com.br\/wp-content\/uploads\/2024\/11\/Guaitolini-Contabilidade-1024x714.jpeg 1024w, https:\/\/jornalfatosenoticias.com.br\/wp-content\/uploads\/2024\/11\/Guaitolini-Contabilidade-300x209.jpeg 300w, https:\/\/jornalfatosenoticias.com.br\/wp-content\/uploads\/2024\/11\/Guaitolini-Contabilidade-768x535.jpeg 768w, https:\/\/jornalfatosenoticias.com.br\/wp-content\/uploads\/2024\/11\/Guaitolini-Contabilidade.jpeg 1280w\" sizes=\"auto, (max-width: 306px) 100vw, 306px\" \/><\/a><\/figure><\/div>\n\n\n\n<p>Mas as ideias de Gibran costumam ser vistas com muitas ressalvas entre os evang\u00e9licos: o te\u00f3logo faz uso de uma linguagem radicalizada, abertamente pol\u00edtica e questionadora de princ\u00edpios b\u00edblicos b\u00e1sicos. Entre as pol\u00eamicas que criou nos \u00faltimos meses est\u00e3o a classifica\u00e7\u00e3o dos chamados \u201cintervalos b\u00edblicos\u201d, que costumam ocorrer em escolas e faculdades para compartilhar a f\u00e9 crist\u00e3, de \u201clavagem cerebral\u201d, e uma defesa da tese de que a B\u00edblia apoiaria a maconha.<\/p>\n\n\n\n<div class=\"wp-block-image\"><figure class=\"aligncenter size-large is-resized\"><a href=\"https:\/\/www.instagram.com\/restaurantepegoretti\/\"><img loading=\"lazy\" decoding=\"async\" src=\"https:\/\/jornalfatosenoticias.com.br\/wp-content\/uploads\/2023\/12\/pegoretti-logo-pdf-1024x389.jpg\" alt=\"\" class=\"wp-image-47536\" width=\"493\" height=\"187\" srcset=\"https:\/\/jornalfatosenoticias.com.br\/wp-content\/uploads\/2023\/12\/pegoretti-logo-pdf-1024x389.jpg 1024w, https:\/\/jornalfatosenoticias.com.br\/wp-content\/uploads\/2023\/12\/pegoretti-logo-pdf-300x114.jpg 300w, https:\/\/jornalfatosenoticias.com.br\/wp-content\/uploads\/2023\/12\/pegoretti-logo-pdf-768x291.jpg 768w, https:\/\/jornalfatosenoticias.com.br\/wp-content\/uploads\/2023\/12\/pegoretti-logo-pdf.jpg 1120w\" sizes=\"auto, (max-width: 493px) 100vw, 493px\" \/><\/a><\/figure><\/div>\n\n\n\n<p>Gibran pertence \u00e0 \u201cComuna do Reino\u201d, em Belo Horizonte, que se intitula como \u201ca primeira igreja antifundamentalista do Brasil\u201d. Muitas das outras vozes cr\u00edticas ao Legend\u00e1rios dentro da igreja, como Ed Ren\u00e9 Kivitz, Evandro Moretti e Ranieri Costa, s\u00e3o te\u00f3logos ligados \u00e0 esquerda. A postagem de Fillipe Gibran, ali\u00e1s, foi publicada em coautoria com perfis dedicados \u00e0 milit\u00e2ncia pol\u00edtica, como \u201cEvang\u00e9licos com Lula\u201d e \u201cMovimento Brasil Laico\u201d \u2014 entidades que afirmam defender segmentos prejudicados pelo \u201cprojeto de poder crist\u00e3o conservador que amea\u00e7a a democracia no Brasil\u201d.<\/p>\n\n\n\n<div class=\"wp-block-image\"><figure class=\"aligncenter size-large is-resized\"><a href=\"https:\/\/www.instagram.com\/esteiochurrascaria\/\"><img loading=\"lazy\" decoding=\"async\" src=\"https:\/\/jornalfatosenoticias.com.br\/wp-content\/uploads\/2022\/02\/LOGO-ESTEIO-1024x730.png\" alt=\"\" class=\"wp-image-27942\" width=\"313\" height=\"223\" srcset=\"https:\/\/jornalfatosenoticias.com.br\/wp-content\/uploads\/2022\/02\/LOGO-ESTEIO-1024x730.png 1024w, https:\/\/jornalfatosenoticias.com.br\/wp-content\/uploads\/2022\/02\/LOGO-ESTEIO-300x214.png 300w, https:\/\/jornalfatosenoticias.com.br\/wp-content\/uploads\/2022\/02\/LOGO-ESTEIO-768x548.png 768w, https:\/\/jornalfatosenoticias.com.br\/wp-content\/uploads\/2022\/02\/LOGO-ESTEIO.png 1123w\" sizes=\"auto, (max-width: 313px) 100vw, 313px\" \/><\/a><\/figure><\/div>\n\n\n\n<p><strong><span class=\"has-inline-color has-vivid-cyan-blue-color\">\u201cDevolver o her\u00f3i para cada fam\u00edlia\u201d<br><\/span><\/strong>\u201cO Legend\u00e1rios surgiu porque n\u00f3s reconhecemos que, como homens, est\u00e1vamos em d\u00edvida com a sociedade, com nossas fam\u00edlias, com nossas igrejas. Ent\u00e3o, o prop\u00f3sito \u00e9 restaurar a configura\u00e7\u00e3o original do homem, seu posicionamento. \u00c9 devolver o her\u00f3i para cada fam\u00edlia\u201d, diz Ricardo Bernardes, diretor do Legend\u00e1rios Brasil e o primeiro brasileiro a completar o desafio, em um evento na Guatemala em 2017. Em novembro do ano seguinte, Bernardes e mais dez homens realizaram a primeira edi\u00e7\u00e3o brasileira do Legend\u00e1rios, em Santa Catarina.<\/p>\n\n\n\n<div class=\"wp-block-image\"><figure class=\"aligncenter size-large\"><img loading=\"lazy\" decoding=\"async\" width=\"1000\" height=\"666\" src=\"https:\/\/jornalfatosenoticias.com.br\/wp-content\/uploads\/2025\/04\/legendarios-santa-catarina-ricardo-bernardes.jpg\" alt=\"\" class=\"wp-image-58520\" srcset=\"https:\/\/jornalfatosenoticias.com.br\/wp-content\/uploads\/2025\/04\/legendarios-santa-catarina-ricardo-bernardes.jpg 1000w, https:\/\/jornalfatosenoticias.com.br\/wp-content\/uploads\/2025\/04\/legendarios-santa-catarina-ricardo-bernardes-300x200.jpg 300w, https:\/\/jornalfatosenoticias.com.br\/wp-content\/uploads\/2025\/04\/legendarios-santa-catarina-ricardo-bernardes-768x511.jpg 768w\" sizes=\"auto, (max-width: 1000px) 100vw, 1000px\" \/><figcaption><em><span class=\"has-inline-color has-black-color\">Pastor Ricardo Bernardes, primeiro brasileiro a completar o desafio, conduz participantes em trilha (Foto: Divulga\u00e7\u00e3o Legend\u00e1rios Brasil)<\/span><\/em><\/figcaption><\/figure><\/div>\n\n\n\n<blockquote class=\"wp-block-quote is-layout-flow wp-block-quote-is-layout-flow\"><p><span class=\"has-inline-color has-luminous-vivid-orange-color\">Hoje o Brasil \u00e9 o pa\u00eds onde o movimento mais cresce. Mas no mundo j\u00e1 s\u00e3o mais de 100 mil legend\u00e1rios. No \u00faltimo final de semana come\u00e7amos na Europa, em Portugal. Agora teremos no Jap\u00e3o, entrando na \u00c1sia tamb\u00e9m. Ent\u00e3o \u00e9 um movimento que tem crescido, apoiado as igrejas locais e sido um instrumento de transforma\u00e7\u00e3o\u201d, declara.<\/span><\/p><\/blockquote>\n\n\n\n<div class=\"wp-block-image\"><figure class=\"aligncenter size-large is-resized\"><a href=\"https:\/\/hotelmarquetti.com.br\/\"><img loading=\"lazy\" decoding=\"async\" src=\"https:\/\/jornalfatosenoticias.com.br\/wp-content\/uploads\/2020\/02\/LOGO-MQ-1024x680.jpg\" alt=\"\" class=\"wp-image-58299\" width=\"310\" height=\"206\" srcset=\"https:\/\/jornalfatosenoticias.com.br\/wp-content\/uploads\/2020\/02\/LOGO-MQ-1024x680.jpg 1024w, https:\/\/jornalfatosenoticias.com.br\/wp-content\/uploads\/2020\/02\/LOGO-MQ-300x199.jpg 300w, https:\/\/jornalfatosenoticias.com.br\/wp-content\/uploads\/2020\/02\/LOGO-MQ-768x510.jpg 768w, https:\/\/jornalfatosenoticias.com.br\/wp-content\/uploads\/2020\/02\/LOGO-MQ-1536x1020.jpg 1536w, https:\/\/jornalfatosenoticias.com.br\/wp-content\/uploads\/2020\/02\/LOGO-MQ-2048x1360.jpg 2048w\" sizes=\"auto, (max-width: 310px) 100vw, 310px\" \/><\/a><\/figure><\/div>\n\n\n\n<p><strong><span class=\"has-inline-color has-vivid-cyan-blue-color\">Acusa\u00e7\u00f5es de machismo n\u00e3o t\u00eam fundamento, diz te\u00f3logo<br><\/span><\/strong>Para Renato Bastos, pastor da Segunda Igreja Batista de Curitiba e professor de Teologia da Faculdades Batista do Paran\u00e1 (Fabapar), as cr\u00edticas, vindas de dentro da igreja, em rela\u00e7\u00e3o ao suposto machismo nos retiros do Legend\u00e1rios, est\u00e3o restritas a uma corrente minorit\u00e1ria. <\/p>\n\n\n\n<blockquote class=\"wp-block-quote is-layout-flow wp-block-quote-is-layout-flow\"><p><span class=\"has-inline-color has-luminous-vivid-orange-color\">Qualquer iniciativa que busque resgatar a identidade masculina dentro da perspectiva b\u00edblica incomoda aqueles que resumem o homem a uma figura machista. Hombridade n\u00e3o tem nada a ver com machismo. Hombridade \u00e9 o homem entender seu papel, seja ele casado ou solteiro\u201d, aponta.<\/span><\/p><\/blockquote>\n\n\n\n<div class=\"wp-block-image\"><figure class=\"aligncenter size-large is-resized\"><a href=\"https:\/\/www.facebook.com\/vetor.vix\/\"><img loading=\"lazy\" decoding=\"async\" src=\"https:\/\/jornalfatosenoticias.com.br\/wp-content\/uploads\/2023\/09\/vetorvix1024_1.jpg\" alt=\"\" class=\"wp-image-44868\" width=\"543\" height=\"144\" srcset=\"https:\/\/jornalfatosenoticias.com.br\/wp-content\/uploads\/2023\/09\/vetorvix1024_1.jpg 1024w, https:\/\/jornalfatosenoticias.com.br\/wp-content\/uploads\/2023\/09\/vetorvix1024_1-300x80.jpg 300w, https:\/\/jornalfatosenoticias.com.br\/wp-content\/uploads\/2023\/09\/vetorvix1024_1-768x205.jpg 768w\" sizes=\"auto, (max-width: 543px) 100vw, 543px\" \/><\/a><\/figure><\/div>\n\n\n\n<p>Segundo o te\u00f3logo, uma cr\u00edtica comum ao Legend\u00e1rios no meio evang\u00e9lico tem a ver com o alto valor cobrado. Participar de um evento, que dura 72 horas \u2014 normalmente inicia na quinta-feira \u00e0 noite e encerra no domingo \u2014 custa entre R$ 1.500 a R$ 1.800. \u201cPor outro lado, \u00e9 ineg\u00e1vel o impacto nas igrejas locais e, consequentemente, na fam\u00edlia desses homens. A gente v\u00ea que muitos que passaram pela experi\u00eancia experimentaram uma transforma\u00e7\u00e3o profunda na vida, na conduta, no papel de pai, de marido e at\u00e9 de profissional\u201d, afirma.<\/p>\n\n\n\n<p><strong>Fonte: <a href=\"https:\/\/www.gazetadopovo.com.br\/vida-e-cidadania\/o-que-e-o-legendarios-movimento-cristao-conquistou-famosos-atraiu-ira-esquerda\/\">Gazeta do Povo<\/a><\/strong><\/p>\n","protected":false},"excerpt":{"rendered":"<p>Com 30 mil \u201clegend\u00e1rios\u201d, Brasil \u00e9 o pa\u00eds com o maior n\u00famero de homens que completaram o desafio Por Gabriel Sestrem Subir uma montanha, dormir em barracas, lidar com desconfortos e desafios f\u00edsicos com direito apenas a um bast\u00e3o de caminhada e o apoio de outros homens. Tudo isso em meio a momentos de ora\u00e7\u00e3o [&hellip;]<\/p>\n","protected":false},"author":2,"featured_media":58522,"comment_status":"open","ping_status":"open","sticky":false,"template":"","format":"standard","meta":{"footnotes":""},"categories":[21140],"tags":[1619,14159,1043,26674,24393,26675],"class_list":["post-58519","post","type-post","status-publish","format-standard","has-post-thumbnail","hentry","category-religiao","tag-cristianismo","tag-evangelicos","tag-familia","tag-legendarios","tag-pablo-marcal","tag-teologo"],"yoast_head":"<!-- This site is optimized with the Yoast SEO plugin v26.5 - https:\/\/yoast.com\/wordpress\/plugins\/seo\/ -->\n<title>O movimento crist\u00e3o que conquista famosos e atrai a ira da esquerda - Jornal Fatos e Not\u00edcias<\/title>\n<meta name=\"robots\" content=\"index, follow, max-snippet:-1, max-image-preview:large, max-video-preview:-1\" \/>\n<link rel=\"canonical\" href=\"https:\/\/jornalfatosenoticias.com.br\/index.php\/2025\/04\/14\/o-movimento-cristao-que-conquista-famosos-e-atrai-a-ira-da-esquerda\/\" \/>\n<meta property=\"og:locale\" content=\"pt_BR\" \/>\n<meta property=\"og:type\" content=\"article\" \/>\n<meta property=\"og:title\" content=\"O movimento crist\u00e3o que conquista famosos e atrai a ira da esquerda - Jornal Fatos e Not\u00edcias\" \/>\n<meta property=\"og:description\" content=\"Com 30 mil \u201clegend\u00e1rios\u201d, Brasil \u00e9 o pa\u00eds com o maior n\u00famero de homens que completaram o desafio Por Gabriel Sestrem Subir uma montanha, dormir em barracas, lidar com desconfortos e desafios f\u00edsicos com direito apenas a um bast\u00e3o de caminhada e o apoio de outros homens. Tudo isso em meio a momentos de ora\u00e7\u00e3o [&hellip;]\" \/>\n<meta property=\"og:url\" content=\"https:\/\/jornalfatosenoticias.com.br\/index.php\/2025\/04\/14\/o-movimento-cristao-que-conquista-famosos-e-atrai-a-ira-da-esquerda\/\" \/>\n<meta property=\"og:site_name\" content=\"Jornal Fatos e Not\u00edcias\" \/>\n<meta property=\"article:published_time\" content=\"2025-04-14T18:41:29+00:00\" \/>\n<meta property=\"article:modified_time\" content=\"2025-04-14T18:41:32+00:00\" \/>\n<meta property=\"og:image\" content=\"https:\/\/jornalfatosenoticias.com.br\/wp-content\/uploads\/2025\/04\/legendarios-o-que-e.jpg\" \/>\n\t<meta property=\"og:image:width\" content=\"1000\" \/>\n\t<meta property=\"og:image:height\" content=\"666\" \/>\n\t<meta property=\"og:image:type\" content=\"image\/jpeg\" \/>\n<meta name=\"author\" content=\"Luzimara Fernandes\" \/>\n<meta name=\"twitter:card\" content=\"summary_large_image\" \/>\n<meta name=\"twitter:label1\" content=\"Escrito por\" \/>\n\t<meta name=\"twitter:data1\" content=\"Luzimara Fernandes\" \/>\n\t<meta name=\"twitter:label2\" content=\"Est. tempo de leitura\" \/>\n\t<meta name=\"twitter:data2\" content=\"6 minutos\" \/>\n<script type=\"application\/ld+json\" class=\"yoast-schema-graph\">{\"@context\":\"https:\/\/schema.org\",\"@graph\":[{\"@type\":\"Article\",\"@id\":\"https:\/\/jornalfatosenoticias.com.br\/index.php\/2025\/04\/14\/o-movimento-cristao-que-conquista-famosos-e-atrai-a-ira-da-esquerda\/#article\",\"isPartOf\":{\"@id\":\"https:\/\/jornalfatosenoticias.com.br\/index.php\/2025\/04\/14\/o-movimento-cristao-que-conquista-famosos-e-atrai-a-ira-da-esquerda\/\"},\"author\":{\"name\":\"Luzimara Fernandes\",\"@id\":\"https:\/\/jornalfatosenoticias.com.br\/#\/schema\/person\/d63837fa13ac8666eb9e74e0985d6f81\"},\"headline\":\"O movimento crist\u00e3o que conquista famosos e atrai a ira da esquerda\",\"datePublished\":\"2025-04-14T18:41:29+00:00\",\"dateModified\":\"2025-04-14T18:41:32+00:00\",\"mainEntityOfPage\":{\"@id\":\"https:\/\/jornalfatosenoticias.com.br\/index.php\/2025\/04\/14\/o-movimento-cristao-que-conquista-famosos-e-atrai-a-ira-da-esquerda\/\"},\"wordCount\":1166,\"commentCount\":0,\"publisher\":{\"@id\":\"https:\/\/jornalfatosenoticias.com.br\/#organization\"},\"image\":{\"@id\":\"https:\/\/jornalfatosenoticias.com.br\/index.php\/2025\/04\/14\/o-movimento-cristao-que-conquista-famosos-e-atrai-a-ira-da-esquerda\/#primaryimage\"},\"thumbnailUrl\":\"https:\/\/jornalfatosenoticias.com.br\/wp-content\/uploads\/2025\/04\/legendarios-o-que-e.jpg\",\"keywords\":[\"cristianismo\",\"evang\u00e9licos\",\"fam\u00edlia\",\"Legend\u00e1rios\",\"Pablo Mar\u00e7al\",\"te\u00f3logo\"],\"articleSection\":[\"Religi\u00e3o\"],\"inLanguage\":\"pt-BR\",\"potentialAction\":[{\"@type\":\"CommentAction\",\"name\":\"Comment\",\"target\":[\"https:\/\/jornalfatosenoticias.com.br\/index.php\/2025\/04\/14\/o-movimento-cristao-que-conquista-famosos-e-atrai-a-ira-da-esquerda\/#respond\"]}]},{\"@type\":\"WebPage\",\"@id\":\"https:\/\/jornalfatosenoticias.com.br\/index.php\/2025\/04\/14\/o-movimento-cristao-que-conquista-famosos-e-atrai-a-ira-da-esquerda\/\",\"url\":\"https:\/\/jornalfatosenoticias.com.br\/index.php\/2025\/04\/14\/o-movimento-cristao-que-conquista-famosos-e-atrai-a-ira-da-esquerda\/\",\"name\":\"O movimento crist\u00e3o que conquista famosos e atrai a ira da esquerda - Jornal Fatos e Not\u00edcias\",\"isPartOf\":{\"@id\":\"https:\/\/jornalfatosenoticias.com.br\/#website\"},\"primaryImageOfPage\":{\"@id\":\"https:\/\/jornalfatosenoticias.com.br\/index.php\/2025\/04\/14\/o-movimento-cristao-que-conquista-famosos-e-atrai-a-ira-da-esquerda\/#primaryimage\"},\"image\":{\"@id\":\"https:\/\/jornalfatosenoticias.com.br\/index.php\/2025\/04\/14\/o-movimento-cristao-que-conquista-famosos-e-atrai-a-ira-da-esquerda\/#primaryimage\"},\"thumbnailUrl\":\"https:\/\/jornalfatosenoticias.com.br\/wp-content\/uploads\/2025\/04\/legendarios-o-que-e.jpg\",\"datePublished\":\"2025-04-14T18:41:29+00:00\",\"dateModified\":\"2025-04-14T18:41:32+00:00\",\"breadcrumb\":{\"@id\":\"https:\/\/jornalfatosenoticias.com.br\/index.php\/2025\/04\/14\/o-movimento-cristao-que-conquista-famosos-e-atrai-a-ira-da-esquerda\/#breadcrumb\"},\"inLanguage\":\"pt-BR\",\"potentialAction\":[{\"@type\":\"ReadAction\",\"target\":[\"https:\/\/jornalfatosenoticias.com.br\/index.php\/2025\/04\/14\/o-movimento-cristao-que-conquista-famosos-e-atrai-a-ira-da-esquerda\/\"]}]},{\"@type\":\"ImageObject\",\"inLanguage\":\"pt-BR\",\"@id\":\"https:\/\/jornalfatosenoticias.com.br\/index.php\/2025\/04\/14\/o-movimento-cristao-que-conquista-famosos-e-atrai-a-ira-da-esquerda\/#primaryimage\",\"url\":\"https:\/\/jornalfatosenoticias.com.br\/wp-content\/uploads\/2025\/04\/legendarios-o-que-e.jpg\",\"contentUrl\":\"https:\/\/jornalfatosenoticias.com.br\/wp-content\/uploads\/2025\/04\/legendarios-o-que-e.jpg\",\"width\":1000,\"height\":666},{\"@type\":\"BreadcrumbList\",\"@id\":\"https:\/\/jornalfatosenoticias.com.br\/index.php\/2025\/04\/14\/o-movimento-cristao-que-conquista-famosos-e-atrai-a-ira-da-esquerda\/#breadcrumb\",\"itemListElement\":[{\"@type\":\"ListItem\",\"position\":1,\"name\":\"In\u00edcio\",\"item\":\"https:\/\/jornalfatosenoticias.com.br\/\"},{\"@type\":\"ListItem\",\"position\":2,\"name\":\"O movimento crist\u00e3o que conquista famosos e atrai a ira da esquerda\"}]},{\"@type\":\"WebSite\",\"@id\":\"https:\/\/jornalfatosenoticias.com.br\/#website\",\"url\":\"https:\/\/jornalfatosenoticias.com.br\/\",\"name\":\"Jornal Fatos e Not\u00edcias\",\"description\":\"Not\u00edcias em geral\",\"publisher\":{\"@id\":\"https:\/\/jornalfatosenoticias.com.br\/#organization\"},\"potentialAction\":[{\"@type\":\"SearchAction\",\"target\":{\"@type\":\"EntryPoint\",\"urlTemplate\":\"https:\/\/jornalfatosenoticias.com.br\/?s={search_term_string}\"},\"query-input\":{\"@type\":\"PropertyValueSpecification\",\"valueRequired\":true,\"valueName\":\"search_term_string\"}}],\"inLanguage\":\"pt-BR\"},{\"@type\":\"Organization\",\"@id\":\"https:\/\/jornalfatosenoticias.com.br\/#organization\",\"name\":\"Jornal Fatos e Not\u00edcias\",\"url\":\"https:\/\/jornalfatosenoticias.com.br\/\",\"logo\":{\"@type\":\"ImageObject\",\"inLanguage\":\"pt-BR\",\"@id\":\"https:\/\/jornalfatosenoticias.com.br\/#\/schema\/logo\/image\/\",\"url\":\"https:\/\/jornalfatosenoticias.com.br\/wp-content\/uploads\/2020\/02\/logo120.png\",\"contentUrl\":\"https:\/\/jornalfatosenoticias.com.br\/wp-content\/uploads\/2020\/02\/logo120.png\",\"width\":1227,\"height\":120,\"caption\":\"Jornal Fatos e Not\u00edcias\"},\"image\":{\"@id\":\"https:\/\/jornalfatosenoticias.com.br\/#\/schema\/logo\/image\/\"}},{\"@type\":\"Person\",\"@id\":\"https:\/\/jornalfatosenoticias.com.br\/#\/schema\/person\/d63837fa13ac8666eb9e74e0985d6f81\",\"name\":\"Luzimara Fernandes\",\"image\":{\"@type\":\"ImageObject\",\"inLanguage\":\"pt-BR\",\"@id\":\"https:\/\/jornalfatosenoticias.com.br\/#\/schema\/person\/image\/\",\"url\":\"https:\/\/jornalfatosenoticias.com.br\/wp-content\/uploads\/2025\/05\/EU_portal.jpg\",\"contentUrl\":\"https:\/\/jornalfatosenoticias.com.br\/wp-content\/uploads\/2025\/05\/EU_portal.jpg\",\"caption\":\"Luzimara Fernandes\"},\"description\":\"Jornalista MTB 2358-ES\",\"sameAs\":[\"https:\/\/jornalfatosenoticias.com.br\"],\"url\":\"https:\/\/jornalfatosenoticias.com.br\/index.php\/author\/luzimara\/\"}]}<\/script>\n<!-- \/ Yoast SEO plugin. -->","yoast_head_json":{"title":"O movimento crist\u00e3o que conquista famosos e atrai a ira da esquerda - Jornal Fatos e Not\u00edcias","robots":{"index":"index","follow":"follow","max-snippet":"max-snippet:-1","max-image-preview":"max-image-preview:large","max-video-preview":"max-video-preview:-1"},"canonical":"https:\/\/jornalfatosenoticias.com.br\/index.php\/2025\/04\/14\/o-movimento-cristao-que-conquista-famosos-e-atrai-a-ira-da-esquerda\/","og_locale":"pt_BR","og_type":"article","og_title":"O movimento crist\u00e3o que conquista famosos e atrai a ira da esquerda - Jornal Fatos e Not\u00edcias","og_description":"Com 30 mil \u201clegend\u00e1rios\u201d, Brasil \u00e9 o pa\u00eds com o maior n\u00famero de homens que completaram o desafio Por Gabriel Sestrem Subir uma montanha, dormir em barracas, lidar com desconfortos e desafios f\u00edsicos com direito apenas a um bast\u00e3o de caminhada e o apoio de outros homens. Tudo isso em meio a momentos de ora\u00e7\u00e3o [&hellip;]","og_url":"https:\/\/jornalfatosenoticias.com.br\/index.php\/2025\/04\/14\/o-movimento-cristao-que-conquista-famosos-e-atrai-a-ira-da-esquerda\/","og_site_name":"Jornal Fatos e Not\u00edcias","article_published_time":"2025-04-14T18:41:29+00:00","article_modified_time":"2025-04-14T18:41:32+00:00","og_image":[{"width":1000,"height":666,"url":"https:\/\/jornalfatosenoticias.com.br\/wp-content\/uploads\/2025\/04\/legendarios-o-que-e.jpg","type":"image\/jpeg"}],"author":"Luzimara Fernandes","twitter_card":"summary_large_image","twitter_misc":{"Escrito por":"Luzimara Fernandes","Est. tempo de leitura":"6 minutos"},"schema":{"@context":"https:\/\/schema.org","@graph":[{"@type":"Article","@id":"https:\/\/jornalfatosenoticias.com.br\/index.php\/2025\/04\/14\/o-movimento-cristao-que-conquista-famosos-e-atrai-a-ira-da-esquerda\/#article","isPartOf":{"@id":"https:\/\/jornalfatosenoticias.com.br\/index.php\/2025\/04\/14\/o-movimento-cristao-que-conquista-famosos-e-atrai-a-ira-da-esquerda\/"},"author":{"name":"Luzimara Fernandes","@id":"https:\/\/jornalfatosenoticias.com.br\/#\/schema\/person\/d63837fa13ac8666eb9e74e0985d6f81"},"headline":"O movimento crist\u00e3o que conquista famosos e atrai a ira da esquerda","datePublished":"2025-04-14T18:41:29+00:00","dateModified":"2025-04-14T18:41:32+00:00","mainEntityOfPage":{"@id":"https:\/\/jornalfatosenoticias.com.br\/index.php\/2025\/04\/14\/o-movimento-cristao-que-conquista-famosos-e-atrai-a-ira-da-esquerda\/"},"wordCount":1166,"commentCount":0,"publisher":{"@id":"https:\/\/jornalfatosenoticias.com.br\/#organization"},"image":{"@id":"https:\/\/jornalfatosenoticias.com.br\/index.php\/2025\/04\/14\/o-movimento-cristao-que-conquista-famosos-e-atrai-a-ira-da-esquerda\/#primaryimage"},"thumbnailUrl":"https:\/\/jornalfatosenoticias.com.br\/wp-content\/uploads\/2025\/04\/legendarios-o-que-e.jpg","keywords":["cristianismo","evang\u00e9licos","fam\u00edlia","Legend\u00e1rios","Pablo Mar\u00e7al","te\u00f3logo"],"articleSection":["Religi\u00e3o"],"inLanguage":"pt-BR","potentialAction":[{"@type":"CommentAction","name":"Comment","target":["https:\/\/jornalfatosenoticias.com.br\/index.php\/2025\/04\/14\/o-movimento-cristao-que-conquista-famosos-e-atrai-a-ira-da-esquerda\/#respond"]}]},{"@type":"WebPage","@id":"https:\/\/jornalfatosenoticias.com.br\/index.php\/2025\/04\/14\/o-movimento-cristao-que-conquista-famosos-e-atrai-a-ira-da-esquerda\/","url":"https:\/\/jornalfatosenoticias.com.br\/index.php\/2025\/04\/14\/o-movimento-cristao-que-conquista-famosos-e-atrai-a-ira-da-esquerda\/","name":"O movimento crist\u00e3o que conquista famosos e atrai a ira da esquerda - Jornal Fatos e Not\u00edcias","isPartOf":{"@id":"https:\/\/jornalfatosenoticias.com.br\/#website"},"primaryImageOfPage":{"@id":"https:\/\/jornalfatosenoticias.com.br\/index.php\/2025\/04\/14\/o-movimento-cristao-que-conquista-famosos-e-atrai-a-ira-da-esquerda\/#primaryimage"},"image":{"@id":"https:\/\/jornalfatosenoticias.com.br\/index.php\/2025\/04\/14\/o-movimento-cristao-que-conquista-famosos-e-atrai-a-ira-da-esquerda\/#primaryimage"},"thumbnailUrl":"https:\/\/jornalfatosenoticias.com.br\/wp-content\/uploads\/2025\/04\/legendarios-o-que-e.jpg","datePublished":"2025-04-14T18:41:29+00:00","dateModified":"2025-04-14T18:41:32+00:00","breadcrumb":{"@id":"https:\/\/jornalfatosenoticias.com.br\/index.php\/2025\/04\/14\/o-movimento-cristao-que-conquista-famosos-e-atrai-a-ira-da-esquerda\/#breadcrumb"},"inLanguage":"pt-BR","potentialAction":[{"@type":"ReadAction","target":["https:\/\/jornalfatosenoticias.com.br\/index.php\/2025\/04\/14\/o-movimento-cristao-que-conquista-famosos-e-atrai-a-ira-da-esquerda\/"]}]},{"@type":"ImageObject","inLanguage":"pt-BR","@id":"https:\/\/jornalfatosenoticias.com.br\/index.php\/2025\/04\/14\/o-movimento-cristao-que-conquista-famosos-e-atrai-a-ira-da-esquerda\/#primaryimage","url":"https:\/\/jornalfatosenoticias.com.br\/wp-content\/uploads\/2025\/04\/legendarios-o-que-e.jpg","contentUrl":"https:\/\/jornalfatosenoticias.com.br\/wp-content\/uploads\/2025\/04\/legendarios-o-que-e.jpg","width":1000,"height":666},{"@type":"BreadcrumbList","@id":"https:\/\/jornalfatosenoticias.com.br\/index.php\/2025\/04\/14\/o-movimento-cristao-que-conquista-famosos-e-atrai-a-ira-da-esquerda\/#breadcrumb","itemListElement":[{"@type":"ListItem","position":1,"name":"In\u00edcio","item":"https:\/\/jornalfatosenoticias.com.br\/"},{"@type":"ListItem","position":2,"name":"O movimento crist\u00e3o que conquista famosos e atrai a ira da esquerda"}]},{"@type":"WebSite","@id":"https:\/\/jornalfatosenoticias.com.br\/#website","url":"https:\/\/jornalfatosenoticias.com.br\/","name":"Jornal Fatos e Not\u00edcias","description":"Not\u00edcias em geral","publisher":{"@id":"https:\/\/jornalfatosenoticias.com.br\/#organization"},"potentialAction":[{"@type":"SearchAction","target":{"@type":"EntryPoint","urlTemplate":"https:\/\/jornalfatosenoticias.com.br\/?s={search_term_string}"},"query-input":{"@type":"PropertyValueSpecification","valueRequired":true,"valueName":"search_term_string"}}],"inLanguage":"pt-BR"},{"@type":"Organization","@id":"https:\/\/jornalfatosenoticias.com.br\/#organization","name":"Jornal Fatos e Not\u00edcias","url":"https:\/\/jornalfatosenoticias.com.br\/","logo":{"@type":"ImageObject","inLanguage":"pt-BR","@id":"https:\/\/jornalfatosenoticias.com.br\/#\/schema\/logo\/image\/","url":"https:\/\/jornalfatosenoticias.com.br\/wp-content\/uploads\/2020\/02\/logo120.png","contentUrl":"https:\/\/jornalfatosenoticias.com.br\/wp-content\/uploads\/2020\/02\/logo120.png","width":1227,"height":120,"caption":"Jornal Fatos e Not\u00edcias"},"image":{"@id":"https:\/\/jornalfatosenoticias.com.br\/#\/schema\/logo\/image\/"}},{"@type":"Person","@id":"https:\/\/jornalfatosenoticias.com.br\/#\/schema\/person\/d63837fa13ac8666eb9e74e0985d6f81","name":"Luzimara Fernandes","image":{"@type":"ImageObject","inLanguage":"pt-BR","@id":"https:\/\/jornalfatosenoticias.com.br\/#\/schema\/person\/image\/","url":"https:\/\/jornalfatosenoticias.com.br\/wp-content\/uploads\/2025\/05\/EU_portal.jpg","contentUrl":"https:\/\/jornalfatosenoticias.com.br\/wp-content\/uploads\/2025\/05\/EU_portal.jpg","caption":"Luzimara Fernandes"},"description":"Jornalista MTB 2358-ES","sameAs":["https:\/\/jornalfatosenoticias.com.br"],"url":"https:\/\/jornalfatosenoticias.com.br\/index.php\/author\/luzimara\/"}]}},"cc_featured_image_caption":{"caption_text":"(Foto: Divulga\u00e7\u00e3o Legend\u00e1rios Brasil)","source_text":"","source_url":""},"jetpack_featured_media_url":"https:\/\/jornalfatosenoticias.com.br\/wp-content\/uploads\/2025\/04\/legendarios-o-que-e.jpg","_links":{"self":[{"href":"https:\/\/jornalfatosenoticias.com.br\/index.php\/wp-json\/wp\/v2\/posts\/58519","targetHints":{"allow":["GET"]}}],"collection":[{"href":"https:\/\/jornalfatosenoticias.com.br\/index.php\/wp-json\/wp\/v2\/posts"}],"about":[{"href":"https:\/\/jornalfatosenoticias.com.br\/index.php\/wp-json\/wp\/v2\/types\/post"}],"author":[{"embeddable":true,"href":"https:\/\/jornalfatosenoticias.com.br\/index.php\/wp-json\/wp\/v2\/users\/2"}],"replies":[{"embeddable":true,"href":"https:\/\/jornalfatosenoticias.com.br\/index.php\/wp-json\/wp\/v2\/comments?post=58519"}],"version-history":[{"count":0,"href":"https:\/\/jornalfatosenoticias.com.br\/index.php\/wp-json\/wp\/v2\/posts\/58519\/revisions"}],"wp:featuredmedia":[{"embeddable":true,"href":"https:\/\/jornalfatosenoticias.com.br\/index.php\/wp-json\/wp\/v2\/media\/58522"}],"wp:attachment":[{"href":"https:\/\/jornalfatosenoticias.com.br\/index.php\/wp-json\/wp\/v2\/media?parent=58519"}],"wp:term":[{"taxonomy":"category","embeddable":true,"href":"https:\/\/jornalfatosenoticias.com.br\/index.php\/wp-json\/wp\/v2\/categories?post=58519"},{"taxonomy":"post_tag","embeddable":true,"href":"https:\/\/jornalfatosenoticias.com.br\/index.php\/wp-json\/wp\/v2\/tags?post=58519"}],"curies":[{"name":"wp","href":"https:\/\/api.w.org\/{rel}","templated":true}]}}