{"id":58557,"date":"2025-04-15T16:32:03","date_gmt":"2025-04-15T19:32:03","guid":{"rendered":"https:\/\/jornalfatosenoticias.com.br\/?p=58557"},"modified":"2025-04-15T16:32:04","modified_gmt":"2025-04-15T19:32:04","slug":"as-mil-faces-da-ansiedade-transtorno-cada-vez-mais-epidemico-que-ja-virou-questao-de-saude-publica","status":"publish","type":"post","link":"https:\/\/jornalfatosenoticias.com.br\/index.php\/2025\/04\/15\/as-mil-faces-da-ansiedade-transtorno-cada-vez-mais-epidemico-que-ja-virou-questao-de-saude-publica\/","title":{"rendered":"As mil faces da ansiedade, transtorno cada vez mais epid\u00eamico que j\u00e1 virou quest\u00e3o de sa\u00fade p\u00fablica"},"content":{"rendered":"\n<p><em><span class=\"has-inline-color has-black-color\">Sentimento natural e importante em todo ser humano, a ansiedade passa a ser patol\u00f3gica quando come\u00e7a a causar sofrimento, afeta rela\u00e7\u00f5es pessoais, dificulta o conv\u00edvio social e compromete o desempenho profissional<\/span><\/em><\/p>\n\n\n\n<p><span class=\"has-inline-color has-black-color\">Por <strong>Marcelo Queiroz Hoexter\/*<a href=\"https:\/\/theconversation.com\/as-mil-faces-da-ansiedade-transtorno-cada-vez-mais-epidemico-que-ja-virou-questao-de-saude-publica-253666\" target=\"_blank\" rel=\"noreferrer noopener\">The Conversation<\/a><\/strong><\/span><\/p>\n\n\n\n<div class=\"wp-block-image\"><figure class=\"aligncenter size-large\"><a href=\"https:\/\/mizu.com.br\/\"><img loading=\"lazy\" decoding=\"async\" width=\"729\" height=\"90\" src=\"https:\/\/jornalfatosenoticias.com.br\/wp-content\/uploads\/2020\/02\/Logo_Mizu.png\" alt=\"\" class=\"wp-image-1441\" srcset=\"https:\/\/jornalfatosenoticias.com.br\/wp-content\/uploads\/2020\/02\/Logo_Mizu.png 729w, https:\/\/jornalfatosenoticias.com.br\/wp-content\/uploads\/2020\/02\/Logo_Mizu-300x37.png 300w\" sizes=\"auto, (max-width: 729px) 100vw, 729px\" \/><\/a><\/figure><\/div>\n\n\n\n<p>Nos animais, o medo \u00e9 uma rea\u00e7\u00e3o inata do organismo para se proteger em situa\u00e7\u00f5es de perigo e continuar existindo. O rato, por exemplo, na presen\u00e7a de um perigo, como um gato, reage com medo diante da amea\u00e7a e, para sobreviver, precisa reagir \u2014 seja lutando ou fugindo. A frequ\u00eancia card\u00edaca aumenta, o sangue \u00e9 bombeado para m\u00fasculos e c\u00e9rebro, a respira\u00e7\u00e3o acelera, h\u00e1 taquicardia, altera\u00e7\u00f5es pupilares e libera\u00e7\u00e3o de horm\u00f4nios como cortisol e adrenalina \u2014 rea\u00e7\u00f5es t\u00edpicas da resposta ao medo. Essa resposta tem in\u00edcio agudo diante do objeto temido e se dissipa t\u00e3o logo ele desaparece.<br>Os humanos, por sua vez, muitas vezes apresentam uma hiper-reatividade auton\u00f4mica mesmo sem a presen\u00e7a de uma amea\u00e7a real. Em outros casos, a amea\u00e7a existiu, mas, mesmo ap\u00f3s desaparecer, a resposta persiste. Por exemplo, algu\u00e9m que passou por uma situa\u00e7\u00e3o perigosa continua reagindo, um m\u00eas depois, como se o perigo ainda estivesse presente. Embora a amea\u00e7a tenha passado, o corpo segue em estado de alerta. \u00c9 o estado de ansiedade, um fen\u00f4meno inerente \u00e0 condi\u00e7\u00e3o humana.<\/p>\n\n\n\n<div class=\"wp-block-image\"><figure class=\"aligncenter size-large\"><a href=\"https:\/\/www.cesconetto.com.br\/\"><img loading=\"lazy\" decoding=\"async\" width=\"300\" height=\"250\" src=\"https:\/\/jornalfatosenoticias.com.br\/wp-content\/uploads\/2020\/02\/Banner-2.png\" alt=\"\" class=\"wp-image-43787\"\/><\/a><\/figure><\/div>\n\n\n\n<p>Seguramente, sentir certo n\u00edvel de ansiedade \u00e9 fundamental. Quem n\u00e3o fica ansioso antes de um compromisso ou tarefa importante? \u00c9 necess\u00e1rio que o cora\u00e7\u00e3o bata mais r\u00e1pido, levando mais oxig\u00eanio e sangue ao c\u00e9rebro e aos m\u00fasculos. Tamb\u00e9m \u00e9 essencial que aumentem o n\u00edvel cognitivo e a aten\u00e7\u00e3o. Mas assim que o compromisso ou est\u00edmulo terminam, a ansiedade deve diminuir, permitindo que a pessoa siga com sua vida.<\/p>\n\n\n\n<div class=\"wp-block-image\"><figure class=\"aligncenter size-large is-resized\"><a href=\"https:\/\/www.facebook.com\/profile.php?id=100069289606145\"><img loading=\"lazy\" decoding=\"async\" src=\"https:\/\/jornalfatosenoticias.com.br\/wp-content\/uploads\/2024\/11\/Guaitolini-Contabilidade-1024x714.jpeg\" alt=\"\" class=\"wp-image-55808\" width=\"347\" height=\"242\" srcset=\"https:\/\/jornalfatosenoticias.com.br\/wp-content\/uploads\/2024\/11\/Guaitolini-Contabilidade-1024x714.jpeg 1024w, https:\/\/jornalfatosenoticias.com.br\/wp-content\/uploads\/2024\/11\/Guaitolini-Contabilidade-300x209.jpeg 300w, https:\/\/jornalfatosenoticias.com.br\/wp-content\/uploads\/2024\/11\/Guaitolini-Contabilidade-768x535.jpeg 768w, https:\/\/jornalfatosenoticias.com.br\/wp-content\/uploads\/2024\/11\/Guaitolini-Contabilidade.jpeg 1280w\" sizes=\"auto, (max-width: 347px) 100vw, 347px\" \/><\/a><\/figure><\/div>\n\n\n\n<p>O problema \u00e9 que, para alguns, <a href=\"https:\/\/jornal.usp.br\/ciencias\/ansiedade-insonia-estresse-depressao-estudo-mostra-como-saude-mental-evoluiu-na-pandemia\/\">essa dissipa\u00e7\u00e3o n\u00e3o ocorre<\/a>. A fronteira entre ansiedade fisiol\u00f3gica e patol\u00f3gica se estabelece quando esta viv\u00eancia passa a causar sofrimento ou preju\u00edzo no funcionamento di\u00e1rio. Pode afetar rela\u00e7\u00f5es interpessoais, dificultando o conv\u00edvio social e a forma\u00e7\u00e3o de v\u00ednculos afetivos e comprometer o desempenho profissional, impedindo o uso da capacidade cognitiva exigida para certas fun\u00e7\u00f5es. Nesses casos, a ansiedade causa sofrimento e preju\u00edzos funcionais significativos e, geralmente, requer ajuda especializada. Portanto, <a href=\"https:\/\/jornal.usp.br\/radio-usp\/casos-de-ansiedade-nao-tratados-podem-tornar-se-problemas-de-saude-mental-mais-graves\/\">n\u00e3o deve evoluir sem cuidado especializado<\/a>.<\/p>\n\n\n\n<div class=\"wp-block-image\"><figure class=\"aligncenter size-large is-resized\"><a href=\"https:\/\/www.instagram.com\/serra4x4cambioautomatico\/\"><img loading=\"lazy\" decoding=\"async\" src=\"https:\/\/jornalfatosenoticias.com.br\/wp-content\/uploads\/2024\/08\/Serra-4x4-1-886x1024.jpg\" alt=\"\" class=\"wp-image-53632\" width=\"282\" height=\"326\" srcset=\"https:\/\/jornalfatosenoticias.com.br\/wp-content\/uploads\/2024\/08\/Serra-4x4-1-886x1024.jpg 886w, https:\/\/jornalfatosenoticias.com.br\/wp-content\/uploads\/2024\/08\/Serra-4x4-1-260x300.jpg 260w, https:\/\/jornalfatosenoticias.com.br\/wp-content\/uploads\/2024\/08\/Serra-4x4-1-768x888.jpg 768w, https:\/\/jornalfatosenoticias.com.br\/wp-content\/uploads\/2024\/08\/Serra-4x4-1.jpg 1181w\" sizes=\"auto, (max-width: 282px) 100vw, 282px\" \/><\/a><\/figure><\/div>\n\n\n\n<p>Ansiedade tamb\u00e9m pode ser um <a href=\"https:\/\/cienciahoje.org.br\/artigo\/se-todos-tem-quando-e-um-transtorno\/#:%7E:text=A%20ansiedade%20%C3%A9%20um%20estado,o%20mundo%20sombrio%20e%20assustador\">sinal da presen\u00e7a de outros transtornos.<\/a> Em um sentido mais amplo, \u00e9 um sintoma \u2014 como uma febre. Diversos quadros psiqui\u00e1tricos podem inclu\u00ed-la entre suas manifesta\u00e7\u00f5es, como o transtorno depressivo, o transtorno afetivo bipolar, a esquizofrenia e o abuso de subst\u00e2ncias. Todos podem apresentar ansiedade em sua constela\u00e7\u00e3o de sintomas.<\/p>\n\n\n\n<div class=\"wp-block-image\"><figure class=\"aligncenter size-large is-resized\"><a href=\"https:\/\/www.facebook.com\/vetor.vix\/\"><img loading=\"lazy\" decoding=\"async\" src=\"https:\/\/jornalfatosenoticias.com.br\/wp-content\/uploads\/2023\/09\/vetorvix1024_1.jpg\" alt=\"\" class=\"wp-image-44868\" width=\"543\" height=\"144\" srcset=\"https:\/\/jornalfatosenoticias.com.br\/wp-content\/uploads\/2023\/09\/vetorvix1024_1.jpg 1024w, https:\/\/jornalfatosenoticias.com.br\/wp-content\/uploads\/2023\/09\/vetorvix1024_1-300x80.jpg 300w, https:\/\/jornalfatosenoticias.com.br\/wp-content\/uploads\/2023\/09\/vetorvix1024_1-768x205.jpg 768w\" sizes=\"auto, (max-width: 543px) 100vw, 543px\" \/><\/a><\/figure><\/div>\n\n\n\n<p><strong><span class=\"has-inline-color has-vivid-purple-color\">Formas agudas e cr\u00f4nicas<br><\/span><\/strong>Existem os transtornos de ansiedade propriamente ditos. O transtorno de ansiedade generalizada, por exemplo, caracteriza-se por um n\u00edvel de ansiedade acima do esperado, em que a pessoa se mant\u00e9m cronicamente ansiosa, muitas vezes com preocupa\u00e7\u00f5es que reconhece como excessivas. Isso gera sintomas auton\u00f4micos, como taquicardia, respira\u00e7\u00e3o ofegante e sudorese, al\u00e9m de dificuldades para dormir \u2014 seja para adormecer, seja para voltar a dormir ap\u00f3s despertar. Tamb\u00e9m pode haver irritabilidade e desconcentra\u00e7\u00e3o.<\/p>\n\n\n\n<div class=\"wp-block-image\"><figure class=\"aligncenter size-large is-resized\"><a href=\"https:\/\/www.controlsystems.com.br\/\"><img loading=\"lazy\" decoding=\"async\" src=\"https:\/\/jornalfatosenoticias.com.br\/wp-content\/uploads\/2020\/02\/CONTROL-CS.jpg\" alt=\"\" class=\"wp-image-44991\" width=\"284\" height=\"340\" srcset=\"https:\/\/jornalfatosenoticias.com.br\/wp-content\/uploads\/2020\/02\/CONTROL-CS.jpg 834w, https:\/\/jornalfatosenoticias.com.br\/wp-content\/uploads\/2020\/02\/CONTROL-CS-250x300.jpg 250w, https:\/\/jornalfatosenoticias.com.br\/wp-content\/uploads\/2020\/02\/CONTROL-CS-768x921.jpg 768w\" sizes=\"auto, (max-width: 284px) 100vw, 284px\" \/><\/a><\/figure><\/div>\n\n\n\n<p>Quando a ansiedade \u00e9 <a href=\"https:\/\/www.fcw.org.br\/culturacientifica9\/marcelo-queiroz-hoexter\">aguda e intensa<\/a>, temos o transtorno do p\u00e2nico: uma descarga s\u00fabita de adrenalina, sem causa aparente, acompanhada de sintomas f\u00edsicos extremos e a sensa\u00e7\u00e3o de perda de controle \u2014 muitas vezes confundida com uma emerg\u00eancia m\u00e9dica. Existem outros tipos de transtornos de ansiedade, como as fobias \u2014 medos espec\u00edficos que se manifestam de diversas formas. <\/p>\n\n\n\n<div class=\"wp-block-image\"><figure class=\"aligncenter size-large is-resized\"><a href=\"https:\/\/www.instagram.com\/esteiochurrascaria\/\"><img loading=\"lazy\" decoding=\"async\" src=\"https:\/\/jornalfatosenoticias.com.br\/wp-content\/uploads\/2022\/02\/LOGO-ESTEIO-1024x730.png\" alt=\"\" class=\"wp-image-27942\" width=\"303\" height=\"216\" srcset=\"https:\/\/jornalfatosenoticias.com.br\/wp-content\/uploads\/2022\/02\/LOGO-ESTEIO-1024x730.png 1024w, https:\/\/jornalfatosenoticias.com.br\/wp-content\/uploads\/2022\/02\/LOGO-ESTEIO-300x214.png 300w, https:\/\/jornalfatosenoticias.com.br\/wp-content\/uploads\/2022\/02\/LOGO-ESTEIO-768x548.png 768w, https:\/\/jornalfatosenoticias.com.br\/wp-content\/uploads\/2022\/02\/LOGO-ESTEIO.png 1123w\" sizes=\"auto, (max-width: 303px) 100vw, 303px\" \/><\/a><\/figure><\/div>\n\n\n\n<p>Entre elas, destaca-se a fobia social (ou transtorno de ansiedade social), em que a pessoa, ao se expor socialmente, apresenta intensa ansiedade, temendo ser julgada. A rea\u00e7\u00e3o mais comum \u00e9 a evita\u00e7\u00e3o: ao perceber que certas situa\u00e7\u00f5es geram ansiedade, a pessoa tenta evit\u00e1-las, cancelando ou fugindo de compromissos. Al\u00e9m da fobia social, h\u00e1 fobias espec\u00edficas, como medo de altura, de avi\u00e3o ou de lugares fechados.<\/p>\n\n\n\n<div class=\"wp-block-image\"><figure class=\"aligncenter size-large is-resized\"><a href=\"https:\/\/www.ithbrasil.com.br\/\"><img loading=\"lazy\" decoding=\"async\" src=\"https:\/\/jornalfatosenoticias.com.br\/wp-content\/uploads\/2023\/08\/ITH.jpeg\" alt=\"\" class=\"wp-image-44638\" width=\"323\" height=\"262\" srcset=\"https:\/\/jornalfatosenoticias.com.br\/wp-content\/uploads\/2023\/08\/ITH.jpeg 800w, https:\/\/jornalfatosenoticias.com.br\/wp-content\/uploads\/2023\/08\/ITH-300x244.jpeg 300w, https:\/\/jornalfatosenoticias.com.br\/wp-content\/uploads\/2023\/08\/ITH-768x624.jpeg 768w\" sizes=\"auto, (max-width: 323px) 100vw, 323px\" \/><\/a><\/figure><\/div>\n\n\n\n<p>Antes classificados como transtornos de ansiedade, o transtorno obsessivo-compulsivo (TOC) e o transtorno de estresse p\u00f3s-traum\u00e1tico (TEPT) passaram a ser considerados categorias \u00e0 parte. Ambos compartilham com a ansiedade manifesta\u00e7\u00f5es auton\u00f4micas e uma intensa reatividade corporal e mental. Embora n\u00e3o se saiba se a ansiedade est\u00e1 diretamente relacionada \u00e0 origem de outros transtornos mentais, sua associa\u00e7\u00e3o com essas condi\u00e7\u00f5es \u00e9 mais regra do que exce\u00e7\u00e3o. \u00c9 comum observar quadros de ansiedade associados a transtornos depressivos, transtornos por uso de subst\u00e2ncias ou transtorno bipolar.<\/p>\n\n\n\n<div class=\"wp-block-image\"><figure class=\"aligncenter size-large is-resized\"><a href=\"https:\/\/hotelmarquetti.com.br\/\"><img loading=\"lazy\" decoding=\"async\" src=\"https:\/\/jornalfatosenoticias.com.br\/wp-content\/uploads\/2020\/02\/LOGO-MQ-1024x680.jpg\" alt=\"\" class=\"wp-image-58299\" width=\"327\" height=\"217\" srcset=\"https:\/\/jornalfatosenoticias.com.br\/wp-content\/uploads\/2020\/02\/LOGO-MQ-1024x680.jpg 1024w, https:\/\/jornalfatosenoticias.com.br\/wp-content\/uploads\/2020\/02\/LOGO-MQ-300x199.jpg 300w, https:\/\/jornalfatosenoticias.com.br\/wp-content\/uploads\/2020\/02\/LOGO-MQ-768x510.jpg 768w, https:\/\/jornalfatosenoticias.com.br\/wp-content\/uploads\/2020\/02\/LOGO-MQ-1536x1020.jpg 1536w, https:\/\/jornalfatosenoticias.com.br\/wp-content\/uploads\/2020\/02\/LOGO-MQ-2048x1360.jpg 2048w\" sizes=\"auto, (max-width: 327px) 100vw, 327px\" \/><\/a><\/figure><\/div>\n\n\n\n<p>Nos quadros de ansiedade, h\u00e1 um desbalan\u00e7o na integra\u00e7\u00e3o entre as estruturas respons\u00e1veis pelo processamento inato do medo, como a am\u00edgdala, e as \u00e1reas corticais, que desempenham um papel no controle cognitivo e motor. Essas regi\u00f5es est\u00e3o em constante comunica\u00e7\u00e3o, mas, em alguns casos, a conectividade entre elas n\u00e3o se alinha adequadamente \u00e0s situa\u00e7\u00f5es vivenciadas. Portanto, ela \u00e9 vista mais de uma altera\u00e7\u00e3o funcional do que estrutural. Se analisarmos um grupo de pacientes com ansiedade, podemos identificar, na m\u00e9dia, altera\u00e7\u00f5es sutis nessas estruturas cerebrais. No entanto, essas diferen\u00e7as t\u00eam pouco valor diagn\u00f3stico quando consideradas individualmente.<\/p>\n\n\n\n<div class=\"wp-block-image\"><figure class=\"aligncenter size-large is-resized\"><a href=\"https:\/\/panper.com.br\/\"><img loading=\"lazy\" decoding=\"async\" src=\"https:\/\/jornalfatosenoticias.com.br\/wp-content\/uploads\/2023\/03\/logo-Panper_portal.jpg\" alt=\"\" class=\"wp-image-40208\" width=\"315\" height=\"218\" srcset=\"https:\/\/jornalfatosenoticias.com.br\/wp-content\/uploads\/2023\/03\/logo-Panper_portal.jpg 400w, https:\/\/jornalfatosenoticias.com.br\/wp-content\/uploads\/2023\/03\/logo-Panper_portal-300x208.jpg 300w\" sizes=\"auto, (max-width: 315px) 100vw, 315px\" \/><\/a><\/figure><\/div>\n\n\n\n<p><strong><span class=\"has-inline-color has-vivid-purple-color\">O manejo da ansiedade<br><\/span><\/strong>H\u00e1 <a href=\"https:\/\/jornal.usp.br\/radio-usp\/casos-de-ansiedade-nao-tratados-podem-tornar-se-problemas-de-saude-mental-mais-graves\/\">diversas possibilidades terap\u00eauticas<\/a> para lidar com a ansiedade. Podemos come\u00e7ar com mudan\u00e7as nos h\u00e1bitos, embora n\u00e3o seja uma tarefa simples. \u00c9 f\u00e1cil dizer a algu\u00e9m para reduzir o estresse no trabalho, mas colocar essa recomenda\u00e7\u00e3o em pr\u00e1tica \u00e9 muito mais dif\u00edcil. Existem algumas estrat\u00e9gias que podem ajudar, como aprender a lidar com o estresse, adotar h\u00e1bitos saud\u00e1veis, manter uma alimenta\u00e7\u00e3o equilibrada, consumir bebidas alco\u00f3licas com modera\u00e7\u00e3o e praticar atividades f\u00edsicas regularmente.<\/p>\n\n\n\n<div class=\"wp-block-image\"><figure class=\"aligncenter size-large\"><a href=\"http:\/\/www.ferrarimaquinas.com.br\/\"><img loading=\"lazy\" decoding=\"async\" width=\"300\" height=\"250\" src=\"https:\/\/jornalfatosenoticias.com.br\/wp-content\/uploads\/2022\/02\/FERRARI_MAQUINAS-E-FERRAMENTAS2.jpg\" alt=\"\" class=\"wp-image-27860\"\/><\/a><\/figure><\/div>\n\n\n\n<p>Temos ainda o grande desafio de modular a imers\u00e3o digital, uma das grandes causadoras de ansiedade em crian\u00e7as, adolescentes e adultos. A restri\u00e7\u00e3o ao uso aparelhos celulares nas escolas pode ser um passo inicial importante, mas n\u00e3o resolver\u00e1 o problema por si s\u00f3. No contexto educacional, \u00e9 fundamental adotar estrat\u00e9gias de modera\u00e7\u00e3o e controle do uso de dispositivos eletr\u00f4nicos dentro e fora da escola. Precisamos de um aprendizado sobre o uso consciente dos eletr\u00f4nicos, que fazem parte da nossa realidade e n\u00e3o podem simplesmente ser evitados. O caminho \u00e9 educar para que os jovens fa\u00e7am uso dessas ferramentas de forma equilibrada e saud\u00e1vel.<\/p>\n\n\n\n<div class=\"wp-block-image\"><figure class=\"aligncenter size-large is-resized\"><a href=\"https:\/\/www.instagram.com\/gruposei\/\"><img loading=\"lazy\" decoding=\"async\" src=\"https:\/\/jornalfatosenoticias.com.br\/wp-content\/uploads\/2022\/07\/Logo-Grupo-SEI.jpg\" alt=\"\" class=\"wp-image-31973\" width=\"389\" height=\"204\" srcset=\"https:\/\/jornalfatosenoticias.com.br\/wp-content\/uploads\/2022\/07\/Logo-Grupo-SEI.jpg 713w, https:\/\/jornalfatosenoticias.com.br\/wp-content\/uploads\/2022\/07\/Logo-Grupo-SEI-300x158.jpg 300w\" sizes=\"auto, (max-width: 389px) 100vw, 389px\" \/><\/a><\/figure><\/div>\n\n\n\n<p>A literatura cient\u00edfica \u00e9 clara ao afirmar que a <a href=\"https:\/\/drauziovarella.uol.com.br\/atividade-fisica\/exercicio-fisico-piora-a-ansiedade\/\">atividade f\u00edsica<\/a>, especialmente exerc\u00edcios aer\u00f3bicos regulares, desempenha um papel fundamental no controle da ansiedade. Outro fator essencial \u00e9 a higiene do sono, ou seja, manter hor\u00e1rios regulares para dormir, garantir um ambiente confort\u00e1vel, reduzir est\u00edmulos visuais e sonoros \u00e0 noite, evitar o consumo de caf\u00e9 ap\u00f3s o jantar e n\u00e3o usar o celular na cama. Estrat\u00e9gias de respira\u00e7\u00e3o e medita\u00e7\u00e3o, igualmente, t\u00eam sido cada vez mais adotadas. Mesmo sem recorrer a t\u00e9cnicas mais complexas de medita\u00e7\u00e3o ou mindfulness, os exerc\u00edcios respirat\u00f3rios j\u00e1 s\u00e3o um recurso valioso para reduzir a ansiedade. Eles ajudam a pessoa a desacelerar, a perceber que a ansiedade atinge um pico, mas depois tende a diminuir.<\/p>\n\n\n\n<div class=\"wp-block-image\"><figure class=\"aligncenter size-large is-resized\"><a href=\"https:\/\/www.instagram.com\/rcradiadores\/\"><img loading=\"lazy\" decoding=\"async\" src=\"https:\/\/jornalfatosenoticias.com.br\/wp-content\/uploads\/2022\/10\/RC_800x750_page-0001.jpg\" alt=\"\" class=\"wp-image-35338\" width=\"325\" height=\"305\" srcset=\"https:\/\/jornalfatosenoticias.com.br\/wp-content\/uploads\/2022\/10\/RC_800x750_page-0001.jpg 400w, https:\/\/jornalfatosenoticias.com.br\/wp-content\/uploads\/2022\/10\/RC_800x750_page-0001-300x281.jpg 300w\" sizes=\"auto, (max-width: 325px) 100vw, 325px\" \/><\/a><\/figure><\/div>\n\n\n\n<p>As estrat\u00e9gias mencionadas podem ser bastante eficazes, mas, quando n\u00e3o s\u00e3o suficientes, \u00e9 necess\u00e1rio recorrer a <a href=\"https:\/\/linhasdecuidado.saude.gov.br\/portal\/ansiedade\/unidade-de-atencao-primaria\/planejamento-terapeutico\/#pills-aspectos-gerais\">medicamentos ou \u00e0 psicoterapia<\/a>. Atualmente, h\u00e1 tratamentos com o uso de medica\u00e7\u00f5es antidepressivas que cuidam tamb\u00e9m de transtornos de ansiedade e podem levar a \u00f3timos resultados. Mais um recurso fundamental \u00e9 a psicoterapia. Muitas abordagens terap\u00eauticas ensinam estrat\u00e9gias para lidar com a ansiedade de forma ativa, ajudando o indiv\u00edduo a enfrent\u00e1-la, em vez de simplesmente evitar os est\u00edmulos que a desencadeiam.<\/p>\n\n\n\n<div class=\"wp-block-image\"><figure class=\"aligncenter size-large is-resized\"><a href=\"https:\/\/www.legisjuris.com.br\/\"><img loading=\"lazy\" decoding=\"async\" src=\"https:\/\/jornalfatosenoticias.com.br\/wp-content\/uploads\/2024\/09\/Legis-Juris-Consultoria_logo.jpg\" alt=\"\" class=\"wp-image-53915\" width=\"537\" height=\"225\" srcset=\"https:\/\/jornalfatosenoticias.com.br\/wp-content\/uploads\/2024\/09\/Legis-Juris-Consultoria_logo.jpg 969w, https:\/\/jornalfatosenoticias.com.br\/wp-content\/uploads\/2024\/09\/Legis-Juris-Consultoria_logo-300x126.jpg 300w, https:\/\/jornalfatosenoticias.com.br\/wp-content\/uploads\/2024\/09\/Legis-Juris-Consultoria_logo-768x322.jpg 768w\" sizes=\"auto, (max-width: 537px) 100vw, 537px\" \/><\/a><\/figure><\/div>\n\n\n\n<p>*\u00a0<em>O The Conversation Brasil publica regularmente artigos em parceria com a revista\u00a0<a href=\"https:\/\/www.fcw.org.br\/culturacientifica\">FCW Cultura Cient\u00edfica<\/a>, da Funda\u00e7\u00e3o Conrado Wessel, institui\u00e7\u00e3o de fomento \u00e0 divulga\u00e7\u00e3o cient\u00edfica brasileira e uma de nossas apoiadoras. A primeira s\u00e9rie de artigos, iniciada em mar\u00e7o, trata da ansiedade, um dos temas de sa\u00fade p\u00fablica mais preocupantes da atualidade, e que por isso mesmo tem sido objeto de numerosos estudos. Neste texto, o pesquisador Marcelo Queiroz Hoexter explica que a ansiedade \u00e9 um fen\u00f4meno natural e humano, mas explica a diferen\u00e7a entre ansiedade fisiol\u00f3gica e a patol\u00f3gica, que pode causar muito sofrimento, e cita os recursos hoje existentes para manej\u00e1-la.<\/em><\/p>\n\n\n\n<div class=\"wp-block-image\"><figure class=\"aligncenter size-large is-resized\"><a href=\"https:\/\/www.instagram.com\/restaurantepegoretti\/\"><img loading=\"lazy\" decoding=\"async\" src=\"https:\/\/jornalfatosenoticias.com.br\/wp-content\/uploads\/2023\/12\/pegoretti-logo-pdf-1024x389.jpg\" alt=\"\" class=\"wp-image-47536\" width=\"540\" height=\"205\" srcset=\"https:\/\/jornalfatosenoticias.com.br\/wp-content\/uploads\/2023\/12\/pegoretti-logo-pdf-1024x389.jpg 1024w, https:\/\/jornalfatosenoticias.com.br\/wp-content\/uploads\/2023\/12\/pegoretti-logo-pdf-300x114.jpg 300w, https:\/\/jornalfatosenoticias.com.br\/wp-content\/uploads\/2023\/12\/pegoretti-logo-pdf-768x291.jpg 768w, https:\/\/jornalfatosenoticias.com.br\/wp-content\/uploads\/2023\/12\/pegoretti-logo-pdf.jpg 1120w\" sizes=\"auto, (max-width: 540px) 100vw, 540px\" \/><\/a><\/figure><\/div>\n\n\n\n<p><strong>Fonte: <a href=\"https:\/\/gizmodo.uol.com.br\/as-mil-faces-da-ansiedade-transtorno-cada-vez-mais-epidemico-que-ja-virou-questao-de-saude-publica\/\">Giz Brasil<\/a><\/strong><\/p>\n","protected":false},"excerpt":{"rendered":"<p>Sentimento natural e importante em todo ser humano, a ansiedade passa a ser patol\u00f3gica quando come\u00e7a a causar sofrimento, afeta rela\u00e7\u00f5es pessoais, dificulta o conv\u00edvio social e compromete o desempenho profissional Por Marcelo Queiroz Hoexter\/*The Conversation Nos animais, o medo \u00e9 uma rea\u00e7\u00e3o inata do organismo para se proteger em situa\u00e7\u00f5es de perigo e continuar [&hellip;]<\/p>\n","protected":false},"author":2,"featured_media":58558,"comment_status":"open","ping_status":"open","sticky":false,"template":"","format":"standard","meta":{"footnotes":""},"categories":[2522],"tags":[2279,1986,688,815,23731,5908],"class_list":["post-58557","post","type-post","status-publish","format-standard","has-post-thumbnail","hentry","category-comportamento","tag-ansiedade","tag-psicologia","tag-saude-mental","tag-saude-publica","tag-the-conversation","tag-transtorno-bipolar"],"yoast_head":"<!-- This site is optimized with the Yoast SEO plugin v26.5 - https:\/\/yoast.com\/wordpress\/plugins\/seo\/ -->\n<title>As mil faces da ansiedade, transtorno cada vez mais epid\u00eamico que j\u00e1 virou quest\u00e3o de sa\u00fade p\u00fablica - Jornal Fatos e Not\u00edcias<\/title>\n<meta name=\"robots\" content=\"index, follow, max-snippet:-1, max-image-preview:large, max-video-preview:-1\" \/>\n<link rel=\"canonical\" href=\"https:\/\/jornalfatosenoticias.com.br\/index.php\/2025\/04\/15\/as-mil-faces-da-ansiedade-transtorno-cada-vez-mais-epidemico-que-ja-virou-questao-de-saude-publica\/\" \/>\n<meta property=\"og:locale\" content=\"pt_BR\" \/>\n<meta property=\"og:type\" content=\"article\" \/>\n<meta property=\"og:title\" content=\"As mil faces da ansiedade, transtorno cada vez mais epid\u00eamico que j\u00e1 virou quest\u00e3o de sa\u00fade p\u00fablica - Jornal Fatos e Not\u00edcias\" \/>\n<meta property=\"og:description\" content=\"Sentimento natural e importante em todo ser humano, a ansiedade passa a ser patol\u00f3gica quando come\u00e7a a causar sofrimento, afeta rela\u00e7\u00f5es pessoais, dificulta o conv\u00edvio social e compromete o desempenho profissional Por Marcelo Queiroz Hoexter\/*The Conversation Nos animais, o medo \u00e9 uma rea\u00e7\u00e3o inata do organismo para se proteger em situa\u00e7\u00f5es de perigo e continuar [&hellip;]\" \/>\n<meta property=\"og:url\" content=\"https:\/\/jornalfatosenoticias.com.br\/index.php\/2025\/04\/15\/as-mil-faces-da-ansiedade-transtorno-cada-vez-mais-epidemico-que-ja-virou-questao-de-saude-publica\/\" \/>\n<meta property=\"og:site_name\" content=\"Jornal Fatos e Not\u00edcias\" \/>\n<meta property=\"article:published_time\" content=\"2025-04-15T19:32:03+00:00\" \/>\n<meta property=\"article:modified_time\" content=\"2025-04-15T19:32:04+00:00\" \/>\n<meta property=\"og:image\" content=\"https:\/\/jornalfatosenoticias.com.br\/wp-content\/uploads\/2025\/04\/ansiedade_freepik.jpg\" \/>\n\t<meta property=\"og:image:width\" content=\"1000\" \/>\n\t<meta property=\"og:image:height\" content=\"637\" \/>\n\t<meta property=\"og:image:type\" content=\"image\/jpeg\" \/>\n<meta name=\"author\" content=\"Luzimara Fernandes\" \/>\n<meta name=\"twitter:card\" content=\"summary_large_image\" \/>\n<meta name=\"twitter:label1\" content=\"Escrito por\" \/>\n\t<meta name=\"twitter:data1\" content=\"Luzimara Fernandes\" \/>\n\t<meta name=\"twitter:label2\" content=\"Est. tempo de leitura\" \/>\n\t<meta name=\"twitter:data2\" content=\"7 minutos\" \/>\n<script type=\"application\/ld+json\" class=\"yoast-schema-graph\">{\"@context\":\"https:\/\/schema.org\",\"@graph\":[{\"@type\":\"Article\",\"@id\":\"https:\/\/jornalfatosenoticias.com.br\/index.php\/2025\/04\/15\/as-mil-faces-da-ansiedade-transtorno-cada-vez-mais-epidemico-que-ja-virou-questao-de-saude-publica\/#article\",\"isPartOf\":{\"@id\":\"https:\/\/jornalfatosenoticias.com.br\/index.php\/2025\/04\/15\/as-mil-faces-da-ansiedade-transtorno-cada-vez-mais-epidemico-que-ja-virou-questao-de-saude-publica\/\"},\"author\":{\"name\":\"Luzimara Fernandes\",\"@id\":\"https:\/\/jornalfatosenoticias.com.br\/#\/schema\/person\/d63837fa13ac8666eb9e74e0985d6f81\"},\"headline\":\"As mil faces da ansiedade, transtorno cada vez mais epid\u00eamico que j\u00e1 virou quest\u00e3o de sa\u00fade p\u00fablica\",\"datePublished\":\"2025-04-15T19:32:03+00:00\",\"dateModified\":\"2025-04-15T19:32:04+00:00\",\"mainEntityOfPage\":{\"@id\":\"https:\/\/jornalfatosenoticias.com.br\/index.php\/2025\/04\/15\/as-mil-faces-da-ansiedade-transtorno-cada-vez-mais-epidemico-que-ja-virou-questao-de-saude-publica\/\"},\"wordCount\":1443,\"commentCount\":0,\"publisher\":{\"@id\":\"https:\/\/jornalfatosenoticias.com.br\/#organization\"},\"image\":{\"@id\":\"https:\/\/jornalfatosenoticias.com.br\/index.php\/2025\/04\/15\/as-mil-faces-da-ansiedade-transtorno-cada-vez-mais-epidemico-que-ja-virou-questao-de-saude-publica\/#primaryimage\"},\"thumbnailUrl\":\"https:\/\/jornalfatosenoticias.com.br\/wp-content\/uploads\/2025\/04\/ansiedade_freepik.jpg\",\"keywords\":[\"ansiedade\",\"psicologia\",\"sa\u00fade mental\",\"sa\u00fade p\u00fablica\",\"The Conversation\",\"transtorno bipolar\"],\"articleSection\":[\"Comportamento &amp; Equil\u00edbrio\"],\"inLanguage\":\"pt-BR\",\"potentialAction\":[{\"@type\":\"CommentAction\",\"name\":\"Comment\",\"target\":[\"https:\/\/jornalfatosenoticias.com.br\/index.php\/2025\/04\/15\/as-mil-faces-da-ansiedade-transtorno-cada-vez-mais-epidemico-que-ja-virou-questao-de-saude-publica\/#respond\"]}]},{\"@type\":\"WebPage\",\"@id\":\"https:\/\/jornalfatosenoticias.com.br\/index.php\/2025\/04\/15\/as-mil-faces-da-ansiedade-transtorno-cada-vez-mais-epidemico-que-ja-virou-questao-de-saude-publica\/\",\"url\":\"https:\/\/jornalfatosenoticias.com.br\/index.php\/2025\/04\/15\/as-mil-faces-da-ansiedade-transtorno-cada-vez-mais-epidemico-que-ja-virou-questao-de-saude-publica\/\",\"name\":\"As mil faces da ansiedade, transtorno cada vez mais epid\u00eamico que j\u00e1 virou quest\u00e3o de sa\u00fade p\u00fablica - Jornal Fatos e Not\u00edcias\",\"isPartOf\":{\"@id\":\"https:\/\/jornalfatosenoticias.com.br\/#website\"},\"primaryImageOfPage\":{\"@id\":\"https:\/\/jornalfatosenoticias.com.br\/index.php\/2025\/04\/15\/as-mil-faces-da-ansiedade-transtorno-cada-vez-mais-epidemico-que-ja-virou-questao-de-saude-publica\/#primaryimage\"},\"image\":{\"@id\":\"https:\/\/jornalfatosenoticias.com.br\/index.php\/2025\/04\/15\/as-mil-faces-da-ansiedade-transtorno-cada-vez-mais-epidemico-que-ja-virou-questao-de-saude-publica\/#primaryimage\"},\"thumbnailUrl\":\"https:\/\/jornalfatosenoticias.com.br\/wp-content\/uploads\/2025\/04\/ansiedade_freepik.jpg\",\"datePublished\":\"2025-04-15T19:32:03+00:00\",\"dateModified\":\"2025-04-15T19:32:04+00:00\",\"breadcrumb\":{\"@id\":\"https:\/\/jornalfatosenoticias.com.br\/index.php\/2025\/04\/15\/as-mil-faces-da-ansiedade-transtorno-cada-vez-mais-epidemico-que-ja-virou-questao-de-saude-publica\/#breadcrumb\"},\"inLanguage\":\"pt-BR\",\"potentialAction\":[{\"@type\":\"ReadAction\",\"target\":[\"https:\/\/jornalfatosenoticias.com.br\/index.php\/2025\/04\/15\/as-mil-faces-da-ansiedade-transtorno-cada-vez-mais-epidemico-que-ja-virou-questao-de-saude-publica\/\"]}]},{\"@type\":\"ImageObject\",\"inLanguage\":\"pt-BR\",\"@id\":\"https:\/\/jornalfatosenoticias.com.br\/index.php\/2025\/04\/15\/as-mil-faces-da-ansiedade-transtorno-cada-vez-mais-epidemico-que-ja-virou-questao-de-saude-publica\/#primaryimage\",\"url\":\"https:\/\/jornalfatosenoticias.com.br\/wp-content\/uploads\/2025\/04\/ansiedade_freepik.jpg\",\"contentUrl\":\"https:\/\/jornalfatosenoticias.com.br\/wp-content\/uploads\/2025\/04\/ansiedade_freepik.jpg\",\"width\":1000,\"height\":637},{\"@type\":\"BreadcrumbList\",\"@id\":\"https:\/\/jornalfatosenoticias.com.br\/index.php\/2025\/04\/15\/as-mil-faces-da-ansiedade-transtorno-cada-vez-mais-epidemico-que-ja-virou-questao-de-saude-publica\/#breadcrumb\",\"itemListElement\":[{\"@type\":\"ListItem\",\"position\":1,\"name\":\"In\u00edcio\",\"item\":\"https:\/\/jornalfatosenoticias.com.br\/\"},{\"@type\":\"ListItem\",\"position\":2,\"name\":\"As mil faces da ansiedade, transtorno cada vez mais epid\u00eamico que j\u00e1 virou quest\u00e3o de sa\u00fade p\u00fablica\"}]},{\"@type\":\"WebSite\",\"@id\":\"https:\/\/jornalfatosenoticias.com.br\/#website\",\"url\":\"https:\/\/jornalfatosenoticias.com.br\/\",\"name\":\"Jornal Fatos e Not\u00edcias\",\"description\":\"Not\u00edcias em geral\",\"publisher\":{\"@id\":\"https:\/\/jornalfatosenoticias.com.br\/#organization\"},\"potentialAction\":[{\"@type\":\"SearchAction\",\"target\":{\"@type\":\"EntryPoint\",\"urlTemplate\":\"https:\/\/jornalfatosenoticias.com.br\/?s={search_term_string}\"},\"query-input\":{\"@type\":\"PropertyValueSpecification\",\"valueRequired\":true,\"valueName\":\"search_term_string\"}}],\"inLanguage\":\"pt-BR\"},{\"@type\":\"Organization\",\"@id\":\"https:\/\/jornalfatosenoticias.com.br\/#organization\",\"name\":\"Jornal Fatos e Not\u00edcias\",\"url\":\"https:\/\/jornalfatosenoticias.com.br\/\",\"logo\":{\"@type\":\"ImageObject\",\"inLanguage\":\"pt-BR\",\"@id\":\"https:\/\/jornalfatosenoticias.com.br\/#\/schema\/logo\/image\/\",\"url\":\"https:\/\/jornalfatosenoticias.com.br\/wp-content\/uploads\/2020\/02\/logo120.png\",\"contentUrl\":\"https:\/\/jornalfatosenoticias.com.br\/wp-content\/uploads\/2020\/02\/logo120.png\",\"width\":1227,\"height\":120,\"caption\":\"Jornal Fatos e Not\u00edcias\"},\"image\":{\"@id\":\"https:\/\/jornalfatosenoticias.com.br\/#\/schema\/logo\/image\/\"}},{\"@type\":\"Person\",\"@id\":\"https:\/\/jornalfatosenoticias.com.br\/#\/schema\/person\/d63837fa13ac8666eb9e74e0985d6f81\",\"name\":\"Luzimara Fernandes\",\"image\":{\"@type\":\"ImageObject\",\"inLanguage\":\"pt-BR\",\"@id\":\"https:\/\/jornalfatosenoticias.com.br\/#\/schema\/person\/image\/\",\"url\":\"https:\/\/jornalfatosenoticias.com.br\/wp-content\/uploads\/2025\/05\/EU_portal.jpg\",\"contentUrl\":\"https:\/\/jornalfatosenoticias.com.br\/wp-content\/uploads\/2025\/05\/EU_portal.jpg\",\"caption\":\"Luzimara Fernandes\"},\"description\":\"Jornalista MTB 2358-ES\",\"sameAs\":[\"https:\/\/jornalfatosenoticias.com.br\"],\"url\":\"https:\/\/jornalfatosenoticias.com.br\/index.php\/author\/luzimara\/\"}]}<\/script>\n<!-- \/ Yoast SEO plugin. -->","yoast_head_json":{"title":"As mil faces da ansiedade, transtorno cada vez mais epid\u00eamico que j\u00e1 virou quest\u00e3o de sa\u00fade p\u00fablica - Jornal Fatos e Not\u00edcias","robots":{"index":"index","follow":"follow","max-snippet":"max-snippet:-1","max-image-preview":"max-image-preview:large","max-video-preview":"max-video-preview:-1"},"canonical":"https:\/\/jornalfatosenoticias.com.br\/index.php\/2025\/04\/15\/as-mil-faces-da-ansiedade-transtorno-cada-vez-mais-epidemico-que-ja-virou-questao-de-saude-publica\/","og_locale":"pt_BR","og_type":"article","og_title":"As mil faces da ansiedade, transtorno cada vez mais epid\u00eamico que j\u00e1 virou quest\u00e3o de sa\u00fade p\u00fablica - Jornal Fatos e Not\u00edcias","og_description":"Sentimento natural e importante em todo ser humano, a ansiedade passa a ser patol\u00f3gica quando come\u00e7a a causar sofrimento, afeta rela\u00e7\u00f5es pessoais, dificulta o conv\u00edvio social e compromete o desempenho profissional Por Marcelo Queiroz Hoexter\/*The Conversation Nos animais, o medo \u00e9 uma rea\u00e7\u00e3o inata do organismo para se proteger em situa\u00e7\u00f5es de perigo e continuar [&hellip;]","og_url":"https:\/\/jornalfatosenoticias.com.br\/index.php\/2025\/04\/15\/as-mil-faces-da-ansiedade-transtorno-cada-vez-mais-epidemico-que-ja-virou-questao-de-saude-publica\/","og_site_name":"Jornal Fatos e Not\u00edcias","article_published_time":"2025-04-15T19:32:03+00:00","article_modified_time":"2025-04-15T19:32:04+00:00","og_image":[{"width":1000,"height":637,"url":"https:\/\/jornalfatosenoticias.com.br\/wp-content\/uploads\/2025\/04\/ansiedade_freepik.jpg","type":"image\/jpeg"}],"author":"Luzimara Fernandes","twitter_card":"summary_large_image","twitter_misc":{"Escrito por":"Luzimara Fernandes","Est. tempo de leitura":"7 minutos"},"schema":{"@context":"https:\/\/schema.org","@graph":[{"@type":"Article","@id":"https:\/\/jornalfatosenoticias.com.br\/index.php\/2025\/04\/15\/as-mil-faces-da-ansiedade-transtorno-cada-vez-mais-epidemico-que-ja-virou-questao-de-saude-publica\/#article","isPartOf":{"@id":"https:\/\/jornalfatosenoticias.com.br\/index.php\/2025\/04\/15\/as-mil-faces-da-ansiedade-transtorno-cada-vez-mais-epidemico-que-ja-virou-questao-de-saude-publica\/"},"author":{"name":"Luzimara Fernandes","@id":"https:\/\/jornalfatosenoticias.com.br\/#\/schema\/person\/d63837fa13ac8666eb9e74e0985d6f81"},"headline":"As mil faces da ansiedade, transtorno cada vez mais epid\u00eamico que j\u00e1 virou quest\u00e3o de sa\u00fade p\u00fablica","datePublished":"2025-04-15T19:32:03+00:00","dateModified":"2025-04-15T19:32:04+00:00","mainEntityOfPage":{"@id":"https:\/\/jornalfatosenoticias.com.br\/index.php\/2025\/04\/15\/as-mil-faces-da-ansiedade-transtorno-cada-vez-mais-epidemico-que-ja-virou-questao-de-saude-publica\/"},"wordCount":1443,"commentCount":0,"publisher":{"@id":"https:\/\/jornalfatosenoticias.com.br\/#organization"},"image":{"@id":"https:\/\/jornalfatosenoticias.com.br\/index.php\/2025\/04\/15\/as-mil-faces-da-ansiedade-transtorno-cada-vez-mais-epidemico-que-ja-virou-questao-de-saude-publica\/#primaryimage"},"thumbnailUrl":"https:\/\/jornalfatosenoticias.com.br\/wp-content\/uploads\/2025\/04\/ansiedade_freepik.jpg","keywords":["ansiedade","psicologia","sa\u00fade mental","sa\u00fade p\u00fablica","The Conversation","transtorno bipolar"],"articleSection":["Comportamento &amp; Equil\u00edbrio"],"inLanguage":"pt-BR","potentialAction":[{"@type":"CommentAction","name":"Comment","target":["https:\/\/jornalfatosenoticias.com.br\/index.php\/2025\/04\/15\/as-mil-faces-da-ansiedade-transtorno-cada-vez-mais-epidemico-que-ja-virou-questao-de-saude-publica\/#respond"]}]},{"@type":"WebPage","@id":"https:\/\/jornalfatosenoticias.com.br\/index.php\/2025\/04\/15\/as-mil-faces-da-ansiedade-transtorno-cada-vez-mais-epidemico-que-ja-virou-questao-de-saude-publica\/","url":"https:\/\/jornalfatosenoticias.com.br\/index.php\/2025\/04\/15\/as-mil-faces-da-ansiedade-transtorno-cada-vez-mais-epidemico-que-ja-virou-questao-de-saude-publica\/","name":"As mil faces da ansiedade, transtorno cada vez mais epid\u00eamico que j\u00e1 virou quest\u00e3o de sa\u00fade p\u00fablica - Jornal Fatos e Not\u00edcias","isPartOf":{"@id":"https:\/\/jornalfatosenoticias.com.br\/#website"},"primaryImageOfPage":{"@id":"https:\/\/jornalfatosenoticias.com.br\/index.php\/2025\/04\/15\/as-mil-faces-da-ansiedade-transtorno-cada-vez-mais-epidemico-que-ja-virou-questao-de-saude-publica\/#primaryimage"},"image":{"@id":"https:\/\/jornalfatosenoticias.com.br\/index.php\/2025\/04\/15\/as-mil-faces-da-ansiedade-transtorno-cada-vez-mais-epidemico-que-ja-virou-questao-de-saude-publica\/#primaryimage"},"thumbnailUrl":"https:\/\/jornalfatosenoticias.com.br\/wp-content\/uploads\/2025\/04\/ansiedade_freepik.jpg","datePublished":"2025-04-15T19:32:03+00:00","dateModified":"2025-04-15T19:32:04+00:00","breadcrumb":{"@id":"https:\/\/jornalfatosenoticias.com.br\/index.php\/2025\/04\/15\/as-mil-faces-da-ansiedade-transtorno-cada-vez-mais-epidemico-que-ja-virou-questao-de-saude-publica\/#breadcrumb"},"inLanguage":"pt-BR","potentialAction":[{"@type":"ReadAction","target":["https:\/\/jornalfatosenoticias.com.br\/index.php\/2025\/04\/15\/as-mil-faces-da-ansiedade-transtorno-cada-vez-mais-epidemico-que-ja-virou-questao-de-saude-publica\/"]}]},{"@type":"ImageObject","inLanguage":"pt-BR","@id":"https:\/\/jornalfatosenoticias.com.br\/index.php\/2025\/04\/15\/as-mil-faces-da-ansiedade-transtorno-cada-vez-mais-epidemico-que-ja-virou-questao-de-saude-publica\/#primaryimage","url":"https:\/\/jornalfatosenoticias.com.br\/wp-content\/uploads\/2025\/04\/ansiedade_freepik.jpg","contentUrl":"https:\/\/jornalfatosenoticias.com.br\/wp-content\/uploads\/2025\/04\/ansiedade_freepik.jpg","width":1000,"height":637},{"@type":"BreadcrumbList","@id":"https:\/\/jornalfatosenoticias.com.br\/index.php\/2025\/04\/15\/as-mil-faces-da-ansiedade-transtorno-cada-vez-mais-epidemico-que-ja-virou-questao-de-saude-publica\/#breadcrumb","itemListElement":[{"@type":"ListItem","position":1,"name":"In\u00edcio","item":"https:\/\/jornalfatosenoticias.com.br\/"},{"@type":"ListItem","position":2,"name":"As mil faces da ansiedade, transtorno cada vez mais epid\u00eamico que j\u00e1 virou quest\u00e3o de sa\u00fade p\u00fablica"}]},{"@type":"WebSite","@id":"https:\/\/jornalfatosenoticias.com.br\/#website","url":"https:\/\/jornalfatosenoticias.com.br\/","name":"Jornal Fatos e Not\u00edcias","description":"Not\u00edcias em geral","publisher":{"@id":"https:\/\/jornalfatosenoticias.com.br\/#organization"},"potentialAction":[{"@type":"SearchAction","target":{"@type":"EntryPoint","urlTemplate":"https:\/\/jornalfatosenoticias.com.br\/?s={search_term_string}"},"query-input":{"@type":"PropertyValueSpecification","valueRequired":true,"valueName":"search_term_string"}}],"inLanguage":"pt-BR"},{"@type":"Organization","@id":"https:\/\/jornalfatosenoticias.com.br\/#organization","name":"Jornal Fatos e Not\u00edcias","url":"https:\/\/jornalfatosenoticias.com.br\/","logo":{"@type":"ImageObject","inLanguage":"pt-BR","@id":"https:\/\/jornalfatosenoticias.com.br\/#\/schema\/logo\/image\/","url":"https:\/\/jornalfatosenoticias.com.br\/wp-content\/uploads\/2020\/02\/logo120.png","contentUrl":"https:\/\/jornalfatosenoticias.com.br\/wp-content\/uploads\/2020\/02\/logo120.png","width":1227,"height":120,"caption":"Jornal Fatos e Not\u00edcias"},"image":{"@id":"https:\/\/jornalfatosenoticias.com.br\/#\/schema\/logo\/image\/"}},{"@type":"Person","@id":"https:\/\/jornalfatosenoticias.com.br\/#\/schema\/person\/d63837fa13ac8666eb9e74e0985d6f81","name":"Luzimara Fernandes","image":{"@type":"ImageObject","inLanguage":"pt-BR","@id":"https:\/\/jornalfatosenoticias.com.br\/#\/schema\/person\/image\/","url":"https:\/\/jornalfatosenoticias.com.br\/wp-content\/uploads\/2025\/05\/EU_portal.jpg","contentUrl":"https:\/\/jornalfatosenoticias.com.br\/wp-content\/uploads\/2025\/05\/EU_portal.jpg","caption":"Luzimara Fernandes"},"description":"Jornalista MTB 2358-ES","sameAs":["https:\/\/jornalfatosenoticias.com.br"],"url":"https:\/\/jornalfatosenoticias.com.br\/index.php\/author\/luzimara\/"}]}},"cc_featured_image_caption":{"caption_text":"(Foto: Freepik) ","source_text":"","source_url":""},"jetpack_featured_media_url":"https:\/\/jornalfatosenoticias.com.br\/wp-content\/uploads\/2025\/04\/ansiedade_freepik.jpg","_links":{"self":[{"href":"https:\/\/jornalfatosenoticias.com.br\/index.php\/wp-json\/wp\/v2\/posts\/58557","targetHints":{"allow":["GET"]}}],"collection":[{"href":"https:\/\/jornalfatosenoticias.com.br\/index.php\/wp-json\/wp\/v2\/posts"}],"about":[{"href":"https:\/\/jornalfatosenoticias.com.br\/index.php\/wp-json\/wp\/v2\/types\/post"}],"author":[{"embeddable":true,"href":"https:\/\/jornalfatosenoticias.com.br\/index.php\/wp-json\/wp\/v2\/users\/2"}],"replies":[{"embeddable":true,"href":"https:\/\/jornalfatosenoticias.com.br\/index.php\/wp-json\/wp\/v2\/comments?post=58557"}],"version-history":[{"count":0,"href":"https:\/\/jornalfatosenoticias.com.br\/index.php\/wp-json\/wp\/v2\/posts\/58557\/revisions"}],"wp:featuredmedia":[{"embeddable":true,"href":"https:\/\/jornalfatosenoticias.com.br\/index.php\/wp-json\/wp\/v2\/media\/58558"}],"wp:attachment":[{"href":"https:\/\/jornalfatosenoticias.com.br\/index.php\/wp-json\/wp\/v2\/media?parent=58557"}],"wp:term":[{"taxonomy":"category","embeddable":true,"href":"https:\/\/jornalfatosenoticias.com.br\/index.php\/wp-json\/wp\/v2\/categories?post=58557"},{"taxonomy":"post_tag","embeddable":true,"href":"https:\/\/jornalfatosenoticias.com.br\/index.php\/wp-json\/wp\/v2\/tags?post=58557"}],"curies":[{"name":"wp","href":"https:\/\/api.w.org\/{rel}","templated":true}]}}