{"id":58594,"date":"2025-04-16T16:18:35","date_gmt":"2025-04-16T19:18:35","guid":{"rendered":"https:\/\/jornalfatosenoticias.com.br\/?p=58594"},"modified":"2025-04-16T16:18:36","modified_gmt":"2025-04-16T19:18:36","slug":"pf-retira-da-rede-arquivos-com-mensagens-privadas-de-ex-assessor-de-moraes","status":"publish","type":"post","link":"https:\/\/jornalfatosenoticias.com.br\/index.php\/2025\/04\/16\/pf-retira-da-rede-arquivos-com-mensagens-privadas-de-ex-assessor-de-moraes\/","title":{"rendered":"PF retira da rede arquivos com mensagens privadas de ex-assessor de Moraes"},"content":{"rendered":"\n<p><em><span class=\"has-inline-color has-black-color\">Mensagens de Tagliaferro sobre Moraes foram exclu\u00eddas de pasta de acesso p\u00fablico<\/span><\/em><\/p>\n\n\n\n<p><span class=\"has-inline-color has-black-color\">Por <strong><a href=\"https:\/\/www.gazetadopovo.com.br\/autor\/renan-ramalho\/\">Renan Ramalho<\/a> e <a href=\"https:\/\/www.gazetadopovo.com.br\/autor\/aline-rechmann\/\">Aline Rechmann<\/a><\/strong><\/span><\/p>\n\n\n\n<div class=\"wp-block-image\"><figure class=\"aligncenter size-large\"><a href=\"https:\/\/mizu.com.br\/\"><img loading=\"lazy\" decoding=\"async\" width=\"729\" height=\"90\" src=\"https:\/\/jornalfatosenoticias.com.br\/wp-content\/uploads\/2020\/02\/Logo_Mizu.png\" alt=\"\" class=\"wp-image-1441\" srcset=\"https:\/\/jornalfatosenoticias.com.br\/wp-content\/uploads\/2020\/02\/Logo_Mizu.png 729w, https:\/\/jornalfatosenoticias.com.br\/wp-content\/uploads\/2020\/02\/Logo_Mizu-300x37.png 300w\" sizes=\"auto, (max-width: 729px) 100vw, 729px\" \/><\/a><\/figure><\/div>\n\n\n\n<p>A Pol\u00edcia Federal retirou de uma pasta p\u00fablica na internet arquivos que continham mensagens de WhatsApp do perito Eduardo Tagliaferro, ex-assessor do ministro Alexandre de Moraes, com sua mulher e seu advogado. O material, que continha conversas \u00edntimas entre o casal e protegidas por lei com o advogado ficou dispon\u00edvel por quase duas semanas para acesso p\u00fablico.<br>Esses arquivos comp\u00f5em anexos do inqu\u00e9rito aberto no Supremo Tribunal Federal (STF), sob relatoria de Moraes, para investigar Tagliaferro por suposto cometimento do crime de viola\u00e7\u00e3o de sigilo funcional, em raz\u00e3o do vazamento de mensagens mais antigas, publicadas na <em>Folha de S.Paulo,<\/em> em agosto do ano passado, com a equipe do ministro \u2014 os di\u00e1logos revelaram como ele encomendava relat\u00f3rios, junto ao Tribunal Superior Eleitoral (TSE), para suspender perfis e remover postagens nas redes sociais.<\/p>\n\n\n\n<div class=\"wp-block-image\"><figure class=\"aligncenter size-large is-resized\"><a href=\"https:\/\/www.facebook.com\/profile.php?id=100069289606145\"><img loading=\"lazy\" decoding=\"async\" src=\"https:\/\/jornalfatosenoticias.com.br\/wp-content\/uploads\/2024\/11\/Guaitolini-Contabilidade-1024x714.jpeg\" alt=\"\" class=\"wp-image-55808\" width=\"341\" height=\"238\" srcset=\"https:\/\/jornalfatosenoticias.com.br\/wp-content\/uploads\/2024\/11\/Guaitolini-Contabilidade-1024x714.jpeg 1024w, https:\/\/jornalfatosenoticias.com.br\/wp-content\/uploads\/2024\/11\/Guaitolini-Contabilidade-300x209.jpeg 300w, https:\/\/jornalfatosenoticias.com.br\/wp-content\/uploads\/2024\/11\/Guaitolini-Contabilidade-768x535.jpeg 768w, https:\/\/jornalfatosenoticias.com.br\/wp-content\/uploads\/2024\/11\/Guaitolini-Contabilidade.jpeg 1280w\" sizes=\"auto, (max-width: 341px) 100vw, 341px\" \/><\/a><\/figure><\/div>\n\n\n\n<p>As mensagens de Tagliaferro com a mulher e o advogado, ocorridas ao longo de 2024, foram capturadas pela PF para investigar se ele foi o respons\u00e1vel pelo vazamento \u00e0 imprensa das mensagens com a equipe de Moraes. Os arquivos foram disponibilizados numa pasta aberta na rede no \u00faltimo dia 1.\u00ba de abril, com link e endere\u00e7o na internet informado dentro de um relat\u00f3rio com a an\u00e1lise do material.<\/p>\n\n\n\n<div class=\"wp-block-image\"><figure class=\"aligncenter size-large is-resized\"><a href=\"https:\/\/www.instagram.com\/esteiochurrascaria\/\"><img loading=\"lazy\" decoding=\"async\" src=\"https:\/\/jornalfatosenoticias.com.br\/wp-content\/uploads\/2022\/02\/LOGO-ESTEIO-1024x730.png\" alt=\"\" class=\"wp-image-27942\" width=\"333\" height=\"237\" srcset=\"https:\/\/jornalfatosenoticias.com.br\/wp-content\/uploads\/2022\/02\/LOGO-ESTEIO-1024x730.png 1024w, https:\/\/jornalfatosenoticias.com.br\/wp-content\/uploads\/2022\/02\/LOGO-ESTEIO-300x214.png 300w, https:\/\/jornalfatosenoticias.com.br\/wp-content\/uploads\/2022\/02\/LOGO-ESTEIO-768x548.png 768w, https:\/\/jornalfatosenoticias.com.br\/wp-content\/uploads\/2022\/02\/LOGO-ESTEIO.png 1123w\" sizes=\"auto, (max-width: 333px) 100vw, 333px\" \/><\/a><\/figure><\/div>\n\n\n\n<p>Nesta quarta-feira (16), ap\u00f3s a publica\u00e7\u00e3o, na <strong>Gazeta do Povo,<\/strong> de mensagens enviadas \u00e0 sua mulher, em que Tagliaferro expressou temor de ser preso, por ordem de Moraes, ou at\u00e9 morto, caso contasse o que sabia sobre o trabalho que realizava, os arquivos com a \u00edntegra das conversas estavam retirados da pasta p\u00fablica na internet.<\/p>\n\n\n\n<div class=\"wp-block-image\"><figure class=\"aligncenter size-large\"><img loading=\"lazy\" decoding=\"async\" width=\"1000\" height=\"497\" src=\"https:\/\/jornalfatosenoticias.com.br\/wp-content\/uploads\/2025\/04\/Print-Pasta-PF-Dialogos-Tagliaferro-com-mulher.jpeg\" alt=\"\" class=\"wp-image-58596\" srcset=\"https:\/\/jornalfatosenoticias.com.br\/wp-content\/uploads\/2025\/04\/Print-Pasta-PF-Dialogos-Tagliaferro-com-mulher.jpeg 1000w, https:\/\/jornalfatosenoticias.com.br\/wp-content\/uploads\/2025\/04\/Print-Pasta-PF-Dialogos-Tagliaferro-com-mulher-300x149.jpeg 300w, https:\/\/jornalfatosenoticias.com.br\/wp-content\/uploads\/2025\/04\/Print-Pasta-PF-Dialogos-Tagliaferro-com-mulher-768x382.jpeg 768w\" sizes=\"auto, (max-width: 1000px) 100vw, 1000px\" \/><\/figure><\/div>\n\n\n\n<div class=\"wp-block-image\"><figure class=\"aligncenter size-large\"><img loading=\"lazy\" decoding=\"async\" width=\"1000\" height=\"467\" src=\"https:\/\/jornalfatosenoticias.com.br\/wp-content\/uploads\/2025\/04\/Print-Pasta-Vazia-PF-Dialogos-Tagliaferro-com-mulher.jpg\" alt=\"\" class=\"wp-image-58597\" srcset=\"https:\/\/jornalfatosenoticias.com.br\/wp-content\/uploads\/2025\/04\/Print-Pasta-Vazia-PF-Dialogos-Tagliaferro-com-mulher.jpg 1000w, https:\/\/jornalfatosenoticias.com.br\/wp-content\/uploads\/2025\/04\/Print-Pasta-Vazia-PF-Dialogos-Tagliaferro-com-mulher-300x140.jpg 300w, https:\/\/jornalfatosenoticias.com.br\/wp-content\/uploads\/2025\/04\/Print-Pasta-Vazia-PF-Dialogos-Tagliaferro-com-mulher-768x359.jpg 768w\" sizes=\"auto, (max-width: 1000px) 100vw, 1000px\" \/><\/figure><\/div>\n\n\n\n<p>Na \u00faltima sexta-feira (11), a reportagem questionou, por meio da assessoria de imprensa da PF, o delegado que conduz o inqu\u00e9rito e o agente da PF que elaborou o relat\u00f3rio que d\u00e1 acesso ao material. N\u00e3o houve resposta. Nesta quarta, a reportagem voltou a questionar a PF sobre a retirada dos arquivos, mas n\u00e3o recebeu esclarecimentos at\u00e9 a publica\u00e7\u00e3o desta reportagem \u2014 o espa\u00e7o permanece aberto.<\/p>\n\n\n\n<div class=\"wp-block-image\"><figure class=\"aligncenter size-large\"><a href=\"http:\/\/www.ferrarimaquinas.com.br\/\"><img loading=\"lazy\" decoding=\"async\" width=\"300\" height=\"250\" src=\"https:\/\/jornalfatosenoticias.com.br\/wp-content\/uploads\/2022\/02\/FERRARI_MAQUINAS-E-FERRAMENTAS2.jpg\" alt=\"\" class=\"wp-image-27860\"\/><\/a><\/figure><\/div>\n\n\n\n<p>A extra\u00e7\u00e3o dos dados do celular de Tagliaferro e sua mulher foi autorizada por Moraes em novembro do ano passado, numa decis\u00e3o de quebra de sigilo telem\u00e1tico. A pedido da PF, ele tamb\u00e9m permitiu a devassa nas conversas com a defesa, que por lei tamb\u00e9m s\u00e3o sigilosas; no pedido, o delegado do caso, Thiago Peixe, afirmou que o advogado poderia estar envolvido em atos supostamente il\u00edcitos, mas no final da investiga\u00e7\u00e3o n\u00e3o apontou qualquer ind\u00edcio de ilegalidade.<\/p>\n\n\n\n<div class=\"wp-block-image\"><figure class=\"aligncenter size-large is-resized\"><a href=\"https:\/\/panper.com.br\/\"><img loading=\"lazy\" decoding=\"async\" src=\"https:\/\/jornalfatosenoticias.com.br\/wp-content\/uploads\/2023\/03\/logo-Panper_portal.jpg\" alt=\"\" class=\"wp-image-40208\" width=\"347\" height=\"240\" srcset=\"https:\/\/jornalfatosenoticias.com.br\/wp-content\/uploads\/2023\/03\/logo-Panper_portal.jpg 400w, https:\/\/jornalfatosenoticias.com.br\/wp-content\/uploads\/2023\/03\/logo-Panper_portal-300x208.jpg 300w\" sizes=\"auto, (max-width: 347px) 100vw, 347px\" \/><\/a><\/figure><\/div>\n\n\n\n<p>Em geral, conversas privadas de investigados sem qualquer rela\u00e7\u00e3o com a suspeita de crime em investiga\u00e7\u00e3o ficam em segredo de Justi\u00e7a, para preservar a intimidade, um direito constitucional. A lei de intercepta\u00e7\u00e3o telef\u00f4nica, que regula o procedimento de capta\u00e7\u00e3o do fluxo de comunica\u00e7\u00f5es em sistemas de inform\u00e1tica e telem\u00e1tica, diz que as transcri\u00e7\u00f5es das conversas devem ser preservadas em sigilo, em autos apartados.<\/p>\n\n\n\n<div class=\"wp-block-image\"><figure class=\"aligncenter size-large is-resized\"><a href=\"https:\/\/www.instagram.com\/gruposei\/\"><img loading=\"lazy\" decoding=\"async\" src=\"https:\/\/jornalfatosenoticias.com.br\/wp-content\/uploads\/2022\/07\/Logo-Grupo-SEI.jpg\" alt=\"\" class=\"wp-image-31973\" width=\"379\" height=\"199\" srcset=\"https:\/\/jornalfatosenoticias.com.br\/wp-content\/uploads\/2022\/07\/Logo-Grupo-SEI.jpg 713w, https:\/\/jornalfatosenoticias.com.br\/wp-content\/uploads\/2022\/07\/Logo-Grupo-SEI-300x158.jpg 300w\" sizes=\"auto, (max-width: 379px) 100vw, 379px\" \/><\/a><\/figure><\/div>\n\n\n\n<p>A reportagem tamb\u00e9m questionou o gabinete de Alexandre de Moraes, por meio da assessoria de imprensa do STF, se houve falha na disponibiliza\u00e7\u00e3o p\u00fablica do material, mas n\u00e3o houve resposta at\u00e9 a publica\u00e7\u00e3o desta reportagem. Para dois especialistas do tema, ouvidos sob reserva, a disponibiliza\u00e7\u00e3o das conversas privadas viola n\u00e3o apenas o direito constitucional da intimidade, mas princ\u00edpios da Lei Geral de Prote\u00e7\u00e3o de Dados (LGPD), e pode resultar em puni\u00e7\u00f5es administrativas aos respons\u00e1veis. A PF tamb\u00e9m n\u00e3o se manifestou ao ser questionada sobre o assunto.<\/p>\n\n\n\n<div class=\"wp-block-image\"><figure class=\"aligncenter size-large\"><a href=\"https:\/\/www.cesconetto.com.br\/\"><img loading=\"lazy\" decoding=\"async\" width=\"300\" height=\"250\" src=\"https:\/\/jornalfatosenoticias.com.br\/wp-content\/uploads\/2022\/02\/Banner-2.png\" alt=\"\" class=\"wp-image-27877\"\/><\/a><\/figure><\/div>\n\n\n\n<p>A pasta com os arquivos das conversas foi acessada pela Gazeta do Povo a partir do relat\u00f3rio com a an\u00e1lise do material, juntado ao inqu\u00e9rito no mesmo dia em que Tagliaferro foi indiciado por suposta viola\u00e7\u00e3o de sigilo funcional. O inqu\u00e9rito agora \u00e9 analisado pela Procuradoria-Geral da Rep\u00fablica (PGR), a quem cabe decidir se denuncia o perito ou arquiva o caso.<\/p>\n\n\n\n<div class=\"wp-block-image\"><figure class=\"aligncenter size-large is-resized\"><a href=\"https:\/\/www.facebook.com\/vetor.vix\/\"><img loading=\"lazy\" decoding=\"async\" src=\"https:\/\/jornalfatosenoticias.com.br\/wp-content\/uploads\/2023\/09\/vetorvix1024_1.jpg\" alt=\"\" class=\"wp-image-44868\" width=\"513\" height=\"136\" srcset=\"https:\/\/jornalfatosenoticias.com.br\/wp-content\/uploads\/2023\/09\/vetorvix1024_1.jpg 1024w, https:\/\/jornalfatosenoticias.com.br\/wp-content\/uploads\/2023\/09\/vetorvix1024_1-300x80.jpg 300w, https:\/\/jornalfatosenoticias.com.br\/wp-content\/uploads\/2023\/09\/vetorvix1024_1-768x205.jpg 768w\" sizes=\"auto, (max-width: 513px) 100vw, 513px\" \/><\/a><\/figure><\/div>\n\n\n\n<p><strong><span class=\"has-inline-color has-black-color\">Inqu\u00e9rito contra Tagliaferro \u00e9 relatado por Moraes\u00a0<br><\/span><\/strong>Tagliaferro passou a ser investigado por Moraes, no ano passado, ap\u00f3s a divulga\u00e7\u00e3o de mensagens, em reportagem da <em>Folha de S.Paulo,<\/em> que apontavam que o ministro teria solicitado informalmente, por meio de outros assessores, a produ\u00e7\u00e3o de relat\u00f3rios \u00e0 assessoria chefiada pelo perito no TSE.<\/p>\n\n\n\n<div class=\"wp-block-image\"><figure class=\"aligncenter size-large is-resized\"><a href=\"https:\/\/www.controlsystems.com.br\/\"><img loading=\"lazy\" decoding=\"async\" src=\"https:\/\/jornalfatosenoticias.com.br\/wp-content\/uploads\/2020\/02\/CONTROL-CS.jpg\" alt=\"\" class=\"wp-image-44991\" width=\"313\" height=\"375\" srcset=\"https:\/\/jornalfatosenoticias.com.br\/wp-content\/uploads\/2020\/02\/CONTROL-CS.jpg 834w, https:\/\/jornalfatosenoticias.com.br\/wp-content\/uploads\/2020\/02\/CONTROL-CS-250x300.jpg 250w, https:\/\/jornalfatosenoticias.com.br\/wp-content\/uploads\/2020\/02\/CONTROL-CS-768x921.jpg 768w\" sizes=\"auto, (max-width: 313px) 100vw, 313px\" \/><\/a><\/figure><\/div>\n\n\n\n<p>As mensagens foram vazadas de um grupo composto por Tagliaferro e por Airton Vieira, juiz instrutor do gabinete de Moraes no STF, e Marco Ant\u00f4nio Vargas, juiz auxiliar de Moraes durante sua presid\u00eancia no TSE. Nas mensagens, esses auxiliares davam ordens e direcionamentos informais para Tagliaferro produzir relat\u00f3rios contra supostas fake news nas redes sociais.\u00a0<\/p>\n\n\n\n<div class=\"wp-block-image\"><figure class=\"aligncenter size-large is-resized\"><a href=\"https:\/\/www.instagram.com\/rcradiadores\/\"><img loading=\"lazy\" decoding=\"async\" src=\"https:\/\/jornalfatosenoticias.com.br\/wp-content\/uploads\/2022\/10\/RC_800x750_page-0001.jpg\" alt=\"\" class=\"wp-image-35338\" width=\"300\" height=\"281\" srcset=\"https:\/\/jornalfatosenoticias.com.br\/wp-content\/uploads\/2022\/10\/RC_800x750_page-0001.jpg 400w, https:\/\/jornalfatosenoticias.com.br\/wp-content\/uploads\/2022\/10\/RC_800x750_page-0001-300x281.jpg 300w\" sizes=\"auto, (max-width: 300px) 100vw, 300px\" \/><\/a><\/figure><\/div>\n\n\n\n<p>Eduardo Tagliaferro foi assessor do ministro Alexandre de Moraes no Tribunal Superior Eleitoral (TSE), entre agosto de 2022 e maio de 2023. Ele foi demitido um dia ap\u00f3s ser preso por causa de um desentendimento com sua ex-mulher em casa.<\/p>\n\n\n\n<p><strong>Fonte: <a href=\"https:\/\/www.gazetadopovo.com.br\/republica\/pf-retira-da-rede-arquivos-com-mensagens-privadas-de-ex-assessor-de-moraes\/\">Gazeta do Povo<\/a><\/strong><\/p>\n","protected":false},"excerpt":{"rendered":"<p>Mensagens de Tagliaferro sobre Moraes foram exclu\u00eddas de pasta de acesso p\u00fablico Por Renan Ramalho e Aline Rechmann A Pol\u00edcia Federal retirou de uma pasta p\u00fablica na internet arquivos que continham mensagens de WhatsApp do perito Eduardo Tagliaferro, ex-assessor do ministro Alexandre de Moraes, com sua mulher e seu advogado. O material, que continha conversas [&hellip;]<\/p>\n","protected":false},"author":2,"featured_media":58595,"comment_status":"open","ping_status":"open","sticky":false,"template":"","format":"standard","meta":{"footnotes":""},"categories":[5],"tags":[13889,26704,26705,2146,294,1514],"class_list":["post-58594","post","type-post","status-publish","format-standard","has-post-thumbnail","hentry","category-geral","tag-alexandre-de-moraes","tag-assessor-de-alexandre-de-moraes","tag-eduardo-tagliaferro","tag-policia-federal","tag-stf","tag-tse"],"yoast_head":"<!-- This site is optimized with the Yoast SEO plugin v26.5 - https:\/\/yoast.com\/wordpress\/plugins\/seo\/ -->\n<title>PF retira da rede arquivos com mensagens privadas de ex-assessor de Moraes - Jornal Fatos e Not\u00edcias<\/title>\n<meta name=\"robots\" content=\"index, follow, max-snippet:-1, max-image-preview:large, max-video-preview:-1\" \/>\n<link rel=\"canonical\" href=\"https:\/\/jornalfatosenoticias.com.br\/index.php\/2025\/04\/16\/pf-retira-da-rede-arquivos-com-mensagens-privadas-de-ex-assessor-de-moraes\/\" \/>\n<meta property=\"og:locale\" content=\"pt_BR\" \/>\n<meta property=\"og:type\" content=\"article\" \/>\n<meta property=\"og:title\" content=\"PF retira da rede arquivos com mensagens privadas de ex-assessor de Moraes - Jornal Fatos e Not\u00edcias\" \/>\n<meta property=\"og:description\" content=\"Mensagens de Tagliaferro sobre Moraes foram exclu\u00eddas de pasta de acesso p\u00fablico Por Renan Ramalho e Aline Rechmann A Pol\u00edcia Federal retirou de uma pasta p\u00fablica na internet arquivos que continham mensagens de WhatsApp do perito Eduardo Tagliaferro, ex-assessor do ministro Alexandre de Moraes, com sua mulher e seu advogado. O material, que continha conversas [&hellip;]\" \/>\n<meta property=\"og:url\" content=\"https:\/\/jornalfatosenoticias.com.br\/index.php\/2025\/04\/16\/pf-retira-da-rede-arquivos-com-mensagens-privadas-de-ex-assessor-de-moraes\/\" \/>\n<meta property=\"og:site_name\" content=\"Jornal Fatos e Not\u00edcias\" \/>\n<meta property=\"article:published_time\" content=\"2025-04-16T19:18:35+00:00\" \/>\n<meta property=\"article:modified_time\" content=\"2025-04-16T19:18:36+00:00\" \/>\n<meta property=\"og:image\" content=\"https:\/\/jornalfatosenoticias.com.br\/wp-content\/uploads\/2025\/04\/Eduardo-Tagliaferro-TSE.jpg\" \/>\n\t<meta property=\"og:image:width\" content=\"1000\" \/>\n\t<meta property=\"og:image:height\" content=\"562\" \/>\n\t<meta property=\"og:image:type\" content=\"image\/jpeg\" \/>\n<meta name=\"author\" content=\"Luzimara Fernandes\" \/>\n<meta name=\"twitter:card\" content=\"summary_large_image\" \/>\n<meta name=\"twitter:label1\" content=\"Escrito por\" \/>\n\t<meta name=\"twitter:data1\" content=\"Luzimara Fernandes\" \/>\n\t<meta name=\"twitter:label2\" content=\"Est. tempo de leitura\" \/>\n\t<meta name=\"twitter:data2\" content=\"4 minutos\" \/>\n<script type=\"application\/ld+json\" class=\"yoast-schema-graph\">{\"@context\":\"https:\/\/schema.org\",\"@graph\":[{\"@type\":\"Article\",\"@id\":\"https:\/\/jornalfatosenoticias.com.br\/index.php\/2025\/04\/16\/pf-retira-da-rede-arquivos-com-mensagens-privadas-de-ex-assessor-de-moraes\/#article\",\"isPartOf\":{\"@id\":\"https:\/\/jornalfatosenoticias.com.br\/index.php\/2025\/04\/16\/pf-retira-da-rede-arquivos-com-mensagens-privadas-de-ex-assessor-de-moraes\/\"},\"author\":{\"name\":\"Luzimara Fernandes\",\"@id\":\"https:\/\/jornalfatosenoticias.com.br\/#\/schema\/person\/d63837fa13ac8666eb9e74e0985d6f81\"},\"headline\":\"PF retira da rede arquivos com mensagens privadas de ex-assessor de Moraes\",\"datePublished\":\"2025-04-16T19:18:35+00:00\",\"dateModified\":\"2025-04-16T19:18:36+00:00\",\"mainEntityOfPage\":{\"@id\":\"https:\/\/jornalfatosenoticias.com.br\/index.php\/2025\/04\/16\/pf-retira-da-rede-arquivos-com-mensagens-privadas-de-ex-assessor-de-moraes\/\"},\"wordCount\":851,\"commentCount\":0,\"publisher\":{\"@id\":\"https:\/\/jornalfatosenoticias.com.br\/#organization\"},\"image\":{\"@id\":\"https:\/\/jornalfatosenoticias.com.br\/index.php\/2025\/04\/16\/pf-retira-da-rede-arquivos-com-mensagens-privadas-de-ex-assessor-de-moraes\/#primaryimage\"},\"thumbnailUrl\":\"https:\/\/jornalfatosenoticias.com.br\/wp-content\/uploads\/2025\/04\/Eduardo-Tagliaferro-TSE.jpg\",\"keywords\":[\"Alexandre de Moraes\",\"assessor de Alexandre de Moraes\",\"Eduardo Tagliaferro\",\"Pol\u00edcia Federal\",\"STF\",\"TSE\"],\"articleSection\":[\"Geral\"],\"inLanguage\":\"pt-BR\",\"potentialAction\":[{\"@type\":\"CommentAction\",\"name\":\"Comment\",\"target\":[\"https:\/\/jornalfatosenoticias.com.br\/index.php\/2025\/04\/16\/pf-retira-da-rede-arquivos-com-mensagens-privadas-de-ex-assessor-de-moraes\/#respond\"]}]},{\"@type\":\"WebPage\",\"@id\":\"https:\/\/jornalfatosenoticias.com.br\/index.php\/2025\/04\/16\/pf-retira-da-rede-arquivos-com-mensagens-privadas-de-ex-assessor-de-moraes\/\",\"url\":\"https:\/\/jornalfatosenoticias.com.br\/index.php\/2025\/04\/16\/pf-retira-da-rede-arquivos-com-mensagens-privadas-de-ex-assessor-de-moraes\/\",\"name\":\"PF retira da rede arquivos com mensagens privadas de ex-assessor de Moraes - Jornal Fatos e Not\u00edcias\",\"isPartOf\":{\"@id\":\"https:\/\/jornalfatosenoticias.com.br\/#website\"},\"primaryImageOfPage\":{\"@id\":\"https:\/\/jornalfatosenoticias.com.br\/index.php\/2025\/04\/16\/pf-retira-da-rede-arquivos-com-mensagens-privadas-de-ex-assessor-de-moraes\/#primaryimage\"},\"image\":{\"@id\":\"https:\/\/jornalfatosenoticias.com.br\/index.php\/2025\/04\/16\/pf-retira-da-rede-arquivos-com-mensagens-privadas-de-ex-assessor-de-moraes\/#primaryimage\"},\"thumbnailUrl\":\"https:\/\/jornalfatosenoticias.com.br\/wp-content\/uploads\/2025\/04\/Eduardo-Tagliaferro-TSE.jpg\",\"datePublished\":\"2025-04-16T19:18:35+00:00\",\"dateModified\":\"2025-04-16T19:18:36+00:00\",\"breadcrumb\":{\"@id\":\"https:\/\/jornalfatosenoticias.com.br\/index.php\/2025\/04\/16\/pf-retira-da-rede-arquivos-com-mensagens-privadas-de-ex-assessor-de-moraes\/#breadcrumb\"},\"inLanguage\":\"pt-BR\",\"potentialAction\":[{\"@type\":\"ReadAction\",\"target\":[\"https:\/\/jornalfatosenoticias.com.br\/index.php\/2025\/04\/16\/pf-retira-da-rede-arquivos-com-mensagens-privadas-de-ex-assessor-de-moraes\/\"]}]},{\"@type\":\"ImageObject\",\"inLanguage\":\"pt-BR\",\"@id\":\"https:\/\/jornalfatosenoticias.com.br\/index.php\/2025\/04\/16\/pf-retira-da-rede-arquivos-com-mensagens-privadas-de-ex-assessor-de-moraes\/#primaryimage\",\"url\":\"https:\/\/jornalfatosenoticias.com.br\/wp-content\/uploads\/2025\/04\/Eduardo-Tagliaferro-TSE.jpg\",\"contentUrl\":\"https:\/\/jornalfatosenoticias.com.br\/wp-content\/uploads\/2025\/04\/Eduardo-Tagliaferro-TSE.jpg\",\"width\":1000,\"height\":562},{\"@type\":\"BreadcrumbList\",\"@id\":\"https:\/\/jornalfatosenoticias.com.br\/index.php\/2025\/04\/16\/pf-retira-da-rede-arquivos-com-mensagens-privadas-de-ex-assessor-de-moraes\/#breadcrumb\",\"itemListElement\":[{\"@type\":\"ListItem\",\"position\":1,\"name\":\"In\u00edcio\",\"item\":\"https:\/\/jornalfatosenoticias.com.br\/\"},{\"@type\":\"ListItem\",\"position\":2,\"name\":\"PF retira da rede arquivos com mensagens privadas de ex-assessor de Moraes\"}]},{\"@type\":\"WebSite\",\"@id\":\"https:\/\/jornalfatosenoticias.com.br\/#website\",\"url\":\"https:\/\/jornalfatosenoticias.com.br\/\",\"name\":\"Jornal Fatos e Not\u00edcias\",\"description\":\"Not\u00edcias em geral\",\"publisher\":{\"@id\":\"https:\/\/jornalfatosenoticias.com.br\/#organization\"},\"potentialAction\":[{\"@type\":\"SearchAction\",\"target\":{\"@type\":\"EntryPoint\",\"urlTemplate\":\"https:\/\/jornalfatosenoticias.com.br\/?s={search_term_string}\"},\"query-input\":{\"@type\":\"PropertyValueSpecification\",\"valueRequired\":true,\"valueName\":\"search_term_string\"}}],\"inLanguage\":\"pt-BR\"},{\"@type\":\"Organization\",\"@id\":\"https:\/\/jornalfatosenoticias.com.br\/#organization\",\"name\":\"Jornal Fatos e Not\u00edcias\",\"url\":\"https:\/\/jornalfatosenoticias.com.br\/\",\"logo\":{\"@type\":\"ImageObject\",\"inLanguage\":\"pt-BR\",\"@id\":\"https:\/\/jornalfatosenoticias.com.br\/#\/schema\/logo\/image\/\",\"url\":\"https:\/\/jornalfatosenoticias.com.br\/wp-content\/uploads\/2020\/02\/logo120.png\",\"contentUrl\":\"https:\/\/jornalfatosenoticias.com.br\/wp-content\/uploads\/2020\/02\/logo120.png\",\"width\":1227,\"height\":120,\"caption\":\"Jornal Fatos e Not\u00edcias\"},\"image\":{\"@id\":\"https:\/\/jornalfatosenoticias.com.br\/#\/schema\/logo\/image\/\"}},{\"@type\":\"Person\",\"@id\":\"https:\/\/jornalfatosenoticias.com.br\/#\/schema\/person\/d63837fa13ac8666eb9e74e0985d6f81\",\"name\":\"Luzimara Fernandes\",\"image\":{\"@type\":\"ImageObject\",\"inLanguage\":\"pt-BR\",\"@id\":\"https:\/\/jornalfatosenoticias.com.br\/#\/schema\/person\/image\/\",\"url\":\"https:\/\/jornalfatosenoticias.com.br\/wp-content\/uploads\/2025\/05\/EU_portal.jpg\",\"contentUrl\":\"https:\/\/jornalfatosenoticias.com.br\/wp-content\/uploads\/2025\/05\/EU_portal.jpg\",\"caption\":\"Luzimara Fernandes\"},\"description\":\"Jornalista MTB 2358-ES\",\"sameAs\":[\"https:\/\/jornalfatosenoticias.com.br\"],\"url\":\"https:\/\/jornalfatosenoticias.com.br\/index.php\/author\/luzimara\/\"}]}<\/script>\n<!-- \/ Yoast SEO plugin. -->","yoast_head_json":{"title":"PF retira da rede arquivos com mensagens privadas de ex-assessor de Moraes - Jornal Fatos e Not\u00edcias","robots":{"index":"index","follow":"follow","max-snippet":"max-snippet:-1","max-image-preview":"max-image-preview:large","max-video-preview":"max-video-preview:-1"},"canonical":"https:\/\/jornalfatosenoticias.com.br\/index.php\/2025\/04\/16\/pf-retira-da-rede-arquivos-com-mensagens-privadas-de-ex-assessor-de-moraes\/","og_locale":"pt_BR","og_type":"article","og_title":"PF retira da rede arquivos com mensagens privadas de ex-assessor de Moraes - Jornal Fatos e Not\u00edcias","og_description":"Mensagens de Tagliaferro sobre Moraes foram exclu\u00eddas de pasta de acesso p\u00fablico Por Renan Ramalho e Aline Rechmann A Pol\u00edcia Federal retirou de uma pasta p\u00fablica na internet arquivos que continham mensagens de WhatsApp do perito Eduardo Tagliaferro, ex-assessor do ministro Alexandre de Moraes, com sua mulher e seu advogado. O material, que continha conversas [&hellip;]","og_url":"https:\/\/jornalfatosenoticias.com.br\/index.php\/2025\/04\/16\/pf-retira-da-rede-arquivos-com-mensagens-privadas-de-ex-assessor-de-moraes\/","og_site_name":"Jornal Fatos e Not\u00edcias","article_published_time":"2025-04-16T19:18:35+00:00","article_modified_time":"2025-04-16T19:18:36+00:00","og_image":[{"width":1000,"height":562,"url":"https:\/\/jornalfatosenoticias.com.br\/wp-content\/uploads\/2025\/04\/Eduardo-Tagliaferro-TSE.jpg","type":"image\/jpeg"}],"author":"Luzimara Fernandes","twitter_card":"summary_large_image","twitter_misc":{"Escrito por":"Luzimara Fernandes","Est. tempo de leitura":"4 minutos"},"schema":{"@context":"https:\/\/schema.org","@graph":[{"@type":"Article","@id":"https:\/\/jornalfatosenoticias.com.br\/index.php\/2025\/04\/16\/pf-retira-da-rede-arquivos-com-mensagens-privadas-de-ex-assessor-de-moraes\/#article","isPartOf":{"@id":"https:\/\/jornalfatosenoticias.com.br\/index.php\/2025\/04\/16\/pf-retira-da-rede-arquivos-com-mensagens-privadas-de-ex-assessor-de-moraes\/"},"author":{"name":"Luzimara Fernandes","@id":"https:\/\/jornalfatosenoticias.com.br\/#\/schema\/person\/d63837fa13ac8666eb9e74e0985d6f81"},"headline":"PF retira da rede arquivos com mensagens privadas de ex-assessor de Moraes","datePublished":"2025-04-16T19:18:35+00:00","dateModified":"2025-04-16T19:18:36+00:00","mainEntityOfPage":{"@id":"https:\/\/jornalfatosenoticias.com.br\/index.php\/2025\/04\/16\/pf-retira-da-rede-arquivos-com-mensagens-privadas-de-ex-assessor-de-moraes\/"},"wordCount":851,"commentCount":0,"publisher":{"@id":"https:\/\/jornalfatosenoticias.com.br\/#organization"},"image":{"@id":"https:\/\/jornalfatosenoticias.com.br\/index.php\/2025\/04\/16\/pf-retira-da-rede-arquivos-com-mensagens-privadas-de-ex-assessor-de-moraes\/#primaryimage"},"thumbnailUrl":"https:\/\/jornalfatosenoticias.com.br\/wp-content\/uploads\/2025\/04\/Eduardo-Tagliaferro-TSE.jpg","keywords":["Alexandre de Moraes","assessor de Alexandre de Moraes","Eduardo Tagliaferro","Pol\u00edcia Federal","STF","TSE"],"articleSection":["Geral"],"inLanguage":"pt-BR","potentialAction":[{"@type":"CommentAction","name":"Comment","target":["https:\/\/jornalfatosenoticias.com.br\/index.php\/2025\/04\/16\/pf-retira-da-rede-arquivos-com-mensagens-privadas-de-ex-assessor-de-moraes\/#respond"]}]},{"@type":"WebPage","@id":"https:\/\/jornalfatosenoticias.com.br\/index.php\/2025\/04\/16\/pf-retira-da-rede-arquivos-com-mensagens-privadas-de-ex-assessor-de-moraes\/","url":"https:\/\/jornalfatosenoticias.com.br\/index.php\/2025\/04\/16\/pf-retira-da-rede-arquivos-com-mensagens-privadas-de-ex-assessor-de-moraes\/","name":"PF retira da rede arquivos com mensagens privadas de ex-assessor de Moraes - Jornal Fatos e Not\u00edcias","isPartOf":{"@id":"https:\/\/jornalfatosenoticias.com.br\/#website"},"primaryImageOfPage":{"@id":"https:\/\/jornalfatosenoticias.com.br\/index.php\/2025\/04\/16\/pf-retira-da-rede-arquivos-com-mensagens-privadas-de-ex-assessor-de-moraes\/#primaryimage"},"image":{"@id":"https:\/\/jornalfatosenoticias.com.br\/index.php\/2025\/04\/16\/pf-retira-da-rede-arquivos-com-mensagens-privadas-de-ex-assessor-de-moraes\/#primaryimage"},"thumbnailUrl":"https:\/\/jornalfatosenoticias.com.br\/wp-content\/uploads\/2025\/04\/Eduardo-Tagliaferro-TSE.jpg","datePublished":"2025-04-16T19:18:35+00:00","dateModified":"2025-04-16T19:18:36+00:00","breadcrumb":{"@id":"https:\/\/jornalfatosenoticias.com.br\/index.php\/2025\/04\/16\/pf-retira-da-rede-arquivos-com-mensagens-privadas-de-ex-assessor-de-moraes\/#breadcrumb"},"inLanguage":"pt-BR","potentialAction":[{"@type":"ReadAction","target":["https:\/\/jornalfatosenoticias.com.br\/index.php\/2025\/04\/16\/pf-retira-da-rede-arquivos-com-mensagens-privadas-de-ex-assessor-de-moraes\/"]}]},{"@type":"ImageObject","inLanguage":"pt-BR","@id":"https:\/\/jornalfatosenoticias.com.br\/index.php\/2025\/04\/16\/pf-retira-da-rede-arquivos-com-mensagens-privadas-de-ex-assessor-de-moraes\/#primaryimage","url":"https:\/\/jornalfatosenoticias.com.br\/wp-content\/uploads\/2025\/04\/Eduardo-Tagliaferro-TSE.jpg","contentUrl":"https:\/\/jornalfatosenoticias.com.br\/wp-content\/uploads\/2025\/04\/Eduardo-Tagliaferro-TSE.jpg","width":1000,"height":562},{"@type":"BreadcrumbList","@id":"https:\/\/jornalfatosenoticias.com.br\/index.php\/2025\/04\/16\/pf-retira-da-rede-arquivos-com-mensagens-privadas-de-ex-assessor-de-moraes\/#breadcrumb","itemListElement":[{"@type":"ListItem","position":1,"name":"In\u00edcio","item":"https:\/\/jornalfatosenoticias.com.br\/"},{"@type":"ListItem","position":2,"name":"PF retira da rede arquivos com mensagens privadas de ex-assessor de Moraes"}]},{"@type":"WebSite","@id":"https:\/\/jornalfatosenoticias.com.br\/#website","url":"https:\/\/jornalfatosenoticias.com.br\/","name":"Jornal Fatos e Not\u00edcias","description":"Not\u00edcias em geral","publisher":{"@id":"https:\/\/jornalfatosenoticias.com.br\/#organization"},"potentialAction":[{"@type":"SearchAction","target":{"@type":"EntryPoint","urlTemplate":"https:\/\/jornalfatosenoticias.com.br\/?s={search_term_string}"},"query-input":{"@type":"PropertyValueSpecification","valueRequired":true,"valueName":"search_term_string"}}],"inLanguage":"pt-BR"},{"@type":"Organization","@id":"https:\/\/jornalfatosenoticias.com.br\/#organization","name":"Jornal Fatos e Not\u00edcias","url":"https:\/\/jornalfatosenoticias.com.br\/","logo":{"@type":"ImageObject","inLanguage":"pt-BR","@id":"https:\/\/jornalfatosenoticias.com.br\/#\/schema\/logo\/image\/","url":"https:\/\/jornalfatosenoticias.com.br\/wp-content\/uploads\/2020\/02\/logo120.png","contentUrl":"https:\/\/jornalfatosenoticias.com.br\/wp-content\/uploads\/2020\/02\/logo120.png","width":1227,"height":120,"caption":"Jornal Fatos e Not\u00edcias"},"image":{"@id":"https:\/\/jornalfatosenoticias.com.br\/#\/schema\/logo\/image\/"}},{"@type":"Person","@id":"https:\/\/jornalfatosenoticias.com.br\/#\/schema\/person\/d63837fa13ac8666eb9e74e0985d6f81","name":"Luzimara Fernandes","image":{"@type":"ImageObject","inLanguage":"pt-BR","@id":"https:\/\/jornalfatosenoticias.com.br\/#\/schema\/person\/image\/","url":"https:\/\/jornalfatosenoticias.com.br\/wp-content\/uploads\/2025\/05\/EU_portal.jpg","contentUrl":"https:\/\/jornalfatosenoticias.com.br\/wp-content\/uploads\/2025\/05\/EU_portal.jpg","caption":"Luzimara Fernandes"},"description":"Jornalista MTB 2358-ES","sameAs":["https:\/\/jornalfatosenoticias.com.br"],"url":"https:\/\/jornalfatosenoticias.com.br\/index.php\/author\/luzimara\/"}]}},"cc_featured_image_caption":{"caption_text":"(Foto: Alejandro Zambrana\/Secom\/TSE)","source_text":"","source_url":""},"jetpack_featured_media_url":"https:\/\/jornalfatosenoticias.com.br\/wp-content\/uploads\/2025\/04\/Eduardo-Tagliaferro-TSE.jpg","_links":{"self":[{"href":"https:\/\/jornalfatosenoticias.com.br\/index.php\/wp-json\/wp\/v2\/posts\/58594","targetHints":{"allow":["GET"]}}],"collection":[{"href":"https:\/\/jornalfatosenoticias.com.br\/index.php\/wp-json\/wp\/v2\/posts"}],"about":[{"href":"https:\/\/jornalfatosenoticias.com.br\/index.php\/wp-json\/wp\/v2\/types\/post"}],"author":[{"embeddable":true,"href":"https:\/\/jornalfatosenoticias.com.br\/index.php\/wp-json\/wp\/v2\/users\/2"}],"replies":[{"embeddable":true,"href":"https:\/\/jornalfatosenoticias.com.br\/index.php\/wp-json\/wp\/v2\/comments?post=58594"}],"version-history":[{"count":0,"href":"https:\/\/jornalfatosenoticias.com.br\/index.php\/wp-json\/wp\/v2\/posts\/58594\/revisions"}],"wp:featuredmedia":[{"embeddable":true,"href":"https:\/\/jornalfatosenoticias.com.br\/index.php\/wp-json\/wp\/v2\/media\/58595"}],"wp:attachment":[{"href":"https:\/\/jornalfatosenoticias.com.br\/index.php\/wp-json\/wp\/v2\/media?parent=58594"}],"wp:term":[{"taxonomy":"category","embeddable":true,"href":"https:\/\/jornalfatosenoticias.com.br\/index.php\/wp-json\/wp\/v2\/categories?post=58594"},{"taxonomy":"post_tag","embeddable":true,"href":"https:\/\/jornalfatosenoticias.com.br\/index.php\/wp-json\/wp\/v2\/tags?post=58594"}],"curies":[{"name":"wp","href":"https:\/\/api.w.org\/{rel}","templated":true}]}}