{"id":5861,"date":"2020-06-24T13:35:38","date_gmt":"2020-06-24T16:35:38","guid":{"rendered":"https:\/\/jornalfatosenoticias.com.br\/?p=5861"},"modified":"2020-06-24T13:38:09","modified_gmt":"2020-06-24T16:38:09","slug":"como-plantar-e-cultivar-mamao-de-forma-organica","status":"publish","type":"post","link":"https:\/\/jornalfatosenoticias.com.br\/index.php\/2020\/06\/24\/como-plantar-e-cultivar-mamao-de-forma-organica\/","title":{"rendered":"Como plantar e cultivar mam\u00e3o de forma org\u00e2nica"},"content":{"rendered":"\n<h6 class=\"wp-block-heading\"><em>O mamoeiro \u00e9 anti-inflamat\u00f3rio, cicatrizante, diur\u00e9tico, laxante e ajuda na digest\u00e3o<\/em><\/h6>\n\n\n\n<p>O mam\u00e3o (Carica papaya L.) \u00e9 um arbusto frut\u00edfero muito popular no Brasil, tornando o nosso Pa\u00eds um dos maiores produtores. \u00c9 de origem da Am\u00e9rica tropical, onde geadas ou temperaturas muito baixas s\u00e3o mais dif\u00edceis de acontecer.<br>No Brasil, as variedades mais plantadas s\u00e3o a Sunrise Solo, com as cultivares Hava\u00ed, Papaya ou Amaz\u00f4nia, a variedade Improved Sunrise Solo cv 72\/12, com a cultivar mam\u00e3o Hava\u00ed, e a variedade Formosa, com as cultivares Tainung n\u00ba1 e Tainung n\u00ba2.<br>Os frutos podem ser\u00a0<a rel=\"noreferrer noopener\" href=\"http:\/\/thiagoorganico.com\/alimento-organico\/\" target=\"_blank\">consumidos<\/a>\u00a0a partir de conservas, geleias, sucos e n\u00e9ctares, frutas cristalizadas, al\u00e9m do fruto sem processamento. O caule tamb\u00e9m pode ser consumido a partir de geleias.<br>Ao aprender como plantar mam\u00e3o org\u00e2nico e colocar a m\u00e3o na massa, voc\u00ea estar\u00e1 cultivando em sua\u00a0<a rel=\"noreferrer noopener\" href=\"http:\/\/thiagoorganico.com\/como-fazer-uma-horta-organica-em-casa\/\" target=\"_blank\">horta org\u00e2nica<\/a> uma planta com muitas propriedades medicinais.<br>O mamoeiro \u00e9 anti-inflamat\u00f3rio, cicatrizante, diur\u00e9tico, laxante, ajuda na digest\u00e3o. Se as sementes de mam\u00e3o forem consumidas, pode ajudar na limpeza estomacal e no tratamento de verminoses. Al\u00e9m de todos esses benef\u00edcios, o mamoeiro ainda \u00e9 rico em nutrientes como a\u00e7\u00facares, fibras, vitaminas C, E e K, e minerais, como c\u00e1lcio, ferro, f\u00f3sforo, magn\u00e9sio, pot\u00e1ssio, zinco, e s\u00f3dio, entre outros.<br>Uma planta t\u00e3o importante como essa merece uma chance de ser plantada. Para isso, irei te ensinar e voc\u00ea vai ver que \u00e9 muito simples cultivar mam\u00e3o org\u00e2nico.<\/p>\n\n\n\n<h4 class=\"wp-block-heading\">Como plantar mam\u00e3o org\u00e2nico<\/h4>\n\n\n\n<p>Agora vamos aprender como \u00e9 f\u00e1cil ter um plantio de mam\u00e3o de qualidade. \u00c9 s\u00f3 seguir as recomenda\u00e7\u00f5es.<\/p>\n\n\n\n<h4 class=\"wp-block-heading\">\u00c9poca de plantio<\/h4>\n\n\n\n<p>O mamoeiro pode ser plantado em qualquer \u00e9poca do ano, desde que sejam observadas as necessidades de irriga\u00e7\u00e3o. Prefira plantar no in\u00edcio das chuvas e, assim, diminuir os custos de irriga\u00e7\u00e3o.<\/p>\n\n\n\n<h4 class=\"wp-block-heading\">Temperatura e ambiente<\/h4>\n\n\n\n<p>O clima ideal para o mamoeiro \u00e9 aquele com temperaturas entre 22 a 26\u00baC, com luz solar direta e com chuvas bem distribu\u00eddas.<\/p>\n\n\n\n<h4 class=\"wp-block-heading\">Luminosidade<\/h4>\n\n\n\n<figure class=\"wp-block-image size-large\"><img loading=\"lazy\" decoding=\"async\" width=\"1000\" height=\"666\" src=\"https:\/\/jornalfatosenoticias.com.br\/wp-content\/uploads\/2020\/06\/iStock-mamoeiro2.jpg\" alt=\"\" class=\"wp-image-5863\" srcset=\"https:\/\/jornalfatosenoticias.com.br\/wp-content\/uploads\/2020\/06\/iStock-mamoeiro2.jpg 1000w, https:\/\/jornalfatosenoticias.com.br\/wp-content\/uploads\/2020\/06\/iStock-mamoeiro2-300x200.jpg 300w, https:\/\/jornalfatosenoticias.com.br\/wp-content\/uploads\/2020\/06\/iStock-mamoeiro2-768x511.jpg 768w\" sizes=\"auto, (max-width: 1000px) 100vw, 1000px\" \/><figcaption><em>(Foto: iStock)<\/em><\/figcaption><\/figure>\n\n\n\n<p>O mamoeiro se desenvolve bem em locais que recebem grande insola\u00e7\u00e3o. Deve ter luz solar direta por pelo menos quatro horas por dia.<\/p>\n\n\n\n<h4 class=\"wp-block-heading\">Preparo das mudas<\/h4>\n\n\n\n<p>O mamoeiro \u00e9 plantado, principalmente, por meio de sementes e vamos falar aqui sobre como fazer mudas de mam\u00e3o.<br>De acordo com o especialista em Agricultura Org\u00e2nica <a rel=\"noreferrer noopener\" href=\"http:\/\/thiagoorganico.com\/\" target=\"_blank\">Thiago Tadeu Campos,<\/a> para produ\u00e7\u00e3o de sementes, voc\u00ea pode retirar dos pr\u00f3prios frutos ou comprar em lojas agropecu\u00e1rias. Quebre a membrana das sementes ao apert\u00e1-las contra uma peneira, com cuidado para n\u00e3o quebrar as sementes. Lave e deixe secar em local escuro.<br>Agora voc\u00ea j\u00e1 pode plantar as sementes, ou nos canteiros ou em vasos. No caso de vasos, voc\u00ea ter\u00e1 que fazer um transplante depois, se for um vaso pequeno, com o risco do mamoeiro n\u00e3o se desenvolver bem. Se for plantar em vasos, recomendo que seja o plantio definitivo, e para isso, utilize vasos de 100 litros com boa aduba\u00e7\u00e3o.<br>Para o plantio direto no solo, disponha as sementes a 1,25 cm de profundidade, com dist\u00e2ncia entre si de cinco cent\u00edmetros. \u00c9 preciso obter dessa etapa as plantas machos e f\u00eameas. Plantar mais, te d\u00e1 maior seguran\u00e7a de obter esses dois tipos.<\/p>\n\n\n\n<figure class=\"wp-block-image size-large\"><img loading=\"lazy\" decoding=\"async\" width=\"1000\" height=\"666\" src=\"https:\/\/jornalfatosenoticias.com.br\/wp-content\/uploads\/2020\/06\/iStock-mamoeiro3.jpg\" alt=\"\" class=\"wp-image-5862\" srcset=\"https:\/\/jornalfatosenoticias.com.br\/wp-content\/uploads\/2020\/06\/iStock-mamoeiro3.jpg 1000w, https:\/\/jornalfatosenoticias.com.br\/wp-content\/uploads\/2020\/06\/iStock-mamoeiro3-300x200.jpg 300w, https:\/\/jornalfatosenoticias.com.br\/wp-content\/uploads\/2020\/06\/iStock-mamoeiro3-768x511.jpg 768w\" sizes=\"auto, (max-width: 1000px) 100vw, 1000px\" \/><figcaption><em>(Foto: iStock)<\/em><\/figcaption><\/figure>\n\n\n\n<p>Fa\u00e7a a sele\u00e7\u00e3o das melhores mudas. Quando estiverem com 90 cm, aproximadamente, vai ser poss\u00edvel dizer se \u00e9 uma planta macho ou f\u00eamea. A planta macho tem seu florescimento primeiro, e possui um caule fino e longo com as flores. A flor do mam\u00e3o f\u00eamea \u00e9 pr\u00f3xima ao caule e \u00e9 maior que a da planta macho. \u00c9 preciso pelo menos um mam\u00e3o macho para cada 10 ou 15 mam\u00f5es f\u00eamea se voc\u00ea tiver o interesse de produzir frutos.<br>Existem tamb\u00e9m as plantas hermafroditas, que s\u00e3o ao mesmo tempo macho e f\u00eamea e se autopolinizam.<\/p>\n\n\n\n<h4 class=\"wp-block-heading\">Espa\u00e7amento e solo<\/h4>\n\n\n\n<p>O espa\u00e7amento para plantio em solo pode ser de 3 a 4 metros entre as linhas, e de 1,80 a 2,50 entre as plantas.<br>Essa planta prefere um solo areno-argiloso, com pH entre 5,5 a 6,7. Ao escolher o local do plantio, evite solos pouco profundos ou em baixadas.<\/p>\n\n\n\n<h4 class=\"wp-block-heading\">Aduba\u00e7\u00e3o<\/h4>\n\n\n\n<p>A aduba\u00e7\u00e3o de plantio deve ser uma <a rel=\"noreferrer noopener\" href=\"http:\/\/thiagoorganico.com\/como-fazer-adubo-organico\/\" target=\"_blank\">aduba\u00e7\u00e3o org\u00e2nica<\/a> para manter seu plantio com mais sa\u00fade. Voc\u00ea pode adubar com torta de mamona e cacau ou esterco de galinha ou gado.<br>As aduba\u00e7\u00f5es de cobertura devem ser feitas uma vez ao m\u00eas ou uma vez a cada dois meses, em solos \u00famidos.<\/p>\n\n\n\n<h4 class=\"wp-block-heading\">Irriga\u00e7\u00e3o<\/h4>\n\n\n\n<p>O mamoeiro precisa de muita \u00e1gua para crescer e no momento de produzir. A\u00a0<a rel=\"noreferrer noopener\" href=\"http:\/\/thiagoorganico.com\/sistema-de-irrigacao\/\" target=\"_blank\">irriga\u00e7\u00e3o<\/a>\u00a0das mudas deve ser realizada pelo menos duas vezes por dia. Mas ele n\u00e3o tolera encharcamento, ent\u00e3o fique bem atento na hora de fazer a irriga\u00e7\u00e3o.<\/p>\n\n\n\n<h4 class=\"wp-block-heading\">Como e quando realizar a colheita<\/h4>\n\n\n\n<figure class=\"wp-block-image size-large\"><img loading=\"lazy\" decoding=\"async\" width=\"1000\" height=\"666\" src=\"https:\/\/jornalfatosenoticias.com.br\/wp-content\/uploads\/2020\/06\/iStock-mamao4.jpg\" alt=\"\" class=\"wp-image-5864\" srcset=\"https:\/\/jornalfatosenoticias.com.br\/wp-content\/uploads\/2020\/06\/iStock-mamao4.jpg 1000w, https:\/\/jornalfatosenoticias.com.br\/wp-content\/uploads\/2020\/06\/iStock-mamao4-300x200.jpg 300w, https:\/\/jornalfatosenoticias.com.br\/wp-content\/uploads\/2020\/06\/iStock-mamao4-768x511.jpg 768w\" sizes=\"auto, (max-width: 1000px) 100vw, 1000px\" \/><figcaption><em>(Foto: iStock)<\/em><\/figcaption><\/figure>\n\n\n\n<p>A colheita vai depender da cultivar utilizada. Mas, geralmente, o fruto amadurece de 4 a 6 semanas ap\u00f3s a abertura da flor, e ent\u00e3o pode-se fazer a colheita.<br>Se a inten\u00e7\u00e3o \u00e9 comercializar, a colheita deve ser feita quando os frutos apresentarem estrias ou pelo menos 50% da colora\u00e7\u00e3o j\u00e1 amarelada. Cuidado ao manusear e fazer o transporte, pois ele \u00e9 muito sens\u00edvel.<\/p>\n\n\n\n<h4 class=\"wp-block-heading\">Tratos para manter a sa\u00fade do plantio<\/h4>\n\n\n\n<p>Ao fazer o plantio, fique muito atento ao poss\u00edvel aparecimento de doen\u00e7as. As principais doen\u00e7as do mamoeiro s\u00e3o causadas pelas viroses do mosaico do mamoeiro e pelo v\u00edrus da mancha anelar do mamoeiro, em que os sintomas s\u00e3o amarelecimento e enrugamento das folhas mais novas, mosaico nas folhas e clareamento das nervuras. Para tratar essas viroses, voc\u00ea pode fazer um controle j\u00e1 no viveiro, retirar as plantas velhas, fazer <a rel=\"noreferrer noopener\" href=\"http:\/\/thiagoorganico.com\/adubacao-verde-rotacao-de-culturas\/\" target=\"_blank\">rota\u00e7\u00e3o de culturas<\/a> e evitar o plantio de hospedeiras do v\u00edrus como as cucurbit\u00e1ceas (quiabo, couve-flor, pimenta, repolho, algod\u00e3o e berinjela).<br>Fa\u00e7a a renova\u00e7\u00e3o do pomar de dois a quatro anos para ter sempre uma boa produ\u00e7\u00e3o do fruto. Fique sempre de olho na irriga\u00e7\u00e3o, aduba\u00e7\u00e3o, no aparecimento de plantas daninhas e fa\u00e7a o devido controle.<\/p>\n\n\n\n<p><strong><em>Fonte: <a href=\"https:\/\/ciclovivo.com.br\/mao-na-massa\/horta\/como-plantar-cultivar-mamao-organica\/\">CicloVivo<\/a><\/em><\/strong><\/p>\n","protected":false},"excerpt":{"rendered":"<p>O mamoeiro \u00e9 anti-inflamat\u00f3rio, cicatrizante, diur\u00e9tico, laxante e ajuda na digest\u00e3o O mam\u00e3o (Carica papaya L.) \u00e9 um arbusto frut\u00edfero muito popular no Brasil, tornando o nosso Pa\u00eds um dos maiores produtores. \u00c9 de origem da Am\u00e9rica tropical, onde geadas ou temperaturas muito baixas s\u00e3o mais dif\u00edceis de acontecer.No Brasil, as variedades mais plantadas s\u00e3o [&hellip;]<\/p>\n","protected":false},"author":2,"featured_media":5865,"comment_status":"open","ping_status":"open","sticky":false,"template":"","format":"standard","meta":{"footnotes":""},"categories":[42],"tags":[1144,3518,3517,2679,3519],"class_list":["post-5861","post","type-post","status-publish","format-standard","has-post-thumbnail","hentry","category-bem-estar","tag-cultivo","tag-fruto","tag-mamao","tag-organicos","tag-propriedades-medicinais"],"yoast_head":"<!-- This site is optimized with the Yoast SEO plugin v26.5 - https:\/\/yoast.com\/wordpress\/plugins\/seo\/ -->\n<title>Como plantar e cultivar mam\u00e3o de forma org\u00e2nica - Jornal Fatos e Not\u00edcias<\/title>\n<meta name=\"robots\" content=\"index, follow, max-snippet:-1, max-image-preview:large, max-video-preview:-1\" \/>\n<link rel=\"canonical\" href=\"https:\/\/jornalfatosenoticias.com.br\/index.php\/2020\/06\/24\/como-plantar-e-cultivar-mamao-de-forma-organica\/\" \/>\n<meta property=\"og:locale\" content=\"pt_BR\" \/>\n<meta property=\"og:type\" content=\"article\" \/>\n<meta property=\"og:title\" content=\"Como plantar e cultivar mam\u00e3o de forma org\u00e2nica - Jornal Fatos e Not\u00edcias\" \/>\n<meta property=\"og:description\" content=\"O mamoeiro \u00e9 anti-inflamat\u00f3rio, cicatrizante, diur\u00e9tico, laxante e ajuda na digest\u00e3o O mam\u00e3o (Carica papaya L.) \u00e9 um arbusto frut\u00edfero muito popular no Brasil, tornando o nosso Pa\u00eds um dos maiores produtores. \u00c9 de origem da Am\u00e9rica tropical, onde geadas ou temperaturas muito baixas s\u00e3o mais dif\u00edceis de acontecer.No Brasil, as variedades mais plantadas s\u00e3o [&hellip;]\" \/>\n<meta property=\"og:url\" content=\"https:\/\/jornalfatosenoticias.com.br\/index.php\/2020\/06\/24\/como-plantar-e-cultivar-mamao-de-forma-organica\/\" \/>\n<meta property=\"og:site_name\" content=\"Jornal Fatos e Not\u00edcias\" \/>\n<meta property=\"article:published_time\" content=\"2020-06-24T16:35:38+00:00\" \/>\n<meta property=\"article:modified_time\" content=\"2020-06-24T16:38:09+00:00\" \/>\n<meta property=\"og:image\" content=\"https:\/\/jornalfatosenoticias.com.br\/wp-content\/uploads\/2020\/06\/iStock-mamoeiro.jpg\" \/>\n\t<meta property=\"og:image:width\" content=\"1000\" \/>\n\t<meta property=\"og:image:height\" content=\"666\" \/>\n\t<meta property=\"og:image:type\" content=\"image\/jpeg\" \/>\n<meta name=\"author\" content=\"Luzimara Fernandes\" \/>\n<meta name=\"twitter:card\" content=\"summary_large_image\" \/>\n<meta name=\"twitter:label1\" content=\"Escrito por\" \/>\n\t<meta name=\"twitter:data1\" content=\"Luzimara Fernandes\" \/>\n\t<meta name=\"twitter:label2\" content=\"Est. tempo de leitura\" \/>\n\t<meta name=\"twitter:data2\" content=\"5 minutos\" \/>\n<script type=\"application\/ld+json\" class=\"yoast-schema-graph\">{\"@context\":\"https:\/\/schema.org\",\"@graph\":[{\"@type\":\"Article\",\"@id\":\"https:\/\/jornalfatosenoticias.com.br\/index.php\/2020\/06\/24\/como-plantar-e-cultivar-mamao-de-forma-organica\/#article\",\"isPartOf\":{\"@id\":\"https:\/\/jornalfatosenoticias.com.br\/index.php\/2020\/06\/24\/como-plantar-e-cultivar-mamao-de-forma-organica\/\"},\"author\":{\"name\":\"Luzimara Fernandes\",\"@id\":\"https:\/\/jornalfatosenoticias.com.br\/#\/schema\/person\/d63837fa13ac8666eb9e74e0985d6f81\"},\"headline\":\"Como plantar e cultivar mam\u00e3o de forma org\u00e2nica\",\"datePublished\":\"2020-06-24T16:35:38+00:00\",\"dateModified\":\"2020-06-24T16:38:09+00:00\",\"mainEntityOfPage\":{\"@id\":\"https:\/\/jornalfatosenoticias.com.br\/index.php\/2020\/06\/24\/como-plantar-e-cultivar-mamao-de-forma-organica\/\"},\"wordCount\":1047,\"commentCount\":0,\"publisher\":{\"@id\":\"https:\/\/jornalfatosenoticias.com.br\/#organization\"},\"image\":{\"@id\":\"https:\/\/jornalfatosenoticias.com.br\/index.php\/2020\/06\/24\/como-plantar-e-cultivar-mamao-de-forma-organica\/#primaryimage\"},\"thumbnailUrl\":\"https:\/\/jornalfatosenoticias.com.br\/wp-content\/uploads\/2020\/06\/iStock-mamoeiro.jpg\",\"keywords\":[\"cultivo\",\"fruto\",\"mam\u00e3o\",\"org\u00e2nicos\",\"propriedades medicinais\"],\"articleSection\":[\"Bem-estar\"],\"inLanguage\":\"pt-BR\",\"potentialAction\":[{\"@type\":\"CommentAction\",\"name\":\"Comment\",\"target\":[\"https:\/\/jornalfatosenoticias.com.br\/index.php\/2020\/06\/24\/como-plantar-e-cultivar-mamao-de-forma-organica\/#respond\"]}]},{\"@type\":\"WebPage\",\"@id\":\"https:\/\/jornalfatosenoticias.com.br\/index.php\/2020\/06\/24\/como-plantar-e-cultivar-mamao-de-forma-organica\/\",\"url\":\"https:\/\/jornalfatosenoticias.com.br\/index.php\/2020\/06\/24\/como-plantar-e-cultivar-mamao-de-forma-organica\/\",\"name\":\"Como plantar e cultivar mam\u00e3o de forma org\u00e2nica - Jornal Fatos e Not\u00edcias\",\"isPartOf\":{\"@id\":\"https:\/\/jornalfatosenoticias.com.br\/#website\"},\"primaryImageOfPage\":{\"@id\":\"https:\/\/jornalfatosenoticias.com.br\/index.php\/2020\/06\/24\/como-plantar-e-cultivar-mamao-de-forma-organica\/#primaryimage\"},\"image\":{\"@id\":\"https:\/\/jornalfatosenoticias.com.br\/index.php\/2020\/06\/24\/como-plantar-e-cultivar-mamao-de-forma-organica\/#primaryimage\"},\"thumbnailUrl\":\"https:\/\/jornalfatosenoticias.com.br\/wp-content\/uploads\/2020\/06\/iStock-mamoeiro.jpg\",\"datePublished\":\"2020-06-24T16:35:38+00:00\",\"dateModified\":\"2020-06-24T16:38:09+00:00\",\"breadcrumb\":{\"@id\":\"https:\/\/jornalfatosenoticias.com.br\/index.php\/2020\/06\/24\/como-plantar-e-cultivar-mamao-de-forma-organica\/#breadcrumb\"},\"inLanguage\":\"pt-BR\",\"potentialAction\":[{\"@type\":\"ReadAction\",\"target\":[\"https:\/\/jornalfatosenoticias.com.br\/index.php\/2020\/06\/24\/como-plantar-e-cultivar-mamao-de-forma-organica\/\"]}]},{\"@type\":\"ImageObject\",\"inLanguage\":\"pt-BR\",\"@id\":\"https:\/\/jornalfatosenoticias.com.br\/index.php\/2020\/06\/24\/como-plantar-e-cultivar-mamao-de-forma-organica\/#primaryimage\",\"url\":\"https:\/\/jornalfatosenoticias.com.br\/wp-content\/uploads\/2020\/06\/iStock-mamoeiro.jpg\",\"contentUrl\":\"https:\/\/jornalfatosenoticias.com.br\/wp-content\/uploads\/2020\/06\/iStock-mamoeiro.jpg\",\"width\":1000,\"height\":666},{\"@type\":\"BreadcrumbList\",\"@id\":\"https:\/\/jornalfatosenoticias.com.br\/index.php\/2020\/06\/24\/como-plantar-e-cultivar-mamao-de-forma-organica\/#breadcrumb\",\"itemListElement\":[{\"@type\":\"ListItem\",\"position\":1,\"name\":\"In\u00edcio\",\"item\":\"https:\/\/jornalfatosenoticias.com.br\/\"},{\"@type\":\"ListItem\",\"position\":2,\"name\":\"Como plantar e cultivar mam\u00e3o de forma org\u00e2nica\"}]},{\"@type\":\"WebSite\",\"@id\":\"https:\/\/jornalfatosenoticias.com.br\/#website\",\"url\":\"https:\/\/jornalfatosenoticias.com.br\/\",\"name\":\"Jornal Fatos e Not\u00edcias\",\"description\":\"Not\u00edcias em geral\",\"publisher\":{\"@id\":\"https:\/\/jornalfatosenoticias.com.br\/#organization\"},\"potentialAction\":[{\"@type\":\"SearchAction\",\"target\":{\"@type\":\"EntryPoint\",\"urlTemplate\":\"https:\/\/jornalfatosenoticias.com.br\/?s={search_term_string}\"},\"query-input\":{\"@type\":\"PropertyValueSpecification\",\"valueRequired\":true,\"valueName\":\"search_term_string\"}}],\"inLanguage\":\"pt-BR\"},{\"@type\":\"Organization\",\"@id\":\"https:\/\/jornalfatosenoticias.com.br\/#organization\",\"name\":\"Jornal Fatos e Not\u00edcias\",\"url\":\"https:\/\/jornalfatosenoticias.com.br\/\",\"logo\":{\"@type\":\"ImageObject\",\"inLanguage\":\"pt-BR\",\"@id\":\"https:\/\/jornalfatosenoticias.com.br\/#\/schema\/logo\/image\/\",\"url\":\"https:\/\/jornalfatosenoticias.com.br\/wp-content\/uploads\/2020\/02\/logo120.png\",\"contentUrl\":\"https:\/\/jornalfatosenoticias.com.br\/wp-content\/uploads\/2020\/02\/logo120.png\",\"width\":1227,\"height\":120,\"caption\":\"Jornal Fatos e Not\u00edcias\"},\"image\":{\"@id\":\"https:\/\/jornalfatosenoticias.com.br\/#\/schema\/logo\/image\/\"}},{\"@type\":\"Person\",\"@id\":\"https:\/\/jornalfatosenoticias.com.br\/#\/schema\/person\/d63837fa13ac8666eb9e74e0985d6f81\",\"name\":\"Luzimara Fernandes\",\"image\":{\"@type\":\"ImageObject\",\"inLanguage\":\"pt-BR\",\"@id\":\"https:\/\/jornalfatosenoticias.com.br\/#\/schema\/person\/image\/\",\"url\":\"https:\/\/jornalfatosenoticias.com.br\/wp-content\/uploads\/2025\/05\/EU_portal.jpg\",\"contentUrl\":\"https:\/\/jornalfatosenoticias.com.br\/wp-content\/uploads\/2025\/05\/EU_portal.jpg\",\"caption\":\"Luzimara Fernandes\"},\"description\":\"Jornalista MTB 2358-ES\",\"sameAs\":[\"https:\/\/jornalfatosenoticias.com.br\"],\"url\":\"https:\/\/jornalfatosenoticias.com.br\/index.php\/author\/luzimara\/\"}]}<\/script>\n<!-- \/ Yoast SEO plugin. -->","yoast_head_json":{"title":"Como plantar e cultivar mam\u00e3o de forma org\u00e2nica - Jornal Fatos e Not\u00edcias","robots":{"index":"index","follow":"follow","max-snippet":"max-snippet:-1","max-image-preview":"max-image-preview:large","max-video-preview":"max-video-preview:-1"},"canonical":"https:\/\/jornalfatosenoticias.com.br\/index.php\/2020\/06\/24\/como-plantar-e-cultivar-mamao-de-forma-organica\/","og_locale":"pt_BR","og_type":"article","og_title":"Como plantar e cultivar mam\u00e3o de forma org\u00e2nica - Jornal Fatos e Not\u00edcias","og_description":"O mamoeiro \u00e9 anti-inflamat\u00f3rio, cicatrizante, diur\u00e9tico, laxante e ajuda na digest\u00e3o O mam\u00e3o (Carica papaya L.) \u00e9 um arbusto frut\u00edfero muito popular no Brasil, tornando o nosso Pa\u00eds um dos maiores produtores. \u00c9 de origem da Am\u00e9rica tropical, onde geadas ou temperaturas muito baixas s\u00e3o mais dif\u00edceis de acontecer.No Brasil, as variedades mais plantadas s\u00e3o [&hellip;]","og_url":"https:\/\/jornalfatosenoticias.com.br\/index.php\/2020\/06\/24\/como-plantar-e-cultivar-mamao-de-forma-organica\/","og_site_name":"Jornal Fatos e Not\u00edcias","article_published_time":"2020-06-24T16:35:38+00:00","article_modified_time":"2020-06-24T16:38:09+00:00","og_image":[{"width":1000,"height":666,"url":"https:\/\/jornalfatosenoticias.com.br\/wp-content\/uploads\/2020\/06\/iStock-mamoeiro.jpg","type":"image\/jpeg"}],"author":"Luzimara Fernandes","twitter_card":"summary_large_image","twitter_misc":{"Escrito por":"Luzimara Fernandes","Est. tempo de leitura":"5 minutos"},"schema":{"@context":"https:\/\/schema.org","@graph":[{"@type":"Article","@id":"https:\/\/jornalfatosenoticias.com.br\/index.php\/2020\/06\/24\/como-plantar-e-cultivar-mamao-de-forma-organica\/#article","isPartOf":{"@id":"https:\/\/jornalfatosenoticias.com.br\/index.php\/2020\/06\/24\/como-plantar-e-cultivar-mamao-de-forma-organica\/"},"author":{"name":"Luzimara Fernandes","@id":"https:\/\/jornalfatosenoticias.com.br\/#\/schema\/person\/d63837fa13ac8666eb9e74e0985d6f81"},"headline":"Como plantar e cultivar mam\u00e3o de forma org\u00e2nica","datePublished":"2020-06-24T16:35:38+00:00","dateModified":"2020-06-24T16:38:09+00:00","mainEntityOfPage":{"@id":"https:\/\/jornalfatosenoticias.com.br\/index.php\/2020\/06\/24\/como-plantar-e-cultivar-mamao-de-forma-organica\/"},"wordCount":1047,"commentCount":0,"publisher":{"@id":"https:\/\/jornalfatosenoticias.com.br\/#organization"},"image":{"@id":"https:\/\/jornalfatosenoticias.com.br\/index.php\/2020\/06\/24\/como-plantar-e-cultivar-mamao-de-forma-organica\/#primaryimage"},"thumbnailUrl":"https:\/\/jornalfatosenoticias.com.br\/wp-content\/uploads\/2020\/06\/iStock-mamoeiro.jpg","keywords":["cultivo","fruto","mam\u00e3o","org\u00e2nicos","propriedades medicinais"],"articleSection":["Bem-estar"],"inLanguage":"pt-BR","potentialAction":[{"@type":"CommentAction","name":"Comment","target":["https:\/\/jornalfatosenoticias.com.br\/index.php\/2020\/06\/24\/como-plantar-e-cultivar-mamao-de-forma-organica\/#respond"]}]},{"@type":"WebPage","@id":"https:\/\/jornalfatosenoticias.com.br\/index.php\/2020\/06\/24\/como-plantar-e-cultivar-mamao-de-forma-organica\/","url":"https:\/\/jornalfatosenoticias.com.br\/index.php\/2020\/06\/24\/como-plantar-e-cultivar-mamao-de-forma-organica\/","name":"Como plantar e cultivar mam\u00e3o de forma org\u00e2nica - Jornal Fatos e Not\u00edcias","isPartOf":{"@id":"https:\/\/jornalfatosenoticias.com.br\/#website"},"primaryImageOfPage":{"@id":"https:\/\/jornalfatosenoticias.com.br\/index.php\/2020\/06\/24\/como-plantar-e-cultivar-mamao-de-forma-organica\/#primaryimage"},"image":{"@id":"https:\/\/jornalfatosenoticias.com.br\/index.php\/2020\/06\/24\/como-plantar-e-cultivar-mamao-de-forma-organica\/#primaryimage"},"thumbnailUrl":"https:\/\/jornalfatosenoticias.com.br\/wp-content\/uploads\/2020\/06\/iStock-mamoeiro.jpg","datePublished":"2020-06-24T16:35:38+00:00","dateModified":"2020-06-24T16:38:09+00:00","breadcrumb":{"@id":"https:\/\/jornalfatosenoticias.com.br\/index.php\/2020\/06\/24\/como-plantar-e-cultivar-mamao-de-forma-organica\/#breadcrumb"},"inLanguage":"pt-BR","potentialAction":[{"@type":"ReadAction","target":["https:\/\/jornalfatosenoticias.com.br\/index.php\/2020\/06\/24\/como-plantar-e-cultivar-mamao-de-forma-organica\/"]}]},{"@type":"ImageObject","inLanguage":"pt-BR","@id":"https:\/\/jornalfatosenoticias.com.br\/index.php\/2020\/06\/24\/como-plantar-e-cultivar-mamao-de-forma-organica\/#primaryimage","url":"https:\/\/jornalfatosenoticias.com.br\/wp-content\/uploads\/2020\/06\/iStock-mamoeiro.jpg","contentUrl":"https:\/\/jornalfatosenoticias.com.br\/wp-content\/uploads\/2020\/06\/iStock-mamoeiro.jpg","width":1000,"height":666},{"@type":"BreadcrumbList","@id":"https:\/\/jornalfatosenoticias.com.br\/index.php\/2020\/06\/24\/como-plantar-e-cultivar-mamao-de-forma-organica\/#breadcrumb","itemListElement":[{"@type":"ListItem","position":1,"name":"In\u00edcio","item":"https:\/\/jornalfatosenoticias.com.br\/"},{"@type":"ListItem","position":2,"name":"Como plantar e cultivar mam\u00e3o de forma org\u00e2nica"}]},{"@type":"WebSite","@id":"https:\/\/jornalfatosenoticias.com.br\/#website","url":"https:\/\/jornalfatosenoticias.com.br\/","name":"Jornal Fatos e Not\u00edcias","description":"Not\u00edcias em geral","publisher":{"@id":"https:\/\/jornalfatosenoticias.com.br\/#organization"},"potentialAction":[{"@type":"SearchAction","target":{"@type":"EntryPoint","urlTemplate":"https:\/\/jornalfatosenoticias.com.br\/?s={search_term_string}"},"query-input":{"@type":"PropertyValueSpecification","valueRequired":true,"valueName":"search_term_string"}}],"inLanguage":"pt-BR"},{"@type":"Organization","@id":"https:\/\/jornalfatosenoticias.com.br\/#organization","name":"Jornal Fatos e Not\u00edcias","url":"https:\/\/jornalfatosenoticias.com.br\/","logo":{"@type":"ImageObject","inLanguage":"pt-BR","@id":"https:\/\/jornalfatosenoticias.com.br\/#\/schema\/logo\/image\/","url":"https:\/\/jornalfatosenoticias.com.br\/wp-content\/uploads\/2020\/02\/logo120.png","contentUrl":"https:\/\/jornalfatosenoticias.com.br\/wp-content\/uploads\/2020\/02\/logo120.png","width":1227,"height":120,"caption":"Jornal Fatos e Not\u00edcias"},"image":{"@id":"https:\/\/jornalfatosenoticias.com.br\/#\/schema\/logo\/image\/"}},{"@type":"Person","@id":"https:\/\/jornalfatosenoticias.com.br\/#\/schema\/person\/d63837fa13ac8666eb9e74e0985d6f81","name":"Luzimara Fernandes","image":{"@type":"ImageObject","inLanguage":"pt-BR","@id":"https:\/\/jornalfatosenoticias.com.br\/#\/schema\/person\/image\/","url":"https:\/\/jornalfatosenoticias.com.br\/wp-content\/uploads\/2025\/05\/EU_portal.jpg","contentUrl":"https:\/\/jornalfatosenoticias.com.br\/wp-content\/uploads\/2025\/05\/EU_portal.jpg","caption":"Luzimara Fernandes"},"description":"Jornalista MTB 2358-ES","sameAs":["https:\/\/jornalfatosenoticias.com.br"],"url":"https:\/\/jornalfatosenoticias.com.br\/index.php\/author\/luzimara\/"}]}},"cc_featured_image_caption":{"caption_text":"(Foto: iStock)","source_text":"","source_url":""},"jetpack_featured_media_url":"https:\/\/jornalfatosenoticias.com.br\/wp-content\/uploads\/2020\/06\/iStock-mamoeiro.jpg","_links":{"self":[{"href":"https:\/\/jornalfatosenoticias.com.br\/index.php\/wp-json\/wp\/v2\/posts\/5861","targetHints":{"allow":["GET"]}}],"collection":[{"href":"https:\/\/jornalfatosenoticias.com.br\/index.php\/wp-json\/wp\/v2\/posts"}],"about":[{"href":"https:\/\/jornalfatosenoticias.com.br\/index.php\/wp-json\/wp\/v2\/types\/post"}],"author":[{"embeddable":true,"href":"https:\/\/jornalfatosenoticias.com.br\/index.php\/wp-json\/wp\/v2\/users\/2"}],"replies":[{"embeddable":true,"href":"https:\/\/jornalfatosenoticias.com.br\/index.php\/wp-json\/wp\/v2\/comments?post=5861"}],"version-history":[{"count":0,"href":"https:\/\/jornalfatosenoticias.com.br\/index.php\/wp-json\/wp\/v2\/posts\/5861\/revisions"}],"wp:featuredmedia":[{"embeddable":true,"href":"https:\/\/jornalfatosenoticias.com.br\/index.php\/wp-json\/wp\/v2\/media\/5865"}],"wp:attachment":[{"href":"https:\/\/jornalfatosenoticias.com.br\/index.php\/wp-json\/wp\/v2\/media?parent=5861"}],"wp:term":[{"taxonomy":"category","embeddable":true,"href":"https:\/\/jornalfatosenoticias.com.br\/index.php\/wp-json\/wp\/v2\/categories?post=5861"},{"taxonomy":"post_tag","embeddable":true,"href":"https:\/\/jornalfatosenoticias.com.br\/index.php\/wp-json\/wp\/v2\/tags?post=5861"}],"curies":[{"name":"wp","href":"https:\/\/api.w.org\/{rel}","templated":true}]}}