{"id":58617,"date":"2025-04-17T13:53:48","date_gmt":"2025-04-17T16:53:48","guid":{"rendered":"https:\/\/jornalfatosenoticias.com.br\/?p=58617"},"modified":"2025-04-17T13:53:49","modified_gmt":"2025-04-17T16:53:49","slug":"a-semana-no-brasil-e-no-mundo-mensagens-ineditas-revelam-medo-de-ex-assessor-de-moraes-se-falar-algo-o-ministro-me-mata","status":"publish","type":"post","link":"https:\/\/jornalfatosenoticias.com.br\/index.php\/2025\/04\/17\/a-semana-no-brasil-e-no-mundo-mensagens-ineditas-revelam-medo-de-ex-assessor-de-moraes-se-falar-algo-o-ministro-me-mata\/","title":{"rendered":"A Semana no Brasil e no Mundo \u2014 Mensagens in\u00e9ditas revelam medo de ex-assessor de Moraes: \u201cse falar algo, o ministro me mata\u201d"},"content":{"rendered":"\n<div class=\"wp-block-image\"><figure class=\"aligncenter size-large\"><a href=\"https:\/\/mizu.com.br\/\"><img loading=\"lazy\" decoding=\"async\" width=\"729\" height=\"90\" src=\"https:\/\/jornalfatosenoticias.com.br\/wp-content\/uploads\/2020\/02\/Logo_Mizu.png\" alt=\"\" class=\"wp-image-1441\" srcset=\"https:\/\/jornalfatosenoticias.com.br\/wp-content\/uploads\/2020\/02\/Logo_Mizu.png 729w, https:\/\/jornalfatosenoticias.com.br\/wp-content\/uploads\/2020\/02\/Logo_Mizu-300x37.png 300w\" sizes=\"auto, (max-width: 729px) 100vw, 729px\" \/><\/a><\/figure><\/div>\n\n\n\n<p><span class=\"has-inline-color has-black-color\">Por <strong>Renan Ramalho<\/strong><br><\/span>Mensagens obtidas pela Pol\u00edcia Federal na investiga\u00e7\u00e3o sobre o perito Eduardo Tagliaferro, ex-assessor de Alexandre de Moraes no Tribunal Superior Eleitoral (TSE), revelam que ele temia ser preso por ordem do ministro, ou at\u00e9 morto, caso contasse publicamente o que sabia. Em conversas particulares que manteve ao longo do ano passado com sua mulher, Tagliaferro expressou medo do ex-chefe.<br><strong><em>\u201cSe eu falar algo, o ministro me mata ou me prende\u201d<\/em><\/strong>, escreveu o perito, em 31 de mar\u00e7o de 2024, para a sua atual esposa, numa mensagem de WhatsApp. No di\u00e1logo, ele manifestou o desejo de \u201ccontar tudo de Bras\u00edlia\u201d antes de morrer. <strong><em>\u201cMinha vontade, \u00e9 chutar o pau da barraca, jogar tudo para o alto\u201d,<\/em><\/strong> escreveu Tagliaferro.<\/p>\n\n\n\n<div class=\"wp-block-image\"><figure class=\"aligncenter size-large\"><a href=\"http:\/\/www.ferrarimaquinas.com.br\/\"><img loading=\"lazy\" decoding=\"async\" width=\"300\" height=\"250\" src=\"https:\/\/jornalfatosenoticias.com.br\/wp-content\/uploads\/2022\/02\/FERRARI_MAQUINAS-E-FERRAMENTAS2.jpg\" alt=\"\" class=\"wp-image-27860\"\/><\/a><\/figure><\/div>\n\n\n\n<p>As mensagens, in\u00e9ditas, foram capturadas pela Pol\u00edcia Federal no inqu\u00e9rito contra Tagliaferro que tramita no Supremo Tribunal Federal (STF). A Gazeta do Povo acessou o hist\u00f3rico de conversas dele com a mulher pelo WhatsApp a partir de um relat\u00f3rio oficial da investiga\u00e7\u00e3o. O inqu\u00e9rito \u00e9 p\u00fablico e o documento pode ser acessado por qualquer pessoa cadastrada no sistema de consulta processual do STF.<\/p>\n\n\n\n<div class=\"wp-block-image\"><figure class=\"aligncenter size-large is-resized\"><a href=\"https:\/\/www.legisjuris.com.br\/\"><img loading=\"lazy\" decoding=\"async\" src=\"https:\/\/jornalfatosenoticias.com.br\/wp-content\/uploads\/2024\/09\/Legis-Juris-Consultoria_logo.jpg\" alt=\"\" class=\"wp-image-53915\" width=\"465\" height=\"195\" srcset=\"https:\/\/jornalfatosenoticias.com.br\/wp-content\/uploads\/2024\/09\/Legis-Juris-Consultoria_logo.jpg 969w, https:\/\/jornalfatosenoticias.com.br\/wp-content\/uploads\/2024\/09\/Legis-Juris-Consultoria_logo-300x126.jpg 300w, https:\/\/jornalfatosenoticias.com.br\/wp-content\/uploads\/2024\/09\/Legis-Juris-Consultoria_logo-768x322.jpg 768w\" sizes=\"auto, (max-width: 465px) 100vw, 465px\" \/><\/a><\/figure><\/div>\n\n\n\n<p>O relat\u00f3rio, que tamb\u00e9m \u00e9 p\u00fablico, cont\u00e9m a an\u00e1lise dos dados extra\u00eddos do celular de Tagliaferro e nele a PF inseriu link e endere\u00e7o na internet onde est\u00e3o arquivos com prints das conversas dele com a atual esposa ao longo de quase oito meses, entre mar\u00e7o e novembro do ano passado, bem como mensagens com seu advogado.<\/p>\n\n\n\n<div class=\"wp-block-image\"><figure class=\"aligncenter size-large is-resized\"><a href=\"https:\/\/www.ithbrasil.com.br\/\"><img loading=\"lazy\" decoding=\"async\" src=\"https:\/\/jornalfatosenoticias.com.br\/wp-content\/uploads\/2023\/08\/ITH.jpeg\" alt=\"\" class=\"wp-image-44638\" width=\"316\" height=\"257\" srcset=\"https:\/\/jornalfatosenoticias.com.br\/wp-content\/uploads\/2023\/08\/ITH.jpeg 800w, https:\/\/jornalfatosenoticias.com.br\/wp-content\/uploads\/2023\/08\/ITH-300x244.jpeg 300w, https:\/\/jornalfatosenoticias.com.br\/wp-content\/uploads\/2023\/08\/ITH-768x624.jpeg 768w\" sizes=\"auto, (max-width: 316px) 100vw, 316px\" \/><\/a><\/figure><\/div>\n\n\n\n<p>Os di\u00e1logos, de 2024, ocorreram no ano seguinte \u00e0 demiss\u00e3o de Tagliaferro do cargo que ocupava no TSE. O perito chefiou, entre agosto de 2022 e maio de 2023, a Assessoria Especial de Enfrentamento \u00e0 Desinforma\u00e7\u00e3o (AEED). Ele era o respons\u00e1vel pela elabora\u00e7\u00e3o de relat\u00f3rios sobre pol\u00edticos, ativistas e ve\u00edculos que publicavam nas redes sociais cr\u00edticas ou ofensas a Moraes, ao TSE ou ao STF.<\/p>\n\n\n\n<div class=\"wp-block-image\"><figure class=\"aligncenter size-large is-resized\"><a href=\"https:\/\/www.controlsystems.com.br\/\"><img loading=\"lazy\" decoding=\"async\" src=\"https:\/\/jornalfatosenoticias.com.br\/wp-content\/uploads\/2020\/02\/CONTROL-CS.jpg\" alt=\"\" class=\"wp-image-44991\" width=\"278\" height=\"333\" srcset=\"https:\/\/jornalfatosenoticias.com.br\/wp-content\/uploads\/2020\/02\/CONTROL-CS.jpg 834w, https:\/\/jornalfatosenoticias.com.br\/wp-content\/uploads\/2020\/02\/CONTROL-CS-250x300.jpg 250w, https:\/\/jornalfatosenoticias.com.br\/wp-content\/uploads\/2020\/02\/CONTROL-CS-768x921.jpg 768w\" sizes=\"auto, (max-width: 278px) 100vw, 278px\" \/><\/a><\/figure><\/div>\n\n\n\n<p>No \u00faltimo dia 2 de abril, a Pol\u00edcia Federal indiciou Tagliaferro pelo crime de viola\u00e7\u00e3o de sigilo funcional com dano \u00e0 administra\u00e7\u00e3o p\u00fablica, por supostamente vazar \u00e0 imprensa mensagens que ele trocou com outros auxiliares de Moraes. Essas mensagens, reveladas pela Folha de S.Paulo em agosto do ano passado, mostravam como Moraes, quando presidia o TSE, encomendava relat\u00f3rios de Tagliaferro que depois eram usados pelo pr\u00f3prio ministro para bloquear perfis e remover postagens de cr\u00edticos nas redes sociais.<\/p>\n\n\n\n<div class=\"wp-block-image\"><figure class=\"aligncenter size-large is-resized\"><a href=\"https:\/\/www.instagram.com\/serra4x4cambioautomatico\/\"><img loading=\"lazy\" decoding=\"async\" src=\"https:\/\/jornalfatosenoticias.com.br\/wp-content\/uploads\/2024\/08\/Serra-4x4-1-886x1024.jpg\" alt=\"\" class=\"wp-image-53632\" width=\"270\" height=\"312\" srcset=\"https:\/\/jornalfatosenoticias.com.br\/wp-content\/uploads\/2024\/08\/Serra-4x4-1-886x1024.jpg 886w, https:\/\/jornalfatosenoticias.com.br\/wp-content\/uploads\/2024\/08\/Serra-4x4-1-260x300.jpg 260w, https:\/\/jornalfatosenoticias.com.br\/wp-content\/uploads\/2024\/08\/Serra-4x4-1-768x888.jpg 768w, https:\/\/jornalfatosenoticias.com.br\/wp-content\/uploads\/2024\/08\/Serra-4x4-1.jpg 1181w\" sizes=\"auto, (max-width: 270px) 100vw, 270px\" \/><\/a><\/figure><\/div>\n\n\n\n<p>As mensagens publicadas em agosto indicavam que Moraes tinha alvos predeterminados. Na \u00e9poca da revela\u00e7\u00e3o das mensagens, o ministro afirmou que eram pessoas j\u00e1 investigadas no inqu\u00e9rito das <em>fake news,<\/em> no STF, e que, como presidente do TSE, Moraes tamb\u00e9m tinha poder de pol\u00edcia para coletar provas contra os investigados.<\/p>\n\n\n\n<div class=\"wp-block-image\"><figure class=\"aligncenter size-large is-resized\"><a href=\"https:\/\/www.facebook.com\/vetor.vix\/\"><img loading=\"lazy\" decoding=\"async\" src=\"https:\/\/jornalfatosenoticias.com.br\/wp-content\/uploads\/2023\/09\/vetorvix1024_1.jpg\" alt=\"\" class=\"wp-image-44868\" width=\"524\" height=\"139\" srcset=\"https:\/\/jornalfatosenoticias.com.br\/wp-content\/uploads\/2023\/09\/vetorvix1024_1.jpg 1024w, https:\/\/jornalfatosenoticias.com.br\/wp-content\/uploads\/2023\/09\/vetorvix1024_1-300x80.jpg 300w, https:\/\/jornalfatosenoticias.com.br\/wp-content\/uploads\/2023\/09\/vetorvix1024_1-768x205.jpg 768w\" sizes=\"auto, (max-width: 524px) 100vw, 524px\" \/><\/a><\/figure><\/div>\n\n\n\n<p>As novas mensagens, de Tagliaferro com a atual companheira, mostram que ele n\u00e3o s\u00f3 temia o ministro, como tinha opini\u00f5es negativas sobre ele. Pelo WhatsApp, o perito desabafava com ela sobre o per\u00edodo em que trabalhou com Moraes, queixando-se do servi\u00e7o que realizava e do ex-chefe, que chegou a xingar de \u201cFDP\u201d.<\/p>\n\n\n\n<div class=\"wp-block-image\"><figure class=\"aligncenter size-large is-resized\"><a href=\"https:\/\/www.instagram.com\/gruposei\/\"><img loading=\"lazy\" decoding=\"async\" src=\"https:\/\/jornalfatosenoticias.com.br\/wp-content\/uploads\/2022\/07\/Logo-Grupo-SEI.jpg\" alt=\"\" class=\"wp-image-31973\" width=\"381\" height=\"200\" srcset=\"https:\/\/jornalfatosenoticias.com.br\/wp-content\/uploads\/2022\/07\/Logo-Grupo-SEI.jpg 713w, https:\/\/jornalfatosenoticias.com.br\/wp-content\/uploads\/2022\/07\/Logo-Grupo-SEI-300x158.jpg 300w\" sizes=\"auto, (max-width: 381px) 100vw, 381px\" \/><\/a><\/figure><\/div>\n\n\n\n<p>Tagliaferro foi demitido da AEED por Moraes em 9 de maio de 2023, um dia ap\u00f3s ser preso em Caieiras (SP). Na noite da v\u00e9spera, em casa, durante um desentendimento com a ex-mulher (com quem convivia na \u00e9poca) e um amigo, sua arma pessoal disparou e ele foi detido por suposta pr\u00e1tica de viol\u00eancia dom\u00e9stica. <strong><a href=\"https:\/\/www.gazetadopovo.com.br\/republica\/mensagens-ineditas-revelam-medo-de-ex-assessor-de-moraes-se-falar-algo-o-ministro-me-mata\/\">(Fonte: Gazeta do Povo)<\/a><\/strong> <\/p>\n\n\n\n<div class=\"wp-block-image\"><figure class=\"aligncenter size-large is-resized\"><a href=\"https:\/\/www.facebook.com\/postobkr\/?locale=pt_BR\"><img loading=\"lazy\" decoding=\"async\" src=\"https:\/\/jornalfatosenoticias.com.br\/wp-content\/uploads\/2023\/08\/BKR-1024x1021.jpg\" alt=\"\" class=\"wp-image-44494\" width=\"290\" height=\"289\" srcset=\"https:\/\/jornalfatosenoticias.com.br\/wp-content\/uploads\/2023\/08\/BKR-1024x1021.jpg 1024w, https:\/\/jornalfatosenoticias.com.br\/wp-content\/uploads\/2023\/08\/BKR-300x300.jpg 300w, https:\/\/jornalfatosenoticias.com.br\/wp-content\/uploads\/2023\/08\/BKR-150x150.jpg 150w, https:\/\/jornalfatosenoticias.com.br\/wp-content\/uploads\/2023\/08\/BKR-768x766.jpg 768w, https:\/\/jornalfatosenoticias.com.br\/wp-content\/uploads\/2023\/08\/BKR.jpg 1080w\" sizes=\"auto, (max-width: 290px) 100vw, 290px\" \/><\/a><\/figure><\/div>\n\n\n\n<hr class=\"wp-block-separator\"\/>\n\n\n\n<h3 class=\"wp-block-heading\"><span class=\"has-inline-color has-black-color\">Nicar\u00e1gua impede volta de padre ao pa\u00eds e pro\u00edbe encena\u00e7\u00f5es da Paix\u00e3o de Cristo<\/span><\/h3>\n\n\n\n<div class=\"wp-block-image\"><figure class=\"aligncenter size-large\"><img loading=\"lazy\" decoding=\"async\" width=\"612\" height=\"408\" src=\"https:\/\/jornalfatosenoticias.com.br\/wp-content\/uploads\/2025\/04\/ditador-ortega_gettyimages.jpg\" alt=\"\" class=\"wp-image-58622\" srcset=\"https:\/\/jornalfatosenoticias.com.br\/wp-content\/uploads\/2025\/04\/ditador-ortega_gettyimages.jpg 612w, https:\/\/jornalfatosenoticias.com.br\/wp-content\/uploads\/2025\/04\/ditador-ortega_gettyimages-300x200.jpg 300w\" sizes=\"auto, (max-width: 612px) 100vw, 612px\" \/><figcaption><em><span class=\"has-inline-color has-black-color\">(Foto: Getty Images)<\/span><\/em><\/figcaption><\/figure><\/div>\n\n\n\n<p><span class=\"has-inline-color has-black-color\">Por <strong>F\u00e1bio Gal\u00e3o<\/strong><br><\/span>A ditadura de Daniel Ortega na Nicar\u00e1gua impediu a volta ao pa\u00eds de um padre que viajou aos Estados Unidos. \u201cA ditadura sandinista est\u00e1 impedindo a entrada do padre Jalder Hern\u00e1ndez na Nicar\u00e1gua. O padre estava em miss\u00e3o pastoral nos Estados Unidos\u201d, afirmou a advogada e pesquisadora Martha Patricia Molina, que investiga e denuncia persegui\u00e7\u00f5es contra crist\u00e3os no pa\u00eds, segundo informa\u00e7\u00f5es publicadas pelo site 100% Noticias, na segunda-feira (14).<\/p>\n\n\n\n<div class=\"wp-block-image\"><figure class=\"aligncenter size-large is-resized\"><a href=\"https:\/\/www.facebook.com\/profile.php?id=100069289606145\"><img loading=\"lazy\" decoding=\"async\" src=\"https:\/\/jornalfatosenoticias.com.br\/wp-content\/uploads\/2024\/11\/Guaitolini-Contabilidade-1024x714.jpeg\" alt=\"\" class=\"wp-image-55808\" width=\"366\" height=\"255\" srcset=\"https:\/\/jornalfatosenoticias.com.br\/wp-content\/uploads\/2024\/11\/Guaitolini-Contabilidade-1024x714.jpeg 1024w, https:\/\/jornalfatosenoticias.com.br\/wp-content\/uploads\/2024\/11\/Guaitolini-Contabilidade-300x209.jpeg 300w, https:\/\/jornalfatosenoticias.com.br\/wp-content\/uploads\/2024\/11\/Guaitolini-Contabilidade-768x535.jpeg 768w, https:\/\/jornalfatosenoticias.com.br\/wp-content\/uploads\/2024\/11\/Guaitolini-Contabilidade.jpeg 1280w\" sizes=\"auto, (max-width: 366px) 100vw, 366px\" \/><\/a><\/figure><\/div>\n\n\n\n<p>Hern\u00e1ndez \u00e9 p\u00e1roco da igreja de Santiago Ap\u00f3stolo em Jinotepe, no departamento de Carazo, e em 2018 havia sido agredido na par\u00f3quia por paramilitares. Molina afirmou que o caso dele \u00e9 o segundo de um padre impedido de regressar \u00e0 Nicar\u00e1gua na atual Quaresma. Segundo o jornal Confidencial, a ditadura de Ortega proibiu encena\u00e7\u00f5es da Paix\u00e3o de Cristo pelo terceiro ano seguido. Tamb\u00e9m foram proibidas prociss\u00f5es em vias p\u00fablicas no \u00faltimo domingo (13). A prociss\u00e3o de Domingo de Ramos na Catedral de Man\u00e1gua, capital do pa\u00eds, foi realizada no \u00e1trio da igreja. <strong>(Fonte: Gazeta do Povo)<\/strong><\/p>\n\n\n\n<div class=\"wp-block-image\"><figure class=\"aligncenter size-large is-resized\"><a href=\"https:\/\/panper.com.br\/\"><img loading=\"lazy\" decoding=\"async\" src=\"https:\/\/jornalfatosenoticias.com.br\/wp-content\/uploads\/2023\/03\/logo-Panper_portal.jpg\" alt=\"\" class=\"wp-image-40208\" width=\"310\" height=\"215\" srcset=\"https:\/\/jornalfatosenoticias.com.br\/wp-content\/uploads\/2023\/03\/logo-Panper_portal.jpg 400w, https:\/\/jornalfatosenoticias.com.br\/wp-content\/uploads\/2023\/03\/logo-Panper_portal-300x208.jpg 300w\" sizes=\"auto, (max-width: 310px) 100vw, 310px\" \/><\/a><\/figure><\/div>\n\n\n\n<hr class=\"wp-block-separator\"\/>\n\n\n\n<h3 class=\"wp-block-heading\"><span class=\"has-inline-color has-black-color\">Hugo Motta manda recado ao Planalto em postagem sobre \u201cdemocracia\u201d<\/span><\/h3>\n\n\n\n<div class=\"wp-block-image\"><figure class=\"aligncenter size-large\"><img loading=\"lazy\" decoding=\"async\" width=\"612\" height=\"409\" src=\"https:\/\/jornalfatosenoticias.com.br\/wp-content\/uploads\/2025\/04\/hugo-motta-e-nine_gettyimages.jpg\" alt=\"\" class=\"wp-image-58621\" srcset=\"https:\/\/jornalfatosenoticias.com.br\/wp-content\/uploads\/2025\/04\/hugo-motta-e-nine_gettyimages.jpg 612w, https:\/\/jornalfatosenoticias.com.br\/wp-content\/uploads\/2025\/04\/hugo-motta-e-nine_gettyimages-300x200.jpg 300w\" sizes=\"auto, (max-width: 612px) 100vw, 612px\" \/><figcaption><em><span class=\"has-inline-color has-black-color\">(Foto: Getty Images)<\/span><\/em><\/figcaption><\/figure><\/div>\n\n\n\n<p>Em meio \u00e0 crise deflagrada pelo avan\u00e7o do projeto de anistia aos condenados pelos ataques de 8 de janeiro, o presidente da C\u00e2mara dos Deputados, Hugo Motta (Republicanos-PB), publicou, na ter\u00e7a-feira (15), uma mensagem aparentemente gen\u00e9rica sobre democracia \u2014 mas que, segundo aliados, foi milimetricamente redigida para mandar um recado claro ao Pal\u00e1cio do Planalto.<\/p>\n\n\n\n<div class=\"wp-block-image\"><figure class=\"aligncenter size-large is-resized\"><a href=\"https:\/\/www.instagram.com\/rcradiadores\/\"><img loading=\"lazy\" decoding=\"async\" src=\"https:\/\/jornalfatosenoticias.com.br\/wp-content\/uploads\/2022\/10\/RC_800x750_page-0001.jpg\" alt=\"\" class=\"wp-image-35338\" width=\"298\" height=\"279\" srcset=\"https:\/\/jornalfatosenoticias.com.br\/wp-content\/uploads\/2022\/10\/RC_800x750_page-0001.jpg 400w, https:\/\/jornalfatosenoticias.com.br\/wp-content\/uploads\/2022\/10\/RC_800x750_page-0001-300x281.jpg 300w\" sizes=\"auto, (max-width: 298px) 100vw, 298px\" \/><\/a><\/figure><\/div>\n\n\n\n<p>Na postagem, Motta escreveu: \u201cdemocracia \u00e9 discutir com o Col\u00e9gio de L\u00edderes as pautas que devem avan\u00e7ar. Em uma democracia, ningu\u00e9m tem o direito de decidir nada sozinho. \u00c9 preciso tamb\u00e9m ter responsabilidade com o cargo que ocupamos, pensando no que cada pauta significa para as institui\u00e7\u00f5es e para toda a popula\u00e7\u00e3o\u201d.<\/p>\n\n\n\n<div class=\"wp-block-image\"><figure class=\"aligncenter size-large is-resized\"><a href=\"https:\/\/www.instagram.com\/esteiochurrascaria\/\"><img loading=\"lazy\" decoding=\"async\" src=\"https:\/\/jornalfatosenoticias.com.br\/wp-content\/uploads\/2022\/02\/LOGO-ESTEIO-1024x730.png\" alt=\"\" class=\"wp-image-27942\" width=\"320\" height=\"228\" srcset=\"https:\/\/jornalfatosenoticias.com.br\/wp-content\/uploads\/2022\/02\/LOGO-ESTEIO-1024x730.png 1024w, https:\/\/jornalfatosenoticias.com.br\/wp-content\/uploads\/2022\/02\/LOGO-ESTEIO-300x214.png 300w, https:\/\/jornalfatosenoticias.com.br\/wp-content\/uploads\/2022\/02\/LOGO-ESTEIO-768x548.png 768w, https:\/\/jornalfatosenoticias.com.br\/wp-content\/uploads\/2022\/02\/LOGO-ESTEIO.png 1123w\" sizes=\"auto, (max-width: 320px) 100vw, 320px\" \/><\/a><\/figure><\/div>\n\n\n\n<p>Tradu\u00e7\u00e3o do recado, segundo interlocutores: ele n\u00e3o vai engavetar o requerimento de urg\u00eancia para a anistia, mas tamb\u00e9m n\u00e3o vai paut\u00e1-lo por impulso ou press\u00e3o direta \u2014 nem de um lado, nem de outro. Na segunda-feira (14), parlamentares da oposi\u00e7\u00e3o protocolaram o requerimento com 264 assinaturas \u2014 sete a mais que o m\u00ednimo necess\u00e1rio para permitir que o projeto avance direto ao plen\u00e1rio. Motta sinalizou que n\u00e3o vai tomar uma decis\u00e3o monocr\u00e1tica e que o requerimento ser\u00e1 discutido com o Col\u00e9gio de L\u00edderes, o que, na pr\u00e1tica, pode empurrar a tramita\u00e7\u00e3o do projeto para um limbo de indefini\u00e7\u00e3o. Segundo um aliado pr\u00f3ximo de Motta, a mensagem serve como alerta ao governo Lula de que, se quiser barrar o avan\u00e7o da anistia, ter\u00e1 que se mexer.<\/p>\n\n\n\n<div class=\"wp-block-image\"><figure class=\"aligncenter size-large\"><a href=\"https:\/\/www.cesconetto.com.br\/\"><img loading=\"lazy\" decoding=\"async\" width=\"300\" height=\"250\" src=\"https:\/\/jornalfatosenoticias.com.br\/wp-content\/uploads\/2022\/02\/Banner-2.png\" alt=\"\" class=\"wp-image-27877\"\/><\/a><\/figure><\/div>\n\n\n\n<p>A interpreta\u00e7\u00e3o \u00e9 simples: se o governo ficar de bra\u00e7os cruzados esperando que Motta resolva a quest\u00e3o sozinho, pode acabar se surpreendendo com a anistia votada e aprovada. O presidente da C\u00e2mara, por mais que n\u00e3o endosse o conte\u00fado do projeto, n\u00e3o quer se tornar o fiador de decis\u00f5es impopulares com sua base ou se posicionar como censor da pauta. Ele quer \u2014 e exige \u2014 consenso pol\u00edtico m\u00ednimo.<\/p>\n\n\n\n<div class=\"wp-block-image\"><figure class=\"aligncenter size-large is-resized\"><a href=\"https:\/\/hotelmarquetti.com.br\/\"><img loading=\"lazy\" decoding=\"async\" src=\"https:\/\/jornalfatosenoticias.com.br\/wp-content\/uploads\/2020\/02\/LOGO-MQ-1024x680.jpg\" alt=\"\" class=\"wp-image-58299\" width=\"393\" height=\"261\" srcset=\"https:\/\/jornalfatosenoticias.com.br\/wp-content\/uploads\/2020\/02\/LOGO-MQ-1024x680.jpg 1024w, https:\/\/jornalfatosenoticias.com.br\/wp-content\/uploads\/2020\/02\/LOGO-MQ-300x199.jpg 300w, https:\/\/jornalfatosenoticias.com.br\/wp-content\/uploads\/2020\/02\/LOGO-MQ-768x510.jpg 768w, https:\/\/jornalfatosenoticias.com.br\/wp-content\/uploads\/2020\/02\/LOGO-MQ-1536x1020.jpg 1536w, https:\/\/jornalfatosenoticias.com.br\/wp-content\/uploads\/2020\/02\/LOGO-MQ-2048x1360.jpg 2048w\" sizes=\"auto, (max-width: 393px) 100vw, 393px\" \/><\/a><\/figure><\/div>\n\n\n\n<p>Motta est\u00e1, politicamente, no centro do furac\u00e3o. Embora tenha sido avisado com anteced\u00eancia por parlamentares bolsonaristas de que o requerimento de urg\u00eancia seria protocolado, ele tamb\u00e9m vem recebendo press\u00e3o constante do governo para n\u00e3o pautar o texto. A sa\u00edda encontrada foi n\u00e3o se comprometer com nenhum dos lados publicamente, enquanto joga a responsabilidade de articula\u00e7\u00e3o nas costas dos atores pol\u00edticos diretamente interessados. <strong>(Fonte: Hora Bras\u00edlia)<\/strong><\/p>\n\n\n\n<div class=\"wp-block-image\"><figure class=\"aligncenter size-large is-resized\"><a href=\"https:\/\/www.instagram.com\/restaurantepegoretti\/\"><img loading=\"lazy\" decoding=\"async\" src=\"https:\/\/jornalfatosenoticias.com.br\/wp-content\/uploads\/2023\/12\/pegoretti-logo-pdf-1024x389.jpg\" alt=\"\" class=\"wp-image-47536\" width=\"496\" height=\"188\" srcset=\"https:\/\/jornalfatosenoticias.com.br\/wp-content\/uploads\/2023\/12\/pegoretti-logo-pdf-1024x389.jpg 1024w, https:\/\/jornalfatosenoticias.com.br\/wp-content\/uploads\/2023\/12\/pegoretti-logo-pdf-300x114.jpg 300w, https:\/\/jornalfatosenoticias.com.br\/wp-content\/uploads\/2023\/12\/pegoretti-logo-pdf-768x291.jpg 768w, https:\/\/jornalfatosenoticias.com.br\/wp-content\/uploads\/2023\/12\/pegoretti-logo-pdf.jpg 1120w\" sizes=\"auto, (max-width: 496px) 100vw, 496px\" \/><\/a><\/figure><\/div>\n\n\n\n<hr class=\"wp-block-separator\"\/>\n\n\n\n<h3 class=\"wp-block-heading\"><span class=\"has-inline-color has-black-color\">Quatro departamentos dos EUA analisam san\u00e7\u00f5es contra Alexandre de Moraes<\/span><\/h3>\n\n\n\n<div class=\"wp-block-image\"><figure class=\"aligncenter size-large\"><img loading=\"lazy\" decoding=\"async\" width=\"1000\" height=\"398\" src=\"https:\/\/jornalfatosenoticias.com.br\/wp-content\/uploads\/2025\/04\/sancoes-ao-cabeca-de-ovo_gettyimages.jpg\" alt=\"\" class=\"wp-image-58620\" srcset=\"https:\/\/jornalfatosenoticias.com.br\/wp-content\/uploads\/2025\/04\/sancoes-ao-cabeca-de-ovo_gettyimages.jpg 1000w, https:\/\/jornalfatosenoticias.com.br\/wp-content\/uploads\/2025\/04\/sancoes-ao-cabeca-de-ovo_gettyimages-300x119.jpg 300w, https:\/\/jornalfatosenoticias.com.br\/wp-content\/uploads\/2025\/04\/sancoes-ao-cabeca-de-ovo_gettyimages-768x306.jpg 768w\" sizes=\"auto, (max-width: 1000px) 100vw, 1000px\" \/><figcaption><em><span class=\"has-inline-color has-black-color\">(Foto: Getty Images)<\/span><\/em><\/figcaption><\/figure><\/div>\n\n\n\n<p>Quatro departamentos do governo dos Estados Unidos est\u00e3o analisando, de forma conjunta, uma proposta que prev\u00ea san\u00e7\u00f5es ao ministro do Supremo Tribunal Federal (STF) Alexandre de Moraes. O texto, ainda em fase preliminar, depende de pareceres t\u00e9cnicos e jur\u00eddicos de cada uma das pastas antes de seguir para a aprecia\u00e7\u00e3o final da presid\u00eancia americana. A proposta ganhou aten\u00e7\u00e3o ap\u00f3s declara\u00e7\u00f5es do conselheiro de Donald Trump, Jason Miller, que classificou Moraes como \u201ca maior amea\u00e7a \u00e0 democracia no hemisf\u00e9rio ocidental\u201d. Ele se juntou a Elon Musk nas cr\u00edticas ao ministro, especialmente ap\u00f3s decis\u00f5es envolvendo a suspens\u00e3o da rede social X no Brasil.<\/p>\n\n\n\n<div class=\"wp-block-image\"><figure class=\"aligncenter size-large is-resized\"><a href=\"https:\/\/www.controlsystems.com.br\/\"><img loading=\"lazy\" decoding=\"async\" src=\"https:\/\/jornalfatosenoticias.com.br\/wp-content\/uploads\/2020\/02\/CONTROL-CS.jpg\" alt=\"\" class=\"wp-image-44991\" width=\"273\" height=\"327\" srcset=\"https:\/\/jornalfatosenoticias.com.br\/wp-content\/uploads\/2020\/02\/CONTROL-CS.jpg 834w, https:\/\/jornalfatosenoticias.com.br\/wp-content\/uploads\/2020\/02\/CONTROL-CS-250x300.jpg 250w, https:\/\/jornalfatosenoticias.com.br\/wp-content\/uploads\/2020\/02\/CONTROL-CS-768x921.jpg 768w\" sizes=\"auto, (max-width: 273px) 100vw, 273px\" \/><\/a><\/figure><\/div>\n\n\n\n<p>Entre os \u00f3rg\u00e3os que analisam o caso est\u00e1 o Departamento de Estado, atualmente sob responsabilidade de Marco Rubio. A pasta avalia as implica\u00e7\u00f5es diplom\u00e1ticas da medida. Quando ainda era senador, Rubio j\u00e1 havia se posicionado contra Moraes, chamando o bloqueio da plataforma digital de uma \u201cmanobra para minar as liberdades b\u00e1sicas no Brasil\u201d.<\/p>\n\n\n\n<div class=\"wp-block-image\"><figure class=\"aligncenter size-large is-resized\"><a href=\"https:\/\/www.facebook.com\/postobkr\/?locale=pt_BR\"><img loading=\"lazy\" decoding=\"async\" src=\"https:\/\/jornalfatosenoticias.com.br\/wp-content\/uploads\/2023\/08\/BKR-1024x1021.jpg\" alt=\"\" class=\"wp-image-44494\" width=\"275\" height=\"274\" srcset=\"https:\/\/jornalfatosenoticias.com.br\/wp-content\/uploads\/2023\/08\/BKR-1024x1021.jpg 1024w, https:\/\/jornalfatosenoticias.com.br\/wp-content\/uploads\/2023\/08\/BKR-300x300.jpg 300w, https:\/\/jornalfatosenoticias.com.br\/wp-content\/uploads\/2023\/08\/BKR-150x150.jpg 150w, https:\/\/jornalfatosenoticias.com.br\/wp-content\/uploads\/2023\/08\/BKR-768x766.jpg 768w, https:\/\/jornalfatosenoticias.com.br\/wp-content\/uploads\/2023\/08\/BKR.jpg 1080w\" sizes=\"auto, (max-width: 275px) 100vw, 275px\" \/><\/a><\/figure><\/div>\n\n\n\n<p>Tamb\u00e9m envolvido est\u00e1 o Departamento de Seguran\u00e7a Interna, comandado por Mike Waltz, que \u00e9 conhecido por sua postura cr\u00edtica \u00e0 China e a governos considerados autorit\u00e1rios. Ele acompanha com aten\u00e7\u00e3o pa\u00edses que mant\u00eam rela\u00e7\u00e3o pr\u00f3xima com o regime chin\u00eas, como \u00e9 o caso do Brasil.<\/p>\n\n\n\n<div class=\"wp-block-image\"><figure class=\"aligncenter size-large is-resized\"><a href=\"https:\/\/www.instagram.com\/serra4x4cambioautomatico\/\"><img loading=\"lazy\" decoding=\"async\" src=\"https:\/\/jornalfatosenoticias.com.br\/wp-content\/uploads\/2024\/08\/Serra-4x4-1-886x1024.jpg\" alt=\"\" class=\"wp-image-53632\" width=\"303\" height=\"351\" srcset=\"https:\/\/jornalfatosenoticias.com.br\/wp-content\/uploads\/2024\/08\/Serra-4x4-1-886x1024.jpg 886w, https:\/\/jornalfatosenoticias.com.br\/wp-content\/uploads\/2024\/08\/Serra-4x4-1-260x300.jpg 260w, https:\/\/jornalfatosenoticias.com.br\/wp-content\/uploads\/2024\/08\/Serra-4x4-1-768x888.jpg 768w, https:\/\/jornalfatosenoticias.com.br\/wp-content\/uploads\/2024\/08\/Serra-4x4-1.jpg 1181w\" sizes=\"auto, (max-width: 303px) 100vw, 303px\" \/><\/a><\/figure><\/div>\n\n\n\n<p>Por envolver poss\u00edveis bloqueios financeiros, o Departamento do Tesouro tamb\u00e9m participa da an\u00e1lise. A pasta avalia impactos legais e econ\u00f4micos de eventual san\u00e7\u00e3o direta a Moraes. Por fim, o Conselho da Casa Branca (White House Counsel), \u00f3rg\u00e3o respons\u00e1vel por aconselhar juridicamente o presidente dos EUA, completa a lista. Cabe ao setor apontar riscos constitucionais ou diplom\u00e1ticos que a medida possa gerar. A tramita\u00e7\u00e3o s\u00f3 seguir\u00e1 ao presidente dos Estados Unidos \u2014 possivelmente Donald Trump, caso seja reeleito \u2014 ap\u00f3s cada uma das pastas emitir parecer, seja aprovando, rejeitando ou sugerindo ajustes no texto. A palavra final caber\u00e1 exclusivamente ao chefe do Executivo. <strong>(Fonte: Hora Bras\u00edlia)<\/strong><\/p>\n\n\n\n<div class=\"wp-block-image\"><figure class=\"aligncenter size-large is-resized\"><a href=\"https:\/\/www.legisjuris.com.br\/\"><img loading=\"lazy\" decoding=\"async\" src=\"https:\/\/jornalfatosenoticias.com.br\/wp-content\/uploads\/2024\/09\/Legis-Juris-Consultoria_logo.jpg\" alt=\"\" class=\"wp-image-53915\" width=\"525\" height=\"220\" srcset=\"https:\/\/jornalfatosenoticias.com.br\/wp-content\/uploads\/2024\/09\/Legis-Juris-Consultoria_logo.jpg 969w, https:\/\/jornalfatosenoticias.com.br\/wp-content\/uploads\/2024\/09\/Legis-Juris-Consultoria_logo-300x126.jpg 300w, https:\/\/jornalfatosenoticias.com.br\/wp-content\/uploads\/2024\/09\/Legis-Juris-Consultoria_logo-768x322.jpg 768w\" sizes=\"auto, (max-width: 525px) 100vw, 525px\" \/><\/a><\/figure><\/div>\n\n\n\n<hr class=\"wp-block-separator\"\/>\n\n\n\n<h3 class=\"wp-block-heading\"><span class=\"has-inline-color has-black-color\">Governo Lula projeta rombo de R$ 6,8 bilh\u00f5es nas estatais em 2026<\/span><\/h3>\n\n\n\n<div class=\"wp-block-image\"><figure class=\"aligncenter size-large\"><img loading=\"lazy\" decoding=\"async\" width=\"1000\" height=\"573\" src=\"https:\/\/jornalfatosenoticias.com.br\/wp-content\/uploads\/2025\/04\/rombo-das-estatais.jpg\" alt=\"\" class=\"wp-image-58619\" srcset=\"https:\/\/jornalfatosenoticias.com.br\/wp-content\/uploads\/2025\/04\/rombo-das-estatais.jpg 1000w, https:\/\/jornalfatosenoticias.com.br\/wp-content\/uploads\/2025\/04\/rombo-das-estatais-300x172.jpg 300w, https:\/\/jornalfatosenoticias.com.br\/wp-content\/uploads\/2025\/04\/rombo-das-estatais-768x440.jpg 768w\" sizes=\"auto, (max-width: 1000px) 100vw, 1000px\" \/><figcaption><em><span class=\"has-inline-color has-black-color\">(Foto: Gazeta do Povo com Dall-E)<\/span><\/em><\/figcaption><\/figure><\/div>\n\n\n\n<p>O governo de Luiz In\u00e1cio Lula da Silva (PT) entregou, na ter\u00e7a-feira (15), ao Congresso Nacional, o Projeto de Lei de Diretrizes Or\u00e7ament\u00e1rias (PLDO) de 2026 e, com ele, a confirma\u00e7\u00e3o de um cen\u00e1rio inc\u00f4modo: as empresas estatais federais continuar\u00e3o operando no vermelho pelos pr\u00f3ximos anos, com previs\u00e3o de d\u00e9ficit de R$ 6,8 bilh\u00f5es j\u00e1 no pr\u00f3ximo exerc\u00edcio.<\/p>\n\n\n\n<div class=\"wp-block-image\"><figure class=\"aligncenter size-large\"><a href=\"http:\/\/www.ferrarimaquinas.com.br\/\"><img loading=\"lazy\" decoding=\"async\" width=\"300\" height=\"250\" src=\"https:\/\/jornalfatosenoticias.com.br\/wp-content\/uploads\/2022\/02\/FERRARI_MAQUINAS-E-FERRAMENTAS2.jpg\" alt=\"\" class=\"wp-image-27860\"\/><\/a><\/figure><\/div>\n\n\n\n<p>Apesar da ret\u00f3rica do \u201crigor fiscal\u201d e do discurso de retomada da efici\u00eancia estatal, os n\u00fameros n\u00e3o mentem: o buraco n\u00e3o s\u00f3 persiste, como cresce. Em 2024, o d\u00e9ficit registrado foi de R$ 6,7 bilh\u00f5es, e para 2025 a estimativa \u00e9 de R$ 6,2 bilh\u00f5es \u2014 valor que volta a subir no ano seguinte e mant\u00e9m-se elevado at\u00e9 2029. <\/p>\n\n\n\n<div class=\"wp-block-image\"><figure class=\"aligncenter size-large is-resized\"><a href=\"https:\/\/www.facebook.com\/vetor.vix\/\"><img loading=\"lazy\" decoding=\"async\" src=\"https:\/\/jornalfatosenoticias.com.br\/wp-content\/uploads\/2023\/09\/vetorvix1024_1.jpg\" alt=\"\" class=\"wp-image-44868\" width=\"546\" height=\"145\" srcset=\"https:\/\/jornalfatosenoticias.com.br\/wp-content\/uploads\/2023\/09\/vetorvix1024_1.jpg 1024w, https:\/\/jornalfatosenoticias.com.br\/wp-content\/uploads\/2023\/09\/vetorvix1024_1-300x80.jpg 300w, https:\/\/jornalfatosenoticias.com.br\/wp-content\/uploads\/2023\/09\/vetorvix1024_1-768x205.jpg 768w\" sizes=\"auto, (max-width: 546px) 100vw, 546px\" \/><\/a><\/figure><\/div>\n\n\n\n<p><strong><span class=\"has-inline-color has-black-color\">Eis o cronograma do rombo:<\/span><\/strong><br>\u2705 2026: \u2013 R$ 6,8 bilh\u00f5es<br>\u2705 2027: \u2013 R$ 7,1 bilh\u00f5es<br>\u2705 2028: \u2013 R$ 6,8 bilh\u00f5es<br>\u2705 2029: \u2013 R$ 6,6 bilh\u00f5es<\/p>\n\n\n\n<div class=\"wp-block-image\"><figure class=\"aligncenter size-large is-resized\"><a href=\"https:\/\/www.instagram.com\/gruposei\/\"><img loading=\"lazy\" decoding=\"async\" src=\"https:\/\/jornalfatosenoticias.com.br\/wp-content\/uploads\/2022\/07\/Logo-Grupo-SEI.jpg\" alt=\"\" class=\"wp-image-31973\" width=\"449\" height=\"236\" srcset=\"https:\/\/jornalfatosenoticias.com.br\/wp-content\/uploads\/2022\/07\/Logo-Grupo-SEI.jpg 713w, https:\/\/jornalfatosenoticias.com.br\/wp-content\/uploads\/2022\/07\/Logo-Grupo-SEI-300x158.jpg 300w\" sizes=\"auto, (max-width: 449px) 100vw, 449px\" \/><\/a><\/figure><\/div>\n\n\n\n<p>Tudo isso sob um governo que diz buscar super\u00e1vit prim\u00e1rio de 0,25% do PIB para o mesmo ano. \u00c9 o cl\u00e1ssico \u201ccom uma m\u00e3o se aperta, com a outra se gasta\u201d. Se h\u00e1 uma \u201ccampe\u00e3\u201d nesse ranking negativo, ela atende por um nome conhecido: Correios, com R$ 3,2 bilh\u00f5es de preju\u00edzo s\u00f3 em 2024. Enquanto empresas p\u00fablicas estrat\u00e9gicas como Petrobras e Banco do Brasil t\u00eam seus resultados separados para aliviar o balan\u00e7o geral, os Correios seguem como um peso morto nas contas p\u00fablicas.<\/p>\n\n\n\n<div class=\"wp-block-image\"><figure class=\"aligncenter size-large is-resized\"><a href=\"https:\/\/www.facebook.com\/profile.php?id=100069289606145\"><img loading=\"lazy\" decoding=\"async\" src=\"https:\/\/jornalfatosenoticias.com.br\/wp-content\/uploads\/2024\/11\/Guaitolini-Contabilidade-1024x714.jpeg\" alt=\"\" class=\"wp-image-55808\" width=\"355\" height=\"247\" srcset=\"https:\/\/jornalfatosenoticias.com.br\/wp-content\/uploads\/2024\/11\/Guaitolini-Contabilidade-1024x714.jpeg 1024w, https:\/\/jornalfatosenoticias.com.br\/wp-content\/uploads\/2024\/11\/Guaitolini-Contabilidade-300x209.jpeg 300w, https:\/\/jornalfatosenoticias.com.br\/wp-content\/uploads\/2024\/11\/Guaitolini-Contabilidade-768x535.jpeg 768w, https:\/\/jornalfatosenoticias.com.br\/wp-content\/uploads\/2024\/11\/Guaitolini-Contabilidade.jpeg 1280w\" sizes=\"auto, (max-width: 355px) 100vw, 355px\" \/><\/a><\/figure><\/div>\n\n\n\n<p>A estatal \u00e9, h\u00e1 anos, alvo de promessas de moderniza\u00e7\u00e3o, mas segue operando como se ainda estiv\u00e9ssemos em 1995: ineficiente, inchada e sem competitividade real frente \u00e0 iniciativa privada. O governo fala em fortalecer empresas p\u00fablicas, mas a pr\u00e1tica, at\u00e9 aqui, tem sido a de sustentar d\u00e9ficits recorrentes sem plano claro de revers\u00e3o.<\/p>\n\n\n\n<div class=\"wp-block-image\"><figure class=\"aligncenter size-large is-resized\"><a href=\"https:\/\/www.ithbrasil.com.br\/\"><img loading=\"lazy\" decoding=\"async\" src=\"https:\/\/jornalfatosenoticias.com.br\/wp-content\/uploads\/2023\/08\/ITH.jpeg\" alt=\"\" class=\"wp-image-44638\" width=\"324\" height=\"263\" srcset=\"https:\/\/jornalfatosenoticias.com.br\/wp-content\/uploads\/2023\/08\/ITH.jpeg 800w, https:\/\/jornalfatosenoticias.com.br\/wp-content\/uploads\/2023\/08\/ITH-300x244.jpeg 300w, https:\/\/jornalfatosenoticias.com.br\/wp-content\/uploads\/2023\/08\/ITH-768x624.jpeg 768w\" sizes=\"auto, (max-width: 324px) 100vw, 324px\" \/><\/a><\/figure><\/div>\n\n\n\n<p>A Lei de Diretrizes Or\u00e7ament\u00e1rias (LDO) deveria funcionar como b\u00fassola para o equil\u00edbrio fiscal, mas neste caso mais parece um mapa do caminho para um ciclo cont\u00ednuo de inefici\u00eancia financiada com dinheiro p\u00fablico. A proposta autoriza aumento de gastos com pessoal, mesmo com o desempenho negativo das estatais, e projeta metas que j\u00e1 nascem em descompasso com a realidade financeira dessas empresas.<\/p>\n\n\n\n<div class=\"wp-block-image\"><figure class=\"aligncenter size-large is-resized\"><a href=\"https:\/\/panper.com.br\/\"><img loading=\"lazy\" decoding=\"async\" src=\"https:\/\/jornalfatosenoticias.com.br\/wp-content\/uploads\/2023\/03\/logo-Panper_portal.jpg\" alt=\"\" class=\"wp-image-40208\" width=\"335\" height=\"232\" srcset=\"https:\/\/jornalfatosenoticias.com.br\/wp-content\/uploads\/2023\/03\/logo-Panper_portal.jpg 400w, https:\/\/jornalfatosenoticias.com.br\/wp-content\/uploads\/2023\/03\/logo-Panper_portal-300x208.jpg 300w\" sizes=\"auto, (max-width: 335px) 100vw, 335px\" \/><\/a><\/figure><\/div>\n\n\n\n<p>Ainda que o novo arcabou\u00e7o fiscal limite o crescimento real de despesas, o governo segue permitindo que estruturas deficit\u00e1rias avancem sem contrapartidas \u2014 o tipo de contradi\u00e7\u00e3o que mina a credibilidade da pol\u00edtica econ\u00f4mica, especialmente quando se promete \u201cresponsabilidade com as contas p\u00fablicas\u201d.<\/p>\n\n\n\n<div class=\"wp-block-image\"><figure class=\"aligncenter size-large is-resized\"><a href=\"https:\/\/www.instagram.com\/rcradiadores\/\"><img loading=\"lazy\" decoding=\"async\" src=\"https:\/\/jornalfatosenoticias.com.br\/wp-content\/uploads\/2022\/10\/RC_800x750_page-0001.jpg\" alt=\"\" class=\"wp-image-35338\" width=\"331\" height=\"310\" srcset=\"https:\/\/jornalfatosenoticias.com.br\/wp-content\/uploads\/2022\/10\/RC_800x750_page-0001.jpg 400w, https:\/\/jornalfatosenoticias.com.br\/wp-content\/uploads\/2022\/10\/RC_800x750_page-0001-300x281.jpg 300w\" sizes=\"auto, (max-width: 331px) 100vw, 331px\" \/><\/a><\/figure><\/div>\n\n\n\n<p>A desculpa de que o resultado prim\u00e1rio das estatais exclui os investimentos do PAC e o desempenho de grupos como Petrobras e ENBPar serve para maquiar parcialmente o problema \u2014 mas n\u00e3o o elimina. A soma dos d\u00e9ficits projetados nos pr\u00f3ximos quatro anos ultrapassa R$ 27 bilh\u00f5es. E a pergunta que n\u00e3o cala \u00e9: quem vai pagar essa conta? O contribuinte, claro. <strong>(Fonte: Hora Bras\u00edlia)<\/strong><\/p>\n\n\n\n<div class=\"wp-block-image\"><figure class=\"aligncenter size-large\"><a href=\"https:\/\/mizu.com.br\/\"><img loading=\"lazy\" decoding=\"async\" width=\"729\" height=\"90\" src=\"https:\/\/jornalfatosenoticias.com.br\/wp-content\/uploads\/2020\/02\/Logo_Mizu.png\" alt=\"\" class=\"wp-image-1441\" srcset=\"https:\/\/jornalfatosenoticias.com.br\/wp-content\/uploads\/2020\/02\/Logo_Mizu.png 729w, https:\/\/jornalfatosenoticias.com.br\/wp-content\/uploads\/2020\/02\/Logo_Mizu-300x37.png 300w\" sizes=\"auto, (max-width: 729px) 100vw, 729px\" \/><\/a><\/figure><\/div>\n\n\n\n<hr class=\"wp-block-separator\"\/>\n\n\n\n<h3 class=\"wp-block-heading\"><span class=\"has-inline-color has-black-color\">UE apoia resultados eleitorais do Equador e rejeita alega\u00e7\u00e3o de fraude<\/span><\/h3>\n\n\n\n<div class=\"wp-block-image\"><figure class=\"aligncenter size-large\"><img loading=\"lazy\" decoding=\"async\" width=\"612\" height=\"408\" src=\"https:\/\/jornalfatosenoticias.com.br\/wp-content\/uploads\/2025\/04\/eleicao-Equador-Uniao-Europeia_gettyimages.jpg\" alt=\"\" class=\"wp-image-58618\" srcset=\"https:\/\/jornalfatosenoticias.com.br\/wp-content\/uploads\/2025\/04\/eleicao-Equador-Uniao-Europeia_gettyimages.jpg 612w, https:\/\/jornalfatosenoticias.com.br\/wp-content\/uploads\/2025\/04\/eleicao-Equador-Uniao-Europeia_gettyimages-300x200.jpg 300w\" sizes=\"auto, (max-width: 612px) 100vw, 612px\" \/><figcaption><em><span class=\"has-inline-color has-black-color\">(Foto: Getty Images)<\/span><\/em><\/figcaption><\/figure><\/div>\n\n\n\n<p>A miss\u00e3o de observa\u00e7\u00e3o eleitoral da Uni\u00e3o Europeia no Equador descartou \u201ccategoricamente\u201d a possibilidade de fraude no segundo turno das elei\u00e7\u00f5es presidenciais que deram a vit\u00f3ria a Daniel Noboa sobre Luisa Gonz\u00e1lez, que n\u00e3o aceitou os resultados e exigiu uma recontagem dos votos.<\/p>\n\n\n\n<div class=\"wp-block-image\"><figure class=\"aligncenter size-large is-resized\"><a href=\"https:\/\/www.instagram.com\/esteiochurrascaria\/\"><img loading=\"lazy\" decoding=\"async\" src=\"https:\/\/jornalfatosenoticias.com.br\/wp-content\/uploads\/2022\/02\/LOGO-ESTEIO-1024x730.png\" alt=\"\" class=\"wp-image-27942\" width=\"330\" height=\"235\" srcset=\"https:\/\/jornalfatosenoticias.com.br\/wp-content\/uploads\/2022\/02\/LOGO-ESTEIO-1024x730.png 1024w, https:\/\/jornalfatosenoticias.com.br\/wp-content\/uploads\/2022\/02\/LOGO-ESTEIO-300x214.png 300w, https:\/\/jornalfatosenoticias.com.br\/wp-content\/uploads\/2022\/02\/LOGO-ESTEIO-768x548.png 768w, https:\/\/jornalfatosenoticias.com.br\/wp-content\/uploads\/2022\/02\/LOGO-ESTEIO.png 1123w\" sizes=\"auto, (max-width: 330px) 100vw, 330px\" \/><\/a><\/figure><\/div>\n\n\n\n<p>\u201cTudo ocorreu com absoluta normalidade e n\u00e3o h\u00e1 nenhum elemento que possa apoiar essa hist\u00f3ria de fraude nessas elei\u00e7\u00f5es\u201d, disse o chefe da miss\u00e3o eleitoral da UE, o eurodeputado espanhol Gabriel Mato, em entrevista coletiva nesta ter\u00e7a-feira (15), quando apresentou seu relat\u00f3rio preliminar. Mato reiterou que n\u00e3o houve \u201cum \u00fanico elemento objetivo que indique que houve fraude\u201d, depois que o Conselho Nacional Eleitoral (CNE) contou 99,3% dos votos e determinou que Noboa, candidato \u00e0 reelei\u00e7\u00e3o, recebeu 55,6% dos votos v\u00e1lidos, em compara\u00e7\u00e3o com 44,4% de Luisa.<\/p>\n\n\n\n<div class=\"wp-block-image\"><figure class=\"aligncenter size-large\"><a href=\"https:\/\/www.cesconetto.com.br\/\"><img loading=\"lazy\" decoding=\"async\" width=\"300\" height=\"250\" src=\"https:\/\/jornalfatosenoticias.com.br\/wp-content\/uploads\/2020\/02\/Banner-2.png\" alt=\"\" class=\"wp-image-43787\"\/><\/a><\/figure><\/div>\n\n\n\n<p>O chefe da miss\u00e3o destacou que o segundo turno das elei\u00e7\u00f5es presidenciais no Equador foi uma \u201cjornada eleitoral transparente e bem organizada que refuta as narrativas de fraude, mas com a necessidade de enfrentar reformas\u201d, pois ressaltou que o processo teve \u201cdesequil\u00edbrios\u201d.<\/p>\n\n\n\n<div class=\"wp-block-image\"><figure class=\"aligncenter size-large is-resized\"><a href=\"https:\/\/hotelmarquetti.com.br\/\"><img loading=\"lazy\" decoding=\"async\" src=\"https:\/\/jornalfatosenoticias.com.br\/wp-content\/uploads\/2020\/02\/LOGO-MQ-1024x680.jpg\" alt=\"\" class=\"wp-image-58299\" width=\"350\" height=\"232\" srcset=\"https:\/\/jornalfatosenoticias.com.br\/wp-content\/uploads\/2020\/02\/LOGO-MQ-1024x680.jpg 1024w, https:\/\/jornalfatosenoticias.com.br\/wp-content\/uploads\/2020\/02\/LOGO-MQ-300x199.jpg 300w, https:\/\/jornalfatosenoticias.com.br\/wp-content\/uploads\/2020\/02\/LOGO-MQ-768x510.jpg 768w, https:\/\/jornalfatosenoticias.com.br\/wp-content\/uploads\/2020\/02\/LOGO-MQ-1536x1020.jpg 1536w, https:\/\/jornalfatosenoticias.com.br\/wp-content\/uploads\/2020\/02\/LOGO-MQ-2048x1360.jpg 2048w\" sizes=\"auto, (max-width: 350px) 100vw, 350px\" \/><\/a><\/figure><\/div>\n\n\n\n<p>Entre eles, Mato considerou que a quest\u00e3o da licen\u00e7a que o presidente deve solicitar para o per\u00edodo de campanha eleitoral \u2014 que Noboa se recusou a solicitar para relatar \u201caus\u00eancias\u201d do cargo em dias com atividades eleitorais \u2014 \u201cn\u00e3o foi uma quest\u00e3o bem resolvida e requer reflex\u00e3o para processos futuros\u201d. \u201c\u00c9 necess\u00e1rio evitar confundir os pap\u00e9is de candidato e presidente, que devem ser perfeitamente delimitados\u201d, afirmou.<\/p>\n\n\n\n<div class=\"wp-block-image\"><figure class=\"aligncenter size-large is-resized\"><a href=\"https:\/\/www.facebook.com\/postobkr\/?locale=pt_BR\"><img loading=\"lazy\" decoding=\"async\" src=\"https:\/\/jornalfatosenoticias.com.br\/wp-content\/uploads\/2023\/08\/BKR-1024x1021.jpg\" alt=\"\" class=\"wp-image-44494\" width=\"341\" height=\"340\" srcset=\"https:\/\/jornalfatosenoticias.com.br\/wp-content\/uploads\/2023\/08\/BKR-1024x1021.jpg 1024w, https:\/\/jornalfatosenoticias.com.br\/wp-content\/uploads\/2023\/08\/BKR-300x300.jpg 300w, https:\/\/jornalfatosenoticias.com.br\/wp-content\/uploads\/2023\/08\/BKR-150x150.jpg 150w, https:\/\/jornalfatosenoticias.com.br\/wp-content\/uploads\/2023\/08\/BKR-768x766.jpg 768w, https:\/\/jornalfatosenoticias.com.br\/wp-content\/uploads\/2023\/08\/BKR.jpg 1080w\" sizes=\"auto, (max-width: 341px) 100vw, 341px\" \/><\/a><\/figure><\/div>\n\n\n\n<p>O eurodeputado espanhol tamb\u00e9m alertou que o financiamento das campanhas dos candidatos \u201c\u00e9 um elemento que precisa ser melhorado\u201d e comentou que a cobertura na imprensa nacional tem sido tratada de forma desigual entre os dois candidatos, enquanto \u201cas redes sociais carecem de uma regulamenta\u00e7\u00e3o mais eficaz para evitar a desinforma\u00e7\u00e3o e tamb\u00e9m para garantir a imparcialidade\u201d. \u201cA desinforma\u00e7\u00e3o, muitas vezes amplificada por an\u00fancios pagos, \u00e9 uma quest\u00e3o pendente. Alguns elementos s\u00e3o a narrativa da fraude, que rejeitamos veementemente\u201d, acrescentou Mato. <strong>(Fonte: Gazeta do Povo)<\/strong><\/p>\n\n\n\n<div class=\"wp-block-image\"><figure class=\"aligncenter size-large is-resized\"><a href=\"https:\/\/www.instagram.com\/restaurantepegoretti\/\"><img loading=\"lazy\" decoding=\"async\" src=\"https:\/\/jornalfatosenoticias.com.br\/wp-content\/uploads\/2023\/12\/pegoretti-logo-pdf-1024x389.jpg\" alt=\"\" class=\"wp-image-47536\" width=\"533\" height=\"202\" srcset=\"https:\/\/jornalfatosenoticias.com.br\/wp-content\/uploads\/2023\/12\/pegoretti-logo-pdf-1024x389.jpg 1024w, https:\/\/jornalfatosenoticias.com.br\/wp-content\/uploads\/2023\/12\/pegoretti-logo-pdf-300x114.jpg 300w, https:\/\/jornalfatosenoticias.com.br\/wp-content\/uploads\/2023\/12\/pegoretti-logo-pdf-768x291.jpg 768w, https:\/\/jornalfatosenoticias.com.br\/wp-content\/uploads\/2023\/12\/pegoretti-logo-pdf.jpg 1120w\" sizes=\"auto, (max-width: 533px) 100vw, 533px\" \/><\/a><\/figure><\/div>\n\n\n\n<hr class=\"wp-block-separator\"\/>\n","protected":false},"excerpt":{"rendered":"<p>Por Renan RamalhoMensagens obtidas pela Pol\u00edcia Federal na investiga\u00e7\u00e3o sobre o perito Eduardo Tagliaferro, ex-assessor de Alexandre de Moraes no Tribunal Superior Eleitoral (TSE), revelam que ele temia ser preso por ordem do ministro, ou at\u00e9 morto, caso contasse publicamente o que sabia. Em conversas particulares que manteve ao longo do ano passado com sua [&hellip;]<\/p>\n","protected":false},"author":3,"featured_media":58623,"comment_status":"open","ping_status":"open","sticky":false,"template":"","format":"standard","meta":{"footnotes":""},"categories":[10],"tags":[18055,13889,1242,16508,25682,26705,26715,159,26713,18343,25620,589,2146,25255,26714,294,1514,497],"class_list":["post-58617","post","type-post","status-publish","format-standard","has-post-thumbnail","hentry","category-politica","tag-8-de-janeiro","tag-alexandre-de-moraes","tag-anistia","tag-daniel-ortega","tag-ditadura-sandinista","tag-eduardo-tagliaferro","tag-eleicoes-presidenciais-no-equador","tag-eua","tag-ex-assessor-de-moraes","tag-governo-lula","tag-hugo-motta","tag-nicaragua","tag-policia-federal","tag-rombo-nas-estatais","tag-sancoes-contra-alexandre-de-moraes","tag-stf","tag-tse","tag-uniao-europeia"],"yoast_head":"<!-- This site is optimized with the Yoast SEO plugin v26.5 - https:\/\/yoast.com\/wordpress\/plugins\/seo\/ -->\n<title>A Semana no Brasil e no Mundo \u2014 Mensagens in\u00e9ditas revelam medo de ex-assessor de Moraes: \u201cse falar algo, o ministro me mata\u201d - Jornal Fatos e Not\u00edcias<\/title>\n<meta name=\"robots\" content=\"index, follow, max-snippet:-1, max-image-preview:large, max-video-preview:-1\" \/>\n<link rel=\"canonical\" href=\"https:\/\/jornalfatosenoticias.com.br\/index.php\/2025\/04\/17\/a-semana-no-brasil-e-no-mundo-mensagens-ineditas-revelam-medo-de-ex-assessor-de-moraes-se-falar-algo-o-ministro-me-mata\/\" \/>\n<meta property=\"og:locale\" content=\"pt_BR\" \/>\n<meta property=\"og:type\" content=\"article\" \/>\n<meta property=\"og:title\" content=\"A Semana no Brasil e no Mundo \u2014 Mensagens in\u00e9ditas revelam medo de ex-assessor de Moraes: \u201cse falar algo, o ministro me mata\u201d - Jornal Fatos e Not\u00edcias\" \/>\n<meta property=\"og:description\" content=\"Por Renan RamalhoMensagens obtidas pela Pol\u00edcia Federal na investiga\u00e7\u00e3o sobre o perito Eduardo Tagliaferro, ex-assessor de Alexandre de Moraes no Tribunal Superior Eleitoral (TSE), revelam que ele temia ser preso por ordem do ministro, ou at\u00e9 morto, caso contasse publicamente o que sabia. Em conversas particulares que manteve ao longo do ano passado com sua [&hellip;]\" \/>\n<meta property=\"og:url\" content=\"https:\/\/jornalfatosenoticias.com.br\/index.php\/2025\/04\/17\/a-semana-no-brasil-e-no-mundo-mensagens-ineditas-revelam-medo-de-ex-assessor-de-moraes-se-falar-algo-o-ministro-me-mata\/\" \/>\n<meta property=\"og:site_name\" content=\"Jornal Fatos e Not\u00edcias\" \/>\n<meta property=\"article:published_time\" content=\"2025-04-17T16:53:48+00:00\" \/>\n<meta property=\"article:modified_time\" content=\"2025-04-17T16:53:49+00:00\" \/>\n<meta property=\"og:image\" content=\"https:\/\/jornalfatosenoticias.com.br\/wp-content\/uploads\/2025\/04\/ex-assessor-de-moraes.jpg\" \/>\n\t<meta property=\"og:image:width\" content=\"1000\" \/>\n\t<meta property=\"og:image:height\" content=\"562\" \/>\n\t<meta property=\"og:image:type\" content=\"image\/jpeg\" \/>\n<meta name=\"author\" content=\"Haroldo Filho\" \/>\n<meta name=\"twitter:card\" content=\"summary_large_image\" \/>\n<meta name=\"twitter:label1\" content=\"Escrito por\" \/>\n\t<meta name=\"twitter:data1\" content=\"Haroldo Filho\" \/>\n\t<meta name=\"twitter:label2\" content=\"Est. tempo de leitura\" \/>\n\t<meta name=\"twitter:data2\" content=\"12 minutos\" \/>\n<script type=\"application\/ld+json\" class=\"yoast-schema-graph\">{\"@context\":\"https:\/\/schema.org\",\"@graph\":[{\"@type\":\"Article\",\"@id\":\"https:\/\/jornalfatosenoticias.com.br\/index.php\/2025\/04\/17\/a-semana-no-brasil-e-no-mundo-mensagens-ineditas-revelam-medo-de-ex-assessor-de-moraes-se-falar-algo-o-ministro-me-mata\/#article\",\"isPartOf\":{\"@id\":\"https:\/\/jornalfatosenoticias.com.br\/index.php\/2025\/04\/17\/a-semana-no-brasil-e-no-mundo-mensagens-ineditas-revelam-medo-de-ex-assessor-de-moraes-se-falar-algo-o-ministro-me-mata\/\"},\"author\":{\"name\":\"Haroldo Filho\",\"@id\":\"https:\/\/jornalfatosenoticias.com.br\/#\/schema\/person\/05c46cc25b42a5c27e004fb0fa6b4965\"},\"headline\":\"A Semana no Brasil e no Mundo \u2014 Mensagens in\u00e9ditas revelam medo de ex-assessor de Moraes: \u201cse falar algo, o ministro me mata\u201d\",\"datePublished\":\"2025-04-17T16:53:48+00:00\",\"dateModified\":\"2025-04-17T16:53:49+00:00\",\"mainEntityOfPage\":{\"@id\":\"https:\/\/jornalfatosenoticias.com.br\/index.php\/2025\/04\/17\/a-semana-no-brasil-e-no-mundo-mensagens-ineditas-revelam-medo-de-ex-assessor-de-moraes-se-falar-algo-o-ministro-me-mata\/\"},\"wordCount\":2443,\"commentCount\":0,\"publisher\":{\"@id\":\"https:\/\/jornalfatosenoticias.com.br\/#organization\"},\"image\":{\"@id\":\"https:\/\/jornalfatosenoticias.com.br\/index.php\/2025\/04\/17\/a-semana-no-brasil-e-no-mundo-mensagens-ineditas-revelam-medo-de-ex-assessor-de-moraes-se-falar-algo-o-ministro-me-mata\/#primaryimage\"},\"thumbnailUrl\":\"https:\/\/jornalfatosenoticias.com.br\/wp-content\/uploads\/2025\/04\/ex-assessor-de-moraes.jpg\",\"keywords\":[\"8 de janeiro\",\"Alexandre de Moraes\",\"anistia\",\"Daniel Ortega\",\"ditadura sandinista\",\"Eduardo Tagliaferro\",\"elei\u00e7\u00f5es presidenciais no Equador\",\"EUA\",\"ex-assessor de Moraes\",\"governo Lula\",\"Hugo Motta\",\"Nicar\u00e1gua\",\"Pol\u00edcia Federal\",\"rombo nas estatais\",\"san\u00e7\u00f5es contra Alexandre de Moraes\",\"STF\",\"TSE\",\"Uni\u00e3o Europeia\"],\"articleSection\":[\"Pol\u00edtica\"],\"inLanguage\":\"pt-BR\",\"potentialAction\":[{\"@type\":\"CommentAction\",\"name\":\"Comment\",\"target\":[\"https:\/\/jornalfatosenoticias.com.br\/index.php\/2025\/04\/17\/a-semana-no-brasil-e-no-mundo-mensagens-ineditas-revelam-medo-de-ex-assessor-de-moraes-se-falar-algo-o-ministro-me-mata\/#respond\"]}]},{\"@type\":\"WebPage\",\"@id\":\"https:\/\/jornalfatosenoticias.com.br\/index.php\/2025\/04\/17\/a-semana-no-brasil-e-no-mundo-mensagens-ineditas-revelam-medo-de-ex-assessor-de-moraes-se-falar-algo-o-ministro-me-mata\/\",\"url\":\"https:\/\/jornalfatosenoticias.com.br\/index.php\/2025\/04\/17\/a-semana-no-brasil-e-no-mundo-mensagens-ineditas-revelam-medo-de-ex-assessor-de-moraes-se-falar-algo-o-ministro-me-mata\/\",\"name\":\"A Semana no Brasil e no Mundo \u2014 Mensagens in\u00e9ditas revelam medo de ex-assessor de Moraes: \u201cse falar algo, o ministro me mata\u201d - Jornal Fatos e Not\u00edcias\",\"isPartOf\":{\"@id\":\"https:\/\/jornalfatosenoticias.com.br\/#website\"},\"primaryImageOfPage\":{\"@id\":\"https:\/\/jornalfatosenoticias.com.br\/index.php\/2025\/04\/17\/a-semana-no-brasil-e-no-mundo-mensagens-ineditas-revelam-medo-de-ex-assessor-de-moraes-se-falar-algo-o-ministro-me-mata\/#primaryimage\"},\"image\":{\"@id\":\"https:\/\/jornalfatosenoticias.com.br\/index.php\/2025\/04\/17\/a-semana-no-brasil-e-no-mundo-mensagens-ineditas-revelam-medo-de-ex-assessor-de-moraes-se-falar-algo-o-ministro-me-mata\/#primaryimage\"},\"thumbnailUrl\":\"https:\/\/jornalfatosenoticias.com.br\/wp-content\/uploads\/2025\/04\/ex-assessor-de-moraes.jpg\",\"datePublished\":\"2025-04-17T16:53:48+00:00\",\"dateModified\":\"2025-04-17T16:53:49+00:00\",\"breadcrumb\":{\"@id\":\"https:\/\/jornalfatosenoticias.com.br\/index.php\/2025\/04\/17\/a-semana-no-brasil-e-no-mundo-mensagens-ineditas-revelam-medo-de-ex-assessor-de-moraes-se-falar-algo-o-ministro-me-mata\/#breadcrumb\"},\"inLanguage\":\"pt-BR\",\"potentialAction\":[{\"@type\":\"ReadAction\",\"target\":[\"https:\/\/jornalfatosenoticias.com.br\/index.php\/2025\/04\/17\/a-semana-no-brasil-e-no-mundo-mensagens-ineditas-revelam-medo-de-ex-assessor-de-moraes-se-falar-algo-o-ministro-me-mata\/\"]}]},{\"@type\":\"ImageObject\",\"inLanguage\":\"pt-BR\",\"@id\":\"https:\/\/jornalfatosenoticias.com.br\/index.php\/2025\/04\/17\/a-semana-no-brasil-e-no-mundo-mensagens-ineditas-revelam-medo-de-ex-assessor-de-moraes-se-falar-algo-o-ministro-me-mata\/#primaryimage\",\"url\":\"https:\/\/jornalfatosenoticias.com.br\/wp-content\/uploads\/2025\/04\/ex-assessor-de-moraes.jpg\",\"contentUrl\":\"https:\/\/jornalfatosenoticias.com.br\/wp-content\/uploads\/2025\/04\/ex-assessor-de-moraes.jpg\",\"width\":1000,\"height\":562},{\"@type\":\"BreadcrumbList\",\"@id\":\"https:\/\/jornalfatosenoticias.com.br\/index.php\/2025\/04\/17\/a-semana-no-brasil-e-no-mundo-mensagens-ineditas-revelam-medo-de-ex-assessor-de-moraes-se-falar-algo-o-ministro-me-mata\/#breadcrumb\",\"itemListElement\":[{\"@type\":\"ListItem\",\"position\":1,\"name\":\"In\u00edcio\",\"item\":\"https:\/\/jornalfatosenoticias.com.br\/\"},{\"@type\":\"ListItem\",\"position\":2,\"name\":\"A Semana no Brasil e no Mundo \u2014 Mensagens in\u00e9ditas revelam medo de ex-assessor de Moraes: \u201cse falar algo, o ministro me mata\u201d\"}]},{\"@type\":\"WebSite\",\"@id\":\"https:\/\/jornalfatosenoticias.com.br\/#website\",\"url\":\"https:\/\/jornalfatosenoticias.com.br\/\",\"name\":\"Jornal Fatos e Not\u00edcias\",\"description\":\"Not\u00edcias em geral\",\"publisher\":{\"@id\":\"https:\/\/jornalfatosenoticias.com.br\/#organization\"},\"potentialAction\":[{\"@type\":\"SearchAction\",\"target\":{\"@type\":\"EntryPoint\",\"urlTemplate\":\"https:\/\/jornalfatosenoticias.com.br\/?s={search_term_string}\"},\"query-input\":{\"@type\":\"PropertyValueSpecification\",\"valueRequired\":true,\"valueName\":\"search_term_string\"}}],\"inLanguage\":\"pt-BR\"},{\"@type\":\"Organization\",\"@id\":\"https:\/\/jornalfatosenoticias.com.br\/#organization\",\"name\":\"Jornal Fatos e Not\u00edcias\",\"url\":\"https:\/\/jornalfatosenoticias.com.br\/\",\"logo\":{\"@type\":\"ImageObject\",\"inLanguage\":\"pt-BR\",\"@id\":\"https:\/\/jornalfatosenoticias.com.br\/#\/schema\/logo\/image\/\",\"url\":\"https:\/\/jornalfatosenoticias.com.br\/wp-content\/uploads\/2020\/02\/logo120.png\",\"contentUrl\":\"https:\/\/jornalfatosenoticias.com.br\/wp-content\/uploads\/2020\/02\/logo120.png\",\"width\":1227,\"height\":120,\"caption\":\"Jornal Fatos e Not\u00edcias\"},\"image\":{\"@id\":\"https:\/\/jornalfatosenoticias.com.br\/#\/schema\/logo\/image\/\"}},{\"@type\":\"Person\",\"@id\":\"https:\/\/jornalfatosenoticias.com.br\/#\/schema\/person\/05c46cc25b42a5c27e004fb0fa6b4965\",\"name\":\"Haroldo Filho\",\"image\":{\"@type\":\"ImageObject\",\"inLanguage\":\"pt-BR\",\"@id\":\"https:\/\/jornalfatosenoticias.com.br\/#\/schema\/person\/image\/\",\"url\":\"https:\/\/jornalfatosenoticias.com.br\/wp-content\/uploads\/2025\/08\/WhatsApp-Image-2025-08-18-at-15.30.28-150x150.jpeg\",\"contentUrl\":\"https:\/\/jornalfatosenoticias.com.br\/wp-content\/uploads\/2025\/08\/WhatsApp-Image-2025-08-18-at-15.30.28-150x150.jpeg\",\"caption\":\"Haroldo Filho\"},\"description\":\"Jornalista \u2013 DRT: 0003818\/ES Coordenador-geral da ONG Educar para Crescer\",\"url\":\"https:\/\/jornalfatosenoticias.com.br\/index.php\/author\/haroldo\/\"}]}<\/script>\n<!-- \/ Yoast SEO plugin. -->","yoast_head_json":{"title":"A Semana no Brasil e no Mundo \u2014 Mensagens in\u00e9ditas revelam medo de ex-assessor de Moraes: \u201cse falar algo, o ministro me mata\u201d - Jornal Fatos e Not\u00edcias","robots":{"index":"index","follow":"follow","max-snippet":"max-snippet:-1","max-image-preview":"max-image-preview:large","max-video-preview":"max-video-preview:-1"},"canonical":"https:\/\/jornalfatosenoticias.com.br\/index.php\/2025\/04\/17\/a-semana-no-brasil-e-no-mundo-mensagens-ineditas-revelam-medo-de-ex-assessor-de-moraes-se-falar-algo-o-ministro-me-mata\/","og_locale":"pt_BR","og_type":"article","og_title":"A Semana no Brasil e no Mundo \u2014 Mensagens in\u00e9ditas revelam medo de ex-assessor de Moraes: \u201cse falar algo, o ministro me mata\u201d - Jornal Fatos e Not\u00edcias","og_description":"Por Renan RamalhoMensagens obtidas pela Pol\u00edcia Federal na investiga\u00e7\u00e3o sobre o perito Eduardo Tagliaferro, ex-assessor de Alexandre de Moraes no Tribunal Superior Eleitoral (TSE), revelam que ele temia ser preso por ordem do ministro, ou at\u00e9 morto, caso contasse publicamente o que sabia. Em conversas particulares que manteve ao longo do ano passado com sua [&hellip;]","og_url":"https:\/\/jornalfatosenoticias.com.br\/index.php\/2025\/04\/17\/a-semana-no-brasil-e-no-mundo-mensagens-ineditas-revelam-medo-de-ex-assessor-de-moraes-se-falar-algo-o-ministro-me-mata\/","og_site_name":"Jornal Fatos e Not\u00edcias","article_published_time":"2025-04-17T16:53:48+00:00","article_modified_time":"2025-04-17T16:53:49+00:00","og_image":[{"width":1000,"height":562,"url":"https:\/\/jornalfatosenoticias.com.br\/wp-content\/uploads\/2025\/04\/ex-assessor-de-moraes.jpg","type":"image\/jpeg"}],"author":"Haroldo Filho","twitter_card":"summary_large_image","twitter_misc":{"Escrito por":"Haroldo Filho","Est. tempo de leitura":"12 minutos"},"schema":{"@context":"https:\/\/schema.org","@graph":[{"@type":"Article","@id":"https:\/\/jornalfatosenoticias.com.br\/index.php\/2025\/04\/17\/a-semana-no-brasil-e-no-mundo-mensagens-ineditas-revelam-medo-de-ex-assessor-de-moraes-se-falar-algo-o-ministro-me-mata\/#article","isPartOf":{"@id":"https:\/\/jornalfatosenoticias.com.br\/index.php\/2025\/04\/17\/a-semana-no-brasil-e-no-mundo-mensagens-ineditas-revelam-medo-de-ex-assessor-de-moraes-se-falar-algo-o-ministro-me-mata\/"},"author":{"name":"Haroldo Filho","@id":"https:\/\/jornalfatosenoticias.com.br\/#\/schema\/person\/05c46cc25b42a5c27e004fb0fa6b4965"},"headline":"A Semana no Brasil e no Mundo \u2014 Mensagens in\u00e9ditas revelam medo de ex-assessor de Moraes: \u201cse falar algo, o ministro me mata\u201d","datePublished":"2025-04-17T16:53:48+00:00","dateModified":"2025-04-17T16:53:49+00:00","mainEntityOfPage":{"@id":"https:\/\/jornalfatosenoticias.com.br\/index.php\/2025\/04\/17\/a-semana-no-brasil-e-no-mundo-mensagens-ineditas-revelam-medo-de-ex-assessor-de-moraes-se-falar-algo-o-ministro-me-mata\/"},"wordCount":2443,"commentCount":0,"publisher":{"@id":"https:\/\/jornalfatosenoticias.com.br\/#organization"},"image":{"@id":"https:\/\/jornalfatosenoticias.com.br\/index.php\/2025\/04\/17\/a-semana-no-brasil-e-no-mundo-mensagens-ineditas-revelam-medo-de-ex-assessor-de-moraes-se-falar-algo-o-ministro-me-mata\/#primaryimage"},"thumbnailUrl":"https:\/\/jornalfatosenoticias.com.br\/wp-content\/uploads\/2025\/04\/ex-assessor-de-moraes.jpg","keywords":["8 de janeiro","Alexandre de Moraes","anistia","Daniel Ortega","ditadura sandinista","Eduardo Tagliaferro","elei\u00e7\u00f5es presidenciais no Equador","EUA","ex-assessor de Moraes","governo Lula","Hugo Motta","Nicar\u00e1gua","Pol\u00edcia Federal","rombo nas estatais","san\u00e7\u00f5es contra Alexandre de Moraes","STF","TSE","Uni\u00e3o Europeia"],"articleSection":["Pol\u00edtica"],"inLanguage":"pt-BR","potentialAction":[{"@type":"CommentAction","name":"Comment","target":["https:\/\/jornalfatosenoticias.com.br\/index.php\/2025\/04\/17\/a-semana-no-brasil-e-no-mundo-mensagens-ineditas-revelam-medo-de-ex-assessor-de-moraes-se-falar-algo-o-ministro-me-mata\/#respond"]}]},{"@type":"WebPage","@id":"https:\/\/jornalfatosenoticias.com.br\/index.php\/2025\/04\/17\/a-semana-no-brasil-e-no-mundo-mensagens-ineditas-revelam-medo-de-ex-assessor-de-moraes-se-falar-algo-o-ministro-me-mata\/","url":"https:\/\/jornalfatosenoticias.com.br\/index.php\/2025\/04\/17\/a-semana-no-brasil-e-no-mundo-mensagens-ineditas-revelam-medo-de-ex-assessor-de-moraes-se-falar-algo-o-ministro-me-mata\/","name":"A Semana no Brasil e no Mundo \u2014 Mensagens in\u00e9ditas revelam medo de ex-assessor de Moraes: \u201cse falar algo, o ministro me mata\u201d - Jornal Fatos e Not\u00edcias","isPartOf":{"@id":"https:\/\/jornalfatosenoticias.com.br\/#website"},"primaryImageOfPage":{"@id":"https:\/\/jornalfatosenoticias.com.br\/index.php\/2025\/04\/17\/a-semana-no-brasil-e-no-mundo-mensagens-ineditas-revelam-medo-de-ex-assessor-de-moraes-se-falar-algo-o-ministro-me-mata\/#primaryimage"},"image":{"@id":"https:\/\/jornalfatosenoticias.com.br\/index.php\/2025\/04\/17\/a-semana-no-brasil-e-no-mundo-mensagens-ineditas-revelam-medo-de-ex-assessor-de-moraes-se-falar-algo-o-ministro-me-mata\/#primaryimage"},"thumbnailUrl":"https:\/\/jornalfatosenoticias.com.br\/wp-content\/uploads\/2025\/04\/ex-assessor-de-moraes.jpg","datePublished":"2025-04-17T16:53:48+00:00","dateModified":"2025-04-17T16:53:49+00:00","breadcrumb":{"@id":"https:\/\/jornalfatosenoticias.com.br\/index.php\/2025\/04\/17\/a-semana-no-brasil-e-no-mundo-mensagens-ineditas-revelam-medo-de-ex-assessor-de-moraes-se-falar-algo-o-ministro-me-mata\/#breadcrumb"},"inLanguage":"pt-BR","potentialAction":[{"@type":"ReadAction","target":["https:\/\/jornalfatosenoticias.com.br\/index.php\/2025\/04\/17\/a-semana-no-brasil-e-no-mundo-mensagens-ineditas-revelam-medo-de-ex-assessor-de-moraes-se-falar-algo-o-ministro-me-mata\/"]}]},{"@type":"ImageObject","inLanguage":"pt-BR","@id":"https:\/\/jornalfatosenoticias.com.br\/index.php\/2025\/04\/17\/a-semana-no-brasil-e-no-mundo-mensagens-ineditas-revelam-medo-de-ex-assessor-de-moraes-se-falar-algo-o-ministro-me-mata\/#primaryimage","url":"https:\/\/jornalfatosenoticias.com.br\/wp-content\/uploads\/2025\/04\/ex-assessor-de-moraes.jpg","contentUrl":"https:\/\/jornalfatosenoticias.com.br\/wp-content\/uploads\/2025\/04\/ex-assessor-de-moraes.jpg","width":1000,"height":562},{"@type":"BreadcrumbList","@id":"https:\/\/jornalfatosenoticias.com.br\/index.php\/2025\/04\/17\/a-semana-no-brasil-e-no-mundo-mensagens-ineditas-revelam-medo-de-ex-assessor-de-moraes-se-falar-algo-o-ministro-me-mata\/#breadcrumb","itemListElement":[{"@type":"ListItem","position":1,"name":"In\u00edcio","item":"https:\/\/jornalfatosenoticias.com.br\/"},{"@type":"ListItem","position":2,"name":"A Semana no Brasil e no Mundo \u2014 Mensagens in\u00e9ditas revelam medo de ex-assessor de Moraes: \u201cse falar algo, o ministro me mata\u201d"}]},{"@type":"WebSite","@id":"https:\/\/jornalfatosenoticias.com.br\/#website","url":"https:\/\/jornalfatosenoticias.com.br\/","name":"Jornal Fatos e Not\u00edcias","description":"Not\u00edcias em geral","publisher":{"@id":"https:\/\/jornalfatosenoticias.com.br\/#organization"},"potentialAction":[{"@type":"SearchAction","target":{"@type":"EntryPoint","urlTemplate":"https:\/\/jornalfatosenoticias.com.br\/?s={search_term_string}"},"query-input":{"@type":"PropertyValueSpecification","valueRequired":true,"valueName":"search_term_string"}}],"inLanguage":"pt-BR"},{"@type":"Organization","@id":"https:\/\/jornalfatosenoticias.com.br\/#organization","name":"Jornal Fatos e Not\u00edcias","url":"https:\/\/jornalfatosenoticias.com.br\/","logo":{"@type":"ImageObject","inLanguage":"pt-BR","@id":"https:\/\/jornalfatosenoticias.com.br\/#\/schema\/logo\/image\/","url":"https:\/\/jornalfatosenoticias.com.br\/wp-content\/uploads\/2020\/02\/logo120.png","contentUrl":"https:\/\/jornalfatosenoticias.com.br\/wp-content\/uploads\/2020\/02\/logo120.png","width":1227,"height":120,"caption":"Jornal Fatos e Not\u00edcias"},"image":{"@id":"https:\/\/jornalfatosenoticias.com.br\/#\/schema\/logo\/image\/"}},{"@type":"Person","@id":"https:\/\/jornalfatosenoticias.com.br\/#\/schema\/person\/05c46cc25b42a5c27e004fb0fa6b4965","name":"Haroldo Filho","image":{"@type":"ImageObject","inLanguage":"pt-BR","@id":"https:\/\/jornalfatosenoticias.com.br\/#\/schema\/person\/image\/","url":"https:\/\/jornalfatosenoticias.com.br\/wp-content\/uploads\/2025\/08\/WhatsApp-Image-2025-08-18-at-15.30.28-150x150.jpeg","contentUrl":"https:\/\/jornalfatosenoticias.com.br\/wp-content\/uploads\/2025\/08\/WhatsApp-Image-2025-08-18-at-15.30.28-150x150.jpeg","caption":"Haroldo Filho"},"description":"Jornalista \u2013 DRT: 0003818\/ES Coordenador-geral da ONG Educar para Crescer","url":"https:\/\/jornalfatosenoticias.com.br\/index.php\/author\/haroldo\/"}]}},"cc_featured_image_caption":{"caption_text":"Foto: Alejandro Zambrana\/Secom\/TSE)","source_text":"","source_url":""},"jetpack_featured_media_url":"https:\/\/jornalfatosenoticias.com.br\/wp-content\/uploads\/2025\/04\/ex-assessor-de-moraes.jpg","_links":{"self":[{"href":"https:\/\/jornalfatosenoticias.com.br\/index.php\/wp-json\/wp\/v2\/posts\/58617","targetHints":{"allow":["GET"]}}],"collection":[{"href":"https:\/\/jornalfatosenoticias.com.br\/index.php\/wp-json\/wp\/v2\/posts"}],"about":[{"href":"https:\/\/jornalfatosenoticias.com.br\/index.php\/wp-json\/wp\/v2\/types\/post"}],"author":[{"embeddable":true,"href":"https:\/\/jornalfatosenoticias.com.br\/index.php\/wp-json\/wp\/v2\/users\/3"}],"replies":[{"embeddable":true,"href":"https:\/\/jornalfatosenoticias.com.br\/index.php\/wp-json\/wp\/v2\/comments?post=58617"}],"version-history":[{"count":0,"href":"https:\/\/jornalfatosenoticias.com.br\/index.php\/wp-json\/wp\/v2\/posts\/58617\/revisions"}],"wp:featuredmedia":[{"embeddable":true,"href":"https:\/\/jornalfatosenoticias.com.br\/index.php\/wp-json\/wp\/v2\/media\/58623"}],"wp:attachment":[{"href":"https:\/\/jornalfatosenoticias.com.br\/index.php\/wp-json\/wp\/v2\/media?parent=58617"}],"wp:term":[{"taxonomy":"category","embeddable":true,"href":"https:\/\/jornalfatosenoticias.com.br\/index.php\/wp-json\/wp\/v2\/categories?post=58617"},{"taxonomy":"post_tag","embeddable":true,"href":"https:\/\/jornalfatosenoticias.com.br\/index.php\/wp-json\/wp\/v2\/tags?post=58617"}],"curies":[{"name":"wp","href":"https:\/\/api.w.org\/{rel}","templated":true}]}}