{"id":58647,"date":"2025-04-17T15:51:22","date_gmt":"2025-04-17T18:51:22","guid":{"rendered":"https:\/\/jornalfatosenoticias.com.br\/?p=58647"},"modified":"2025-04-17T15:51:23","modified_gmt":"2025-04-17T18:51:23","slug":"da-serie-adolescencia-impacto-das-redes-sociais","status":"publish","type":"post","link":"https:\/\/jornalfatosenoticias.com.br\/index.php\/2025\/04\/17\/da-serie-adolescencia-impacto-das-redes-sociais\/","title":{"rendered":"Da s\u00e9rie Adolesc\u00eancia: impacto das redes sociais"},"content":{"rendered":"\n<p><em><span class=\"has-inline-color has-black-color\">A s\u00e9rie Adolesc\u00eancia mostra os riscos das redes sociais para os jovens oferecendo uma narrativa intensa e imersiva nesse contexto<\/span><\/em><\/p>\n\n\n\n<div class=\"wp-block-image\"><figure class=\"aligncenter size-large\"><a href=\"https:\/\/mizu.com.br\/\"><img loading=\"lazy\" decoding=\"async\" width=\"729\" height=\"90\" src=\"https:\/\/jornalfatosenoticias.com.br\/wp-content\/uploads\/2020\/02\/Logo_Mizu.png\" alt=\"\" class=\"wp-image-1441\" srcset=\"https:\/\/jornalfatosenoticias.com.br\/wp-content\/uploads\/2020\/02\/Logo_Mizu.png 729w, https:\/\/jornalfatosenoticias.com.br\/wp-content\/uploads\/2020\/02\/Logo_Mizu-300x37.png 300w\" sizes=\"auto, (max-width: 729px) 100vw, 729px\" \/><\/a><\/figure><\/div>\n\n\n\n<p>As redes sociais t\u00eam impactado uma grande parte dos adolescentes sendo integrante da vida moderna, conectando-os a pessoas em todo o mundo e proporcionando maneiras de compartilhar experi\u00eancias, ideias e opini\u00f5es. No entanto, o uso exacerbado e inadequado das redes sociais tem despertado preocupa\u00e7\u00f5es crescentes sobre seu impacto na sa\u00fade mental dos adolescentes. A s\u00e9rie Adolesc\u00eancia mostra os riscos das redes sociais para os jovens oferecendo uma narrativa intensa e imersiva nesse contexto.<br>A cultura digital est\u00e1 reconfigurando a constru\u00e7\u00e3o emocional e psicol\u00f3gica de uma gera\u00e7\u00e3o inteira e escancara um problema que governos e big techs preferem n\u00e3o olhar com mais aten\u00e7\u00e3o: o ambiente on-line, sem media\u00e7\u00e3o ou regula\u00e7\u00e3o, pode ser profundamente nocivo para crian\u00e7as e adolescentes. A intelig\u00eancia negativa influenciada por ideologias mis\u00f3ginas que s\u00e3o encontradas na internet reflete o mundo obscuro moderno que muitas fam\u00edlias enfrentam.<\/p>\n\n\n\n<div class=\"wp-block-image\"><figure class=\"aligncenter size-large\"><a href=\"https:\/\/www.cesconetto.com.br\/\"><img loading=\"lazy\" decoding=\"async\" width=\"300\" height=\"250\" src=\"https:\/\/jornalfatosenoticias.com.br\/wp-content\/uploads\/2020\/02\/Banner-2.png\" alt=\"\" class=\"wp-image-43787\"\/><\/a><\/figure><\/div>\n\n\n\n<p>O acesso irrestrito a conte\u00fados t\u00f3xicos, a normaliza\u00e7\u00e3o da viol\u00eancia e a constru\u00e7\u00e3o de comunidades que s\u00e3o extremistas nos cantos escuros da internet n\u00e3o s\u00e3o mais possibilidades dist\u00f3picas. S\u00e3o realidades cotidianas de muitas fam\u00edlias. Diante de tantos dados alarmantes, o que observamos s\u00e3o algumas notas vazias, termos de uso negligentes e resist\u00eancia sistem\u00e1tica \u00e0 regula\u00e7\u00e3o.<br>A resposta padr\u00e3o \u00e9 sempre a mesma: estamos comprometidos com a seguran\u00e7a dos nossos usu\u00e1rios enquanto os algoritmos seguem operando no escuro. N\u00e3o podemos esperar que essas empresas mudem por vontade pr\u00f3pria. Ent\u00e3o, como proteger seus filhos em um ambiente desenhado para captur\u00e1-los? No ambiente familiar precisam ser trabalhadas essas quest\u00f5es, o que influencia a vida de adolescentes e causa eventuais consequ\u00eancias severas. O tema em si n\u00e3o \u00e9 novo. O que muda \u00e9 o formato. Ser\u00e1 um clich\u00ea?<\/p>\n\n\n\n<div class=\"wp-block-image\"><figure class=\"aligncenter size-large is-resized\"><a href=\"https:\/\/www.instagram.com\/rcradiadores\/\"><img loading=\"lazy\" decoding=\"async\" src=\"https:\/\/jornalfatosenoticias.com.br\/wp-content\/uploads\/2022\/10\/RC_800x750_page-0001.jpg\" alt=\"\" class=\"wp-image-35338\" width=\"294\" height=\"275\" srcset=\"https:\/\/jornalfatosenoticias.com.br\/wp-content\/uploads\/2022\/10\/RC_800x750_page-0001.jpg 400w, https:\/\/jornalfatosenoticias.com.br\/wp-content\/uploads\/2022\/10\/RC_800x750_page-0001-300x281.jpg 300w\" sizes=\"auto, (max-width: 294px) 100vw, 294px\" \/><\/a><\/figure><\/div>\n\n\n\n<p>As fam\u00edlias podem e devem encorajar os adolescentes a desenvolverem uma vis\u00e3o cr\u00edtica sobre o que est\u00e3o acompanhando, que os fa\u00e7a questionar sempre a autenticidade por tr\u00e1s das postagens e reconhecer que as redes sociais, frequentemente, retratam apenas um aspecto cuidadosamente selecionado da vida de algu\u00e9m.<\/p>\n\n\n\n<div class=\"wp-block-image\"><figure class=\"aligncenter size-large is-resized\"><a href=\"https:\/\/hotelmarquetti.com.br\/\"><img loading=\"lazy\" decoding=\"async\" src=\"https:\/\/jornalfatosenoticias.com.br\/wp-content\/uploads\/2020\/02\/LOGO-MQ-1024x680.jpg\" alt=\"\" class=\"wp-image-58299\" width=\"359\" height=\"238\" srcset=\"https:\/\/jornalfatosenoticias.com.br\/wp-content\/uploads\/2020\/02\/LOGO-MQ-1024x680.jpg 1024w, https:\/\/jornalfatosenoticias.com.br\/wp-content\/uploads\/2020\/02\/LOGO-MQ-300x199.jpg 300w, https:\/\/jornalfatosenoticias.com.br\/wp-content\/uploads\/2020\/02\/LOGO-MQ-768x510.jpg 768w, https:\/\/jornalfatosenoticias.com.br\/wp-content\/uploads\/2020\/02\/LOGO-MQ-1536x1020.jpg 1536w, https:\/\/jornalfatosenoticias.com.br\/wp-content\/uploads\/2020\/02\/LOGO-MQ-2048x1360.jpg 2048w\" sizes=\"auto, (max-width: 359px) 100vw, 359px\" \/><\/a><\/figure><\/div>\n\n\n\n<p>Um estudo recente, realizado pela <strong>Common Sense Media, <\/strong>nos Estados Unidos, constatou que os adolescentes consultam seus telefones, em m\u00e9dia, mais de 100 vezes por dia. Durante o dia, tamb\u00e9m se observou que a maioria dos participantes que fazia parte do estudo recebeu mais de 237 notifica\u00e7\u00f5es em seus celulares, destacando o uso desenfreado entre essa popula\u00e7\u00e3o. O tempo indicado de uso varia, mas recomenda-se que os adolescentes n\u00e3o ultrapassem duas horas por dia diante das telas, a fim de garantir um equil\u00edbrio entre a vida on-line e off-line.<\/p>\n\n\n\n<div class=\"wp-block-image\"><figure class=\"aligncenter size-large\"><a href=\"http:\/\/www.ferrarimaquinas.com.br\/\"><img loading=\"lazy\" decoding=\"async\" width=\"300\" height=\"250\" src=\"https:\/\/jornalfatosenoticias.com.br\/wp-content\/uploads\/2022\/02\/FERRARI_MAQUINAS-E-FERRAMENTAS2.jpg\" alt=\"\" class=\"wp-image-27860\"\/><\/a><\/figure><\/div>\n\n\n\n<p>Assim, as m\u00eddias assumem um papel de suprir essas necessidades e permitem aos jovens se conectarem com o mundo de uma forma facilitada. No entanto, toda essa conectividade pode ser um est\u00edmulo negativo para \u00e0queles que j\u00e1 lidam com quest\u00f5es emocionais e psicol\u00f3gicas e n\u00e3o recebem nenhum tipo de apoio.<\/p>\n\n\n\n<div class=\"wp-block-image\"><figure class=\"aligncenter size-large is-resized\"><a href=\"https:\/\/panper.com.br\/\"><img loading=\"lazy\" decoding=\"async\" src=\"https:\/\/jornalfatosenoticias.com.br\/wp-content\/uploads\/2023\/03\/logo-Panper_portal.jpg\" alt=\"\" class=\"wp-image-40208\" width=\"338\" height=\"234\" srcset=\"https:\/\/jornalfatosenoticias.com.br\/wp-content\/uploads\/2023\/03\/logo-Panper_portal.jpg 400w, https:\/\/jornalfatosenoticias.com.br\/wp-content\/uploads\/2023\/03\/logo-Panper_portal-300x208.jpg 300w\" sizes=\"auto, (max-width: 338px) 100vw, 338px\" \/><\/a><\/figure><\/div>\n\n\n\n<p>Para um uso mais saud\u00e1vel desses ambientes virtuais, recomendamos que os pais controlem o uso, estabelecendo limites claros e promovendo a comunica\u00e7\u00e3o aberta sobre experi\u00eancias on-line. Dialogar \u00e9 o melhor caminho com os adolescentes instruindo sobre os canais que ele utiliza e o que est\u00e1 ocorrendo, acompanhando de perto. Tudo isso \u00e9 muito importante, mas, claro, dando-lhes, tamb\u00e9m, liberdade vigiada.<\/p>\n\n\n\n<div class=\"wp-block-image\"><figure class=\"aligncenter size-large is-resized\"><a href=\"https:\/\/www.instagram.com\/gruposei\/\"><img loading=\"lazy\" decoding=\"async\" src=\"https:\/\/jornalfatosenoticias.com.br\/wp-content\/uploads\/2022\/07\/Logo-Grupo-SEI.jpg\" alt=\"\" class=\"wp-image-31973\" width=\"381\" height=\"200\" srcset=\"https:\/\/jornalfatosenoticias.com.br\/wp-content\/uploads\/2022\/07\/Logo-Grupo-SEI.jpg 713w, https:\/\/jornalfatosenoticias.com.br\/wp-content\/uploads\/2022\/07\/Logo-Grupo-SEI-300x158.jpg 300w\" sizes=\"auto, (max-width: 381px) 100vw, 381px\" \/><\/a><\/figure><\/div>\n\n\n\n<p>Entendemos tamb\u00e9m o lado ben\u00e9fico da rede social, \u00e9 importante salientar que, apesar desses fatores, internet podem oferecer para os adolescentes outros interesses positivos. Atrav\u00e9s dela, \u00e9 poss\u00edvel estabelecer conex\u00f5es sociais, compartilhar experi\u00eancias, encontrar apoio emocional em outros jovens que enfrentam as mesmas situa\u00e7\u00f5es, trocar viv\u00eancias, estudar e se preparar para o t\u00e3o temido vestibular, pode proporcionar um espa\u00e7o para express\u00e3o criativa e conex\u00e3o com comunidades que compartilham interesses semelhantes. Por isso, o seu uso n\u00e3o precisa ser totalmente restrito. Nessa perspectiva, o uso das redes sociais \u00e9 um desafio e preocupa\u00e7\u00e3o social, principalmente por nossos adolescentes estarem suscept\u00edveis \u00e0s consequ\u00eancias desencadeadas pela exposi\u00e7\u00e3o excessiva \u00e0s redes sociais. Os adolescentes apresentam uma autoestima que \u00e9 pass\u00edvel a influ\u00eancias podendo ser baixas e altas. Entretanto, o uso exagerado pode interferir na sa\u00fade mental e levar a sintomas de depress\u00e3o e baixa autoestima, sendo observado, no p\u00fablico feminino, o mais vulner\u00e1vel nessa quest\u00e3o.<\/p>\n\n\n\n<div class=\"wp-block-image\"><figure class=\"aligncenter size-large is-resized\"><a href=\"https:\/\/www.facebook.com\/vetor.vix\/\"><img loading=\"lazy\" decoding=\"async\" src=\"https:\/\/jornalfatosenoticias.com.br\/wp-content\/uploads\/2023\/09\/vetorvix1024_1.jpg\" alt=\"\" class=\"wp-image-44868\" width=\"561\" height=\"149\" srcset=\"https:\/\/jornalfatosenoticias.com.br\/wp-content\/uploads\/2023\/09\/vetorvix1024_1.jpg 1024w, https:\/\/jornalfatosenoticias.com.br\/wp-content\/uploads\/2023\/09\/vetorvix1024_1-300x80.jpg 300w, https:\/\/jornalfatosenoticias.com.br\/wp-content\/uploads\/2023\/09\/vetorvix1024_1-768x205.jpg 768w\" sizes=\"auto, (max-width: 561px) 100vw, 561px\" \/><\/a><\/figure><\/div>\n\n\n\n<p><\/p>\n","protected":false},"excerpt":{"rendered":"<p>A s\u00e9rie Adolesc\u00eancia mostra os riscos das redes sociais para os jovens oferecendo uma narrativa intensa e imersiva nesse contexto As redes sociais t\u00eam impactado uma grande parte dos adolescentes sendo integrante da vida moderna, conectando-os a pessoas em todo o mundo e proporcionando maneiras de compartilhar experi\u00eancias, ideias e opini\u00f5es. No entanto, o uso [&hellip;]<\/p>\n","protected":false},"author":35,"featured_media":58648,"comment_status":"open","ping_status":"open","sticky":false,"template":"","format":"standard","meta":{"footnotes":""},"categories":[2522],"tags":[263,26733,1563,26731,26730,26732,17847],"class_list":["post-58647","post","type-post","status-publish","format-standard","has-post-thumbnail","hentry","category-comportamento","tag-adolescencia","tag-comportamento-adolescentes","tag-redes-sociais","tag-riscos-das-redes-sociais-para-os-jovens","tag-saude-mental-dos-adolescentes","tag-serie-adolescencia","tag-vida-moderna"],"yoast_head":"<!-- This site is optimized with the Yoast SEO plugin v26.5 - https:\/\/yoast.com\/wordpress\/plugins\/seo\/ -->\n<title>Da s\u00e9rie Adolesc\u00eancia: impacto das redes sociais - Jornal Fatos e Not\u00edcias<\/title>\n<meta name=\"robots\" content=\"index, follow, max-snippet:-1, max-image-preview:large, max-video-preview:-1\" \/>\n<link rel=\"canonical\" href=\"https:\/\/jornalfatosenoticias.com.br\/index.php\/2025\/04\/17\/da-serie-adolescencia-impacto-das-redes-sociais\/\" \/>\n<meta property=\"og:locale\" content=\"pt_BR\" \/>\n<meta property=\"og:type\" content=\"article\" \/>\n<meta property=\"og:title\" content=\"Da s\u00e9rie Adolesc\u00eancia: impacto das redes sociais - Jornal Fatos e Not\u00edcias\" \/>\n<meta property=\"og:description\" content=\"A s\u00e9rie Adolesc\u00eancia mostra os riscos das redes sociais para os jovens oferecendo uma narrativa intensa e imersiva nesse contexto As redes sociais t\u00eam impactado uma grande parte dos adolescentes sendo integrante da vida moderna, conectando-os a pessoas em todo o mundo e proporcionando maneiras de compartilhar experi\u00eancias, ideias e opini\u00f5es. No entanto, o uso [&hellip;]\" \/>\n<meta property=\"og:url\" content=\"https:\/\/jornalfatosenoticias.com.br\/index.php\/2025\/04\/17\/da-serie-adolescencia-impacto-das-redes-sociais\/\" \/>\n<meta property=\"og:site_name\" content=\"Jornal Fatos e Not\u00edcias\" \/>\n<meta property=\"article:published_time\" content=\"2025-04-17T18:51:22+00:00\" \/>\n<meta property=\"article:modified_time\" content=\"2025-04-17T18:51:23+00:00\" \/>\n<meta property=\"og:image\" content=\"https:\/\/jornalfatosenoticias.com.br\/wp-content\/uploads\/2025\/04\/adolescencia-e-redes-sociais.jpg\" \/>\n\t<meta property=\"og:image:width\" content=\"1200\" \/>\n\t<meta property=\"og:image:height\" content=\"800\" \/>\n\t<meta property=\"og:image:type\" content=\"image\/jpeg\" \/>\n<meta name=\"author\" content=\"L\u00e9ia Flauzina\" \/>\n<meta name=\"twitter:card\" content=\"summary_large_image\" \/>\n<meta name=\"twitter:label1\" content=\"Escrito por\" \/>\n\t<meta name=\"twitter:data1\" content=\"L\u00e9ia Flauzina\" \/>\n\t<meta name=\"twitter:label2\" content=\"Est. tempo de leitura\" \/>\n\t<meta name=\"twitter:data2\" content=\"4 minutos\" \/>\n<script type=\"application\/ld+json\" class=\"yoast-schema-graph\">{\"@context\":\"https:\/\/schema.org\",\"@graph\":[{\"@type\":\"Article\",\"@id\":\"https:\/\/jornalfatosenoticias.com.br\/index.php\/2025\/04\/17\/da-serie-adolescencia-impacto-das-redes-sociais\/#article\",\"isPartOf\":{\"@id\":\"https:\/\/jornalfatosenoticias.com.br\/index.php\/2025\/04\/17\/da-serie-adolescencia-impacto-das-redes-sociais\/\"},\"author\":{\"name\":\"L\u00e9ia Flauzina\",\"@id\":\"https:\/\/jornalfatosenoticias.com.br\/#\/schema\/person\/4a992c9d5e2ea219b74162b89d96b273\"},\"headline\":\"Da s\u00e9rie Adolesc\u00eancia: impacto das redes sociais\",\"datePublished\":\"2025-04-17T18:51:22+00:00\",\"dateModified\":\"2025-04-17T18:51:23+00:00\",\"mainEntityOfPage\":{\"@id\":\"https:\/\/jornalfatosenoticias.com.br\/index.php\/2025\/04\/17\/da-serie-adolescencia-impacto-das-redes-sociais\/\"},\"wordCount\":777,\"commentCount\":0,\"publisher\":{\"@id\":\"https:\/\/jornalfatosenoticias.com.br\/#organization\"},\"image\":{\"@id\":\"https:\/\/jornalfatosenoticias.com.br\/index.php\/2025\/04\/17\/da-serie-adolescencia-impacto-das-redes-sociais\/#primaryimage\"},\"thumbnailUrl\":\"https:\/\/jornalfatosenoticias.com.br\/wp-content\/uploads\/2025\/04\/adolescencia-e-redes-sociais.jpg\",\"keywords\":[\"adolesc\u00eancia\",\"comportamento adolescentes\",\"redes sociais\",\"riscos das redes sociais para os jovens\",\"sa\u00fade mental dos adolescentes\",\"s\u00e9rie Adolesc\u00eancia\",\"vida moderna\"],\"articleSection\":[\"Comportamento &amp; Equil\u00edbrio\"],\"inLanguage\":\"pt-BR\",\"potentialAction\":[{\"@type\":\"CommentAction\",\"name\":\"Comment\",\"target\":[\"https:\/\/jornalfatosenoticias.com.br\/index.php\/2025\/04\/17\/da-serie-adolescencia-impacto-das-redes-sociais\/#respond\"]}]},{\"@type\":\"WebPage\",\"@id\":\"https:\/\/jornalfatosenoticias.com.br\/index.php\/2025\/04\/17\/da-serie-adolescencia-impacto-das-redes-sociais\/\",\"url\":\"https:\/\/jornalfatosenoticias.com.br\/index.php\/2025\/04\/17\/da-serie-adolescencia-impacto-das-redes-sociais\/\",\"name\":\"Da s\u00e9rie Adolesc\u00eancia: impacto das redes sociais - Jornal Fatos e Not\u00edcias\",\"isPartOf\":{\"@id\":\"https:\/\/jornalfatosenoticias.com.br\/#website\"},\"primaryImageOfPage\":{\"@id\":\"https:\/\/jornalfatosenoticias.com.br\/index.php\/2025\/04\/17\/da-serie-adolescencia-impacto-das-redes-sociais\/#primaryimage\"},\"image\":{\"@id\":\"https:\/\/jornalfatosenoticias.com.br\/index.php\/2025\/04\/17\/da-serie-adolescencia-impacto-das-redes-sociais\/#primaryimage\"},\"thumbnailUrl\":\"https:\/\/jornalfatosenoticias.com.br\/wp-content\/uploads\/2025\/04\/adolescencia-e-redes-sociais.jpg\",\"datePublished\":\"2025-04-17T18:51:22+00:00\",\"dateModified\":\"2025-04-17T18:51:23+00:00\",\"breadcrumb\":{\"@id\":\"https:\/\/jornalfatosenoticias.com.br\/index.php\/2025\/04\/17\/da-serie-adolescencia-impacto-das-redes-sociais\/#breadcrumb\"},\"inLanguage\":\"pt-BR\",\"potentialAction\":[{\"@type\":\"ReadAction\",\"target\":[\"https:\/\/jornalfatosenoticias.com.br\/index.php\/2025\/04\/17\/da-serie-adolescencia-impacto-das-redes-sociais\/\"]}]},{\"@type\":\"ImageObject\",\"inLanguage\":\"pt-BR\",\"@id\":\"https:\/\/jornalfatosenoticias.com.br\/index.php\/2025\/04\/17\/da-serie-adolescencia-impacto-das-redes-sociais\/#primaryimage\",\"url\":\"https:\/\/jornalfatosenoticias.com.br\/wp-content\/uploads\/2025\/04\/adolescencia-e-redes-sociais.jpg\",\"contentUrl\":\"https:\/\/jornalfatosenoticias.com.br\/wp-content\/uploads\/2025\/04\/adolescencia-e-redes-sociais.jpg\",\"width\":1200,\"height\":800},{\"@type\":\"BreadcrumbList\",\"@id\":\"https:\/\/jornalfatosenoticias.com.br\/index.php\/2025\/04\/17\/da-serie-adolescencia-impacto-das-redes-sociais\/#breadcrumb\",\"itemListElement\":[{\"@type\":\"ListItem\",\"position\":1,\"name\":\"In\u00edcio\",\"item\":\"https:\/\/jornalfatosenoticias.com.br\/\"},{\"@type\":\"ListItem\",\"position\":2,\"name\":\"Da s\u00e9rie Adolesc\u00eancia: impacto das redes sociais\"}]},{\"@type\":\"WebSite\",\"@id\":\"https:\/\/jornalfatosenoticias.com.br\/#website\",\"url\":\"https:\/\/jornalfatosenoticias.com.br\/\",\"name\":\"Jornal Fatos e Not\u00edcias\",\"description\":\"Not\u00edcias em geral\",\"publisher\":{\"@id\":\"https:\/\/jornalfatosenoticias.com.br\/#organization\"},\"potentialAction\":[{\"@type\":\"SearchAction\",\"target\":{\"@type\":\"EntryPoint\",\"urlTemplate\":\"https:\/\/jornalfatosenoticias.com.br\/?s={search_term_string}\"},\"query-input\":{\"@type\":\"PropertyValueSpecification\",\"valueRequired\":true,\"valueName\":\"search_term_string\"}}],\"inLanguage\":\"pt-BR\"},{\"@type\":\"Organization\",\"@id\":\"https:\/\/jornalfatosenoticias.com.br\/#organization\",\"name\":\"Jornal Fatos e Not\u00edcias\",\"url\":\"https:\/\/jornalfatosenoticias.com.br\/\",\"logo\":{\"@type\":\"ImageObject\",\"inLanguage\":\"pt-BR\",\"@id\":\"https:\/\/jornalfatosenoticias.com.br\/#\/schema\/logo\/image\/\",\"url\":\"https:\/\/jornalfatosenoticias.com.br\/wp-content\/uploads\/2020\/02\/logo120.png\",\"contentUrl\":\"https:\/\/jornalfatosenoticias.com.br\/wp-content\/uploads\/2020\/02\/logo120.png\",\"width\":1227,\"height\":120,\"caption\":\"Jornal Fatos e Not\u00edcias\"},\"image\":{\"@id\":\"https:\/\/jornalfatosenoticias.com.br\/#\/schema\/logo\/image\/\"}},{\"@type\":\"Person\",\"@id\":\"https:\/\/jornalfatosenoticias.com.br\/#\/schema\/person\/4a992c9d5e2ea219b74162b89d96b273\",\"name\":\"L\u00e9ia Flauzina\",\"image\":{\"@type\":\"ImageObject\",\"inLanguage\":\"pt-BR\",\"@id\":\"https:\/\/jornalfatosenoticias.com.br\/#\/schema\/person\/image\/\",\"url\":\"https:\/\/jornalfatosenoticias.com.br\/wp-content\/uploads\/2024\/02\/Leia_Flauzina-removebg-preview-150x150.png\",\"contentUrl\":\"https:\/\/jornalfatosenoticias.com.br\/wp-content\/uploads\/2024\/02\/Leia_Flauzina-removebg-preview-150x150.png\",\"caption\":\"L\u00e9ia Flauzina\"},\"description\":\"Psicopedagoga, Neuropsicopedagoga, Especialista em Autismo, Neuroci\u00eancia, Aprendizagem e Mestre em Educa\u00e7\u00e3o, Escritora, Palestrante e Neuroterapeuta\",\"url\":\"https:\/\/jornalfatosenoticias.com.br\/index.php\/author\/leia-flauzina\/\"}]}<\/script>\n<!-- \/ Yoast SEO plugin. -->","yoast_head_json":{"title":"Da s\u00e9rie Adolesc\u00eancia: impacto das redes sociais - Jornal Fatos e Not\u00edcias","robots":{"index":"index","follow":"follow","max-snippet":"max-snippet:-1","max-image-preview":"max-image-preview:large","max-video-preview":"max-video-preview:-1"},"canonical":"https:\/\/jornalfatosenoticias.com.br\/index.php\/2025\/04\/17\/da-serie-adolescencia-impacto-das-redes-sociais\/","og_locale":"pt_BR","og_type":"article","og_title":"Da s\u00e9rie Adolesc\u00eancia: impacto das redes sociais - Jornal Fatos e Not\u00edcias","og_description":"A s\u00e9rie Adolesc\u00eancia mostra os riscos das redes sociais para os jovens oferecendo uma narrativa intensa e imersiva nesse contexto As redes sociais t\u00eam impactado uma grande parte dos adolescentes sendo integrante da vida moderna, conectando-os a pessoas em todo o mundo e proporcionando maneiras de compartilhar experi\u00eancias, ideias e opini\u00f5es. No entanto, o uso [&hellip;]","og_url":"https:\/\/jornalfatosenoticias.com.br\/index.php\/2025\/04\/17\/da-serie-adolescencia-impacto-das-redes-sociais\/","og_site_name":"Jornal Fatos e Not\u00edcias","article_published_time":"2025-04-17T18:51:22+00:00","article_modified_time":"2025-04-17T18:51:23+00:00","og_image":[{"width":1200,"height":800,"url":"https:\/\/jornalfatosenoticias.com.br\/wp-content\/uploads\/2025\/04\/adolescencia-e-redes-sociais.jpg","type":"image\/jpeg"}],"author":"L\u00e9ia Flauzina","twitter_card":"summary_large_image","twitter_misc":{"Escrito por":"L\u00e9ia Flauzina","Est. tempo de leitura":"4 minutos"},"schema":{"@context":"https:\/\/schema.org","@graph":[{"@type":"Article","@id":"https:\/\/jornalfatosenoticias.com.br\/index.php\/2025\/04\/17\/da-serie-adolescencia-impacto-das-redes-sociais\/#article","isPartOf":{"@id":"https:\/\/jornalfatosenoticias.com.br\/index.php\/2025\/04\/17\/da-serie-adolescencia-impacto-das-redes-sociais\/"},"author":{"name":"L\u00e9ia Flauzina","@id":"https:\/\/jornalfatosenoticias.com.br\/#\/schema\/person\/4a992c9d5e2ea219b74162b89d96b273"},"headline":"Da s\u00e9rie Adolesc\u00eancia: impacto das redes sociais","datePublished":"2025-04-17T18:51:22+00:00","dateModified":"2025-04-17T18:51:23+00:00","mainEntityOfPage":{"@id":"https:\/\/jornalfatosenoticias.com.br\/index.php\/2025\/04\/17\/da-serie-adolescencia-impacto-das-redes-sociais\/"},"wordCount":777,"commentCount":0,"publisher":{"@id":"https:\/\/jornalfatosenoticias.com.br\/#organization"},"image":{"@id":"https:\/\/jornalfatosenoticias.com.br\/index.php\/2025\/04\/17\/da-serie-adolescencia-impacto-das-redes-sociais\/#primaryimage"},"thumbnailUrl":"https:\/\/jornalfatosenoticias.com.br\/wp-content\/uploads\/2025\/04\/adolescencia-e-redes-sociais.jpg","keywords":["adolesc\u00eancia","comportamento adolescentes","redes sociais","riscos das redes sociais para os jovens","sa\u00fade mental dos adolescentes","s\u00e9rie Adolesc\u00eancia","vida moderna"],"articleSection":["Comportamento &amp; Equil\u00edbrio"],"inLanguage":"pt-BR","potentialAction":[{"@type":"CommentAction","name":"Comment","target":["https:\/\/jornalfatosenoticias.com.br\/index.php\/2025\/04\/17\/da-serie-adolescencia-impacto-das-redes-sociais\/#respond"]}]},{"@type":"WebPage","@id":"https:\/\/jornalfatosenoticias.com.br\/index.php\/2025\/04\/17\/da-serie-adolescencia-impacto-das-redes-sociais\/","url":"https:\/\/jornalfatosenoticias.com.br\/index.php\/2025\/04\/17\/da-serie-adolescencia-impacto-das-redes-sociais\/","name":"Da s\u00e9rie Adolesc\u00eancia: impacto das redes sociais - Jornal Fatos e Not\u00edcias","isPartOf":{"@id":"https:\/\/jornalfatosenoticias.com.br\/#website"},"primaryImageOfPage":{"@id":"https:\/\/jornalfatosenoticias.com.br\/index.php\/2025\/04\/17\/da-serie-adolescencia-impacto-das-redes-sociais\/#primaryimage"},"image":{"@id":"https:\/\/jornalfatosenoticias.com.br\/index.php\/2025\/04\/17\/da-serie-adolescencia-impacto-das-redes-sociais\/#primaryimage"},"thumbnailUrl":"https:\/\/jornalfatosenoticias.com.br\/wp-content\/uploads\/2025\/04\/adolescencia-e-redes-sociais.jpg","datePublished":"2025-04-17T18:51:22+00:00","dateModified":"2025-04-17T18:51:23+00:00","breadcrumb":{"@id":"https:\/\/jornalfatosenoticias.com.br\/index.php\/2025\/04\/17\/da-serie-adolescencia-impacto-das-redes-sociais\/#breadcrumb"},"inLanguage":"pt-BR","potentialAction":[{"@type":"ReadAction","target":["https:\/\/jornalfatosenoticias.com.br\/index.php\/2025\/04\/17\/da-serie-adolescencia-impacto-das-redes-sociais\/"]}]},{"@type":"ImageObject","inLanguage":"pt-BR","@id":"https:\/\/jornalfatosenoticias.com.br\/index.php\/2025\/04\/17\/da-serie-adolescencia-impacto-das-redes-sociais\/#primaryimage","url":"https:\/\/jornalfatosenoticias.com.br\/wp-content\/uploads\/2025\/04\/adolescencia-e-redes-sociais.jpg","contentUrl":"https:\/\/jornalfatosenoticias.com.br\/wp-content\/uploads\/2025\/04\/adolescencia-e-redes-sociais.jpg","width":1200,"height":800},{"@type":"BreadcrumbList","@id":"https:\/\/jornalfatosenoticias.com.br\/index.php\/2025\/04\/17\/da-serie-adolescencia-impacto-das-redes-sociais\/#breadcrumb","itemListElement":[{"@type":"ListItem","position":1,"name":"In\u00edcio","item":"https:\/\/jornalfatosenoticias.com.br\/"},{"@type":"ListItem","position":2,"name":"Da s\u00e9rie Adolesc\u00eancia: impacto das redes sociais"}]},{"@type":"WebSite","@id":"https:\/\/jornalfatosenoticias.com.br\/#website","url":"https:\/\/jornalfatosenoticias.com.br\/","name":"Jornal Fatos e Not\u00edcias","description":"Not\u00edcias em geral","publisher":{"@id":"https:\/\/jornalfatosenoticias.com.br\/#organization"},"potentialAction":[{"@type":"SearchAction","target":{"@type":"EntryPoint","urlTemplate":"https:\/\/jornalfatosenoticias.com.br\/?s={search_term_string}"},"query-input":{"@type":"PropertyValueSpecification","valueRequired":true,"valueName":"search_term_string"}}],"inLanguage":"pt-BR"},{"@type":"Organization","@id":"https:\/\/jornalfatosenoticias.com.br\/#organization","name":"Jornal Fatos e Not\u00edcias","url":"https:\/\/jornalfatosenoticias.com.br\/","logo":{"@type":"ImageObject","inLanguage":"pt-BR","@id":"https:\/\/jornalfatosenoticias.com.br\/#\/schema\/logo\/image\/","url":"https:\/\/jornalfatosenoticias.com.br\/wp-content\/uploads\/2020\/02\/logo120.png","contentUrl":"https:\/\/jornalfatosenoticias.com.br\/wp-content\/uploads\/2020\/02\/logo120.png","width":1227,"height":120,"caption":"Jornal Fatos e Not\u00edcias"},"image":{"@id":"https:\/\/jornalfatosenoticias.com.br\/#\/schema\/logo\/image\/"}},{"@type":"Person","@id":"https:\/\/jornalfatosenoticias.com.br\/#\/schema\/person\/4a992c9d5e2ea219b74162b89d96b273","name":"L\u00e9ia Flauzina","image":{"@type":"ImageObject","inLanguage":"pt-BR","@id":"https:\/\/jornalfatosenoticias.com.br\/#\/schema\/person\/image\/","url":"https:\/\/jornalfatosenoticias.com.br\/wp-content\/uploads\/2024\/02\/Leia_Flauzina-removebg-preview-150x150.png","contentUrl":"https:\/\/jornalfatosenoticias.com.br\/wp-content\/uploads\/2024\/02\/Leia_Flauzina-removebg-preview-150x150.png","caption":"L\u00e9ia Flauzina"},"description":"Psicopedagoga, Neuropsicopedagoga, Especialista em Autismo, Neuroci\u00eancia, Aprendizagem e Mestre em Educa\u00e7\u00e3o, Escritora, Palestrante e Neuroterapeuta","url":"https:\/\/jornalfatosenoticias.com.br\/index.php\/author\/leia-flauzina\/"}]}},"cc_featured_image_caption":{"caption_text":"(Foto: Freepik) ","source_text":"","source_url":""},"jetpack_featured_media_url":"https:\/\/jornalfatosenoticias.com.br\/wp-content\/uploads\/2025\/04\/adolescencia-e-redes-sociais.jpg","_links":{"self":[{"href":"https:\/\/jornalfatosenoticias.com.br\/index.php\/wp-json\/wp\/v2\/posts\/58647","targetHints":{"allow":["GET"]}}],"collection":[{"href":"https:\/\/jornalfatosenoticias.com.br\/index.php\/wp-json\/wp\/v2\/posts"}],"about":[{"href":"https:\/\/jornalfatosenoticias.com.br\/index.php\/wp-json\/wp\/v2\/types\/post"}],"author":[{"embeddable":true,"href":"https:\/\/jornalfatosenoticias.com.br\/index.php\/wp-json\/wp\/v2\/users\/35"}],"replies":[{"embeddable":true,"href":"https:\/\/jornalfatosenoticias.com.br\/index.php\/wp-json\/wp\/v2\/comments?post=58647"}],"version-history":[{"count":0,"href":"https:\/\/jornalfatosenoticias.com.br\/index.php\/wp-json\/wp\/v2\/posts\/58647\/revisions"}],"wp:featuredmedia":[{"embeddable":true,"href":"https:\/\/jornalfatosenoticias.com.br\/index.php\/wp-json\/wp\/v2\/media\/58648"}],"wp:attachment":[{"href":"https:\/\/jornalfatosenoticias.com.br\/index.php\/wp-json\/wp\/v2\/media?parent=58647"}],"wp:term":[{"taxonomy":"category","embeddable":true,"href":"https:\/\/jornalfatosenoticias.com.br\/index.php\/wp-json\/wp\/v2\/categories?post=58647"},{"taxonomy":"post_tag","embeddable":true,"href":"https:\/\/jornalfatosenoticias.com.br\/index.php\/wp-json\/wp\/v2\/tags?post=58647"}],"curies":[{"name":"wp","href":"https:\/\/api.w.org\/{rel}","templated":true}]}}