{"id":58677,"date":"2025-04-22T14:47:22","date_gmt":"2025-04-22T17:47:22","guid":{"rendered":"https:\/\/jornalfatosenoticias.com.br\/?p=58677"},"modified":"2025-04-22T14:47:24","modified_gmt":"2025-04-22T17:47:24","slug":"sete-estrategias-para-superar-dificuldades-de-aprendizagem-em-sala-de-aula","status":"publish","type":"post","link":"https:\/\/jornalfatosenoticias.com.br\/index.php\/2025\/04\/22\/sete-estrategias-para-superar-dificuldades-de-aprendizagem-em-sala-de-aula\/","title":{"rendered":"Sete estrat\u00e9gias para superar dificuldades de aprendizagem em sala de aula"},"content":{"rendered":"\n<p><em><span class=\"has-inline-color has-black-color\">Neuropedagoga sugere investir na forma\u00e7\u00e3o continuada e no uso de abordagens adaptativas<\/span><\/em><\/p>\n\n\n\n<div class=\"wp-block-image\"><figure class=\"aligncenter size-large is-resized\"><a href=\"https:\/\/www.facebook.com\/vetor.vix\/\"><img loading=\"lazy\" decoding=\"async\" src=\"https:\/\/jornalfatosenoticias.com.br\/wp-content\/uploads\/2023\/09\/vetorvix1024_1.jpg\" alt=\"\" class=\"wp-image-44868\" width=\"539\" height=\"143\" srcset=\"https:\/\/jornalfatosenoticias.com.br\/wp-content\/uploads\/2023\/09\/vetorvix1024_1.jpg 1024w, https:\/\/jornalfatosenoticias.com.br\/wp-content\/uploads\/2023\/09\/vetorvix1024_1-300x80.jpg 300w, https:\/\/jornalfatosenoticias.com.br\/wp-content\/uploads\/2023\/09\/vetorvix1024_1-768x205.jpg 768w\" sizes=\"auto, (max-width: 539px) 100vw, 539px\" \/><\/a><\/figure><\/div>\n\n\n\n<p>Diante de um n\u00famero crescente de crian\u00e7as com transtornos como dislexia, Transtorno do D\u00e9ficit de Aten\u00e7\u00e3o e Hiperatividade (TDAH) ou dificuldades pedag\u00f3gicas tempor\u00e1rias, identificar e acompanhar esses alunos em sala de aula deixou de ser apenas uma tarefa da psicopedagogia, exigindo tamb\u00e9m a atua\u00e7\u00e3o do professor na linha de frente para o sucesso da inclus\u00e3o.<br>A avalia\u00e7\u00e3o \u00e9 de Mara Duarte da Costa, neuropedagoga e diretora da Rhema Neuroeduca\u00e7\u00e3o, que alerta: \u201csem forma\u00e7\u00e3o adequada, os professores n\u00e3o conseguem diferenciar uma dificuldade de um transtorno \u2014 e isso afeta diretamente a qualidade da interven\u00e7\u00e3o\u201d.<\/p>\n\n\n\n<div class=\"wp-block-image\"><figure class=\"aligncenter size-large\"><a href=\"https:\/\/www.cesconetto.com.br\/\"><img loading=\"lazy\" decoding=\"async\" width=\"300\" height=\"250\" src=\"https:\/\/jornalfatosenoticias.com.br\/wp-content\/uploads\/2022\/02\/Banner-2.png\" alt=\"\" class=\"wp-image-27877\"\/><\/a><\/figure><\/div>\n\n\n\n<p>A classifica\u00e7\u00e3o da CID-11 (Classifica\u00e7\u00e3o Internacional de Doen\u00e7as) estabelece crit\u00e9rios claros para distinguir dificuldades pontuais de transtornos persistentes. Enquanto dificuldades podem surgir de fatores externos \u2014 como pouca estimula\u00e7\u00e3o em casa ou m\u00e9todos pedag\u00f3gicos inadequados \u2014 e tendem a ser superadas com ajustes, os transtornos exigem interven\u00e7\u00f5es especializadas.<\/p>\n\n\n\n<div class=\"wp-block-image\"><figure class=\"aligncenter size-large is-resized\"><a href=\"https:\/\/www.instagram.com\/esteiochurrascaria\/\"><img loading=\"lazy\" decoding=\"async\" src=\"https:\/\/jornalfatosenoticias.com.br\/wp-content\/uploads\/2022\/02\/LOGO-ESTEIO-1024x730.png\" alt=\"\" class=\"wp-image-27942\" width=\"369\" height=\"263\" srcset=\"https:\/\/jornalfatosenoticias.com.br\/wp-content\/uploads\/2022\/02\/LOGO-ESTEIO-1024x730.png 1024w, https:\/\/jornalfatosenoticias.com.br\/wp-content\/uploads\/2022\/02\/LOGO-ESTEIO-300x214.png 300w, https:\/\/jornalfatosenoticias.com.br\/wp-content\/uploads\/2022\/02\/LOGO-ESTEIO-768x548.png 768w, https:\/\/jornalfatosenoticias.com.br\/wp-content\/uploads\/2022\/02\/LOGO-ESTEIO.png 1123w\" sizes=\"auto, (max-width: 369px) 100vw, 369px\" \/><\/a><\/figure><\/div>\n\n\n\n<blockquote class=\"wp-block-quote is-layout-flow wp-block-quote-is-layout-flow\"><p><span class=\"has-inline-color has-luminous-vivid-orange-color\">Dislexia, discalculia e TDAH s\u00e3o condi\u00e7\u00f5es que comprometem habilidades cognitivas essenciais e precisam ser identificadas o quanto antes\u201d, explica Mara.<\/span><\/p><\/blockquote>\n\n\n\n<div class=\"wp-block-image\"><figure class=\"aligncenter size-large is-resized\"><a href=\"https:\/\/hotelmarquetti.com.br\/\"><img loading=\"lazy\" decoding=\"async\" src=\"https:\/\/jornalfatosenoticias.com.br\/wp-content\/uploads\/2020\/02\/LOGO-MQ-1024x680.jpg\" alt=\"\" class=\"wp-image-58299\" width=\"348\" height=\"231\" srcset=\"https:\/\/jornalfatosenoticias.com.br\/wp-content\/uploads\/2020\/02\/LOGO-MQ-1024x680.jpg 1024w, https:\/\/jornalfatosenoticias.com.br\/wp-content\/uploads\/2020\/02\/LOGO-MQ-300x199.jpg 300w, https:\/\/jornalfatosenoticias.com.br\/wp-content\/uploads\/2020\/02\/LOGO-MQ-768x510.jpg 768w, https:\/\/jornalfatosenoticias.com.br\/wp-content\/uploads\/2020\/02\/LOGO-MQ-1536x1020.jpg 1536w, https:\/\/jornalfatosenoticias.com.br\/wp-content\/uploads\/2020\/02\/LOGO-MQ-2048x1360.jpg 2048w\" sizes=\"auto, (max-width: 348px) 100vw, 348px\" \/><\/a><\/figure><\/div>\n\n\n\n<p>Relat\u00f3rios pedag\u00f3gicos bem-estruturados, com registros di\u00e1rios de desempenho e comportamento, s\u00e3o um dos principais instrumentos para dar in\u00edcio ao acompanhamento. Esses documentos, al\u00e9m de orientar a escola, subsidiam o encaminhamento cl\u00ednico e ajudam a fam\u00edlia a compreender melhor as necessidades da crian\u00e7a.<\/p>\n\n\n\n<div class=\"wp-block-image\"><figure class=\"aligncenter size-large\"><a href=\"http:\/\/www.ferrarimaquinas.com.br\/\"><img loading=\"lazy\" decoding=\"async\" width=\"300\" height=\"250\" src=\"https:\/\/jornalfatosenoticias.com.br\/wp-content\/uploads\/2022\/02\/FERRARI_MAQUINAS-E-FERRAMENTAS2.jpg\" alt=\"\" class=\"wp-image-27860\"\/><\/a><\/figure><\/div>\n\n\n\n<p>Aos quatro ou cinco anos, sinais como desaten\u00e7\u00e3o frequente, dificuldade em reconhecer formas e cores ou problemas motores finos j\u00e1 indicam a necessidade de aten\u00e7\u00e3o redobrada. Nessa faixa et\u00e1ria, a interven\u00e7\u00e3o precoce pode fazer toda a diferen\u00e7a.<\/p>\n\n\n\n<blockquote class=\"wp-block-quote is-layout-flow wp-block-quote-is-layout-flow\"><p><span class=\"has-inline-color has-luminous-vivid-orange-color\">Quanto mais cedo for feita a interven\u00e7\u00e3o, maiores s\u00e3o as chances de o aluno se desenvolver plenamente, sem que isso impacte sua autoestima ou trajet\u00f3ria acad\u00eamica\u201d, destaca Mara.<\/span><\/p><\/blockquote>\n\n\n\n<div class=\"wp-block-image\"><figure class=\"aligncenter size-large is-resized\"><a href=\"https:\/\/www.legisjuris.com.br\/\"><img loading=\"lazy\" decoding=\"async\" src=\"https:\/\/jornalfatosenoticias.com.br\/wp-content\/uploads\/2024\/09\/Legis-Juris-Consultoria_logo.jpg\" alt=\"\" class=\"wp-image-53915\" width=\"513\" height=\"215\" srcset=\"https:\/\/jornalfatosenoticias.com.br\/wp-content\/uploads\/2024\/09\/Legis-Juris-Consultoria_logo.jpg 969w, https:\/\/jornalfatosenoticias.com.br\/wp-content\/uploads\/2024\/09\/Legis-Juris-Consultoria_logo-300x126.jpg 300w, https:\/\/jornalfatosenoticias.com.br\/wp-content\/uploads\/2024\/09\/Legis-Juris-Consultoria_logo-768x322.jpg 768w\" sizes=\"auto, (max-width: 513px) 100vw, 513px\" \/><\/a><\/figure><\/div>\n\n\n\n<p><strong><span class=\"has-inline-color has-vivid-purple-color\">Para lidar com as dificuldades de forma pr\u00e1tica, a especialista destaca um conjunto de sete estrat\u00e9gias voltadas \u00e0 alfabetiza\u00e7\u00e3o e \u00e0 matem\u00e1tica:<\/span><\/strong><\/p>\n\n\n\n<p><strong>1. Desenvolvimento de consci\u00eancia fonol\u00f3gica:<\/strong> incentive o reconhecimento e manipula\u00e7\u00e3o dos sons das palavras por meio de atividades de rimas, segmenta\u00e7\u00e3o de fonemas e forma\u00e7\u00e3o de palavras. Ou seja, essas pr\u00e1ticas fortalecem a base para a leitura e escrita.<br><strong>2. Incorpora\u00e7\u00e3o de jogos sensoriais e l\u00fadicos: <\/strong>utilize materiais como massinha, areia e letras em alto-relevo para tornar o aprendizado mais concreto e interativo. Portanto, isso facilita a fixa\u00e7\u00e3o de conceitos e estimula diferentes canais de aprendizagem.<\/p>\n\n\n\n<div class=\"wp-block-image\"><figure class=\"aligncenter size-large is-resized\"><a href=\"https:\/\/panper.com.br\/\"><img loading=\"lazy\" decoding=\"async\" src=\"https:\/\/jornalfatosenoticias.com.br\/wp-content\/uploads\/2023\/03\/logo-Panper_portal.jpg\" alt=\"\" class=\"wp-image-40208\" width=\"316\" height=\"219\" srcset=\"https:\/\/jornalfatosenoticias.com.br\/wp-content\/uploads\/2023\/03\/logo-Panper_portal.jpg 400w, https:\/\/jornalfatosenoticias.com.br\/wp-content\/uploads\/2023\/03\/logo-Panper_portal-300x208.jpg 300w\" sizes=\"auto, (max-width: 316px) 100vw, 316px\" \/><\/a><\/figure><\/div>\n\n\n\n<p><strong>3. Leitura guiada e compartilhada:<\/strong> realize leituras conjuntas, utilizando livros adequados \u00e0 faixa et\u00e1ria. Por isso, durante a leitura, promova discuss\u00f5es, fa\u00e7a perguntas e estimule a identifica\u00e7\u00e3o de sons e letras.<br><strong>4. Refor\u00e7o positivo e celebra\u00e7\u00e3o de conquistas: <\/strong>valorize cada progresso, por menor que seja. Sendo assim, o reconhecimento constante das conquistas fortalece a autoconfian\u00e7a e motiva\u00e7\u00e3o para o aprendizado.<\/p>\n\n\n\n<div class=\"wp-block-image\"><figure class=\"aligncenter size-large is-resized\"><a href=\"https:\/\/www.controlsystems.com.br\/\"><img loading=\"lazy\" decoding=\"async\" src=\"https:\/\/jornalfatosenoticias.com.br\/wp-content\/uploads\/2020\/02\/CONTROL-CS.jpg\" alt=\"\" class=\"wp-image-44991\" width=\"285\" height=\"342\" srcset=\"https:\/\/jornalfatosenoticias.com.br\/wp-content\/uploads\/2020\/02\/CONTROL-CS.jpg 834w, https:\/\/jornalfatosenoticias.com.br\/wp-content\/uploads\/2020\/02\/CONTROL-CS-250x300.jpg 250w, https:\/\/jornalfatosenoticias.com.br\/wp-content\/uploads\/2020\/02\/CONTROL-CS-768x921.jpg 768w\" sizes=\"auto, (max-width: 285px) 100vw, 285px\" \/><\/a><\/figure><\/div>\n\n\n\n<p><strong>5. Uso de materiais concretos na matem\u00e1tica: <\/strong>explore recursos visuais e t\u00e1teis, como blocos, fichas e jogos, para ensinar conceitos matem\u00e1ticos b\u00e1sicos. Desse modo, o aprendizado concreto facilita a compreens\u00e3o e reten\u00e7\u00e3o do conhecimento.<br><strong>6. Divis\u00e3o de tarefas em etapas menores:<\/strong> quebre tarefas complexas em partes simples e gerenci\u00e1veis. Ou seja, isso ajuda a crian\u00e7a a compreender cada etapa do processo e avan\u00e7ar gradualmente.<\/p>\n\n\n\n<div class=\"wp-block-image\"><figure class=\"aligncenter size-large is-resized\"><a href=\"https:\/\/www.ithbrasil.com.br\/\"><img loading=\"lazy\" decoding=\"async\" src=\"https:\/\/jornalfatosenoticias.com.br\/wp-content\/uploads\/2023\/08\/ITH.jpeg\" alt=\"\" class=\"wp-image-44638\" width=\"320\" height=\"260\" srcset=\"https:\/\/jornalfatosenoticias.com.br\/wp-content\/uploads\/2023\/08\/ITH.jpeg 800w, https:\/\/jornalfatosenoticias.com.br\/wp-content\/uploads\/2023\/08\/ITH-300x244.jpeg 300w, https:\/\/jornalfatosenoticias.com.br\/wp-content\/uploads\/2023\/08\/ITH-768x624.jpeg 768w\" sizes=\"auto, (max-width: 320px) 100vw, 320px\" \/><\/a><\/figure><\/div>\n\n\n\n<p><strong>7. Utiliza\u00e7\u00e3o de refor\u00e7os visuais e tecnologias assistivas:<\/strong> implemente o uso de gr\u00e1ficos, tabelas, desenhos e ferramentas tecnol\u00f3gicas para facilitar a compreens\u00e3o de conceitos abstratos. Saiba que dessa forma, esses recursos auxiliam na visualiza\u00e7\u00e3o e organiza\u00e7\u00e3o do pensamento.<\/p>\n\n\n\n<div class=\"wp-block-image\"><figure class=\"aligncenter size-large\"><a href=\"https:\/\/mizu.com.br\/\"><img loading=\"lazy\" decoding=\"async\" width=\"729\" height=\"90\" src=\"https:\/\/jornalfatosenoticias.com.br\/wp-content\/uploads\/2020\/02\/Logo_Mizu.png\" alt=\"\" class=\"wp-image-1441\" srcset=\"https:\/\/jornalfatosenoticias.com.br\/wp-content\/uploads\/2020\/02\/Logo_Mizu.png 729w, https:\/\/jornalfatosenoticias.com.br\/wp-content\/uploads\/2020\/02\/Logo_Mizu-300x37.png 300w\" sizes=\"auto, (max-width: 729px) 100vw, 729px\" \/><\/a><\/figure><\/div>\n\n\n\n<p>Segundo Mara, o professor deve atuar como um observador cont\u00ednuo, comunicador com as fam\u00edlias e adaptador de estrat\u00e9gias para garantir que todos os alunos participem efetivamente da vida escolar. Isso inclui adaptar tarefas, utilizar diferentes formas de linguagem, e flexibilizar tempo de execu\u00e7\u00e3o das atividades. <\/p>\n\n\n\n<div class=\"wp-block-image\"><figure class=\"aligncenter size-large is-resized\"><a href=\"https:\/\/www.facebook.com\/postobkr\/?locale=pt_BR\"><img loading=\"lazy\" decoding=\"async\" src=\"https:\/\/jornalfatosenoticias.com.br\/wp-content\/uploads\/2023\/08\/BKR-1024x1021.jpg\" alt=\"\" class=\"wp-image-44494\" width=\"312\" height=\"311\" srcset=\"https:\/\/jornalfatosenoticias.com.br\/wp-content\/uploads\/2023\/08\/BKR-1024x1021.jpg 1024w, https:\/\/jornalfatosenoticias.com.br\/wp-content\/uploads\/2023\/08\/BKR-300x300.jpg 300w, https:\/\/jornalfatosenoticias.com.br\/wp-content\/uploads\/2023\/08\/BKR-150x150.jpg 150w, https:\/\/jornalfatosenoticias.com.br\/wp-content\/uploads\/2023\/08\/BKR-768x766.jpg 768w, https:\/\/jornalfatosenoticias.com.br\/wp-content\/uploads\/2023\/08\/BKR.jpg 1080w\" sizes=\"auto, (max-width: 312px) 100vw, 312px\" \/><\/a><\/figure><\/div>\n\n\n\n<blockquote class=\"wp-block-quote is-layout-flow wp-block-quote-is-layout-flow\"><p><span class=\"has-inline-color has-luminous-vivid-orange-color\">Inclus\u00e3o n\u00e3o \u00e9 fazer o mesmo para todos, \u00e9 garantir que cada um tenha acesso ao que precisa para aprender\u201d, afirma.<\/span><\/p><\/blockquote>\n\n\n\n<div class=\"wp-block-image\"><figure class=\"aligncenter size-large is-resized\"><a href=\"https:\/\/www.instagram.com\/gruposei\/\"><img loading=\"lazy\" decoding=\"async\" src=\"https:\/\/jornalfatosenoticias.com.br\/wp-content\/uploads\/2022\/07\/Logo-Grupo-SEI.jpg\" alt=\"\" class=\"wp-image-31973\" width=\"379\" height=\"199\" srcset=\"https:\/\/jornalfatosenoticias.com.br\/wp-content\/uploads\/2022\/07\/Logo-Grupo-SEI.jpg 713w, https:\/\/jornalfatosenoticias.com.br\/wp-content\/uploads\/2022\/07\/Logo-Grupo-SEI-300x158.jpg 300w\" sizes=\"auto, (max-width: 379px) 100vw, 379px\" \/><\/a><\/figure><\/div>\n\n\n\n<p>A forma\u00e7\u00e3o continuada, especialmente nas \u00e1reas de neuroeduca\u00e7\u00e3o, psicopedagogia e metodologias ativas, \u00e9 considerada pe\u00e7a-chave para preparar educadores frente \u00e0 diversidade cognitiva presente em sala de aula. A especialista defende que a inclus\u00e3o n\u00e3o pode se limitar ao discurso. <strong><em>\u201cFormar professores preparados \u00e9 a \u00fanica forma de transformar o cotidiano escolar em um espa\u00e7o verdadeiramente inclusivo\u201d, conclui Mara.<\/em><\/strong><\/p>\n\n\n\n<div class=\"wp-block-image\"><figure class=\"aligncenter size-large is-resized\"><a href=\"https:\/\/www.instagram.com\/rcradiadores\/\"><img loading=\"lazy\" decoding=\"async\" src=\"https:\/\/jornalfatosenoticias.com.br\/wp-content\/uploads\/2022\/10\/RC_800x750_page-0001.jpg\" alt=\"\" class=\"wp-image-35338\" width=\"276\" height=\"259\" srcset=\"https:\/\/jornalfatosenoticias.com.br\/wp-content\/uploads\/2022\/10\/RC_800x750_page-0001.jpg 400w, https:\/\/jornalfatosenoticias.com.br\/wp-content\/uploads\/2022\/10\/RC_800x750_page-0001-300x281.jpg 300w\" sizes=\"auto, (max-width: 276px) 100vw, 276px\" \/><\/a><\/figure><\/div>\n\n\n\n<p><strong>Fonte: <a href=\"https:\/\/cangurunews.com.br\/7-estrategias-para-superar-dificuldades-de-aprendizagem-em-sala-de-aula\/\">Canguru News<\/a><\/strong><\/p>\n","protected":false},"excerpt":{"rendered":"<p>Neuropedagoga sugere investir na forma\u00e7\u00e3o continuada e no uso de abordagens adaptativas Diante de um n\u00famero crescente de crian\u00e7as com transtornos como dislexia, Transtorno do D\u00e9ficit de Aten\u00e7\u00e3o e Hiperatividade (TDAH) ou dificuldades pedag\u00f3gicas tempor\u00e1rias, identificar e acompanhar esses alunos em sala de aula deixou de ser apenas uma tarefa da psicopedagogia, exigindo tamb\u00e9m a [&hellip;]<\/p>\n","protected":false},"author":2,"featured_media":58678,"comment_status":"open","ping_status":"open","sticky":false,"template":"","format":"standard","meta":{"footnotes":""},"categories":[7],"tags":[2463,8456,359,25140,17062,14548,7326,7999,26752],"class_list":["post-58677","post","type-post","status-publish","format-standard","has-post-thumbnail","hentry","category-educacao","tag-aprendizagem","tag-dislexia","tag-formacao-continuada","tag-metodologias-ativas","tag-neuroeducacao","tag-psicopedagogia","tag-sala-de-aula","tag-tdah","tag-vida-escolar"],"yoast_head":"<!-- This site is optimized with the Yoast SEO plugin v26.5 - https:\/\/yoast.com\/wordpress\/plugins\/seo\/ -->\n<title>Sete estrat\u00e9gias para superar dificuldades de aprendizagem em sala de aula - Jornal Fatos e Not\u00edcias<\/title>\n<meta name=\"robots\" content=\"index, follow, max-snippet:-1, max-image-preview:large, max-video-preview:-1\" \/>\n<link rel=\"canonical\" href=\"https:\/\/jornalfatosenoticias.com.br\/index.php\/2025\/04\/22\/sete-estrategias-para-superar-dificuldades-de-aprendizagem-em-sala-de-aula\/\" \/>\n<meta property=\"og:locale\" content=\"pt_BR\" \/>\n<meta property=\"og:type\" content=\"article\" \/>\n<meta property=\"og:title\" content=\"Sete estrat\u00e9gias para superar dificuldades de aprendizagem em sala de aula - Jornal Fatos e Not\u00edcias\" \/>\n<meta property=\"og:description\" content=\"Neuropedagoga sugere investir na forma\u00e7\u00e3o continuada e no uso de abordagens adaptativas Diante de um n\u00famero crescente de crian\u00e7as com transtornos como dislexia, Transtorno do D\u00e9ficit de Aten\u00e7\u00e3o e Hiperatividade (TDAH) ou dificuldades pedag\u00f3gicas tempor\u00e1rias, identificar e acompanhar esses alunos em sala de aula deixou de ser apenas uma tarefa da psicopedagogia, exigindo tamb\u00e9m a [&hellip;]\" \/>\n<meta property=\"og:url\" content=\"https:\/\/jornalfatosenoticias.com.br\/index.php\/2025\/04\/22\/sete-estrategias-para-superar-dificuldades-de-aprendizagem-em-sala-de-aula\/\" \/>\n<meta property=\"og:site_name\" content=\"Jornal Fatos e Not\u00edcias\" \/>\n<meta property=\"article:published_time\" content=\"2025-04-22T17:47:22+00:00\" \/>\n<meta property=\"article:modified_time\" content=\"2025-04-22T17:47:24+00:00\" \/>\n<meta property=\"og:image\" content=\"https:\/\/jornalfatosenoticias.com.br\/wp-content\/uploads\/2025\/04\/estrategias-para-superar-dificuldades-de-aprendizagem-em-sala-de-aula-_freepik.jpg\" \/>\n\t<meta property=\"og:image:width\" content=\"996\" \/>\n\t<meta property=\"og:image:height\" content=\"664\" \/>\n\t<meta property=\"og:image:type\" content=\"image\/jpeg\" \/>\n<meta name=\"author\" content=\"Luzimara Fernandes\" \/>\n<meta name=\"twitter:card\" content=\"summary_large_image\" \/>\n<meta name=\"twitter:label1\" content=\"Escrito por\" \/>\n\t<meta name=\"twitter:data1\" content=\"Luzimara Fernandes\" \/>\n\t<meta name=\"twitter:label2\" content=\"Est. tempo de leitura\" \/>\n\t<meta name=\"twitter:data2\" content=\"4 minutos\" \/>\n<script type=\"application\/ld+json\" class=\"yoast-schema-graph\">{\"@context\":\"https:\/\/schema.org\",\"@graph\":[{\"@type\":\"Article\",\"@id\":\"https:\/\/jornalfatosenoticias.com.br\/index.php\/2025\/04\/22\/sete-estrategias-para-superar-dificuldades-de-aprendizagem-em-sala-de-aula\/#article\",\"isPartOf\":{\"@id\":\"https:\/\/jornalfatosenoticias.com.br\/index.php\/2025\/04\/22\/sete-estrategias-para-superar-dificuldades-de-aprendizagem-em-sala-de-aula\/\"},\"author\":{\"name\":\"Luzimara Fernandes\",\"@id\":\"https:\/\/jornalfatosenoticias.com.br\/#\/schema\/person\/d63837fa13ac8666eb9e74e0985d6f81\"},\"headline\":\"Sete estrat\u00e9gias para superar dificuldades de aprendizagem em sala de aula\",\"datePublished\":\"2025-04-22T17:47:22+00:00\",\"dateModified\":\"2025-04-22T17:47:24+00:00\",\"mainEntityOfPage\":{\"@id\":\"https:\/\/jornalfatosenoticias.com.br\/index.php\/2025\/04\/22\/sete-estrategias-para-superar-dificuldades-de-aprendizagem-em-sala-de-aula\/\"},\"wordCount\":753,\"commentCount\":0,\"publisher\":{\"@id\":\"https:\/\/jornalfatosenoticias.com.br\/#organization\"},\"image\":{\"@id\":\"https:\/\/jornalfatosenoticias.com.br\/index.php\/2025\/04\/22\/sete-estrategias-para-superar-dificuldades-de-aprendizagem-em-sala-de-aula\/#primaryimage\"},\"thumbnailUrl\":\"https:\/\/jornalfatosenoticias.com.br\/wp-content\/uploads\/2025\/04\/estrategias-para-superar-dificuldades-de-aprendizagem-em-sala-de-aula-_freepik.jpg\",\"keywords\":[\"aprendizagem\",\"dislexia\",\"forma\u00e7\u00e3o continuada\",\"metodologias ativas\",\"neuroeduca\u00e7\u00e3o\",\"psicopedagogia\",\"sala de aula\",\"TDAH\",\"vida escolar\"],\"articleSection\":[\"Educa\u00e7\u00e3o\"],\"inLanguage\":\"pt-BR\",\"potentialAction\":[{\"@type\":\"CommentAction\",\"name\":\"Comment\",\"target\":[\"https:\/\/jornalfatosenoticias.com.br\/index.php\/2025\/04\/22\/sete-estrategias-para-superar-dificuldades-de-aprendizagem-em-sala-de-aula\/#respond\"]}]},{\"@type\":\"WebPage\",\"@id\":\"https:\/\/jornalfatosenoticias.com.br\/index.php\/2025\/04\/22\/sete-estrategias-para-superar-dificuldades-de-aprendizagem-em-sala-de-aula\/\",\"url\":\"https:\/\/jornalfatosenoticias.com.br\/index.php\/2025\/04\/22\/sete-estrategias-para-superar-dificuldades-de-aprendizagem-em-sala-de-aula\/\",\"name\":\"Sete estrat\u00e9gias para superar dificuldades de aprendizagem em sala de aula - Jornal Fatos e Not\u00edcias\",\"isPartOf\":{\"@id\":\"https:\/\/jornalfatosenoticias.com.br\/#website\"},\"primaryImageOfPage\":{\"@id\":\"https:\/\/jornalfatosenoticias.com.br\/index.php\/2025\/04\/22\/sete-estrategias-para-superar-dificuldades-de-aprendizagem-em-sala-de-aula\/#primaryimage\"},\"image\":{\"@id\":\"https:\/\/jornalfatosenoticias.com.br\/index.php\/2025\/04\/22\/sete-estrategias-para-superar-dificuldades-de-aprendizagem-em-sala-de-aula\/#primaryimage\"},\"thumbnailUrl\":\"https:\/\/jornalfatosenoticias.com.br\/wp-content\/uploads\/2025\/04\/estrategias-para-superar-dificuldades-de-aprendizagem-em-sala-de-aula-_freepik.jpg\",\"datePublished\":\"2025-04-22T17:47:22+00:00\",\"dateModified\":\"2025-04-22T17:47:24+00:00\",\"breadcrumb\":{\"@id\":\"https:\/\/jornalfatosenoticias.com.br\/index.php\/2025\/04\/22\/sete-estrategias-para-superar-dificuldades-de-aprendizagem-em-sala-de-aula\/#breadcrumb\"},\"inLanguage\":\"pt-BR\",\"potentialAction\":[{\"@type\":\"ReadAction\",\"target\":[\"https:\/\/jornalfatosenoticias.com.br\/index.php\/2025\/04\/22\/sete-estrategias-para-superar-dificuldades-de-aprendizagem-em-sala-de-aula\/\"]}]},{\"@type\":\"ImageObject\",\"inLanguage\":\"pt-BR\",\"@id\":\"https:\/\/jornalfatosenoticias.com.br\/index.php\/2025\/04\/22\/sete-estrategias-para-superar-dificuldades-de-aprendizagem-em-sala-de-aula\/#primaryimage\",\"url\":\"https:\/\/jornalfatosenoticias.com.br\/wp-content\/uploads\/2025\/04\/estrategias-para-superar-dificuldades-de-aprendizagem-em-sala-de-aula-_freepik.jpg\",\"contentUrl\":\"https:\/\/jornalfatosenoticias.com.br\/wp-content\/uploads\/2025\/04\/estrategias-para-superar-dificuldades-de-aprendizagem-em-sala-de-aula-_freepik.jpg\",\"width\":996,\"height\":664},{\"@type\":\"BreadcrumbList\",\"@id\":\"https:\/\/jornalfatosenoticias.com.br\/index.php\/2025\/04\/22\/sete-estrategias-para-superar-dificuldades-de-aprendizagem-em-sala-de-aula\/#breadcrumb\",\"itemListElement\":[{\"@type\":\"ListItem\",\"position\":1,\"name\":\"In\u00edcio\",\"item\":\"https:\/\/jornalfatosenoticias.com.br\/\"},{\"@type\":\"ListItem\",\"position\":2,\"name\":\"Sete estrat\u00e9gias para superar dificuldades de aprendizagem em sala de aula\"}]},{\"@type\":\"WebSite\",\"@id\":\"https:\/\/jornalfatosenoticias.com.br\/#website\",\"url\":\"https:\/\/jornalfatosenoticias.com.br\/\",\"name\":\"Jornal Fatos e Not\u00edcias\",\"description\":\"Not\u00edcias em geral\",\"publisher\":{\"@id\":\"https:\/\/jornalfatosenoticias.com.br\/#organization\"},\"potentialAction\":[{\"@type\":\"SearchAction\",\"target\":{\"@type\":\"EntryPoint\",\"urlTemplate\":\"https:\/\/jornalfatosenoticias.com.br\/?s={search_term_string}\"},\"query-input\":{\"@type\":\"PropertyValueSpecification\",\"valueRequired\":true,\"valueName\":\"search_term_string\"}}],\"inLanguage\":\"pt-BR\"},{\"@type\":\"Organization\",\"@id\":\"https:\/\/jornalfatosenoticias.com.br\/#organization\",\"name\":\"Jornal Fatos e Not\u00edcias\",\"url\":\"https:\/\/jornalfatosenoticias.com.br\/\",\"logo\":{\"@type\":\"ImageObject\",\"inLanguage\":\"pt-BR\",\"@id\":\"https:\/\/jornalfatosenoticias.com.br\/#\/schema\/logo\/image\/\",\"url\":\"https:\/\/jornalfatosenoticias.com.br\/wp-content\/uploads\/2020\/02\/logo120.png\",\"contentUrl\":\"https:\/\/jornalfatosenoticias.com.br\/wp-content\/uploads\/2020\/02\/logo120.png\",\"width\":1227,\"height\":120,\"caption\":\"Jornal Fatos e Not\u00edcias\"},\"image\":{\"@id\":\"https:\/\/jornalfatosenoticias.com.br\/#\/schema\/logo\/image\/\"}},{\"@type\":\"Person\",\"@id\":\"https:\/\/jornalfatosenoticias.com.br\/#\/schema\/person\/d63837fa13ac8666eb9e74e0985d6f81\",\"name\":\"Luzimara Fernandes\",\"image\":{\"@type\":\"ImageObject\",\"inLanguage\":\"pt-BR\",\"@id\":\"https:\/\/jornalfatosenoticias.com.br\/#\/schema\/person\/image\/\",\"url\":\"https:\/\/jornalfatosenoticias.com.br\/wp-content\/uploads\/2025\/05\/EU_portal.jpg\",\"contentUrl\":\"https:\/\/jornalfatosenoticias.com.br\/wp-content\/uploads\/2025\/05\/EU_portal.jpg\",\"caption\":\"Luzimara Fernandes\"},\"description\":\"Jornalista MTB 2358-ES\",\"sameAs\":[\"https:\/\/jornalfatosenoticias.com.br\"],\"url\":\"https:\/\/jornalfatosenoticias.com.br\/index.php\/author\/luzimara\/\"}]}<\/script>\n<!-- \/ Yoast SEO plugin. -->","yoast_head_json":{"title":"Sete estrat\u00e9gias para superar dificuldades de aprendizagem em sala de aula - Jornal Fatos e Not\u00edcias","robots":{"index":"index","follow":"follow","max-snippet":"max-snippet:-1","max-image-preview":"max-image-preview:large","max-video-preview":"max-video-preview:-1"},"canonical":"https:\/\/jornalfatosenoticias.com.br\/index.php\/2025\/04\/22\/sete-estrategias-para-superar-dificuldades-de-aprendizagem-em-sala-de-aula\/","og_locale":"pt_BR","og_type":"article","og_title":"Sete estrat\u00e9gias para superar dificuldades de aprendizagem em sala de aula - Jornal Fatos e Not\u00edcias","og_description":"Neuropedagoga sugere investir na forma\u00e7\u00e3o continuada e no uso de abordagens adaptativas Diante de um n\u00famero crescente de crian\u00e7as com transtornos como dislexia, Transtorno do D\u00e9ficit de Aten\u00e7\u00e3o e Hiperatividade (TDAH) ou dificuldades pedag\u00f3gicas tempor\u00e1rias, identificar e acompanhar esses alunos em sala de aula deixou de ser apenas uma tarefa da psicopedagogia, exigindo tamb\u00e9m a [&hellip;]","og_url":"https:\/\/jornalfatosenoticias.com.br\/index.php\/2025\/04\/22\/sete-estrategias-para-superar-dificuldades-de-aprendizagem-em-sala-de-aula\/","og_site_name":"Jornal Fatos e Not\u00edcias","article_published_time":"2025-04-22T17:47:22+00:00","article_modified_time":"2025-04-22T17:47:24+00:00","og_image":[{"width":996,"height":664,"url":"https:\/\/jornalfatosenoticias.com.br\/wp-content\/uploads\/2025\/04\/estrategias-para-superar-dificuldades-de-aprendizagem-em-sala-de-aula-_freepik.jpg","type":"image\/jpeg"}],"author":"Luzimara Fernandes","twitter_card":"summary_large_image","twitter_misc":{"Escrito por":"Luzimara Fernandes","Est. tempo de leitura":"4 minutos"},"schema":{"@context":"https:\/\/schema.org","@graph":[{"@type":"Article","@id":"https:\/\/jornalfatosenoticias.com.br\/index.php\/2025\/04\/22\/sete-estrategias-para-superar-dificuldades-de-aprendizagem-em-sala-de-aula\/#article","isPartOf":{"@id":"https:\/\/jornalfatosenoticias.com.br\/index.php\/2025\/04\/22\/sete-estrategias-para-superar-dificuldades-de-aprendizagem-em-sala-de-aula\/"},"author":{"name":"Luzimara Fernandes","@id":"https:\/\/jornalfatosenoticias.com.br\/#\/schema\/person\/d63837fa13ac8666eb9e74e0985d6f81"},"headline":"Sete estrat\u00e9gias para superar dificuldades de aprendizagem em sala de aula","datePublished":"2025-04-22T17:47:22+00:00","dateModified":"2025-04-22T17:47:24+00:00","mainEntityOfPage":{"@id":"https:\/\/jornalfatosenoticias.com.br\/index.php\/2025\/04\/22\/sete-estrategias-para-superar-dificuldades-de-aprendizagem-em-sala-de-aula\/"},"wordCount":753,"commentCount":0,"publisher":{"@id":"https:\/\/jornalfatosenoticias.com.br\/#organization"},"image":{"@id":"https:\/\/jornalfatosenoticias.com.br\/index.php\/2025\/04\/22\/sete-estrategias-para-superar-dificuldades-de-aprendizagem-em-sala-de-aula\/#primaryimage"},"thumbnailUrl":"https:\/\/jornalfatosenoticias.com.br\/wp-content\/uploads\/2025\/04\/estrategias-para-superar-dificuldades-de-aprendizagem-em-sala-de-aula-_freepik.jpg","keywords":["aprendizagem","dislexia","forma\u00e7\u00e3o continuada","metodologias ativas","neuroeduca\u00e7\u00e3o","psicopedagogia","sala de aula","TDAH","vida escolar"],"articleSection":["Educa\u00e7\u00e3o"],"inLanguage":"pt-BR","potentialAction":[{"@type":"CommentAction","name":"Comment","target":["https:\/\/jornalfatosenoticias.com.br\/index.php\/2025\/04\/22\/sete-estrategias-para-superar-dificuldades-de-aprendizagem-em-sala-de-aula\/#respond"]}]},{"@type":"WebPage","@id":"https:\/\/jornalfatosenoticias.com.br\/index.php\/2025\/04\/22\/sete-estrategias-para-superar-dificuldades-de-aprendizagem-em-sala-de-aula\/","url":"https:\/\/jornalfatosenoticias.com.br\/index.php\/2025\/04\/22\/sete-estrategias-para-superar-dificuldades-de-aprendizagem-em-sala-de-aula\/","name":"Sete estrat\u00e9gias para superar dificuldades de aprendizagem em sala de aula - Jornal Fatos e Not\u00edcias","isPartOf":{"@id":"https:\/\/jornalfatosenoticias.com.br\/#website"},"primaryImageOfPage":{"@id":"https:\/\/jornalfatosenoticias.com.br\/index.php\/2025\/04\/22\/sete-estrategias-para-superar-dificuldades-de-aprendizagem-em-sala-de-aula\/#primaryimage"},"image":{"@id":"https:\/\/jornalfatosenoticias.com.br\/index.php\/2025\/04\/22\/sete-estrategias-para-superar-dificuldades-de-aprendizagem-em-sala-de-aula\/#primaryimage"},"thumbnailUrl":"https:\/\/jornalfatosenoticias.com.br\/wp-content\/uploads\/2025\/04\/estrategias-para-superar-dificuldades-de-aprendizagem-em-sala-de-aula-_freepik.jpg","datePublished":"2025-04-22T17:47:22+00:00","dateModified":"2025-04-22T17:47:24+00:00","breadcrumb":{"@id":"https:\/\/jornalfatosenoticias.com.br\/index.php\/2025\/04\/22\/sete-estrategias-para-superar-dificuldades-de-aprendizagem-em-sala-de-aula\/#breadcrumb"},"inLanguage":"pt-BR","potentialAction":[{"@type":"ReadAction","target":["https:\/\/jornalfatosenoticias.com.br\/index.php\/2025\/04\/22\/sete-estrategias-para-superar-dificuldades-de-aprendizagem-em-sala-de-aula\/"]}]},{"@type":"ImageObject","inLanguage":"pt-BR","@id":"https:\/\/jornalfatosenoticias.com.br\/index.php\/2025\/04\/22\/sete-estrategias-para-superar-dificuldades-de-aprendizagem-em-sala-de-aula\/#primaryimage","url":"https:\/\/jornalfatosenoticias.com.br\/wp-content\/uploads\/2025\/04\/estrategias-para-superar-dificuldades-de-aprendizagem-em-sala-de-aula-_freepik.jpg","contentUrl":"https:\/\/jornalfatosenoticias.com.br\/wp-content\/uploads\/2025\/04\/estrategias-para-superar-dificuldades-de-aprendizagem-em-sala-de-aula-_freepik.jpg","width":996,"height":664},{"@type":"BreadcrumbList","@id":"https:\/\/jornalfatosenoticias.com.br\/index.php\/2025\/04\/22\/sete-estrategias-para-superar-dificuldades-de-aprendizagem-em-sala-de-aula\/#breadcrumb","itemListElement":[{"@type":"ListItem","position":1,"name":"In\u00edcio","item":"https:\/\/jornalfatosenoticias.com.br\/"},{"@type":"ListItem","position":2,"name":"Sete estrat\u00e9gias para superar dificuldades de aprendizagem em sala de aula"}]},{"@type":"WebSite","@id":"https:\/\/jornalfatosenoticias.com.br\/#website","url":"https:\/\/jornalfatosenoticias.com.br\/","name":"Jornal Fatos e Not\u00edcias","description":"Not\u00edcias em geral","publisher":{"@id":"https:\/\/jornalfatosenoticias.com.br\/#organization"},"potentialAction":[{"@type":"SearchAction","target":{"@type":"EntryPoint","urlTemplate":"https:\/\/jornalfatosenoticias.com.br\/?s={search_term_string}"},"query-input":{"@type":"PropertyValueSpecification","valueRequired":true,"valueName":"search_term_string"}}],"inLanguage":"pt-BR"},{"@type":"Organization","@id":"https:\/\/jornalfatosenoticias.com.br\/#organization","name":"Jornal Fatos e Not\u00edcias","url":"https:\/\/jornalfatosenoticias.com.br\/","logo":{"@type":"ImageObject","inLanguage":"pt-BR","@id":"https:\/\/jornalfatosenoticias.com.br\/#\/schema\/logo\/image\/","url":"https:\/\/jornalfatosenoticias.com.br\/wp-content\/uploads\/2020\/02\/logo120.png","contentUrl":"https:\/\/jornalfatosenoticias.com.br\/wp-content\/uploads\/2020\/02\/logo120.png","width":1227,"height":120,"caption":"Jornal Fatos e Not\u00edcias"},"image":{"@id":"https:\/\/jornalfatosenoticias.com.br\/#\/schema\/logo\/image\/"}},{"@type":"Person","@id":"https:\/\/jornalfatosenoticias.com.br\/#\/schema\/person\/d63837fa13ac8666eb9e74e0985d6f81","name":"Luzimara Fernandes","image":{"@type":"ImageObject","inLanguage":"pt-BR","@id":"https:\/\/jornalfatosenoticias.com.br\/#\/schema\/person\/image\/","url":"https:\/\/jornalfatosenoticias.com.br\/wp-content\/uploads\/2025\/05\/EU_portal.jpg","contentUrl":"https:\/\/jornalfatosenoticias.com.br\/wp-content\/uploads\/2025\/05\/EU_portal.jpg","caption":"Luzimara Fernandes"},"description":"Jornalista MTB 2358-ES","sameAs":["https:\/\/jornalfatosenoticias.com.br"],"url":"https:\/\/jornalfatosenoticias.com.br\/index.php\/author\/luzimara\/"}]}},"cc_featured_image_caption":{"caption_text":"(Foto: Freepik) ","source_text":"","source_url":""},"jetpack_featured_media_url":"https:\/\/jornalfatosenoticias.com.br\/wp-content\/uploads\/2025\/04\/estrategias-para-superar-dificuldades-de-aprendizagem-em-sala-de-aula-_freepik.jpg","_links":{"self":[{"href":"https:\/\/jornalfatosenoticias.com.br\/index.php\/wp-json\/wp\/v2\/posts\/58677","targetHints":{"allow":["GET"]}}],"collection":[{"href":"https:\/\/jornalfatosenoticias.com.br\/index.php\/wp-json\/wp\/v2\/posts"}],"about":[{"href":"https:\/\/jornalfatosenoticias.com.br\/index.php\/wp-json\/wp\/v2\/types\/post"}],"author":[{"embeddable":true,"href":"https:\/\/jornalfatosenoticias.com.br\/index.php\/wp-json\/wp\/v2\/users\/2"}],"replies":[{"embeddable":true,"href":"https:\/\/jornalfatosenoticias.com.br\/index.php\/wp-json\/wp\/v2\/comments?post=58677"}],"version-history":[{"count":0,"href":"https:\/\/jornalfatosenoticias.com.br\/index.php\/wp-json\/wp\/v2\/posts\/58677\/revisions"}],"wp:featuredmedia":[{"embeddable":true,"href":"https:\/\/jornalfatosenoticias.com.br\/index.php\/wp-json\/wp\/v2\/media\/58678"}],"wp:attachment":[{"href":"https:\/\/jornalfatosenoticias.com.br\/index.php\/wp-json\/wp\/v2\/media?parent=58677"}],"wp:term":[{"taxonomy":"category","embeddable":true,"href":"https:\/\/jornalfatosenoticias.com.br\/index.php\/wp-json\/wp\/v2\/categories?post=58677"},{"taxonomy":"post_tag","embeddable":true,"href":"https:\/\/jornalfatosenoticias.com.br\/index.php\/wp-json\/wp\/v2\/tags?post=58677"}],"curies":[{"name":"wp","href":"https:\/\/api.w.org\/{rel}","templated":true}]}}