{"id":58686,"date":"2025-04-22T15:49:08","date_gmt":"2025-04-22T18:49:08","guid":{"rendered":"https:\/\/jornalfatosenoticias.com.br\/?p=58686"},"modified":"2025-04-22T15:49:09","modified_gmt":"2025-04-22T18:49:09","slug":"lula-confessa-que-deixara-situacao-fiscal-para-o-proximo-mandato-em-troca-de-tentar-vencer-eleicao-em-2026-diz-estadao","status":"publish","type":"post","link":"https:\/\/jornalfatosenoticias.com.br\/index.php\/2025\/04\/22\/lula-confessa-que-deixara-situacao-fiscal-para-o-proximo-mandato-em-troca-de-tentar-vencer-eleicao-em-2026-diz-estadao\/","title":{"rendered":"Lula confessa que deixar\u00e1 situa\u00e7\u00e3o fiscal para o pr\u00f3ximo mandato em troca de tentar vencer elei\u00e7\u00e3o em 2026, diz Estad\u00e3o"},"content":{"rendered":"\n<div class=\"wp-block-image\"><figure class=\"aligncenter size-large\"><a href=\"https:\/\/panper.com.br\/\"><img loading=\"lazy\" decoding=\"async\" width=\"1024\" height=\"111\" src=\"https:\/\/jornalfatosenoticias.com.br\/wp-content\/uploads\/2020\/02\/WhatsApp-Image-2022-09-23-at-12.09.18-1024x111.jpeg\" alt=\"\" class=\"wp-image-34527\" srcset=\"https:\/\/jornalfatosenoticias.com.br\/wp-content\/uploads\/2020\/02\/WhatsApp-Image-2022-09-23-at-12.09.18-1024x111.jpeg 1024w, https:\/\/jornalfatosenoticias.com.br\/wp-content\/uploads\/2020\/02\/WhatsApp-Image-2022-09-23-at-12.09.18-300x32.jpeg 300w, https:\/\/jornalfatosenoticias.com.br\/wp-content\/uploads\/2020\/02\/WhatsApp-Image-2022-09-23-at-12.09.18-768x83.jpeg 768w, https:\/\/jornalfatosenoticias.com.br\/wp-content\/uploads\/2020\/02\/WhatsApp-Image-2022-09-23-at-12.09.18.jpeg 1121w\" sizes=\"auto, (max-width: 1024px) 100vw, 1024px\" \/><\/a><\/figure><\/div>\n\n\n\n<p>Segundo o Estad\u00e3o, a proposta da Lei de Diretrizes Or\u00e7ament\u00e1rias (LDO) enviada pelo governo ao Congresso Nacional pode at\u00e9 ostentar seu nome t\u00e9cnico habitual, mas, segundo cr\u00edticas recorrentes entre analistas econ\u00f4micos e pol\u00edticos, soa mais como uma confiss\u00e3o pol\u00edtica: a prioridade central do governo Lula neste momento \u00e9 pavimentar o caminho para a reelei\u00e7\u00e3o em 2026 \u2014 mesmo que isso implique um agravamento significativo da situa\u00e7\u00e3o fiscal do pa\u00eds nos anos seguintes.<br>Essa constata\u00e7\u00e3o n\u00e3o surpreende quem acompanha de perto a estrat\u00e9gia adotada pelo Planalto desde o in\u00edcio do terceiro mandato de Luiz In\u00e1cio Lula da Silva. A aposta deliberada em aumento de gastos \u2014 especialmente em pol\u00edticas de transfer\u00eancia de renda, cr\u00e9dito subsidiado e investimentos p\u00fablicos \u2014 \u00e9 vista pelo governo como crucial para consolidar apoio popular. A percep\u00e7\u00e3o interna \u00e9 que uma \u201cdeteriora\u00e7\u00e3o modesta\u201d nas contas p\u00fablicas \u00e9 um pre\u00e7o aceit\u00e1vel se render dividendos eleitorais. O problema: a conta n\u00e3o fecha, nem hoje e muito menos amanh\u00e3.<\/p>\n\n\n\n<div class=\"wp-block-image\"><figure class=\"aligncenter size-large is-resized\"><a href=\"https:\/\/www.instagram.com\/serra4x4cambioautomatico\/\"><img loading=\"lazy\" decoding=\"async\" src=\"https:\/\/jornalfatosenoticias.com.br\/wp-content\/uploads\/2024\/08\/Serra-4x4-1-886x1024.jpg\" alt=\"\" class=\"wp-image-53632\" width=\"279\" height=\"322\" srcset=\"https:\/\/jornalfatosenoticias.com.br\/wp-content\/uploads\/2024\/08\/Serra-4x4-1-886x1024.jpg 886w, https:\/\/jornalfatosenoticias.com.br\/wp-content\/uploads\/2024\/08\/Serra-4x4-1-260x300.jpg 260w, https:\/\/jornalfatosenoticias.com.br\/wp-content\/uploads\/2024\/08\/Serra-4x4-1-768x888.jpg 768w, https:\/\/jornalfatosenoticias.com.br\/wp-content\/uploads\/2024\/08\/Serra-4x4-1.jpg 1181w\" sizes=\"auto, (max-width: 279px) 100vw, 279px\" \/><\/a><\/figure><\/div>\n\n\n\n<p>A pr\u00f3pria LDO admite, nas entrelinhas, que o sucessor de Lula \u2014 caso n\u00e3o seja ele pr\u00f3prio \u2014 receber\u00e1 um pa\u00eds com a casa fiscal em desordem. Trata-se do reconhecimento de que, caso n\u00e3o haja um esfor\u00e7o imediato e improv\u00e1vel de aumento de receitas, as despesas continuar\u00e3o crescendo acima da capacidade de arrecada\u00e7\u00e3o da Uni\u00e3o. A armadilha fiscal j\u00e1 estaria armada \u2014 e foi ativada desde o primeiro dia de governo, com uma estrutura de gastos em expans\u00e3o sem o devido contrapeso do lado das receitas.<\/p>\n\n\n\n<div class=\"wp-block-image\"><figure class=\"aligncenter size-large is-resized\"><a href=\"https:\/\/www.instagram.com\/esteiochurrascaria\/\"><img loading=\"lazy\" decoding=\"async\" src=\"https:\/\/jornalfatosenoticias.com.br\/wp-content\/uploads\/2022\/02\/LOGO-ESTEIO-1024x730.png\" alt=\"\" class=\"wp-image-27942\" width=\"381\" height=\"271\" srcset=\"https:\/\/jornalfatosenoticias.com.br\/wp-content\/uploads\/2022\/02\/LOGO-ESTEIO-1024x730.png 1024w, https:\/\/jornalfatosenoticias.com.br\/wp-content\/uploads\/2022\/02\/LOGO-ESTEIO-300x214.png 300w, https:\/\/jornalfatosenoticias.com.br\/wp-content\/uploads\/2022\/02\/LOGO-ESTEIO-768x548.png 768w, https:\/\/jornalfatosenoticias.com.br\/wp-content\/uploads\/2022\/02\/LOGO-ESTEIO.png 1123w\" sizes=\"auto, (max-width: 381px) 100vw, 381px\" \/><\/a><\/figure><\/div>\n\n\n\n<p>Mais do que os n\u00fameros fr\u00e1geis, o que impressiona na LDO 2025 \u00e9 o grau de afastamento da realidade pol\u00edtica. O governo projeta aumentos de arrecada\u00e7\u00e3o sem indicar com clareza como obter\u00e1 apoio do Congresso para aprovar medidas nesse sentido. Num Legislativo fragmentado e com resist\u00eancia crescente \u00e0 agenda do Planalto, a cren\u00e7a em mais receita parece quase ing\u00eanua.<\/p>\n\n\n\n<div class=\"wp-block-image\"><figure class=\"aligncenter size-large\"><a href=\"https:\/\/www.cesconetto.com.br\/\"><img loading=\"lazy\" decoding=\"async\" width=\"300\" height=\"250\" src=\"https:\/\/jornalfatosenoticias.com.br\/wp-content\/uploads\/2022\/02\/Banner-2.png\" alt=\"\" class=\"wp-image-27877\"\/><\/a><\/figure><\/div>\n\n\n\n<p>O documento tamb\u00e9m ignora outro obst\u00e1culo importante: a fadiga social com o lulismo, vis\u00edvel nas dificuldades que o governo tem enfrentado para traduzir suas a\u00e7\u00f5es econ\u00f4micas em popularidade. Mesmo com a amplia\u00e7\u00e3o de programas sociais e medidas para ampliar o cr\u00e9dito, a resposta da opini\u00e3o p\u00fablica tem sido fria, sinalizando um cansa\u00e7o mais estrutural do que conjuntural. A infla\u00e7\u00e3o, os juros altos e a estagna\u00e7\u00e3o da renda pesam \u2014 mas a desconfian\u00e7a em rela\u00e7\u00e3o \u00e0 capacidade de Lula oferecer um novo rumo para o pa\u00eds parece ser o fator decisivo.<\/p>\n\n\n\n<div class=\"wp-block-image\"><figure class=\"aligncenter size-large is-resized\"><a href=\"https:\/\/www.instagram.com\/gruposei\/\"><img loading=\"lazy\" decoding=\"async\" src=\"https:\/\/jornalfatosenoticias.com.br\/wp-content\/uploads\/2022\/07\/Logo-Grupo-SEI.jpg\" alt=\"\" class=\"wp-image-31973\" width=\"394\" height=\"207\" srcset=\"https:\/\/jornalfatosenoticias.com.br\/wp-content\/uploads\/2022\/07\/Logo-Grupo-SEI.jpg 713w, https:\/\/jornalfatosenoticias.com.br\/wp-content\/uploads\/2022\/07\/Logo-Grupo-SEI-300x158.jpg 300w\" sizes=\"auto, (max-width: 394px) 100vw, 394px\" \/><\/a><\/figure><\/div>\n\n\n\n<p>Ainda assim, isso n\u00e3o significa que Lula esteja fora do jogo eleitoral de 2026. A LDO, de certo modo, revela o pr\u00f3prio c\u00e1lculo do presidente de que a disputa ser\u00e1 dif\u00edcil, a ponto de sacrificar o cen\u00e1rio fiscal de 2027 para maximizar chances agora. Mas a oposi\u00e7\u00e3o, especialmente no campo da centro-direita, ainda parece desorganizada, sem uma lideran\u00e7a clara, e com sua estrat\u00e9gia eleitoral condicionada ao humor de Jair Bolsonaro e \u00e0 oscila\u00e7\u00e3o das pesquisas de opini\u00e3o.<\/p>\n\n\n\n<div class=\"wp-block-image\"><figure class=\"aligncenter size-large is-resized\"><a href=\"https:\/\/www.instagram.com\/rcradiadores\/\"><img loading=\"lazy\" decoding=\"async\" src=\"https:\/\/jornalfatosenoticias.com.br\/wp-content\/uploads\/2022\/10\/RC_800x750_page-0001.jpg\" alt=\"\" class=\"wp-image-35338\" width=\"299\" height=\"280\" srcset=\"https:\/\/jornalfatosenoticias.com.br\/wp-content\/uploads\/2022\/10\/RC_800x750_page-0001.jpg 400w, https:\/\/jornalfatosenoticias.com.br\/wp-content\/uploads\/2022\/10\/RC_800x750_page-0001-300x281.jpg 300w\" sizes=\"auto, (max-width: 299px) 100vw, 299px\" \/><\/a><\/figure><\/div>\n\n\n\n<p><strong>Fonte: <a href=\"https:\/\/horabrasilia.com.br\/2025\/04\/lula-confessa-que-deixara-situacao-fiscal-para-o-proximo-mandato-em-troca-de-tentar-vencer-eleicao-em-2026-diz-estadao\/\">Hora Bras\u00edlia<\/a><\/strong><\/p>\n","protected":false},"excerpt":{"rendered":"<p>Segundo o Estad\u00e3o, a proposta da Lei de Diretrizes Or\u00e7ament\u00e1rias (LDO) enviada pelo governo ao Congresso Nacional pode at\u00e9 ostentar seu nome t\u00e9cnico habitual, mas, segundo cr\u00edticas recorrentes entre analistas econ\u00f4micos e pol\u00edticos, soa mais como uma confiss\u00e3o pol\u00edtica: a prioridade central do governo Lula neste momento \u00e9 pavimentar o caminho para a reelei\u00e7\u00e3o em [&hellip;]<\/p>\n","protected":false},"author":2,"featured_media":56495,"comment_status":"open","ping_status":"open","sticky":false,"template":"","format":"standard","meta":{"footnotes":""},"categories":[10],"tags":[26756,19816,7580,26758,26757],"class_list":["post-58686","post","type-post","status-publish","format-standard","has-post-thumbnail","hentry","category-politica","tag-eleicao-2026","tag-estadao","tag-lula","tag-proximo-mandato","tag-situacao-fiscal"],"yoast_head":"<!-- This site is optimized with the Yoast SEO plugin v26.5 - https:\/\/yoast.com\/wordpress\/plugins\/seo\/ -->\n<title>Lula confessa que deixar\u00e1 situa\u00e7\u00e3o fiscal para o pr\u00f3ximo mandato em troca de tentar vencer elei\u00e7\u00e3o em 2026, diz Estad\u00e3o - Jornal Fatos e Not\u00edcias<\/title>\n<meta name=\"robots\" content=\"index, follow, max-snippet:-1, max-image-preview:large, max-video-preview:-1\" \/>\n<link rel=\"canonical\" href=\"https:\/\/jornalfatosenoticias.com.br\/index.php\/2025\/04\/22\/lula-confessa-que-deixara-situacao-fiscal-para-o-proximo-mandato-em-troca-de-tentar-vencer-eleicao-em-2026-diz-estadao\/\" \/>\n<meta property=\"og:locale\" content=\"pt_BR\" \/>\n<meta property=\"og:type\" content=\"article\" \/>\n<meta property=\"og:title\" content=\"Lula confessa que deixar\u00e1 situa\u00e7\u00e3o fiscal para o pr\u00f3ximo mandato em troca de tentar vencer elei\u00e7\u00e3o em 2026, diz Estad\u00e3o - Jornal Fatos e Not\u00edcias\" \/>\n<meta property=\"og:description\" content=\"Segundo o Estad\u00e3o, a proposta da Lei de Diretrizes Or\u00e7ament\u00e1rias (LDO) enviada pelo governo ao Congresso Nacional pode at\u00e9 ostentar seu nome t\u00e9cnico habitual, mas, segundo cr\u00edticas recorrentes entre analistas econ\u00f4micos e pol\u00edticos, soa mais como uma confiss\u00e3o pol\u00edtica: a prioridade central do governo Lula neste momento \u00e9 pavimentar o caminho para a reelei\u00e7\u00e3o em [&hellip;]\" \/>\n<meta property=\"og:url\" content=\"https:\/\/jornalfatosenoticias.com.br\/index.php\/2025\/04\/22\/lula-confessa-que-deixara-situacao-fiscal-para-o-proximo-mandato-em-troca-de-tentar-vencer-eleicao-em-2026-diz-estadao\/\" \/>\n<meta property=\"og:site_name\" content=\"Jornal Fatos e Not\u00edcias\" \/>\n<meta property=\"article:published_time\" content=\"2025-04-22T18:49:08+00:00\" \/>\n<meta property=\"article:modified_time\" content=\"2025-04-22T18:49:09+00:00\" \/>\n<meta property=\"og:image\" content=\"https:\/\/jornalfatosenoticias.com.br\/wp-content\/uploads\/2024\/12\/lula-molusco_gettyimages.jpg\" \/>\n\t<meta property=\"og:image:width\" content=\"612\" \/>\n\t<meta property=\"og:image:height\" content=\"408\" \/>\n\t<meta property=\"og:image:type\" content=\"image\/jpeg\" \/>\n<meta name=\"author\" content=\"Luzimara Fernandes\" \/>\n<meta name=\"twitter:card\" content=\"summary_large_image\" \/>\n<meta name=\"twitter:label1\" content=\"Escrito por\" \/>\n\t<meta name=\"twitter:data1\" content=\"Luzimara Fernandes\" \/>\n\t<meta name=\"twitter:label2\" content=\"Est. tempo de leitura\" \/>\n\t<meta name=\"twitter:data2\" content=\"3 minutos\" \/>\n<script type=\"application\/ld+json\" class=\"yoast-schema-graph\">{\"@context\":\"https:\/\/schema.org\",\"@graph\":[{\"@type\":\"Article\",\"@id\":\"https:\/\/jornalfatosenoticias.com.br\/index.php\/2025\/04\/22\/lula-confessa-que-deixara-situacao-fiscal-para-o-proximo-mandato-em-troca-de-tentar-vencer-eleicao-em-2026-diz-estadao\/#article\",\"isPartOf\":{\"@id\":\"https:\/\/jornalfatosenoticias.com.br\/index.php\/2025\/04\/22\/lula-confessa-que-deixara-situacao-fiscal-para-o-proximo-mandato-em-troca-de-tentar-vencer-eleicao-em-2026-diz-estadao\/\"},\"author\":{\"name\":\"Luzimara Fernandes\",\"@id\":\"https:\/\/jornalfatosenoticias.com.br\/#\/schema\/person\/d63837fa13ac8666eb9e74e0985d6f81\"},\"headline\":\"Lula confessa que deixar\u00e1 situa\u00e7\u00e3o fiscal para o pr\u00f3ximo mandato em troca de tentar vencer elei\u00e7\u00e3o em 2026, diz Estad\u00e3o\",\"datePublished\":\"2025-04-22T18:49:08+00:00\",\"dateModified\":\"2025-04-22T18:49:09+00:00\",\"mainEntityOfPage\":{\"@id\":\"https:\/\/jornalfatosenoticias.com.br\/index.php\/2025\/04\/22\/lula-confessa-que-deixara-situacao-fiscal-para-o-proximo-mandato-em-troca-de-tentar-vencer-eleicao-em-2026-diz-estadao\/\"},\"wordCount\":549,\"commentCount\":0,\"publisher\":{\"@id\":\"https:\/\/jornalfatosenoticias.com.br\/#organization\"},\"image\":{\"@id\":\"https:\/\/jornalfatosenoticias.com.br\/index.php\/2025\/04\/22\/lula-confessa-que-deixara-situacao-fiscal-para-o-proximo-mandato-em-troca-de-tentar-vencer-eleicao-em-2026-diz-estadao\/#primaryimage\"},\"thumbnailUrl\":\"https:\/\/jornalfatosenoticias.com.br\/wp-content\/uploads\/2024\/12\/lula-molusco_gettyimages.jpg\",\"keywords\":[\"elei\u00e7\u00e3o 2026\",\"Estad\u00e3o\",\"Lula\",\"pr\u00f3ximo mandato\",\"situa\u00e7\u00e3o fiscal\"],\"articleSection\":[\"Pol\u00edtica\"],\"inLanguage\":\"pt-BR\",\"potentialAction\":[{\"@type\":\"CommentAction\",\"name\":\"Comment\",\"target\":[\"https:\/\/jornalfatosenoticias.com.br\/index.php\/2025\/04\/22\/lula-confessa-que-deixara-situacao-fiscal-para-o-proximo-mandato-em-troca-de-tentar-vencer-eleicao-em-2026-diz-estadao\/#respond\"]}]},{\"@type\":\"WebPage\",\"@id\":\"https:\/\/jornalfatosenoticias.com.br\/index.php\/2025\/04\/22\/lula-confessa-que-deixara-situacao-fiscal-para-o-proximo-mandato-em-troca-de-tentar-vencer-eleicao-em-2026-diz-estadao\/\",\"url\":\"https:\/\/jornalfatosenoticias.com.br\/index.php\/2025\/04\/22\/lula-confessa-que-deixara-situacao-fiscal-para-o-proximo-mandato-em-troca-de-tentar-vencer-eleicao-em-2026-diz-estadao\/\",\"name\":\"Lula confessa que deixar\u00e1 situa\u00e7\u00e3o fiscal para o pr\u00f3ximo mandato em troca de tentar vencer elei\u00e7\u00e3o em 2026, diz Estad\u00e3o - Jornal Fatos e Not\u00edcias\",\"isPartOf\":{\"@id\":\"https:\/\/jornalfatosenoticias.com.br\/#website\"},\"primaryImageOfPage\":{\"@id\":\"https:\/\/jornalfatosenoticias.com.br\/index.php\/2025\/04\/22\/lula-confessa-que-deixara-situacao-fiscal-para-o-proximo-mandato-em-troca-de-tentar-vencer-eleicao-em-2026-diz-estadao\/#primaryimage\"},\"image\":{\"@id\":\"https:\/\/jornalfatosenoticias.com.br\/index.php\/2025\/04\/22\/lula-confessa-que-deixara-situacao-fiscal-para-o-proximo-mandato-em-troca-de-tentar-vencer-eleicao-em-2026-diz-estadao\/#primaryimage\"},\"thumbnailUrl\":\"https:\/\/jornalfatosenoticias.com.br\/wp-content\/uploads\/2024\/12\/lula-molusco_gettyimages.jpg\",\"datePublished\":\"2025-04-22T18:49:08+00:00\",\"dateModified\":\"2025-04-22T18:49:09+00:00\",\"breadcrumb\":{\"@id\":\"https:\/\/jornalfatosenoticias.com.br\/index.php\/2025\/04\/22\/lula-confessa-que-deixara-situacao-fiscal-para-o-proximo-mandato-em-troca-de-tentar-vencer-eleicao-em-2026-diz-estadao\/#breadcrumb\"},\"inLanguage\":\"pt-BR\",\"potentialAction\":[{\"@type\":\"ReadAction\",\"target\":[\"https:\/\/jornalfatosenoticias.com.br\/index.php\/2025\/04\/22\/lula-confessa-que-deixara-situacao-fiscal-para-o-proximo-mandato-em-troca-de-tentar-vencer-eleicao-em-2026-diz-estadao\/\"]}]},{\"@type\":\"ImageObject\",\"inLanguage\":\"pt-BR\",\"@id\":\"https:\/\/jornalfatosenoticias.com.br\/index.php\/2025\/04\/22\/lula-confessa-que-deixara-situacao-fiscal-para-o-proximo-mandato-em-troca-de-tentar-vencer-eleicao-em-2026-diz-estadao\/#primaryimage\",\"url\":\"https:\/\/jornalfatosenoticias.com.br\/wp-content\/uploads\/2024\/12\/lula-molusco_gettyimages.jpg\",\"contentUrl\":\"https:\/\/jornalfatosenoticias.com.br\/wp-content\/uploads\/2024\/12\/lula-molusco_gettyimages.jpg\",\"width\":612,\"height\":408,\"caption\":\"Brazil's President Luiz Inacio Lula da Silva attends the sanctioning of a bill at the Planalto Palace in Brasilia, Brazil, on November 6, 2024, after congratulating President-elect Donald Trump on his victory as president of the United States. (Photo by Ton Molina\/NurPhoto via Getty Images)\"},{\"@type\":\"BreadcrumbList\",\"@id\":\"https:\/\/jornalfatosenoticias.com.br\/index.php\/2025\/04\/22\/lula-confessa-que-deixara-situacao-fiscal-para-o-proximo-mandato-em-troca-de-tentar-vencer-eleicao-em-2026-diz-estadao\/#breadcrumb\",\"itemListElement\":[{\"@type\":\"ListItem\",\"position\":1,\"name\":\"In\u00edcio\",\"item\":\"https:\/\/jornalfatosenoticias.com.br\/\"},{\"@type\":\"ListItem\",\"position\":2,\"name\":\"Lula confessa que deixar\u00e1 situa\u00e7\u00e3o fiscal para o pr\u00f3ximo mandato em troca de tentar vencer elei\u00e7\u00e3o em 2026, diz Estad\u00e3o\"}]},{\"@type\":\"WebSite\",\"@id\":\"https:\/\/jornalfatosenoticias.com.br\/#website\",\"url\":\"https:\/\/jornalfatosenoticias.com.br\/\",\"name\":\"Jornal Fatos e Not\u00edcias\",\"description\":\"Not\u00edcias em geral\",\"publisher\":{\"@id\":\"https:\/\/jornalfatosenoticias.com.br\/#organization\"},\"potentialAction\":[{\"@type\":\"SearchAction\",\"target\":{\"@type\":\"EntryPoint\",\"urlTemplate\":\"https:\/\/jornalfatosenoticias.com.br\/?s={search_term_string}\"},\"query-input\":{\"@type\":\"PropertyValueSpecification\",\"valueRequired\":true,\"valueName\":\"search_term_string\"}}],\"inLanguage\":\"pt-BR\"},{\"@type\":\"Organization\",\"@id\":\"https:\/\/jornalfatosenoticias.com.br\/#organization\",\"name\":\"Jornal Fatos e Not\u00edcias\",\"url\":\"https:\/\/jornalfatosenoticias.com.br\/\",\"logo\":{\"@type\":\"ImageObject\",\"inLanguage\":\"pt-BR\",\"@id\":\"https:\/\/jornalfatosenoticias.com.br\/#\/schema\/logo\/image\/\",\"url\":\"https:\/\/jornalfatosenoticias.com.br\/wp-content\/uploads\/2020\/02\/logo120.png\",\"contentUrl\":\"https:\/\/jornalfatosenoticias.com.br\/wp-content\/uploads\/2020\/02\/logo120.png\",\"width\":1227,\"height\":120,\"caption\":\"Jornal Fatos e Not\u00edcias\"},\"image\":{\"@id\":\"https:\/\/jornalfatosenoticias.com.br\/#\/schema\/logo\/image\/\"}},{\"@type\":\"Person\",\"@id\":\"https:\/\/jornalfatosenoticias.com.br\/#\/schema\/person\/d63837fa13ac8666eb9e74e0985d6f81\",\"name\":\"Luzimara Fernandes\",\"image\":{\"@type\":\"ImageObject\",\"inLanguage\":\"pt-BR\",\"@id\":\"https:\/\/jornalfatosenoticias.com.br\/#\/schema\/person\/image\/\",\"url\":\"https:\/\/jornalfatosenoticias.com.br\/wp-content\/uploads\/2025\/05\/EU_portal.jpg\",\"contentUrl\":\"https:\/\/jornalfatosenoticias.com.br\/wp-content\/uploads\/2025\/05\/EU_portal.jpg\",\"caption\":\"Luzimara Fernandes\"},\"description\":\"Jornalista MTB 2358-ES\",\"sameAs\":[\"https:\/\/jornalfatosenoticias.com.br\"],\"url\":\"https:\/\/jornalfatosenoticias.com.br\/index.php\/author\/luzimara\/\"}]}<\/script>\n<!-- \/ Yoast SEO plugin. -->","yoast_head_json":{"title":"Lula confessa que deixar\u00e1 situa\u00e7\u00e3o fiscal para o pr\u00f3ximo mandato em troca de tentar vencer elei\u00e7\u00e3o em 2026, diz Estad\u00e3o - Jornal Fatos e Not\u00edcias","robots":{"index":"index","follow":"follow","max-snippet":"max-snippet:-1","max-image-preview":"max-image-preview:large","max-video-preview":"max-video-preview:-1"},"canonical":"https:\/\/jornalfatosenoticias.com.br\/index.php\/2025\/04\/22\/lula-confessa-que-deixara-situacao-fiscal-para-o-proximo-mandato-em-troca-de-tentar-vencer-eleicao-em-2026-diz-estadao\/","og_locale":"pt_BR","og_type":"article","og_title":"Lula confessa que deixar\u00e1 situa\u00e7\u00e3o fiscal para o pr\u00f3ximo mandato em troca de tentar vencer elei\u00e7\u00e3o em 2026, diz Estad\u00e3o - Jornal Fatos e Not\u00edcias","og_description":"Segundo o Estad\u00e3o, a proposta da Lei de Diretrizes Or\u00e7ament\u00e1rias (LDO) enviada pelo governo ao Congresso Nacional pode at\u00e9 ostentar seu nome t\u00e9cnico habitual, mas, segundo cr\u00edticas recorrentes entre analistas econ\u00f4micos e pol\u00edticos, soa mais como uma confiss\u00e3o pol\u00edtica: a prioridade central do governo Lula neste momento \u00e9 pavimentar o caminho para a reelei\u00e7\u00e3o em [&hellip;]","og_url":"https:\/\/jornalfatosenoticias.com.br\/index.php\/2025\/04\/22\/lula-confessa-que-deixara-situacao-fiscal-para-o-proximo-mandato-em-troca-de-tentar-vencer-eleicao-em-2026-diz-estadao\/","og_site_name":"Jornal Fatos e Not\u00edcias","article_published_time":"2025-04-22T18:49:08+00:00","article_modified_time":"2025-04-22T18:49:09+00:00","og_image":[{"width":612,"height":408,"url":"https:\/\/jornalfatosenoticias.com.br\/wp-content\/uploads\/2024\/12\/lula-molusco_gettyimages.jpg","type":"image\/jpeg"}],"author":"Luzimara Fernandes","twitter_card":"summary_large_image","twitter_misc":{"Escrito por":"Luzimara Fernandes","Est. tempo de leitura":"3 minutos"},"schema":{"@context":"https:\/\/schema.org","@graph":[{"@type":"Article","@id":"https:\/\/jornalfatosenoticias.com.br\/index.php\/2025\/04\/22\/lula-confessa-que-deixara-situacao-fiscal-para-o-proximo-mandato-em-troca-de-tentar-vencer-eleicao-em-2026-diz-estadao\/#article","isPartOf":{"@id":"https:\/\/jornalfatosenoticias.com.br\/index.php\/2025\/04\/22\/lula-confessa-que-deixara-situacao-fiscal-para-o-proximo-mandato-em-troca-de-tentar-vencer-eleicao-em-2026-diz-estadao\/"},"author":{"name":"Luzimara Fernandes","@id":"https:\/\/jornalfatosenoticias.com.br\/#\/schema\/person\/d63837fa13ac8666eb9e74e0985d6f81"},"headline":"Lula confessa que deixar\u00e1 situa\u00e7\u00e3o fiscal para o pr\u00f3ximo mandato em troca de tentar vencer elei\u00e7\u00e3o em 2026, diz Estad\u00e3o","datePublished":"2025-04-22T18:49:08+00:00","dateModified":"2025-04-22T18:49:09+00:00","mainEntityOfPage":{"@id":"https:\/\/jornalfatosenoticias.com.br\/index.php\/2025\/04\/22\/lula-confessa-que-deixara-situacao-fiscal-para-o-proximo-mandato-em-troca-de-tentar-vencer-eleicao-em-2026-diz-estadao\/"},"wordCount":549,"commentCount":0,"publisher":{"@id":"https:\/\/jornalfatosenoticias.com.br\/#organization"},"image":{"@id":"https:\/\/jornalfatosenoticias.com.br\/index.php\/2025\/04\/22\/lula-confessa-que-deixara-situacao-fiscal-para-o-proximo-mandato-em-troca-de-tentar-vencer-eleicao-em-2026-diz-estadao\/#primaryimage"},"thumbnailUrl":"https:\/\/jornalfatosenoticias.com.br\/wp-content\/uploads\/2024\/12\/lula-molusco_gettyimages.jpg","keywords":["elei\u00e7\u00e3o 2026","Estad\u00e3o","Lula","pr\u00f3ximo mandato","situa\u00e7\u00e3o fiscal"],"articleSection":["Pol\u00edtica"],"inLanguage":"pt-BR","potentialAction":[{"@type":"CommentAction","name":"Comment","target":["https:\/\/jornalfatosenoticias.com.br\/index.php\/2025\/04\/22\/lula-confessa-que-deixara-situacao-fiscal-para-o-proximo-mandato-em-troca-de-tentar-vencer-eleicao-em-2026-diz-estadao\/#respond"]}]},{"@type":"WebPage","@id":"https:\/\/jornalfatosenoticias.com.br\/index.php\/2025\/04\/22\/lula-confessa-que-deixara-situacao-fiscal-para-o-proximo-mandato-em-troca-de-tentar-vencer-eleicao-em-2026-diz-estadao\/","url":"https:\/\/jornalfatosenoticias.com.br\/index.php\/2025\/04\/22\/lula-confessa-que-deixara-situacao-fiscal-para-o-proximo-mandato-em-troca-de-tentar-vencer-eleicao-em-2026-diz-estadao\/","name":"Lula confessa que deixar\u00e1 situa\u00e7\u00e3o fiscal para o pr\u00f3ximo mandato em troca de tentar vencer elei\u00e7\u00e3o em 2026, diz Estad\u00e3o - Jornal Fatos e Not\u00edcias","isPartOf":{"@id":"https:\/\/jornalfatosenoticias.com.br\/#website"},"primaryImageOfPage":{"@id":"https:\/\/jornalfatosenoticias.com.br\/index.php\/2025\/04\/22\/lula-confessa-que-deixara-situacao-fiscal-para-o-proximo-mandato-em-troca-de-tentar-vencer-eleicao-em-2026-diz-estadao\/#primaryimage"},"image":{"@id":"https:\/\/jornalfatosenoticias.com.br\/index.php\/2025\/04\/22\/lula-confessa-que-deixara-situacao-fiscal-para-o-proximo-mandato-em-troca-de-tentar-vencer-eleicao-em-2026-diz-estadao\/#primaryimage"},"thumbnailUrl":"https:\/\/jornalfatosenoticias.com.br\/wp-content\/uploads\/2024\/12\/lula-molusco_gettyimages.jpg","datePublished":"2025-04-22T18:49:08+00:00","dateModified":"2025-04-22T18:49:09+00:00","breadcrumb":{"@id":"https:\/\/jornalfatosenoticias.com.br\/index.php\/2025\/04\/22\/lula-confessa-que-deixara-situacao-fiscal-para-o-proximo-mandato-em-troca-de-tentar-vencer-eleicao-em-2026-diz-estadao\/#breadcrumb"},"inLanguage":"pt-BR","potentialAction":[{"@type":"ReadAction","target":["https:\/\/jornalfatosenoticias.com.br\/index.php\/2025\/04\/22\/lula-confessa-que-deixara-situacao-fiscal-para-o-proximo-mandato-em-troca-de-tentar-vencer-eleicao-em-2026-diz-estadao\/"]}]},{"@type":"ImageObject","inLanguage":"pt-BR","@id":"https:\/\/jornalfatosenoticias.com.br\/index.php\/2025\/04\/22\/lula-confessa-que-deixara-situacao-fiscal-para-o-proximo-mandato-em-troca-de-tentar-vencer-eleicao-em-2026-diz-estadao\/#primaryimage","url":"https:\/\/jornalfatosenoticias.com.br\/wp-content\/uploads\/2024\/12\/lula-molusco_gettyimages.jpg","contentUrl":"https:\/\/jornalfatosenoticias.com.br\/wp-content\/uploads\/2024\/12\/lula-molusco_gettyimages.jpg","width":612,"height":408,"caption":"Brazil's President Luiz Inacio Lula da Silva attends the sanctioning of a bill at the Planalto Palace in Brasilia, Brazil, on November 6, 2024, after congratulating President-elect Donald Trump on his victory as president of the United States. (Photo by Ton Molina\/NurPhoto via Getty Images)"},{"@type":"BreadcrumbList","@id":"https:\/\/jornalfatosenoticias.com.br\/index.php\/2025\/04\/22\/lula-confessa-que-deixara-situacao-fiscal-para-o-proximo-mandato-em-troca-de-tentar-vencer-eleicao-em-2026-diz-estadao\/#breadcrumb","itemListElement":[{"@type":"ListItem","position":1,"name":"In\u00edcio","item":"https:\/\/jornalfatosenoticias.com.br\/"},{"@type":"ListItem","position":2,"name":"Lula confessa que deixar\u00e1 situa\u00e7\u00e3o fiscal para o pr\u00f3ximo mandato em troca de tentar vencer elei\u00e7\u00e3o em 2026, diz Estad\u00e3o"}]},{"@type":"WebSite","@id":"https:\/\/jornalfatosenoticias.com.br\/#website","url":"https:\/\/jornalfatosenoticias.com.br\/","name":"Jornal Fatos e Not\u00edcias","description":"Not\u00edcias em geral","publisher":{"@id":"https:\/\/jornalfatosenoticias.com.br\/#organization"},"potentialAction":[{"@type":"SearchAction","target":{"@type":"EntryPoint","urlTemplate":"https:\/\/jornalfatosenoticias.com.br\/?s={search_term_string}"},"query-input":{"@type":"PropertyValueSpecification","valueRequired":true,"valueName":"search_term_string"}}],"inLanguage":"pt-BR"},{"@type":"Organization","@id":"https:\/\/jornalfatosenoticias.com.br\/#organization","name":"Jornal Fatos e Not\u00edcias","url":"https:\/\/jornalfatosenoticias.com.br\/","logo":{"@type":"ImageObject","inLanguage":"pt-BR","@id":"https:\/\/jornalfatosenoticias.com.br\/#\/schema\/logo\/image\/","url":"https:\/\/jornalfatosenoticias.com.br\/wp-content\/uploads\/2020\/02\/logo120.png","contentUrl":"https:\/\/jornalfatosenoticias.com.br\/wp-content\/uploads\/2020\/02\/logo120.png","width":1227,"height":120,"caption":"Jornal Fatos e Not\u00edcias"},"image":{"@id":"https:\/\/jornalfatosenoticias.com.br\/#\/schema\/logo\/image\/"}},{"@type":"Person","@id":"https:\/\/jornalfatosenoticias.com.br\/#\/schema\/person\/d63837fa13ac8666eb9e74e0985d6f81","name":"Luzimara Fernandes","image":{"@type":"ImageObject","inLanguage":"pt-BR","@id":"https:\/\/jornalfatosenoticias.com.br\/#\/schema\/person\/image\/","url":"https:\/\/jornalfatosenoticias.com.br\/wp-content\/uploads\/2025\/05\/EU_portal.jpg","contentUrl":"https:\/\/jornalfatosenoticias.com.br\/wp-content\/uploads\/2025\/05\/EU_portal.jpg","caption":"Luzimara Fernandes"},"description":"Jornalista MTB 2358-ES","sameAs":["https:\/\/jornalfatosenoticias.com.br"],"url":"https:\/\/jornalfatosenoticias.com.br\/index.php\/author\/luzimara\/"}]}},"cc_featured_image_caption":{"caption_text":"(Foto: Getty Images) ","source_text":"","source_url":""},"jetpack_featured_media_url":"https:\/\/jornalfatosenoticias.com.br\/wp-content\/uploads\/2024\/12\/lula-molusco_gettyimages.jpg","_links":{"self":[{"href":"https:\/\/jornalfatosenoticias.com.br\/index.php\/wp-json\/wp\/v2\/posts\/58686","targetHints":{"allow":["GET"]}}],"collection":[{"href":"https:\/\/jornalfatosenoticias.com.br\/index.php\/wp-json\/wp\/v2\/posts"}],"about":[{"href":"https:\/\/jornalfatosenoticias.com.br\/index.php\/wp-json\/wp\/v2\/types\/post"}],"author":[{"embeddable":true,"href":"https:\/\/jornalfatosenoticias.com.br\/index.php\/wp-json\/wp\/v2\/users\/2"}],"replies":[{"embeddable":true,"href":"https:\/\/jornalfatosenoticias.com.br\/index.php\/wp-json\/wp\/v2\/comments?post=58686"}],"version-history":[{"count":0,"href":"https:\/\/jornalfatosenoticias.com.br\/index.php\/wp-json\/wp\/v2\/posts\/58686\/revisions"}],"wp:featuredmedia":[{"embeddable":true,"href":"https:\/\/jornalfatosenoticias.com.br\/index.php\/wp-json\/wp\/v2\/media\/56495"}],"wp:attachment":[{"href":"https:\/\/jornalfatosenoticias.com.br\/index.php\/wp-json\/wp\/v2\/media?parent=58686"}],"wp:term":[{"taxonomy":"category","embeddable":true,"href":"https:\/\/jornalfatosenoticias.com.br\/index.php\/wp-json\/wp\/v2\/categories?post=58686"},{"taxonomy":"post_tag","embeddable":true,"href":"https:\/\/jornalfatosenoticias.com.br\/index.php\/wp-json\/wp\/v2\/tags?post=58686"}],"curies":[{"name":"wp","href":"https:\/\/api.w.org\/{rel}","templated":true}]}}