{"id":58688,"date":"2025-04-23T09:19:44","date_gmt":"2025-04-23T12:19:44","guid":{"rendered":"https:\/\/jornalfatosenoticias.com.br\/?p=58688"},"modified":"2025-04-23T09:19:47","modified_gmt":"2025-04-23T12:19:47","slug":"educacao-infantil-ambiente-acolhedor-e-estimulante-favorece-o-aprendizado","status":"publish","type":"post","link":"https:\/\/jornalfatosenoticias.com.br\/index.php\/2025\/04\/23\/educacao-infantil-ambiente-acolhedor-e-estimulante-favorece-o-aprendizado\/","title":{"rendered":"Educa\u00e7\u00e3o infantil: ambiente acolhedor e estimulante favorece o aprendizado"},"content":{"rendered":"\n<p><em><span class=\"has-inline-color has-black-color\">Coordenadora pedag\u00f3gica ressalta o papel fundamental da escola e da fam\u00edlia no desenvolvimento das crian\u00e7as<\/span><\/em><\/p>\n\n\n\n<div class=\"wp-block-image\"><figure class=\"aligncenter size-large is-resized\"><a href=\"https:\/\/www.facebook.com\/vetor.vix\/\"><img loading=\"lazy\" decoding=\"async\" src=\"https:\/\/jornalfatosenoticias.com.br\/wp-content\/uploads\/2023\/09\/vetorvix1024_1.jpg\" alt=\"\" class=\"wp-image-44868\" width=\"550\" height=\"146\" srcset=\"https:\/\/jornalfatosenoticias.com.br\/wp-content\/uploads\/2023\/09\/vetorvix1024_1.jpg 1024w, https:\/\/jornalfatosenoticias.com.br\/wp-content\/uploads\/2023\/09\/vetorvix1024_1-300x80.jpg 300w, https:\/\/jornalfatosenoticias.com.br\/wp-content\/uploads\/2023\/09\/vetorvix1024_1-768x205.jpg 768w\" sizes=\"auto, (max-width: 550px) 100vw, 550px\" \/><\/a><\/figure><\/div>\n\n\n\n<p>A inf\u00e2ncia \u00e9 um per\u00edodo de descobertas e experimenta\u00e7\u00f5es, em que a crian\u00e7a aprende por meio de brincadeiras, intera\u00e7\u00f5es e viv\u00eancias. E para que todos possam explorar seu potencial de maneira saud\u00e1vel e criativa, \u00e9 essencial oferecer um suporte adequado respeitando diferentes ritmos e necessidades.<br>Maria Clara Rodrigues Alves, coordenadora dos segmentos infantil e fundamental da Rede Alante, destaca a import\u00e2ncia do ambiente escolar ser sens\u00edvel a essas individualidades. \u201cA adapta\u00e7\u00e3o \u00e0 rotina escolar, a constru\u00e7\u00e3o da autonomia e a rela\u00e7\u00e3o interpessoal com os colegas s\u00e3o aspectos fundamentais, mas podem representar desafios para algumas crian\u00e7as\u201d.<\/p>\n\n\n\n<div class=\"wp-block-image\"><figure class=\"aligncenter size-large is-resized\"><a href=\"https:\/\/www.facebook.com\/profile.php?id=100069289606145\"><img loading=\"lazy\" decoding=\"async\" src=\"https:\/\/jornalfatosenoticias.com.br\/wp-content\/uploads\/2024\/11\/Guaitolini-Contabilidade-1024x714.jpeg\" alt=\"\" class=\"wp-image-55808\" width=\"349\" height=\"243\" srcset=\"https:\/\/jornalfatosenoticias.com.br\/wp-content\/uploads\/2024\/11\/Guaitolini-Contabilidade-1024x714.jpeg 1024w, https:\/\/jornalfatosenoticias.com.br\/wp-content\/uploads\/2024\/11\/Guaitolini-Contabilidade-300x209.jpeg 300w, https:\/\/jornalfatosenoticias.com.br\/wp-content\/uploads\/2024\/11\/Guaitolini-Contabilidade-768x535.jpeg 768w, https:\/\/jornalfatosenoticias.com.br\/wp-content\/uploads\/2024\/11\/Guaitolini-Contabilidade.jpeg 1280w\" sizes=\"auto, (max-width: 349px) 100vw, 349px\" \/><\/a><\/figure><\/div>\n\n\n\n<p>A coordenadora complementa que a aprendizagem na inf\u00e2ncia tamb\u00e9m depende do bem-estar emocional das crian\u00e7as, j\u00e1 que, quando enfrentam inseguran\u00e7as ou dificuldades emocionais, podem ter mais obst\u00e1culos para aprender. \u201cO ambiente familiar e a qualidade dos est\u00edmulos recebidos influenciam diretamente no desenvolvimento\u201d, aponta Maria Clara.<br>Ainda vale ressaltar a import\u00e2ncia de uma escola acolhedora, onde a crian\u00e7a possa desenvolver n\u00e3o apenas compet\u00eancias cognitivas. <\/p>\n\n\n\n<div class=\"wp-block-image\"><figure class=\"aligncenter size-large is-resized\"><a href=\"https:\/\/www.instagram.com\/serra4x4cambioautomatico\/\"><img loading=\"lazy\" decoding=\"async\" src=\"https:\/\/jornalfatosenoticias.com.br\/wp-content\/uploads\/2024\/08\/Serra-4x4-1-886x1024.jpg\" alt=\"\" class=\"wp-image-53632\" width=\"278\" height=\"321\" srcset=\"https:\/\/jornalfatosenoticias.com.br\/wp-content\/uploads\/2024\/08\/Serra-4x4-1-886x1024.jpg 886w, https:\/\/jornalfatosenoticias.com.br\/wp-content\/uploads\/2024\/08\/Serra-4x4-1-260x300.jpg 260w, https:\/\/jornalfatosenoticias.com.br\/wp-content\/uploads\/2024\/08\/Serra-4x4-1-768x888.jpg 768w, https:\/\/jornalfatosenoticias.com.br\/wp-content\/uploads\/2024\/08\/Serra-4x4-1.jpg 1181w\" sizes=\"auto, (max-width: 278px) 100vw, 278px\" \/><\/a><\/figure><\/div>\n\n\n\n<blockquote class=\"wp-block-quote is-layout-flow wp-block-quote-is-layout-flow\"><p><span class=\"has-inline-color has-luminous-vivid-orange-color\">A escola na primeira inf\u00e2ncia vai muito al\u00e9m do ensino de conte\u00fado. \u00c9 nela que a crian\u00e7a come\u00e7a a desenvolver habilidades essenciais para a vida, como autonomia, comunica\u00e7\u00e3o, empatia e resolu\u00e7\u00e3o de problemas\u201d, explica a educadora.<\/span><\/p><\/blockquote>\n\n\n\n<div class=\"wp-block-image\"><figure class=\"aligncenter size-large is-resized\"><a href=\"https:\/\/www.legisjuris.com.br\/\"><img loading=\"lazy\" decoding=\"async\" src=\"https:\/\/jornalfatosenoticias.com.br\/wp-content\/uploads\/2024\/09\/Legis-Juris-Consultoria_logo.jpg\" alt=\"\" class=\"wp-image-53915\" width=\"496\" height=\"208\" srcset=\"https:\/\/jornalfatosenoticias.com.br\/wp-content\/uploads\/2024\/09\/Legis-Juris-Consultoria_logo.jpg 969w, https:\/\/jornalfatosenoticias.com.br\/wp-content\/uploads\/2024\/09\/Legis-Juris-Consultoria_logo-300x126.jpg 300w, https:\/\/jornalfatosenoticias.com.br\/wp-content\/uploads\/2024\/09\/Legis-Juris-Consultoria_logo-768x322.jpg 768w\" sizes=\"auto, (max-width: 496px) 100vw, 496px\" \/><\/a><\/figure><\/div>\n\n\n\n<p>Quando esse ambiente \u00e9 positivo, cria-se uma base s\u00f3lida para o desenvolvimento escolar e pessoal nos anos seguintes, resultando em uma crian\u00e7a mais confiante e motivada para aprender. Al\u00e9m disso, Maria Clara enfatiza a relev\u00e2ncia da maneira como os conte\u00fados s\u00e3o introduzidos na escola, especialmente no processo de alfabetiza\u00e7\u00e3o. <\/p>\n\n\n\n<div class=\"wp-block-image\"><figure class=\"aligncenter size-large is-resized\"><a href=\"https:\/\/www.instagram.com\/esteiochurrascaria\/\"><img loading=\"lazy\" decoding=\"async\" src=\"https:\/\/jornalfatosenoticias.com.br\/wp-content\/uploads\/2022\/02\/LOGO-ESTEIO-1024x730.png\" alt=\"\" class=\"wp-image-27942\" width=\"296\" height=\"211\" srcset=\"https:\/\/jornalfatosenoticias.com.br\/wp-content\/uploads\/2022\/02\/LOGO-ESTEIO-1024x730.png 1024w, https:\/\/jornalfatosenoticias.com.br\/wp-content\/uploads\/2022\/02\/LOGO-ESTEIO-300x214.png 300w, https:\/\/jornalfatosenoticias.com.br\/wp-content\/uploads\/2022\/02\/LOGO-ESTEIO-768x548.png 768w, https:\/\/jornalfatosenoticias.com.br\/wp-content\/uploads\/2022\/02\/LOGO-ESTEIO.png 1123w\" sizes=\"auto, (max-width: 296px) 100vw, 296px\" \/><\/a><\/figure><\/div>\n\n\n\n<blockquote class=\"wp-block-quote is-layout-flow wp-block-quote-is-layout-flow\"><p><span class=\"has-inline-color has-luminous-vivid-orange-color\">O aprendizado precisa fazer sentido para a crian\u00e7a. No caso da alfabetiza\u00e7\u00e3o, o ideal \u00e9 que o processo seja leve, l\u00fadico e respeite o tempo de cada aluno\u201d. <\/span><\/p><\/blockquote>\n\n\n\n<div class=\"wp-block-image\"><figure class=\"aligncenter size-large is-resized\"><a href=\"https:\/\/www.instagram.com\/restaurantepegoretti\/\"><img loading=\"lazy\" decoding=\"async\" src=\"https:\/\/jornalfatosenoticias.com.br\/wp-content\/uploads\/2023\/12\/pegoretti-logo-pdf-1024x389.jpg\" alt=\"\" class=\"wp-image-47536\" width=\"519\" height=\"197\" srcset=\"https:\/\/jornalfatosenoticias.com.br\/wp-content\/uploads\/2023\/12\/pegoretti-logo-pdf-1024x389.jpg 1024w, https:\/\/jornalfatosenoticias.com.br\/wp-content\/uploads\/2023\/12\/pegoretti-logo-pdf-300x114.jpg 300w, https:\/\/jornalfatosenoticias.com.br\/wp-content\/uploads\/2023\/12\/pegoretti-logo-pdf-768x291.jpg 768w, https:\/\/jornalfatosenoticias.com.br\/wp-content\/uploads\/2023\/12\/pegoretti-logo-pdf.jpg 1120w\" sizes=\"auto, (max-width: 519px) 100vw, 519px\" \/><\/a><\/figure><\/div>\n\n\n\n<p>Ela sugere que o uso de hist\u00f3rias, m\u00fasicas e brincadeiras pode tornar esse processo mais prazeroso e natural. A especialista ainda refor\u00e7a o papel do professor, que deve ser uma figura encorajadora e reconhecedora do esfor\u00e7o da crian\u00e7a, para garantir que ela se sinta capaz e confiante para continuar avan\u00e7ando. Por fim, a especialista aponta que a equipe pedag\u00f3gica desempenha um papel fundamental na cria\u00e7\u00e3o de um ambiente seguro e estimulante para a aprendizagem. <\/p>\n\n\n\n<div class=\"wp-block-image\"><figure class=\"aligncenter size-large\"><a href=\"https:\/\/www.cesconetto.com.br\/\"><img loading=\"lazy\" decoding=\"async\" width=\"300\" height=\"250\" src=\"https:\/\/jornalfatosenoticias.com.br\/wp-content\/uploads\/2020\/02\/Banner-2.png\" alt=\"\" class=\"wp-image-43787\"\/><\/a><\/figure><\/div>\n\n\n\n<blockquote class=\"wp-block-quote is-layout-flow wp-block-quote-is-layout-flow\"><p><span class=\"has-inline-color has-luminous-vivid-orange-color\">Apostar em metodologias ativas, que envolvam os alunos de forma participativa e despertem o interesse deles pelo conhecimento, \u00e9 uma das formas de facilitar esse processo\u201d, destaca. <\/span><\/p><\/blockquote>\n\n\n\n<div class=\"wp-block-image\"><figure class=\"aligncenter size-large is-resized\"><a href=\"https:\/\/hotelmarquetti.com.br\/\"><img loading=\"lazy\" decoding=\"async\" src=\"https:\/\/jornalfatosenoticias.com.br\/wp-content\/uploads\/2020\/02\/LOGO-MQ-1024x680.jpg\" alt=\"\" class=\"wp-image-58299\" width=\"339\" height=\"225\" srcset=\"https:\/\/jornalfatosenoticias.com.br\/wp-content\/uploads\/2020\/02\/LOGO-MQ-1024x680.jpg 1024w, https:\/\/jornalfatosenoticias.com.br\/wp-content\/uploads\/2020\/02\/LOGO-MQ-300x199.jpg 300w, https:\/\/jornalfatosenoticias.com.br\/wp-content\/uploads\/2020\/02\/LOGO-MQ-768x510.jpg 768w, https:\/\/jornalfatosenoticias.com.br\/wp-content\/uploads\/2020\/02\/LOGO-MQ-1536x1020.jpg 1536w, https:\/\/jornalfatosenoticias.com.br\/wp-content\/uploads\/2020\/02\/LOGO-MQ-2048x1360.jpg 2048w\" sizes=\"auto, (max-width: 339px) 100vw, 339px\" \/><\/a><\/figure><\/div>\n\n\n\n<p>A colabora\u00e7\u00e3o estreita entre escola, fam\u00edlia e equipe pedag\u00f3gica cria um espa\u00e7o no qual a crian\u00e7a aprende de forma significativa e feliz, sempre respeitando seu tempo e suas necessidades.<\/p>\n\n\n\n<p><strong>Fonte: <a href=\"https:\/\/cangurunews.com.br\/educacao-infantil-ambiente-acolhedor-e-estimulante-favorece-o-aprendizado\/\">Canguru News<\/a><\/strong><\/p>\n","protected":false},"excerpt":{"rendered":"<p>Coordenadora pedag\u00f3gica ressalta o papel fundamental da escola e da fam\u00edlia no desenvolvimento das crian\u00e7as A inf\u00e2ncia \u00e9 um per\u00edodo de descobertas e experimenta\u00e7\u00f5es, em que a crian\u00e7a aprende por meio de brincadeiras, intera\u00e7\u00f5es e viv\u00eancias. E para que todos possam explorar seu potencial de maneira saud\u00e1vel e criativa, \u00e9 essencial oferecer um suporte adequado [&hellip;]<\/p>\n","protected":false},"author":2,"featured_media":58689,"comment_status":"open","ping_status":"open","sticky":false,"template":"","format":"standard","meta":{"footnotes":""},"categories":[7],"tags":[3821,26760,4575,26759,1870,11337],"class_list":["post-58688","post","type-post","status-publish","format-standard","has-post-thumbnail","hentry","category-educacao","tag-alfabetizacao","tag-ambiente-familiar","tag-aprendizado","tag-competencias-cognitivas","tag-educacao-infantil","tag-primeira-infancia"],"yoast_head":"<!-- This site is optimized with the Yoast SEO plugin v26.5 - https:\/\/yoast.com\/wordpress\/plugins\/seo\/ -->\n<title>Educa\u00e7\u00e3o infantil: ambiente acolhedor e estimulante favorece o aprendizado - Jornal Fatos e Not\u00edcias<\/title>\n<meta name=\"robots\" content=\"index, follow, max-snippet:-1, max-image-preview:large, max-video-preview:-1\" \/>\n<link rel=\"canonical\" href=\"https:\/\/jornalfatosenoticias.com.br\/index.php\/2025\/04\/23\/educacao-infantil-ambiente-acolhedor-e-estimulante-favorece-o-aprendizado\/\" \/>\n<meta property=\"og:locale\" content=\"pt_BR\" \/>\n<meta property=\"og:type\" content=\"article\" \/>\n<meta property=\"og:title\" content=\"Educa\u00e7\u00e3o infantil: ambiente acolhedor e estimulante favorece o aprendizado - Jornal Fatos e Not\u00edcias\" \/>\n<meta property=\"og:description\" content=\"Coordenadora pedag\u00f3gica ressalta o papel fundamental da escola e da fam\u00edlia no desenvolvimento das crian\u00e7as A inf\u00e2ncia \u00e9 um per\u00edodo de descobertas e experimenta\u00e7\u00f5es, em que a crian\u00e7a aprende por meio de brincadeiras, intera\u00e7\u00f5es e viv\u00eancias. E para que todos possam explorar seu potencial de maneira saud\u00e1vel e criativa, \u00e9 essencial oferecer um suporte adequado [&hellip;]\" \/>\n<meta property=\"og:url\" content=\"https:\/\/jornalfatosenoticias.com.br\/index.php\/2025\/04\/23\/educacao-infantil-ambiente-acolhedor-e-estimulante-favorece-o-aprendizado\/\" \/>\n<meta property=\"og:site_name\" content=\"Jornal Fatos e Not\u00edcias\" \/>\n<meta property=\"article:published_time\" content=\"2025-04-23T12:19:44+00:00\" \/>\n<meta property=\"article:modified_time\" content=\"2025-04-23T12:19:47+00:00\" \/>\n<meta property=\"og:image\" content=\"https:\/\/jornalfatosenoticias.com.br\/wp-content\/uploads\/2025\/04\/Educacao-infantil-ambiente-acolhedor_freepik.jpg\" \/>\n\t<meta property=\"og:image:width\" content=\"1024\" \/>\n\t<meta property=\"og:image:height\" content=\"574\" \/>\n\t<meta property=\"og:image:type\" content=\"image\/jpeg\" \/>\n<meta name=\"author\" content=\"Luzimara Fernandes\" \/>\n<meta name=\"twitter:card\" content=\"summary_large_image\" \/>\n<meta name=\"twitter:label1\" content=\"Escrito por\" \/>\n\t<meta name=\"twitter:data1\" content=\"Luzimara Fernandes\" \/>\n\t<meta name=\"twitter:label2\" content=\"Est. tempo de leitura\" \/>\n\t<meta name=\"twitter:data2\" content=\"2 minutos\" \/>\n<script type=\"application\/ld+json\" class=\"yoast-schema-graph\">{\"@context\":\"https:\/\/schema.org\",\"@graph\":[{\"@type\":\"Article\",\"@id\":\"https:\/\/jornalfatosenoticias.com.br\/index.php\/2025\/04\/23\/educacao-infantil-ambiente-acolhedor-e-estimulante-favorece-o-aprendizado\/#article\",\"isPartOf\":{\"@id\":\"https:\/\/jornalfatosenoticias.com.br\/index.php\/2025\/04\/23\/educacao-infantil-ambiente-acolhedor-e-estimulante-favorece-o-aprendizado\/\"},\"author\":{\"name\":\"Luzimara Fernandes\",\"@id\":\"https:\/\/jornalfatosenoticias.com.br\/#\/schema\/person\/d63837fa13ac8666eb9e74e0985d6f81\"},\"headline\":\"Educa\u00e7\u00e3o infantil: ambiente acolhedor e estimulante favorece o aprendizado\",\"datePublished\":\"2025-04-23T12:19:44+00:00\",\"dateModified\":\"2025-04-23T12:19:47+00:00\",\"mainEntityOfPage\":{\"@id\":\"https:\/\/jornalfatosenoticias.com.br\/index.php\/2025\/04\/23\/educacao-infantil-ambiente-acolhedor-e-estimulante-favorece-o-aprendizado\/\"},\"wordCount\":479,\"commentCount\":0,\"publisher\":{\"@id\":\"https:\/\/jornalfatosenoticias.com.br\/#organization\"},\"image\":{\"@id\":\"https:\/\/jornalfatosenoticias.com.br\/index.php\/2025\/04\/23\/educacao-infantil-ambiente-acolhedor-e-estimulante-favorece-o-aprendizado\/#primaryimage\"},\"thumbnailUrl\":\"https:\/\/jornalfatosenoticias.com.br\/wp-content\/uploads\/2025\/04\/Educacao-infantil-ambiente-acolhedor_freepik.jpg\",\"keywords\":[\"alfabetiza\u00e7\u00e3o\",\"ambiente familiar\",\"aprendizado\",\"compet\u00eancias cognitivas\",\"educa\u00e7\u00e3o infantil\",\"primeira inf\u00e2ncia\"],\"articleSection\":[\"Educa\u00e7\u00e3o\"],\"inLanguage\":\"pt-BR\",\"potentialAction\":[{\"@type\":\"CommentAction\",\"name\":\"Comment\",\"target\":[\"https:\/\/jornalfatosenoticias.com.br\/index.php\/2025\/04\/23\/educacao-infantil-ambiente-acolhedor-e-estimulante-favorece-o-aprendizado\/#respond\"]}]},{\"@type\":\"WebPage\",\"@id\":\"https:\/\/jornalfatosenoticias.com.br\/index.php\/2025\/04\/23\/educacao-infantil-ambiente-acolhedor-e-estimulante-favorece-o-aprendizado\/\",\"url\":\"https:\/\/jornalfatosenoticias.com.br\/index.php\/2025\/04\/23\/educacao-infantil-ambiente-acolhedor-e-estimulante-favorece-o-aprendizado\/\",\"name\":\"Educa\u00e7\u00e3o infantil: ambiente acolhedor e estimulante favorece o aprendizado - Jornal Fatos e Not\u00edcias\",\"isPartOf\":{\"@id\":\"https:\/\/jornalfatosenoticias.com.br\/#website\"},\"primaryImageOfPage\":{\"@id\":\"https:\/\/jornalfatosenoticias.com.br\/index.php\/2025\/04\/23\/educacao-infantil-ambiente-acolhedor-e-estimulante-favorece-o-aprendizado\/#primaryimage\"},\"image\":{\"@id\":\"https:\/\/jornalfatosenoticias.com.br\/index.php\/2025\/04\/23\/educacao-infantil-ambiente-acolhedor-e-estimulante-favorece-o-aprendizado\/#primaryimage\"},\"thumbnailUrl\":\"https:\/\/jornalfatosenoticias.com.br\/wp-content\/uploads\/2025\/04\/Educacao-infantil-ambiente-acolhedor_freepik.jpg\",\"datePublished\":\"2025-04-23T12:19:44+00:00\",\"dateModified\":\"2025-04-23T12:19:47+00:00\",\"breadcrumb\":{\"@id\":\"https:\/\/jornalfatosenoticias.com.br\/index.php\/2025\/04\/23\/educacao-infantil-ambiente-acolhedor-e-estimulante-favorece-o-aprendizado\/#breadcrumb\"},\"inLanguage\":\"pt-BR\",\"potentialAction\":[{\"@type\":\"ReadAction\",\"target\":[\"https:\/\/jornalfatosenoticias.com.br\/index.php\/2025\/04\/23\/educacao-infantil-ambiente-acolhedor-e-estimulante-favorece-o-aprendizado\/\"]}]},{\"@type\":\"ImageObject\",\"inLanguage\":\"pt-BR\",\"@id\":\"https:\/\/jornalfatosenoticias.com.br\/index.php\/2025\/04\/23\/educacao-infantil-ambiente-acolhedor-e-estimulante-favorece-o-aprendizado\/#primaryimage\",\"url\":\"https:\/\/jornalfatosenoticias.com.br\/wp-content\/uploads\/2025\/04\/Educacao-infantil-ambiente-acolhedor_freepik.jpg\",\"contentUrl\":\"https:\/\/jornalfatosenoticias.com.br\/wp-content\/uploads\/2025\/04\/Educacao-infantil-ambiente-acolhedor_freepik.jpg\",\"width\":1024,\"height\":574},{\"@type\":\"BreadcrumbList\",\"@id\":\"https:\/\/jornalfatosenoticias.com.br\/index.php\/2025\/04\/23\/educacao-infantil-ambiente-acolhedor-e-estimulante-favorece-o-aprendizado\/#breadcrumb\",\"itemListElement\":[{\"@type\":\"ListItem\",\"position\":1,\"name\":\"In\u00edcio\",\"item\":\"https:\/\/jornalfatosenoticias.com.br\/\"},{\"@type\":\"ListItem\",\"position\":2,\"name\":\"Educa\u00e7\u00e3o infantil: ambiente acolhedor e estimulante favorece o aprendizado\"}]},{\"@type\":\"WebSite\",\"@id\":\"https:\/\/jornalfatosenoticias.com.br\/#website\",\"url\":\"https:\/\/jornalfatosenoticias.com.br\/\",\"name\":\"Jornal Fatos e Not\u00edcias\",\"description\":\"Not\u00edcias em geral\",\"publisher\":{\"@id\":\"https:\/\/jornalfatosenoticias.com.br\/#organization\"},\"potentialAction\":[{\"@type\":\"SearchAction\",\"target\":{\"@type\":\"EntryPoint\",\"urlTemplate\":\"https:\/\/jornalfatosenoticias.com.br\/?s={search_term_string}\"},\"query-input\":{\"@type\":\"PropertyValueSpecification\",\"valueRequired\":true,\"valueName\":\"search_term_string\"}}],\"inLanguage\":\"pt-BR\"},{\"@type\":\"Organization\",\"@id\":\"https:\/\/jornalfatosenoticias.com.br\/#organization\",\"name\":\"Jornal Fatos e Not\u00edcias\",\"url\":\"https:\/\/jornalfatosenoticias.com.br\/\",\"logo\":{\"@type\":\"ImageObject\",\"inLanguage\":\"pt-BR\",\"@id\":\"https:\/\/jornalfatosenoticias.com.br\/#\/schema\/logo\/image\/\",\"url\":\"https:\/\/jornalfatosenoticias.com.br\/wp-content\/uploads\/2020\/02\/logo120.png\",\"contentUrl\":\"https:\/\/jornalfatosenoticias.com.br\/wp-content\/uploads\/2020\/02\/logo120.png\",\"width\":1227,\"height\":120,\"caption\":\"Jornal Fatos e Not\u00edcias\"},\"image\":{\"@id\":\"https:\/\/jornalfatosenoticias.com.br\/#\/schema\/logo\/image\/\"}},{\"@type\":\"Person\",\"@id\":\"https:\/\/jornalfatosenoticias.com.br\/#\/schema\/person\/d63837fa13ac8666eb9e74e0985d6f81\",\"name\":\"Luzimara Fernandes\",\"image\":{\"@type\":\"ImageObject\",\"inLanguage\":\"pt-BR\",\"@id\":\"https:\/\/jornalfatosenoticias.com.br\/#\/schema\/person\/image\/\",\"url\":\"https:\/\/jornalfatosenoticias.com.br\/wp-content\/uploads\/2025\/05\/EU_portal.jpg\",\"contentUrl\":\"https:\/\/jornalfatosenoticias.com.br\/wp-content\/uploads\/2025\/05\/EU_portal.jpg\",\"caption\":\"Luzimara Fernandes\"},\"description\":\"Jornalista MTB 2358-ES\",\"sameAs\":[\"https:\/\/jornalfatosenoticias.com.br\"],\"url\":\"https:\/\/jornalfatosenoticias.com.br\/index.php\/author\/luzimara\/\"}]}<\/script>\n<!-- \/ Yoast SEO plugin. -->","yoast_head_json":{"title":"Educa\u00e7\u00e3o infantil: ambiente acolhedor e estimulante favorece o aprendizado - Jornal Fatos e Not\u00edcias","robots":{"index":"index","follow":"follow","max-snippet":"max-snippet:-1","max-image-preview":"max-image-preview:large","max-video-preview":"max-video-preview:-1"},"canonical":"https:\/\/jornalfatosenoticias.com.br\/index.php\/2025\/04\/23\/educacao-infantil-ambiente-acolhedor-e-estimulante-favorece-o-aprendizado\/","og_locale":"pt_BR","og_type":"article","og_title":"Educa\u00e7\u00e3o infantil: ambiente acolhedor e estimulante favorece o aprendizado - Jornal Fatos e Not\u00edcias","og_description":"Coordenadora pedag\u00f3gica ressalta o papel fundamental da escola e da fam\u00edlia no desenvolvimento das crian\u00e7as A inf\u00e2ncia \u00e9 um per\u00edodo de descobertas e experimenta\u00e7\u00f5es, em que a crian\u00e7a aprende por meio de brincadeiras, intera\u00e7\u00f5es e viv\u00eancias. E para que todos possam explorar seu potencial de maneira saud\u00e1vel e criativa, \u00e9 essencial oferecer um suporte adequado [&hellip;]","og_url":"https:\/\/jornalfatosenoticias.com.br\/index.php\/2025\/04\/23\/educacao-infantil-ambiente-acolhedor-e-estimulante-favorece-o-aprendizado\/","og_site_name":"Jornal Fatos e Not\u00edcias","article_published_time":"2025-04-23T12:19:44+00:00","article_modified_time":"2025-04-23T12:19:47+00:00","og_image":[{"width":1024,"height":574,"url":"https:\/\/jornalfatosenoticias.com.br\/wp-content\/uploads\/2025\/04\/Educacao-infantil-ambiente-acolhedor_freepik.jpg","type":"image\/jpeg"}],"author":"Luzimara Fernandes","twitter_card":"summary_large_image","twitter_misc":{"Escrito por":"Luzimara Fernandes","Est. tempo de leitura":"2 minutos"},"schema":{"@context":"https:\/\/schema.org","@graph":[{"@type":"Article","@id":"https:\/\/jornalfatosenoticias.com.br\/index.php\/2025\/04\/23\/educacao-infantil-ambiente-acolhedor-e-estimulante-favorece-o-aprendizado\/#article","isPartOf":{"@id":"https:\/\/jornalfatosenoticias.com.br\/index.php\/2025\/04\/23\/educacao-infantil-ambiente-acolhedor-e-estimulante-favorece-o-aprendizado\/"},"author":{"name":"Luzimara Fernandes","@id":"https:\/\/jornalfatosenoticias.com.br\/#\/schema\/person\/d63837fa13ac8666eb9e74e0985d6f81"},"headline":"Educa\u00e7\u00e3o infantil: ambiente acolhedor e estimulante favorece o aprendizado","datePublished":"2025-04-23T12:19:44+00:00","dateModified":"2025-04-23T12:19:47+00:00","mainEntityOfPage":{"@id":"https:\/\/jornalfatosenoticias.com.br\/index.php\/2025\/04\/23\/educacao-infantil-ambiente-acolhedor-e-estimulante-favorece-o-aprendizado\/"},"wordCount":479,"commentCount":0,"publisher":{"@id":"https:\/\/jornalfatosenoticias.com.br\/#organization"},"image":{"@id":"https:\/\/jornalfatosenoticias.com.br\/index.php\/2025\/04\/23\/educacao-infantil-ambiente-acolhedor-e-estimulante-favorece-o-aprendizado\/#primaryimage"},"thumbnailUrl":"https:\/\/jornalfatosenoticias.com.br\/wp-content\/uploads\/2025\/04\/Educacao-infantil-ambiente-acolhedor_freepik.jpg","keywords":["alfabetiza\u00e7\u00e3o","ambiente familiar","aprendizado","compet\u00eancias cognitivas","educa\u00e7\u00e3o infantil","primeira inf\u00e2ncia"],"articleSection":["Educa\u00e7\u00e3o"],"inLanguage":"pt-BR","potentialAction":[{"@type":"CommentAction","name":"Comment","target":["https:\/\/jornalfatosenoticias.com.br\/index.php\/2025\/04\/23\/educacao-infantil-ambiente-acolhedor-e-estimulante-favorece-o-aprendizado\/#respond"]}]},{"@type":"WebPage","@id":"https:\/\/jornalfatosenoticias.com.br\/index.php\/2025\/04\/23\/educacao-infantil-ambiente-acolhedor-e-estimulante-favorece-o-aprendizado\/","url":"https:\/\/jornalfatosenoticias.com.br\/index.php\/2025\/04\/23\/educacao-infantil-ambiente-acolhedor-e-estimulante-favorece-o-aprendizado\/","name":"Educa\u00e7\u00e3o infantil: ambiente acolhedor e estimulante favorece o aprendizado - Jornal Fatos e Not\u00edcias","isPartOf":{"@id":"https:\/\/jornalfatosenoticias.com.br\/#website"},"primaryImageOfPage":{"@id":"https:\/\/jornalfatosenoticias.com.br\/index.php\/2025\/04\/23\/educacao-infantil-ambiente-acolhedor-e-estimulante-favorece-o-aprendizado\/#primaryimage"},"image":{"@id":"https:\/\/jornalfatosenoticias.com.br\/index.php\/2025\/04\/23\/educacao-infantil-ambiente-acolhedor-e-estimulante-favorece-o-aprendizado\/#primaryimage"},"thumbnailUrl":"https:\/\/jornalfatosenoticias.com.br\/wp-content\/uploads\/2025\/04\/Educacao-infantil-ambiente-acolhedor_freepik.jpg","datePublished":"2025-04-23T12:19:44+00:00","dateModified":"2025-04-23T12:19:47+00:00","breadcrumb":{"@id":"https:\/\/jornalfatosenoticias.com.br\/index.php\/2025\/04\/23\/educacao-infantil-ambiente-acolhedor-e-estimulante-favorece-o-aprendizado\/#breadcrumb"},"inLanguage":"pt-BR","potentialAction":[{"@type":"ReadAction","target":["https:\/\/jornalfatosenoticias.com.br\/index.php\/2025\/04\/23\/educacao-infantil-ambiente-acolhedor-e-estimulante-favorece-o-aprendizado\/"]}]},{"@type":"ImageObject","inLanguage":"pt-BR","@id":"https:\/\/jornalfatosenoticias.com.br\/index.php\/2025\/04\/23\/educacao-infantil-ambiente-acolhedor-e-estimulante-favorece-o-aprendizado\/#primaryimage","url":"https:\/\/jornalfatosenoticias.com.br\/wp-content\/uploads\/2025\/04\/Educacao-infantil-ambiente-acolhedor_freepik.jpg","contentUrl":"https:\/\/jornalfatosenoticias.com.br\/wp-content\/uploads\/2025\/04\/Educacao-infantil-ambiente-acolhedor_freepik.jpg","width":1024,"height":574},{"@type":"BreadcrumbList","@id":"https:\/\/jornalfatosenoticias.com.br\/index.php\/2025\/04\/23\/educacao-infantil-ambiente-acolhedor-e-estimulante-favorece-o-aprendizado\/#breadcrumb","itemListElement":[{"@type":"ListItem","position":1,"name":"In\u00edcio","item":"https:\/\/jornalfatosenoticias.com.br\/"},{"@type":"ListItem","position":2,"name":"Educa\u00e7\u00e3o infantil: ambiente acolhedor e estimulante favorece o aprendizado"}]},{"@type":"WebSite","@id":"https:\/\/jornalfatosenoticias.com.br\/#website","url":"https:\/\/jornalfatosenoticias.com.br\/","name":"Jornal Fatos e Not\u00edcias","description":"Not\u00edcias em geral","publisher":{"@id":"https:\/\/jornalfatosenoticias.com.br\/#organization"},"potentialAction":[{"@type":"SearchAction","target":{"@type":"EntryPoint","urlTemplate":"https:\/\/jornalfatosenoticias.com.br\/?s={search_term_string}"},"query-input":{"@type":"PropertyValueSpecification","valueRequired":true,"valueName":"search_term_string"}}],"inLanguage":"pt-BR"},{"@type":"Organization","@id":"https:\/\/jornalfatosenoticias.com.br\/#organization","name":"Jornal Fatos e Not\u00edcias","url":"https:\/\/jornalfatosenoticias.com.br\/","logo":{"@type":"ImageObject","inLanguage":"pt-BR","@id":"https:\/\/jornalfatosenoticias.com.br\/#\/schema\/logo\/image\/","url":"https:\/\/jornalfatosenoticias.com.br\/wp-content\/uploads\/2020\/02\/logo120.png","contentUrl":"https:\/\/jornalfatosenoticias.com.br\/wp-content\/uploads\/2020\/02\/logo120.png","width":1227,"height":120,"caption":"Jornal Fatos e Not\u00edcias"},"image":{"@id":"https:\/\/jornalfatosenoticias.com.br\/#\/schema\/logo\/image\/"}},{"@type":"Person","@id":"https:\/\/jornalfatosenoticias.com.br\/#\/schema\/person\/d63837fa13ac8666eb9e74e0985d6f81","name":"Luzimara Fernandes","image":{"@type":"ImageObject","inLanguage":"pt-BR","@id":"https:\/\/jornalfatosenoticias.com.br\/#\/schema\/person\/image\/","url":"https:\/\/jornalfatosenoticias.com.br\/wp-content\/uploads\/2025\/05\/EU_portal.jpg","contentUrl":"https:\/\/jornalfatosenoticias.com.br\/wp-content\/uploads\/2025\/05\/EU_portal.jpg","caption":"Luzimara Fernandes"},"description":"Jornalista MTB 2358-ES","sameAs":["https:\/\/jornalfatosenoticias.com.br"],"url":"https:\/\/jornalfatosenoticias.com.br\/index.php\/author\/luzimara\/"}]}},"cc_featured_image_caption":{"caption_text":"(Foto: Freepik)","source_text":"","source_url":""},"jetpack_featured_media_url":"https:\/\/jornalfatosenoticias.com.br\/wp-content\/uploads\/2025\/04\/Educacao-infantil-ambiente-acolhedor_freepik.jpg","_links":{"self":[{"href":"https:\/\/jornalfatosenoticias.com.br\/index.php\/wp-json\/wp\/v2\/posts\/58688","targetHints":{"allow":["GET"]}}],"collection":[{"href":"https:\/\/jornalfatosenoticias.com.br\/index.php\/wp-json\/wp\/v2\/posts"}],"about":[{"href":"https:\/\/jornalfatosenoticias.com.br\/index.php\/wp-json\/wp\/v2\/types\/post"}],"author":[{"embeddable":true,"href":"https:\/\/jornalfatosenoticias.com.br\/index.php\/wp-json\/wp\/v2\/users\/2"}],"replies":[{"embeddable":true,"href":"https:\/\/jornalfatosenoticias.com.br\/index.php\/wp-json\/wp\/v2\/comments?post=58688"}],"version-history":[{"count":0,"href":"https:\/\/jornalfatosenoticias.com.br\/index.php\/wp-json\/wp\/v2\/posts\/58688\/revisions"}],"wp:featuredmedia":[{"embeddable":true,"href":"https:\/\/jornalfatosenoticias.com.br\/index.php\/wp-json\/wp\/v2\/media\/58689"}],"wp:attachment":[{"href":"https:\/\/jornalfatosenoticias.com.br\/index.php\/wp-json\/wp\/v2\/media?parent=58688"}],"wp:term":[{"taxonomy":"category","embeddable":true,"href":"https:\/\/jornalfatosenoticias.com.br\/index.php\/wp-json\/wp\/v2\/categories?post=58688"},{"taxonomy":"post_tag","embeddable":true,"href":"https:\/\/jornalfatosenoticias.com.br\/index.php\/wp-json\/wp\/v2\/tags?post=58688"}],"curies":[{"name":"wp","href":"https:\/\/api.w.org\/{rel}","templated":true}]}}