{"id":58718,"date":"2025-04-23T11:29:54","date_gmt":"2025-04-23T14:29:54","guid":{"rendered":"https:\/\/jornalfatosenoticias.com.br\/?p=58718"},"modified":"2025-04-23T11:29:56","modified_gmt":"2025-04-23T14:29:56","slug":"presidente-do-inss-e-afastado-apos-pf-descobrir-desvio-de-r-63-bilhoes-desde-2019","status":"publish","type":"post","link":"https:\/\/jornalfatosenoticias.com.br\/index.php\/2025\/04\/23\/presidente-do-inss-e-afastado-apos-pf-descobrir-desvio-de-r-63-bilhoes-desde-2019\/","title":{"rendered":"Presidente do INSS \u00e9 afastado ap\u00f3s PF descobrir desvio de R$ 6,3 bilh\u00f5es desde 2019"},"content":{"rendered":"\n<p><em><span class=\"has-inline-color has-black-color\">Alessandro Stefanutto, \u00e9 filiado ao PSB e fez parte da equipe de transi\u00e7\u00e3o do governo Lula-Alckmin para assuntos de Previd\u00eancia Social<\/span><\/em><\/p>\n\n\n\n<p><span class=\"has-inline-color has-black-color\">Por <strong><a href=\"https:\/\/www.gazetadopovo.com.br\/autor\/guilherme-grandi\/\">Guilherme Grandi<\/a><\/strong><\/span><\/p>\n\n\n\n<div class=\"wp-block-image\"><figure class=\"aligncenter size-large\"><a href=\"https:\/\/mizu.com.br\/\"><img loading=\"lazy\" decoding=\"async\" width=\"729\" height=\"90\" src=\"https:\/\/jornalfatosenoticias.com.br\/wp-content\/uploads\/2020\/02\/Logo_Mizu.png\" alt=\"\" class=\"wp-image-1441\" srcset=\"https:\/\/jornalfatosenoticias.com.br\/wp-content\/uploads\/2020\/02\/Logo_Mizu.png 729w, https:\/\/jornalfatosenoticias.com.br\/wp-content\/uploads\/2020\/02\/Logo_Mizu-300x37.png 300w\" sizes=\"auto, (max-width: 729px) 100vw, 729px\" \/><\/a><\/figure><\/div>\n\n\n\n<p>O presidente nacional do INSS, Alessandro Stefanutto, foi afastado do cargo nesta quarta (23) ap\u00f3s a Pol\u00edcia Federal deflagrar uma opera\u00e7\u00e3o que apura um desvio de R$ 6,3 bilh\u00f5es atrav\u00e9s de descontos associativos n\u00e3o autorizados de aposentados e pensionistas entre os anos de 2019 e 2024.<br>A Opera\u00e7\u00e3o Sem Desconto cumpre 211 mandados de busca e apreens\u00e3o e bloqueio de bens avaliados em R$ 1 bilh\u00e3o em 13 estados e no Distrito Federal, al\u00e9m do afastamento de seis servidores suspeitos de envolvimento no esquema. Stefanutto \u00e9 um deles, segundo fontes confirmaram \u00e0 Gazeta do Povo.<\/p>\n\n\n\n<div class=\"wp-block-image\"><figure class=\"aligncenter size-large is-resized\"><a href=\"https:\/\/www.legisjuris.com.br\/\"><img loading=\"lazy\" decoding=\"async\" src=\"https:\/\/jornalfatosenoticias.com.br\/wp-content\/uploads\/2024\/09\/Legis-Juris-Consultoria_logo.jpg\" alt=\"\" class=\"wp-image-53915\" width=\"501\" height=\"210\" srcset=\"https:\/\/jornalfatosenoticias.com.br\/wp-content\/uploads\/2024\/09\/Legis-Juris-Consultoria_logo.jpg 969w, https:\/\/jornalfatosenoticias.com.br\/wp-content\/uploads\/2024\/09\/Legis-Juris-Consultoria_logo-300x126.jpg 300w, https:\/\/jornalfatosenoticias.com.br\/wp-content\/uploads\/2024\/09\/Legis-Juris-Consultoria_logo-768x322.jpg 768w\" sizes=\"auto, (max-width: 501px) 100vw, 501px\" \/><\/a><\/figure><\/div>\n\n\n\n<p>Al\u00e9m de Stefanutto, tamb\u00e9m foram afastados o procurador-geral do INSS, Virg\u00edlio Ant\u00f4nio Oliveira Filho, e mais quatro integrantes do comando do \u00f3rg\u00e3o. A reportagem procurou o INSS e o Minist\u00e9rio da Previd\u00eancia para comentarem o afastamento e aguarda retorno.<\/p>\n\n\n\n<blockquote class=\"wp-block-quote is-layout-flow wp-block-quote-is-layout-flow\"><p><span class=\"has-inline-color has-luminous-vivid-orange-color\">As investiga\u00e7\u00f5es identificaram a exist\u00eancia de irregularidades relacionadas aos descontos de mensalidades associativas aplicados sobre os benef\u00edcios previdenci\u00e1rios, principalmente aposentadorias e pens\u00f5es, concedidos pelo Instituto Nacional do Seguro Social (INSS)\u201d, disseram a PF e a Controladoria-Geral da Uni\u00e3o (CGU) em nota.<\/span><\/p><\/blockquote>\n\n\n\n<div class=\"wp-block-image\"><figure class=\"aligncenter size-large is-resized\"><a href=\"https:\/\/www.facebook.com\/vetor.vix\/\"><img loading=\"lazy\" decoding=\"async\" src=\"https:\/\/jornalfatosenoticias.com.br\/wp-content\/uploads\/2023\/09\/vetorvix1024_1.jpg\" alt=\"\" class=\"wp-image-44868\" width=\"513\" height=\"136\" srcset=\"https:\/\/jornalfatosenoticias.com.br\/wp-content\/uploads\/2023\/09\/vetorvix1024_1.jpg 1024w, https:\/\/jornalfatosenoticias.com.br\/wp-content\/uploads\/2023\/09\/vetorvix1024_1-300x80.jpg 300w, https:\/\/jornalfatosenoticias.com.br\/wp-content\/uploads\/2023\/09\/vetorvix1024_1-768x205.jpg 768w\" sizes=\"auto, (max-width: 513px) 100vw, 513px\" \/><\/a><\/figure><\/div>\n\n\n\n<p>Os bens bloqueados, segundo a apura\u00e7\u00e3o, somam mais de R$ 1 bilh\u00e3o dos envolvidos no DF e nos estados de Alagoas, Amazonas, Cear\u00e1, Goi\u00e1s, Maranh\u00e3o, Mato Grosso do Sul, Minas Gerais, Paran\u00e1, Pernambuco, Rio Grande do Norte, Rio Grande do Sul, S\u00e3o Paulo e Sergipe.<\/p>\n\n\n\n<div class=\"wp-block-image\"><figure class=\"aligncenter size-large\"><a href=\"http:\/\/www.ferrarimaquinas.com.br\/\"><img loading=\"lazy\" decoding=\"async\" width=\"300\" height=\"250\" src=\"https:\/\/jornalfatosenoticias.com.br\/wp-content\/uploads\/2022\/02\/FERRARI_MAQUINAS-E-FERRAMENTAS2.jpg\" alt=\"\" class=\"wp-image-27860\"\/><\/a><\/figure><\/div>\n\n\n\n<p>Fontes ouvidas pela Gazeta do Povo relataram que a investiga\u00e7\u00e3o busca entender como era a log\u00edstica do esquema e qual era a participa\u00e7\u00e3o de Stefanutto no grupo, visto que ele assumiu o cargo em julho de 2023. Ele foi precedido por Glauco Wamburg, indicado pelo ministro Carlos Lupi e exonerado por suposto uso irregular de passagens e di\u00e1rias pagas pelo \u00f3rg\u00e3o.<\/p>\n\n\n\n<div class=\"wp-block-image\"><figure class=\"aligncenter size-large is-resized\"><a href=\"https:\/\/hotelmarquetti.com.br\/\"><img loading=\"lazy\" decoding=\"async\" src=\"https:\/\/jornalfatosenoticias.com.br\/wp-content\/uploads\/2020\/02\/LOGO-MQ-1024x680.jpg\" alt=\"\" class=\"wp-image-58299\" width=\"377\" height=\"250\" srcset=\"https:\/\/jornalfatosenoticias.com.br\/wp-content\/uploads\/2020\/02\/LOGO-MQ-1024x680.jpg 1024w, https:\/\/jornalfatosenoticias.com.br\/wp-content\/uploads\/2020\/02\/LOGO-MQ-300x199.jpg 300w, https:\/\/jornalfatosenoticias.com.br\/wp-content\/uploads\/2020\/02\/LOGO-MQ-768x510.jpg 768w, https:\/\/jornalfatosenoticias.com.br\/wp-content\/uploads\/2020\/02\/LOGO-MQ-1536x1020.jpg 1536w, https:\/\/jornalfatosenoticias.com.br\/wp-content\/uploads\/2020\/02\/LOGO-MQ-2048x1360.jpg 2048w\" sizes=\"auto, (max-width: 377px) 100vw, 377px\" \/><\/a><\/figure><\/div>\n\n\n\n<p>No entanto, as investiga\u00e7\u00f5es apontam que os desvios ocorriam desde 2019 quando o INSS era presidido por Renato Rodrigues Vieira, nomeado pelo ex-presidente Jair Bolsonaro (PL). Ele pediu demiss\u00e3o do cargo um ano depois em meio \u00e0 uma crise de lentid\u00e3o para a concess\u00e3o de benef\u00edcios \u2014 a &#8220;fila do INSS&#8221; somava quase dois milh\u00f5es de pedidos.<\/p>\n\n\n\n<div class=\"wp-block-image\"><figure class=\"aligncenter size-large is-resized\"><a href=\"https:\/\/www.controlsystems.com.br\/\"><img loading=\"lazy\" decoding=\"async\" src=\"https:\/\/jornalfatosenoticias.com.br\/wp-content\/uploads\/2020\/02\/CONTROL-CS.jpg\" alt=\"\" class=\"wp-image-44991\" width=\"305\" height=\"366\" srcset=\"https:\/\/jornalfatosenoticias.com.br\/wp-content\/uploads\/2020\/02\/CONTROL-CS.jpg 834w, https:\/\/jornalfatosenoticias.com.br\/wp-content\/uploads\/2020\/02\/CONTROL-CS-250x300.jpg 250w, https:\/\/jornalfatosenoticias.com.br\/wp-content\/uploads\/2020\/02\/CONTROL-CS-768x921.jpg 768w\" sizes=\"auto, (max-width: 305px) 100vw, 305px\" \/><\/a><\/figure><\/div>\n\n\n\n<p>No lugar dele, assumiu o ent\u00e3o secret\u00e1rio da Previd\u00eancia, Leonardo Rolim. Entretanto, n\u00e3o h\u00e1 informa\u00e7\u00f5es se Vieira e Rolim tamb\u00e9m s\u00e3o alvos da opera\u00e7\u00e3o. Mais informa\u00e7\u00f5es sobre a opera\u00e7\u00e3o ser\u00e3o fornecidas em uma entrevista coletiva com o ministro Ricardo Lewandowski, da Justi\u00e7a e Seguran\u00e7a P\u00fablica. Ele se reuniu mais cedo com Lupi e com o diretor-geral da Pol\u00edcia Federal, Andrei Rodrigues, e com o ministro Vin\u00edcius Marques de Carvalho, da CGU.<\/p>\n\n\n\n<div class=\"wp-block-image\"><figure class=\"aligncenter size-large\"><a href=\"https:\/\/www.cesconetto.com.br\/\"><img loading=\"lazy\" decoding=\"async\" width=\"300\" height=\"250\" src=\"https:\/\/jornalfatosenoticias.com.br\/wp-content\/uploads\/2020\/02\/Banner-2.png\" alt=\"\" class=\"wp-image-43787\"\/><\/a><\/figure><\/div>\n\n\n\n<p>As primeiras imagens divulgadas pela Pol\u00edcia Federal mostram o cumprimento de mandados de busca e apreens\u00e3o em uma sede da Previd\u00eancia Social e em uma entidade prestadora de servi\u00e7os aos benefici\u00e1rios. H\u00e1, ainda, bens como ve\u00edculos automotores de luxo, rel\u00f3gios, armas e muni\u00e7\u00f5es, dinheiro em esp\u00e9cie e documentos:<\/p>\n\n\n\n<div class=\"wp-block-jetpack-slideshow aligncenter\" data-effect=\"slide\"><div class=\"wp-block-jetpack-slideshow_container swiper-container\"><ul class=\"wp-block-jetpack-slideshow_swiper-wrapper swiper-wrapper\"><li class=\"wp-block-jetpack-slideshow_slide swiper-slide\"><figure><img loading=\"lazy\" decoding=\"async\" width=\"660\" height=\"372\" alt=\"\" class=\"wp-block-jetpack-slideshow_image wp-image-58719\" data-id=\"58719\" src=\"https:\/\/jornalfatosenoticias.com.br\/wp-content\/uploads\/2025\/04\/pf-operacao-sem-desconto-apreensao-3-foto-divulgacao-pf-660x372-1.jpg\" srcset=\"https:\/\/jornalfatosenoticias.com.br\/wp-content\/uploads\/2025\/04\/pf-operacao-sem-desconto-apreensao-3-foto-divulgacao-pf-660x372-1.jpg 660w, https:\/\/jornalfatosenoticias.com.br\/wp-content\/uploads\/2025\/04\/pf-operacao-sem-desconto-apreensao-3-foto-divulgacao-pf-660x372-1-300x169.jpg 300w\" sizes=\"auto, (max-width: 660px) 100vw, 660px\" \/><figcaption class=\"wp-block-jetpack-slideshow_caption gallery-caption\">(Foto: Divulga\u00e7\u00e3o\/PF)<\/figcaption><\/figure><\/li><li class=\"wp-block-jetpack-slideshow_slide swiper-slide\"><figure><img loading=\"lazy\" decoding=\"async\" width=\"660\" height=\"372\" alt=\"\" class=\"wp-block-jetpack-slideshow_image wp-image-58720\" data-id=\"58720\" src=\"https:\/\/jornalfatosenoticias.com.br\/wp-content\/uploads\/2025\/04\/pf-operacao-sem-desconto-apreensao-4-foto-divulgacao-pf-660x372-1.jpg\" srcset=\"https:\/\/jornalfatosenoticias.com.br\/wp-content\/uploads\/2025\/04\/pf-operacao-sem-desconto-apreensao-4-foto-divulgacao-pf-660x372-1.jpg 660w, https:\/\/jornalfatosenoticias.com.br\/wp-content\/uploads\/2025\/04\/pf-operacao-sem-desconto-apreensao-4-foto-divulgacao-pf-660x372-1-300x169.jpg 300w\" sizes=\"auto, (max-width: 660px) 100vw, 660px\" \/><figcaption class=\"wp-block-jetpack-slideshow_caption gallery-caption\">(Foto: Divulga\u00e7\u00e3o\/PF)<\/figcaption><\/figure><\/li><li class=\"wp-block-jetpack-slideshow_slide swiper-slide\"><figure><img loading=\"lazy\" decoding=\"async\" width=\"660\" height=\"372\" alt=\"\" class=\"wp-block-jetpack-slideshow_image wp-image-58721\" data-id=\"58721\" src=\"https:\/\/jornalfatosenoticias.com.br\/wp-content\/uploads\/2025\/04\/pf-operacao-sem-desconto-apreensao-5-foto-divulgacao-pf-660x372-1.jpg\" srcset=\"https:\/\/jornalfatosenoticias.com.br\/wp-content\/uploads\/2025\/04\/pf-operacao-sem-desconto-apreensao-5-foto-divulgacao-pf-660x372-1.jpg 660w, https:\/\/jornalfatosenoticias.com.br\/wp-content\/uploads\/2025\/04\/pf-operacao-sem-desconto-apreensao-5-foto-divulgacao-pf-660x372-1-300x169.jpg 300w\" sizes=\"auto, (max-width: 660px) 100vw, 660px\" \/><figcaption class=\"wp-block-jetpack-slideshow_caption gallery-caption\">(Foto: Divulga\u00e7\u00e3o\/PF)<\/figcaption><\/figure><\/li><li class=\"wp-block-jetpack-slideshow_slide swiper-slide\"><figure><img loading=\"lazy\" decoding=\"async\" width=\"660\" height=\"372\" alt=\"\" class=\"wp-block-jetpack-slideshow_image wp-image-58722\" data-id=\"58722\" src=\"https:\/\/jornalfatosenoticias.com.br\/wp-content\/uploads\/2025\/04\/pf-operacao-sem-desconto-apreensao-6-foto-divulgacao-pf-660x372-1.jpg\" srcset=\"https:\/\/jornalfatosenoticias.com.br\/wp-content\/uploads\/2025\/04\/pf-operacao-sem-desconto-apreensao-6-foto-divulgacao-pf-660x372-1.jpg 660w, https:\/\/jornalfatosenoticias.com.br\/wp-content\/uploads\/2025\/04\/pf-operacao-sem-desconto-apreensao-6-foto-divulgacao-pf-660x372-1-300x169.jpg 300w\" sizes=\"auto, (max-width: 660px) 100vw, 660px\" \/><figcaption class=\"wp-block-jetpack-slideshow_caption gallery-caption\">(Foto: Divulga\u00e7\u00e3o\/PF)<\/figcaption><\/figure><\/li><li class=\"wp-block-jetpack-slideshow_slide swiper-slide\"><figure><img loading=\"lazy\" decoding=\"async\" width=\"660\" height=\"372\" alt=\"\" class=\"wp-block-jetpack-slideshow_image wp-image-58723\" data-id=\"58723\" src=\"https:\/\/jornalfatosenoticias.com.br\/wp-content\/uploads\/2025\/04\/pf-operacao-sem-desconto-apreensao-7-foto-divulgacao-pf-660x372-1.jpg\" srcset=\"https:\/\/jornalfatosenoticias.com.br\/wp-content\/uploads\/2025\/04\/pf-operacao-sem-desconto-apreensao-7-foto-divulgacao-pf-660x372-1.jpg 660w, https:\/\/jornalfatosenoticias.com.br\/wp-content\/uploads\/2025\/04\/pf-operacao-sem-desconto-apreensao-7-foto-divulgacao-pf-660x372-1-300x169.jpg 300w\" sizes=\"auto, (max-width: 660px) 100vw, 660px\" \/><figcaption class=\"wp-block-jetpack-slideshow_caption gallery-caption\">(Foto: Divulga\u00e7\u00e3o\/PF)<\/figcaption><\/figure><\/li><\/ul><a class=\"wp-block-jetpack-slideshow_button-prev swiper-button-prev swiper-button-white\" role=\"button\"><\/a><a class=\"wp-block-jetpack-slideshow_button-next swiper-button-next swiper-button-white\" role=\"button\"><\/a><a aria-label=\"Pause Slideshow\" class=\"wp-block-jetpack-slideshow_button-pause\" role=\"button\"><\/a><div class=\"wp-block-jetpack-slideshow_pagination swiper-pagination swiper-pagination-white\"><\/div><\/div><\/div>\n\n\n\n<p>Segundo a PF, os investigados podem responder pelos crimes de corrup\u00e7\u00e3o ativa, passiva, viola\u00e7\u00e3o de sigilo funcional, falsifica\u00e7\u00e3o de documento, organiza\u00e7\u00e3o criminosa e lavagem de capitais.<\/p>\n\n\n\n<div class=\"wp-block-image\"><figure class=\"aligncenter size-large is-resized\"><a href=\"https:\/\/www.instagram.com\/restaurantepegoretti\/\"><img loading=\"lazy\" decoding=\"async\" src=\"https:\/\/jornalfatosenoticias.com.br\/wp-content\/uploads\/2023\/12\/pegoretti-logo-pdf-1024x389.jpg\" alt=\"\" class=\"wp-image-47536\" width=\"506\" height=\"192\" srcset=\"https:\/\/jornalfatosenoticias.com.br\/wp-content\/uploads\/2023\/12\/pegoretti-logo-pdf-1024x389.jpg 1024w, https:\/\/jornalfatosenoticias.com.br\/wp-content\/uploads\/2023\/12\/pegoretti-logo-pdf-300x114.jpg 300w, https:\/\/jornalfatosenoticias.com.br\/wp-content\/uploads\/2023\/12\/pegoretti-logo-pdf-768x291.jpg 768w, https:\/\/jornalfatosenoticias.com.br\/wp-content\/uploads\/2023\/12\/pegoretti-logo-pdf.jpg 1120w\" sizes=\"auto, (max-width: 506px) 100vw, 506px\" \/><\/a><\/figure><\/div>\n\n\n\n<p><strong><span class=\"has-inline-color has-black-color\">INSS reconheceu esquema milion\u00e1rio<br><\/span><\/strong>No final do ano passado, uma auditoria interna no INSS confirmou a exist\u00eancia de descontos indevidos de benef\u00edcios previdenci\u00e1rios. Foram, pelo menos, R$ 45 milh\u00f5es desde janeiro de 2023 at\u00e9 novembro de 2024, mas com a possibilidade desse montante ter sido ainda maior j\u00e1 que nem todos os segurados perceberam a cobran\u00e7a irregular.<\/p>\n\n\n\n<div class=\"wp-block-image\"><figure class=\"aligncenter size-large is-resized\"><a href=\"https:\/\/panper.com.br\/\"><img loading=\"lazy\" decoding=\"async\" src=\"https:\/\/jornalfatosenoticias.com.br\/wp-content\/uploads\/2023\/03\/logo-Panper_portal.jpg\" alt=\"\" class=\"wp-image-40208\" width=\"316\" height=\"219\" srcset=\"https:\/\/jornalfatosenoticias.com.br\/wp-content\/uploads\/2023\/03\/logo-Panper_portal.jpg 400w, https:\/\/jornalfatosenoticias.com.br\/wp-content\/uploads\/2023\/03\/logo-Panper_portal-300x208.jpg 300w\" sizes=\"auto, (max-width: 316px) 100vw, 316px\" \/><\/a><\/figure><\/div>\n\n\n\n<p>A pr\u00e1tica fraudulenta ocorre por meio de Acordos de Coopera\u00e7\u00e3o T\u00e9cnica (ACTs) firmados com entidades que oferecem supostos benef\u00edcios a aposentados, como servi\u00e7os de assist\u00eancia jur\u00eddica, descontos em farm\u00e1cias e aux\u00edlio-funeral. As mensalidades s\u00f3 deveriam ser descontadas mediante autoriza\u00e7\u00e3o expressa do benefici\u00e1rio.<\/p>\n\n\n\n<div class=\"wp-block-image\"><figure class=\"aligncenter size-large is-resized\"><a href=\"https:\/\/www.facebook.com\/postobkr\/?locale=pt_BR\"><img loading=\"lazy\" decoding=\"async\" src=\"https:\/\/jornalfatosenoticias.com.br\/wp-content\/uploads\/2023\/08\/BKR-1024x1021.jpg\" alt=\"\" class=\"wp-image-44494\" width=\"303\" height=\"302\" srcset=\"https:\/\/jornalfatosenoticias.com.br\/wp-content\/uploads\/2023\/08\/BKR-1024x1021.jpg 1024w, https:\/\/jornalfatosenoticias.com.br\/wp-content\/uploads\/2023\/08\/BKR-300x300.jpg 300w, https:\/\/jornalfatosenoticias.com.br\/wp-content\/uploads\/2023\/08\/BKR-150x150.jpg 150w, https:\/\/jornalfatosenoticias.com.br\/wp-content\/uploads\/2023\/08\/BKR-768x766.jpg 768w, https:\/\/jornalfatosenoticias.com.br\/wp-content\/uploads\/2023\/08\/BKR.jpg 1080w\" sizes=\"auto, (max-width: 303px) 100vw, 303px\" \/><\/a><\/figure><\/div>\n\n\n\n<p>No entanto, a auditoria revelou que, em mais da metade dos casos analisados, as filia\u00e7\u00f5es ocorreram sem documenta\u00e7\u00e3o comprobat\u00f3ria ou sequer com o consentimento do segurado. \u201cConsiderando os descontos identificados, a regularidade da consigna\u00e7\u00e3o n\u00e3o foi comprovada quanto \u00e0 apresenta\u00e7\u00e3o dos documentos para 55% da amostra\u201d, apontou o relat\u00f3rio. Em uma an\u00e1lise de 603 casos, 332 n\u00e3o tinham respaldo documental.<\/p>\n\n\n\n<div class=\"wp-block-image\"><figure class=\"aligncenter size-large is-resized\"><a href=\"https:\/\/www.instagram.com\/gruposei\/\"><img loading=\"lazy\" decoding=\"async\" src=\"https:\/\/jornalfatosenoticias.com.br\/wp-content\/uploads\/2022\/07\/Logo-Grupo-SEI.jpg\" alt=\"\" class=\"wp-image-31973\" width=\"370\" height=\"194\" srcset=\"https:\/\/jornalfatosenoticias.com.br\/wp-content\/uploads\/2022\/07\/Logo-Grupo-SEI.jpg 713w, https:\/\/jornalfatosenoticias.com.br\/wp-content\/uploads\/2022\/07\/Logo-Grupo-SEI-300x158.jpg 300w\" sizes=\"auto, (max-width: 370px) 100vw, 370px\" \/><\/a><\/figure><\/div>\n\n\n\n<p>As associa\u00e7\u00f5es envolvidas, segundo o documento, viram as receitas mensais dispararem de R$ 85 milh\u00f5es para R$ 250 milh\u00f5es em apenas um ano. O relat\u00f3rio tamb\u00e9m identificou o uso de assinaturas forjadas, aus\u00eancia total de autoriza\u00e7\u00e3o e, em alguns casos, o uso de \u201claranjas\u201d \u2014 pessoas ou empresas de fachada \u2014 para formalizar os contratos.<\/p>\n\n\n\n<div class=\"wp-block-image\"><figure class=\"aligncenter size-large is-resized\"><a href=\"https:\/\/www.instagram.com\/serra4x4cambioautomatico\/\"><img loading=\"lazy\" decoding=\"async\" src=\"https:\/\/jornalfatosenoticias.com.br\/wp-content\/uploads\/2024\/08\/Serra-4x4-1-886x1024.jpg\" alt=\"\" class=\"wp-image-53632\" width=\"300\" height=\"346\" srcset=\"https:\/\/jornalfatosenoticias.com.br\/wp-content\/uploads\/2024\/08\/Serra-4x4-1-886x1024.jpg 886w, https:\/\/jornalfatosenoticias.com.br\/wp-content\/uploads\/2024\/08\/Serra-4x4-1-260x300.jpg 260w, https:\/\/jornalfatosenoticias.com.br\/wp-content\/uploads\/2024\/08\/Serra-4x4-1-768x888.jpg 768w, https:\/\/jornalfatosenoticias.com.br\/wp-content\/uploads\/2024\/08\/Serra-4x4-1.jpg 1181w\" sizes=\"auto, (max-width: 300px) 100vw, 300px\" \/><\/a><\/figure><\/div>\n\n\n\n<p>Desde o in\u00edcio de 2023, foram registradas 1,1 milh\u00e3o de notifica\u00e7\u00f5es ao INSS por aposentados questionando descontos de mensalidades associativas. Parte deles afirma nunca ter solicitado qualquer servi\u00e7o. Outros relatam ter contratado algum tipo de assist\u00eancia e, ao assinar os pap\u00e9is, n\u00e3o perceberam a inclus\u00e3o da autoriza\u00e7\u00e3o de desconto.<\/p>\n\n\n\n<div class=\"wp-block-image\"><figure class=\"aligncenter size-large is-resized\"><a href=\"https:\/\/www.instagram.com\/rcradiadores\/\"><img loading=\"lazy\" decoding=\"async\" src=\"https:\/\/jornalfatosenoticias.com.br\/wp-content\/uploads\/2022\/10\/RC_800x750_page-0001.jpg\" alt=\"\" class=\"wp-image-35338\" width=\"303\" height=\"284\" srcset=\"https:\/\/jornalfatosenoticias.com.br\/wp-content\/uploads\/2022\/10\/RC_800x750_page-0001.jpg 400w, https:\/\/jornalfatosenoticias.com.br\/wp-content\/uploads\/2022\/10\/RC_800x750_page-0001-300x281.jpg 300w\" sizes=\"auto, (max-width: 303px) 100vw, 303px\" \/><\/a><\/figure><\/div>\n\n\n\n<p>Mesmo diante dos ind\u00edcios de fraude e da reincid\u00eancia das entidades envolvidas, nenhuma delas foi descredenciada. O relat\u00f3rio aponta que a diretoria de benef\u00edcios do INSS foi negligente ao permitir a renova\u00e7\u00e3o de ACTs com associa\u00e7\u00f5es j\u00e1 acusadas judicialmente de pr\u00e1ticas il\u00edcitas.<\/p>\n\n\n\n<div class=\"wp-block-image\"><figure class=\"aligncenter size-large\"><img loading=\"lazy\" decoding=\"async\" width=\"1000\" height=\"562\" src=\"https:\/\/jornalfatosenoticias.com.br\/wp-content\/uploads\/2025\/04\/pf-operacao-sem-desconto-foto-divulgacao-pf.jpg\" alt=\"\" class=\"wp-image-58724\" srcset=\"https:\/\/jornalfatosenoticias.com.br\/wp-content\/uploads\/2025\/04\/pf-operacao-sem-desconto-foto-divulgacao-pf.jpg 1000w, https:\/\/jornalfatosenoticias.com.br\/wp-content\/uploads\/2025\/04\/pf-operacao-sem-desconto-foto-divulgacao-pf-300x169.jpg 300w, https:\/\/jornalfatosenoticias.com.br\/wp-content\/uploads\/2025\/04\/pf-operacao-sem-desconto-foto-divulgacao-pf-768x432.jpg 768w\" sizes=\"auto, (max-width: 1000px) 100vw, 1000px\" \/><figcaption><em><span class=\"has-inline-color has-black-color\">Opera\u00e7\u00e3o Sem Desconto (Foto: Divulga\u00e7\u00e3o\/PF)<\/span><\/em><\/figcaption><\/figure><\/div>\n\n\n\n<p><strong><span class=\"has-inline-color has-black-color\">Como cancelar os descontos<br><\/span><\/strong>A Pol\u00edcia Federal e a CGU orientam que os aposentados e pensionistas do INSS que tiverem desconto indevido de mensalidade associativa no extrato de pagamentos (contracheque) podem pedir a exclus\u00e3o do d\u00e9bito de forma autom\u00e1tica pelo aplicativo ou site \u201cMeu INSS\u201d.<\/p>\n\n\n\n<div class=\"wp-block-image\"><figure class=\"aligncenter size-large is-resized\"><a href=\"https:\/\/www.facebook.com\/profile.php?id=100069289606145\"><img loading=\"lazy\" decoding=\"async\" src=\"https:\/\/jornalfatosenoticias.com.br\/wp-content\/uploads\/2024\/11\/Guaitolini-Contabilidade-1024x714.jpeg\" alt=\"\" class=\"wp-image-55808\" width=\"307\" height=\"214\" srcset=\"https:\/\/jornalfatosenoticias.com.br\/wp-content\/uploads\/2024\/11\/Guaitolini-Contabilidade-1024x714.jpeg 1024w, https:\/\/jornalfatosenoticias.com.br\/wp-content\/uploads\/2024\/11\/Guaitolini-Contabilidade-300x209.jpeg 300w, https:\/\/jornalfatosenoticias.com.br\/wp-content\/uploads\/2024\/11\/Guaitolini-Contabilidade-768x535.jpeg 768w, https:\/\/jornalfatosenoticias.com.br\/wp-content\/uploads\/2024\/11\/Guaitolini-Contabilidade.jpeg 1280w\" sizes=\"auto, (max-width: 307px) 100vw, 307px\" \/><\/a><\/figure><\/div>\n\n\n\n<p>Na tela inicial do \u201cMeu INSS\u201d \u00e9 disponibilizada a consulta de \u201cmensalidade associativa\u201d. Em seguida, uma funcionalidade no aplicativo\/site permite que aposentados e pensionistas consultem o desconto no pagamento, pe\u00e7am a exclus\u00e3o e\/ou bloqueio atrav\u00e9s do servi\u00e7o \u201cexclus\u00e3o de mensalidade de associa\u00e7\u00e3o ou sindicato\u201d e\/ou \u201cbloqueio de mensalidade de associativa\u201d. O servi\u00e7o tamb\u00e9m pode ser solicitado pela Central 135, assim como diretamente \u00e0s entidades associativas.<\/p>\n\n\n\n<div class=\"wp-block-image\"><figure class=\"aligncenter size-large is-resized\"><a href=\"https:\/\/www.instagram.com\/esteiochurrascaria\/\"><img loading=\"lazy\" decoding=\"async\" src=\"https:\/\/jornalfatosenoticias.com.br\/wp-content\/uploads\/2022\/02\/LOGO-ESTEIO-1024x730.png\" alt=\"\" class=\"wp-image-27942\" width=\"334\" height=\"238\" srcset=\"https:\/\/jornalfatosenoticias.com.br\/wp-content\/uploads\/2022\/02\/LOGO-ESTEIO-1024x730.png 1024w, https:\/\/jornalfatosenoticias.com.br\/wp-content\/uploads\/2022\/02\/LOGO-ESTEIO-300x214.png 300w, https:\/\/jornalfatosenoticias.com.br\/wp-content\/uploads\/2022\/02\/LOGO-ESTEIO-768x548.png 768w, https:\/\/jornalfatosenoticias.com.br\/wp-content\/uploads\/2022\/02\/LOGO-ESTEIO.png 1123w\" sizes=\"auto, (max-width: 334px) 100vw, 334px\" \/><\/a><\/figure><\/div>\n\n\n\n<p><strong>Fonte: <a href=\"https:\/\/www.gazetadopovo.com.br\/republica\/pf-apura-desvio-6-3-bilhoes-inss-desde-2019\/\">Gazeta do Povo<\/a><\/strong><\/p>\n","protected":false},"excerpt":{"rendered":"<p>Alessandro Stefanutto, \u00e9 filiado ao PSB e fez parte da equipe de transi\u00e7\u00e3o do governo Lula-Alckmin para assuntos de Previd\u00eancia Social Por Guilherme Grandi O presidente nacional do INSS, Alessandro Stefanutto, foi afastado do cargo nesta quarta (23) ap\u00f3s a Pol\u00edcia Federal deflagrar uma opera\u00e7\u00e3o que apura um desvio de R$ 6,3 bilh\u00f5es atrav\u00e9s de [&hellip;]<\/p>\n","protected":false},"author":2,"featured_media":58725,"comment_status":"open","ping_status":"open","sticky":false,"template":"","format":"standard","meta":{"footnotes":""},"categories":[5],"tags":[26783,2129,26782,696,26781,2146],"class_list":["post-58718","post","type-post","status-publish","format-standard","has-post-thumbnail","hentry","category-geral","tag-alessandro-stefanutto","tag-corrupcao","tag-desvios-no-inss","tag-inss","tag-operacao-sem-desconto","tag-policia-federal"],"yoast_head":"<!-- This site is optimized with the Yoast SEO plugin v26.5 - https:\/\/yoast.com\/wordpress\/plugins\/seo\/ -->\n<title>Presidente do INSS \u00e9 afastado ap\u00f3s PF descobrir desvio de R$ 6,3 bilh\u00f5es desde 2019 - Jornal Fatos e Not\u00edcias<\/title>\n<meta name=\"robots\" content=\"index, follow, max-snippet:-1, max-image-preview:large, max-video-preview:-1\" \/>\n<link rel=\"canonical\" href=\"https:\/\/jornalfatosenoticias.com.br\/index.php\/2025\/04\/23\/presidente-do-inss-e-afastado-apos-pf-descobrir-desvio-de-r-63-bilhoes-desde-2019\/\" \/>\n<meta property=\"og:locale\" content=\"pt_BR\" \/>\n<meta property=\"og:type\" content=\"article\" \/>\n<meta property=\"og:title\" content=\"Presidente do INSS \u00e9 afastado ap\u00f3s PF descobrir desvio de R$ 6,3 bilh\u00f5es desde 2019 - Jornal Fatos e Not\u00edcias\" \/>\n<meta property=\"og:description\" content=\"Alessandro Stefanutto, \u00e9 filiado ao PSB e fez parte da equipe de transi\u00e7\u00e3o do governo Lula-Alckmin para assuntos de Previd\u00eancia Social Por Guilherme Grandi O presidente nacional do INSS, Alessandro Stefanutto, foi afastado do cargo nesta quarta (23) ap\u00f3s a Pol\u00edcia Federal deflagrar uma opera\u00e7\u00e3o que apura um desvio de R$ 6,3 bilh\u00f5es atrav\u00e9s de [&hellip;]\" \/>\n<meta property=\"og:url\" content=\"https:\/\/jornalfatosenoticias.com.br\/index.php\/2025\/04\/23\/presidente-do-inss-e-afastado-apos-pf-descobrir-desvio-de-r-63-bilhoes-desde-2019\/\" \/>\n<meta property=\"og:site_name\" content=\"Jornal Fatos e Not\u00edcias\" \/>\n<meta property=\"article:published_time\" content=\"2025-04-23T14:29:54+00:00\" \/>\n<meta property=\"article:modified_time\" content=\"2025-04-23T14:29:56+00:00\" \/>\n<meta property=\"og:image\" content=\"https:\/\/jornalfatosenoticias.com.br\/wp-content\/uploads\/2025\/04\/alessandro-stefanutto.jpeg\" \/>\n\t<meta property=\"og:image:width\" content=\"768\" \/>\n\t<meta property=\"og:image:height\" content=\"512\" \/>\n\t<meta property=\"og:image:type\" content=\"image\/jpeg\" \/>\n<meta name=\"author\" content=\"Luzimara Fernandes\" \/>\n<meta name=\"twitter:card\" content=\"summary_large_image\" \/>\n<meta name=\"twitter:label1\" content=\"Escrito por\" \/>\n\t<meta name=\"twitter:data1\" content=\"Luzimara Fernandes\" \/>\n\t<meta name=\"twitter:label2\" content=\"Est. tempo de leitura\" \/>\n\t<meta name=\"twitter:data2\" content=\"5 minutos\" \/>\n<script type=\"application\/ld+json\" class=\"yoast-schema-graph\">{\"@context\":\"https:\/\/schema.org\",\"@graph\":[{\"@type\":\"Article\",\"@id\":\"https:\/\/jornalfatosenoticias.com.br\/index.php\/2025\/04\/23\/presidente-do-inss-e-afastado-apos-pf-descobrir-desvio-de-r-63-bilhoes-desde-2019\/#article\",\"isPartOf\":{\"@id\":\"https:\/\/jornalfatosenoticias.com.br\/index.php\/2025\/04\/23\/presidente-do-inss-e-afastado-apos-pf-descobrir-desvio-de-r-63-bilhoes-desde-2019\/\"},\"author\":{\"name\":\"Luzimara Fernandes\",\"@id\":\"https:\/\/jornalfatosenoticias.com.br\/#\/schema\/person\/d63837fa13ac8666eb9e74e0985d6f81\"},\"headline\":\"Presidente do INSS \u00e9 afastado ap\u00f3s PF descobrir desvio de R$ 6,3 bilh\u00f5es desde 2019\",\"datePublished\":\"2025-04-23T14:29:54+00:00\",\"dateModified\":\"2025-04-23T14:29:56+00:00\",\"mainEntityOfPage\":{\"@id\":\"https:\/\/jornalfatosenoticias.com.br\/index.php\/2025\/04\/23\/presidente-do-inss-e-afastado-apos-pf-descobrir-desvio-de-r-63-bilhoes-desde-2019\/\"},\"wordCount\":1073,\"commentCount\":0,\"publisher\":{\"@id\":\"https:\/\/jornalfatosenoticias.com.br\/#organization\"},\"image\":{\"@id\":\"https:\/\/jornalfatosenoticias.com.br\/index.php\/2025\/04\/23\/presidente-do-inss-e-afastado-apos-pf-descobrir-desvio-de-r-63-bilhoes-desde-2019\/#primaryimage\"},\"thumbnailUrl\":\"https:\/\/jornalfatosenoticias.com.br\/wp-content\/uploads\/2025\/04\/alessandro-stefanutto.jpeg\",\"keywords\":[\"Alessandro Stefanutto\",\"corrup\u00e7\u00e3o\",\"desvios no INSS\",\"INSS\",\"Opera\u00e7\u00e3o Sem Desconto\",\"Pol\u00edcia Federal\"],\"articleSection\":[\"Geral\"],\"inLanguage\":\"pt-BR\",\"potentialAction\":[{\"@type\":\"CommentAction\",\"name\":\"Comment\",\"target\":[\"https:\/\/jornalfatosenoticias.com.br\/index.php\/2025\/04\/23\/presidente-do-inss-e-afastado-apos-pf-descobrir-desvio-de-r-63-bilhoes-desde-2019\/#respond\"]}]},{\"@type\":\"WebPage\",\"@id\":\"https:\/\/jornalfatosenoticias.com.br\/index.php\/2025\/04\/23\/presidente-do-inss-e-afastado-apos-pf-descobrir-desvio-de-r-63-bilhoes-desde-2019\/\",\"url\":\"https:\/\/jornalfatosenoticias.com.br\/index.php\/2025\/04\/23\/presidente-do-inss-e-afastado-apos-pf-descobrir-desvio-de-r-63-bilhoes-desde-2019\/\",\"name\":\"Presidente do INSS \u00e9 afastado ap\u00f3s PF descobrir desvio de R$ 6,3 bilh\u00f5es desde 2019 - Jornal Fatos e Not\u00edcias\",\"isPartOf\":{\"@id\":\"https:\/\/jornalfatosenoticias.com.br\/#website\"},\"primaryImageOfPage\":{\"@id\":\"https:\/\/jornalfatosenoticias.com.br\/index.php\/2025\/04\/23\/presidente-do-inss-e-afastado-apos-pf-descobrir-desvio-de-r-63-bilhoes-desde-2019\/#primaryimage\"},\"image\":{\"@id\":\"https:\/\/jornalfatosenoticias.com.br\/index.php\/2025\/04\/23\/presidente-do-inss-e-afastado-apos-pf-descobrir-desvio-de-r-63-bilhoes-desde-2019\/#primaryimage\"},\"thumbnailUrl\":\"https:\/\/jornalfatosenoticias.com.br\/wp-content\/uploads\/2025\/04\/alessandro-stefanutto.jpeg\",\"datePublished\":\"2025-04-23T14:29:54+00:00\",\"dateModified\":\"2025-04-23T14:29:56+00:00\",\"breadcrumb\":{\"@id\":\"https:\/\/jornalfatosenoticias.com.br\/index.php\/2025\/04\/23\/presidente-do-inss-e-afastado-apos-pf-descobrir-desvio-de-r-63-bilhoes-desde-2019\/#breadcrumb\"},\"inLanguage\":\"pt-BR\",\"potentialAction\":[{\"@type\":\"ReadAction\",\"target\":[\"https:\/\/jornalfatosenoticias.com.br\/index.php\/2025\/04\/23\/presidente-do-inss-e-afastado-apos-pf-descobrir-desvio-de-r-63-bilhoes-desde-2019\/\"]}]},{\"@type\":\"ImageObject\",\"inLanguage\":\"pt-BR\",\"@id\":\"https:\/\/jornalfatosenoticias.com.br\/index.php\/2025\/04\/23\/presidente-do-inss-e-afastado-apos-pf-descobrir-desvio-de-r-63-bilhoes-desde-2019\/#primaryimage\",\"url\":\"https:\/\/jornalfatosenoticias.com.br\/wp-content\/uploads\/2025\/04\/alessandro-stefanutto.jpeg\",\"contentUrl\":\"https:\/\/jornalfatosenoticias.com.br\/wp-content\/uploads\/2025\/04\/alessandro-stefanutto.jpeg\",\"width\":768,\"height\":512},{\"@type\":\"BreadcrumbList\",\"@id\":\"https:\/\/jornalfatosenoticias.com.br\/index.php\/2025\/04\/23\/presidente-do-inss-e-afastado-apos-pf-descobrir-desvio-de-r-63-bilhoes-desde-2019\/#breadcrumb\",\"itemListElement\":[{\"@type\":\"ListItem\",\"position\":1,\"name\":\"In\u00edcio\",\"item\":\"https:\/\/jornalfatosenoticias.com.br\/\"},{\"@type\":\"ListItem\",\"position\":2,\"name\":\"Presidente do INSS \u00e9 afastado ap\u00f3s PF descobrir desvio de R$ 6,3 bilh\u00f5es desde 2019\"}]},{\"@type\":\"WebSite\",\"@id\":\"https:\/\/jornalfatosenoticias.com.br\/#website\",\"url\":\"https:\/\/jornalfatosenoticias.com.br\/\",\"name\":\"Jornal Fatos e Not\u00edcias\",\"description\":\"Not\u00edcias em geral\",\"publisher\":{\"@id\":\"https:\/\/jornalfatosenoticias.com.br\/#organization\"},\"potentialAction\":[{\"@type\":\"SearchAction\",\"target\":{\"@type\":\"EntryPoint\",\"urlTemplate\":\"https:\/\/jornalfatosenoticias.com.br\/?s={search_term_string}\"},\"query-input\":{\"@type\":\"PropertyValueSpecification\",\"valueRequired\":true,\"valueName\":\"search_term_string\"}}],\"inLanguage\":\"pt-BR\"},{\"@type\":\"Organization\",\"@id\":\"https:\/\/jornalfatosenoticias.com.br\/#organization\",\"name\":\"Jornal Fatos e Not\u00edcias\",\"url\":\"https:\/\/jornalfatosenoticias.com.br\/\",\"logo\":{\"@type\":\"ImageObject\",\"inLanguage\":\"pt-BR\",\"@id\":\"https:\/\/jornalfatosenoticias.com.br\/#\/schema\/logo\/image\/\",\"url\":\"https:\/\/jornalfatosenoticias.com.br\/wp-content\/uploads\/2020\/02\/logo120.png\",\"contentUrl\":\"https:\/\/jornalfatosenoticias.com.br\/wp-content\/uploads\/2020\/02\/logo120.png\",\"width\":1227,\"height\":120,\"caption\":\"Jornal Fatos e Not\u00edcias\"},\"image\":{\"@id\":\"https:\/\/jornalfatosenoticias.com.br\/#\/schema\/logo\/image\/\"}},{\"@type\":\"Person\",\"@id\":\"https:\/\/jornalfatosenoticias.com.br\/#\/schema\/person\/d63837fa13ac8666eb9e74e0985d6f81\",\"name\":\"Luzimara Fernandes\",\"image\":{\"@type\":\"ImageObject\",\"inLanguage\":\"pt-BR\",\"@id\":\"https:\/\/jornalfatosenoticias.com.br\/#\/schema\/person\/image\/\",\"url\":\"https:\/\/jornalfatosenoticias.com.br\/wp-content\/uploads\/2025\/05\/EU_portal.jpg\",\"contentUrl\":\"https:\/\/jornalfatosenoticias.com.br\/wp-content\/uploads\/2025\/05\/EU_portal.jpg\",\"caption\":\"Luzimara Fernandes\"},\"description\":\"Jornalista MTB 2358-ES\",\"sameAs\":[\"https:\/\/jornalfatosenoticias.com.br\"],\"url\":\"https:\/\/jornalfatosenoticias.com.br\/index.php\/author\/luzimara\/\"}]}<\/script>\n<!-- \/ Yoast SEO plugin. -->","yoast_head_json":{"title":"Presidente do INSS \u00e9 afastado ap\u00f3s PF descobrir desvio de R$ 6,3 bilh\u00f5es desde 2019 - Jornal Fatos e Not\u00edcias","robots":{"index":"index","follow":"follow","max-snippet":"max-snippet:-1","max-image-preview":"max-image-preview:large","max-video-preview":"max-video-preview:-1"},"canonical":"https:\/\/jornalfatosenoticias.com.br\/index.php\/2025\/04\/23\/presidente-do-inss-e-afastado-apos-pf-descobrir-desvio-de-r-63-bilhoes-desde-2019\/","og_locale":"pt_BR","og_type":"article","og_title":"Presidente do INSS \u00e9 afastado ap\u00f3s PF descobrir desvio de R$ 6,3 bilh\u00f5es desde 2019 - Jornal Fatos e Not\u00edcias","og_description":"Alessandro Stefanutto, \u00e9 filiado ao PSB e fez parte da equipe de transi\u00e7\u00e3o do governo Lula-Alckmin para assuntos de Previd\u00eancia Social Por Guilherme Grandi O presidente nacional do INSS, Alessandro Stefanutto, foi afastado do cargo nesta quarta (23) ap\u00f3s a Pol\u00edcia Federal deflagrar uma opera\u00e7\u00e3o que apura um desvio de R$ 6,3 bilh\u00f5es atrav\u00e9s de [&hellip;]","og_url":"https:\/\/jornalfatosenoticias.com.br\/index.php\/2025\/04\/23\/presidente-do-inss-e-afastado-apos-pf-descobrir-desvio-de-r-63-bilhoes-desde-2019\/","og_site_name":"Jornal Fatos e Not\u00edcias","article_published_time":"2025-04-23T14:29:54+00:00","article_modified_time":"2025-04-23T14:29:56+00:00","og_image":[{"width":768,"height":512,"url":"https:\/\/jornalfatosenoticias.com.br\/wp-content\/uploads\/2025\/04\/alessandro-stefanutto.jpeg","type":"image\/jpeg"}],"author":"Luzimara Fernandes","twitter_card":"summary_large_image","twitter_misc":{"Escrito por":"Luzimara Fernandes","Est. tempo de leitura":"5 minutos"},"schema":{"@context":"https:\/\/schema.org","@graph":[{"@type":"Article","@id":"https:\/\/jornalfatosenoticias.com.br\/index.php\/2025\/04\/23\/presidente-do-inss-e-afastado-apos-pf-descobrir-desvio-de-r-63-bilhoes-desde-2019\/#article","isPartOf":{"@id":"https:\/\/jornalfatosenoticias.com.br\/index.php\/2025\/04\/23\/presidente-do-inss-e-afastado-apos-pf-descobrir-desvio-de-r-63-bilhoes-desde-2019\/"},"author":{"name":"Luzimara Fernandes","@id":"https:\/\/jornalfatosenoticias.com.br\/#\/schema\/person\/d63837fa13ac8666eb9e74e0985d6f81"},"headline":"Presidente do INSS \u00e9 afastado ap\u00f3s PF descobrir desvio de R$ 6,3 bilh\u00f5es desde 2019","datePublished":"2025-04-23T14:29:54+00:00","dateModified":"2025-04-23T14:29:56+00:00","mainEntityOfPage":{"@id":"https:\/\/jornalfatosenoticias.com.br\/index.php\/2025\/04\/23\/presidente-do-inss-e-afastado-apos-pf-descobrir-desvio-de-r-63-bilhoes-desde-2019\/"},"wordCount":1073,"commentCount":0,"publisher":{"@id":"https:\/\/jornalfatosenoticias.com.br\/#organization"},"image":{"@id":"https:\/\/jornalfatosenoticias.com.br\/index.php\/2025\/04\/23\/presidente-do-inss-e-afastado-apos-pf-descobrir-desvio-de-r-63-bilhoes-desde-2019\/#primaryimage"},"thumbnailUrl":"https:\/\/jornalfatosenoticias.com.br\/wp-content\/uploads\/2025\/04\/alessandro-stefanutto.jpeg","keywords":["Alessandro Stefanutto","corrup\u00e7\u00e3o","desvios no INSS","INSS","Opera\u00e7\u00e3o Sem Desconto","Pol\u00edcia Federal"],"articleSection":["Geral"],"inLanguage":"pt-BR","potentialAction":[{"@type":"CommentAction","name":"Comment","target":["https:\/\/jornalfatosenoticias.com.br\/index.php\/2025\/04\/23\/presidente-do-inss-e-afastado-apos-pf-descobrir-desvio-de-r-63-bilhoes-desde-2019\/#respond"]}]},{"@type":"WebPage","@id":"https:\/\/jornalfatosenoticias.com.br\/index.php\/2025\/04\/23\/presidente-do-inss-e-afastado-apos-pf-descobrir-desvio-de-r-63-bilhoes-desde-2019\/","url":"https:\/\/jornalfatosenoticias.com.br\/index.php\/2025\/04\/23\/presidente-do-inss-e-afastado-apos-pf-descobrir-desvio-de-r-63-bilhoes-desde-2019\/","name":"Presidente do INSS \u00e9 afastado ap\u00f3s PF descobrir desvio de R$ 6,3 bilh\u00f5es desde 2019 - Jornal Fatos e Not\u00edcias","isPartOf":{"@id":"https:\/\/jornalfatosenoticias.com.br\/#website"},"primaryImageOfPage":{"@id":"https:\/\/jornalfatosenoticias.com.br\/index.php\/2025\/04\/23\/presidente-do-inss-e-afastado-apos-pf-descobrir-desvio-de-r-63-bilhoes-desde-2019\/#primaryimage"},"image":{"@id":"https:\/\/jornalfatosenoticias.com.br\/index.php\/2025\/04\/23\/presidente-do-inss-e-afastado-apos-pf-descobrir-desvio-de-r-63-bilhoes-desde-2019\/#primaryimage"},"thumbnailUrl":"https:\/\/jornalfatosenoticias.com.br\/wp-content\/uploads\/2025\/04\/alessandro-stefanutto.jpeg","datePublished":"2025-04-23T14:29:54+00:00","dateModified":"2025-04-23T14:29:56+00:00","breadcrumb":{"@id":"https:\/\/jornalfatosenoticias.com.br\/index.php\/2025\/04\/23\/presidente-do-inss-e-afastado-apos-pf-descobrir-desvio-de-r-63-bilhoes-desde-2019\/#breadcrumb"},"inLanguage":"pt-BR","potentialAction":[{"@type":"ReadAction","target":["https:\/\/jornalfatosenoticias.com.br\/index.php\/2025\/04\/23\/presidente-do-inss-e-afastado-apos-pf-descobrir-desvio-de-r-63-bilhoes-desde-2019\/"]}]},{"@type":"ImageObject","inLanguage":"pt-BR","@id":"https:\/\/jornalfatosenoticias.com.br\/index.php\/2025\/04\/23\/presidente-do-inss-e-afastado-apos-pf-descobrir-desvio-de-r-63-bilhoes-desde-2019\/#primaryimage","url":"https:\/\/jornalfatosenoticias.com.br\/wp-content\/uploads\/2025\/04\/alessandro-stefanutto.jpeg","contentUrl":"https:\/\/jornalfatosenoticias.com.br\/wp-content\/uploads\/2025\/04\/alessandro-stefanutto.jpeg","width":768,"height":512},{"@type":"BreadcrumbList","@id":"https:\/\/jornalfatosenoticias.com.br\/index.php\/2025\/04\/23\/presidente-do-inss-e-afastado-apos-pf-descobrir-desvio-de-r-63-bilhoes-desde-2019\/#breadcrumb","itemListElement":[{"@type":"ListItem","position":1,"name":"In\u00edcio","item":"https:\/\/jornalfatosenoticias.com.br\/"},{"@type":"ListItem","position":2,"name":"Presidente do INSS \u00e9 afastado ap\u00f3s PF descobrir desvio de R$ 6,3 bilh\u00f5es desde 2019"}]},{"@type":"WebSite","@id":"https:\/\/jornalfatosenoticias.com.br\/#website","url":"https:\/\/jornalfatosenoticias.com.br\/","name":"Jornal Fatos e Not\u00edcias","description":"Not\u00edcias em geral","publisher":{"@id":"https:\/\/jornalfatosenoticias.com.br\/#organization"},"potentialAction":[{"@type":"SearchAction","target":{"@type":"EntryPoint","urlTemplate":"https:\/\/jornalfatosenoticias.com.br\/?s={search_term_string}"},"query-input":{"@type":"PropertyValueSpecification","valueRequired":true,"valueName":"search_term_string"}}],"inLanguage":"pt-BR"},{"@type":"Organization","@id":"https:\/\/jornalfatosenoticias.com.br\/#organization","name":"Jornal Fatos e Not\u00edcias","url":"https:\/\/jornalfatosenoticias.com.br\/","logo":{"@type":"ImageObject","inLanguage":"pt-BR","@id":"https:\/\/jornalfatosenoticias.com.br\/#\/schema\/logo\/image\/","url":"https:\/\/jornalfatosenoticias.com.br\/wp-content\/uploads\/2020\/02\/logo120.png","contentUrl":"https:\/\/jornalfatosenoticias.com.br\/wp-content\/uploads\/2020\/02\/logo120.png","width":1227,"height":120,"caption":"Jornal Fatos e Not\u00edcias"},"image":{"@id":"https:\/\/jornalfatosenoticias.com.br\/#\/schema\/logo\/image\/"}},{"@type":"Person","@id":"https:\/\/jornalfatosenoticias.com.br\/#\/schema\/person\/d63837fa13ac8666eb9e74e0985d6f81","name":"Luzimara Fernandes","image":{"@type":"ImageObject","inLanguage":"pt-BR","@id":"https:\/\/jornalfatosenoticias.com.br\/#\/schema\/person\/image\/","url":"https:\/\/jornalfatosenoticias.com.br\/wp-content\/uploads\/2025\/05\/EU_portal.jpg","contentUrl":"https:\/\/jornalfatosenoticias.com.br\/wp-content\/uploads\/2025\/05\/EU_portal.jpg","caption":"Luzimara Fernandes"},"description":"Jornalista MTB 2358-ES","sameAs":["https:\/\/jornalfatosenoticias.com.br"],"url":"https:\/\/jornalfatosenoticias.com.br\/index.php\/author\/luzimara\/"}]}},"cc_featured_image_caption":{"caption_text":"(Foto: Divulga\u00e7\u00e3o\/PSB)","source_text":"","source_url":""},"jetpack_featured_media_url":"https:\/\/jornalfatosenoticias.com.br\/wp-content\/uploads\/2025\/04\/alessandro-stefanutto.jpeg","_links":{"self":[{"href":"https:\/\/jornalfatosenoticias.com.br\/index.php\/wp-json\/wp\/v2\/posts\/58718","targetHints":{"allow":["GET"]}}],"collection":[{"href":"https:\/\/jornalfatosenoticias.com.br\/index.php\/wp-json\/wp\/v2\/posts"}],"about":[{"href":"https:\/\/jornalfatosenoticias.com.br\/index.php\/wp-json\/wp\/v2\/types\/post"}],"author":[{"embeddable":true,"href":"https:\/\/jornalfatosenoticias.com.br\/index.php\/wp-json\/wp\/v2\/users\/2"}],"replies":[{"embeddable":true,"href":"https:\/\/jornalfatosenoticias.com.br\/index.php\/wp-json\/wp\/v2\/comments?post=58718"}],"version-history":[{"count":0,"href":"https:\/\/jornalfatosenoticias.com.br\/index.php\/wp-json\/wp\/v2\/posts\/58718\/revisions"}],"wp:featuredmedia":[{"embeddable":true,"href":"https:\/\/jornalfatosenoticias.com.br\/index.php\/wp-json\/wp\/v2\/media\/58725"}],"wp:attachment":[{"href":"https:\/\/jornalfatosenoticias.com.br\/index.php\/wp-json\/wp\/v2\/media?parent=58718"}],"wp:term":[{"taxonomy":"category","embeddable":true,"href":"https:\/\/jornalfatosenoticias.com.br\/index.php\/wp-json\/wp\/v2\/categories?post=58718"},{"taxonomy":"post_tag","embeddable":true,"href":"https:\/\/jornalfatosenoticias.com.br\/index.php\/wp-json\/wp\/v2\/tags?post=58718"}],"curies":[{"name":"wp","href":"https:\/\/api.w.org\/{rel}","templated":true}]}}