{"id":58732,"date":"2025-04-24T16:03:38","date_gmt":"2025-04-24T19:03:38","guid":{"rendered":"https:\/\/jornalfatosenoticias.com.br\/?p=58732"},"modified":"2025-04-24T16:03:41","modified_gmt":"2025-04-24T19:03:41","slug":"direito-de-ir-e-vir-se-for-mulher-nao-tem-parte-ii","status":"publish","type":"post","link":"https:\/\/jornalfatosenoticias.com.br\/index.php\/2025\/04\/24\/direito-de-ir-e-vir-se-for-mulher-nao-tem-parte-ii\/","title":{"rendered":"Direito de Ir e Vir. Se for Mulher, n\u00e3o tem \u2014 Parte II"},"content":{"rendered":"\n<p><span class=\"has-inline-color has-black-color\"><em>Hoje, temos mais um tipo de viol\u00eancia: a viol\u00eancia judicial. A justi\u00e7a adentrou as fam\u00edlias imprimindo normas, na tentativa imposs\u00edvel de judicializar afetos<\/em><\/span><\/p>\n\n\n\n<div class=\"wp-block-image\"><figure class=\"aligncenter size-large\"><a href=\"https:\/\/www.instagram.com\/rcradiadores\/\"><img loading=\"lazy\" decoding=\"async\" width=\"560\" height=\"60\" src=\"https:\/\/jornalfatosenoticias.com.br\/wp-content\/uploads\/2022\/10\/Propaganda-RC-Radiadores-Jornal_page-0001.jpg\" alt=\"\" class=\"wp-image-35270\" srcset=\"https:\/\/jornalfatosenoticias.com.br\/wp-content\/uploads\/2022\/10\/Propaganda-RC-Radiadores-Jornal_page-0001.jpg 560w, https:\/\/jornalfatosenoticias.com.br\/wp-content\/uploads\/2022\/10\/Propaganda-RC-Radiadores-Jornal_page-0001-300x32.jpg 300w\" sizes=\"auto, (max-width: 560px) 100vw, 560px\" \/><\/a><\/figure><\/div>\n\n\n\n<p>Intrigante pensar que o Direito de Ir e Vir, simples, b\u00e1sico, para ser reclamado, necessita da Voz. \u00c9 preciso falar e ser escutada para pleitear o Ir e o Vir. Nesse ponto, abrimos uma seara imensa, talvez um abismo que serve de fosso para isolar, porque \u00e9 como se nossa Voz fosse aquela dos pesadelos, quando, diante de um grande perigo, a Voz n\u00e3o emite som. Falamos, mas o som de nossas palavras, carregadas de emo\u00e7\u00f5es, incluso o medo, n\u00e3o valem nada. Tenho a sensa\u00e7\u00e3o de que venho falando, h\u00e1 d\u00e9cadas, num deserto \u00e1rido, e que me responde com puni\u00e7\u00f5es, as mais diversas, as mais cru\u00e9is. Minha fala, e de muitas mulheres e homens honestos, \u00e9 inaud\u00edvel.<br>Sendo corriqueiro entre n\u00f3s, n\u00e3o nos cabe a exclusividade da viol\u00eancia contra a mulher pelo descr\u00e9dito que \u00e9 dado \u00e0 sua voz. Assistimos, estupefatos, ao retrocesso da justi\u00e7a espanhola, proferida por uma C\u00e2mara de Apela\u00e7\u00e3o formada por quatro julgadores, sendo um homem e tr\u00eas mulheres.<\/p>\n\n\n\n<div class=\"wp-block-image\"><figure class=\"aligncenter size-large\"><a href=\"http:\/\/www.ferrarimaquinas.com.br\/\"><img loading=\"lazy\" decoding=\"async\" width=\"300\" height=\"250\" src=\"https:\/\/jornalfatosenoticias.com.br\/wp-content\/uploads\/2022\/02\/FERRARI_MAQUINAS-E-FERRAMENTAS2.jpg\" alt=\"\" class=\"wp-image-27860\"\/><\/a><\/figure><\/div>\n\n\n\n<p>Sim, tr\u00eas mulheres. Essa 2.\u00aa Inst\u00e2ncia anulou a decis\u00e3o anterior de condena\u00e7\u00e3o por estupro. N\u00e3o o julgaram inocente. Sa\u00edram, como \u00e9 de h\u00e1bito, por formalidades que, nesse caso, com a interpreta\u00e7\u00e3o, tamb\u00e9m de praxe, parece universalizada, de que as provas s\u00e3o insuficientes. N\u00e3o vamos relacionar as provas materiais comprovadas, incluindo s\u00eamen nas roupas \u00edntimas e no vestido da v\u00edtima, ao devido DNA apontando o seu dono.<\/p>\n\n\n\n<div class=\"wp-block-image\"><figure class=\"aligncenter size-large\"><img loading=\"lazy\" decoding=\"async\" width=\"800\" height=\"800\" src=\"https:\/\/jornalfatosenoticias.com.br\/wp-content\/uploads\/2025\/04\/direito-de-ir-e-vir-da-mulher2_freepik.jpg\" alt=\"\" class=\"wp-image-58734\" srcset=\"https:\/\/jornalfatosenoticias.com.br\/wp-content\/uploads\/2025\/04\/direito-de-ir-e-vir-da-mulher2_freepik.jpg 800w, https:\/\/jornalfatosenoticias.com.br\/wp-content\/uploads\/2025\/04\/direito-de-ir-e-vir-da-mulher2_freepik-300x300.jpg 300w, https:\/\/jornalfatosenoticias.com.br\/wp-content\/uploads\/2025\/04\/direito-de-ir-e-vir-da-mulher2_freepik-150x150.jpg 150w, https:\/\/jornalfatosenoticias.com.br\/wp-content\/uploads\/2025\/04\/direito-de-ir-e-vir-da-mulher2_freepik-768x768.jpg 768w\" sizes=\"auto, (max-width: 800px) 100vw, 800px\" \/><figcaption><em>Direito de ir e vir da mulher (Foto: Freepik)<\/em><\/figcaption><\/figure><\/div>\n\n\n\n<p>Se o que trouxe a v\u00edtima de provas materiais foi interpretado como insuficiente, foram cinco as vers\u00f5es contadas pelo suspeito. Ele mudou cinco vezes de relato, come\u00e7ando por dizer que nunca tinha visto a v\u00edtima at\u00e9 chegar ao famoso \u201csexo consensual\u201d, as marcas no corpo das v\u00edtimas s\u00e3o detalhes desprez\u00edveis, em embriaguez com apag\u00e3o de mem\u00f3ria. Interessante. O estado de alcoolismo deste n\u00edvel sabe-se, que n\u00e3o produz efici\u00eancia para o ato sexual, menos ainda dessa propor\u00e7\u00e3o. Mais detalhes desprez\u00edveis, apenas. Vale lembrar que a v\u00edtima fez quest\u00e3o de manter o anonimato e avisou que n\u00e3o aceitaria nenhuma quantia como \u201cressarcimento\u201d. Ser\u00e1 que isso diz alguma coisa? Isso n\u00e3o foi interpretado pelos doutos julgadores. Nem ao menos lido, no simples. A jovem n\u00e3o quer ser identificada, nem recebe dinheiro em troca de um acordo. Ela foi buscar Justi\u00e7a na justi\u00e7a.<\/p>\n\n\n\n<div class=\"wp-block-image\"><figure class=\"aligncenter size-large is-resized\"><a href=\"https:\/\/www.controlsystems.com.br\/\"><img loading=\"lazy\" decoding=\"async\" src=\"https:\/\/jornalfatosenoticias.com.br\/wp-content\/uploads\/2020\/02\/CONTROL-CS.jpg\" alt=\"\" class=\"wp-image-44991\" width=\"269\" height=\"322\" srcset=\"https:\/\/jornalfatosenoticias.com.br\/wp-content\/uploads\/2020\/02\/CONTROL-CS.jpg 834w, https:\/\/jornalfatosenoticias.com.br\/wp-content\/uploads\/2020\/02\/CONTROL-CS-250x300.jpg 250w, https:\/\/jornalfatosenoticias.com.br\/wp-content\/uploads\/2020\/02\/CONTROL-CS-768x921.jpg 768w\" sizes=\"auto, (max-width: 269px) 100vw, 269px\" \/><\/a><\/figure><\/div>\n\n\n\n<p>Se voz + provas materiais n\u00e3o resultam em nada, por que propor mais uma Panaceia quando se torna lei a viol\u00eancia psicol\u00f3gica? Para que serve? Para iludir mais as mulheres? Com provas concretas o relato da mulher \u00e9 insuficiente, como se dar\u00e1 a m\u00e1gica de fazer valer o relato do sentimento de medo, do sentimento de humilha\u00e7\u00e3o, do sentimento de desprezo? Quais ser\u00e3o os julgadores? Como validar as marcas da alma, as marcas subjetivas, as marcas que n\u00e3o ficam roxas ou n\u00e3o escorrem sangue ou s\u00eamen?<\/p>\n\n\n\n<div class=\"wp-block-image\"><figure class=\"aligncenter size-large is-resized\"><a href=\"https:\/\/hotelmarquetti.com.br\/\"><img loading=\"lazy\" decoding=\"async\" src=\"https:\/\/jornalfatosenoticias.com.br\/wp-content\/uploads\/2020\/02\/LOGO-MQ-1024x680.jpg\" alt=\"\" class=\"wp-image-58299\" width=\"363\" height=\"241\" srcset=\"https:\/\/jornalfatosenoticias.com.br\/wp-content\/uploads\/2020\/02\/LOGO-MQ-1024x680.jpg 1024w, https:\/\/jornalfatosenoticias.com.br\/wp-content\/uploads\/2020\/02\/LOGO-MQ-300x199.jpg 300w, https:\/\/jornalfatosenoticias.com.br\/wp-content\/uploads\/2020\/02\/LOGO-MQ-768x510.jpg 768w, https:\/\/jornalfatosenoticias.com.br\/wp-content\/uploads\/2020\/02\/LOGO-MQ-1536x1020.jpg 1536w, https:\/\/jornalfatosenoticias.com.br\/wp-content\/uploads\/2020\/02\/LOGO-MQ-2048x1360.jpg 2048w\" sizes=\"auto, (max-width: 363px) 100vw, 363px\" \/><\/a><\/figure><\/div>\n\n\n\n<p>A ministra C\u00e1rmen L\u00facia, h\u00e1 alguns dias, se referiu \u00e0 defesa do um feminicida de maneira emblem\u00e1tica. O respeitado e brilhante advogado que o defendia, trouxe ao j\u00fari como convencimento que a mulher havia cometido suic\u00eddio com m\u00e3os alheias. Ela foi estrangulada por ela mesma \u201cusando\u201d as m\u00e3os do assassino, o ex-marido. Tomei conhecimento de um laudo, feito a dist\u00e2ncia, de alguns Estados, onde a Psic\u00f3loga, at\u00e9 hoje n\u00e3o responsabilizada por isso, afirmou que o ex-marido havia descarregado a arma, na presen\u00e7a do filho crian\u00e7a, porque ela, a m\u00e3e, praticava aliena\u00e7\u00e3o parental com o pobre homem.<\/p>\n\n\n\n<div class=\"wp-block-image\"><figure class=\"aligncenter size-large\"><img loading=\"lazy\" decoding=\"async\" width=\"996\" height=\"560\" src=\"https:\/\/jornalfatosenoticias.com.br\/wp-content\/uploads\/2025\/04\/privacao-dos-direitos-parentais-da-mae_freepik-gerada-com-ia.jpg\" alt=\"\" class=\"wp-image-58735\" srcset=\"https:\/\/jornalfatosenoticias.com.br\/wp-content\/uploads\/2025\/04\/privacao-dos-direitos-parentais-da-mae_freepik-gerada-com-ia.jpg 996w, https:\/\/jornalfatosenoticias.com.br\/wp-content\/uploads\/2025\/04\/privacao-dos-direitos-parentais-da-mae_freepik-gerada-com-ia-300x169.jpg 300w, https:\/\/jornalfatosenoticias.com.br\/wp-content\/uploads\/2025\/04\/privacao-dos-direitos-parentais-da-mae_freepik-gerada-com-ia-768x432.jpg 768w\" sizes=\"auto, (max-width: 996px) 100vw, 996px\" \/><figcaption><em><span class=\"has-inline-color has-black-color\">(Foto: Freepik gerada com IA)<\/span><\/em><\/figcaption><\/figure><\/div>\n\n\n\n<p>A Advocacia-Geral da Uni\u00e3o (AGU) condenou um portal que divulgou mentiras sobre as agress\u00f5es sofridas por Maria da Penha. Parapl\u00e9gica para sempre porque o pobre homem se confundiu com ela dormindo e pensou que fosse um ladr\u00e3o, depois de v\u00e1rias outras tentativas de feminic\u00eddio, e v\u00e1rios espancamentos. Nada era levado adiante pela autoridade policial, tudo engavetado, inclusive esses tiros em sua coluna. Foi preciso a Corte Interamericana de Direitos Humanos condenar o Estado Brasileiro por omiss\u00e3o e neglig\u00eancia, o que ensejou a Lei Maria da Penha.<\/p>\n\n\n\n<div class=\"wp-block-image\"><figure class=\"aligncenter size-large is-resized\"><a href=\"https:\/\/www.instagram.com\/serra4x4cambioautomatico\/\"><img loading=\"lazy\" decoding=\"async\" src=\"https:\/\/jornalfatosenoticias.com.br\/wp-content\/uploads\/2024\/08\/Serra-4x4-1-886x1024.jpg\" alt=\"\" class=\"wp-image-53632\" width=\"265\" height=\"306\" srcset=\"https:\/\/jornalfatosenoticias.com.br\/wp-content\/uploads\/2024\/08\/Serra-4x4-1-886x1024.jpg 886w, https:\/\/jornalfatosenoticias.com.br\/wp-content\/uploads\/2024\/08\/Serra-4x4-1-260x300.jpg 260w, https:\/\/jornalfatosenoticias.com.br\/wp-content\/uploads\/2024\/08\/Serra-4x4-1-768x888.jpg 768w, https:\/\/jornalfatosenoticias.com.br\/wp-content\/uploads\/2024\/08\/Serra-4x4-1.jpg 1181w\" sizes=\"auto, (max-width: 265px) 100vw, 265px\" \/><\/a><\/figure><\/div>\n\n\n\n<p>Essa lei, que tipificou a viol\u00eancia dom\u00e9stica em suas cinco formas de agress\u00e3o, cont\u00e9m a Viol\u00eancia Psicol\u00f3gica. Sendo sincera, n\u00e3o confio na implementa\u00e7\u00e3o desse tipo de combate e responsabiliza\u00e7\u00e3o do sentir. Olhar os resultados dos exames atestando, com a possibilidade de comprova\u00e7\u00e3o repetida, n\u00e3o transp\u00f5e a barreira da misoginia.<\/p>\n\n\n\n<div class=\"wp-block-image\"><figure class=\"aligncenter size-large is-resized\"><a href=\"https:\/\/www.instagram.com\/gruposei\/\"><img loading=\"lazy\" decoding=\"async\" src=\"https:\/\/jornalfatosenoticias.com.br\/wp-content\/uploads\/2022\/07\/Logo-Grupo-SEI.jpg\" alt=\"\" class=\"wp-image-31973\" width=\"404\" height=\"212\" srcset=\"https:\/\/jornalfatosenoticias.com.br\/wp-content\/uploads\/2022\/07\/Logo-Grupo-SEI.jpg 713w, https:\/\/jornalfatosenoticias.com.br\/wp-content\/uploads\/2022\/07\/Logo-Grupo-SEI-300x158.jpg 300w\" sizes=\"auto, (max-width: 404px) 100vw, 404px\" \/><\/a><\/figure><\/div>\n\n\n\n<p>Hoje, temos mais um tipo de viol\u00eancia: a viol\u00eancia judicial. A justi\u00e7a adentrou as fam\u00edlias imprimindo normas, na tentativa imposs\u00edvel de judicializar afetos. A dor sentida emocionalmente \u00e9 negada a mulheres e a crian\u00e7as, a maternidade, at\u00e9 mesmo na amamenta\u00e7\u00e3o, \u00e9 ceifada. E, como um \u201cserial\u201d, segue inc\u00f3lume, tamb\u00e9m sem responsabiliza\u00e7\u00e3o para os erros gritantes que s\u00e3o cometidos, e tantas vezes revelados.<\/p>\n\n\n\n<div class=\"wp-block-image\"><figure class=\"aligncenter size-large is-resized\"><a href=\"https:\/\/www.facebook.com\/postobkr\/?locale=pt_BR\"><img loading=\"lazy\" decoding=\"async\" src=\"https:\/\/jornalfatosenoticias.com.br\/wp-content\/uploads\/2023\/08\/BKR-1024x1021.jpg\" alt=\"\" class=\"wp-image-44494\" width=\"301\" height=\"300\" srcset=\"https:\/\/jornalfatosenoticias.com.br\/wp-content\/uploads\/2023\/08\/BKR-1024x1021.jpg 1024w, https:\/\/jornalfatosenoticias.com.br\/wp-content\/uploads\/2023\/08\/BKR-300x300.jpg 300w, https:\/\/jornalfatosenoticias.com.br\/wp-content\/uploads\/2023\/08\/BKR-150x150.jpg 150w, https:\/\/jornalfatosenoticias.com.br\/wp-content\/uploads\/2023\/08\/BKR-768x766.jpg 768w, https:\/\/jornalfatosenoticias.com.br\/wp-content\/uploads\/2023\/08\/BKR.jpg 1080w\" sizes=\"auto, (max-width: 301px) 100vw, 301px\" \/><\/a><\/figure><\/div>\n\n\n\n<p>O Direito de Ir e Vir nas audi\u00eancias de Fam\u00edlia \u00e9 violado. Ir numa audi\u00eancia com essa roupa ou aquela roupa, garante o preconceito de adjetivos, de desqualifica\u00e7\u00e3o moral silencioso, mas determinante na senten\u00e7a. H\u00e1 instru\u00e7\u00f5es severas feitas por advogados para que a mulher \u201cpare\u00e7a normal\u201d, como dizem. Para al\u00e9m da roupa, da apar\u00eancia, h\u00e1 instru\u00e7\u00f5es de comportamento que excedem ao devido tratamento dessa ocasi\u00e3o. Chorar, nem pensar. Hist\u00e9rica. Ela est\u00e1 perdendo um filho, um detalhe. Escuta um grito para parar. Mas, n\u00e3o chorar tamb\u00e9m traz afirma\u00e7\u00e3o de frieza. \u00c9 o teatro da vida da mulher e da crian\u00e7a sob a dire\u00e7\u00e3o e o julgamento de um Poder absoluto.<\/p>\n\n\n\n<div class=\"wp-block-image\"><figure class=\"aligncenter size-large is-resized\"><a href=\"https:\/\/www.instagram.com\/restaurantepegoretti\/\"><img loading=\"lazy\" decoding=\"async\" src=\"https:\/\/jornalfatosenoticias.com.br\/wp-content\/uploads\/2023\/12\/pegoretti-logo-pdf-1024x389.jpg\" alt=\"\" class=\"wp-image-47536\" width=\"504\" height=\"191\" srcset=\"https:\/\/jornalfatosenoticias.com.br\/wp-content\/uploads\/2023\/12\/pegoretti-logo-pdf-1024x389.jpg 1024w, https:\/\/jornalfatosenoticias.com.br\/wp-content\/uploads\/2023\/12\/pegoretti-logo-pdf-300x114.jpg 300w, https:\/\/jornalfatosenoticias.com.br\/wp-content\/uploads\/2023\/12\/pegoretti-logo-pdf-768x291.jpg 768w, https:\/\/jornalfatosenoticias.com.br\/wp-content\/uploads\/2023\/12\/pegoretti-logo-pdf.jpg 1120w\" sizes=\"auto, (max-width: 504px) 100vw, 504px\" \/><\/a><\/figure><\/div>\n","protected":false},"excerpt":{"rendered":"<p>Hoje, temos mais um tipo de viol\u00eancia: a viol\u00eancia judicial. A justi\u00e7a adentrou as fam\u00edlias imprimindo normas, na tentativa imposs\u00edvel de judicializar afetos Intrigante pensar que o Direito de Ir e Vir, simples, b\u00e1sico, para ser reclamado, necessita da Voz. \u00c9 preciso falar e ser escutada para pleitear o Ir e o Vir. Nesse ponto, [&hellip;]<\/p>\n","protected":false},"author":8,"featured_media":58733,"comment_status":"open","ping_status":"open","sticky":false,"template":"","format":"standard","meta":{"footnotes":""},"categories":[2522],"tags":[1345,979,2479,26787,9892],"class_list":["post-58732","post","type-post","status-publish","format-standard","has-post-thumbnail","hentry","category-comportamento","tag-justica","tag-mulher","tag-violencia","tag-violencia-judicial","tag-violencia-psicologica"],"yoast_head":"<!-- This site is optimized with the Yoast SEO plugin v26.5 - https:\/\/yoast.com\/wordpress\/plugins\/seo\/ -->\n<title>Direito de Ir e Vir. Se for Mulher, n\u00e3o tem \u2014 Parte II - Jornal Fatos e Not\u00edcias<\/title>\n<meta name=\"robots\" content=\"index, follow, max-snippet:-1, max-image-preview:large, max-video-preview:-1\" \/>\n<link rel=\"canonical\" href=\"https:\/\/jornalfatosenoticias.com.br\/index.php\/2025\/04\/24\/direito-de-ir-e-vir-se-for-mulher-nao-tem-parte-ii\/\" \/>\n<meta property=\"og:locale\" content=\"pt_BR\" \/>\n<meta property=\"og:type\" content=\"article\" \/>\n<meta property=\"og:title\" content=\"Direito de Ir e Vir. Se for Mulher, n\u00e3o tem \u2014 Parte II - Jornal Fatos e Not\u00edcias\" \/>\n<meta property=\"og:description\" content=\"Hoje, temos mais um tipo de viol\u00eancia: a viol\u00eancia judicial. A justi\u00e7a adentrou as fam\u00edlias imprimindo normas, na tentativa imposs\u00edvel de judicializar afetos Intrigante pensar que o Direito de Ir e Vir, simples, b\u00e1sico, para ser reclamado, necessita da Voz. \u00c9 preciso falar e ser escutada para pleitear o Ir e o Vir. Nesse ponto, [&hellip;]\" \/>\n<meta property=\"og:url\" content=\"https:\/\/jornalfatosenoticias.com.br\/index.php\/2025\/04\/24\/direito-de-ir-e-vir-se-for-mulher-nao-tem-parte-ii\/\" \/>\n<meta property=\"og:site_name\" content=\"Jornal Fatos e Not\u00edcias\" \/>\n<meta property=\"article:published_time\" content=\"2025-04-24T19:03:38+00:00\" \/>\n<meta property=\"article:modified_time\" content=\"2025-04-24T19:03:41+00:00\" \/>\n<meta property=\"og:image\" content=\"https:\/\/jornalfatosenoticias.com.br\/wp-content\/uploads\/2025\/04\/direito-de-ir-e-vir-da-mulher_freepik.jpg\" \/>\n\t<meta property=\"og:image:width\" content=\"1000\" \/>\n\t<meta property=\"og:image:height\" content=\"562\" \/>\n\t<meta property=\"og:image:type\" content=\"image\/jpeg\" \/>\n<meta name=\"author\" content=\"Ana Maria Iencarelli\" \/>\n<meta name=\"twitter:card\" content=\"summary_large_image\" \/>\n<meta name=\"twitter:label1\" content=\"Escrito por\" \/>\n\t<meta name=\"twitter:data1\" content=\"Ana Maria Iencarelli\" \/>\n\t<meta name=\"twitter:label2\" content=\"Est. tempo de leitura\" \/>\n\t<meta name=\"twitter:data2\" content=\"5 minutos\" \/>\n<script type=\"application\/ld+json\" class=\"yoast-schema-graph\">{\"@context\":\"https:\/\/schema.org\",\"@graph\":[{\"@type\":\"Article\",\"@id\":\"https:\/\/jornalfatosenoticias.com.br\/index.php\/2025\/04\/24\/direito-de-ir-e-vir-se-for-mulher-nao-tem-parte-ii\/#article\",\"isPartOf\":{\"@id\":\"https:\/\/jornalfatosenoticias.com.br\/index.php\/2025\/04\/24\/direito-de-ir-e-vir-se-for-mulher-nao-tem-parte-ii\/\"},\"author\":{\"name\":\"Ana Maria Iencarelli\",\"@id\":\"https:\/\/jornalfatosenoticias.com.br\/#\/schema\/person\/c33fcf5fb02d729d3fec92c6737a22d1\"},\"headline\":\"Direito de Ir e Vir. Se for Mulher, n\u00e3o tem \u2014 Parte II\",\"datePublished\":\"2025-04-24T19:03:38+00:00\",\"dateModified\":\"2025-04-24T19:03:41+00:00\",\"mainEntityOfPage\":{\"@id\":\"https:\/\/jornalfatosenoticias.com.br\/index.php\/2025\/04\/24\/direito-de-ir-e-vir-se-for-mulher-nao-tem-parte-ii\/\"},\"wordCount\":1019,\"commentCount\":0,\"publisher\":{\"@id\":\"https:\/\/jornalfatosenoticias.com.br\/#organization\"},\"image\":{\"@id\":\"https:\/\/jornalfatosenoticias.com.br\/index.php\/2025\/04\/24\/direito-de-ir-e-vir-se-for-mulher-nao-tem-parte-ii\/#primaryimage\"},\"thumbnailUrl\":\"https:\/\/jornalfatosenoticias.com.br\/wp-content\/uploads\/2025\/04\/direito-de-ir-e-vir-da-mulher_freepik.jpg\",\"keywords\":[\"justi\u00e7a\",\"mulher\",\"viol\u00eancia\",\"viol\u00eancia judicial\",\"viol\u00eancia psicol\u00f3gica\"],\"articleSection\":[\"Comportamento &amp; Equil\u00edbrio\"],\"inLanguage\":\"pt-BR\",\"potentialAction\":[{\"@type\":\"CommentAction\",\"name\":\"Comment\",\"target\":[\"https:\/\/jornalfatosenoticias.com.br\/index.php\/2025\/04\/24\/direito-de-ir-e-vir-se-for-mulher-nao-tem-parte-ii\/#respond\"]}]},{\"@type\":\"WebPage\",\"@id\":\"https:\/\/jornalfatosenoticias.com.br\/index.php\/2025\/04\/24\/direito-de-ir-e-vir-se-for-mulher-nao-tem-parte-ii\/\",\"url\":\"https:\/\/jornalfatosenoticias.com.br\/index.php\/2025\/04\/24\/direito-de-ir-e-vir-se-for-mulher-nao-tem-parte-ii\/\",\"name\":\"Direito de Ir e Vir. Se for Mulher, n\u00e3o tem \u2014 Parte II - Jornal Fatos e Not\u00edcias\",\"isPartOf\":{\"@id\":\"https:\/\/jornalfatosenoticias.com.br\/#website\"},\"primaryImageOfPage\":{\"@id\":\"https:\/\/jornalfatosenoticias.com.br\/index.php\/2025\/04\/24\/direito-de-ir-e-vir-se-for-mulher-nao-tem-parte-ii\/#primaryimage\"},\"image\":{\"@id\":\"https:\/\/jornalfatosenoticias.com.br\/index.php\/2025\/04\/24\/direito-de-ir-e-vir-se-for-mulher-nao-tem-parte-ii\/#primaryimage\"},\"thumbnailUrl\":\"https:\/\/jornalfatosenoticias.com.br\/wp-content\/uploads\/2025\/04\/direito-de-ir-e-vir-da-mulher_freepik.jpg\",\"datePublished\":\"2025-04-24T19:03:38+00:00\",\"dateModified\":\"2025-04-24T19:03:41+00:00\",\"breadcrumb\":{\"@id\":\"https:\/\/jornalfatosenoticias.com.br\/index.php\/2025\/04\/24\/direito-de-ir-e-vir-se-for-mulher-nao-tem-parte-ii\/#breadcrumb\"},\"inLanguage\":\"pt-BR\",\"potentialAction\":[{\"@type\":\"ReadAction\",\"target\":[\"https:\/\/jornalfatosenoticias.com.br\/index.php\/2025\/04\/24\/direito-de-ir-e-vir-se-for-mulher-nao-tem-parte-ii\/\"]}]},{\"@type\":\"ImageObject\",\"inLanguage\":\"pt-BR\",\"@id\":\"https:\/\/jornalfatosenoticias.com.br\/index.php\/2025\/04\/24\/direito-de-ir-e-vir-se-for-mulher-nao-tem-parte-ii\/#primaryimage\",\"url\":\"https:\/\/jornalfatosenoticias.com.br\/wp-content\/uploads\/2025\/04\/direito-de-ir-e-vir-da-mulher_freepik.jpg\",\"contentUrl\":\"https:\/\/jornalfatosenoticias.com.br\/wp-content\/uploads\/2025\/04\/direito-de-ir-e-vir-da-mulher_freepik.jpg\",\"width\":1000,\"height\":562},{\"@type\":\"BreadcrumbList\",\"@id\":\"https:\/\/jornalfatosenoticias.com.br\/index.php\/2025\/04\/24\/direito-de-ir-e-vir-se-for-mulher-nao-tem-parte-ii\/#breadcrumb\",\"itemListElement\":[{\"@type\":\"ListItem\",\"position\":1,\"name\":\"In\u00edcio\",\"item\":\"https:\/\/jornalfatosenoticias.com.br\/\"},{\"@type\":\"ListItem\",\"position\":2,\"name\":\"Direito de Ir e Vir. Se for Mulher, n\u00e3o tem \u2014 Parte II\"}]},{\"@type\":\"WebSite\",\"@id\":\"https:\/\/jornalfatosenoticias.com.br\/#website\",\"url\":\"https:\/\/jornalfatosenoticias.com.br\/\",\"name\":\"Jornal Fatos e Not\u00edcias\",\"description\":\"Not\u00edcias em geral\",\"publisher\":{\"@id\":\"https:\/\/jornalfatosenoticias.com.br\/#organization\"},\"potentialAction\":[{\"@type\":\"SearchAction\",\"target\":{\"@type\":\"EntryPoint\",\"urlTemplate\":\"https:\/\/jornalfatosenoticias.com.br\/?s={search_term_string}\"},\"query-input\":{\"@type\":\"PropertyValueSpecification\",\"valueRequired\":true,\"valueName\":\"search_term_string\"}}],\"inLanguage\":\"pt-BR\"},{\"@type\":\"Organization\",\"@id\":\"https:\/\/jornalfatosenoticias.com.br\/#organization\",\"name\":\"Jornal Fatos e Not\u00edcias\",\"url\":\"https:\/\/jornalfatosenoticias.com.br\/\",\"logo\":{\"@type\":\"ImageObject\",\"inLanguage\":\"pt-BR\",\"@id\":\"https:\/\/jornalfatosenoticias.com.br\/#\/schema\/logo\/image\/\",\"url\":\"https:\/\/jornalfatosenoticias.com.br\/wp-content\/uploads\/2020\/02\/logo120.png\",\"contentUrl\":\"https:\/\/jornalfatosenoticias.com.br\/wp-content\/uploads\/2020\/02\/logo120.png\",\"width\":1227,\"height\":120,\"caption\":\"Jornal Fatos e Not\u00edcias\"},\"image\":{\"@id\":\"https:\/\/jornalfatosenoticias.com.br\/#\/schema\/logo\/image\/\"}},{\"@type\":\"Person\",\"@id\":\"https:\/\/jornalfatosenoticias.com.br\/#\/schema\/person\/c33fcf5fb02d729d3fec92c6737a22d1\",\"name\":\"Ana Maria Iencarelli\",\"image\":{\"@type\":\"ImageObject\",\"inLanguage\":\"pt-BR\",\"@id\":\"https:\/\/jornalfatosenoticias.com.br\/#\/schema\/person\/image\/\",\"url\":\"https:\/\/jornalfatosenoticias.com.br\/wp-content\/uploads\/2020\/02\/Ana-Maria-Iencarelli-1-150x150.jpg\",\"contentUrl\":\"https:\/\/jornalfatosenoticias.com.br\/wp-content\/uploads\/2020\/02\/Ana-Maria-Iencarelli-1-150x150.jpg\",\"caption\":\"Ana Maria Iencarelli\"},\"description\":\"Psicanalista Cl\u00ednica, especializada no atendimento a Crian\u00e7as e Adolescentes. Presidente da ONG Vozes de Anjos.\",\"url\":\"https:\/\/jornalfatosenoticias.com.br\/index.php\/author\/anamaria\/\"}]}<\/script>\n<!-- \/ Yoast SEO plugin. -->","yoast_head_json":{"title":"Direito de Ir e Vir. Se for Mulher, n\u00e3o tem \u2014 Parte II - Jornal Fatos e Not\u00edcias","robots":{"index":"index","follow":"follow","max-snippet":"max-snippet:-1","max-image-preview":"max-image-preview:large","max-video-preview":"max-video-preview:-1"},"canonical":"https:\/\/jornalfatosenoticias.com.br\/index.php\/2025\/04\/24\/direito-de-ir-e-vir-se-for-mulher-nao-tem-parte-ii\/","og_locale":"pt_BR","og_type":"article","og_title":"Direito de Ir e Vir. Se for Mulher, n\u00e3o tem \u2014 Parte II - Jornal Fatos e Not\u00edcias","og_description":"Hoje, temos mais um tipo de viol\u00eancia: a viol\u00eancia judicial. A justi\u00e7a adentrou as fam\u00edlias imprimindo normas, na tentativa imposs\u00edvel de judicializar afetos Intrigante pensar que o Direito de Ir e Vir, simples, b\u00e1sico, para ser reclamado, necessita da Voz. \u00c9 preciso falar e ser escutada para pleitear o Ir e o Vir. Nesse ponto, [&hellip;]","og_url":"https:\/\/jornalfatosenoticias.com.br\/index.php\/2025\/04\/24\/direito-de-ir-e-vir-se-for-mulher-nao-tem-parte-ii\/","og_site_name":"Jornal Fatos e Not\u00edcias","article_published_time":"2025-04-24T19:03:38+00:00","article_modified_time":"2025-04-24T19:03:41+00:00","og_image":[{"width":1000,"height":562,"url":"https:\/\/jornalfatosenoticias.com.br\/wp-content\/uploads\/2025\/04\/direito-de-ir-e-vir-da-mulher_freepik.jpg","type":"image\/jpeg"}],"author":"Ana Maria Iencarelli","twitter_card":"summary_large_image","twitter_misc":{"Escrito por":"Ana Maria Iencarelli","Est. tempo de leitura":"5 minutos"},"schema":{"@context":"https:\/\/schema.org","@graph":[{"@type":"Article","@id":"https:\/\/jornalfatosenoticias.com.br\/index.php\/2025\/04\/24\/direito-de-ir-e-vir-se-for-mulher-nao-tem-parte-ii\/#article","isPartOf":{"@id":"https:\/\/jornalfatosenoticias.com.br\/index.php\/2025\/04\/24\/direito-de-ir-e-vir-se-for-mulher-nao-tem-parte-ii\/"},"author":{"name":"Ana Maria Iencarelli","@id":"https:\/\/jornalfatosenoticias.com.br\/#\/schema\/person\/c33fcf5fb02d729d3fec92c6737a22d1"},"headline":"Direito de Ir e Vir. Se for Mulher, n\u00e3o tem \u2014 Parte II","datePublished":"2025-04-24T19:03:38+00:00","dateModified":"2025-04-24T19:03:41+00:00","mainEntityOfPage":{"@id":"https:\/\/jornalfatosenoticias.com.br\/index.php\/2025\/04\/24\/direito-de-ir-e-vir-se-for-mulher-nao-tem-parte-ii\/"},"wordCount":1019,"commentCount":0,"publisher":{"@id":"https:\/\/jornalfatosenoticias.com.br\/#organization"},"image":{"@id":"https:\/\/jornalfatosenoticias.com.br\/index.php\/2025\/04\/24\/direito-de-ir-e-vir-se-for-mulher-nao-tem-parte-ii\/#primaryimage"},"thumbnailUrl":"https:\/\/jornalfatosenoticias.com.br\/wp-content\/uploads\/2025\/04\/direito-de-ir-e-vir-da-mulher_freepik.jpg","keywords":["justi\u00e7a","mulher","viol\u00eancia","viol\u00eancia judicial","viol\u00eancia psicol\u00f3gica"],"articleSection":["Comportamento &amp; Equil\u00edbrio"],"inLanguage":"pt-BR","potentialAction":[{"@type":"CommentAction","name":"Comment","target":["https:\/\/jornalfatosenoticias.com.br\/index.php\/2025\/04\/24\/direito-de-ir-e-vir-se-for-mulher-nao-tem-parte-ii\/#respond"]}]},{"@type":"WebPage","@id":"https:\/\/jornalfatosenoticias.com.br\/index.php\/2025\/04\/24\/direito-de-ir-e-vir-se-for-mulher-nao-tem-parte-ii\/","url":"https:\/\/jornalfatosenoticias.com.br\/index.php\/2025\/04\/24\/direito-de-ir-e-vir-se-for-mulher-nao-tem-parte-ii\/","name":"Direito de Ir e Vir. Se for Mulher, n\u00e3o tem \u2014 Parte II - Jornal Fatos e Not\u00edcias","isPartOf":{"@id":"https:\/\/jornalfatosenoticias.com.br\/#website"},"primaryImageOfPage":{"@id":"https:\/\/jornalfatosenoticias.com.br\/index.php\/2025\/04\/24\/direito-de-ir-e-vir-se-for-mulher-nao-tem-parte-ii\/#primaryimage"},"image":{"@id":"https:\/\/jornalfatosenoticias.com.br\/index.php\/2025\/04\/24\/direito-de-ir-e-vir-se-for-mulher-nao-tem-parte-ii\/#primaryimage"},"thumbnailUrl":"https:\/\/jornalfatosenoticias.com.br\/wp-content\/uploads\/2025\/04\/direito-de-ir-e-vir-da-mulher_freepik.jpg","datePublished":"2025-04-24T19:03:38+00:00","dateModified":"2025-04-24T19:03:41+00:00","breadcrumb":{"@id":"https:\/\/jornalfatosenoticias.com.br\/index.php\/2025\/04\/24\/direito-de-ir-e-vir-se-for-mulher-nao-tem-parte-ii\/#breadcrumb"},"inLanguage":"pt-BR","potentialAction":[{"@type":"ReadAction","target":["https:\/\/jornalfatosenoticias.com.br\/index.php\/2025\/04\/24\/direito-de-ir-e-vir-se-for-mulher-nao-tem-parte-ii\/"]}]},{"@type":"ImageObject","inLanguage":"pt-BR","@id":"https:\/\/jornalfatosenoticias.com.br\/index.php\/2025\/04\/24\/direito-de-ir-e-vir-se-for-mulher-nao-tem-parte-ii\/#primaryimage","url":"https:\/\/jornalfatosenoticias.com.br\/wp-content\/uploads\/2025\/04\/direito-de-ir-e-vir-da-mulher_freepik.jpg","contentUrl":"https:\/\/jornalfatosenoticias.com.br\/wp-content\/uploads\/2025\/04\/direito-de-ir-e-vir-da-mulher_freepik.jpg","width":1000,"height":562},{"@type":"BreadcrumbList","@id":"https:\/\/jornalfatosenoticias.com.br\/index.php\/2025\/04\/24\/direito-de-ir-e-vir-se-for-mulher-nao-tem-parte-ii\/#breadcrumb","itemListElement":[{"@type":"ListItem","position":1,"name":"In\u00edcio","item":"https:\/\/jornalfatosenoticias.com.br\/"},{"@type":"ListItem","position":2,"name":"Direito de Ir e Vir. Se for Mulher, n\u00e3o tem \u2014 Parte II"}]},{"@type":"WebSite","@id":"https:\/\/jornalfatosenoticias.com.br\/#website","url":"https:\/\/jornalfatosenoticias.com.br\/","name":"Jornal Fatos e Not\u00edcias","description":"Not\u00edcias em geral","publisher":{"@id":"https:\/\/jornalfatosenoticias.com.br\/#organization"},"potentialAction":[{"@type":"SearchAction","target":{"@type":"EntryPoint","urlTemplate":"https:\/\/jornalfatosenoticias.com.br\/?s={search_term_string}"},"query-input":{"@type":"PropertyValueSpecification","valueRequired":true,"valueName":"search_term_string"}}],"inLanguage":"pt-BR"},{"@type":"Organization","@id":"https:\/\/jornalfatosenoticias.com.br\/#organization","name":"Jornal Fatos e Not\u00edcias","url":"https:\/\/jornalfatosenoticias.com.br\/","logo":{"@type":"ImageObject","inLanguage":"pt-BR","@id":"https:\/\/jornalfatosenoticias.com.br\/#\/schema\/logo\/image\/","url":"https:\/\/jornalfatosenoticias.com.br\/wp-content\/uploads\/2020\/02\/logo120.png","contentUrl":"https:\/\/jornalfatosenoticias.com.br\/wp-content\/uploads\/2020\/02\/logo120.png","width":1227,"height":120,"caption":"Jornal Fatos e Not\u00edcias"},"image":{"@id":"https:\/\/jornalfatosenoticias.com.br\/#\/schema\/logo\/image\/"}},{"@type":"Person","@id":"https:\/\/jornalfatosenoticias.com.br\/#\/schema\/person\/c33fcf5fb02d729d3fec92c6737a22d1","name":"Ana Maria Iencarelli","image":{"@type":"ImageObject","inLanguage":"pt-BR","@id":"https:\/\/jornalfatosenoticias.com.br\/#\/schema\/person\/image\/","url":"https:\/\/jornalfatosenoticias.com.br\/wp-content\/uploads\/2020\/02\/Ana-Maria-Iencarelli-1-150x150.jpg","contentUrl":"https:\/\/jornalfatosenoticias.com.br\/wp-content\/uploads\/2020\/02\/Ana-Maria-Iencarelli-1-150x150.jpg","caption":"Ana Maria Iencarelli"},"description":"Psicanalista Cl\u00ednica, especializada no atendimento a Crian\u00e7as e Adolescentes. Presidente da ONG Vozes de Anjos.","url":"https:\/\/jornalfatosenoticias.com.br\/index.php\/author\/anamaria\/"}]}},"cc_featured_image_caption":{"caption_text":"(Foto: Freepik)","source_text":"","source_url":""},"jetpack_featured_media_url":"https:\/\/jornalfatosenoticias.com.br\/wp-content\/uploads\/2025\/04\/direito-de-ir-e-vir-da-mulher_freepik.jpg","_links":{"self":[{"href":"https:\/\/jornalfatosenoticias.com.br\/index.php\/wp-json\/wp\/v2\/posts\/58732","targetHints":{"allow":["GET"]}}],"collection":[{"href":"https:\/\/jornalfatosenoticias.com.br\/index.php\/wp-json\/wp\/v2\/posts"}],"about":[{"href":"https:\/\/jornalfatosenoticias.com.br\/index.php\/wp-json\/wp\/v2\/types\/post"}],"author":[{"embeddable":true,"href":"https:\/\/jornalfatosenoticias.com.br\/index.php\/wp-json\/wp\/v2\/users\/8"}],"replies":[{"embeddable":true,"href":"https:\/\/jornalfatosenoticias.com.br\/index.php\/wp-json\/wp\/v2\/comments?post=58732"}],"version-history":[{"count":0,"href":"https:\/\/jornalfatosenoticias.com.br\/index.php\/wp-json\/wp\/v2\/posts\/58732\/revisions"}],"wp:featuredmedia":[{"embeddable":true,"href":"https:\/\/jornalfatosenoticias.com.br\/index.php\/wp-json\/wp\/v2\/media\/58733"}],"wp:attachment":[{"href":"https:\/\/jornalfatosenoticias.com.br\/index.php\/wp-json\/wp\/v2\/media?parent=58732"}],"wp:term":[{"taxonomy":"category","embeddable":true,"href":"https:\/\/jornalfatosenoticias.com.br\/index.php\/wp-json\/wp\/v2\/categories?post=58732"},{"taxonomy":"post_tag","embeddable":true,"href":"https:\/\/jornalfatosenoticias.com.br\/index.php\/wp-json\/wp\/v2\/tags?post=58732"}],"curies":[{"name":"wp","href":"https:\/\/api.w.org\/{rel}","templated":true}]}}