{"id":5877,"date":"2020-06-25T16:09:09","date_gmt":"2020-06-25T19:09:09","guid":{"rendered":"https:\/\/jornalfatosenoticias.com.br\/?p=5877"},"modified":"2020-06-25T16:09:13","modified_gmt":"2020-06-25T19:09:13","slug":"vereadora-diz-que-fundao-precisa-mudar-de-patamar-politico","status":"publish","type":"post","link":"https:\/\/jornalfatosenoticias.com.br\/index.php\/2020\/06\/25\/vereadora-diz-que-fundao-precisa-mudar-de-patamar-politico\/","title":{"rendered":"Vereadora diz que Fund\u00e3o precisa mudar de patamar pol\u00edtico"},"content":{"rendered":"\n<h6 class=\"wp-block-heading\"><em>\u201cFund\u00e3o tem uma arrecada\u00e7\u00e3o m\u00e9dia de R$1,6 milh\u00e3o\/m\u00eas, ou seja, quase R$ 20 milh\u00f5es\/ano, nossa realidade podia ser bem diferente\u201d<\/em><\/h6>\n\n\n\n<p>Vereadora do munic\u00edpio de Fund\u00e3o, S\u00f4nia Steins, m\u00e3e de dois filhos e av\u00f3 de tr\u00eas netos, fala \u00e0 coluna Olhar de uma Lente (F&amp;N), sobre a sua cidade que, por d\u00e9cadas, \u00e9 carimbada com a tarja da corrup\u00e7\u00e3o (esquemas inescrupulosos, propinas, subornos e outros adjetivos depreciativos), ou seja, tudo que leva uma popula\u00e7\u00e3o ao decl\u00ednio social, tirando dela o que \u00e9 de direito como investimentos em sa\u00fade, educa\u00e7\u00e3o, cultura, lazer e o mais importante, a dignidade.<br>S\u00f4nia Steins nasceu em Santa Leopoldina, mas viveu a maior parte de sua vida no munic\u00edpio de Fund\u00e3o. Filha da professora Maria Neves e do lavrador Magno Rodrigues, graduou-se em Letras (hoje \u00e9 aposentada), lecionou em escolas p\u00fablicas estaduais e municipais do ensino fundamental ao ensino m\u00e9dio.<br>\u201cMe aposentei em 2006 e, na \u00e9poca, ainda continuei trabalhando como professora de portugu\u00eas, depois, parei, n\u00e3o quis mais. Sempre mexi com pol\u00edtica, minha vida inteira foi para ajudar as pessoas. Herdei a pol\u00edtica da minha m\u00e3e. Era professora e atuava com uma lideran\u00e7a muito grande na comunidade. Apesar de muito s\u00e1bia e amar pol\u00edtica, ela nunca quis ser vereadora, a pol\u00edtica eu herdei dela. Antes de ingressar na pol\u00edtica, fui presidente da comunidade Munitura e, na \u00e9poca, a pedido da minha m\u00e3e, deixei a prefeitura construir uma escola dentro do meu s\u00edtio e Victor Buaiz, governador do Estado no per\u00edodo, acabou com as escolas rurais\u201d, recorda.<\/p>\n\n\n\n<blockquote class=\"wp-block-quote is-layout-flow wp-block-quote-is-layout-flow\"><p><\/p><cite>\u201cFa\u00e7o parte da Comiss\u00e3o da Agricultura, e posso garantir que n\u00e3o h\u00e1 nada para o setor agr\u00edcola, os trabalhadores rurais est\u00e3o \u00f3rf\u00e3os, as estradas est\u00e3o invi\u00e1veis, s\u00e3o muitos buracos, mas n\u00e3o entendo o porqu\u00ea, j\u00e1 que a prefeitura disp\u00f5e de m\u00e1quinas\u201d<\/cite><\/blockquote>\n\n\n\n<p>N\u00e3o \u00e0 toa, S\u00f4nia tem uma preocupa\u00e7\u00e3o muito grande com esse p\u00fablico. \u201cMinha maior preocupa\u00e7\u00e3o, hoje, \u00e9 com as crian\u00e7as da zona rural. S\u00e3o poucos os recursos\u2026 agora, ent\u00e3o, com a pandemia, muitos alunos da rede de ensino est\u00e3o com os conte\u00fados mais comprometidos ainda, muitos deles n\u00e3o disp\u00f5em de computador e o sinal de internet, que j\u00e1 \u00e9 horr\u00edvel nos centros urbanos, imagina na zona rural\u2026 Ent\u00e3o, assistir aulas a dist\u00e2ncia, imposs\u00edvel\u201d, lamenta.<\/p>\n\n\n\n<figure class=\"wp-block-image size-large\"><img loading=\"lazy\" decoding=\"async\" width=\"1000\" height=\"502\" src=\"https:\/\/jornalfatosenoticias.com.br\/wp-content\/uploads\/2020\/06\/Litoral-Fundao.jpg\" alt=\"\" class=\"wp-image-5878\" srcset=\"https:\/\/jornalfatosenoticias.com.br\/wp-content\/uploads\/2020\/06\/Litoral-Fundao.jpg 1000w, https:\/\/jornalfatosenoticias.com.br\/wp-content\/uploads\/2020\/06\/Litoral-Fundao-300x151.jpg 300w, https:\/\/jornalfatosenoticias.com.br\/wp-content\/uploads\/2020\/06\/Litoral-Fundao-768x386.jpg 768w\" sizes=\"auto, (max-width: 1000px) 100vw, 1000px\" \/><figcaption><em>Litoral de Fund\u00e3o (Foto: Haroldo Cordeiro Filho)<\/em><\/figcaption><\/figure>\n\n\n\n<p>S\u00f4nia recorda que a falta de seriedade e de compromisso com a popula\u00e7\u00e3o fund\u00e3oense desde sempre, levou o munic\u00edpio a uma situa\u00e7\u00e3o muito complicada. \u201cDesde que me lembro, Fund\u00e3o nunca teve um gestor que tenha tido uma administra\u00e7\u00e3o aprov\u00e1vel, alguns at\u00e9 que fizeram alguma coisa, mas nunca o necess\u00e1rio, o que a popula\u00e7\u00e3o realmente precisava. T\u00ednhamos um hospital no passado que foi transformado em Posto de Atendimento (PA), a sa\u00fade est\u00e1 um caos\u2026 o munic\u00edpio precisa assumir sua responsabilidade. O mun\u00edcipe tem o direito de ser bem assistido e o gestor, encontrar mecanismo para atender a demanda, \u00e9 dever. A popula\u00e7\u00e3o precisa de especialistas, acredite, por persegui\u00e7\u00e3o pol\u00edtica, n\u00e3o temos cardiologista\u201d, denuncia.<br>Como integrante da Comiss\u00e3o da Agricultura, a vereadora desabafa \u201cposso garantir que n\u00e3o h\u00e1 nada para o setor agr\u00edcola, os trabalhadores rurais est\u00e3o \u00f3rf\u00e3os e as estradas, invi\u00e1veis. S\u00e3o muitos buracos, mas n\u00e3o entendo o porqu\u00ea, j\u00e1 que a prefeitura disp\u00f5e de m\u00e1quinas para isso\u201d.<br>Atenta \u00e0s quest\u00f5es ambientais, a vereadora diz que at\u00e9 tentou fazer algo pelo meio ambiente, mas que, como v\u00e1rias outras tentativas, n\u00e3o conseguiu levar seu projeto adiante. \u201cQuando fui eleita, apresentei um projeto voltado para o ambiente chamado \u2018Restaura\u00e7\u00e3o das Nascentes\u201d, que consistia em recuperar as nascentes do munic\u00edpio. A Vale abriu as m\u00e3os para nos ajudar com fornecimento de mudas e orienta\u00e7\u00e3o t\u00e9cnica, mas quando apresentei, colocaram tantas dificuldades que o projeto n\u00e3o foi \u00e0 frente, foi engavetado. Tudo que pe\u00e7o, n\u00e3o sou atendida, as coisas n\u00e3o podem funcionar como moeda de troca\u2026 Eu apoio o que \u00e9 bom para o mun\u00edcipe, sou pela coletividade. Quando o prefeito veio com o projeto para reformular os empregos na prefeitura, fui contra porque eu sabia que aquilo n\u00e3o interessaria, como n\u00e3o interessou. Demitiu muitos servidores, mas permaneceu com o grupo dele. Meu mandato n\u00e3o \u00e9 de manobras, fa\u00e7o pelo coletivo e n\u00e3o para grupos\u201d.<\/p>\n\n\n\n<figure class=\"wp-block-image size-large\"><img loading=\"lazy\" decoding=\"async\" width=\"1000\" height=\"562\" src=\"https:\/\/jornalfatosenoticias.com.br\/wp-content\/uploads\/2020\/06\/sede-Fundao.jpg\" alt=\"\" class=\"wp-image-5879\" srcset=\"https:\/\/jornalfatosenoticias.com.br\/wp-content\/uploads\/2020\/06\/sede-Fundao.jpg 1000w, https:\/\/jornalfatosenoticias.com.br\/wp-content\/uploads\/2020\/06\/sede-Fundao-300x169.jpg 300w, https:\/\/jornalfatosenoticias.com.br\/wp-content\/uploads\/2020\/06\/sede-Fundao-768x432.jpg 768w\" sizes=\"auto, (max-width: 1000px) 100vw, 1000px\" \/><figcaption><em>Vista a\u00e9rea do centro de Fund\u00e3o (Foto: Haroldo Cordeiro Filho)<\/em><\/figcaption><\/figure>\n\n\n\n<p>Fund\u00e3o tem um dos litorais mais lindos do Esp\u00edrito Santo, no entanto, fica a dever em v\u00e1rios aspectos, na vis\u00e3o de S\u00f4nia. \u201cNosso litoral \u00e9 bel\u00edssimo, mas n\u00e3o tem infraestrutura e muito menos seguran\u00e7a. Fund\u00e3o tem uma arrecada\u00e7\u00e3o m\u00e9dia de R$ 1,6 milh\u00e3o\/m\u00eas, ou seja, quase R$ 20 milh\u00f5es\/ano, nossa realidade podia ser bem diferente. Olha para o munic\u00edpio de Santa Teresa, que \u00e9 menor que Fund\u00e3o, l\u00e1 tem Servi\u00e7o Social da Ind\u00fastria (Sesi), Faculdade, hospital de qualidade, respeito ao ecossistema, incentivo ao turismo e um olhar atento para a produ\u00e7\u00e3o agr\u00edcola e olha que eles n\u00e3o recebem royalties\u2026 n\u00e3o t\u00eam petr\u00f3leo\u201d.<br>Perguntada se tinha interesse em concorrer, no futuro, \u00e0 cadeira de prefeita, S\u00f4nia foi sucinta e direta: \u201cMeu mandato como vereadora foi e sempre ser\u00e1 voltado para o social, quando falo social me refiro aos pilares de uma sociedade igualit\u00e1ria. Todos temos obriga\u00e7\u00f5es, mas, quando falamos dos direitos, apenas uma pequena parcela da popula\u00e7\u00e3o \u00e9 que usufrui dela. Nosso munic\u00edpio ainda tem muitas crian\u00e7as fora da escola, nossa sa\u00fade precisa avan\u00e7ar, nosso trabalhador agr\u00edcola est\u00e1 desprovido de suporte t\u00e9cnico, muitas comunidades ainda s\u00f3 t\u00eam energia oito horas ao dia, as estradas da zona rural precisam de manuten\u00e7\u00e3o constantemente e, se Deus e a popula\u00e7\u00e3o do meu munic\u00edpio, que eu amo, me colocar \u00e0 prova, n\u00e3o hesitarei. Sou honesta e sei muito bem o que preciso fazer para tornar o munic\u00edpio de Fund\u00e3o um modelo moderno e humanizado, refer\u00eancia no cen\u00e1rio nacional\u201d.<br>Fund\u00e3o \u00e9 um munic\u00edpio pertencente \u00e0 Regi\u00e3o Metropolitana da Grande Vit\u00f3ria. Localizado ao norte da capital do Estado ocupa uma \u00e1rea de 288.724 km\u00b2, foi emancipado em 1923 do extinto munic\u00edpio de Nova Almeida e seu nome se deve ao rio Fund\u00e3o que banha a sede.<\/p>\n","protected":false},"excerpt":{"rendered":"<p>\u201cFund\u00e3o tem uma arrecada\u00e7\u00e3o m\u00e9dia de R$1,6 milh\u00e3o\/m\u00eas, ou seja, quase R$ 20 milh\u00f5es\/ano, nossa realidade podia ser bem diferente\u201d Vereadora do munic\u00edpio de Fund\u00e3o, S\u00f4nia Steins, m\u00e3e de dois filhos e av\u00f3 de tr\u00eas netos, fala \u00e0 coluna Olhar de uma Lente (F&amp;N), sobre a sua cidade que, por d\u00e9cadas, \u00e9 carimbada com a [&hellip;]<\/p>\n","protected":false},"author":3,"featured_media":5880,"comment_status":"open","ping_status":"open","sticky":false,"template":"","format":"standard","meta":{"footnotes":""},"categories":[10],"tags":[561,560,545,1331],"class_list":["post-5877","post","type-post","status-publish","format-standard","has-post-thumbnail","hentry","category-politica","tag-abandono","tag-fundao","tag-politica","tag-sonia-steins"],"yoast_head":"<!-- This site is optimized with the Yoast SEO plugin v26.5 - https:\/\/yoast.com\/wordpress\/plugins\/seo\/ -->\n<title>Vereadora diz que Fund\u00e3o precisa mudar de patamar pol\u00edtico - Jornal Fatos e Not\u00edcias<\/title>\n<meta name=\"robots\" content=\"index, follow, max-snippet:-1, max-image-preview:large, max-video-preview:-1\" \/>\n<link rel=\"canonical\" href=\"https:\/\/jornalfatosenoticias.com.br\/index.php\/2020\/06\/25\/vereadora-diz-que-fundao-precisa-mudar-de-patamar-politico\/\" \/>\n<meta property=\"og:locale\" content=\"pt_BR\" \/>\n<meta property=\"og:type\" content=\"article\" \/>\n<meta property=\"og:title\" content=\"Vereadora diz que Fund\u00e3o precisa mudar de patamar pol\u00edtico - Jornal Fatos e Not\u00edcias\" \/>\n<meta property=\"og:description\" content=\"\u201cFund\u00e3o tem uma arrecada\u00e7\u00e3o m\u00e9dia de R$1,6 milh\u00e3o\/m\u00eas, ou seja, quase R$ 20 milh\u00f5es\/ano, nossa realidade podia ser bem diferente\u201d Vereadora do munic\u00edpio de Fund\u00e3o, S\u00f4nia Steins, m\u00e3e de dois filhos e av\u00f3 de tr\u00eas netos, fala \u00e0 coluna Olhar de uma Lente (F&amp;N), sobre a sua cidade que, por d\u00e9cadas, \u00e9 carimbada com a [&hellip;]\" \/>\n<meta property=\"og:url\" content=\"https:\/\/jornalfatosenoticias.com.br\/index.php\/2020\/06\/25\/vereadora-diz-que-fundao-precisa-mudar-de-patamar-politico\/\" \/>\n<meta property=\"og:site_name\" content=\"Jornal Fatos e Not\u00edcias\" \/>\n<meta property=\"article:published_time\" content=\"2020-06-25T19:09:09+00:00\" \/>\n<meta property=\"article:modified_time\" content=\"2020-06-25T19:09:13+00:00\" \/>\n<meta property=\"og:image\" content=\"https:\/\/jornalfatosenoticias.com.br\/wp-content\/uploads\/2020\/06\/haroldo_sonia.jpg\" \/>\n\t<meta property=\"og:image:width\" content=\"1000\" \/>\n\t<meta property=\"og:image:height\" content=\"604\" \/>\n\t<meta property=\"og:image:type\" content=\"image\/jpeg\" \/>\n<meta name=\"author\" content=\"Haroldo Filho\" \/>\n<meta name=\"twitter:card\" content=\"summary_large_image\" \/>\n<meta name=\"twitter:label1\" content=\"Escrito por\" \/>\n\t<meta name=\"twitter:data1\" content=\"Haroldo Filho\" \/>\n\t<meta name=\"twitter:label2\" content=\"Est. tempo de leitura\" \/>\n\t<meta name=\"twitter:data2\" content=\"6 minutos\" \/>\n<script type=\"application\/ld+json\" class=\"yoast-schema-graph\">{\"@context\":\"https:\/\/schema.org\",\"@graph\":[{\"@type\":\"Article\",\"@id\":\"https:\/\/jornalfatosenoticias.com.br\/index.php\/2020\/06\/25\/vereadora-diz-que-fundao-precisa-mudar-de-patamar-politico\/#article\",\"isPartOf\":{\"@id\":\"https:\/\/jornalfatosenoticias.com.br\/index.php\/2020\/06\/25\/vereadora-diz-que-fundao-precisa-mudar-de-patamar-politico\/\"},\"author\":{\"name\":\"Haroldo Filho\",\"@id\":\"https:\/\/jornalfatosenoticias.com.br\/#\/schema\/person\/05c46cc25b42a5c27e004fb0fa6b4965\"},\"headline\":\"Vereadora diz que Fund\u00e3o precisa mudar de patamar pol\u00edtico\",\"datePublished\":\"2020-06-25T19:09:09+00:00\",\"dateModified\":\"2020-06-25T19:09:13+00:00\",\"mainEntityOfPage\":{\"@id\":\"https:\/\/jornalfatosenoticias.com.br\/index.php\/2020\/06\/25\/vereadora-diz-que-fundao-precisa-mudar-de-patamar-politico\/\"},\"wordCount\":1135,\"commentCount\":0,\"publisher\":{\"@id\":\"https:\/\/jornalfatosenoticias.com.br\/#organization\"},\"image\":{\"@id\":\"https:\/\/jornalfatosenoticias.com.br\/index.php\/2020\/06\/25\/vereadora-diz-que-fundao-precisa-mudar-de-patamar-politico\/#primaryimage\"},\"thumbnailUrl\":\"https:\/\/jornalfatosenoticias.com.br\/wp-content\/uploads\/2020\/06\/haroldo_sonia.jpg\",\"keywords\":[\"abandono\",\"Fund\u00e3o\",\"pol\u00edtica\",\"S\u00f4nia Steins\"],\"articleSection\":[\"Pol\u00edtica\"],\"inLanguage\":\"pt-BR\",\"potentialAction\":[{\"@type\":\"CommentAction\",\"name\":\"Comment\",\"target\":[\"https:\/\/jornalfatosenoticias.com.br\/index.php\/2020\/06\/25\/vereadora-diz-que-fundao-precisa-mudar-de-patamar-politico\/#respond\"]}]},{\"@type\":\"WebPage\",\"@id\":\"https:\/\/jornalfatosenoticias.com.br\/index.php\/2020\/06\/25\/vereadora-diz-que-fundao-precisa-mudar-de-patamar-politico\/\",\"url\":\"https:\/\/jornalfatosenoticias.com.br\/index.php\/2020\/06\/25\/vereadora-diz-que-fundao-precisa-mudar-de-patamar-politico\/\",\"name\":\"Vereadora diz que Fund\u00e3o precisa mudar de patamar pol\u00edtico - Jornal Fatos e Not\u00edcias\",\"isPartOf\":{\"@id\":\"https:\/\/jornalfatosenoticias.com.br\/#website\"},\"primaryImageOfPage\":{\"@id\":\"https:\/\/jornalfatosenoticias.com.br\/index.php\/2020\/06\/25\/vereadora-diz-que-fundao-precisa-mudar-de-patamar-politico\/#primaryimage\"},\"image\":{\"@id\":\"https:\/\/jornalfatosenoticias.com.br\/index.php\/2020\/06\/25\/vereadora-diz-que-fundao-precisa-mudar-de-patamar-politico\/#primaryimage\"},\"thumbnailUrl\":\"https:\/\/jornalfatosenoticias.com.br\/wp-content\/uploads\/2020\/06\/haroldo_sonia.jpg\",\"datePublished\":\"2020-06-25T19:09:09+00:00\",\"dateModified\":\"2020-06-25T19:09:13+00:00\",\"breadcrumb\":{\"@id\":\"https:\/\/jornalfatosenoticias.com.br\/index.php\/2020\/06\/25\/vereadora-diz-que-fundao-precisa-mudar-de-patamar-politico\/#breadcrumb\"},\"inLanguage\":\"pt-BR\",\"potentialAction\":[{\"@type\":\"ReadAction\",\"target\":[\"https:\/\/jornalfatosenoticias.com.br\/index.php\/2020\/06\/25\/vereadora-diz-que-fundao-precisa-mudar-de-patamar-politico\/\"]}]},{\"@type\":\"ImageObject\",\"inLanguage\":\"pt-BR\",\"@id\":\"https:\/\/jornalfatosenoticias.com.br\/index.php\/2020\/06\/25\/vereadora-diz-que-fundao-precisa-mudar-de-patamar-politico\/#primaryimage\",\"url\":\"https:\/\/jornalfatosenoticias.com.br\/wp-content\/uploads\/2020\/06\/haroldo_sonia.jpg\",\"contentUrl\":\"https:\/\/jornalfatosenoticias.com.br\/wp-content\/uploads\/2020\/06\/haroldo_sonia.jpg\",\"width\":1000,\"height\":604},{\"@type\":\"BreadcrumbList\",\"@id\":\"https:\/\/jornalfatosenoticias.com.br\/index.php\/2020\/06\/25\/vereadora-diz-que-fundao-precisa-mudar-de-patamar-politico\/#breadcrumb\",\"itemListElement\":[{\"@type\":\"ListItem\",\"position\":1,\"name\":\"In\u00edcio\",\"item\":\"https:\/\/jornalfatosenoticias.com.br\/\"},{\"@type\":\"ListItem\",\"position\":2,\"name\":\"Vereadora diz que Fund\u00e3o precisa mudar de patamar pol\u00edtico\"}]},{\"@type\":\"WebSite\",\"@id\":\"https:\/\/jornalfatosenoticias.com.br\/#website\",\"url\":\"https:\/\/jornalfatosenoticias.com.br\/\",\"name\":\"Jornal Fatos e Not\u00edcias\",\"description\":\"Not\u00edcias em geral\",\"publisher\":{\"@id\":\"https:\/\/jornalfatosenoticias.com.br\/#organization\"},\"potentialAction\":[{\"@type\":\"SearchAction\",\"target\":{\"@type\":\"EntryPoint\",\"urlTemplate\":\"https:\/\/jornalfatosenoticias.com.br\/?s={search_term_string}\"},\"query-input\":{\"@type\":\"PropertyValueSpecification\",\"valueRequired\":true,\"valueName\":\"search_term_string\"}}],\"inLanguage\":\"pt-BR\"},{\"@type\":\"Organization\",\"@id\":\"https:\/\/jornalfatosenoticias.com.br\/#organization\",\"name\":\"Jornal Fatos e Not\u00edcias\",\"url\":\"https:\/\/jornalfatosenoticias.com.br\/\",\"logo\":{\"@type\":\"ImageObject\",\"inLanguage\":\"pt-BR\",\"@id\":\"https:\/\/jornalfatosenoticias.com.br\/#\/schema\/logo\/image\/\",\"url\":\"https:\/\/jornalfatosenoticias.com.br\/wp-content\/uploads\/2020\/02\/logo120.png\",\"contentUrl\":\"https:\/\/jornalfatosenoticias.com.br\/wp-content\/uploads\/2020\/02\/logo120.png\",\"width\":1227,\"height\":120,\"caption\":\"Jornal Fatos e Not\u00edcias\"},\"image\":{\"@id\":\"https:\/\/jornalfatosenoticias.com.br\/#\/schema\/logo\/image\/\"}},{\"@type\":\"Person\",\"@id\":\"https:\/\/jornalfatosenoticias.com.br\/#\/schema\/person\/05c46cc25b42a5c27e004fb0fa6b4965\",\"name\":\"Haroldo Filho\",\"image\":{\"@type\":\"ImageObject\",\"inLanguage\":\"pt-BR\",\"@id\":\"https:\/\/jornalfatosenoticias.com.br\/#\/schema\/person\/image\/\",\"url\":\"https:\/\/jornalfatosenoticias.com.br\/wp-content\/uploads\/2025\/08\/WhatsApp-Image-2025-08-18-at-15.30.28-150x150.jpeg\",\"contentUrl\":\"https:\/\/jornalfatosenoticias.com.br\/wp-content\/uploads\/2025\/08\/WhatsApp-Image-2025-08-18-at-15.30.28-150x150.jpeg\",\"caption\":\"Haroldo Filho\"},\"description\":\"Jornalista \u2013 DRT: 0003818\/ES Coordenador-geral da ONG Educar para Crescer\",\"url\":\"https:\/\/jornalfatosenoticias.com.br\/index.php\/author\/haroldo\/\"}]}<\/script>\n<!-- \/ Yoast SEO plugin. -->","yoast_head_json":{"title":"Vereadora diz que Fund\u00e3o precisa mudar de patamar pol\u00edtico - Jornal Fatos e Not\u00edcias","robots":{"index":"index","follow":"follow","max-snippet":"max-snippet:-1","max-image-preview":"max-image-preview:large","max-video-preview":"max-video-preview:-1"},"canonical":"https:\/\/jornalfatosenoticias.com.br\/index.php\/2020\/06\/25\/vereadora-diz-que-fundao-precisa-mudar-de-patamar-politico\/","og_locale":"pt_BR","og_type":"article","og_title":"Vereadora diz que Fund\u00e3o precisa mudar de patamar pol\u00edtico - Jornal Fatos e Not\u00edcias","og_description":"\u201cFund\u00e3o tem uma arrecada\u00e7\u00e3o m\u00e9dia de R$1,6 milh\u00e3o\/m\u00eas, ou seja, quase R$ 20 milh\u00f5es\/ano, nossa realidade podia ser bem diferente\u201d Vereadora do munic\u00edpio de Fund\u00e3o, S\u00f4nia Steins, m\u00e3e de dois filhos e av\u00f3 de tr\u00eas netos, fala \u00e0 coluna Olhar de uma Lente (F&amp;N), sobre a sua cidade que, por d\u00e9cadas, \u00e9 carimbada com a [&hellip;]","og_url":"https:\/\/jornalfatosenoticias.com.br\/index.php\/2020\/06\/25\/vereadora-diz-que-fundao-precisa-mudar-de-patamar-politico\/","og_site_name":"Jornal Fatos e Not\u00edcias","article_published_time":"2020-06-25T19:09:09+00:00","article_modified_time":"2020-06-25T19:09:13+00:00","og_image":[{"width":1000,"height":604,"url":"https:\/\/jornalfatosenoticias.com.br\/wp-content\/uploads\/2020\/06\/haroldo_sonia.jpg","type":"image\/jpeg"}],"author":"Haroldo Filho","twitter_card":"summary_large_image","twitter_misc":{"Escrito por":"Haroldo Filho","Est. tempo de leitura":"6 minutos"},"schema":{"@context":"https:\/\/schema.org","@graph":[{"@type":"Article","@id":"https:\/\/jornalfatosenoticias.com.br\/index.php\/2020\/06\/25\/vereadora-diz-que-fundao-precisa-mudar-de-patamar-politico\/#article","isPartOf":{"@id":"https:\/\/jornalfatosenoticias.com.br\/index.php\/2020\/06\/25\/vereadora-diz-que-fundao-precisa-mudar-de-patamar-politico\/"},"author":{"name":"Haroldo Filho","@id":"https:\/\/jornalfatosenoticias.com.br\/#\/schema\/person\/05c46cc25b42a5c27e004fb0fa6b4965"},"headline":"Vereadora diz que Fund\u00e3o precisa mudar de patamar pol\u00edtico","datePublished":"2020-06-25T19:09:09+00:00","dateModified":"2020-06-25T19:09:13+00:00","mainEntityOfPage":{"@id":"https:\/\/jornalfatosenoticias.com.br\/index.php\/2020\/06\/25\/vereadora-diz-que-fundao-precisa-mudar-de-patamar-politico\/"},"wordCount":1135,"commentCount":0,"publisher":{"@id":"https:\/\/jornalfatosenoticias.com.br\/#organization"},"image":{"@id":"https:\/\/jornalfatosenoticias.com.br\/index.php\/2020\/06\/25\/vereadora-diz-que-fundao-precisa-mudar-de-patamar-politico\/#primaryimage"},"thumbnailUrl":"https:\/\/jornalfatosenoticias.com.br\/wp-content\/uploads\/2020\/06\/haroldo_sonia.jpg","keywords":["abandono","Fund\u00e3o","pol\u00edtica","S\u00f4nia Steins"],"articleSection":["Pol\u00edtica"],"inLanguage":"pt-BR","potentialAction":[{"@type":"CommentAction","name":"Comment","target":["https:\/\/jornalfatosenoticias.com.br\/index.php\/2020\/06\/25\/vereadora-diz-que-fundao-precisa-mudar-de-patamar-politico\/#respond"]}]},{"@type":"WebPage","@id":"https:\/\/jornalfatosenoticias.com.br\/index.php\/2020\/06\/25\/vereadora-diz-que-fundao-precisa-mudar-de-patamar-politico\/","url":"https:\/\/jornalfatosenoticias.com.br\/index.php\/2020\/06\/25\/vereadora-diz-que-fundao-precisa-mudar-de-patamar-politico\/","name":"Vereadora diz que Fund\u00e3o precisa mudar de patamar pol\u00edtico - Jornal Fatos e Not\u00edcias","isPartOf":{"@id":"https:\/\/jornalfatosenoticias.com.br\/#website"},"primaryImageOfPage":{"@id":"https:\/\/jornalfatosenoticias.com.br\/index.php\/2020\/06\/25\/vereadora-diz-que-fundao-precisa-mudar-de-patamar-politico\/#primaryimage"},"image":{"@id":"https:\/\/jornalfatosenoticias.com.br\/index.php\/2020\/06\/25\/vereadora-diz-que-fundao-precisa-mudar-de-patamar-politico\/#primaryimage"},"thumbnailUrl":"https:\/\/jornalfatosenoticias.com.br\/wp-content\/uploads\/2020\/06\/haroldo_sonia.jpg","datePublished":"2020-06-25T19:09:09+00:00","dateModified":"2020-06-25T19:09:13+00:00","breadcrumb":{"@id":"https:\/\/jornalfatosenoticias.com.br\/index.php\/2020\/06\/25\/vereadora-diz-que-fundao-precisa-mudar-de-patamar-politico\/#breadcrumb"},"inLanguage":"pt-BR","potentialAction":[{"@type":"ReadAction","target":["https:\/\/jornalfatosenoticias.com.br\/index.php\/2020\/06\/25\/vereadora-diz-que-fundao-precisa-mudar-de-patamar-politico\/"]}]},{"@type":"ImageObject","inLanguage":"pt-BR","@id":"https:\/\/jornalfatosenoticias.com.br\/index.php\/2020\/06\/25\/vereadora-diz-que-fundao-precisa-mudar-de-patamar-politico\/#primaryimage","url":"https:\/\/jornalfatosenoticias.com.br\/wp-content\/uploads\/2020\/06\/haroldo_sonia.jpg","contentUrl":"https:\/\/jornalfatosenoticias.com.br\/wp-content\/uploads\/2020\/06\/haroldo_sonia.jpg","width":1000,"height":604},{"@type":"BreadcrumbList","@id":"https:\/\/jornalfatosenoticias.com.br\/index.php\/2020\/06\/25\/vereadora-diz-que-fundao-precisa-mudar-de-patamar-politico\/#breadcrumb","itemListElement":[{"@type":"ListItem","position":1,"name":"In\u00edcio","item":"https:\/\/jornalfatosenoticias.com.br\/"},{"@type":"ListItem","position":2,"name":"Vereadora diz que Fund\u00e3o precisa mudar de patamar pol\u00edtico"}]},{"@type":"WebSite","@id":"https:\/\/jornalfatosenoticias.com.br\/#website","url":"https:\/\/jornalfatosenoticias.com.br\/","name":"Jornal Fatos e Not\u00edcias","description":"Not\u00edcias em geral","publisher":{"@id":"https:\/\/jornalfatosenoticias.com.br\/#organization"},"potentialAction":[{"@type":"SearchAction","target":{"@type":"EntryPoint","urlTemplate":"https:\/\/jornalfatosenoticias.com.br\/?s={search_term_string}"},"query-input":{"@type":"PropertyValueSpecification","valueRequired":true,"valueName":"search_term_string"}}],"inLanguage":"pt-BR"},{"@type":"Organization","@id":"https:\/\/jornalfatosenoticias.com.br\/#organization","name":"Jornal Fatos e Not\u00edcias","url":"https:\/\/jornalfatosenoticias.com.br\/","logo":{"@type":"ImageObject","inLanguage":"pt-BR","@id":"https:\/\/jornalfatosenoticias.com.br\/#\/schema\/logo\/image\/","url":"https:\/\/jornalfatosenoticias.com.br\/wp-content\/uploads\/2020\/02\/logo120.png","contentUrl":"https:\/\/jornalfatosenoticias.com.br\/wp-content\/uploads\/2020\/02\/logo120.png","width":1227,"height":120,"caption":"Jornal Fatos e Not\u00edcias"},"image":{"@id":"https:\/\/jornalfatosenoticias.com.br\/#\/schema\/logo\/image\/"}},{"@type":"Person","@id":"https:\/\/jornalfatosenoticias.com.br\/#\/schema\/person\/05c46cc25b42a5c27e004fb0fa6b4965","name":"Haroldo Filho","image":{"@type":"ImageObject","inLanguage":"pt-BR","@id":"https:\/\/jornalfatosenoticias.com.br\/#\/schema\/person\/image\/","url":"https:\/\/jornalfatosenoticias.com.br\/wp-content\/uploads\/2025\/08\/WhatsApp-Image-2025-08-18-at-15.30.28-150x150.jpeg","contentUrl":"https:\/\/jornalfatosenoticias.com.br\/wp-content\/uploads\/2025\/08\/WhatsApp-Image-2025-08-18-at-15.30.28-150x150.jpeg","caption":"Haroldo Filho"},"description":"Jornalista \u2013 DRT: 0003818\/ES Coordenador-geral da ONG Educar para Crescer","url":"https:\/\/jornalfatosenoticias.com.br\/index.php\/author\/haroldo\/"}]}},"cc_featured_image_caption":{"caption_text":"(Foto: Yasmin Steins)","source_text":"","source_url":""},"jetpack_featured_media_url":"https:\/\/jornalfatosenoticias.com.br\/wp-content\/uploads\/2020\/06\/haroldo_sonia.jpg","_links":{"self":[{"href":"https:\/\/jornalfatosenoticias.com.br\/index.php\/wp-json\/wp\/v2\/posts\/5877","targetHints":{"allow":["GET"]}}],"collection":[{"href":"https:\/\/jornalfatosenoticias.com.br\/index.php\/wp-json\/wp\/v2\/posts"}],"about":[{"href":"https:\/\/jornalfatosenoticias.com.br\/index.php\/wp-json\/wp\/v2\/types\/post"}],"author":[{"embeddable":true,"href":"https:\/\/jornalfatosenoticias.com.br\/index.php\/wp-json\/wp\/v2\/users\/3"}],"replies":[{"embeddable":true,"href":"https:\/\/jornalfatosenoticias.com.br\/index.php\/wp-json\/wp\/v2\/comments?post=5877"}],"version-history":[{"count":0,"href":"https:\/\/jornalfatosenoticias.com.br\/index.php\/wp-json\/wp\/v2\/posts\/5877\/revisions"}],"wp:featuredmedia":[{"embeddable":true,"href":"https:\/\/jornalfatosenoticias.com.br\/index.php\/wp-json\/wp\/v2\/media\/5880"}],"wp:attachment":[{"href":"https:\/\/jornalfatosenoticias.com.br\/index.php\/wp-json\/wp\/v2\/media?parent=5877"}],"wp:term":[{"taxonomy":"category","embeddable":true,"href":"https:\/\/jornalfatosenoticias.com.br\/index.php\/wp-json\/wp\/v2\/categories?post=5877"},{"taxonomy":"post_tag","embeddable":true,"href":"https:\/\/jornalfatosenoticias.com.br\/index.php\/wp-json\/wp\/v2\/tags?post=5877"}],"curies":[{"name":"wp","href":"https:\/\/api.w.org\/{rel}","templated":true}]}}