{"id":58770,"date":"2025-04-25T13:02:33","date_gmt":"2025-04-25T16:02:33","guid":{"rendered":"https:\/\/jornalfatosenoticias.com.br\/?p=58770"},"modified":"2025-04-25T13:02:34","modified_gmt":"2025-04-25T16:02:34","slug":"auroville-a-cidade-que-tem-o-silencio-como-patrimonio-cultural","status":"publish","type":"post","link":"https:\/\/jornalfatosenoticias.com.br\/index.php\/2025\/04\/25\/auroville-a-cidade-que-tem-o-silencio-como-patrimonio-cultural\/","title":{"rendered":"Auroville, a cidade que tem o sil\u00eancio como patrim\u00f4nio cultural"},"content":{"rendered":"\n<p><span class=\"has-inline-color has-black-color\"><em>Nesta localidade, no sul da \u00cdndia, o sil\u00eancio \u00e9 pr\u00e1tica cotidiana de conviv\u00eancia, espiritualidade e cidadania<\/em><\/span><\/p>\n\n\n\n<div class=\"wp-block-image\"><figure class=\"aligncenter size-large\"><a href=\"https:\/\/mizu.com.br\/\"><img loading=\"lazy\" decoding=\"async\" width=\"729\" height=\"90\" src=\"https:\/\/jornalfatosenoticias.com.br\/wp-content\/uploads\/2020\/02\/Logo_Mizu.png\" alt=\"\" class=\"wp-image-1441\" srcset=\"https:\/\/jornalfatosenoticias.com.br\/wp-content\/uploads\/2020\/02\/Logo_Mizu.png 729w, https:\/\/jornalfatosenoticias.com.br\/wp-content\/uploads\/2020\/02\/Logo_Mizu-300x37.png 300w\" sizes=\"auto, (max-width: 729px) 100vw, 729px\" \/><\/a><\/figure><\/div>\n\n\n\n<p>No sul da \u00cdndia, pr\u00f3ximo \u00e0 Pondicherry, cidade que abrigou colonos franceses na d\u00e9cada de 1950, existe um lugar onde o <a href=\"https:\/\/ciclovivo.com.br\/vida-sustentavel\/bem-estar\/como-a-exposicao-ao-silencio-pode-beneficiar-o-seu-cerebro-e-a-sua-saude\/\" target=\"_blank\" rel=\"noreferrer noopener\">sil\u00eancio<\/a> n\u00e3o \u00e9 apenas bem-vindo, \u00e9 sagrado. Em Auroville, uma comunidade internacional fundada em 1968, ele foi elevado ao status de patrim\u00f4nio cultural e espiritual. Mais do que aus\u00eancia de som, representa consci\u00eancia, respeito e conex\u00e3o profunda com o ambiente e com os outros. Em Auroville, o sil\u00eancio \u00e9 uma linguagem viva, falada em cada gesto, espa\u00e7o e decis\u00e3o coletiva.<br>Idealizada com o apoio da <a href=\"https:\/\/ciclovivo.com.br\/planeta\/meio-ambiente\/unesco-quer-mapear-80-do-fundo-do-mar-ate-2030\/\" target=\"_blank\" rel=\"noreferrer noopener\">Unesco<\/a> e do governo indiano, Auroville nasceu como uma cidade universal, onde pessoas de todas as origens poderiam viver em harmonia, sem divis\u00f5es religiosas, pol\u00edticas ou de propriedade privada. Nesse contexto, o sil\u00eancio se tornou um dos pilares fundamentais da conviv\u00eancia. Ele \u00e9 entendido como uma ferramenta de autoconhecimento e como pr\u00e1tica cotidiana de escuta e presen\u00e7a. E mais: \u00e9 uma pol\u00edtica urbana e cultural, que permeia desde escolas e caf\u00e9s at\u00e9 centros culturais e ruas p\u00fablicas.<\/p>\n\n\n\n<div class=\"wp-block-image\"><figure class=\"aligncenter size-large is-resized\"><a href=\"https:\/\/www.controlsystems.com.br\/\"><img loading=\"lazy\" decoding=\"async\" src=\"https:\/\/jornalfatosenoticias.com.br\/wp-content\/uploads\/2020\/02\/CONTROL-CS.jpg\" alt=\"\" class=\"wp-image-44991\" width=\"250\" height=\"300\" srcset=\"https:\/\/jornalfatosenoticias.com.br\/wp-content\/uploads\/2020\/02\/CONTROL-CS.jpg 834w, https:\/\/jornalfatosenoticias.com.br\/wp-content\/uploads\/2020\/02\/CONTROL-CS-250x300.jpg 250w, https:\/\/jornalfatosenoticias.com.br\/wp-content\/uploads\/2020\/02\/CONTROL-CS-768x921.jpg 768w\" sizes=\"auto, (max-width: 250px) 100vw, 250px\" \/><\/a><\/figure><\/div>\n\n\n\n<p>O centro espiritual da cidade, Matrimandir, \u00e9 talvez o exemplo mais simb\u00f3lico dessa filosofia. Considerado um dos espa\u00e7os mais silenciosos do mundo, ele \u00e9 reservado \u00e0 medita\u00e7\u00e3o profunda e ao recolhimento. L\u00e1, o sil\u00eancio n\u00e3o \u00e9 imposto, mas vivido como express\u00e3o m\u00e1xima de comunh\u00e3o.<\/p>\n\n\n\n<div class=\"wp-block-image\"><figure class=\"aligncenter size-large is-resized\"><a href=\"https:\/\/www.instagram.com\/restaurantepegoretti\/\"><img loading=\"lazy\" decoding=\"async\" src=\"https:\/\/jornalfatosenoticias.com.br\/wp-content\/uploads\/2023\/12\/pegoretti-logo-pdf-1024x389.jpg\" alt=\"\" class=\"wp-image-47536\" width=\"490\" height=\"186\" srcset=\"https:\/\/jornalfatosenoticias.com.br\/wp-content\/uploads\/2023\/12\/pegoretti-logo-pdf-1024x389.jpg 1024w, https:\/\/jornalfatosenoticias.com.br\/wp-content\/uploads\/2023\/12\/pegoretti-logo-pdf-300x114.jpg 300w, https:\/\/jornalfatosenoticias.com.br\/wp-content\/uploads\/2023\/12\/pegoretti-logo-pdf-768x291.jpg 768w, https:\/\/jornalfatosenoticias.com.br\/wp-content\/uploads\/2023\/12\/pegoretti-logo-pdf.jpg 1120w\" sizes=\"auto, (max-width: 490px) 100vw, 490px\" \/><\/a><\/figure><\/div>\n\n\n\n<p>A import\u00e2ncia do sil\u00eancio em Auroville foi institucionalizada por meio de diretrizes internas do Conselho da cidade, regulamenta\u00e7\u00f5es <a href=\"https:\/\/ciclovivo.com.br\/mao-na-massa\/horta\/hortas-comunitarias-resistem-a-urbanizacao-em-sao-paulo\/\" target=\"_blank\" rel=\"noreferrer noopener\">comunit\u00e1rias<\/a> e sinaliza\u00e7\u00f5es que indicam \u00e1reas de quietude \u2014 respeitadas at\u00e9 mesmo por visitantes. A arquitetura local tamb\u00e9m contribui: muitos edif\u00edcios s\u00e3o projetados para minimizar ru\u00eddos, ecos e polui\u00e7\u00e3o sonora.<\/p>\n\n\n\n<div class=\"wp-block-image\"><figure class=\"aligncenter size-large is-resized\"><a href=\"https:\/\/www.instagram.com\/serra4x4cambioautomatico\/\"><img loading=\"lazy\" decoding=\"async\" src=\"https:\/\/jornalfatosenoticias.com.br\/wp-content\/uploads\/2024\/08\/Serra-4x4-1-886x1024.jpg\" alt=\"\" class=\"wp-image-53632\" width=\"280\" height=\"324\" srcset=\"https:\/\/jornalfatosenoticias.com.br\/wp-content\/uploads\/2024\/08\/Serra-4x4-1-886x1024.jpg 886w, https:\/\/jornalfatosenoticias.com.br\/wp-content\/uploads\/2024\/08\/Serra-4x4-1-260x300.jpg 260w, https:\/\/jornalfatosenoticias.com.br\/wp-content\/uploads\/2024\/08\/Serra-4x4-1-768x888.jpg 768w, https:\/\/jornalfatosenoticias.com.br\/wp-content\/uploads\/2024\/08\/Serra-4x4-1.jpg 1181w\" sizes=\"auto, (max-width: 280px) 100vw, 280px\" \/><\/a><\/figure><\/div>\n\n\n\n<p>Curiosamente, Auroville funciona sem prefeitos ou partidos pol\u00edticos. As decis\u00f5es s\u00e3o tomadas por meio do consenso entre os moradores, que hoje representam mais de 50 nacionalidades. Carros e motos s\u00e3o desestimulados, bicicletas e caminhos a p\u00e9 s\u00e3o preferidos. Eventos culturais come\u00e7am com momentos de sil\u00eancio compartilhado, refor\u00e7ando a ideia de que menos barulho pode significar mais qualidade de presen\u00e7a.<\/p>\n\n\n\n<div class=\"wp-block-image\"><figure class=\"aligncenter size-large is-resized\"><a href=\"https:\/\/www.facebook.com\/postobkr\/?locale=pt_BR\"><img loading=\"lazy\" decoding=\"async\" src=\"https:\/\/jornalfatosenoticias.com.br\/wp-content\/uploads\/2023\/08\/BKR-1024x1021.jpg\" alt=\"\" class=\"wp-image-44494\" width=\"278\" height=\"277\" srcset=\"https:\/\/jornalfatosenoticias.com.br\/wp-content\/uploads\/2023\/08\/BKR-1024x1021.jpg 1024w, https:\/\/jornalfatosenoticias.com.br\/wp-content\/uploads\/2023\/08\/BKR-300x300.jpg 300w, https:\/\/jornalfatosenoticias.com.br\/wp-content\/uploads\/2023\/08\/BKR-150x150.jpg 150w, https:\/\/jornalfatosenoticias.com.br\/wp-content\/uploads\/2023\/08\/BKR-768x766.jpg 768w, https:\/\/jornalfatosenoticias.com.br\/wp-content\/uploads\/2023\/08\/BKR.jpg 1080w\" sizes=\"auto, (max-width: 278px) 100vw, 278px\" \/><\/a><\/figure><\/div>\n\n\n\n<p>Auroville \u00e9 um exemplo raro, mas potente, de como o aquietar pode ser integrado ao cotidiano urbano enquanto valor social, espiritual e ecol\u00f3gico. Ali, viver em comunidade tamb\u00e9m \u00e9 aprender a calar para ouvir, a respeitar para coexistir e a desacelerar para estar verdadeiramente presente.<\/p>\n\n\n\n<p><strong>Fonte: <a href=\"https:\/\/ciclovivo.com.br\/vida-sustentavel\/bem-estar\/auroville-a-cidade-que-tem-o-silencio-como-patrimonio-cultural\/\">CicloVivo<\/a><\/strong><\/p>\n","protected":false},"excerpt":{"rendered":"<p>Nesta localidade, no sul da \u00cdndia, o sil\u00eancio \u00e9 pr\u00e1tica cotidiana de conviv\u00eancia, espiritualidade e cidadania No sul da \u00cdndia, pr\u00f3ximo \u00e0 Pondicherry, cidade que abrigou colonos franceses na d\u00e9cada de 1950, existe um lugar onde o sil\u00eancio n\u00e3o \u00e9 apenas bem-vindo, \u00e9 sagrado. Em Auroville, uma comunidade internacional fundada em 1968, ele foi elevado [&hellip;]<\/p>\n","protected":false},"author":2,"featured_media":58771,"comment_status":"open","ping_status":"open","sticky":false,"template":"","format":"standard","meta":{"footnotes":""},"categories":[41],"tags":[26810,385,6753,90,9616],"class_list":["post-58770","post","type-post","status-publish","format-standard","has-post-thumbnail","hentry","category-internacional","tag-auroville","tag-bem-estar","tag-cidadania","tag-india","tag-silencio"],"yoast_head":"<!-- This site is optimized with the Yoast SEO plugin v26.5 - https:\/\/yoast.com\/wordpress\/plugins\/seo\/ -->\n<title>Auroville, a cidade que tem o sil\u00eancio como patrim\u00f4nio cultural - Jornal Fatos e Not\u00edcias<\/title>\n<meta name=\"robots\" content=\"index, follow, max-snippet:-1, max-image-preview:large, max-video-preview:-1\" \/>\n<link rel=\"canonical\" href=\"https:\/\/jornalfatosenoticias.com.br\/index.php\/2025\/04\/25\/auroville-a-cidade-que-tem-o-silencio-como-patrimonio-cultural\/\" \/>\n<meta property=\"og:locale\" content=\"pt_BR\" \/>\n<meta property=\"og:type\" content=\"article\" \/>\n<meta property=\"og:title\" content=\"Auroville, a cidade que tem o sil\u00eancio como patrim\u00f4nio cultural - Jornal Fatos e Not\u00edcias\" \/>\n<meta property=\"og:description\" content=\"Nesta localidade, no sul da \u00cdndia, o sil\u00eancio \u00e9 pr\u00e1tica cotidiana de conviv\u00eancia, espiritualidade e cidadania No sul da \u00cdndia, pr\u00f3ximo \u00e0 Pondicherry, cidade que abrigou colonos franceses na d\u00e9cada de 1950, existe um lugar onde o sil\u00eancio n\u00e3o \u00e9 apenas bem-vindo, \u00e9 sagrado. Em Auroville, uma comunidade internacional fundada em 1968, ele foi elevado [&hellip;]\" \/>\n<meta property=\"og:url\" content=\"https:\/\/jornalfatosenoticias.com.br\/index.php\/2025\/04\/25\/auroville-a-cidade-que-tem-o-silencio-como-patrimonio-cultural\/\" \/>\n<meta property=\"og:site_name\" content=\"Jornal Fatos e Not\u00edcias\" \/>\n<meta property=\"article:published_time\" content=\"2025-04-25T16:02:33+00:00\" \/>\n<meta property=\"article:modified_time\" content=\"2025-04-25T16:02:34+00:00\" \/>\n<meta property=\"og:image\" content=\"https:\/\/jornalfatosenoticias.com.br\/wp-content\/uploads\/2025\/04\/Auroville.jpg\" \/>\n\t<meta property=\"og:image:width\" content=\"1000\" \/>\n\t<meta property=\"og:image:height\" content=\"562\" \/>\n\t<meta property=\"og:image:type\" content=\"image\/jpeg\" \/>\n<meta name=\"author\" content=\"Luzimara Fernandes\" \/>\n<meta name=\"twitter:card\" content=\"summary_large_image\" \/>\n<meta name=\"twitter:label1\" content=\"Escrito por\" \/>\n\t<meta name=\"twitter:data1\" content=\"Luzimara Fernandes\" \/>\n\t<meta name=\"twitter:label2\" content=\"Est. tempo de leitura\" \/>\n\t<meta name=\"twitter:data2\" content=\"2 minutos\" \/>\n<script type=\"application\/ld+json\" class=\"yoast-schema-graph\">{\"@context\":\"https:\/\/schema.org\",\"@graph\":[{\"@type\":\"Article\",\"@id\":\"https:\/\/jornalfatosenoticias.com.br\/index.php\/2025\/04\/25\/auroville-a-cidade-que-tem-o-silencio-como-patrimonio-cultural\/#article\",\"isPartOf\":{\"@id\":\"https:\/\/jornalfatosenoticias.com.br\/index.php\/2025\/04\/25\/auroville-a-cidade-que-tem-o-silencio-como-patrimonio-cultural\/\"},\"author\":{\"name\":\"Luzimara Fernandes\",\"@id\":\"https:\/\/jornalfatosenoticias.com.br\/#\/schema\/person\/d63837fa13ac8666eb9e74e0985d6f81\"},\"headline\":\"Auroville, a cidade que tem o sil\u00eancio como patrim\u00f4nio cultural\",\"datePublished\":\"2025-04-25T16:02:33+00:00\",\"dateModified\":\"2025-04-25T16:02:34+00:00\",\"mainEntityOfPage\":{\"@id\":\"https:\/\/jornalfatosenoticias.com.br\/index.php\/2025\/04\/25\/auroville-a-cidade-que-tem-o-silencio-como-patrimonio-cultural\/\"},\"wordCount\":424,\"commentCount\":0,\"publisher\":{\"@id\":\"https:\/\/jornalfatosenoticias.com.br\/#organization\"},\"image\":{\"@id\":\"https:\/\/jornalfatosenoticias.com.br\/index.php\/2025\/04\/25\/auroville-a-cidade-que-tem-o-silencio-como-patrimonio-cultural\/#primaryimage\"},\"thumbnailUrl\":\"https:\/\/jornalfatosenoticias.com.br\/wp-content\/uploads\/2025\/04\/Auroville.jpg\",\"keywords\":[\"Auroville\",\"bem-estar\",\"cidadania\",\"\u00edndia\",\"sil\u00eancio\"],\"articleSection\":[\"Internacional\"],\"inLanguage\":\"pt-BR\",\"potentialAction\":[{\"@type\":\"CommentAction\",\"name\":\"Comment\",\"target\":[\"https:\/\/jornalfatosenoticias.com.br\/index.php\/2025\/04\/25\/auroville-a-cidade-que-tem-o-silencio-como-patrimonio-cultural\/#respond\"]}]},{\"@type\":\"WebPage\",\"@id\":\"https:\/\/jornalfatosenoticias.com.br\/index.php\/2025\/04\/25\/auroville-a-cidade-que-tem-o-silencio-como-patrimonio-cultural\/\",\"url\":\"https:\/\/jornalfatosenoticias.com.br\/index.php\/2025\/04\/25\/auroville-a-cidade-que-tem-o-silencio-como-patrimonio-cultural\/\",\"name\":\"Auroville, a cidade que tem o sil\u00eancio como patrim\u00f4nio cultural - Jornal Fatos e Not\u00edcias\",\"isPartOf\":{\"@id\":\"https:\/\/jornalfatosenoticias.com.br\/#website\"},\"primaryImageOfPage\":{\"@id\":\"https:\/\/jornalfatosenoticias.com.br\/index.php\/2025\/04\/25\/auroville-a-cidade-que-tem-o-silencio-como-patrimonio-cultural\/#primaryimage\"},\"image\":{\"@id\":\"https:\/\/jornalfatosenoticias.com.br\/index.php\/2025\/04\/25\/auroville-a-cidade-que-tem-o-silencio-como-patrimonio-cultural\/#primaryimage\"},\"thumbnailUrl\":\"https:\/\/jornalfatosenoticias.com.br\/wp-content\/uploads\/2025\/04\/Auroville.jpg\",\"datePublished\":\"2025-04-25T16:02:33+00:00\",\"dateModified\":\"2025-04-25T16:02:34+00:00\",\"breadcrumb\":{\"@id\":\"https:\/\/jornalfatosenoticias.com.br\/index.php\/2025\/04\/25\/auroville-a-cidade-que-tem-o-silencio-como-patrimonio-cultural\/#breadcrumb\"},\"inLanguage\":\"pt-BR\",\"potentialAction\":[{\"@type\":\"ReadAction\",\"target\":[\"https:\/\/jornalfatosenoticias.com.br\/index.php\/2025\/04\/25\/auroville-a-cidade-que-tem-o-silencio-como-patrimonio-cultural\/\"]}]},{\"@type\":\"ImageObject\",\"inLanguage\":\"pt-BR\",\"@id\":\"https:\/\/jornalfatosenoticias.com.br\/index.php\/2025\/04\/25\/auroville-a-cidade-que-tem-o-silencio-como-patrimonio-cultural\/#primaryimage\",\"url\":\"https:\/\/jornalfatosenoticias.com.br\/wp-content\/uploads\/2025\/04\/Auroville.jpg\",\"contentUrl\":\"https:\/\/jornalfatosenoticias.com.br\/wp-content\/uploads\/2025\/04\/Auroville.jpg\",\"width\":1000,\"height\":562},{\"@type\":\"BreadcrumbList\",\"@id\":\"https:\/\/jornalfatosenoticias.com.br\/index.php\/2025\/04\/25\/auroville-a-cidade-que-tem-o-silencio-como-patrimonio-cultural\/#breadcrumb\",\"itemListElement\":[{\"@type\":\"ListItem\",\"position\":1,\"name\":\"In\u00edcio\",\"item\":\"https:\/\/jornalfatosenoticias.com.br\/\"},{\"@type\":\"ListItem\",\"position\":2,\"name\":\"Auroville, a cidade que tem o sil\u00eancio como patrim\u00f4nio cultural\"}]},{\"@type\":\"WebSite\",\"@id\":\"https:\/\/jornalfatosenoticias.com.br\/#website\",\"url\":\"https:\/\/jornalfatosenoticias.com.br\/\",\"name\":\"Jornal Fatos e Not\u00edcias\",\"description\":\"Not\u00edcias em geral\",\"publisher\":{\"@id\":\"https:\/\/jornalfatosenoticias.com.br\/#organization\"},\"potentialAction\":[{\"@type\":\"SearchAction\",\"target\":{\"@type\":\"EntryPoint\",\"urlTemplate\":\"https:\/\/jornalfatosenoticias.com.br\/?s={search_term_string}\"},\"query-input\":{\"@type\":\"PropertyValueSpecification\",\"valueRequired\":true,\"valueName\":\"search_term_string\"}}],\"inLanguage\":\"pt-BR\"},{\"@type\":\"Organization\",\"@id\":\"https:\/\/jornalfatosenoticias.com.br\/#organization\",\"name\":\"Jornal Fatos e Not\u00edcias\",\"url\":\"https:\/\/jornalfatosenoticias.com.br\/\",\"logo\":{\"@type\":\"ImageObject\",\"inLanguage\":\"pt-BR\",\"@id\":\"https:\/\/jornalfatosenoticias.com.br\/#\/schema\/logo\/image\/\",\"url\":\"https:\/\/jornalfatosenoticias.com.br\/wp-content\/uploads\/2020\/02\/logo120.png\",\"contentUrl\":\"https:\/\/jornalfatosenoticias.com.br\/wp-content\/uploads\/2020\/02\/logo120.png\",\"width\":1227,\"height\":120,\"caption\":\"Jornal Fatos e Not\u00edcias\"},\"image\":{\"@id\":\"https:\/\/jornalfatosenoticias.com.br\/#\/schema\/logo\/image\/\"}},{\"@type\":\"Person\",\"@id\":\"https:\/\/jornalfatosenoticias.com.br\/#\/schema\/person\/d63837fa13ac8666eb9e74e0985d6f81\",\"name\":\"Luzimara Fernandes\",\"image\":{\"@type\":\"ImageObject\",\"inLanguage\":\"pt-BR\",\"@id\":\"https:\/\/jornalfatosenoticias.com.br\/#\/schema\/person\/image\/\",\"url\":\"https:\/\/jornalfatosenoticias.com.br\/wp-content\/uploads\/2025\/05\/EU_portal.jpg\",\"contentUrl\":\"https:\/\/jornalfatosenoticias.com.br\/wp-content\/uploads\/2025\/05\/EU_portal.jpg\",\"caption\":\"Luzimara Fernandes\"},\"description\":\"Jornalista MTB 2358-ES\",\"sameAs\":[\"https:\/\/jornalfatosenoticias.com.br\"],\"url\":\"https:\/\/jornalfatosenoticias.com.br\/index.php\/author\/luzimara\/\"}]}<\/script>\n<!-- \/ Yoast SEO plugin. -->","yoast_head_json":{"title":"Auroville, a cidade que tem o sil\u00eancio como patrim\u00f4nio cultural - Jornal Fatos e Not\u00edcias","robots":{"index":"index","follow":"follow","max-snippet":"max-snippet:-1","max-image-preview":"max-image-preview:large","max-video-preview":"max-video-preview:-1"},"canonical":"https:\/\/jornalfatosenoticias.com.br\/index.php\/2025\/04\/25\/auroville-a-cidade-que-tem-o-silencio-como-patrimonio-cultural\/","og_locale":"pt_BR","og_type":"article","og_title":"Auroville, a cidade que tem o sil\u00eancio como patrim\u00f4nio cultural - Jornal Fatos e Not\u00edcias","og_description":"Nesta localidade, no sul da \u00cdndia, o sil\u00eancio \u00e9 pr\u00e1tica cotidiana de conviv\u00eancia, espiritualidade e cidadania No sul da \u00cdndia, pr\u00f3ximo \u00e0 Pondicherry, cidade que abrigou colonos franceses na d\u00e9cada de 1950, existe um lugar onde o sil\u00eancio n\u00e3o \u00e9 apenas bem-vindo, \u00e9 sagrado. Em Auroville, uma comunidade internacional fundada em 1968, ele foi elevado [&hellip;]","og_url":"https:\/\/jornalfatosenoticias.com.br\/index.php\/2025\/04\/25\/auroville-a-cidade-que-tem-o-silencio-como-patrimonio-cultural\/","og_site_name":"Jornal Fatos e Not\u00edcias","article_published_time":"2025-04-25T16:02:33+00:00","article_modified_time":"2025-04-25T16:02:34+00:00","og_image":[{"width":1000,"height":562,"url":"https:\/\/jornalfatosenoticias.com.br\/wp-content\/uploads\/2025\/04\/Auroville.jpg","type":"image\/jpeg"}],"author":"Luzimara Fernandes","twitter_card":"summary_large_image","twitter_misc":{"Escrito por":"Luzimara Fernandes","Est. tempo de leitura":"2 minutos"},"schema":{"@context":"https:\/\/schema.org","@graph":[{"@type":"Article","@id":"https:\/\/jornalfatosenoticias.com.br\/index.php\/2025\/04\/25\/auroville-a-cidade-que-tem-o-silencio-como-patrimonio-cultural\/#article","isPartOf":{"@id":"https:\/\/jornalfatosenoticias.com.br\/index.php\/2025\/04\/25\/auroville-a-cidade-que-tem-o-silencio-como-patrimonio-cultural\/"},"author":{"name":"Luzimara Fernandes","@id":"https:\/\/jornalfatosenoticias.com.br\/#\/schema\/person\/d63837fa13ac8666eb9e74e0985d6f81"},"headline":"Auroville, a cidade que tem o sil\u00eancio como patrim\u00f4nio cultural","datePublished":"2025-04-25T16:02:33+00:00","dateModified":"2025-04-25T16:02:34+00:00","mainEntityOfPage":{"@id":"https:\/\/jornalfatosenoticias.com.br\/index.php\/2025\/04\/25\/auroville-a-cidade-que-tem-o-silencio-como-patrimonio-cultural\/"},"wordCount":424,"commentCount":0,"publisher":{"@id":"https:\/\/jornalfatosenoticias.com.br\/#organization"},"image":{"@id":"https:\/\/jornalfatosenoticias.com.br\/index.php\/2025\/04\/25\/auroville-a-cidade-que-tem-o-silencio-como-patrimonio-cultural\/#primaryimage"},"thumbnailUrl":"https:\/\/jornalfatosenoticias.com.br\/wp-content\/uploads\/2025\/04\/Auroville.jpg","keywords":["Auroville","bem-estar","cidadania","\u00edndia","sil\u00eancio"],"articleSection":["Internacional"],"inLanguage":"pt-BR","potentialAction":[{"@type":"CommentAction","name":"Comment","target":["https:\/\/jornalfatosenoticias.com.br\/index.php\/2025\/04\/25\/auroville-a-cidade-que-tem-o-silencio-como-patrimonio-cultural\/#respond"]}]},{"@type":"WebPage","@id":"https:\/\/jornalfatosenoticias.com.br\/index.php\/2025\/04\/25\/auroville-a-cidade-que-tem-o-silencio-como-patrimonio-cultural\/","url":"https:\/\/jornalfatosenoticias.com.br\/index.php\/2025\/04\/25\/auroville-a-cidade-que-tem-o-silencio-como-patrimonio-cultural\/","name":"Auroville, a cidade que tem o sil\u00eancio como patrim\u00f4nio cultural - Jornal Fatos e Not\u00edcias","isPartOf":{"@id":"https:\/\/jornalfatosenoticias.com.br\/#website"},"primaryImageOfPage":{"@id":"https:\/\/jornalfatosenoticias.com.br\/index.php\/2025\/04\/25\/auroville-a-cidade-que-tem-o-silencio-como-patrimonio-cultural\/#primaryimage"},"image":{"@id":"https:\/\/jornalfatosenoticias.com.br\/index.php\/2025\/04\/25\/auroville-a-cidade-que-tem-o-silencio-como-patrimonio-cultural\/#primaryimage"},"thumbnailUrl":"https:\/\/jornalfatosenoticias.com.br\/wp-content\/uploads\/2025\/04\/Auroville.jpg","datePublished":"2025-04-25T16:02:33+00:00","dateModified":"2025-04-25T16:02:34+00:00","breadcrumb":{"@id":"https:\/\/jornalfatosenoticias.com.br\/index.php\/2025\/04\/25\/auroville-a-cidade-que-tem-o-silencio-como-patrimonio-cultural\/#breadcrumb"},"inLanguage":"pt-BR","potentialAction":[{"@type":"ReadAction","target":["https:\/\/jornalfatosenoticias.com.br\/index.php\/2025\/04\/25\/auroville-a-cidade-que-tem-o-silencio-como-patrimonio-cultural\/"]}]},{"@type":"ImageObject","inLanguage":"pt-BR","@id":"https:\/\/jornalfatosenoticias.com.br\/index.php\/2025\/04\/25\/auroville-a-cidade-que-tem-o-silencio-como-patrimonio-cultural\/#primaryimage","url":"https:\/\/jornalfatosenoticias.com.br\/wp-content\/uploads\/2025\/04\/Auroville.jpg","contentUrl":"https:\/\/jornalfatosenoticias.com.br\/wp-content\/uploads\/2025\/04\/Auroville.jpg","width":1000,"height":562},{"@type":"BreadcrumbList","@id":"https:\/\/jornalfatosenoticias.com.br\/index.php\/2025\/04\/25\/auroville-a-cidade-que-tem-o-silencio-como-patrimonio-cultural\/#breadcrumb","itemListElement":[{"@type":"ListItem","position":1,"name":"In\u00edcio","item":"https:\/\/jornalfatosenoticias.com.br\/"},{"@type":"ListItem","position":2,"name":"Auroville, a cidade que tem o sil\u00eancio como patrim\u00f4nio cultural"}]},{"@type":"WebSite","@id":"https:\/\/jornalfatosenoticias.com.br\/#website","url":"https:\/\/jornalfatosenoticias.com.br\/","name":"Jornal Fatos e Not\u00edcias","description":"Not\u00edcias em geral","publisher":{"@id":"https:\/\/jornalfatosenoticias.com.br\/#organization"},"potentialAction":[{"@type":"SearchAction","target":{"@type":"EntryPoint","urlTemplate":"https:\/\/jornalfatosenoticias.com.br\/?s={search_term_string}"},"query-input":{"@type":"PropertyValueSpecification","valueRequired":true,"valueName":"search_term_string"}}],"inLanguage":"pt-BR"},{"@type":"Organization","@id":"https:\/\/jornalfatosenoticias.com.br\/#organization","name":"Jornal Fatos e Not\u00edcias","url":"https:\/\/jornalfatosenoticias.com.br\/","logo":{"@type":"ImageObject","inLanguage":"pt-BR","@id":"https:\/\/jornalfatosenoticias.com.br\/#\/schema\/logo\/image\/","url":"https:\/\/jornalfatosenoticias.com.br\/wp-content\/uploads\/2020\/02\/logo120.png","contentUrl":"https:\/\/jornalfatosenoticias.com.br\/wp-content\/uploads\/2020\/02\/logo120.png","width":1227,"height":120,"caption":"Jornal Fatos e Not\u00edcias"},"image":{"@id":"https:\/\/jornalfatosenoticias.com.br\/#\/schema\/logo\/image\/"}},{"@type":"Person","@id":"https:\/\/jornalfatosenoticias.com.br\/#\/schema\/person\/d63837fa13ac8666eb9e74e0985d6f81","name":"Luzimara Fernandes","image":{"@type":"ImageObject","inLanguage":"pt-BR","@id":"https:\/\/jornalfatosenoticias.com.br\/#\/schema\/person\/image\/","url":"https:\/\/jornalfatosenoticias.com.br\/wp-content\/uploads\/2025\/05\/EU_portal.jpg","contentUrl":"https:\/\/jornalfatosenoticias.com.br\/wp-content\/uploads\/2025\/05\/EU_portal.jpg","caption":"Luzimara Fernandes"},"description":"Jornalista MTB 2358-ES","sameAs":["https:\/\/jornalfatosenoticias.com.br"],"url":"https:\/\/jornalfatosenoticias.com.br\/index.php\/author\/luzimara\/"}]}},"cc_featured_image_caption":{"caption_text":"(Foto: Auroville\/Divulga\u00e7\u00e3o) ","source_text":"","source_url":""},"jetpack_featured_media_url":"https:\/\/jornalfatosenoticias.com.br\/wp-content\/uploads\/2025\/04\/Auroville.jpg","_links":{"self":[{"href":"https:\/\/jornalfatosenoticias.com.br\/index.php\/wp-json\/wp\/v2\/posts\/58770","targetHints":{"allow":["GET"]}}],"collection":[{"href":"https:\/\/jornalfatosenoticias.com.br\/index.php\/wp-json\/wp\/v2\/posts"}],"about":[{"href":"https:\/\/jornalfatosenoticias.com.br\/index.php\/wp-json\/wp\/v2\/types\/post"}],"author":[{"embeddable":true,"href":"https:\/\/jornalfatosenoticias.com.br\/index.php\/wp-json\/wp\/v2\/users\/2"}],"replies":[{"embeddable":true,"href":"https:\/\/jornalfatosenoticias.com.br\/index.php\/wp-json\/wp\/v2\/comments?post=58770"}],"version-history":[{"count":0,"href":"https:\/\/jornalfatosenoticias.com.br\/index.php\/wp-json\/wp\/v2\/posts\/58770\/revisions"}],"wp:featuredmedia":[{"embeddable":true,"href":"https:\/\/jornalfatosenoticias.com.br\/index.php\/wp-json\/wp\/v2\/media\/58771"}],"wp:attachment":[{"href":"https:\/\/jornalfatosenoticias.com.br\/index.php\/wp-json\/wp\/v2\/media?parent=58770"}],"wp:term":[{"taxonomy":"category","embeddable":true,"href":"https:\/\/jornalfatosenoticias.com.br\/index.php\/wp-json\/wp\/v2\/categories?post=58770"},{"taxonomy":"post_tag","embeddable":true,"href":"https:\/\/jornalfatosenoticias.com.br\/index.php\/wp-json\/wp\/v2\/tags?post=58770"}],"curies":[{"name":"wp","href":"https:\/\/api.w.org\/{rel}","templated":true}]}}