{"id":58787,"date":"2025-04-25T13:54:53","date_gmt":"2025-04-25T16:54:53","guid":{"rendered":"https:\/\/jornalfatosenoticias.com.br\/?p=58787"},"modified":"2025-04-25T13:54:56","modified_gmt":"2025-04-25T16:54:56","slug":"rosa-vermelha-ou-branca-pesquisa-revela-que-todas-as-rosas-um-dia-ja-foram-amarelas","status":"publish","type":"post","link":"https:\/\/jornalfatosenoticias.com.br\/index.php\/2025\/04\/25\/rosa-vermelha-ou-branca-pesquisa-revela-que-todas-as-rosas-um-dia-ja-foram-amarelas\/","title":{"rendered":"Rosa, vermelha ou branca: pesquisa revela que todas as rosas um dia j\u00e1 foram amarelas"},"content":{"rendered":"\n<p><em><span class=\"has-inline-color has-black-color\">Pesquisa gen\u00f4mica mostrou que o ancestral comum das amostras estudadas \u00e9 uma flor amarela com uma \u00fanica fileira de p\u00e9talas<\/span><\/em><\/p>\n\n\n\n<div class=\"wp-block-image\"><figure class=\"aligncenter size-large\"><a href=\"https:\/\/www.cesconetto.com.br\/\"><img loading=\"lazy\" decoding=\"async\" width=\"1024\" height=\"100\" src=\"https:\/\/jornalfatosenoticias.com.br\/wp-content\/uploads\/2022\/05\/NOVA-LOGO-CESCONETTO-1024x100.jpg\" alt=\"\" class=\"wp-image-30792\" srcset=\"https:\/\/jornalfatosenoticias.com.br\/wp-content\/uploads\/2022\/05\/NOVA-LOGO-CESCONETTO-1024x100.jpg 1024w, https:\/\/jornalfatosenoticias.com.br\/wp-content\/uploads\/2022\/05\/NOVA-LOGO-CESCONETTO-300x29.jpg 300w, https:\/\/jornalfatosenoticias.com.br\/wp-content\/uploads\/2022\/05\/NOVA-LOGO-CESCONETTO-768x75.jpg 768w, https:\/\/jornalfatosenoticias.com.br\/wp-content\/uploads\/2022\/05\/NOVA-LOGO-CESCONETTO.jpg 1280w\" sizes=\"auto, (max-width: 1024px) 100vw, 1024px\" \/><\/a><\/figure><\/div>\n\n\n\n<p>Rosas de todas as cores, incluindo brancas, vermelhas, rosas e cor de p\u00eassego, que pertencem ao g\u00eanero <em>Rosa,<\/em> possuem um ancestral comum: uma flor de cor amarela e sete fol\u00edolos, mostra uma ampla an\u00e1lise gen\u00f4mica realizada por pesquisadores da Universidade Florestal de Pequim, na China, e <a class=\"\" href=\"https:\/\/www.nature.com\/articles\/s41477-025-01955-5\" target=\"_blank\" rel=\"noreferrer noopener\"><strong>publicada<\/strong><\/a> na revista cient\u00edfica <em>Nature Plants.<\/em><br>Representando quase 30% das vendas no mercado de flores de corte, as rosas s\u00e3o as plantas ornamentais mais cultivadas do mundo e foram domesticadas com sucesso para refletir as prefer\u00eancias est\u00e9ticas de cada \u00e9poca. Atualmente, h\u00e1 mais de 150 a 200 esp\u00e9cies e mais de 35.000 cultivares com diferentes frequ\u00eancias de flora\u00e7\u00e3o, fragr\u00e2ncias e cores. No entanto, as\u00a0<a class=\"\" href=\"https:\/\/umsoplaneta.globo.com\/clima\/noticia\/2021\/04\/04\/o-que-sao-as-mudancas-climaticas.ghtml\"><strong>mudan\u00e7as clim\u00e1ticas<\/strong><\/a> levaram os melhoristas de rosas a mudar seu foco de caracter\u00edsticas puramente cosm\u00e9ticas para o cultivo de variedades mais resistentes a fatores de estresse, como seca e doen\u00e7as, e mais f\u00e1ceis de cuidar.<\/p>\n\n\n\n<div class=\"wp-block-image\"><figure class=\"aligncenter size-large\"><img loading=\"lazy\" decoding=\"async\" width=\"703\" height=\"1000\" src=\"https:\/\/jornalfatosenoticias.com.br\/wp-content\/uploads\/2025\/04\/rosas-2.jpeg\" alt=\"\" class=\"wp-image-58788\" srcset=\"https:\/\/jornalfatosenoticias.com.br\/wp-content\/uploads\/2025\/04\/rosas-2.jpeg 703w, https:\/\/jornalfatosenoticias.com.br\/wp-content\/uploads\/2025\/04\/rosas-2-211x300.jpeg 211w\" sizes=\"auto, (max-width: 703px) 100vw, 703px\" \/><figcaption><em><span class=\"has-inline-color has-black-color\">Sequenciamento gen\u00f4mico de 205 amostras representando 84 esp\u00e9cies revela a hist\u00f3ria evolutiva e geogr\u00e1fica do g\u00eanero Rosa (Foto: Nature Plants (2025). DOI: 10.1038\/s41477-025-01955-5<\/span><\/em>)<\/figcaption><\/figure><\/div>\n\n\n\n<p>Uma compreens\u00e3o clara da origem e evolu\u00e7\u00e3o do g\u00eanero Rosa, tanto das variedades selvagens quanto das cultivadas, pode auxiliar na conserva\u00e7\u00e3o de variedades de rosas quase amea\u00e7adas. Com isso em mente, os pesquisadores coletaram 205 amostras de mais de 80 esp\u00e9cies. As amostras foram analisadas usando sequenciamento gen\u00f4mico, gen\u00e9tica populacional e outros m\u00e9todos para rastrear suas caracter\u00edsticas ancestrais, o que os ajudou a mapear a hist\u00f3ria evolutiva e geogr\u00e1fica e as conex\u00f5es entre as esp\u00e9cies de rosa.<\/p>\n\n\n\n<div class=\"wp-block-image\"><figure class=\"aligncenter size-large is-resized\"><a href=\"https:\/\/www.facebook.com\/profile.php?id=100069289606145\"><img loading=\"lazy\" decoding=\"async\" src=\"https:\/\/jornalfatosenoticias.com.br\/wp-content\/uploads\/2024\/11\/Guaitolini-Contabilidade-1024x714.jpeg\" alt=\"\" class=\"wp-image-55808\" width=\"326\" height=\"227\" srcset=\"https:\/\/jornalfatosenoticias.com.br\/wp-content\/uploads\/2024\/11\/Guaitolini-Contabilidade-1024x714.jpeg 1024w, https:\/\/jornalfatosenoticias.com.br\/wp-content\/uploads\/2024\/11\/Guaitolini-Contabilidade-300x209.jpeg 300w, https:\/\/jornalfatosenoticias.com.br\/wp-content\/uploads\/2024\/11\/Guaitolini-Contabilidade-768x535.jpeg 768w, https:\/\/jornalfatosenoticias.com.br\/wp-content\/uploads\/2024\/11\/Guaitolini-Contabilidade.jpeg 1280w\" sizes=\"auto, (max-width: 326px) 100vw, 326px\" \/><\/a><\/figure><\/div>\n\n\n\n<p>A reconstru\u00e7\u00e3o de caracter\u00edsticas ancestrais mostrou ent\u00e3o que o ancestral comum das amostras estudadas era uma flor amarela com uma \u00fanica fileira de p\u00e9talas e folhas divididas em sete fol\u00edolos. \u00c0 medida que as rosas evolu\u00edram e foram domesticadas, elas desenvolveram novas cores, marcas distintas nas p\u00e9talas e a capacidade de florescer em cachos. Os pesquisadores destacam que essas descobertas fornecem uma base s\u00f3lida para a utiliza\u00e7\u00e3o dos recursos selvagens da <em>Rosa, <\/em>o que pode auxiliar na redomestica\u00e7\u00e3o e no melhoramento inovador de rosas modernas.<\/p>\n\n\n\n<div class=\"wp-block-image\"><figure class=\"aligncenter size-large is-resized\"><a href=\"https:\/\/www.ithbrasil.com.br\/\"><img loading=\"lazy\" decoding=\"async\" src=\"https:\/\/jornalfatosenoticias.com.br\/wp-content\/uploads\/2023\/08\/ITH.jpeg\" alt=\"\" class=\"wp-image-44638\" width=\"289\" height=\"235\" srcset=\"https:\/\/jornalfatosenoticias.com.br\/wp-content\/uploads\/2023\/08\/ITH.jpeg 800w, https:\/\/jornalfatosenoticias.com.br\/wp-content\/uploads\/2023\/08\/ITH-300x244.jpeg 300w, https:\/\/jornalfatosenoticias.com.br\/wp-content\/uploads\/2023\/08\/ITH-768x624.jpeg 768w\" sizes=\"auto, (max-width: 289px) 100vw, 289px\" \/><\/a><\/figure><\/div>\n\n\n\n<p><strong>Fonte: <a href=\"https:\/\/umsoplaneta.globo.com\/biodiversidade\/noticia\/2025\/04\/18\/rosa-vermelha-ou-branca-pesquisa-revela-que-todas-as-rosas-um-dia-ja-foram-amarelas.ghtml\">Um S\u00f3 Planeta<\/a><\/strong><\/p>\n","protected":false},"excerpt":{"rendered":"<p>Pesquisa gen\u00f4mica mostrou que o ancestral comum das amostras estudadas \u00e9 uma flor amarela com uma \u00fanica fileira de p\u00e9talas Rosas de todas as cores, incluindo brancas, vermelhas, rosas e cor de p\u00eassego, que pertencem ao g\u00eanero Rosa, possuem um ancestral comum: uma flor de cor amarela e sete fol\u00edolos, mostra uma ampla an\u00e1lise gen\u00f4mica [&hellip;]<\/p>\n","protected":false},"author":2,"featured_media":58789,"comment_status":"open","ping_status":"open","sticky":false,"template":"","format":"standard","meta":{"footnotes":""},"categories":[8],"tags":[64,18699,26820,26821,26819],"class_list":["post-58787","post","type-post","status-publish","format-standard","has-post-thumbnail","hentry","category-meio-ambiente","tag-flor","tag-petalas","tag-rosas","tag-rosas-amarelas","tag-rosas-brancas"],"yoast_head":"<!-- This site is optimized with the Yoast SEO plugin v26.5 - https:\/\/yoast.com\/wordpress\/plugins\/seo\/ -->\n<title>Rosa, vermelha ou branca: pesquisa revela que todas as rosas um dia j\u00e1 foram amarelas - Jornal Fatos e Not\u00edcias<\/title>\n<meta name=\"robots\" content=\"index, follow, max-snippet:-1, max-image-preview:large, max-video-preview:-1\" \/>\n<link rel=\"canonical\" href=\"https:\/\/jornalfatosenoticias.com.br\/index.php\/2025\/04\/25\/rosa-vermelha-ou-branca-pesquisa-revela-que-todas-as-rosas-um-dia-ja-foram-amarelas\/\" \/>\n<meta property=\"og:locale\" content=\"pt_BR\" \/>\n<meta property=\"og:type\" content=\"article\" \/>\n<meta property=\"og:title\" content=\"Rosa, vermelha ou branca: pesquisa revela que todas as rosas um dia j\u00e1 foram amarelas - Jornal Fatos e Not\u00edcias\" \/>\n<meta property=\"og:description\" content=\"Pesquisa gen\u00f4mica mostrou que o ancestral comum das amostras estudadas \u00e9 uma flor amarela com uma \u00fanica fileira de p\u00e9talas Rosas de todas as cores, incluindo brancas, vermelhas, rosas e cor de p\u00eassego, que pertencem ao g\u00eanero Rosa, possuem um ancestral comum: uma flor de cor amarela e sete fol\u00edolos, mostra uma ampla an\u00e1lise gen\u00f4mica [&hellip;]\" \/>\n<meta property=\"og:url\" content=\"https:\/\/jornalfatosenoticias.com.br\/index.php\/2025\/04\/25\/rosa-vermelha-ou-branca-pesquisa-revela-que-todas-as-rosas-um-dia-ja-foram-amarelas\/\" \/>\n<meta property=\"og:site_name\" content=\"Jornal Fatos e Not\u00edcias\" \/>\n<meta property=\"article:published_time\" content=\"2025-04-25T16:54:53+00:00\" \/>\n<meta property=\"article:modified_time\" content=\"2025-04-25T16:54:56+00:00\" \/>\n<meta property=\"og:image\" content=\"https:\/\/jornalfatosenoticias.com.br\/wp-content\/uploads\/2025\/04\/rosa-vermelha_freepik.jpg\" \/>\n\t<meta property=\"og:image:width\" content=\"996\" \/>\n\t<meta property=\"og:image:height\" content=\"664\" \/>\n\t<meta property=\"og:image:type\" content=\"image\/jpeg\" \/>\n<meta name=\"author\" content=\"Luzimara Fernandes\" \/>\n<meta name=\"twitter:card\" content=\"summary_large_image\" \/>\n<meta name=\"twitter:label1\" content=\"Escrito por\" \/>\n\t<meta name=\"twitter:data1\" content=\"Luzimara Fernandes\" \/>\n\t<meta name=\"twitter:label2\" content=\"Est. tempo de leitura\" \/>\n\t<meta name=\"twitter:data2\" content=\"2 minutos\" \/>\n<script type=\"application\/ld+json\" class=\"yoast-schema-graph\">{\"@context\":\"https:\/\/schema.org\",\"@graph\":[{\"@type\":\"Article\",\"@id\":\"https:\/\/jornalfatosenoticias.com.br\/index.php\/2025\/04\/25\/rosa-vermelha-ou-branca-pesquisa-revela-que-todas-as-rosas-um-dia-ja-foram-amarelas\/#article\",\"isPartOf\":{\"@id\":\"https:\/\/jornalfatosenoticias.com.br\/index.php\/2025\/04\/25\/rosa-vermelha-ou-branca-pesquisa-revela-que-todas-as-rosas-um-dia-ja-foram-amarelas\/\"},\"author\":{\"name\":\"Luzimara Fernandes\",\"@id\":\"https:\/\/jornalfatosenoticias.com.br\/#\/schema\/person\/d63837fa13ac8666eb9e74e0985d6f81\"},\"headline\":\"Rosa, vermelha ou branca: pesquisa revela que todas as rosas um dia j\u00e1 foram amarelas\",\"datePublished\":\"2025-04-25T16:54:53+00:00\",\"dateModified\":\"2025-04-25T16:54:56+00:00\",\"mainEntityOfPage\":{\"@id\":\"https:\/\/jornalfatosenoticias.com.br\/index.php\/2025\/04\/25\/rosa-vermelha-ou-branca-pesquisa-revela-que-todas-as-rosas-um-dia-ja-foram-amarelas\/\"},\"wordCount\":411,\"commentCount\":0,\"publisher\":{\"@id\":\"https:\/\/jornalfatosenoticias.com.br\/#organization\"},\"image\":{\"@id\":\"https:\/\/jornalfatosenoticias.com.br\/index.php\/2025\/04\/25\/rosa-vermelha-ou-branca-pesquisa-revela-que-todas-as-rosas-um-dia-ja-foram-amarelas\/#primaryimage\"},\"thumbnailUrl\":\"https:\/\/jornalfatosenoticias.com.br\/wp-content\/uploads\/2025\/04\/rosa-vermelha_freepik.jpg\",\"keywords\":[\"flor\",\"p\u00e9talas\",\"rosas\",\"rosas amarelas\",\"rosas brancas\"],\"articleSection\":[\"Meio ambiente\"],\"inLanguage\":\"pt-BR\",\"potentialAction\":[{\"@type\":\"CommentAction\",\"name\":\"Comment\",\"target\":[\"https:\/\/jornalfatosenoticias.com.br\/index.php\/2025\/04\/25\/rosa-vermelha-ou-branca-pesquisa-revela-que-todas-as-rosas-um-dia-ja-foram-amarelas\/#respond\"]}]},{\"@type\":\"WebPage\",\"@id\":\"https:\/\/jornalfatosenoticias.com.br\/index.php\/2025\/04\/25\/rosa-vermelha-ou-branca-pesquisa-revela-que-todas-as-rosas-um-dia-ja-foram-amarelas\/\",\"url\":\"https:\/\/jornalfatosenoticias.com.br\/index.php\/2025\/04\/25\/rosa-vermelha-ou-branca-pesquisa-revela-que-todas-as-rosas-um-dia-ja-foram-amarelas\/\",\"name\":\"Rosa, vermelha ou branca: pesquisa revela que todas as rosas um dia j\u00e1 foram amarelas - Jornal Fatos e Not\u00edcias\",\"isPartOf\":{\"@id\":\"https:\/\/jornalfatosenoticias.com.br\/#website\"},\"primaryImageOfPage\":{\"@id\":\"https:\/\/jornalfatosenoticias.com.br\/index.php\/2025\/04\/25\/rosa-vermelha-ou-branca-pesquisa-revela-que-todas-as-rosas-um-dia-ja-foram-amarelas\/#primaryimage\"},\"image\":{\"@id\":\"https:\/\/jornalfatosenoticias.com.br\/index.php\/2025\/04\/25\/rosa-vermelha-ou-branca-pesquisa-revela-que-todas-as-rosas-um-dia-ja-foram-amarelas\/#primaryimage\"},\"thumbnailUrl\":\"https:\/\/jornalfatosenoticias.com.br\/wp-content\/uploads\/2025\/04\/rosa-vermelha_freepik.jpg\",\"datePublished\":\"2025-04-25T16:54:53+00:00\",\"dateModified\":\"2025-04-25T16:54:56+00:00\",\"breadcrumb\":{\"@id\":\"https:\/\/jornalfatosenoticias.com.br\/index.php\/2025\/04\/25\/rosa-vermelha-ou-branca-pesquisa-revela-que-todas-as-rosas-um-dia-ja-foram-amarelas\/#breadcrumb\"},\"inLanguage\":\"pt-BR\",\"potentialAction\":[{\"@type\":\"ReadAction\",\"target\":[\"https:\/\/jornalfatosenoticias.com.br\/index.php\/2025\/04\/25\/rosa-vermelha-ou-branca-pesquisa-revela-que-todas-as-rosas-um-dia-ja-foram-amarelas\/\"]}]},{\"@type\":\"ImageObject\",\"inLanguage\":\"pt-BR\",\"@id\":\"https:\/\/jornalfatosenoticias.com.br\/index.php\/2025\/04\/25\/rosa-vermelha-ou-branca-pesquisa-revela-que-todas-as-rosas-um-dia-ja-foram-amarelas\/#primaryimage\",\"url\":\"https:\/\/jornalfatosenoticias.com.br\/wp-content\/uploads\/2025\/04\/rosa-vermelha_freepik.jpg\",\"contentUrl\":\"https:\/\/jornalfatosenoticias.com.br\/wp-content\/uploads\/2025\/04\/rosa-vermelha_freepik.jpg\",\"width\":996,\"height\":664},{\"@type\":\"BreadcrumbList\",\"@id\":\"https:\/\/jornalfatosenoticias.com.br\/index.php\/2025\/04\/25\/rosa-vermelha-ou-branca-pesquisa-revela-que-todas-as-rosas-um-dia-ja-foram-amarelas\/#breadcrumb\",\"itemListElement\":[{\"@type\":\"ListItem\",\"position\":1,\"name\":\"In\u00edcio\",\"item\":\"https:\/\/jornalfatosenoticias.com.br\/\"},{\"@type\":\"ListItem\",\"position\":2,\"name\":\"Rosa, vermelha ou branca: pesquisa revela que todas as rosas um dia j\u00e1 foram amarelas\"}]},{\"@type\":\"WebSite\",\"@id\":\"https:\/\/jornalfatosenoticias.com.br\/#website\",\"url\":\"https:\/\/jornalfatosenoticias.com.br\/\",\"name\":\"Jornal Fatos e Not\u00edcias\",\"description\":\"Not\u00edcias em geral\",\"publisher\":{\"@id\":\"https:\/\/jornalfatosenoticias.com.br\/#organization\"},\"potentialAction\":[{\"@type\":\"SearchAction\",\"target\":{\"@type\":\"EntryPoint\",\"urlTemplate\":\"https:\/\/jornalfatosenoticias.com.br\/?s={search_term_string}\"},\"query-input\":{\"@type\":\"PropertyValueSpecification\",\"valueRequired\":true,\"valueName\":\"search_term_string\"}}],\"inLanguage\":\"pt-BR\"},{\"@type\":\"Organization\",\"@id\":\"https:\/\/jornalfatosenoticias.com.br\/#organization\",\"name\":\"Jornal Fatos e Not\u00edcias\",\"url\":\"https:\/\/jornalfatosenoticias.com.br\/\",\"logo\":{\"@type\":\"ImageObject\",\"inLanguage\":\"pt-BR\",\"@id\":\"https:\/\/jornalfatosenoticias.com.br\/#\/schema\/logo\/image\/\",\"url\":\"https:\/\/jornalfatosenoticias.com.br\/wp-content\/uploads\/2020\/02\/logo120.png\",\"contentUrl\":\"https:\/\/jornalfatosenoticias.com.br\/wp-content\/uploads\/2020\/02\/logo120.png\",\"width\":1227,\"height\":120,\"caption\":\"Jornal Fatos e Not\u00edcias\"},\"image\":{\"@id\":\"https:\/\/jornalfatosenoticias.com.br\/#\/schema\/logo\/image\/\"}},{\"@type\":\"Person\",\"@id\":\"https:\/\/jornalfatosenoticias.com.br\/#\/schema\/person\/d63837fa13ac8666eb9e74e0985d6f81\",\"name\":\"Luzimara Fernandes\",\"image\":{\"@type\":\"ImageObject\",\"inLanguage\":\"pt-BR\",\"@id\":\"https:\/\/jornalfatosenoticias.com.br\/#\/schema\/person\/image\/\",\"url\":\"https:\/\/jornalfatosenoticias.com.br\/wp-content\/uploads\/2025\/05\/EU_portal.jpg\",\"contentUrl\":\"https:\/\/jornalfatosenoticias.com.br\/wp-content\/uploads\/2025\/05\/EU_portal.jpg\",\"caption\":\"Luzimara Fernandes\"},\"description\":\"Jornalista MTB 2358-ES\",\"sameAs\":[\"https:\/\/jornalfatosenoticias.com.br\"],\"url\":\"https:\/\/jornalfatosenoticias.com.br\/index.php\/author\/luzimara\/\"}]}<\/script>\n<!-- \/ Yoast SEO plugin. -->","yoast_head_json":{"title":"Rosa, vermelha ou branca: pesquisa revela que todas as rosas um dia j\u00e1 foram amarelas - Jornal Fatos e Not\u00edcias","robots":{"index":"index","follow":"follow","max-snippet":"max-snippet:-1","max-image-preview":"max-image-preview:large","max-video-preview":"max-video-preview:-1"},"canonical":"https:\/\/jornalfatosenoticias.com.br\/index.php\/2025\/04\/25\/rosa-vermelha-ou-branca-pesquisa-revela-que-todas-as-rosas-um-dia-ja-foram-amarelas\/","og_locale":"pt_BR","og_type":"article","og_title":"Rosa, vermelha ou branca: pesquisa revela que todas as rosas um dia j\u00e1 foram amarelas - Jornal Fatos e Not\u00edcias","og_description":"Pesquisa gen\u00f4mica mostrou que o ancestral comum das amostras estudadas \u00e9 uma flor amarela com uma \u00fanica fileira de p\u00e9talas Rosas de todas as cores, incluindo brancas, vermelhas, rosas e cor de p\u00eassego, que pertencem ao g\u00eanero Rosa, possuem um ancestral comum: uma flor de cor amarela e sete fol\u00edolos, mostra uma ampla an\u00e1lise gen\u00f4mica [&hellip;]","og_url":"https:\/\/jornalfatosenoticias.com.br\/index.php\/2025\/04\/25\/rosa-vermelha-ou-branca-pesquisa-revela-que-todas-as-rosas-um-dia-ja-foram-amarelas\/","og_site_name":"Jornal Fatos e Not\u00edcias","article_published_time":"2025-04-25T16:54:53+00:00","article_modified_time":"2025-04-25T16:54:56+00:00","og_image":[{"width":996,"height":664,"url":"https:\/\/jornalfatosenoticias.com.br\/wp-content\/uploads\/2025\/04\/rosa-vermelha_freepik.jpg","type":"image\/jpeg"}],"author":"Luzimara Fernandes","twitter_card":"summary_large_image","twitter_misc":{"Escrito por":"Luzimara Fernandes","Est. tempo de leitura":"2 minutos"},"schema":{"@context":"https:\/\/schema.org","@graph":[{"@type":"Article","@id":"https:\/\/jornalfatosenoticias.com.br\/index.php\/2025\/04\/25\/rosa-vermelha-ou-branca-pesquisa-revela-que-todas-as-rosas-um-dia-ja-foram-amarelas\/#article","isPartOf":{"@id":"https:\/\/jornalfatosenoticias.com.br\/index.php\/2025\/04\/25\/rosa-vermelha-ou-branca-pesquisa-revela-que-todas-as-rosas-um-dia-ja-foram-amarelas\/"},"author":{"name":"Luzimara Fernandes","@id":"https:\/\/jornalfatosenoticias.com.br\/#\/schema\/person\/d63837fa13ac8666eb9e74e0985d6f81"},"headline":"Rosa, vermelha ou branca: pesquisa revela que todas as rosas um dia j\u00e1 foram amarelas","datePublished":"2025-04-25T16:54:53+00:00","dateModified":"2025-04-25T16:54:56+00:00","mainEntityOfPage":{"@id":"https:\/\/jornalfatosenoticias.com.br\/index.php\/2025\/04\/25\/rosa-vermelha-ou-branca-pesquisa-revela-que-todas-as-rosas-um-dia-ja-foram-amarelas\/"},"wordCount":411,"commentCount":0,"publisher":{"@id":"https:\/\/jornalfatosenoticias.com.br\/#organization"},"image":{"@id":"https:\/\/jornalfatosenoticias.com.br\/index.php\/2025\/04\/25\/rosa-vermelha-ou-branca-pesquisa-revela-que-todas-as-rosas-um-dia-ja-foram-amarelas\/#primaryimage"},"thumbnailUrl":"https:\/\/jornalfatosenoticias.com.br\/wp-content\/uploads\/2025\/04\/rosa-vermelha_freepik.jpg","keywords":["flor","p\u00e9talas","rosas","rosas amarelas","rosas brancas"],"articleSection":["Meio ambiente"],"inLanguage":"pt-BR","potentialAction":[{"@type":"CommentAction","name":"Comment","target":["https:\/\/jornalfatosenoticias.com.br\/index.php\/2025\/04\/25\/rosa-vermelha-ou-branca-pesquisa-revela-que-todas-as-rosas-um-dia-ja-foram-amarelas\/#respond"]}]},{"@type":"WebPage","@id":"https:\/\/jornalfatosenoticias.com.br\/index.php\/2025\/04\/25\/rosa-vermelha-ou-branca-pesquisa-revela-que-todas-as-rosas-um-dia-ja-foram-amarelas\/","url":"https:\/\/jornalfatosenoticias.com.br\/index.php\/2025\/04\/25\/rosa-vermelha-ou-branca-pesquisa-revela-que-todas-as-rosas-um-dia-ja-foram-amarelas\/","name":"Rosa, vermelha ou branca: pesquisa revela que todas as rosas um dia j\u00e1 foram amarelas - Jornal Fatos e Not\u00edcias","isPartOf":{"@id":"https:\/\/jornalfatosenoticias.com.br\/#website"},"primaryImageOfPage":{"@id":"https:\/\/jornalfatosenoticias.com.br\/index.php\/2025\/04\/25\/rosa-vermelha-ou-branca-pesquisa-revela-que-todas-as-rosas-um-dia-ja-foram-amarelas\/#primaryimage"},"image":{"@id":"https:\/\/jornalfatosenoticias.com.br\/index.php\/2025\/04\/25\/rosa-vermelha-ou-branca-pesquisa-revela-que-todas-as-rosas-um-dia-ja-foram-amarelas\/#primaryimage"},"thumbnailUrl":"https:\/\/jornalfatosenoticias.com.br\/wp-content\/uploads\/2025\/04\/rosa-vermelha_freepik.jpg","datePublished":"2025-04-25T16:54:53+00:00","dateModified":"2025-04-25T16:54:56+00:00","breadcrumb":{"@id":"https:\/\/jornalfatosenoticias.com.br\/index.php\/2025\/04\/25\/rosa-vermelha-ou-branca-pesquisa-revela-que-todas-as-rosas-um-dia-ja-foram-amarelas\/#breadcrumb"},"inLanguage":"pt-BR","potentialAction":[{"@type":"ReadAction","target":["https:\/\/jornalfatosenoticias.com.br\/index.php\/2025\/04\/25\/rosa-vermelha-ou-branca-pesquisa-revela-que-todas-as-rosas-um-dia-ja-foram-amarelas\/"]}]},{"@type":"ImageObject","inLanguage":"pt-BR","@id":"https:\/\/jornalfatosenoticias.com.br\/index.php\/2025\/04\/25\/rosa-vermelha-ou-branca-pesquisa-revela-que-todas-as-rosas-um-dia-ja-foram-amarelas\/#primaryimage","url":"https:\/\/jornalfatosenoticias.com.br\/wp-content\/uploads\/2025\/04\/rosa-vermelha_freepik.jpg","contentUrl":"https:\/\/jornalfatosenoticias.com.br\/wp-content\/uploads\/2025\/04\/rosa-vermelha_freepik.jpg","width":996,"height":664},{"@type":"BreadcrumbList","@id":"https:\/\/jornalfatosenoticias.com.br\/index.php\/2025\/04\/25\/rosa-vermelha-ou-branca-pesquisa-revela-que-todas-as-rosas-um-dia-ja-foram-amarelas\/#breadcrumb","itemListElement":[{"@type":"ListItem","position":1,"name":"In\u00edcio","item":"https:\/\/jornalfatosenoticias.com.br\/"},{"@type":"ListItem","position":2,"name":"Rosa, vermelha ou branca: pesquisa revela que todas as rosas um dia j\u00e1 foram amarelas"}]},{"@type":"WebSite","@id":"https:\/\/jornalfatosenoticias.com.br\/#website","url":"https:\/\/jornalfatosenoticias.com.br\/","name":"Jornal Fatos e Not\u00edcias","description":"Not\u00edcias em geral","publisher":{"@id":"https:\/\/jornalfatosenoticias.com.br\/#organization"},"potentialAction":[{"@type":"SearchAction","target":{"@type":"EntryPoint","urlTemplate":"https:\/\/jornalfatosenoticias.com.br\/?s={search_term_string}"},"query-input":{"@type":"PropertyValueSpecification","valueRequired":true,"valueName":"search_term_string"}}],"inLanguage":"pt-BR"},{"@type":"Organization","@id":"https:\/\/jornalfatosenoticias.com.br\/#organization","name":"Jornal Fatos e Not\u00edcias","url":"https:\/\/jornalfatosenoticias.com.br\/","logo":{"@type":"ImageObject","inLanguage":"pt-BR","@id":"https:\/\/jornalfatosenoticias.com.br\/#\/schema\/logo\/image\/","url":"https:\/\/jornalfatosenoticias.com.br\/wp-content\/uploads\/2020\/02\/logo120.png","contentUrl":"https:\/\/jornalfatosenoticias.com.br\/wp-content\/uploads\/2020\/02\/logo120.png","width":1227,"height":120,"caption":"Jornal Fatos e Not\u00edcias"},"image":{"@id":"https:\/\/jornalfatosenoticias.com.br\/#\/schema\/logo\/image\/"}},{"@type":"Person","@id":"https:\/\/jornalfatosenoticias.com.br\/#\/schema\/person\/d63837fa13ac8666eb9e74e0985d6f81","name":"Luzimara Fernandes","image":{"@type":"ImageObject","inLanguage":"pt-BR","@id":"https:\/\/jornalfatosenoticias.com.br\/#\/schema\/person\/image\/","url":"https:\/\/jornalfatosenoticias.com.br\/wp-content\/uploads\/2025\/05\/EU_portal.jpg","contentUrl":"https:\/\/jornalfatosenoticias.com.br\/wp-content\/uploads\/2025\/05\/EU_portal.jpg","caption":"Luzimara Fernandes"},"description":"Jornalista MTB 2358-ES","sameAs":["https:\/\/jornalfatosenoticias.com.br"],"url":"https:\/\/jornalfatosenoticias.com.br\/index.php\/author\/luzimara\/"}]}},"cc_featured_image_caption":{"caption_text":"(Foto: Freepik) ","source_text":"","source_url":""},"jetpack_featured_media_url":"https:\/\/jornalfatosenoticias.com.br\/wp-content\/uploads\/2025\/04\/rosa-vermelha_freepik.jpg","_links":{"self":[{"href":"https:\/\/jornalfatosenoticias.com.br\/index.php\/wp-json\/wp\/v2\/posts\/58787","targetHints":{"allow":["GET"]}}],"collection":[{"href":"https:\/\/jornalfatosenoticias.com.br\/index.php\/wp-json\/wp\/v2\/posts"}],"about":[{"href":"https:\/\/jornalfatosenoticias.com.br\/index.php\/wp-json\/wp\/v2\/types\/post"}],"author":[{"embeddable":true,"href":"https:\/\/jornalfatosenoticias.com.br\/index.php\/wp-json\/wp\/v2\/users\/2"}],"replies":[{"embeddable":true,"href":"https:\/\/jornalfatosenoticias.com.br\/index.php\/wp-json\/wp\/v2\/comments?post=58787"}],"version-history":[{"count":0,"href":"https:\/\/jornalfatosenoticias.com.br\/index.php\/wp-json\/wp\/v2\/posts\/58787\/revisions"}],"wp:featuredmedia":[{"embeddable":true,"href":"https:\/\/jornalfatosenoticias.com.br\/index.php\/wp-json\/wp\/v2\/media\/58789"}],"wp:attachment":[{"href":"https:\/\/jornalfatosenoticias.com.br\/index.php\/wp-json\/wp\/v2\/media?parent=58787"}],"wp:term":[{"taxonomy":"category","embeddable":true,"href":"https:\/\/jornalfatosenoticias.com.br\/index.php\/wp-json\/wp\/v2\/categories?post=58787"},{"taxonomy":"post_tag","embeddable":true,"href":"https:\/\/jornalfatosenoticias.com.br\/index.php\/wp-json\/wp\/v2\/tags?post=58787"}],"curies":[{"name":"wp","href":"https:\/\/api.w.org\/{rel}","templated":true}]}}