{"id":58801,"date":"2025-04-25T14:54:17","date_gmt":"2025-04-25T17:54:17","guid":{"rendered":"https:\/\/jornalfatosenoticias.com.br\/?p=58801"},"modified":"2025-04-25T14:54:19","modified_gmt":"2025-04-25T17:54:19","slug":"criancas-atipicas-como-saber-se-e-birra-ou-uma-crise-emocional","status":"publish","type":"post","link":"https:\/\/jornalfatosenoticias.com.br\/index.php\/2025\/04\/25\/criancas-atipicas-como-saber-se-e-birra-ou-uma-crise-emocional\/","title":{"rendered":"Crian\u00e7as at\u00edpicas: como saber se \u00e9 birra ou uma crise emocional?"},"content":{"rendered":"\n<p><span class=\"has-inline-color has-black-color\"><em>Orientadora parental explica como identificar crises e como agir nessas situa\u00e7\u00f5es<\/em><\/span><\/p>\n\n\n\n<div class=\"wp-block-image\"><figure class=\"aligncenter size-large\"><a href=\"https:\/\/mizu.com.br\/\"><img loading=\"lazy\" decoding=\"async\" width=\"729\" height=\"90\" src=\"https:\/\/jornalfatosenoticias.com.br\/wp-content\/uploads\/2020\/02\/Logo_Mizu.png\" alt=\"\" class=\"wp-image-1441\" srcset=\"https:\/\/jornalfatosenoticias.com.br\/wp-content\/uploads\/2020\/02\/Logo_Mizu.png 729w, https:\/\/jornalfatosenoticias.com.br\/wp-content\/uploads\/2020\/02\/Logo_Mizu-300x37.png 300w\" sizes=\"auto, (max-width: 729px) 100vw, 729px\" \/><\/a><\/figure><\/div>\n\n\n\n<p>A cria\u00e7\u00e3o de <a href=\"https:\/\/cangurunews.com.br\/os-desafios-da-parentalidade-atipica\/\">filhos neurodivergentes<\/a> traz muitos desafios para as fam\u00edlias que, muitas vezes, ficam sem saber como lidar com as diferentes situa\u00e7\u00f5es que surgem no dia a dia. Andreia Rossi, orientadora parental e especialista em Transtorno Opositor Desafiador (TOD), explica que quando as crian\u00e7as at\u00edpicas s\u00e3o expostas a determinados est\u00edmulos sensoriais e n\u00e3o sabem lidar com eles, pode surgir uma crise. Mudan\u00e7as inesperada de rotina tamb\u00e9m costumam trazer sofrimento. Segundo Andreia, o term\u00f4metro para saber se a crian\u00e7a est\u00e1 em uma crise ou se trata de uma birra \u00e9 o preju\u00edzo que a crian\u00e7a sofre.<\/p>\n\n\n\n<div class=\"wp-block-image\"><figure class=\"aligncenter size-large\"><a href=\"https:\/\/www.cesconetto.com.br\/\"><img loading=\"lazy\" decoding=\"async\" width=\"300\" height=\"250\" src=\"https:\/\/jornalfatosenoticias.com.br\/wp-content\/uploads\/2022\/02\/Banner-2.png\" alt=\"\" class=\"wp-image-27877\"\/><\/a><\/figure><\/div>\n\n\n\n<blockquote class=\"wp-block-quote is-layout-flow wp-block-quote-is-layout-flow\"><p><span class=\"has-inline-color has-luminous-vivid-orange-color\">As rea\u00e7\u00f5es n\u00e3o s\u00e3o propositais, mas sim uma resposta que demonstra que a crian\u00e7a n\u00e3o sabe lidar com aqueles fatos. Por isso bater ou deixar de castigo n\u00e3o vai resolver, e ainda pode piorar a situa\u00e7\u00e3o, fazendo com que os jovens at\u00edpicos sintam vergonha, ansiedade, medo e ressentimento\u201d, relata a orientadora parental.<\/span><\/p><\/blockquote>\n\n\n\n<div class=\"wp-block-image\"><figure class=\"aligncenter size-large is-resized\"><a href=\"https:\/\/hotelmarquetti.com.br\/\"><img loading=\"lazy\" decoding=\"async\" src=\"https:\/\/jornalfatosenoticias.com.br\/wp-content\/uploads\/2020\/02\/LOGO-MQ-1024x680.jpg\" alt=\"\" class=\"wp-image-58299\" width=\"337\" height=\"224\" srcset=\"https:\/\/jornalfatosenoticias.com.br\/wp-content\/uploads\/2020\/02\/LOGO-MQ-1024x680.jpg 1024w, https:\/\/jornalfatosenoticias.com.br\/wp-content\/uploads\/2020\/02\/LOGO-MQ-300x199.jpg 300w, https:\/\/jornalfatosenoticias.com.br\/wp-content\/uploads\/2020\/02\/LOGO-MQ-768x510.jpg 768w, https:\/\/jornalfatosenoticias.com.br\/wp-content\/uploads\/2020\/02\/LOGO-MQ-1536x1020.jpg 1536w, https:\/\/jornalfatosenoticias.com.br\/wp-content\/uploads\/2020\/02\/LOGO-MQ-2048x1360.jpg 2048w\" sizes=\"auto, (max-width: 337px) 100vw, 337px\" \/><\/a><\/figure><\/div>\n\n\n\n<p>Ela diz que se os pais utilizam estrat\u00e9gias de forma assertiva, acolhedora e respeitosa e promovem um ambiente seguro para a crian\u00e7a expressar as emo\u00e7\u00f5es, mas a crian\u00e7a n\u00e3o d\u00e1 conta e mostra que est\u00e1 com dificuldade, \u00e9 necess\u00e1rio usar muita estrat\u00e9gia e criatividade para dar suporte necess\u00e1rio. E acrescenta, \u201cn\u00e3o \u00e9 fazer mais do mesmo ou o que todo mundo faz. \u00c9 fazer o que precisa ser feito para essa crian\u00e7a e entender que ela est\u00e1 em crise e n\u00e3o consegue se regular\u201d.<\/p>\n\n\n\n<div class=\"wp-block-image\"><figure class=\"aligncenter size-large is-resized\"><a href=\"https:\/\/www.legisjuris.com.br\/\"><img loading=\"lazy\" decoding=\"async\" src=\"https:\/\/jornalfatosenoticias.com.br\/wp-content\/uploads\/2024\/09\/Legis-Juris-Consultoria_logo.jpg\" alt=\"\" class=\"wp-image-53915\" width=\"468\" height=\"196\" srcset=\"https:\/\/jornalfatosenoticias.com.br\/wp-content\/uploads\/2024\/09\/Legis-Juris-Consultoria_logo.jpg 969w, https:\/\/jornalfatosenoticias.com.br\/wp-content\/uploads\/2024\/09\/Legis-Juris-Consultoria_logo-300x126.jpg 300w, https:\/\/jornalfatosenoticias.com.br\/wp-content\/uploads\/2024\/09\/Legis-Juris-Consultoria_logo-768x322.jpg 768w\" sizes=\"auto, (max-width: 468px) 100vw, 468px\" \/><\/a><\/figure><\/div>\n\n\n\n<p>Andreia lembra que a crise \u00e9 diferente da birra, comportamento originado de algum descontentamento, geralmente acompanhado de choros e gritos, sendo intencional e usado para conseguir algo que lhe foi negado. Nestes casos, a especialista sugere orientar e redirecionar a crian\u00e7a. <\/p>\n\n\n\n<div class=\"wp-block-image\"><figure class=\"aligncenter size-large is-resized\"><a href=\"https:\/\/www.instagram.com\/esteiochurrascaria\/\"><img loading=\"lazy\" decoding=\"async\" src=\"https:\/\/jornalfatosenoticias.com.br\/wp-content\/uploads\/2022\/02\/LOGO-ESTEIO-1024x730.png\" alt=\"\" class=\"wp-image-27942\" width=\"370\" height=\"264\" srcset=\"https:\/\/jornalfatosenoticias.com.br\/wp-content\/uploads\/2022\/02\/LOGO-ESTEIO-1024x730.png 1024w, https:\/\/jornalfatosenoticias.com.br\/wp-content\/uploads\/2022\/02\/LOGO-ESTEIO-300x214.png 300w, https:\/\/jornalfatosenoticias.com.br\/wp-content\/uploads\/2022\/02\/LOGO-ESTEIO-768x548.png 768w, https:\/\/jornalfatosenoticias.com.br\/wp-content\/uploads\/2022\/02\/LOGO-ESTEIO.png 1123w\" sizes=\"auto, (max-width: 370px) 100vw, 370px\" \/><\/a><\/figure><\/div>\n\n\n\n<blockquote class=\"wp-block-quote is-layout-flow wp-block-quote-is-layout-flow\"><p><span class=\"has-inline-color has-luminous-vivid-orange-color\">Ela pode at\u00e9 persistir um pouco mais, mas quando consegue se conectar com o que precisa ser feito de fato, ela tem uma resposta mais assertiva, mais r\u00e1pida. O que \u00e9 diferente no neurodivergente que, \u00e0s vezes, leva tr\u00eas, quatro horas para se organizar\u201d, explica.<\/span><\/p><\/blockquote>\n\n\n\n<div class=\"wp-block-image\"><figure class=\"aligncenter size-large is-resized\"><a href=\"https:\/\/www.controlsystems.com.br\/\"><img loading=\"lazy\" decoding=\"async\" src=\"https:\/\/jornalfatosenoticias.com.br\/wp-content\/uploads\/2020\/02\/CONTROL-CS.jpg\" alt=\"\" class=\"wp-image-44991\" width=\"250\" height=\"300\" srcset=\"https:\/\/jornalfatosenoticias.com.br\/wp-content\/uploads\/2020\/02\/CONTROL-CS.jpg 834w, https:\/\/jornalfatosenoticias.com.br\/wp-content\/uploads\/2020\/02\/CONTROL-CS-250x300.jpg 250w, https:\/\/jornalfatosenoticias.com.br\/wp-content\/uploads\/2020\/02\/CONTROL-CS-768x921.jpg 768w\" sizes=\"auto, (max-width: 250px) 100vw, 250px\" \/><\/a><\/figure><\/div>\n\n\n\n<p>Nessas horas, \u00e9 importante refor\u00e7ar o amor, mas tamb\u00e9m estabelecer limites claros, remodelando o comportamento, lembrando \u00e0 crian\u00e7a que aquela atitude n\u00e3o \u00e9 aceita. \u201cMe refiro a um lugar de reciprocidade e colabora\u00e7\u00e3o, n\u00e3o de obedi\u00eancia. Em alguns momentos, precisamos ser firmes. E quando isso acontece n\u00e3o \u00e9 a obedi\u00eancia que vem, mas a frustra\u00e7\u00e3o. Surge ent\u00e3o uma desregula\u00e7\u00e3o emocional e \u00e9 nessa hora que temos de redirecionar. O grande lance da afetividade \u00e9 ser um corregulador\u201d.<\/p>\n\n\n\n<div class=\"wp-block-image\"><figure class=\"aligncenter size-large is-resized\"><a href=\"https:\/\/panper.com.br\/\"><img loading=\"lazy\" decoding=\"async\" src=\"https:\/\/jornalfatosenoticias.com.br\/wp-content\/uploads\/2023\/03\/logo-Panper_portal.jpg\" alt=\"\" class=\"wp-image-40208\" width=\"349\" height=\"242\" srcset=\"https:\/\/jornalfatosenoticias.com.br\/wp-content\/uploads\/2023\/03\/logo-Panper_portal.jpg 400w, https:\/\/jornalfatosenoticias.com.br\/wp-content\/uploads\/2023\/03\/logo-Panper_portal-300x208.jpg 300w\" sizes=\"auto, (max-width: 349px) 100vw, 349px\" \/><\/a><\/figure><\/div>\n\n\n\n<p>Por isso, pais at\u00edpicos precisam de apoio e conhecimento sobre a realidade que vivem. Sem informa\u00e7\u00e3o, \u00e9 f\u00e1cil cair na armadilha dos julgamentos e acreditar que a crian\u00e7a est\u00e1 apenas sendo desobediente. O olhar informado ajuda a evitar medidas inadequadas, como castigos ou corretivos, que apenas aumentam o sofrimento e n\u00e3o ensinam a crian\u00e7a a se regular emocionalmente. Para a especialista, buscar ajuda profissional \u00e9 imprescind\u00edvel para compreender todo o processo e ajudar a diminuir epis\u00f3dios e a intensidade das crises e assim, contribuir para uma melhor qualidade de vida do indiv\u00edduo.<\/p>\n\n\n\n<div class=\"wp-block-image\"><figure class=\"aligncenter size-large is-resized\"><a href=\"https:\/\/www.instagram.com\/serra4x4cambioautomatico\/\"><img loading=\"lazy\" decoding=\"async\" src=\"https:\/\/jornalfatosenoticias.com.br\/wp-content\/uploads\/2024\/08\/Serra-4x4-1-886x1024.jpg\" alt=\"\" class=\"wp-image-53632\" width=\"269\" height=\"311\" srcset=\"https:\/\/jornalfatosenoticias.com.br\/wp-content\/uploads\/2024\/08\/Serra-4x4-1-886x1024.jpg 886w, https:\/\/jornalfatosenoticias.com.br\/wp-content\/uploads\/2024\/08\/Serra-4x4-1-260x300.jpg 260w, https:\/\/jornalfatosenoticias.com.br\/wp-content\/uploads\/2024\/08\/Serra-4x4-1-768x888.jpg 768w, https:\/\/jornalfatosenoticias.com.br\/wp-content\/uploads\/2024\/08\/Serra-4x4-1.jpg 1181w\" sizes=\"auto, (max-width: 269px) 100vw, 269px\" \/><\/a><\/figure><\/div>\n\n\n\n<p><strong>Fonte: <a href=\"https:\/\/cangurunews.com.br\/criancas-atipicas-como-saber-se-e-birra-ou-uma-crise-emocional\/\">Canguru News<\/a><\/strong><\/p>\n","protected":false},"excerpt":{"rendered":"<p>Orientadora parental explica como identificar crises e como agir nessas situa\u00e7\u00f5es A cria\u00e7\u00e3o de filhos neurodivergentes traz muitos desafios para as fam\u00edlias que, muitas vezes, ficam sem saber como lidar com as diferentes situa\u00e7\u00f5es que surgem no dia a dia. Andreia Rossi, orientadora parental e especialista em Transtorno Opositor Desafiador (TOD), explica que quando as [&hellip;]<\/p>\n","protected":false},"author":2,"featured_media":58802,"comment_status":"open","ping_status":"open","sticky":false,"template":"","format":"standard","meta":{"footnotes":""},"categories":[2522,7],"tags":[6795,26831,26832,25649,26830,5096,26833,3727,26829],"class_list":["post-58801","post","type-post","status-publish","format-standard","has-post-thumbnail","hentry","category-comportamento","category-educacao","tag-birra","tag-criancas-atipicas","tag-crise-emocional","tag-crises","tag-desregulacao-emocional","tag-emocoes","tag-filhos-neurodivergentes","tag-frustracao","tag-pais-atipicos"],"yoast_head":"<!-- This site is optimized with the Yoast SEO plugin v26.5 - https:\/\/yoast.com\/wordpress\/plugins\/seo\/ -->\n<title>Crian\u00e7as at\u00edpicas: como saber se \u00e9 birra ou uma crise emocional? - Jornal Fatos e Not\u00edcias<\/title>\n<meta name=\"robots\" content=\"index, follow, max-snippet:-1, max-image-preview:large, max-video-preview:-1\" \/>\n<link rel=\"canonical\" href=\"https:\/\/jornalfatosenoticias.com.br\/index.php\/2025\/04\/25\/criancas-atipicas-como-saber-se-e-birra-ou-uma-crise-emocional\/\" \/>\n<meta property=\"og:locale\" content=\"pt_BR\" \/>\n<meta property=\"og:type\" content=\"article\" \/>\n<meta property=\"og:title\" content=\"Crian\u00e7as at\u00edpicas: como saber se \u00e9 birra ou uma crise emocional? - Jornal Fatos e Not\u00edcias\" \/>\n<meta property=\"og:description\" content=\"Orientadora parental explica como identificar crises e como agir nessas situa\u00e7\u00f5es A cria\u00e7\u00e3o de filhos neurodivergentes traz muitos desafios para as fam\u00edlias que, muitas vezes, ficam sem saber como lidar com as diferentes situa\u00e7\u00f5es que surgem no dia a dia. Andreia Rossi, orientadora parental e especialista em Transtorno Opositor Desafiador (TOD), explica que quando as [&hellip;]\" \/>\n<meta property=\"og:url\" content=\"https:\/\/jornalfatosenoticias.com.br\/index.php\/2025\/04\/25\/criancas-atipicas-como-saber-se-e-birra-ou-uma-crise-emocional\/\" \/>\n<meta property=\"og:site_name\" content=\"Jornal Fatos e Not\u00edcias\" \/>\n<meta property=\"article:published_time\" content=\"2025-04-25T17:54:17+00:00\" \/>\n<meta property=\"article:modified_time\" content=\"2025-04-25T17:54:19+00:00\" \/>\n<meta property=\"og:image\" content=\"https:\/\/jornalfatosenoticias.com.br\/wp-content\/uploads\/2025\/04\/crianca-atipica_freepik.jpg\" \/>\n\t<meta property=\"og:image:width\" content=\"1000\" \/>\n\t<meta property=\"og:image:height\" content=\"667\" \/>\n\t<meta property=\"og:image:type\" content=\"image\/jpeg\" \/>\n<meta name=\"author\" content=\"Luzimara Fernandes\" \/>\n<meta name=\"twitter:card\" content=\"summary_large_image\" \/>\n<meta name=\"twitter:label1\" content=\"Escrito por\" \/>\n\t<meta name=\"twitter:data1\" content=\"Luzimara Fernandes\" \/>\n\t<meta name=\"twitter:label2\" content=\"Est. tempo de leitura\" \/>\n\t<meta name=\"twitter:data2\" content=\"3 minutos\" \/>\n<script type=\"application\/ld+json\" class=\"yoast-schema-graph\">{\"@context\":\"https:\/\/schema.org\",\"@graph\":[{\"@type\":\"Article\",\"@id\":\"https:\/\/jornalfatosenoticias.com.br\/index.php\/2025\/04\/25\/criancas-atipicas-como-saber-se-e-birra-ou-uma-crise-emocional\/#article\",\"isPartOf\":{\"@id\":\"https:\/\/jornalfatosenoticias.com.br\/index.php\/2025\/04\/25\/criancas-atipicas-como-saber-se-e-birra-ou-uma-crise-emocional\/\"},\"author\":{\"name\":\"Luzimara Fernandes\",\"@id\":\"https:\/\/jornalfatosenoticias.com.br\/#\/schema\/person\/d63837fa13ac8666eb9e74e0985d6f81\"},\"headline\":\"Crian\u00e7as at\u00edpicas: como saber se \u00e9 birra ou uma crise emocional?\",\"datePublished\":\"2025-04-25T17:54:17+00:00\",\"dateModified\":\"2025-04-25T17:54:19+00:00\",\"mainEntityOfPage\":{\"@id\":\"https:\/\/jornalfatosenoticias.com.br\/index.php\/2025\/04\/25\/criancas-atipicas-como-saber-se-e-birra-ou-uma-crise-emocional\/\"},\"wordCount\":557,\"commentCount\":0,\"publisher\":{\"@id\":\"https:\/\/jornalfatosenoticias.com.br\/#organization\"},\"image\":{\"@id\":\"https:\/\/jornalfatosenoticias.com.br\/index.php\/2025\/04\/25\/criancas-atipicas-como-saber-se-e-birra-ou-uma-crise-emocional\/#primaryimage\"},\"thumbnailUrl\":\"https:\/\/jornalfatosenoticias.com.br\/wp-content\/uploads\/2025\/04\/crianca-atipica_freepik.jpg\",\"keywords\":[\"birra\",\"crian\u00e7as at\u00edpicas\",\"crise emocional\",\"crises\",\"desregula\u00e7\u00e3o emocional\",\"emo\u00e7\u00f5es\",\"filhos neurodivergentes\",\"frustra\u00e7\u00e3o\",\"pais at\u00edpicos\"],\"articleSection\":[\"Comportamento &amp; Equil\u00edbrio\",\"Educa\u00e7\u00e3o\"],\"inLanguage\":\"pt-BR\",\"potentialAction\":[{\"@type\":\"CommentAction\",\"name\":\"Comment\",\"target\":[\"https:\/\/jornalfatosenoticias.com.br\/index.php\/2025\/04\/25\/criancas-atipicas-como-saber-se-e-birra-ou-uma-crise-emocional\/#respond\"]}]},{\"@type\":\"WebPage\",\"@id\":\"https:\/\/jornalfatosenoticias.com.br\/index.php\/2025\/04\/25\/criancas-atipicas-como-saber-se-e-birra-ou-uma-crise-emocional\/\",\"url\":\"https:\/\/jornalfatosenoticias.com.br\/index.php\/2025\/04\/25\/criancas-atipicas-como-saber-se-e-birra-ou-uma-crise-emocional\/\",\"name\":\"Crian\u00e7as at\u00edpicas: como saber se \u00e9 birra ou uma crise emocional? - Jornal Fatos e Not\u00edcias\",\"isPartOf\":{\"@id\":\"https:\/\/jornalfatosenoticias.com.br\/#website\"},\"primaryImageOfPage\":{\"@id\":\"https:\/\/jornalfatosenoticias.com.br\/index.php\/2025\/04\/25\/criancas-atipicas-como-saber-se-e-birra-ou-uma-crise-emocional\/#primaryimage\"},\"image\":{\"@id\":\"https:\/\/jornalfatosenoticias.com.br\/index.php\/2025\/04\/25\/criancas-atipicas-como-saber-se-e-birra-ou-uma-crise-emocional\/#primaryimage\"},\"thumbnailUrl\":\"https:\/\/jornalfatosenoticias.com.br\/wp-content\/uploads\/2025\/04\/crianca-atipica_freepik.jpg\",\"datePublished\":\"2025-04-25T17:54:17+00:00\",\"dateModified\":\"2025-04-25T17:54:19+00:00\",\"breadcrumb\":{\"@id\":\"https:\/\/jornalfatosenoticias.com.br\/index.php\/2025\/04\/25\/criancas-atipicas-como-saber-se-e-birra-ou-uma-crise-emocional\/#breadcrumb\"},\"inLanguage\":\"pt-BR\",\"potentialAction\":[{\"@type\":\"ReadAction\",\"target\":[\"https:\/\/jornalfatosenoticias.com.br\/index.php\/2025\/04\/25\/criancas-atipicas-como-saber-se-e-birra-ou-uma-crise-emocional\/\"]}]},{\"@type\":\"ImageObject\",\"inLanguage\":\"pt-BR\",\"@id\":\"https:\/\/jornalfatosenoticias.com.br\/index.php\/2025\/04\/25\/criancas-atipicas-como-saber-se-e-birra-ou-uma-crise-emocional\/#primaryimage\",\"url\":\"https:\/\/jornalfatosenoticias.com.br\/wp-content\/uploads\/2025\/04\/crianca-atipica_freepik.jpg\",\"contentUrl\":\"https:\/\/jornalfatosenoticias.com.br\/wp-content\/uploads\/2025\/04\/crianca-atipica_freepik.jpg\",\"width\":1000,\"height\":667},{\"@type\":\"BreadcrumbList\",\"@id\":\"https:\/\/jornalfatosenoticias.com.br\/index.php\/2025\/04\/25\/criancas-atipicas-como-saber-se-e-birra-ou-uma-crise-emocional\/#breadcrumb\",\"itemListElement\":[{\"@type\":\"ListItem\",\"position\":1,\"name\":\"In\u00edcio\",\"item\":\"https:\/\/jornalfatosenoticias.com.br\/\"},{\"@type\":\"ListItem\",\"position\":2,\"name\":\"Crian\u00e7as at\u00edpicas: como saber se \u00e9 birra ou uma crise emocional?\"}]},{\"@type\":\"WebSite\",\"@id\":\"https:\/\/jornalfatosenoticias.com.br\/#website\",\"url\":\"https:\/\/jornalfatosenoticias.com.br\/\",\"name\":\"Jornal Fatos e Not\u00edcias\",\"description\":\"Not\u00edcias em geral\",\"publisher\":{\"@id\":\"https:\/\/jornalfatosenoticias.com.br\/#organization\"},\"potentialAction\":[{\"@type\":\"SearchAction\",\"target\":{\"@type\":\"EntryPoint\",\"urlTemplate\":\"https:\/\/jornalfatosenoticias.com.br\/?s={search_term_string}\"},\"query-input\":{\"@type\":\"PropertyValueSpecification\",\"valueRequired\":true,\"valueName\":\"search_term_string\"}}],\"inLanguage\":\"pt-BR\"},{\"@type\":\"Organization\",\"@id\":\"https:\/\/jornalfatosenoticias.com.br\/#organization\",\"name\":\"Jornal Fatos e Not\u00edcias\",\"url\":\"https:\/\/jornalfatosenoticias.com.br\/\",\"logo\":{\"@type\":\"ImageObject\",\"inLanguage\":\"pt-BR\",\"@id\":\"https:\/\/jornalfatosenoticias.com.br\/#\/schema\/logo\/image\/\",\"url\":\"https:\/\/jornalfatosenoticias.com.br\/wp-content\/uploads\/2020\/02\/logo120.png\",\"contentUrl\":\"https:\/\/jornalfatosenoticias.com.br\/wp-content\/uploads\/2020\/02\/logo120.png\",\"width\":1227,\"height\":120,\"caption\":\"Jornal Fatos e Not\u00edcias\"},\"image\":{\"@id\":\"https:\/\/jornalfatosenoticias.com.br\/#\/schema\/logo\/image\/\"}},{\"@type\":\"Person\",\"@id\":\"https:\/\/jornalfatosenoticias.com.br\/#\/schema\/person\/d63837fa13ac8666eb9e74e0985d6f81\",\"name\":\"Luzimara Fernandes\",\"image\":{\"@type\":\"ImageObject\",\"inLanguage\":\"pt-BR\",\"@id\":\"https:\/\/jornalfatosenoticias.com.br\/#\/schema\/person\/image\/\",\"url\":\"https:\/\/jornalfatosenoticias.com.br\/wp-content\/uploads\/2025\/05\/EU_portal.jpg\",\"contentUrl\":\"https:\/\/jornalfatosenoticias.com.br\/wp-content\/uploads\/2025\/05\/EU_portal.jpg\",\"caption\":\"Luzimara Fernandes\"},\"description\":\"Jornalista MTB 2358-ES\",\"sameAs\":[\"https:\/\/jornalfatosenoticias.com.br\"],\"url\":\"https:\/\/jornalfatosenoticias.com.br\/index.php\/author\/luzimara\/\"}]}<\/script>\n<!-- \/ Yoast SEO plugin. -->","yoast_head_json":{"title":"Crian\u00e7as at\u00edpicas: como saber se \u00e9 birra ou uma crise emocional? - Jornal Fatos e Not\u00edcias","robots":{"index":"index","follow":"follow","max-snippet":"max-snippet:-1","max-image-preview":"max-image-preview:large","max-video-preview":"max-video-preview:-1"},"canonical":"https:\/\/jornalfatosenoticias.com.br\/index.php\/2025\/04\/25\/criancas-atipicas-como-saber-se-e-birra-ou-uma-crise-emocional\/","og_locale":"pt_BR","og_type":"article","og_title":"Crian\u00e7as at\u00edpicas: como saber se \u00e9 birra ou uma crise emocional? - Jornal Fatos e Not\u00edcias","og_description":"Orientadora parental explica como identificar crises e como agir nessas situa\u00e7\u00f5es A cria\u00e7\u00e3o de filhos neurodivergentes traz muitos desafios para as fam\u00edlias que, muitas vezes, ficam sem saber como lidar com as diferentes situa\u00e7\u00f5es que surgem no dia a dia. Andreia Rossi, orientadora parental e especialista em Transtorno Opositor Desafiador (TOD), explica que quando as [&hellip;]","og_url":"https:\/\/jornalfatosenoticias.com.br\/index.php\/2025\/04\/25\/criancas-atipicas-como-saber-se-e-birra-ou-uma-crise-emocional\/","og_site_name":"Jornal Fatos e Not\u00edcias","article_published_time":"2025-04-25T17:54:17+00:00","article_modified_time":"2025-04-25T17:54:19+00:00","og_image":[{"width":1000,"height":667,"url":"https:\/\/jornalfatosenoticias.com.br\/wp-content\/uploads\/2025\/04\/crianca-atipica_freepik.jpg","type":"image\/jpeg"}],"author":"Luzimara Fernandes","twitter_card":"summary_large_image","twitter_misc":{"Escrito por":"Luzimara Fernandes","Est. tempo de leitura":"3 minutos"},"schema":{"@context":"https:\/\/schema.org","@graph":[{"@type":"Article","@id":"https:\/\/jornalfatosenoticias.com.br\/index.php\/2025\/04\/25\/criancas-atipicas-como-saber-se-e-birra-ou-uma-crise-emocional\/#article","isPartOf":{"@id":"https:\/\/jornalfatosenoticias.com.br\/index.php\/2025\/04\/25\/criancas-atipicas-como-saber-se-e-birra-ou-uma-crise-emocional\/"},"author":{"name":"Luzimara Fernandes","@id":"https:\/\/jornalfatosenoticias.com.br\/#\/schema\/person\/d63837fa13ac8666eb9e74e0985d6f81"},"headline":"Crian\u00e7as at\u00edpicas: como saber se \u00e9 birra ou uma crise emocional?","datePublished":"2025-04-25T17:54:17+00:00","dateModified":"2025-04-25T17:54:19+00:00","mainEntityOfPage":{"@id":"https:\/\/jornalfatosenoticias.com.br\/index.php\/2025\/04\/25\/criancas-atipicas-como-saber-se-e-birra-ou-uma-crise-emocional\/"},"wordCount":557,"commentCount":0,"publisher":{"@id":"https:\/\/jornalfatosenoticias.com.br\/#organization"},"image":{"@id":"https:\/\/jornalfatosenoticias.com.br\/index.php\/2025\/04\/25\/criancas-atipicas-como-saber-se-e-birra-ou-uma-crise-emocional\/#primaryimage"},"thumbnailUrl":"https:\/\/jornalfatosenoticias.com.br\/wp-content\/uploads\/2025\/04\/crianca-atipica_freepik.jpg","keywords":["birra","crian\u00e7as at\u00edpicas","crise emocional","crises","desregula\u00e7\u00e3o emocional","emo\u00e7\u00f5es","filhos neurodivergentes","frustra\u00e7\u00e3o","pais at\u00edpicos"],"articleSection":["Comportamento &amp; Equil\u00edbrio","Educa\u00e7\u00e3o"],"inLanguage":"pt-BR","potentialAction":[{"@type":"CommentAction","name":"Comment","target":["https:\/\/jornalfatosenoticias.com.br\/index.php\/2025\/04\/25\/criancas-atipicas-como-saber-se-e-birra-ou-uma-crise-emocional\/#respond"]}]},{"@type":"WebPage","@id":"https:\/\/jornalfatosenoticias.com.br\/index.php\/2025\/04\/25\/criancas-atipicas-como-saber-se-e-birra-ou-uma-crise-emocional\/","url":"https:\/\/jornalfatosenoticias.com.br\/index.php\/2025\/04\/25\/criancas-atipicas-como-saber-se-e-birra-ou-uma-crise-emocional\/","name":"Crian\u00e7as at\u00edpicas: como saber se \u00e9 birra ou uma crise emocional? - Jornal Fatos e Not\u00edcias","isPartOf":{"@id":"https:\/\/jornalfatosenoticias.com.br\/#website"},"primaryImageOfPage":{"@id":"https:\/\/jornalfatosenoticias.com.br\/index.php\/2025\/04\/25\/criancas-atipicas-como-saber-se-e-birra-ou-uma-crise-emocional\/#primaryimage"},"image":{"@id":"https:\/\/jornalfatosenoticias.com.br\/index.php\/2025\/04\/25\/criancas-atipicas-como-saber-se-e-birra-ou-uma-crise-emocional\/#primaryimage"},"thumbnailUrl":"https:\/\/jornalfatosenoticias.com.br\/wp-content\/uploads\/2025\/04\/crianca-atipica_freepik.jpg","datePublished":"2025-04-25T17:54:17+00:00","dateModified":"2025-04-25T17:54:19+00:00","breadcrumb":{"@id":"https:\/\/jornalfatosenoticias.com.br\/index.php\/2025\/04\/25\/criancas-atipicas-como-saber-se-e-birra-ou-uma-crise-emocional\/#breadcrumb"},"inLanguage":"pt-BR","potentialAction":[{"@type":"ReadAction","target":["https:\/\/jornalfatosenoticias.com.br\/index.php\/2025\/04\/25\/criancas-atipicas-como-saber-se-e-birra-ou-uma-crise-emocional\/"]}]},{"@type":"ImageObject","inLanguage":"pt-BR","@id":"https:\/\/jornalfatosenoticias.com.br\/index.php\/2025\/04\/25\/criancas-atipicas-como-saber-se-e-birra-ou-uma-crise-emocional\/#primaryimage","url":"https:\/\/jornalfatosenoticias.com.br\/wp-content\/uploads\/2025\/04\/crianca-atipica_freepik.jpg","contentUrl":"https:\/\/jornalfatosenoticias.com.br\/wp-content\/uploads\/2025\/04\/crianca-atipica_freepik.jpg","width":1000,"height":667},{"@type":"BreadcrumbList","@id":"https:\/\/jornalfatosenoticias.com.br\/index.php\/2025\/04\/25\/criancas-atipicas-como-saber-se-e-birra-ou-uma-crise-emocional\/#breadcrumb","itemListElement":[{"@type":"ListItem","position":1,"name":"In\u00edcio","item":"https:\/\/jornalfatosenoticias.com.br\/"},{"@type":"ListItem","position":2,"name":"Crian\u00e7as at\u00edpicas: como saber se \u00e9 birra ou uma crise emocional?"}]},{"@type":"WebSite","@id":"https:\/\/jornalfatosenoticias.com.br\/#website","url":"https:\/\/jornalfatosenoticias.com.br\/","name":"Jornal Fatos e Not\u00edcias","description":"Not\u00edcias em geral","publisher":{"@id":"https:\/\/jornalfatosenoticias.com.br\/#organization"},"potentialAction":[{"@type":"SearchAction","target":{"@type":"EntryPoint","urlTemplate":"https:\/\/jornalfatosenoticias.com.br\/?s={search_term_string}"},"query-input":{"@type":"PropertyValueSpecification","valueRequired":true,"valueName":"search_term_string"}}],"inLanguage":"pt-BR"},{"@type":"Organization","@id":"https:\/\/jornalfatosenoticias.com.br\/#organization","name":"Jornal Fatos e Not\u00edcias","url":"https:\/\/jornalfatosenoticias.com.br\/","logo":{"@type":"ImageObject","inLanguage":"pt-BR","@id":"https:\/\/jornalfatosenoticias.com.br\/#\/schema\/logo\/image\/","url":"https:\/\/jornalfatosenoticias.com.br\/wp-content\/uploads\/2020\/02\/logo120.png","contentUrl":"https:\/\/jornalfatosenoticias.com.br\/wp-content\/uploads\/2020\/02\/logo120.png","width":1227,"height":120,"caption":"Jornal Fatos e Not\u00edcias"},"image":{"@id":"https:\/\/jornalfatosenoticias.com.br\/#\/schema\/logo\/image\/"}},{"@type":"Person","@id":"https:\/\/jornalfatosenoticias.com.br\/#\/schema\/person\/d63837fa13ac8666eb9e74e0985d6f81","name":"Luzimara Fernandes","image":{"@type":"ImageObject","inLanguage":"pt-BR","@id":"https:\/\/jornalfatosenoticias.com.br\/#\/schema\/person\/image\/","url":"https:\/\/jornalfatosenoticias.com.br\/wp-content\/uploads\/2025\/05\/EU_portal.jpg","contentUrl":"https:\/\/jornalfatosenoticias.com.br\/wp-content\/uploads\/2025\/05\/EU_portal.jpg","caption":"Luzimara Fernandes"},"description":"Jornalista MTB 2358-ES","sameAs":["https:\/\/jornalfatosenoticias.com.br"],"url":"https:\/\/jornalfatosenoticias.com.br\/index.php\/author\/luzimara\/"}]}},"cc_featured_image_caption":{"caption_text":"(Foto: Freepik)","source_text":"","source_url":""},"jetpack_featured_media_url":"https:\/\/jornalfatosenoticias.com.br\/wp-content\/uploads\/2025\/04\/crianca-atipica_freepik.jpg","_links":{"self":[{"href":"https:\/\/jornalfatosenoticias.com.br\/index.php\/wp-json\/wp\/v2\/posts\/58801","targetHints":{"allow":["GET"]}}],"collection":[{"href":"https:\/\/jornalfatosenoticias.com.br\/index.php\/wp-json\/wp\/v2\/posts"}],"about":[{"href":"https:\/\/jornalfatosenoticias.com.br\/index.php\/wp-json\/wp\/v2\/types\/post"}],"author":[{"embeddable":true,"href":"https:\/\/jornalfatosenoticias.com.br\/index.php\/wp-json\/wp\/v2\/users\/2"}],"replies":[{"embeddable":true,"href":"https:\/\/jornalfatosenoticias.com.br\/index.php\/wp-json\/wp\/v2\/comments?post=58801"}],"version-history":[{"count":0,"href":"https:\/\/jornalfatosenoticias.com.br\/index.php\/wp-json\/wp\/v2\/posts\/58801\/revisions"}],"wp:featuredmedia":[{"embeddable":true,"href":"https:\/\/jornalfatosenoticias.com.br\/index.php\/wp-json\/wp\/v2\/media\/58802"}],"wp:attachment":[{"href":"https:\/\/jornalfatosenoticias.com.br\/index.php\/wp-json\/wp\/v2\/media?parent=58801"}],"wp:term":[{"taxonomy":"category","embeddable":true,"href":"https:\/\/jornalfatosenoticias.com.br\/index.php\/wp-json\/wp\/v2\/categories?post=58801"},{"taxonomy":"post_tag","embeddable":true,"href":"https:\/\/jornalfatosenoticias.com.br\/index.php\/wp-json\/wp\/v2\/tags?post=58801"}],"curies":[{"name":"wp","href":"https:\/\/api.w.org\/{rel}","templated":true}]}}