{"id":58811,"date":"2025-04-29T10:21:53","date_gmt":"2025-04-29T13:21:53","guid":{"rendered":"https:\/\/jornalfatosenoticias.com.br\/?p=58811"},"modified":"2025-04-29T10:21:55","modified_gmt":"2025-04-29T13:21:55","slug":"samarco-patrocina-acoes-culturais-e-de-incentivo-a-educacao-cientifica-no-espirito-santo","status":"publish","type":"post","link":"https:\/\/jornalfatosenoticias.com.br\/index.php\/2025\/04\/29\/samarco-patrocina-acoes-culturais-e-de-incentivo-a-educacao-cientifica-no-espirito-santo\/","title":{"rendered":"Samarco patrocina a\u00e7\u00f5es culturais e de incentivo \u00e0 educa\u00e7\u00e3o cient\u00edfica no Esp\u00edrito Santo"},"content":{"rendered":"\n<p><span class=\"has-inline-color has-black-color\">Por <strong>Assessoria de Comunica\u00e7\u00e3o<\/strong><\/span><\/p>\n\n\n\n<div class=\"wp-block-image\"><figure class=\"aligncenter size-large\"><a href=\"https:\/\/panper.com.br\/\"><img loading=\"lazy\" decoding=\"async\" width=\"1024\" height=\"111\" src=\"https:\/\/jornalfatosenoticias.com.br\/wp-content\/uploads\/2020\/02\/WhatsApp-Image-2022-09-23-at-12.09.18-1024x111.jpeg\" alt=\"\" class=\"wp-image-34527\" srcset=\"https:\/\/jornalfatosenoticias.com.br\/wp-content\/uploads\/2020\/02\/WhatsApp-Image-2022-09-23-at-12.09.18-1024x111.jpeg 1024w, https:\/\/jornalfatosenoticias.com.br\/wp-content\/uploads\/2020\/02\/WhatsApp-Image-2022-09-23-at-12.09.18-300x32.jpeg 300w, https:\/\/jornalfatosenoticias.com.br\/wp-content\/uploads\/2020\/02\/WhatsApp-Image-2022-09-23-at-12.09.18-768x83.jpeg 768w, https:\/\/jornalfatosenoticias.com.br\/wp-content\/uploads\/2020\/02\/WhatsApp-Image-2022-09-23-at-12.09.18.jpeg 1121w\" sizes=\"auto, (max-width: 1024px) 100vw, 1024px\" \/><\/a><\/figure><\/div>\n\n\n\n<p>Para al\u00e9m da produ\u00e7\u00e3o de pelotas, a Samarco atua no dia a dia das comunidades dos territ\u00f3rios onde mant\u00e9m opera\u00e7\u00e3o. No \u00faltimo m\u00eas, a empresa firmou parcerias estrat\u00e9gias, no Esp\u00edrito Santo, para levar educa\u00e7\u00e3o cient\u00edfica para os alunos da rede p\u00fablica de ensino, al\u00e9m de apoiar um projeto de valoriza\u00e7\u00e3o das tradi\u00e7\u00f5es culturais capixabas.<br>Foi por meio da Pol\u00edtica de Investimento Institucional e Social (PIIS) que a Samarco est\u00e1 patrocinando o &#8220;OAIG Pela Estrada&#8221;, promovido pelo Observat\u00f3rio Astron\u00f4mico do Ifes Guarapari (OAIG), com o objetivo de ampliar o acesso das comunidades \u00e0 educa\u00e7\u00e3o cient\u00edfica em astronomia.<\/p>\n\n\n\n<div class=\"wp-block-image\"><figure class=\"aligncenter size-large\"><a href=\"http:\/\/www.ferrarimaquinas.com.br\/\"><img loading=\"lazy\" decoding=\"async\" width=\"300\" height=\"250\" src=\"https:\/\/jornalfatosenoticias.com.br\/wp-content\/uploads\/2022\/02\/FERRARI_MAQUINAS-E-FERRAMENTAS2.jpg\" alt=\"\" class=\"wp-image-27860\"\/><\/a><\/figure><\/div>\n\n\n\n<p>O projeto \u00e9 voltado para os alunos da rede p\u00fablica de ensino de Guarapari e Anchieta (ES), abrindo oportunidades para eles conhecerem sobre os instrumentos de observa\u00e7\u00e3o do c\u00e9u, al\u00e9m de experimentarem jogos educativos e visita ao planet\u00e1rio m\u00f3vel.<\/p>\n\n\n\n<div class=\"wp-block-image\"><figure class=\"aligncenter size-large\"><img loading=\"lazy\" decoding=\"async\" width=\"1024\" height=\"682\" src=\"https:\/\/jornalfatosenoticias.com.br\/wp-content\/uploads\/2025\/04\/OAIG-1-1024x682.jpg\" alt=\"\" class=\"wp-image-58812\" srcset=\"https:\/\/jornalfatosenoticias.com.br\/wp-content\/uploads\/2025\/04\/OAIG-1-1024x682.jpg 1024w, https:\/\/jornalfatosenoticias.com.br\/wp-content\/uploads\/2025\/04\/OAIG-1-300x200.jpg 300w, https:\/\/jornalfatosenoticias.com.br\/wp-content\/uploads\/2025\/04\/OAIG-1-768x512.jpg 768w, https:\/\/jornalfatosenoticias.com.br\/wp-content\/uploads\/2025\/04\/OAIG-1-1536x1023.jpg 1536w, https:\/\/jornalfatosenoticias.com.br\/wp-content\/uploads\/2025\/04\/OAIG-1.jpg 1600w\" sizes=\"auto, (max-width: 1024px) 100vw, 1024px\" \/><figcaption><em><span class=\"has-inline-color has-black-color\">(Foto: Arquivo Samarco)<\/span><\/em><\/figcaption><\/figure><\/div>\n\n\n\n<p>O diretor de Pesquisa, P\u00f3s-gradua\u00e7\u00e3o e Extens\u00e3o do Ifes, Adriano Mesquita de Oliveira, relata que essa a\u00e7\u00e3o permite que alunos tenham acesso a conte\u00fado e aprendizados na \u00e1rea, que jamais imaginariam ter se n\u00e3o fosse por meio da parceria com a Samarco. &#8220;O impacto \u00e9 muito grande na vida dos alunos, pode mudar a vis\u00e3o de mundo e transformar a realidade local. Quem sabe algum dos estudantes desperta o interesse em seguir a carreira cient\u00edfica?&#8221;, destaca.<\/p>\n\n\n\n<div class=\"wp-block-image\"><figure class=\"aligncenter size-large is-resized\"><a href=\"https:\/\/www.instagram.com\/rcradiadores\/\"><img loading=\"lazy\" decoding=\"async\" src=\"https:\/\/jornalfatosenoticias.com.br\/wp-content\/uploads\/2022\/10\/RC_800x750_page-0001.jpg\" alt=\"\" class=\"wp-image-35338\" width=\"289\" height=\"271\" srcset=\"https:\/\/jornalfatosenoticias.com.br\/wp-content\/uploads\/2022\/10\/RC_800x750_page-0001.jpg 400w, https:\/\/jornalfatosenoticias.com.br\/wp-content\/uploads\/2022\/10\/RC_800x750_page-0001-300x281.jpg 300w\" sizes=\"auto, (max-width: 289px) 100vw, 289px\" \/><\/a><\/figure><\/div>\n\n\n\n<blockquote class=\"wp-block-quote is-layout-flow wp-block-quote-is-layout-flow\"><p><span class=\"has-inline-color has-luminous-vivid-orange-color\">A iniciativa est\u00e1 alinhada ao nosso compromisso de contribuir para o desenvolvimento do territ\u00f3rio, apoiando projetos que levam conhecimento e oportunidades \u00e0s comunidades locais. Para n\u00f3s, \u00e9 uma satisfa\u00e7\u00e3o apoiar o OAIG na Estrada, que contribui para que mais pessoas tenham acesso ao mundo da astronomia\u201d, diz Rodolpho Samorini, gerente de Rela\u00e7\u00f5es Institucionais e Governamentais no Esp\u00edrito Santo.<\/span><\/p><\/blockquote>\n\n\n\n<div class=\"wp-block-image\"><figure class=\"aligncenter size-large is-resized\"><a href=\"https:\/\/www.instagram.com\/gruposei\/\"><img loading=\"lazy\" decoding=\"async\" src=\"https:\/\/jornalfatosenoticias.com.br\/wp-content\/uploads\/2022\/07\/Logo-Grupo-SEI.jpg\" alt=\"\" class=\"wp-image-31973\" width=\"337\" height=\"177\" srcset=\"https:\/\/jornalfatosenoticias.com.br\/wp-content\/uploads\/2022\/07\/Logo-Grupo-SEI.jpg 713w, https:\/\/jornalfatosenoticias.com.br\/wp-content\/uploads\/2022\/07\/Logo-Grupo-SEI-300x158.jpg 300w\" sizes=\"auto, (max-width: 337px) 100vw, 337px\" \/><\/a><\/figure><\/div>\n\n\n\n<p>A programa\u00e7\u00e3o das atividades est\u00e1 sendo constru\u00edda em parceria com as secretarias municipais de educa\u00e7\u00e3o dessas cidades. A primeira a\u00e7\u00e3o ocorreu em Mea\u00edpe, em mar\u00e7o, com a participa\u00e7\u00e3o da Escola Manoel Rozindo da Silva.<\/p>\n\n\n\n<div class=\"wp-block-image\"><figure class=\"aligncenter size-large\"><img loading=\"lazy\" decoding=\"async\" width=\"1024\" height=\"575\" src=\"https:\/\/jornalfatosenoticias.com.br\/wp-content\/uploads\/2025\/04\/OAIG2-1024x575.jpg\" alt=\"\" class=\"wp-image-58813\" srcset=\"https:\/\/jornalfatosenoticias.com.br\/wp-content\/uploads\/2025\/04\/OAIG2-1024x575.jpg 1024w, https:\/\/jornalfatosenoticias.com.br\/wp-content\/uploads\/2025\/04\/OAIG2-300x168.jpg 300w, https:\/\/jornalfatosenoticias.com.br\/wp-content\/uploads\/2025\/04\/OAIG2-768x431.jpg 768w, https:\/\/jornalfatosenoticias.com.br\/wp-content\/uploads\/2025\/04\/OAIG2.jpg 1080w\" sizes=\"auto, (max-width: 1024px) 100vw, 1024px\" \/><figcaption><em><span class=\"has-inline-color has-black-color\">(Foto: Arquivo Samarco)<\/span><\/em><\/figcaption><\/figure><\/div>\n\n\n\n<p><strong><span class=\"has-inline-color has-vivid-purple-color\">Mem\u00f3rias do Jongo<br><\/span><\/strong>Em parceria como a C\u00e2mara de Dirigentes Lojistas (CDL) de Anchieta (ES), a Samarco tamb\u00e9m estendeu o seu apoio ao projeto &#8220;Mem\u00f3rias do Jongo&#8221;. A iniciativa visa catalogar e preservar as m\u00fasicas do jongo, uma tradi\u00e7\u00e3o afro-brasileira essencial para a identidade cultural da comunidade de S\u00e3o Mateus, fundamental para manter viva a identidade, a mem\u00f3ria e a tradi\u00e7\u00e3o das comunidades que constru\u00edram e constroem a hist\u00f3ria da regi\u00e3o.<\/p>\n\n\n\n<div class=\"wp-block-image\"><figure class=\"aligncenter size-large is-resized\"><a href=\"https:\/\/www.controlsystems.com.br\/\"><img loading=\"lazy\" decoding=\"async\" src=\"https:\/\/jornalfatosenoticias.com.br\/wp-content\/uploads\/2020\/02\/CONTROL-CS.jpg\" alt=\"\" class=\"wp-image-44991\" width=\"267\" height=\"320\" srcset=\"https:\/\/jornalfatosenoticias.com.br\/wp-content\/uploads\/2020\/02\/CONTROL-CS.jpg 834w, https:\/\/jornalfatosenoticias.com.br\/wp-content\/uploads\/2020\/02\/CONTROL-CS-250x300.jpg 250w, https:\/\/jornalfatosenoticias.com.br\/wp-content\/uploads\/2020\/02\/CONTROL-CS-768x921.jpg 768w\" sizes=\"auto, (max-width: 267px) 100vw, 267px\" \/><\/a><\/figure><\/div>\n\n\n\n<p>O projeto tem o objetivo de registrar sistematicamente o repert\u00f3rio musical e as viv\u00eancias dos mestres jongueiros de Anchieta. Al\u00e9m de registrar o passado, a iniciativa garante que futuras gera\u00e7\u00f5es tenham acesso \u00e0s ra\u00edzes culturais da regi\u00e3o. Atualmente, dois grupos de jongo s\u00e3o reconhecidos na cidade: &#8220;Jongo de S\u00e3o Benedito Sol e Lua&#8221; e &#8220;Tambores de S\u00e3o Mateus&#8221;. Ambos desempenham um papel fundamental na revitaliza\u00e7\u00e3o e transmiss\u00e3o da tradi\u00e7\u00e3o.<\/p>\n\n\n\n<div class=\"wp-block-image\"><figure class=\"aligncenter size-large is-resized\"><a href=\"https:\/\/www.instagram.com\/serra4x4cambioautomatico\/\"><img loading=\"lazy\" decoding=\"async\" src=\"https:\/\/jornalfatosenoticias.com.br\/wp-content\/uploads\/2024\/08\/Serra-4x4-1-886x1024.jpg\" alt=\"\" class=\"wp-image-53632\" width=\"271\" height=\"313\" srcset=\"https:\/\/jornalfatosenoticias.com.br\/wp-content\/uploads\/2024\/08\/Serra-4x4-1-886x1024.jpg 886w, https:\/\/jornalfatosenoticias.com.br\/wp-content\/uploads\/2024\/08\/Serra-4x4-1-260x300.jpg 260w, https:\/\/jornalfatosenoticias.com.br\/wp-content\/uploads\/2024\/08\/Serra-4x4-1-768x888.jpg 768w, https:\/\/jornalfatosenoticias.com.br\/wp-content\/uploads\/2024\/08\/Serra-4x4-1.jpg 1181w\" sizes=\"auto, (max-width: 271px) 100vw, 271px\" \/><\/a><\/figure><\/div>\n\n\n\n<p>\u201cReafirmamos nosso compromisso com o crescimento sustent\u00e1vel, algo que passa pelo desenvolvimento das comunidades, nos aspectos cultural, social e econ\u00f4mico. Temos orgulho de apoiar projetos que, assim como o Mem\u00f3rias do Jongo, resgatam e mant\u00eam vivas as tradi\u00e7\u00f5es fundamentais para a identidade e o pertencimento da popula\u00e7\u00e3o\u201d afirma Priscila Malafaia, coordenadora de Impacto Social da Samarco.<\/p>\n\n\n\n<div class=\"wp-block-image\"><figure class=\"aligncenter size-large is-resized\"><a href=\"https:\/\/www.facebook.com\/vetor.vix\/\"><img loading=\"lazy\" decoding=\"async\" src=\"https:\/\/jornalfatosenoticias.com.br\/wp-content\/uploads\/2023\/09\/vetorvix1024_1.jpg\" alt=\"\" class=\"wp-image-44868\" width=\"565\" height=\"150\" srcset=\"https:\/\/jornalfatosenoticias.com.br\/wp-content\/uploads\/2023\/09\/vetorvix1024_1.jpg 1024w, https:\/\/jornalfatosenoticias.com.br\/wp-content\/uploads\/2023\/09\/vetorvix1024_1-300x80.jpg 300w, https:\/\/jornalfatosenoticias.com.br\/wp-content\/uploads\/2023\/09\/vetorvix1024_1-768x205.jpg 768w\" sizes=\"auto, (max-width: 565px) 100vw, 565px\" \/><\/a><\/figure><\/div>\n","protected":false},"excerpt":{"rendered":"<p>Por Assessoria de Comunica\u00e7\u00e3o Para al\u00e9m da produ\u00e7\u00e3o de pelotas, a Samarco atua no dia a dia das comunidades dos territ\u00f3rios onde mant\u00e9m opera\u00e7\u00e3o. No \u00faltimo m\u00eas, a empresa firmou parcerias estrat\u00e9gias, no Esp\u00edrito Santo, para levar educa\u00e7\u00e3o cient\u00edfica para os alunos da rede p\u00fablica de ensino, al\u00e9m de apoiar um projeto de valoriza\u00e7\u00e3o das [&hellip;]<\/p>\n","protected":false},"author":2,"featured_media":58814,"comment_status":"open","ping_status":"open","sticky":false,"template":"","format":"standard","meta":{"footnotes":""},"categories":[4,7],"tags":[26841,26840,472,345,26839,100,750],"class_list":["post-58811","post","type-post","status-publish","format-standard","has-post-thumbnail","hentry","category-cultura","category-educacao","tag-oaig-pela-estrada","tag-acoes-culturais","tag-astronomia","tag-educacao","tag-educacao-cientifica","tag-espirito-santo","tag-samarco"],"yoast_head":"<!-- This site is optimized with the Yoast SEO plugin v26.5 - https:\/\/yoast.com\/wordpress\/plugins\/seo\/ -->\n<title>Samarco patrocina a\u00e7\u00f5es culturais e de incentivo \u00e0 educa\u00e7\u00e3o cient\u00edfica no Esp\u00edrito Santo - Jornal Fatos e Not\u00edcias<\/title>\n<meta name=\"robots\" content=\"index, follow, max-snippet:-1, max-image-preview:large, max-video-preview:-1\" \/>\n<link rel=\"canonical\" href=\"https:\/\/jornalfatosenoticias.com.br\/index.php\/2025\/04\/29\/samarco-patrocina-acoes-culturais-e-de-incentivo-a-educacao-cientifica-no-espirito-santo\/\" \/>\n<meta property=\"og:locale\" content=\"pt_BR\" \/>\n<meta property=\"og:type\" content=\"article\" \/>\n<meta property=\"og:title\" content=\"Samarco patrocina a\u00e7\u00f5es culturais e de incentivo \u00e0 educa\u00e7\u00e3o cient\u00edfica no Esp\u00edrito Santo - Jornal Fatos e Not\u00edcias\" \/>\n<meta property=\"og:description\" content=\"Por Assessoria de Comunica\u00e7\u00e3o Para al\u00e9m da produ\u00e7\u00e3o de pelotas, a Samarco atua no dia a dia das comunidades dos territ\u00f3rios onde mant\u00e9m opera\u00e7\u00e3o. No \u00faltimo m\u00eas, a empresa firmou parcerias estrat\u00e9gias, no Esp\u00edrito Santo, para levar educa\u00e7\u00e3o cient\u00edfica para os alunos da rede p\u00fablica de ensino, al\u00e9m de apoiar um projeto de valoriza\u00e7\u00e3o das [&hellip;]\" \/>\n<meta property=\"og:url\" content=\"https:\/\/jornalfatosenoticias.com.br\/index.php\/2025\/04\/29\/samarco-patrocina-acoes-culturais-e-de-incentivo-a-educacao-cientifica-no-espirito-santo\/\" \/>\n<meta property=\"og:site_name\" content=\"Jornal Fatos e Not\u00edcias\" \/>\n<meta property=\"article:published_time\" content=\"2025-04-29T13:21:53+00:00\" \/>\n<meta property=\"article:modified_time\" content=\"2025-04-29T13:21:55+00:00\" \/>\n<meta property=\"og:image\" content=\"https:\/\/jornalfatosenoticias.com.br\/wp-content\/uploads\/2025\/04\/OAIG-3.jpg\" \/>\n\t<meta property=\"og:image:width\" content=\"1600\" \/>\n\t<meta property=\"og:image:height\" content=\"1066\" \/>\n\t<meta property=\"og:image:type\" content=\"image\/jpeg\" \/>\n<meta name=\"author\" content=\"Luzimara Fernandes\" \/>\n<meta name=\"twitter:card\" content=\"summary_large_image\" \/>\n<meta name=\"twitter:label1\" content=\"Escrito por\" \/>\n\t<meta name=\"twitter:data1\" content=\"Luzimara Fernandes\" \/>\n\t<meta name=\"twitter:label2\" content=\"Est. tempo de leitura\" \/>\n\t<meta name=\"twitter:data2\" content=\"3 minutos\" \/>\n<script type=\"application\/ld+json\" class=\"yoast-schema-graph\">{\"@context\":\"https:\/\/schema.org\",\"@graph\":[{\"@type\":\"Article\",\"@id\":\"https:\/\/jornalfatosenoticias.com.br\/index.php\/2025\/04\/29\/samarco-patrocina-acoes-culturais-e-de-incentivo-a-educacao-cientifica-no-espirito-santo\/#article\",\"isPartOf\":{\"@id\":\"https:\/\/jornalfatosenoticias.com.br\/index.php\/2025\/04\/29\/samarco-patrocina-acoes-culturais-e-de-incentivo-a-educacao-cientifica-no-espirito-santo\/\"},\"author\":{\"name\":\"Luzimara Fernandes\",\"@id\":\"https:\/\/jornalfatosenoticias.com.br\/#\/schema\/person\/d63837fa13ac8666eb9e74e0985d6f81\"},\"headline\":\"Samarco patrocina a\u00e7\u00f5es culturais e de incentivo \u00e0 educa\u00e7\u00e3o cient\u00edfica no Esp\u00edrito Santo\",\"datePublished\":\"2025-04-29T13:21:53+00:00\",\"dateModified\":\"2025-04-29T13:21:55+00:00\",\"mainEntityOfPage\":{\"@id\":\"https:\/\/jornalfatosenoticias.com.br\/index.php\/2025\/04\/29\/samarco-patrocina-acoes-culturais-e-de-incentivo-a-educacao-cientifica-no-espirito-santo\/\"},\"wordCount\":597,\"commentCount\":0,\"publisher\":{\"@id\":\"https:\/\/jornalfatosenoticias.com.br\/#organization\"},\"image\":{\"@id\":\"https:\/\/jornalfatosenoticias.com.br\/index.php\/2025\/04\/29\/samarco-patrocina-acoes-culturais-e-de-incentivo-a-educacao-cientifica-no-espirito-santo\/#primaryimage\"},\"thumbnailUrl\":\"https:\/\/jornalfatosenoticias.com.br\/wp-content\/uploads\/2025\/04\/OAIG-3.jpg\",\"keywords\":[\"&quot;OAIG Pela Estrada&quot;\",\"a\u00e7\u00f5es culturais\",\"Astronomia\",\"educa\u00e7\u00e3o\",\"educa\u00e7\u00e3o cient\u00edfica\",\"Esp\u00edrito Santo\",\"Samarco\"],\"articleSection\":[\"Cultura\",\"Educa\u00e7\u00e3o\"],\"inLanguage\":\"pt-BR\",\"potentialAction\":[{\"@type\":\"CommentAction\",\"name\":\"Comment\",\"target\":[\"https:\/\/jornalfatosenoticias.com.br\/index.php\/2025\/04\/29\/samarco-patrocina-acoes-culturais-e-de-incentivo-a-educacao-cientifica-no-espirito-santo\/#respond\"]}]},{\"@type\":\"WebPage\",\"@id\":\"https:\/\/jornalfatosenoticias.com.br\/index.php\/2025\/04\/29\/samarco-patrocina-acoes-culturais-e-de-incentivo-a-educacao-cientifica-no-espirito-santo\/\",\"url\":\"https:\/\/jornalfatosenoticias.com.br\/index.php\/2025\/04\/29\/samarco-patrocina-acoes-culturais-e-de-incentivo-a-educacao-cientifica-no-espirito-santo\/\",\"name\":\"Samarco patrocina a\u00e7\u00f5es culturais e de incentivo \u00e0 educa\u00e7\u00e3o cient\u00edfica no Esp\u00edrito Santo - Jornal Fatos e Not\u00edcias\",\"isPartOf\":{\"@id\":\"https:\/\/jornalfatosenoticias.com.br\/#website\"},\"primaryImageOfPage\":{\"@id\":\"https:\/\/jornalfatosenoticias.com.br\/index.php\/2025\/04\/29\/samarco-patrocina-acoes-culturais-e-de-incentivo-a-educacao-cientifica-no-espirito-santo\/#primaryimage\"},\"image\":{\"@id\":\"https:\/\/jornalfatosenoticias.com.br\/index.php\/2025\/04\/29\/samarco-patrocina-acoes-culturais-e-de-incentivo-a-educacao-cientifica-no-espirito-santo\/#primaryimage\"},\"thumbnailUrl\":\"https:\/\/jornalfatosenoticias.com.br\/wp-content\/uploads\/2025\/04\/OAIG-3.jpg\",\"datePublished\":\"2025-04-29T13:21:53+00:00\",\"dateModified\":\"2025-04-29T13:21:55+00:00\",\"breadcrumb\":{\"@id\":\"https:\/\/jornalfatosenoticias.com.br\/index.php\/2025\/04\/29\/samarco-patrocina-acoes-culturais-e-de-incentivo-a-educacao-cientifica-no-espirito-santo\/#breadcrumb\"},\"inLanguage\":\"pt-BR\",\"potentialAction\":[{\"@type\":\"ReadAction\",\"target\":[\"https:\/\/jornalfatosenoticias.com.br\/index.php\/2025\/04\/29\/samarco-patrocina-acoes-culturais-e-de-incentivo-a-educacao-cientifica-no-espirito-santo\/\"]}]},{\"@type\":\"ImageObject\",\"inLanguage\":\"pt-BR\",\"@id\":\"https:\/\/jornalfatosenoticias.com.br\/index.php\/2025\/04\/29\/samarco-patrocina-acoes-culturais-e-de-incentivo-a-educacao-cientifica-no-espirito-santo\/#primaryimage\",\"url\":\"https:\/\/jornalfatosenoticias.com.br\/wp-content\/uploads\/2025\/04\/OAIG-3.jpg\",\"contentUrl\":\"https:\/\/jornalfatosenoticias.com.br\/wp-content\/uploads\/2025\/04\/OAIG-3.jpg\",\"width\":1600,\"height\":1066},{\"@type\":\"BreadcrumbList\",\"@id\":\"https:\/\/jornalfatosenoticias.com.br\/index.php\/2025\/04\/29\/samarco-patrocina-acoes-culturais-e-de-incentivo-a-educacao-cientifica-no-espirito-santo\/#breadcrumb\",\"itemListElement\":[{\"@type\":\"ListItem\",\"position\":1,\"name\":\"In\u00edcio\",\"item\":\"https:\/\/jornalfatosenoticias.com.br\/\"},{\"@type\":\"ListItem\",\"position\":2,\"name\":\"Samarco patrocina a\u00e7\u00f5es culturais e de incentivo \u00e0 educa\u00e7\u00e3o cient\u00edfica no Esp\u00edrito Santo\"}]},{\"@type\":\"WebSite\",\"@id\":\"https:\/\/jornalfatosenoticias.com.br\/#website\",\"url\":\"https:\/\/jornalfatosenoticias.com.br\/\",\"name\":\"Jornal Fatos e Not\u00edcias\",\"description\":\"Not\u00edcias em geral\",\"publisher\":{\"@id\":\"https:\/\/jornalfatosenoticias.com.br\/#organization\"},\"potentialAction\":[{\"@type\":\"SearchAction\",\"target\":{\"@type\":\"EntryPoint\",\"urlTemplate\":\"https:\/\/jornalfatosenoticias.com.br\/?s={search_term_string}\"},\"query-input\":{\"@type\":\"PropertyValueSpecification\",\"valueRequired\":true,\"valueName\":\"search_term_string\"}}],\"inLanguage\":\"pt-BR\"},{\"@type\":\"Organization\",\"@id\":\"https:\/\/jornalfatosenoticias.com.br\/#organization\",\"name\":\"Jornal Fatos e Not\u00edcias\",\"url\":\"https:\/\/jornalfatosenoticias.com.br\/\",\"logo\":{\"@type\":\"ImageObject\",\"inLanguage\":\"pt-BR\",\"@id\":\"https:\/\/jornalfatosenoticias.com.br\/#\/schema\/logo\/image\/\",\"url\":\"https:\/\/jornalfatosenoticias.com.br\/wp-content\/uploads\/2020\/02\/logo120.png\",\"contentUrl\":\"https:\/\/jornalfatosenoticias.com.br\/wp-content\/uploads\/2020\/02\/logo120.png\",\"width\":1227,\"height\":120,\"caption\":\"Jornal Fatos e Not\u00edcias\"},\"image\":{\"@id\":\"https:\/\/jornalfatosenoticias.com.br\/#\/schema\/logo\/image\/\"}},{\"@type\":\"Person\",\"@id\":\"https:\/\/jornalfatosenoticias.com.br\/#\/schema\/person\/d63837fa13ac8666eb9e74e0985d6f81\",\"name\":\"Luzimara Fernandes\",\"image\":{\"@type\":\"ImageObject\",\"inLanguage\":\"pt-BR\",\"@id\":\"https:\/\/jornalfatosenoticias.com.br\/#\/schema\/person\/image\/\",\"url\":\"https:\/\/jornalfatosenoticias.com.br\/wp-content\/uploads\/2025\/05\/EU_portal.jpg\",\"contentUrl\":\"https:\/\/jornalfatosenoticias.com.br\/wp-content\/uploads\/2025\/05\/EU_portal.jpg\",\"caption\":\"Luzimara Fernandes\"},\"description\":\"Jornalista MTB 2358-ES\",\"sameAs\":[\"https:\/\/jornalfatosenoticias.com.br\"],\"url\":\"https:\/\/jornalfatosenoticias.com.br\/index.php\/author\/luzimara\/\"}]}<\/script>\n<!-- \/ Yoast SEO plugin. -->","yoast_head_json":{"title":"Samarco patrocina a\u00e7\u00f5es culturais e de incentivo \u00e0 educa\u00e7\u00e3o cient\u00edfica no Esp\u00edrito Santo - Jornal Fatos e Not\u00edcias","robots":{"index":"index","follow":"follow","max-snippet":"max-snippet:-1","max-image-preview":"max-image-preview:large","max-video-preview":"max-video-preview:-1"},"canonical":"https:\/\/jornalfatosenoticias.com.br\/index.php\/2025\/04\/29\/samarco-patrocina-acoes-culturais-e-de-incentivo-a-educacao-cientifica-no-espirito-santo\/","og_locale":"pt_BR","og_type":"article","og_title":"Samarco patrocina a\u00e7\u00f5es culturais e de incentivo \u00e0 educa\u00e7\u00e3o cient\u00edfica no Esp\u00edrito Santo - Jornal Fatos e Not\u00edcias","og_description":"Por Assessoria de Comunica\u00e7\u00e3o Para al\u00e9m da produ\u00e7\u00e3o de pelotas, a Samarco atua no dia a dia das comunidades dos territ\u00f3rios onde mant\u00e9m opera\u00e7\u00e3o. No \u00faltimo m\u00eas, a empresa firmou parcerias estrat\u00e9gias, no Esp\u00edrito Santo, para levar educa\u00e7\u00e3o cient\u00edfica para os alunos da rede p\u00fablica de ensino, al\u00e9m de apoiar um projeto de valoriza\u00e7\u00e3o das [&hellip;]","og_url":"https:\/\/jornalfatosenoticias.com.br\/index.php\/2025\/04\/29\/samarco-patrocina-acoes-culturais-e-de-incentivo-a-educacao-cientifica-no-espirito-santo\/","og_site_name":"Jornal Fatos e Not\u00edcias","article_published_time":"2025-04-29T13:21:53+00:00","article_modified_time":"2025-04-29T13:21:55+00:00","og_image":[{"width":1600,"height":1066,"url":"https:\/\/jornalfatosenoticias.com.br\/wp-content\/uploads\/2025\/04\/OAIG-3.jpg","type":"image\/jpeg"}],"author":"Luzimara Fernandes","twitter_card":"summary_large_image","twitter_misc":{"Escrito por":"Luzimara Fernandes","Est. tempo de leitura":"3 minutos"},"schema":{"@context":"https:\/\/schema.org","@graph":[{"@type":"Article","@id":"https:\/\/jornalfatosenoticias.com.br\/index.php\/2025\/04\/29\/samarco-patrocina-acoes-culturais-e-de-incentivo-a-educacao-cientifica-no-espirito-santo\/#article","isPartOf":{"@id":"https:\/\/jornalfatosenoticias.com.br\/index.php\/2025\/04\/29\/samarco-patrocina-acoes-culturais-e-de-incentivo-a-educacao-cientifica-no-espirito-santo\/"},"author":{"name":"Luzimara Fernandes","@id":"https:\/\/jornalfatosenoticias.com.br\/#\/schema\/person\/d63837fa13ac8666eb9e74e0985d6f81"},"headline":"Samarco patrocina a\u00e7\u00f5es culturais e de incentivo \u00e0 educa\u00e7\u00e3o cient\u00edfica no Esp\u00edrito Santo","datePublished":"2025-04-29T13:21:53+00:00","dateModified":"2025-04-29T13:21:55+00:00","mainEntityOfPage":{"@id":"https:\/\/jornalfatosenoticias.com.br\/index.php\/2025\/04\/29\/samarco-patrocina-acoes-culturais-e-de-incentivo-a-educacao-cientifica-no-espirito-santo\/"},"wordCount":597,"commentCount":0,"publisher":{"@id":"https:\/\/jornalfatosenoticias.com.br\/#organization"},"image":{"@id":"https:\/\/jornalfatosenoticias.com.br\/index.php\/2025\/04\/29\/samarco-patrocina-acoes-culturais-e-de-incentivo-a-educacao-cientifica-no-espirito-santo\/#primaryimage"},"thumbnailUrl":"https:\/\/jornalfatosenoticias.com.br\/wp-content\/uploads\/2025\/04\/OAIG-3.jpg","keywords":["&quot;OAIG Pela Estrada&quot;","a\u00e7\u00f5es culturais","Astronomia","educa\u00e7\u00e3o","educa\u00e7\u00e3o cient\u00edfica","Esp\u00edrito Santo","Samarco"],"articleSection":["Cultura","Educa\u00e7\u00e3o"],"inLanguage":"pt-BR","potentialAction":[{"@type":"CommentAction","name":"Comment","target":["https:\/\/jornalfatosenoticias.com.br\/index.php\/2025\/04\/29\/samarco-patrocina-acoes-culturais-e-de-incentivo-a-educacao-cientifica-no-espirito-santo\/#respond"]}]},{"@type":"WebPage","@id":"https:\/\/jornalfatosenoticias.com.br\/index.php\/2025\/04\/29\/samarco-patrocina-acoes-culturais-e-de-incentivo-a-educacao-cientifica-no-espirito-santo\/","url":"https:\/\/jornalfatosenoticias.com.br\/index.php\/2025\/04\/29\/samarco-patrocina-acoes-culturais-e-de-incentivo-a-educacao-cientifica-no-espirito-santo\/","name":"Samarco patrocina a\u00e7\u00f5es culturais e de incentivo \u00e0 educa\u00e7\u00e3o cient\u00edfica no Esp\u00edrito Santo - Jornal Fatos e Not\u00edcias","isPartOf":{"@id":"https:\/\/jornalfatosenoticias.com.br\/#website"},"primaryImageOfPage":{"@id":"https:\/\/jornalfatosenoticias.com.br\/index.php\/2025\/04\/29\/samarco-patrocina-acoes-culturais-e-de-incentivo-a-educacao-cientifica-no-espirito-santo\/#primaryimage"},"image":{"@id":"https:\/\/jornalfatosenoticias.com.br\/index.php\/2025\/04\/29\/samarco-patrocina-acoes-culturais-e-de-incentivo-a-educacao-cientifica-no-espirito-santo\/#primaryimage"},"thumbnailUrl":"https:\/\/jornalfatosenoticias.com.br\/wp-content\/uploads\/2025\/04\/OAIG-3.jpg","datePublished":"2025-04-29T13:21:53+00:00","dateModified":"2025-04-29T13:21:55+00:00","breadcrumb":{"@id":"https:\/\/jornalfatosenoticias.com.br\/index.php\/2025\/04\/29\/samarco-patrocina-acoes-culturais-e-de-incentivo-a-educacao-cientifica-no-espirito-santo\/#breadcrumb"},"inLanguage":"pt-BR","potentialAction":[{"@type":"ReadAction","target":["https:\/\/jornalfatosenoticias.com.br\/index.php\/2025\/04\/29\/samarco-patrocina-acoes-culturais-e-de-incentivo-a-educacao-cientifica-no-espirito-santo\/"]}]},{"@type":"ImageObject","inLanguage":"pt-BR","@id":"https:\/\/jornalfatosenoticias.com.br\/index.php\/2025\/04\/29\/samarco-patrocina-acoes-culturais-e-de-incentivo-a-educacao-cientifica-no-espirito-santo\/#primaryimage","url":"https:\/\/jornalfatosenoticias.com.br\/wp-content\/uploads\/2025\/04\/OAIG-3.jpg","contentUrl":"https:\/\/jornalfatosenoticias.com.br\/wp-content\/uploads\/2025\/04\/OAIG-3.jpg","width":1600,"height":1066},{"@type":"BreadcrumbList","@id":"https:\/\/jornalfatosenoticias.com.br\/index.php\/2025\/04\/29\/samarco-patrocina-acoes-culturais-e-de-incentivo-a-educacao-cientifica-no-espirito-santo\/#breadcrumb","itemListElement":[{"@type":"ListItem","position":1,"name":"In\u00edcio","item":"https:\/\/jornalfatosenoticias.com.br\/"},{"@type":"ListItem","position":2,"name":"Samarco patrocina a\u00e7\u00f5es culturais e de incentivo \u00e0 educa\u00e7\u00e3o cient\u00edfica no Esp\u00edrito Santo"}]},{"@type":"WebSite","@id":"https:\/\/jornalfatosenoticias.com.br\/#website","url":"https:\/\/jornalfatosenoticias.com.br\/","name":"Jornal Fatos e Not\u00edcias","description":"Not\u00edcias em geral","publisher":{"@id":"https:\/\/jornalfatosenoticias.com.br\/#organization"},"potentialAction":[{"@type":"SearchAction","target":{"@type":"EntryPoint","urlTemplate":"https:\/\/jornalfatosenoticias.com.br\/?s={search_term_string}"},"query-input":{"@type":"PropertyValueSpecification","valueRequired":true,"valueName":"search_term_string"}}],"inLanguage":"pt-BR"},{"@type":"Organization","@id":"https:\/\/jornalfatosenoticias.com.br\/#organization","name":"Jornal Fatos e Not\u00edcias","url":"https:\/\/jornalfatosenoticias.com.br\/","logo":{"@type":"ImageObject","inLanguage":"pt-BR","@id":"https:\/\/jornalfatosenoticias.com.br\/#\/schema\/logo\/image\/","url":"https:\/\/jornalfatosenoticias.com.br\/wp-content\/uploads\/2020\/02\/logo120.png","contentUrl":"https:\/\/jornalfatosenoticias.com.br\/wp-content\/uploads\/2020\/02\/logo120.png","width":1227,"height":120,"caption":"Jornal Fatos e Not\u00edcias"},"image":{"@id":"https:\/\/jornalfatosenoticias.com.br\/#\/schema\/logo\/image\/"}},{"@type":"Person","@id":"https:\/\/jornalfatosenoticias.com.br\/#\/schema\/person\/d63837fa13ac8666eb9e74e0985d6f81","name":"Luzimara Fernandes","image":{"@type":"ImageObject","inLanguage":"pt-BR","@id":"https:\/\/jornalfatosenoticias.com.br\/#\/schema\/person\/image\/","url":"https:\/\/jornalfatosenoticias.com.br\/wp-content\/uploads\/2025\/05\/EU_portal.jpg","contentUrl":"https:\/\/jornalfatosenoticias.com.br\/wp-content\/uploads\/2025\/05\/EU_portal.jpg","caption":"Luzimara Fernandes"},"description":"Jornalista MTB 2358-ES","sameAs":["https:\/\/jornalfatosenoticias.com.br"],"url":"https:\/\/jornalfatosenoticias.com.br\/index.php\/author\/luzimara\/"}]}},"cc_featured_image_caption":{"caption_text":"(Foto: Arquivo Samarco)","source_text":"","source_url":""},"jetpack_featured_media_url":"https:\/\/jornalfatosenoticias.com.br\/wp-content\/uploads\/2025\/04\/OAIG-3.jpg","_links":{"self":[{"href":"https:\/\/jornalfatosenoticias.com.br\/index.php\/wp-json\/wp\/v2\/posts\/58811","targetHints":{"allow":["GET"]}}],"collection":[{"href":"https:\/\/jornalfatosenoticias.com.br\/index.php\/wp-json\/wp\/v2\/posts"}],"about":[{"href":"https:\/\/jornalfatosenoticias.com.br\/index.php\/wp-json\/wp\/v2\/types\/post"}],"author":[{"embeddable":true,"href":"https:\/\/jornalfatosenoticias.com.br\/index.php\/wp-json\/wp\/v2\/users\/2"}],"replies":[{"embeddable":true,"href":"https:\/\/jornalfatosenoticias.com.br\/index.php\/wp-json\/wp\/v2\/comments?post=58811"}],"version-history":[{"count":0,"href":"https:\/\/jornalfatosenoticias.com.br\/index.php\/wp-json\/wp\/v2\/posts\/58811\/revisions"}],"wp:featuredmedia":[{"embeddable":true,"href":"https:\/\/jornalfatosenoticias.com.br\/index.php\/wp-json\/wp\/v2\/media\/58814"}],"wp:attachment":[{"href":"https:\/\/jornalfatosenoticias.com.br\/index.php\/wp-json\/wp\/v2\/media?parent=58811"}],"wp:term":[{"taxonomy":"category","embeddable":true,"href":"https:\/\/jornalfatosenoticias.com.br\/index.php\/wp-json\/wp\/v2\/categories?post=58811"},{"taxonomy":"post_tag","embeddable":true,"href":"https:\/\/jornalfatosenoticias.com.br\/index.php\/wp-json\/wp\/v2\/tags?post=58811"}],"curies":[{"name":"wp","href":"https:\/\/api.w.org\/{rel}","templated":true}]}}