{"id":58816,"date":"2025-04-29T10:48:09","date_gmt":"2025-04-29T13:48:09","guid":{"rendered":"https:\/\/jornalfatosenoticias.com.br\/?p=58816"},"modified":"2025-04-29T10:48:10","modified_gmt":"2025-04-29T13:48:10","slug":"transportadora-jolivan-uma-gigante-capixaba-do-setor-de-transporte-rodoviario-de-cargas","status":"publish","type":"post","link":"https:\/\/jornalfatosenoticias.com.br\/index.php\/2025\/04\/29\/transportadora-jolivan-uma-gigante-capixaba-do-setor-de-transporte-rodoviario-de-cargas\/","title":{"rendered":"Transportadora Jolivan, uma gigante capixaba do setor de transporte rodovi\u00e1rio de cargas"},"content":{"rendered":"\n<div class=\"wp-block-image\"><figure class=\"aligncenter size-large\"><a href=\"https:\/\/mizu.com.br\/\"><img loading=\"lazy\" decoding=\"async\" width=\"729\" height=\"90\" src=\"https:\/\/jornalfatosenoticias.com.br\/wp-content\/uploads\/2020\/02\/Logo_Mizu.png\" alt=\"\" class=\"wp-image-1441\" srcset=\"https:\/\/jornalfatosenoticias.com.br\/wp-content\/uploads\/2020\/02\/Logo_Mizu.png 729w, https:\/\/jornalfatosenoticias.com.br\/wp-content\/uploads\/2020\/02\/Logo_Mizu-300x37.png 300w\" sizes=\"auto, (max-width: 729px) 100vw, 729px\" \/><\/a><\/figure><\/div>\n\n\n\n<p>Como um dos pilares b\u00e1sicos para o desenvolvimento do nosso estado e do pa\u00eds, o transporte vem, por d\u00e9cadas, mostrando sua capacidade de recria\u00e7\u00e3o e for\u00e7a de romper, a todo momento, os mais variados obst\u00e1culos, desde as oscila\u00e7\u00f5es de pre\u00e7os dos combust\u00edveis at\u00e9 \u00e0s p\u00e9ssimas condi\u00e7\u00f5es da nossa malha vi\u00e1ria.<br>Para Ramon Zuqui Paganini, diretor comercial da Transportadora Jolivan, empresa 100% familiar e genuinamente capixaba, se manter no setor de transporte n\u00e3o \u00e9 nada f\u00e1cil, em fun\u00e7\u00e3o dos altos custos, mudan\u00e7as constantes na legisla\u00e7\u00e3o, informalidade e entraves que ele elenca em entrevista \u00e0 <strong>A\u00c7O5.0 BR (F&amp;N) <\/strong>deste m\u00eas, concedida em seu escrit\u00f3rio no munic\u00edpio de Viana\/ES.<\/p>\n\n\n\n<div class=\"wp-block-image\"><figure class=\"aligncenter size-large\"><img loading=\"lazy\" decoding=\"async\" width=\"1024\" height=\"1022\" src=\"https:\/\/jornalfatosenoticias.com.br\/wp-content\/uploads\/2025\/04\/RAMON-ZUQUI-1024x1022.jpeg\" alt=\"\" class=\"wp-image-58817\" srcset=\"https:\/\/jornalfatosenoticias.com.br\/wp-content\/uploads\/2025\/04\/RAMON-ZUQUI-1024x1022.jpeg 1024w, https:\/\/jornalfatosenoticias.com.br\/wp-content\/uploads\/2025\/04\/RAMON-ZUQUI-300x300.jpeg 300w, https:\/\/jornalfatosenoticias.com.br\/wp-content\/uploads\/2025\/04\/RAMON-ZUQUI-150x150.jpeg 150w, https:\/\/jornalfatosenoticias.com.br\/wp-content\/uploads\/2025\/04\/RAMON-ZUQUI-768x767.jpeg 768w, https:\/\/jornalfatosenoticias.com.br\/wp-content\/uploads\/2025\/04\/RAMON-ZUQUI-1536x1533.jpeg 1536w, https:\/\/jornalfatosenoticias.com.br\/wp-content\/uploads\/2025\/04\/RAMON-ZUQUI.jpeg 1600w\" sizes=\"auto, (max-width: 1024px) 100vw, 1024px\" \/><figcaption><em><span class=\"has-inline-color has-black-color\"><strong>Ramon Zuqui Paganini<\/strong> (Foto: Ascom Jolivan)<\/span><\/em><\/figcaption><\/figure><\/div>\n\n\n\n<p><strong><span class=\"has-inline-color has-black-color\">Quando e com quem a Transportadora Jolivan teve in\u00edcio?<br><\/span><\/strong>A Transportadora Jolivan foi fundada em 19 de outubro de 1989, na cidade de Iconha, no sul do Esp\u00edrito Santo. A empresa teve in\u00edcio como um empreendimento familiar, estabelecido por tr\u00eas irm\u00e3os: Jo\u00e3o Paganini, Vansionir Paganini e Lindor Paganini.<\/p>\n\n\n\n<div class=\"wp-block-image\"><figure class=\"aligncenter size-large is-resized\"><a href=\"https:\/\/www.facebook.com\/profile.php?id=100069289606145\"><img loading=\"lazy\" decoding=\"async\" src=\"https:\/\/jornalfatosenoticias.com.br\/wp-content\/uploads\/2024\/11\/Guaitolini-Contabilidade-1024x714.jpeg\" alt=\"\" class=\"wp-image-55808\" width=\"347\" height=\"242\" srcset=\"https:\/\/jornalfatosenoticias.com.br\/wp-content\/uploads\/2024\/11\/Guaitolini-Contabilidade-1024x714.jpeg 1024w, https:\/\/jornalfatosenoticias.com.br\/wp-content\/uploads\/2024\/11\/Guaitolini-Contabilidade-300x209.jpeg 300w, https:\/\/jornalfatosenoticias.com.br\/wp-content\/uploads\/2024\/11\/Guaitolini-Contabilidade-768x535.jpeg 768w, https:\/\/jornalfatosenoticias.com.br\/wp-content\/uploads\/2024\/11\/Guaitolini-Contabilidade.jpeg 1280w\" sizes=\"auto, (max-width: 347px) 100vw, 347px\" \/><\/a><\/figure><\/div>\n\n\n\n<p>Desde sua funda\u00e7\u00e3o, a Jolivan tem se destacado no setor de transporte rodovi\u00e1rio de cargas, expandindo suas opera\u00e7\u00f5es e consolidando sua presen\u00e7a no mercado nacional. Atualmente, a empresa conta 1.000 cavalos mec\u00e2nicos pr\u00f3prios e com uma frota moderna de idade m\u00e9dia de tr\u00eas anos e uma equipe de colaboradores comprometidos com a qualidade e efici\u00eancia dos servi\u00e7os<\/p>\n\n\n\n<div class=\"wp-block-image\"><figure class=\"aligncenter size-large is-resized\"><a href=\"https:\/\/www.ithbrasil.com.br\/\"><img loading=\"lazy\" decoding=\"async\" src=\"https:\/\/jornalfatosenoticias.com.br\/wp-content\/uploads\/2023\/08\/ITH.jpeg\" alt=\"\" class=\"wp-image-44638\" width=\"318\" height=\"258\" srcset=\"https:\/\/jornalfatosenoticias.com.br\/wp-content\/uploads\/2023\/08\/ITH.jpeg 800w, https:\/\/jornalfatosenoticias.com.br\/wp-content\/uploads\/2023\/08\/ITH-300x244.jpeg 300w, https:\/\/jornalfatosenoticias.com.br\/wp-content\/uploads\/2023\/08\/ITH-768x624.jpeg 768w\" sizes=\"auto, (max-width: 318px) 100vw, 318px\" \/><\/a><\/figure><\/div>\n\n\n\n<p><strong><span class=\"has-inline-color has-black-color\">Podemos dizer que a empresa \u00e9 100% familiar?<br><\/span><\/strong>Sim, a Transportadora Jolivan \u00e9 100% familiar, desde sua funda\u00e7\u00e3o. Hoje, o CEO da empresa \u00e9 um dos s\u00f3cios-fundadores, e possui mais quatro membros da fam\u00edlia fundadora em cargos de dire\u00e7\u00e3o. N\u00e3o h\u00e1 s\u00f3cios externos, mantendo a gest\u00e3o e a cultura da empresa totalmente nas m\u00e3os da fam\u00edlia.<\/p>\n\n\n\n<div class=\"wp-block-image\"><figure class=\"aligncenter size-large is-resized\"><a href=\"https:\/\/www.facebook.com\/vetor.vix\/\"><img loading=\"lazy\" decoding=\"async\" src=\"https:\/\/jornalfatosenoticias.com.br\/wp-content\/uploads\/2023\/09\/vetorvix1024_1.jpg\" alt=\"\" class=\"wp-image-44868\" width=\"546\" height=\"145\" srcset=\"https:\/\/jornalfatosenoticias.com.br\/wp-content\/uploads\/2023\/09\/vetorvix1024_1.jpg 1024w, https:\/\/jornalfatosenoticias.com.br\/wp-content\/uploads\/2023\/09\/vetorvix1024_1-300x80.jpg 300w, https:\/\/jornalfatosenoticias.com.br\/wp-content\/uploads\/2023\/09\/vetorvix1024_1-768x205.jpg 768w\" sizes=\"auto, (max-width: 546px) 100vw, 546px\" \/><\/a><\/figure><\/div>\n\n\n\n<p><strong><span class=\"has-inline-color has-black-color\">Quando falamos de transportes pensamos logo nos altos custos. \u00c9 dif\u00edcil manter uma empresa do porte da Jolivan?<br><\/span><\/strong>Sim, manter uma empresa do porte da Jolivan no setor de transportes \u00e9 um desafio constante. Al\u00e9m dos altos custos operacionais e da complexidade de cumprir in\u00fameras legisla\u00e7\u00f5es e normas, que alteram ano ap\u00f3s ano, o setor enfrenta a concorr\u00eancia de empresas informais, que operam com custos mais baixos por n\u00e3o seguirem todas as regulamenta\u00e7\u00f5es.<\/p>\n\n\n\n<div class=\"wp-block-image\"><figure class=\"aligncenter size-large is-resized\"><a href=\"https:\/\/www.instagram.com\/serra4x4cambioautomatico\/\"><img loading=\"lazy\" decoding=\"async\" src=\"https:\/\/jornalfatosenoticias.com.br\/wp-content\/uploads\/2024\/08\/Serra-4x4-1-886x1024.jpg\" alt=\"\" class=\"wp-image-53632\" width=\"295\" height=\"341\" srcset=\"https:\/\/jornalfatosenoticias.com.br\/wp-content\/uploads\/2024\/08\/Serra-4x4-1-886x1024.jpg 886w, https:\/\/jornalfatosenoticias.com.br\/wp-content\/uploads\/2024\/08\/Serra-4x4-1-260x300.jpg 260w, https:\/\/jornalfatosenoticias.com.br\/wp-content\/uploads\/2024\/08\/Serra-4x4-1-768x888.jpg 768w, https:\/\/jornalfatosenoticias.com.br\/wp-content\/uploads\/2024\/08\/Serra-4x4-1.jpg 1181w\" sizes=\"auto, (max-width: 295px) 100vw, 295px\" \/><\/a><\/figure><\/div>\n\n\n\n<p>Mesmo assim, a Jolivan se destaca pela sua solidez, mantendo o mesmo CNPJ desde sua funda\u00e7\u00e3o, um feito raro em um setor onde a troca de CNPJ \u00e9 comum devido a problemas fiscais, operacionais e trabalhistas. Com uma gest\u00e3o robusta, investimento em tecnologia, renova\u00e7\u00e3o de frota agressiva, e uma equipe capacitada, a Jolivan segue firme, garantindo a qualidade e a competitividade no mercado.<\/p>\n\n\n\n<div class=\"wp-block-image\"><figure class=\"aligncenter size-large is-resized\"><a href=\"https:\/\/www.instagram.com\/rcradiadores\/\"><img loading=\"lazy\" decoding=\"async\" src=\"https:\/\/jornalfatosenoticias.com.br\/wp-content\/uploads\/2022\/10\/RC_800x750_page-0001.jpg\" alt=\"\" class=\"wp-image-35338\" width=\"291\" height=\"273\" srcset=\"https:\/\/jornalfatosenoticias.com.br\/wp-content\/uploads\/2022\/10\/RC_800x750_page-0001.jpg 400w, https:\/\/jornalfatosenoticias.com.br\/wp-content\/uploads\/2022\/10\/RC_800x750_page-0001-300x281.jpg 300w\" sizes=\"auto, (max-width: 291px) 100vw, 291px\" \/><\/a><\/figure><\/div>\n\n\n\n<p><strong><span class=\"has-inline-color has-black-color\">Quais seriam os maiores desafios do setor nos dias de hoje?<br><\/span><\/strong>\u2705 <strong>Volatilidade dos pre\u00e7os dos combust\u00edveis \u2014 <\/strong>a oscila\u00e7\u00e3o do pre\u00e7o do diesel \u00e9 um dos maiores desafios, pois impacta diretamente os custos operacionais. Como o repasse dessas varia\u00e7\u00f5es para os fretes n\u00e3o \u00e9 imediato, os transportadores precisam lidar com aumentos de custos que afetam a margem de lucro diretamente.<br>\u2705 <strong>Complexidade tribut\u00e1ria \u2014<\/strong> o setor de transportes enfrenta uma carga tribut\u00e1ria elevada e complexa, com varia\u00e7\u00f5es significativas entre estados. Esse cen\u00e1rio exige das empresas um controle fiscal rigoroso e constante atualiza\u00e7\u00e3o sobre mudan\u00e7as na legisla\u00e7\u00e3o.<\/p>\n\n\n\n<div class=\"wp-block-image\"><figure class=\"aligncenter size-large\"><a href=\"http:\/\/www.ferrarimaquinas.com.br\/\"><img loading=\"lazy\" decoding=\"async\" width=\"300\" height=\"250\" src=\"https:\/\/jornalfatosenoticias.com.br\/wp-content\/uploads\/2022\/02\/FERRARI_MAQUINAS-E-FERRAMENTAS2.jpg\" alt=\"\" class=\"wp-image-27860\"\/><\/a><\/figure><\/div>\n\n\n\n<p>\u2705 <strong>Infraestrutura deficiente \u2014 <\/strong>muitas rodovias brasileiras ainda est\u00e3o em m\u00e1s condi\u00e7\u00f5es, o que aumenta o desgaste da frota, eleva os custos de manuten\u00e7\u00e3o e eleva o risco de acidentes. Al\u00e9m disso, h\u00e1 uma car\u00eancia significativa de pontos de parada e espera para os motoristas descansarem. Eles, frequentemente, dependem de postos de gasolina, que nem sempre t\u00eam estrutura suficiente para absorver toda a frota, seja por falta de espa\u00e7o ou por quest\u00f5es comerciais. Soma-se a isso a inefici\u00eancia em muitos clientes, como embarcadores, que possuem per\u00edodos longos de carga e descarga, al\u00e9m da falta de banheiros adequados e estrutura de suporte para os motoristas. Esses fatores impactam a efici\u00eancia operacional e aumentam os custos das transportadoras.<\/p>\n\n\n\n<div class=\"wp-block-image\"><figure class=\"aligncenter size-large is-resized\"><a href=\"https:\/\/www.controlsystems.com.br\/\"><img loading=\"lazy\" decoding=\"async\" src=\"https:\/\/jornalfatosenoticias.com.br\/wp-content\/uploads\/2020\/02\/CONTROL-CS.jpg\" alt=\"\" class=\"wp-image-44991\" width=\"254\" height=\"304\" srcset=\"https:\/\/jornalfatosenoticias.com.br\/wp-content\/uploads\/2020\/02\/CONTROL-CS.jpg 834w, https:\/\/jornalfatosenoticias.com.br\/wp-content\/uploads\/2020\/02\/CONTROL-CS-250x300.jpg 250w, https:\/\/jornalfatosenoticias.com.br\/wp-content\/uploads\/2020\/02\/CONTROL-CS-768x921.jpg 768w\" sizes=\"auto, (max-width: 254px) 100vw, 254px\" \/><\/a><\/figure><\/div>\n\n\n\n<p>\u2705 <strong>Roubo de cargas \u2014<\/strong> a seguran\u00e7a das mercadorias continua sendo um grande desafio no setor de transportes. O roubo de cargas \u00e9 uma realidade que exige investimentos constantes em tecnologia de monitoramento, rastreamento e seguran\u00e7a. Uma das formas de combater esse problema \u00e9 a aquisi\u00e7\u00e3o e implanta\u00e7\u00e3o de sistemas nos ve\u00edculos para inibir essas a\u00e7\u00f5es. No entanto, esses equipamentos elevam os custos operacionais, tornando o frete, muitas vezes, mais elevado e gerando improdutividade, causada por rotogramas de seguran\u00e7a e excesso de regras que geram custos adicionais.<\/p>\n\n\n\n<div class=\"wp-block-image\"><figure class=\"aligncenter size-large\"><a href=\"https:\/\/www.cesconetto.com.br\/\"><img loading=\"lazy\" decoding=\"async\" width=\"300\" height=\"250\" src=\"https:\/\/jornalfatosenoticias.com.br\/wp-content\/uploads\/2022\/02\/Banner-2.png\" alt=\"\" class=\"wp-image-27877\"\/><\/a><\/figure><\/div>\n\n\n\n<p>\u2705 <strong>Concorr\u00eancia informal \u2014<\/strong> empresas que operam sem cumprir todas as regulamenta\u00e7\u00f5es distorcem o mercado de transportes, oferecendo servi\u00e7os a custos mais baixos e competindo de forma desleal. Uma solu\u00e7\u00e3o para mitigar esse problema \u00e9 a desburocratiza\u00e7\u00e3o do setor. Simplificar as legisla\u00e7\u00f5es vigentes poderia facilitar o cumprimento das normas por todas as empresas, reduzindo a informalidade e criando um ambiente mais justo e competitivo. Essa abordagem tamb\u00e9m beneficia as grandes empresas, que j\u00e1 cumprem as normas, ao reduzir a disparidade com concorrentes informais.<\/p>\n\n\n\n<div class=\"wp-block-image\"><figure class=\"aligncenter size-large\"><img loading=\"lazy\" decoding=\"async\" width=\"608\" height=\"1024\" src=\"https:\/\/jornalfatosenoticias.com.br\/wp-content\/uploads\/2025\/04\/Jolivan_empresa-608x1024.jpeg\" alt=\"\" class=\"wp-image-58818\" srcset=\"https:\/\/jornalfatosenoticias.com.br\/wp-content\/uploads\/2025\/04\/Jolivan_empresa-608x1024.jpeg 608w, https:\/\/jornalfatosenoticias.com.br\/wp-content\/uploads\/2025\/04\/Jolivan_empresa-178x300.jpeg 178w, https:\/\/jornalfatosenoticias.com.br\/wp-content\/uploads\/2025\/04\/Jolivan_empresa.jpeg 715w\" sizes=\"auto, (max-width: 608px) 100vw, 608px\" \/><figcaption><em><span class=\"has-inline-color has-black-color\">(Foto: Ascom Jolivan)<\/span><\/em><\/figcaption><\/figure><\/div>\n\n\n\n<p><strong><span class=\"has-inline-color has-black-color\">De que forma o empres\u00e1rio do setor de transportes e log\u00edstica vem colaborando para a constru\u00e7\u00e3o da nossa infraestrutura?<br><\/span><\/strong>O empres\u00e1rio do setor de transportes e log\u00edstica tem um papel essencial na constru\u00e7\u00e3o da infraestrutura do pa\u00eds, mesmo que, muitas vezes, isso n\u00e3o seja percebido de forma direta, atrav\u00e9s de investimentos privados em frota e tecnologia. Enquanto o setor p\u00fablico investe em rodovias, o empres\u00e1rio investe constantemente em ve\u00edculos, sistemas de rastreamento, centros de distribui\u00e7\u00e3o e capacita\u00e7\u00e3o profissional, contribuindo para uma malha log\u00edstica mais moderna e eficiente.<\/p>\n\n\n\n<div class=\"wp-block-image\"><figure class=\"aligncenter size-large is-resized\"><a href=\"https:\/\/www.instagram.com\/gruposei\/\"><img loading=\"lazy\" decoding=\"async\" src=\"https:\/\/jornalfatosenoticias.com.br\/wp-content\/uploads\/2022\/07\/Logo-Grupo-SEI.jpg\" alt=\"\" class=\"wp-image-31973\" width=\"339\" height=\"178\" srcset=\"https:\/\/jornalfatosenoticias.com.br\/wp-content\/uploads\/2022\/07\/Logo-Grupo-SEI.jpg 713w, https:\/\/jornalfatosenoticias.com.br\/wp-content\/uploads\/2022\/07\/Logo-Grupo-SEI-300x158.jpg 300w\" sizes=\"auto, (max-width: 339px) 100vw, 339px\" \/><\/a><\/figure><\/div>\n\n\n\n<p>\u2705 <strong>No desenvolvimento regional. <\/strong>Ao atender regi\u00f5es menos acess\u00edveis, os empres\u00e1rios promovem o desenvolvimento local, gerando empregos e incentivando o com\u00e9rcio. Isso contribui para a melhoria da infraestrutura nessas \u00e1reas.<br>\u2705 <strong>Nas parcerias p\u00fablico-privadas (PPPs).<\/strong> Empres\u00e1rios frequentemente colaboram com o poder p\u00fablico em projetos de infraestrutura, como concess\u00f5es de rodovias e investimentos em portos, aeroportos e ferrovias.<\/p>\n\n\n\n<div class=\"wp-block-image\"><figure class=\"aligncenter size-large is-resized\"><a href=\"https:\/\/www.legisjuris.com.br\/\"><img loading=\"lazy\" decoding=\"async\" src=\"https:\/\/jornalfatosenoticias.com.br\/wp-content\/uploads\/2024\/09\/Legis-Juris-Consultoria_logo.jpg\" alt=\"\" class=\"wp-image-53915\" width=\"482\" height=\"202\" srcset=\"https:\/\/jornalfatosenoticias.com.br\/wp-content\/uploads\/2024\/09\/Legis-Juris-Consultoria_logo.jpg 969w, https:\/\/jornalfatosenoticias.com.br\/wp-content\/uploads\/2024\/09\/Legis-Juris-Consultoria_logo-300x126.jpg 300w, https:\/\/jornalfatosenoticias.com.br\/wp-content\/uploads\/2024\/09\/Legis-Juris-Consultoria_logo-768x322.jpg 768w\" sizes=\"auto, (max-width: 482px) 100vw, 482px\" \/><\/a><\/figure><\/div>\n\n\n\n<p>\u2705 <strong>Com inova\u00e7\u00e3o e sustentabilidade.<\/strong> Investindo em pr\u00e1ticas mais sustent\u00e1veis, como frotas menos poluentes, o empres\u00e1rio contribui para a moderniza\u00e7\u00e3o do setor e para a constru\u00e7\u00e3o de uma infraestrutura mais eficiente e sustent\u00e1vel.<br>\u2705 <strong>Supera\u00e7\u00e3o de desafios.<\/strong> O setor de transporte, muitas vezes, \u00e9 visto como um patinho feio do desenvolvimento, devido aos desafios ambientais e operacionais, no entanto, ele \u00e9 um verdadeiro desbravador, encontrando solu\u00e7\u00f5es para os problemas do pa\u00eds e garantindo que a economia continue em movimento. Sem o transporte terrestre, o Brasil simplesmente pararia, mostrando o papel crucial do setor na supera\u00e7\u00e3o dos desafios log\u00edsticos e no suporte ao desenvolvimento nacional.<\/p>\n\n\n\n<div class=\"wp-block-image\"><figure class=\"aligncenter size-large is-resized\"><a href=\"https:\/\/panper.com.br\/\"><img loading=\"lazy\" decoding=\"async\" src=\"https:\/\/jornalfatosenoticias.com.br\/wp-content\/uploads\/2023\/03\/logo-Panper_portal.jpg\" alt=\"\" class=\"wp-image-40208\" width=\"318\" height=\"220\" srcset=\"https:\/\/jornalfatosenoticias.com.br\/wp-content\/uploads\/2023\/03\/logo-Panper_portal.jpg 400w, https:\/\/jornalfatosenoticias.com.br\/wp-content\/uploads\/2023\/03\/logo-Panper_portal-300x208.jpg 300w\" sizes=\"auto, (max-width: 318px) 100vw, 318px\" \/><\/a><\/figure><\/div>\n\n\n\n<p><strong><span class=\"has-inline-color has-black-color\">Como diretor suplente do Sindicato das Empresas de Transporte de Cargas e Log\u00edstica do ES (Transcares), voc\u00ea acredita que as institui\u00e7\u00f5es associativas s\u00e3o importantes para ajudar a impulsionar o setor?<br><\/span><\/strong>Sim, as institui\u00e7\u00f5es como o Transcares t\u00eam um papel fundamental no fortalecimento e na valoriza\u00e7\u00e3o do setor. Elas atuam como ponte entre as empresas e o poder p\u00fablico, levando as demandas do setor, defendendo interesses coletivos e ajudando na constru\u00e7\u00e3o de pol\u00edticas que realmente reflitam a realidade do transporte rodovi\u00e1rio de cargas.<\/p>\n\n\n\n<div class=\"wp-block-image\"><figure class=\"aligncenter size-large is-resized\"><a href=\"https:\/\/hotelmarquetti.com.br\/\"><img loading=\"lazy\" decoding=\"async\" src=\"https:\/\/jornalfatosenoticias.com.br\/wp-content\/uploads\/2020\/02\/LOGO-MQ-1024x680.jpg\" alt=\"\" class=\"wp-image-58299\" width=\"343\" height=\"228\" srcset=\"https:\/\/jornalfatosenoticias.com.br\/wp-content\/uploads\/2020\/02\/LOGO-MQ-1024x680.jpg 1024w, https:\/\/jornalfatosenoticias.com.br\/wp-content\/uploads\/2020\/02\/LOGO-MQ-300x199.jpg 300w, https:\/\/jornalfatosenoticias.com.br\/wp-content\/uploads\/2020\/02\/LOGO-MQ-768x510.jpg 768w, https:\/\/jornalfatosenoticias.com.br\/wp-content\/uploads\/2020\/02\/LOGO-MQ-1536x1020.jpg 1536w, https:\/\/jornalfatosenoticias.com.br\/wp-content\/uploads\/2020\/02\/LOGO-MQ-2048x1360.jpg 2048w\" sizes=\"auto, (max-width: 343px) 100vw, 343px\" \/><\/a><\/figure><\/div>\n\n\n\n<p>Al\u00e9m disso, promovem capacita\u00e7\u00e3o, eventos t\u00e9cnicos, debates e iniciativas que ajudam os empres\u00e1rios a se atualizarem, trocarem experi\u00eancias e buscarem solu\u00e7\u00f5es conjuntas para os desafios enfrentados no dia a dia.<\/p>\n\n\n\n<div class=\"wp-block-image\"><figure class=\"aligncenter size-large\"><img loading=\"lazy\" decoding=\"async\" width=\"715\" height=\"1017\" src=\"https:\/\/jornalfatosenoticias.com.br\/wp-content\/uploads\/2025\/04\/Jolivan_mapa.jpeg\" alt=\"\" class=\"wp-image-58819\" srcset=\"https:\/\/jornalfatosenoticias.com.br\/wp-content\/uploads\/2025\/04\/Jolivan_mapa.jpeg 715w, https:\/\/jornalfatosenoticias.com.br\/wp-content\/uploads\/2025\/04\/Jolivan_mapa-211x300.jpeg 211w\" sizes=\"auto, (max-width: 715px) 100vw, 715px\" \/><figcaption><em><span class=\"has-inline-color has-black-color\">(Foto: Ascom Jolivan)<\/span><\/em><\/figcaption><\/figure><\/div>\n\n\n\n<p><strong><span class=\"has-inline-color has-black-color\">Os governos est\u00e3o fazendo o dever de casa?<br><\/span><\/strong>Os governos t\u00eam feito avan\u00e7os pontuais, mas ainda est\u00e3o longe de cumprir totalmente o seu papel quando se trata da infraestrutura e das condi\u00e7\u00f5es necess\u00e1rias para o desenvolvimento sustent\u00e1vel do setor de transportes. Em muitos casos, as melhorias em rodovias, incentivos \u00e0 moderniza\u00e7\u00e3o log\u00edstica ou at\u00e9 mesmo a desburocratiza\u00e7\u00e3o de processos ainda s\u00e3o lentas ou insuficientes. Gerando a sensa\u00e7\u00e3o de que a solu\u00e7\u00e3o \u00e9 \u00fanica e exclusiva do setor privado, nesse caso dos transportadores, aut\u00f4nomos e motoristas.<\/p>\n\n\n\n<div class=\"wp-block-image\"><figure class=\"aligncenter size-large is-resized\"><a href=\"https:\/\/www.facebook.com\/postobkr\/?locale=pt_BR\"><img loading=\"lazy\" decoding=\"async\" src=\"https:\/\/jornalfatosenoticias.com.br\/wp-content\/uploads\/2023\/08\/BKR-1024x1021.jpg\" alt=\"\" class=\"wp-image-44494\" width=\"293\" height=\"292\" srcset=\"https:\/\/jornalfatosenoticias.com.br\/wp-content\/uploads\/2023\/08\/BKR-1024x1021.jpg 1024w, https:\/\/jornalfatosenoticias.com.br\/wp-content\/uploads\/2023\/08\/BKR-300x300.jpg 300w, https:\/\/jornalfatosenoticias.com.br\/wp-content\/uploads\/2023\/08\/BKR-150x150.jpg 150w, https:\/\/jornalfatosenoticias.com.br\/wp-content\/uploads\/2023\/08\/BKR-768x766.jpg 768w, https:\/\/jornalfatosenoticias.com.br\/wp-content\/uploads\/2023\/08\/BKR.jpg 1080w\" sizes=\"auto, (max-width: 293px) 100vw, 293px\" \/><\/a><\/figure><\/div>\n\n\n\n<p>O que precisamos \u00e9 de um planejamento de longo prazo, com investimentos consistentes, solu\u00e7\u00f5es reais e pr\u00e1ticas, pol\u00edticas p\u00fablicas mais conectadas \u00e0 realidade do transportador e, acima de tudo, escuta ativa dos \u00f3rg\u00e3os p\u00fablicos. O transporte \u00e9 vital para a economia do pa\u00eds!<\/p>\n\n\n\n<div class=\"wp-block-image\"><figure class=\"aligncenter size-large is-resized\"><a href=\"https:\/\/www.instagram.com\/restaurantepegoretti\/\"><img loading=\"lazy\" decoding=\"async\" src=\"https:\/\/jornalfatosenoticias.com.br\/wp-content\/uploads\/2023\/12\/pegoretti-logo-pdf-1024x389.jpg\" alt=\"\" class=\"wp-image-47536\" width=\"488\" height=\"185\" srcset=\"https:\/\/jornalfatosenoticias.com.br\/wp-content\/uploads\/2023\/12\/pegoretti-logo-pdf-1024x389.jpg 1024w, https:\/\/jornalfatosenoticias.com.br\/wp-content\/uploads\/2023\/12\/pegoretti-logo-pdf-300x114.jpg 300w, https:\/\/jornalfatosenoticias.com.br\/wp-content\/uploads\/2023\/12\/pegoretti-logo-pdf-768x291.jpg 768w, https:\/\/jornalfatosenoticias.com.br\/wp-content\/uploads\/2023\/12\/pegoretti-logo-pdf.jpg 1120w\" sizes=\"auto, (max-width: 488px) 100vw, 488px\" \/><\/a><\/figure><\/div>\n\n\n\n<p><strong><span class=\"has-inline-color has-black-color\">Por fim, sabemos que mais de 60% dos produtos no pa\u00eds s\u00e3o transportados pelas estradas. Com os investimentos portu\u00e1rios e industriais da iniciativa privada no Norte e Sul do estado, estar\u00edamos preparados para tal?<br><\/span><\/strong>Atualmente, aproximadamente 64% das cargas no Brasil s\u00e3o transportadas por rodovias, evidenciando a forte depend\u00eancia desse modal no pa\u00eds. Os investimentos portu\u00e1rios e industriais no Norte e Sul do Esp\u00edrito Santo s\u00e3o extremamente positivos e t\u00eam o potencial de impulsionar a economia regional e gerar benef\u00edcios para todo o territ\u00f3rio nacional (exemplo, o Porto Central).<br>No entanto, para que esses investimentos sejam plenamente aproveitados, \u00e9 fundamental que haja um planejamento log\u00edstico integrado. Isso inclui melhorias na infraestrutura rodovi\u00e1ria, como duplica\u00e7\u00e3o de vias, manuten\u00e7\u00e3o adequada e expans\u00e3o da malha vi\u00e1ria, al\u00e9m da integra\u00e7\u00e3o com outros modais de transporte, como ferrovias e hidrovias.<\/p>\n\n\n\n<div class=\"wp-block-image\"><figure class=\"aligncenter size-large is-resized\"><a href=\"https:\/\/www.instagram.com\/esteiochurrascaria\/\"><img loading=\"lazy\" decoding=\"async\" src=\"https:\/\/jornalfatosenoticias.com.br\/wp-content\/uploads\/2022\/02\/LOGO-ESTEIO-1024x730.png\" alt=\"\" class=\"wp-image-27942\" width=\"323\" height=\"230\" srcset=\"https:\/\/jornalfatosenoticias.com.br\/wp-content\/uploads\/2022\/02\/LOGO-ESTEIO-1024x730.png 1024w, https:\/\/jornalfatosenoticias.com.br\/wp-content\/uploads\/2022\/02\/LOGO-ESTEIO-300x214.png 300w, https:\/\/jornalfatosenoticias.com.br\/wp-content\/uploads\/2022\/02\/LOGO-ESTEIO-768x548.png 768w, https:\/\/jornalfatosenoticias.com.br\/wp-content\/uploads\/2022\/02\/LOGO-ESTEIO.png 1123w\" sizes=\"auto, (max-width: 323px) 100vw, 323px\" \/><\/a><\/figure><\/div>\n\n\n\n<p>Sem essas melhorias e solu\u00e7\u00f5es integradas, corremos o risco de enfrentar gargalos log\u00edsticos que podem comprometer a efici\u00eancia do escoamento de mercadorias, afetando a competitividade das empresas e o desenvolvimento econ\u00f4mico da regi\u00e3o. Portanto, \u00e9 essencial que os setores p\u00fablicos e privados trabalhem juntos para garantir que a infraestrutura acompanhe o crescimento industrial e portu\u00e1rio do estado.<\/p>\n","protected":false},"excerpt":{"rendered":"<p>Como um dos pilares b\u00e1sicos para o desenvolvimento do nosso estado e do pa\u00eds, o transporte vem, por d\u00e9cadas, mostrando sua capacidade de recria\u00e7\u00e3o e for\u00e7a de romper, a todo momento, os mais variados obst\u00e1culos, desde as oscila\u00e7\u00f5es de pre\u00e7os dos combust\u00edveis at\u00e9 \u00e0s p\u00e9ssimas condi\u00e7\u00f5es da nossa malha vi\u00e1ria.Para Ramon Zuqui Paganini, diretor comercial [&hellip;]<\/p>\n","protected":false},"author":3,"featured_media":58820,"comment_status":"open","ping_status":"open","sticky":false,"template":"","format":"standard","meta":{"footnotes":""},"categories":[9],"tags":[26844,26843,26842,26241,26846,26847,26845],"class_list":["post-58816","post","type-post","status-publish","format-standard","has-post-thumbnail","hentry","category-economia","tag-gigante-capixaba","tag-jolivan","tag-ramon-zuqui-paganini","tag-transcares","tag-transportadora-jolivan","tag-transporte-e-logistica","tag-transporte-rodoviario-de-cargas"],"yoast_head":"<!-- This site is optimized with the Yoast SEO plugin v26.5 - https:\/\/yoast.com\/wordpress\/plugins\/seo\/ -->\n<title>Transportadora Jolivan, uma gigante capixaba do setor de transporte rodovi\u00e1rio de cargas - Jornal Fatos e Not\u00edcias<\/title>\n<meta name=\"robots\" content=\"index, follow, max-snippet:-1, max-image-preview:large, max-video-preview:-1\" \/>\n<link rel=\"canonical\" href=\"https:\/\/jornalfatosenoticias.com.br\/index.php\/2025\/04\/29\/transportadora-jolivan-uma-gigante-capixaba-do-setor-de-transporte-rodoviario-de-cargas\/\" \/>\n<meta property=\"og:locale\" content=\"pt_BR\" \/>\n<meta property=\"og:type\" content=\"article\" \/>\n<meta property=\"og:title\" content=\"Transportadora Jolivan, uma gigante capixaba do setor de transporte rodovi\u00e1rio de cargas - Jornal Fatos e Not\u00edcias\" \/>\n<meta property=\"og:description\" content=\"Como um dos pilares b\u00e1sicos para o desenvolvimento do nosso estado e do pa\u00eds, o transporte vem, por d\u00e9cadas, mostrando sua capacidade de recria\u00e7\u00e3o e for\u00e7a de romper, a todo momento, os mais variados obst\u00e1culos, desde as oscila\u00e7\u00f5es de pre\u00e7os dos combust\u00edveis at\u00e9 \u00e0s p\u00e9ssimas condi\u00e7\u00f5es da nossa malha vi\u00e1ria.Para Ramon Zuqui Paganini, diretor comercial [&hellip;]\" \/>\n<meta property=\"og:url\" content=\"https:\/\/jornalfatosenoticias.com.br\/index.php\/2025\/04\/29\/transportadora-jolivan-uma-gigante-capixaba-do-setor-de-transporte-rodoviario-de-cargas\/\" \/>\n<meta property=\"og:site_name\" content=\"Jornal Fatos e Not\u00edcias\" \/>\n<meta property=\"article:published_time\" content=\"2025-04-29T13:48:09+00:00\" \/>\n<meta property=\"article:modified_time\" content=\"2025-04-29T13:48:10+00:00\" \/>\n<meta property=\"og:image\" content=\"https:\/\/jornalfatosenoticias.com.br\/wp-content\/uploads\/2025\/04\/Jolivan.jpeg\" \/>\n\t<meta property=\"og:image:width\" content=\"1000\" \/>\n\t<meta property=\"og:image:height\" content=\"494\" \/>\n\t<meta property=\"og:image:type\" content=\"image\/jpeg\" \/>\n<meta name=\"author\" content=\"Haroldo Filho\" \/>\n<meta name=\"twitter:card\" content=\"summary_large_image\" \/>\n<meta name=\"twitter:label1\" content=\"Escrito por\" \/>\n\t<meta name=\"twitter:data1\" content=\"Haroldo Filho\" \/>\n\t<meta name=\"twitter:label2\" content=\"Est. tempo de leitura\" \/>\n\t<meta name=\"twitter:data2\" content=\"8 minutos\" \/>\n<script type=\"application\/ld+json\" class=\"yoast-schema-graph\">{\"@context\":\"https:\/\/schema.org\",\"@graph\":[{\"@type\":\"Article\",\"@id\":\"https:\/\/jornalfatosenoticias.com.br\/index.php\/2025\/04\/29\/transportadora-jolivan-uma-gigante-capixaba-do-setor-de-transporte-rodoviario-de-cargas\/#article\",\"isPartOf\":{\"@id\":\"https:\/\/jornalfatosenoticias.com.br\/index.php\/2025\/04\/29\/transportadora-jolivan-uma-gigante-capixaba-do-setor-de-transporte-rodoviario-de-cargas\/\"},\"author\":{\"name\":\"Haroldo Filho\",\"@id\":\"https:\/\/jornalfatosenoticias.com.br\/#\/schema\/person\/05c46cc25b42a5c27e004fb0fa6b4965\"},\"headline\":\"Transportadora Jolivan, uma gigante capixaba do setor de transporte rodovi\u00e1rio de cargas\",\"datePublished\":\"2025-04-29T13:48:09+00:00\",\"dateModified\":\"2025-04-29T13:48:10+00:00\",\"mainEntityOfPage\":{\"@id\":\"https:\/\/jornalfatosenoticias.com.br\/index.php\/2025\/04\/29\/transportadora-jolivan-uma-gigante-capixaba-do-setor-de-transporte-rodoviario-de-cargas\/\"},\"wordCount\":1647,\"commentCount\":0,\"publisher\":{\"@id\":\"https:\/\/jornalfatosenoticias.com.br\/#organization\"},\"image\":{\"@id\":\"https:\/\/jornalfatosenoticias.com.br\/index.php\/2025\/04\/29\/transportadora-jolivan-uma-gigante-capixaba-do-setor-de-transporte-rodoviario-de-cargas\/#primaryimage\"},\"thumbnailUrl\":\"https:\/\/jornalfatosenoticias.com.br\/wp-content\/uploads\/2025\/04\/Jolivan.jpeg\",\"keywords\":[\"gigante capixaba\",\"Jolivan\",\"Ramon Zuqui Paganini\",\"Transcares\",\"Transportadora Jolivan\",\"transporte e log\u00edstica\",\"transporte rodovi\u00e1rio de cargas\"],\"articleSection\":[\"Economia\"],\"inLanguage\":\"pt-BR\",\"potentialAction\":[{\"@type\":\"CommentAction\",\"name\":\"Comment\",\"target\":[\"https:\/\/jornalfatosenoticias.com.br\/index.php\/2025\/04\/29\/transportadora-jolivan-uma-gigante-capixaba-do-setor-de-transporte-rodoviario-de-cargas\/#respond\"]}]},{\"@type\":\"WebPage\",\"@id\":\"https:\/\/jornalfatosenoticias.com.br\/index.php\/2025\/04\/29\/transportadora-jolivan-uma-gigante-capixaba-do-setor-de-transporte-rodoviario-de-cargas\/\",\"url\":\"https:\/\/jornalfatosenoticias.com.br\/index.php\/2025\/04\/29\/transportadora-jolivan-uma-gigante-capixaba-do-setor-de-transporte-rodoviario-de-cargas\/\",\"name\":\"Transportadora Jolivan, uma gigante capixaba do setor de transporte rodovi\u00e1rio de cargas - Jornal Fatos e Not\u00edcias\",\"isPartOf\":{\"@id\":\"https:\/\/jornalfatosenoticias.com.br\/#website\"},\"primaryImageOfPage\":{\"@id\":\"https:\/\/jornalfatosenoticias.com.br\/index.php\/2025\/04\/29\/transportadora-jolivan-uma-gigante-capixaba-do-setor-de-transporte-rodoviario-de-cargas\/#primaryimage\"},\"image\":{\"@id\":\"https:\/\/jornalfatosenoticias.com.br\/index.php\/2025\/04\/29\/transportadora-jolivan-uma-gigante-capixaba-do-setor-de-transporte-rodoviario-de-cargas\/#primaryimage\"},\"thumbnailUrl\":\"https:\/\/jornalfatosenoticias.com.br\/wp-content\/uploads\/2025\/04\/Jolivan.jpeg\",\"datePublished\":\"2025-04-29T13:48:09+00:00\",\"dateModified\":\"2025-04-29T13:48:10+00:00\",\"breadcrumb\":{\"@id\":\"https:\/\/jornalfatosenoticias.com.br\/index.php\/2025\/04\/29\/transportadora-jolivan-uma-gigante-capixaba-do-setor-de-transporte-rodoviario-de-cargas\/#breadcrumb\"},\"inLanguage\":\"pt-BR\",\"potentialAction\":[{\"@type\":\"ReadAction\",\"target\":[\"https:\/\/jornalfatosenoticias.com.br\/index.php\/2025\/04\/29\/transportadora-jolivan-uma-gigante-capixaba-do-setor-de-transporte-rodoviario-de-cargas\/\"]}]},{\"@type\":\"ImageObject\",\"inLanguage\":\"pt-BR\",\"@id\":\"https:\/\/jornalfatosenoticias.com.br\/index.php\/2025\/04\/29\/transportadora-jolivan-uma-gigante-capixaba-do-setor-de-transporte-rodoviario-de-cargas\/#primaryimage\",\"url\":\"https:\/\/jornalfatosenoticias.com.br\/wp-content\/uploads\/2025\/04\/Jolivan.jpeg\",\"contentUrl\":\"https:\/\/jornalfatosenoticias.com.br\/wp-content\/uploads\/2025\/04\/Jolivan.jpeg\",\"width\":1000,\"height\":494},{\"@type\":\"BreadcrumbList\",\"@id\":\"https:\/\/jornalfatosenoticias.com.br\/index.php\/2025\/04\/29\/transportadora-jolivan-uma-gigante-capixaba-do-setor-de-transporte-rodoviario-de-cargas\/#breadcrumb\",\"itemListElement\":[{\"@type\":\"ListItem\",\"position\":1,\"name\":\"In\u00edcio\",\"item\":\"https:\/\/jornalfatosenoticias.com.br\/\"},{\"@type\":\"ListItem\",\"position\":2,\"name\":\"Transportadora Jolivan, uma gigante capixaba do setor de transporte rodovi\u00e1rio de cargas\"}]},{\"@type\":\"WebSite\",\"@id\":\"https:\/\/jornalfatosenoticias.com.br\/#website\",\"url\":\"https:\/\/jornalfatosenoticias.com.br\/\",\"name\":\"Jornal Fatos e Not\u00edcias\",\"description\":\"Not\u00edcias em geral\",\"publisher\":{\"@id\":\"https:\/\/jornalfatosenoticias.com.br\/#organization\"},\"potentialAction\":[{\"@type\":\"SearchAction\",\"target\":{\"@type\":\"EntryPoint\",\"urlTemplate\":\"https:\/\/jornalfatosenoticias.com.br\/?s={search_term_string}\"},\"query-input\":{\"@type\":\"PropertyValueSpecification\",\"valueRequired\":true,\"valueName\":\"search_term_string\"}}],\"inLanguage\":\"pt-BR\"},{\"@type\":\"Organization\",\"@id\":\"https:\/\/jornalfatosenoticias.com.br\/#organization\",\"name\":\"Jornal Fatos e Not\u00edcias\",\"url\":\"https:\/\/jornalfatosenoticias.com.br\/\",\"logo\":{\"@type\":\"ImageObject\",\"inLanguage\":\"pt-BR\",\"@id\":\"https:\/\/jornalfatosenoticias.com.br\/#\/schema\/logo\/image\/\",\"url\":\"https:\/\/jornalfatosenoticias.com.br\/wp-content\/uploads\/2020\/02\/logo120.png\",\"contentUrl\":\"https:\/\/jornalfatosenoticias.com.br\/wp-content\/uploads\/2020\/02\/logo120.png\",\"width\":1227,\"height\":120,\"caption\":\"Jornal Fatos e Not\u00edcias\"},\"image\":{\"@id\":\"https:\/\/jornalfatosenoticias.com.br\/#\/schema\/logo\/image\/\"}},{\"@type\":\"Person\",\"@id\":\"https:\/\/jornalfatosenoticias.com.br\/#\/schema\/person\/05c46cc25b42a5c27e004fb0fa6b4965\",\"name\":\"Haroldo Filho\",\"image\":{\"@type\":\"ImageObject\",\"inLanguage\":\"pt-BR\",\"@id\":\"https:\/\/jornalfatosenoticias.com.br\/#\/schema\/person\/image\/\",\"url\":\"https:\/\/jornalfatosenoticias.com.br\/wp-content\/uploads\/2025\/08\/WhatsApp-Image-2025-08-18-at-15.30.28-150x150.jpeg\",\"contentUrl\":\"https:\/\/jornalfatosenoticias.com.br\/wp-content\/uploads\/2025\/08\/WhatsApp-Image-2025-08-18-at-15.30.28-150x150.jpeg\",\"caption\":\"Haroldo Filho\"},\"description\":\"Jornalista \u2013 DRT: 0003818\/ES Coordenador-geral da ONG Educar para Crescer\",\"url\":\"https:\/\/jornalfatosenoticias.com.br\/index.php\/author\/haroldo\/\"}]}<\/script>\n<!-- \/ Yoast SEO plugin. -->","yoast_head_json":{"title":"Transportadora Jolivan, uma gigante capixaba do setor de transporte rodovi\u00e1rio de cargas - Jornal Fatos e Not\u00edcias","robots":{"index":"index","follow":"follow","max-snippet":"max-snippet:-1","max-image-preview":"max-image-preview:large","max-video-preview":"max-video-preview:-1"},"canonical":"https:\/\/jornalfatosenoticias.com.br\/index.php\/2025\/04\/29\/transportadora-jolivan-uma-gigante-capixaba-do-setor-de-transporte-rodoviario-de-cargas\/","og_locale":"pt_BR","og_type":"article","og_title":"Transportadora Jolivan, uma gigante capixaba do setor de transporte rodovi\u00e1rio de cargas - Jornal Fatos e Not\u00edcias","og_description":"Como um dos pilares b\u00e1sicos para o desenvolvimento do nosso estado e do pa\u00eds, o transporte vem, por d\u00e9cadas, mostrando sua capacidade de recria\u00e7\u00e3o e for\u00e7a de romper, a todo momento, os mais variados obst\u00e1culos, desde as oscila\u00e7\u00f5es de pre\u00e7os dos combust\u00edveis at\u00e9 \u00e0s p\u00e9ssimas condi\u00e7\u00f5es da nossa malha vi\u00e1ria.Para Ramon Zuqui Paganini, diretor comercial [&hellip;]","og_url":"https:\/\/jornalfatosenoticias.com.br\/index.php\/2025\/04\/29\/transportadora-jolivan-uma-gigante-capixaba-do-setor-de-transporte-rodoviario-de-cargas\/","og_site_name":"Jornal Fatos e Not\u00edcias","article_published_time":"2025-04-29T13:48:09+00:00","article_modified_time":"2025-04-29T13:48:10+00:00","og_image":[{"width":1000,"height":494,"url":"https:\/\/jornalfatosenoticias.com.br\/wp-content\/uploads\/2025\/04\/Jolivan.jpeg","type":"image\/jpeg"}],"author":"Haroldo Filho","twitter_card":"summary_large_image","twitter_misc":{"Escrito por":"Haroldo Filho","Est. tempo de leitura":"8 minutos"},"schema":{"@context":"https:\/\/schema.org","@graph":[{"@type":"Article","@id":"https:\/\/jornalfatosenoticias.com.br\/index.php\/2025\/04\/29\/transportadora-jolivan-uma-gigante-capixaba-do-setor-de-transporte-rodoviario-de-cargas\/#article","isPartOf":{"@id":"https:\/\/jornalfatosenoticias.com.br\/index.php\/2025\/04\/29\/transportadora-jolivan-uma-gigante-capixaba-do-setor-de-transporte-rodoviario-de-cargas\/"},"author":{"name":"Haroldo Filho","@id":"https:\/\/jornalfatosenoticias.com.br\/#\/schema\/person\/05c46cc25b42a5c27e004fb0fa6b4965"},"headline":"Transportadora Jolivan, uma gigante capixaba do setor de transporte rodovi\u00e1rio de cargas","datePublished":"2025-04-29T13:48:09+00:00","dateModified":"2025-04-29T13:48:10+00:00","mainEntityOfPage":{"@id":"https:\/\/jornalfatosenoticias.com.br\/index.php\/2025\/04\/29\/transportadora-jolivan-uma-gigante-capixaba-do-setor-de-transporte-rodoviario-de-cargas\/"},"wordCount":1647,"commentCount":0,"publisher":{"@id":"https:\/\/jornalfatosenoticias.com.br\/#organization"},"image":{"@id":"https:\/\/jornalfatosenoticias.com.br\/index.php\/2025\/04\/29\/transportadora-jolivan-uma-gigante-capixaba-do-setor-de-transporte-rodoviario-de-cargas\/#primaryimage"},"thumbnailUrl":"https:\/\/jornalfatosenoticias.com.br\/wp-content\/uploads\/2025\/04\/Jolivan.jpeg","keywords":["gigante capixaba","Jolivan","Ramon Zuqui Paganini","Transcares","Transportadora Jolivan","transporte e log\u00edstica","transporte rodovi\u00e1rio de cargas"],"articleSection":["Economia"],"inLanguage":"pt-BR","potentialAction":[{"@type":"CommentAction","name":"Comment","target":["https:\/\/jornalfatosenoticias.com.br\/index.php\/2025\/04\/29\/transportadora-jolivan-uma-gigante-capixaba-do-setor-de-transporte-rodoviario-de-cargas\/#respond"]}]},{"@type":"WebPage","@id":"https:\/\/jornalfatosenoticias.com.br\/index.php\/2025\/04\/29\/transportadora-jolivan-uma-gigante-capixaba-do-setor-de-transporte-rodoviario-de-cargas\/","url":"https:\/\/jornalfatosenoticias.com.br\/index.php\/2025\/04\/29\/transportadora-jolivan-uma-gigante-capixaba-do-setor-de-transporte-rodoviario-de-cargas\/","name":"Transportadora Jolivan, uma gigante capixaba do setor de transporte rodovi\u00e1rio de cargas - Jornal Fatos e Not\u00edcias","isPartOf":{"@id":"https:\/\/jornalfatosenoticias.com.br\/#website"},"primaryImageOfPage":{"@id":"https:\/\/jornalfatosenoticias.com.br\/index.php\/2025\/04\/29\/transportadora-jolivan-uma-gigante-capixaba-do-setor-de-transporte-rodoviario-de-cargas\/#primaryimage"},"image":{"@id":"https:\/\/jornalfatosenoticias.com.br\/index.php\/2025\/04\/29\/transportadora-jolivan-uma-gigante-capixaba-do-setor-de-transporte-rodoviario-de-cargas\/#primaryimage"},"thumbnailUrl":"https:\/\/jornalfatosenoticias.com.br\/wp-content\/uploads\/2025\/04\/Jolivan.jpeg","datePublished":"2025-04-29T13:48:09+00:00","dateModified":"2025-04-29T13:48:10+00:00","breadcrumb":{"@id":"https:\/\/jornalfatosenoticias.com.br\/index.php\/2025\/04\/29\/transportadora-jolivan-uma-gigante-capixaba-do-setor-de-transporte-rodoviario-de-cargas\/#breadcrumb"},"inLanguage":"pt-BR","potentialAction":[{"@type":"ReadAction","target":["https:\/\/jornalfatosenoticias.com.br\/index.php\/2025\/04\/29\/transportadora-jolivan-uma-gigante-capixaba-do-setor-de-transporte-rodoviario-de-cargas\/"]}]},{"@type":"ImageObject","inLanguage":"pt-BR","@id":"https:\/\/jornalfatosenoticias.com.br\/index.php\/2025\/04\/29\/transportadora-jolivan-uma-gigante-capixaba-do-setor-de-transporte-rodoviario-de-cargas\/#primaryimage","url":"https:\/\/jornalfatosenoticias.com.br\/wp-content\/uploads\/2025\/04\/Jolivan.jpeg","contentUrl":"https:\/\/jornalfatosenoticias.com.br\/wp-content\/uploads\/2025\/04\/Jolivan.jpeg","width":1000,"height":494},{"@type":"BreadcrumbList","@id":"https:\/\/jornalfatosenoticias.com.br\/index.php\/2025\/04\/29\/transportadora-jolivan-uma-gigante-capixaba-do-setor-de-transporte-rodoviario-de-cargas\/#breadcrumb","itemListElement":[{"@type":"ListItem","position":1,"name":"In\u00edcio","item":"https:\/\/jornalfatosenoticias.com.br\/"},{"@type":"ListItem","position":2,"name":"Transportadora Jolivan, uma gigante capixaba do setor de transporte rodovi\u00e1rio de cargas"}]},{"@type":"WebSite","@id":"https:\/\/jornalfatosenoticias.com.br\/#website","url":"https:\/\/jornalfatosenoticias.com.br\/","name":"Jornal Fatos e Not\u00edcias","description":"Not\u00edcias em geral","publisher":{"@id":"https:\/\/jornalfatosenoticias.com.br\/#organization"},"potentialAction":[{"@type":"SearchAction","target":{"@type":"EntryPoint","urlTemplate":"https:\/\/jornalfatosenoticias.com.br\/?s={search_term_string}"},"query-input":{"@type":"PropertyValueSpecification","valueRequired":true,"valueName":"search_term_string"}}],"inLanguage":"pt-BR"},{"@type":"Organization","@id":"https:\/\/jornalfatosenoticias.com.br\/#organization","name":"Jornal Fatos e Not\u00edcias","url":"https:\/\/jornalfatosenoticias.com.br\/","logo":{"@type":"ImageObject","inLanguage":"pt-BR","@id":"https:\/\/jornalfatosenoticias.com.br\/#\/schema\/logo\/image\/","url":"https:\/\/jornalfatosenoticias.com.br\/wp-content\/uploads\/2020\/02\/logo120.png","contentUrl":"https:\/\/jornalfatosenoticias.com.br\/wp-content\/uploads\/2020\/02\/logo120.png","width":1227,"height":120,"caption":"Jornal Fatos e Not\u00edcias"},"image":{"@id":"https:\/\/jornalfatosenoticias.com.br\/#\/schema\/logo\/image\/"}},{"@type":"Person","@id":"https:\/\/jornalfatosenoticias.com.br\/#\/schema\/person\/05c46cc25b42a5c27e004fb0fa6b4965","name":"Haroldo Filho","image":{"@type":"ImageObject","inLanguage":"pt-BR","@id":"https:\/\/jornalfatosenoticias.com.br\/#\/schema\/person\/image\/","url":"https:\/\/jornalfatosenoticias.com.br\/wp-content\/uploads\/2025\/08\/WhatsApp-Image-2025-08-18-at-15.30.28-150x150.jpeg","contentUrl":"https:\/\/jornalfatosenoticias.com.br\/wp-content\/uploads\/2025\/08\/WhatsApp-Image-2025-08-18-at-15.30.28-150x150.jpeg","caption":"Haroldo Filho"},"description":"Jornalista \u2013 DRT: 0003818\/ES Coordenador-geral da ONG Educar para Crescer","url":"https:\/\/jornalfatosenoticias.com.br\/index.php\/author\/haroldo\/"}]}},"cc_featured_image_caption":{"caption_text":"(Foto: Ascom Jolivan)","source_text":"","source_url":""},"jetpack_featured_media_url":"https:\/\/jornalfatosenoticias.com.br\/wp-content\/uploads\/2025\/04\/Jolivan.jpeg","_links":{"self":[{"href":"https:\/\/jornalfatosenoticias.com.br\/index.php\/wp-json\/wp\/v2\/posts\/58816","targetHints":{"allow":["GET"]}}],"collection":[{"href":"https:\/\/jornalfatosenoticias.com.br\/index.php\/wp-json\/wp\/v2\/posts"}],"about":[{"href":"https:\/\/jornalfatosenoticias.com.br\/index.php\/wp-json\/wp\/v2\/types\/post"}],"author":[{"embeddable":true,"href":"https:\/\/jornalfatosenoticias.com.br\/index.php\/wp-json\/wp\/v2\/users\/3"}],"replies":[{"embeddable":true,"href":"https:\/\/jornalfatosenoticias.com.br\/index.php\/wp-json\/wp\/v2\/comments?post=58816"}],"version-history":[{"count":0,"href":"https:\/\/jornalfatosenoticias.com.br\/index.php\/wp-json\/wp\/v2\/posts\/58816\/revisions"}],"wp:featuredmedia":[{"embeddable":true,"href":"https:\/\/jornalfatosenoticias.com.br\/index.php\/wp-json\/wp\/v2\/media\/58820"}],"wp:attachment":[{"href":"https:\/\/jornalfatosenoticias.com.br\/index.php\/wp-json\/wp\/v2\/media?parent=58816"}],"wp:term":[{"taxonomy":"category","embeddable":true,"href":"https:\/\/jornalfatosenoticias.com.br\/index.php\/wp-json\/wp\/v2\/categories?post=58816"},{"taxonomy":"post_tag","embeddable":true,"href":"https:\/\/jornalfatosenoticias.com.br\/index.php\/wp-json\/wp\/v2\/tags?post=58816"}],"curies":[{"name":"wp","href":"https:\/\/api.w.org\/{rel}","templated":true}]}}