{"id":58822,"date":"2025-04-29T10:59:52","date_gmt":"2025-04-29T13:59:52","guid":{"rendered":"https:\/\/jornalfatosenoticias.com.br\/?p=58822"},"modified":"2025-04-29T10:59:53","modified_gmt":"2025-04-29T13:59:53","slug":"tartarugas-marinhas-ameacadas-de-extincao-mostram-sinais-de-recuperacao-em-mais-da-metade-do-mundo-revela-estudo","status":"publish","type":"post","link":"https:\/\/jornalfatosenoticias.com.br\/index.php\/2025\/04\/29\/tartarugas-marinhas-ameacadas-de-extincao-mostram-sinais-de-recuperacao-em-mais-da-metade-do-mundo-revela-estudo\/","title":{"rendered":"Tartarugas marinhas amea\u00e7adas de extin\u00e7\u00e3o mostram sinais de recupera\u00e7\u00e3o em mais da metade do mundo, revela estudo"},"content":{"rendered":"\n<p><em><span class=\"has-inline-color has-black-color\">No entanto, a morte de tartarugas marinhas ap\u00f3s ficarem acidentalmente presas em equipamentos de pesca continua sendo uma grande amea\u00e7a<\/span><\/em><\/p>\n\n\n\n<div class=\"wp-block-image\"><figure class=\"aligncenter size-large\"><a href=\"http:\/\/www.ferrarimaquinas.com.br\/\"><img loading=\"lazy\" decoding=\"async\" width=\"1024\" height=\"100\" src=\"https:\/\/jornalfatosenoticias.com.br\/wp-content\/uploads\/2020\/02\/banner_ferramentas-1024x100.jpg\" alt=\"\" class=\"wp-image-1258\" srcset=\"https:\/\/jornalfatosenoticias.com.br\/wp-content\/uploads\/2020\/02\/banner_ferramentas-1024x100.jpg 1024w, https:\/\/jornalfatosenoticias.com.br\/wp-content\/uploads\/2020\/02\/banner_ferramentas-300x29.jpg 300w, https:\/\/jornalfatosenoticias.com.br\/wp-content\/uploads\/2020\/02\/banner_ferramentas-768x75.jpg 768w, https:\/\/jornalfatosenoticias.com.br\/wp-content\/uploads\/2020\/02\/banner_ferramentas.jpg 1227w\" sizes=\"auto, (max-width: 1024px) 100vw, 1024px\" \/><\/a><\/figure><\/div>\n\n\n\n<p>Uma boa not\u00edcia para a biodiversidade do nosso planeta: uma nova pesquisa, divulgada no \u00faltimo dia 17, revelou que as tartarugas marinhas amea\u00e7adas de extin\u00e7\u00e3o mostram sinais de recupera\u00e7\u00e3o na maioria dos locais onde s\u00e3o encontradas no mundo. O estudo analisou 48 popula\u00e7\u00f5es destes animais e mediu os impactos de amea\u00e7as como ca\u00e7a, polui\u00e7\u00e3o, desenvolvimento costeiro e mudan\u00e7as clim\u00e1ticas. Em mais da metade das \u00e1reas estudadas, as amea\u00e7as est\u00e3o diminuindo. A pesquisa foi publicada no peri\u00f3dico <em>Endangered Species Research<\/em> e \u00e9 a primeira atualiza\u00e7\u00e3o do tipo em mais de uma d\u00e9cada.<br>De acordo com os resultados do estudo, as popula\u00e7\u00f5es de tartarugas marinhas no Oceano Atl\u00e2ntico t\u00eam maior probabilidade de se recuperar do que as que vivem nas \u00e1guas do Pac\u00edfico. <\/p>\n\n\n\n<div class=\"wp-block-image\"><figure class=\"aligncenter size-large is-resized\"><a href=\"https:\/\/www.facebook.com\/profile.php?id=100069289606145\"><img loading=\"lazy\" decoding=\"async\" src=\"https:\/\/jornalfatosenoticias.com.br\/wp-content\/uploads\/2024\/11\/Guaitolini-Contabilidade-1024x714.jpeg\" alt=\"\" class=\"wp-image-55808\" width=\"290\" height=\"202\" srcset=\"https:\/\/jornalfatosenoticias.com.br\/wp-content\/uploads\/2024\/11\/Guaitolini-Contabilidade-1024x714.jpeg 1024w, https:\/\/jornalfatosenoticias.com.br\/wp-content\/uploads\/2024\/11\/Guaitolini-Contabilidade-300x209.jpeg 300w, https:\/\/jornalfatosenoticias.com.br\/wp-content\/uploads\/2024\/11\/Guaitolini-Contabilidade-768x535.jpeg 768w, https:\/\/jornalfatosenoticias.com.br\/wp-content\/uploads\/2024\/11\/Guaitolini-Contabilidade.jpeg 1280w\" sizes=\"auto, (max-width: 290px) 100vw, 290px\" \/><\/a><\/figure><\/div>\n\n\n\n<p>E as tartarugas-de-couro n\u00e3o est\u00e3o se saindo t\u00e3o bem quanto outras esp\u00e9cies. Isso porque todas as sete regi\u00f5es do planeta onde as tartarugas-de-couro s\u00e3o encontradas enfrentam altos riscos ambientais, segundo o coautor do estudo Bryan Wallace, ecologista da vida selvagem no Ecolibrium, no estado do Colorado.<\/p>\n\n\n\n<div class=\"wp-block-image\"><figure class=\"aligncenter size-large is-resized\"><a href=\"https:\/\/www.instagram.com\/restaurantepegoretti\/\"><img loading=\"lazy\" decoding=\"async\" src=\"https:\/\/jornalfatosenoticias.com.br\/wp-content\/uploads\/2023\/12\/pegoretti-logo-pdf-1024x389.jpg\" alt=\"\" class=\"wp-image-47536\" width=\"427\" height=\"162\" srcset=\"https:\/\/jornalfatosenoticias.com.br\/wp-content\/uploads\/2023\/12\/pegoretti-logo-pdf-1024x389.jpg 1024w, https:\/\/jornalfatosenoticias.com.br\/wp-content\/uploads\/2023\/12\/pegoretti-logo-pdf-300x114.jpg 300w, https:\/\/jornalfatosenoticias.com.br\/wp-content\/uploads\/2023\/12\/pegoretti-logo-pdf-768x291.jpg 768w, https:\/\/jornalfatosenoticias.com.br\/wp-content\/uploads\/2023\/12\/pegoretti-logo-pdf.jpg 1120w\" sizes=\"auto, (max-width: 427px) 100vw, 427px\" \/><\/a><\/figure><\/div>\n\n\n\n<p>J\u00e1 as tartarugas verdes ainda s\u00e3o consideradas amea\u00e7adas de extin\u00e7\u00e3o no mundo todo, mas suas popula\u00e7\u00f5es mostram sinais de recupera\u00e7\u00e3o em muitas regi\u00f5es, apontam os pesquisadores. <\/p>\n\n\n\n<div class=\"wp-block-image\"><figure class=\"aligncenter size-large is-resized\"><a href=\"https:\/\/www.instagram.com\/esteiochurrascaria\/\"><img loading=\"lazy\" decoding=\"async\" src=\"https:\/\/jornalfatosenoticias.com.br\/wp-content\/uploads\/2022\/02\/LOGO-ESTEIO-1024x730.png\" alt=\"\" class=\"wp-image-27942\" width=\"336\" height=\"239\" srcset=\"https:\/\/jornalfatosenoticias.com.br\/wp-content\/uploads\/2022\/02\/LOGO-ESTEIO-1024x730.png 1024w, https:\/\/jornalfatosenoticias.com.br\/wp-content\/uploads\/2022\/02\/LOGO-ESTEIO-300x214.png 300w, https:\/\/jornalfatosenoticias.com.br\/wp-content\/uploads\/2022\/02\/LOGO-ESTEIO-768x548.png 768w, https:\/\/jornalfatosenoticias.com.br\/wp-content\/uploads\/2022\/02\/LOGO-ESTEIO.png 1123w\" sizes=\"auto, (max-width: 336px) 100vw, 336px\" \/><\/a><\/figure><\/div>\n\n\n\n<blockquote class=\"wp-block-quote is-layout-flow wp-block-quote-is-layout-flow\"><p><span class=\"has-inline-color has-luminous-vivid-orange-color\">Ao encerrar as capturas comerciais e dar-lhes tempo para se recuperar, suas popula\u00e7\u00f5es agora est\u00e3o se saindo muito bem nas \u00e1guas costeiras de muitas regi\u00f5es do M\u00e9xico e dos EUA&#8221;, <strong><a class=\"\" href=\"https:\/\/apnews.com\/article\/endangered-sea-turtles-d0aa2a519cbfc06c3f9f10ad11e8e4b6\" target=\"_blank\" rel=\"noreferrer noopener\">disse \u00e0 AP<\/a><\/strong> a coautora Michelle Mar\u00eda Early Capistr\u00e1n, pesquisadora da Universidade de Stanford.<\/span><\/p><\/blockquote>\n\n\n\n<div class=\"wp-block-image\"><figure class=\"aligncenter size-large is-resized\"><a href=\"https:\/\/hotelmarquetti.com.br\/\"><img loading=\"lazy\" decoding=\"async\" src=\"https:\/\/jornalfatosenoticias.com.br\/wp-content\/uploads\/2020\/02\/LOGO-MQ-1024x680.jpg\" alt=\"\" class=\"wp-image-58299\" width=\"326\" height=\"217\" srcset=\"https:\/\/jornalfatosenoticias.com.br\/wp-content\/uploads\/2020\/02\/LOGO-MQ-1024x680.jpg 1024w, https:\/\/jornalfatosenoticias.com.br\/wp-content\/uploads\/2020\/02\/LOGO-MQ-300x199.jpg 300w, https:\/\/jornalfatosenoticias.com.br\/wp-content\/uploads\/2020\/02\/LOGO-MQ-768x510.jpg 768w, https:\/\/jornalfatosenoticias.com.br\/wp-content\/uploads\/2020\/02\/LOGO-MQ-1536x1020.jpg 1536w, https:\/\/jornalfatosenoticias.com.br\/wp-content\/uploads\/2020\/02\/LOGO-MQ-2048x1360.jpg 2048w\" sizes=\"auto, (max-width: 326px) 100vw, 326px\" \/><\/a><\/figure><\/div>\n\n\n\n<p>Em todo o mundo, a morte de tartarugas marinhas ap\u00f3s ficarem acidentalmente presas em equipamentos de pesca continua sendo uma grande amea\u00e7a, disse Wallace. Novas tecnologias est\u00e3o sendo desenvolvidas para poupar as tartarugas, mas elas precisam ser aceitas e usadas regularmente por diversas comunidades pesqueiras para serem eficazes, acrescentou.<\/p>\n\n\n\n<div class=\"wp-block-image\"><figure class=\"aligncenter size-large\"><a href=\"https:\/\/www.cesconetto.com.br\/\"><img loading=\"lazy\" decoding=\"async\" width=\"300\" height=\"250\" src=\"https:\/\/jornalfatosenoticias.com.br\/wp-content\/uploads\/2020\/02\/Banner-2.png\" alt=\"\" class=\"wp-image-43787\"\/><\/a><\/figure><\/div>\n\n\n\n<p><strong>Fonte: <a href=\"https:\/\/umsoplaneta.globo.com\/biodiversidade\/noticia\/2025\/04\/18\/tartarugas-marinhas-ameacadas-de-extincao-mostram-sinais-de-recuperacao-em-mais-da-metade-do-mundo-revela-estudo.ghtml\">Um S\u00f3 Planeta<\/a><\/strong><\/p>\n","protected":false},"excerpt":{"rendered":"<p>No entanto, a morte de tartarugas marinhas ap\u00f3s ficarem acidentalmente presas em equipamentos de pesca continua sendo uma grande amea\u00e7a Uma boa not\u00edcia para a biodiversidade do nosso planeta: uma nova pesquisa, divulgada no \u00faltimo dia 17, revelou que as tartarugas marinhas amea\u00e7adas de extin\u00e7\u00e3o mostram sinais de recupera\u00e7\u00e3o na maioria dos locais onde s\u00e3o [&hellip;]<\/p>\n","protected":false},"author":2,"featured_media":58823,"comment_status":"open","ping_status":"open","sticky":false,"template":"","format":"standard","meta":{"footnotes":""},"categories":[8],"tags":[10177,2299,576,26848],"class_list":["post-58822","post","type-post","status-publish","format-standard","has-post-thumbnail","hentry","category-meio-ambiente","tag-ameacadas-de-extincao","tag-pesca-predatoria","tag-tartarugas-marinhas","tag-tartarugas-de-couro"],"yoast_head":"<!-- This site is optimized with the Yoast SEO plugin v26.5 - https:\/\/yoast.com\/wordpress\/plugins\/seo\/ -->\n<title>Tartarugas marinhas amea\u00e7adas de extin\u00e7\u00e3o mostram sinais de recupera\u00e7\u00e3o em mais da metade do mundo, revela estudo - Jornal Fatos e Not\u00edcias<\/title>\n<meta name=\"robots\" content=\"index, follow, max-snippet:-1, max-image-preview:large, max-video-preview:-1\" \/>\n<link rel=\"canonical\" href=\"https:\/\/jornalfatosenoticias.com.br\/index.php\/2025\/04\/29\/tartarugas-marinhas-ameacadas-de-extincao-mostram-sinais-de-recuperacao-em-mais-da-metade-do-mundo-revela-estudo\/\" \/>\n<meta property=\"og:locale\" content=\"pt_BR\" \/>\n<meta property=\"og:type\" content=\"article\" \/>\n<meta property=\"og:title\" content=\"Tartarugas marinhas amea\u00e7adas de extin\u00e7\u00e3o mostram sinais de recupera\u00e7\u00e3o em mais da metade do mundo, revela estudo - Jornal Fatos e Not\u00edcias\" \/>\n<meta property=\"og:description\" content=\"No entanto, a morte de tartarugas marinhas ap\u00f3s ficarem acidentalmente presas em equipamentos de pesca continua sendo uma grande amea\u00e7a Uma boa not\u00edcia para a biodiversidade do nosso planeta: uma nova pesquisa, divulgada no \u00faltimo dia 17, revelou que as tartarugas marinhas amea\u00e7adas de extin\u00e7\u00e3o mostram sinais de recupera\u00e7\u00e3o na maioria dos locais onde s\u00e3o [&hellip;]\" \/>\n<meta property=\"og:url\" content=\"https:\/\/jornalfatosenoticias.com.br\/index.php\/2025\/04\/29\/tartarugas-marinhas-ameacadas-de-extincao-mostram-sinais-de-recuperacao-em-mais-da-metade-do-mundo-revela-estudo\/\" \/>\n<meta property=\"og:site_name\" content=\"Jornal Fatos e Not\u00edcias\" \/>\n<meta property=\"article:published_time\" content=\"2025-04-29T13:59:52+00:00\" \/>\n<meta property=\"article:modified_time\" content=\"2025-04-29T13:59:53+00:00\" \/>\n<meta property=\"og:image\" content=\"https:\/\/jornalfatosenoticias.com.br\/wp-content\/uploads\/2025\/04\/tartaruga-marinha-capa_freepik-com-ia.jpg\" \/>\n\t<meta property=\"og:image:width\" content=\"996\" \/>\n\t<meta property=\"og:image:height\" content=\"664\" \/>\n\t<meta property=\"og:image:type\" content=\"image\/jpeg\" \/>\n<meta name=\"author\" content=\"Luzimara Fernandes\" \/>\n<meta name=\"twitter:card\" content=\"summary_large_image\" \/>\n<meta name=\"twitter:label1\" content=\"Escrito por\" \/>\n\t<meta name=\"twitter:data1\" content=\"Luzimara Fernandes\" \/>\n\t<meta name=\"twitter:label2\" content=\"Est. tempo de leitura\" \/>\n\t<meta name=\"twitter:data2\" content=\"2 minutos\" \/>\n<script type=\"application\/ld+json\" class=\"yoast-schema-graph\">{\"@context\":\"https:\/\/schema.org\",\"@graph\":[{\"@type\":\"Article\",\"@id\":\"https:\/\/jornalfatosenoticias.com.br\/index.php\/2025\/04\/29\/tartarugas-marinhas-ameacadas-de-extincao-mostram-sinais-de-recuperacao-em-mais-da-metade-do-mundo-revela-estudo\/#article\",\"isPartOf\":{\"@id\":\"https:\/\/jornalfatosenoticias.com.br\/index.php\/2025\/04\/29\/tartarugas-marinhas-ameacadas-de-extincao-mostram-sinais-de-recuperacao-em-mais-da-metade-do-mundo-revela-estudo\/\"},\"author\":{\"name\":\"Luzimara Fernandes\",\"@id\":\"https:\/\/jornalfatosenoticias.com.br\/#\/schema\/person\/d63837fa13ac8666eb9e74e0985d6f81\"},\"headline\":\"Tartarugas marinhas amea\u00e7adas de extin\u00e7\u00e3o mostram sinais de recupera\u00e7\u00e3o em mais da metade do mundo, revela estudo\",\"datePublished\":\"2025-04-29T13:59:52+00:00\",\"dateModified\":\"2025-04-29T13:59:53+00:00\",\"mainEntityOfPage\":{\"@id\":\"https:\/\/jornalfatosenoticias.com.br\/index.php\/2025\/04\/29\/tartarugas-marinhas-ameacadas-de-extincao-mostram-sinais-de-recuperacao-em-mais-da-metade-do-mundo-revela-estudo\/\"},\"wordCount\":369,\"commentCount\":0,\"publisher\":{\"@id\":\"https:\/\/jornalfatosenoticias.com.br\/#organization\"},\"image\":{\"@id\":\"https:\/\/jornalfatosenoticias.com.br\/index.php\/2025\/04\/29\/tartarugas-marinhas-ameacadas-de-extincao-mostram-sinais-de-recuperacao-em-mais-da-metade-do-mundo-revela-estudo\/#primaryimage\"},\"thumbnailUrl\":\"https:\/\/jornalfatosenoticias.com.br\/wp-content\/uploads\/2025\/04\/tartaruga-marinha-capa_freepik-com-ia.jpg\",\"keywords\":[\"amea\u00e7adas de extin\u00e7\u00e3o\",\"pesca predat\u00f3ria\",\"tartarugas marinhas\",\"tartarugas-de-couro\"],\"articleSection\":[\"Meio ambiente\"],\"inLanguage\":\"pt-BR\",\"potentialAction\":[{\"@type\":\"CommentAction\",\"name\":\"Comment\",\"target\":[\"https:\/\/jornalfatosenoticias.com.br\/index.php\/2025\/04\/29\/tartarugas-marinhas-ameacadas-de-extincao-mostram-sinais-de-recuperacao-em-mais-da-metade-do-mundo-revela-estudo\/#respond\"]}]},{\"@type\":\"WebPage\",\"@id\":\"https:\/\/jornalfatosenoticias.com.br\/index.php\/2025\/04\/29\/tartarugas-marinhas-ameacadas-de-extincao-mostram-sinais-de-recuperacao-em-mais-da-metade-do-mundo-revela-estudo\/\",\"url\":\"https:\/\/jornalfatosenoticias.com.br\/index.php\/2025\/04\/29\/tartarugas-marinhas-ameacadas-de-extincao-mostram-sinais-de-recuperacao-em-mais-da-metade-do-mundo-revela-estudo\/\",\"name\":\"Tartarugas marinhas amea\u00e7adas de extin\u00e7\u00e3o mostram sinais de recupera\u00e7\u00e3o em mais da metade do mundo, revela estudo - Jornal Fatos e Not\u00edcias\",\"isPartOf\":{\"@id\":\"https:\/\/jornalfatosenoticias.com.br\/#website\"},\"primaryImageOfPage\":{\"@id\":\"https:\/\/jornalfatosenoticias.com.br\/index.php\/2025\/04\/29\/tartarugas-marinhas-ameacadas-de-extincao-mostram-sinais-de-recuperacao-em-mais-da-metade-do-mundo-revela-estudo\/#primaryimage\"},\"image\":{\"@id\":\"https:\/\/jornalfatosenoticias.com.br\/index.php\/2025\/04\/29\/tartarugas-marinhas-ameacadas-de-extincao-mostram-sinais-de-recuperacao-em-mais-da-metade-do-mundo-revela-estudo\/#primaryimage\"},\"thumbnailUrl\":\"https:\/\/jornalfatosenoticias.com.br\/wp-content\/uploads\/2025\/04\/tartaruga-marinha-capa_freepik-com-ia.jpg\",\"datePublished\":\"2025-04-29T13:59:52+00:00\",\"dateModified\":\"2025-04-29T13:59:53+00:00\",\"breadcrumb\":{\"@id\":\"https:\/\/jornalfatosenoticias.com.br\/index.php\/2025\/04\/29\/tartarugas-marinhas-ameacadas-de-extincao-mostram-sinais-de-recuperacao-em-mais-da-metade-do-mundo-revela-estudo\/#breadcrumb\"},\"inLanguage\":\"pt-BR\",\"potentialAction\":[{\"@type\":\"ReadAction\",\"target\":[\"https:\/\/jornalfatosenoticias.com.br\/index.php\/2025\/04\/29\/tartarugas-marinhas-ameacadas-de-extincao-mostram-sinais-de-recuperacao-em-mais-da-metade-do-mundo-revela-estudo\/\"]}]},{\"@type\":\"ImageObject\",\"inLanguage\":\"pt-BR\",\"@id\":\"https:\/\/jornalfatosenoticias.com.br\/index.php\/2025\/04\/29\/tartarugas-marinhas-ameacadas-de-extincao-mostram-sinais-de-recuperacao-em-mais-da-metade-do-mundo-revela-estudo\/#primaryimage\",\"url\":\"https:\/\/jornalfatosenoticias.com.br\/wp-content\/uploads\/2025\/04\/tartaruga-marinha-capa_freepik-com-ia.jpg\",\"contentUrl\":\"https:\/\/jornalfatosenoticias.com.br\/wp-content\/uploads\/2025\/04\/tartaruga-marinha-capa_freepik-com-ia.jpg\",\"width\":996,\"height\":664},{\"@type\":\"BreadcrumbList\",\"@id\":\"https:\/\/jornalfatosenoticias.com.br\/index.php\/2025\/04\/29\/tartarugas-marinhas-ameacadas-de-extincao-mostram-sinais-de-recuperacao-em-mais-da-metade-do-mundo-revela-estudo\/#breadcrumb\",\"itemListElement\":[{\"@type\":\"ListItem\",\"position\":1,\"name\":\"In\u00edcio\",\"item\":\"https:\/\/jornalfatosenoticias.com.br\/\"},{\"@type\":\"ListItem\",\"position\":2,\"name\":\"Tartarugas marinhas amea\u00e7adas de extin\u00e7\u00e3o mostram sinais de recupera\u00e7\u00e3o em mais da metade do mundo, revela estudo\"}]},{\"@type\":\"WebSite\",\"@id\":\"https:\/\/jornalfatosenoticias.com.br\/#website\",\"url\":\"https:\/\/jornalfatosenoticias.com.br\/\",\"name\":\"Jornal Fatos e Not\u00edcias\",\"description\":\"Not\u00edcias em geral\",\"publisher\":{\"@id\":\"https:\/\/jornalfatosenoticias.com.br\/#organization\"},\"potentialAction\":[{\"@type\":\"SearchAction\",\"target\":{\"@type\":\"EntryPoint\",\"urlTemplate\":\"https:\/\/jornalfatosenoticias.com.br\/?s={search_term_string}\"},\"query-input\":{\"@type\":\"PropertyValueSpecification\",\"valueRequired\":true,\"valueName\":\"search_term_string\"}}],\"inLanguage\":\"pt-BR\"},{\"@type\":\"Organization\",\"@id\":\"https:\/\/jornalfatosenoticias.com.br\/#organization\",\"name\":\"Jornal Fatos e Not\u00edcias\",\"url\":\"https:\/\/jornalfatosenoticias.com.br\/\",\"logo\":{\"@type\":\"ImageObject\",\"inLanguage\":\"pt-BR\",\"@id\":\"https:\/\/jornalfatosenoticias.com.br\/#\/schema\/logo\/image\/\",\"url\":\"https:\/\/jornalfatosenoticias.com.br\/wp-content\/uploads\/2020\/02\/logo120.png\",\"contentUrl\":\"https:\/\/jornalfatosenoticias.com.br\/wp-content\/uploads\/2020\/02\/logo120.png\",\"width\":1227,\"height\":120,\"caption\":\"Jornal Fatos e Not\u00edcias\"},\"image\":{\"@id\":\"https:\/\/jornalfatosenoticias.com.br\/#\/schema\/logo\/image\/\"}},{\"@type\":\"Person\",\"@id\":\"https:\/\/jornalfatosenoticias.com.br\/#\/schema\/person\/d63837fa13ac8666eb9e74e0985d6f81\",\"name\":\"Luzimara Fernandes\",\"image\":{\"@type\":\"ImageObject\",\"inLanguage\":\"pt-BR\",\"@id\":\"https:\/\/jornalfatosenoticias.com.br\/#\/schema\/person\/image\/\",\"url\":\"https:\/\/jornalfatosenoticias.com.br\/wp-content\/uploads\/2025\/05\/EU_portal.jpg\",\"contentUrl\":\"https:\/\/jornalfatosenoticias.com.br\/wp-content\/uploads\/2025\/05\/EU_portal.jpg\",\"caption\":\"Luzimara Fernandes\"},\"description\":\"Jornalista MTB 2358-ES\",\"sameAs\":[\"https:\/\/jornalfatosenoticias.com.br\"],\"url\":\"https:\/\/jornalfatosenoticias.com.br\/index.php\/author\/luzimara\/\"}]}<\/script>\n<!-- \/ Yoast SEO plugin. -->","yoast_head_json":{"title":"Tartarugas marinhas amea\u00e7adas de extin\u00e7\u00e3o mostram sinais de recupera\u00e7\u00e3o em mais da metade do mundo, revela estudo - Jornal Fatos e Not\u00edcias","robots":{"index":"index","follow":"follow","max-snippet":"max-snippet:-1","max-image-preview":"max-image-preview:large","max-video-preview":"max-video-preview:-1"},"canonical":"https:\/\/jornalfatosenoticias.com.br\/index.php\/2025\/04\/29\/tartarugas-marinhas-ameacadas-de-extincao-mostram-sinais-de-recuperacao-em-mais-da-metade-do-mundo-revela-estudo\/","og_locale":"pt_BR","og_type":"article","og_title":"Tartarugas marinhas amea\u00e7adas de extin\u00e7\u00e3o mostram sinais de recupera\u00e7\u00e3o em mais da metade do mundo, revela estudo - Jornal Fatos e Not\u00edcias","og_description":"No entanto, a morte de tartarugas marinhas ap\u00f3s ficarem acidentalmente presas em equipamentos de pesca continua sendo uma grande amea\u00e7a Uma boa not\u00edcia para a biodiversidade do nosso planeta: uma nova pesquisa, divulgada no \u00faltimo dia 17, revelou que as tartarugas marinhas amea\u00e7adas de extin\u00e7\u00e3o mostram sinais de recupera\u00e7\u00e3o na maioria dos locais onde s\u00e3o [&hellip;]","og_url":"https:\/\/jornalfatosenoticias.com.br\/index.php\/2025\/04\/29\/tartarugas-marinhas-ameacadas-de-extincao-mostram-sinais-de-recuperacao-em-mais-da-metade-do-mundo-revela-estudo\/","og_site_name":"Jornal Fatos e Not\u00edcias","article_published_time":"2025-04-29T13:59:52+00:00","article_modified_time":"2025-04-29T13:59:53+00:00","og_image":[{"width":996,"height":664,"url":"https:\/\/jornalfatosenoticias.com.br\/wp-content\/uploads\/2025\/04\/tartaruga-marinha-capa_freepik-com-ia.jpg","type":"image\/jpeg"}],"author":"Luzimara Fernandes","twitter_card":"summary_large_image","twitter_misc":{"Escrito por":"Luzimara Fernandes","Est. tempo de leitura":"2 minutos"},"schema":{"@context":"https:\/\/schema.org","@graph":[{"@type":"Article","@id":"https:\/\/jornalfatosenoticias.com.br\/index.php\/2025\/04\/29\/tartarugas-marinhas-ameacadas-de-extincao-mostram-sinais-de-recuperacao-em-mais-da-metade-do-mundo-revela-estudo\/#article","isPartOf":{"@id":"https:\/\/jornalfatosenoticias.com.br\/index.php\/2025\/04\/29\/tartarugas-marinhas-ameacadas-de-extincao-mostram-sinais-de-recuperacao-em-mais-da-metade-do-mundo-revela-estudo\/"},"author":{"name":"Luzimara Fernandes","@id":"https:\/\/jornalfatosenoticias.com.br\/#\/schema\/person\/d63837fa13ac8666eb9e74e0985d6f81"},"headline":"Tartarugas marinhas amea\u00e7adas de extin\u00e7\u00e3o mostram sinais de recupera\u00e7\u00e3o em mais da metade do mundo, revela estudo","datePublished":"2025-04-29T13:59:52+00:00","dateModified":"2025-04-29T13:59:53+00:00","mainEntityOfPage":{"@id":"https:\/\/jornalfatosenoticias.com.br\/index.php\/2025\/04\/29\/tartarugas-marinhas-ameacadas-de-extincao-mostram-sinais-de-recuperacao-em-mais-da-metade-do-mundo-revela-estudo\/"},"wordCount":369,"commentCount":0,"publisher":{"@id":"https:\/\/jornalfatosenoticias.com.br\/#organization"},"image":{"@id":"https:\/\/jornalfatosenoticias.com.br\/index.php\/2025\/04\/29\/tartarugas-marinhas-ameacadas-de-extincao-mostram-sinais-de-recuperacao-em-mais-da-metade-do-mundo-revela-estudo\/#primaryimage"},"thumbnailUrl":"https:\/\/jornalfatosenoticias.com.br\/wp-content\/uploads\/2025\/04\/tartaruga-marinha-capa_freepik-com-ia.jpg","keywords":["amea\u00e7adas de extin\u00e7\u00e3o","pesca predat\u00f3ria","tartarugas marinhas","tartarugas-de-couro"],"articleSection":["Meio ambiente"],"inLanguage":"pt-BR","potentialAction":[{"@type":"CommentAction","name":"Comment","target":["https:\/\/jornalfatosenoticias.com.br\/index.php\/2025\/04\/29\/tartarugas-marinhas-ameacadas-de-extincao-mostram-sinais-de-recuperacao-em-mais-da-metade-do-mundo-revela-estudo\/#respond"]}]},{"@type":"WebPage","@id":"https:\/\/jornalfatosenoticias.com.br\/index.php\/2025\/04\/29\/tartarugas-marinhas-ameacadas-de-extincao-mostram-sinais-de-recuperacao-em-mais-da-metade-do-mundo-revela-estudo\/","url":"https:\/\/jornalfatosenoticias.com.br\/index.php\/2025\/04\/29\/tartarugas-marinhas-ameacadas-de-extincao-mostram-sinais-de-recuperacao-em-mais-da-metade-do-mundo-revela-estudo\/","name":"Tartarugas marinhas amea\u00e7adas de extin\u00e7\u00e3o mostram sinais de recupera\u00e7\u00e3o em mais da metade do mundo, revela estudo - Jornal Fatos e Not\u00edcias","isPartOf":{"@id":"https:\/\/jornalfatosenoticias.com.br\/#website"},"primaryImageOfPage":{"@id":"https:\/\/jornalfatosenoticias.com.br\/index.php\/2025\/04\/29\/tartarugas-marinhas-ameacadas-de-extincao-mostram-sinais-de-recuperacao-em-mais-da-metade-do-mundo-revela-estudo\/#primaryimage"},"image":{"@id":"https:\/\/jornalfatosenoticias.com.br\/index.php\/2025\/04\/29\/tartarugas-marinhas-ameacadas-de-extincao-mostram-sinais-de-recuperacao-em-mais-da-metade-do-mundo-revela-estudo\/#primaryimage"},"thumbnailUrl":"https:\/\/jornalfatosenoticias.com.br\/wp-content\/uploads\/2025\/04\/tartaruga-marinha-capa_freepik-com-ia.jpg","datePublished":"2025-04-29T13:59:52+00:00","dateModified":"2025-04-29T13:59:53+00:00","breadcrumb":{"@id":"https:\/\/jornalfatosenoticias.com.br\/index.php\/2025\/04\/29\/tartarugas-marinhas-ameacadas-de-extincao-mostram-sinais-de-recuperacao-em-mais-da-metade-do-mundo-revela-estudo\/#breadcrumb"},"inLanguage":"pt-BR","potentialAction":[{"@type":"ReadAction","target":["https:\/\/jornalfatosenoticias.com.br\/index.php\/2025\/04\/29\/tartarugas-marinhas-ameacadas-de-extincao-mostram-sinais-de-recuperacao-em-mais-da-metade-do-mundo-revela-estudo\/"]}]},{"@type":"ImageObject","inLanguage":"pt-BR","@id":"https:\/\/jornalfatosenoticias.com.br\/index.php\/2025\/04\/29\/tartarugas-marinhas-ameacadas-de-extincao-mostram-sinais-de-recuperacao-em-mais-da-metade-do-mundo-revela-estudo\/#primaryimage","url":"https:\/\/jornalfatosenoticias.com.br\/wp-content\/uploads\/2025\/04\/tartaruga-marinha-capa_freepik-com-ia.jpg","contentUrl":"https:\/\/jornalfatosenoticias.com.br\/wp-content\/uploads\/2025\/04\/tartaruga-marinha-capa_freepik-com-ia.jpg","width":996,"height":664},{"@type":"BreadcrumbList","@id":"https:\/\/jornalfatosenoticias.com.br\/index.php\/2025\/04\/29\/tartarugas-marinhas-ameacadas-de-extincao-mostram-sinais-de-recuperacao-em-mais-da-metade-do-mundo-revela-estudo\/#breadcrumb","itemListElement":[{"@type":"ListItem","position":1,"name":"In\u00edcio","item":"https:\/\/jornalfatosenoticias.com.br\/"},{"@type":"ListItem","position":2,"name":"Tartarugas marinhas amea\u00e7adas de extin\u00e7\u00e3o mostram sinais de recupera\u00e7\u00e3o em mais da metade do mundo, revela estudo"}]},{"@type":"WebSite","@id":"https:\/\/jornalfatosenoticias.com.br\/#website","url":"https:\/\/jornalfatosenoticias.com.br\/","name":"Jornal Fatos e Not\u00edcias","description":"Not\u00edcias em geral","publisher":{"@id":"https:\/\/jornalfatosenoticias.com.br\/#organization"},"potentialAction":[{"@type":"SearchAction","target":{"@type":"EntryPoint","urlTemplate":"https:\/\/jornalfatosenoticias.com.br\/?s={search_term_string}"},"query-input":{"@type":"PropertyValueSpecification","valueRequired":true,"valueName":"search_term_string"}}],"inLanguage":"pt-BR"},{"@type":"Organization","@id":"https:\/\/jornalfatosenoticias.com.br\/#organization","name":"Jornal Fatos e Not\u00edcias","url":"https:\/\/jornalfatosenoticias.com.br\/","logo":{"@type":"ImageObject","inLanguage":"pt-BR","@id":"https:\/\/jornalfatosenoticias.com.br\/#\/schema\/logo\/image\/","url":"https:\/\/jornalfatosenoticias.com.br\/wp-content\/uploads\/2020\/02\/logo120.png","contentUrl":"https:\/\/jornalfatosenoticias.com.br\/wp-content\/uploads\/2020\/02\/logo120.png","width":1227,"height":120,"caption":"Jornal Fatos e Not\u00edcias"},"image":{"@id":"https:\/\/jornalfatosenoticias.com.br\/#\/schema\/logo\/image\/"}},{"@type":"Person","@id":"https:\/\/jornalfatosenoticias.com.br\/#\/schema\/person\/d63837fa13ac8666eb9e74e0985d6f81","name":"Luzimara Fernandes","image":{"@type":"ImageObject","inLanguage":"pt-BR","@id":"https:\/\/jornalfatosenoticias.com.br\/#\/schema\/person\/image\/","url":"https:\/\/jornalfatosenoticias.com.br\/wp-content\/uploads\/2025\/05\/EU_portal.jpg","contentUrl":"https:\/\/jornalfatosenoticias.com.br\/wp-content\/uploads\/2025\/05\/EU_portal.jpg","caption":"Luzimara Fernandes"},"description":"Jornalista MTB 2358-ES","sameAs":["https:\/\/jornalfatosenoticias.com.br"],"url":"https:\/\/jornalfatosenoticias.com.br\/index.php\/author\/luzimara\/"}]}},"cc_featured_image_caption":{"caption_text":"(Foto: Freepik gerada com IA) ","source_text":"","source_url":""},"jetpack_featured_media_url":"https:\/\/jornalfatosenoticias.com.br\/wp-content\/uploads\/2025\/04\/tartaruga-marinha-capa_freepik-com-ia.jpg","_links":{"self":[{"href":"https:\/\/jornalfatosenoticias.com.br\/index.php\/wp-json\/wp\/v2\/posts\/58822","targetHints":{"allow":["GET"]}}],"collection":[{"href":"https:\/\/jornalfatosenoticias.com.br\/index.php\/wp-json\/wp\/v2\/posts"}],"about":[{"href":"https:\/\/jornalfatosenoticias.com.br\/index.php\/wp-json\/wp\/v2\/types\/post"}],"author":[{"embeddable":true,"href":"https:\/\/jornalfatosenoticias.com.br\/index.php\/wp-json\/wp\/v2\/users\/2"}],"replies":[{"embeddable":true,"href":"https:\/\/jornalfatosenoticias.com.br\/index.php\/wp-json\/wp\/v2\/comments?post=58822"}],"version-history":[{"count":0,"href":"https:\/\/jornalfatosenoticias.com.br\/index.php\/wp-json\/wp\/v2\/posts\/58822\/revisions"}],"wp:featuredmedia":[{"embeddable":true,"href":"https:\/\/jornalfatosenoticias.com.br\/index.php\/wp-json\/wp\/v2\/media\/58823"}],"wp:attachment":[{"href":"https:\/\/jornalfatosenoticias.com.br\/index.php\/wp-json\/wp\/v2\/media?parent=58822"}],"wp:term":[{"taxonomy":"category","embeddable":true,"href":"https:\/\/jornalfatosenoticias.com.br\/index.php\/wp-json\/wp\/v2\/categories?post=58822"},{"taxonomy":"post_tag","embeddable":true,"href":"https:\/\/jornalfatosenoticias.com.br\/index.php\/wp-json\/wp\/v2\/tags?post=58822"}],"curies":[{"name":"wp","href":"https:\/\/api.w.org\/{rel}","templated":true}]}}