{"id":58850,"date":"2025-04-30T10:08:23","date_gmt":"2025-04-30T13:08:23","guid":{"rendered":"https:\/\/jornalfatosenoticias.com.br\/?p=58850"},"modified":"2025-04-30T10:08:25","modified_gmt":"2025-04-30T13:08:25","slug":"fraude-do-inss-governo-nao-sabe-de-onde-tirar-recursos-para-ressarcir-aposentados","status":"publish","type":"post","link":"https:\/\/jornalfatosenoticias.com.br\/index.php\/2025\/04\/30\/fraude-do-inss-governo-nao-sabe-de-onde-tirar-recursos-para-ressarcir-aposentados\/","title":{"rendered":"Fraude do INSS: governo n\u00e3o sabe de onde tirar recursos para ressarcir aposentados"},"content":{"rendered":"\n<p><em><span class=\"has-inline-color has-black-color\">O relat\u00f3rio da CGU deixa claro a neglig\u00eancia do \u00f3rg\u00e3o e apura a coniv\u00eancia e cumplicidade dos servidores<\/span><\/em><\/p>\n\n\n\n<p><span class=\"has-inline-color has-black-color\">Por <strong><a href=\"https:\/\/www.gazetadopovo.com.br\/autor\/rose-amantea\/\" rel=\"sponsored nofollow\">Rose Amant\u00e9a<\/a><\/strong><\/span><\/p>\n\n\n\n<div class=\"wp-block-image\"><figure class=\"aligncenter size-large\"><a href=\"https:\/\/mizu.com.br\/\"><img loading=\"lazy\" decoding=\"async\" width=\"729\" height=\"90\" src=\"https:\/\/jornalfatosenoticias.com.br\/wp-content\/uploads\/2020\/02\/Logo_Mizu.png\" alt=\"\" class=\"wp-image-1441\" srcset=\"https:\/\/jornalfatosenoticias.com.br\/wp-content\/uploads\/2020\/02\/Logo_Mizu.png 729w, https:\/\/jornalfatosenoticias.com.br\/wp-content\/uploads\/2020\/02\/Logo_Mizu-300x37.png 300w\" sizes=\"auto, (max-width: 729px) 100vw, 729px\" \/><\/a><\/figure><\/div>\n\n\n\n<p>Sob suspeita de <a href=\"https:\/\/www.gazetadopovo.com.br\/republica\/corrupcao-volta-a-marcar-governo-lula-entenda-o-impacto-politico-da-crise-no-inss\/\">corrup\u00e7\u00e3o,<\/a> o governo Luiz In\u00e1cio Lula da Silva (PT) est\u00e1 sendo pressionado a dar uma resposta r\u00e1pida ao esc\u00e2ndalo do Instituto Nacional do Seguro Social (INSS). Seu desafio \u00e9 arrumar meios para o ressarcimento do total de recursos desviados dos aposentados e pensionistas por meio de descontos n\u00e3o autorizados a associa\u00e7\u00f5es e sindicatos.<br>O esquema de desvio, revelado pela <a href=\"https:\/\/www.gazetadopovo.com.br\/economia\/lula-mobiliza-ministros-para-tentar-conter-crise-deflagrada-por-fraude-bilionaria-no-inss\/\">Opera\u00e7\u00e3o Sem Desconto,<\/a> deflagrada pela Pol\u00edcia Federal (PF) e Controladoria-Geral da Uni\u00e3o (CGU) na semana passada, tem provocado rea\u00e7\u00f5es no Congresso e na opini\u00e3o p\u00fablica. O montante estimado \u2014 de no m\u00ednimo R$ 6,3 bilh\u00f5es \u2014 est\u00e1 nas m\u00e3os de entidades que firmaram conv\u00eanios com o INSS para prestar servi\u00e7os aos benefici\u00e1rios. A maioria deles, no entanto, n\u00e3o havia autorizado o desconto e sequer era filiada \u00e0s entidades.<\/p>\n\n\n\n<div class=\"wp-block-image\"><figure class=\"aligncenter size-large is-resized\"><a href=\"https:\/\/www.facebook.com\/profile.php?id=100069289606145\"><img loading=\"lazy\" decoding=\"async\" src=\"https:\/\/jornalfatosenoticias.com.br\/wp-content\/uploads\/2024\/11\/Guaitolini-Contabilidade-1024x714.jpeg\" alt=\"\" class=\"wp-image-55808\" width=\"359\" height=\"250\" srcset=\"https:\/\/jornalfatosenoticias.com.br\/wp-content\/uploads\/2024\/11\/Guaitolini-Contabilidade-1024x714.jpeg 1024w, https:\/\/jornalfatosenoticias.com.br\/wp-content\/uploads\/2024\/11\/Guaitolini-Contabilidade-300x209.jpeg 300w, https:\/\/jornalfatosenoticias.com.br\/wp-content\/uploads\/2024\/11\/Guaitolini-Contabilidade-768x535.jpeg 768w, https:\/\/jornalfatosenoticias.com.br\/wp-content\/uploads\/2024\/11\/Guaitolini-Contabilidade.jpeg 1280w\" sizes=\"auto, (max-width: 359px) 100vw, 359px\" \/><\/a><\/figure><\/div>\n\n\n\n<p>Embora, em tese, caiba \u00e0s entidades o ressarcimento dos recursos, especialistas ouvidos pela Gazeta do Povo afirmam que o governo tem responsabilidade direta no caso. Os conv\u00eanios foram firmados com o INSS sem a verifica\u00e7\u00e3o da capacidade t\u00e9cnica para prestar os servi\u00e7os ou qualquer fiscaliza\u00e7\u00e3o posterior. Tamb\u00e9m n\u00e3o houve checagem da autenticidade das filia\u00e7\u00f5es dos benefici\u00e1rios para a realiza\u00e7\u00e3o dos descontos.<\/p>\n\n\n\n<div class=\"wp-block-image\"><figure class=\"aligncenter size-large is-resized\"><a href=\"https:\/\/www.instagram.com\/restaurantepegoretti\/\"><img loading=\"lazy\" decoding=\"async\" src=\"https:\/\/jornalfatosenoticias.com.br\/wp-content\/uploads\/2023\/12\/pegoretti-logo-pdf-1024x389.jpg\" alt=\"\" class=\"wp-image-47536\" width=\"511\" height=\"194\" srcset=\"https:\/\/jornalfatosenoticias.com.br\/wp-content\/uploads\/2023\/12\/pegoretti-logo-pdf-1024x389.jpg 1024w, https:\/\/jornalfatosenoticias.com.br\/wp-content\/uploads\/2023\/12\/pegoretti-logo-pdf-300x114.jpg 300w, https:\/\/jornalfatosenoticias.com.br\/wp-content\/uploads\/2023\/12\/pegoretti-logo-pdf-768x291.jpg 768w, https:\/\/jornalfatosenoticias.com.br\/wp-content\/uploads\/2023\/12\/pegoretti-logo-pdf.jpg 1120w\" sizes=\"auto, (max-width: 511px) 100vw, 511px\" \/><\/a><\/figure><\/div>\n\n\n\n<p>O relat\u00f3rio da CGU deixa claro a neglig\u00eancia do \u00f3rg\u00e3o e apura a coniv\u00eancia e cumplicidade dos servidores. O caso j\u00e1 provocou a demiss\u00e3o do presidente do INSS, <a href=\"https:\/\/www.gazetadopovo.com.br\/economia\/quem-e-alessandro-stefanutto-presidente-do-inss-afastado-por-suspeitas-de-fraude-bilionaria\/\">Alessandro Stefanutto,<\/a> e amea\u00e7a tamb\u00e9m o ministro da Previd\u00eancia Social, <a href=\"https:\/\/www.gazetadopovo.com.br\/republica\/fraude-bilionaria-no-inss-e-historico-de-escandalos-ampliam-pressao-pela-saida-de-lupi\/?ref=busca\">Carlos Lupi,<\/a> respons\u00e1vel por sua indica\u00e7\u00e3o. Washington Barbosa, especialista em Direito Previdenci\u00e1rio e CEO da WB Cursos, destaca que a rela\u00e7\u00e3o do aposentado \u00e9 com o INSS e n\u00e3o com a associa\u00e7\u00e3o credenciada. \u201cQuem \u00e9 que tem que resolver o meu problema? Quem \u00e9 que tem que pagar? O INSS\u201d, afirma.<\/p>\n\n\n\n<div class=\"wp-block-image\"><figure class=\"aligncenter size-large is-resized\"><a href=\"https:\/\/www.instagram.com\/esteiochurrascaria\/\"><img loading=\"lazy\" decoding=\"async\" src=\"https:\/\/jornalfatosenoticias.com.br\/wp-content\/uploads\/2022\/02\/LOGO-ESTEIO-1024x730.png\" alt=\"\" class=\"wp-image-27942\" width=\"360\" height=\"256\" srcset=\"https:\/\/jornalfatosenoticias.com.br\/wp-content\/uploads\/2022\/02\/LOGO-ESTEIO-1024x730.png 1024w, https:\/\/jornalfatosenoticias.com.br\/wp-content\/uploads\/2022\/02\/LOGO-ESTEIO-300x214.png 300w, https:\/\/jornalfatosenoticias.com.br\/wp-content\/uploads\/2022\/02\/LOGO-ESTEIO-768x548.png 768w, https:\/\/jornalfatosenoticias.com.br\/wp-content\/uploads\/2022\/02\/LOGO-ESTEIO.png 1123w\" sizes=\"auto, (max-width: 360px) 100vw, 360px\" \/><\/a><\/figure><\/div>\n\n\n\n<blockquote class=\"wp-block-quote is-layout-flow wp-block-quote-is-layout-flow\"><p><span class=\"has-inline-color has-luminous-vivid-orange-color\">Cabe ao INSS pagar este valor e entrar com a\u00e7\u00e3o regressiva contra o sindicato. \u00c9 assim que deve ocorrer do ponto de vista jur\u00eddico\u201d. Para ele, a situa\u00e7\u00e3o se assemelha \u00e0s compras indevidas ou fraudes com cart\u00e3o de cr\u00e9dito. \u201cSe aparece uma compra errada fatura de seu cart\u00e3o, voc\u00ea n\u00e3o vai atr\u00e1s do estabelecimento, mas liga para a administradora, pois \u00e9 com ela que voc\u00ea tem rela\u00e7\u00e3o. \u201cO mesmo se d\u00e1 entre o pensionista e o INSS&#8221;, afirma.<\/span><\/p><\/blockquote>\n\n\n\n<div class=\"wp-block-image\"><figure class=\"aligncenter size-large is-resized\"><a href=\"https:\/\/hotelmarquetti.com.br\/\"><img loading=\"lazy\" decoding=\"async\" src=\"https:\/\/jornalfatosenoticias.com.br\/wp-content\/uploads\/2020\/02\/LOGO-MQ-1024x680.jpg\" alt=\"\" class=\"wp-image-58299\" width=\"336\" height=\"223\" srcset=\"https:\/\/jornalfatosenoticias.com.br\/wp-content\/uploads\/2020\/02\/LOGO-MQ-1024x680.jpg 1024w, https:\/\/jornalfatosenoticias.com.br\/wp-content\/uploads\/2020\/02\/LOGO-MQ-300x199.jpg 300w, https:\/\/jornalfatosenoticias.com.br\/wp-content\/uploads\/2020\/02\/LOGO-MQ-768x510.jpg 768w, https:\/\/jornalfatosenoticias.com.br\/wp-content\/uploads\/2020\/02\/LOGO-MQ-1536x1020.jpg 1536w, https:\/\/jornalfatosenoticias.com.br\/wp-content\/uploads\/2020\/02\/LOGO-MQ-2048x1360.jpg 2048w\" sizes=\"auto, (max-width: 336px) 100vw, 336px\" \/><\/a><\/figure><\/div>\n\n\n\n<p><strong><span class=\"has-inline-color has-black-color\">Devolu\u00e7\u00e3o integral a aposentados n\u00e3o tem previs\u00e3o<br><\/span><\/strong>A CGU determinou a suspens\u00e3o de todos os descontos mensais autom\u00e1ticos feitos por entidades logo ap\u00f3s a opera\u00e7\u00e3o. O Minist\u00e9rio da Previd\u00eancia tamb\u00e9m se apressou em informar que vai devolver em maio o dinheiro descontado sem autoriza\u00e7\u00e3o dos contracheques de abril.<\/p>\n\n\n\n<div class=\"wp-block-image\"><figure class=\"aligncenter size-large is-resized\"><a href=\"https:\/\/www.legisjuris.com.br\/\"><img loading=\"lazy\" decoding=\"async\" src=\"https:\/\/jornalfatosenoticias.com.br\/wp-content\/uploads\/2024\/09\/Legis-Juris-Consultoria_logo.jpg\" alt=\"\" class=\"wp-image-53915\" width=\"504\" height=\"211\" srcset=\"https:\/\/jornalfatosenoticias.com.br\/wp-content\/uploads\/2024\/09\/Legis-Juris-Consultoria_logo.jpg 969w, https:\/\/jornalfatosenoticias.com.br\/wp-content\/uploads\/2024\/09\/Legis-Juris-Consultoria_logo-300x126.jpg 300w, https:\/\/jornalfatosenoticias.com.br\/wp-content\/uploads\/2024\/09\/Legis-Juris-Consultoria_logo-768x322.jpg 768w\" sizes=\"auto, (max-width: 504px) 100vw, 504px\" \/><\/a><\/figure><\/div>\n\n\n\n<p>Mas a devolu\u00e7\u00e3o dos descontos irregulares realizados pelas associa\u00e7\u00f5es e sindicatos anteriores a abril ainda n\u00e3o tem previs\u00e3o. A expectativa \u00e9 que uma for\u00e7a-tarefa criada pela Advocacia-Geral da Uni\u00e3o (AGU) fa\u00e7a um mapeamento caso a caso para verificar se o desconto realmente foi autorizado. O relat\u00f3rio da CGU, que abrange o per\u00edodo de 2016 a setembro de 2024, revela que cerca de 7,7 milh\u00f5es de pessoas sofreram descontos em seus benef\u00edcios \u2014 o que corresponde a 22% do n\u00famero atual de aposentadorias e pens\u00f5es pagas pela Previd\u00eancia Social.<\/p>\n\n\n\n<div class=\"wp-block-image\"><figure class=\"aligncenter size-large is-resized\"><a href=\"https:\/\/www.controlsystems.com.br\/\"><img loading=\"lazy\" decoding=\"async\" src=\"https:\/\/jornalfatosenoticias.com.br\/wp-content\/uploads\/2020\/02\/CONTROL-CS.jpg\" alt=\"\" class=\"wp-image-44991\" width=\"291\" height=\"349\" srcset=\"https:\/\/jornalfatosenoticias.com.br\/wp-content\/uploads\/2020\/02\/CONTROL-CS.jpg 834w, https:\/\/jornalfatosenoticias.com.br\/wp-content\/uploads\/2020\/02\/CONTROL-CS-250x300.jpg 250w, https:\/\/jornalfatosenoticias.com.br\/wp-content\/uploads\/2020\/02\/CONTROL-CS-768x921.jpg 768w\" sizes=\"auto, (max-width: 291px) 100vw, 291px\" \/><\/a><\/figure><\/div>\n\n\n\n<p>Segundo Barbosa, que fez um levantamento utilizando o relat\u00f3rio da CGU, considerando a m\u00e9dia de descontos e o volume estimado em desvios, o valor m\u00e9dio de devolu\u00e7\u00e3o est\u00e1 em torno de R$ 6.400. <em><strong>\u201cO ticket m\u00e9dio do desconto \u00e9 de R$ 150 por aposentado\u201d, diz. \u201cAlguns v\u00e3o ganhar R$ 3 mil, outros R$ 12 mil\u201d.<\/strong><\/em><\/p>\n\n\n\n<div class=\"wp-block-image\"><figure class=\"aligncenter size-large is-resized\"><a href=\"https:\/\/www.facebook.com\/postobkr\/?locale=pt_BR\"><img loading=\"lazy\" decoding=\"async\" src=\"https:\/\/jornalfatosenoticias.com.br\/wp-content\/uploads\/2023\/08\/BKR-1024x1021.jpg\" alt=\"\" class=\"wp-image-44494\" width=\"284\" height=\"283\" srcset=\"https:\/\/jornalfatosenoticias.com.br\/wp-content\/uploads\/2023\/08\/BKR-1024x1021.jpg 1024w, https:\/\/jornalfatosenoticias.com.br\/wp-content\/uploads\/2023\/08\/BKR-300x300.jpg 300w, https:\/\/jornalfatosenoticias.com.br\/wp-content\/uploads\/2023\/08\/BKR-150x150.jpg 150w, https:\/\/jornalfatosenoticias.com.br\/wp-content\/uploads\/2023\/08\/BKR-768x766.jpg 768w, https:\/\/jornalfatosenoticias.com.br\/wp-content\/uploads\/2023\/08\/BKR.jpg 1080w\" sizes=\"auto, (max-width: 284px) 100vw, 284px\" \/><\/a><\/figure><\/div>\n\n\n\n<p>O c\u00e1lculo considera o \u201cpior dos mundos\u201d, ou seja, que todo o dinheiro desviado n\u00e3o tenha sido autorizado. Mas a for\u00e7a-tarefa da CGU, segundo ele, pode chegar a um valor menor. Em uma amostra 1,3 mil pessoas entrevistadas pela CGU, a grande maioria n\u00e3o era de fato filiada a essas associa\u00e7\u00f5es nem tampouco autorizou os d\u00e9bitos. Apenas 4% confirmaram filia\u00e7\u00e3o e 2% disseram ter permitido o repasse do dinheiro.<\/p>\n\n\n\n<div class=\"wp-block-image\"><figure class=\"aligncenter size-large is-resized\"><a href=\"https:\/\/panper.com.br\/\"><img loading=\"lazy\" decoding=\"async\" src=\"https:\/\/jornalfatosenoticias.com.br\/wp-content\/uploads\/2023\/03\/logo-Panper_portal.jpg\" alt=\"\" class=\"wp-image-40208\" width=\"334\" height=\"231\" srcset=\"https:\/\/jornalfatosenoticias.com.br\/wp-content\/uploads\/2023\/03\/logo-Panper_portal.jpg 400w, https:\/\/jornalfatosenoticias.com.br\/wp-content\/uploads\/2023\/03\/logo-Panper_portal-300x208.jpg 300w\" sizes=\"auto, (max-width: 334px) 100vw, 334px\" \/><\/a><\/figure><\/div>\n\n\n\n<p><strong><span class=\"has-inline-color has-black-color\">Psol prop\u00f5e cr\u00e9dito extraordin\u00e1rio; oposi\u00e7\u00e3o reage<br><\/span><\/strong>Ao lado do desafio de dimensionar os desvios, o governo enfrenta a necessidade de indicar a fonte de recursos para o ressarcimento. Alternativas para uma solu\u00e7\u00e3o do impasse v\u00eam sendo levantadas. O Psol j\u00e1 apresentou um requerimento \u00e0 Mesa Diretora da C\u00e2mara, sugerindo a abertura de um cr\u00e9dito extraordin\u00e1rio para o governo ressarcir os aposentados sem impacto fiscal.<\/p>\n\n\n\n<div class=\"wp-block-image\"><figure class=\"aligncenter size-large is-resized\"><a href=\"https:\/\/www.instagram.com\/gruposei\/\"><img loading=\"lazy\" decoding=\"async\" src=\"https:\/\/jornalfatosenoticias.com.br\/wp-content\/uploads\/2022\/07\/Logo-Grupo-SEI.jpg\" alt=\"\" class=\"wp-image-31973\" width=\"396\" height=\"208\" srcset=\"https:\/\/jornalfatosenoticias.com.br\/wp-content\/uploads\/2022\/07\/Logo-Grupo-SEI.jpg 713w, https:\/\/jornalfatosenoticias.com.br\/wp-content\/uploads\/2022\/07\/Logo-Grupo-SEI-300x158.jpg 300w\" sizes=\"auto, (max-width: 396px) 100vw, 396px\" \/><\/a><\/figure><\/div>\n\n\n\n<p>O recurso, que precisa ser autorizado por medida provis\u00f3ria, geralmente, \u00e9 utilizado em situa\u00e7\u00f5es espec\u00edficas \u2014 como calamidades p\u00fablicas, guerras ou casos de como\u00e7\u00e3o interna. O dinheiro pode vir do excesso de arrecada\u00e7\u00e3o de impostos, do super\u00e1vit financeiro (saldo de anos anteriores n\u00e3o utilizado), da anula\u00e7\u00e3o parcial de despesas ou de opera\u00e7\u00f5es de cr\u00e9dito e outros recursos que possam ser mobilizados para a situa\u00e7\u00e3o emergencial.<\/p>\n\n\n\n<div class=\"wp-block-image\"><figure class=\"aligncenter size-large is-resized\"><a href=\"https:\/\/www.instagram.com\/serra4x4cambioautomatico\/\"><img loading=\"lazy\" decoding=\"async\" src=\"https:\/\/jornalfatosenoticias.com.br\/wp-content\/uploads\/2024\/08\/Serra-4x4-1-886x1024.jpg\" alt=\"\" class=\"wp-image-53632\" width=\"262\" height=\"303\" srcset=\"https:\/\/jornalfatosenoticias.com.br\/wp-content\/uploads\/2024\/08\/Serra-4x4-1-886x1024.jpg 886w, https:\/\/jornalfatosenoticias.com.br\/wp-content\/uploads\/2024\/08\/Serra-4x4-1-260x300.jpg 260w, https:\/\/jornalfatosenoticias.com.br\/wp-content\/uploads\/2024\/08\/Serra-4x4-1-768x888.jpg 768w, https:\/\/jornalfatosenoticias.com.br\/wp-content\/uploads\/2024\/08\/Serra-4x4-1.jpg 1181w\" sizes=\"auto, (max-width: 262px) 100vw, 262px\" \/><\/a><\/figure><\/div>\n\n\n\n<p>Geralmente, s\u00e3o bancados por emiss\u00e3o de d\u00edvida p\u00fablica, o que acaba penalizando o pagador de impostos. Apesar de n\u00e3o pagar a d\u00edvida p\u00fablica com recursos da arrecada\u00e7\u00e3o, o governo acaba precisando contrair novas d\u00edvidas para pagar os juros, o que, no fim do dia, impacta o bolso da popula\u00e7\u00e3o. A medida vem enfrentando resist\u00eancia no Congresso e a oposi\u00e7\u00e3o j\u00e1 avisou que pretende barrar a iniciativa psolista.<\/p>\n\n\n\n<div class=\"wp-block-image\"><figure class=\"aligncenter size-large is-resized\"><a href=\"https:\/\/www.instagram.com\/rcradiadores\/\"><img loading=\"lazy\" decoding=\"async\" src=\"https:\/\/jornalfatosenoticias.com.br\/wp-content\/uploads\/2022\/10\/RC_800x750_page-0001.jpg\" alt=\"\" class=\"wp-image-35338\" width=\"270\" height=\"253\" srcset=\"https:\/\/jornalfatosenoticias.com.br\/wp-content\/uploads\/2022\/10\/RC_800x750_page-0001.jpg 400w, https:\/\/jornalfatosenoticias.com.br\/wp-content\/uploads\/2022\/10\/RC_800x750_page-0001-300x281.jpg 300w\" sizes=\"auto, (max-width: 270px) 100vw, 270px\" \/><\/a><\/figure><\/div>\n\n\n\n<blockquote class=\"wp-block-quote is-layout-flow wp-block-quote-is-layout-flow\"><p><span class=\"has-inline-color has-luminous-vivid-orange-color\">O ressarcimento aos aposentados \u00e9 necess\u00e1rio, mas a proposta do Psol \u00e9 absurda\u201d, afirmou o deputado Luiz Phillippe de Orleans e Bragan\u00e7a (PL-SP), da Frente Parlamentar para o Livre Mercado. \u201cJogar a conta no colo do cidad\u00e3o \u00e9 varrer a sujeira para debaixo do tapete. \u00c9 preciso bloquear os bens e punir quem fraudou o sistema, n\u00e3o perpetuar a impunidade \u00e0s custas do povo\u201d.<\/span><\/p><\/blockquote>\n\n\n\n<div class=\"wp-block-image\"><figure class=\"aligncenter size-large is-resized\"><a href=\"https:\/\/www.facebook.com\/vetor.vix\/\"><img loading=\"lazy\" decoding=\"async\" src=\"https:\/\/jornalfatosenoticias.com.br\/wp-content\/uploads\/2023\/09\/vetorvix1024_1.jpg\" alt=\"\" class=\"wp-image-44868\" width=\"546\" height=\"145\" srcset=\"https:\/\/jornalfatosenoticias.com.br\/wp-content\/uploads\/2023\/09\/vetorvix1024_1.jpg 1024w, https:\/\/jornalfatosenoticias.com.br\/wp-content\/uploads\/2023\/09\/vetorvix1024_1-300x80.jpg 300w, https:\/\/jornalfatosenoticias.com.br\/wp-content\/uploads\/2023\/09\/vetorvix1024_1-768x205.jpg 768w\" sizes=\"auto, (max-width: 546px) 100vw, 546px\" \/><\/a><\/figure><\/div>\n\n\n\n<p><strong><span class=\"has-inline-color has-black-color\">Recursos podem ser tirados do Or\u00e7amento<br><\/span><\/strong>O especialista em contas p\u00fablicas Murilo Viana destaca a impropriedade da medida, al\u00e9m do risco \u00e0 imagem do governo. \u201cAl\u00e9m do cr\u00e9dito extraordin\u00e1rio exigir imprevisibilidade e tudo mais, a medida seria muito mal vista\u201d, diz. \u201cMisturaria a dificuldade fiscal, que j\u00e1 \u00e9 uma agenda negativa, com uma discuss\u00e3o sobre a m\u00e1 administra\u00e7\u00e3o relacionada ao INSS, levando a um desgaste mais duradouro para o governo\u201d.<\/p>\n\n\n\n<div class=\"wp-block-image\"><figure class=\"aligncenter size-large\"><a href=\"https:\/\/www.cesconetto.com.br\/\"><img loading=\"lazy\" decoding=\"async\" width=\"300\" height=\"250\" src=\"https:\/\/jornalfatosenoticias.com.br\/wp-content\/uploads\/2022\/02\/Banner-2.png\" alt=\"\" class=\"wp-image-27877\"\/><\/a><\/figure><\/div>\n\n\n\n<p>Sem o cr\u00e9dito extraordin\u00e1rio, a sa\u00edda do governo seria tirar recursos do Tesouro. \u201c\u00c9 uma despesa que n\u00e3o est\u00e1 prevista no Or\u00e7amento, portanto, se o governo optar devolver tudo de uma vez, algum impacto fiscal haver\u00e1\u201d, avalia Viana. Ele acredita que, diante da press\u00e3o popular, h\u00e1 grandes chances de isso acontecer. \u201cMas n\u00e3o me surpreenderia se o governo tentasse solucionar o problema da forma mais c\u00e9lere poss\u00edvel, mesmo sem investigar a fundo quem tem direito de fato ou n\u00e3o ao ressarcimento\u201d.<\/p>\n\n\n\n<div class=\"wp-block-image\"><figure class=\"aligncenter size-large is-resized\"><a href=\"https:\/\/www.ithbrasil.com.br\/\"><img loading=\"lazy\" decoding=\"async\" src=\"https:\/\/jornalfatosenoticias.com.br\/wp-content\/uploads\/2023\/08\/ITH.jpeg\" alt=\"\" class=\"wp-image-44638\" width=\"301\" height=\"245\" srcset=\"https:\/\/jornalfatosenoticias.com.br\/wp-content\/uploads\/2023\/08\/ITH.jpeg 800w, https:\/\/jornalfatosenoticias.com.br\/wp-content\/uploads\/2023\/08\/ITH-300x244.jpeg 300w, https:\/\/jornalfatosenoticias.com.br\/wp-content\/uploads\/2023\/08\/ITH-768x624.jpeg 768w\" sizes=\"auto, (max-width: 301px) 100vw, 301px\" \/><\/a><\/figure><\/div>\n\n\n\n<p>Para o especialista, a alternativa prov\u00e1vel \u00e9 que o governo se utilize dos recursos destinados a despesas discricion\u00e1rias dentro do Or\u00e7amento. Ele lembra que se trata de uma parte pequena, j\u00e1 que mais de 90% das receitas da Uni\u00e3o s\u00e3o consumidas por despesas obrigat\u00f3rias.<\/p>\n\n\n\n<div class=\"wp-block-image\"><figure class=\"aligncenter size-large is-resized\"><a href=\"https:\/\/www.legisjuris.com.br\/\"><img loading=\"lazy\" decoding=\"async\" src=\"https:\/\/jornalfatosenoticias.com.br\/wp-content\/uploads\/2024\/09\/Legis-Juris-Consultoria_logo.jpg\" alt=\"\" class=\"wp-image-53915\" width=\"523\" height=\"219\" srcset=\"https:\/\/jornalfatosenoticias.com.br\/wp-content\/uploads\/2024\/09\/Legis-Juris-Consultoria_logo.jpg 969w, https:\/\/jornalfatosenoticias.com.br\/wp-content\/uploads\/2024\/09\/Legis-Juris-Consultoria_logo-300x126.jpg 300w, https:\/\/jornalfatosenoticias.com.br\/wp-content\/uploads\/2024\/09\/Legis-Juris-Consultoria_logo-768x322.jpg 768w\" sizes=\"auto, (max-width: 523px) 100vw, 523px\" \/><\/a><\/figure><\/div>\n\n\n\n<p>Al\u00e9m disso, a arrecada\u00e7\u00e3o federal, prevista na Lei de Diretrizes Or\u00e7ament\u00e1rias, aprovada em mar\u00e7o pelo Congresso, pode ser impactada pela redu\u00e7\u00e3o de crescimento da economia ao longo do ano e comprometer o cumprimento da meta do arcabou\u00e7o fiscal, de zerar o d\u00e9ficit das contas p\u00fablicas este ano.<\/p>\n\n\n\n<div class=\"wp-block-image\"><figure class=\"aligncenter size-large\"><a href=\"http:\/\/www.ferrarimaquinas.com.br\/\"><img loading=\"lazy\" decoding=\"async\" width=\"300\" height=\"250\" src=\"https:\/\/jornalfatosenoticias.com.br\/wp-content\/uploads\/2022\/02\/FERRARI_MAQUINAS-E-FERRAMENTAS2.jpg\" alt=\"\" class=\"wp-image-27860\"\/><\/a><\/figure><\/div>\n\n\n\n<blockquote class=\"wp-block-quote is-layout-flow wp-block-quote-is-layout-flow\"><p><span class=\"has-inline-color has-luminous-vivid-orange-color\">Seria uma press\u00e3o a mais sobre o or\u00e7amento\u201d, diz. \u201cMas n\u00e3o um valor que inviabilizaria por si s\u00f3 o cumprimento da meta fiscal. Ele tem que ser olhado dentro do conjunto da obra. O risco reputacional do governo com o n\u00e3o pagamento seria muito maior\u201d, afirma Viana.<\/span><\/p><\/blockquote>\n\n\n\n<div class=\"wp-block-image\"><figure class=\"aligncenter size-large is-resized\"><a href=\"https:\/\/hotelmarquetti.com.br\/\"><img loading=\"lazy\" decoding=\"async\" src=\"https:\/\/jornalfatosenoticias.com.br\/wp-content\/uploads\/2020\/02\/LOGO-MQ-1024x680.jpg\" alt=\"\" class=\"wp-image-58299\" width=\"333\" height=\"221\" srcset=\"https:\/\/jornalfatosenoticias.com.br\/wp-content\/uploads\/2020\/02\/LOGO-MQ-1024x680.jpg 1024w, https:\/\/jornalfatosenoticias.com.br\/wp-content\/uploads\/2020\/02\/LOGO-MQ-300x199.jpg 300w, https:\/\/jornalfatosenoticias.com.br\/wp-content\/uploads\/2020\/02\/LOGO-MQ-768x510.jpg 768w, https:\/\/jornalfatosenoticias.com.br\/wp-content\/uploads\/2020\/02\/LOGO-MQ-1536x1020.jpg 1536w, https:\/\/jornalfatosenoticias.com.br\/wp-content\/uploads\/2020\/02\/LOGO-MQ-2048x1360.jpg 2048w\" sizes=\"auto, (max-width: 333px) 100vw, 333px\" \/><\/a><\/figure><\/div>\n\n\n\n<p>Barbosa tem outra vis\u00e3o. Para ele, o governo deve postergar o pagamento, levando em conta a situa\u00e7\u00e3o fiscal, a investiga\u00e7\u00e3o caso a caso e a demora do processo. \u201cAdministrativamente, n\u00e3o acredito que o governo desembolse essa quantia\u201d, diz. \u201cEle vai devolver os valores descontados na folha de abril e o resto o aposentado dever\u00e1 pleitear via judicial. Provavelmente, o Judici\u00e1rio, ciente do esc\u00e2ndalo do caso, vai julgar r\u00e1pido. \u00c9 a melhor alternativa para o benefici\u00e1rio\u201d.<\/p>\n\n\n\n<div class=\"wp-block-image\"><figure class=\"aligncenter size-large is-resized\"><a href=\"https:\/\/www.instagram.com\/esteiochurrascaria\/\"><img loading=\"lazy\" decoding=\"async\" src=\"https:\/\/jornalfatosenoticias.com.br\/wp-content\/uploads\/2022\/02\/LOGO-ESTEIO-1024x730.png\" alt=\"\" class=\"wp-image-27942\" width=\"315\" height=\"224\" srcset=\"https:\/\/jornalfatosenoticias.com.br\/wp-content\/uploads\/2022\/02\/LOGO-ESTEIO-1024x730.png 1024w, https:\/\/jornalfatosenoticias.com.br\/wp-content\/uploads\/2022\/02\/LOGO-ESTEIO-300x214.png 300w, https:\/\/jornalfatosenoticias.com.br\/wp-content\/uploads\/2022\/02\/LOGO-ESTEIO-768x548.png 768w, https:\/\/jornalfatosenoticias.com.br\/wp-content\/uploads\/2022\/02\/LOGO-ESTEIO.png 1123w\" sizes=\"auto, (max-width: 315px) 100vw, 315px\" \/><\/a><\/figure><\/div>\n\n\n\n<p><strong>Fonte: <a href=\"https:\/\/www.gazetadopovo.com.br\/economia\/fraude-do-inss-governo-nao-sabe-de-onde-tirar-recursos-para-ressarcir-aposentados\/\">Gazeta do Povo<\/a><\/strong><\/p>\n","protected":false},"excerpt":{"rendered":"<p>O relat\u00f3rio da CGU deixa claro a neglig\u00eancia do \u00f3rg\u00e3o e apura a coniv\u00eancia e cumplicidade dos servidores Por Rose Amant\u00e9a Sob suspeita de corrup\u00e7\u00e3o, o governo Luiz In\u00e1cio Lula da Silva (PT) est\u00e1 sendo pressionado a dar uma resposta r\u00e1pida ao esc\u00e2ndalo do Instituto Nacional do Seguro Social (INSS). Seu desafio \u00e9 arrumar meios [&hellip;]<\/p>\n","protected":false},"author":2,"featured_media":58851,"comment_status":"open","ping_status":"open","sticky":false,"template":"","format":"standard","meta":{"footnotes":""},"categories":[9],"tags":[26783,7681,26864,23811,26865,18343,696,17895,7682,1861,26806,20008],"class_list":["post-58850","post","type-post","status-publish","format-standard","has-post-thumbnail","hentry","category-economia","tag-alessandro-stefanutto","tag-aposentados","tag-associacoes","tag-carlos-lupi","tag-dinheiro-desviado","tag-governo-lula","tag-inss","tag-judiciario","tag-pensionistas","tag-previdencia-social","tag-rombo-no-inss","tag-sindicatos"],"yoast_head":"<!-- This site is optimized with the Yoast SEO plugin v26.5 - https:\/\/yoast.com\/wordpress\/plugins\/seo\/ -->\n<title>Fraude do INSS: governo n\u00e3o sabe de onde tirar recursos para ressarcir aposentados - Jornal Fatos e Not\u00edcias<\/title>\n<meta name=\"robots\" content=\"index, follow, max-snippet:-1, max-image-preview:large, max-video-preview:-1\" \/>\n<link rel=\"canonical\" href=\"https:\/\/jornalfatosenoticias.com.br\/index.php\/2025\/04\/30\/fraude-do-inss-governo-nao-sabe-de-onde-tirar-recursos-para-ressarcir-aposentados\/\" \/>\n<meta property=\"og:locale\" content=\"pt_BR\" \/>\n<meta property=\"og:type\" content=\"article\" \/>\n<meta property=\"og:title\" content=\"Fraude do INSS: governo n\u00e3o sabe de onde tirar recursos para ressarcir aposentados - Jornal Fatos e Not\u00edcias\" \/>\n<meta property=\"og:description\" content=\"O relat\u00f3rio da CGU deixa claro a neglig\u00eancia do \u00f3rg\u00e3o e apura a coniv\u00eancia e cumplicidade dos servidores Por Rose Amant\u00e9a Sob suspeita de corrup\u00e7\u00e3o, o governo Luiz In\u00e1cio Lula da Silva (PT) est\u00e1 sendo pressionado a dar uma resposta r\u00e1pida ao esc\u00e2ndalo do Instituto Nacional do Seguro Social (INSS). Seu desafio \u00e9 arrumar meios [&hellip;]\" \/>\n<meta property=\"og:url\" content=\"https:\/\/jornalfatosenoticias.com.br\/index.php\/2025\/04\/30\/fraude-do-inss-governo-nao-sabe-de-onde-tirar-recursos-para-ressarcir-aposentados\/\" \/>\n<meta property=\"og:site_name\" content=\"Jornal Fatos e Not\u00edcias\" \/>\n<meta property=\"article:published_time\" content=\"2025-04-30T13:08:23+00:00\" \/>\n<meta property=\"article:modified_time\" content=\"2025-04-30T13:08:25+00:00\" \/>\n<meta property=\"og:image\" content=\"https:\/\/jornalfatosenoticias.com.br\/wp-content\/uploads\/2025\/04\/carlos-lupi.jpg\" \/>\n\t<meta property=\"og:image:width\" content=\"1000\" \/>\n\t<meta property=\"og:image:height\" content=\"666\" \/>\n\t<meta property=\"og:image:type\" content=\"image\/jpeg\" \/>\n<meta name=\"author\" content=\"Luzimara Fernandes\" \/>\n<meta name=\"twitter:card\" content=\"summary_large_image\" \/>\n<meta name=\"twitter:label1\" content=\"Escrito por\" \/>\n\t<meta name=\"twitter:data1\" content=\"Luzimara Fernandes\" \/>\n\t<meta name=\"twitter:label2\" content=\"Est. tempo de leitura\" \/>\n\t<meta name=\"twitter:data2\" content=\"7 minutos\" \/>\n<script type=\"application\/ld+json\" class=\"yoast-schema-graph\">{\"@context\":\"https:\/\/schema.org\",\"@graph\":[{\"@type\":\"Article\",\"@id\":\"https:\/\/jornalfatosenoticias.com.br\/index.php\/2025\/04\/30\/fraude-do-inss-governo-nao-sabe-de-onde-tirar-recursos-para-ressarcir-aposentados\/#article\",\"isPartOf\":{\"@id\":\"https:\/\/jornalfatosenoticias.com.br\/index.php\/2025\/04\/30\/fraude-do-inss-governo-nao-sabe-de-onde-tirar-recursos-para-ressarcir-aposentados\/\"},\"author\":{\"name\":\"Luzimara Fernandes\",\"@id\":\"https:\/\/jornalfatosenoticias.com.br\/#\/schema\/person\/d63837fa13ac8666eb9e74e0985d6f81\"},\"headline\":\"Fraude do INSS: governo n\u00e3o sabe de onde tirar recursos para ressarcir aposentados\",\"datePublished\":\"2025-04-30T13:08:23+00:00\",\"dateModified\":\"2025-04-30T13:08:25+00:00\",\"mainEntityOfPage\":{\"@id\":\"https:\/\/jornalfatosenoticias.com.br\/index.php\/2025\/04\/30\/fraude-do-inss-governo-nao-sabe-de-onde-tirar-recursos-para-ressarcir-aposentados\/\"},\"wordCount\":1422,\"commentCount\":0,\"publisher\":{\"@id\":\"https:\/\/jornalfatosenoticias.com.br\/#organization\"},\"image\":{\"@id\":\"https:\/\/jornalfatosenoticias.com.br\/index.php\/2025\/04\/30\/fraude-do-inss-governo-nao-sabe-de-onde-tirar-recursos-para-ressarcir-aposentados\/#primaryimage\"},\"thumbnailUrl\":\"https:\/\/jornalfatosenoticias.com.br\/wp-content\/uploads\/2025\/04\/carlos-lupi.jpg\",\"keywords\":[\"Alessandro Stefanutto\",\"aposentados\",\"associa\u00e7\u00f5es\",\"Carlos Lupi\",\"dinheiro desviado\",\"governo Lula\",\"INSS\",\"Judici\u00e1rio\",\"pensionistas\",\"Previd\u00eancia Social\",\"rombo no INSS\",\"sindicatos\"],\"articleSection\":[\"Economia\"],\"inLanguage\":\"pt-BR\",\"potentialAction\":[{\"@type\":\"CommentAction\",\"name\":\"Comment\",\"target\":[\"https:\/\/jornalfatosenoticias.com.br\/index.php\/2025\/04\/30\/fraude-do-inss-governo-nao-sabe-de-onde-tirar-recursos-para-ressarcir-aposentados\/#respond\"]}]},{\"@type\":\"WebPage\",\"@id\":\"https:\/\/jornalfatosenoticias.com.br\/index.php\/2025\/04\/30\/fraude-do-inss-governo-nao-sabe-de-onde-tirar-recursos-para-ressarcir-aposentados\/\",\"url\":\"https:\/\/jornalfatosenoticias.com.br\/index.php\/2025\/04\/30\/fraude-do-inss-governo-nao-sabe-de-onde-tirar-recursos-para-ressarcir-aposentados\/\",\"name\":\"Fraude do INSS: governo n\u00e3o sabe de onde tirar recursos para ressarcir aposentados - Jornal Fatos e Not\u00edcias\",\"isPartOf\":{\"@id\":\"https:\/\/jornalfatosenoticias.com.br\/#website\"},\"primaryImageOfPage\":{\"@id\":\"https:\/\/jornalfatosenoticias.com.br\/index.php\/2025\/04\/30\/fraude-do-inss-governo-nao-sabe-de-onde-tirar-recursos-para-ressarcir-aposentados\/#primaryimage\"},\"image\":{\"@id\":\"https:\/\/jornalfatosenoticias.com.br\/index.php\/2025\/04\/30\/fraude-do-inss-governo-nao-sabe-de-onde-tirar-recursos-para-ressarcir-aposentados\/#primaryimage\"},\"thumbnailUrl\":\"https:\/\/jornalfatosenoticias.com.br\/wp-content\/uploads\/2025\/04\/carlos-lupi.jpg\",\"datePublished\":\"2025-04-30T13:08:23+00:00\",\"dateModified\":\"2025-04-30T13:08:25+00:00\",\"breadcrumb\":{\"@id\":\"https:\/\/jornalfatosenoticias.com.br\/index.php\/2025\/04\/30\/fraude-do-inss-governo-nao-sabe-de-onde-tirar-recursos-para-ressarcir-aposentados\/#breadcrumb\"},\"inLanguage\":\"pt-BR\",\"potentialAction\":[{\"@type\":\"ReadAction\",\"target\":[\"https:\/\/jornalfatosenoticias.com.br\/index.php\/2025\/04\/30\/fraude-do-inss-governo-nao-sabe-de-onde-tirar-recursos-para-ressarcir-aposentados\/\"]}]},{\"@type\":\"ImageObject\",\"inLanguage\":\"pt-BR\",\"@id\":\"https:\/\/jornalfatosenoticias.com.br\/index.php\/2025\/04\/30\/fraude-do-inss-governo-nao-sabe-de-onde-tirar-recursos-para-ressarcir-aposentados\/#primaryimage\",\"url\":\"https:\/\/jornalfatosenoticias.com.br\/wp-content\/uploads\/2025\/04\/carlos-lupi.jpg\",\"contentUrl\":\"https:\/\/jornalfatosenoticias.com.br\/wp-content\/uploads\/2025\/04\/carlos-lupi.jpg\",\"width\":1000,\"height\":666},{\"@type\":\"BreadcrumbList\",\"@id\":\"https:\/\/jornalfatosenoticias.com.br\/index.php\/2025\/04\/30\/fraude-do-inss-governo-nao-sabe-de-onde-tirar-recursos-para-ressarcir-aposentados\/#breadcrumb\",\"itemListElement\":[{\"@type\":\"ListItem\",\"position\":1,\"name\":\"In\u00edcio\",\"item\":\"https:\/\/jornalfatosenoticias.com.br\/\"},{\"@type\":\"ListItem\",\"position\":2,\"name\":\"Fraude do INSS: governo n\u00e3o sabe de onde tirar recursos para ressarcir aposentados\"}]},{\"@type\":\"WebSite\",\"@id\":\"https:\/\/jornalfatosenoticias.com.br\/#website\",\"url\":\"https:\/\/jornalfatosenoticias.com.br\/\",\"name\":\"Jornal Fatos e Not\u00edcias\",\"description\":\"Not\u00edcias em geral\",\"publisher\":{\"@id\":\"https:\/\/jornalfatosenoticias.com.br\/#organization\"},\"potentialAction\":[{\"@type\":\"SearchAction\",\"target\":{\"@type\":\"EntryPoint\",\"urlTemplate\":\"https:\/\/jornalfatosenoticias.com.br\/?s={search_term_string}\"},\"query-input\":{\"@type\":\"PropertyValueSpecification\",\"valueRequired\":true,\"valueName\":\"search_term_string\"}}],\"inLanguage\":\"pt-BR\"},{\"@type\":\"Organization\",\"@id\":\"https:\/\/jornalfatosenoticias.com.br\/#organization\",\"name\":\"Jornal Fatos e Not\u00edcias\",\"url\":\"https:\/\/jornalfatosenoticias.com.br\/\",\"logo\":{\"@type\":\"ImageObject\",\"inLanguage\":\"pt-BR\",\"@id\":\"https:\/\/jornalfatosenoticias.com.br\/#\/schema\/logo\/image\/\",\"url\":\"https:\/\/jornalfatosenoticias.com.br\/wp-content\/uploads\/2020\/02\/logo120.png\",\"contentUrl\":\"https:\/\/jornalfatosenoticias.com.br\/wp-content\/uploads\/2020\/02\/logo120.png\",\"width\":1227,\"height\":120,\"caption\":\"Jornal Fatos e Not\u00edcias\"},\"image\":{\"@id\":\"https:\/\/jornalfatosenoticias.com.br\/#\/schema\/logo\/image\/\"}},{\"@type\":\"Person\",\"@id\":\"https:\/\/jornalfatosenoticias.com.br\/#\/schema\/person\/d63837fa13ac8666eb9e74e0985d6f81\",\"name\":\"Luzimara Fernandes\",\"image\":{\"@type\":\"ImageObject\",\"inLanguage\":\"pt-BR\",\"@id\":\"https:\/\/jornalfatosenoticias.com.br\/#\/schema\/person\/image\/\",\"url\":\"https:\/\/jornalfatosenoticias.com.br\/wp-content\/uploads\/2025\/05\/EU_portal.jpg\",\"contentUrl\":\"https:\/\/jornalfatosenoticias.com.br\/wp-content\/uploads\/2025\/05\/EU_portal.jpg\",\"caption\":\"Luzimara Fernandes\"},\"description\":\"Jornalista MTB 2358-ES\",\"sameAs\":[\"https:\/\/jornalfatosenoticias.com.br\"],\"url\":\"https:\/\/jornalfatosenoticias.com.br\/index.php\/author\/luzimara\/\"}]}<\/script>\n<!-- \/ Yoast SEO plugin. -->","yoast_head_json":{"title":"Fraude do INSS: governo n\u00e3o sabe de onde tirar recursos para ressarcir aposentados - Jornal Fatos e Not\u00edcias","robots":{"index":"index","follow":"follow","max-snippet":"max-snippet:-1","max-image-preview":"max-image-preview:large","max-video-preview":"max-video-preview:-1"},"canonical":"https:\/\/jornalfatosenoticias.com.br\/index.php\/2025\/04\/30\/fraude-do-inss-governo-nao-sabe-de-onde-tirar-recursos-para-ressarcir-aposentados\/","og_locale":"pt_BR","og_type":"article","og_title":"Fraude do INSS: governo n\u00e3o sabe de onde tirar recursos para ressarcir aposentados - Jornal Fatos e Not\u00edcias","og_description":"O relat\u00f3rio da CGU deixa claro a neglig\u00eancia do \u00f3rg\u00e3o e apura a coniv\u00eancia e cumplicidade dos servidores Por Rose Amant\u00e9a Sob suspeita de corrup\u00e7\u00e3o, o governo Luiz In\u00e1cio Lula da Silva (PT) est\u00e1 sendo pressionado a dar uma resposta r\u00e1pida ao esc\u00e2ndalo do Instituto Nacional do Seguro Social (INSS). Seu desafio \u00e9 arrumar meios [&hellip;]","og_url":"https:\/\/jornalfatosenoticias.com.br\/index.php\/2025\/04\/30\/fraude-do-inss-governo-nao-sabe-de-onde-tirar-recursos-para-ressarcir-aposentados\/","og_site_name":"Jornal Fatos e Not\u00edcias","article_published_time":"2025-04-30T13:08:23+00:00","article_modified_time":"2025-04-30T13:08:25+00:00","og_image":[{"width":1000,"height":666,"url":"https:\/\/jornalfatosenoticias.com.br\/wp-content\/uploads\/2025\/04\/carlos-lupi.jpg","type":"image\/jpeg"}],"author":"Luzimara Fernandes","twitter_card":"summary_large_image","twitter_misc":{"Escrito por":"Luzimara Fernandes","Est. tempo de leitura":"7 minutos"},"schema":{"@context":"https:\/\/schema.org","@graph":[{"@type":"Article","@id":"https:\/\/jornalfatosenoticias.com.br\/index.php\/2025\/04\/30\/fraude-do-inss-governo-nao-sabe-de-onde-tirar-recursos-para-ressarcir-aposentados\/#article","isPartOf":{"@id":"https:\/\/jornalfatosenoticias.com.br\/index.php\/2025\/04\/30\/fraude-do-inss-governo-nao-sabe-de-onde-tirar-recursos-para-ressarcir-aposentados\/"},"author":{"name":"Luzimara Fernandes","@id":"https:\/\/jornalfatosenoticias.com.br\/#\/schema\/person\/d63837fa13ac8666eb9e74e0985d6f81"},"headline":"Fraude do INSS: governo n\u00e3o sabe de onde tirar recursos para ressarcir aposentados","datePublished":"2025-04-30T13:08:23+00:00","dateModified":"2025-04-30T13:08:25+00:00","mainEntityOfPage":{"@id":"https:\/\/jornalfatosenoticias.com.br\/index.php\/2025\/04\/30\/fraude-do-inss-governo-nao-sabe-de-onde-tirar-recursos-para-ressarcir-aposentados\/"},"wordCount":1422,"commentCount":0,"publisher":{"@id":"https:\/\/jornalfatosenoticias.com.br\/#organization"},"image":{"@id":"https:\/\/jornalfatosenoticias.com.br\/index.php\/2025\/04\/30\/fraude-do-inss-governo-nao-sabe-de-onde-tirar-recursos-para-ressarcir-aposentados\/#primaryimage"},"thumbnailUrl":"https:\/\/jornalfatosenoticias.com.br\/wp-content\/uploads\/2025\/04\/carlos-lupi.jpg","keywords":["Alessandro Stefanutto","aposentados","associa\u00e7\u00f5es","Carlos Lupi","dinheiro desviado","governo Lula","INSS","Judici\u00e1rio","pensionistas","Previd\u00eancia Social","rombo no INSS","sindicatos"],"articleSection":["Economia"],"inLanguage":"pt-BR","potentialAction":[{"@type":"CommentAction","name":"Comment","target":["https:\/\/jornalfatosenoticias.com.br\/index.php\/2025\/04\/30\/fraude-do-inss-governo-nao-sabe-de-onde-tirar-recursos-para-ressarcir-aposentados\/#respond"]}]},{"@type":"WebPage","@id":"https:\/\/jornalfatosenoticias.com.br\/index.php\/2025\/04\/30\/fraude-do-inss-governo-nao-sabe-de-onde-tirar-recursos-para-ressarcir-aposentados\/","url":"https:\/\/jornalfatosenoticias.com.br\/index.php\/2025\/04\/30\/fraude-do-inss-governo-nao-sabe-de-onde-tirar-recursos-para-ressarcir-aposentados\/","name":"Fraude do INSS: governo n\u00e3o sabe de onde tirar recursos para ressarcir aposentados - Jornal Fatos e Not\u00edcias","isPartOf":{"@id":"https:\/\/jornalfatosenoticias.com.br\/#website"},"primaryImageOfPage":{"@id":"https:\/\/jornalfatosenoticias.com.br\/index.php\/2025\/04\/30\/fraude-do-inss-governo-nao-sabe-de-onde-tirar-recursos-para-ressarcir-aposentados\/#primaryimage"},"image":{"@id":"https:\/\/jornalfatosenoticias.com.br\/index.php\/2025\/04\/30\/fraude-do-inss-governo-nao-sabe-de-onde-tirar-recursos-para-ressarcir-aposentados\/#primaryimage"},"thumbnailUrl":"https:\/\/jornalfatosenoticias.com.br\/wp-content\/uploads\/2025\/04\/carlos-lupi.jpg","datePublished":"2025-04-30T13:08:23+00:00","dateModified":"2025-04-30T13:08:25+00:00","breadcrumb":{"@id":"https:\/\/jornalfatosenoticias.com.br\/index.php\/2025\/04\/30\/fraude-do-inss-governo-nao-sabe-de-onde-tirar-recursos-para-ressarcir-aposentados\/#breadcrumb"},"inLanguage":"pt-BR","potentialAction":[{"@type":"ReadAction","target":["https:\/\/jornalfatosenoticias.com.br\/index.php\/2025\/04\/30\/fraude-do-inss-governo-nao-sabe-de-onde-tirar-recursos-para-ressarcir-aposentados\/"]}]},{"@type":"ImageObject","inLanguage":"pt-BR","@id":"https:\/\/jornalfatosenoticias.com.br\/index.php\/2025\/04\/30\/fraude-do-inss-governo-nao-sabe-de-onde-tirar-recursos-para-ressarcir-aposentados\/#primaryimage","url":"https:\/\/jornalfatosenoticias.com.br\/wp-content\/uploads\/2025\/04\/carlos-lupi.jpg","contentUrl":"https:\/\/jornalfatosenoticias.com.br\/wp-content\/uploads\/2025\/04\/carlos-lupi.jpg","width":1000,"height":666},{"@type":"BreadcrumbList","@id":"https:\/\/jornalfatosenoticias.com.br\/index.php\/2025\/04\/30\/fraude-do-inss-governo-nao-sabe-de-onde-tirar-recursos-para-ressarcir-aposentados\/#breadcrumb","itemListElement":[{"@type":"ListItem","position":1,"name":"In\u00edcio","item":"https:\/\/jornalfatosenoticias.com.br\/"},{"@type":"ListItem","position":2,"name":"Fraude do INSS: governo n\u00e3o sabe de onde tirar recursos para ressarcir aposentados"}]},{"@type":"WebSite","@id":"https:\/\/jornalfatosenoticias.com.br\/#website","url":"https:\/\/jornalfatosenoticias.com.br\/","name":"Jornal Fatos e Not\u00edcias","description":"Not\u00edcias em geral","publisher":{"@id":"https:\/\/jornalfatosenoticias.com.br\/#organization"},"potentialAction":[{"@type":"SearchAction","target":{"@type":"EntryPoint","urlTemplate":"https:\/\/jornalfatosenoticias.com.br\/?s={search_term_string}"},"query-input":{"@type":"PropertyValueSpecification","valueRequired":true,"valueName":"search_term_string"}}],"inLanguage":"pt-BR"},{"@type":"Organization","@id":"https:\/\/jornalfatosenoticias.com.br\/#organization","name":"Jornal Fatos e Not\u00edcias","url":"https:\/\/jornalfatosenoticias.com.br\/","logo":{"@type":"ImageObject","inLanguage":"pt-BR","@id":"https:\/\/jornalfatosenoticias.com.br\/#\/schema\/logo\/image\/","url":"https:\/\/jornalfatosenoticias.com.br\/wp-content\/uploads\/2020\/02\/logo120.png","contentUrl":"https:\/\/jornalfatosenoticias.com.br\/wp-content\/uploads\/2020\/02\/logo120.png","width":1227,"height":120,"caption":"Jornal Fatos e Not\u00edcias"},"image":{"@id":"https:\/\/jornalfatosenoticias.com.br\/#\/schema\/logo\/image\/"}},{"@type":"Person","@id":"https:\/\/jornalfatosenoticias.com.br\/#\/schema\/person\/d63837fa13ac8666eb9e74e0985d6f81","name":"Luzimara Fernandes","image":{"@type":"ImageObject","inLanguage":"pt-BR","@id":"https:\/\/jornalfatosenoticias.com.br\/#\/schema\/person\/image\/","url":"https:\/\/jornalfatosenoticias.com.br\/wp-content\/uploads\/2025\/05\/EU_portal.jpg","contentUrl":"https:\/\/jornalfatosenoticias.com.br\/wp-content\/uploads\/2025\/05\/EU_portal.jpg","caption":"Luzimara Fernandes"},"description":"Jornalista MTB 2358-ES","sameAs":["https:\/\/jornalfatosenoticias.com.br"],"url":"https:\/\/jornalfatosenoticias.com.br\/index.php\/author\/luzimara\/"}]}},"cc_featured_image_caption":{"caption_text":"(Foto: Bruno Peres\/Ag\u00eancia Brasil)","source_text":"","source_url":""},"jetpack_featured_media_url":"https:\/\/jornalfatosenoticias.com.br\/wp-content\/uploads\/2025\/04\/carlos-lupi.jpg","_links":{"self":[{"href":"https:\/\/jornalfatosenoticias.com.br\/index.php\/wp-json\/wp\/v2\/posts\/58850","targetHints":{"allow":["GET"]}}],"collection":[{"href":"https:\/\/jornalfatosenoticias.com.br\/index.php\/wp-json\/wp\/v2\/posts"}],"about":[{"href":"https:\/\/jornalfatosenoticias.com.br\/index.php\/wp-json\/wp\/v2\/types\/post"}],"author":[{"embeddable":true,"href":"https:\/\/jornalfatosenoticias.com.br\/index.php\/wp-json\/wp\/v2\/users\/2"}],"replies":[{"embeddable":true,"href":"https:\/\/jornalfatosenoticias.com.br\/index.php\/wp-json\/wp\/v2\/comments?post=58850"}],"version-history":[{"count":0,"href":"https:\/\/jornalfatosenoticias.com.br\/index.php\/wp-json\/wp\/v2\/posts\/58850\/revisions"}],"wp:featuredmedia":[{"embeddable":true,"href":"https:\/\/jornalfatosenoticias.com.br\/index.php\/wp-json\/wp\/v2\/media\/58851"}],"wp:attachment":[{"href":"https:\/\/jornalfatosenoticias.com.br\/index.php\/wp-json\/wp\/v2\/media?parent=58850"}],"wp:term":[{"taxonomy":"category","embeddable":true,"href":"https:\/\/jornalfatosenoticias.com.br\/index.php\/wp-json\/wp\/v2\/categories?post=58850"},{"taxonomy":"post_tag","embeddable":true,"href":"https:\/\/jornalfatosenoticias.com.br\/index.php\/wp-json\/wp\/v2\/tags?post=58850"}],"curies":[{"name":"wp","href":"https:\/\/api.w.org\/{rel}","templated":true}]}}