{"id":58856,"date":"2025-04-30T11:09:18","date_gmt":"2025-04-30T14:09:18","guid":{"rendered":"https:\/\/jornalfatosenoticias.com.br\/?p=58856"},"modified":"2025-04-30T11:09:19","modified_gmt":"2025-04-30T14:09:19","slug":"pdt-ameaca-deixar-governo-e-lula-banca-carlos-lupi-apos-fraudes-no-inss","status":"publish","type":"post","link":"https:\/\/jornalfatosenoticias.com.br\/index.php\/2025\/04\/30\/pdt-ameaca-deixar-governo-e-lula-banca-carlos-lupi-apos-fraudes-no-inss\/","title":{"rendered":"PDT amea\u00e7a deixar governo e Lula banca Carlos Lupi ap\u00f3s fraudes no INSS&nbsp;"},"content":{"rendered":"\n<p><em><span class=\"has-inline-color has-black-color\">Lula e o ministro da Previd\u00eancia, Carlos Lupi<\/span><\/em><\/p>\n\n\n\n<p><span class=\"has-inline-color has-black-color\">Por <strong><a href=\"https:\/\/www.gazetadopovo.com.br\/autor\/wesley-oliveira\/\" rel=\"nofollow\">Wesley Oliveira<\/a><\/strong><\/span><\/p>\n\n\n\n<div class=\"wp-block-image\"><figure class=\"aligncenter size-large\"><a href=\"https:\/\/mizu.com.br\/\"><img loading=\"lazy\" decoding=\"async\" width=\"729\" height=\"90\" src=\"https:\/\/jornalfatosenoticias.com.br\/wp-content\/uploads\/2020\/02\/Logo_Mizu.png\" alt=\"\" class=\"wp-image-1441\" srcset=\"https:\/\/jornalfatosenoticias.com.br\/wp-content\/uploads\/2020\/02\/Logo_Mizu.png 729w, https:\/\/jornalfatosenoticias.com.br\/wp-content\/uploads\/2020\/02\/Logo_Mizu-300x37.png 300w\" sizes=\"auto, (max-width: 729px) 100vw, 729px\" \/><\/a><\/figure><\/div>\n\n\n\n<p>A bancada do PDT, com 17 deputados, iniciou uma opera\u00e7\u00e3o para tentar proteger o ministro Carlos Lupi, no Minist\u00e9rio da Previd\u00eancia, pressionando Luiz In\u00e1cio Lula da Silva (PT) a n\u00e3o demiti-lo. O partido amea\u00e7a deixar a base do governo se Lupi n\u00e3o for mantido. A movimenta\u00e7\u00e3o acontece em meio ao esc\u00e2ndalo sobre os descontos bilion\u00e1rios e irregulares nas contas de aposentados e pensionistas do Instituto Nacional do Seguro Social (INSS) e que pode virar alvo de uma Comiss\u00e3o Parlamentar de Inqu\u00e9rito (CPI) na C\u00e2mara dos Deputados.&nbsp;<br>As fraudes foram reveladas no \u00faltimo dia 23, ap\u00f3s uma opera\u00e7\u00e3o deflagrada pela Pol\u00edcia Federal, que colocou Lupi e o governo Lula no centro da crise. A suspeita \u00e9 de que as fraudes possam chegar a R$ 6,5 bilh\u00f5es entre 2019 e 2024. Elas teriam ocorrido por meio de descontos associativos, possivelmente feitos sem autoriza\u00e7\u00e3o dos aposentados e pensionistas.&nbsp;<\/p>\n\n\n\n<div class=\"wp-block-image\"><figure class=\"aligncenter size-large is-resized\"><a href=\"https:\/\/www.facebook.com\/postobkr\/?locale=pt_BR\"><img loading=\"lazy\" decoding=\"async\" src=\"https:\/\/jornalfatosenoticias.com.br\/wp-content\/uploads\/2023\/08\/BKR-1024x1021.jpg\" alt=\"\" class=\"wp-image-44494\" width=\"304\" height=\"303\" srcset=\"https:\/\/jornalfatosenoticias.com.br\/wp-content\/uploads\/2023\/08\/BKR-1024x1021.jpg 1024w, https:\/\/jornalfatosenoticias.com.br\/wp-content\/uploads\/2023\/08\/BKR-300x300.jpg 300w, https:\/\/jornalfatosenoticias.com.br\/wp-content\/uploads\/2023\/08\/BKR-150x150.jpg 150w, https:\/\/jornalfatosenoticias.com.br\/wp-content\/uploads\/2023\/08\/BKR-768x766.jpg 768w, https:\/\/jornalfatosenoticias.com.br\/wp-content\/uploads\/2023\/08\/BKR.jpg 1080w\" sizes=\"auto, (max-width: 304px) 100vw, 304px\" \/><\/a><\/figure><\/div>\n\n\n\n<p>A opera\u00e7\u00e3o levou ao bloqueio de bens na ordem de R$ 1 bilh\u00e3o de sindicatos e associa\u00e7\u00f5es e o afastamento com posterior demiss\u00e3o do presidente do INSS, Alessandro Stefanutto. Lupi, no entanto, chegou a defender a perman\u00eancia do executivo, mas foi desautorizado por Lula, que determinou a demiss\u00e3o no mesmo dia.\u00a0<\/p>\n\n\n\n<div class=\"wp-block-image\"><figure class=\"aligncenter size-large is-resized\"><a href=\"https:\/\/hotelmarquetti.com.br\/\"><img loading=\"lazy\" decoding=\"async\" src=\"https:\/\/jornalfatosenoticias.com.br\/wp-content\/uploads\/2020\/02\/LOGO-MQ-1024x680.jpg\" alt=\"\" class=\"wp-image-58299\" width=\"340\" height=\"226\" srcset=\"https:\/\/jornalfatosenoticias.com.br\/wp-content\/uploads\/2020\/02\/LOGO-MQ-1024x680.jpg 1024w, https:\/\/jornalfatosenoticias.com.br\/wp-content\/uploads\/2020\/02\/LOGO-MQ-300x199.jpg 300w, https:\/\/jornalfatosenoticias.com.br\/wp-content\/uploads\/2020\/02\/LOGO-MQ-768x510.jpg 768w, https:\/\/jornalfatosenoticias.com.br\/wp-content\/uploads\/2020\/02\/LOGO-MQ-1536x1020.jpg 1536w, https:\/\/jornalfatosenoticias.com.br\/wp-content\/uploads\/2020\/02\/LOGO-MQ-2048x1360.jpg 2048w\" sizes=\"auto, (max-width: 340px) 100vw, 340px\" \/><\/a><\/figure><\/div>\n\n\n\n<p>Desde ent\u00e3o, o ministro da Previd\u00eancia passou a ser alvo de press\u00e3o para que tamb\u00e9m pedisse demiss\u00e3o, como forma de reduzir a crise para o Pal\u00e1cio do Planalto. Ele compareceu nesta ter\u00e7a-feira na Comiss\u00e3o de Previd\u00eancia da C\u00e2mara, onde foi pressionado pela oposi\u00e7\u00e3o a pedir demiss\u00e3o.<\/p>\n\n\n\n<blockquote class=\"wp-block-quote is-layout-flow wp-block-quote-is-layout-flow\"><p><span class=\"has-inline-color has-luminous-vivid-orange-color\">A \u00fanica coisa que poderia acontecer se esse pa\u00eds fosse mais s\u00e9rio \u00e9 a demiss\u00e3o ou o pedido de demiss\u00e3o do ministro Carlos Lupi&#8221;, disse o deputado Marcel Van Hatten, l\u00edder do Novo na C\u00e2mara.<\/span><\/p><\/blockquote>\n\n\n\n<div class=\"wp-block-image\"><figure class=\"aligncenter size-large is-resized\"><a href=\"https:\/\/www.instagram.com\/esteiochurrascaria\/\"><img loading=\"lazy\" decoding=\"async\" src=\"https:\/\/jornalfatosenoticias.com.br\/wp-content\/uploads\/2022\/02\/LOGO-ESTEIO-1024x730.png\" alt=\"\" class=\"wp-image-27942\" width=\"348\" height=\"248\" srcset=\"https:\/\/jornalfatosenoticias.com.br\/wp-content\/uploads\/2022\/02\/LOGO-ESTEIO-1024x730.png 1024w, https:\/\/jornalfatosenoticias.com.br\/wp-content\/uploads\/2022\/02\/LOGO-ESTEIO-300x214.png 300w, https:\/\/jornalfatosenoticias.com.br\/wp-content\/uploads\/2022\/02\/LOGO-ESTEIO-768x548.png 768w, https:\/\/jornalfatosenoticias.com.br\/wp-content\/uploads\/2022\/02\/LOGO-ESTEIO.png 1123w\" sizes=\"auto, (max-width: 348px) 100vw, 348px\" \/><\/a><\/figure><\/div>\n\n\n\n<p>A audi\u00eancia teve bate-boca entre governistas e opositores. Lupi se defendeu e disse que agora \u00e9 favor\u00e1vel a uma mudan\u00e7a de lei para que sindicatos e associa\u00e7\u00f5es n\u00e3o possam mais receber contribui\u00e7\u00f5es de aposentados descontadas diretamente da folha de pagamento do INSS. Lula chegou a se reunir com outros ministros do n\u00facleo pol\u00edtico ao longo dos \u00faltimos dias para discutir tamb\u00e9m sobre a perman\u00eancia e situa\u00e7\u00e3o de Lupi no governo.\u00a0<\/p>\n\n\n\n<div class=\"wp-block-image\"><figure class=\"aligncenter size-large is-resized\"><a href=\"https:\/\/www.controlsystems.com.br\/\"><img loading=\"lazy\" decoding=\"async\" src=\"https:\/\/jornalfatosenoticias.com.br\/wp-content\/uploads\/2020\/02\/CONTROL-CS.jpg\" alt=\"\" class=\"wp-image-44991\" width=\"260\" height=\"312\" srcset=\"https:\/\/jornalfatosenoticias.com.br\/wp-content\/uploads\/2020\/02\/CONTROL-CS.jpg 834w, https:\/\/jornalfatosenoticias.com.br\/wp-content\/uploads\/2020\/02\/CONTROL-CS-250x300.jpg 250w, https:\/\/jornalfatosenoticias.com.br\/wp-content\/uploads\/2020\/02\/CONTROL-CS-768x921.jpg 768w\" sizes=\"auto, (max-width: 260px) 100vw, 260px\" \/><\/a><\/figure><\/div>\n\n\n\n<p>Aos seus interlocutores, o petista tem sinalizado que vai bancar o ministro neste primeiro momento, pois as investiga\u00e7\u00f5es ainda n\u00e3o teriam revelado nada concreto especificamente contra o ministro. Assessores do Planalto ressaltam ainda que n\u00e3o h\u00e1 investiga\u00e7\u00e3o formal contra Lupi e que Lula deve ter uma nova conversa o chefe da pasta da Previd\u00eancia Social nos pr\u00f3ximos dias.\u00a0No domingo (27), em entrevista ao jornal O Globo, Lupi admitiu publicamente que que tinha conhecimento das den\u00fancias pelos descontos irregulares na conta dos aposentados. A pasta comandada por Lupi teria sido informada em 2023 sobre as suspeitas de irregularidades no INSS em uma reuni\u00e3o por Tonia Galleti, ex-integrante do Conselho Nacional de Previd\u00eancia Social.<\/p>\n\n\n\n<div class=\"wp-block-image\"><figure class=\"aligncenter size-large is-resized\"><a href=\"https:\/\/panper.com.br\/\"><img loading=\"lazy\" decoding=\"async\" src=\"https:\/\/jornalfatosenoticias.com.br\/wp-content\/uploads\/2023\/03\/logo-Panper_portal.jpg\" alt=\"\" class=\"wp-image-40208\" width=\"302\" height=\"209\" srcset=\"https:\/\/jornalfatosenoticias.com.br\/wp-content\/uploads\/2023\/03\/logo-Panper_portal.jpg 400w, https:\/\/jornalfatosenoticias.com.br\/wp-content\/uploads\/2023\/03\/logo-Panper_portal-300x208.jpg 300w\" sizes=\"auto, (max-width: 302px) 100vw, 302px\" \/><\/a><\/figure><\/div>\n\n\n\n<p>Lupi argumentou nesta ter\u00e7a-feira (29), em audi\u00eancia na C\u00e2mara, que em 2023 foi informado apenas verbalmente pela ex-conselheira e n\u00e3o determinou a realiza\u00e7\u00e3o de uma investiga\u00e7\u00e3o porque ela n\u00e3o formalizou a den\u00fancia em um documento. &#8220;Foi uma fala, n\u00e3o foi apresentado um fato&#8221;, disse. O ministro tamb\u00e9m tentou desqualificar uma investiga\u00e7\u00e3o da Controladoria-Geral da Uni\u00e3o que analisou 1.300 casos suspeitos de repasses do INSS a associa\u00e7\u00f5es e descobriu fraudes em 97% deles. Segundo Lupi, a amostra \u00e9 muito pequena porque o universo total de repasses abrange entre seis e sete milh\u00f5es de aposentados. Ele argumentou que uma investiga\u00e7\u00e3o completa \u00e9 demorada.<\/p>\n\n\n\n<div class=\"wp-block-image\"><figure class=\"aligncenter size-large is-resized\"><a href=\"https:\/\/www.instagram.com\/serra4x4cambioautomatico\/\"><img loading=\"lazy\" decoding=\"async\" src=\"https:\/\/jornalfatosenoticias.com.br\/wp-content\/uploads\/2024\/08\/Serra-4x4-1-886x1024.jpg\" alt=\"\" class=\"wp-image-53632\" width=\"270\" height=\"312\" srcset=\"https:\/\/jornalfatosenoticias.com.br\/wp-content\/uploads\/2024\/08\/Serra-4x4-1-886x1024.jpg 886w, https:\/\/jornalfatosenoticias.com.br\/wp-content\/uploads\/2024\/08\/Serra-4x4-1-260x300.jpg 260w, https:\/\/jornalfatosenoticias.com.br\/wp-content\/uploads\/2024\/08\/Serra-4x4-1-768x888.jpg 768w, https:\/\/jornalfatosenoticias.com.br\/wp-content\/uploads\/2024\/08\/Serra-4x4-1.jpg 1181w\" sizes=\"auto, (max-width: 270px) 100vw, 270px\" \/><\/a><\/figure><\/div>\n\n\n\n<p><strong><span class=\"has-inline-color has-black-color\">Lula faz c\u00e1lculo pol\u00edtico para manter Lupi no Minist\u00e9rio da Previd\u00eancia\u00a0<br><\/span><\/strong>Segundo integrantes do PT ouvidos pela reportagem, a base inst\u00e1vel do governo no Congresso deixa Lula &#8220;ref\u00e9m&#8221; da manuten\u00e7\u00e3o de Lupi no cargo de ministro. Sua demiss\u00e3o seria conveniente a Lula para tentar encerrar o esc\u00e2ndalo e evitar que ele se alastre e resulte em perda de popularidade ainda maior do Presidente da Rep\u00fablica. O ministro Lupi \u00e9 presidente licenciado do PDT e exerce forte influ\u00eancia dentro do partido.<\/p>\n\n\n\n<div class=\"wp-block-image\"><figure class=\"aligncenter size-large is-resized\"><a href=\"https:\/\/www.instagram.com\/rcradiadores\/\"><img loading=\"lazy\" decoding=\"async\" src=\"https:\/\/jornalfatosenoticias.com.br\/wp-content\/uploads\/2022\/10\/RC_800x750_page-0001.jpg\" alt=\"\" class=\"wp-image-35338\" width=\"313\" height=\"294\" srcset=\"https:\/\/jornalfatosenoticias.com.br\/wp-content\/uploads\/2022\/10\/RC_800x750_page-0001.jpg 400w, https:\/\/jornalfatosenoticias.com.br\/wp-content\/uploads\/2022\/10\/RC_800x750_page-0001-300x281.jpg 300w\" sizes=\"auto, (max-width: 313px) 100vw, 313px\" \/><\/a><\/figure><\/div>\n\n\n\n<p>Apesar de ser um aliado hist\u00f3rico dos governos petistas, a rela\u00e7\u00e3o entre pedetistas e o\u00a0partido de Lula tem passado por desgastes ao longo dos \u00faltimos anos. A oposi\u00e7\u00e3o dentro do PDT acontece\u00a0principalmente na ala ligada ao grupo de Ciro Gomes no Cear\u00e1. \u00a0<\/p>\n\n\n\n<div class=\"wp-block-image\"><figure class=\"aligncenter size-large is-resized\"><a href=\"https:\/\/www.facebook.com\/vetor.vix\/\"><img loading=\"lazy\" decoding=\"async\" src=\"https:\/\/jornalfatosenoticias.com.br\/wp-content\/uploads\/2023\/09\/vetorvix1024_1.jpg\" alt=\"\" class=\"wp-image-44868\" width=\"550\" height=\"146\" srcset=\"https:\/\/jornalfatosenoticias.com.br\/wp-content\/uploads\/2023\/09\/vetorvix1024_1.jpg 1024w, https:\/\/jornalfatosenoticias.com.br\/wp-content\/uploads\/2023\/09\/vetorvix1024_1-300x80.jpg 300w, https:\/\/jornalfatosenoticias.com.br\/wp-content\/uploads\/2023\/09\/vetorvix1024_1-768x205.jpg 768w\" sizes=\"auto, (max-width: 550px) 100vw, 550px\" \/><\/a><\/figure><\/div>\n\n\n\n<p>Na disputa pela prefeitura de Fortaleza no ano passado, por exemplo, parte do PDT chegou a trabalhar pela candidatura de Andr\u00e9 Fernandes, do PL de Jair Bolsonaro, contra Evandro Leit\u00e3o (PT), no segundo turno. No governo federal, a manuten\u00e7\u00e3o de Lupi \u00e9 vista como uma forma de evitar um desembarque do PDT da base aliada na C\u00e2mara.\u00a0<\/p>\n\n\n\n<div class=\"wp-block-image\"><figure class=\"aligncenter size-large is-resized\"><a href=\"https:\/\/www.ithbrasil.com.br\/\"><img loading=\"lazy\" decoding=\"async\" src=\"https:\/\/jornalfatosenoticias.com.br\/wp-content\/uploads\/2023\/08\/ITH.jpeg\" alt=\"\" class=\"wp-image-44638\" width=\"330\" height=\"268\" srcset=\"https:\/\/jornalfatosenoticias.com.br\/wp-content\/uploads\/2023\/08\/ITH.jpeg 800w, https:\/\/jornalfatosenoticias.com.br\/wp-content\/uploads\/2023\/08\/ITH-300x244.jpeg 300w, https:\/\/jornalfatosenoticias.com.br\/wp-content\/uploads\/2023\/08\/ITH-768x624.jpeg 768w\" sizes=\"auto, (max-width: 330px) 100vw, 330px\" \/><\/a><\/figure><\/div>\n\n\n\n<p>Ao longo dos \u00faltimos dias, os pr\u00f3prios deputados pedetistas come\u00e7aram a sinalizar que a demiss\u00e3o do ministro seria tamb\u00e9m uma &#8220;demiss\u00e3o do PDT&#8221;. A crise acontece justamente depois que o Planalto teve que costurar uma nova indica\u00e7\u00e3o para o Minist\u00e9rio das Comunica\u00e7\u00f5es, depois que o deputado Pedro Lucas, do Uni\u00e3o Brasil, rejeitou ocupar a pasta no governo Lula. &#8220;Se demitir o nosso presidente Lupi, n\u00f3s queremos tamb\u00e9m sair desse compartimento pol\u00edtico, porque esse compartimento pol\u00edtico n\u00e3o trata com reciprocidade e fidelidade os seus\u201d,\u00a0disse o l\u00edder do PDT na C\u00e2mara, M\u00e1rio Heringer (MG).\u00a0<\/p>\n\n\n\n<div class=\"wp-block-image\"><figure class=\"aligncenter size-large\"><a href=\"http:\/\/www.ferrarimaquinas.com.br\/\"><img loading=\"lazy\" decoding=\"async\" width=\"300\" height=\"250\" src=\"https:\/\/jornalfatosenoticias.com.br\/wp-content\/uploads\/2022\/02\/FERRARI_MAQUINAS-E-FERRAMENTAS2.jpg\" alt=\"\" class=\"wp-image-27860\"\/><\/a><\/figure><\/div>\n\n\n\n<p>A bancada se reuniu nesta ter\u00e7a-feira (29) com Lupi, momento antes de o ministro ser ouvido pela Comiss\u00e3o de Previd\u00eancia da C\u00e2mara para prestar esclarecimentos sobre o esc\u00e2ndalo. \u201cN\u00e3o pode cair tudo na conta do ministro. Voc\u00ea vai ver que ele n\u00e3o est\u00e1 atrasado e que n\u00e3o houve leni\u00eancia\u201d, completou Heringer.\u00a0<\/p>\n\n\n\n<div class=\"wp-block-image\"><figure class=\"aligncenter size-large is-resized\"><a href=\"https:\/\/www.legisjuris.com.br\/\"><img loading=\"lazy\" decoding=\"async\" src=\"https:\/\/jornalfatosenoticias.com.br\/wp-content\/uploads\/2024\/09\/Legis-Juris-Consultoria_logo.jpg\" alt=\"\" class=\"wp-image-53915\" width=\"511\" height=\"214\" srcset=\"https:\/\/jornalfatosenoticias.com.br\/wp-content\/uploads\/2024\/09\/Legis-Juris-Consultoria_logo.jpg 969w, https:\/\/jornalfatosenoticias.com.br\/wp-content\/uploads\/2024\/09\/Legis-Juris-Consultoria_logo-300x126.jpg 300w, https:\/\/jornalfatosenoticias.com.br\/wp-content\/uploads\/2024\/09\/Legis-Juris-Consultoria_logo-768x322.jpg 768w\" sizes=\"auto, (max-width: 511px) 100vw, 511px\" \/><\/a><\/figure><\/div>\n\n\n\n<p>Integrantes da sigla avaliam reservadamente que o governo est\u00e1 &#8220;fritando&#8221; o ministro e sem um posicionamento p\u00fablico de Lula, Lupi estaria exposto, com especula\u00e7\u00f5es sobre sua demiss\u00e3o ou envolvimento no caso. &#8220;Tranquilidade total e de consci\u00eancia tranquila. O partido est\u00e1 muito unido. A grande acusa\u00e7\u00e3o que fazem comigo \u00e9 a de omiss\u00e3o, sendo que eu demiti o diretor do INSS e abrimos uma sindic\u00e2ncia para apurar as falhas&#8221;, disse Lupi ao deixar o encontro com a bancada e seguir para a audi\u00eancia na Comiss\u00e3o da Previd\u00eancia.\u00a0<\/p>\n\n\n\n<div class=\"wp-block-image\"><figure class=\"aligncenter size-large is-resized\"><a href=\"https:\/\/www.instagram.com\/gruposei\/\"><img loading=\"lazy\" decoding=\"async\" src=\"https:\/\/jornalfatosenoticias.com.br\/wp-content\/uploads\/2022\/07\/Logo-Grupo-SEI.jpg\" alt=\"\" class=\"wp-image-31973\" width=\"440\" height=\"231\" srcset=\"https:\/\/jornalfatosenoticias.com.br\/wp-content\/uploads\/2022\/07\/Logo-Grupo-SEI.jpg 713w, https:\/\/jornalfatosenoticias.com.br\/wp-content\/uploads\/2022\/07\/Logo-Grupo-SEI-300x158.jpg 300w\" sizes=\"auto, (max-width: 440px) 100vw, 440px\" \/><\/a><\/figure><\/div>\n\n\n\n<p>Enquanto mant\u00e9m Lupi no cargo, Lula e seus auxiliares buscam alternativas para evitar que a crise amplie o desgaste na popularidade do petista. O monitoramento tem sido feito pela Secretaria de Comunica\u00e7\u00e3o (Secom), que tem investido no discurso que as a\u00e7\u00f5es do governo falam por si e mostram o empenho em resolver a quest\u00e3o.\u00a0<\/p>\n\n\n\n<div class=\"wp-block-image\"><figure class=\"aligncenter size-large is-resized\"><a href=\"https:\/\/www.facebook.com\/profile.php?id=100069289606145\"><img loading=\"lazy\" decoding=\"async\" src=\"https:\/\/jornalfatosenoticias.com.br\/wp-content\/uploads\/2024\/11\/Guaitolini-Contabilidade-1024x714.jpeg\" alt=\"\" class=\"wp-image-55808\" width=\"332\" height=\"231\" srcset=\"https:\/\/jornalfatosenoticias.com.br\/wp-content\/uploads\/2024\/11\/Guaitolini-Contabilidade-1024x714.jpeg 1024w, https:\/\/jornalfatosenoticias.com.br\/wp-content\/uploads\/2024\/11\/Guaitolini-Contabilidade-300x209.jpeg 300w, https:\/\/jornalfatosenoticias.com.br\/wp-content\/uploads\/2024\/11\/Guaitolini-Contabilidade-768x535.jpeg 768w, https:\/\/jornalfatosenoticias.com.br\/wp-content\/uploads\/2024\/11\/Guaitolini-Contabilidade.jpeg 1280w\" sizes=\"auto, (max-width: 332px) 100vw, 332px\" \/><\/a><\/figure><\/div>\n\n\n\n<p><strong><span class=\"has-inline-color has-black-color\">Oposi\u00e7\u00e3o busca apoio para tentar criar CPI na C\u00e2mara<br><\/span><\/strong>Paralelamente, a oposi\u00e7\u00e3o tem buscado recolher assinaturas para instalar uma Comiss\u00e3o Parlamentar de Inqu\u00e9rito (CPI) dos Roubos dos Aposentados. Para protocolar o pedido, s\u00e3o necess\u00e1rias ao menos 171 assinaturas dos deputados e a expectativa do PL e do Novo \u00e9 chegar a este n\u00famero ainda nesta semana.\u00a0<\/p>\n\n\n\n<blockquote class=\"wp-block-quote is-layout-flow wp-block-quote-is-layout-flow\"><p><span class=\"has-inline-color has-luminous-vivid-orange-color\">Enquanto aposentados e pensionistas t\u00eam seus benef\u00edcios roubados, o governo Lula trabalha para isentar o INSS de responsabilidade e blindar sindicatos ligados ao pr\u00f3prio irm\u00e3o do presidente. N\u00e3o \u00e9 descaso. \u00c9 corrup\u00e7\u00e3o institucionalizada, t\u00edpica do projeto de poder petista. Por isso, queremos respostas e estamos buscando fechar o cerco contra a corrup\u00e7\u00e3o\u201d, disse Marcel Van Hattem. \u00a0<\/span><\/p><\/blockquote>\n\n\n\n<div class=\"wp-block-image\"><figure class=\"aligncenter size-large\"><a href=\"https:\/\/www.cesconetto.com.br\/\"><img loading=\"lazy\" decoding=\"async\" width=\"300\" height=\"250\" src=\"https:\/\/jornalfatosenoticias.com.br\/wp-content\/uploads\/2020\/02\/Banner-2.png\" alt=\"\" class=\"wp-image-43787\"\/><\/a><\/figure><\/div>\n\n\n\n<p>Apesar disso, a instala\u00e7\u00e3o efetiva do colegiado dependeria de autoriza\u00e7\u00e3o por parte do presidente da C\u00e2mara, Hugo Motta (Republicanos-PB). Em outra frente, o Novo protocolou uma representa\u00e7\u00e3o no Tribunal de Contas da Uni\u00e3o (TCU), para apurar irregularidades no Sindicato Nacional dos Pensionistas e Idosos (Sindnapi), sindicato onde Jos\u00e9 Ferreira da Silva, o Frei Chico, irm\u00e3o de Lula exerce a vice-presid\u00eancia. Esse sindicato j\u00e1 \u00e9 investigado pela Pol\u00edcia Federal por um crescimento desproporcional de associados e aumento exponencial de recebimento de verbas do INSS.<\/p>\n\n\n\n<div class=\"wp-block-image\"><figure class=\"aligncenter size-large is-resized\"><a href=\"https:\/\/www.instagram.com\/serra4x4cambioautomatico\/\"><img loading=\"lazy\" decoding=\"async\" src=\"https:\/\/jornalfatosenoticias.com.br\/wp-content\/uploads\/2024\/08\/Serra-4x4-1-886x1024.jpg\" alt=\"\" class=\"wp-image-53632\" width=\"267\" height=\"308\" srcset=\"https:\/\/jornalfatosenoticias.com.br\/wp-content\/uploads\/2024\/08\/Serra-4x4-1-886x1024.jpg 886w, https:\/\/jornalfatosenoticias.com.br\/wp-content\/uploads\/2024\/08\/Serra-4x4-1-260x300.jpg 260w, https:\/\/jornalfatosenoticias.com.br\/wp-content\/uploads\/2024\/08\/Serra-4x4-1-768x888.jpg 768w, https:\/\/jornalfatosenoticias.com.br\/wp-content\/uploads\/2024\/08\/Serra-4x4-1.jpg 1181w\" sizes=\"auto, (max-width: 267px) 100vw, 267px\" \/><\/a><\/figure><\/div>\n\n\n\n<p>Segundo a Controladoria-Geral da Uni\u00e3o (CGU), a entidade teve um aumento de 564% em receitas entre 2020 e 2024, recebendo quase 10% dos repasses totais a sindicatos em 2023 (R$ 149 milh\u00f5es). At\u00e9 o momento, apenas Milton Baptista de Souza Filho integra a lista de integrantes do Sindnapi citado nas investiga\u00e7\u00f5es.\u00a0<\/p>\n\n\n\n<div class=\"wp-block-image\"><figure class=\"aligncenter size-large is-resized\"><a href=\"https:\/\/www.instagram.com\/esteiochurrascaria\/\"><img loading=\"lazy\" decoding=\"async\" src=\"https:\/\/jornalfatosenoticias.com.br\/wp-content\/uploads\/2022\/02\/LOGO-ESTEIO-1024x730.png\" alt=\"\" class=\"wp-image-27942\" width=\"317\" height=\"226\" srcset=\"https:\/\/jornalfatosenoticias.com.br\/wp-content\/uploads\/2022\/02\/LOGO-ESTEIO-1024x730.png 1024w, https:\/\/jornalfatosenoticias.com.br\/wp-content\/uploads\/2022\/02\/LOGO-ESTEIO-300x214.png 300w, https:\/\/jornalfatosenoticias.com.br\/wp-content\/uploads\/2022\/02\/LOGO-ESTEIO-768x548.png 768w, https:\/\/jornalfatosenoticias.com.br\/wp-content\/uploads\/2022\/02\/LOGO-ESTEIO.png 1123w\" sizes=\"auto, (max-width: 317px) 100vw, 317px\" \/><\/a><\/figure><\/div>\n\n\n\n<p>&#8220;Eu espero que a Pol\u00edcia Federal investigue de fato toda a sacanagem que tem. Agora, o nosso sindicato, eu tenho que certeza que n\u00f3s n\u00e3o temos nada. Eu espero que ela investigue de fato porque t\u00eam muitas entidades por a\u00ed picaretas. Nosso sindicato j\u00e1 foi investigado, j\u00e1 foi feita auditoria e essas coisas. Estamos tranquilos&#8221;, disse o irm\u00e3o de Lula ap\u00f3s o caso ser revelado.\u00a0<\/p>\n\n\n\n<div class=\"wp-block-image\"><figure class=\"aligncenter size-large\"><a href=\"https:\/\/www.facebook.com\/vetor.vix\/\"><img loading=\"lazy\" decoding=\"async\" width=\"1024\" height=\"273\" src=\"https:\/\/jornalfatosenoticias.com.br\/wp-content\/uploads\/2023\/09\/vetorvix1024_1.jpg\" alt=\"\" class=\"wp-image-44868\" srcset=\"https:\/\/jornalfatosenoticias.com.br\/wp-content\/uploads\/2023\/09\/vetorvix1024_1.jpg 1024w, https:\/\/jornalfatosenoticias.com.br\/wp-content\/uploads\/2023\/09\/vetorvix1024_1-300x80.jpg 300w, https:\/\/jornalfatosenoticias.com.br\/wp-content\/uploads\/2023\/09\/vetorvix1024_1-768x205.jpg 768w\" sizes=\"auto, (max-width: 1024px) 100vw, 1024px\" \/><\/a><\/figure><\/div>\n\n\n\n<p><strong>Fonte: <a href=\"https:\/\/www.gazetadopovo.com.br\/republica\/pdt-ameaca-deixar-governo-e-lula-banca-carlos-lupi-apos-fraudes-no-inss\/\">Gazeta do Povo<\/a><\/strong><\/p>\n","protected":false},"excerpt":{"rendered":"<p>Lula e o ministro da Previd\u00eancia, Carlos Lupi Por Wesley Oliveira A bancada do PDT, com 17 deputados, iniciou uma opera\u00e7\u00e3o para tentar proteger o ministro Carlos Lupi, no Minist\u00e9rio da Previd\u00eancia, pressionando Luiz In\u00e1cio Lula da Silva (PT) a n\u00e3o demiti-lo. O partido amea\u00e7a deixar a base do governo se Lupi n\u00e3o for mantido. [&hellip;]<\/p>\n","protected":false},"author":2,"featured_media":58857,"comment_status":"open","ping_status":"open","sticky":false,"template":"","format":"standard","meta":{"footnotes":""},"categories":[10],"tags":[23811,26866,26867,18343,4959,2146,2127,26868],"class_list":["post-58856","post","type-post","status-publish","format-standard","has-post-thumbnail","hentry","category-politica","tag-carlos-lupi","tag-crise-dos-aposentados","tag-fraudes-no-inss","tag-governo-lula","tag-pdt","tag-policia-federal","tag-sindicato","tag-sindnapi"],"yoast_head":"<!-- This site is optimized with the Yoast SEO plugin v26.5 - https:\/\/yoast.com\/wordpress\/plugins\/seo\/ -->\n<title>PDT amea\u00e7a deixar governo e Lula banca Carlos Lupi ap\u00f3s fraudes no INSS&nbsp; - Jornal Fatos e Not\u00edcias<\/title>\n<meta name=\"robots\" content=\"index, follow, max-snippet:-1, max-image-preview:large, max-video-preview:-1\" \/>\n<link rel=\"canonical\" href=\"https:\/\/jornalfatosenoticias.com.br\/index.php\/2025\/04\/30\/pdt-ameaca-deixar-governo-e-lula-banca-carlos-lupi-apos-fraudes-no-inss\/\" \/>\n<meta property=\"og:locale\" content=\"pt_BR\" \/>\n<meta property=\"og:type\" content=\"article\" \/>\n<meta property=\"og:title\" content=\"PDT amea\u00e7a deixar governo e Lula banca Carlos Lupi ap\u00f3s fraudes no INSS&nbsp; - Jornal Fatos e Not\u00edcias\" \/>\n<meta property=\"og:description\" content=\"Lula e o ministro da Previd\u00eancia, Carlos Lupi Por Wesley Oliveira A bancada do PDT, com 17 deputados, iniciou uma opera\u00e7\u00e3o para tentar proteger o ministro Carlos Lupi, no Minist\u00e9rio da Previd\u00eancia, pressionando Luiz In\u00e1cio Lula da Silva (PT) a n\u00e3o demiti-lo. O partido amea\u00e7a deixar a base do governo se Lupi n\u00e3o for mantido. [&hellip;]\" \/>\n<meta property=\"og:url\" content=\"https:\/\/jornalfatosenoticias.com.br\/index.php\/2025\/04\/30\/pdt-ameaca-deixar-governo-e-lula-banca-carlos-lupi-apos-fraudes-no-inss\/\" \/>\n<meta property=\"og:site_name\" content=\"Jornal Fatos e Not\u00edcias\" \/>\n<meta property=\"article:published_time\" content=\"2025-04-30T14:09:18+00:00\" \/>\n<meta property=\"article:modified_time\" content=\"2025-04-30T14:09:19+00:00\" \/>\n<meta property=\"og:image\" content=\"https:\/\/jornalfatosenoticias.com.br\/wp-content\/uploads\/2025\/04\/Carlos_Lupi_INSS_Lula.jpg\" \/>\n\t<meta property=\"og:image:width\" content=\"1000\" \/>\n\t<meta property=\"og:image:height\" content=\"735\" \/>\n\t<meta property=\"og:image:type\" content=\"image\/jpeg\" \/>\n<meta name=\"author\" content=\"Luzimara Fernandes\" \/>\n<meta name=\"twitter:card\" content=\"summary_large_image\" \/>\n<meta name=\"twitter:label1\" content=\"Escrito por\" \/>\n\t<meta name=\"twitter:data1\" content=\"Luzimara Fernandes\" \/>\n\t<meta name=\"twitter:label2\" content=\"Est. tempo de leitura\" \/>\n\t<meta name=\"twitter:data2\" content=\"7 minutos\" \/>\n<script type=\"application\/ld+json\" class=\"yoast-schema-graph\">{\"@context\":\"https:\/\/schema.org\",\"@graph\":[{\"@type\":\"Article\",\"@id\":\"https:\/\/jornalfatosenoticias.com.br\/index.php\/2025\/04\/30\/pdt-ameaca-deixar-governo-e-lula-banca-carlos-lupi-apos-fraudes-no-inss\/#article\",\"isPartOf\":{\"@id\":\"https:\/\/jornalfatosenoticias.com.br\/index.php\/2025\/04\/30\/pdt-ameaca-deixar-governo-e-lula-banca-carlos-lupi-apos-fraudes-no-inss\/\"},\"author\":{\"name\":\"Luzimara Fernandes\",\"@id\":\"https:\/\/jornalfatosenoticias.com.br\/#\/schema\/person\/d63837fa13ac8666eb9e74e0985d6f81\"},\"headline\":\"PDT amea\u00e7a deixar governo e Lula banca Carlos Lupi ap\u00f3s fraudes no INSS&nbsp;\",\"datePublished\":\"2025-04-30T14:09:18+00:00\",\"dateModified\":\"2025-04-30T14:09:19+00:00\",\"mainEntityOfPage\":{\"@id\":\"https:\/\/jornalfatosenoticias.com.br\/index.php\/2025\/04\/30\/pdt-ameaca-deixar-governo-e-lula-banca-carlos-lupi-apos-fraudes-no-inss\/\"},\"wordCount\":1506,\"commentCount\":0,\"publisher\":{\"@id\":\"https:\/\/jornalfatosenoticias.com.br\/#organization\"},\"image\":{\"@id\":\"https:\/\/jornalfatosenoticias.com.br\/index.php\/2025\/04\/30\/pdt-ameaca-deixar-governo-e-lula-banca-carlos-lupi-apos-fraudes-no-inss\/#primaryimage\"},\"thumbnailUrl\":\"https:\/\/jornalfatosenoticias.com.br\/wp-content\/uploads\/2025\/04\/Carlos_Lupi_INSS_Lula.jpg\",\"keywords\":[\"Carlos Lupi\",\"crise dos aposentados\",\"fraudes no INSS\",\"governo Lula\",\"PDT\",\"Pol\u00edcia Federal\",\"sindicato\",\"Sindnapi\"],\"articleSection\":[\"Pol\u00edtica\"],\"inLanguage\":\"pt-BR\",\"potentialAction\":[{\"@type\":\"CommentAction\",\"name\":\"Comment\",\"target\":[\"https:\/\/jornalfatosenoticias.com.br\/index.php\/2025\/04\/30\/pdt-ameaca-deixar-governo-e-lula-banca-carlos-lupi-apos-fraudes-no-inss\/#respond\"]}]},{\"@type\":\"WebPage\",\"@id\":\"https:\/\/jornalfatosenoticias.com.br\/index.php\/2025\/04\/30\/pdt-ameaca-deixar-governo-e-lula-banca-carlos-lupi-apos-fraudes-no-inss\/\",\"url\":\"https:\/\/jornalfatosenoticias.com.br\/index.php\/2025\/04\/30\/pdt-ameaca-deixar-governo-e-lula-banca-carlos-lupi-apos-fraudes-no-inss\/\",\"name\":\"PDT amea\u00e7a deixar governo e Lula banca Carlos Lupi ap\u00f3s fraudes no INSS&nbsp; - Jornal Fatos e Not\u00edcias\",\"isPartOf\":{\"@id\":\"https:\/\/jornalfatosenoticias.com.br\/#website\"},\"primaryImageOfPage\":{\"@id\":\"https:\/\/jornalfatosenoticias.com.br\/index.php\/2025\/04\/30\/pdt-ameaca-deixar-governo-e-lula-banca-carlos-lupi-apos-fraudes-no-inss\/#primaryimage\"},\"image\":{\"@id\":\"https:\/\/jornalfatosenoticias.com.br\/index.php\/2025\/04\/30\/pdt-ameaca-deixar-governo-e-lula-banca-carlos-lupi-apos-fraudes-no-inss\/#primaryimage\"},\"thumbnailUrl\":\"https:\/\/jornalfatosenoticias.com.br\/wp-content\/uploads\/2025\/04\/Carlos_Lupi_INSS_Lula.jpg\",\"datePublished\":\"2025-04-30T14:09:18+00:00\",\"dateModified\":\"2025-04-30T14:09:19+00:00\",\"breadcrumb\":{\"@id\":\"https:\/\/jornalfatosenoticias.com.br\/index.php\/2025\/04\/30\/pdt-ameaca-deixar-governo-e-lula-banca-carlos-lupi-apos-fraudes-no-inss\/#breadcrumb\"},\"inLanguage\":\"pt-BR\",\"potentialAction\":[{\"@type\":\"ReadAction\",\"target\":[\"https:\/\/jornalfatosenoticias.com.br\/index.php\/2025\/04\/30\/pdt-ameaca-deixar-governo-e-lula-banca-carlos-lupi-apos-fraudes-no-inss\/\"]}]},{\"@type\":\"ImageObject\",\"inLanguage\":\"pt-BR\",\"@id\":\"https:\/\/jornalfatosenoticias.com.br\/index.php\/2025\/04\/30\/pdt-ameaca-deixar-governo-e-lula-banca-carlos-lupi-apos-fraudes-no-inss\/#primaryimage\",\"url\":\"https:\/\/jornalfatosenoticias.com.br\/wp-content\/uploads\/2025\/04\/Carlos_Lupi_INSS_Lula.jpg\",\"contentUrl\":\"https:\/\/jornalfatosenoticias.com.br\/wp-content\/uploads\/2025\/04\/Carlos_Lupi_INSS_Lula.jpg\",\"width\":1000,\"height\":735},{\"@type\":\"BreadcrumbList\",\"@id\":\"https:\/\/jornalfatosenoticias.com.br\/index.php\/2025\/04\/30\/pdt-ameaca-deixar-governo-e-lula-banca-carlos-lupi-apos-fraudes-no-inss\/#breadcrumb\",\"itemListElement\":[{\"@type\":\"ListItem\",\"position\":1,\"name\":\"In\u00edcio\",\"item\":\"https:\/\/jornalfatosenoticias.com.br\/\"},{\"@type\":\"ListItem\",\"position\":2,\"name\":\"PDT amea\u00e7a deixar governo e Lula banca Carlos Lupi ap\u00f3s fraudes no INSS&nbsp;\"}]},{\"@type\":\"WebSite\",\"@id\":\"https:\/\/jornalfatosenoticias.com.br\/#website\",\"url\":\"https:\/\/jornalfatosenoticias.com.br\/\",\"name\":\"Jornal Fatos e Not\u00edcias\",\"description\":\"Not\u00edcias em geral\",\"publisher\":{\"@id\":\"https:\/\/jornalfatosenoticias.com.br\/#organization\"},\"potentialAction\":[{\"@type\":\"SearchAction\",\"target\":{\"@type\":\"EntryPoint\",\"urlTemplate\":\"https:\/\/jornalfatosenoticias.com.br\/?s={search_term_string}\"},\"query-input\":{\"@type\":\"PropertyValueSpecification\",\"valueRequired\":true,\"valueName\":\"search_term_string\"}}],\"inLanguage\":\"pt-BR\"},{\"@type\":\"Organization\",\"@id\":\"https:\/\/jornalfatosenoticias.com.br\/#organization\",\"name\":\"Jornal Fatos e Not\u00edcias\",\"url\":\"https:\/\/jornalfatosenoticias.com.br\/\",\"logo\":{\"@type\":\"ImageObject\",\"inLanguage\":\"pt-BR\",\"@id\":\"https:\/\/jornalfatosenoticias.com.br\/#\/schema\/logo\/image\/\",\"url\":\"https:\/\/jornalfatosenoticias.com.br\/wp-content\/uploads\/2020\/02\/logo120.png\",\"contentUrl\":\"https:\/\/jornalfatosenoticias.com.br\/wp-content\/uploads\/2020\/02\/logo120.png\",\"width\":1227,\"height\":120,\"caption\":\"Jornal Fatos e Not\u00edcias\"},\"image\":{\"@id\":\"https:\/\/jornalfatosenoticias.com.br\/#\/schema\/logo\/image\/\"}},{\"@type\":\"Person\",\"@id\":\"https:\/\/jornalfatosenoticias.com.br\/#\/schema\/person\/d63837fa13ac8666eb9e74e0985d6f81\",\"name\":\"Luzimara Fernandes\",\"image\":{\"@type\":\"ImageObject\",\"inLanguage\":\"pt-BR\",\"@id\":\"https:\/\/jornalfatosenoticias.com.br\/#\/schema\/person\/image\/\",\"url\":\"https:\/\/jornalfatosenoticias.com.br\/wp-content\/uploads\/2025\/05\/EU_portal.jpg\",\"contentUrl\":\"https:\/\/jornalfatosenoticias.com.br\/wp-content\/uploads\/2025\/05\/EU_portal.jpg\",\"caption\":\"Luzimara Fernandes\"},\"description\":\"Jornalista MTB 2358-ES\",\"sameAs\":[\"https:\/\/jornalfatosenoticias.com.br\"],\"url\":\"https:\/\/jornalfatosenoticias.com.br\/index.php\/author\/luzimara\/\"}]}<\/script>\n<!-- \/ Yoast SEO plugin. -->","yoast_head_json":{"title":"PDT amea\u00e7a deixar governo e Lula banca Carlos Lupi ap\u00f3s fraudes no INSS&nbsp; - Jornal Fatos e Not\u00edcias","robots":{"index":"index","follow":"follow","max-snippet":"max-snippet:-1","max-image-preview":"max-image-preview:large","max-video-preview":"max-video-preview:-1"},"canonical":"https:\/\/jornalfatosenoticias.com.br\/index.php\/2025\/04\/30\/pdt-ameaca-deixar-governo-e-lula-banca-carlos-lupi-apos-fraudes-no-inss\/","og_locale":"pt_BR","og_type":"article","og_title":"PDT amea\u00e7a deixar governo e Lula banca Carlos Lupi ap\u00f3s fraudes no INSS&nbsp; - Jornal Fatos e Not\u00edcias","og_description":"Lula e o ministro da Previd\u00eancia, Carlos Lupi Por Wesley Oliveira A bancada do PDT, com 17 deputados, iniciou uma opera\u00e7\u00e3o para tentar proteger o ministro Carlos Lupi, no Minist\u00e9rio da Previd\u00eancia, pressionando Luiz In\u00e1cio Lula da Silva (PT) a n\u00e3o demiti-lo. O partido amea\u00e7a deixar a base do governo se Lupi n\u00e3o for mantido. [&hellip;]","og_url":"https:\/\/jornalfatosenoticias.com.br\/index.php\/2025\/04\/30\/pdt-ameaca-deixar-governo-e-lula-banca-carlos-lupi-apos-fraudes-no-inss\/","og_site_name":"Jornal Fatos e Not\u00edcias","article_published_time":"2025-04-30T14:09:18+00:00","article_modified_time":"2025-04-30T14:09:19+00:00","og_image":[{"width":1000,"height":735,"url":"https:\/\/jornalfatosenoticias.com.br\/wp-content\/uploads\/2025\/04\/Carlos_Lupi_INSS_Lula.jpg","type":"image\/jpeg"}],"author":"Luzimara Fernandes","twitter_card":"summary_large_image","twitter_misc":{"Escrito por":"Luzimara Fernandes","Est. tempo de leitura":"7 minutos"},"schema":{"@context":"https:\/\/schema.org","@graph":[{"@type":"Article","@id":"https:\/\/jornalfatosenoticias.com.br\/index.php\/2025\/04\/30\/pdt-ameaca-deixar-governo-e-lula-banca-carlos-lupi-apos-fraudes-no-inss\/#article","isPartOf":{"@id":"https:\/\/jornalfatosenoticias.com.br\/index.php\/2025\/04\/30\/pdt-ameaca-deixar-governo-e-lula-banca-carlos-lupi-apos-fraudes-no-inss\/"},"author":{"name":"Luzimara Fernandes","@id":"https:\/\/jornalfatosenoticias.com.br\/#\/schema\/person\/d63837fa13ac8666eb9e74e0985d6f81"},"headline":"PDT amea\u00e7a deixar governo e Lula banca Carlos Lupi ap\u00f3s fraudes no INSS&nbsp;","datePublished":"2025-04-30T14:09:18+00:00","dateModified":"2025-04-30T14:09:19+00:00","mainEntityOfPage":{"@id":"https:\/\/jornalfatosenoticias.com.br\/index.php\/2025\/04\/30\/pdt-ameaca-deixar-governo-e-lula-banca-carlos-lupi-apos-fraudes-no-inss\/"},"wordCount":1506,"commentCount":0,"publisher":{"@id":"https:\/\/jornalfatosenoticias.com.br\/#organization"},"image":{"@id":"https:\/\/jornalfatosenoticias.com.br\/index.php\/2025\/04\/30\/pdt-ameaca-deixar-governo-e-lula-banca-carlos-lupi-apos-fraudes-no-inss\/#primaryimage"},"thumbnailUrl":"https:\/\/jornalfatosenoticias.com.br\/wp-content\/uploads\/2025\/04\/Carlos_Lupi_INSS_Lula.jpg","keywords":["Carlos Lupi","crise dos aposentados","fraudes no INSS","governo Lula","PDT","Pol\u00edcia Federal","sindicato","Sindnapi"],"articleSection":["Pol\u00edtica"],"inLanguage":"pt-BR","potentialAction":[{"@type":"CommentAction","name":"Comment","target":["https:\/\/jornalfatosenoticias.com.br\/index.php\/2025\/04\/30\/pdt-ameaca-deixar-governo-e-lula-banca-carlos-lupi-apos-fraudes-no-inss\/#respond"]}]},{"@type":"WebPage","@id":"https:\/\/jornalfatosenoticias.com.br\/index.php\/2025\/04\/30\/pdt-ameaca-deixar-governo-e-lula-banca-carlos-lupi-apos-fraudes-no-inss\/","url":"https:\/\/jornalfatosenoticias.com.br\/index.php\/2025\/04\/30\/pdt-ameaca-deixar-governo-e-lula-banca-carlos-lupi-apos-fraudes-no-inss\/","name":"PDT amea\u00e7a deixar governo e Lula banca Carlos Lupi ap\u00f3s fraudes no INSS&nbsp; - Jornal Fatos e Not\u00edcias","isPartOf":{"@id":"https:\/\/jornalfatosenoticias.com.br\/#website"},"primaryImageOfPage":{"@id":"https:\/\/jornalfatosenoticias.com.br\/index.php\/2025\/04\/30\/pdt-ameaca-deixar-governo-e-lula-banca-carlos-lupi-apos-fraudes-no-inss\/#primaryimage"},"image":{"@id":"https:\/\/jornalfatosenoticias.com.br\/index.php\/2025\/04\/30\/pdt-ameaca-deixar-governo-e-lula-banca-carlos-lupi-apos-fraudes-no-inss\/#primaryimage"},"thumbnailUrl":"https:\/\/jornalfatosenoticias.com.br\/wp-content\/uploads\/2025\/04\/Carlos_Lupi_INSS_Lula.jpg","datePublished":"2025-04-30T14:09:18+00:00","dateModified":"2025-04-30T14:09:19+00:00","breadcrumb":{"@id":"https:\/\/jornalfatosenoticias.com.br\/index.php\/2025\/04\/30\/pdt-ameaca-deixar-governo-e-lula-banca-carlos-lupi-apos-fraudes-no-inss\/#breadcrumb"},"inLanguage":"pt-BR","potentialAction":[{"@type":"ReadAction","target":["https:\/\/jornalfatosenoticias.com.br\/index.php\/2025\/04\/30\/pdt-ameaca-deixar-governo-e-lula-banca-carlos-lupi-apos-fraudes-no-inss\/"]}]},{"@type":"ImageObject","inLanguage":"pt-BR","@id":"https:\/\/jornalfatosenoticias.com.br\/index.php\/2025\/04\/30\/pdt-ameaca-deixar-governo-e-lula-banca-carlos-lupi-apos-fraudes-no-inss\/#primaryimage","url":"https:\/\/jornalfatosenoticias.com.br\/wp-content\/uploads\/2025\/04\/Carlos_Lupi_INSS_Lula.jpg","contentUrl":"https:\/\/jornalfatosenoticias.com.br\/wp-content\/uploads\/2025\/04\/Carlos_Lupi_INSS_Lula.jpg","width":1000,"height":735},{"@type":"BreadcrumbList","@id":"https:\/\/jornalfatosenoticias.com.br\/index.php\/2025\/04\/30\/pdt-ameaca-deixar-governo-e-lula-banca-carlos-lupi-apos-fraudes-no-inss\/#breadcrumb","itemListElement":[{"@type":"ListItem","position":1,"name":"In\u00edcio","item":"https:\/\/jornalfatosenoticias.com.br\/"},{"@type":"ListItem","position":2,"name":"PDT amea\u00e7a deixar governo e Lula banca Carlos Lupi ap\u00f3s fraudes no INSS&nbsp;"}]},{"@type":"WebSite","@id":"https:\/\/jornalfatosenoticias.com.br\/#website","url":"https:\/\/jornalfatosenoticias.com.br\/","name":"Jornal Fatos e Not\u00edcias","description":"Not\u00edcias em geral","publisher":{"@id":"https:\/\/jornalfatosenoticias.com.br\/#organization"},"potentialAction":[{"@type":"SearchAction","target":{"@type":"EntryPoint","urlTemplate":"https:\/\/jornalfatosenoticias.com.br\/?s={search_term_string}"},"query-input":{"@type":"PropertyValueSpecification","valueRequired":true,"valueName":"search_term_string"}}],"inLanguage":"pt-BR"},{"@type":"Organization","@id":"https:\/\/jornalfatosenoticias.com.br\/#organization","name":"Jornal Fatos e Not\u00edcias","url":"https:\/\/jornalfatosenoticias.com.br\/","logo":{"@type":"ImageObject","inLanguage":"pt-BR","@id":"https:\/\/jornalfatosenoticias.com.br\/#\/schema\/logo\/image\/","url":"https:\/\/jornalfatosenoticias.com.br\/wp-content\/uploads\/2020\/02\/logo120.png","contentUrl":"https:\/\/jornalfatosenoticias.com.br\/wp-content\/uploads\/2020\/02\/logo120.png","width":1227,"height":120,"caption":"Jornal Fatos e Not\u00edcias"},"image":{"@id":"https:\/\/jornalfatosenoticias.com.br\/#\/schema\/logo\/image\/"}},{"@type":"Person","@id":"https:\/\/jornalfatosenoticias.com.br\/#\/schema\/person\/d63837fa13ac8666eb9e74e0985d6f81","name":"Luzimara Fernandes","image":{"@type":"ImageObject","inLanguage":"pt-BR","@id":"https:\/\/jornalfatosenoticias.com.br\/#\/schema\/person\/image\/","url":"https:\/\/jornalfatosenoticias.com.br\/wp-content\/uploads\/2025\/05\/EU_portal.jpg","contentUrl":"https:\/\/jornalfatosenoticias.com.br\/wp-content\/uploads\/2025\/05\/EU_portal.jpg","caption":"Luzimara Fernandes"},"description":"Jornalista MTB 2358-ES","sameAs":["https:\/\/jornalfatosenoticias.com.br"],"url":"https:\/\/jornalfatosenoticias.com.br\/index.php\/author\/luzimara\/"}]}},"cc_featured_image_caption":{"caption_text":"(Foto: Ricardo Stuckert\/PR)","source_text":"","source_url":""},"jetpack_featured_media_url":"https:\/\/jornalfatosenoticias.com.br\/wp-content\/uploads\/2025\/04\/Carlos_Lupi_INSS_Lula.jpg","_links":{"self":[{"href":"https:\/\/jornalfatosenoticias.com.br\/index.php\/wp-json\/wp\/v2\/posts\/58856","targetHints":{"allow":["GET"]}}],"collection":[{"href":"https:\/\/jornalfatosenoticias.com.br\/index.php\/wp-json\/wp\/v2\/posts"}],"about":[{"href":"https:\/\/jornalfatosenoticias.com.br\/index.php\/wp-json\/wp\/v2\/types\/post"}],"author":[{"embeddable":true,"href":"https:\/\/jornalfatosenoticias.com.br\/index.php\/wp-json\/wp\/v2\/users\/2"}],"replies":[{"embeddable":true,"href":"https:\/\/jornalfatosenoticias.com.br\/index.php\/wp-json\/wp\/v2\/comments?post=58856"}],"version-history":[{"count":0,"href":"https:\/\/jornalfatosenoticias.com.br\/index.php\/wp-json\/wp\/v2\/posts\/58856\/revisions"}],"wp:featuredmedia":[{"embeddable":true,"href":"https:\/\/jornalfatosenoticias.com.br\/index.php\/wp-json\/wp\/v2\/media\/58857"}],"wp:attachment":[{"href":"https:\/\/jornalfatosenoticias.com.br\/index.php\/wp-json\/wp\/v2\/media?parent=58856"}],"wp:term":[{"taxonomy":"category","embeddable":true,"href":"https:\/\/jornalfatosenoticias.com.br\/index.php\/wp-json\/wp\/v2\/categories?post=58856"},{"taxonomy":"post_tag","embeddable":true,"href":"https:\/\/jornalfatosenoticias.com.br\/index.php\/wp-json\/wp\/v2\/tags?post=58856"}],"curies":[{"name":"wp","href":"https:\/\/api.w.org\/{rel}","templated":true}]}}