{"id":58874,"date":"2025-04-30T14:07:00","date_gmt":"2025-04-30T17:07:00","guid":{"rendered":"https:\/\/jornalfatosenoticias.com.br\/?p=58874"},"modified":"2025-04-30T14:07:01","modified_gmt":"2025-04-30T17:07:01","slug":"policia-invade-casa-e-prende-pastor-no-vietna","status":"publish","type":"post","link":"https:\/\/jornalfatosenoticias.com.br\/index.php\/2025\/04\/30\/policia-invade-casa-e-prende-pastor-no-vietna\/","title":{"rendered":"Pol\u00edcia invade casa e prende pastor no Vietn\u00e3"},"content":{"rendered":"\n<p><em><span class=\"has-inline-color has-black-color\">L\u00edder crist\u00e3o \u00e9 acusado de disseminar propaganda contra o governo<\/span><\/em><\/p>\n\n\n\n<div class=\"wp-block-image\"><figure class=\"aligncenter size-large\"><a href=\"https:\/\/mizu.com.br\/\"><img loading=\"lazy\" decoding=\"async\" width=\"729\" height=\"90\" src=\"https:\/\/jornalfatosenoticias.com.br\/wp-content\/uploads\/2020\/02\/Logo_Mizu.png\" alt=\"\" class=\"wp-image-1441\" srcset=\"https:\/\/jornalfatosenoticias.com.br\/wp-content\/uploads\/2020\/02\/Logo_Mizu.png 729w, https:\/\/jornalfatosenoticias.com.br\/wp-content\/uploads\/2020\/02\/Logo_Mizu-300x37.png 300w\" sizes=\"auto, (max-width: 729px) 100vw, 729px\" \/><\/a><\/figure><\/div>\n\n\n\n<p>Nos primeiros meses de 2025, o pastor Quan* foi preso em sua casa no sul do <a href=\"https:\/\/www.portasabertas.org.br\/lista-mundial-da-perseguicao\/vietna\">Vietn\u00e3<\/a>, onde morava com seu filho Binh*. A energia el\u00e9trica foi cortada repentinamente e um homem ligou fingindo verificar o alarme de inc\u00eandio. Quando o l\u00edder crist\u00e3o abriu a porta, a pol\u00edcia invadiu a casa e o algemou sem aviso.<br>Seu filho, Binh, relembra: \u201ca pol\u00edcia me ligou e leu o mandado de pris\u00e3o acusando meu pai de disseminar propaganda antiestatal, nos termos do Artigo 117 do C\u00f3digo Penal. Disseram que ele ficaria detido por quatro meses. Tamb\u00e9m apresentaram um mandado de busca e apreens\u00e3o e confiscaram documentos, os celulares e o laptop do meu pai, bem como os meus\u201d. <\/p>\n\n\n\n<div class=\"wp-block-image\"><figure class=\"aligncenter size-large is-resized\"><a href=\"https:\/\/www.facebook.com\/postobkr\/?locale=pt_BR\"><img loading=\"lazy\" decoding=\"async\" src=\"https:\/\/jornalfatosenoticias.com.br\/wp-content\/uploads\/2023\/08\/BKR-1024x1021.jpg\" alt=\"\" class=\"wp-image-44494\" width=\"327\" height=\"326\" srcset=\"https:\/\/jornalfatosenoticias.com.br\/wp-content\/uploads\/2023\/08\/BKR-1024x1021.jpg 1024w, https:\/\/jornalfatosenoticias.com.br\/wp-content\/uploads\/2023\/08\/BKR-300x300.jpg 300w, https:\/\/jornalfatosenoticias.com.br\/wp-content\/uploads\/2023\/08\/BKR-150x150.jpg 150w, https:\/\/jornalfatosenoticias.com.br\/wp-content\/uploads\/2023\/08\/BKR-768x766.jpg 768w, https:\/\/jornalfatosenoticias.com.br\/wp-content\/uploads\/2023\/08\/BKR.jpg 1080w\" sizes=\"auto, (max-width: 327px) 100vw, 327px\" \/><\/a><\/figure><\/div>\n\n\n\n<p>Al\u00e9m disso, as autoridades revistaram outra propriedade da fam\u00edlia como parte da investiga\u00e7\u00e3o. Binh foi posteriormente intimado para interrogat\u00f3rio sobre as atividades do pai. No entanto, n\u00e3o p\u00f4de responder a nenhuma das perguntas, pois desconhecia as atividades. Por fim, foi liberado, mas a fam\u00edlia continua sob vigil\u00e2ncia rigorosa.<\/p>\n\n\n\n<div class=\"wp-block-image\"><figure class=\"aligncenter size-large is-resized\"><a href=\"https:\/\/hotelmarquetti.com.br\/\"><img loading=\"lazy\" decoding=\"async\" src=\"https:\/\/jornalfatosenoticias.com.br\/wp-content\/uploads\/2020\/02\/LOGO-MQ-1024x680.jpg\" alt=\"\" class=\"wp-image-58299\" width=\"362\" height=\"240\" srcset=\"https:\/\/jornalfatosenoticias.com.br\/wp-content\/uploads\/2020\/02\/LOGO-MQ-1024x680.jpg 1024w, https:\/\/jornalfatosenoticias.com.br\/wp-content\/uploads\/2020\/02\/LOGO-MQ-300x199.jpg 300w, https:\/\/jornalfatosenoticias.com.br\/wp-content\/uploads\/2020\/02\/LOGO-MQ-768x510.jpg 768w, https:\/\/jornalfatosenoticias.com.br\/wp-content\/uploads\/2020\/02\/LOGO-MQ-1536x1020.jpg 1536w, https:\/\/jornalfatosenoticias.com.br\/wp-content\/uploads\/2020\/02\/LOGO-MQ-2048x1360.jpg 2048w\" sizes=\"auto, (max-width: 362px) 100vw, 362px\" \/><\/a><\/figure><\/div>\n\n\n\n<p>O pastor Quan se manifesta contra viola\u00e7\u00f5es de direitos humanos, corrup\u00e7\u00e3o governamental e apropria\u00e7\u00e3o de terras sem compensa\u00e7\u00e3o justa h\u00e1 muito tempo. Ele se mostrou entusiasmado ao falar sobre liberdade religiosa, que \u00e9 frequentemente vista pelas autoridades como uma viola\u00e7\u00e3o da lei, com penas de pris\u00e3o entre sete e 20 anos. Enquanto o pastor Quan permanece na pris\u00e3o, sua fam\u00edlia e a igreja pedem ora\u00e7\u00f5es por sua seguran\u00e7a e liberta\u00e7\u00e3o.<\/p>\n\n\n\n<div class=\"wp-block-image\"><figure class=\"aligncenter size-large is-resized\"><a href=\"https:\/\/www.instagram.com\/esteiochurrascaria\/\"><img loading=\"lazy\" decoding=\"async\" src=\"https:\/\/jornalfatosenoticias.com.br\/wp-content\/uploads\/2022\/02\/LOGO-ESTEIO-1024x730.png\" alt=\"\" class=\"wp-image-27942\" width=\"330\" height=\"235\" srcset=\"https:\/\/jornalfatosenoticias.com.br\/wp-content\/uploads\/2022\/02\/LOGO-ESTEIO-1024x730.png 1024w, https:\/\/jornalfatosenoticias.com.br\/wp-content\/uploads\/2022\/02\/LOGO-ESTEIO-300x214.png 300w, https:\/\/jornalfatosenoticias.com.br\/wp-content\/uploads\/2022\/02\/LOGO-ESTEIO-768x548.png 768w, https:\/\/jornalfatosenoticias.com.br\/wp-content\/uploads\/2022\/02\/LOGO-ESTEIO.png 1123w\" sizes=\"auto, (max-width: 330px) 100vw, 330px\" \/><\/a><\/figure><\/div>\n\n\n\n<p><strong><span class=\"has-inline-color has-vivid-purple-color\">Pedidos de ora\u00e7\u00e3o<br><\/span><\/strong>\ud83d\udd39Ore pela sa\u00fade, seguran\u00e7a e paz do pastor Quan enquanto est\u00e1 na pris\u00e3o. Pe\u00e7a que ele testemunhe o amor de Jesus onde estiver. <br>\ud83d\udd39Clame para que os familiares e membros da igreja permane\u00e7am firmes na f\u00e9 e encorajados neste momento dif\u00edcil.<br>\ud83d\udd39Interceda para que as autoridades julguem o caso com justi\u00e7a e libertem o pastor vietnamita.<\/p>\n\n\n\n<div class=\"wp-block-image\"><figure class=\"aligncenter size-large is-resized\"><a href=\"https:\/\/www.instagram.com\/restaurantepegoretti\/\"><img loading=\"lazy\" decoding=\"async\" src=\"https:\/\/jornalfatosenoticias.com.br\/wp-content\/uploads\/2023\/12\/pegoretti-logo-pdf-1024x389.jpg\" alt=\"\" class=\"wp-image-47536\" width=\"511\" height=\"194\" srcset=\"https:\/\/jornalfatosenoticias.com.br\/wp-content\/uploads\/2023\/12\/pegoretti-logo-pdf-1024x389.jpg 1024w, https:\/\/jornalfatosenoticias.com.br\/wp-content\/uploads\/2023\/12\/pegoretti-logo-pdf-300x114.jpg 300w, https:\/\/jornalfatosenoticias.com.br\/wp-content\/uploads\/2023\/12\/pegoretti-logo-pdf-768x291.jpg 768w, https:\/\/jornalfatosenoticias.com.br\/wp-content\/uploads\/2023\/12\/pegoretti-logo-pdf.jpg 1120w\" sizes=\"auto, (max-width: 511px) 100vw, 511px\" \/><\/a><\/figure><\/div>\n\n\n\n<p><strong><span class=\"has-inline-color has-black-color\">*<\/span><\/strong><em><span class=\"has-inline-color has-black-color\">Os nomes foram alterados por seguran\u00e7a.<\/span><\/em><\/p>\n\n\n\n<p><strong>Fonte: <a href=\"https:\/\/portasabertas.org.br\/noticias\/cristaos-perseguidos\/policia-invade-casa-e-prende-pastor-no-vietna\">Portas Abertas<\/a><\/strong><\/p>\n","protected":false},"excerpt":{"rendered":"<p>L\u00edder crist\u00e3o \u00e9 acusado de disseminar propaganda contra o governo Nos primeiros meses de 2025, o pastor Quan* foi preso em sua casa no sul do Vietn\u00e3, onde morava com seu filho Binh*. A energia el\u00e9trica foi cortada repentinamente e um homem ligou fingindo verificar o alarme de inc\u00eandio. Quando o l\u00edder crist\u00e3o abriu a [&hellip;]<\/p>\n","protected":false},"author":2,"featured_media":58875,"comment_status":"open","ping_status":"open","sticky":false,"template":"","format":"standard","meta":{"footnotes":""},"categories":[21140],"tags":[26876,23689,14619,1354,5052],"class_list":["post-58874","post","type-post","status-publish","format-standard","has-post-thumbnail","hentry","category-religiao","tag-lider-cristao","tag-pastor","tag-perseguicao-religiosa","tag-prisao","tag-vietna"],"yoast_head":"<!-- This site is optimized with the Yoast SEO plugin v26.5 - https:\/\/yoast.com\/wordpress\/plugins\/seo\/ -->\n<title>Pol\u00edcia invade casa e prende pastor no Vietn\u00e3 - Jornal Fatos e Not\u00edcias<\/title>\n<meta name=\"robots\" content=\"index, follow, max-snippet:-1, max-image-preview:large, max-video-preview:-1\" \/>\n<link rel=\"canonical\" href=\"https:\/\/jornalfatosenoticias.com.br\/index.php\/2025\/04\/30\/policia-invade-casa-e-prende-pastor-no-vietna\/\" \/>\n<meta property=\"og:locale\" content=\"pt_BR\" \/>\n<meta property=\"og:type\" content=\"article\" \/>\n<meta property=\"og:title\" content=\"Pol\u00edcia invade casa e prende pastor no Vietn\u00e3 - Jornal Fatos e Not\u00edcias\" \/>\n<meta property=\"og:description\" content=\"L\u00edder crist\u00e3o \u00e9 acusado de disseminar propaganda contra o governo Nos primeiros meses de 2025, o pastor Quan* foi preso em sua casa no sul do Vietn\u00e3, onde morava com seu filho Binh*. A energia el\u00e9trica foi cortada repentinamente e um homem ligou fingindo verificar o alarme de inc\u00eandio. Quando o l\u00edder crist\u00e3o abriu a [&hellip;]\" \/>\n<meta property=\"og:url\" content=\"https:\/\/jornalfatosenoticias.com.br\/index.php\/2025\/04\/30\/policia-invade-casa-e-prende-pastor-no-vietna\/\" \/>\n<meta property=\"og:site_name\" content=\"Jornal Fatos e Not\u00edcias\" \/>\n<meta property=\"article:published_time\" content=\"2025-04-30T17:07:00+00:00\" \/>\n<meta property=\"article:modified_time\" content=\"2025-04-30T17:07:01+00:00\" \/>\n<meta property=\"og:image\" content=\"https:\/\/jornalfatosenoticias.com.br\/wp-content\/uploads\/2025\/04\/um-pastor-cela-de-prisao-vietna_freepik-com-ia.jpg\" \/>\n\t<meta property=\"og:image:width\" content=\"996\" \/>\n\t<meta property=\"og:image:height\" content=\"558\" \/>\n\t<meta property=\"og:image:type\" content=\"image\/jpeg\" \/>\n<meta name=\"author\" content=\"Luzimara Fernandes\" \/>\n<meta name=\"twitter:card\" content=\"summary_large_image\" \/>\n<meta name=\"twitter:label1\" content=\"Escrito por\" \/>\n\t<meta name=\"twitter:data1\" content=\"Luzimara Fernandes\" \/>\n\t<meta name=\"twitter:label2\" content=\"Est. tempo de leitura\" \/>\n\t<meta name=\"twitter:data2\" content=\"2 minutos\" \/>\n<script type=\"application\/ld+json\" class=\"yoast-schema-graph\">{\"@context\":\"https:\/\/schema.org\",\"@graph\":[{\"@type\":\"Article\",\"@id\":\"https:\/\/jornalfatosenoticias.com.br\/index.php\/2025\/04\/30\/policia-invade-casa-e-prende-pastor-no-vietna\/#article\",\"isPartOf\":{\"@id\":\"https:\/\/jornalfatosenoticias.com.br\/index.php\/2025\/04\/30\/policia-invade-casa-e-prende-pastor-no-vietna\/\"},\"author\":{\"name\":\"Luzimara Fernandes\",\"@id\":\"https:\/\/jornalfatosenoticias.com.br\/#\/schema\/person\/d63837fa13ac8666eb9e74e0985d6f81\"},\"headline\":\"Pol\u00edcia invade casa e prende pastor no Vietn\u00e3\",\"datePublished\":\"2025-04-30T17:07:00+00:00\",\"dateModified\":\"2025-04-30T17:07:01+00:00\",\"mainEntityOfPage\":{\"@id\":\"https:\/\/jornalfatosenoticias.com.br\/index.php\/2025\/04\/30\/policia-invade-casa-e-prende-pastor-no-vietna\/\"},\"wordCount\":356,\"commentCount\":0,\"publisher\":{\"@id\":\"https:\/\/jornalfatosenoticias.com.br\/#organization\"},\"image\":{\"@id\":\"https:\/\/jornalfatosenoticias.com.br\/index.php\/2025\/04\/30\/policia-invade-casa-e-prende-pastor-no-vietna\/#primaryimage\"},\"thumbnailUrl\":\"https:\/\/jornalfatosenoticias.com.br\/wp-content\/uploads\/2025\/04\/um-pastor-cela-de-prisao-vietna_freepik-com-ia.jpg\",\"keywords\":[\"l\u00edder crist\u00e3o\",\"pastor\",\"persegui\u00e7\u00e3o religiosa\",\"pris\u00e3o\",\"Vietn\u00e3\"],\"articleSection\":[\"Religi\u00e3o\"],\"inLanguage\":\"pt-BR\",\"potentialAction\":[{\"@type\":\"CommentAction\",\"name\":\"Comment\",\"target\":[\"https:\/\/jornalfatosenoticias.com.br\/index.php\/2025\/04\/30\/policia-invade-casa-e-prende-pastor-no-vietna\/#respond\"]}]},{\"@type\":\"WebPage\",\"@id\":\"https:\/\/jornalfatosenoticias.com.br\/index.php\/2025\/04\/30\/policia-invade-casa-e-prende-pastor-no-vietna\/\",\"url\":\"https:\/\/jornalfatosenoticias.com.br\/index.php\/2025\/04\/30\/policia-invade-casa-e-prende-pastor-no-vietna\/\",\"name\":\"Pol\u00edcia invade casa e prende pastor no Vietn\u00e3 - Jornal Fatos e Not\u00edcias\",\"isPartOf\":{\"@id\":\"https:\/\/jornalfatosenoticias.com.br\/#website\"},\"primaryImageOfPage\":{\"@id\":\"https:\/\/jornalfatosenoticias.com.br\/index.php\/2025\/04\/30\/policia-invade-casa-e-prende-pastor-no-vietna\/#primaryimage\"},\"image\":{\"@id\":\"https:\/\/jornalfatosenoticias.com.br\/index.php\/2025\/04\/30\/policia-invade-casa-e-prende-pastor-no-vietna\/#primaryimage\"},\"thumbnailUrl\":\"https:\/\/jornalfatosenoticias.com.br\/wp-content\/uploads\/2025\/04\/um-pastor-cela-de-prisao-vietna_freepik-com-ia.jpg\",\"datePublished\":\"2025-04-30T17:07:00+00:00\",\"dateModified\":\"2025-04-30T17:07:01+00:00\",\"breadcrumb\":{\"@id\":\"https:\/\/jornalfatosenoticias.com.br\/index.php\/2025\/04\/30\/policia-invade-casa-e-prende-pastor-no-vietna\/#breadcrumb\"},\"inLanguage\":\"pt-BR\",\"potentialAction\":[{\"@type\":\"ReadAction\",\"target\":[\"https:\/\/jornalfatosenoticias.com.br\/index.php\/2025\/04\/30\/policia-invade-casa-e-prende-pastor-no-vietna\/\"]}]},{\"@type\":\"ImageObject\",\"inLanguage\":\"pt-BR\",\"@id\":\"https:\/\/jornalfatosenoticias.com.br\/index.php\/2025\/04\/30\/policia-invade-casa-e-prende-pastor-no-vietna\/#primaryimage\",\"url\":\"https:\/\/jornalfatosenoticias.com.br\/wp-content\/uploads\/2025\/04\/um-pastor-cela-de-prisao-vietna_freepik-com-ia.jpg\",\"contentUrl\":\"https:\/\/jornalfatosenoticias.com.br\/wp-content\/uploads\/2025\/04\/um-pastor-cela-de-prisao-vietna_freepik-com-ia.jpg\",\"width\":996,\"height\":558},{\"@type\":\"BreadcrumbList\",\"@id\":\"https:\/\/jornalfatosenoticias.com.br\/index.php\/2025\/04\/30\/policia-invade-casa-e-prende-pastor-no-vietna\/#breadcrumb\",\"itemListElement\":[{\"@type\":\"ListItem\",\"position\":1,\"name\":\"In\u00edcio\",\"item\":\"https:\/\/jornalfatosenoticias.com.br\/\"},{\"@type\":\"ListItem\",\"position\":2,\"name\":\"Pol\u00edcia invade casa e prende pastor no Vietn\u00e3\"}]},{\"@type\":\"WebSite\",\"@id\":\"https:\/\/jornalfatosenoticias.com.br\/#website\",\"url\":\"https:\/\/jornalfatosenoticias.com.br\/\",\"name\":\"Jornal Fatos e Not\u00edcias\",\"description\":\"Not\u00edcias em geral\",\"publisher\":{\"@id\":\"https:\/\/jornalfatosenoticias.com.br\/#organization\"},\"potentialAction\":[{\"@type\":\"SearchAction\",\"target\":{\"@type\":\"EntryPoint\",\"urlTemplate\":\"https:\/\/jornalfatosenoticias.com.br\/?s={search_term_string}\"},\"query-input\":{\"@type\":\"PropertyValueSpecification\",\"valueRequired\":true,\"valueName\":\"search_term_string\"}}],\"inLanguage\":\"pt-BR\"},{\"@type\":\"Organization\",\"@id\":\"https:\/\/jornalfatosenoticias.com.br\/#organization\",\"name\":\"Jornal Fatos e Not\u00edcias\",\"url\":\"https:\/\/jornalfatosenoticias.com.br\/\",\"logo\":{\"@type\":\"ImageObject\",\"inLanguage\":\"pt-BR\",\"@id\":\"https:\/\/jornalfatosenoticias.com.br\/#\/schema\/logo\/image\/\",\"url\":\"https:\/\/jornalfatosenoticias.com.br\/wp-content\/uploads\/2020\/02\/logo120.png\",\"contentUrl\":\"https:\/\/jornalfatosenoticias.com.br\/wp-content\/uploads\/2020\/02\/logo120.png\",\"width\":1227,\"height\":120,\"caption\":\"Jornal Fatos e Not\u00edcias\"},\"image\":{\"@id\":\"https:\/\/jornalfatosenoticias.com.br\/#\/schema\/logo\/image\/\"}},{\"@type\":\"Person\",\"@id\":\"https:\/\/jornalfatosenoticias.com.br\/#\/schema\/person\/d63837fa13ac8666eb9e74e0985d6f81\",\"name\":\"Luzimara Fernandes\",\"image\":{\"@type\":\"ImageObject\",\"inLanguage\":\"pt-BR\",\"@id\":\"https:\/\/jornalfatosenoticias.com.br\/#\/schema\/person\/image\/\",\"url\":\"https:\/\/jornalfatosenoticias.com.br\/wp-content\/uploads\/2025\/05\/EU_portal.jpg\",\"contentUrl\":\"https:\/\/jornalfatosenoticias.com.br\/wp-content\/uploads\/2025\/05\/EU_portal.jpg\",\"caption\":\"Luzimara Fernandes\"},\"description\":\"Jornalista MTB 2358-ES\",\"sameAs\":[\"https:\/\/jornalfatosenoticias.com.br\"],\"url\":\"https:\/\/jornalfatosenoticias.com.br\/index.php\/author\/luzimara\/\"}]}<\/script>\n<!-- \/ Yoast SEO plugin. -->","yoast_head_json":{"title":"Pol\u00edcia invade casa e prende pastor no Vietn\u00e3 - Jornal Fatos e Not\u00edcias","robots":{"index":"index","follow":"follow","max-snippet":"max-snippet:-1","max-image-preview":"max-image-preview:large","max-video-preview":"max-video-preview:-1"},"canonical":"https:\/\/jornalfatosenoticias.com.br\/index.php\/2025\/04\/30\/policia-invade-casa-e-prende-pastor-no-vietna\/","og_locale":"pt_BR","og_type":"article","og_title":"Pol\u00edcia invade casa e prende pastor no Vietn\u00e3 - Jornal Fatos e Not\u00edcias","og_description":"L\u00edder crist\u00e3o \u00e9 acusado de disseminar propaganda contra o governo Nos primeiros meses de 2025, o pastor Quan* foi preso em sua casa no sul do Vietn\u00e3, onde morava com seu filho Binh*. A energia el\u00e9trica foi cortada repentinamente e um homem ligou fingindo verificar o alarme de inc\u00eandio. Quando o l\u00edder crist\u00e3o abriu a [&hellip;]","og_url":"https:\/\/jornalfatosenoticias.com.br\/index.php\/2025\/04\/30\/policia-invade-casa-e-prende-pastor-no-vietna\/","og_site_name":"Jornal Fatos e Not\u00edcias","article_published_time":"2025-04-30T17:07:00+00:00","article_modified_time":"2025-04-30T17:07:01+00:00","og_image":[{"width":996,"height":558,"url":"https:\/\/jornalfatosenoticias.com.br\/wp-content\/uploads\/2025\/04\/um-pastor-cela-de-prisao-vietna_freepik-com-ia.jpg","type":"image\/jpeg"}],"author":"Luzimara Fernandes","twitter_card":"summary_large_image","twitter_misc":{"Escrito por":"Luzimara Fernandes","Est. tempo de leitura":"2 minutos"},"schema":{"@context":"https:\/\/schema.org","@graph":[{"@type":"Article","@id":"https:\/\/jornalfatosenoticias.com.br\/index.php\/2025\/04\/30\/policia-invade-casa-e-prende-pastor-no-vietna\/#article","isPartOf":{"@id":"https:\/\/jornalfatosenoticias.com.br\/index.php\/2025\/04\/30\/policia-invade-casa-e-prende-pastor-no-vietna\/"},"author":{"name":"Luzimara Fernandes","@id":"https:\/\/jornalfatosenoticias.com.br\/#\/schema\/person\/d63837fa13ac8666eb9e74e0985d6f81"},"headline":"Pol\u00edcia invade casa e prende pastor no Vietn\u00e3","datePublished":"2025-04-30T17:07:00+00:00","dateModified":"2025-04-30T17:07:01+00:00","mainEntityOfPage":{"@id":"https:\/\/jornalfatosenoticias.com.br\/index.php\/2025\/04\/30\/policia-invade-casa-e-prende-pastor-no-vietna\/"},"wordCount":356,"commentCount":0,"publisher":{"@id":"https:\/\/jornalfatosenoticias.com.br\/#organization"},"image":{"@id":"https:\/\/jornalfatosenoticias.com.br\/index.php\/2025\/04\/30\/policia-invade-casa-e-prende-pastor-no-vietna\/#primaryimage"},"thumbnailUrl":"https:\/\/jornalfatosenoticias.com.br\/wp-content\/uploads\/2025\/04\/um-pastor-cela-de-prisao-vietna_freepik-com-ia.jpg","keywords":["l\u00edder crist\u00e3o","pastor","persegui\u00e7\u00e3o religiosa","pris\u00e3o","Vietn\u00e3"],"articleSection":["Religi\u00e3o"],"inLanguage":"pt-BR","potentialAction":[{"@type":"CommentAction","name":"Comment","target":["https:\/\/jornalfatosenoticias.com.br\/index.php\/2025\/04\/30\/policia-invade-casa-e-prende-pastor-no-vietna\/#respond"]}]},{"@type":"WebPage","@id":"https:\/\/jornalfatosenoticias.com.br\/index.php\/2025\/04\/30\/policia-invade-casa-e-prende-pastor-no-vietna\/","url":"https:\/\/jornalfatosenoticias.com.br\/index.php\/2025\/04\/30\/policia-invade-casa-e-prende-pastor-no-vietna\/","name":"Pol\u00edcia invade casa e prende pastor no Vietn\u00e3 - Jornal Fatos e Not\u00edcias","isPartOf":{"@id":"https:\/\/jornalfatosenoticias.com.br\/#website"},"primaryImageOfPage":{"@id":"https:\/\/jornalfatosenoticias.com.br\/index.php\/2025\/04\/30\/policia-invade-casa-e-prende-pastor-no-vietna\/#primaryimage"},"image":{"@id":"https:\/\/jornalfatosenoticias.com.br\/index.php\/2025\/04\/30\/policia-invade-casa-e-prende-pastor-no-vietna\/#primaryimage"},"thumbnailUrl":"https:\/\/jornalfatosenoticias.com.br\/wp-content\/uploads\/2025\/04\/um-pastor-cela-de-prisao-vietna_freepik-com-ia.jpg","datePublished":"2025-04-30T17:07:00+00:00","dateModified":"2025-04-30T17:07:01+00:00","breadcrumb":{"@id":"https:\/\/jornalfatosenoticias.com.br\/index.php\/2025\/04\/30\/policia-invade-casa-e-prende-pastor-no-vietna\/#breadcrumb"},"inLanguage":"pt-BR","potentialAction":[{"@type":"ReadAction","target":["https:\/\/jornalfatosenoticias.com.br\/index.php\/2025\/04\/30\/policia-invade-casa-e-prende-pastor-no-vietna\/"]}]},{"@type":"ImageObject","inLanguage":"pt-BR","@id":"https:\/\/jornalfatosenoticias.com.br\/index.php\/2025\/04\/30\/policia-invade-casa-e-prende-pastor-no-vietna\/#primaryimage","url":"https:\/\/jornalfatosenoticias.com.br\/wp-content\/uploads\/2025\/04\/um-pastor-cela-de-prisao-vietna_freepik-com-ia.jpg","contentUrl":"https:\/\/jornalfatosenoticias.com.br\/wp-content\/uploads\/2025\/04\/um-pastor-cela-de-prisao-vietna_freepik-com-ia.jpg","width":996,"height":558},{"@type":"BreadcrumbList","@id":"https:\/\/jornalfatosenoticias.com.br\/index.php\/2025\/04\/30\/policia-invade-casa-e-prende-pastor-no-vietna\/#breadcrumb","itemListElement":[{"@type":"ListItem","position":1,"name":"In\u00edcio","item":"https:\/\/jornalfatosenoticias.com.br\/"},{"@type":"ListItem","position":2,"name":"Pol\u00edcia invade casa e prende pastor no Vietn\u00e3"}]},{"@type":"WebSite","@id":"https:\/\/jornalfatosenoticias.com.br\/#website","url":"https:\/\/jornalfatosenoticias.com.br\/","name":"Jornal Fatos e Not\u00edcias","description":"Not\u00edcias em geral","publisher":{"@id":"https:\/\/jornalfatosenoticias.com.br\/#organization"},"potentialAction":[{"@type":"SearchAction","target":{"@type":"EntryPoint","urlTemplate":"https:\/\/jornalfatosenoticias.com.br\/?s={search_term_string}"},"query-input":{"@type":"PropertyValueSpecification","valueRequired":true,"valueName":"search_term_string"}}],"inLanguage":"pt-BR"},{"@type":"Organization","@id":"https:\/\/jornalfatosenoticias.com.br\/#organization","name":"Jornal Fatos e Not\u00edcias","url":"https:\/\/jornalfatosenoticias.com.br\/","logo":{"@type":"ImageObject","inLanguage":"pt-BR","@id":"https:\/\/jornalfatosenoticias.com.br\/#\/schema\/logo\/image\/","url":"https:\/\/jornalfatosenoticias.com.br\/wp-content\/uploads\/2020\/02\/logo120.png","contentUrl":"https:\/\/jornalfatosenoticias.com.br\/wp-content\/uploads\/2020\/02\/logo120.png","width":1227,"height":120,"caption":"Jornal Fatos e Not\u00edcias"},"image":{"@id":"https:\/\/jornalfatosenoticias.com.br\/#\/schema\/logo\/image\/"}},{"@type":"Person","@id":"https:\/\/jornalfatosenoticias.com.br\/#\/schema\/person\/d63837fa13ac8666eb9e74e0985d6f81","name":"Luzimara Fernandes","image":{"@type":"ImageObject","inLanguage":"pt-BR","@id":"https:\/\/jornalfatosenoticias.com.br\/#\/schema\/person\/image\/","url":"https:\/\/jornalfatosenoticias.com.br\/wp-content\/uploads\/2025\/05\/EU_portal.jpg","contentUrl":"https:\/\/jornalfatosenoticias.com.br\/wp-content\/uploads\/2025\/05\/EU_portal.jpg","caption":"Luzimara Fernandes"},"description":"Jornalista MTB 2358-ES","sameAs":["https:\/\/jornalfatosenoticias.com.br"],"url":"https:\/\/jornalfatosenoticias.com.br\/index.php\/author\/luzimara\/"}]}},"cc_featured_image_caption":{"caption_text":"(Foto: Freepik gerada com IA) ","source_text":"","source_url":""},"jetpack_featured_media_url":"https:\/\/jornalfatosenoticias.com.br\/wp-content\/uploads\/2025\/04\/um-pastor-cela-de-prisao-vietna_freepik-com-ia.jpg","_links":{"self":[{"href":"https:\/\/jornalfatosenoticias.com.br\/index.php\/wp-json\/wp\/v2\/posts\/58874","targetHints":{"allow":["GET"]}}],"collection":[{"href":"https:\/\/jornalfatosenoticias.com.br\/index.php\/wp-json\/wp\/v2\/posts"}],"about":[{"href":"https:\/\/jornalfatosenoticias.com.br\/index.php\/wp-json\/wp\/v2\/types\/post"}],"author":[{"embeddable":true,"href":"https:\/\/jornalfatosenoticias.com.br\/index.php\/wp-json\/wp\/v2\/users\/2"}],"replies":[{"embeddable":true,"href":"https:\/\/jornalfatosenoticias.com.br\/index.php\/wp-json\/wp\/v2\/comments?post=58874"}],"version-history":[{"count":0,"href":"https:\/\/jornalfatosenoticias.com.br\/index.php\/wp-json\/wp\/v2\/posts\/58874\/revisions"}],"wp:featuredmedia":[{"embeddable":true,"href":"https:\/\/jornalfatosenoticias.com.br\/index.php\/wp-json\/wp\/v2\/media\/58875"}],"wp:attachment":[{"href":"https:\/\/jornalfatosenoticias.com.br\/index.php\/wp-json\/wp\/v2\/media?parent=58874"}],"wp:term":[{"taxonomy":"category","embeddable":true,"href":"https:\/\/jornalfatosenoticias.com.br\/index.php\/wp-json\/wp\/v2\/categories?post=58874"},{"taxonomy":"post_tag","embeddable":true,"href":"https:\/\/jornalfatosenoticias.com.br\/index.php\/wp-json\/wp\/v2\/tags?post=58874"}],"curies":[{"name":"wp","href":"https:\/\/api.w.org\/{rel}","templated":true}]}}